{"id":4353,"date":"2026-03-30T10:26:28","date_gmt":"2026-03-30T10:26:28","guid":{"rendered":"https:\/\/www.apres-lecole.fr\/Blog\/?p=4353"},"modified":"2026-03-30T10:26:30","modified_gmt":"2026-03-30T10:26:30","slug":"organiser-temps-travail-apres-cours-lycee","status":"publish","type":"post","link":"https:\/\/www.apres-lecole.fr\/Blog\/organiser-temps-travail-apres-cours-lycee\/","title":{"rendered":"Comment organiser le temps de travail apr\u00e8s les cours pour r\u00e9ussir le lyc\u00e9e ?"},"content":{"rendered":"\n\n<div class=\"kk-star-ratings kksr-auto kksr-align-left kksr-valign-top\"\n    data-payload='{&quot;align&quot;:&quot;left&quot;,&quot;id&quot;:&quot;4353&quot;,&quot;slug&quot;:&quot;default&quot;,&quot;valign&quot;:&quot;top&quot;,&quot;ignore&quot;:&quot;&quot;,&quot;reference&quot;:&quot;auto&quot;,&quot;class&quot;:&quot;&quot;,&quot;count&quot;:&quot;1&quot;,&quot;legendonly&quot;:&quot;&quot;,&quot;readonly&quot;:&quot;&quot;,&quot;score&quot;:&quot;5&quot;,&quot;starsonly&quot;:&quot;&quot;,&quot;best&quot;:&quot;5&quot;,&quot;gap&quot;:&quot;5&quot;,&quot;greet&quot;:&quot;Rate this post&quot;,&quot;legend&quot;:&quot;5\\\/5 - (1 vote)&quot;,&quot;size&quot;:&quot;24&quot;,&quot;title&quot;:&quot;Comment organiser le temps de travail apr\u00e8s les cours pour r\u00e9ussir le lyc\u00e9e ?&quot;,&quot;width&quot;:&quot;142.5&quot;,&quot;_legend&quot;:&quot;{score}\\\/{best} - ({count} {votes})&quot;,&quot;font_factor&quot;:&quot;1.25&quot;}'>\n            \n<div class=\"kksr-stars\">\n    \n<div class=\"kksr-stars-inactive\">\n            <div class=\"kksr-star\" data-star=\"1\" style=\"padding-right: 5px\">\n            \n\n<div class=\"kksr-icon\" style=\"width: 24px; height: 24px;\"><\/div>\n        <\/div>\n            <div class=\"kksr-star\" data-star=\"2\" style=\"padding-right: 5px\">\n            \n\n<div class=\"kksr-icon\" style=\"width: 24px; height: 24px;\"><\/div>\n        <\/div>\n            <div class=\"kksr-star\" data-star=\"3\" style=\"padding-right: 5px\">\n            \n\n<div class=\"kksr-icon\" style=\"width: 24px; height: 24px;\"><\/div>\n        <\/div>\n            <div class=\"kksr-star\" data-star=\"4\" style=\"padding-right: 5px\">\n            \n\n<div class=\"kksr-icon\" style=\"width: 24px; height: 24px;\"><\/div>\n        <\/div>\n            <div class=\"kksr-star\" data-star=\"5\" style=\"padding-right: 5px\">\n            \n\n<div class=\"kksr-icon\" style=\"width: 24px; height: 24px;\"><\/div>\n        <\/div>\n    <\/div>\n    \n<div class=\"kksr-stars-active\" style=\"width: 142.5px;\">\n            <div class=\"kksr-star\" style=\"padding-right: 5px\">\n            \n\n<div class=\"kksr-icon\" style=\"width: 24px; height: 24px;\"><\/div>\n        <\/div>\n            <div class=\"kksr-star\" style=\"padding-right: 5px\">\n            \n\n<div class=\"kksr-icon\" style=\"width: 24px; height: 24px;\"><\/div>\n        <\/div>\n            <div class=\"kksr-star\" style=\"padding-right: 5px\">\n            \n\n<div class=\"kksr-icon\" style=\"width: 24px; height: 24px;\"><\/div>\n        <\/div>\n            <div class=\"kksr-star\" style=\"padding-right: 5px\">\n            \n\n<div class=\"kksr-icon\" style=\"width: 24px; height: 24px;\"><\/div>\n        <\/div>\n            <div class=\"kksr-star\" style=\"padding-right: 5px\">\n            \n\n<div class=\"kksr-icon\" style=\"width: 24px; height: 24px;\"><\/div>\n        <\/div>\n    <\/div>\n<\/div>\n                \n\n<div class=\"kksr-legend\" style=\"font-size: 19.2px;\">\n            5\/5 - (1 vote)    <\/div>\n    <\/div>\n<p>Le lyc\u00e9e, c&rsquo;est souvent l\u00e0 que tout bascule. Les cours s&rsquo;acc\u00e9l\u00e8rent, le programme s&rsquo;\u00e9paissit, et les m\u00e9thodes qui suffisaient au coll\u00e8ge ne tiennent plus. Beaucoup d&rsquo;\u00e9l\u00e8ves travaillent pourtant autant qu&rsquo;avant, mais sans progresser. La raison ? Ce n&rsquo;est pas le volume de travail qui fait la diff\u00e9rence, c&rsquo;est l&rsquo;organisation de ce travail apr\u00e8s les cours.<\/p>\n<ul>\n<li>Un lyc\u00e9en passe en moyenne 4 \u00e0 6 heures par semaine \u00e0 travailler chez lui, mais une grande partie de ce temps est mal exploit\u00e9e<\/li>\n<li>Les erreurs les plus fr\u00e9quentes : r\u00e9viser sans plan, attendre le dernier moment, tout faire dans le d\u00e9sordre<\/li>\n<li>Une bonne organisation du travail apr\u00e8s les cours am\u00e9liore les r\u00e9sultats sans forc\u00e9ment augmenter le temps pass\u00e9 \u00e0 travailler<\/li>\n<li>Pour les \u00e9l\u00e8ves qui ont du retard ou qui pr\u00e9parent le bac, les stages de <a href=\"https:\/\/cours-legendre.fr\/prepa-bac\/\">pr\u00e9paration au baccalaur\u00e9at<\/a> de Cours Legendre permettent de combler les lacunes de fa\u00e7on intensive et encadr\u00e9e<\/li>\n<\/ul>\n<p><strong>Sommaire :<\/strong> <a href=\"#erreurs\">Les erreurs qui font perdre du temps<\/a> \u00b7 <a href=\"#planning\">Construire un planning efficace<\/a> \u00b7 <a href=\"#methodes\">Les m\u00e9thodes qui fonctionnent<\/a> \u00b7 <a href=\"#matieres\">G\u00e9rer les mati\u00e8res difficiles<\/a> \u00b7 <a href=\"#stages\">Quand le travail seul ne suffit plus<\/a> \u00b7 <a href=\"#faq\">FAQ<\/a><\/p>\n<h2 id=\"erreurs\">Les erreurs qui font perdre du temps apr\u00e8s les cours<\/h2>\n<p>Avant de construire une organisation efficace, il faut identifier ce qui sabote le travail sans qu&rsquo;on s&rsquo;en rende compte. Ces erreurs sont tr\u00e8s r\u00e9pandues au lyc\u00e9e :<\/p>\n<ul>\n<li><strong>Travailler sans objectif pr\u00e9cis :<\/strong> ouvrir un cahier sans savoir exactement ce qu&rsquo;on veut avoir accompli \u00e0 la fin de la session. R\u00e9sultat : une heure pass\u00e9e \u00e0 \u00ab\u00a0r\u00e9viser\u00a0\u00bb sans rien avoir vraiment m\u00e9moris\u00e9.<\/li>\n<li><strong>Traiter toutes les mati\u00e8res de la m\u00eame fa\u00e7on :<\/strong> passer autant de temps sur une mati\u00e8re ma\u00eetris\u00e9e que sur celle o\u00f9 on est en difficult\u00e9. L&rsquo;effort doit \u00eatre inversement proportionnel \u00e0 son niveau.<\/li>\n<li><strong>Attendre d&rsquo;avoir \u00ab\u00a0la t\u00eate \u00e0 \u00e7a\u00a0\u00bb :<\/strong> les conditions id\u00e9ales n&rsquo;arrivent jamais. Le travail r\u00e9gulier, m\u00eame court, est bien plus efficace que les grosses sessions de r\u00e9vision de derni\u00e8re minute.<\/li>\n<li><strong>Recopier ses cours sans les traiter :<\/strong> la r\u00e9\u00e9criture passive ne fait pas m\u00e9moriser. C&rsquo;est une des illusions de travail les plus r\u00e9pandues au lyc\u00e9e.<\/li>\n<li><strong>Ignorer les corrections :<\/strong> un devoir rendu sans analyser les erreurs est une occasion manqu\u00e9e. Les erreurs sont les meilleurs indicateurs de ce qu&rsquo;il faut retravailler.<\/li>\n<\/ul>\n<h2 id=\"planning\">Construire un planning de travail r\u00e9aliste<\/h2>\n<p>Un bon planning n&rsquo;est pas celui qui est le plus charg\u00e9, c&rsquo;est celui qu&rsquo;on tient vraiment. Voici comment en construire un qui fonctionne :<\/p>\n<h3>\u00c9tape 1 : identifier les plages disponibles<\/h3>\n<p>Lister les jours et les heures disponibles apr\u00e8s les cours, en int\u00e9grant les contraintes r\u00e9elles : activit\u00e9s extrascolaires, temps de transport, repas, temps de d\u00e9compression n\u00e9cessaire apr\u00e8s la journ\u00e9e de cours. Un lyc\u00e9en fatigu\u00e9 qui s&rsquo;assoit \u00e0 son bureau \u00e0 18h sans avoir eu de pause ne produira rien d&rsquo;utile.<\/p>\n<h3>\u00c9tape 2 : diff\u00e9rencier les types de travail<\/h3>\n<p>Tous les travaux ne se valent pas en termes de concentration requise. Il est plus efficace de planifier les t\u00e2ches exigeantes (r\u00e9solution d&rsquo;exercices de maths, apprentissage de nouveaux concepts) en d\u00e9but de session, quand la concentration est au maximum, et de garder les t\u00e2ches plus m\u00e9caniques (recopie, organisation des fiches) pour les moments de fatigue.<\/p>\n<h3>\u00c9tape 3 : alterner les mati\u00e8res<\/h3>\n<p>Rester sur la m\u00eame mati\u00e8re pendant 3 heures d&rsquo;affil\u00e9e est contre-productif. Le cerveau sature. Alterner deux ou trois mati\u00e8res diff\u00e9rentes dans une m\u00eame session maintient la concentration et favorise une meilleure m\u00e9morisation par contraste.<\/p>\n<h3>\u00c9tape 4 : pr\u00e9voir du temps pour les r\u00e9visions de fond<\/h3>\n<p>Le travail quotidien (le\u00e7ons du jour, exercices) ne suffit pas \u00e0 pr\u00e9parer les contr\u00f4les et le bac. Il faut bloquer dans le planning des plages de r\u00e9vision de fond, ind\u00e9pendantes des devoirs du lendemain. Ces plages sont les premi\u00e8res \u00e0 dispara\u00eetre en p\u00e9riode de pression : les d\u00e9fendre dans son planning est une discipline \u00e0 part enti\u00e8re.<\/p>\n<p style=\"background:#e8f5e9;border-left:4px solid #388e3c;padding:12px 16px;margin:16px 0;\"><strong>L&rsquo;outil le plus simple :<\/strong> un tableau hebdomadaire papier affich\u00e9 au bureau, avec les cr\u00e9neaux de travail pr\u00e9-remplis. Plus visible et plus contraignant qu&rsquo;un agenda num\u00e9rique sur lequel on peut facilement tricher. Colorier les cr\u00e9neaux au fur et \u00e0 mesure qu&rsquo;ils sont tenus cr\u00e9e un effet de progression visible qui renforce la motivation.<\/p>\n<h2 id=\"methodes\">Les m\u00e9thodes de travail qui font vraiment progresser<\/h2>\n<h3>La technique Pomodoro adapt\u00e9e au lyc\u00e9e<\/h3>\n<p>25 minutes de travail intensif, 5 minutes de pause, et ainsi de suite. Apr\u00e8s 4 cycles, une pause plus longue de 15 \u00e0 20 minutes. Cette rythmique correspond bien \u00e0 la capacit\u00e9 de concentration d&rsquo;un lyc\u00e9en et \u00e9vite l&rsquo;\u00e9puisement mental. Elle oblige aussi \u00e0 commencer, ce qui est souvent le plus difficile.<\/p>\n<h3>La relecture active plut\u00f4t que passive<\/h3>\n<p>Relire son cours passivement ne m\u00e9morise pas. Le travail efficace consiste \u00e0 fermer le cours apr\u00e8s lecture et \u00e0 essayer de restituer de m\u00e9moire les points essentiels sur une feuille vierge. Ce qui ne sort pas spontan\u00e9ment indique pr\u00e9cis\u00e9ment ce qu&rsquo;il faut retravailler.<\/p>\n<h3>Les fiches de synth\u00e8se condens\u00e9es<\/h3>\n<p>Une fiche par chapitre, maximum recto-verso, avec uniquement les d\u00e9finitions cl\u00e9s, les formules, les dates importantes et les exemples types. L&rsquo;effort de condensation force \u00e0 trier l&rsquo;essentiel de l&rsquo;accessoire, ce qui est en soi un travail de m\u00e9morisation.<\/p>\n<h3>Les exercices avant les corrections<\/h3>\n<p>En maths, en physique, en SVT : ne jamais regarder la correction avant d&rsquo;avoir essay\u00e9 de r\u00e9soudre l&rsquo;exercice, m\u00eame si on bloque. Rester bloqu\u00e9 10 minutes sur un probl\u00e8me et trouver seul la solution ancre bien plus profond\u00e9ment le raisonnement que de lire la solution directement.<\/p>\n<h2 id=\"matieres\">G\u00e9rer les mati\u00e8res qui posent probl\u00e8me<\/h2>\n<p>Certaines mati\u00e8res r\u00e9sistent \u00e0 l&rsquo;organisation seule. Quand une lacune de fond s&rsquo;est install\u00e9e, travailler plus longtemps sur la m\u00eame mati\u00e8re sans m\u00e9thode ne suffit pas \u00e0 la combler. Voici les sp\u00e9cificit\u00e9s des mati\u00e8res les plus probl\u00e9matiques :<\/p>\n<h3>Les maths<\/h3>\n<p>La progression en maths est cumulative : une notion mal comprise en Seconde fragilise la Premi\u00e8re, qui fragilise la Terminale. Les lacunes se d\u00e9tectent sur les exercices types du cours, pas dans les d\u00e9finitions. Si l&rsquo;automatisme de r\u00e9solution n&rsquo;est pas acquis, il faut reprendre les exercices fondamentaux avant d&rsquo;attaquer les exercices complexes.<\/p>\n<h3>Les langues (anglais, espagnol, etc.)<\/h3>\n<p>Les langues requi\u00e8rent une exposition r\u00e9guli\u00e8re plus qu&rsquo;intensive. 15 minutes par jour de vocabulaire actif (\u00e9crire une phrase avec chaque mot appris) valent mieux que 2 heures concentr\u00e9es le dimanche soir. La production \u00e9crite et orale doit \u00eatre pratiqu\u00e9e r\u00e9guli\u00e8rement, pas seulement la compr\u00e9hension.<\/p>\n<h3>Histoire-G\u00e9ographie et Philosophie<\/h3>\n<p>Ces mati\u00e8res r\u00e9compensent la capacit\u00e9 \u00e0 construire un raisonnement structur\u00e9 et \u00e0 l&rsquo;argumenter. La technique la plus efficace : s&rsquo;entra\u00eener \u00e0 r\u00e9diger des plans d\u00e9taill\u00e9s sur des sujets type, puis \u00e0 r\u00e9diger int\u00e9gralement des introductions et des conclusions. La ma\u00eetrise de la dissertation s&rsquo;acquiert uniquement par la pratique r\u00e9p\u00e9t\u00e9e.<\/p>\n<h2 id=\"stages\">Quand le travail seul ne suffit plus : l&rsquo;option stages intensifs<\/h2>\n<p>Pour certains lyc\u00e9ens, l&rsquo;organisation personnelle ne suffit pas \u00e0 compenser des lacunes accumul\u00e9es ou \u00e0 pr\u00e9parer efficacement les \u00e9preuves du bac. Dans ces cas, un encadrement externe structur\u00e9 peut faire la diff\u00e9rence.<\/p>\n<p>Cours Legendre propose des stages intensifs de pr\u00e9paration au baccalaur\u00e9at con\u00e7us pour les \u00e9l\u00e8ves de Terminale qui ont besoin de consolider leurs bases, de retravailler les points cl\u00e9s du programme ou de s&rsquo;entra\u00eener aux \u00e9preuves dans des conditions proches de l&rsquo;examen. Ces stages, anim\u00e9s par des enseignants exp\u00e9riment\u00e9s, permettent de travailler sur les mati\u00e8res choisies de fa\u00e7on concentr\u00e9e, en groupes r\u00e9duits, avec un suivi individualis\u00e9. Ils sont particuli\u00e8rement adapt\u00e9s aux vacances scolaires, quand il est possible de d\u00e9gager plusieurs journ\u00e9es cons\u00e9cutives sans les contraintes du calendrier scolaire habituel.<\/p>\n<p>Le format stage pr\u00e9sente un avantage que le travail seul ne peut pas reproduire : l&rsquo;obligation d&rsquo;\u00eatre pr\u00e9sent, de produire en temps r\u00e9el et de recevoir un retour imm\u00e9diat sur ses erreurs. Ces trois \u00e9l\u00e9ments r\u00e9unis acc\u00e9l\u00e8rent significativement la progression par rapport \u00e0 des heures pass\u00e9es seul sur ses cours.<\/p>\n<h2 id=\"faq\">FAQ \u2014 Organisation du travail au lyc\u00e9e<\/h2>\n<dl>\n<dt><strong>Combien d&rsquo;heures de travail personnel par jour est-il raisonnable de viser au lyc\u00e9e ?<\/strong><\/dt>\n<dd>En Seconde, 1h30 \u00e0 2h par jour est un rythme raisonnable. En Premi\u00e8re, 2h \u00e0 2h30. En Terminale, 2h30 \u00e0 3h en dehors des p\u00e9riodes de r\u00e9visions intensives avant les \u00e9preuves. Ce qui compte davantage que le volume horaire, c&rsquo;est la qualit\u00e9 de la concentration pendant ces heures.<\/dd>\n<dt><strong>Comment s&rsquo;organiser quand on rentre tard du lyc\u00e9e et qu&rsquo;on est fatigu\u00e9 ?<\/strong><\/dt>\n<dd>Pr\u00e9voir syst\u00e9matiquement une pause de 20 \u00e0 30 minutes avant de commencer \u00e0 travailler : go\u00fbter, activit\u00e9 physique l\u00e9g\u00e8re, musique. Cette d\u00e9compression active est plus efficace que de plonger directement dans les cours \u00e9puis\u00e9. Ensuite, commencer par la t\u00e2che la plus courte et la plus simple pour se mettre en route.<\/dd>\n<dt><strong>Vaut-il mieux r\u00e9viser le soir ou le matin ?<\/strong><\/dt>\n<dd>Cela d\u00e9pend du chronotype de l&rsquo;\u00e9l\u00e8ve. Les \u00e9l\u00e8ves du soir seront plus efficaces apr\u00e8s 20h ; les \u00e9l\u00e8ves du matin peuvent utiliser 30 \u00e0 45 minutes avant les cours pour revoir rapidement les le\u00e7ons de la veille. L&rsquo;important est d&rsquo;identifier son propre rythme et de ne pas aller contre lui.<\/dd>\n<dt><strong>Comment g\u00e9rer les jours sans motivation ?<\/strong><\/dt>\n<dd>Ne pas attendre la motivation pour commencer. La motivation suit l&rsquo;action, elle ne la pr\u00e9c\u00e8de pas. Commencer par 10 minutes sur une t\u00e2che simple suffit souvent \u00e0 enclencher le travail. Se fixer un objectif minimal (\u00ab\u00a0je fais au moins \u00e7a\u00a0\u00bb) plut\u00f4t qu&rsquo;un objectif id\u00e9al aide \u00e0 d\u00e9marrer sans se sentir submerg\u00e9.<\/dd>\n<dt><strong>\u00c0 quel moment commencer \u00e0 pr\u00e9parer le bac de fa\u00e7on intensive ?<\/strong><\/dt>\n<dd>Id\u00e9alement d\u00e8s le d\u00e9but de la Terminale pour les r\u00e9visions de fond, et au moins 3 mois avant les premi\u00e8res \u00e9preuves pour les entra\u00eenements intensifs. Les \u00e9l\u00e8ves qui s&rsquo;y prennent trop tard manquent de temps pour travailler sur leurs lacunes profondes. Les stages de pr\u00e9paration pendant les vacances de Terminale permettent de rattraper un retard, mais ne remplacent pas un travail r\u00e9gulier tout au long de l&rsquo;ann\u00e9e.<\/dd>\n<\/dl>\n<p><script type=\"application\/ld+json\">\n{\n  \"@context\": \"https:\/\/schema.org\",\n  \"@type\": \"Article\",\n  \"headline\": \"Comment organiser le temps de travail apr\u00e8s les cours pour r\u00e9ussir le lyc\u00e9e ?\",\n  \"description\": \"Guide pratique pour organiser efficacement le travail apr\u00e8s les cours au lyc\u00e9e : erreurs \u00e0 \u00e9viter, construction d'un planning, m\u00e9thodes de r\u00e9vision et options d'accompagnement intensif pour pr\u00e9parer le bac.\",\n  \"inLanguage\": \"fr\",\n  \"datePublished\": \"2026-03-19\",\n  \"dateModified\": \"2026-03-19\"\n}\n<\/script><\/p>\n<p><script type=\"application\/ld+json\">\n{\n  \"@context\": \"https:\/\/schema.org\",\n  \"@type\": \"FAQPage\",\n  \"mainEntity\": [\n    {\n      \"@type\": \"Question\",\n      \"name\": \"Combien d'heures de travail personnel par jour au lyc\u00e9e ?\",\n      \"acceptedAnswer\": { \"@type\": \"Answer\", \"text\": \"En Seconde : 1h30 \u00e0 2h. En Premi\u00e8re : 2h \u00e0 2h30. En Terminale : 2h30 \u00e0 3h. La qualit\u00e9 de concentration compte plus que le volume horaire.\" }\n    },\n    {\n      \"@type\": \"Question\",\n      \"name\": \"Comment g\u00e9rer les jours sans motivation ?\",\n      \"acceptedAnswer\": { \"@type\": \"Answer\", \"text\": \"Ne pas attendre la motivation pour commencer. D\u00e9buter par 10 minutes sur une t\u00e2che simple suffit souvent \u00e0 enclencher le travail. Se fixer un objectif minimal plut\u00f4t qu'id\u00e9al.\" }\n    },\n    {\n      \"@type\": \"Question\",\n      \"name\": \"\u00c0 quel moment commencer \u00e0 pr\u00e9parer le bac de fa\u00e7on intensive ?\",\n      \"acceptedAnswer\": { \"@type\": \"Answer\", \"text\": \"D\u00e8s le d\u00e9but de la Terminale pour les r\u00e9visions de fond, et au moins 3 mois avant les premi\u00e8res \u00e9preuves pour les entra\u00eenements intensifs.\" }\n    }\n  ]\n}\n<\/script><\/p>\n","protected":false},"excerpt":{"rendered":"<p>Le lyc\u00e9e, c&rsquo;est souvent l\u00e0 que tout bascule. Les cours s&rsquo;acc\u00e9l\u00e8rent, le programme s&rsquo;\u00e9paissit, et les m\u00e9thodes qui suffisaient au coll\u00e8ge ne tiennent plus. Beaucoup d&rsquo;\u00e9l\u00e8ves travaillent pourtant autant qu&rsquo;avant, mais sans progresser. La raison ? Ce n&rsquo;est pas le volume de travail qui fait la diff\u00e9rence, c&rsquo;est l&rsquo;organisation de ce travail apr\u00e8s les cours. &#8230; <a title=\"Comment organiser le temps de travail apr\u00e8s les cours pour r\u00e9ussir le lyc\u00e9e ?\" class=\"read-more\" href=\"https:\/\/www.apres-lecole.fr\/Blog\/organiser-temps-travail-apres-cours-lycee\/\" aria-label=\"En savoir plus sur Comment organiser le temps de travail apr\u00e8s les cours pour r\u00e9ussir le lyc\u00e9e ?\">Lire plus<\/a><\/p>\n","protected":false},"author":9,"featured_media":4356,"comment_status":"open","ping_status":"open","sticky":false,"template":"","format":"standard","meta":{"footnotes":""},"categories":[1],"tags":[],"class_list":["post-4353","post","type-post","status-publish","format-standard","has-post-thumbnail","hentry","category-metiers-entreprise"],"yoast_head":"<!-- This site is optimized with the Yoast SEO plugin v27.5 - https:\/\/yoast.com\/product\/yoast-seo-wordpress\/ -->\n<title>Organiser son travail apr\u00e8s les cours au lyc\u00e9e : guide 2026<\/title>\n<meta name=\"description\" content=\"Comment bien organiser son temps de travail apr\u00e8s les cours pour r\u00e9ussir au lyc\u00e9e ? Planning, m\u00e9thodes de r\u00e9vision efficaces, gestion des mati\u00e8res difficiles et pr\u00e9paration au bac.\" \/>\n<meta name=\"robots\" content=\"index, follow, max-snippet:-1, max-image-preview:large, max-video-preview:-1\" \/>\n<link rel=\"canonical\" href=\"https:\/\/www.apres-lecole.fr\/Blog\/organiser-temps-travail-apres-cours-lycee\/\" \/>\n<meta property=\"og:locale\" content=\"fr_FR\" \/>\n<meta property=\"og:type\" content=\"article\" \/>\n<meta property=\"og:title\" content=\"Organiser son travail apr\u00e8s les cours au lyc\u00e9e : guide 2026\" \/>\n<meta property=\"og:description\" content=\"Comment bien organiser son temps de travail apr\u00e8s les cours pour r\u00e9ussir au lyc\u00e9e ? Planning, m\u00e9thodes de r\u00e9vision efficaces, gestion des mati\u00e8res difficiles et pr\u00e9paration au bac.\" \/>\n<meta property=\"og:url\" content=\"https:\/\/www.apres-lecole.fr\/Blog\/organiser-temps-travail-apres-cours-lycee\/\" \/>\n<meta property=\"article:published_time\" content=\"2026-03-30T10:26:28+00:00\" \/>\n<meta property=\"article:modified_time\" content=\"2026-03-30T10:26:30+00:00\" \/>\n<meta property=\"og:image\" content=\"https:\/\/www.apres-lecole.fr\/Blog\/wp-content\/uploads\/2026\/03\/ChatGPT-Image-30-mars-2026-12_26_17.jpg\" \/>\n\t<meta property=\"og:image:width\" content=\"1536\" \/>\n\t<meta property=\"og:image:height\" content=\"1024\" \/>\n\t<meta property=\"og:image:type\" content=\"image\/jpeg\" \/>\n<meta name=\"author\" content=\"Eva Martin\" \/>\n<meta name=\"twitter:card\" content=\"summary_large_image\" \/>\n<meta name=\"twitter:creator\" content=\"@Evaapresecole\" \/>\n<meta name=\"twitter:label1\" content=\"\u00c9crit par\" \/>\n\t<meta name=\"twitter:data1\" content=\"Eva Martin\" \/>\n\t<meta name=\"twitter:label2\" content=\"Dur\u00e9e de lecture estim\u00e9e\" \/>\n\t<meta name=\"twitter:data2\" content=\"9 minutes\" \/>\n<script type=\"application\/ld+json\" class=\"yoast-schema-graph\">{\"@context\":\"https:\\\/\\\/schema.org\",\"@graph\":[{\"@type\":\"Article\",\"@id\":\"https:\\\/\\\/www.apres-lecole.fr\\\/Blog\\\/organiser-temps-travail-apres-cours-lycee\\\/#article\",\"isPartOf\":{\"@id\":\"https:\\\/\\\/www.apres-lecole.fr\\\/Blog\\\/organiser-temps-travail-apres-cours-lycee\\\/\"},\"author\":{\"name\":\"Eva Martin\",\"@id\":\"https:\\\/\\\/www.apres-lecole.fr\\\/Blog\\\/#\\\/schema\\\/person\\\/aeb50cd4b51fc69da155804bb5bb9fc4\"},\"headline\":\"Comment organiser le temps de travail apr\u00e8s les cours pour r\u00e9ussir le lyc\u00e9e ?\",\"datePublished\":\"2026-03-30T10:26:28+00:00\",\"dateModified\":\"2026-03-30T10:26:30+00:00\",\"mainEntityOfPage\":{\"@id\":\"https:\\\/\\\/www.apres-lecole.fr\\\/Blog\\\/organiser-temps-travail-apres-cours-lycee\\\/\"},\"wordCount\":1797,\"commentCount\":0,\"image\":{\"@id\":\"https:\\\/\\\/www.apres-lecole.fr\\\/Blog\\\/organiser-temps-travail-apres-cours-lycee\\\/#primaryimage\"},\"thumbnailUrl\":\"https:\\\/\\\/www.apres-lecole.fr\\\/Blog\\\/wp-content\\\/uploads\\\/2026\\\/03\\\/comment-organiser-le-temps-de-travail-apres-les-cours-pour-reussir-le-lycee.jpg\",\"articleSection\":[\"M\u00e9tiers &amp; Entreprise\"],\"inLanguage\":\"fr-FR\",\"potentialAction\":[{\"@type\":\"CommentAction\",\"name\":\"Comment\",\"target\":[\"https:\\\/\\\/www.apres-lecole.fr\\\/Blog\\\/organiser-temps-travail-apres-cours-lycee\\\/#respond\"]}]},{\"@type\":\"WebPage\",\"@id\":\"https:\\\/\\\/www.apres-lecole.fr\\\/Blog\\\/organiser-temps-travail-apres-cours-lycee\\\/\",\"url\":\"https:\\\/\\\/www.apres-lecole.fr\\\/Blog\\\/organiser-temps-travail-apres-cours-lycee\\\/\",\"name\":\"Organiser son travail apr\u00e8s les cours au lyc\u00e9e : guide 2026\",\"isPartOf\":{\"@id\":\"https:\\\/\\\/www.apres-lecole.fr\\\/Blog\\\/#website\"},\"primaryImageOfPage\":{\"@id\":\"https:\\\/\\\/www.apres-lecole.fr\\\/Blog\\\/organiser-temps-travail-apres-cours-lycee\\\/#primaryimage\"},\"image\":{\"@id\":\"https:\\\/\\\/www.apres-lecole.fr\\\/Blog\\\/organiser-temps-travail-apres-cours-lycee\\\/#primaryimage\"},\"thumbnailUrl\":\"https:\\\/\\\/www.apres-lecole.fr\\\/Blog\\\/wp-content\\\/uploads\\\/2026\\\/03\\\/comment-organiser-le-temps-de-travail-apres-les-cours-pour-reussir-le-lycee.jpg\",\"datePublished\":\"2026-03-30T10:26:28+00:00\",\"dateModified\":\"2026-03-30T10:26:30+00:00\",\"author\":{\"@id\":\"https:\\\/\\\/www.apres-lecole.fr\\\/Blog\\\/#\\\/schema\\\/person\\\/aeb50cd4b51fc69da155804bb5bb9fc4\"},\"description\":\"Comment bien organiser son temps de travail apr\u00e8s les cours pour r\u00e9ussir au lyc\u00e9e ? Planning, m\u00e9thodes de r\u00e9vision efficaces, gestion des mati\u00e8res difficiles et pr\u00e9paration au bac.\",\"breadcrumb\":{\"@id\":\"https:\\\/\\\/www.apres-lecole.fr\\\/Blog\\\/organiser-temps-travail-apres-cours-lycee\\\/#breadcrumb\"},\"inLanguage\":\"fr-FR\",\"potentialAction\":[{\"@type\":\"ReadAction\",\"target\":[\"https:\\\/\\\/www.apres-lecole.fr\\\/Blog\\\/organiser-temps-travail-apres-cours-lycee\\\/\"]}]},{\"@type\":\"ImageObject\",\"inLanguage\":\"fr-FR\",\"@id\":\"https:\\\/\\\/www.apres-lecole.fr\\\/Blog\\\/organiser-temps-travail-apres-cours-lycee\\\/#primaryimage\",\"url\":\"https:\\\/\\\/www.apres-lecole.fr\\\/Blog\\\/wp-content\\\/uploads\\\/2026\\\/03\\\/comment-organiser-le-temps-de-travail-apres-les-cours-pour-reussir-le-lycee.jpg\",\"contentUrl\":\"https:\\\/\\\/www.apres-lecole.fr\\\/Blog\\\/wp-content\\\/uploads\\\/2026\\\/03\\\/comment-organiser-le-temps-de-travail-apres-les-cours-pour-reussir-le-lycee.jpg\",\"width\":2560,\"height\":1429,\"caption\":\"Comment organiser le temps de travail apr\u00e8s les cours pour r\u00e9ussir le lyc\u00e9e ?\"},{\"@type\":\"BreadcrumbList\",\"@id\":\"https:\\\/\\\/www.apres-lecole.fr\\\/Blog\\\/organiser-temps-travail-apres-cours-lycee\\\/#breadcrumb\",\"itemListElement\":[{\"@type\":\"ListItem\",\"position\":1,\"name\":\"Home\",\"item\":\"https:\\\/\\\/www.apres-lecole.fr\\\/Blog\\\/\"},{\"@type\":\"ListItem\",\"position\":2,\"name\":\"Comment organiser le temps de travail apr\u00e8s les cours pour r\u00e9ussir le lyc\u00e9e ?\"}]},{\"@type\":\"WebSite\",\"@id\":\"https:\\\/\\\/www.apres-lecole.fr\\\/Blog\\\/#website\",\"url\":\"https:\\\/\\\/www.apres-lecole.fr\\\/Blog\\\/\",\"name\":\"\",\"description\":\"M\u00e9dia g\u00e9n\u00e9raliste\",\"potentialAction\":[{\"@type\":\"SearchAction\",\"target\":{\"@type\":\"EntryPoint\",\"urlTemplate\":\"https:\\\/\\\/www.apres-lecole.fr\\\/Blog\\\/?s={search_term_string}\"},\"query-input\":{\"@type\":\"PropertyValueSpecification\",\"valueRequired\":true,\"valueName\":\"search_term_string\"}}],\"inLanguage\":\"fr-FR\"},{\"@type\":\"Person\",\"@id\":\"https:\\\/\\\/www.apres-lecole.fr\\\/Blog\\\/#\\\/schema\\\/person\\\/aeb50cd4b51fc69da155804bb5bb9fc4\",\"name\":\"Eva Martin\",\"image\":{\"@type\":\"ImageObject\",\"inLanguage\":\"fr-FR\",\"@id\":\"https:\\\/\\\/secure.gravatar.com\\\/avatar\\\/55c53222558b27a72015a64073a80edce4abd33369394b9bf2c5cd6c19d12682?s=96&d=mm&r=g\",\"url\":\"https:\\\/\\\/secure.gravatar.com\\\/avatar\\\/55c53222558b27a72015a64073a80edce4abd33369394b9bf2c5cd6c19d12682?s=96&d=mm&r=g\",\"contentUrl\":\"https:\\\/\\\/secure.gravatar.com\\\/avatar\\\/55c53222558b27a72015a64073a80edce4abd33369394b9bf2c5cd6c19d12682?s=96&d=mm&r=g\",\"caption\":\"Eva Martin\"},\"description\":\"Je parle de business et d'entrepreneuriat avec des conseils clairs, concrets et actionnables pour r\u00e9ussir\",\"sameAs\":[\"https:\\\/\\\/x.com\\\/Evaapresecole\"],\"url\":\"https:\\\/\\\/www.apres-lecole.fr\\\/Blog\\\/author\\\/evamartin\\\/\"}]}<\/script>\n<!-- \/ Yoast SEO plugin. -->","yoast_head_json":{"title":"Organiser son travail apr\u00e8s les cours au lyc\u00e9e : guide 2026","description":"Comment bien organiser son temps de travail apr\u00e8s les cours pour r\u00e9ussir au lyc\u00e9e ? Planning, m\u00e9thodes de r\u00e9vision efficaces, gestion des mati\u00e8res difficiles et pr\u00e9paration au bac.","robots":{"index":"index","follow":"follow","max-snippet":"max-snippet:-1","max-image-preview":"max-image-preview:large","max-video-preview":"max-video-preview:-1"},"canonical":"https:\/\/www.apres-lecole.fr\/Blog\/organiser-temps-travail-apres-cours-lycee\/","og_locale":"fr_FR","og_type":"article","og_title":"Organiser son travail apr\u00e8s les cours au lyc\u00e9e : guide 2026","og_description":"Comment bien organiser son temps de travail apr\u00e8s les cours pour r\u00e9ussir au lyc\u00e9e ? Planning, m\u00e9thodes de r\u00e9vision efficaces, gestion des mati\u00e8res difficiles et pr\u00e9paration au bac.","og_url":"https:\/\/www.apres-lecole.fr\/Blog\/organiser-temps-travail-apres-cours-lycee\/","article_published_time":"2026-03-30T10:26:28+00:00","article_modified_time":"2026-03-30T10:26:30+00:00","og_image":[{"width":1536,"height":1024,"url":"https:\/\/www.apres-lecole.fr\/Blog\/wp-content\/uploads\/2026\/03\/ChatGPT-Image-30-mars-2026-12_26_17.jpg","type":"image\/jpeg"}],"author":"Eva Martin","twitter_card":"summary_large_image","twitter_creator":"@Evaapresecole","twitter_misc":{"\u00c9crit par":"Eva Martin","Dur\u00e9e de lecture estim\u00e9e":"9 minutes"},"schema":{"@context":"https:\/\/schema.org","@graph":[{"@type":"Article","@id":"https:\/\/www.apres-lecole.fr\/Blog\/organiser-temps-travail-apres-cours-lycee\/#article","isPartOf":{"@id":"https:\/\/www.apres-lecole.fr\/Blog\/organiser-temps-travail-apres-cours-lycee\/"},"author":{"name":"Eva Martin","@id":"https:\/\/www.apres-lecole.fr\/Blog\/#\/schema\/person\/aeb50cd4b51fc69da155804bb5bb9fc4"},"headline":"Comment organiser le temps de travail apr\u00e8s les cours pour r\u00e9ussir le lyc\u00e9e ?","datePublished":"2026-03-30T10:26:28+00:00","dateModified":"2026-03-30T10:26:30+00:00","mainEntityOfPage":{"@id":"https:\/\/www.apres-lecole.fr\/Blog\/organiser-temps-travail-apres-cours-lycee\/"},"wordCount":1797,"commentCount":0,"image":{"@id":"https:\/\/www.apres-lecole.fr\/Blog\/organiser-temps-travail-apres-cours-lycee\/#primaryimage"},"thumbnailUrl":"https:\/\/www.apres-lecole.fr\/Blog\/wp-content\/uploads\/2026\/03\/comment-organiser-le-temps-de-travail-apres-les-cours-pour-reussir-le-lycee.jpg","articleSection":["M\u00e9tiers &amp; Entreprise"],"inLanguage":"fr-FR","potentialAction":[{"@type":"CommentAction","name":"Comment","target":["https:\/\/www.apres-lecole.fr\/Blog\/organiser-temps-travail-apres-cours-lycee\/#respond"]}]},{"@type":"WebPage","@id":"https:\/\/www.apres-lecole.fr\/Blog\/organiser-temps-travail-apres-cours-lycee\/","url":"https:\/\/www.apres-lecole.fr\/Blog\/organiser-temps-travail-apres-cours-lycee\/","name":"Organiser son travail apr\u00e8s les cours au lyc\u00e9e : guide 2026","isPartOf":{"@id":"https:\/\/www.apres-lecole.fr\/Blog\/#website"},"primaryImageOfPage":{"@id":"https:\/\/www.apres-lecole.fr\/Blog\/organiser-temps-travail-apres-cours-lycee\/#primaryimage"},"image":{"@id":"https:\/\/www.apres-lecole.fr\/Blog\/organiser-temps-travail-apres-cours-lycee\/#primaryimage"},"thumbnailUrl":"https:\/\/www.apres-lecole.fr\/Blog\/wp-content\/uploads\/2026\/03\/comment-organiser-le-temps-de-travail-apres-les-cours-pour-reussir-le-lycee.jpg","datePublished":"2026-03-30T10:26:28+00:00","dateModified":"2026-03-30T10:26:30+00:00","author":{"@id":"https:\/\/www.apres-lecole.fr\/Blog\/#\/schema\/person\/aeb50cd4b51fc69da155804bb5bb9fc4"},"description":"Comment bien organiser son temps de travail apr\u00e8s les cours pour r\u00e9ussir au lyc\u00e9e ? Planning, m\u00e9thodes de r\u00e9vision efficaces, gestion des mati\u00e8res difficiles et pr\u00e9paration au bac.","breadcrumb":{"@id":"https:\/\/www.apres-lecole.fr\/Blog\/organiser-temps-travail-apres-cours-lycee\/#breadcrumb"},"inLanguage":"fr-FR","potentialAction":[{"@type":"ReadAction","target":["https:\/\/www.apres-lecole.fr\/Blog\/organiser-temps-travail-apres-cours-lycee\/"]}]},{"@type":"ImageObject","inLanguage":"fr-FR","@id":"https:\/\/www.apres-lecole.fr\/Blog\/organiser-temps-travail-apres-cours-lycee\/#primaryimage","url":"https:\/\/www.apres-lecole.fr\/Blog\/wp-content\/uploads\/2026\/03\/comment-organiser-le-temps-de-travail-apres-les-cours-pour-reussir-le-lycee.jpg","contentUrl":"https:\/\/www.apres-lecole.fr\/Blog\/wp-content\/uploads\/2026\/03\/comment-organiser-le-temps-de-travail-apres-les-cours-pour-reussir-le-lycee.jpg","width":2560,"height":1429,"caption":"Comment organiser le temps de travail apr\u00e8s les cours pour r\u00e9ussir le lyc\u00e9e ?"},{"@type":"BreadcrumbList","@id":"https:\/\/www.apres-lecole.fr\/Blog\/organiser-temps-travail-apres-cours-lycee\/#breadcrumb","itemListElement":[{"@type":"ListItem","position":1,"name":"Home","item":"https:\/\/www.apres-lecole.fr\/Blog\/"},{"@type":"ListItem","position":2,"name":"Comment organiser le temps de travail apr\u00e8s les cours pour r\u00e9ussir le lyc\u00e9e ?"}]},{"@type":"WebSite","@id":"https:\/\/www.apres-lecole.fr\/Blog\/#website","url":"https:\/\/www.apres-lecole.fr\/Blog\/","name":"","description":"M\u00e9dia g\u00e9n\u00e9raliste","potentialAction":[{"@type":"SearchAction","target":{"@type":"EntryPoint","urlTemplate":"https:\/\/www.apres-lecole.fr\/Blog\/?s={search_term_string}"},"query-input":{"@type":"PropertyValueSpecification","valueRequired":true,"valueName":"search_term_string"}}],"inLanguage":"fr-FR"},{"@type":"Person","@id":"https:\/\/www.apres-lecole.fr\/Blog\/#\/schema\/person\/aeb50cd4b51fc69da155804bb5bb9fc4","name":"Eva Martin","image":{"@type":"ImageObject","inLanguage":"fr-FR","@id":"https:\/\/secure.gravatar.com\/avatar\/55c53222558b27a72015a64073a80edce4abd33369394b9bf2c5cd6c19d12682?s=96&d=mm&r=g","url":"https:\/\/secure.gravatar.com\/avatar\/55c53222558b27a72015a64073a80edce4abd33369394b9bf2c5cd6c19d12682?s=96&d=mm&r=g","contentUrl":"https:\/\/secure.gravatar.com\/avatar\/55c53222558b27a72015a64073a80edce4abd33369394b9bf2c5cd6c19d12682?s=96&d=mm&r=g","caption":"Eva Martin"},"description":"Je parle de business et d'entrepreneuriat avec des conseils clairs, concrets et actionnables pour r\u00e9ussir","sameAs":["https:\/\/x.com\/Evaapresecole"],"url":"https:\/\/www.apres-lecole.fr\/Blog\/author\/evamartin\/"}]}},"views":839,"_links":{"self":[{"href":"https:\/\/www.apres-lecole.fr\/Blog\/wp-json\/wp\/v2\/posts\/4353","targetHints":{"allow":["GET"]}}],"collection":[{"href":"https:\/\/www.apres-lecole.fr\/Blog\/wp-json\/wp\/v2\/posts"}],"about":[{"href":"https:\/\/www.apres-lecole.fr\/Blog\/wp-json\/wp\/v2\/types\/post"}],"author":[{"embeddable":true,"href":"https:\/\/www.apres-lecole.fr\/Blog\/wp-json\/wp\/v2\/users\/9"}],"replies":[{"embeddable":true,"href":"https:\/\/www.apres-lecole.fr\/Blog\/wp-json\/wp\/v2\/comments?post=4353"}],"version-history":[{"count":1,"href":"https:\/\/www.apres-lecole.fr\/Blog\/wp-json\/wp\/v2\/posts\/4353\/revisions"}],"predecessor-version":[{"id":4355,"href":"https:\/\/www.apres-lecole.fr\/Blog\/wp-json\/wp\/v2\/posts\/4353\/revisions\/4355"}],"wp:featuredmedia":[{"embeddable":true,"href":"https:\/\/www.apres-lecole.fr\/Blog\/wp-json\/wp\/v2\/media\/4356"}],"wp:attachment":[{"href":"https:\/\/www.apres-lecole.fr\/Blog\/wp-json\/wp\/v2\/media?parent=4353"}],"wp:term":[{"taxonomy":"category","embeddable":true,"href":"https:\/\/www.apres-lecole.fr\/Blog\/wp-json\/wp\/v2\/categories?post=4353"},{"taxonomy":"post_tag","embeddable":true,"href":"https:\/\/www.apres-lecole.fr\/Blog\/wp-json\/wp\/v2\/tags?post=4353"}],"curies":[{"name":"wp","href":"https:\/\/api.w.org\/{rel}","templated":true}]}}