{"id":4342,"date":"2026-04-30T09:00:00","date_gmt":"2026-04-30T09:00:00","guid":{"rendered":"https:\/\/www.apres-lecole.fr\/Blog\/?p=4342"},"modified":"2026-03-29T08:41:27","modified_gmt":"2026-03-29T08:41:27","slug":"teletravail-droits-obligations-salarie","status":"publish","type":"post","link":"https:\/\/www.apres-lecole.fr\/Blog\/teletravail-droits-obligations-salarie\/","title":{"rendered":"T\u00e9l\u00e9travail : tes droits et obligations en tant que salari\u00e9 en 2026"},"content":{"rendered":"\n\n<div class=\"kk-star-ratings kksr-auto kksr-align-left kksr-valign-top\"\n    data-payload='{&quot;align&quot;:&quot;left&quot;,&quot;id&quot;:&quot;4342&quot;,&quot;slug&quot;:&quot;default&quot;,&quot;valign&quot;:&quot;top&quot;,&quot;ignore&quot;:&quot;&quot;,&quot;reference&quot;:&quot;auto&quot;,&quot;class&quot;:&quot;&quot;,&quot;count&quot;:&quot;0&quot;,&quot;legendonly&quot;:&quot;&quot;,&quot;readonly&quot;:&quot;&quot;,&quot;score&quot;:&quot;0&quot;,&quot;starsonly&quot;:&quot;&quot;,&quot;best&quot;:&quot;5&quot;,&quot;gap&quot;:&quot;5&quot;,&quot;greet&quot;:&quot;Rate this post&quot;,&quot;legend&quot;:&quot;0\\\/5 - (0 vote)&quot;,&quot;size&quot;:&quot;24&quot;,&quot;title&quot;:&quot;T\u00e9l\u00e9travail : tes droits et obligations en tant que salari\u00e9 en 2026&quot;,&quot;width&quot;:&quot;0&quot;,&quot;_legend&quot;:&quot;{score}\\\/{best} - ({count} {votes})&quot;,&quot;font_factor&quot;:&quot;1.25&quot;}'>\n            \n<div class=\"kksr-stars\">\n    \n<div class=\"kksr-stars-inactive\">\n            <div class=\"kksr-star\" data-star=\"1\" style=\"padding-right: 5px\">\n            \n\n<div class=\"kksr-icon\" style=\"width: 24px; height: 24px;\"><\/div>\n        <\/div>\n            <div class=\"kksr-star\" data-star=\"2\" style=\"padding-right: 5px\">\n            \n\n<div class=\"kksr-icon\" style=\"width: 24px; height: 24px;\"><\/div>\n        <\/div>\n            <div class=\"kksr-star\" data-star=\"3\" style=\"padding-right: 5px\">\n            \n\n<div class=\"kksr-icon\" style=\"width: 24px; height: 24px;\"><\/div>\n        <\/div>\n            <div class=\"kksr-star\" data-star=\"4\" style=\"padding-right: 5px\">\n            \n\n<div class=\"kksr-icon\" style=\"width: 24px; height: 24px;\"><\/div>\n        <\/div>\n            <div class=\"kksr-star\" data-star=\"5\" style=\"padding-right: 5px\">\n            \n\n<div class=\"kksr-icon\" style=\"width: 24px; height: 24px;\"><\/div>\n        <\/div>\n    <\/div>\n    \n<div class=\"kksr-stars-active\" style=\"width: 0px;\">\n            <div class=\"kksr-star\" style=\"padding-right: 5px\">\n            \n\n<div class=\"kksr-icon\" style=\"width: 24px; height: 24px;\"><\/div>\n        <\/div>\n            <div class=\"kksr-star\" style=\"padding-right: 5px\">\n            \n\n<div class=\"kksr-icon\" style=\"width: 24px; height: 24px;\"><\/div>\n        <\/div>\n            <div class=\"kksr-star\" style=\"padding-right: 5px\">\n            \n\n<div class=\"kksr-icon\" style=\"width: 24px; height: 24px;\"><\/div>\n        <\/div>\n            <div class=\"kksr-star\" style=\"padding-right: 5px\">\n            \n\n<div class=\"kksr-icon\" style=\"width: 24px; height: 24px;\"><\/div>\n        <\/div>\n            <div class=\"kksr-star\" style=\"padding-right: 5px\">\n            \n\n<div class=\"kksr-icon\" style=\"width: 24px; height: 24px;\"><\/div>\n        <\/div>\n    <\/div>\n<\/div>\n                \n\n<div class=\"kksr-legend\" style=\"font-size: 19.2px;\">\n            <span class=\"kksr-muted\">Rate this post<\/span>\n    <\/div>\n    <\/div>\n<p><title>T\u00e9l\u00e9travail droits et obligations salari\u00e9 : guide complet 2026<\/title><br \/>\n<meta name=\"description\" content=\"Tu es en t\u00e9l\u00e9travail ou tu veux le demander ? D\u00e9couvre tes droits, les obligations de l'employeur et tout ce que la loi pr\u00e9voit pour le t\u00e9l\u00e9travail en 2026.\"><\/p>\n<link rel=\"stylesheet\" href=\"https:\/\/unpkg.com\/@wwclib\/wwc@latest\/wwc.min.css\">\n<script src=\"https:\/\/cdn.jsdelivr.net\/npm\/@alpinejs\/csp@3\/dist\/cdn.min.js\" defer><\/script><\/p>\n<div class='wwc'>\nL&rsquo;essentiel \u00e0 retenir : le t\u00e9l\u00e9travail est encadr\u00e9 par la loi en France depuis 2017. En 2026, <strong>l&#8217;employeur ne peut pas l&rsquo;imposer arbitrairement ni le refuser sans raison valable<\/strong>. Et en t\u00e9l\u00e9travail, tu b\u00e9n\u00e9ficies des <strong>m\u00eames droits qu&rsquo;un salari\u00e9 au bureau<\/strong> \u2014 avec des obligations sp\u00e9cifiques des deux c\u00f4t\u00e9s.\n<\/div>\n<p>Depuis la g\u00e9n\u00e9ralisation du t\u00e9l\u00e9travail post-Covid, beaucoup de salari\u00e9s se retrouvent dans des situations floues : employeur qui impose des jours \u00e0 distance, refus inexpliqu\u00e9 d&rsquo;une demande de t\u00e9l\u00e9travail, frais non rembours\u00e9s, accident \u00e0 domicile\u2026 Ce guide te explique <strong>exactement ce que la loi pr\u00e9voit pour le t\u00e9l\u00e9travail en 2026<\/strong> : tes droits, tes obligations, et ceux de ton employeur.<\/p>\n<ol>\n<li><a href=\"#cadre-legal-teletravail\">Le cadre l\u00e9gal du t\u00e9l\u00e9travail en 2026<\/a><\/li>\n<li><a href=\"#droits-salarie-teletravail\">Tes droits en tant que salari\u00e9 en t\u00e9l\u00e9travail<\/a><\/li>\n<li><a href=\"#obligations-employeur-teletravail\">Les obligations de l&#8217;employeur<\/a><\/li>\n<li><a href=\"#demander-refuser-teletravail\">Demander ou refuser le t\u00e9l\u00e9travail : ce que dit la loi<\/a><\/li>\n<\/ol>\n<h2 id=\"cadre-legal-teletravail\">Le cadre l\u00e9gal du t\u00e9l\u00e9travail en 2026<\/h2>\n<p>Le t\u00e9l\u00e9travail est d\u00e9fini et encadr\u00e9 par le Code du travail depuis les ordonnances Macron de 2017, compl\u00e9t\u00e9es par l&rsquo;ANI (Accord National Interprofessionnel) de 2020.<\/p>\n<h3>La d\u00e9finition l\u00e9gale du t\u00e9l\u00e9travail<\/h3>\n<p>Le t\u00e9l\u00e9travail d\u00e9signe <strong>toute forme de travail organis\u00e9e en dehors des locaux de l&#8217;employeur<\/strong>, en utilisant les technologies de l&rsquo;information et de la communication. Il peut \u00eatre r\u00e9gulier ou occasionnel, pr\u00e9vu d\u00e8s l&#8217;embauche ou mis en place en cours de contrat.<\/p>\n<p>Important : le t\u00e9l\u00e9travail est <strong>volontaire<\/strong>. Ni l&#8217;employeur ni le salari\u00e9 ne peut l&rsquo;imposer \u00e0 l&rsquo;autre sans accord mutuel \u2014 sauf cas de force majeure (\u00e9pid\u00e9mie, catastrophe naturelle\u2026).<\/p>\n<div class=\"wwc wwc-info\">\n<div class=\"wwc-title\">T\u00e9l\u00e9travail et force majeure<\/div>\n<p>En cas de circonstances exceptionnelles (comme une pand\u00e9mie), l&#8217;employeur peut imposer le t\u00e9l\u00e9travail sans l&rsquo;accord du salari\u00e9. C&rsquo;est l&rsquo;exception \u2014 <strong>pas la r\u00e8gle<\/strong>. En temps normal, l&rsquo;accord mutuel est obligatoire.<\/p>\n<\/div>\n<h3>Comment le t\u00e9l\u00e9travail est mis en place<\/h3>\n<p>Le t\u00e9l\u00e9travail peut \u00eatre organis\u00e9 par :<\/p>\n<p><strong>Un accord collectif<\/strong> n\u00e9goci\u00e9 avec les repr\u00e9sentants du personnel, qui fixe les modalit\u00e9s pour tous les salari\u00e9s concern\u00e9s (nombre de jours, indemnit\u00e9s, plages horaires\u2026).<\/p>\n<p><strong>Une charte unilat\u00e9rale de l&#8217;employeur<\/strong>, apr\u00e8s consultation du CSE, qui pr\u00e9cise les conditions d&rsquo;acc\u00e8s et les modalit\u00e9s d&rsquo;organisation.<\/p>\n<p><strong>Un accord individuel<\/strong> entre le salari\u00e9 et l&#8217;employeur, formalis\u00e9 par un avenant au contrat ou un simple email selon les cas.<\/p>\n<h2 id=\"droits-salarie-teletravail\">Tes droits en tant que salari\u00e9 en t\u00e9l\u00e9travail<\/h2>\n<p>En t\u00e9l\u00e9travail, tu b\u00e9n\u00e9ficies des m\u00eames droits que tes coll\u00e8gues au bureau \u2014 plus quelques droits sp\u00e9cifiques.<\/p>\n<h3>L&rsquo;\u00e9galit\u00e9 de traitement avec les salari\u00e9s sur site<\/h3>\n<p>Un salari\u00e9 en t\u00e9l\u00e9travail a les <strong>m\u00eames droits collectifs et individuels<\/strong> que ses coll\u00e8gues pr\u00e9sents dans les locaux : acc\u00e8s \u00e0 la formation, \u00e9volution de carri\u00e8re, participation aux r\u00e9unions, acc\u00e8s aux informations syndicales, b\u00e9n\u00e9fice des avantages sociaux\u2026 <strong>Le t\u00e9l\u00e9travail ne peut pas justifier une diff\u00e9rence de traitement.<\/strong><\/p>\n<h3>Le droit \u00e0 la d\u00e9connexion<\/h3>\n<p>C&rsquo;est l&rsquo;un des droits les plus importants \u2014 et les moins respect\u00e9s. Le droit \u00e0 la d\u00e9connexion garantit que tu n&rsquo;es <strong>pas oblig\u00e9 de r\u00e9pondre aux emails, messages et appels professionnels en dehors de tes horaires de travail<\/strong>. L&#8217;employeur doit mettre en place des modalit\u00e9s concr\u00e8tes d&rsquo;exercice de ce droit.<\/p>\n<blockquote><p>Le t\u00e9l\u00e9travail efface souvent les fronti\u00e8res entre vie professionnelle et vie personnelle. Le droit \u00e0 la d\u00e9connexion est ta protection l\u00e9gale contre l&#8217;empi\u00e8tement permanent du travail sur ta vie priv\u00e9e \u2014 m\u00eame quand ton bureau est dans ton salon.<\/p><\/blockquote>\n<h3>La protection en cas d&rsquo;accident du travail<\/h3>\n<p>Un accident survenu pendant les heures de travail \u00e0 ton domicile est <strong>pr\u00e9sum\u00e9 \u00eatre un accident du travail<\/strong> \u2014 au m\u00eame titre qu&rsquo;un accident survenu dans les locaux de l&rsquo;entreprise. Cette pr\u00e9somption s&rsquo;applique pendant tes horaires habituels de travail, dans le lieu d\u00e9clar\u00e9 \u00e0 l&#8217;employeur pour exercer le t\u00e9l\u00e9travail.<\/p>\n<div class=\"wwc wwc-tip\">\n<div class=\"wwc-title\">En cas d&rsquo;accident en t\u00e9l\u00e9travail<\/div>\n<p>Informe ton employeur dans les <strong>24 heures<\/strong> et d\u00e9clare l&rsquo;accident \u00e0 la CPAM dans les 48 heures. <strong>Garde des preuves<\/strong> que tu \u00e9tais bien en train de travailler au moment de l&rsquo;accident (heure, connexion VPN, r\u00e9union Teams\u2026). La pr\u00e9somption joue en ta faveur mais peut \u00eatre contest\u00e9e.<\/p>\n<\/div>\n<h3>Le droit au remboursement des frais professionnels<\/h3>\n<p>L&#8217;employeur doit <strong>prendre en charge les co\u00fbts directement li\u00e9s au t\u00e9l\u00e9travail<\/strong> : \u00e9quipements informatiques, logiciels, connexion internet si elle est indispensable \u00e0 l&rsquo;activit\u00e9. En pratique, beaucoup d&rsquo;entreprises versent une <strong>indemnit\u00e9 forfaitaire mensuelle<\/strong> (entre 10 et 50 \u20ac selon les accords) pour couvrir ces frais.<\/p>\n<div class=\"wwc wwc-table\" style=\"overflow:auto;max-width:100%\">\n<table>\n<thead>\n<tr>\n<th>Frais<\/th>\n<th>Obligation employeur<\/th>\n<th>Montant typique 2026<\/th>\n<\/tr>\n<\/thead>\n<tbody>\n<tr>\n<td>Mat\u00e9riel informatique<\/td>\n<td>Obligatoire si non fourni<\/td>\n<td>Fourni ou rembours\u00e9<\/td>\n<\/tr>\n<tr>\n<td>Connexion internet<\/td>\n<td>Recommand\u00e9 si indispensable<\/td>\n<td>~10 \u2013 20 \u20ac\/mois<\/td>\n<\/tr>\n<tr>\n<td>Forfait t\u00e9l\u00e9travail<\/td>\n<td>Selon accord collectif<\/td>\n<td>10 \u2013 50 \u20ac\/mois<\/td>\n<\/tr>\n<tr>\n<td>Tickets restaurant<\/td>\n<td>Selon accord collectif<\/td>\n<td>Maintenu ou r\u00e9duit selon accord<\/td>\n<\/tr>\n<\/tbody>\n<\/table>\n<\/div>\n<h2 id=\"obligations-employeur-teletravail\">Les obligations de l&#8217;employeur<\/h2>\n<p>Le t\u00e9l\u00e9travail impose des obligations concr\u00e8tes \u00e0 l&#8217;employeur, souvent ignor\u00e9es.<\/p>\n<h3>Informer le salari\u00e9 de ses droits<\/h3>\n<p>L&#8217;employeur doit informer le salari\u00e9 en t\u00e9l\u00e9travail de <strong>l&rsquo;ensemble des r\u00e8gles applicables<\/strong> : modalit\u00e9s de contr\u00f4le du temps de travail, plages horaires pendant lesquelles il peut \u00eatre contact\u00e9, proc\u00e9dures en cas de probl\u00e8me technique, et r\u00e8gles en mati\u00e8re de protection des donn\u00e9es.<\/p>\n<h3>Assurer la protection des donn\u00e9es<\/h3>\n<p>L&#8217;employeur est responsable de la <strong>s\u00e9curit\u00e9 des donn\u00e9es professionnelles<\/strong> trait\u00e9es par le salari\u00e9 \u00e0 domicile. Il doit fournir les outils n\u00e9cessaires (VPN, acc\u00e8s s\u00e9curis\u00e9) et former le salari\u00e9 aux bonnes pratiques. <strong>En cas de fuite de donn\u00e9es li\u00e9e \u00e0 un \u00e9quipement fourni par l&#8217;employeur, la responsabilit\u00e9 est partag\u00e9e.<\/strong><\/p>\n<h3>Respecter la vie priv\u00e9e du salari\u00e9<\/h3>\n<p>L&#8217;employeur ne peut pas installer de logiciels de surveillance permanente sur les \u00e9quipements personnels du salari\u00e9. Les outils de monitoring (capture d&rsquo;\u00e9cran, enregistrement des frappes\u2026) doivent \u00eatre <strong>d\u00e9clar\u00e9s, proportionn\u00e9s et justifi\u00e9s<\/strong>. Un contr\u00f4le abusif peut constituer une atteinte \u00e0 la vie priv\u00e9e.<\/p>\n<h2 id=\"demander-refuser-teletravail\">Demander ou refuser le t\u00e9l\u00e9travail : ce que dit la loi<\/h2>\n<p>Que tu veuilles plus de t\u00e9l\u00e9travail ou que tu veuilles en faire moins, voici ce que la loi pr\u00e9voit.<\/p>\n<h3>Comment demander le t\u00e9l\u00e9travail<\/h3>\n<p>Il n&rsquo;existe pas de droit absolu au t\u00e9l\u00e9travail en France \u2014 sauf dispositions particuli\u00e8res de l&rsquo;accord collectif ou du r\u00e8glement int\u00e9rieur. Tu peux en faire la demande par \u00e9crit \u00e0 ton manager ou aux RH. <strong>L&#8217;employeur doit motiver son refus<\/strong> si un accord collectif ou une charte pr\u00e9voit le t\u00e9l\u00e9travail dans l&rsquo;entreprise.<\/p>\n<div class=\"wwc wwc-info\">\n<div class=\"wwc-title\">Les motifs de refus acceptables<\/div>\n<p>Un employeur peut refuser le t\u00e9l\u00e9travail pour : <strong>nature du poste incompatible<\/strong> avec le travail \u00e0 distance, <strong>contraintes techniques<\/strong> (s\u00e9curit\u00e9, mat\u00e9riel), <strong>r\u00e9organisation de l&rsquo;\u00e9quipe<\/strong>, ou absence de charte ou d&rsquo;accord pr\u00e9voyant le t\u00e9l\u00e9travail. Un refus arbitraire peut \u00eatre contest\u00e9.<\/p>\n<\/div>\n<h3>Le salari\u00e9 peut-il refuser le t\u00e9l\u00e9travail impos\u00e9 ?<\/h3>\n<p>En dehors des cas de force majeure, <strong>oui<\/strong>. Un employeur ne peut pas imposer le t\u00e9l\u00e9travail \u00e0 un salari\u00e9 dont le contrat ne le pr\u00e9voit pas. Si l&#8217;employeur modifie unilat\u00e9ralement les conditions de travail (passage de pr\u00e9sentiel \u00e0 t\u00e9l\u00e9travail total sans accord), le salari\u00e9 peut refuser \u2014 et ce refus ne peut pas justifier un licenciement.<\/p>\n<h3>Retour au pr\u00e9sentiel : l&#8217;employeur peut-il l&rsquo;imposer ?<\/h3>\n<p>Si le t\u00e9l\u00e9travail a \u00e9t\u00e9 mis en place par accord individuel ou charte, l&#8217;employeur peut d\u00e9cider d&rsquo;y mettre fin en respectant un <strong>d\u00e9lai de pr\u00e9venance raisonnable<\/strong> (g\u00e9n\u00e9ralement pr\u00e9vu dans l&rsquo;accord ou la charte). Un retour brutal au pr\u00e9sentiel du jour au lendemain sans pr\u00e9avis peut \u00eatre contest\u00e9.<\/p>\n<div class=\"wwc wwc-grid\">\n<div class=\"wwc-column wwc-info\">\n<div class=\"wwc-title\">Tu peux demander le t\u00e9l\u00e9travail si\u2026<\/div>\n<p>Un accord collectif ou une charte le pr\u00e9voit dans ton entreprise \u00b7 Ton poste est compatible \u00b7 Tu as d\u00e9j\u00e0 travaill\u00e9 \u00e0 distance ponctuellement<\/p>\n<\/p><\/div>\n<div class=\"wwc-column wwc-star\">\n<div class=\"wwc-title\">L&#8217;employeur peut refuser si\u2026<\/div>\n<p>Ton poste est incompatible \u00b7 Aucun accord ne le pr\u00e9voit \u00b7 Contraintes techniques ou s\u00e9curit\u00e9 \u00b7 R\u00e9organisation n\u00e9cessaire<\/p>\n<\/p><\/div>\n<\/div>\n<p>Le t\u00e9l\u00e9travail en 2026 est mieux encadr\u00e9 qu&rsquo;il ne l&rsquo;\u00e9tait avant la pand\u00e9mie. Mais beaucoup de salari\u00e9s ignorent encore leurs droits \u2014 et beaucoup d&#8217;employeurs leurs obligations. <strong>Conna\u00eetre ce cadre l\u00e9gal, c&rsquo;est pouvoir n\u00e9gocier sereinement ses modalit\u00e9s de travail et d\u00e9fendre ses int\u00e9r\u00eats si n\u00e9cessaire.<\/strong><\/p>\n<h2>FAQ<\/h2>\n<h3>L&#8217;employeur peut-il imposer le t\u00e9l\u00e9travail sans mon accord ?<\/h3>\n<p>En temps normal, non. Le t\u00e9l\u00e9travail est <strong>volontaire et n\u00e9cessite un accord mutuel<\/strong>. Seule une situation de force majeure (\u00e9pid\u00e9mie, catastrophe) permet \u00e0 l&#8217;employeur d&rsquo;imposer le t\u00e9l\u00e9travail sans accord pr\u00e9alable du salari\u00e9.<\/p>\n<h3>Puis-je refuser de revenir au bureau si je suis en t\u00e9l\u00e9travail ?<\/h3>\n<p>\u00c7a d\u00e9pend de ton accord de t\u00e9l\u00e9travail. Si le contrat ou l&rsquo;accord collectif fixe un nombre de jours de t\u00e9l\u00e9travail, l&#8217;employeur peut modifier ces modalit\u00e9s en respectant un <strong>d\u00e9lai de pr\u00e9venance raisonnable<\/strong>. Un retour forc\u00e9 du jour au lendemain peut \u00eatre contest\u00e9.<\/p>\n<h3>Qui paie le mat\u00e9riel et internet en t\u00e9l\u00e9travail ?<\/h3>\n<p>L&#8217;employeur doit prendre en charge les <strong>co\u00fbts directement li\u00e9s au t\u00e9l\u00e9travail<\/strong>. En pratique, soit il fournit le mat\u00e9riel, soit il verse une indemnit\u00e9 forfaitaire. Si aucune prise en charge n&rsquo;est pr\u00e9vue dans ton accord, tu peux la demander \u2014 c&rsquo;est une obligation l\u00e9gale.<\/p>\n<h3>Un accident \u00e0 domicile pendant le t\u00e9l\u00e9travail est-il un accident du travail ?<\/h3>\n<p>Oui, si l&rsquo;accident survient <strong>pendant tes horaires de travail, dans le lieu d\u00e9clar\u00e9 pour le t\u00e9l\u00e9travail<\/strong>. La pr\u00e9somption d&rsquo;accident du travail s&rsquo;applique \u2014 tu dois informer ton employeur dans les 24 heures et d\u00e9clarer l&rsquo;accident \u00e0 la CPAM dans les 48 heures.<\/p>\n<h3>Mon employeur peut-il me surveiller en t\u00e9l\u00e9travail ?<\/h3>\n<p>Partiellement. Des outils de suivi d&rsquo;activit\u00e9 sont l\u00e9gaux s&rsquo;ils sont <strong>d\u00e9clar\u00e9s, proportionn\u00e9s et communiqu\u00e9s au salari\u00e9<\/strong>. La surveillance permanente (capture d&rsquo;\u00e9cran continue, enregistrement des frappes) sans information pr\u00e9alable constitue une atteinte \u00e0 la vie priv\u00e9e et peut \u00eatre contest\u00e9e.<\/p>\n<p><script type=\"application\/ld+json\">\n[\n  {\n    \"@context\": \"https:\/\/schema.org\",\n    \"@type\": \"Article\",\n    \"headline\": \"T\u00e9l\u00e9travail droits et obligations salari\u00e9 : guide complet 2026\",\n    \"description\": \"Tu es en t\u00e9l\u00e9travail ou tu veux le demander ? D\u00e9couvre tes droits, les obligations de l'employeur et tout ce que la loi pr\u00e9voit pour le t\u00e9l\u00e9travail en 2026.\",\n    \"inLanguage\": \"fr\",\n    \"articleSection\": \"Emploi & Recrutement\",\n    \"abstract\": \"Guide complet du t\u00e9l\u00e9travail en 2026 : cadre l\u00e9gal, droits du salari\u00e9 (d\u00e9connexion, accident du travail, remboursement frais), obligations de l'employeur, et r\u00e8gles pour demander ou refuser le t\u00e9l\u00e9travail.\"\n  },\n  {\n    \"@context\": \"https:\/\/schema.org\",\n    \"@type\": \"FAQPage\",\n    \"mainEntity\": [\n      {\n        \"@type\": \"Question\",\n        \"name\": \"L'employeur peut-il imposer le t\u00e9l\u00e9travail sans mon accord ?\",\n        \"acceptedAnswer\": {\n          \"@type\": \"Answer\",\n          \"text\": \"En temps normal, non. Le t\u00e9l\u00e9travail est volontaire et n\u00e9cessite un accord mutuel. Seule une situation de force majeure permet \u00e0 l'employeur d'imposer le t\u00e9l\u00e9travail sans accord pr\u00e9alable.\"\n        }\n      },\n      {\n        \"@type\": \"Question\",\n        \"name\": \"Puis-je refuser de revenir au bureau si je suis en t\u00e9l\u00e9travail ?\",\n        \"acceptedAnswer\": {\n          \"@type\": \"Answer\",\n          \"text\": \"\u00c7a d\u00e9pend de ton accord de t\u00e9l\u00e9travail. L'employeur peut modifier les modalit\u00e9s en respectant un d\u00e9lai de pr\u00e9venance raisonnable. Un retour forc\u00e9 du jour au lendemain peut \u00eatre contest\u00e9.\"\n        }\n      },\n      {\n        \"@type\": \"Question\",\n        \"name\": \"Qui paie le mat\u00e9riel et internet en t\u00e9l\u00e9travail ?\",\n        \"acceptedAnswer\": {\n          \"@type\": \"Answer\",\n          \"text\": \"L'employeur doit prendre en charge les co\u00fbts directement li\u00e9s au t\u00e9l\u00e9travail. Soit il fournit le mat\u00e9riel, soit il verse une indemnit\u00e9 forfaitaire. C'est une obligation l\u00e9gale.\"\n        }\n      },\n      {\n        \"@type\": \"Question\",\n        \"name\": \"Un accident \u00e0 domicile pendant le t\u00e9l\u00e9travail est-il un accident du travail ?\",\n        \"acceptedAnswer\": {\n          \"@type\": \"Answer\",\n          \"text\": \"Oui, si l'accident survient pendant tes horaires de travail, dans le lieu d\u00e9clar\u00e9 pour le t\u00e9l\u00e9travail. Tu dois informer ton employeur dans les 24 heures et d\u00e9clarer l'accident \u00e0 la CPAM dans les 48 heures.\"\n        }\n      },\n      {\n        \"@type\": \"Question\",\n        \"name\": \"Mon employeur peut-il me surveiller en t\u00e9l\u00e9travail ?\",\n        \"acceptedAnswer\": {\n          \"@type\": \"Answer\",\n          \"text\": \"Partiellement. Des outils de suivi d'activit\u00e9 sont l\u00e9gaux s'ils sont d\u00e9clar\u00e9s, proportionn\u00e9s et communiqu\u00e9s au salari\u00e9. La surveillance permanente sans information pr\u00e9alable constitue une atteinte \u00e0 la vie priv\u00e9e.\"\n        }\n      }\n    ]\n  }\n]\n<\/script><\/p>\n","protected":false},"excerpt":{"rendered":"<p>T\u00e9l\u00e9travail droits et obligations salari\u00e9 : guide complet 2026 L&rsquo;essentiel \u00e0 retenir : le t\u00e9l\u00e9travail est encadr\u00e9 par la loi en France depuis 2017. En 2026, l&#8217;employeur ne peut pas l&rsquo;imposer arbitrairement ni le refuser sans raison valable. Et en t\u00e9l\u00e9travail, tu b\u00e9n\u00e9ficies des m\u00eames droits qu&rsquo;un salari\u00e9 au bureau \u2014 avec des obligations sp\u00e9cifiques &#8230; <a title=\"T\u00e9l\u00e9travail : tes droits et obligations en tant que salari\u00e9 en 2026\" class=\"read-more\" href=\"https:\/\/www.apres-lecole.fr\/Blog\/teletravail-droits-obligations-salarie\/\" aria-label=\"En savoir plus sur T\u00e9l\u00e9travail : tes droits et obligations en tant que salari\u00e9 en 2026\">Lire plus<\/a><\/p>\n","protected":false},"author":9,"featured_media":4343,"comment_status":"open","ping_status":"open","sticky":false,"template":"","format":"standard","meta":{"footnotes":""},"categories":[1],"tags":[],"class_list":["post-4342","post","type-post","status-publish","format-standard","has-post-thumbnail","hentry","category-metiers-entreprise"],"yoast_head":"<!-- This site is optimized with the Yoast SEO plugin v27.5 - https:\/\/yoast.com\/product\/yoast-seo-wordpress\/ -->\n<title>T\u00e9l\u00e9travail droits et obligations salari\u00e9 : guide complet 2026<\/title>\n<meta name=\"description\" content=\"Tu es en t\u00e9l\u00e9travail ou tu veux le demander ? D\u00e9couvre tes droits, les obligations de l&#039;employeur et tout ce que la loi pr\u00e9voit pour le t\u00e9l\u00e9travail en\" \/>\n<meta name=\"robots\" content=\"index, follow, max-snippet:-1, max-image-preview:large, max-video-preview:-1\" \/>\n<link rel=\"canonical\" href=\"https:\/\/www.apres-lecole.fr\/Blog\/teletravail-droits-obligations-salarie\/\" \/>\n<meta property=\"og:locale\" content=\"fr_FR\" \/>\n<meta property=\"og:type\" content=\"article\" \/>\n<meta property=\"og:title\" content=\"T\u00e9l\u00e9travail droits et obligations salari\u00e9 : guide complet 2026\" \/>\n<meta property=\"og:description\" content=\"Tu es en t\u00e9l\u00e9travail ou tu veux le demander ? D\u00e9couvre tes droits, les obligations de l&#039;employeur et tout ce que la loi pr\u00e9voit pour le t\u00e9l\u00e9travail en\" \/>\n<meta property=\"og:url\" content=\"https:\/\/www.apres-lecole.fr\/Blog\/teletravail-droits-obligations-salarie\/\" \/>\n<meta property=\"article:published_time\" content=\"2026-04-30T09:00:00+00:00\" \/>\n<meta property=\"og:image\" content=\"https:\/\/www.apres-lecole.fr\/Blog\/wp-content\/uploads\/2026\/03\/ChatGPT-Image-29-mars-2026-10_40_12.jpg\" \/>\n\t<meta property=\"og:image:width\" content=\"1536\" \/>\n\t<meta property=\"og:image:height\" content=\"1024\" \/>\n\t<meta property=\"og:image:type\" content=\"image\/jpeg\" \/>\n<meta name=\"author\" content=\"Eva Martin\" \/>\n<meta name=\"twitter:card\" content=\"summary_large_image\" \/>\n<meta name=\"twitter:creator\" content=\"@Evaapresecole\" \/>\n<meta name=\"twitter:label1\" content=\"\u00c9crit par\" \/>\n\t<meta name=\"twitter:data1\" content=\"Eva Martin\" \/>\n\t<meta name=\"twitter:label2\" content=\"Dur\u00e9e de lecture estim\u00e9e\" \/>\n\t<meta name=\"twitter:data2\" content=\"8 minutes\" \/>\n<script type=\"application\/ld+json\" class=\"yoast-schema-graph\">{\"@context\":\"https:\\\/\\\/schema.org\",\"@graph\":[{\"@type\":\"Article\",\"@id\":\"https:\\\/\\\/www.apres-lecole.fr\\\/Blog\\\/teletravail-droits-obligations-salarie\\\/#article\",\"isPartOf\":{\"@id\":\"https:\\\/\\\/www.apres-lecole.fr\\\/Blog\\\/teletravail-droits-obligations-salarie\\\/\"},\"author\":{\"name\":\"Eva Martin\",\"@id\":\"https:\\\/\\\/www.apres-lecole.fr\\\/Blog\\\/#\\\/schema\\\/person\\\/aeb50cd4b51fc69da155804bb5bb9fc4\"},\"headline\":\"T\u00e9l\u00e9travail : tes droits et obligations en tant que salari\u00e9 en 2026\",\"datePublished\":\"2026-04-30T09:00:00+00:00\",\"mainEntityOfPage\":{\"@id\":\"https:\\\/\\\/www.apres-lecole.fr\\\/Blog\\\/teletravail-droits-obligations-salarie\\\/\"},\"wordCount\":1778,\"commentCount\":0,\"image\":{\"@id\":\"https:\\\/\\\/www.apres-lecole.fr\\\/Blog\\\/teletravail-droits-obligations-salarie\\\/#primaryimage\"},\"thumbnailUrl\":\"https:\\\/\\\/www.apres-lecole.fr\\\/Blog\\\/wp-content\\\/uploads\\\/2026\\\/03\\\/ChatGPT-Image-29-mars-2026-10_40_12.jpg\",\"articleSection\":[\"M\u00e9tiers &amp; Entreprise\"],\"inLanguage\":\"fr-FR\",\"potentialAction\":[{\"@type\":\"CommentAction\",\"name\":\"Comment\",\"target\":[\"https:\\\/\\\/www.apres-lecole.fr\\\/Blog\\\/teletravail-droits-obligations-salarie\\\/#respond\"]}]},{\"@type\":\"WebPage\",\"@id\":\"https:\\\/\\\/www.apres-lecole.fr\\\/Blog\\\/teletravail-droits-obligations-salarie\\\/\",\"url\":\"https:\\\/\\\/www.apres-lecole.fr\\\/Blog\\\/teletravail-droits-obligations-salarie\\\/\",\"name\":\"T\u00e9l\u00e9travail droits et obligations salari\u00e9 : guide complet 2026\",\"isPartOf\":{\"@id\":\"https:\\\/\\\/www.apres-lecole.fr\\\/Blog\\\/#website\"},\"primaryImageOfPage\":{\"@id\":\"https:\\\/\\\/www.apres-lecole.fr\\\/Blog\\\/teletravail-droits-obligations-salarie\\\/#primaryimage\"},\"image\":{\"@id\":\"https:\\\/\\\/www.apres-lecole.fr\\\/Blog\\\/teletravail-droits-obligations-salarie\\\/#primaryimage\"},\"thumbnailUrl\":\"https:\\\/\\\/www.apres-lecole.fr\\\/Blog\\\/wp-content\\\/uploads\\\/2026\\\/03\\\/ChatGPT-Image-29-mars-2026-10_40_12.jpg\",\"datePublished\":\"2026-04-30T09:00:00+00:00\",\"author\":{\"@id\":\"https:\\\/\\\/www.apres-lecole.fr\\\/Blog\\\/#\\\/schema\\\/person\\\/aeb50cd4b51fc69da155804bb5bb9fc4\"},\"description\":\"Tu es en t\u00e9l\u00e9travail ou tu veux le demander ? D\u00e9couvre tes droits, les obligations de l'employeur et tout ce que la loi pr\u00e9voit pour le t\u00e9l\u00e9travail en\",\"breadcrumb\":{\"@id\":\"https:\\\/\\\/www.apres-lecole.fr\\\/Blog\\\/teletravail-droits-obligations-salarie\\\/#breadcrumb\"},\"inLanguage\":\"fr-FR\",\"potentialAction\":[{\"@type\":\"ReadAction\",\"target\":[\"https:\\\/\\\/www.apres-lecole.fr\\\/Blog\\\/teletravail-droits-obligations-salarie\\\/\"]}]},{\"@type\":\"ImageObject\",\"inLanguage\":\"fr-FR\",\"@id\":\"https:\\\/\\\/www.apres-lecole.fr\\\/Blog\\\/teletravail-droits-obligations-salarie\\\/#primaryimage\",\"url\":\"https:\\\/\\\/www.apres-lecole.fr\\\/Blog\\\/wp-content\\\/uploads\\\/2026\\\/03\\\/ChatGPT-Image-29-mars-2026-10_40_12.jpg\",\"contentUrl\":\"https:\\\/\\\/www.apres-lecole.fr\\\/Blog\\\/wp-content\\\/uploads\\\/2026\\\/03\\\/ChatGPT-Image-29-mars-2026-10_40_12.jpg\",\"width\":1536,\"height\":1024,\"caption\":\"devenir-freelance-sans-experience\"},{\"@type\":\"BreadcrumbList\",\"@id\":\"https:\\\/\\\/www.apres-lecole.fr\\\/Blog\\\/teletravail-droits-obligations-salarie\\\/#breadcrumb\",\"itemListElement\":[{\"@type\":\"ListItem\",\"position\":1,\"name\":\"Home\",\"item\":\"https:\\\/\\\/www.apres-lecole.fr\\\/Blog\\\/\"},{\"@type\":\"ListItem\",\"position\":2,\"name\":\"T\u00e9l\u00e9travail : tes droits et obligations en tant que salari\u00e9 en 2026\"}]},{\"@type\":\"WebSite\",\"@id\":\"https:\\\/\\\/www.apres-lecole.fr\\\/Blog\\\/#website\",\"url\":\"https:\\\/\\\/www.apres-lecole.fr\\\/Blog\\\/\",\"name\":\"\",\"description\":\"M\u00e9dia g\u00e9n\u00e9raliste\",\"potentialAction\":[{\"@type\":\"SearchAction\",\"target\":{\"@type\":\"EntryPoint\",\"urlTemplate\":\"https:\\\/\\\/www.apres-lecole.fr\\\/Blog\\\/?s={search_term_string}\"},\"query-input\":{\"@type\":\"PropertyValueSpecification\",\"valueRequired\":true,\"valueName\":\"search_term_string\"}}],\"inLanguage\":\"fr-FR\"},{\"@type\":\"Person\",\"@id\":\"https:\\\/\\\/www.apres-lecole.fr\\\/Blog\\\/#\\\/schema\\\/person\\\/aeb50cd4b51fc69da155804bb5bb9fc4\",\"name\":\"Eva Martin\",\"image\":{\"@type\":\"ImageObject\",\"inLanguage\":\"fr-FR\",\"@id\":\"https:\\\/\\\/secure.gravatar.com\\\/avatar\\\/55c53222558b27a72015a64073a80edce4abd33369394b9bf2c5cd6c19d12682?s=96&d=mm&r=g\",\"url\":\"https:\\\/\\\/secure.gravatar.com\\\/avatar\\\/55c53222558b27a72015a64073a80edce4abd33369394b9bf2c5cd6c19d12682?s=96&d=mm&r=g\",\"contentUrl\":\"https:\\\/\\\/secure.gravatar.com\\\/avatar\\\/55c53222558b27a72015a64073a80edce4abd33369394b9bf2c5cd6c19d12682?s=96&d=mm&r=g\",\"caption\":\"Eva Martin\"},\"description\":\"Je parle de business et d'entrepreneuriat avec des conseils clairs, concrets et actionnables pour r\u00e9ussir\",\"sameAs\":[\"https:\\\/\\\/x.com\\\/Evaapresecole\"],\"url\":\"https:\\\/\\\/www.apres-lecole.fr\\\/Blog\\\/author\\\/evamartin\\\/\"}]}<\/script>\n<!-- \/ Yoast SEO plugin. -->","yoast_head_json":{"title":"T\u00e9l\u00e9travail droits et obligations salari\u00e9 : guide complet 2026","description":"Tu es en t\u00e9l\u00e9travail ou tu veux le demander ? D\u00e9couvre tes droits, les obligations de l'employeur et tout ce que la loi pr\u00e9voit pour le t\u00e9l\u00e9travail en","robots":{"index":"index","follow":"follow","max-snippet":"max-snippet:-1","max-image-preview":"max-image-preview:large","max-video-preview":"max-video-preview:-1"},"canonical":"https:\/\/www.apres-lecole.fr\/Blog\/teletravail-droits-obligations-salarie\/","og_locale":"fr_FR","og_type":"article","og_title":"T\u00e9l\u00e9travail droits et obligations salari\u00e9 : guide complet 2026","og_description":"Tu es en t\u00e9l\u00e9travail ou tu veux le demander ? D\u00e9couvre tes droits, les obligations de l'employeur et tout ce que la loi pr\u00e9voit pour le t\u00e9l\u00e9travail en","og_url":"https:\/\/www.apres-lecole.fr\/Blog\/teletravail-droits-obligations-salarie\/","article_published_time":"2026-04-30T09:00:00+00:00","og_image":[{"width":1536,"height":1024,"url":"https:\/\/www.apres-lecole.fr\/Blog\/wp-content\/uploads\/2026\/03\/ChatGPT-Image-29-mars-2026-10_40_12.jpg","type":"image\/jpeg"}],"author":"Eva Martin","twitter_card":"summary_large_image","twitter_creator":"@Evaapresecole","twitter_misc":{"\u00c9crit par":"Eva Martin","Dur\u00e9e de lecture estim\u00e9e":"8 minutes"},"schema":{"@context":"https:\/\/schema.org","@graph":[{"@type":"Article","@id":"https:\/\/www.apres-lecole.fr\/Blog\/teletravail-droits-obligations-salarie\/#article","isPartOf":{"@id":"https:\/\/www.apres-lecole.fr\/Blog\/teletravail-droits-obligations-salarie\/"},"author":{"name":"Eva Martin","@id":"https:\/\/www.apres-lecole.fr\/Blog\/#\/schema\/person\/aeb50cd4b51fc69da155804bb5bb9fc4"},"headline":"T\u00e9l\u00e9travail : tes droits et obligations en tant que salari\u00e9 en 2026","datePublished":"2026-04-30T09:00:00+00:00","mainEntityOfPage":{"@id":"https:\/\/www.apres-lecole.fr\/Blog\/teletravail-droits-obligations-salarie\/"},"wordCount":1778,"commentCount":0,"image":{"@id":"https:\/\/www.apres-lecole.fr\/Blog\/teletravail-droits-obligations-salarie\/#primaryimage"},"thumbnailUrl":"https:\/\/www.apres-lecole.fr\/Blog\/wp-content\/uploads\/2026\/03\/ChatGPT-Image-29-mars-2026-10_40_12.jpg","articleSection":["M\u00e9tiers &amp; Entreprise"],"inLanguage":"fr-FR","potentialAction":[{"@type":"CommentAction","name":"Comment","target":["https:\/\/www.apres-lecole.fr\/Blog\/teletravail-droits-obligations-salarie\/#respond"]}]},{"@type":"WebPage","@id":"https:\/\/www.apres-lecole.fr\/Blog\/teletravail-droits-obligations-salarie\/","url":"https:\/\/www.apres-lecole.fr\/Blog\/teletravail-droits-obligations-salarie\/","name":"T\u00e9l\u00e9travail droits et obligations salari\u00e9 : guide complet 2026","isPartOf":{"@id":"https:\/\/www.apres-lecole.fr\/Blog\/#website"},"primaryImageOfPage":{"@id":"https:\/\/www.apres-lecole.fr\/Blog\/teletravail-droits-obligations-salarie\/#primaryimage"},"image":{"@id":"https:\/\/www.apres-lecole.fr\/Blog\/teletravail-droits-obligations-salarie\/#primaryimage"},"thumbnailUrl":"https:\/\/www.apres-lecole.fr\/Blog\/wp-content\/uploads\/2026\/03\/ChatGPT-Image-29-mars-2026-10_40_12.jpg","datePublished":"2026-04-30T09:00:00+00:00","author":{"@id":"https:\/\/www.apres-lecole.fr\/Blog\/#\/schema\/person\/aeb50cd4b51fc69da155804bb5bb9fc4"},"description":"Tu es en t\u00e9l\u00e9travail ou tu veux le demander ? D\u00e9couvre tes droits, les obligations de l'employeur et tout ce que la loi pr\u00e9voit pour le t\u00e9l\u00e9travail en","breadcrumb":{"@id":"https:\/\/www.apres-lecole.fr\/Blog\/teletravail-droits-obligations-salarie\/#breadcrumb"},"inLanguage":"fr-FR","potentialAction":[{"@type":"ReadAction","target":["https:\/\/www.apres-lecole.fr\/Blog\/teletravail-droits-obligations-salarie\/"]}]},{"@type":"ImageObject","inLanguage":"fr-FR","@id":"https:\/\/www.apres-lecole.fr\/Blog\/teletravail-droits-obligations-salarie\/#primaryimage","url":"https:\/\/www.apres-lecole.fr\/Blog\/wp-content\/uploads\/2026\/03\/ChatGPT-Image-29-mars-2026-10_40_12.jpg","contentUrl":"https:\/\/www.apres-lecole.fr\/Blog\/wp-content\/uploads\/2026\/03\/ChatGPT-Image-29-mars-2026-10_40_12.jpg","width":1536,"height":1024,"caption":"devenir-freelance-sans-experience"},{"@type":"BreadcrumbList","@id":"https:\/\/www.apres-lecole.fr\/Blog\/teletravail-droits-obligations-salarie\/#breadcrumb","itemListElement":[{"@type":"ListItem","position":1,"name":"Home","item":"https:\/\/www.apres-lecole.fr\/Blog\/"},{"@type":"ListItem","position":2,"name":"T\u00e9l\u00e9travail : tes droits et obligations en tant que salari\u00e9 en 2026"}]},{"@type":"WebSite","@id":"https:\/\/www.apres-lecole.fr\/Blog\/#website","url":"https:\/\/www.apres-lecole.fr\/Blog\/","name":"","description":"M\u00e9dia g\u00e9n\u00e9raliste","potentialAction":[{"@type":"SearchAction","target":{"@type":"EntryPoint","urlTemplate":"https:\/\/www.apres-lecole.fr\/Blog\/?s={search_term_string}"},"query-input":{"@type":"PropertyValueSpecification","valueRequired":true,"valueName":"search_term_string"}}],"inLanguage":"fr-FR"},{"@type":"Person","@id":"https:\/\/www.apres-lecole.fr\/Blog\/#\/schema\/person\/aeb50cd4b51fc69da155804bb5bb9fc4","name":"Eva Martin","image":{"@type":"ImageObject","inLanguage":"fr-FR","@id":"https:\/\/secure.gravatar.com\/avatar\/55c53222558b27a72015a64073a80edce4abd33369394b9bf2c5cd6c19d12682?s=96&d=mm&r=g","url":"https:\/\/secure.gravatar.com\/avatar\/55c53222558b27a72015a64073a80edce4abd33369394b9bf2c5cd6c19d12682?s=96&d=mm&r=g","contentUrl":"https:\/\/secure.gravatar.com\/avatar\/55c53222558b27a72015a64073a80edce4abd33369394b9bf2c5cd6c19d12682?s=96&d=mm&r=g","caption":"Eva Martin"},"description":"Je parle de business et d'entrepreneuriat avec des conseils clairs, concrets et actionnables pour r\u00e9ussir","sameAs":["https:\/\/x.com\/Evaapresecole"],"url":"https:\/\/www.apres-lecole.fr\/Blog\/author\/evamartin\/"}]}},"views":0,"_links":{"self":[{"href":"https:\/\/www.apres-lecole.fr\/Blog\/wp-json\/wp\/v2\/posts\/4342","targetHints":{"allow":["GET"]}}],"collection":[{"href":"https:\/\/www.apres-lecole.fr\/Blog\/wp-json\/wp\/v2\/posts"}],"about":[{"href":"https:\/\/www.apres-lecole.fr\/Blog\/wp-json\/wp\/v2\/types\/post"}],"author":[{"embeddable":true,"href":"https:\/\/www.apres-lecole.fr\/Blog\/wp-json\/wp\/v2\/users\/9"}],"replies":[{"embeddable":true,"href":"https:\/\/www.apres-lecole.fr\/Blog\/wp-json\/wp\/v2\/comments?post=4342"}],"version-history":[{"count":1,"href":"https:\/\/www.apres-lecole.fr\/Blog\/wp-json\/wp\/v2\/posts\/4342\/revisions"}],"predecessor-version":[{"id":4344,"href":"https:\/\/www.apres-lecole.fr\/Blog\/wp-json\/wp\/v2\/posts\/4342\/revisions\/4344"}],"wp:featuredmedia":[{"embeddable":true,"href":"https:\/\/www.apres-lecole.fr\/Blog\/wp-json\/wp\/v2\/media\/4343"}],"wp:attachment":[{"href":"https:\/\/www.apres-lecole.fr\/Blog\/wp-json\/wp\/v2\/media?parent=4342"}],"wp:term":[{"taxonomy":"category","embeddable":true,"href":"https:\/\/www.apres-lecole.fr\/Blog\/wp-json\/wp\/v2\/categories?post=4342"},{"taxonomy":"post_tag","embeddable":true,"href":"https:\/\/www.apres-lecole.fr\/Blog\/wp-json\/wp\/v2\/tags?post=4342"}],"curies":[{"name":"wp","href":"https:\/\/api.w.org\/{rel}","templated":true}]}}