{"id":4336,"date":"2026-04-28T09:00:00","date_gmt":"2026-04-28T09:00:00","guid":{"rendered":"https:\/\/www.apres-lecole.fr\/Blog\/?p=4336"},"modified":"2026-03-29T08:36:51","modified_gmt":"2026-03-29T08:36:51","slug":"apl-etudiant-conditions-montant","status":"publish","type":"post","link":"https:\/\/www.apres-lecole.fr\/Blog\/apl-etudiant-conditions-montant\/","title":{"rendered":"APL \u00e9tudiant : conditions, montant et comment faire sa demande \u00e0 la CAF"},"content":{"rendered":"\n\n<div class=\"kk-star-ratings kksr-auto kksr-align-left kksr-valign-top\"\n    data-payload='{&quot;align&quot;:&quot;left&quot;,&quot;id&quot;:&quot;4336&quot;,&quot;slug&quot;:&quot;default&quot;,&quot;valign&quot;:&quot;top&quot;,&quot;ignore&quot;:&quot;&quot;,&quot;reference&quot;:&quot;auto&quot;,&quot;class&quot;:&quot;&quot;,&quot;count&quot;:&quot;0&quot;,&quot;legendonly&quot;:&quot;&quot;,&quot;readonly&quot;:&quot;&quot;,&quot;score&quot;:&quot;0&quot;,&quot;starsonly&quot;:&quot;&quot;,&quot;best&quot;:&quot;5&quot;,&quot;gap&quot;:&quot;5&quot;,&quot;greet&quot;:&quot;Rate this post&quot;,&quot;legend&quot;:&quot;0\\\/5 - (0 vote)&quot;,&quot;size&quot;:&quot;24&quot;,&quot;title&quot;:&quot;APL \u00e9tudiant : conditions, montant et comment faire sa demande \u00e0 la CAF&quot;,&quot;width&quot;:&quot;0&quot;,&quot;_legend&quot;:&quot;{score}\\\/{best} - ({count} {votes})&quot;,&quot;font_factor&quot;:&quot;1.25&quot;}'>\n            \n<div class=\"kksr-stars\">\n    \n<div class=\"kksr-stars-inactive\">\n            <div class=\"kksr-star\" data-star=\"1\" style=\"padding-right: 5px\">\n            \n\n<div class=\"kksr-icon\" style=\"width: 24px; height: 24px;\"><\/div>\n        <\/div>\n            <div class=\"kksr-star\" data-star=\"2\" style=\"padding-right: 5px\">\n            \n\n<div class=\"kksr-icon\" style=\"width: 24px; height: 24px;\"><\/div>\n        <\/div>\n            <div class=\"kksr-star\" data-star=\"3\" style=\"padding-right: 5px\">\n            \n\n<div class=\"kksr-icon\" style=\"width: 24px; height: 24px;\"><\/div>\n        <\/div>\n            <div class=\"kksr-star\" data-star=\"4\" style=\"padding-right: 5px\">\n            \n\n<div class=\"kksr-icon\" style=\"width: 24px; height: 24px;\"><\/div>\n        <\/div>\n            <div class=\"kksr-star\" data-star=\"5\" style=\"padding-right: 5px\">\n            \n\n<div class=\"kksr-icon\" style=\"width: 24px; height: 24px;\"><\/div>\n        <\/div>\n    <\/div>\n    \n<div class=\"kksr-stars-active\" style=\"width: 0px;\">\n            <div class=\"kksr-star\" style=\"padding-right: 5px\">\n            \n\n<div class=\"kksr-icon\" style=\"width: 24px; height: 24px;\"><\/div>\n        <\/div>\n            <div class=\"kksr-star\" style=\"padding-right: 5px\">\n            \n\n<div class=\"kksr-icon\" style=\"width: 24px; height: 24px;\"><\/div>\n        <\/div>\n            <div class=\"kksr-star\" style=\"padding-right: 5px\">\n            \n\n<div class=\"kksr-icon\" style=\"width: 24px; height: 24px;\"><\/div>\n        <\/div>\n            <div class=\"kksr-star\" style=\"padding-right: 5px\">\n            \n\n<div class=\"kksr-icon\" style=\"width: 24px; height: 24px;\"><\/div>\n        <\/div>\n            <div class=\"kksr-star\" style=\"padding-right: 5px\">\n            \n\n<div class=\"kksr-icon\" style=\"width: 24px; height: 24px;\"><\/div>\n        <\/div>\n    <\/div>\n<\/div>\n                \n\n<div class=\"kksr-legend\" style=\"font-size: 19.2px;\">\n            <span class=\"kksr-muted\">Rate this post<\/span>\n    <\/div>\n    <\/div>\n<p><title>APL \u00e9tudiant 2026 : conditions, montant et demande CAF<\/title><br \/>\n<meta name=\"description\" content=\"Tu es \u00e9tudiant et tu veux savoir si tu as droit aux APL ? D\u00e9couvre les conditions, comment estimer ton montant et comment faire ta demande \u00e0 la CAF en 2026.\"><\/p>\n<link rel=\"stylesheet\" href=\"https:\/\/unpkg.com\/@wwclib\/wwc@latest\/wwc.min.css\">\n<script src=\"https:\/\/cdn.jsdelivr.net\/npm\/@alpinejs\/csp@3\/dist\/cdn.min.js\" defer><\/script><\/p>\n<div class='wwc'>\nL&rsquo;essentiel \u00e0 retenir : les APL (Aides Personnalis\u00e9es au Logement) sont accessibles \u00e0 <strong>la grande majorit\u00e9 des \u00e9tudiants locataires<\/strong> en France. En 2026, le montant moyen tourne autour de <strong>150 \u00e0 250 \u20ac par mois<\/strong> selon la ville et le loyer. La demande se fait en ligne sur caf.fr en moins de 20 minutes.\n<\/div>\n<p>Loyer, charges, nourriture, transport\u2026 Le budget \u00e9tudiant est souvent serr\u00e9. Les APL sont l&rsquo;une des aides les plus concr\u00e8tes pour all\u00e9ger la facture logement \u2014 et pourtant, des milliers d&rsquo;\u00e9tudiants ne les demandent pas ou attendent trop longtemps avant de faire leur dossier. Ce guide te dit <strong>tout ce qu&rsquo;il faut savoir sur les APL en 2026 : qui peut en b\u00e9n\u00e9ficier, combien \u00e7a repr\u00e9sente et comment faire la demande rapidement<\/strong>.<\/p>\n<ol>\n<li><a href=\"#conditions-apl-etudiant\">Les conditions pour avoir droit aux APL en tant qu&rsquo;\u00e9tudiant<\/a><\/li>\n<li><a href=\"#montant-apl-etudiant\">Combien peut-on toucher : les facteurs qui influencent le montant<\/a><\/li>\n<li><a href=\"#demande-apl-etudiant\">Comment faire sa demande d&rsquo;APL \u00e9tape par \u00e9tape<\/a><\/li>\n<li><a href=\"#apl-cas-particuliers-etudiant\">Les cas particuliers \u00e0 conna\u00eetre absolument<\/a><\/li>\n<\/ol>\n<h2 id=\"conditions-apl-etudiant\">Les conditions pour avoir droit aux APL en tant qu&rsquo;\u00e9tudiant<\/h2>\n<p>Les APL ne sont pas r\u00e9serv\u00e9es aux revenus modestes. La grande majorit\u00e9 des \u00e9tudiants locataires y ont droit \u2014 ind\u00e9pendamment des revenus de leurs parents.<\/p>\n<h3>Les conditions de base<\/h3>\n<p>Pour avoir droit aux APL en tant qu&rsquo;\u00e9tudiant en 2026, tu dois remplir ces conditions :<\/p>\n<p><strong>\u00catre locataire ou sous-locataire<\/strong> d&rsquo;un logement non meubl\u00e9 ou meubl\u00e9, seul ou en colocation. <strong>Le logement doit \u00eatre ta r\u00e9sidence principale<\/strong> \u2014 pas un logement occup\u00e9 occasionnellement.<\/p>\n<p><strong>Le propri\u00e9taire doit avoir sign\u00e9 une convention APL<\/strong> avec l&rsquo;\u00c9tat (logements conventionn\u00e9s) \u2014 ou ton logement doit entrer dans le champ des aides au logement non conventionn\u00e9es (ALS ou ALF dans ce cas).<\/p>\n<p><strong>R\u00e9sider en France<\/strong> de mani\u00e8re stable. Les \u00e9tudiants \u00e9trangers avec un titre de s\u00e9jour valide sont \u00e9ligibles.<\/p>\n<div class=\"wwc wwc-info\">\n<div class=\"wwc-title\">APL, ALS ou ALF : quelle diff\u00e9rence ?<\/div>\n<p><strong>APL<\/strong> (Aide Personnalis\u00e9e au Logement) : logement conventionn\u00e9 \u00b7 <strong>ALS<\/strong> (Allocation de Logement Sociale) : logement non conventionn\u00e9, \u00e9tudiant sans enfant \u00b7 <strong>ALF<\/strong> (Allocation de Logement Familiale) : \u00e9tudiant avec enfant ou mari\u00e9. La CAF d\u00e9termine automatiquement quelle aide s&rsquo;applique \u00e0 ta situation.<\/p>\n<\/div>\n<h3>Ce qui ne donne PAS droit aux APL<\/h3>\n<p>Tu n&rsquo;as pas droit aux APL si tu es h\u00e9berg\u00e9 chez tes parents (m\u00eame si tu leur paies un loyer informellement), si tu es propri\u00e9taire de ton logement, si tu vis en r\u00e9sidence universitaire CROUS <strong>non conventionn\u00e9e APL<\/strong> (la plupart des CROUS sont conventionn\u00e9s \u2014 v\u00e9rifie), ou si ton loyer est au-dessus d&rsquo;un certain plafond.<\/p>\n<h3>Les revenus pris en compte<\/h3>\n<p>Depuis 2021, le calcul des APL est bas\u00e9 sur les <strong>revenus des 12 derniers mois<\/strong> (et non plus sur les revenus de l&rsquo;ann\u00e9e N-2). Pour la plupart des \u00e9tudiants sans revenus ou avec de faibles revenus, <strong>cela signifie une aide maximale ou quasi-maximale<\/strong>. Les revenus de tes parents ne sont plus pris en compte directement dans le calcul.<\/p>\n<blockquote><p>La r\u00e9forme de 2021 a \u00e9t\u00e9 une excellente nouvelle pour les \u00e9tudiants : le calcul sur les revenus r\u00e9cents plut\u00f4t que sur ceux des parents a consid\u00e9rablement augment\u00e9 le montant des APL pour la majorit\u00e9 des \u00e9tudiants sans revenus propres.<\/p><\/blockquote>\n<h2 id=\"montant-apl-etudiant\">Combien peut-on toucher : les facteurs qui influencent le montant<\/h2>\n<p>Le montant des APL n&rsquo;est pas fixe \u2014 il varie selon plusieurs param\u00e8tres.<\/p>\n<h3>Les quatre facteurs principaux<\/h3>\n<p><strong>Le montant du loyer :<\/strong> plus ton loyer est \u00e9lev\u00e9, plus ton aide peut \u00eatre importante \u2014 dans la limite d&rsquo;un plafond selon la zone g\u00e9ographique.<\/p>\n<p><strong>La zone g\u00e9ographique :<\/strong> les logements en zone tendue (Paris, grandes m\u00e9tropoles) ont des plafonds de loyer plus \u00e9lev\u00e9s, ce qui permet des APL plus importantes.<\/p>\n<p><strong>Tes revenus personnels :<\/strong> si tu travailles \u00e0 c\u00f4t\u00e9 de tes \u00e9tudes, tes revenus r\u00e9duisent partiellement le montant de l&rsquo;aide. Un \u00e9tudiant sans revenus touche le maximum.<\/p>\n<p><strong>La composition de ton foyer :<\/strong> \u00eatre en couple ou avoir des enfants \u00e0 charge modifie le calcul.<\/p>\n<div class=\"wwc wwc-table\" style=\"overflow:auto;max-width:100%\">\n<table>\n<thead>\n<tr>\n<th>Situation<\/th>\n<th>Loyer mensuel<\/th>\n<th>APL estim\u00e9e \/ mois<\/th>\n<\/tr>\n<\/thead>\n<tbody>\n<tr>\n<td>\u00c9tudiant seul, sans revenus, Paris<\/td>\n<td>900 \u20ac<\/td>\n<td>~200 \u2013 260 \u20ac<\/td>\n<\/tr>\n<tr>\n<td>\u00c9tudiant seul, sans revenus, ville moyenne<\/td>\n<td>500 \u20ac<\/td>\n<td>~150 \u2013 200 \u20ac<\/td>\n<\/tr>\n<tr>\n<td>\u00c9tudiant seul, sans revenus, petite ville<\/td>\n<td>350 \u20ac<\/td>\n<td>~100 \u2013 150 \u20ac<\/td>\n<\/tr>\n<tr>\n<td>\u00c9tudiant seul, job \u00e9tudiant 600 \u20ac\/mois<\/td>\n<td>500 \u20ac<\/td>\n<td>~100 \u2013 160 \u20ac<\/td>\n<\/tr>\n<tr>\n<td>Colocation, 2 \u00e9tudiants sans revenus<\/td>\n<td>600 \u20ac (300 \u20ac chacun)<\/td>\n<td>~80 \u2013 130 \u20ac chacun<\/td>\n<\/tr>\n<\/tbody>\n<\/table>\n<\/div>\n<div class=\"wwc wwc-tip\">\n<div class=\"wwc-title\">Simule ton montant exact<\/div>\n<p>Ces chiffres sont indicatifs. Le simulateur officiel sur <strong>caf.fr<\/strong> calcule ton montant exact en quelques minutes selon ta situation r\u00e9elle. <strong>Fais-le avant de chercher ton logement<\/strong> \u2014 \u00e7a peut influencer ton budget.<\/p>\n<\/div>\n<h3>Le plafond de loyer selon la zone<\/h3>\n<p>Les APL ne prennent en compte le loyer que jusqu&rsquo;\u00e0 un certain plafond. Au-del\u00e0, le surplus n&rsquo;est pas pris en compte dans le calcul. En 2026, les plafonds sont approximativement :<\/p>\n<div class=\"wwc wwc-grid\">\n<div class=\"wwc-column wwc-info\">\n<div class=\"wwc-title\">Zone 1 (Paris + IDF)<\/div>\n<p>Plafond loyer : <strong>~295 \u20ac\/mois<\/strong> (pris en compte dans le calcul)<\/p>\n<\/p><\/div>\n<div class=\"wwc-column wwc-star\">\n<div class=\"wwc-title\">Zone 2 (grandes villes)<\/div>\n<p>Plafond loyer : <strong>~255 \u20ac\/mois<\/strong><\/p>\n<\/p><\/div>\n<\/div>\n<h2 id=\"demande-apl-etudiant\">Comment faire sa demande d&rsquo;APL \u00e9tape par \u00e9tape<\/h2>\n<p>La demande se fait enti\u00e8rement en ligne \u2014 et le plus t\u00f4t tu la fais, mieux c&rsquo;est.<\/p>\n<h3>Quand faire sa demande ?<\/h3>\n<p>Fais ta demande <strong>le jour m\u00eame de ton entr\u00e9e dans le logement<\/strong>, ou le plus t\u00f4t possible apr\u00e8s. Les APL ne sont pas r\u00e9troactives au-del\u00e0 du mois de la demande \u2014 chaque mois de retard est un mois d&rsquo;aide perdu d\u00e9finitivement.<\/p>\n<h3>Les \u00e9tapes de la demande<\/h3>\n<p><strong>\u00c9tape 1 :<\/strong> Rends-toi sur <strong>caf.fr<\/strong> et cr\u00e9e ton compte personnel (ou connecte-toi via FranceConnect). M\u00eame si tes parents ont d\u00e9j\u00e0 un compte CAF, <strong>tu dois cr\u00e9er ton propre compte<\/strong> \u00e0 ton nom.<\/p>\n<p><strong>\u00c9tape 2 :<\/strong> Clique sur \u00ab\u00a0Faire une demande d&rsquo;aide au logement\u00a0\u00bb et suis le formulaire en ligne. Tu auras besoin de : ton contrat de bail, le RIB de ton propri\u00e9taire (pour le versement en tiers payant), ton propre RIB, et les informations sur ton logement (adresse, loyer, date d&rsquo;entr\u00e9e).<\/p>\n<p><strong>\u00c9tape 3 :<\/strong> Une fois la demande envoy\u00e9e, la CAF traite le dossier en <strong>2 \u00e0 6 semaines<\/strong>. Le premier versement arrive g\u00e9n\u00e9ralement le mois suivant la validation.<\/p>\n<div class=\"wwc wwc-info\">\n<div class=\"wwc-title\">Le versement en tiers payant<\/div>\n<p>En choisissant le <strong>versement en tiers payant<\/strong>, la CAF verse directement les APL \u00e0 ton propri\u00e9taire, qui d\u00e9duit ce montant de ton loyer. C&rsquo;est la m\u00e9thode la plus simple et celle que pr\u00e9f\u00e8rent la plupart des propri\u00e9taires.<\/p>\n<\/div>\n<h3>Les documents \u00e0 pr\u00e9parer<\/h3>\n<div class=\"wwc wwc-table\" style=\"overflow:auto;max-width:100%\">\n<table>\n<thead>\n<tr>\n<th>Document<\/th>\n<th>Obligatoire ?<\/th>\n<th>O\u00f9 le trouver<\/th>\n<\/tr>\n<\/thead>\n<tbody>\n<tr>\n<td>Contrat de bail sign\u00e9<\/td>\n<td>Oui<\/td>\n<td>Remis par le propri\u00e9taire<\/td>\n<\/tr>\n<tr>\n<td>RIB personnel<\/td>\n<td>Oui<\/td>\n<td>Application bancaire<\/td>\n<\/tr>\n<tr>\n<td>RIB du propri\u00e9taire<\/td>\n<td>Si tiers payant<\/td>\n<td>Demand\u00e9 au propri\u00e9taire<\/td>\n<\/tr>\n<tr>\n<td>Justificatif d&rsquo;identit\u00e9<\/td>\n<td>Oui<\/td>\n<td>CNI ou passeport<\/td>\n<\/tr>\n<tr>\n<td>Justificatif de scolarit\u00e9<\/td>\n<td>Parfois demand\u00e9<\/td>\n<td>Certificat de scolarit\u00e9<\/td>\n<\/tr>\n<\/tbody>\n<\/table>\n<\/div>\n<h2 id=\"apl-cas-particuliers-etudiant\">Les cas particuliers \u00e0 conna\u00eetre absolument<\/h2>\n<p>Certaines situations m\u00e9ritent une attention particuli\u00e8re.<\/p>\n<h3>APL et r\u00e9sidence CROUS<\/h3>\n<p>La majorit\u00e9 des r\u00e9sidences CROUS sont conventionn\u00e9es APL. Si tu loges au CROUS, tu peux donc b\u00e9n\u00e9ficier des APL \u2014 et la d\u00e9marche est identique. Le CROUS peut m\u00eame faire la demande pour toi dans certains cas. <strong>Renseigne-toi aupr\u00e8s de ta r\u00e9sidence CROUS d\u00e8s ton arriv\u00e9e.<\/strong><\/p>\n<h3>APL et colocation<\/h3>\n<p>En colocation, chaque colocataire fait sa propre demande d&rsquo;APL individuellement. Le montant est calcul\u00e9 sur la base de <strong>la part du loyer correspondant \u00e0 chaque colocataire<\/strong>. Si le bail est commun, pr\u00e9cise \u00e0 la CAF le montant du loyer total et le nombre de colocataires.<\/p>\n<h3>APL et logement chez un particulier (location meubl\u00e9e)<\/h3>\n<p>Les locations meubl\u00e9es sont \u00e9ligibles aux APL (ou ALS selon la convention). Si ton propri\u00e9taire est un particulier qui loue meubl\u00e9, il doit avoir sign\u00e9 une convention avec l&rsquo;\u00c9tat \u2014 sinon c&rsquo;est l&rsquo;ALS qui s&rsquo;applique. <strong>Dans les deux cas, tu as droit \u00e0 une aide au logement.<\/strong><\/p>\n<h3>Rattachement au foyer fiscal des parents et APL<\/h3>\n<p>\u00catre rattach\u00e9 au foyer fiscal de tes parents <strong>n&#8217;emp\u00eache pas de toucher les APL<\/strong>. Depuis 2021, le calcul est bas\u00e9 sur tes propres revenus des 12 derniers mois \u2014 pas sur ceux de tes parents. Tu peux donc \u00eatre rattach\u00e9 fiscalement \u00e0 tes parents ET percevoir les APL.<\/p>\n<div class=\"wwc wwc-tip\">\n<div class=\"wwc-title\">Ne tarde pas \u00e0 faire ta demande<\/div>\n<p>Les APL ne sont <strong>jamais vers\u00e9es r\u00e9troactivement<\/strong> sur les mois pr\u00e9c\u00e9dant la demande. Chaque mois de retard est un mois perdu d\u00e9finitivement. Fais ta demande <strong>le jour m\u00eame de ton entr\u00e9e dans le logement<\/strong>.<\/p>\n<\/div>\n<p>Les APL sont souvent l&rsquo;une des premi\u00e8res aides auxquelles un \u00e9tudiant a droit \u2014 et l&rsquo;une des plus importantes financi\u00e8rement. <strong>Quelques centaines d&rsquo;euros par mois, \u00e7a change vraiment la vie quand on est \u00e9tudiant.<\/strong> Ne laisse pas passer cette aide par manque d&rsquo;information ou de d\u00e9marche.<\/p>\n<h2>FAQ<\/h2>\n<h3>Les parents d&rsquo;un \u00e9tudiant peuvent-ils toucher les APL \u00e0 sa place ?<\/h3>\n<p>Non. Les APL sont vers\u00e9es <strong>\u00e0 l&rsquo;\u00e9tudiant lui-m\u00eame<\/strong> (ou directement au propri\u00e9taire en tiers payant). Les parents ne peuvent pas percevoir les APL de leur enfant, m\u00eame s&rsquo;ils paient le loyer.<\/p>\n<h3>Peut-on cumuler APL et bourse sur crit\u00e8res sociaux ?<\/h3>\n<p>Oui, les deux aides sont cumulables. La bourse CROUS et les APL sont deux dispositifs ind\u00e9pendants qui peuvent \u00eatre per\u00e7us simultan\u00e9ment. <strong>Elles ne se soustraient pas l&rsquo;une de l&rsquo;autre.<\/strong><\/p>\n<h3>Les APL sont-elles vers\u00e9es pendant les vacances d&rsquo;\u00e9t\u00e9 ?<\/h3>\n<p>Oui, tant que tu occupes le logement et que ton bail est en cours. Si tu quittes le logement pendant l&rsquo;\u00e9t\u00e9 (fin de bail), les APL s&rsquo;arr\u00eatent \u00e0 la date de fin de contrat. <strong>Informe la CAF de tout changement de situation.<\/strong><\/p>\n<h3>Que se passe-t-il si mon loyer augmente en cours d&rsquo;ann\u00e9e ?<\/h3>\n<p>Tu dois <strong>signaler toute augmentation de loyer \u00e0 la CAF<\/strong> via ton espace personnel. Le montant de l&rsquo;aide sera recalcul\u00e9 en tenant compte du nouveau loyer. Ne pas d\u00e9clarer une hausse de loyer peut entra\u00eener des rappels ou des indus.<\/p>\n<h3>Peut-on toucher les APL si on est en alternance ?<\/h3>\n<p>Oui. Un \u00e9tudiant en alternance qui loue un logement peut percevoir les APL. Sa r\u00e9mun\u00e9ration d&rsquo;alternance est prise en compte dans le calcul, ce qui peut r\u00e9duire l\u00e9g\u00e8rement le montant \u2014 mais <strong>l&rsquo;aide reste souvent significative<\/strong>, surtout pour les salaires d&rsquo;alternance modestes.<\/p>\n<p><script type=\"application\/ld+json\">\n[\n  {\n    \"@context\": \"https:\/\/schema.org\",\n    \"@type\": \"Article\",\n    \"headline\": \"APL \u00e9tudiant 2026 : conditions, montant et demande CAF\",\n    \"description\": \"Tu es \u00e9tudiant et tu veux savoir si tu as droit aux APL ? D\u00e9couvre les conditions, comment estimer ton montant et comment faire ta demande \u00e0 la CAF en 2026.\",\n    \"inLanguage\": \"fr\",\n    \"articleSection\": \"Revenus & Argent\",\n    \"abstract\": \"Guide complet des APL \u00e9tudiants en 2026 : conditions d'\u00e9ligibilit\u00e9, montants par situation et zone g\u00e9ographique, d\u00e9marche de demande sur caf.fr, cas particuliers CROUS, colocation et alternance.\"\n  },\n  {\n    \"@context\": \"https:\/\/schema.org\",\n    \"@type\": \"FAQPage\",\n    \"mainEntity\": [\n      {\n        \"@type\": \"Question\",\n        \"name\": \"Les parents d'un \u00e9tudiant peuvent-ils toucher les APL \u00e0 sa place ?\",\n        \"acceptedAnswer\": {\n          \"@type\": \"Answer\",\n          \"text\": \"Non. Les APL sont vers\u00e9es \u00e0 l'\u00e9tudiant lui-m\u00eame ou directement au propri\u00e9taire en tiers payant. Les parents ne peuvent pas percevoir les APL de leur enfant.\"\n        }\n      },\n      {\n        \"@type\": \"Question\",\n        \"name\": \"Peut-on cumuler APL et bourse sur crit\u00e8res sociaux ?\",\n        \"acceptedAnswer\": {\n          \"@type\": \"Answer\",\n          \"text\": \"Oui, les deux aides sont cumulables. La bourse CROUS et les APL sont deux dispositifs ind\u00e9pendants qui peuvent \u00eatre per\u00e7us simultan\u00e9ment.\"\n        }\n      },\n      {\n        \"@type\": \"Question\",\n        \"name\": \"Les APL sont-elles vers\u00e9es pendant les vacances d'\u00e9t\u00e9 ?\",\n        \"acceptedAnswer\": {\n          \"@type\": \"Answer\",\n          \"text\": \"Oui, tant que tu occupes le logement et que ton bail est en cours. Si tu quittes le logement pendant l'\u00e9t\u00e9, les APL s'arr\u00eatent \u00e0 la date de fin de contrat.\"\n        }\n      },\n      {\n        \"@type\": \"Question\",\n        \"name\": \"Que se passe-t-il si mon loyer augmente en cours d'ann\u00e9e ?\",\n        \"acceptedAnswer\": {\n          \"@type\": \"Answer\",\n          \"text\": \"Tu dois signaler toute augmentation de loyer \u00e0 la CAF via ton espace personnel. Le montant de l'aide sera recalcul\u00e9 en tenant compte du nouveau loyer.\"\n        }\n      },\n      {\n        \"@type\": \"Question\",\n        \"name\": \"Peut-on toucher les APL si on est en alternance ?\",\n        \"acceptedAnswer\": {\n          \"@type\": \"Answer\",\n          \"text\": \"Oui. Un \u00e9tudiant en alternance qui loue un logement peut percevoir les APL. Sa r\u00e9mun\u00e9ration est prise en compte dans le calcul, ce qui peut r\u00e9duire l\u00e9g\u00e8rement le montant, mais l'aide reste souvent significative.\"\n        }\n      }\n    ]\n  }\n]\n<\/script><\/p>\n","protected":false},"excerpt":{"rendered":"<p>APL \u00e9tudiant 2026 : conditions, montant et demande CAF L&rsquo;essentiel \u00e0 retenir : les APL (Aides Personnalis\u00e9es au Logement) sont accessibles \u00e0 la grande majorit\u00e9 des \u00e9tudiants locataires en France. En 2026, le montant moyen tourne autour de 150 \u00e0 250 \u20ac par mois selon la ville et le loyer. La demande se fait en &#8230; <a title=\"APL \u00e9tudiant : conditions, montant et comment faire sa demande \u00e0 la CAF\" class=\"read-more\" href=\"https:\/\/www.apres-lecole.fr\/Blog\/apl-etudiant-conditions-montant\/\" aria-label=\"En savoir plus sur APL \u00e9tudiant : conditions, montant et comment faire sa demande \u00e0 la CAF\">Lire plus<\/a><\/p>\n","protected":false},"author":9,"featured_media":4337,"comment_status":"open","ping_status":"open","sticky":false,"template":"","format":"standard","meta":{"footnotes":""},"categories":[1],"tags":[],"class_list":["post-4336","post","type-post","status-publish","format-standard","has-post-thumbnail","hentry","category-metiers-entreprise"],"yoast_head":"<!-- This site is optimized with the Yoast SEO plugin v27.5 - https:\/\/yoast.com\/product\/yoast-seo-wordpress\/ -->\n<title>APL \u00e9tudiant 2026 : conditions, montant et demande CAF<\/title>\n<meta name=\"description\" content=\"Tu es \u00e9tudiant et tu veux savoir si tu as droit aux APL ? D\u00e9couvre les conditions, comment estimer ton montant et comment faire ta demande \u00e0 la CAF en 2026\" \/>\n<meta name=\"robots\" content=\"index, follow, max-snippet:-1, max-image-preview:large, max-video-preview:-1\" \/>\n<link rel=\"canonical\" href=\"https:\/\/www.apres-lecole.fr\/Blog\/apl-etudiant-conditions-montant\/\" \/>\n<meta property=\"og:locale\" content=\"fr_FR\" \/>\n<meta property=\"og:type\" content=\"article\" \/>\n<meta property=\"og:title\" content=\"APL \u00e9tudiant 2026 : conditions, montant et demande CAF\" \/>\n<meta property=\"og:description\" content=\"Tu es \u00e9tudiant et tu veux savoir si tu as droit aux APL ? D\u00e9couvre les conditions, comment estimer ton montant et comment faire ta demande \u00e0 la CAF en 2026\" \/>\n<meta property=\"og:url\" content=\"https:\/\/www.apres-lecole.fr\/Blog\/apl-etudiant-conditions-montant\/\" \/>\n<meta property=\"article:published_time\" content=\"2026-04-28T09:00:00+00:00\" \/>\n<meta property=\"og:image\" content=\"https:\/\/www.apres-lecole.fr\/Blog\/wp-content\/uploads\/2026\/03\/ChatGPT-Image-29-mars-2026-10_36_20.jpg\" \/>\n\t<meta property=\"og:image:width\" content=\"1536\" \/>\n\t<meta property=\"og:image:height\" content=\"1024\" \/>\n\t<meta property=\"og:image:type\" content=\"image\/jpeg\" \/>\n<meta name=\"author\" content=\"Eva Martin\" \/>\n<meta name=\"twitter:card\" content=\"summary_large_image\" \/>\n<meta name=\"twitter:creator\" content=\"@Evaapresecole\" \/>\n<meta name=\"twitter:label1\" content=\"\u00c9crit par\" \/>\n\t<meta name=\"twitter:data1\" content=\"Eva Martin\" \/>\n\t<meta name=\"twitter:label2\" content=\"Dur\u00e9e de lecture estim\u00e9e\" \/>\n\t<meta name=\"twitter:data2\" content=\"9 minutes\" \/>\n<script type=\"application\/ld+json\" class=\"yoast-schema-graph\">{\"@context\":\"https:\\\/\\\/schema.org\",\"@graph\":[{\"@type\":\"Article\",\"@id\":\"https:\\\/\\\/www.apres-lecole.fr\\\/Blog\\\/apl-etudiant-conditions-montant\\\/#article\",\"isPartOf\":{\"@id\":\"https:\\\/\\\/www.apres-lecole.fr\\\/Blog\\\/apl-etudiant-conditions-montant\\\/\"},\"author\":{\"name\":\"Eva Martin\",\"@id\":\"https:\\\/\\\/www.apres-lecole.fr\\\/Blog\\\/#\\\/schema\\\/person\\\/aeb50cd4b51fc69da155804bb5bb9fc4\"},\"headline\":\"APL \u00e9tudiant : conditions, montant et comment faire sa demande \u00e0 la CAF\",\"datePublished\":\"2026-04-28T09:00:00+00:00\",\"mainEntityOfPage\":{\"@id\":\"https:\\\/\\\/www.apres-lecole.fr\\\/Blog\\\/apl-etudiant-conditions-montant\\\/\"},\"wordCount\":1679,\"commentCount\":0,\"image\":{\"@id\":\"https:\\\/\\\/www.apres-lecole.fr\\\/Blog\\\/apl-etudiant-conditions-montant\\\/#primaryimage\"},\"thumbnailUrl\":\"https:\\\/\\\/www.apres-lecole.fr\\\/Blog\\\/wp-content\\\/uploads\\\/2026\\\/03\\\/ChatGPT-Image-29-mars-2026-10_36_20.jpg\",\"articleSection\":[\"M\u00e9tiers &amp; Entreprise\"],\"inLanguage\":\"fr-FR\",\"potentialAction\":[{\"@type\":\"CommentAction\",\"name\":\"Comment\",\"target\":[\"https:\\\/\\\/www.apres-lecole.fr\\\/Blog\\\/apl-etudiant-conditions-montant\\\/#respond\"]}]},{\"@type\":\"WebPage\",\"@id\":\"https:\\\/\\\/www.apres-lecole.fr\\\/Blog\\\/apl-etudiant-conditions-montant\\\/\",\"url\":\"https:\\\/\\\/www.apres-lecole.fr\\\/Blog\\\/apl-etudiant-conditions-montant\\\/\",\"name\":\"APL \u00e9tudiant 2026 : conditions, montant et demande CAF\",\"isPartOf\":{\"@id\":\"https:\\\/\\\/www.apres-lecole.fr\\\/Blog\\\/#website\"},\"primaryImageOfPage\":{\"@id\":\"https:\\\/\\\/www.apres-lecole.fr\\\/Blog\\\/apl-etudiant-conditions-montant\\\/#primaryimage\"},\"image\":{\"@id\":\"https:\\\/\\\/www.apres-lecole.fr\\\/Blog\\\/apl-etudiant-conditions-montant\\\/#primaryimage\"},\"thumbnailUrl\":\"https:\\\/\\\/www.apres-lecole.fr\\\/Blog\\\/wp-content\\\/uploads\\\/2026\\\/03\\\/ChatGPT-Image-29-mars-2026-10_36_20.jpg\",\"datePublished\":\"2026-04-28T09:00:00+00:00\",\"author\":{\"@id\":\"https:\\\/\\\/www.apres-lecole.fr\\\/Blog\\\/#\\\/schema\\\/person\\\/aeb50cd4b51fc69da155804bb5bb9fc4\"},\"description\":\"Tu es \u00e9tudiant et tu veux savoir si tu as droit aux APL ? D\u00e9couvre les conditions, comment estimer ton montant et comment faire ta demande \u00e0 la CAF en 2026\",\"breadcrumb\":{\"@id\":\"https:\\\/\\\/www.apres-lecole.fr\\\/Blog\\\/apl-etudiant-conditions-montant\\\/#breadcrumb\"},\"inLanguage\":\"fr-FR\",\"potentialAction\":[{\"@type\":\"ReadAction\",\"target\":[\"https:\\\/\\\/www.apres-lecole.fr\\\/Blog\\\/apl-etudiant-conditions-montant\\\/\"]}]},{\"@type\":\"ImageObject\",\"inLanguage\":\"fr-FR\",\"@id\":\"https:\\\/\\\/www.apres-lecole.fr\\\/Blog\\\/apl-etudiant-conditions-montant\\\/#primaryimage\",\"url\":\"https:\\\/\\\/www.apres-lecole.fr\\\/Blog\\\/wp-content\\\/uploads\\\/2026\\\/03\\\/ChatGPT-Image-29-mars-2026-10_36_20.jpg\",\"contentUrl\":\"https:\\\/\\\/www.apres-lecole.fr\\\/Blog\\\/wp-content\\\/uploads\\\/2026\\\/03\\\/ChatGPT-Image-29-mars-2026-10_36_20.jpg\",\"width\":1536,\"height\":1024,\"caption\":\"apl-etudiant-conditions-montant\"},{\"@type\":\"BreadcrumbList\",\"@id\":\"https:\\\/\\\/www.apres-lecole.fr\\\/Blog\\\/apl-etudiant-conditions-montant\\\/#breadcrumb\",\"itemListElement\":[{\"@type\":\"ListItem\",\"position\":1,\"name\":\"Home\",\"item\":\"https:\\\/\\\/www.apres-lecole.fr\\\/Blog\\\/\"},{\"@type\":\"ListItem\",\"position\":2,\"name\":\"APL \u00e9tudiant : conditions, montant et comment faire sa demande \u00e0 la CAF\"}]},{\"@type\":\"WebSite\",\"@id\":\"https:\\\/\\\/www.apres-lecole.fr\\\/Blog\\\/#website\",\"url\":\"https:\\\/\\\/www.apres-lecole.fr\\\/Blog\\\/\",\"name\":\"\",\"description\":\"M\u00e9dia g\u00e9n\u00e9raliste\",\"potentialAction\":[{\"@type\":\"SearchAction\",\"target\":{\"@type\":\"EntryPoint\",\"urlTemplate\":\"https:\\\/\\\/www.apres-lecole.fr\\\/Blog\\\/?s={search_term_string}\"},\"query-input\":{\"@type\":\"PropertyValueSpecification\",\"valueRequired\":true,\"valueName\":\"search_term_string\"}}],\"inLanguage\":\"fr-FR\"},{\"@type\":\"Person\",\"@id\":\"https:\\\/\\\/www.apres-lecole.fr\\\/Blog\\\/#\\\/schema\\\/person\\\/aeb50cd4b51fc69da155804bb5bb9fc4\",\"name\":\"Eva Martin\",\"image\":{\"@type\":\"ImageObject\",\"inLanguage\":\"fr-FR\",\"@id\":\"https:\\\/\\\/secure.gravatar.com\\\/avatar\\\/55c53222558b27a72015a64073a80edce4abd33369394b9bf2c5cd6c19d12682?s=96&d=mm&r=g\",\"url\":\"https:\\\/\\\/secure.gravatar.com\\\/avatar\\\/55c53222558b27a72015a64073a80edce4abd33369394b9bf2c5cd6c19d12682?s=96&d=mm&r=g\",\"contentUrl\":\"https:\\\/\\\/secure.gravatar.com\\\/avatar\\\/55c53222558b27a72015a64073a80edce4abd33369394b9bf2c5cd6c19d12682?s=96&d=mm&r=g\",\"caption\":\"Eva Martin\"},\"description\":\"Je parle de business et d'entrepreneuriat avec des conseils clairs, concrets et actionnables pour r\u00e9ussir\",\"sameAs\":[\"https:\\\/\\\/x.com\\\/Evaapresecole\"],\"url\":\"https:\\\/\\\/www.apres-lecole.fr\\\/Blog\\\/author\\\/evamartin\\\/\"}]}<\/script>\n<!-- \/ Yoast SEO plugin. -->","yoast_head_json":{"title":"APL \u00e9tudiant 2026 : conditions, montant et demande CAF","description":"Tu es \u00e9tudiant et tu veux savoir si tu as droit aux APL ? D\u00e9couvre les conditions, comment estimer ton montant et comment faire ta demande \u00e0 la CAF en 2026","robots":{"index":"index","follow":"follow","max-snippet":"max-snippet:-1","max-image-preview":"max-image-preview:large","max-video-preview":"max-video-preview:-1"},"canonical":"https:\/\/www.apres-lecole.fr\/Blog\/apl-etudiant-conditions-montant\/","og_locale":"fr_FR","og_type":"article","og_title":"APL \u00e9tudiant 2026 : conditions, montant et demande CAF","og_description":"Tu es \u00e9tudiant et tu veux savoir si tu as droit aux APL ? D\u00e9couvre les conditions, comment estimer ton montant et comment faire ta demande \u00e0 la CAF en 2026","og_url":"https:\/\/www.apres-lecole.fr\/Blog\/apl-etudiant-conditions-montant\/","article_published_time":"2026-04-28T09:00:00+00:00","og_image":[{"width":1536,"height":1024,"url":"https:\/\/www.apres-lecole.fr\/Blog\/wp-content\/uploads\/2026\/03\/ChatGPT-Image-29-mars-2026-10_36_20.jpg","type":"image\/jpeg"}],"author":"Eva Martin","twitter_card":"summary_large_image","twitter_creator":"@Evaapresecole","twitter_misc":{"\u00c9crit par":"Eva Martin","Dur\u00e9e de lecture estim\u00e9e":"9 minutes"},"schema":{"@context":"https:\/\/schema.org","@graph":[{"@type":"Article","@id":"https:\/\/www.apres-lecole.fr\/Blog\/apl-etudiant-conditions-montant\/#article","isPartOf":{"@id":"https:\/\/www.apres-lecole.fr\/Blog\/apl-etudiant-conditions-montant\/"},"author":{"name":"Eva Martin","@id":"https:\/\/www.apres-lecole.fr\/Blog\/#\/schema\/person\/aeb50cd4b51fc69da155804bb5bb9fc4"},"headline":"APL \u00e9tudiant : conditions, montant et comment faire sa demande \u00e0 la CAF","datePublished":"2026-04-28T09:00:00+00:00","mainEntityOfPage":{"@id":"https:\/\/www.apres-lecole.fr\/Blog\/apl-etudiant-conditions-montant\/"},"wordCount":1679,"commentCount":0,"image":{"@id":"https:\/\/www.apres-lecole.fr\/Blog\/apl-etudiant-conditions-montant\/#primaryimage"},"thumbnailUrl":"https:\/\/www.apres-lecole.fr\/Blog\/wp-content\/uploads\/2026\/03\/ChatGPT-Image-29-mars-2026-10_36_20.jpg","articleSection":["M\u00e9tiers &amp; Entreprise"],"inLanguage":"fr-FR","potentialAction":[{"@type":"CommentAction","name":"Comment","target":["https:\/\/www.apres-lecole.fr\/Blog\/apl-etudiant-conditions-montant\/#respond"]}]},{"@type":"WebPage","@id":"https:\/\/www.apres-lecole.fr\/Blog\/apl-etudiant-conditions-montant\/","url":"https:\/\/www.apres-lecole.fr\/Blog\/apl-etudiant-conditions-montant\/","name":"APL \u00e9tudiant 2026 : conditions, montant et demande CAF","isPartOf":{"@id":"https:\/\/www.apres-lecole.fr\/Blog\/#website"},"primaryImageOfPage":{"@id":"https:\/\/www.apres-lecole.fr\/Blog\/apl-etudiant-conditions-montant\/#primaryimage"},"image":{"@id":"https:\/\/www.apres-lecole.fr\/Blog\/apl-etudiant-conditions-montant\/#primaryimage"},"thumbnailUrl":"https:\/\/www.apres-lecole.fr\/Blog\/wp-content\/uploads\/2026\/03\/ChatGPT-Image-29-mars-2026-10_36_20.jpg","datePublished":"2026-04-28T09:00:00+00:00","author":{"@id":"https:\/\/www.apres-lecole.fr\/Blog\/#\/schema\/person\/aeb50cd4b51fc69da155804bb5bb9fc4"},"description":"Tu es \u00e9tudiant et tu veux savoir si tu as droit aux APL ? D\u00e9couvre les conditions, comment estimer ton montant et comment faire ta demande \u00e0 la CAF en 2026","breadcrumb":{"@id":"https:\/\/www.apres-lecole.fr\/Blog\/apl-etudiant-conditions-montant\/#breadcrumb"},"inLanguage":"fr-FR","potentialAction":[{"@type":"ReadAction","target":["https:\/\/www.apres-lecole.fr\/Blog\/apl-etudiant-conditions-montant\/"]}]},{"@type":"ImageObject","inLanguage":"fr-FR","@id":"https:\/\/www.apres-lecole.fr\/Blog\/apl-etudiant-conditions-montant\/#primaryimage","url":"https:\/\/www.apres-lecole.fr\/Blog\/wp-content\/uploads\/2026\/03\/ChatGPT-Image-29-mars-2026-10_36_20.jpg","contentUrl":"https:\/\/www.apres-lecole.fr\/Blog\/wp-content\/uploads\/2026\/03\/ChatGPT-Image-29-mars-2026-10_36_20.jpg","width":1536,"height":1024,"caption":"apl-etudiant-conditions-montant"},{"@type":"BreadcrumbList","@id":"https:\/\/www.apres-lecole.fr\/Blog\/apl-etudiant-conditions-montant\/#breadcrumb","itemListElement":[{"@type":"ListItem","position":1,"name":"Home","item":"https:\/\/www.apres-lecole.fr\/Blog\/"},{"@type":"ListItem","position":2,"name":"APL \u00e9tudiant : conditions, montant et comment faire sa demande \u00e0 la CAF"}]},{"@type":"WebSite","@id":"https:\/\/www.apres-lecole.fr\/Blog\/#website","url":"https:\/\/www.apres-lecole.fr\/Blog\/","name":"","description":"M\u00e9dia g\u00e9n\u00e9raliste","potentialAction":[{"@type":"SearchAction","target":{"@type":"EntryPoint","urlTemplate":"https:\/\/www.apres-lecole.fr\/Blog\/?s={search_term_string}"},"query-input":{"@type":"PropertyValueSpecification","valueRequired":true,"valueName":"search_term_string"}}],"inLanguage":"fr-FR"},{"@type":"Person","@id":"https:\/\/www.apres-lecole.fr\/Blog\/#\/schema\/person\/aeb50cd4b51fc69da155804bb5bb9fc4","name":"Eva Martin","image":{"@type":"ImageObject","inLanguage":"fr-FR","@id":"https:\/\/secure.gravatar.com\/avatar\/55c53222558b27a72015a64073a80edce4abd33369394b9bf2c5cd6c19d12682?s=96&d=mm&r=g","url":"https:\/\/secure.gravatar.com\/avatar\/55c53222558b27a72015a64073a80edce4abd33369394b9bf2c5cd6c19d12682?s=96&d=mm&r=g","contentUrl":"https:\/\/secure.gravatar.com\/avatar\/55c53222558b27a72015a64073a80edce4abd33369394b9bf2c5cd6c19d12682?s=96&d=mm&r=g","caption":"Eva Martin"},"description":"Je parle de business et d'entrepreneuriat avec des conseils clairs, concrets et actionnables pour r\u00e9ussir","sameAs":["https:\/\/x.com\/Evaapresecole"],"url":"https:\/\/www.apres-lecole.fr\/Blog\/author\/evamartin\/"}]}},"views":0,"_links":{"self":[{"href":"https:\/\/www.apres-lecole.fr\/Blog\/wp-json\/wp\/v2\/posts\/4336","targetHints":{"allow":["GET"]}}],"collection":[{"href":"https:\/\/www.apres-lecole.fr\/Blog\/wp-json\/wp\/v2\/posts"}],"about":[{"href":"https:\/\/www.apres-lecole.fr\/Blog\/wp-json\/wp\/v2\/types\/post"}],"author":[{"embeddable":true,"href":"https:\/\/www.apres-lecole.fr\/Blog\/wp-json\/wp\/v2\/users\/9"}],"replies":[{"embeddable":true,"href":"https:\/\/www.apres-lecole.fr\/Blog\/wp-json\/wp\/v2\/comments?post=4336"}],"version-history":[{"count":1,"href":"https:\/\/www.apres-lecole.fr\/Blog\/wp-json\/wp\/v2\/posts\/4336\/revisions"}],"predecessor-version":[{"id":4338,"href":"https:\/\/www.apres-lecole.fr\/Blog\/wp-json\/wp\/v2\/posts\/4336\/revisions\/4338"}],"wp:featuredmedia":[{"embeddable":true,"href":"https:\/\/www.apres-lecole.fr\/Blog\/wp-json\/wp\/v2\/media\/4337"}],"wp:attachment":[{"href":"https:\/\/www.apres-lecole.fr\/Blog\/wp-json\/wp\/v2\/media?parent=4336"}],"wp:term":[{"taxonomy":"category","embeddable":true,"href":"https:\/\/www.apres-lecole.fr\/Blog\/wp-json\/wp\/v2\/categories?post=4336"},{"taxonomy":"post_tag","embeddable":true,"href":"https:\/\/www.apres-lecole.fr\/Blog\/wp-json\/wp\/v2\/tags?post=4336"}],"curies":[{"name":"wp","href":"https:\/\/api.w.org\/{rel}","templated":true}]}}