{"id":4333,"date":"2026-04-27T09:00:00","date_gmt":"2026-04-27T09:00:00","guid":{"rendered":"https:\/\/www.apres-lecole.fr\/Blog\/?p=4333"},"modified":"2026-03-29T07:59:15","modified_gmt":"2026-03-29T07:59:15","slug":"prime-activite-conditions-montant","status":"publish","type":"post","link":"https:\/\/www.apres-lecole.fr\/Blog\/prime-activite-conditions-montant\/","title":{"rendered":"Prime d&rsquo;activit\u00e9 : \u00e0 qui \u00e7a s&rsquo;adresse, comment la calculer et comment la demander"},"content":{"rendered":"\n\n<div class=\"kk-star-ratings kksr-auto kksr-align-left kksr-valign-top\"\n    data-payload='{&quot;align&quot;:&quot;left&quot;,&quot;id&quot;:&quot;4333&quot;,&quot;slug&quot;:&quot;default&quot;,&quot;valign&quot;:&quot;top&quot;,&quot;ignore&quot;:&quot;&quot;,&quot;reference&quot;:&quot;auto&quot;,&quot;class&quot;:&quot;&quot;,&quot;count&quot;:&quot;0&quot;,&quot;legendonly&quot;:&quot;&quot;,&quot;readonly&quot;:&quot;&quot;,&quot;score&quot;:&quot;0&quot;,&quot;starsonly&quot;:&quot;&quot;,&quot;best&quot;:&quot;5&quot;,&quot;gap&quot;:&quot;5&quot;,&quot;greet&quot;:&quot;Rate this post&quot;,&quot;legend&quot;:&quot;0\\\/5 - (0 vote)&quot;,&quot;size&quot;:&quot;24&quot;,&quot;title&quot;:&quot;Prime d\\u0026#039;activit\u00e9 : \u00e0 qui \u00e7a s\\u0026#039;adresse, comment la calculer et comment la demander&quot;,&quot;width&quot;:&quot;0&quot;,&quot;_legend&quot;:&quot;{score}\\\/{best} - ({count} {votes})&quot;,&quot;font_factor&quot;:&quot;1.25&quot;}'>\n            \n<div class=\"kksr-stars\">\n    \n<div class=\"kksr-stars-inactive\">\n            <div class=\"kksr-star\" data-star=\"1\" style=\"padding-right: 5px\">\n            \n\n<div class=\"kksr-icon\" style=\"width: 24px; height: 24px;\"><\/div>\n        <\/div>\n            <div class=\"kksr-star\" data-star=\"2\" style=\"padding-right: 5px\">\n            \n\n<div class=\"kksr-icon\" style=\"width: 24px; height: 24px;\"><\/div>\n        <\/div>\n            <div class=\"kksr-star\" data-star=\"3\" style=\"padding-right: 5px\">\n            \n\n<div class=\"kksr-icon\" style=\"width: 24px; height: 24px;\"><\/div>\n        <\/div>\n            <div class=\"kksr-star\" data-star=\"4\" style=\"padding-right: 5px\">\n            \n\n<div class=\"kksr-icon\" style=\"width: 24px; height: 24px;\"><\/div>\n        <\/div>\n            <div class=\"kksr-star\" data-star=\"5\" style=\"padding-right: 5px\">\n            \n\n<div class=\"kksr-icon\" style=\"width: 24px; height: 24px;\"><\/div>\n        <\/div>\n    <\/div>\n    \n<div class=\"kksr-stars-active\" style=\"width: 0px;\">\n            <div class=\"kksr-star\" style=\"padding-right: 5px\">\n            \n\n<div class=\"kksr-icon\" style=\"width: 24px; height: 24px;\"><\/div>\n        <\/div>\n            <div class=\"kksr-star\" style=\"padding-right: 5px\">\n            \n\n<div class=\"kksr-icon\" style=\"width: 24px; height: 24px;\"><\/div>\n        <\/div>\n            <div class=\"kksr-star\" style=\"padding-right: 5px\">\n            \n\n<div class=\"kksr-icon\" style=\"width: 24px; height: 24px;\"><\/div>\n        <\/div>\n            <div class=\"kksr-star\" style=\"padding-right: 5px\">\n            \n\n<div class=\"kksr-icon\" style=\"width: 24px; height: 24px;\"><\/div>\n        <\/div>\n            <div class=\"kksr-star\" style=\"padding-right: 5px\">\n            \n\n<div class=\"kksr-icon\" style=\"width: 24px; height: 24px;\"><\/div>\n        <\/div>\n    <\/div>\n<\/div>\n                \n\n<div class=\"kksr-legend\" style=\"font-size: 19.2px;\">\n            <span class=\"kksr-muted\">Rate this post<\/span>\n    <\/div>\n    <\/div>\n<p><title>Prime d&rsquo;activit\u00e9 2026 : conditions, montant et simulation<\/title><br \/>\n<meta name=\"description\" content=\"Tu travailles et tu gagnes peu ? Tu as peut-\u00eatre droit \u00e0 la prime d'activit\u00e9. D\u00e9couvre les conditions, comment la calculer et comment la demander en 2026.\"><\/p>\n<link rel=\"stylesheet\" href=\"https:\/\/unpkg.com\/@wwclib\/wwc@latest\/wwc.min.css\">\n<script src=\"https:\/\/cdn.jsdelivr.net\/npm\/@alpinejs\/csp@3\/dist\/cdn.min.js\" defer><\/script><\/p>\n<div class='wwc'>\nL&rsquo;essentiel \u00e0 retenir : la prime d&rsquo;activit\u00e9 est une aide vers\u00e9e par la CAF aux personnes qui travaillent et gagnent peu. En 2026, elle concerne environ <strong>4 millions de foyers en France<\/strong>. Le montant moyen est d&rsquo;environ <strong>180 \u20ac par mois<\/strong> \u2014 et beaucoup de b\u00e9n\u00e9ficiaires potentiels ne la demandent pas par manque d&rsquo;information.\n<\/div>\n<p>La prime d&rsquo;activit\u00e9 est l&rsquo;une des aides sociales les plus m\u00e9connues et les plus sous-utilis\u00e9es de France. Des centaines de milliers de personnes y ont droit et ne la demandent pas \u2014 souvent parce qu&rsquo;elles pensent ne pas \u00eatre \u00e9ligibles ou ne savent pas comment faire la demande. Ce guide te explique tout : <strong>qui peut en b\u00e9n\u00e9ficier, comment estimer son montant et comment la demander en 5 minutes<\/strong>.<\/p>\n<ol>\n<li><a href=\"#conditions-prime-activite\">Les conditions pour avoir droit \u00e0 la prime d&rsquo;activit\u00e9<\/a><\/li>\n<li><a href=\"#montant-prime-activite\">Combien peut-on toucher : le calcul expliqu\u00e9 simplement<\/a><\/li>\n<li><a href=\"#demande-prime-activite\">Comment faire sa demande en ligne<\/a><\/li>\n<li><a href=\"#prime-activite-cas-particuliers\">Les cas particuliers \u00e0 conna\u00eetre<\/a><\/li>\n<\/ol>\n<h2 id=\"conditions-prime-activite\">Les conditions pour avoir droit \u00e0 la prime d&rsquo;activit\u00e9<\/h2>\n<p>La prime d&rsquo;activit\u00e9 est ouverte \u00e0 une large population active. Voici les conditions \u00e0 remplir.<\/p>\n<h3>Qui peut en b\u00e9n\u00e9ficier ?<\/h3>\n<p>Pour avoir droit \u00e0 la prime d&rsquo;activit\u00e9 en 2026, tu dois :<\/p>\n<p><strong>Avoir au moins 18 ans.<\/strong> Contrairement \u00e0 d&rsquo;autres aides, la prime d&rsquo;activit\u00e9 est accessible d\u00e8s 18 ans \u2014 y compris aux \u00e9tudiants qui travaillent, m\u00eame \u00e0 temps partiel.<\/p>\n<p><strong>R\u00e9sider en France de mani\u00e8re stable et effective.<\/strong> Les ressortissants \u00e9trangers hors UE doivent justifier d&rsquo;un titre de s\u00e9jour les autorisant \u00e0 travailler depuis au moins 5 ans (sauf exceptions).<\/p>\n<p><strong>Exercer une activit\u00e9 professionnelle<\/strong> \u2014 salari\u00e9e, ind\u00e9pendante ou en alternance. Les demandeurs d&#8217;emploi qui ne travaillent pas n&rsquo;y ont pas droit (c&rsquo;est le RSA qui s&rsquo;applique dans leur cas).<\/p>\n<p><strong>Avoir des revenus d&rsquo;activit\u00e9 sous un certain plafond.<\/strong> En 2026, la prime devient nulle autour de <strong>1,5 SMIC net<\/strong> pour une personne seule, soit environ 2 100 \u20ac nets par mois. Au-del\u00e0, tu n&rsquo;as plus droit \u00e0 la prime.<\/p>\n<div class=\"wwc wwc-info\">\n<div class=\"wwc-title\">Les \u00e9tudiants ont droit \u00e0 la prime d&rsquo;activit\u00e9<\/div>\n<p>Si tu es \u00e9tudiant et que tu travailles \u00e0 c\u00f4t\u00e9 (job \u00e9tudiant, alternance\u2026), tu peux avoir droit \u00e0 la prime d&rsquo;activit\u00e9 <strong>d\u00e8s 18 ans<\/strong>. Condition : tes revenus d&rsquo;activit\u00e9 doivent d\u00e9passer environ 78 \u20ac nets par mois (soit 0,5 fois le montant forfaitaire de base).<\/p>\n<\/div>\n<h3>Qui n&rsquo;a pas droit \u00e0 la prime d&rsquo;activit\u00e9 ?<\/h3>\n<p>Sont exclus : les agents publics titulaires percevant d\u00e9j\u00e0 une indemnit\u00e9 de r\u00e9sidence ou certaines allocations sp\u00e9cifiques, les personnes en cong\u00e9 parental \u00e0 taux plein, les personnes d\u00e9tenues, et les personnes dont les revenus d&rsquo;activit\u00e9 d\u00e9passent le plafond.<\/p>\n<h2 id=\"montant-prime-activite\">Combien peut-on toucher : le calcul expliqu\u00e9 simplement<\/h2>\n<p>Le calcul de la prime d&rsquo;activit\u00e9 est complexe dans le d\u00e9tail, mais voici les grands principes pour estimer ton montant.<\/p>\n<h3>La formule de base<\/h3>\n<p>La prime d&rsquo;activit\u00e9 est calcul\u00e9e \u00e0 partir d&rsquo;une formule qui prend en compte : un <strong>montant forfaitaire de base<\/strong> (environ 622 \u20ac pour une personne seule en 2026), auquel s&rsquo;ajoute un <strong>bonus individuel<\/strong> li\u00e9 \u00e0 tes revenus d&rsquo;activit\u00e9, et duquel sont soustraits tes ressources totales du foyer.<\/p>\n<div class=\"wwc wwc-grid\">\n<div class=\"wwc-column wwc-info\">\n<div class=\"wwc-title\">Montant forfaitaire 2026<\/div>\n<p>Personne seule : <strong>~622 \u20ac\/mois<\/strong><br \/>Couple : ~933 \u20ac\/mois<br \/>+majoration par enfant \u00e0 charge<\/p>\n<\/p><\/div>\n<div class=\"wwc-column wwc-star\">\n<div class=\"wwc-title\">Montant moyen vers\u00e9<\/div>\n<p><strong>~180 \u20ac\/mois<\/strong> pour une personne seule au SMIC<\/p>\n<\/p><\/div>\n<\/div>\n<h3>Exemples concrets de montants en 2026<\/h3>\n<div class=\"wwc wwc-table\" style=\"overflow:auto;max-width:100%\">\n<table>\n<thead>\n<tr>\n<th>Situation<\/th>\n<th>Revenus nets\/mois<\/th>\n<th>Prime d&rsquo;activit\u00e9 estim\u00e9e<\/th>\n<\/tr>\n<\/thead>\n<tbody>\n<tr>\n<td>Personne seule, sans enfant<\/td>\n<td>SMIC (~1 426 \u20ac)<\/td>\n<td>~180 \u20ac<\/td>\n<\/tr>\n<tr>\n<td>Personne seule, sans enfant<\/td>\n<td>1 200 \u20ac nets<\/td>\n<td>~220 \u20ac<\/td>\n<\/tr>\n<tr>\n<td>Personne seule, sans enfant<\/td>\n<td>1 800 \u20ac nets<\/td>\n<td>~50 \u2013 80 \u20ac<\/td>\n<\/tr>\n<tr>\n<td>Couple, 1 seul salaire SMIC<\/td>\n<td>1 426 \u20ac nets<\/td>\n<td>~250 \u2013 300 \u20ac<\/td>\n<\/tr>\n<tr>\n<td>Personne seule, 1 enfant<\/td>\n<td>SMIC (~1 426 \u20ac)<\/td>\n<td>~280 \u2013 320 \u20ac<\/td>\n<\/tr>\n<tr>\n<td>\u00c9tudiant salari\u00e9<\/td>\n<td>600 \u20ac nets<\/td>\n<td>~100 \u2013 150 \u20ac<\/td>\n<\/tr>\n<\/tbody>\n<\/table>\n<\/div>\n<div class=\"wwc wwc-tip\">\n<div class=\"wwc-title\">Ne calcule pas \u00e0 la main \u2014 simule en ligne<\/div>\n<p>Le simulateur officiel de la CAF sur <strong>caf.fr<\/strong> calcule ton montant exact en quelques minutes. Il prend en compte ta situation familiale, tes revenus et ceux de ton foyer. <strong>C&rsquo;est gratuit, anonyme et sans engagement.<\/strong><\/p>\n<\/div>\n<h3>Le bonus individuel : le m\u00e9canisme qui r\u00e9compense le travail<\/h3>\n<p>Plus tu travailles et gagnes, plus ton bonus individuel augmente \u2014 jusqu&rsquo;\u00e0 un pic autour de 0,8 SMIC, puis il diminue progressivement. Ce m\u00e9canisme est con\u00e7u pour que travailler plus soit toujours plus avantageux que de rester sans activit\u00e9. <strong>C&rsquo;est le c\u0153ur du dispositif prime d&rsquo;activit\u00e9.<\/strong><\/p>\n<h2 id=\"demande-prime-activite\">Comment faire sa demande en ligne<\/h2>\n<p>La demande de prime d&rsquo;activit\u00e9 se fait enti\u00e8rement en ligne, en moins de 10 minutes.<\/p>\n<h3>La d\u00e9marche \u00e9tape par \u00e9tape<\/h3>\n<p><strong>\u00c9tape 1 :<\/strong> Rends-toi sur <strong>caf.fr<\/strong> et connecte-toi \u00e0 ton espace personnel (ou cr\u00e9e un compte si tu n&rsquo;en as pas). Tu peux aussi utiliser FranceConnect avec tes identifiants impots.gouv.fr.<\/p>\n<p><strong>\u00c9tape 2 :<\/strong> Lance le simulateur pour v\u00e9rifier que tu es bien \u00e9ligible et estimer ton montant avant de faire la vraie demande.<\/p>\n<p><strong>\u00c9tape 3 :<\/strong> Si tu es \u00e9ligible, clique sur \u00ab\u00a0Faire ma demande de prime d&rsquo;activit\u00e9\u00a0\u00bb dans ton espace Mon Compte. Renseigne tes revenus des 3 derniers mois et la composition de ton foyer.<\/p>\n<p><strong>\u00c9tape 4 :<\/strong> La CAF traite ta demande en <strong>2 \u00e0 4 semaines<\/strong>. Le premier versement intervient le mois suivant la validation, avec effet r\u00e9troactif sur le mois de la demande.<\/p>\n<div class=\"wwc wwc-info\">\n<div class=\"wwc-title\">La d\u00e9claration trimestrielle obligatoire<\/div>\n<p>Une fois accord\u00e9e, la prime d&rsquo;activit\u00e9 doit \u00eatre <strong>actualis\u00e9e tous les 3 mois<\/strong> sur caf.fr en d\u00e9clarant tes revenus du trimestre \u00e9coul\u00e9. Si tu oublies de faire cette d\u00e9claration, le versement est suspendu automatiquement.<\/p>\n<\/div>\n<h3>Les documents n\u00e9cessaires<\/h3>\n<p>Pour faire ta demande, tu auras besoin de : tes bulletins de salaire des 3 derniers mois (ou relev\u00e9s de CA si tu es ind\u00e9pendant), ton RIB, et les informations sur la composition de ton foyer. <strong>Pas besoin d&rsquo;imprimer quoi que ce soit<\/strong> \u2014 tout se fait en ligne.<\/p>\n<h2 id=\"prime-activite-cas-particuliers\">Les cas particuliers \u00e0 conna\u00eetre<\/h2>\n<p>Certaines situations m\u00e9ritent une attention particuli\u00e8re concernant la prime d&rsquo;activit\u00e9.<\/p>\n<h3>La prime d&rsquo;activit\u00e9 pour les auto-entrepreneurs<\/h3>\n<p>Les auto-entrepreneurs ont droit \u00e0 la prime d&rsquo;activit\u00e9. Le calcul est bas\u00e9 sur le <strong>chiffre d&rsquo;affaires apr\u00e8s abattement forfaitaire<\/strong> (71 % pour la vente, 50 % pour les services). Attention : un CA irr\u00e9gulier peut faire varier le montant de la prime d&rsquo;un trimestre \u00e0 l&rsquo;autre.<\/p>\n<h3>La prime d&rsquo;activit\u00e9 en alternance<\/h3>\n<p>Les alternants (apprentis, contrats de professionnalisation) peuvent avoir droit \u00e0 la prime d&rsquo;activit\u00e9. La r\u00e9mun\u00e9ration d&rsquo;alternance est prise en compte dans les ressources du foyer. <strong>Beaucoup d&rsquo;alternants \u00e9ligibles ne la demandent pas<\/strong> \u2014 c&rsquo;est souvent une erreur de quelques centaines d&rsquo;euros par an.<\/p>\n<h3>Le cumul avec d&rsquo;autres aides<\/h3>\n<p>La prime d&rsquo;activit\u00e9 est cumulable avec : les APL (aide au logement), l&rsquo;allocation ch\u00f4mage si tu travailles partiellement, les allocations familiales, et la plupart des autres aides sociales. <strong>Elle ne se soustrait pas automatiquement de tes autres droits.<\/strong><\/p>\n<blockquote><p>La prime d&rsquo;activit\u00e9 est l&rsquo;une des aides les plus sous-utilis\u00e9es de France. Prendre 10 minutes pour simuler son \u00e9ligibilit\u00e9 sur caf.fr peut valoir plusieurs centaines d&rsquo;euros par an. Il n&rsquo;y a aucune raison de s&rsquo;en priver.<\/p><\/blockquote>\n<p>La prime d&rsquo;activit\u00e9 est con\u00e7ue pour r\u00e9compenser le travail, m\u00eame \u00e0 temps partiel ou avec un salaire modeste. Si tu travailles et que tu gagnes moins de <strong>2 000 \u20ac nets par mois<\/strong>, tu as de bonnes chances d&rsquo;y avoir droit. La d\u00e9marche prend 10 minutes et peut te rapporter plusieurs milliers d&rsquo;euros sur l&rsquo;ann\u00e9e.<\/p>\n<h2>FAQ<\/h2>\n<h3>Quel est le plafond de revenus pour toucher la prime d&rsquo;activit\u00e9 en 2026 ?<\/h3>\n<p>Pour une personne seule sans enfant, la prime d&rsquo;activit\u00e9 devient nulle autour de <strong>1,5 SMIC net, soit environ 2 100 \u20ac nets par mois<\/strong>. Le plafond est plus \u00e9lev\u00e9 pour les foyers avec enfants ou avec deux revenus. Seule une simulation sur caf.fr donne le chiffre exact pour ta situation.<\/p>\n<h3>La prime d&rsquo;activit\u00e9 est-elle imposable ?<\/h3>\n<p>Non. La prime d&rsquo;activit\u00e9 est <strong>totalement exon\u00e9r\u00e9e d&rsquo;imp\u00f4t sur le revenu<\/strong>. Elle n&rsquo;est pas \u00e0 d\u00e9clarer dans ta d\u00e9claration annuelle de revenus et ne vient pas s&rsquo;ajouter \u00e0 tes revenus imposables.<\/p>\n<h3>Peut-on toucher la prime d&rsquo;activit\u00e9 en CDD ou en int\u00e9rim ?<\/h3>\n<p>Oui. Le type de contrat n&rsquo;a pas d&rsquo;importance \u2014 CDD, CDI, int\u00e9rim, temps partiel, auto-entrepreneur. <strong>Ce qui compte, c&rsquo;est d&rsquo;avoir une activit\u00e9 professionnelle r\u00e9mun\u00e9r\u00e9e<\/strong> et des revenus sous le plafond.<\/p>\n<h3>Combien de temps faut-il attendre pour recevoir la prime d&rsquo;activit\u00e9 ?<\/h3>\n<p>Apr\u00e8s la demande, la CAF dispose de <strong>2 \u00e0 4 semaines<\/strong> pour traiter le dossier. Le premier versement intervient g\u00e9n\u00e9ralement le mois suivant la validation. La prime est vers\u00e9e le <strong>5 de chaque mois<\/strong> sur le compte bancaire enregistr\u00e9 \u00e0 la CAF.<\/p>\n<h3>Que se passe-t-il si on oublie de faire sa d\u00e9claration trimestrielle ?<\/h3>\n<p>Si tu oublies de d\u00e9clarer tes revenus trimestriels sur caf.fr, le versement de la prime est <strong>automatiquement suspendu<\/strong> jusqu&rsquo;\u00e0 la prochaine d\u00e9claration. Il n&rsquo;y a pas de p\u00e9nalit\u00e9, mais les mois non d\u00e9clar\u00e9s ne sont pas rattrap\u00e9s r\u00e9troactivement.<\/p>\n<p><script type=\"application\/ld+json\">\n[\n  {\n    \"@context\": \"https:\/\/schema.org\",\n    \"@type\": \"Article\",\n    \"headline\": \"Prime d'activit\u00e9 2026 : conditions, montant et simulation\",\n    \"description\": \"Tu travailles et tu gagnes peu ? Tu as peut-\u00eatre droit \u00e0 la prime d'activit\u00e9. D\u00e9couvre les conditions, comment la calculer et comment la demander en 2026.\",\n    \"inLanguage\": \"fr\",\n    \"articleSection\": \"Revenus & Argent\",\n    \"abstract\": \"Guide complet de la prime d'activit\u00e9 en 2026 : conditions d'\u00e9ligibilit\u00e9, montants par situation, formule de calcul, d\u00e9marche de demande sur caf.fr et cas particuliers (auto-entrepreneur, alternant, \u00e9tudiant).\"\n  },\n  {\n    \"@context\": \"https:\/\/schema.org\",\n    \"@type\": \"FAQPage\",\n    \"mainEntity\": [\n      {\n        \"@type\": \"Question\",\n        \"name\": \"Quel est le plafond de revenus pour toucher la prime d'activit\u00e9 en 2026 ?\",\n        \"acceptedAnswer\": {\n          \"@type\": \"Answer\",\n          \"text\": \"Pour une personne seule sans enfant, la prime d'activit\u00e9 devient nulle autour de 1,5 SMIC net, soit environ 2 100 \u20ac nets par mois. Le plafond est plus \u00e9lev\u00e9 pour les foyers avec enfants ou avec deux revenus.\"\n        }\n      },\n      {\n        \"@type\": \"Question\",\n        \"name\": \"La prime d'activit\u00e9 est-elle imposable ?\",\n        \"acceptedAnswer\": {\n          \"@type\": \"Answer\",\n          \"text\": \"Non. La prime d'activit\u00e9 est totalement exon\u00e9r\u00e9e d'imp\u00f4t sur le revenu. Elle n'est pas \u00e0 d\u00e9clarer dans ta d\u00e9claration annuelle de revenus.\"\n        }\n      },\n      {\n        \"@type\": \"Question\",\n        \"name\": \"Peut-on toucher la prime d'activit\u00e9 en CDD ou en int\u00e9rim ?\",\n        \"acceptedAnswer\": {\n          \"@type\": \"Answer\",\n          \"text\": \"Oui. Le type de contrat n'a pas d'importance \u2014 CDD, CDI, int\u00e9rim, temps partiel, auto-entrepreneur. Ce qui compte, c'est d'avoir une activit\u00e9 professionnelle r\u00e9mun\u00e9r\u00e9e et des revenus sous le plafond.\"\n        }\n      },\n      {\n        \"@type\": \"Question\",\n        \"name\": \"Combien de temps faut-il attendre pour recevoir la prime d'activit\u00e9 ?\",\n        \"acceptedAnswer\": {\n          \"@type\": \"Answer\",\n          \"text\": \"Apr\u00e8s la demande, la CAF dispose de 2 \u00e0 4 semaines pour traiter le dossier. Le premier versement intervient g\u00e9n\u00e9ralement le mois suivant la validation, le 5 de chaque mois.\"\n        }\n      },\n      {\n        \"@type\": \"Question\",\n        \"name\": \"Que se passe-t-il si on oublie de faire sa d\u00e9claration trimestrielle ?\",\n        \"acceptedAnswer\": {\n          \"@type\": \"Answer\",\n          \"text\": \"Si tu oublies de d\u00e9clarer tes revenus trimestriels sur caf.fr, le versement de la prime est automatiquement suspendu jusqu'\u00e0 la prochaine d\u00e9claration. Les mois non d\u00e9clar\u00e9s ne sont pas rattrap\u00e9s r\u00e9troactivement.\"\n        }\n      }\n    ]\n  }\n]\n<\/script><\/p>\n","protected":false},"excerpt":{"rendered":"<p>Prime d&rsquo;activit\u00e9 2026 : conditions, montant et simulation L&rsquo;essentiel \u00e0 retenir : la prime d&rsquo;activit\u00e9 est une aide vers\u00e9e par la CAF aux personnes qui travaillent et gagnent peu. En 2026, elle concerne environ 4 millions de foyers en France. Le montant moyen est d&rsquo;environ 180 \u20ac par mois \u2014 et beaucoup de b\u00e9n\u00e9ficiaires potentiels &#8230; <a title=\"Prime d&rsquo;activit\u00e9 : \u00e0 qui \u00e7a s&rsquo;adresse, comment la calculer et comment la demander\" class=\"read-more\" href=\"https:\/\/www.apres-lecole.fr\/Blog\/prime-activite-conditions-montant\/\" aria-label=\"En savoir plus sur Prime d&rsquo;activit\u00e9 : \u00e0 qui \u00e7a s&rsquo;adresse, comment la calculer et comment la demander\">Lire plus<\/a><\/p>\n","protected":false},"author":9,"featured_media":4334,"comment_status":"open","ping_status":"open","sticky":false,"template":"","format":"standard","meta":{"footnotes":""},"categories":[342,1],"tags":[],"class_list":["post-4333","post","type-post","status-publish","format-standard","has-post-thumbnail","hentry","category-actualites","category-metiers-entreprise"],"yoast_head":"<!-- This site is optimized with the Yoast SEO plugin v27.5 - https:\/\/yoast.com\/product\/yoast-seo-wordpress\/ -->\n<title>Prime d&#039;activit\u00e9 2026 : conditions, montant et simulation<\/title>\n<meta name=\"description\" content=\"tu travailles et tu gagnes peu ? Tu as peut-\u00eatre droit \u00e0 la prime d&#039;activit\u00e9. D\u00e9couvre les conditions, comment la calculer et comment la demander en 2026.\" \/>\n<meta name=\"robots\" content=\"index, follow, max-snippet:-1, max-image-preview:large, max-video-preview:-1\" \/>\n<link rel=\"canonical\" href=\"https:\/\/www.apres-lecole.fr\/Blog\/prime-activite-conditions-montant\/\" \/>\n<meta property=\"og:locale\" content=\"fr_FR\" \/>\n<meta property=\"og:type\" content=\"article\" \/>\n<meta property=\"og:title\" content=\"Prime d&#039;activit\u00e9 2026 : conditions, montant et simulation\" \/>\n<meta property=\"og:description\" content=\"tu travailles et tu gagnes peu ? Tu as peut-\u00eatre droit \u00e0 la prime d&#039;activit\u00e9. D\u00e9couvre les conditions, comment la calculer et comment la demander en 2026.\" \/>\n<meta property=\"og:url\" content=\"https:\/\/www.apres-lecole.fr\/Blog\/prime-activite-conditions-montant\/\" \/>\n<meta property=\"article:published_time\" content=\"2026-04-27T09:00:00+00:00\" \/>\n<meta property=\"og:image\" content=\"https:\/\/www.apres-lecole.fr\/Blog\/wp-content\/uploads\/2026\/03\/ChatGPT-Image-29-mars-2026-09_58_51.jpg\" \/>\n\t<meta property=\"og:image:width\" content=\"1536\" \/>\n\t<meta property=\"og:image:height\" content=\"1024\" \/>\n\t<meta property=\"og:image:type\" content=\"image\/jpeg\" \/>\n<meta name=\"author\" content=\"Eva Martin\" \/>\n<meta name=\"twitter:card\" content=\"summary_large_image\" \/>\n<meta name=\"twitter:creator\" content=\"@Evaapresecole\" \/>\n<meta name=\"twitter:label1\" content=\"\u00c9crit par\" \/>\n\t<meta name=\"twitter:data1\" content=\"Eva Martin\" \/>\n\t<meta name=\"twitter:label2\" content=\"Dur\u00e9e de lecture estim\u00e9e\" \/>\n\t<meta name=\"twitter:data2\" content=\"8 minutes\" \/>\n<script type=\"application\/ld+json\" class=\"yoast-schema-graph\">{\"@context\":\"https:\\\/\\\/schema.org\",\"@graph\":[{\"@type\":\"Article\",\"@id\":\"https:\\\/\\\/www.apres-lecole.fr\\\/Blog\\\/prime-activite-conditions-montant\\\/#article\",\"isPartOf\":{\"@id\":\"https:\\\/\\\/www.apres-lecole.fr\\\/Blog\\\/prime-activite-conditions-montant\\\/\"},\"author\":{\"name\":\"Eva Martin\",\"@id\":\"https:\\\/\\\/www.apres-lecole.fr\\\/Blog\\\/#\\\/schema\\\/person\\\/aeb50cd4b51fc69da155804bb5bb9fc4\"},\"headline\":\"Prime d&rsquo;activit\u00e9 : \u00e0 qui \u00e7a s&rsquo;adresse, comment la calculer et comment la demander\",\"datePublished\":\"2026-04-27T09:00:00+00:00\",\"mainEntityOfPage\":{\"@id\":\"https:\\\/\\\/www.apres-lecole.fr\\\/Blog\\\/prime-activite-conditions-montant\\\/\"},\"wordCount\":1464,\"commentCount\":0,\"image\":{\"@id\":\"https:\\\/\\\/www.apres-lecole.fr\\\/Blog\\\/prime-activite-conditions-montant\\\/#primaryimage\"},\"thumbnailUrl\":\"https:\\\/\\\/www.apres-lecole.fr\\\/Blog\\\/wp-content\\\/uploads\\\/2026\\\/03\\\/ChatGPT-Image-29-mars-2026-09_58_51.jpg\",\"articleSection\":[\"Actualit\u00e9s\",\"M\u00e9tiers &amp; Entreprise\"],\"inLanguage\":\"fr-FR\",\"potentialAction\":[{\"@type\":\"CommentAction\",\"name\":\"Comment\",\"target\":[\"https:\\\/\\\/www.apres-lecole.fr\\\/Blog\\\/prime-activite-conditions-montant\\\/#respond\"]}]},{\"@type\":\"WebPage\",\"@id\":\"https:\\\/\\\/www.apres-lecole.fr\\\/Blog\\\/prime-activite-conditions-montant\\\/\",\"url\":\"https:\\\/\\\/www.apres-lecole.fr\\\/Blog\\\/prime-activite-conditions-montant\\\/\",\"name\":\"Prime d'activit\u00e9 2026 : conditions, montant et simulation\",\"isPartOf\":{\"@id\":\"https:\\\/\\\/www.apres-lecole.fr\\\/Blog\\\/#website\"},\"primaryImageOfPage\":{\"@id\":\"https:\\\/\\\/www.apres-lecole.fr\\\/Blog\\\/prime-activite-conditions-montant\\\/#primaryimage\"},\"image\":{\"@id\":\"https:\\\/\\\/www.apres-lecole.fr\\\/Blog\\\/prime-activite-conditions-montant\\\/#primaryimage\"},\"thumbnailUrl\":\"https:\\\/\\\/www.apres-lecole.fr\\\/Blog\\\/wp-content\\\/uploads\\\/2026\\\/03\\\/ChatGPT-Image-29-mars-2026-09_58_51.jpg\",\"datePublished\":\"2026-04-27T09:00:00+00:00\",\"author\":{\"@id\":\"https:\\\/\\\/www.apres-lecole.fr\\\/Blog\\\/#\\\/schema\\\/person\\\/aeb50cd4b51fc69da155804bb5bb9fc4\"},\"description\":\"tu travailles et tu gagnes peu ? Tu as peut-\u00eatre droit \u00e0 la prime d'activit\u00e9. D\u00e9couvre les conditions, comment la calculer et comment la demander en 2026.\",\"breadcrumb\":{\"@id\":\"https:\\\/\\\/www.apres-lecole.fr\\\/Blog\\\/prime-activite-conditions-montant\\\/#breadcrumb\"},\"inLanguage\":\"fr-FR\",\"potentialAction\":[{\"@type\":\"ReadAction\",\"target\":[\"https:\\\/\\\/www.apres-lecole.fr\\\/Blog\\\/prime-activite-conditions-montant\\\/\"]}]},{\"@type\":\"ImageObject\",\"inLanguage\":\"fr-FR\",\"@id\":\"https:\\\/\\\/www.apres-lecole.fr\\\/Blog\\\/prime-activite-conditions-montant\\\/#primaryimage\",\"url\":\"https:\\\/\\\/www.apres-lecole.fr\\\/Blog\\\/wp-content\\\/uploads\\\/2026\\\/03\\\/ChatGPT-Image-29-mars-2026-09_58_51.jpg\",\"contentUrl\":\"https:\\\/\\\/www.apres-lecole.fr\\\/Blog\\\/wp-content\\\/uploads\\\/2026\\\/03\\\/ChatGPT-Image-29-mars-2026-09_58_51.jpg\",\"width\":1536,\"height\":1024,\"caption\":\"prime-activite-conditions-montant\"},{\"@type\":\"BreadcrumbList\",\"@id\":\"https:\\\/\\\/www.apres-lecole.fr\\\/Blog\\\/prime-activite-conditions-montant\\\/#breadcrumb\",\"itemListElement\":[{\"@type\":\"ListItem\",\"position\":1,\"name\":\"Home\",\"item\":\"https:\\\/\\\/www.apres-lecole.fr\\\/Blog\\\/\"},{\"@type\":\"ListItem\",\"position\":2,\"name\":\"Prime d&rsquo;activit\u00e9 : \u00e0 qui \u00e7a s&rsquo;adresse, comment la calculer et comment la demander\"}]},{\"@type\":\"WebSite\",\"@id\":\"https:\\\/\\\/www.apres-lecole.fr\\\/Blog\\\/#website\",\"url\":\"https:\\\/\\\/www.apres-lecole.fr\\\/Blog\\\/\",\"name\":\"\",\"description\":\"M\u00e9dia g\u00e9n\u00e9raliste\",\"potentialAction\":[{\"@type\":\"SearchAction\",\"target\":{\"@type\":\"EntryPoint\",\"urlTemplate\":\"https:\\\/\\\/www.apres-lecole.fr\\\/Blog\\\/?s={search_term_string}\"},\"query-input\":{\"@type\":\"PropertyValueSpecification\",\"valueRequired\":true,\"valueName\":\"search_term_string\"}}],\"inLanguage\":\"fr-FR\"},{\"@type\":\"Person\",\"@id\":\"https:\\\/\\\/www.apres-lecole.fr\\\/Blog\\\/#\\\/schema\\\/person\\\/aeb50cd4b51fc69da155804bb5bb9fc4\",\"name\":\"Eva Martin\",\"image\":{\"@type\":\"ImageObject\",\"inLanguage\":\"fr-FR\",\"@id\":\"https:\\\/\\\/secure.gravatar.com\\\/avatar\\\/55c53222558b27a72015a64073a80edce4abd33369394b9bf2c5cd6c19d12682?s=96&d=mm&r=g\",\"url\":\"https:\\\/\\\/secure.gravatar.com\\\/avatar\\\/55c53222558b27a72015a64073a80edce4abd33369394b9bf2c5cd6c19d12682?s=96&d=mm&r=g\",\"contentUrl\":\"https:\\\/\\\/secure.gravatar.com\\\/avatar\\\/55c53222558b27a72015a64073a80edce4abd33369394b9bf2c5cd6c19d12682?s=96&d=mm&r=g\",\"caption\":\"Eva Martin\"},\"description\":\"Je parle de business et d'entrepreneuriat avec des conseils clairs, concrets et actionnables pour r\u00e9ussir\",\"sameAs\":[\"https:\\\/\\\/x.com\\\/Evaapresecole\"],\"url\":\"https:\\\/\\\/www.apres-lecole.fr\\\/Blog\\\/author\\\/evamartin\\\/\"}]}<\/script>\n<!-- \/ Yoast SEO plugin. -->","yoast_head_json":{"title":"Prime d'activit\u00e9 2026 : conditions, montant et simulation","description":"tu travailles et tu gagnes peu ? Tu as peut-\u00eatre droit \u00e0 la prime d'activit\u00e9. D\u00e9couvre les conditions, comment la calculer et comment la demander en 2026.","robots":{"index":"index","follow":"follow","max-snippet":"max-snippet:-1","max-image-preview":"max-image-preview:large","max-video-preview":"max-video-preview:-1"},"canonical":"https:\/\/www.apres-lecole.fr\/Blog\/prime-activite-conditions-montant\/","og_locale":"fr_FR","og_type":"article","og_title":"Prime d'activit\u00e9 2026 : conditions, montant et simulation","og_description":"tu travailles et tu gagnes peu ? Tu as peut-\u00eatre droit \u00e0 la prime d'activit\u00e9. D\u00e9couvre les conditions, comment la calculer et comment la demander en 2026.","og_url":"https:\/\/www.apres-lecole.fr\/Blog\/prime-activite-conditions-montant\/","article_published_time":"2026-04-27T09:00:00+00:00","og_image":[{"width":1536,"height":1024,"url":"https:\/\/www.apres-lecole.fr\/Blog\/wp-content\/uploads\/2026\/03\/ChatGPT-Image-29-mars-2026-09_58_51.jpg","type":"image\/jpeg"}],"author":"Eva Martin","twitter_card":"summary_large_image","twitter_creator":"@Evaapresecole","twitter_misc":{"\u00c9crit par":"Eva Martin","Dur\u00e9e de lecture estim\u00e9e":"8 minutes"},"schema":{"@context":"https:\/\/schema.org","@graph":[{"@type":"Article","@id":"https:\/\/www.apres-lecole.fr\/Blog\/prime-activite-conditions-montant\/#article","isPartOf":{"@id":"https:\/\/www.apres-lecole.fr\/Blog\/prime-activite-conditions-montant\/"},"author":{"name":"Eva Martin","@id":"https:\/\/www.apres-lecole.fr\/Blog\/#\/schema\/person\/aeb50cd4b51fc69da155804bb5bb9fc4"},"headline":"Prime d&rsquo;activit\u00e9 : \u00e0 qui \u00e7a s&rsquo;adresse, comment la calculer et comment la demander","datePublished":"2026-04-27T09:00:00+00:00","mainEntityOfPage":{"@id":"https:\/\/www.apres-lecole.fr\/Blog\/prime-activite-conditions-montant\/"},"wordCount":1464,"commentCount":0,"image":{"@id":"https:\/\/www.apres-lecole.fr\/Blog\/prime-activite-conditions-montant\/#primaryimage"},"thumbnailUrl":"https:\/\/www.apres-lecole.fr\/Blog\/wp-content\/uploads\/2026\/03\/ChatGPT-Image-29-mars-2026-09_58_51.jpg","articleSection":["Actualit\u00e9s","M\u00e9tiers &amp; Entreprise"],"inLanguage":"fr-FR","potentialAction":[{"@type":"CommentAction","name":"Comment","target":["https:\/\/www.apres-lecole.fr\/Blog\/prime-activite-conditions-montant\/#respond"]}]},{"@type":"WebPage","@id":"https:\/\/www.apres-lecole.fr\/Blog\/prime-activite-conditions-montant\/","url":"https:\/\/www.apres-lecole.fr\/Blog\/prime-activite-conditions-montant\/","name":"Prime d'activit\u00e9 2026 : conditions, montant et simulation","isPartOf":{"@id":"https:\/\/www.apres-lecole.fr\/Blog\/#website"},"primaryImageOfPage":{"@id":"https:\/\/www.apres-lecole.fr\/Blog\/prime-activite-conditions-montant\/#primaryimage"},"image":{"@id":"https:\/\/www.apres-lecole.fr\/Blog\/prime-activite-conditions-montant\/#primaryimage"},"thumbnailUrl":"https:\/\/www.apres-lecole.fr\/Blog\/wp-content\/uploads\/2026\/03\/ChatGPT-Image-29-mars-2026-09_58_51.jpg","datePublished":"2026-04-27T09:00:00+00:00","author":{"@id":"https:\/\/www.apres-lecole.fr\/Blog\/#\/schema\/person\/aeb50cd4b51fc69da155804bb5bb9fc4"},"description":"tu travailles et tu gagnes peu ? Tu as peut-\u00eatre droit \u00e0 la prime d'activit\u00e9. D\u00e9couvre les conditions, comment la calculer et comment la demander en 2026.","breadcrumb":{"@id":"https:\/\/www.apres-lecole.fr\/Blog\/prime-activite-conditions-montant\/#breadcrumb"},"inLanguage":"fr-FR","potentialAction":[{"@type":"ReadAction","target":["https:\/\/www.apres-lecole.fr\/Blog\/prime-activite-conditions-montant\/"]}]},{"@type":"ImageObject","inLanguage":"fr-FR","@id":"https:\/\/www.apres-lecole.fr\/Blog\/prime-activite-conditions-montant\/#primaryimage","url":"https:\/\/www.apres-lecole.fr\/Blog\/wp-content\/uploads\/2026\/03\/ChatGPT-Image-29-mars-2026-09_58_51.jpg","contentUrl":"https:\/\/www.apres-lecole.fr\/Blog\/wp-content\/uploads\/2026\/03\/ChatGPT-Image-29-mars-2026-09_58_51.jpg","width":1536,"height":1024,"caption":"prime-activite-conditions-montant"},{"@type":"BreadcrumbList","@id":"https:\/\/www.apres-lecole.fr\/Blog\/prime-activite-conditions-montant\/#breadcrumb","itemListElement":[{"@type":"ListItem","position":1,"name":"Home","item":"https:\/\/www.apres-lecole.fr\/Blog\/"},{"@type":"ListItem","position":2,"name":"Prime d&rsquo;activit\u00e9 : \u00e0 qui \u00e7a s&rsquo;adresse, comment la calculer et comment la demander"}]},{"@type":"WebSite","@id":"https:\/\/www.apres-lecole.fr\/Blog\/#website","url":"https:\/\/www.apres-lecole.fr\/Blog\/","name":"","description":"M\u00e9dia g\u00e9n\u00e9raliste","potentialAction":[{"@type":"SearchAction","target":{"@type":"EntryPoint","urlTemplate":"https:\/\/www.apres-lecole.fr\/Blog\/?s={search_term_string}"},"query-input":{"@type":"PropertyValueSpecification","valueRequired":true,"valueName":"search_term_string"}}],"inLanguage":"fr-FR"},{"@type":"Person","@id":"https:\/\/www.apres-lecole.fr\/Blog\/#\/schema\/person\/aeb50cd4b51fc69da155804bb5bb9fc4","name":"Eva Martin","image":{"@type":"ImageObject","inLanguage":"fr-FR","@id":"https:\/\/secure.gravatar.com\/avatar\/55c53222558b27a72015a64073a80edce4abd33369394b9bf2c5cd6c19d12682?s=96&d=mm&r=g","url":"https:\/\/secure.gravatar.com\/avatar\/55c53222558b27a72015a64073a80edce4abd33369394b9bf2c5cd6c19d12682?s=96&d=mm&r=g","contentUrl":"https:\/\/secure.gravatar.com\/avatar\/55c53222558b27a72015a64073a80edce4abd33369394b9bf2c5cd6c19d12682?s=96&d=mm&r=g","caption":"Eva Martin"},"description":"Je parle de business et d'entrepreneuriat avec des conseils clairs, concrets et actionnables pour r\u00e9ussir","sameAs":["https:\/\/x.com\/Evaapresecole"],"url":"https:\/\/www.apres-lecole.fr\/Blog\/author\/evamartin\/"}]}},"views":0,"_links":{"self":[{"href":"https:\/\/www.apres-lecole.fr\/Blog\/wp-json\/wp\/v2\/posts\/4333","targetHints":{"allow":["GET"]}}],"collection":[{"href":"https:\/\/www.apres-lecole.fr\/Blog\/wp-json\/wp\/v2\/posts"}],"about":[{"href":"https:\/\/www.apres-lecole.fr\/Blog\/wp-json\/wp\/v2\/types\/post"}],"author":[{"embeddable":true,"href":"https:\/\/www.apres-lecole.fr\/Blog\/wp-json\/wp\/v2\/users\/9"}],"replies":[{"embeddable":true,"href":"https:\/\/www.apres-lecole.fr\/Blog\/wp-json\/wp\/v2\/comments?post=4333"}],"version-history":[{"count":1,"href":"https:\/\/www.apres-lecole.fr\/Blog\/wp-json\/wp\/v2\/posts\/4333\/revisions"}],"predecessor-version":[{"id":4335,"href":"https:\/\/www.apres-lecole.fr\/Blog\/wp-json\/wp\/v2\/posts\/4333\/revisions\/4335"}],"wp:featuredmedia":[{"embeddable":true,"href":"https:\/\/www.apres-lecole.fr\/Blog\/wp-json\/wp\/v2\/media\/4334"}],"wp:attachment":[{"href":"https:\/\/www.apres-lecole.fr\/Blog\/wp-json\/wp\/v2\/media?parent=4333"}],"wp:term":[{"taxonomy":"category","embeddable":true,"href":"https:\/\/www.apres-lecole.fr\/Blog\/wp-json\/wp\/v2\/categories?post=4333"},{"taxonomy":"post_tag","embeddable":true,"href":"https:\/\/www.apres-lecole.fr\/Blog\/wp-json\/wp\/v2\/tags?post=4333"}],"curies":[{"name":"wp","href":"https:\/\/api.w.org\/{rel}","templated":true}]}}