{"id":2850,"date":"2025-12-02T15:18:21","date_gmt":"2025-12-02T15:18:21","guid":{"rendered":"https:\/\/www.apres-lecole.fr\/Blog\/?p=2850"},"modified":"2026-01-05T06:45:59","modified_gmt":"2026-01-05T06:45:59","slug":"formation-preparateur-pharmacie","status":"publish","type":"post","link":"https:\/\/www.apres-lecole.fr\/Blog\/formation-preparateur-pharmacie\/","title":{"rendered":"Formation pr\u00e9parateur en pharmacie greta : comment r\u00e9ussir votre parcours professionnel"},"content":{"rendered":"\n\n<div class=\"kk-star-ratings kksr-auto kksr-align-left kksr-valign-top\"\n    data-payload='{&quot;align&quot;:&quot;left&quot;,&quot;id&quot;:&quot;2850&quot;,&quot;slug&quot;:&quot;default&quot;,&quot;valign&quot;:&quot;top&quot;,&quot;ignore&quot;:&quot;&quot;,&quot;reference&quot;:&quot;auto&quot;,&quot;class&quot;:&quot;&quot;,&quot;count&quot;:&quot;0&quot;,&quot;legendonly&quot;:&quot;&quot;,&quot;readonly&quot;:&quot;&quot;,&quot;score&quot;:&quot;0&quot;,&quot;starsonly&quot;:&quot;&quot;,&quot;best&quot;:&quot;5&quot;,&quot;gap&quot;:&quot;5&quot;,&quot;greet&quot;:&quot;Rate this post&quot;,&quot;legend&quot;:&quot;0\\\/5 - (0 vote)&quot;,&quot;size&quot;:&quot;24&quot;,&quot;title&quot;:&quot;Formation pr\u00e9parateur en pharmacie greta : comment r\u00e9ussir votre parcours professionnel&quot;,&quot;width&quot;:&quot;0&quot;,&quot;_legend&quot;:&quot;{score}\\\/{best} - ({count} {votes})&quot;,&quot;font_factor&quot;:&quot;1.25&quot;}'>\n            \n<div class=\"kksr-stars\">\n    \n<div class=\"kksr-stars-inactive\">\n            <div class=\"kksr-star\" data-star=\"1\" style=\"padding-right: 5px\">\n            \n\n<div class=\"kksr-icon\" style=\"width: 24px; height: 24px;\"><\/div>\n        <\/div>\n            <div class=\"kksr-star\" data-star=\"2\" style=\"padding-right: 5px\">\n            \n\n<div class=\"kksr-icon\" style=\"width: 24px; height: 24px;\"><\/div>\n        <\/div>\n            <div class=\"kksr-star\" data-star=\"3\" style=\"padding-right: 5px\">\n            \n\n<div class=\"kksr-icon\" style=\"width: 24px; height: 24px;\"><\/div>\n        <\/div>\n            <div class=\"kksr-star\" data-star=\"4\" style=\"padding-right: 5px\">\n            \n\n<div class=\"kksr-icon\" style=\"width: 24px; height: 24px;\"><\/div>\n        <\/div>\n            <div class=\"kksr-star\" data-star=\"5\" style=\"padding-right: 5px\">\n            \n\n<div class=\"kksr-icon\" style=\"width: 24px; height: 24px;\"><\/div>\n        <\/div>\n    <\/div>\n    \n<div class=\"kksr-stars-active\" style=\"width: 0px;\">\n            <div class=\"kksr-star\" style=\"padding-right: 5px\">\n            \n\n<div class=\"kksr-icon\" style=\"width: 24px; height: 24px;\"><\/div>\n        <\/div>\n            <div class=\"kksr-star\" style=\"padding-right: 5px\">\n            \n\n<div class=\"kksr-icon\" style=\"width: 24px; height: 24px;\"><\/div>\n        <\/div>\n            <div class=\"kksr-star\" style=\"padding-right: 5px\">\n            \n\n<div class=\"kksr-icon\" style=\"width: 24px; height: 24px;\"><\/div>\n        <\/div>\n            <div class=\"kksr-star\" style=\"padding-right: 5px\">\n            \n\n<div class=\"kksr-icon\" style=\"width: 24px; height: 24px;\"><\/div>\n        <\/div>\n            <div class=\"kksr-star\" style=\"padding-right: 5px\">\n            \n\n<div class=\"kksr-icon\" style=\"width: 24px; height: 24px;\"><\/div>\n        <\/div>\n    <\/div>\n<\/div>\n                \n\n<div class=\"kksr-legend\" style=\"font-size: 19.2px;\">\n            <span class=\"kksr-muted\">Rate this post<\/span>\n    <\/div>\n    <\/div>\n<p><strong>Se lancer dans la formation pr\u00e9parateur en pharmacie<\/strong> via le r\u00e9seau GRETA peut transformer un projet professionnel en carri\u00e8re durable dans la sant\u00e9. Ce parcours, tr\u00e8s ax\u00e9 sur la pratique, combine enseignements techniques, stages en officine et alternance pour vous rendre op\u00e9rationnel\u00b7le rapidement. Ici, le propos \u00e9claire les \u00e9tapes concr\u00e8tes pour int\u00e9grer une formation pr\u00e9parateur en pharmacie, financer votre projet, valider des acquis et r\u00e9ussir votre insertion \u2014 avec des rep\u00e8res pratiques, des exemples et des conseils utiles tir\u00e9s de parcours r\u00e9els. Vous d\u00e9couvrirez aussi comment la <strong>formation pr\u00e9parateur en pharmacie<\/strong> du Greta pr\u00e9pare aux comp\u00e9tences cl\u00e9s demand\u00e9es par le march\u00e9, et quelles portes elle ouvre dans l\u2019officine, l\u2019h\u00f4pital ou l\u2019industrie pharmaceutique. L\u2019exemple r\u00e9current de Sophie, qui a choisi la voie GRETA pour une reconversion r\u00e9ussie, sert de fil conducteur pour illustrer chaque \u00e9tape et vous aider \u00e0 vous projeter. \u00c0 la lecture, vous saurez pr\u00e9cis\u00e9ment quelles d\u00e9marches entreprendre, quelles erreurs \u00e9viter et comment maximiser vos chances de r\u00e9ussite professionnelle.<\/p>\n\n<ul class=\"wp-block-list\"><li><strong>Objectif :<\/strong> comprendre le parcours et r\u00e9ussir la formation pr\u00e9parateur en pharmacie.<\/li><li><strong>Public :<\/strong> candidats en reconversion, jeunes dipl\u00f4m\u00e9s, salari\u00e9s cherchant une certification.<\/li><li><strong>Dur\u00e9e type :<\/strong> 2 ans en alternance ou modularit\u00e9 selon profil.<\/li><li><strong>Financement :<\/strong> CPF, aides locales, VAE et solutions participatives possibles.<\/li><li><strong>Perspectives :<\/strong> officine, h\u00f4pital, industrie et \u00e9volutions vers des postes \u00e0 responsabilit\u00e9s.<\/li><\/ul>\n\n<h2 class=\"wp-block-heading\">Comprendre le m\u00e9tier : r\u00f4le et missions du pr\u00e9parateur en pharmacie<\/h2>\n\n<p>Le pr\u00e9parateur en pharmacie assure la pr\u00e9paration et la d\u00e9livrance des m\u00e9dicaments, le conseil aux patients et la gestion des stocks. Il travaille sous la responsabilit\u00e9 du pharmacien et joue un r\u00f4le central dans la qualit\u00e9 du service d\u00e9livr\u00e9 au comptoir.<\/p>\n\n<p>Ses missions incluent la manipulation des ordonnances, le suivi des dates de p\u00e9remption, la gestion des commandes et l\u2019accueil des patients. Ces t\u00e2ches demandent \u00e0 la fois des connaissances techniques et des comp\u00e9tences relationnelles.<\/p>\n\n<p>Pour illustrer, Sophie a d\u00e9but\u00e9 son stage en officine en tant qu\u2019assistante : elle a rapidement pris en charge la gestion des approvisionnements et le conseil client, preuve que la pratique acc\u00e9l\u00e8re la ma\u00eetrise des comp\u00e9tences. Cet exemple montre que l\u2019immersion en pharmacie est d\u00e9terminante pour progresser.<\/p>\n\n<figure class=\"wp-block-image size-full\"><img decoding=\"async\" width=\"1344\" height=\"768\" src=\"https:\/\/www.apres-lecole.fr\/Blog\/wp-content\/uploads\/2026\/01\/Formation-preparateur-en-pharmacie-greta-comment-reussir-votre-parcours-professionnel-1.jpg\" alt=\"d\u00e9couvrez comment r\u00e9ussir votre parcours professionnel avec la formation pr\u00e9parateur en pharmacie propos\u00e9e par le greta. acqu\u00e9rez les comp\u00e9tences essentielles pour int\u00e9grer le secteur de la sant\u00e9.\" class=\"wp-image-3045\" srcset=\"https:\/\/www.apres-lecole.fr\/Blog\/wp-content\/uploads\/2026\/01\/Formation-preparateur-en-pharmacie-greta-comment-reussir-votre-parcours-professionnel-1.jpg 1344w, https:\/\/www.apres-lecole.fr\/Blog\/wp-content\/uploads\/2026\/01\/Formation-preparateur-en-pharmacie-greta-comment-reussir-votre-parcours-professionnel-1-300x171.jpg 300w, https:\/\/www.apres-lecole.fr\/Blog\/wp-content\/uploads\/2026\/01\/Formation-preparateur-en-pharmacie-greta-comment-reussir-votre-parcours-professionnel-1-1024x585.jpg 1024w, https:\/\/www.apres-lecole.fr\/Blog\/wp-content\/uploads\/2026\/01\/Formation-preparateur-en-pharmacie-greta-comment-reussir-votre-parcours-professionnel-1-768x439.jpg 768w\" sizes=\"(max-width: 1344px) 100vw, 1344px\" \/><\/figure>\n\n<p>Cl\u00e9 : la combinaison pratique\/th\u00e9orie est la base d\u2019un bon d\u00e9marrage dans la profession.<\/p>\n\n<h2 class=\"wp-block-heading\">Public vis\u00e9 et conditions d\u2019acc\u00e8s \u00e0 la formation pr\u00e9parateur en pharmacie Greta<\/h2>\n\n<p>Le r\u00e9seau GRETA cible principalement les adultes en reconversion, les salari\u00e9s et les jeunes ayant un niveau secondaire. L\u2019acc\u00e8s varie selon les centres, mais on retrouve fr\u00e9quemment un niveau CAP\/BEP ou une exp\u00e9rience professionnelle \u00e9quivalente.<\/p>\n\n<p>La VAE (validation des acquis de l\u2019exp\u00e9rience) offre une alternative pour ceux qui justifient d\u2019au moins trois ans d\u2019exp\u00e9rience en lien avec la pharmacie. Cette voie permet d\u2019obtenir la qualification sans suivre l\u2019int\u00e9gralit\u00e9 du cursus.<\/p>\n\n<p>Pour vous inscrire, prenez contact avec le GRETA local, pr\u00e9parez un dossier (CV, justificatifs de dipl\u00f4me ou d\u2019exp\u00e9rience) et souvent une lettre de motivation. Des tests d\u2019entr\u00e9e peuvent \u00eatre demand\u00e9s pour \u00e9valuer vos comp\u00e9tences de base.<\/p>\n\n<p>Ressources pratiques : retrouvez des informations compl\u00e9mentaires et des conseils m\u00e9tiers sur <a href=\"https:\/\/www.apres-lecole.fr\/Blog\/metiers-lettre-p\/\">le guide m\u00e9tiers en P<\/a>.<\/p>\n\n<p>Cl\u00e9 : v\u00e9rifiez les conditions locales du GRETA choisi et anticipez le dossier de candidature.<\/p>\n\n<h2 class=\"wp-block-heading\">Organisation du parcours professionnel pharmacie : programme, alternance et stages<\/h2>\n\n<p>La <strong>formation pr\u00e9parateur en pharmacie<\/strong> propos\u00e9e par les GRETA repose sur une dur\u00e9e souvent de deux ans, modulable selon le rythme (temps plein, partiel ou alternance). Le cursus int\u00e8gre des enseignements th\u00e9oriques et des p\u00e9riodes en milieu professionnel.<\/p>\n\n<p>Modules courants : pharmacologie, chimie pharmaceutique, l\u00e9gislation, techniques de vente et gestion administrative. Ces blocs peuvent \u00eatre organis\u00e9s en modules ind\u00e9pendants pour faciliter la mont\u00e9e en comp\u00e9tences progressive.<\/p>\n\n<figure class=\"wp-block-table\"><table>\n<thead>\n<tr>\n<th>Module<\/th>\n<th>Contenu principal<\/th>\n<th>Comp\u00e9tences vis\u00e9es<\/th>\n<\/tr>\n<\/thead>\n<tbody>\n<tr>\n<td>Pharmacologie<\/td>\n<td>Classes th\u00e9rapeutiques, posologie, effets ind\u00e9sirables<\/td>\n<td>Connaissance des m\u00e9dicaments, s\u00e9curit\u00e9 du patient<\/td>\n<\/tr>\n<tr>\n<td>Techniques de d\u00e9livrance<\/td>\n<td>Lecture d\u2019ordonnances, pr\u00e9parations magistrales<\/td>\n<td>Pr\u00e9cision, rigueur<\/td>\n<\/tr>\n<tr>\n<td>Gestion et logistique<\/td>\n<td>Stocks, commandes, tra\u00e7abilit\u00e9<\/td>\n<td>Organisation, ma\u00eetrise des outils<\/td>\n<\/tr>\n<tr>\n<td>Relation client<\/td>\n<td>Conseil, vente, communication<\/td>\n<td>\u00c9coute, p\u00e9dagogie<\/td>\n<\/tr>\n<\/tbody>\n<\/table><\/figure>\n\n<p>Exemple : pendant son alternance, Sophie a altern\u00e9 deux semaines en centre de formation et deux semaines en officine. Ce rythme lui a permis d\u2019appliquer imm\u00e9diatement les notions vues en cours.<\/p>\n\n<p>Cl\u00e9 : l\u2019alternance et les stages acc\u00e9l\u00e8rent l\u2019employabilit\u00e9 et la confiance professionnelle.<\/p>\n\n<h2 class=\"wp-block-heading\">Financer la formation et valider l\u2019exp\u00e9rience : CPF, aides et VAE<\/h2>\n\n<p>Plusieurs solutions permettent de financer une <strong>formation professionnelle sant\u00e9<\/strong> : le Compte Personnel de Formation (CPF), les aides r\u00e9gionales, les dispositifs de P\u00f4le emploi et parfois la prise en charge par l\u2019employeur.<\/p>\n\n<p>La VAE est une option efficace pour faire reconna\u00eetre une exp\u00e9rience d\u2019au moins trois ans. Le dossier VAE doit d\u00e9tailler les activit\u00e9s et comp\u00e9tences acquises, puis \u00eatre pr\u00e9sent\u00e9 devant un jury.<\/p>\n\n<ul class=\"wp-block-list\"><li>\u00c9tapes pour financer et candidater : contacter le GRETA local, estimer vos heures CPF, pr\u00e9parer un budget compl\u00e9mentaire, solliciter un entretien d\u2019orientation.<\/li><li>Alternative : campagnes de financement participatif pour couvrir les frais non pris en charge.<\/li><li>Astuce : v\u00e9rifier l\u2019\u00e9ligibilit\u00e9 des modules au CPF avant de vous engager.<\/li><\/ul>\n\n<p>Pour des conseils pratiques sur les m\u00e9tiers et la pr\u00e9paration administrative, consultez aussi <a href=\"https:\/\/www.apres-lecole.fr\/Blog\/metiers-lettre-p\/\">la ressource m\u00e9tier<\/a>.<\/p>\n\n<p>Cl\u00e9 : multipliez les sources de financement et anticipez la constitution du dossier VAE pour gagner du temps.<\/p>\n\n<h2 class=\"wp-block-heading\">Comp\u00e9tences, d\u00e9bouch\u00e9s et \u00e9volutions apr\u00e8s la formation pr\u00e9parateur en pharmacie<\/h2>\n\n<p>Les comp\u00e9tences attendues comprennent une solide <strong>connaissance des m\u00e9dicaments<\/strong>, la ma\u00eetrise des proc\u00e9dures de d\u00e9livrance, des qualit\u00e9s relationnelles et une bonne organisation. Les employeurs recherchent \u00e9galement la capacit\u00e9 \u00e0 g\u00e9rer des outils informatiques officinaux.<\/p>\n\n<p>D\u00e9bouch\u00e9s : la majeure partie des dipl\u00f4m\u00e9s travaille en officine, mais des opportunit\u00e9s existent aussi en pharmacie hospitali\u00e8re et dans l\u2019industrie pharmaceutique. Des postes en logistique pharmaceutique ou en gestion d\u2019officine sont possibles avec de l\u2019exp\u00e9rience.<\/p>\n\n<p>\u00c9volutions : apr\u00e8s quelques ann\u00e9es, il est courant de devenir responsable d\u2019\u00e9quipe, formateur interne ou de se sp\u00e9cialiser (phytoth\u00e9rapie, dispositifs m\u00e9dicaux, etc.).<\/p>\n\n<p>Ressource utile pour comprendre les trajectoires : <a href=\"https:\/\/www.apres-lecole.fr\/Blog\/metiers-lettre-p\/\">article orientation et m\u00e9tiers<\/a>.<\/p>\n\n<p>Cl\u00e9 : la formation ouvre des voies diverses, l\u2019important est d\u2019anticiper la sp\u00e9cialisation souhait\u00e9e d\u00e8s le d\u00e9but.<\/p>\n\n<h3 class=\"wp-block-heading\">Conseils pratiques pour r\u00e9ussir votre parcours professionnel pharmacie<\/h3>\n\n<p>Quelques pratiques simples maximisent vos chances de r\u00e9ussite :<\/p>\n\n<ol class=\"wp-block-list\"><li>Pr\u00e9parez un CV orient\u00e9 comp\u00e9tences : mettez en avant stages, missions et responsabilit\u00e9s.<\/li><li>Soignez votre lettre de motivation : explicitez votre projet professionnel et la raison du choix GRETA.<\/li><li>Choisissez un centre GRETA proche d\u2019un bassin d\u2019emploi pharmaceutique pour faciliter les stages.<\/li><li>Travaillez la communication patient : exercices de jeu de r\u00f4le en formation renforcent la confiance.<\/li><li>Anticipez la VAE si vous avez de l\u2019exp\u00e9rience ; cela peut acc\u00e9l\u00e9rer l\u2019obtention du dipl\u00f4me.<\/li><\/ol>\n\n<p>Pour des exemples concrets et des mod\u00e8les de candidature, consultez <a href=\"https:\/\/www.apres-lecole.fr\/Blog\/metiers-lettre-p\/\">les ressources en ligne<\/a>.<\/p>\n\n<p>Cl\u00e9 : la pr\u00e9paration administrative et la mise en valeur de l\u2019exp\u00e9rience sont d\u00e9terminantes.<\/p>\n\n<h2 class=\"wp-block-heading\">Exemples concrets et \u00e9tude de cas : le parcours de Sophie<\/h2>\n\n<p>Sophie, 34 ans, a choisi la <strong>formation pr\u00e9parateur en pharmacie<\/strong> chez GRETA pour se r\u00e9orienter apr\u00e8s une carri\u00e8re dans le commerce. Son projet : allier sens du service et int\u00e9r\u00eat pour la sant\u00e9. Elle a utilis\u00e9 son CPF pour financer les modules de base et a compl\u00e9t\u00e9 par une aide r\u00e9gionale.<\/p>\n\n<p>En alternance, elle a travaill\u00e9 en officine deux jours par semaine puis a encha\u00een\u00e9 des missions plus techniques (pr\u00e9parations, gestion de stock). La VAE lui a ensuite permis de faire reconna\u00eetre son exp\u00e9rience ant\u00e9rieure et d\u2019acc\u00e9l\u00e9rer son insertion.<\/p>\n\n<p>Le r\u00e9sultat : embauche en CDD puis CDI en officine, puis prise de responsabilit\u00e9 sur la gestion des commandes et la formation des nouveaux employ\u00e9s. Le fil conducteur de son succ\u00e8s : volont\u00e9 d\u2019apprendre, pratique r\u00e9guli\u00e8re et capitalisation des exp\u00e9riences.<\/p>\n\n<p>Cl\u00e9 : un parcours adapt\u00e9 et bien financ\u00e9 se traduit souvent par une insertion rapide.<\/p>\n\n<p>Actions concr\u00e8tes \u00e0 entreprendre d\u00e8s maintenant : contactez le GRETA de votre r\u00e9gion, estimez vos droits CPF, pr\u00e9parez un dossier de candidature et identifiez des officines pr\u00eates \u00e0 vous accueillir en alternance.<\/p>\n\n<script type=\"application\/ld+json\">\n{\"@context\":\"https:\/\/schema.org\",\"@type\":\"FAQPage\",\"mainEntity\":[{\"@type\":\"Question\",\"name\":\"Quelle est la duru00e9e habituelle de la formation pru00e9parateur en pharmacie GRETA ?\",\"acceptedAnswer\":{\"@type\":\"Answer\",\"text\":\"La duru00e9e est le plus souvent de deux ans, modulable selon le rythme (alternance, temps partiel ou formation continue). Certains modules peuvent u00eatre suivis indu00e9pendamment selon le profil.\"}},{\"@type\":\"Question\",\"name\":\"Puis-je financer ma formation avec mon Compte Personnel de Formation (CPF) ?\",\"acceptedAnswer\":{\"@type\":\"Answer\",\"text\":\"Oui, de nombreux modules en pru00e9paration pharmaceutique sont u00e9ligibles au CPF. Il est conseillu00e9 de vu00e9rifier lu2019u00e9ligibilitu00e9 des modules et de complu00e9ter par du2019autres aides si nu00e9cessaire.\"}},{\"@type\":\"Question\",\"name\":\"Quu2019est-ce que la VAE et comment lu2019obtenir pour le pru00e9parateur en pharmacie ?\",\"acceptedAnswer\":{\"@type\":\"Answer\",\"text\":\"La VAE permet du2019obtenir la qualification sur la base du2019au moins trois ans du2019expu00e9rience professionnelle. Il faut constituer un dossier du00e9taillu00e9 et le pru00e9senter devant un jury qui u00e9valuera la correspondance entre expu00e9rience et compu00e9tences attendues.\"}},{\"@type\":\"Question\",\"name\":\"Quels du00e9bouchu00e9s apru00e8s la formation pru00e9parateur en pharmacie ?\",\"acceptedAnswer\":{\"@type\":\"Answer\",\"text\":\"Les du00e9bouchu00e9s principaux sont lu2019officine, la pharmacie hospitaliu00e8re et certains postes dans lu2019industrie pharmaceutique. Des u00e9volutions vers des fonctions de responsabilitu00e9 en gestion ou en formation sont possibles.\"}}]}\n<\/script>\n<h3>Quelle est la dur\u00e9e habituelle de la formation pr\u00e9parateur en pharmacie GRETA ?<\/h3>\n<p>La dur\u00e9e est le plus souvent de deux ans, modulable selon le rythme (alternance, temps partiel ou formation continue). Certains modules peuvent \u00eatre suivis ind\u00e9pendamment selon le profil.<\/p>\n<h3>Puis-je financer ma formation avec mon Compte Personnel de Formation (CPF) ?<\/h3>\n<p>Oui, de nombreux modules en pr\u00e9paration pharmaceutique sont \u00e9ligibles au CPF. Il est conseill\u00e9 de v\u00e9rifier l\u2019\u00e9ligibilit\u00e9 des modules et de compl\u00e9ter par d\u2019autres aides si n\u00e9cessaire.<\/p>\n<h3>Qu\u2019est-ce que la VAE et comment l\u2019obtenir pour le pr\u00e9parateur en pharmacie ?<\/h3>\n<p>La VAE permet d\u2019obtenir la qualification sur la base d\u2019au moins trois ans d\u2019exp\u00e9rience professionnelle. Il faut constituer un dossier d\u00e9taill\u00e9 et le pr\u00e9senter devant un jury qui \u00e9valuera la correspondance entre exp\u00e9rience et comp\u00e9tences attendues.<\/p>\n<h3>Quels d\u00e9bouch\u00e9s apr\u00e8s la formation pr\u00e9parateur en pharmacie ?<\/h3>\n<p>Les d\u00e9bouch\u00e9s principaux sont l\u2019officine, la pharmacie hospitali\u00e8re et certains postes dans l\u2019industrie pharmaceutique. Des \u00e9volutions vers des fonctions de responsabilit\u00e9 en gestion ou en formation sont possibles.<\/p>\n\n","protected":false},"excerpt":{"rendered":"<p>Se lancer dans la formation pr\u00e9parateur en pharmacie via le r\u00e9seau GRETA peut transformer un projet professionnel en carri\u00e8re durable dans la sant\u00e9. Ce parcours, tr\u00e8s ax\u00e9 sur la pratique, combine enseignements techniques, stages en officine et alternance pour vous rendre op\u00e9rationnel\u00b7le rapidement. Ici, le propos \u00e9claire les \u00e9tapes concr\u00e8tes pour int\u00e9grer une formation pr\u00e9parateur &#8230; <a title=\"Formation pr\u00e9parateur en pharmacie greta : comment r\u00e9ussir votre parcours professionnel\" class=\"read-more\" href=\"https:\/\/www.apres-lecole.fr\/Blog\/formation-preparateur-pharmacie\/\" aria-label=\"En savoir plus sur Formation pr\u00e9parateur en pharmacie greta : comment r\u00e9ussir votre parcours professionnel\">Lire plus<\/a><\/p>\n","protected":false},"author":9,"featured_media":3044,"comment_status":"open","ping_status":"open","sticky":false,"template":"","format":"standard","meta":{"footnotes":""},"categories":[1],"tags":[],"class_list":["post-2850","post","type-post","status-publish","format-standard","has-post-thumbnail","hentry","category-metiers-entreprise"],"yoast_head":"<!-- This site is optimized with the Yoast SEO plugin v27.5 - https:\/\/yoast.com\/product\/yoast-seo-wordpress\/ -->\n<title>R\u00e9ussir sa formation de pr\u00e9parateur en pharmacie avec Greta<\/title>\n<meta name=\"description\" content=\"D\u00e9couvrez la formation pr\u00e9parateur en pharmacie du Greta et r\u00e9ussissez votre parcours professionnel avec nos conseils pratiques et m\u00e9thodes efficaces.\" \/>\n<meta name=\"robots\" content=\"index, follow, max-snippet:-1, max-image-preview:large, max-video-preview:-1\" \/>\n<link rel=\"canonical\" href=\"https:\/\/www.apres-lecole.fr\/Blog\/formation-preparateur-pharmacie\/\" \/>\n<meta property=\"og:locale\" content=\"fr_FR\" \/>\n<meta property=\"og:type\" content=\"article\" \/>\n<meta property=\"og:title\" content=\"R\u00e9ussir sa formation de pr\u00e9parateur en pharmacie avec Greta\" \/>\n<meta property=\"og:description\" content=\"D\u00e9couvrez la formation pr\u00e9parateur en pharmacie du Greta et r\u00e9ussissez votre parcours professionnel avec nos conseils pratiques et m\u00e9thodes efficaces.\" \/>\n<meta property=\"og:url\" content=\"https:\/\/www.apres-lecole.fr\/Blog\/formation-preparateur-pharmacie\/\" \/>\n<meta property=\"article:published_time\" content=\"2025-12-02T15:18:21+00:00\" \/>\n<meta property=\"article:modified_time\" content=\"2026-01-05T06:45:59+00:00\" \/>\n<meta property=\"og:image\" content=\"https:\/\/www.apres-lecole.fr\/Blog\/wp-content\/uploads\/2025\/12\/Formation-preparateur-en-pharmacie-greta-comment-reussir-votre-parcours-professionnel.jpg\" \/>\n\t<meta property=\"og:image:width\" content=\"1344\" \/>\n\t<meta property=\"og:image:height\" content=\"768\" \/>\n\t<meta property=\"og:image:type\" content=\"image\/jpeg\" \/>\n<meta name=\"author\" content=\"Eva Martin\" \/>\n<meta name=\"twitter:card\" content=\"summary_large_image\" \/>\n<meta name=\"twitter:creator\" content=\"@Evaapresecole\" \/>\n<meta name=\"twitter:label1\" content=\"\u00c9crit par\" \/>\n\t<meta name=\"twitter:data1\" content=\"Eva Martin\" \/>\n\t<meta name=\"twitter:label2\" content=\"Dur\u00e9e de lecture estim\u00e9e\" \/>\n\t<meta name=\"twitter:data2\" content=\"7 minutes\" \/>\n<script type=\"application\/ld+json\" class=\"yoast-schema-graph\">{\"@context\":\"https:\\\/\\\/schema.org\",\"@graph\":[{\"@type\":\"Article\",\"@id\":\"https:\\\/\\\/www.apres-lecole.fr\\\/Blog\\\/formation-preparateur-pharmacie\\\/#article\",\"isPartOf\":{\"@id\":\"https:\\\/\\\/www.apres-lecole.fr\\\/Blog\\\/formation-preparateur-pharmacie\\\/\"},\"author\":{\"name\":\"Eva Martin\",\"@id\":\"https:\\\/\\\/www.apres-lecole.fr\\\/Blog\\\/#\\\/schema\\\/person\\\/aeb50cd4b51fc69da155804bb5bb9fc4\"},\"headline\":\"Formation pr\u00e9parateur en pharmacie greta : comment r\u00e9ussir votre parcours professionnel\",\"datePublished\":\"2025-12-02T15:18:21+00:00\",\"dateModified\":\"2026-01-05T06:45:59+00:00\",\"mainEntityOfPage\":{\"@id\":\"https:\\\/\\\/www.apres-lecole.fr\\\/Blog\\\/formation-preparateur-pharmacie\\\/\"},\"wordCount\":1647,\"commentCount\":0,\"image\":{\"@id\":\"https:\\\/\\\/www.apres-lecole.fr\\\/Blog\\\/formation-preparateur-pharmacie\\\/#primaryimage\"},\"thumbnailUrl\":\"https:\\\/\\\/www.apres-lecole.fr\\\/Blog\\\/wp-content\\\/uploads\\\/2026\\\/01\\\/Formation-preparateur-en-pharmacie-greta-comment-reussir-votre-parcours-professionnel.jpg\",\"articleSection\":[\"M\u00e9tiers &amp; Entreprise\"],\"inLanguage\":\"fr-FR\",\"potentialAction\":[{\"@type\":\"CommentAction\",\"name\":\"Comment\",\"target\":[\"https:\\\/\\\/www.apres-lecole.fr\\\/Blog\\\/formation-preparateur-pharmacie\\\/#respond\"]}]},{\"@type\":\"WebPage\",\"@id\":\"https:\\\/\\\/www.apres-lecole.fr\\\/Blog\\\/formation-preparateur-pharmacie\\\/\",\"url\":\"https:\\\/\\\/www.apres-lecole.fr\\\/Blog\\\/formation-preparateur-pharmacie\\\/\",\"name\":\"R\u00e9ussir sa formation de pr\u00e9parateur en pharmacie avec Greta\",\"isPartOf\":{\"@id\":\"https:\\\/\\\/www.apres-lecole.fr\\\/Blog\\\/#website\"},\"primaryImageOfPage\":{\"@id\":\"https:\\\/\\\/www.apres-lecole.fr\\\/Blog\\\/formation-preparateur-pharmacie\\\/#primaryimage\"},\"image\":{\"@id\":\"https:\\\/\\\/www.apres-lecole.fr\\\/Blog\\\/formation-preparateur-pharmacie\\\/#primaryimage\"},\"thumbnailUrl\":\"https:\\\/\\\/www.apres-lecole.fr\\\/Blog\\\/wp-content\\\/uploads\\\/2026\\\/01\\\/Formation-preparateur-en-pharmacie-greta-comment-reussir-votre-parcours-professionnel.jpg\",\"datePublished\":\"2025-12-02T15:18:21+00:00\",\"dateModified\":\"2026-01-05T06:45:59+00:00\",\"author\":{\"@id\":\"https:\\\/\\\/www.apres-lecole.fr\\\/Blog\\\/#\\\/schema\\\/person\\\/aeb50cd4b51fc69da155804bb5bb9fc4\"},\"description\":\"D\u00e9couvrez la formation pr\u00e9parateur en pharmacie du Greta et r\u00e9ussissez votre parcours professionnel avec nos conseils pratiques et m\u00e9thodes efficaces.\",\"breadcrumb\":{\"@id\":\"https:\\\/\\\/www.apres-lecole.fr\\\/Blog\\\/formation-preparateur-pharmacie\\\/#breadcrumb\"},\"inLanguage\":\"fr-FR\",\"potentialAction\":[{\"@type\":\"ReadAction\",\"target\":[\"https:\\\/\\\/www.apres-lecole.fr\\\/Blog\\\/formation-preparateur-pharmacie\\\/\"]}]},{\"@type\":\"ImageObject\",\"inLanguage\":\"fr-FR\",\"@id\":\"https:\\\/\\\/www.apres-lecole.fr\\\/Blog\\\/formation-preparateur-pharmacie\\\/#primaryimage\",\"url\":\"https:\\\/\\\/www.apres-lecole.fr\\\/Blog\\\/wp-content\\\/uploads\\\/2026\\\/01\\\/Formation-preparateur-en-pharmacie-greta-comment-reussir-votre-parcours-professionnel.jpg\",\"contentUrl\":\"https:\\\/\\\/www.apres-lecole.fr\\\/Blog\\\/wp-content\\\/uploads\\\/2026\\\/01\\\/Formation-preparateur-en-pharmacie-greta-comment-reussir-votre-parcours-professionnel.jpg\",\"width\":1344,\"height\":768,\"caption\":\"d\u00e9couvrez comment r\u00e9ussir votre parcours professionnel avec la formation pr\u00e9parateur en pharmacie propos\u00e9e par le greta. acqu\u00e9rez les comp\u00e9tences essentielles pour une carri\u00e8re r\u00e9ussie dans le secteur pharmaceutique.\"},{\"@type\":\"BreadcrumbList\",\"@id\":\"https:\\\/\\\/www.apres-lecole.fr\\\/Blog\\\/formation-preparateur-pharmacie\\\/#breadcrumb\",\"itemListElement\":[{\"@type\":\"ListItem\",\"position\":1,\"name\":\"Home\",\"item\":\"https:\\\/\\\/www.apres-lecole.fr\\\/Blog\\\/\"},{\"@type\":\"ListItem\",\"position\":2,\"name\":\"Formation pr\u00e9parateur en pharmacie greta : comment r\u00e9ussir votre parcours professionnel\"}]},{\"@type\":\"WebSite\",\"@id\":\"https:\\\/\\\/www.apres-lecole.fr\\\/Blog\\\/#website\",\"url\":\"https:\\\/\\\/www.apres-lecole.fr\\\/Blog\\\/\",\"name\":\"\",\"description\":\"M\u00e9dia g\u00e9n\u00e9raliste\",\"potentialAction\":[{\"@type\":\"SearchAction\",\"target\":{\"@type\":\"EntryPoint\",\"urlTemplate\":\"https:\\\/\\\/www.apres-lecole.fr\\\/Blog\\\/?s={search_term_string}\"},\"query-input\":{\"@type\":\"PropertyValueSpecification\",\"valueRequired\":true,\"valueName\":\"search_term_string\"}}],\"inLanguage\":\"fr-FR\"},{\"@type\":\"Person\",\"@id\":\"https:\\\/\\\/www.apres-lecole.fr\\\/Blog\\\/#\\\/schema\\\/person\\\/aeb50cd4b51fc69da155804bb5bb9fc4\",\"name\":\"Eva Martin\",\"image\":{\"@type\":\"ImageObject\",\"inLanguage\":\"fr-FR\",\"@id\":\"https:\\\/\\\/secure.gravatar.com\\\/avatar\\\/55c53222558b27a72015a64073a80edce4abd33369394b9bf2c5cd6c19d12682?s=96&d=mm&r=g\",\"url\":\"https:\\\/\\\/secure.gravatar.com\\\/avatar\\\/55c53222558b27a72015a64073a80edce4abd33369394b9bf2c5cd6c19d12682?s=96&d=mm&r=g\",\"contentUrl\":\"https:\\\/\\\/secure.gravatar.com\\\/avatar\\\/55c53222558b27a72015a64073a80edce4abd33369394b9bf2c5cd6c19d12682?s=96&d=mm&r=g\",\"caption\":\"Eva Martin\"},\"description\":\"Je parle de business et d'entrepreneuriat avec des conseils clairs, concrets et actionnables pour r\u00e9ussir\",\"sameAs\":[\"https:\\\/\\\/x.com\\\/Evaapresecole\"],\"url\":\"https:\\\/\\\/www.apres-lecole.fr\\\/Blog\\\/author\\\/evamartin\\\/\"}]}<\/script>\n<!-- \/ Yoast SEO plugin. -->","yoast_head_json":{"title":"R\u00e9ussir sa formation de pr\u00e9parateur en pharmacie avec Greta","description":"D\u00e9couvrez la formation pr\u00e9parateur en pharmacie du Greta et r\u00e9ussissez votre parcours professionnel avec nos conseils pratiques et m\u00e9thodes efficaces.","robots":{"index":"index","follow":"follow","max-snippet":"max-snippet:-1","max-image-preview":"max-image-preview:large","max-video-preview":"max-video-preview:-1"},"canonical":"https:\/\/www.apres-lecole.fr\/Blog\/formation-preparateur-pharmacie\/","og_locale":"fr_FR","og_type":"article","og_title":"R\u00e9ussir sa formation de pr\u00e9parateur en pharmacie avec Greta","og_description":"D\u00e9couvrez la formation pr\u00e9parateur en pharmacie du Greta et r\u00e9ussissez votre parcours professionnel avec nos conseils pratiques et m\u00e9thodes efficaces.","og_url":"https:\/\/www.apres-lecole.fr\/Blog\/formation-preparateur-pharmacie\/","article_published_time":"2025-12-02T15:18:21+00:00","article_modified_time":"2026-01-05T06:45:59+00:00","og_image":[{"width":1344,"height":768,"url":"https:\/\/www.apres-lecole.fr\/Blog\/wp-content\/uploads\/2025\/12\/Formation-preparateur-en-pharmacie-greta-comment-reussir-votre-parcours-professionnel.jpg","type":"image\/jpeg"}],"author":"Eva Martin","twitter_card":"summary_large_image","twitter_creator":"@Evaapresecole","twitter_misc":{"\u00c9crit par":"Eva Martin","Dur\u00e9e de lecture estim\u00e9e":"7 minutes"},"schema":{"@context":"https:\/\/schema.org","@graph":[{"@type":"Article","@id":"https:\/\/www.apres-lecole.fr\/Blog\/formation-preparateur-pharmacie\/#article","isPartOf":{"@id":"https:\/\/www.apres-lecole.fr\/Blog\/formation-preparateur-pharmacie\/"},"author":{"name":"Eva Martin","@id":"https:\/\/www.apres-lecole.fr\/Blog\/#\/schema\/person\/aeb50cd4b51fc69da155804bb5bb9fc4"},"headline":"Formation pr\u00e9parateur en pharmacie greta : comment r\u00e9ussir votre parcours professionnel","datePublished":"2025-12-02T15:18:21+00:00","dateModified":"2026-01-05T06:45:59+00:00","mainEntityOfPage":{"@id":"https:\/\/www.apres-lecole.fr\/Blog\/formation-preparateur-pharmacie\/"},"wordCount":1647,"commentCount":0,"image":{"@id":"https:\/\/www.apres-lecole.fr\/Blog\/formation-preparateur-pharmacie\/#primaryimage"},"thumbnailUrl":"https:\/\/www.apres-lecole.fr\/Blog\/wp-content\/uploads\/2026\/01\/Formation-preparateur-en-pharmacie-greta-comment-reussir-votre-parcours-professionnel.jpg","articleSection":["M\u00e9tiers &amp; Entreprise"],"inLanguage":"fr-FR","potentialAction":[{"@type":"CommentAction","name":"Comment","target":["https:\/\/www.apres-lecole.fr\/Blog\/formation-preparateur-pharmacie\/#respond"]}]},{"@type":"WebPage","@id":"https:\/\/www.apres-lecole.fr\/Blog\/formation-preparateur-pharmacie\/","url":"https:\/\/www.apres-lecole.fr\/Blog\/formation-preparateur-pharmacie\/","name":"R\u00e9ussir sa formation de pr\u00e9parateur en pharmacie avec Greta","isPartOf":{"@id":"https:\/\/www.apres-lecole.fr\/Blog\/#website"},"primaryImageOfPage":{"@id":"https:\/\/www.apres-lecole.fr\/Blog\/formation-preparateur-pharmacie\/#primaryimage"},"image":{"@id":"https:\/\/www.apres-lecole.fr\/Blog\/formation-preparateur-pharmacie\/#primaryimage"},"thumbnailUrl":"https:\/\/www.apres-lecole.fr\/Blog\/wp-content\/uploads\/2026\/01\/Formation-preparateur-en-pharmacie-greta-comment-reussir-votre-parcours-professionnel.jpg","datePublished":"2025-12-02T15:18:21+00:00","dateModified":"2026-01-05T06:45:59+00:00","author":{"@id":"https:\/\/www.apres-lecole.fr\/Blog\/#\/schema\/person\/aeb50cd4b51fc69da155804bb5bb9fc4"},"description":"D\u00e9couvrez la formation pr\u00e9parateur en pharmacie du Greta et r\u00e9ussissez votre parcours professionnel avec nos conseils pratiques et m\u00e9thodes efficaces.","breadcrumb":{"@id":"https:\/\/www.apres-lecole.fr\/Blog\/formation-preparateur-pharmacie\/#breadcrumb"},"inLanguage":"fr-FR","potentialAction":[{"@type":"ReadAction","target":["https:\/\/www.apres-lecole.fr\/Blog\/formation-preparateur-pharmacie\/"]}]},{"@type":"ImageObject","inLanguage":"fr-FR","@id":"https:\/\/www.apres-lecole.fr\/Blog\/formation-preparateur-pharmacie\/#primaryimage","url":"https:\/\/www.apres-lecole.fr\/Blog\/wp-content\/uploads\/2026\/01\/Formation-preparateur-en-pharmacie-greta-comment-reussir-votre-parcours-professionnel.jpg","contentUrl":"https:\/\/www.apres-lecole.fr\/Blog\/wp-content\/uploads\/2026\/01\/Formation-preparateur-en-pharmacie-greta-comment-reussir-votre-parcours-professionnel.jpg","width":1344,"height":768,"caption":"d\u00e9couvrez comment r\u00e9ussir votre parcours professionnel avec la formation pr\u00e9parateur en pharmacie propos\u00e9e par le greta. acqu\u00e9rez les comp\u00e9tences essentielles pour une carri\u00e8re r\u00e9ussie dans le secteur pharmaceutique."},{"@type":"BreadcrumbList","@id":"https:\/\/www.apres-lecole.fr\/Blog\/formation-preparateur-pharmacie\/#breadcrumb","itemListElement":[{"@type":"ListItem","position":1,"name":"Home","item":"https:\/\/www.apres-lecole.fr\/Blog\/"},{"@type":"ListItem","position":2,"name":"Formation pr\u00e9parateur en pharmacie greta : comment r\u00e9ussir votre parcours professionnel"}]},{"@type":"WebSite","@id":"https:\/\/www.apres-lecole.fr\/Blog\/#website","url":"https:\/\/www.apres-lecole.fr\/Blog\/","name":"","description":"M\u00e9dia g\u00e9n\u00e9raliste","potentialAction":[{"@type":"SearchAction","target":{"@type":"EntryPoint","urlTemplate":"https:\/\/www.apres-lecole.fr\/Blog\/?s={search_term_string}"},"query-input":{"@type":"PropertyValueSpecification","valueRequired":true,"valueName":"search_term_string"}}],"inLanguage":"fr-FR"},{"@type":"Person","@id":"https:\/\/www.apres-lecole.fr\/Blog\/#\/schema\/person\/aeb50cd4b51fc69da155804bb5bb9fc4","name":"Eva Martin","image":{"@type":"ImageObject","inLanguage":"fr-FR","@id":"https:\/\/secure.gravatar.com\/avatar\/55c53222558b27a72015a64073a80edce4abd33369394b9bf2c5cd6c19d12682?s=96&d=mm&r=g","url":"https:\/\/secure.gravatar.com\/avatar\/55c53222558b27a72015a64073a80edce4abd33369394b9bf2c5cd6c19d12682?s=96&d=mm&r=g","contentUrl":"https:\/\/secure.gravatar.com\/avatar\/55c53222558b27a72015a64073a80edce4abd33369394b9bf2c5cd6c19d12682?s=96&d=mm&r=g","caption":"Eva Martin"},"description":"Je parle de business et d'entrepreneuriat avec des conseils clairs, concrets et actionnables pour r\u00e9ussir","sameAs":["https:\/\/x.com\/Evaapresecole"],"url":"https:\/\/www.apres-lecole.fr\/Blog\/author\/evamartin\/"}]}},"views":673,"_links":{"self":[{"href":"https:\/\/www.apres-lecole.fr\/Blog\/wp-json\/wp\/v2\/posts\/2850","targetHints":{"allow":["GET"]}}],"collection":[{"href":"https:\/\/www.apres-lecole.fr\/Blog\/wp-json\/wp\/v2\/posts"}],"about":[{"href":"https:\/\/www.apres-lecole.fr\/Blog\/wp-json\/wp\/v2\/types\/post"}],"author":[{"embeddable":true,"href":"https:\/\/www.apres-lecole.fr\/Blog\/wp-json\/wp\/v2\/users\/9"}],"replies":[{"embeddable":true,"href":"https:\/\/www.apres-lecole.fr\/Blog\/wp-json\/wp\/v2\/comments?post=2850"}],"version-history":[{"count":2,"href":"https:\/\/www.apres-lecole.fr\/Blog\/wp-json\/wp\/v2\/posts\/2850\/revisions"}],"predecessor-version":[{"id":3046,"href":"https:\/\/www.apres-lecole.fr\/Blog\/wp-json\/wp\/v2\/posts\/2850\/revisions\/3046"}],"wp:featuredmedia":[{"embeddable":true,"href":"https:\/\/www.apres-lecole.fr\/Blog\/wp-json\/wp\/v2\/media\/3044"}],"wp:attachment":[{"href":"https:\/\/www.apres-lecole.fr\/Blog\/wp-json\/wp\/v2\/media?parent=2850"}],"wp:term":[{"taxonomy":"category","embeddable":true,"href":"https:\/\/www.apres-lecole.fr\/Blog\/wp-json\/wp\/v2\/categories?post=2850"},{"taxonomy":"post_tag","embeddable":true,"href":"https:\/\/www.apres-lecole.fr\/Blog\/wp-json\/wp\/v2\/tags?post=2850"}],"curies":[{"name":"wp","href":"https:\/\/api.w.org\/{rel}","templated":true}]}}