{"id":2844,"date":"2025-12-04T13:27:46","date_gmt":"2025-12-04T13:27:46","guid":{"rendered":"https:\/\/www.apres-lecole.fr\/Blog\/?p=2844"},"modified":"2026-01-02T06:34:41","modified_gmt":"2026-01-02T06:34:41","slug":"heures-travail-jour-semaine","status":"publish","type":"post","link":"https:\/\/www.apres-lecole.fr\/Blog\/heures-travail-jour-semaine\/","title":{"rendered":"Combien d&rsquo;heure par jour pour travailler h par semaine efficacement"},"content":{"rendered":"\n\n<div class=\"kk-star-ratings kksr-auto kksr-align-left kksr-valign-top\"\n    data-payload='{&quot;align&quot;:&quot;left&quot;,&quot;id&quot;:&quot;2844&quot;,&quot;slug&quot;:&quot;default&quot;,&quot;valign&quot;:&quot;top&quot;,&quot;ignore&quot;:&quot;&quot;,&quot;reference&quot;:&quot;auto&quot;,&quot;class&quot;:&quot;&quot;,&quot;count&quot;:&quot;0&quot;,&quot;legendonly&quot;:&quot;&quot;,&quot;readonly&quot;:&quot;&quot;,&quot;score&quot;:&quot;0&quot;,&quot;starsonly&quot;:&quot;&quot;,&quot;best&quot;:&quot;5&quot;,&quot;gap&quot;:&quot;5&quot;,&quot;greet&quot;:&quot;Rate this post&quot;,&quot;legend&quot;:&quot;0\\\/5 - (0 vote)&quot;,&quot;size&quot;:&quot;24&quot;,&quot;title&quot;:&quot;Combien d\\u0026#039;heure par jour pour travailler h par semaine efficacement&quot;,&quot;width&quot;:&quot;0&quot;,&quot;_legend&quot;:&quot;{score}\\\/{best} - ({count} {votes})&quot;,&quot;font_factor&quot;:&quot;1.25&quot;}'>\n            \n<div class=\"kksr-stars\">\n    \n<div class=\"kksr-stars-inactive\">\n            <div class=\"kksr-star\" data-star=\"1\" style=\"padding-right: 5px\">\n            \n\n<div class=\"kksr-icon\" style=\"width: 24px; height: 24px;\"><\/div>\n        <\/div>\n            <div class=\"kksr-star\" data-star=\"2\" style=\"padding-right: 5px\">\n            \n\n<div class=\"kksr-icon\" style=\"width: 24px; height: 24px;\"><\/div>\n        <\/div>\n            <div class=\"kksr-star\" data-star=\"3\" style=\"padding-right: 5px\">\n            \n\n<div class=\"kksr-icon\" style=\"width: 24px; height: 24px;\"><\/div>\n        <\/div>\n            <div class=\"kksr-star\" data-star=\"4\" style=\"padding-right: 5px\">\n            \n\n<div class=\"kksr-icon\" style=\"width: 24px; height: 24px;\"><\/div>\n        <\/div>\n            <div class=\"kksr-star\" data-star=\"5\" style=\"padding-right: 5px\">\n            \n\n<div class=\"kksr-icon\" style=\"width: 24px; height: 24px;\"><\/div>\n        <\/div>\n    <\/div>\n    \n<div class=\"kksr-stars-active\" style=\"width: 0px;\">\n            <div class=\"kksr-star\" style=\"padding-right: 5px\">\n            \n\n<div class=\"kksr-icon\" style=\"width: 24px; height: 24px;\"><\/div>\n        <\/div>\n            <div class=\"kksr-star\" style=\"padding-right: 5px\">\n            \n\n<div class=\"kksr-icon\" style=\"width: 24px; height: 24px;\"><\/div>\n        <\/div>\n            <div class=\"kksr-star\" style=\"padding-right: 5px\">\n            \n\n<div class=\"kksr-icon\" style=\"width: 24px; height: 24px;\"><\/div>\n        <\/div>\n            <div class=\"kksr-star\" style=\"padding-right: 5px\">\n            \n\n<div class=\"kksr-icon\" style=\"width: 24px; height: 24px;\"><\/div>\n        <\/div>\n            <div class=\"kksr-star\" style=\"padding-right: 5px\">\n            \n\n<div class=\"kksr-icon\" style=\"width: 24px; height: 24px;\"><\/div>\n        <\/div>\n    <\/div>\n<\/div>\n                \n\n<div class=\"kksr-legend\" style=\"font-size: 19.2px;\">\n            <span class=\"kksr-muted\">Rate this post<\/span>\n    <\/div>\n    <\/div>\n<p>Se poser la question de <strong>combien d&rsquo;heures par jour<\/strong> pour atteindre un total hebdomadaire donn\u00e9 revient \u00e0 arbitrer entre <strong>temps de travail<\/strong>, qualit\u00e9 de vie et rendement. Cet article explique, avec des exemples concrets et des r\u00e8gles pratiques, comment convertir un objectif en <strong>heures par semaine<\/strong> en plages journali\u00e8res r\u00e9alistes, tout en respectant la l\u00e9gislation et en maximisant l\u2019<strong>efficacit\u00e9 au travail<\/strong>. Que vous envisagiez 24 heures par semaine ou une autre dur\u00e9e, le propos couvre la r\u00e9partition possible sur 3 \u00e0 6 jours, les limites l\u00e9gales (pauses, amplitude, repos hebdomadaire), l\u2019impact sur la <strong>productivit\u00e9<\/strong> et des m\u00e9thodes simples pour am\u00e9liorer la <strong>gestion du temps<\/strong> au quotidien. Les exemples s\u2019appuient sur des ordres de grandeur et des pratiques test\u00e9es en entreprise et dans l\u2019\u00e9ducation, afin de vous aider \u00e0 choisir une organisation qui prot\u00e8ge la sant\u00e9, r\u00e9duit la <strong>charge de travail<\/strong> per\u00e7ue et favorise un r\u00e9el <strong>\u00e9quilibre vie professionnelle<\/strong> \u2014 sans sacrifier la <strong>performance<\/strong>.<\/p>\n\n<ul class=\"wp-block-list\"><li><strong>Objectif<\/strong> : convertir un total hebdomadaire en plages journali\u00e8res adapt\u00e9es.<\/li><li><strong>Options<\/strong> : 3 \u00e0 6 jours possibles selon vos priorit\u00e9s (concentration vs. jours libres).<\/li><li><strong>Contraintes l\u00e9gales<\/strong> : pause d\u00e8s 6 h, maximum 10 h\/jour sauf exception, repos hebdo 35 h.<\/li><li><strong>M\u00e9thodes<\/strong> : blocs de travail, Pomodoro, priorisation et suivi du temps.<\/li><li><strong>Ressources<\/strong> : guides pratiques pour la gestion du temps et l\u2019organisation du travail.<\/li><\/ul>\n\n<h2 class=\"wp-block-heading\">Combien d&rsquo;heures par jour pour travailler h par semaine efficacement : principes et conversion<\/h2>\n\n<p>La conversion la plus directe consiste \u00e0 diviser le total d\u2019<strong>heures par semaine<\/strong> par le nombre de jours travaill\u00e9s. Par exemple, pour <strong>24 heures<\/strong> hebdomadaires : travailler sur 6 jours fait ~4 h\/jour ; sur 5 jours, ~4 h 48 min\/jour ; sur 4 jours, 6 h\/jour ; sur 3 jours, 8 h\/jour. Chaque r\u00e9partition modifie l\u2019<strong>organisation du travail<\/strong> et la gestion de l\u2019\u00e9nergie.<\/p>\n\n<p>Ces choix influencent la <strong>productivit\u00e9<\/strong> : des journ\u00e9es plus courtes favorisent la r\u00e9gularit\u00e9 et limitent la fatigue, tandis que des journ\u00e9es group\u00e9es offrent des blocs plus longs pour le travail profond.<\/p>\n\n<figure class=\"wp-block-image size-full\"><img decoding=\"async\" width=\"1344\" height=\"768\" src=\"https:\/\/www.apres-lecole.fr\/Blog\/wp-content\/uploads\/2026\/01\/Combien-dheure-par-jour-pour-travailler-h-par-semaine-efficacement-1.jpg\" alt=\"d\u00e9couvrez combien d&#039;heures par jour travailler pour atteindre efficacement h heures par semaine tout en optimisant votre productivit\u00e9 et votre \u00e9quilibre vie professionnelle-personnelle.\" class=\"wp-image-3009\" srcset=\"https:\/\/www.apres-lecole.fr\/Blog\/wp-content\/uploads\/2026\/01\/Combien-dheure-par-jour-pour-travailler-h-par-semaine-efficacement-1.jpg 1344w, https:\/\/www.apres-lecole.fr\/Blog\/wp-content\/uploads\/2026\/01\/Combien-dheure-par-jour-pour-travailler-h-par-semaine-efficacement-1-300x171.jpg 300w, https:\/\/www.apres-lecole.fr\/Blog\/wp-content\/uploads\/2026\/01\/Combien-dheure-par-jour-pour-travailler-h-par-semaine-efficacement-1-1024x585.jpg 1024w, https:\/\/www.apres-lecole.fr\/Blog\/wp-content\/uploads\/2026\/01\/Combien-dheure-par-jour-pour-travailler-h-par-semaine-efficacement-1-768x439.jpg 768w\" sizes=\"(max-width: 1344px) 100vw, 1344px\" \/><\/figure>\n\n<h3 class=\"wp-block-heading\">Tableau de conversion : heures par jour selon le nombre de jours travaill\u00e9s<\/h3>\n\n<figure class=\"wp-block-table\"><table>\n<thead>\n<tr>\n<th>Jours travaill\u00e9s par semaine<\/th>\n<th><strong>Heures par jour<\/strong> (pour 24 h\/semaine)<\/th>\n<th>Avantage principal<\/th>\n<\/tr>\n<\/thead>\n<tbody>\n<tr>\n<td>6 jours<\/td>\n<td><strong>4 h \/ jour<\/strong><\/td>\n<td>Routine quotidienne l\u00e9g\u00e8re<\/td>\n<\/tr>\n<tr>\n<td>5 jours<\/td>\n<td><strong>4 h 48 min \/ jour<\/strong><\/td>\n<td>Rythme proche d\u2019un temps partiel classique<\/td>\n<\/tr>\n<tr>\n<td>4 jours<\/td>\n<td><strong>6 h \/ jour<\/strong><\/td>\n<td>Bon compromis pour blocs concentr\u00e9s<\/td>\n<\/tr>\n<tr>\n<td>3 jours<\/td>\n<td><strong>8 h \/ jour<\/strong><\/td>\n<td>Journ\u00e9es pleines, plus de jours libres<\/td>\n<\/tr>\n<\/tbody>\n<\/table><\/figure>\n\n<h2 class=\"wp-block-heading\">Cadre l\u00e9gal et limites \u00e0 conna\u00eetre pour r\u00e9partir vos heures par jour<\/h2>\n\n<p>La l\u00e9gislation fran\u00e7aise encadre le <strong>temps de travail<\/strong> pour prot\u00e9ger la sant\u00e9 : en principe, une journ\u00e9e ne doit pas d\u00e9passer <strong>10 heures<\/strong> sauf exceptions. Un repos hebdomadaire minimal de <strong>35 heures cons\u00e9cutives<\/strong> est requis (souvent pr\u00e9sent\u00e9 comme 24 h + 11 h de repos quotidien). La pause de <strong>20 minutes<\/strong> est obligatoire d\u00e8s 6 heures de travail cons\u00e9cutives. Enfin, l\u2019<strong>amplitude<\/strong> entre le d\u00e9but et la fin de la pr\u00e9sence sur le lieu de travail est limit\u00e9e \u00e0 <strong>13 heures<\/strong>.<\/p>\n\n<p>Ces r\u00e8gles emp\u00eachent de compresser excessivement la charge de travail sur un seul jour et incitent \u00e0 un \u00e9quilibre stable entre travail et repos.<\/p>\n\n<h2 class=\"wp-block-heading\">Publics concern\u00e9s et situations typiques<\/h2>\n\n<p>Plusieurs profils peuvent viser 24 h\/semaine ou autres totals : \u00e9tudiants souhaitant concilier \u00e9tudes et job, parents qui veulent \u00eatre pr\u00e9sents pour la famille, salari\u00e9s en reconversion ou personnes qui lancent un projet parall\u00e8le. Chacun doit choisir en fonction de sa capacit\u00e9 d\u2019attention, de ses obligations et de la nature du poste.<\/p>\n\n<p>Par exemple, L\u00e9a, enseignante \u00e0 mi-temps et m\u00e8re de deux enfants, r\u00e9partit ses 24 heures sur 4 journ\u00e9es de 6 heures : elle garde deux jours entiers libres pour la vie familiale et le projet personnel qu\u2019elle d\u00e9veloppe.<\/p>\n\n<h3 class=\"wp-block-heading\">Avantages et limites selon le profil<\/h3>\n\n<ul class=\"wp-block-list\"><li><strong>Avantage<\/strong> : meilleure conciliation vie priv\u00e9e \/ travail pour les parents et \u00e9tudiants.<\/li><li><strong>Limite<\/strong> : r\u00e9mun\u00e9ration proportionnelle et droits sociaux calcul\u00e9s au prorata.<\/li><li><strong>Avantage<\/strong> : pour l\u2019employeur, flexibilit\u00e9 et adaptation des effectifs.<\/li><li><strong>Point d\u2019attention<\/strong> : attention aux heures suppl\u00e9mentaires non compens\u00e9es qui fatiguent.<\/li><\/ul>\n\n<h2 class=\"wp-block-heading\">Modalit\u00e9s pratiques : comment organiser vos heures par jour pour maximiser l&rsquo;efficacit\u00e9 au travail<\/h2>\n\n<p>Optimiser la r\u00e9partition ne se r\u00e9duit pas aux chiffres : il faut aussi am\u00e9nager la journ\u00e9e pour pr\u00e9server la concentration. Plusieurs techniques sont simples \u00e0 mettre en place.<\/p>\n\n<ol class=\"wp-block-list\"><li>Calculez d\u2019abord votre total hebdomadaire et divisez-le par les jours possibles.<\/li><li>Identifiez vos plages de productivit\u00e9 (matin vs apr\u00e8s-midi) et affectez-y les t\u00e2ches \u00e0 haute valeur.<\/li><li>Planifiez des blocs de travail ininterrompus (90 min ou m\u00e9thode Pomodoro) et respectez la pause obligatoire.<\/li><li>Suivez votre temps avec une application pour mesurer <strong>productivit\u00e9<\/strong> et interruptions.<\/li><li>Ren\u00e9gociez la r\u00e9partition avec l\u2019employeur si la charge ou le rythme ne conviennent pas.<\/li><\/ol>\n\n<p>Pour des astuces concr\u00e8tes sur la <strong>gestion du temps<\/strong>, consultez cet article pratique sur <a href=\"https:\/\/www.apres-lecole.fr\/Blog\/gerer-temps-astuces-journee\/\">conseils pour g\u00e9rer son temps<\/a>.<\/p>\n\n<h2 class=\"wp-block-heading\">Techniques pour am\u00e9liorer la productivit\u00e9 sans allonger les heures par semaine<\/h2>\n\n<p>Plut\u00f4t que d\u2019augmenter les <strong>heures par semaine<\/strong>, mieux vaut travailler sur la qualit\u00e9 des heures. Priorisation, automatisation des t\u00e2ches r\u00e9p\u00e9titives et r\u00e9duction des interruptions sont des leviers puissants.<\/p>\n\n<ul class=\"wp-block-list\"><li>Priorisez avec la matrice urgence \/ importance.<\/li><li>Automatisez les t\u00e2ches r\u00e9p\u00e9titives (emails, reporting).<\/li><li>Bloquez des cr\u00e9neaux \u00ab sans r\u00e9union \u00bb pour le travail profond.<\/li><li>Utilisez des outils pour mesurer la <strong>charge de travail<\/strong> r\u00e9elle.<\/li><\/ul>\n\n<p>Un guide sur l\u2019<a href=\"https:\/\/www.apres-lecole.fr\/Blog\/moodle-sorbonne-guide-2025\/\">organisation des cours et outils num\u00e9riques<\/a> peut inspirer les enseignants et formateurs qui cherchent \u00e0 rationaliser leur temps.<\/p>\n\n<h2 class=\"wp-block-heading\">Exemples concrets et cas pratiques<\/h2>\n\n<p>Trois sc\u00e9narios illustrent l\u2019impact d\u2019une r\u00e9partition diff\u00e9rente des <strong>heures par jour<\/strong> :<\/p>\n\n<ul class=\"wp-block-list\"><li><strong>Sc\u00e9nario A<\/strong> (6\u00d74 h) : id\u00e9al pour une pr\u00e9sence r\u00e9guli\u00e8re, fatigue faible, t\u00e2ches courtes.<\/li><li><strong>Sc\u00e9nario B<\/strong> (4\u00d76 h) : permet des sessions concentr\u00e9es, utile pour t\u00e2ches complexes.<\/li><li><strong>Sc\u00e9nario C<\/strong> (3\u00d78 h) : proche d\u2019un temps plein compress\u00e9, bonne pour obtenir 3 jours libres.<\/li><\/ul>\n\n<p>Chaque sc\u00e9nario n\u00e9cessite d\u2019adapter la <strong>gestion du temps<\/strong> : pauses, rythmes, et r\u00e9partition des t\u00e2ches. Pour des id\u00e9es pratiques d\u2019\u00e9clairage et d\u2019\u00e9quipement pour la visio, voir <a href=\"https:\/\/www.apres-lecole.fr\/Blog\/astuce-lumiere-visio-pro\/\">astuces lumi\u00e8re pour visio<\/a>.<\/p>\n\n<h2 class=\"wp-block-heading\">Erreurs fr\u00e9quentes \u00e0 \u00e9viter et bonnes pratiques pour l\u2019\u00e9quilibre vie professionnelle<\/h2>\n\n<p>Plusieurs erreurs reviennent souvent : compresser trop d\u2019heures sur une seule journ\u00e9e sans pauses, n\u00e9gliger le suivi des r\u00e9sultats, accepter des heures suppl\u00e9mentaires non compens\u00e9es r\u00e9guli\u00e8rement.<\/p>\n\n<p>Bonnes pratiques :<\/p>\n\n<ul class=\"wp-block-list\"><li>Respectez la pause minimale et l\u2019amplitude maximale.<\/li><li>Mesurez la <strong>performance<\/strong> par objectifs atteints, pas par heures affich\u00e9es.<\/li><li>N\u00e9gociez la r\u00e9partition et documentez-la dans le contrat ou un avenant.<\/li><\/ul>\n\n<p>Pour des ressources sur la gestion des comportements en milieu scolaire et les effets sur la charge quotidienne, voir <a href=\"https:\/\/www.apres-lecole.fr\/Blog\/indiscipline-strategies-sanctions\/\">strat\u00e9gies et sanctions en cas d\u2019indiscipline<\/a>.<\/p>\n\n<h2 class=\"wp-block-heading\">Mesurer l\u2019efficacit\u00e9 au travail : indicateurs simples \u00e0 suivre<\/h2>\n\n<p>Pour \u00e9valuer si vos <strong>heures par jour<\/strong> sont bien employ\u00e9es, suivez quelques indicateurs : temps effectif de travail, interruptions, progression sur objectifs et niveau d\u2019\u00e9nergie en fin de journ\u00e9e.<\/p>\n\n<p>Outils pratiques : applications de suivi du temps, revues hebdomadaires, et feedbacks r\u00e9guliers. Un exemple d\u2019outil p\u00e9dagogique en universit\u00e9 est accessible via <a href=\"https:\/\/www.apres-lecole.fr\/Blog\/ent-univ-artois-acces-2025\/\">plateformes d\u2019acc\u00e8s universitaire<\/a>, utile pour ceux qui jonglent avec enseignement et projet perso.<\/p>\n\n<h2 class=\"wp-block-heading\">Tableau r\u00e9capitulatif : avantages et inconv\u00e9nients des principales r\u00e9partitions<\/h2>\n\n<figure class=\"wp-block-table\"><table>\n<thead>\n<tr>\n<th>R\u00e9partition<\/th>\n<th>Avantages<\/th>\n<th>Inconv\u00e9nients<\/th>\n<\/tr>\n<\/thead>\n<tbody>\n<tr>\n<td><strong>6 jours \u00d7 4 h<\/strong><\/td>\n<td>Routines courtes, moins de fatigue par jour<\/td>\n<td>Moins de journ\u00e9es libres continues<\/td>\n<\/tr>\n<tr>\n<td><strong>5 jours \u00d7 4,8 h<\/strong><\/td>\n<td>Bonne coh\u00e9rence avec emplois du temps classiques<\/td>\n<td>Temps total parfois insuffisant pour t\u00e2ches longues<\/td>\n<\/tr>\n<tr>\n<td><strong>4 jours \u00d7 6 h<\/strong><\/td>\n<td>Blocs efficaces pour travail en profondeur<\/td>\n<td>Journ\u00e9es plus longues, besoin de pauses bien g\u00e9r\u00e9es<\/td>\n<\/tr>\n<tr>\n<td><strong>3 jours \u00d7 8 h<\/strong><\/td>\n<td>Beaucoup de jours libres pour projets personnels<\/td>\n<td>Journ\u00e9es intenses, risque de surcharge cognitive<\/td>\n<\/tr>\n<\/tbody>\n<\/table><\/figure>\n\n<p>Pour approfondir les outils de communication et visibilit\u00e9 professionnelle, cet article sur <a href=\"https:\/\/www.apres-lecole.fr\/Blog\/manipulation-google-my-business\/\">optimisation de fiches professionnelles<\/a> propose des conseils utiles pour les travailleurs ind\u00e9pendants ou responsables d\u2019\u00e9tablissement.<\/p>\n\n<h2 class=\"wp-block-heading\">Conseils pratiques et erreurs \u00e0 \u00e9viter<\/h2>\n\n<p>Quelques conseils synth\u00e9tiques pour une organisation durable :<\/p>\n\n<ul class=\"wp-block-list\"><li>Privil\u00e9giez la qualit\u00e9 des heures (concentration) plut\u00f4t que la quantit\u00e9 brute.<\/li><li>Respectez les pauses et le repos hebdomadaire pour pr\u00e9venir la baisse d\u2019efficacit\u00e9.<\/li><li>Suivez vos r\u00e9sultats, pas seulement le temps pass\u00e9.<\/li><li>N\u00e9gociez votre planning et formalisez-le pour \u00e9viter les malentendus.<\/li><\/ul>\n\n<p>Un retour d\u2019exp\u00e9rience int\u00e9ressant : certaines entreprises ont test\u00e9 la <strong>semaine de 4 jours<\/strong> en r\u00e9duisant les heures sans baisser la r\u00e9mun\u00e9ration et ont constat\u00e9 une hausse de la productivit\u00e9 \u2014 preuve que bien organis\u00e9, un horaire r\u00e9duit peut am\u00e9liorer la performance.<\/p>\n\n<h2 class=\"wp-block-heading\">Ressources compl\u00e9mentaires<\/h2>\n\n<ul class=\"wp-block-list\"><li><a href=\"https:\/\/www.apres-lecole.fr\/Blog\/ecole-directe-eleve-guide\/\">Guide pratique pour les outils scolaires<\/a> \u2014 utile si vous combinez travail et formation.<\/li><li><a href=\"https:\/\/www.apres-lecole.fr\/Blog\/ecole-directe-neptunium\/\">Informations pratiques sur les environnements num\u00e9riques<\/a>.<\/li><li><a href=\"https:\/\/www.apres-lecole.fr\/Blog\/semjuice-nextlevel-strategie-seo\/\">Strat\u00e9gies pour gagner en visibilit\u00e9 professionnelle<\/a> \u2014 pertinent pour ind\u00e9pendants.<\/li><\/ul>\n\n<script type=\"application\/ld+json\">\n{\"@context\":\"https:\/\/schema.org\",\"@type\":\"FAQPage\",\"mainEntity\":[{\"@type\":\"Question\",\"name\":\"Comment convertir rapidement un objectif hebdomadaire en heures journaliu00e8res ?\",\"acceptedAnswer\":{\"@type\":\"Answer\",\"text\":\"Divisez simplement le nombre du2019heures par semaine par le nombre de jours travaillu00e9s envisagu00e9. Ajustez ensuite selon vos rythmes de productivitu00e9 et les contraintes lu00e9gales (pauses, amplitude).\"}},{\"@type\":\"Question\",\"name\":\"Est-il pru00e9fu00e9rable du2019u00e9taler ou de regrouper ses heures ?\",\"acceptedAnswer\":{\"@type\":\"Answer\",\"text\":\"Cela du00e9pend : u00e9taler favorise la ru00e9gularitu00e9 et limite la fatigue ; regrouper libu00e8re des journu00e9es complu00e8tes pour des projets ou la vie personnelle. Choisissez selon votre capacitu00e9 de concentration et vos obligations.\"}},{\"@type\":\"Question\",\"name\":\"Quelles ru00e8gles lu00e9gales influencent la ru00e9partition des heures par jour ?\",\"acceptedAnswer\":{\"@type\":\"Answer\",\"text\":\"En France, la pause de 20 min est obligatoire du00e8s 6 h consu00e9cutives, la journu00e9e du00e9passe rarement 10 h sauf exception, et le repos hebdomadaire minimum est de 35 heures consu00e9cutives. Ces ru00e8gles doivent guider votre organisation.\"}},{\"@type\":\"Question\",\"name\":\"Comment mesurer si mes heures sont efficaces ?\",\"acceptedAnswer\":{\"@type\":\"Answer\",\"text\":\"Suivez le temps effectif passu00e9 sur tu00e2ches u00e0 haute valeur, comptez les interruptions, u00e9valuez lu2019atteinte des objectifs et faites une revue hebdomadaire pour ajuster votre <strong>gestion du temps<\/strong>.\"}}]}\n<\/script>\n<h3>Comment convertir rapidement un objectif hebdomadaire en heures journali\u00e8res ?<\/h3>\n<p>Divisez simplement le nombre d\u2019heures par semaine par le nombre de jours travaill\u00e9s envisag\u00e9. Ajustez ensuite selon vos rythmes de productivit\u00e9 et les contraintes l\u00e9gales (pauses, amplitude).<\/p>\n<h3>Est-il pr\u00e9f\u00e9rable d\u2019\u00e9taler ou de regrouper ses heures ?<\/h3>\n<p>Cela d\u00e9pend : \u00e9taler favorise la r\u00e9gularit\u00e9 et limite la fatigue ; regrouper lib\u00e8re des journ\u00e9es compl\u00e8tes pour des projets ou la vie personnelle. Choisissez selon votre capacit\u00e9 de concentration et vos obligations.<\/p>\n<h3>Quelles r\u00e8gles l\u00e9gales influencent la r\u00e9partition des heures par jour ?<\/h3>\n<p>En France, la pause de 20 min est obligatoire d\u00e8s 6 h cons\u00e9cutives, la journ\u00e9e d\u00e9passe rarement 10 h sauf exception, et le repos hebdomadaire minimum est de 35 heures cons\u00e9cutives. Ces r\u00e8gles doivent guider votre organisation.<\/p>\n<h3>Comment mesurer si mes heures sont efficaces ?<\/h3>\n<p>Suivez le temps effectif pass\u00e9 sur t\u00e2ches \u00e0 haute valeur, comptez les interruptions, \u00e9valuez l\u2019atteinte des objectifs et faites une revue hebdomadaire pour ajuster votre <strong>gestion du temps<\/strong>.<\/p>\n\n","protected":false},"excerpt":{"rendered":"<p>Se poser la question de combien d&rsquo;heures par jour pour atteindre un total hebdomadaire donn\u00e9 revient \u00e0 arbitrer entre temps de travail, qualit\u00e9 de vie et rendement. Cet article explique, avec des exemples concrets et des r\u00e8gles pratiques, comment convertir un objectif en heures par semaine en plages journali\u00e8res r\u00e9alistes, tout en respectant la l\u00e9gislation &#8230; <a title=\"Combien d&rsquo;heure par jour pour travailler h par semaine efficacement\" class=\"read-more\" href=\"https:\/\/www.apres-lecole.fr\/Blog\/heures-travail-jour-semaine\/\" aria-label=\"En savoir plus sur Combien d&rsquo;heure par jour pour travailler h par semaine efficacement\">Lire plus<\/a><\/p>\n","protected":false},"author":9,"featured_media":3008,"comment_status":"open","ping_status":"open","sticky":false,"template":"","format":"standard","meta":{"footnotes":""},"categories":[1],"tags":[],"class_list":["post-2844","post","type-post","status-publish","format-standard","has-post-thumbnail","hentry","category-metiers-entreprise"],"yoast_head":"<!-- This site is optimized with the Yoast SEO plugin v27.5 - https:\/\/yoast.com\/product\/yoast-seo-wordpress\/ -->\n<title>Travailler efficacement : combien d&#039;heures par jour pour h par semaine ?<\/title>\n<meta name=\"description\" content=\"D\u00e9couvrez combien d&#039;heures travailler par jour pour atteindre h heures par semaine efficacement et optimiser votre productivit\u00e9 au quotidien.\" \/>\n<meta name=\"robots\" content=\"index, follow, max-snippet:-1, max-image-preview:large, max-video-preview:-1\" \/>\n<link rel=\"canonical\" href=\"https:\/\/www.apres-lecole.fr\/Blog\/heures-travail-jour-semaine\/\" \/>\n<meta property=\"og:locale\" content=\"fr_FR\" \/>\n<meta property=\"og:type\" content=\"article\" \/>\n<meta property=\"og:title\" content=\"Travailler efficacement : combien d&#039;heures par jour pour h par semaine ?\" \/>\n<meta property=\"og:description\" content=\"D\u00e9couvrez combien d&#039;heures travailler par jour pour atteindre h heures par semaine efficacement et optimiser votre productivit\u00e9 au quotidien.\" \/>\n<meta property=\"og:url\" content=\"https:\/\/www.apres-lecole.fr\/Blog\/heures-travail-jour-semaine\/\" \/>\n<meta property=\"article:published_time\" content=\"2025-12-04T13:27:46+00:00\" \/>\n<meta property=\"article:modified_time\" content=\"2026-01-02T06:34:41+00:00\" \/>\n<meta property=\"og:image\" content=\"https:\/\/www.apres-lecole.fr\/Blog\/wp-content\/uploads\/2025\/12\/Combien-dheure-par-jour-pour-travailler-h-par-semaine-efficacement.jpg\" \/>\n\t<meta property=\"og:image:width\" content=\"1344\" \/>\n\t<meta property=\"og:image:height\" content=\"768\" \/>\n\t<meta property=\"og:image:type\" content=\"image\/jpeg\" \/>\n<meta name=\"author\" content=\"Eva Martin\" \/>\n<meta name=\"twitter:card\" content=\"summary_large_image\" \/>\n<meta name=\"twitter:creator\" content=\"@Evaapresecole\" \/>\n<meta name=\"twitter:label1\" content=\"\u00c9crit par\" \/>\n\t<meta name=\"twitter:data1\" content=\"Eva Martin\" \/>\n\t<meta name=\"twitter:label2\" content=\"Dur\u00e9e de lecture estim\u00e9e\" \/>\n\t<meta name=\"twitter:data2\" content=\"9 minutes\" \/>\n<script type=\"application\/ld+json\" class=\"yoast-schema-graph\">{\"@context\":\"https:\\\/\\\/schema.org\",\"@graph\":[{\"@type\":\"Article\",\"@id\":\"https:\\\/\\\/www.apres-lecole.fr\\\/Blog\\\/heures-travail-jour-semaine\\\/#article\",\"isPartOf\":{\"@id\":\"https:\\\/\\\/www.apres-lecole.fr\\\/Blog\\\/heures-travail-jour-semaine\\\/\"},\"author\":{\"name\":\"Eva Martin\",\"@id\":\"https:\\\/\\\/www.apres-lecole.fr\\\/Blog\\\/#\\\/schema\\\/person\\\/aeb50cd4b51fc69da155804bb5bb9fc4\"},\"headline\":\"Combien d&rsquo;heure par jour pour travailler h par semaine efficacement\",\"datePublished\":\"2025-12-04T13:27:46+00:00\",\"dateModified\":\"2026-01-02T06:34:41+00:00\",\"mainEntityOfPage\":{\"@id\":\"https:\\\/\\\/www.apres-lecole.fr\\\/Blog\\\/heures-travail-jour-semaine\\\/\"},\"wordCount\":1643,\"commentCount\":0,\"image\":{\"@id\":\"https:\\\/\\\/www.apres-lecole.fr\\\/Blog\\\/heures-travail-jour-semaine\\\/#primaryimage\"},\"thumbnailUrl\":\"https:\\\/\\\/www.apres-lecole.fr\\\/Blog\\\/wp-content\\\/uploads\\\/2026\\\/01\\\/Combien-dheure-par-jour-pour-travailler-h-par-semaine-efficacement.jpg\",\"articleSection\":[\"M\u00e9tiers &amp; Entreprise\"],\"inLanguage\":\"fr-FR\",\"potentialAction\":[{\"@type\":\"CommentAction\",\"name\":\"Comment\",\"target\":[\"https:\\\/\\\/www.apres-lecole.fr\\\/Blog\\\/heures-travail-jour-semaine\\\/#respond\"]}]},{\"@type\":\"WebPage\",\"@id\":\"https:\\\/\\\/www.apres-lecole.fr\\\/Blog\\\/heures-travail-jour-semaine\\\/\",\"url\":\"https:\\\/\\\/www.apres-lecole.fr\\\/Blog\\\/heures-travail-jour-semaine\\\/\",\"name\":\"Travailler efficacement : combien d'heures par jour pour h par semaine ?\",\"isPartOf\":{\"@id\":\"https:\\\/\\\/www.apres-lecole.fr\\\/Blog\\\/#website\"},\"primaryImageOfPage\":{\"@id\":\"https:\\\/\\\/www.apres-lecole.fr\\\/Blog\\\/heures-travail-jour-semaine\\\/#primaryimage\"},\"image\":{\"@id\":\"https:\\\/\\\/www.apres-lecole.fr\\\/Blog\\\/heures-travail-jour-semaine\\\/#primaryimage\"},\"thumbnailUrl\":\"https:\\\/\\\/www.apres-lecole.fr\\\/Blog\\\/wp-content\\\/uploads\\\/2026\\\/01\\\/Combien-dheure-par-jour-pour-travailler-h-par-semaine-efficacement.jpg\",\"datePublished\":\"2025-12-04T13:27:46+00:00\",\"dateModified\":\"2026-01-02T06:34:41+00:00\",\"author\":{\"@id\":\"https:\\\/\\\/www.apres-lecole.fr\\\/Blog\\\/#\\\/schema\\\/person\\\/aeb50cd4b51fc69da155804bb5bb9fc4\"},\"description\":\"D\u00e9couvrez combien d'heures travailler par jour pour atteindre h heures par semaine efficacement et optimiser votre productivit\u00e9 au quotidien.\",\"breadcrumb\":{\"@id\":\"https:\\\/\\\/www.apres-lecole.fr\\\/Blog\\\/heures-travail-jour-semaine\\\/#breadcrumb\"},\"inLanguage\":\"fr-FR\",\"potentialAction\":[{\"@type\":\"ReadAction\",\"target\":[\"https:\\\/\\\/www.apres-lecole.fr\\\/Blog\\\/heures-travail-jour-semaine\\\/\"]}]},{\"@type\":\"ImageObject\",\"inLanguage\":\"fr-FR\",\"@id\":\"https:\\\/\\\/www.apres-lecole.fr\\\/Blog\\\/heures-travail-jour-semaine\\\/#primaryimage\",\"url\":\"https:\\\/\\\/www.apres-lecole.fr\\\/Blog\\\/wp-content\\\/uploads\\\/2026\\\/01\\\/Combien-dheure-par-jour-pour-travailler-h-par-semaine-efficacement.jpg\",\"contentUrl\":\"https:\\\/\\\/www.apres-lecole.fr\\\/Blog\\\/wp-content\\\/uploads\\\/2026\\\/01\\\/Combien-dheure-par-jour-pour-travailler-h-par-semaine-efficacement.jpg\",\"width\":1344,\"height\":768,\"caption\":\"d\u00e9couvrez combien d'heures par jour travailler pour atteindre efficacement un total de h heures par semaine et optimiser votre productivit\u00e9.\"},{\"@type\":\"BreadcrumbList\",\"@id\":\"https:\\\/\\\/www.apres-lecole.fr\\\/Blog\\\/heures-travail-jour-semaine\\\/#breadcrumb\",\"itemListElement\":[{\"@type\":\"ListItem\",\"position\":1,\"name\":\"Home\",\"item\":\"https:\\\/\\\/www.apres-lecole.fr\\\/Blog\\\/\"},{\"@type\":\"ListItem\",\"position\":2,\"name\":\"Combien d&rsquo;heure par jour pour travailler h par semaine efficacement\"}]},{\"@type\":\"WebSite\",\"@id\":\"https:\\\/\\\/www.apres-lecole.fr\\\/Blog\\\/#website\",\"url\":\"https:\\\/\\\/www.apres-lecole.fr\\\/Blog\\\/\",\"name\":\"\",\"description\":\"M\u00e9dia g\u00e9n\u00e9raliste\",\"potentialAction\":[{\"@type\":\"SearchAction\",\"target\":{\"@type\":\"EntryPoint\",\"urlTemplate\":\"https:\\\/\\\/www.apres-lecole.fr\\\/Blog\\\/?s={search_term_string}\"},\"query-input\":{\"@type\":\"PropertyValueSpecification\",\"valueRequired\":true,\"valueName\":\"search_term_string\"}}],\"inLanguage\":\"fr-FR\"},{\"@type\":\"Person\",\"@id\":\"https:\\\/\\\/www.apres-lecole.fr\\\/Blog\\\/#\\\/schema\\\/person\\\/aeb50cd4b51fc69da155804bb5bb9fc4\",\"name\":\"Eva Martin\",\"image\":{\"@type\":\"ImageObject\",\"inLanguage\":\"fr-FR\",\"@id\":\"https:\\\/\\\/secure.gravatar.com\\\/avatar\\\/55c53222558b27a72015a64073a80edce4abd33369394b9bf2c5cd6c19d12682?s=96&d=mm&r=g\",\"url\":\"https:\\\/\\\/secure.gravatar.com\\\/avatar\\\/55c53222558b27a72015a64073a80edce4abd33369394b9bf2c5cd6c19d12682?s=96&d=mm&r=g\",\"contentUrl\":\"https:\\\/\\\/secure.gravatar.com\\\/avatar\\\/55c53222558b27a72015a64073a80edce4abd33369394b9bf2c5cd6c19d12682?s=96&d=mm&r=g\",\"caption\":\"Eva Martin\"},\"description\":\"Je parle de business et d'entrepreneuriat avec des conseils clairs, concrets et actionnables pour r\u00e9ussir\",\"sameAs\":[\"https:\\\/\\\/x.com\\\/Evaapresecole\"],\"url\":\"https:\\\/\\\/www.apres-lecole.fr\\\/Blog\\\/author\\\/evamartin\\\/\"}]}<\/script>\n<!-- \/ Yoast SEO plugin. -->","yoast_head_json":{"title":"Travailler efficacement : combien d'heures par jour pour h par semaine ?","description":"D\u00e9couvrez combien d'heures travailler par jour pour atteindre h heures par semaine efficacement et optimiser votre productivit\u00e9 au quotidien.","robots":{"index":"index","follow":"follow","max-snippet":"max-snippet:-1","max-image-preview":"max-image-preview:large","max-video-preview":"max-video-preview:-1"},"canonical":"https:\/\/www.apres-lecole.fr\/Blog\/heures-travail-jour-semaine\/","og_locale":"fr_FR","og_type":"article","og_title":"Travailler efficacement : combien d'heures par jour pour h par semaine ?","og_description":"D\u00e9couvrez combien d'heures travailler par jour pour atteindre h heures par semaine efficacement et optimiser votre productivit\u00e9 au quotidien.","og_url":"https:\/\/www.apres-lecole.fr\/Blog\/heures-travail-jour-semaine\/","article_published_time":"2025-12-04T13:27:46+00:00","article_modified_time":"2026-01-02T06:34:41+00:00","og_image":[{"width":1344,"height":768,"url":"https:\/\/www.apres-lecole.fr\/Blog\/wp-content\/uploads\/2025\/12\/Combien-dheure-par-jour-pour-travailler-h-par-semaine-efficacement.jpg","type":"image\/jpeg"}],"author":"Eva Martin","twitter_card":"summary_large_image","twitter_creator":"@Evaapresecole","twitter_misc":{"\u00c9crit par":"Eva Martin","Dur\u00e9e de lecture estim\u00e9e":"9 minutes"},"schema":{"@context":"https:\/\/schema.org","@graph":[{"@type":"Article","@id":"https:\/\/www.apres-lecole.fr\/Blog\/heures-travail-jour-semaine\/#article","isPartOf":{"@id":"https:\/\/www.apres-lecole.fr\/Blog\/heures-travail-jour-semaine\/"},"author":{"name":"Eva Martin","@id":"https:\/\/www.apres-lecole.fr\/Blog\/#\/schema\/person\/aeb50cd4b51fc69da155804bb5bb9fc4"},"headline":"Combien d&rsquo;heure par jour pour travailler h par semaine efficacement","datePublished":"2025-12-04T13:27:46+00:00","dateModified":"2026-01-02T06:34:41+00:00","mainEntityOfPage":{"@id":"https:\/\/www.apres-lecole.fr\/Blog\/heures-travail-jour-semaine\/"},"wordCount":1643,"commentCount":0,"image":{"@id":"https:\/\/www.apres-lecole.fr\/Blog\/heures-travail-jour-semaine\/#primaryimage"},"thumbnailUrl":"https:\/\/www.apres-lecole.fr\/Blog\/wp-content\/uploads\/2026\/01\/Combien-dheure-par-jour-pour-travailler-h-par-semaine-efficacement.jpg","articleSection":["M\u00e9tiers &amp; Entreprise"],"inLanguage":"fr-FR","potentialAction":[{"@type":"CommentAction","name":"Comment","target":["https:\/\/www.apres-lecole.fr\/Blog\/heures-travail-jour-semaine\/#respond"]}]},{"@type":"WebPage","@id":"https:\/\/www.apres-lecole.fr\/Blog\/heures-travail-jour-semaine\/","url":"https:\/\/www.apres-lecole.fr\/Blog\/heures-travail-jour-semaine\/","name":"Travailler efficacement : combien d'heures par jour pour h par semaine ?","isPartOf":{"@id":"https:\/\/www.apres-lecole.fr\/Blog\/#website"},"primaryImageOfPage":{"@id":"https:\/\/www.apres-lecole.fr\/Blog\/heures-travail-jour-semaine\/#primaryimage"},"image":{"@id":"https:\/\/www.apres-lecole.fr\/Blog\/heures-travail-jour-semaine\/#primaryimage"},"thumbnailUrl":"https:\/\/www.apres-lecole.fr\/Blog\/wp-content\/uploads\/2026\/01\/Combien-dheure-par-jour-pour-travailler-h-par-semaine-efficacement.jpg","datePublished":"2025-12-04T13:27:46+00:00","dateModified":"2026-01-02T06:34:41+00:00","author":{"@id":"https:\/\/www.apres-lecole.fr\/Blog\/#\/schema\/person\/aeb50cd4b51fc69da155804bb5bb9fc4"},"description":"D\u00e9couvrez combien d'heures travailler par jour pour atteindre h heures par semaine efficacement et optimiser votre productivit\u00e9 au quotidien.","breadcrumb":{"@id":"https:\/\/www.apres-lecole.fr\/Blog\/heures-travail-jour-semaine\/#breadcrumb"},"inLanguage":"fr-FR","potentialAction":[{"@type":"ReadAction","target":["https:\/\/www.apres-lecole.fr\/Blog\/heures-travail-jour-semaine\/"]}]},{"@type":"ImageObject","inLanguage":"fr-FR","@id":"https:\/\/www.apres-lecole.fr\/Blog\/heures-travail-jour-semaine\/#primaryimage","url":"https:\/\/www.apres-lecole.fr\/Blog\/wp-content\/uploads\/2026\/01\/Combien-dheure-par-jour-pour-travailler-h-par-semaine-efficacement.jpg","contentUrl":"https:\/\/www.apres-lecole.fr\/Blog\/wp-content\/uploads\/2026\/01\/Combien-dheure-par-jour-pour-travailler-h-par-semaine-efficacement.jpg","width":1344,"height":768,"caption":"d\u00e9couvrez combien d'heures par jour travailler pour atteindre efficacement un total de h heures par semaine et optimiser votre productivit\u00e9."},{"@type":"BreadcrumbList","@id":"https:\/\/www.apres-lecole.fr\/Blog\/heures-travail-jour-semaine\/#breadcrumb","itemListElement":[{"@type":"ListItem","position":1,"name":"Home","item":"https:\/\/www.apres-lecole.fr\/Blog\/"},{"@type":"ListItem","position":2,"name":"Combien d&rsquo;heure par jour pour travailler h par semaine efficacement"}]},{"@type":"WebSite","@id":"https:\/\/www.apres-lecole.fr\/Blog\/#website","url":"https:\/\/www.apres-lecole.fr\/Blog\/","name":"","description":"M\u00e9dia g\u00e9n\u00e9raliste","potentialAction":[{"@type":"SearchAction","target":{"@type":"EntryPoint","urlTemplate":"https:\/\/www.apres-lecole.fr\/Blog\/?s={search_term_string}"},"query-input":{"@type":"PropertyValueSpecification","valueRequired":true,"valueName":"search_term_string"}}],"inLanguage":"fr-FR"},{"@type":"Person","@id":"https:\/\/www.apres-lecole.fr\/Blog\/#\/schema\/person\/aeb50cd4b51fc69da155804bb5bb9fc4","name":"Eva Martin","image":{"@type":"ImageObject","inLanguage":"fr-FR","@id":"https:\/\/secure.gravatar.com\/avatar\/55c53222558b27a72015a64073a80edce4abd33369394b9bf2c5cd6c19d12682?s=96&d=mm&r=g","url":"https:\/\/secure.gravatar.com\/avatar\/55c53222558b27a72015a64073a80edce4abd33369394b9bf2c5cd6c19d12682?s=96&d=mm&r=g","contentUrl":"https:\/\/secure.gravatar.com\/avatar\/55c53222558b27a72015a64073a80edce4abd33369394b9bf2c5cd6c19d12682?s=96&d=mm&r=g","caption":"Eva Martin"},"description":"Je parle de business et d'entrepreneuriat avec des conseils clairs, concrets et actionnables pour r\u00e9ussir","sameAs":["https:\/\/x.com\/Evaapresecole"],"url":"https:\/\/www.apres-lecole.fr\/Blog\/author\/evamartin\/"}]}},"views":1734,"_links":{"self":[{"href":"https:\/\/www.apres-lecole.fr\/Blog\/wp-json\/wp\/v2\/posts\/2844","targetHints":{"allow":["GET"]}}],"collection":[{"href":"https:\/\/www.apres-lecole.fr\/Blog\/wp-json\/wp\/v2\/posts"}],"about":[{"href":"https:\/\/www.apres-lecole.fr\/Blog\/wp-json\/wp\/v2\/types\/post"}],"author":[{"embeddable":true,"href":"https:\/\/www.apres-lecole.fr\/Blog\/wp-json\/wp\/v2\/users\/9"}],"replies":[{"embeddable":true,"href":"https:\/\/www.apres-lecole.fr\/Blog\/wp-json\/wp\/v2\/comments?post=2844"}],"version-history":[{"count":2,"href":"https:\/\/www.apres-lecole.fr\/Blog\/wp-json\/wp\/v2\/posts\/2844\/revisions"}],"predecessor-version":[{"id":3010,"href":"https:\/\/www.apres-lecole.fr\/Blog\/wp-json\/wp\/v2\/posts\/2844\/revisions\/3010"}],"wp:featuredmedia":[{"embeddable":true,"href":"https:\/\/www.apres-lecole.fr\/Blog\/wp-json\/wp\/v2\/media\/3008"}],"wp:attachment":[{"href":"https:\/\/www.apres-lecole.fr\/Blog\/wp-json\/wp\/v2\/media?parent=2844"}],"wp:term":[{"taxonomy":"category","embeddable":true,"href":"https:\/\/www.apres-lecole.fr\/Blog\/wp-json\/wp\/v2\/categories?post=2844"},{"taxonomy":"post_tag","embeddable":true,"href":"https:\/\/www.apres-lecole.fr\/Blog\/wp-json\/wp\/v2\/tags?post=2844"}],"curies":[{"name":"wp","href":"https:\/\/api.w.org\/{rel}","templated":true}]}}