{"id":2818,"date":"2025-11-28T12:54:03","date_gmt":"2025-11-28T12:54:03","guid":{"rendered":"https:\/\/www.apres-lecole.fr\/Blog\/?p=2818"},"modified":"2025-11-28T12:54:04","modified_gmt":"2025-11-28T12:54:04","slug":"contrat-interim-35h-mais-travaille-moins","status":"publish","type":"post","link":"https:\/\/www.apres-lecole.fr\/Blog\/contrat-interim-35h-mais-travaille-moins\/","title":{"rendered":"Int\u00e9rim 35h mais moins d&rsquo;heures en mission : ce que vous devez vraiment \u00eatre pay\u00e9"},"content":{"rendered":"\n\n<div class=\"kk-star-ratings kksr-auto kksr-align-left kksr-valign-top\"\n    data-payload='{&quot;align&quot;:&quot;left&quot;,&quot;id&quot;:&quot;2818&quot;,&quot;slug&quot;:&quot;default&quot;,&quot;valign&quot;:&quot;top&quot;,&quot;ignore&quot;:&quot;&quot;,&quot;reference&quot;:&quot;auto&quot;,&quot;class&quot;:&quot;&quot;,&quot;count&quot;:&quot;0&quot;,&quot;legendonly&quot;:&quot;&quot;,&quot;readonly&quot;:&quot;&quot;,&quot;score&quot;:&quot;0&quot;,&quot;starsonly&quot;:&quot;&quot;,&quot;best&quot;:&quot;5&quot;,&quot;gap&quot;:&quot;5&quot;,&quot;greet&quot;:&quot;Rate this post&quot;,&quot;legend&quot;:&quot;0\\\/5 - (0 vote)&quot;,&quot;size&quot;:&quot;24&quot;,&quot;title&quot;:&quot;Int\u00e9rim 35h mais moins d\\u0026#039;heures en mission : ce que vous devez vraiment \u00eatre pay\u00e9&quot;,&quot;width&quot;:&quot;0&quot;,&quot;_legend&quot;:&quot;{score}\\\/{best} - ({count} {votes})&quot;,&quot;font_factor&quot;:&quot;1.25&quot;}'>\n            \n<div class=\"kksr-stars\">\n    \n<div class=\"kksr-stars-inactive\">\n            <div class=\"kksr-star\" data-star=\"1\" style=\"padding-right: 5px\">\n            \n\n<div class=\"kksr-icon\" style=\"width: 24px; height: 24px;\"><\/div>\n        <\/div>\n            <div class=\"kksr-star\" data-star=\"2\" style=\"padding-right: 5px\">\n            \n\n<div class=\"kksr-icon\" style=\"width: 24px; height: 24px;\"><\/div>\n        <\/div>\n            <div class=\"kksr-star\" data-star=\"3\" style=\"padding-right: 5px\">\n            \n\n<div class=\"kksr-icon\" style=\"width: 24px; height: 24px;\"><\/div>\n        <\/div>\n            <div class=\"kksr-star\" data-star=\"4\" style=\"padding-right: 5px\">\n            \n\n<div class=\"kksr-icon\" style=\"width: 24px; height: 24px;\"><\/div>\n        <\/div>\n            <div class=\"kksr-star\" data-star=\"5\" style=\"padding-right: 5px\">\n            \n\n<div class=\"kksr-icon\" style=\"width: 24px; height: 24px;\"><\/div>\n        <\/div>\n    <\/div>\n    \n<div class=\"kksr-stars-active\" style=\"width: 0px;\">\n            <div class=\"kksr-star\" style=\"padding-right: 5px\">\n            \n\n<div class=\"kksr-icon\" style=\"width: 24px; height: 24px;\"><\/div>\n        <\/div>\n            <div class=\"kksr-star\" style=\"padding-right: 5px\">\n            \n\n<div class=\"kksr-icon\" style=\"width: 24px; height: 24px;\"><\/div>\n        <\/div>\n            <div class=\"kksr-star\" style=\"padding-right: 5px\">\n            \n\n<div class=\"kksr-icon\" style=\"width: 24px; height: 24px;\"><\/div>\n        <\/div>\n            <div class=\"kksr-star\" style=\"padding-right: 5px\">\n            \n\n<div class=\"kksr-icon\" style=\"width: 24px; height: 24px;\"><\/div>\n        <\/div>\n            <div class=\"kksr-star\" style=\"padding-right: 5px\">\n            \n\n<div class=\"kksr-icon\" style=\"width: 24px; height: 24px;\"><\/div>\n        <\/div>\n    <\/div>\n<\/div>\n                \n\n<div class=\"kksr-legend\" style=\"font-size: 19.2px;\">\n            <span class=\"kksr-muted\">Rate this post<\/span>\n    <\/div>\n    <\/div>\n<h1>Contrat int\u00e9rim 35h mais travaille moins : quel salaire ?<\/h1>\n<p style=\"padding: 24px; background: lightblue;\">\u00c0 retenir : si ton contrat mentionne 35 heures, l\u2019agence d\u2019int\u00e9rim doit <strong>te verser l\u2019int\u00e9gralit\u00e9 de ce volume horaire<\/strong>, m\u00eame si l\u2019entreprise utilisatrice t\u2019emploie moins. Ce maintien de salaire reste la r\u00e8gle, sauf si une clause de modulation pr\u00e9cise le contraire.<\/p>\n<p>Tu stresses \u00e0 l\u2019id\u00e9e d\u2019\u00eatre moins pay\u00e9 parce que tu as un <strong>contrat int\u00e9rim 35h mais travaille moins<\/strong> sur le terrain ? Rassure-toi : la loi te prot\u00e8ge. L\u2019agence doit maintenir ta r\u00e9mun\u00e9ration, m\u00eame si la charge de travail diminue. Je t\u2019explique comment v\u00e9rifier ce droit et comment t\u2019assurer que ton bulletin de paie refl\u00e8te bien les heures dues.<\/p>\n<ol>\n<li><a href=\"#contrat-35h-le-principe-est-simple-les-heures-dues-sont-payees\">Contrat 35h : le principe est simple, les heures dues sont pay\u00e9es<\/a><\/li>\n<li><a href=\"#les-exceptions-qui-confirment-la-regle-lisez-votre-contrat\">Les exceptions qui confirment la r\u00e8gle : lisez votre contrat<\/a><\/li>\n<li><a href=\"#votre-plan-daction-quand-le-salaire-ne-suit-pas\">Votre <strong>plan d&rsquo;action<\/strong> quand le salaire ne suit pas<\/a><\/li>\n<\/ol>\n<h2 id=\"contrat-35h-le-principe-est-simple-les-heures-dues-sont-payees\">Contrat 35h : le principe est simple, les heures dues sont pay\u00e9es<\/h2>\n<h3>Le maintien de salaire : votre droit fondamental<\/h3>\n<p>Une fois que 35 heures figurent noir sur blanc sur ton contrat de mission, <strong>l\u2019agence doit r\u00e9mun\u00e9rer ces 35 heures<\/strong>, point final. M\u00eame si le client r\u00e9duit ton temps de pr\u00e9sence ou te renvoie plus t\u00f4t.<\/p>\n<p>Ce dispositif est pr\u00e9vu pour <strong>s\u00e9curiser l\u2019int\u00e9rimaire face \u00e0 l\u2019impr\u00e9visibilit\u00e9<\/strong> de l\u2019entreprise utilisatrice. Tu ne dois pas subir les variations d\u2019activit\u00e9 : le contrat sign\u00e9 vaut engagement ferme.<\/p>\n<blockquote><p>Si 35 heures sont \u00e9crites sur votre contrat, ces 35 heures doivent appara\u00eetre pay\u00e9es sur votre fiche de paie. Aucun arrangement n\u2019est possible.<\/p><\/blockquote>\n<h3>L&rsquo;agence d&rsquo;int\u00e9rim est votre employeur, pas l&rsquo;entreprise utilisatrice<\/h3>\n<p>Beaucoup d\u2019int\u00e9rimaires l\u2019ignorent : <strong>l\u2019employeur l\u00e9gal est l\u2019agence<\/strong>, pas l\u2019entreprise o\u00f9 tu travailles au quotidien.<\/p>\n<p>Donc si tu fais moins d\u2019heures, c\u2019est \u00e0 l\u2019agence de <strong>compenser la diff\u00e9rence<\/strong>. Les soucis d\u2019organisation du client n\u2019ont aucune incidence sur ton salaire.<\/p>\n<p>Les demandes, contestations ou corrections doivent toujours \u00eatre adress\u00e9es \u00e0 l\u2019agence. Elle seule est tenue de respecter le contrat sign\u00e9.<\/p>\n<h2 id=\"les-exceptions-qui-confirment-la-regle-lisez-votre-contrat\">Les exceptions qui confirment la r\u00e8gle : lisez votre contrat<\/h2>\n<h3 id=\"la-clause-de-modulation-le-detail-qui-change-tout\">La clause de modulation : le d\u00e9tail qui change tout<\/h3>\n<p>Attention \u00e0 un pi\u00e8ge fr\u00e9quent : la pr\u00e9sence d\u2019une <strong>clause de modulation<\/strong> dans ton contrat. Dans ce cas, les 35 heures ne sont pas une dur\u00e9e fixe, mais une moyenne.<\/p>\n<p>Cette clause autorise l\u2019employeur \u00e0 <strong>faire varier tes horaires<\/strong> dans une limite encadr\u00e9e. Elle doit obligatoirement pr\u00e9ciser une dur\u00e9e minimale garantie.<\/p>\n<p>Si tu te demandes pourquoi ton <strong>contrat int\u00e9rim 35h mais travaille moins<\/strong> ne donne pas lieu \u00e0 un maintien de salaire, c\u2019est souvent cette clause qui en est la cause.<\/p>\n<h3 id=\"chomage-partiel-et-autres-contrats-specifiques\">Ch\u00f4mage partiel et autres contrats sp\u00e9cifiques<\/h3>\n<p>Autre cas particulier : le ch\u00f4mage partiel. Ici, ta r\u00e9mun\u00e9ration est remplac\u00e9e par une <strong>indemnit\u00e9 sp\u00e9cifique<\/strong>. Ce cadre sp\u00e9cial \u00e9chappe au maintien de salaire classique.<\/p>\n<p>Pareil pour le CDII (Contrat \u00e0 Dur\u00e9e Ind\u00e9termin\u00e9e Int\u00e9rimaire). Ce type de contrat pr\u00e9voit sa propre logique, avec une <strong>r\u00e9mun\u00e9ration mensuelle minimale garantie<\/strong>, m\u00eame entre deux missions.<\/p>\n<div style=\"overflow:auto;max-width:100%\">\n<table>\n<caption>Comparatif des situations contractuelles<\/caption>\n<thead>\n<tr>\n<th>Sc\u00e9nario<\/th>\n<th>Contrat 35h classique<\/th>\n<th>Contrat avec clause de modulation<\/th>\n<\/tr>\n<\/thead>\n<tbody>\n<tr>\n<td>Moins d&rsquo;heures travaill\u00e9es (hors ch\u00f4mage partiel)<\/td>\n<td>Paiement int\u00e9gral des 35h<\/td>\n<td>Paiement selon heures r\u00e9ellement effectu\u00e9es (avec minimum garanti)<\/td>\n<\/tr>\n<tr>\n<td>Point de vigilance<\/td>\n<td>Contr\u00f4le de la fiche de paie<\/td>\n<td>Lecture d\u00e9taill\u00e9e de la clause de variabilit\u00e9<\/td>\n<\/tr>\n<tr>\n<td>Votre droit<\/td>\n<td>R\u00e9clamer le maintien du salaire pr\u00e9vu<\/td>\n<td>R\u00e9clamer le respect du minimum contractuel<\/td>\n<\/tr>\n<\/tbody>\n<\/table>\n<\/div>\n<h2 id=\"votre-plan-daction-quand-le-salaire-ne-suit-pas\">Votre <strong>plan d&rsquo;action<\/strong> quand le salaire ne suit pas<\/h2>\n<p>Maintenant voyons comment r\u00e9agir si votre paie ne correspond pas aux heures pr\u00e9vues.<\/p>\n<h3>Se d\u00e9fendre : les \u00e9tapes concr\u00e8tes en cas de litige<\/h3>\n<p>Commence par \u00e9changer avec ton responsable puis contacte ton agence. Si rien n\u2019avance, passe \u00e0 l\u2019\u00e9crit.<\/p>\n<p>L\u2019\u00e9crit cr\u00e9e une trace indispensable en cas de proc\u00e9dure. Voici la m\u00e9thode :<\/p>\n<ol>\n<li><strong>Tout conserver<\/strong> : contrat, plannings, relev\u00e9s d\u2019heures.<\/li>\n<li><strong>Informer l\u2019agence par \u00e9crit<\/strong> : mail ou recommand\u00e9, avec d\u00e9tail des heures manquantes.<\/li>\n<li><strong>Saisir la DREETS<\/strong> si le litige persiste.<\/li>\n<li><strong>En dernier recours, saisir les prud\u2019hommes<\/strong>.<\/li>\n<\/ol>\n<h3>Heures pay\u00e9es mais non travaill\u00e9es : l&rsquo;impact cach\u00e9<\/h3>\n<p>Bonne nouvelle : tu touches ta paie compl\u00e8te. Mauvaise nouvelle : ces heures non effectu\u00e9es ne comptent pas forc\u00e9ment pour tes droits sociaux.<\/p>\n<blockquote><p>Payer 35 heures ne signifie pas que 35 heures sont retenues pour vos droits au ch\u00f4mage ou \u00e0 la retraite.<\/p><\/blockquote>\n<p>France Travail comptabilise essentiellement les heures r\u00e9ellement travaill\u00e9es. C\u2019est un point important \u00e0 anticiper.<\/p>\n<p>Garde pr\u00e9cieusement :<\/p>\n<ul>\n<li><strong>ton contrat de mission<\/strong><\/li>\n<li>tes heures valid\u00e9es<\/li>\n<li><strong>toutes tes fiches de paie<\/strong><\/li>\n<li>les \u00e9changes avec l\u2019agence<\/li>\n<\/ul>\n<p>Souviens-toi : si ton contrat pr\u00e9voit 35 heures, <strong>ta paie doit correspondre<\/strong>. C\u2019est \u00e0 l\u2019agence d\u2019absorber les p\u00e9riodes creuses, pas \u00e0 toi. Ne laisse jamais passer un \u00e9cart.<\/p>\n<h2>FAQ<\/h2>\n<h3>Si je fais moins d&rsquo;heures que ce qui est \u00e9crit sur mon contrat, il se passe quoi ?<\/h3>\n<p>Le contrat s\u2019applique strictement : tu dois \u00eatre pay\u00e9 pour les heures pr\u00e9vues. Sauf clause de modulation, l\u2019agence doit verser 35 heures, m\u00eame si tu en fais moins sur site.<\/p>\n<h3>Comment \u00e7a se passe pour le paiement d&rsquo;un contrat 35h si l&rsquo;activit\u00e9 baisse ?<\/h3>\n<p>L\u2019agence compl\u00e8te ta paie : elle doit payer les heures contractuelles ind\u00e9pendamment de l\u2019activit\u00e9 r\u00e9elle. Seul le ch\u00f4mage partiel modifie ce principe.<\/p>\n<h3>Quel salaire je peux esp\u00e9rer pour 35h en int\u00e9rim ?<\/h3>\n<p>Ton taux horaire doit respecter l\u2019\u00e9galit\u00e9 de traitement avec les salari\u00e9s permanents. Et n\u2019oublie pas d\u2019ajouter les <strong>10 % d\u2019IFM<\/strong> et les <strong>10 % de cong\u00e9s pay\u00e9s<\/strong> qui s\u2019ajoutent en fin de mission.<\/p>\n","protected":false},"excerpt":{"rendered":"<p>Contrat int\u00e9rim 35h mais travaille moins : quel salaire ? \u00c0 retenir : si ton contrat mentionne 35 heures, l\u2019agence d\u2019int\u00e9rim doit te verser l\u2019int\u00e9gralit\u00e9 de ce volume horaire, m\u00eame si l\u2019entreprise utilisatrice t\u2019emploie moins. Ce maintien de salaire reste la r\u00e8gle, sauf si une clause de modulation pr\u00e9cise le contraire. Tu stresses \u00e0 l\u2019id\u00e9e &#8230; <a title=\"Int\u00e9rim 35h mais moins d&rsquo;heures en mission : ce que vous devez vraiment \u00eatre pay\u00e9\" class=\"read-more\" href=\"https:\/\/www.apres-lecole.fr\/Blog\/contrat-interim-35h-mais-travaille-moins\/\" aria-label=\"En savoir plus sur Int\u00e9rim 35h mais moins d&rsquo;heures en mission : ce que vous devez vraiment \u00eatre pay\u00e9\">Lire plus<\/a><\/p>\n","protected":false},"author":9,"featured_media":2819,"comment_status":"open","ping_status":"open","sticky":false,"template":"","format":"standard","meta":{"footnotes":""},"categories":[1],"tags":[],"class_list":["post-2818","post","type-post","status-publish","format-standard","has-post-thumbnail","hentry","category-metiers-entreprise"],"yoast_head":"<!-- This site is optimized with the Yoast SEO plugin v27.5 - https:\/\/yoast.com\/product\/yoast-seo-wordpress\/ -->\n<title>Int\u00e9rim 35h mais moins d&#039;heures en mission : ce que vous devez vraiment \u00eatre pay\u00e9 -<\/title>\n<meta name=\"robots\" content=\"index, follow, max-snippet:-1, max-image-preview:large, max-video-preview:-1\" \/>\n<link rel=\"canonical\" href=\"https:\/\/www.apres-lecole.fr\/Blog\/contrat-interim-35h-mais-travaille-moins\/\" \/>\n<meta property=\"og:locale\" content=\"fr_FR\" \/>\n<meta property=\"og:type\" content=\"article\" \/>\n<meta property=\"og:title\" content=\"Int\u00e9rim 35h mais moins d&#039;heures en mission : ce que vous devez vraiment \u00eatre pay\u00e9 -\" \/>\n<meta property=\"og:description\" content=\"Contrat int\u00e9rim 35h mais travaille moins : quel salaire ? \u00c0 retenir : si ton contrat mentionne 35 heures, l\u2019agence d\u2019int\u00e9rim doit te verser l\u2019int\u00e9gralit\u00e9 de ce volume horaire, m\u00eame si l\u2019entreprise utilisatrice t\u2019emploie moins. Ce maintien de salaire reste la r\u00e8gle, sauf si une clause de modulation pr\u00e9cise le contraire. Tu stresses \u00e0 l\u2019id\u00e9e ... Lire plus\" \/>\n<meta property=\"og:url\" content=\"https:\/\/www.apres-lecole.fr\/Blog\/contrat-interim-35h-mais-travaille-moins\/\" \/>\n<meta property=\"article:published_time\" content=\"2025-11-28T12:54:03+00:00\" \/>\n<meta property=\"article:modified_time\" content=\"2025-11-28T12:54:04+00:00\" \/>\n<meta property=\"og:image\" content=\"https:\/\/www.apres-lecole.fr\/Blog\/wp-content\/uploads\/2025\/11\/1711281.jpg\" \/>\n\t<meta property=\"og:image:width\" content=\"1344\" \/>\n\t<meta property=\"og:image:height\" content=\"768\" \/>\n\t<meta property=\"og:image:type\" content=\"image\/jpeg\" \/>\n<meta name=\"author\" content=\"Eva Martin\" \/>\n<meta name=\"twitter:card\" content=\"summary_large_image\" \/>\n<meta name=\"twitter:creator\" content=\"@Evaapresecole\" \/>\n<meta name=\"twitter:label1\" content=\"\u00c9crit par\" \/>\n\t<meta name=\"twitter:data1\" content=\"Eva Martin\" \/>\n\t<meta name=\"twitter:label2\" content=\"Dur\u00e9e de lecture estim\u00e9e\" \/>\n\t<meta name=\"twitter:data2\" content=\"5 minutes\" \/>\n<script type=\"application\/ld+json\" class=\"yoast-schema-graph\">{\"@context\":\"https:\\\/\\\/schema.org\",\"@graph\":[{\"@type\":\"Article\",\"@id\":\"https:\\\/\\\/www.apres-lecole.fr\\\/Blog\\\/contrat-interim-35h-mais-travaille-moins\\\/#article\",\"isPartOf\":{\"@id\":\"https:\\\/\\\/www.apres-lecole.fr\\\/Blog\\\/contrat-interim-35h-mais-travaille-moins\\\/\"},\"author\":{\"name\":\"Eva Martin\",\"@id\":\"https:\\\/\\\/www.apres-lecole.fr\\\/Blog\\\/#\\\/schema\\\/person\\\/aeb50cd4b51fc69da155804bb5bb9fc4\"},\"headline\":\"Int\u00e9rim 35h mais moins d&rsquo;heures en mission : ce que vous devez vraiment \u00eatre pay\u00e9\",\"datePublished\":\"2025-11-28T12:54:03+00:00\",\"dateModified\":\"2025-11-28T12:54:04+00:00\",\"mainEntityOfPage\":{\"@id\":\"https:\\\/\\\/www.apres-lecole.fr\\\/Blog\\\/contrat-interim-35h-mais-travaille-moins\\\/\"},\"wordCount\":992,\"commentCount\":0,\"image\":{\"@id\":\"https:\\\/\\\/www.apres-lecole.fr\\\/Blog\\\/contrat-interim-35h-mais-travaille-moins\\\/#primaryimage\"},\"thumbnailUrl\":\"https:\\\/\\\/www.apres-lecole.fr\\\/Blog\\\/wp-content\\\/uploads\\\/2025\\\/11\\\/1711281.jpg\",\"articleSection\":[\"M\u00e9tiers &amp; Entreprise\"],\"inLanguage\":\"fr-FR\",\"potentialAction\":[{\"@type\":\"CommentAction\",\"name\":\"Comment\",\"target\":[\"https:\\\/\\\/www.apres-lecole.fr\\\/Blog\\\/contrat-interim-35h-mais-travaille-moins\\\/#respond\"]}]},{\"@type\":\"WebPage\",\"@id\":\"https:\\\/\\\/www.apres-lecole.fr\\\/Blog\\\/contrat-interim-35h-mais-travaille-moins\\\/\",\"url\":\"https:\\\/\\\/www.apres-lecole.fr\\\/Blog\\\/contrat-interim-35h-mais-travaille-moins\\\/\",\"name\":\"Int\u00e9rim 35h mais moins d'heures en mission : ce que vous devez vraiment \u00eatre pay\u00e9 -\",\"isPartOf\":{\"@id\":\"https:\\\/\\\/www.apres-lecole.fr\\\/Blog\\\/#website\"},\"primaryImageOfPage\":{\"@id\":\"https:\\\/\\\/www.apres-lecole.fr\\\/Blog\\\/contrat-interim-35h-mais-travaille-moins\\\/#primaryimage\"},\"image\":{\"@id\":\"https:\\\/\\\/www.apres-lecole.fr\\\/Blog\\\/contrat-interim-35h-mais-travaille-moins\\\/#primaryimage\"},\"thumbnailUrl\":\"https:\\\/\\\/www.apres-lecole.fr\\\/Blog\\\/wp-content\\\/uploads\\\/2025\\\/11\\\/1711281.jpg\",\"datePublished\":\"2025-11-28T12:54:03+00:00\",\"dateModified\":\"2025-11-28T12:54:04+00:00\",\"author\":{\"@id\":\"https:\\\/\\\/www.apres-lecole.fr\\\/Blog\\\/#\\\/schema\\\/person\\\/aeb50cd4b51fc69da155804bb5bb9fc4\"},\"breadcrumb\":{\"@id\":\"https:\\\/\\\/www.apres-lecole.fr\\\/Blog\\\/contrat-interim-35h-mais-travaille-moins\\\/#breadcrumb\"},\"inLanguage\":\"fr-FR\",\"potentialAction\":[{\"@type\":\"ReadAction\",\"target\":[\"https:\\\/\\\/www.apres-lecole.fr\\\/Blog\\\/contrat-interim-35h-mais-travaille-moins\\\/\"]}]},{\"@type\":\"ImageObject\",\"inLanguage\":\"fr-FR\",\"@id\":\"https:\\\/\\\/www.apres-lecole.fr\\\/Blog\\\/contrat-interim-35h-mais-travaille-moins\\\/#primaryimage\",\"url\":\"https:\\\/\\\/www.apres-lecole.fr\\\/Blog\\\/wp-content\\\/uploads\\\/2025\\\/11\\\/1711281.jpg\",\"contentUrl\":\"https:\\\/\\\/www.apres-lecole.fr\\\/Blog\\\/wp-content\\\/uploads\\\/2025\\\/11\\\/1711281.jpg\",\"width\":1344,\"height\":768,\"caption\":\"contrat int\u00e9rim 35h mais travaille moins\"},{\"@type\":\"BreadcrumbList\",\"@id\":\"https:\\\/\\\/www.apres-lecole.fr\\\/Blog\\\/contrat-interim-35h-mais-travaille-moins\\\/#breadcrumb\",\"itemListElement\":[{\"@type\":\"ListItem\",\"position\":1,\"name\":\"Home\",\"item\":\"https:\\\/\\\/www.apres-lecole.fr\\\/Blog\\\/\"},{\"@type\":\"ListItem\",\"position\":2,\"name\":\"Int\u00e9rim 35h mais moins d&rsquo;heures en mission : ce que vous devez vraiment \u00eatre pay\u00e9\"}]},{\"@type\":\"WebSite\",\"@id\":\"https:\\\/\\\/www.apres-lecole.fr\\\/Blog\\\/#website\",\"url\":\"https:\\\/\\\/www.apres-lecole.fr\\\/Blog\\\/\",\"name\":\"\",\"description\":\"M\u00e9dia g\u00e9n\u00e9raliste\",\"potentialAction\":[{\"@type\":\"SearchAction\",\"target\":{\"@type\":\"EntryPoint\",\"urlTemplate\":\"https:\\\/\\\/www.apres-lecole.fr\\\/Blog\\\/?s={search_term_string}\"},\"query-input\":{\"@type\":\"PropertyValueSpecification\",\"valueRequired\":true,\"valueName\":\"search_term_string\"}}],\"inLanguage\":\"fr-FR\"},{\"@type\":\"Person\",\"@id\":\"https:\\\/\\\/www.apres-lecole.fr\\\/Blog\\\/#\\\/schema\\\/person\\\/aeb50cd4b51fc69da155804bb5bb9fc4\",\"name\":\"Eva Martin\",\"image\":{\"@type\":\"ImageObject\",\"inLanguage\":\"fr-FR\",\"@id\":\"https:\\\/\\\/secure.gravatar.com\\\/avatar\\\/55c53222558b27a72015a64073a80edce4abd33369394b9bf2c5cd6c19d12682?s=96&d=mm&r=g\",\"url\":\"https:\\\/\\\/secure.gravatar.com\\\/avatar\\\/55c53222558b27a72015a64073a80edce4abd33369394b9bf2c5cd6c19d12682?s=96&d=mm&r=g\",\"contentUrl\":\"https:\\\/\\\/secure.gravatar.com\\\/avatar\\\/55c53222558b27a72015a64073a80edce4abd33369394b9bf2c5cd6c19d12682?s=96&d=mm&r=g\",\"caption\":\"Eva Martin\"},\"description\":\"Je parle de business et d'entrepreneuriat avec des conseils clairs, concrets et actionnables pour r\u00e9ussir\",\"sameAs\":[\"https:\\\/\\\/x.com\\\/Evaapresecole\"],\"url\":\"https:\\\/\\\/www.apres-lecole.fr\\\/Blog\\\/author\\\/evamartin\\\/\"}]}<\/script>\n<!-- \/ Yoast SEO plugin. -->","yoast_head_json":{"title":"Int\u00e9rim 35h mais moins d'heures en mission : ce que vous devez vraiment \u00eatre pay\u00e9 -","robots":{"index":"index","follow":"follow","max-snippet":"max-snippet:-1","max-image-preview":"max-image-preview:large","max-video-preview":"max-video-preview:-1"},"canonical":"https:\/\/www.apres-lecole.fr\/Blog\/contrat-interim-35h-mais-travaille-moins\/","og_locale":"fr_FR","og_type":"article","og_title":"Int\u00e9rim 35h mais moins d'heures en mission : ce que vous devez vraiment \u00eatre pay\u00e9 -","og_description":"Contrat int\u00e9rim 35h mais travaille moins : quel salaire ? \u00c0 retenir : si ton contrat mentionne 35 heures, l\u2019agence d\u2019int\u00e9rim doit te verser l\u2019int\u00e9gralit\u00e9 de ce volume horaire, m\u00eame si l\u2019entreprise utilisatrice t\u2019emploie moins. Ce maintien de salaire reste la r\u00e8gle, sauf si une clause de modulation pr\u00e9cise le contraire. Tu stresses \u00e0 l\u2019id\u00e9e ... Lire plus","og_url":"https:\/\/www.apres-lecole.fr\/Blog\/contrat-interim-35h-mais-travaille-moins\/","article_published_time":"2025-11-28T12:54:03+00:00","article_modified_time":"2025-11-28T12:54:04+00:00","og_image":[{"width":1344,"height":768,"url":"https:\/\/www.apres-lecole.fr\/Blog\/wp-content\/uploads\/2025\/11\/1711281.jpg","type":"image\/jpeg"}],"author":"Eva Martin","twitter_card":"summary_large_image","twitter_creator":"@Evaapresecole","twitter_misc":{"\u00c9crit par":"Eva Martin","Dur\u00e9e de lecture estim\u00e9e":"5 minutes"},"schema":{"@context":"https:\/\/schema.org","@graph":[{"@type":"Article","@id":"https:\/\/www.apres-lecole.fr\/Blog\/contrat-interim-35h-mais-travaille-moins\/#article","isPartOf":{"@id":"https:\/\/www.apres-lecole.fr\/Blog\/contrat-interim-35h-mais-travaille-moins\/"},"author":{"name":"Eva Martin","@id":"https:\/\/www.apres-lecole.fr\/Blog\/#\/schema\/person\/aeb50cd4b51fc69da155804bb5bb9fc4"},"headline":"Int\u00e9rim 35h mais moins d&rsquo;heures en mission : ce que vous devez vraiment \u00eatre pay\u00e9","datePublished":"2025-11-28T12:54:03+00:00","dateModified":"2025-11-28T12:54:04+00:00","mainEntityOfPage":{"@id":"https:\/\/www.apres-lecole.fr\/Blog\/contrat-interim-35h-mais-travaille-moins\/"},"wordCount":992,"commentCount":0,"image":{"@id":"https:\/\/www.apres-lecole.fr\/Blog\/contrat-interim-35h-mais-travaille-moins\/#primaryimage"},"thumbnailUrl":"https:\/\/www.apres-lecole.fr\/Blog\/wp-content\/uploads\/2025\/11\/1711281.jpg","articleSection":["M\u00e9tiers &amp; Entreprise"],"inLanguage":"fr-FR","potentialAction":[{"@type":"CommentAction","name":"Comment","target":["https:\/\/www.apres-lecole.fr\/Blog\/contrat-interim-35h-mais-travaille-moins\/#respond"]}]},{"@type":"WebPage","@id":"https:\/\/www.apres-lecole.fr\/Blog\/contrat-interim-35h-mais-travaille-moins\/","url":"https:\/\/www.apres-lecole.fr\/Blog\/contrat-interim-35h-mais-travaille-moins\/","name":"Int\u00e9rim 35h mais moins d'heures en mission : ce que vous devez vraiment \u00eatre pay\u00e9 -","isPartOf":{"@id":"https:\/\/www.apres-lecole.fr\/Blog\/#website"},"primaryImageOfPage":{"@id":"https:\/\/www.apres-lecole.fr\/Blog\/contrat-interim-35h-mais-travaille-moins\/#primaryimage"},"image":{"@id":"https:\/\/www.apres-lecole.fr\/Blog\/contrat-interim-35h-mais-travaille-moins\/#primaryimage"},"thumbnailUrl":"https:\/\/www.apres-lecole.fr\/Blog\/wp-content\/uploads\/2025\/11\/1711281.jpg","datePublished":"2025-11-28T12:54:03+00:00","dateModified":"2025-11-28T12:54:04+00:00","author":{"@id":"https:\/\/www.apres-lecole.fr\/Blog\/#\/schema\/person\/aeb50cd4b51fc69da155804bb5bb9fc4"},"breadcrumb":{"@id":"https:\/\/www.apres-lecole.fr\/Blog\/contrat-interim-35h-mais-travaille-moins\/#breadcrumb"},"inLanguage":"fr-FR","potentialAction":[{"@type":"ReadAction","target":["https:\/\/www.apres-lecole.fr\/Blog\/contrat-interim-35h-mais-travaille-moins\/"]}]},{"@type":"ImageObject","inLanguage":"fr-FR","@id":"https:\/\/www.apres-lecole.fr\/Blog\/contrat-interim-35h-mais-travaille-moins\/#primaryimage","url":"https:\/\/www.apres-lecole.fr\/Blog\/wp-content\/uploads\/2025\/11\/1711281.jpg","contentUrl":"https:\/\/www.apres-lecole.fr\/Blog\/wp-content\/uploads\/2025\/11\/1711281.jpg","width":1344,"height":768,"caption":"contrat int\u00e9rim 35h mais travaille moins"},{"@type":"BreadcrumbList","@id":"https:\/\/www.apres-lecole.fr\/Blog\/contrat-interim-35h-mais-travaille-moins\/#breadcrumb","itemListElement":[{"@type":"ListItem","position":1,"name":"Home","item":"https:\/\/www.apres-lecole.fr\/Blog\/"},{"@type":"ListItem","position":2,"name":"Int\u00e9rim 35h mais moins d&rsquo;heures en mission : ce que vous devez vraiment \u00eatre pay\u00e9"}]},{"@type":"WebSite","@id":"https:\/\/www.apres-lecole.fr\/Blog\/#website","url":"https:\/\/www.apres-lecole.fr\/Blog\/","name":"","description":"M\u00e9dia g\u00e9n\u00e9raliste","potentialAction":[{"@type":"SearchAction","target":{"@type":"EntryPoint","urlTemplate":"https:\/\/www.apres-lecole.fr\/Blog\/?s={search_term_string}"},"query-input":{"@type":"PropertyValueSpecification","valueRequired":true,"valueName":"search_term_string"}}],"inLanguage":"fr-FR"},{"@type":"Person","@id":"https:\/\/www.apres-lecole.fr\/Blog\/#\/schema\/person\/aeb50cd4b51fc69da155804bb5bb9fc4","name":"Eva Martin","image":{"@type":"ImageObject","inLanguage":"fr-FR","@id":"https:\/\/secure.gravatar.com\/avatar\/55c53222558b27a72015a64073a80edce4abd33369394b9bf2c5cd6c19d12682?s=96&d=mm&r=g","url":"https:\/\/secure.gravatar.com\/avatar\/55c53222558b27a72015a64073a80edce4abd33369394b9bf2c5cd6c19d12682?s=96&d=mm&r=g","contentUrl":"https:\/\/secure.gravatar.com\/avatar\/55c53222558b27a72015a64073a80edce4abd33369394b9bf2c5cd6c19d12682?s=96&d=mm&r=g","caption":"Eva Martin"},"description":"Je parle de business et d'entrepreneuriat avec des conseils clairs, concrets et actionnables pour r\u00e9ussir","sameAs":["https:\/\/x.com\/Evaapresecole"],"url":"https:\/\/www.apres-lecole.fr\/Blog\/author\/evamartin\/"}]}},"views":525,"_links":{"self":[{"href":"https:\/\/www.apres-lecole.fr\/Blog\/wp-json\/wp\/v2\/posts\/2818","targetHints":{"allow":["GET"]}}],"collection":[{"href":"https:\/\/www.apres-lecole.fr\/Blog\/wp-json\/wp\/v2\/posts"}],"about":[{"href":"https:\/\/www.apres-lecole.fr\/Blog\/wp-json\/wp\/v2\/types\/post"}],"author":[{"embeddable":true,"href":"https:\/\/www.apres-lecole.fr\/Blog\/wp-json\/wp\/v2\/users\/9"}],"replies":[{"embeddable":true,"href":"https:\/\/www.apres-lecole.fr\/Blog\/wp-json\/wp\/v2\/comments?post=2818"}],"version-history":[{"count":1,"href":"https:\/\/www.apres-lecole.fr\/Blog\/wp-json\/wp\/v2\/posts\/2818\/revisions"}],"predecessor-version":[{"id":2820,"href":"https:\/\/www.apres-lecole.fr\/Blog\/wp-json\/wp\/v2\/posts\/2818\/revisions\/2820"}],"wp:featuredmedia":[{"embeddable":true,"href":"https:\/\/www.apres-lecole.fr\/Blog\/wp-json\/wp\/v2\/media\/2819"}],"wp:attachment":[{"href":"https:\/\/www.apres-lecole.fr\/Blog\/wp-json\/wp\/v2\/media?parent=2818"}],"wp:term":[{"taxonomy":"category","embeddable":true,"href":"https:\/\/www.apres-lecole.fr\/Blog\/wp-json\/wp\/v2\/categories?post=2818"},{"taxonomy":"post_tag","embeddable":true,"href":"https:\/\/www.apres-lecole.fr\/Blog\/wp-json\/wp\/v2\/tags?post=2818"}],"curies":[{"name":"wp","href":"https:\/\/api.w.org\/{rel}","templated":true}]}}