{"id":2811,"date":"2025-11-26T10:12:00","date_gmt":"2025-11-26T10:12:00","guid":{"rendered":"https:\/\/www.apres-lecole.fr\/Blog\/?p=2811"},"modified":"2025-11-26T22:13:06","modified_gmt":"2025-11-26T22:13:06","slug":"comment-faire-de-la-formation-un-levier-dengagement-collaborateurs","status":"publish","type":"post","link":"https:\/\/www.apres-lecole.fr\/Blog\/comment-faire-de-la-formation-un-levier-dengagement-collaborateurs\/","title":{"rendered":"Comment faire de la formation un levier d\u2019engagement collaborateurs\u202f?"},"content":{"rendered":"\n\n<div class=\"kk-star-ratings kksr-auto kksr-align-left kksr-valign-top\"\n    data-payload='{&quot;align&quot;:&quot;left&quot;,&quot;id&quot;:&quot;2811&quot;,&quot;slug&quot;:&quot;default&quot;,&quot;valign&quot;:&quot;top&quot;,&quot;ignore&quot;:&quot;&quot;,&quot;reference&quot;:&quot;auto&quot;,&quot;class&quot;:&quot;&quot;,&quot;count&quot;:&quot;0&quot;,&quot;legendonly&quot;:&quot;&quot;,&quot;readonly&quot;:&quot;&quot;,&quot;score&quot;:&quot;0&quot;,&quot;starsonly&quot;:&quot;&quot;,&quot;best&quot;:&quot;5&quot;,&quot;gap&quot;:&quot;5&quot;,&quot;greet&quot;:&quot;Rate this post&quot;,&quot;legend&quot;:&quot;0\\\/5 - (0 vote)&quot;,&quot;size&quot;:&quot;24&quot;,&quot;title&quot;:&quot;Comment faire de la formation un levier d\u2019engagement collaborateurs\u202f?&quot;,&quot;width&quot;:&quot;0&quot;,&quot;_legend&quot;:&quot;{score}\\\/{best} - ({count} {votes})&quot;,&quot;font_factor&quot;:&quot;1.25&quot;}'>\n            \n<div class=\"kksr-stars\">\n    \n<div class=\"kksr-stars-inactive\">\n            <div class=\"kksr-star\" data-star=\"1\" style=\"padding-right: 5px\">\n            \n\n<div class=\"kksr-icon\" style=\"width: 24px; height: 24px;\"><\/div>\n        <\/div>\n            <div class=\"kksr-star\" data-star=\"2\" style=\"padding-right: 5px\">\n            \n\n<div class=\"kksr-icon\" style=\"width: 24px; height: 24px;\"><\/div>\n        <\/div>\n            <div class=\"kksr-star\" data-star=\"3\" style=\"padding-right: 5px\">\n            \n\n<div class=\"kksr-icon\" style=\"width: 24px; height: 24px;\"><\/div>\n        <\/div>\n            <div class=\"kksr-star\" data-star=\"4\" style=\"padding-right: 5px\">\n            \n\n<div class=\"kksr-icon\" style=\"width: 24px; height: 24px;\"><\/div>\n        <\/div>\n            <div class=\"kksr-star\" data-star=\"5\" style=\"padding-right: 5px\">\n            \n\n<div class=\"kksr-icon\" style=\"width: 24px; height: 24px;\"><\/div>\n        <\/div>\n    <\/div>\n    \n<div class=\"kksr-stars-active\" style=\"width: 0px;\">\n            <div class=\"kksr-star\" style=\"padding-right: 5px\">\n            \n\n<div class=\"kksr-icon\" style=\"width: 24px; height: 24px;\"><\/div>\n        <\/div>\n            <div class=\"kksr-star\" style=\"padding-right: 5px\">\n            \n\n<div class=\"kksr-icon\" style=\"width: 24px; height: 24px;\"><\/div>\n        <\/div>\n            <div class=\"kksr-star\" style=\"padding-right: 5px\">\n            \n\n<div class=\"kksr-icon\" style=\"width: 24px; height: 24px;\"><\/div>\n        <\/div>\n            <div class=\"kksr-star\" style=\"padding-right: 5px\">\n            \n\n<div class=\"kksr-icon\" style=\"width: 24px; height: 24px;\"><\/div>\n        <\/div>\n            <div class=\"kksr-star\" style=\"padding-right: 5px\">\n            \n\n<div class=\"kksr-icon\" style=\"width: 24px; height: 24px;\"><\/div>\n        <\/div>\n    <\/div>\n<\/div>\n                \n\n<div class=\"kksr-legend\" style=\"font-size: 19.2px;\">\n            <span class=\"kksr-muted\">Rate this post<\/span>\n    <\/div>\n    <\/div>\n\n<p>La formation professionnelle repr\u00e9sente bien plus qu&rsquo;un simple transfert de comp\u00e9tences techniques. Dans un march\u00e9 du travail en constante \u00e9volution, transformer la formation en v\u00e9ritable levier d&rsquo;engagement des collaborateurs constitue un enjeu strat\u00e9gique pour les entreprises souhaitant fid\u00e9liser leurs talents et am\u00e9liorer leur performance globale.<\/p>\n\n\n\n<h2 class=\"wp-block-heading\">Formation efficace pour booster l&rsquo;engagement des apprenants<\/h2>\n\n\n\n<p>La formation est un outil puissant pour renforcer l&rsquo;engagement des collaborateurs. Elle permet non seulement d&rsquo;acqu\u00e9rir de nouvelles comp\u00e9tences, mais aussi de cr\u00e9er un sentiment d&rsquo;appartenance et de motivation au sein de l&rsquo;\u00e9quipe. Pour explorer des m\u00e9thodes innovantes et adapt\u00e9es \u00e0 votre entreprise, visitez&nbsp;<strong><a href=\"https:\/\/my.mandarine.academy\/fr\/\">my.mandarine.academy<\/a><\/strong>. Ce site propose une gamme vari\u00e9e de formations qui peuvent transformer la dynamique interne et favoriser un environnement de travail plus engag\u00e9.<\/p>\n\n\n\n<p>La formation joue un r\u00f4le crucial dans la motivation et l&rsquo;implication des \u00e9quipes au quotidien. Les collaborateurs qui b\u00e9n\u00e9ficient de programmes de d\u00e9veloppement adapt\u00e9s se sentent valoris\u00e9s et d\u00e9veloppent un sentiment d&rsquo;appartenance plus fort \u00e0 l&rsquo;entreprise.<\/p>\n\n\n\n<h3 class=\"wp-block-heading\">Harmonisation de la formation avec les ambitions personnelles<\/h3>\n\n\n\n<p>Un programme de formation qui r\u00e9ussit s&rsquo;adapte \u00e0 la fois aux ambitions professionnelles et aux r\u00eaves personnels des employ\u00e9s. Cela commence par une exploration attentive de leurs attentes et de leurs objectifs de carri\u00e8re.<\/p>\n\n\n\n<p><strong>L&rsquo;alignement des parcours propos\u00e9s avec les aspirations des collaborateurs<\/strong>&nbsp;est la cl\u00e9 pour cr\u00e9er un v\u00e9ritable engagement. En comprenant ce que chaque individu souhaite atteindre, on peut concevoir des formations qui inspirent et motivent. Une telle approche ne se contente pas simplement de d\u00e9velopper des comp\u00e9tences, mais elle nourrit aussi un sentiment d&rsquo;accomplissement et d&rsquo;investissement personnel.<\/p>\n\n\n\n<h3 class=\"wp-block-heading\">Cultiver l&rsquo;apprentissage continu en entreprise<\/h3>\n\n\n\n<p>Dans certaines entreprises, l&rsquo;apprentissage ne s&rsquo;arr\u00eate jamais. Elles cr\u00e9ent un environnement o\u00f9 apprendre de nouvelles comp\u00e9tences devient une habitude quotidienne.&nbsp;<strong>Cette dynamique transforme le d\u00e9veloppement professionnel en un moteur de motivation<\/strong>.<\/p>\n\n\n\n<p>Au c\u0153ur de cette approche se trouve l&rsquo;id\u00e9e que chacun est acteur de son parcours. Les collaborateurs sont encourag\u00e9s \u00e0 explorer, exp\u00e9rimenter et grandir \u00e0 leur rythme. Cela cr\u00e9e non seulement une \u00e9quipe plus comp\u00e9tente mais aussi plus engag\u00e9e, car chaque personne voit directement les b\u00e9n\u00e9fices de ses efforts. C&rsquo;est une v\u00e9ritable r\u00e9volution dans la mani\u00e8re d&rsquo;envisager le travail et la progression professionnelle.<\/p>\n\n\n\n<h2 class=\"wp-block-heading\">Engagement en classe : strat\u00e9gies p\u00e9dagogiques efficaces<\/h2>\n\n\n\n<p>Le choix des m\u00e9thodes d&rsquo;apprentissage influence directement le niveau d&rsquo;implication des participants. Les formats interactifs et personnalis\u00e9s g\u00e9n\u00e8rent davantage d&rsquo;int\u00e9r\u00eat et d&rsquo;engagement que les approches traditionnelles descendantes.<\/p>\n\n\n\n<h3 class=\"wp-block-heading\">Formats participatifs et collaboratifs essentiels<\/h3>\n\n\n\n<p>Les ateliers pratiques et les simulations sont de v\u00e9ritables moteurs d&rsquo;engagement.&nbsp;<strong>L&rsquo;exp\u00e9rimentation active<\/strong>&nbsp;transforme l&rsquo;apprentissage en une aventure concr\u00e8te et captivante.<\/p>\n\n\n\n<p>Ces m\u00e9thodes offrent aux participants l&rsquo;opportunit\u00e9 d&rsquo;int\u00e9grer les connaissances directement dans leur environnement professionnel. En s&rsquo;immergeant dans des situations r\u00e9elles, ils peuvent tester et adapter les concepts appris, ce qui renforce leur compr\u00e9hension et leur confiance. Les sessions de co-d\u00e9veloppement, quant \u00e0 elles, favorisent un \u00e9change enrichissant entre coll\u00e8gues, permettant \u00e0 chacun de partager ses exp\u00e9riences et d&rsquo;en tirer le meilleur parti pour progresser ensemble.<\/p>\n\n\n\n<h3 class=\"wp-block-heading\">Int\u00e9gration des technologies d&rsquo;apprentissage innovantes<\/h3>\n\n\n\n<p>Les nouvelles technologies transforment le monde de la formation. Gr\u00e2ce aux plateformes digitales, \u00e0 la r\u00e9alit\u00e9 virtuelle et aux serious games, l&rsquo;apprentissage devient une aventure immersive. Ces outils innovants permettent de personnaliser chaque parcours, offrant une exp\u00e9rience unique et engageante.<\/p>\n\n\n\n<p><strong>La gamification capte l&rsquo;attention<\/strong>, rendant le processus d&rsquo;apprentissage plus dynamique et motivant. Les apprenants peuvent progresser \u00e0 leur propre rythme, ce qui favorise l&rsquo;autonomie et la flexibilit\u00e9. En int\u00e9grant ces technologies, les formateurs cr\u00e9ent des environnements stimulants o\u00f9 chaque utilisateur se sent acteur de son apprentissage.<\/p>\n\n\n\n<p>Ces avanc\u00e9es num\u00e9riques ouvrent des horizons insoup\u00e7onn\u00e9s pour d\u00e9velopper des comp\u00e9tences dans un cadre ludique et motivant. Elles r\u00e9inventent la mani\u00e8re dont nous apprenons aujourd&rsquo;hui, transformant chaque session en une exp\u00e9rience captivante et sur-mesure.<\/p>\n\n\n\n<h2 class=\"wp-block-heading\">Impact de la formation: cl\u00e9s pour mesurer et valoriser<\/h2>\n\n\n\n<p>L&rsquo;\u00e9valuation des r\u00e9sultats constitue un aspect essentiel pour maintenir l&rsquo;engagement des collaborateurs dans leur parcours de formation. La mise en \u00e9vidence des progr\u00e8s r\u00e9alis\u00e9s et des b\u00e9n\u00e9fices concrets renforce la perception positive du d\u00e9veloppement des comp\u00e9tences.<\/p>\n\n\n\n<h3 class=\"wp-block-heading\">Indicateurs de succ\u00e8s : cl\u00e9s de performance efficaces<\/h3>\n\n\n\n<p>Les entreprises peuvent tirer un r\u00e9el avantage de l&rsquo;\u00e9valuation de l&rsquo;application concr\u00e8te des comp\u00e9tences acquises en formation directement sur le terrain. Plut\u00f4t que de se contenter des classiques questionnaires de satisfaction, pourquoi ne pas mesurer ce qui est vraiment utilis\u00e9 et mis en pratique ? Cela permet d&rsquo;identifier comment la formation influence v\u00e9ritablement la performance des employ\u00e9s.<\/p>\n\n\n\n<p><strong>Quantifier le retour sur investissement<\/strong>&nbsp;devient alors possible et m\u00eame r\u00e9v\u00e9lateur. En observant comment les comp\u00e9tences nouvellement acquises am\u00e9liorent tant l&rsquo;efficacit\u00e9 individuelle que celle des \u00e9quipes, on obtient une vision claire de leur impact. C&rsquo;est une strat\u00e9gie qui enrichit non seulement la compr\u00e9hension du d\u00e9veloppement professionnel mais aussi la dynamique collective au sein de l&rsquo;entreprise.<\/p>\n\n\n\n<h3 class=\"wp-block-heading\">Valorisation et c\u00e9l\u00e9bration des accomplissements<\/h3>\n\n\n\n<p>Reconna\u00eetre officiellement les comp\u00e9tences que l&rsquo;on a acquises, que ce soit par des certifications ou \u00e0 travers des \u00e9changes d&rsquo;exp\u00e9riences, nourrit un v\u00e9ritable sentiment d&rsquo;accomplissement. Cela va bien au-del\u00e0 de la simple validation des connaissances : c&rsquo;est une fa\u00e7on de dire \u00ab\u00a0je vois tes efforts et je les appr\u00e9cie\u00a0\u00bb.<\/p>\n\n\n\n<p><strong>Valoriser l&rsquo;apprentissage<\/strong>&nbsp;cr\u00e9e un climat qui encourage chacun \u00e0 aller plus loin dans son d\u00e9veloppement personnel et professionnel. Lorsqu&rsquo;un collaborateur sent que ses efforts ne passent pas inaper\u00e7us, il est naturellement motiv\u00e9 \u00e0 continuer sur cette voie. Ce cercle vertueux profite \u00e0 tous, renfor\u00e7ant le dynamisme et la cr\u00e9ativit\u00e9 au sein de l&rsquo;\u00e9quipe.<\/p>\n\n\n\n<h2 class=\"wp-block-heading\">Formation surprenante r\u00e9veille l&rsquo;engagement des collaborateurs<\/h2>\n\n\n\n<p>Transformer la formation en levier d&rsquo;engagement requiert une approche strat\u00e9gique centr\u00e9e sur les besoins r\u00e9els des collaborateurs et align\u00e9e avec les objectifs de l&rsquo;entreprise. En cr\u00e9ant des exp\u00e9riences d&rsquo;apprentissage personnalis\u00e9es, participatives et valorisantes, les organisations peuvent simultan\u00e9ment d\u00e9velopper les comp\u00e9tences de leurs \u00e9quipes et renforcer leur engagement. Ce cercle vertueux contribue non seulement \u00e0 l&rsquo;\u00e9panouissement professionnel des collaborateurs mais aussi \u00e0 la performance durable de l&rsquo;entreprise.<\/p>\n\n\n\n<h2 class=\"wp-block-heading\">Pour aller plus loin<\/h2>\n\n\n\n<p>Consultez les ressources additionnelles pour approfondir ce sujet.<\/p>\n","protected":false},"excerpt":{"rendered":"<p>La formation professionnelle repr\u00e9sente bien plus qu&rsquo;un simple transfert de comp\u00e9tences techniques. Dans un march\u00e9 du travail en constante \u00e9volution, transformer la formation en v\u00e9ritable levier d&rsquo;engagement des collaborateurs constitue un enjeu strat\u00e9gique pour les entreprises souhaitant fid\u00e9liser leurs talents et am\u00e9liorer leur performance globale. Formation efficace pour booster l&rsquo;engagement des apprenants La formation est &#8230; <a title=\"Comment faire de la formation un levier d\u2019engagement collaborateurs\u202f?\" class=\"read-more\" href=\"https:\/\/www.apres-lecole.fr\/Blog\/comment-faire-de-la-formation-un-levier-dengagement-collaborateurs\/\" aria-label=\"En savoir plus sur Comment faire de la formation un levier d\u2019engagement collaborateurs\u202f?\">Lire plus<\/a><\/p>\n","protected":false},"author":9,"featured_media":2812,"comment_status":"open","ping_status":"open","sticky":false,"template":"","format":"standard","meta":{"footnotes":""},"categories":[1],"tags":[],"class_list":["post-2811","post","type-post","status-publish","format-standard","has-post-thumbnail","hentry","category-metiers-entreprise"],"yoast_head":"<!-- This site is optimized with the Yoast SEO plugin v27.5 - https:\/\/yoast.com\/product\/yoast-seo-wordpress\/ -->\n<title>Comment faire de la formation un levier d\u2019engagement collaborateurs\u202f? -<\/title>\n<meta name=\"robots\" content=\"index, follow, max-snippet:-1, max-image-preview:large, max-video-preview:-1\" \/>\n<link rel=\"canonical\" href=\"https:\/\/www.apres-lecole.fr\/Blog\/comment-faire-de-la-formation-un-levier-dengagement-collaborateurs\/\" \/>\n<meta property=\"og:locale\" content=\"fr_FR\" \/>\n<meta property=\"og:type\" content=\"article\" \/>\n<meta property=\"og:title\" content=\"Comment faire de la formation un levier d\u2019engagement collaborateurs\u202f? -\" \/>\n<meta property=\"og:description\" content=\"La formation professionnelle repr\u00e9sente bien plus qu&rsquo;un simple transfert de comp\u00e9tences techniques. Dans un march\u00e9 du travail en constante \u00e9volution, transformer la formation en v\u00e9ritable levier d&rsquo;engagement des collaborateurs constitue un enjeu strat\u00e9gique pour les entreprises souhaitant fid\u00e9liser leurs talents et am\u00e9liorer leur performance globale. Formation efficace pour booster l&rsquo;engagement des apprenants La formation est ... Lire plus\" \/>\n<meta property=\"og:url\" content=\"https:\/\/www.apres-lecole.fr\/Blog\/comment-faire-de-la-formation-un-levier-dengagement-collaborateurs\/\" \/>\n<meta property=\"article:published_time\" content=\"2025-11-26T10:12:00+00:00\" \/>\n<meta property=\"article:modified_time\" content=\"2025-11-26T22:13:06+00:00\" \/>\n<meta property=\"og:image\" content=\"https:\/\/www.apres-lecole.fr\/Blog\/wp-content\/uploads\/2025\/11\/6927120d7711e1764168205.webp\" \/>\n\t<meta property=\"og:image:width\" content=\"2016\" \/>\n\t<meta property=\"og:image:height\" content=\"1152\" \/>\n\t<meta property=\"og:image:type\" content=\"image\/webp\" \/>\n<meta name=\"author\" content=\"Eva Martin\" \/>\n<meta name=\"twitter:card\" content=\"summary_large_image\" \/>\n<meta name=\"twitter:creator\" content=\"@Evaapresecole\" \/>\n<meta name=\"twitter:label1\" content=\"\u00c9crit par\" \/>\n\t<meta name=\"twitter:data1\" content=\"Eva Martin\" \/>\n\t<meta name=\"twitter:label2\" content=\"Dur\u00e9e de lecture estim\u00e9e\" \/>\n\t<meta name=\"twitter:data2\" content=\"6 minutes\" \/>\n<script type=\"application\/ld+json\" class=\"yoast-schema-graph\">{\"@context\":\"https:\\\/\\\/schema.org\",\"@graph\":[{\"@type\":\"Article\",\"@id\":\"https:\\\/\\\/www.apres-lecole.fr\\\/Blog\\\/comment-faire-de-la-formation-un-levier-dengagement-collaborateurs\\\/#article\",\"isPartOf\":{\"@id\":\"https:\\\/\\\/www.apres-lecole.fr\\\/Blog\\\/comment-faire-de-la-formation-un-levier-dengagement-collaborateurs\\\/\"},\"author\":{\"name\":\"Eva Martin\",\"@id\":\"https:\\\/\\\/www.apres-lecole.fr\\\/Blog\\\/#\\\/schema\\\/person\\\/aeb50cd4b51fc69da155804bb5bb9fc4\"},\"headline\":\"Comment faire de la formation un levier d\u2019engagement collaborateurs\u202f?\",\"datePublished\":\"2025-11-26T10:12:00+00:00\",\"dateModified\":\"2025-11-26T22:13:06+00:00\",\"mainEntityOfPage\":{\"@id\":\"https:\\\/\\\/www.apres-lecole.fr\\\/Blog\\\/comment-faire-de-la-formation-un-levier-dengagement-collaborateurs\\\/\"},\"wordCount\":1142,\"commentCount\":0,\"image\":{\"@id\":\"https:\\\/\\\/www.apres-lecole.fr\\\/Blog\\\/comment-faire-de-la-formation-un-levier-dengagement-collaborateurs\\\/#primaryimage\"},\"thumbnailUrl\":\"https:\\\/\\\/www.apres-lecole.fr\\\/Blog\\\/wp-content\\\/uploads\\\/2025\\\/11\\\/6927120d7711e1764168205.webp\",\"articleSection\":[\"M\u00e9tiers &amp; Entreprise\"],\"inLanguage\":\"fr-FR\",\"potentialAction\":[{\"@type\":\"CommentAction\",\"name\":\"Comment\",\"target\":[\"https:\\\/\\\/www.apres-lecole.fr\\\/Blog\\\/comment-faire-de-la-formation-un-levier-dengagement-collaborateurs\\\/#respond\"]}]},{\"@type\":\"WebPage\",\"@id\":\"https:\\\/\\\/www.apres-lecole.fr\\\/Blog\\\/comment-faire-de-la-formation-un-levier-dengagement-collaborateurs\\\/\",\"url\":\"https:\\\/\\\/www.apres-lecole.fr\\\/Blog\\\/comment-faire-de-la-formation-un-levier-dengagement-collaborateurs\\\/\",\"name\":\"Comment faire de la formation un levier d\u2019engagement collaborateurs\u202f? -\",\"isPartOf\":{\"@id\":\"https:\\\/\\\/www.apres-lecole.fr\\\/Blog\\\/#website\"},\"primaryImageOfPage\":{\"@id\":\"https:\\\/\\\/www.apres-lecole.fr\\\/Blog\\\/comment-faire-de-la-formation-un-levier-dengagement-collaborateurs\\\/#primaryimage\"},\"image\":{\"@id\":\"https:\\\/\\\/www.apres-lecole.fr\\\/Blog\\\/comment-faire-de-la-formation-un-levier-dengagement-collaborateurs\\\/#primaryimage\"},\"thumbnailUrl\":\"https:\\\/\\\/www.apres-lecole.fr\\\/Blog\\\/wp-content\\\/uploads\\\/2025\\\/11\\\/6927120d7711e1764168205.webp\",\"datePublished\":\"2025-11-26T10:12:00+00:00\",\"dateModified\":\"2025-11-26T22:13:06+00:00\",\"author\":{\"@id\":\"https:\\\/\\\/www.apres-lecole.fr\\\/Blog\\\/#\\\/schema\\\/person\\\/aeb50cd4b51fc69da155804bb5bb9fc4\"},\"breadcrumb\":{\"@id\":\"https:\\\/\\\/www.apres-lecole.fr\\\/Blog\\\/comment-faire-de-la-formation-un-levier-dengagement-collaborateurs\\\/#breadcrumb\"},\"inLanguage\":\"fr-FR\",\"potentialAction\":[{\"@type\":\"ReadAction\",\"target\":[\"https:\\\/\\\/www.apres-lecole.fr\\\/Blog\\\/comment-faire-de-la-formation-un-levier-dengagement-collaborateurs\\\/\"]}]},{\"@type\":\"ImageObject\",\"inLanguage\":\"fr-FR\",\"@id\":\"https:\\\/\\\/www.apres-lecole.fr\\\/Blog\\\/comment-faire-de-la-formation-un-levier-dengagement-collaborateurs\\\/#primaryimage\",\"url\":\"https:\\\/\\\/www.apres-lecole.fr\\\/Blog\\\/wp-content\\\/uploads\\\/2025\\\/11\\\/6927120d7711e1764168205.webp\",\"contentUrl\":\"https:\\\/\\\/www.apres-lecole.fr\\\/Blog\\\/wp-content\\\/uploads\\\/2025\\\/11\\\/6927120d7711e1764168205.webp\",\"width\":2016,\"height\":1152},{\"@type\":\"BreadcrumbList\",\"@id\":\"https:\\\/\\\/www.apres-lecole.fr\\\/Blog\\\/comment-faire-de-la-formation-un-levier-dengagement-collaborateurs\\\/#breadcrumb\",\"itemListElement\":[{\"@type\":\"ListItem\",\"position\":1,\"name\":\"Home\",\"item\":\"https:\\\/\\\/www.apres-lecole.fr\\\/Blog\\\/\"},{\"@type\":\"ListItem\",\"position\":2,\"name\":\"Comment faire de la formation un levier d\u2019engagement collaborateurs\u202f?\"}]},{\"@type\":\"WebSite\",\"@id\":\"https:\\\/\\\/www.apres-lecole.fr\\\/Blog\\\/#website\",\"url\":\"https:\\\/\\\/www.apres-lecole.fr\\\/Blog\\\/\",\"name\":\"\",\"description\":\"M\u00e9dia g\u00e9n\u00e9raliste\",\"potentialAction\":[{\"@type\":\"SearchAction\",\"target\":{\"@type\":\"EntryPoint\",\"urlTemplate\":\"https:\\\/\\\/www.apres-lecole.fr\\\/Blog\\\/?s={search_term_string}\"},\"query-input\":{\"@type\":\"PropertyValueSpecification\",\"valueRequired\":true,\"valueName\":\"search_term_string\"}}],\"inLanguage\":\"fr-FR\"},{\"@type\":\"Person\",\"@id\":\"https:\\\/\\\/www.apres-lecole.fr\\\/Blog\\\/#\\\/schema\\\/person\\\/aeb50cd4b51fc69da155804bb5bb9fc4\",\"name\":\"Eva Martin\",\"image\":{\"@type\":\"ImageObject\",\"inLanguage\":\"fr-FR\",\"@id\":\"https:\\\/\\\/secure.gravatar.com\\\/avatar\\\/55c53222558b27a72015a64073a80edce4abd33369394b9bf2c5cd6c19d12682?s=96&d=mm&r=g\",\"url\":\"https:\\\/\\\/secure.gravatar.com\\\/avatar\\\/55c53222558b27a72015a64073a80edce4abd33369394b9bf2c5cd6c19d12682?s=96&d=mm&r=g\",\"contentUrl\":\"https:\\\/\\\/secure.gravatar.com\\\/avatar\\\/55c53222558b27a72015a64073a80edce4abd33369394b9bf2c5cd6c19d12682?s=96&d=mm&r=g\",\"caption\":\"Eva Martin\"},\"description\":\"Je parle de business et d'entrepreneuriat avec des conseils clairs, concrets et actionnables pour r\u00e9ussir\",\"sameAs\":[\"https:\\\/\\\/x.com\\\/Evaapresecole\"],\"url\":\"https:\\\/\\\/www.apres-lecole.fr\\\/Blog\\\/author\\\/evamartin\\\/\"}]}<\/script>\n<!-- \/ Yoast SEO plugin. -->","yoast_head_json":{"title":"Comment faire de la formation un levier d\u2019engagement collaborateurs\u202f? -","robots":{"index":"index","follow":"follow","max-snippet":"max-snippet:-1","max-image-preview":"max-image-preview:large","max-video-preview":"max-video-preview:-1"},"canonical":"https:\/\/www.apres-lecole.fr\/Blog\/comment-faire-de-la-formation-un-levier-dengagement-collaborateurs\/","og_locale":"fr_FR","og_type":"article","og_title":"Comment faire de la formation un levier d\u2019engagement collaborateurs\u202f? -","og_description":"La formation professionnelle repr\u00e9sente bien plus qu&rsquo;un simple transfert de comp\u00e9tences techniques. Dans un march\u00e9 du travail en constante \u00e9volution, transformer la formation en v\u00e9ritable levier d&rsquo;engagement des collaborateurs constitue un enjeu strat\u00e9gique pour les entreprises souhaitant fid\u00e9liser leurs talents et am\u00e9liorer leur performance globale. Formation efficace pour booster l&rsquo;engagement des apprenants La formation est ... Lire plus","og_url":"https:\/\/www.apres-lecole.fr\/Blog\/comment-faire-de-la-formation-un-levier-dengagement-collaborateurs\/","article_published_time":"2025-11-26T10:12:00+00:00","article_modified_time":"2025-11-26T22:13:06+00:00","og_image":[{"width":2016,"height":1152,"url":"https:\/\/www.apres-lecole.fr\/Blog\/wp-content\/uploads\/2025\/11\/6927120d7711e1764168205.webp","type":"image\/webp"}],"author":"Eva Martin","twitter_card":"summary_large_image","twitter_creator":"@Evaapresecole","twitter_misc":{"\u00c9crit par":"Eva Martin","Dur\u00e9e de lecture estim\u00e9e":"6 minutes"},"schema":{"@context":"https:\/\/schema.org","@graph":[{"@type":"Article","@id":"https:\/\/www.apres-lecole.fr\/Blog\/comment-faire-de-la-formation-un-levier-dengagement-collaborateurs\/#article","isPartOf":{"@id":"https:\/\/www.apres-lecole.fr\/Blog\/comment-faire-de-la-formation-un-levier-dengagement-collaborateurs\/"},"author":{"name":"Eva Martin","@id":"https:\/\/www.apres-lecole.fr\/Blog\/#\/schema\/person\/aeb50cd4b51fc69da155804bb5bb9fc4"},"headline":"Comment faire de la formation un levier d\u2019engagement collaborateurs\u202f?","datePublished":"2025-11-26T10:12:00+00:00","dateModified":"2025-11-26T22:13:06+00:00","mainEntityOfPage":{"@id":"https:\/\/www.apres-lecole.fr\/Blog\/comment-faire-de-la-formation-un-levier-dengagement-collaborateurs\/"},"wordCount":1142,"commentCount":0,"image":{"@id":"https:\/\/www.apres-lecole.fr\/Blog\/comment-faire-de-la-formation-un-levier-dengagement-collaborateurs\/#primaryimage"},"thumbnailUrl":"https:\/\/www.apres-lecole.fr\/Blog\/wp-content\/uploads\/2025\/11\/6927120d7711e1764168205.webp","articleSection":["M\u00e9tiers &amp; Entreprise"],"inLanguage":"fr-FR","potentialAction":[{"@type":"CommentAction","name":"Comment","target":["https:\/\/www.apres-lecole.fr\/Blog\/comment-faire-de-la-formation-un-levier-dengagement-collaborateurs\/#respond"]}]},{"@type":"WebPage","@id":"https:\/\/www.apres-lecole.fr\/Blog\/comment-faire-de-la-formation-un-levier-dengagement-collaborateurs\/","url":"https:\/\/www.apres-lecole.fr\/Blog\/comment-faire-de-la-formation-un-levier-dengagement-collaborateurs\/","name":"Comment faire de la formation un levier d\u2019engagement collaborateurs\u202f? -","isPartOf":{"@id":"https:\/\/www.apres-lecole.fr\/Blog\/#website"},"primaryImageOfPage":{"@id":"https:\/\/www.apres-lecole.fr\/Blog\/comment-faire-de-la-formation-un-levier-dengagement-collaborateurs\/#primaryimage"},"image":{"@id":"https:\/\/www.apres-lecole.fr\/Blog\/comment-faire-de-la-formation-un-levier-dengagement-collaborateurs\/#primaryimage"},"thumbnailUrl":"https:\/\/www.apres-lecole.fr\/Blog\/wp-content\/uploads\/2025\/11\/6927120d7711e1764168205.webp","datePublished":"2025-11-26T10:12:00+00:00","dateModified":"2025-11-26T22:13:06+00:00","author":{"@id":"https:\/\/www.apres-lecole.fr\/Blog\/#\/schema\/person\/aeb50cd4b51fc69da155804bb5bb9fc4"},"breadcrumb":{"@id":"https:\/\/www.apres-lecole.fr\/Blog\/comment-faire-de-la-formation-un-levier-dengagement-collaborateurs\/#breadcrumb"},"inLanguage":"fr-FR","potentialAction":[{"@type":"ReadAction","target":["https:\/\/www.apres-lecole.fr\/Blog\/comment-faire-de-la-formation-un-levier-dengagement-collaborateurs\/"]}]},{"@type":"ImageObject","inLanguage":"fr-FR","@id":"https:\/\/www.apres-lecole.fr\/Blog\/comment-faire-de-la-formation-un-levier-dengagement-collaborateurs\/#primaryimage","url":"https:\/\/www.apres-lecole.fr\/Blog\/wp-content\/uploads\/2025\/11\/6927120d7711e1764168205.webp","contentUrl":"https:\/\/www.apres-lecole.fr\/Blog\/wp-content\/uploads\/2025\/11\/6927120d7711e1764168205.webp","width":2016,"height":1152},{"@type":"BreadcrumbList","@id":"https:\/\/www.apres-lecole.fr\/Blog\/comment-faire-de-la-formation-un-levier-dengagement-collaborateurs\/#breadcrumb","itemListElement":[{"@type":"ListItem","position":1,"name":"Home","item":"https:\/\/www.apres-lecole.fr\/Blog\/"},{"@type":"ListItem","position":2,"name":"Comment faire de la formation un levier d\u2019engagement collaborateurs\u202f?"}]},{"@type":"WebSite","@id":"https:\/\/www.apres-lecole.fr\/Blog\/#website","url":"https:\/\/www.apres-lecole.fr\/Blog\/","name":"","description":"M\u00e9dia g\u00e9n\u00e9raliste","potentialAction":[{"@type":"SearchAction","target":{"@type":"EntryPoint","urlTemplate":"https:\/\/www.apres-lecole.fr\/Blog\/?s={search_term_string}"},"query-input":{"@type":"PropertyValueSpecification","valueRequired":true,"valueName":"search_term_string"}}],"inLanguage":"fr-FR"},{"@type":"Person","@id":"https:\/\/www.apres-lecole.fr\/Blog\/#\/schema\/person\/aeb50cd4b51fc69da155804bb5bb9fc4","name":"Eva Martin","image":{"@type":"ImageObject","inLanguage":"fr-FR","@id":"https:\/\/secure.gravatar.com\/avatar\/55c53222558b27a72015a64073a80edce4abd33369394b9bf2c5cd6c19d12682?s=96&d=mm&r=g","url":"https:\/\/secure.gravatar.com\/avatar\/55c53222558b27a72015a64073a80edce4abd33369394b9bf2c5cd6c19d12682?s=96&d=mm&r=g","contentUrl":"https:\/\/secure.gravatar.com\/avatar\/55c53222558b27a72015a64073a80edce4abd33369394b9bf2c5cd6c19d12682?s=96&d=mm&r=g","caption":"Eva Martin"},"description":"Je parle de business et d'entrepreneuriat avec des conseils clairs, concrets et actionnables pour r\u00e9ussir","sameAs":["https:\/\/x.com\/Evaapresecole"],"url":"https:\/\/www.apres-lecole.fr\/Blog\/author\/evamartin\/"}]}},"views":6,"_links":{"self":[{"href":"https:\/\/www.apres-lecole.fr\/Blog\/wp-json\/wp\/v2\/posts\/2811","targetHints":{"allow":["GET"]}}],"collection":[{"href":"https:\/\/www.apres-lecole.fr\/Blog\/wp-json\/wp\/v2\/posts"}],"about":[{"href":"https:\/\/www.apres-lecole.fr\/Blog\/wp-json\/wp\/v2\/types\/post"}],"author":[{"embeddable":true,"href":"https:\/\/www.apres-lecole.fr\/Blog\/wp-json\/wp\/v2\/users\/9"}],"replies":[{"embeddable":true,"href":"https:\/\/www.apres-lecole.fr\/Blog\/wp-json\/wp\/v2\/comments?post=2811"}],"version-history":[{"count":1,"href":"https:\/\/www.apres-lecole.fr\/Blog\/wp-json\/wp\/v2\/posts\/2811\/revisions"}],"predecessor-version":[{"id":2813,"href":"https:\/\/www.apres-lecole.fr\/Blog\/wp-json\/wp\/v2\/posts\/2811\/revisions\/2813"}],"wp:featuredmedia":[{"embeddable":true,"href":"https:\/\/www.apres-lecole.fr\/Blog\/wp-json\/wp\/v2\/media\/2812"}],"wp:attachment":[{"href":"https:\/\/www.apres-lecole.fr\/Blog\/wp-json\/wp\/v2\/media?parent=2811"}],"wp:term":[{"taxonomy":"category","embeddable":true,"href":"https:\/\/www.apres-lecole.fr\/Blog\/wp-json\/wp\/v2\/categories?post=2811"},{"taxonomy":"post_tag","embeddable":true,"href":"https:\/\/www.apres-lecole.fr\/Blog\/wp-json\/wp\/v2\/tags?post=2811"}],"curies":[{"name":"wp","href":"https:\/\/api.w.org\/{rel}","templated":true}]}}