{"id":2805,"date":"2025-11-25T13:20:33","date_gmt":"2025-11-25T13:20:33","guid":{"rendered":"https:\/\/www.apres-lecole.fr\/Blog\/?p=2805"},"modified":"2025-11-25T13:44:34","modified_gmt":"2025-11-25T13:44:34","slug":"famille-daccueil-peut-on-choisir-lage","status":"publish","type":"post","link":"https:\/\/www.apres-lecole.fr\/Blog\/famille-daccueil-peut-on-choisir-lage\/","title":{"rendered":"Famille d&rsquo;accueil peut on choisir l&rsquo;\u00e2ge : le vrai du faux"},"content":{"rendered":"\n\n<div class=\"kk-star-ratings kksr-auto kksr-align-left kksr-valign-top\"\n    data-payload='{&quot;align&quot;:&quot;left&quot;,&quot;id&quot;:&quot;2805&quot;,&quot;slug&quot;:&quot;default&quot;,&quot;valign&quot;:&quot;top&quot;,&quot;ignore&quot;:&quot;&quot;,&quot;reference&quot;:&quot;auto&quot;,&quot;class&quot;:&quot;&quot;,&quot;count&quot;:&quot;0&quot;,&quot;legendonly&quot;:&quot;&quot;,&quot;readonly&quot;:&quot;&quot;,&quot;score&quot;:&quot;0&quot;,&quot;starsonly&quot;:&quot;&quot;,&quot;best&quot;:&quot;5&quot;,&quot;gap&quot;:&quot;5&quot;,&quot;greet&quot;:&quot;Rate this post&quot;,&quot;legend&quot;:&quot;0\\\/5 - (0 vote)&quot;,&quot;size&quot;:&quot;24&quot;,&quot;title&quot;:&quot;Famille d\\u0026#039;accueil peut on choisir l\\u0026#039;\u00e2ge : le vrai du faux&quot;,&quot;width&quot;:&quot;0&quot;,&quot;_legend&quot;:&quot;{score}\\\/{best} - ({count} {votes})&quot;,&quot;font_factor&quot;:&quot;1.25&quot;}'>\n            \n<div class=\"kksr-stars\">\n    \n<div class=\"kksr-stars-inactive\">\n            <div class=\"kksr-star\" data-star=\"1\" style=\"padding-right: 5px\">\n            \n\n<div class=\"kksr-icon\" style=\"width: 24px; height: 24px;\"><\/div>\n        <\/div>\n            <div class=\"kksr-star\" data-star=\"2\" style=\"padding-right: 5px\">\n            \n\n<div class=\"kksr-icon\" style=\"width: 24px; height: 24px;\"><\/div>\n        <\/div>\n            <div class=\"kksr-star\" data-star=\"3\" style=\"padding-right: 5px\">\n            \n\n<div class=\"kksr-icon\" style=\"width: 24px; height: 24px;\"><\/div>\n        <\/div>\n            <div class=\"kksr-star\" data-star=\"4\" style=\"padding-right: 5px\">\n            \n\n<div class=\"kksr-icon\" style=\"width: 24px; height: 24px;\"><\/div>\n        <\/div>\n            <div class=\"kksr-star\" data-star=\"5\" style=\"padding-right: 5px\">\n            \n\n<div class=\"kksr-icon\" style=\"width: 24px; height: 24px;\"><\/div>\n        <\/div>\n    <\/div>\n    \n<div class=\"kksr-stars-active\" style=\"width: 0px;\">\n            <div class=\"kksr-star\" style=\"padding-right: 5px\">\n            \n\n<div class=\"kksr-icon\" style=\"width: 24px; height: 24px;\"><\/div>\n        <\/div>\n            <div class=\"kksr-star\" style=\"padding-right: 5px\">\n            \n\n<div class=\"kksr-icon\" style=\"width: 24px; height: 24px;\"><\/div>\n        <\/div>\n            <div class=\"kksr-star\" style=\"padding-right: 5px\">\n            \n\n<div class=\"kksr-icon\" style=\"width: 24px; height: 24px;\"><\/div>\n        <\/div>\n            <div class=\"kksr-star\" style=\"padding-right: 5px\">\n            \n\n<div class=\"kksr-icon\" style=\"width: 24px; height: 24px;\"><\/div>\n        <\/div>\n            <div class=\"kksr-star\" style=\"padding-right: 5px\">\n            \n\n<div class=\"kksr-icon\" style=\"width: 24px; height: 24px;\"><\/div>\n        <\/div>\n    <\/div>\n<\/div>\n                \n\n<div class=\"kksr-legend\" style=\"font-size: 19.2px;\">\n            <span class=\"kksr-muted\">Rate this post<\/span>\n    <\/div>\n    <\/div>\n<p style=\"padding: 24px; background: lightblue;\">L&rsquo;essentiel \u00e0 retenir : Si tu peux exprimer une pr\u00e9f\u00e9rence d&rsquo;\u00e2ge pour cadrer ton projet, <strong>ce n&rsquo;est pas une commande sur catalogue<\/strong>. Les <strong>services privil\u00e9gient l&rsquo;apparentement<\/strong> pour r\u00e9pondre aux besoins de l&rsquo;enfant, en respectant notamment un \u00e9cart de deux ans avec tes propres enfants. C&rsquo;est cet \u00e9quilibre qui garantit un engagement serein sur le long terme.<\/p>\n<p>Tu te demandes l\u00e9gitimement si en famille d&rsquo;accueil peut on choisir l&rsquo;age de l&rsquo;enfant pour pr\u00e9server l&rsquo;\u00e9quilibre de ta maison ? Rassure-toi, m\u00eame si ce n&rsquo;est pas un catalogue, <strong>tes limites sont prises en compte<\/strong> pour assurer la r\u00e9ussite de ce projet de vie. Je t&rsquo;\u00e9claire tout de suite sur la mani\u00e8re dont tes v\u0153ux rencontrent les besoins r\u00e9els des enfants confi\u00e9s.<\/p>\n<ol>\n<li><a href=\"#exprimer-une-preference-dage-oui-mais-ce-nest-pas-un-catalogue\">Exprimer une pr\u00e9f\u00e9rence d&rsquo;\u00e2ge : oui, mais ce n&rsquo;est pas un catalogue<\/a><\/li>\n<li><a href=\"#le-processus-dorientation-linteret-de-lenfant-avant-tout\">Le processus d&rsquo;orientation : l&rsquo;int\u00e9r\u00eat de l&rsquo;enfant avant tout<\/a><\/li>\n<li><a href=\"#justifier-votre-preference-dage-et-ce-que-cela-implique\">Justifier votre pr\u00e9f\u00e9rence d&rsquo;\u00e2ge et ce que cela implique<\/a><\/li>\n<li><a href=\"#le-droit-de-refus-et-la-vision-a-long-terme\">Le droit de refus et la vision \u00e0 long terme<\/a><\/li>\n<\/ol>\n<h2 id=\"exprimer-une-preference-dage-oui-mais-ce-nest-pas-un-catalogue\">Exprimer une pr\u00e9f\u00e9rence d&rsquo;\u00e2ge : oui, mais ce n&rsquo;est pas un catalogue<\/h2>\n<h3>La possibilit\u00e9 de formuler un souhait : une r\u00e9alit\u00e9 encadr\u00e9e<\/h3>\n<p>Tu te demandes souvent : en famille d&rsquo;accueil peut on choisir l&rsquo;age ? La r\u00e9ponse est <strong>oui, tu peux d\u00e9finir une tranche pr\u00e9cise<\/strong> durant tes entretiens.<\/p>\n<p>Attention, ne vois pas \u00e7a comme une commande en ligne, mais comme <strong>l&rsquo;expression de ton projet d&rsquo;accueil<\/strong>. D&rsquo;ailleurs, environ 40 % des familles formulent ce type de souhait. \u00c7a aide les pros \u00e0 mieux cerner tes limites.<\/p>\n<p>L&rsquo;objectif n&rsquo;est pas de satisfaire un caprice, mais de laisser m\u00fbrir ton projet d&rsquo;accueil. C&rsquo;est ce qui permet de <strong>r\u00e9ussir l&rsquo;apparentement<\/strong>, cette rencontre unique entre tes capacit\u00e9s et un enfant.<\/p>\n<h3>La diff\u00e9rence entre un souhait et une d\u00e9cision finale<\/h3>\n<p>Ton souhait compte, mais ce n&rsquo;est qu&rsquo;une pi\u00e8ce du puzzle. Au final, c&rsquo;est l&rsquo;<strong>Aide Sociale \u00e0 l&rsquo;Enfance (ASE) ou la Protection Judiciaire de la Jeunesse (PJJ) qui tranche<\/strong>. Ils ont la vue d&rsquo;ensemble.<\/p>\n<p><strong>Ce qui prime avant tout, ce sont les besoins de l&rsquo;enfant<\/strong>. Si un petit a besoin de tes comp\u00e9tences sp\u00e9cifiques, on te sollicitera, m\u00eame si son \u00e2ge diff\u00e8re de ton id\u00e9e de d\u00e9part.<\/p>\n<p>Imagine : tu voulais un b\u00e9b\u00e9, mais un enfant de 5 ans a besoin de ton cadre en urgence. Si \u00e7a colle, <strong>le bien-\u00eatre de l&rsquo;enfant passera avant ta pr\u00e9f\u00e9rence initiale<\/strong>. C&rsquo;est \u00e7a, la r\u00e9alit\u00e9 du terrain.<\/p>\n<h2 id=\"le-processus-dorientation-linteret-de-lenfant-avant-tout\">Le processus d&rsquo;orientation : l&rsquo;int\u00e9r\u00eat de l&rsquo;enfant avant tout<\/h2>\n<p>Maintenant que l&rsquo;on a clarifi\u00e9 qu&rsquo;un souhait peut \u00eatre \u00e9mis, voyons concr\u00e8tement comment les services sociaux prennent leur d\u00e9cision et pourquoi <strong>vos pr\u00e9f\u00e9rences ne sont qu&rsquo;une pi\u00e8ce du puzzle<\/strong>.<\/p>\n<h3>L&rsquo;apparentement : trouver la bonne famille pour le bon enfant<\/h3>\n<p>L&rsquo;apparentement est la mise en correspondance pr\u00e9cise entre le projet de l&rsquo;enfant et le projet de la famille. Ce n&rsquo;est pas une science exacte, mais une <strong>\u00e9valuation humaine approfondie pour \u00e9viter l&rsquo;\u00e9chec<\/strong>.<\/p>\n<p>Les travailleurs sociaux du SAAF analysent des dizaines de param\u00e8tres pour s&rsquo;assurer que l&rsquo;accueil sera b\u00e9n\u00e9fique et stable. Ils anticipent les frictions possibles pour <strong>prot\u00e9ger l&rsquo;enfant d&rsquo;une nouvelle rupture traumatisante<\/strong>.<\/p>\n<blockquote><p>L&rsquo;objectif n&rsquo;est pas de trouver un enfant pour votre famille, mais de trouver la famille la plus adapt\u00e9e pour un enfant qui en a d\u00e9sesp\u00e9r\u00e9ment besoin.<\/p><\/blockquote>\n<h3>Les facteurs cl\u00e9s de la d\u00e9cision d&rsquo;orientation<\/h3>\n<p>Ce tableau synth\u00e9tise les crit\u00e8res d&rsquo;\u00e9valuation crois\u00e9s par les services sociaux pour prendre leur d\u00e9cision. Le but est de <strong>visualiser l&rsquo;\u00e9quilibre recherch\u00e9<\/strong> entre vos envies et la r\u00e9alit\u00e9 du terrain.<\/p>\n<div style=\"overflow:auto;max-width:100%\">\n<table>\n<thead>\n<tr>\n<th>Crit\u00e8re d&rsquo;\u00e9valuation<\/th>\n<th>C\u00f4t\u00e9 Famille d&rsquo;Accueil (Votre projet)<\/th>\n<th>C\u00f4t\u00e9 Enfant (Ses besoins)<\/th>\n<\/tr>\n<\/thead>\n<tbody>\n<tr>\n<td>\u00c2ge et d\u00e9veloppement<\/td>\n<td>Votre souhait de tranche d&rsquo;\u00e2ge<\/td>\n<td>Stade de d\u00e9veloppement, besoins affectifs et \u00e9ducatifs<\/td>\n<\/tr>\n<tr>\n<td>Composition familiale<\/td>\n<td>\u00c2ge de vos propres enfants, structure monoparentale\/couple<\/td>\n<td>Besoin d&rsquo;\u00eatre le plus jeune, place dans une fratrie<\/td>\n<\/tr>\n<tr>\n<td>Disponibilit\u00e9 et rythme de vie<\/td>\n<td>Votre activit\u00e9 professionnelle, temps de pr\u00e9sence<\/td>\n<td>N\u00e9cessit\u00e9 d&rsquo;un suivi scolaire\/m\u00e9dical intense<\/td>\n<\/tr>\n<tr>\n<td>Comp\u00e9tences et exp\u00e9rience<\/td>\n<td>Exp\u00e9rience avec la petite enfance, l&rsquo;adolescence, le handicap&#8230;<\/td>\n<td>Histoire de vie, traumatismes, besoins sp\u00e9cifiques<\/td>\n<\/tr>\n<\/tbody>\n<\/table>\n<\/div>\n<p>C&rsquo;est sur la base de ces garanties que l&rsquo;agr\u00e9ment est d\u00e9livr\u00e9, comme le stipule la loi pour <a href=\"https:\/\/www.legifrance.gouv.fr\/codes\/section_lc\/LEGITEXT000006074069\/LEGISCTA000006142855\/\"><strong>garantir la s\u00e9curit\u00e9 et l&rsquo;\u00e9panouissement<\/strong><\/a> des mineurs accueillis.<\/p>\n<h2 id=\"justifier-votre-preference-dage-et-ce-que-cela-implique\">Justifier votre pr\u00e9f\u00e9rence d&rsquo;\u00e2ge et ce que cela implique<\/h2>\n<p>Puisque les services \u00e9valuent votre projet, il faut que votre souhait d&rsquo;\u00e2ge soit coh\u00e9rent et bien argument\u00e9. Voyons comment <strong>justifier votre pr\u00e9f\u00e9rence et l&rsquo;impact<\/strong> que cela aura sur votre parcours.<\/p>\n<h3>Les raisons l\u00e9gitimes pour exprimer une pr\u00e9f\u00e9rence<\/h3>\n<p>Si tu balances un souhait d&rsquo;\u00e2ge au hasard sans arguments, <strong>ton dossier risque de passer \u00e0 la trappe<\/strong>. Les services attendent du concret : c&rsquo;est la preuve que ton projet est m\u00fbr.<\/p>\n<p>Voici les <strong>piliers sur lesquels tu dois t&rsquo;appuyer<\/strong> pour \u00eatre cr\u00e9dible :<\/p>\n<ul>\n<li>La composition de votre famille : C&rsquo;est math\u00e9matique, <strong>il faut respecter la r\u00e8gle des 2 ans d&rsquo;\u00e9cart<\/strong> avec le plus jeune de tes enfants biologiques.<\/li>\n<li><strong>Votre exp\u00e9rience professionnelle ou personnelle<\/strong> : Une pu\u00e9ricultrice g\u00e9rera mieux un nourrisson, alors qu&rsquo;un ancien \u00e9ducateur sera arm\u00e9 pour un ado.<\/li>\n<li>Votre rythme de vie et votre logement : <strong>Un couple hyperactif dans un petit appart, \u00e7a ne colle pas avec un adolescent qui veut son espace<\/strong>.<\/li>\n<li><strong>Vos capacit\u00e9s physiques et votre \u00e2ge<\/strong> : Courir apr\u00e8s un b\u00e9b\u00e9 ou g\u00e9rer un enfant de 10 ans, ce n&rsquo;est pas la m\u00eame fatigue.<\/li>\n<\/ul>\n<h3>L&rsquo;impact de la tranche d&rsquo;\u00e2ge sur l&rsquo;agr\u00e9ment et la formation<\/h3>\n<p>Attention \u00e0 l&rsquo;angle mort que beaucoup ignorent. Viser une tranche pr\u00e9cise, comme les nourrissons vs adolescents, <strong>change toute la grille de lecture de l&rsquo;\u00e9valuateur<\/strong>. Ils vont scanner tes comp\u00e9tences et ton environnement pour voir si \u00e7a matche sp\u00e9cifiquement avec ce public.<\/p>\n<p>\u00c7a impacte aussi la suite. Les formations obligatoires s&rsquo;adaptent souvent : on te proposera des <strong>modules cibl\u00e9s<\/strong>, par exemple pour g\u00e9rer des ados difficiles ou des troubles de l&rsquo;attachement sp\u00e9cifiques.<\/p>\n<p>En th\u00e9orie, l&rsquo;agr\u00e9ment te permet d&rsquo;accueillir des <a target=\"_blank\" href=\"https:\/\/www.legifrance.gouv.fr\/codes\/section_lc\/LEGITEXT000006074069\/LEGISCTA000006142855\/\">mineurs et jeunes majeurs jusqu&rsquo;\u00e0 21 ans<\/a>. Mais dans les faits, <strong>ton projet personnel et tes limites viendront restreindre ce champ d&rsquo;action<\/strong>.<\/p>\n<h2 id=\"le-droit-de-refus-et-la-vision-a-long-terme\">Le droit de refus et la vision \u00e0 long terme<\/h2>\n<h3>Refuser une proposition : un droit \u00e0 utiliser avec discernement<\/h3>\n<p>On va \u00eatre clair : <strong>la famille d&rsquo;accueil a le droit de refuser<\/strong>. Ce n&rsquo;est pas un \u00e9chec ni une faute professionnelle. C&rsquo;est, au fond, une preuve de lucidit\u00e9 si tu ne te sens pas capable d&rsquo;assumer.<\/p>\n<p>Par contre, un \u00ab\u00a0non\u00a0\u00bb doit \u00eatre argument\u00e9 et s\u00e9rieusement r\u00e9fl\u00e9chi. On ne recale pas un dossier sur un coup de t\u00eate, mais parce qu&rsquo;en conscience, tu sais que <strong>tu n&rsquo;es pas la bonne personne pour cet enfant-l\u00e0<\/strong>, \u00e0 cet instant pr\u00e9cis.<\/p>\n<p>Attention toutefois aux <strong>refus syst\u00e9matiques<\/strong>, \u00e7a finit par inqui\u00e9ter les services sur la solidit\u00e9 de ton projet. Un peu de souplesse reste indispensable, surtout si tu vises l&rsquo;accueil d&rsquo;urgence.<\/p>\n<h3>L&rsquo;engagement sur la dur\u00e9e : \u00e9viter une nouvelle rupture<\/h3>\n<p>Ici, on parle d&rsquo;un v\u00e9ritable engagement \u00e0 long terme, pas d&rsquo;un essai temporaire. Dire oui, c&rsquo;est promettre d&rsquo;accompagner ce gamin dans son d\u00e9veloppement pour lui <strong>\u00e9pargner de nouvelles s\u00e9parations traumatisantes<\/strong>.<\/p>\n<blockquote><p>S&rsquo;engager sur le long terme, c&rsquo;est pouvoir prendre en charge un enfant tout au long de son d\u00e9veloppement, afin de lui \u00e9viter la douleur d&rsquo;une nouvelle rupture.<\/p><\/blockquote>\n<p>Tu vois, la p\u00e9riode d&rsquo;adaptation ne se b\u00e2cle pas, c&rsquo;est l\u00e0 que <strong>tout se joue pour les contacts progressifs<\/strong> :<\/p>\n<ul>\n<li><strong>rythme est adapt\u00e9 \u00e0 l&rsquo;\u00e2ge<\/strong>.<\/li>\n<li><strong>La dur\u00e9e des contacts augmente<\/strong>.<\/li>\n<li>L&rsquo;objectif est de <strong>cr\u00e9er un attachement en douceur<\/strong>, sans rupture brutale avec son lieu de vie pr\u00e9c\u00e9dent.<\/li>\n<\/ul>\n<p>Tu l\u2019auras compris, donner une tranche d\u2019\u00e2ge est possible, mais <strong>ce n\u2019est pas une case \u00e0 cocher<\/strong>. Vois-le comme une base d\u2019\u00e9change pour <strong>construire un projet qui tient la route<\/strong>. Au final, c\u2019est <strong>l\u2019int\u00e9r\u00eat de l\u2019enfant<\/strong> qui guidera la d\u00e9cision. Fais confiance aux \u00e9quipes, elles sont l\u00e0 pour t\u2019aider \u00e0 <strong>cr\u00e9er le meilleur lien possible<\/strong>.<\/p>\n<h2>FAQ<\/h2>\n<h3>Peut-on vraiment choisir l&rsquo;\u00e2ge de l&rsquo;enfant accueilli ?<\/h3>\n<p>Alors, soyons clairs : ce n&rsquo;est pas comme faire ses courses sur catalogue. Tu peux tout \u00e0 fait exprimer une pr\u00e9f\u00e9rence lors de ton agr\u00e9ment, par exemple si tu te sens plus \u00e0 l&rsquo;aise avec des tout-petits ou, au contraire, avec des adolescents. C&rsquo;est m\u00eame important d&rsquo;en parler pour <strong>bien d\u00e9finir ton projet d&rsquo;accueil et que les travailleurs sociaux cernent tes comp\u00e9tences<\/strong>.<\/p>\n<p>Cependant, garde en t\u00eate que c&rsquo;est une discussion, pas une commande ferme. La priorit\u00e9 absolue reste les besoins de l&rsquo;enfant. Si ton profil correspond parfaitement \u00e0 un enfant qui a un \u00e2ge diff\u00e9rent de celui que tu avais imagin\u00e9, les services te le proposeront sans doute. L&rsquo;objectif est de <strong>r\u00e9ussir l&rsquo;apparentement<\/strong>, c&rsquo;est-\u00e0-dire la rencontre id\u00e9ale entre ce que tu peux offrir et ce dont l&rsquo;enfant a besoin.<\/p>\n<h3>Qui prend la d\u00e9cision finale du placement d&rsquo;un enfant ?<\/h3>\n<p>Ce n&rsquo;est pas une d\u00e9cision que tu prends seul dans ton coin, ni un choix unilat\u00e9ral. <strong>La d\u00e9cision de placer un enfant chez toi revient aux services de l&rsquo;Aide Sociale \u00e0 l&rsquo;Enfance (ASE) ou de la Protection Judiciaire de la Jeunesse (PJJ)<\/strong>. Ce sont eux qui d\u00e9tiennent les cl\u00e9s du dossier de l&rsquo;enfant et qui connaissent son histoire et ses traumatismes.<\/p>\n<p>Leur r\u00f4le est d&rsquo;analyser une multitude de crit\u00e8res pour s&rsquo;assurer que ton foyer est le bon port d&rsquo;attache pour cet enfant pr\u00e9cis. Ils vont regarder tes comp\u00e9tences, ta disponibilit\u00e9, et m\u00eame la composition de ta famille pour voir si le courant passera. C&rsquo;est un travail de dentelle pour <strong>\u00e9viter un \u00e9chec<\/strong> qui serait douloureux pour tout le monde.<\/p>\n<h3>A-t-on le droit de refuser un enfant propos\u00e9 ?<\/h3>\n<p>Oui, absolument, et c&rsquo;est m\u00eame parfois n\u00e9cessaire. Si on te propose un accueil et que tu sens, au fond de toi, que \u00e7a ne va pas le faire \u2013 parce que l&rsquo;\u00e2ge ne correspond pas \u00e0 ce que tu te sens capable de g\u00e9rer ou pour toute autre raison \u2013 tu as le <strong>droit de dire non<\/strong>. C&rsquo;est une preuve de grande responsabilit\u00e9 : mieux vaut refuser d\u00e8s le d\u00e9part plut\u00f4t que de risquer une rupture brutale quelques mois plus tard.<\/p>\n<p>Cela dit, ce <strong>refus doit \u00eatre r\u00e9fl\u00e9chi et motiv\u00e9<\/strong>. Il s&rsquo;agit d&rsquo;expliquer pourquoi, concr\u00e8tement, tu penses ne pas \u00eatre la bonne personne pour cet enfant \u00e0 ce moment-l\u00e0. Attention tout de m\u00eame : si tu refuses syst\u00e9matiquement toutes les propositions sans raisons solides, cela pourrait finir par interroger les services sur la viabilit\u00e9 de ton projet d&rsquo;accueil.<\/p>\n","protected":false},"excerpt":{"rendered":"<p>L&rsquo;essentiel \u00e0 retenir : Si tu peux exprimer une pr\u00e9f\u00e9rence d&rsquo;\u00e2ge pour cadrer ton projet, ce n&rsquo;est pas une commande sur catalogue. Les services privil\u00e9gient l&rsquo;apparentement pour r\u00e9pondre aux besoins de l&rsquo;enfant, en respectant notamment un \u00e9cart de deux ans avec tes propres enfants. C&rsquo;est cet \u00e9quilibre qui garantit un engagement serein sur le long &#8230; <a title=\"Famille d&rsquo;accueil peut on choisir l&rsquo;\u00e2ge : le vrai du faux\" class=\"read-more\" href=\"https:\/\/www.apres-lecole.fr\/Blog\/famille-daccueil-peut-on-choisir-lage\/\" aria-label=\"En savoir plus sur Famille d&rsquo;accueil peut on choisir l&rsquo;\u00e2ge : le vrai du faux\">Lire plus<\/a><\/p>\n","protected":false},"author":9,"featured_media":2807,"comment_status":"open","ping_status":"open","sticky":false,"template":"","format":"standard","meta":{"footnotes":""},"categories":[342],"tags":[],"class_list":["post-2805","post","type-post","status-publish","format-standard","has-post-thumbnail","hentry","category-actualites"],"yoast_head":"<!-- This site is optimized with the Yoast SEO plugin v27.5 - https:\/\/yoast.com\/product\/yoast-seo-wordpress\/ -->\n<title>Famille d&#039;accueil peut on choisir l&#039;\u00e2ge : le vrai du faux -<\/title>\n<meta name=\"robots\" content=\"index, follow, max-snippet:-1, max-image-preview:large, max-video-preview:-1\" \/>\n<link rel=\"canonical\" href=\"https:\/\/www.apres-lecole.fr\/Blog\/famille-daccueil-peut-on-choisir-lage\/\" \/>\n<meta property=\"og:locale\" content=\"fr_FR\" \/>\n<meta property=\"og:type\" content=\"article\" \/>\n<meta property=\"og:title\" content=\"Famille d&#039;accueil peut on choisir l&#039;\u00e2ge : le vrai du faux -\" \/>\n<meta property=\"og:description\" content=\"L&rsquo;essentiel \u00e0 retenir : Si tu peux exprimer une pr\u00e9f\u00e9rence d&rsquo;\u00e2ge pour cadrer ton projet, ce n&rsquo;est pas une commande sur catalogue. Les services privil\u00e9gient l&rsquo;apparentement pour r\u00e9pondre aux besoins de l&rsquo;enfant, en respectant notamment un \u00e9cart de deux ans avec tes propres enfants. C&rsquo;est cet \u00e9quilibre qui garantit un engagement serein sur le long ... Lire plus\" \/>\n<meta property=\"og:url\" content=\"https:\/\/www.apres-lecole.fr\/Blog\/famille-daccueil-peut-on-choisir-lage\/\" \/>\n<meta property=\"article:published_time\" content=\"2025-11-25T13:20:33+00:00\" \/>\n<meta property=\"article:modified_time\" content=\"2025-11-25T13:44:34+00:00\" \/>\n<meta property=\"og:image\" content=\"https:\/\/www.apres-lecole.fr\/Blog\/wp-content\/uploads\/2025\/11\/famille-accueil.jpg\" \/>\n\t<meta property=\"og:image:width\" content=\"1344\" \/>\n\t<meta property=\"og:image:height\" content=\"768\" \/>\n\t<meta property=\"og:image:type\" content=\"image\/jpeg\" \/>\n<meta name=\"author\" content=\"Eva Martin\" \/>\n<meta name=\"twitter:card\" content=\"summary_large_image\" \/>\n<meta name=\"twitter:creator\" content=\"@Evaapresecole\" \/>\n<meta name=\"twitter:label1\" content=\"\u00c9crit par\" \/>\n\t<meta name=\"twitter:data1\" content=\"Eva Martin\" \/>\n\t<meta name=\"twitter:label2\" content=\"Dur\u00e9e de lecture estim\u00e9e\" \/>\n\t<meta name=\"twitter:data2\" content=\"9 minutes\" \/>\n<script type=\"application\/ld+json\" class=\"yoast-schema-graph\">{\"@context\":\"https:\\\/\\\/schema.org\",\"@graph\":[{\"@type\":\"Article\",\"@id\":\"https:\\\/\\\/www.apres-lecole.fr\\\/Blog\\\/famille-daccueil-peut-on-choisir-lage\\\/#article\",\"isPartOf\":{\"@id\":\"https:\\\/\\\/www.apres-lecole.fr\\\/Blog\\\/famille-daccueil-peut-on-choisir-lage\\\/\"},\"author\":{\"name\":\"Eva Martin\",\"@id\":\"https:\\\/\\\/www.apres-lecole.fr\\\/Blog\\\/#\\\/schema\\\/person\\\/aeb50cd4b51fc69da155804bb5bb9fc4\"},\"headline\":\"Famille d&rsquo;accueil peut on choisir l&rsquo;\u00e2ge : le vrai du faux\",\"datePublished\":\"2025-11-25T13:20:33+00:00\",\"dateModified\":\"2025-11-25T13:44:34+00:00\",\"mainEntityOfPage\":{\"@id\":\"https:\\\/\\\/www.apres-lecole.fr\\\/Blog\\\/famille-daccueil-peut-on-choisir-lage\\\/\"},\"wordCount\":1932,\"commentCount\":0,\"image\":{\"@id\":\"https:\\\/\\\/www.apres-lecole.fr\\\/Blog\\\/famille-daccueil-peut-on-choisir-lage\\\/#primaryimage\"},\"thumbnailUrl\":\"https:\\\/\\\/www.apres-lecole.fr\\\/Blog\\\/wp-content\\\/uploads\\\/2025\\\/11\\\/famille-accueil.jpg\",\"articleSection\":[\"Actualit\u00e9s\"],\"inLanguage\":\"fr-FR\",\"potentialAction\":[{\"@type\":\"CommentAction\",\"name\":\"Comment\",\"target\":[\"https:\\\/\\\/www.apres-lecole.fr\\\/Blog\\\/famille-daccueil-peut-on-choisir-lage\\\/#respond\"]}]},{\"@type\":\"WebPage\",\"@id\":\"https:\\\/\\\/www.apres-lecole.fr\\\/Blog\\\/famille-daccueil-peut-on-choisir-lage\\\/\",\"url\":\"https:\\\/\\\/www.apres-lecole.fr\\\/Blog\\\/famille-daccueil-peut-on-choisir-lage\\\/\",\"name\":\"Famille d'accueil peut on choisir l'\u00e2ge : le vrai du faux -\",\"isPartOf\":{\"@id\":\"https:\\\/\\\/www.apres-lecole.fr\\\/Blog\\\/#website\"},\"primaryImageOfPage\":{\"@id\":\"https:\\\/\\\/www.apres-lecole.fr\\\/Blog\\\/famille-daccueil-peut-on-choisir-lage\\\/#primaryimage\"},\"image\":{\"@id\":\"https:\\\/\\\/www.apres-lecole.fr\\\/Blog\\\/famille-daccueil-peut-on-choisir-lage\\\/#primaryimage\"},\"thumbnailUrl\":\"https:\\\/\\\/www.apres-lecole.fr\\\/Blog\\\/wp-content\\\/uploads\\\/2025\\\/11\\\/famille-accueil.jpg\",\"datePublished\":\"2025-11-25T13:20:33+00:00\",\"dateModified\":\"2025-11-25T13:44:34+00:00\",\"author\":{\"@id\":\"https:\\\/\\\/www.apres-lecole.fr\\\/Blog\\\/#\\\/schema\\\/person\\\/aeb50cd4b51fc69da155804bb5bb9fc4\"},\"breadcrumb\":{\"@id\":\"https:\\\/\\\/www.apres-lecole.fr\\\/Blog\\\/famille-daccueil-peut-on-choisir-lage\\\/#breadcrumb\"},\"inLanguage\":\"fr-FR\",\"potentialAction\":[{\"@type\":\"ReadAction\",\"target\":[\"https:\\\/\\\/www.apres-lecole.fr\\\/Blog\\\/famille-daccueil-peut-on-choisir-lage\\\/\"]}]},{\"@type\":\"ImageObject\",\"inLanguage\":\"fr-FR\",\"@id\":\"https:\\\/\\\/www.apres-lecole.fr\\\/Blog\\\/famille-daccueil-peut-on-choisir-lage\\\/#primaryimage\",\"url\":\"https:\\\/\\\/www.apres-lecole.fr\\\/Blog\\\/wp-content\\\/uploads\\\/2025\\\/11\\\/famille-accueil.jpg\",\"contentUrl\":\"https:\\\/\\\/www.apres-lecole.fr\\\/Blog\\\/wp-content\\\/uploads\\\/2025\\\/11\\\/famille-accueil.jpg\",\"width\":1344,\"height\":768,\"caption\":\"famille d'accueil peut on choisir l'age\"},{\"@type\":\"BreadcrumbList\",\"@id\":\"https:\\\/\\\/www.apres-lecole.fr\\\/Blog\\\/famille-daccueil-peut-on-choisir-lage\\\/#breadcrumb\",\"itemListElement\":[{\"@type\":\"ListItem\",\"position\":1,\"name\":\"Home\",\"item\":\"https:\\\/\\\/www.apres-lecole.fr\\\/Blog\\\/\"},{\"@type\":\"ListItem\",\"position\":2,\"name\":\"Famille d&rsquo;accueil peut on choisir l&rsquo;\u00e2ge : le vrai du faux\"}]},{\"@type\":\"WebSite\",\"@id\":\"https:\\\/\\\/www.apres-lecole.fr\\\/Blog\\\/#website\",\"url\":\"https:\\\/\\\/www.apres-lecole.fr\\\/Blog\\\/\",\"name\":\"\",\"description\":\"M\u00e9dia g\u00e9n\u00e9raliste\",\"potentialAction\":[{\"@type\":\"SearchAction\",\"target\":{\"@type\":\"EntryPoint\",\"urlTemplate\":\"https:\\\/\\\/www.apres-lecole.fr\\\/Blog\\\/?s={search_term_string}\"},\"query-input\":{\"@type\":\"PropertyValueSpecification\",\"valueRequired\":true,\"valueName\":\"search_term_string\"}}],\"inLanguage\":\"fr-FR\"},{\"@type\":\"Person\",\"@id\":\"https:\\\/\\\/www.apres-lecole.fr\\\/Blog\\\/#\\\/schema\\\/person\\\/aeb50cd4b51fc69da155804bb5bb9fc4\",\"name\":\"Eva Martin\",\"image\":{\"@type\":\"ImageObject\",\"inLanguage\":\"fr-FR\",\"@id\":\"https:\\\/\\\/secure.gravatar.com\\\/avatar\\\/55c53222558b27a72015a64073a80edce4abd33369394b9bf2c5cd6c19d12682?s=96&d=mm&r=g\",\"url\":\"https:\\\/\\\/secure.gravatar.com\\\/avatar\\\/55c53222558b27a72015a64073a80edce4abd33369394b9bf2c5cd6c19d12682?s=96&d=mm&r=g\",\"contentUrl\":\"https:\\\/\\\/secure.gravatar.com\\\/avatar\\\/55c53222558b27a72015a64073a80edce4abd33369394b9bf2c5cd6c19d12682?s=96&d=mm&r=g\",\"caption\":\"Eva Martin\"},\"description\":\"Je parle de business et d'entrepreneuriat avec des conseils clairs, concrets et actionnables pour r\u00e9ussir\",\"sameAs\":[\"https:\\\/\\\/x.com\\\/Evaapresecole\"],\"url\":\"https:\\\/\\\/www.apres-lecole.fr\\\/Blog\\\/author\\\/evamartin\\\/\"}]}<\/script>\n<!-- \/ Yoast SEO plugin. -->","yoast_head_json":{"title":"Famille d'accueil peut on choisir l'\u00e2ge : le vrai du faux -","robots":{"index":"index","follow":"follow","max-snippet":"max-snippet:-1","max-image-preview":"max-image-preview:large","max-video-preview":"max-video-preview:-1"},"canonical":"https:\/\/www.apres-lecole.fr\/Blog\/famille-daccueil-peut-on-choisir-lage\/","og_locale":"fr_FR","og_type":"article","og_title":"Famille d'accueil peut on choisir l'\u00e2ge : le vrai du faux -","og_description":"L&rsquo;essentiel \u00e0 retenir : Si tu peux exprimer une pr\u00e9f\u00e9rence d&rsquo;\u00e2ge pour cadrer ton projet, ce n&rsquo;est pas une commande sur catalogue. Les services privil\u00e9gient l&rsquo;apparentement pour r\u00e9pondre aux besoins de l&rsquo;enfant, en respectant notamment un \u00e9cart de deux ans avec tes propres enfants. C&rsquo;est cet \u00e9quilibre qui garantit un engagement serein sur le long ... Lire plus","og_url":"https:\/\/www.apres-lecole.fr\/Blog\/famille-daccueil-peut-on-choisir-lage\/","article_published_time":"2025-11-25T13:20:33+00:00","article_modified_time":"2025-11-25T13:44:34+00:00","og_image":[{"width":1344,"height":768,"url":"https:\/\/www.apres-lecole.fr\/Blog\/wp-content\/uploads\/2025\/11\/famille-accueil.jpg","type":"image\/jpeg"}],"author":"Eva Martin","twitter_card":"summary_large_image","twitter_creator":"@Evaapresecole","twitter_misc":{"\u00c9crit par":"Eva Martin","Dur\u00e9e de lecture estim\u00e9e":"9 minutes"},"schema":{"@context":"https:\/\/schema.org","@graph":[{"@type":"Article","@id":"https:\/\/www.apres-lecole.fr\/Blog\/famille-daccueil-peut-on-choisir-lage\/#article","isPartOf":{"@id":"https:\/\/www.apres-lecole.fr\/Blog\/famille-daccueil-peut-on-choisir-lage\/"},"author":{"name":"Eva Martin","@id":"https:\/\/www.apres-lecole.fr\/Blog\/#\/schema\/person\/aeb50cd4b51fc69da155804bb5bb9fc4"},"headline":"Famille d&rsquo;accueil peut on choisir l&rsquo;\u00e2ge : le vrai du faux","datePublished":"2025-11-25T13:20:33+00:00","dateModified":"2025-11-25T13:44:34+00:00","mainEntityOfPage":{"@id":"https:\/\/www.apres-lecole.fr\/Blog\/famille-daccueil-peut-on-choisir-lage\/"},"wordCount":1932,"commentCount":0,"image":{"@id":"https:\/\/www.apres-lecole.fr\/Blog\/famille-daccueil-peut-on-choisir-lage\/#primaryimage"},"thumbnailUrl":"https:\/\/www.apres-lecole.fr\/Blog\/wp-content\/uploads\/2025\/11\/famille-accueil.jpg","articleSection":["Actualit\u00e9s"],"inLanguage":"fr-FR","potentialAction":[{"@type":"CommentAction","name":"Comment","target":["https:\/\/www.apres-lecole.fr\/Blog\/famille-daccueil-peut-on-choisir-lage\/#respond"]}]},{"@type":"WebPage","@id":"https:\/\/www.apres-lecole.fr\/Blog\/famille-daccueil-peut-on-choisir-lage\/","url":"https:\/\/www.apres-lecole.fr\/Blog\/famille-daccueil-peut-on-choisir-lage\/","name":"Famille d'accueil peut on choisir l'\u00e2ge : le vrai du faux -","isPartOf":{"@id":"https:\/\/www.apres-lecole.fr\/Blog\/#website"},"primaryImageOfPage":{"@id":"https:\/\/www.apres-lecole.fr\/Blog\/famille-daccueil-peut-on-choisir-lage\/#primaryimage"},"image":{"@id":"https:\/\/www.apres-lecole.fr\/Blog\/famille-daccueil-peut-on-choisir-lage\/#primaryimage"},"thumbnailUrl":"https:\/\/www.apres-lecole.fr\/Blog\/wp-content\/uploads\/2025\/11\/famille-accueil.jpg","datePublished":"2025-11-25T13:20:33+00:00","dateModified":"2025-11-25T13:44:34+00:00","author":{"@id":"https:\/\/www.apres-lecole.fr\/Blog\/#\/schema\/person\/aeb50cd4b51fc69da155804bb5bb9fc4"},"breadcrumb":{"@id":"https:\/\/www.apres-lecole.fr\/Blog\/famille-daccueil-peut-on-choisir-lage\/#breadcrumb"},"inLanguage":"fr-FR","potentialAction":[{"@type":"ReadAction","target":["https:\/\/www.apres-lecole.fr\/Blog\/famille-daccueil-peut-on-choisir-lage\/"]}]},{"@type":"ImageObject","inLanguage":"fr-FR","@id":"https:\/\/www.apres-lecole.fr\/Blog\/famille-daccueil-peut-on-choisir-lage\/#primaryimage","url":"https:\/\/www.apres-lecole.fr\/Blog\/wp-content\/uploads\/2025\/11\/famille-accueil.jpg","contentUrl":"https:\/\/www.apres-lecole.fr\/Blog\/wp-content\/uploads\/2025\/11\/famille-accueil.jpg","width":1344,"height":768,"caption":"famille d'accueil peut on choisir l'age"},{"@type":"BreadcrumbList","@id":"https:\/\/www.apres-lecole.fr\/Blog\/famille-daccueil-peut-on-choisir-lage\/#breadcrumb","itemListElement":[{"@type":"ListItem","position":1,"name":"Home","item":"https:\/\/www.apres-lecole.fr\/Blog\/"},{"@type":"ListItem","position":2,"name":"Famille d&rsquo;accueil peut on choisir l&rsquo;\u00e2ge : le vrai du faux"}]},{"@type":"WebSite","@id":"https:\/\/www.apres-lecole.fr\/Blog\/#website","url":"https:\/\/www.apres-lecole.fr\/Blog\/","name":"","description":"M\u00e9dia g\u00e9n\u00e9raliste","potentialAction":[{"@type":"SearchAction","target":{"@type":"EntryPoint","urlTemplate":"https:\/\/www.apres-lecole.fr\/Blog\/?s={search_term_string}"},"query-input":{"@type":"PropertyValueSpecification","valueRequired":true,"valueName":"search_term_string"}}],"inLanguage":"fr-FR"},{"@type":"Person","@id":"https:\/\/www.apres-lecole.fr\/Blog\/#\/schema\/person\/aeb50cd4b51fc69da155804bb5bb9fc4","name":"Eva Martin","image":{"@type":"ImageObject","inLanguage":"fr-FR","@id":"https:\/\/secure.gravatar.com\/avatar\/55c53222558b27a72015a64073a80edce4abd33369394b9bf2c5cd6c19d12682?s=96&d=mm&r=g","url":"https:\/\/secure.gravatar.com\/avatar\/55c53222558b27a72015a64073a80edce4abd33369394b9bf2c5cd6c19d12682?s=96&d=mm&r=g","contentUrl":"https:\/\/secure.gravatar.com\/avatar\/55c53222558b27a72015a64073a80edce4abd33369394b9bf2c5cd6c19d12682?s=96&d=mm&r=g","caption":"Eva Martin"},"description":"Je parle de business et d'entrepreneuriat avec des conseils clairs, concrets et actionnables pour r\u00e9ussir","sameAs":["https:\/\/x.com\/Evaapresecole"],"url":"https:\/\/www.apres-lecole.fr\/Blog\/author\/evamartin\/"}]}},"views":434,"_links":{"self":[{"href":"https:\/\/www.apres-lecole.fr\/Blog\/wp-json\/wp\/v2\/posts\/2805","targetHints":{"allow":["GET"]}}],"collection":[{"href":"https:\/\/www.apres-lecole.fr\/Blog\/wp-json\/wp\/v2\/posts"}],"about":[{"href":"https:\/\/www.apres-lecole.fr\/Blog\/wp-json\/wp\/v2\/types\/post"}],"author":[{"embeddable":true,"href":"https:\/\/www.apres-lecole.fr\/Blog\/wp-json\/wp\/v2\/users\/9"}],"replies":[{"embeddable":true,"href":"https:\/\/www.apres-lecole.fr\/Blog\/wp-json\/wp\/v2\/comments?post=2805"}],"version-history":[{"count":1,"href":"https:\/\/www.apres-lecole.fr\/Blog\/wp-json\/wp\/v2\/posts\/2805\/revisions"}],"predecessor-version":[{"id":2806,"href":"https:\/\/www.apres-lecole.fr\/Blog\/wp-json\/wp\/v2\/posts\/2805\/revisions\/2806"}],"wp:featuredmedia":[{"embeddable":true,"href":"https:\/\/www.apres-lecole.fr\/Blog\/wp-json\/wp\/v2\/media\/2807"}],"wp:attachment":[{"href":"https:\/\/www.apres-lecole.fr\/Blog\/wp-json\/wp\/v2\/media?parent=2805"}],"wp:term":[{"taxonomy":"category","embeddable":true,"href":"https:\/\/www.apres-lecole.fr\/Blog\/wp-json\/wp\/v2\/categories?post=2805"},{"taxonomy":"post_tag","embeddable":true,"href":"https:\/\/www.apres-lecole.fr\/Blog\/wp-json\/wp\/v2\/tags?post=2805"}],"curies":[{"name":"wp","href":"https:\/\/api.w.org\/{rel}","templated":true}]}}