{"id":2778,"date":"2025-11-30T15:51:55","date_gmt":"2025-11-30T15:51:55","guid":{"rendered":"https:\/\/www.apres-lecole.fr\/Blog\/?p=2778"},"modified":"2025-11-30T15:51:56","modified_gmt":"2025-11-30T15:51:56","slug":"college-valdoise-2025","status":"publish","type":"post","link":"https:\/\/www.apres-lecole.fr\/Blog\/college-valdoise-2025\/","title":{"rendered":"D\u00e9couvrez tout sur le coll\u00e8ge Valdoise en 2025 : guide complet et nouveaut\u00e9s"},"content":{"rendered":"\n\n<div class=\"kk-star-ratings kksr-auto kksr-align-left kksr-valign-top\"\n    data-payload='{&quot;align&quot;:&quot;left&quot;,&quot;id&quot;:&quot;2778&quot;,&quot;slug&quot;:&quot;default&quot;,&quot;valign&quot;:&quot;top&quot;,&quot;ignore&quot;:&quot;&quot;,&quot;reference&quot;:&quot;auto&quot;,&quot;class&quot;:&quot;&quot;,&quot;count&quot;:&quot;1&quot;,&quot;legendonly&quot;:&quot;&quot;,&quot;readonly&quot;:&quot;&quot;,&quot;score&quot;:&quot;5&quot;,&quot;starsonly&quot;:&quot;&quot;,&quot;best&quot;:&quot;5&quot;,&quot;gap&quot;:&quot;5&quot;,&quot;greet&quot;:&quot;Rate this post&quot;,&quot;legend&quot;:&quot;5\\\/5 - (1 vote)&quot;,&quot;size&quot;:&quot;24&quot;,&quot;title&quot;:&quot;D\u00e9couvrez tout sur le coll\u00e8ge Valdoise en 2025 : guide complet et nouveaut\u00e9s&quot;,&quot;width&quot;:&quot;142.5&quot;,&quot;_legend&quot;:&quot;{score}\\\/{best} - ({count} {votes})&quot;,&quot;font_factor&quot;:&quot;1.25&quot;}'>\n            \n<div class=\"kksr-stars\">\n    \n<div class=\"kksr-stars-inactive\">\n            <div class=\"kksr-star\" data-star=\"1\" style=\"padding-right: 5px\">\n            \n\n<div class=\"kksr-icon\" style=\"width: 24px; height: 24px;\"><\/div>\n        <\/div>\n            <div class=\"kksr-star\" data-star=\"2\" style=\"padding-right: 5px\">\n            \n\n<div class=\"kksr-icon\" style=\"width: 24px; height: 24px;\"><\/div>\n        <\/div>\n            <div class=\"kksr-star\" data-star=\"3\" style=\"padding-right: 5px\">\n            \n\n<div class=\"kksr-icon\" style=\"width: 24px; height: 24px;\"><\/div>\n        <\/div>\n            <div class=\"kksr-star\" data-star=\"4\" style=\"padding-right: 5px\">\n            \n\n<div class=\"kksr-icon\" style=\"width: 24px; height: 24px;\"><\/div>\n        <\/div>\n            <div class=\"kksr-star\" data-star=\"5\" style=\"padding-right: 5px\">\n            \n\n<div class=\"kksr-icon\" style=\"width: 24px; height: 24px;\"><\/div>\n        <\/div>\n    <\/div>\n    \n<div class=\"kksr-stars-active\" style=\"width: 142.5px;\">\n            <div class=\"kksr-star\" style=\"padding-right: 5px\">\n            \n\n<div class=\"kksr-icon\" style=\"width: 24px; height: 24px;\"><\/div>\n        <\/div>\n            <div class=\"kksr-star\" style=\"padding-right: 5px\">\n            \n\n<div class=\"kksr-icon\" style=\"width: 24px; height: 24px;\"><\/div>\n        <\/div>\n            <div class=\"kksr-star\" style=\"padding-right: 5px\">\n            \n\n<div class=\"kksr-icon\" style=\"width: 24px; height: 24px;\"><\/div>\n        <\/div>\n            <div class=\"kksr-star\" style=\"padding-right: 5px\">\n            \n\n<div class=\"kksr-icon\" style=\"width: 24px; height: 24px;\"><\/div>\n        <\/div>\n            <div class=\"kksr-star\" style=\"padding-right: 5px\">\n            \n\n<div class=\"kksr-icon\" style=\"width: 24px; height: 24px;\"><\/div>\n        <\/div>\n    <\/div>\n<\/div>\n                \n\n<div class=\"kksr-legend\" style=\"font-size: 19.2px;\">\n            5\/5 - (1 vote)    <\/div>\n    <\/div>\n<p>Le <strong>Coll\u00e8ge Valdoise<\/strong> entre dans une phase de transformation en 2025, avec un double objectif : moderniser les locaux et simplifier le quotidien p\u00e9dagogique gr\u00e2ce \u00e0 une plateforme num\u00e9rique centralis\u00e9e. Ce guide pr\u00e9sente les principales \u00e9volutions attendues et explique comment tirer parti du portail officiel pour suivre les cours, organiser la vie scolaire et pr\u00e9parer l\u2019orientation. Il s\u2019adresse autant aux familles qu\u2019aux \u00e9l\u00e8ves et aux membres de la communaut\u00e9 \u00e9ducative qui souhaitent comprendre les nouveaut\u00e9s du <strong>Guide coll\u00e8ge 2025<\/strong> et les services disponibles dans le d\u00e9partement.<\/p>\n\n<p>En suivant le parcours fictif de <strong>Lina<\/strong>, coll\u00e9gienne au c\u0153ur du Val d\u2019Oise, ce texte illustre des situations concr\u00e8tes : acc\u00e8s aux ressources \u00e0 distance, communication avec l\u2019\u00e9quipe p\u00e9dagogique, utilisation de la plateforme vid\u00e9o, et accompagnement pour l\u2019<strong>Orientation coll\u00e8ge 2025<\/strong>. Chaque section propose des listes pratiques, un tableau r\u00e9capitulatif des services et des conseils pour \u00e9viter les erreurs courantes. Vous trouverez aussi des rep\u00e8res sur les investissements structurels et les outils num\u00e9riques qui font du Val d\u2019Oise un territoire engag\u00e9 pour l\u2019<strong>\u00c9ducation Valdoise<\/strong>.<\/p>\n\n<p>Ce guide vise \u00e0 vous rendre autonome dans l\u2019utilisation du portail, \u00e0 mieux comprendre les enjeux de la <strong>Vie scolaire Valdoise<\/strong> et \u00e0 identifier les nouveaut\u00e9s majeures qui transforment le coll\u00e8ge en une <strong>Coll\u00e8ge nouvelle g\u00e9n\u00e9ration<\/strong>. Poursuivre la lecture vous permettra d\u2019agir rapidement : cr\u00e9er ou retrouver un compte, naviguer dans les services, et pr\u00e9parer l\u2019avenir scolaire de votre enfant.<\/p>\n\n<ul class=\"wp-block-list\"><li><strong>Acc\u00e8s centralis\u00e9 :<\/strong> plateforme unique pour cours, notes et messagerie.<\/li><li><strong>Travaux et infrastructures :<\/strong> plan d\u2019investissements pour moderniser 114 coll\u00e8ges.<\/li><li><strong>Ressources multim\u00e9dia :<\/strong> plateforme vid\u00e9o int\u00e9gr\u00e9e pour l\u2019apprentissage.<\/li><li><strong>Accompagnement :<\/strong> renforcement de l\u2019orientation et des activit\u00e9s p\u00e9riscolaires.<\/li><li><strong>Mobilit\u00e9 :<\/strong> portail responsive accessible sur tous les appareils.<\/li><\/ul>\n\n<h2 class=\"wp-block-heading\"><strong>Comprendre le Coll\u00e8ge Valdoise<\/strong> : r\u00f4le du portail et enjeux du Guide coll\u00e8ge 2025<\/h2>\n\n<p>Le <strong>Coll\u00e8ge Valdoise<\/strong> se con\u00e7oit aujourd\u2019hui comme un \u00e9cosyst\u00e8me o\u00f9 l\u2019infrastructure et le num\u00e9rique convergent. Le portail officiel, accessible via <a href=\"https:\/\/www.moncollege.valdoise.fr\"><strong>www.moncollege.valdoise.fr<\/strong><\/a>, est l\u2019interface principale pour les \u00e9l\u00e8ves, les parents et les enseignants.<\/p>\n\n<p>Pour Lina, la plateforme est d\u2019abord un point d\u2019entr\u00e9e : consulter l\u2019emploi du temps, r\u00e9cup\u00e9rer un devoir ou contacter un professeur. Ce syst\u00e8me vise \u00e0 r\u00e9duire le temps perdu et \u00e0 am\u00e9liorer la continuit\u00e9 p\u00e9dagogique entre la maison et l\u2019\u00e9tablissement.<\/p>\n\n<ul class=\"wp-block-list\"><li><strong>Centralisation :<\/strong> cours, notes, emplois du temps et messagerie dans un seul espace.<\/li><li><strong>Accessibilit\u00e9 :<\/strong> responsive design pour smartphone, tablette et ordinateur.<\/li><li><strong>Personnalisation :<\/strong> espace d\u2019apprentissage adapt\u00e9 \u00e0 chaque \u00e9l\u00e8ve.<\/li><li><strong>Transparence :<\/strong> suivi des r\u00e9sultats et communication parents-enseignants.<\/li><\/ul>\n\n<figure class=\"wp-block-table\"><table>\n<thead>\n<tr>\n<th>Fonctionnalit\u00e9<\/th>\n<th>Utilisateurs<\/th>\n<th>B\u00e9n\u00e9fice principal<\/th>\n<\/tr>\n<\/thead>\n<tbody>\n<tr>\n<td><strong>Connexion au portail<\/strong><\/td>\n<td><strong>\u00c9l\u00e8ves \/ Parents<\/strong><\/td>\n<td>Acc\u00e8s s\u00e9curis\u00e9 aux services en ligne<\/td>\n<\/tr>\n<tr>\n<td><strong>Consultation des notes<\/strong><\/td>\n<td><strong>Parents \/ \u00c9l\u00e8ves<\/strong><\/td>\n<td>Suivi en temps r\u00e9el des r\u00e9sultats<\/td>\n<\/tr>\n<tr>\n<td><strong>Emploi du temps interactif<\/strong><\/td>\n<td><strong>\u00c9l\u00e8ves<\/strong><\/td>\n<td>Organisation hebdomadaire simplifi\u00e9e<\/td>\n<\/tr>\n<tr>\n<td><strong>Messagerie int\u00e9gr\u00e9e<\/strong><\/td>\n<td><strong>\u00c9l\u00e8ves \/ Professeurs<\/strong><\/td>\n<td>Communication fluide et tra\u00e7able<\/td>\n<\/tr>\n<tr>\n<td><strong>Plateforme vid\u00e9o p\u00e9dagogique<\/strong><\/td>\n<td><strong>\u00c9l\u00e8ves \/ Enseignants<\/strong><\/td>\n<td>Supports multim\u00e9dia pour mieux expliquer les notions<\/td>\n<\/tr>\n<tr>\n<td><strong>Services aux coll\u00e9giens (Carte Coll\u00e9gien)<\/strong><\/td>\n<td><strong>\u00c9l\u00e8ves<\/strong><\/td>\n<td>Acc\u00e8s \u00e0 des services compl\u00e9mentaires et aides<\/td>\n<\/tr>\n<\/tbody>\n<\/table><\/figure>\n\n<p>Le portail joue donc un r\u00f4le d\u2019interface autant administratif que p\u00e9dagogique, facilitant la coordination entre l\u2019\u00e9quipe \u00e9ducative et les familles. C\u2019est un levier pour la r\u00e9ussite scolaire et l\u2019implication parentale.<\/p>\n\n<p><strong>Insight :<\/strong> le portail est plus qu\u2019un outil : c\u2019est le point d\u2019ancrage de la <strong>Vie scolaire Valdoise<\/strong>, indispensable pour un suivi continu.<\/p>\n\n<figure class=\"wp-block-image size-full\"><img decoding=\"async\" width=\"1344\" height=\"768\" src=\"https:\/\/www.apres-lecole.fr\/Blog\/wp-content\/uploads\/2025\/11\/decouvrez-tout-sur-le-college-valdoise-en-2025-guide-complet-et-nouveautes-1.jpg\" alt=\"d\u00e9couvrez tout sur le coll\u00e8ge valdoise en 2025 : guide complet, nouveaut\u00e9s, programmes, et conseils pour bien pr\u00e9parer la rentr\u00e9e scolaire.\" class=\"wp-image-2777\" srcset=\"https:\/\/www.apres-lecole.fr\/Blog\/wp-content\/uploads\/2025\/11\/decouvrez-tout-sur-le-college-valdoise-en-2025-guide-complet-et-nouveautes-1.jpg 1344w, https:\/\/www.apres-lecole.fr\/Blog\/wp-content\/uploads\/2025\/11\/decouvrez-tout-sur-le-college-valdoise-en-2025-guide-complet-et-nouveautes-1-300x171.jpg 300w, https:\/\/www.apres-lecole.fr\/Blog\/wp-content\/uploads\/2025\/11\/decouvrez-tout-sur-le-college-valdoise-en-2025-guide-complet-et-nouveautes-1-1024x585.jpg 1024w, https:\/\/www.apres-lecole.fr\/Blog\/wp-content\/uploads\/2025\/11\/decouvrez-tout-sur-le-college-valdoise-en-2025-guide-complet-et-nouveautes-1-768x439.jpg 768w\" sizes=\"(max-width: 1344px) 100vw, 1344px\" \/><\/figure>\n\n<h2 class=\"wp-block-heading\"><strong>Nouveaut\u00e9s coll\u00e8ge 2025<\/strong> : investissements, r\u00e9formes et calendrier<\/h2>\n\n<p>Les <strong>Nouveaut\u00e9s coll\u00e8ge 2025<\/strong> m\u00ealent r\u00e9novation des b\u00e2timents et d\u00e9ploiement d\u2019outils num\u00e9riques. Le D\u00e9partement a pr\u00e9vu un plan d\u2019investissement pluriannuel pour entretenir et moderniser les 114 coll\u00e8ges du territoire, avec des travaux cibl\u00e9s en 2025.<\/p>\n\n<p>Lina b\u00e9n\u00e9ficie directement de ces am\u00e9liorations : locaux mieux isol\u00e9s, salles multim\u00e9dias actualis\u00e9es et nouveaux espaces polyvalents. Ces travaux cherchent \u00e0 am\u00e9liorer le confort et la s\u00e9curit\u00e9, tout en int\u00e9grant des espaces favorisant le travail collaboratif.<\/p>\n\n<ul class=\"wp-block-list\"><li><strong>R\u00e9novations cibl\u00e9es :<\/strong> isolation, s\u00e9curit\u00e9, accessibilit\u00e9.<\/li><li><strong>Construction :<\/strong> ouverture de nouveaux coll\u00e8ges pour accompagner la croissance d\u00e9mographique.<\/li><li><strong>\u00c9quipements num\u00e9riques :<\/strong> salles multim\u00e9dias et connexion renforc\u00e9e.<\/li><li><strong>Plan p\u00e9dagogique :<\/strong> renforcement de l\u2019orientation et des parcours individualis\u00e9s.<\/li><\/ul>\n\n<figure class=\"wp-block-table\"><table>\n<thead>\n<tr>\n<th>Action 2025<\/th>\n<th>Objectif<\/th>\n<th>Impact attendu<\/th>\n<\/tr>\n<\/thead>\n<tbody>\n<tr>\n<td><strong>Travaux de maintenance<\/strong><\/td>\n<td>Remise \u00e0 niveau des infrastructures<\/td>\n<td>Meilleures conditions d\u2019apprentissage<\/td>\n<\/tr>\n<tr>\n<td><strong>Nouveaux coll\u00e8ges<\/strong><\/td>\n<td>R\u00e9pondre \u00e0 la croissance des effectifs<\/td>\n<td>Capacit\u00e9s d\u2019accueil augment\u00e9es<\/td>\n<\/tr>\n<tr>\n<td><strong>Modernisation technologique<\/strong><\/td>\n<td>\u00c9quipements num\u00e9riques et connectivit\u00e9<\/td>\n<td>Acc\u00e8s aux <strong>Technologies \u00e9ducatives Valdoise<\/strong><\/td>\n<\/tr>\n<\/tbody>\n<\/table><\/figure>\n\n<p>Ces mesures s\u2019inscrivent dans une strat\u00e9gie globale : am\u00e9liorer la qualit\u00e9 de vie scolaire et pr\u00e9parer une p\u00e9dagogie plus hybride. Les investissements visent surtout l\u2019\u00e9quit\u00e9 territoriale, pour que chaque coll\u00e9gien dispose d\u2019un cadre propice \u00e0 l\u2019apprentissage.<\/p>\n\n<p><strong>Insight :<\/strong> l\u2019effort d\u2019investissement rend possible la transition vers un <strong>Coll\u00e8ge nouvelle g\u00e9n\u00e9ration<\/strong>, o\u00f9 le b\u00e2timent et le num\u00e9rique se compl\u00e8tent.<\/p>\n\n<h2 class=\"wp-block-heading\"><strong>Fonctionnalit\u00e9s pratiques<\/strong> du portail Moncollegevaldoise pour la vie quotidienne<\/h2>\n\n<p>Le c\u0153ur du dispositif est la plateforme Moncollegevaldoise, pens\u00e9e pour simplifier la gestion scolaire. Elle rassemble les services essentiels : consultation des bulletins, messagerie, calendrier interactif et ressources p\u00e9dagogiques.<\/p>\n\n<p>Pour Lina, l\u2019outil permet de r\u00e9cup\u00e9rer un cours introuvable, d\u2019envoyer un message \u00e0 un professeur et de v\u00e9rifier un RDV d\u2019orientation. Les parents peuvent suivre l\u2019\u00e9volution des notes et s\u2019organiser gr\u00e2ce aux notifications.<\/p>\n\n<ul class=\"wp-block-list\"><li><strong>Consultation des notes :<\/strong> visualisation claire et historique des r\u00e9sultats.<\/li><li><strong>Messagerie int\u00e9gr\u00e9e :<\/strong> \u00e9changes s\u00e9curis\u00e9s avec l\u2019\u00e9quipe enseignante.<\/li><li><strong>Emploi du temps interactif :<\/strong> rappels et synchronisation possible.<\/li><li><strong>Ressources vid\u00e9o :<\/strong> tutoriels et capsules p\u00e9dagogiques disponibles.<\/li><\/ul>\n\n<figure class=\"wp-block-table\"><table>\n<thead>\n<tr>\n<th>Service<\/th>\n<th>Comment l\u2019utiliser<\/th>\n<th>Astuce pratique<\/th>\n<\/tr>\n<\/thead>\n<tbody>\n<tr>\n<td><strong>Messagerie<\/strong><\/td>\n<td>Menu \u00ab\u00a0Messages\u00a0\u00bb sur le portail<\/td>\n<td>Utilisez un objet clair et datez vos demandes<\/td>\n<\/tr>\n<tr>\n<td><strong>Emploi du temps<\/strong><\/td>\n<td>Section \u00ab\u00a0Mon emploi du temps\u00a0\u00bb<\/td>\n<td>Activez les notifications pour ne rien manquer<\/td>\n<\/tr>\n<tr>\n<td><strong>Vid\u00e9os p\u00e9dagogiques<\/strong><\/td>\n<td>Biblioth\u00e8que vid\u00e9o int\u00e9gr\u00e9e<\/td>\n<td>Rechercher par mati\u00e8re ou mot-cl\u00e9<\/td>\n<\/tr>\n<\/tbody>\n<\/table><\/figure>\n\n<p>La plateforme favorise l\u2019autonomie des \u00e9l\u00e8ves et l\u2019implication parentale. Une bonne organisation des comptes et des notifications \u00e9vite les oublis et les rendez-vous manqu\u00e9s.<\/p>\n\n<p><strong>Insight :<\/strong> ma\u00eetriser ces fonctionnalit\u00e9s r\u00e9duit le stress administratif et recentre l\u2019\u00e9nergie sur l\u2019apprentissage.<\/p>\n\n<h2 class=\"wp-block-heading\"><strong>Orientation coll\u00e8ge 2025<\/strong> : dispositifs, accompagnement et outils pour pr\u00e9parer l\u2019avenir<\/h2>\n\n<p>L\u2019<strong>Orientation coll\u00e8ge 2025<\/strong> s\u2019articule autour d\u2019un accompagnement renforc\u00e9 : entretiens, ateliers m\u00e9tiers et ressources en ligne. Le D\u00e9partement et les \u00e9quipes p\u00e9dagogiques travaillent \u00e0 structurer des parcours plus personnalis\u00e9s.<\/p>\n\n<p>Lina participe \u00e0 des ateliers d\u00e9couverte et utilise les ressources du portail pour construire son projet. L\u2019objectif est d\u2019ouvrir les coll\u00e9giens aux choix d\u2019orientation d\u00e8s la fin du coll\u00e8ge, avec des rep\u00e8res concrets sur les fili\u00e8res et les m\u00e9tiers.<\/p>\n\n<ul class=\"wp-block-list\"><li><strong>Entretiens d\u2019orientation :<\/strong> bilans r\u00e9guliers avec un conseiller.<\/li><li><strong>Ateliers m\u00e9tier :<\/strong> rencontres avec des professionnels locaux.<\/li><li><strong>Ressources num\u00e9riques :<\/strong> modules d\u2019auto-\u00e9valuation en ligne.<\/li><li><strong>R\u00e9seau local :<\/strong> partenariats \u00e9coles-entreprises pour des immersions.<\/li><\/ul>\n\n<figure class=\"wp-block-table\"><table>\n<thead>\n<tr>\n<th>Dispositif<\/th>\n<th>Public vis\u00e9<\/th>\n<th>R\u00e9sultat attendu<\/th>\n<\/tr>\n<\/thead>\n<tbody>\n<tr>\n<td><strong>Entretien personnalis\u00e9<\/strong><\/td>\n<td>Coll\u00e9giens de 4\u00e8me-3\u00e8me<\/td>\n<td>Clart\u00e9 sur les options et fili\u00e8res<\/td>\n<\/tr>\n<tr>\n<td><strong>Ateliers pratiques<\/strong><\/td>\n<td>Groupes d\u2019\u00e9l\u00e8ves<\/td>\n<td>D\u00e9couverte concr\u00e8te des m\u00e9tiers<\/td>\n<\/tr>\n<tr>\n<td><strong>Ressources en ligne<\/strong><\/td>\n<td>Tous les \u00e9l\u00e8ves<\/td>\n<td>Soutien \u00e0 la construction du projet<\/td>\n<\/tr>\n<\/tbody>\n<\/table><\/figure>\n\n<p>Un accompagnement structur\u00e9 aide \u00e0 \u00e9viter les d\u00e9cisions pr\u00e9cipit\u00e9es et favorise des choix adapt\u00e9s aux comp\u00e9tences de chaque \u00e9l\u00e8ve. Impliquer les parents dans le processus renforce la pertinence des d\u00e9cisions.<\/p>\n\n<p><strong>Insight :<\/strong> l\u2019orientation devient progressive, bas\u00e9e sur des rep\u00e8res concrets et des tests accessibles via le portail.<\/p>\n\n<h2 class=\"wp-block-heading\"><strong>Technologies \u00e9ducatives Valdoise<\/strong> et <strong>Activit\u00e9s p\u00e9riscolaires Valdoise<\/strong> : mettre l\u2019\u00e9l\u00e8ve au centre<\/h2>\n\n<p>Les <strong>Technologies \u00e9ducatives Valdoise<\/strong> incluent des ressources vid\u00e9o, des environnements d\u2019apprentissage hybrides et des outils collaboratifs. Elles compl\u00e8tent le travail en classe et favorisent l\u2019engagement des \u00e9l\u00e8ves.<\/p>\n\n<p>Les <strong>Activit\u00e9s p\u00e9riscolaires Valdoise<\/strong> renforcent cette dynamique : ateliers cr\u00e9atifs, clubs scientifiques et sports associatifs offrent des opportunit\u00e9s d\u2019\u00e9panouissement hors des heures de cours.<\/p>\n\n<ul class=\"wp-block-list\"><li><strong>Ressources num\u00e9riques :<\/strong> tutoriels, exercices interactifs et supports audio-visuels.<\/li><li><strong>Projets collaboratifs :<\/strong> travaux en groupe facilitant le d\u00e9veloppement des comp\u00e9tences sociales.<\/li><li><strong>Clubs et ateliers :<\/strong> arts, sciences, environnement, adapt\u00e9s aux \u00e2ges et aux territoires.<\/li><li><strong>Services \u00e9tudiants Valdoise :<\/strong> aides et dispositifs d\u2019accompagnement pour les coll\u00e9giens en difficult\u00e9.<\/li><\/ul>\n\n<figure class=\"wp-block-table\"><table>\n<thead>\n<tr>\n<th>Offre<\/th>\n<th>Type<\/th>\n<th>Avantage<\/th>\n<\/tr>\n<\/thead>\n<tbody>\n<tr>\n<td><strong>Ateliers num\u00e9riques<\/strong><\/td>\n<td>Programmation, robotique<\/td>\n<td>Comp\u00e9tences transversales et attractivit\u00e9<\/td>\n<\/tr>\n<tr>\n<td><strong>Clubs artistiques<\/strong><\/td>\n<td>Th\u00e9\u00e2tre, musique<\/td>\n<td>Expression et confiance en soi<\/td>\n<\/tr>\n<tr>\n<td><strong>Accompagnement social<\/strong><\/td>\n<td>Services \u00e9tudiants Valdoise<\/td>\n<td>Soutien aux familles et acc\u00e8s aux aides<\/td>\n<\/tr>\n<\/tbody>\n<\/table><\/figure>\n\n<p>L\u2019int\u00e9gration de ces offres dans l\u2019emploi du temps et sur le portail permet \u00e0 l\u2019\u00e9l\u00e8ve de construire un parcours enrichi, au-del\u00e0 du seul apprentissage disciplinaire.<\/p>\n\n<p><strong>Insight :<\/strong> les technologies et les activit\u00e9s p\u00e9riscolaires favorisent la r\u00e9ussite globale en d\u00e9veloppant autonomie et curiosit\u00e9.<\/p>\n\n<script type=\"application\/ld+json\">\n{\"@context\":\"https:\/\/schema.org\",\"@type\":\"FAQPage\",\"mainEntity\":[{\"@type\":\"Question\",\"name\":\"Comment cru00e9er un compte sur Moncollegevaldoise ?\",\"acceptedAnswer\":{\"@type\":\"Answer\",\"text\":\"Les comptes sont gu00e9nu00e9ralement fournis par le collu00e8ge. Vous recevez des identifiants en du00e9but du2019annu00e9e ; si ce nu2019est pas le cas, contactez le secru00e9tariat de lu2019u00e9tablissement ou le ru00e9fu00e9rent numu00e9rique.\"}},{\"@type\":\"Question\",\"name\":\"Puis-je accu00e9der au portail depuis un smartphone ?\",\"acceptedAnswer\":{\"@type\":\"Answer\",\"text\":\"Oui, le site est responsive et fonctionne via un navigateur mobile. Il nu2019existe pas du2019application du00e9diu00e9e u00e0 ce jour, mais lu2019expu00e9rience mobile est optimisu00e9e.\"}},{\"@type\":\"Question\",\"name\":\"Que faire si ju2019oublie mon mot de passe ?\",\"acceptedAnswer\":{\"@type\":\"Answer\",\"text\":\"Utilisez la procu00e9dure de ru00e9initialisation disponible sur la page de connexion ou contactez le support technique du collu00e8ge. Le secru00e9tariat peut u00e9galement ru00e9initialiser les accu00e8s.\"}},{\"@type\":\"Question\",\"name\":\"La plateforme est-elle gratuite pour les familles ?\",\"acceptedAnswer\":{\"@type\":\"Answer\",\"text\":\"Lu2019accu00e8s u00e0 Moncollegevaldoise est gratuit pour les u00e9lu00e8ves, parents et enseignants ; il fait partie des services proposu00e9s par le Du00e9partement du Val du2019Oise.\"}},{\"@type\":\"Question\",\"name\":\"Comment bu00e9nu00e9ficier des activitu00e9s pu00e9riscolaires ?\",\"acceptedAnswer\":{\"@type\":\"Answer\",\"text\":\"Renseignez-vous aupru00e8s du collu00e8ge pour connau00eetre lu2019offre locale. Lu2019inscription se fait souvent via le portail ou directement aupru00e8s de la vie scolaire.\"}}]}\n<\/script>\n<h3>Comment cr\u00e9er un compte sur Moncollegevaldoise ?<\/h3>\n<p>Les comptes sont g\u00e9n\u00e9ralement fournis par le coll\u00e8ge. Vous recevez des identifiants en d\u00e9but d\u2019ann\u00e9e ; si ce n\u2019est pas le cas, contactez le secr\u00e9tariat de l\u2019\u00e9tablissement ou le r\u00e9f\u00e9rent num\u00e9rique.<\/p>\n<h3>Puis-je acc\u00e9der au portail depuis un smartphone ?<\/h3>\n<p>Oui, le site est responsive et fonctionne via un navigateur mobile. Il n\u2019existe pas d\u2019application d\u00e9di\u00e9e \u00e0 ce jour, mais l\u2019exp\u00e9rience mobile est optimis\u00e9e.<\/p>\n<h3>Que faire si j\u2019oublie mon mot de passe ?<\/h3>\n<p>Utilisez la proc\u00e9dure de r\u00e9initialisation disponible sur la page de connexion ou contactez le support technique du coll\u00e8ge. Le secr\u00e9tariat peut \u00e9galement r\u00e9initialiser les acc\u00e8s.<\/p>\n<h3>La plateforme est-elle gratuite pour les familles ?<\/h3>\n<p>L\u2019acc\u00e8s \u00e0 Moncollegevaldoise est gratuit pour les \u00e9l\u00e8ves, parents et enseignants ; il fait partie des services propos\u00e9s par le D\u00e9partement du Val d\u2019Oise.<\/p>\n<h3>Comment b\u00e9n\u00e9ficier des activit\u00e9s p\u00e9riscolaires ?<\/h3>\n<p>Renseignez-vous aupr\u00e8s du coll\u00e8ge pour conna\u00eetre l\u2019offre locale. L\u2019inscription se fait souvent via le portail ou directement aupr\u00e8s de la vie scolaire.<\/p>\n\n","protected":false},"excerpt":{"rendered":"<p>Le Coll\u00e8ge Valdoise entre dans une phase de transformation en 2025, avec un double objectif : moderniser les locaux et simplifier le quotidien p\u00e9dagogique gr\u00e2ce \u00e0 une plateforme num\u00e9rique centralis\u00e9e. Ce guide pr\u00e9sente les principales \u00e9volutions attendues et explique comment tirer parti du portail officiel pour suivre les cours, organiser la vie scolaire et pr\u00e9parer &#8230; <a title=\"D\u00e9couvrez tout sur le coll\u00e8ge Valdoise en 2025 : guide complet et nouveaut\u00e9s\" class=\"read-more\" href=\"https:\/\/www.apres-lecole.fr\/Blog\/college-valdoise-2025\/\" aria-label=\"En savoir plus sur D\u00e9couvrez tout sur le coll\u00e8ge Valdoise en 2025 : guide complet et nouveaut\u00e9s\">Lire plus<\/a><\/p>\n","protected":false},"author":9,"featured_media":2776,"comment_status":"open","ping_status":"open","sticky":false,"template":"","format":"standard","meta":{"footnotes":""},"categories":[1],"tags":[],"class_list":["post-2778","post","type-post","status-publish","format-standard","has-post-thumbnail","hentry","category-metiers-entreprise"],"yoast_head":"<!-- This site is optimized with the Yoast SEO plugin v27.5 - https:\/\/yoast.com\/product\/yoast-seo-wordpress\/ -->\n<title>Coll\u00e8ge Valdoise 2025 : Guide et Nouveaut\u00e9s Essentielles<\/title>\n<meta name=\"description\" content=\"D\u00e9couvrez tout sur le coll\u00e8ge Valdoise en 2025 : guide complet, nouveaut\u00e9s, conseils et informations essentielles pour r\u00e9ussir votre rentr\u00e9e scolaire.\" \/>\n<meta name=\"robots\" content=\"index, follow, max-snippet:-1, max-image-preview:large, max-video-preview:-1\" \/>\n<link rel=\"canonical\" href=\"https:\/\/www.apres-lecole.fr\/Blog\/college-valdoise-2025\/\" \/>\n<meta property=\"og:locale\" content=\"fr_FR\" \/>\n<meta property=\"og:type\" content=\"article\" \/>\n<meta property=\"og:title\" content=\"Coll\u00e8ge Valdoise 2025 : Guide et Nouveaut\u00e9s Essentielles\" \/>\n<meta property=\"og:description\" content=\"D\u00e9couvrez tout sur le coll\u00e8ge Valdoise en 2025 : guide complet, nouveaut\u00e9s, conseils et informations essentielles pour r\u00e9ussir votre rentr\u00e9e scolaire.\" \/>\n<meta property=\"og:url\" content=\"https:\/\/www.apres-lecole.fr\/Blog\/college-valdoise-2025\/\" \/>\n<meta property=\"article:published_time\" content=\"2025-11-30T15:51:55+00:00\" \/>\n<meta property=\"article:modified_time\" content=\"2025-11-30T15:51:56+00:00\" \/>\n<meta property=\"og:image\" content=\"https:\/\/www.apres-lecole.fr\/Blog\/wp-content\/uploads\/2025\/11\/decouvrez-tout-sur-le-college-valdoise-en-2025-guide-complet-et-nouveautes.jpg\" \/>\n\t<meta property=\"og:image:width\" content=\"1344\" \/>\n\t<meta property=\"og:image:height\" content=\"768\" \/>\n\t<meta property=\"og:image:type\" content=\"image\/jpeg\" \/>\n<meta name=\"author\" content=\"Eva Martin\" \/>\n<meta name=\"twitter:card\" content=\"summary_large_image\" \/>\n<meta name=\"twitter:creator\" content=\"@Evaapresecole\" \/>\n<meta name=\"twitter:label1\" content=\"\u00c9crit par\" \/>\n\t<meta name=\"twitter:data1\" content=\"Eva Martin\" \/>\n\t<meta name=\"twitter:label2\" content=\"Dur\u00e9e de lecture estim\u00e9e\" \/>\n\t<meta name=\"twitter:data2\" content=\"8 minutes\" \/>\n<script type=\"application\/ld+json\" class=\"yoast-schema-graph\">{\"@context\":\"https:\\\/\\\/schema.org\",\"@graph\":[{\"@type\":\"Article\",\"@id\":\"https:\\\/\\\/www.apres-lecole.fr\\\/Blog\\\/college-valdoise-2025\\\/#article\",\"isPartOf\":{\"@id\":\"https:\\\/\\\/www.apres-lecole.fr\\\/Blog\\\/college-valdoise-2025\\\/\"},\"author\":{\"name\":\"Eva Martin\",\"@id\":\"https:\\\/\\\/www.apres-lecole.fr\\\/Blog\\\/#\\\/schema\\\/person\\\/aeb50cd4b51fc69da155804bb5bb9fc4\"},\"headline\":\"D\u00e9couvrez tout sur le coll\u00e8ge Valdoise en 2025 : guide complet et nouveaut\u00e9s\",\"datePublished\":\"2025-11-30T15:51:55+00:00\",\"dateModified\":\"2025-11-30T15:51:56+00:00\",\"mainEntityOfPage\":{\"@id\":\"https:\\\/\\\/www.apres-lecole.fr\\\/Blog\\\/college-valdoise-2025\\\/\"},\"wordCount\":1722,\"commentCount\":0,\"image\":{\"@id\":\"https:\\\/\\\/www.apres-lecole.fr\\\/Blog\\\/college-valdoise-2025\\\/#primaryimage\"},\"thumbnailUrl\":\"https:\\\/\\\/www.apres-lecole.fr\\\/Blog\\\/wp-content\\\/uploads\\\/2025\\\/11\\\/decouvrez-tout-sur-le-college-valdoise-en-2025-guide-complet-et-nouveautes.jpg\",\"articleSection\":[\"M\u00e9tiers &amp; Entreprise\"],\"inLanguage\":\"fr-FR\",\"potentialAction\":[{\"@type\":\"CommentAction\",\"name\":\"Comment\",\"target\":[\"https:\\\/\\\/www.apres-lecole.fr\\\/Blog\\\/college-valdoise-2025\\\/#respond\"]}]},{\"@type\":\"WebPage\",\"@id\":\"https:\\\/\\\/www.apres-lecole.fr\\\/Blog\\\/college-valdoise-2025\\\/\",\"url\":\"https:\\\/\\\/www.apres-lecole.fr\\\/Blog\\\/college-valdoise-2025\\\/\",\"name\":\"Coll\u00e8ge Valdoise 2025 : Guide et Nouveaut\u00e9s Essentielles\",\"isPartOf\":{\"@id\":\"https:\\\/\\\/www.apres-lecole.fr\\\/Blog\\\/#website\"},\"primaryImageOfPage\":{\"@id\":\"https:\\\/\\\/www.apres-lecole.fr\\\/Blog\\\/college-valdoise-2025\\\/#primaryimage\"},\"image\":{\"@id\":\"https:\\\/\\\/www.apres-lecole.fr\\\/Blog\\\/college-valdoise-2025\\\/#primaryimage\"},\"thumbnailUrl\":\"https:\\\/\\\/www.apres-lecole.fr\\\/Blog\\\/wp-content\\\/uploads\\\/2025\\\/11\\\/decouvrez-tout-sur-le-college-valdoise-en-2025-guide-complet-et-nouveautes.jpg\",\"datePublished\":\"2025-11-30T15:51:55+00:00\",\"dateModified\":\"2025-11-30T15:51:56+00:00\",\"author\":{\"@id\":\"https:\\\/\\\/www.apres-lecole.fr\\\/Blog\\\/#\\\/schema\\\/person\\\/aeb50cd4b51fc69da155804bb5bb9fc4\"},\"description\":\"D\u00e9couvrez tout sur le coll\u00e8ge Valdoise en 2025 : guide complet, nouveaut\u00e9s, conseils et informations essentielles pour r\u00e9ussir votre rentr\u00e9e scolaire.\",\"breadcrumb\":{\"@id\":\"https:\\\/\\\/www.apres-lecole.fr\\\/Blog\\\/college-valdoise-2025\\\/#breadcrumb\"},\"inLanguage\":\"fr-FR\",\"potentialAction\":[{\"@type\":\"ReadAction\",\"target\":[\"https:\\\/\\\/www.apres-lecole.fr\\\/Blog\\\/college-valdoise-2025\\\/\"]}]},{\"@type\":\"ImageObject\",\"inLanguage\":\"fr-FR\",\"@id\":\"https:\\\/\\\/www.apres-lecole.fr\\\/Blog\\\/college-valdoise-2025\\\/#primaryimage\",\"url\":\"https:\\\/\\\/www.apres-lecole.fr\\\/Blog\\\/wp-content\\\/uploads\\\/2025\\\/11\\\/decouvrez-tout-sur-le-college-valdoise-en-2025-guide-complet-et-nouveautes.jpg\",\"contentUrl\":\"https:\\\/\\\/www.apres-lecole.fr\\\/Blog\\\/wp-content\\\/uploads\\\/2025\\\/11\\\/decouvrez-tout-sur-le-college-valdoise-en-2025-guide-complet-et-nouveautes.jpg\",\"width\":1344,\"height\":768,\"caption\":\"d\u00e9couvrez tout sur le coll\u00e8ge valdoise en 2025 : guide complet, nouveaut\u00e9s, programmes et actualit\u00e9s pour bien pr\u00e9parer l'ann\u00e9e scolaire.\"},{\"@type\":\"BreadcrumbList\",\"@id\":\"https:\\\/\\\/www.apres-lecole.fr\\\/Blog\\\/college-valdoise-2025\\\/#breadcrumb\",\"itemListElement\":[{\"@type\":\"ListItem\",\"position\":1,\"name\":\"Home\",\"item\":\"https:\\\/\\\/www.apres-lecole.fr\\\/Blog\\\/\"},{\"@type\":\"ListItem\",\"position\":2,\"name\":\"D\u00e9couvrez tout sur le coll\u00e8ge Valdoise en 2025 : guide complet et nouveaut\u00e9s\"}]},{\"@type\":\"WebSite\",\"@id\":\"https:\\\/\\\/www.apres-lecole.fr\\\/Blog\\\/#website\",\"url\":\"https:\\\/\\\/www.apres-lecole.fr\\\/Blog\\\/\",\"name\":\"\",\"description\":\"M\u00e9dia g\u00e9n\u00e9raliste\",\"potentialAction\":[{\"@type\":\"SearchAction\",\"target\":{\"@type\":\"EntryPoint\",\"urlTemplate\":\"https:\\\/\\\/www.apres-lecole.fr\\\/Blog\\\/?s={search_term_string}\"},\"query-input\":{\"@type\":\"PropertyValueSpecification\",\"valueRequired\":true,\"valueName\":\"search_term_string\"}}],\"inLanguage\":\"fr-FR\"},{\"@type\":\"Person\",\"@id\":\"https:\\\/\\\/www.apres-lecole.fr\\\/Blog\\\/#\\\/schema\\\/person\\\/aeb50cd4b51fc69da155804bb5bb9fc4\",\"name\":\"Eva Martin\",\"image\":{\"@type\":\"ImageObject\",\"inLanguage\":\"fr-FR\",\"@id\":\"https:\\\/\\\/secure.gravatar.com\\\/avatar\\\/55c53222558b27a72015a64073a80edce4abd33369394b9bf2c5cd6c19d12682?s=96&d=mm&r=g\",\"url\":\"https:\\\/\\\/secure.gravatar.com\\\/avatar\\\/55c53222558b27a72015a64073a80edce4abd33369394b9bf2c5cd6c19d12682?s=96&d=mm&r=g\",\"contentUrl\":\"https:\\\/\\\/secure.gravatar.com\\\/avatar\\\/55c53222558b27a72015a64073a80edce4abd33369394b9bf2c5cd6c19d12682?s=96&d=mm&r=g\",\"caption\":\"Eva Martin\"},\"description\":\"Je parle de business et d'entrepreneuriat avec des conseils clairs, concrets et actionnables pour r\u00e9ussir\",\"sameAs\":[\"https:\\\/\\\/x.com\\\/Evaapresecole\"],\"url\":\"https:\\\/\\\/www.apres-lecole.fr\\\/Blog\\\/author\\\/evamartin\\\/\"}]}<\/script>\n<!-- \/ Yoast SEO plugin. -->","yoast_head_json":{"title":"Coll\u00e8ge Valdoise 2025 : Guide et Nouveaut\u00e9s Essentielles","description":"D\u00e9couvrez tout sur le coll\u00e8ge Valdoise en 2025 : guide complet, nouveaut\u00e9s, conseils et informations essentielles pour r\u00e9ussir votre rentr\u00e9e scolaire.","robots":{"index":"index","follow":"follow","max-snippet":"max-snippet:-1","max-image-preview":"max-image-preview:large","max-video-preview":"max-video-preview:-1"},"canonical":"https:\/\/www.apres-lecole.fr\/Blog\/college-valdoise-2025\/","og_locale":"fr_FR","og_type":"article","og_title":"Coll\u00e8ge Valdoise 2025 : Guide et Nouveaut\u00e9s Essentielles","og_description":"D\u00e9couvrez tout sur le coll\u00e8ge Valdoise en 2025 : guide complet, nouveaut\u00e9s, conseils et informations essentielles pour r\u00e9ussir votre rentr\u00e9e scolaire.","og_url":"https:\/\/www.apres-lecole.fr\/Blog\/college-valdoise-2025\/","article_published_time":"2025-11-30T15:51:55+00:00","article_modified_time":"2025-11-30T15:51:56+00:00","og_image":[{"width":1344,"height":768,"url":"https:\/\/www.apres-lecole.fr\/Blog\/wp-content\/uploads\/2025\/11\/decouvrez-tout-sur-le-college-valdoise-en-2025-guide-complet-et-nouveautes.jpg","type":"image\/jpeg"}],"author":"Eva Martin","twitter_card":"summary_large_image","twitter_creator":"@Evaapresecole","twitter_misc":{"\u00c9crit par":"Eva Martin","Dur\u00e9e de lecture estim\u00e9e":"8 minutes"},"schema":{"@context":"https:\/\/schema.org","@graph":[{"@type":"Article","@id":"https:\/\/www.apres-lecole.fr\/Blog\/college-valdoise-2025\/#article","isPartOf":{"@id":"https:\/\/www.apres-lecole.fr\/Blog\/college-valdoise-2025\/"},"author":{"name":"Eva Martin","@id":"https:\/\/www.apres-lecole.fr\/Blog\/#\/schema\/person\/aeb50cd4b51fc69da155804bb5bb9fc4"},"headline":"D\u00e9couvrez tout sur le coll\u00e8ge Valdoise en 2025 : guide complet et nouveaut\u00e9s","datePublished":"2025-11-30T15:51:55+00:00","dateModified":"2025-11-30T15:51:56+00:00","mainEntityOfPage":{"@id":"https:\/\/www.apres-lecole.fr\/Blog\/college-valdoise-2025\/"},"wordCount":1722,"commentCount":0,"image":{"@id":"https:\/\/www.apres-lecole.fr\/Blog\/college-valdoise-2025\/#primaryimage"},"thumbnailUrl":"https:\/\/www.apres-lecole.fr\/Blog\/wp-content\/uploads\/2025\/11\/decouvrez-tout-sur-le-college-valdoise-en-2025-guide-complet-et-nouveautes.jpg","articleSection":["M\u00e9tiers &amp; Entreprise"],"inLanguage":"fr-FR","potentialAction":[{"@type":"CommentAction","name":"Comment","target":["https:\/\/www.apres-lecole.fr\/Blog\/college-valdoise-2025\/#respond"]}]},{"@type":"WebPage","@id":"https:\/\/www.apres-lecole.fr\/Blog\/college-valdoise-2025\/","url":"https:\/\/www.apres-lecole.fr\/Blog\/college-valdoise-2025\/","name":"Coll\u00e8ge Valdoise 2025 : Guide et Nouveaut\u00e9s Essentielles","isPartOf":{"@id":"https:\/\/www.apres-lecole.fr\/Blog\/#website"},"primaryImageOfPage":{"@id":"https:\/\/www.apres-lecole.fr\/Blog\/college-valdoise-2025\/#primaryimage"},"image":{"@id":"https:\/\/www.apres-lecole.fr\/Blog\/college-valdoise-2025\/#primaryimage"},"thumbnailUrl":"https:\/\/www.apres-lecole.fr\/Blog\/wp-content\/uploads\/2025\/11\/decouvrez-tout-sur-le-college-valdoise-en-2025-guide-complet-et-nouveautes.jpg","datePublished":"2025-11-30T15:51:55+00:00","dateModified":"2025-11-30T15:51:56+00:00","author":{"@id":"https:\/\/www.apres-lecole.fr\/Blog\/#\/schema\/person\/aeb50cd4b51fc69da155804bb5bb9fc4"},"description":"D\u00e9couvrez tout sur le coll\u00e8ge Valdoise en 2025 : guide complet, nouveaut\u00e9s, conseils et informations essentielles pour r\u00e9ussir votre rentr\u00e9e scolaire.","breadcrumb":{"@id":"https:\/\/www.apres-lecole.fr\/Blog\/college-valdoise-2025\/#breadcrumb"},"inLanguage":"fr-FR","potentialAction":[{"@type":"ReadAction","target":["https:\/\/www.apres-lecole.fr\/Blog\/college-valdoise-2025\/"]}]},{"@type":"ImageObject","inLanguage":"fr-FR","@id":"https:\/\/www.apres-lecole.fr\/Blog\/college-valdoise-2025\/#primaryimage","url":"https:\/\/www.apres-lecole.fr\/Blog\/wp-content\/uploads\/2025\/11\/decouvrez-tout-sur-le-college-valdoise-en-2025-guide-complet-et-nouveautes.jpg","contentUrl":"https:\/\/www.apres-lecole.fr\/Blog\/wp-content\/uploads\/2025\/11\/decouvrez-tout-sur-le-college-valdoise-en-2025-guide-complet-et-nouveautes.jpg","width":1344,"height":768,"caption":"d\u00e9couvrez tout sur le coll\u00e8ge valdoise en 2025 : guide complet, nouveaut\u00e9s, programmes et actualit\u00e9s pour bien pr\u00e9parer l'ann\u00e9e scolaire."},{"@type":"BreadcrumbList","@id":"https:\/\/www.apres-lecole.fr\/Blog\/college-valdoise-2025\/#breadcrumb","itemListElement":[{"@type":"ListItem","position":1,"name":"Home","item":"https:\/\/www.apres-lecole.fr\/Blog\/"},{"@type":"ListItem","position":2,"name":"D\u00e9couvrez tout sur le coll\u00e8ge Valdoise en 2025 : guide complet et nouveaut\u00e9s"}]},{"@type":"WebSite","@id":"https:\/\/www.apres-lecole.fr\/Blog\/#website","url":"https:\/\/www.apres-lecole.fr\/Blog\/","name":"","description":"M\u00e9dia g\u00e9n\u00e9raliste","potentialAction":[{"@type":"SearchAction","target":{"@type":"EntryPoint","urlTemplate":"https:\/\/www.apres-lecole.fr\/Blog\/?s={search_term_string}"},"query-input":{"@type":"PropertyValueSpecification","valueRequired":true,"valueName":"search_term_string"}}],"inLanguage":"fr-FR"},{"@type":"Person","@id":"https:\/\/www.apres-lecole.fr\/Blog\/#\/schema\/person\/aeb50cd4b51fc69da155804bb5bb9fc4","name":"Eva Martin","image":{"@type":"ImageObject","inLanguage":"fr-FR","@id":"https:\/\/secure.gravatar.com\/avatar\/55c53222558b27a72015a64073a80edce4abd33369394b9bf2c5cd6c19d12682?s=96&d=mm&r=g","url":"https:\/\/secure.gravatar.com\/avatar\/55c53222558b27a72015a64073a80edce4abd33369394b9bf2c5cd6c19d12682?s=96&d=mm&r=g","contentUrl":"https:\/\/secure.gravatar.com\/avatar\/55c53222558b27a72015a64073a80edce4abd33369394b9bf2c5cd6c19d12682?s=96&d=mm&r=g","caption":"Eva Martin"},"description":"Je parle de business et d'entrepreneuriat avec des conseils clairs, concrets et actionnables pour r\u00e9ussir","sameAs":["https:\/\/x.com\/Evaapresecole"],"url":"https:\/\/www.apres-lecole.fr\/Blog\/author\/evamartin\/"}]}},"views":237,"_links":{"self":[{"href":"https:\/\/www.apres-lecole.fr\/Blog\/wp-json\/wp\/v2\/posts\/2778","targetHints":{"allow":["GET"]}}],"collection":[{"href":"https:\/\/www.apres-lecole.fr\/Blog\/wp-json\/wp\/v2\/posts"}],"about":[{"href":"https:\/\/www.apres-lecole.fr\/Blog\/wp-json\/wp\/v2\/types\/post"}],"author":[{"embeddable":true,"href":"https:\/\/www.apres-lecole.fr\/Blog\/wp-json\/wp\/v2\/users\/9"}],"replies":[{"embeddable":true,"href":"https:\/\/www.apres-lecole.fr\/Blog\/wp-json\/wp\/v2\/comments?post=2778"}],"version-history":[{"count":1,"href":"https:\/\/www.apres-lecole.fr\/Blog\/wp-json\/wp\/v2\/posts\/2778\/revisions"}],"predecessor-version":[{"id":2823,"href":"https:\/\/www.apres-lecole.fr\/Blog\/wp-json\/wp\/v2\/posts\/2778\/revisions\/2823"}],"wp:featuredmedia":[{"embeddable":true,"href":"https:\/\/www.apres-lecole.fr\/Blog\/wp-json\/wp\/v2\/media\/2776"}],"wp:attachment":[{"href":"https:\/\/www.apres-lecole.fr\/Blog\/wp-json\/wp\/v2\/media?parent=2778"}],"wp:term":[{"taxonomy":"category","embeddable":true,"href":"https:\/\/www.apres-lecole.fr\/Blog\/wp-json\/wp\/v2\/categories?post=2778"},{"taxonomy":"post_tag","embeddable":true,"href":"https:\/\/www.apres-lecole.fr\/Blog\/wp-json\/wp\/v2\/tags?post=2778"}],"curies":[{"name":"wp","href":"https:\/\/api.w.org\/{rel}","templated":true}]}}