{"id":2761,"date":"2025-11-15T10:35:26","date_gmt":"2025-11-15T10:35:26","guid":{"rendered":"https:\/\/www.apres-lecole.fr\/Blog\/?p=2761"},"modified":"2026-03-08T10:13:31","modified_gmt":"2026-03-08T10:13:31","slug":"guillaume-labbe-et-sa-compagne","status":"publish","type":"post","link":"https:\/\/www.apres-lecole.fr\/Blog\/guillaume-labbe-et-sa-compagne\/","title":{"rendered":"Guillaume Labb\u00e9 en couple : ce qu&rsquo;on sait de sa compagne"},"content":{"rendered":"\n\n<div class=\"kk-star-ratings kksr-auto kksr-align-left kksr-valign-top\"\n    data-payload='{&quot;align&quot;:&quot;left&quot;,&quot;id&quot;:&quot;2761&quot;,&quot;slug&quot;:&quot;default&quot;,&quot;valign&quot;:&quot;top&quot;,&quot;ignore&quot;:&quot;&quot;,&quot;reference&quot;:&quot;auto&quot;,&quot;class&quot;:&quot;&quot;,&quot;count&quot;:&quot;1&quot;,&quot;legendonly&quot;:&quot;&quot;,&quot;readonly&quot;:&quot;&quot;,&quot;score&quot;:&quot;5&quot;,&quot;starsonly&quot;:&quot;&quot;,&quot;best&quot;:&quot;5&quot;,&quot;gap&quot;:&quot;5&quot;,&quot;greet&quot;:&quot;Rate this post&quot;,&quot;legend&quot;:&quot;5\\\/5 - (1 vote)&quot;,&quot;size&quot;:&quot;24&quot;,&quot;title&quot;:&quot;Guillaume Labb\u00e9 en couple : ce qu\\u0026#039;on sait de sa compagne&quot;,&quot;width&quot;:&quot;142.5&quot;,&quot;_legend&quot;:&quot;{score}\\\/{best} - ({count} {votes})&quot;,&quot;font_factor&quot;:&quot;1.25&quot;}'>\n            \n<div class=\"kksr-stars\">\n    \n<div class=\"kksr-stars-inactive\">\n            <div class=\"kksr-star\" data-star=\"1\" style=\"padding-right: 5px\">\n            \n\n<div class=\"kksr-icon\" style=\"width: 24px; height: 24px;\"><\/div>\n        <\/div>\n            <div class=\"kksr-star\" data-star=\"2\" style=\"padding-right: 5px\">\n            \n\n<div class=\"kksr-icon\" style=\"width: 24px; height: 24px;\"><\/div>\n        <\/div>\n            <div class=\"kksr-star\" data-star=\"3\" style=\"padding-right: 5px\">\n            \n\n<div class=\"kksr-icon\" style=\"width: 24px; height: 24px;\"><\/div>\n        <\/div>\n            <div class=\"kksr-star\" data-star=\"4\" style=\"padding-right: 5px\">\n            \n\n<div class=\"kksr-icon\" style=\"width: 24px; height: 24px;\"><\/div>\n        <\/div>\n            <div class=\"kksr-star\" data-star=\"5\" style=\"padding-right: 5px\">\n            \n\n<div class=\"kksr-icon\" style=\"width: 24px; height: 24px;\"><\/div>\n        <\/div>\n    <\/div>\n    \n<div class=\"kksr-stars-active\" style=\"width: 142.5px;\">\n            <div class=\"kksr-star\" style=\"padding-right: 5px\">\n            \n\n<div class=\"kksr-icon\" style=\"width: 24px; height: 24px;\"><\/div>\n        <\/div>\n            <div class=\"kksr-star\" style=\"padding-right: 5px\">\n            \n\n<div class=\"kksr-icon\" style=\"width: 24px; height: 24px;\"><\/div>\n        <\/div>\n            <div class=\"kksr-star\" style=\"padding-right: 5px\">\n            \n\n<div class=\"kksr-icon\" style=\"width: 24px; height: 24px;\"><\/div>\n        <\/div>\n            <div class=\"kksr-star\" style=\"padding-right: 5px\">\n            \n\n<div class=\"kksr-icon\" style=\"width: 24px; height: 24px;\"><\/div>\n        <\/div>\n            <div class=\"kksr-star\" style=\"padding-right: 5px\">\n            \n\n<div class=\"kksr-icon\" style=\"width: 24px; height: 24px;\"><\/div>\n        <\/div>\n    <\/div>\n<\/div>\n                \n\n<div class=\"kksr-legend\" style=\"font-size: 19.2px;\">\n            5\/5 - (1 vote)    <\/div>\n    <\/div>\n<p style=\"padding: 24px; background: lightblue;\">L&rsquo;essentiel \u00e0 retenir : <strong>Guillaume Labb\u00e9 est en couple<\/strong> avec son amour de jeunesse, une femme qu&rsquo;il a rencontr\u00e9e \u00e0 l&rsquo;\u00e2ge de 15 ans. Apr\u00e8s une s\u00e9paration, ils se sont retrouv\u00e9s vers leurs 24 ans et ne se sont plus quitt\u00e9s. <strong>Il est p\u00e8re de deux enfants.<\/strong> Install\u00e9 \u00e0 Bordeaux depuis quelques ann\u00e9es, il a confi\u00e9 \u00e0 Gala en 2025 : <em>\u00ab Je pense que c&rsquo;est l&rsquo;amour de ma vie. \u00bb<\/em> Sa compagne reste anonyme par choix mutuel. La rumeur qui le liait \u00e0 <strong>Delphine Wespiser a \u00e9t\u00e9 formellement d\u00e9mentie<\/strong> par l&rsquo;int\u00e9ress\u00e9e.<\/p>\n<p>Tu cherches des infos sur le couple de Guillaume Labb\u00e9 ? Tu n&rsquo;es pas seul \u2014 c&rsquo;est l&rsquo;une des questions les plus tap\u00e9es sur l&rsquo;acteur de <em>Plan C\u0153ur<\/em>, <em>Je te promets<\/em> et <em>Anaon<\/em>. Longtemps, le myst\u00e8re \u00e9tait total. Mais en 2025, \u00e0 l&rsquo;occasion de la diffusion de la s\u00e9rie <em>Anaon<\/em> sur France 2, Guillaume Labb\u00e9 a lev\u00e9 une partie du voile dans une interview accord\u00e9e \u00e0 Gala. Ce qu&rsquo;il a dit change beaucoup de choses par rapport aux articles qui circulaient jusqu&rsquo;ici.<\/p>\n<ol>\n<li><a href=\"#amour-de-jeunesse\">Un amour de jeunesse retrouv\u00e9 : la vraie histoire<\/a><\/li>\n<li><a href=\"#deux-enfants-bordeaux\">P\u00e8re de deux enfants, install\u00e9 \u00e0 Bordeaux<\/a><\/li>\n<li><a href=\"#rumeur-delphine-wespiser\">La rumeur Delphine Wespiser : origine et d\u00e9menti<\/a><\/li>\n<li><a href=\"#discretion-compagne-anonyme\">Pourquoi sa compagne reste anonyme<\/a><\/li>\n<li><a href=\"#confidences-amour\">Ses confidences sur l&rsquo;amour et l&rsquo;engagement<\/a><\/li>\n<li><a href=\"#famille-constance\">Sa s\u0153ur Constance et son clan familial<\/a><\/li>\n<li><a href=\"#ce-quon-sait\">Ce qu&rsquo;on sait vraiment : bilan en 2025-2026<\/a><\/li>\n<\/ol>\n<h2 id=\"amour-de-jeunesse\">Un amour de jeunesse retrouv\u00e9 : la vraie histoire<\/h2>\n<p>\u00c0 l&rsquo;occasion de la promotion de la s\u00e9rie <em>Anaon<\/em> sur France 2, tourn\u00e9e \u00e0 l&rsquo;\u00e9t\u00e9 2024 en Bretagne, Guillaume Labb\u00e9 s&rsquo;est confi\u00e9 \u00e0 Gala sur sa vie sentimentale avec une franchise inhabituelle. Il a r\u00e9v\u00e9l\u00e9 partager sa vie avec <strong>une femme qu&rsquo;il a connue \u00e0 l&rsquo;\u00e2ge de 15 ans<\/strong>.<\/p>\n<p>Leur histoire est tout sauf lin\u00e9aire. Apr\u00e8s une premi\u00e8re relation de jeunesse, le couple s&rsquo;est s\u00e9par\u00e9. Chacun a suivi sa route, grandi de son c\u00f4t\u00e9. Puis, vers 24 ans, ils se sont retrouv\u00e9s \u2014 et cette fois, pour de bon.<\/p>\n<blockquote><p>\u00ab On s&rsquo;est rencontr\u00e9s \u00e0 15 ans, on a v\u00e9cu une premi\u00e8re histoire tr\u00e8s belle mais assez immature, on s&rsquo;est alors s\u00e9par\u00e9s avant de se retrouver vers nos 24 ans. On a grandi chacun de notre c\u00f4t\u00e9, puis on s&rsquo;est remis ensemble avec l&rsquo;envie de ne surtout pas refaire la m\u00eame chose. \u00bb<\/p><\/blockquote>\n<p>Ce retour ensemble n&rsquo;est pas une r\u00e9p\u00e9tition de la premi\u00e8re histoire. Guillaume Labb\u00e9 d\u00e9crit une relation <strong>reconstruite sur des bases plus solides<\/strong>, plus conscientes, loin des sch\u00e9mas classiques de couple :<\/p>\n<blockquote><p>\u00ab On a r\u00e9ussi \u00e0 inventer un couple diff\u00e9rent, plus libre, moins soumis aux mod\u00e8les tout faits. Je nous trouve plus heureux, plus amoureux et plus solides. On reste en lien permanent, on parle beaucoup, on fait en sorte de se retrouver souvent aussi pour ne pas perdre le contact, surtout avec nos boulots. Je pense que c&rsquo;est l&rsquo;amour de ma vie. Je n&rsquo;ai jamais ressenti \u00e7a pour quelqu&rsquo;un d&rsquo;autre. \u00bb<\/p><\/blockquote>\n<p>C&rsquo;est probablement la d\u00e9claration la plus directe qu&rsquo;il ait jamais faite sur sa vie amoureuse. Et elle tranche radicalement avec l&rsquo;image de myst\u00e8re total que les m\u00e9dias lui avaient coll\u00e9e.<\/p>\n<h2 id=\"deux-enfants-bordeaux\">P\u00e8re de deux enfants, install\u00e9 \u00e0 Bordeaux<\/h2>\n<p>Guillaume Labb\u00e9 est aujourd&rsquo;hui p\u00e8re de <strong>deux enfants<\/strong>. Il l&rsquo;a confirm\u00e9 dans la m\u00eame interview \u00e0 Gala, avec une touche d&rsquo;humour :<\/p>\n<blockquote><p>\u00ab Deux enfants, c&rsquo;est d\u00e9j\u00e0 \u00e9norme ! \u00bb<\/p><\/blockquote>\n<p>Il confie avoir ador\u00e9 l&rsquo;id\u00e9e d&rsquo;une famille nombreuse \u2014 lui qui a grandi dans une fratrie de quatre enfants \u2014 mais reconna\u00eet les contraintes concr\u00e8tes de son m\u00e9tier :<\/p>\n<p>\u00ab J&rsquo;ai un travail qui est assez difficile pour avoir une famille entre les tournages et les horaires qui changent, ce n&rsquo;est pas \u00e9vident. Ma compagne est en freelance, donc c&rsquo;est un peu plus stable, mais il y a toute une organisation \u00e0 avoir. \u00bb<\/p>\n<p>Cette pr\u00e9cision \u2014 sa compagne travaille en <strong>freelance<\/strong> \u2014 est l&rsquo;un des rares indices publics sur son identit\u00e9. Elle n&rsquo;est pas une personnalit\u00e9 du monde du spectacle, ou du moins n&rsquo;est pas identifi\u00e9e comme telle.<\/p>\n<p>C\u00f4t\u00e9 g\u00e9ographie, Guillaume Labb\u00e9 a quitt\u00e9 Paris. <strong>Il vit \u00e0 Bordeaux depuis quelques ann\u00e9es<\/strong>, avec sa famille. En 2025, Bordeaux s&rsquo;est hiss\u00e9e au troisi\u00e8me rang des m\u00e9tropoles les plus dynamiques de France \u2014 un choix de vie qui correspond bien au profil d&rsquo;un homme qui pr\u00e9f\u00e8re l&rsquo;\u00e9quilibre \u00e0 l&rsquo;exposition permanente.<\/p>\n<h2 id=\"rumeur-delphine-wespiser\">La rumeur Delphine Wespiser : origine et d\u00e9menti<\/h2>\n<p>En juillet 2024, le blogueur <strong>Aqababe<\/strong> a publi\u00e9 sur Instagram une information non v\u00e9rifi\u00e9e affirmant que Guillaume Labb\u00e9 et l&rsquo;ancienne Miss France <strong>Delphine Wespiser<\/strong> seraient en couple. La rumeur a circul\u00e9 rapidement dans les m\u00e9dias people, sans aucune preuve photographique ni t\u00e9moignage sourc\u00e9.<\/p>\n<div style=\"overflow:auto;max-width:100%\">\n<table>\n<thead>\n<tr>\n<th>Ce que la rumeur affirmait<\/th>\n<th>Ce que les faits \u00e9tablissent<\/th>\n<\/tr>\n<\/thead>\n<tbody>\n<tr>\n<td>Guillaume Labb\u00e9 et Delphine Wespiser seraient en couple (source : blogueur Aqababe, juillet 2024)<\/td>\n<td>Delphine Wespiser a formellement d\u00e9menti : <strong>\u00ab C&rsquo;est faux \u00bb<\/strong>. Elle a confirm\u00e9 \u00eatre heureuse en amour, mais avec quelqu&rsquo;un d&rsquo;autre, dont elle tient l&rsquo;identit\u00e9 secr\u00e8te.<\/td>\n<\/tr>\n<tr>\n<td>Aucune photo de couple, aucun t\u00e9moignage direct, aucune apparition publique ensemble<\/td>\n<td>Guillaume Labb\u00e9 n&rsquo;a pas comment\u00e9 la rumeur. Sa compagne r\u00e9elle est son amour de jeunesse, confirm\u00e9e par lui-m\u00eame dans Gala en 2025.<\/td>\n<\/tr>\n<\/tbody>\n<\/table>\n<\/div>\n<p>Cette rumeur illustre un ph\u00e9nom\u00e8ne classique : le vide d&rsquo;informations sur la vie priv\u00e9e d&rsquo;une personnalit\u00e9 publique attire les sp\u00e9culations. Pendant des ann\u00e9es, le silence de Guillaume Labb\u00e9 sur sa vie amoureuse a laiss\u00e9 le champ libre \u00e0 toutes les hypoth\u00e8ses. L&rsquo;interview de 2025 \u00e0 Gala a d\u00e9finitivement clos ce chapitre.<\/p>\n<h2 id=\"discretion-compagne-anonyme\">Pourquoi sa compagne reste anonyme<\/h2>\n<p>Malgr\u00e9 les r\u00e9v\u00e9lations de 2025, <strong>l&rsquo;identit\u00e9 de la compagne de Guillaume Labb\u00e9 n&rsquo;a pas \u00e9t\u00e9 divulgu\u00e9e<\/strong>. Pas de pr\u00e9nom, pas de photo, pas de profession pr\u00e9cise au-del\u00e0 du statut de freelance. Ce choix est d\u00e9lib\u00e9r\u00e9 et partag\u00e9 par les deux membres du couple.<\/p>\n<p>Sur Instagram, o\u00f9 il compte plus de 200 000 abonn\u00e9s, Guillaume Labb\u00e9 ne publie que des contenus li\u00e9s \u00e0 sa carri\u00e8re : photos de tournage, projets en cours, sport. Aucune photo de sa compagne, aucun clich\u00e9 familial. Aux \u00e9v\u00e9nements publics \u2014 Cannes, C\u00e9sar, avant-premi\u00e8res \u2014 il se pr\u00e9sente seul, syst\u00e9matiquement.<\/p>\n<p>Ce n&rsquo;est pas une strat\u00e9gie de communication calcul\u00e9e dans le sens manipulatoire du terme. C&rsquo;est <strong>une philosophie de vie<\/strong>, confirm\u00e9e par ses propres mots :<\/p>\n<blockquote><p>\u00ab Prot\u00e9ger ma vie priv\u00e9e, ce n&rsquo;est pas un caprice. C&rsquo;est une n\u00e9cessit\u00e9 pour garder les pieds sur terre et pour que le public se concentre sur mon travail d&rsquo;acteur. \u00bb<\/p><\/blockquote>\n<p>Dans le paysage audiovisuel fran\u00e7ais, cette posture n&rsquo;est pas isol\u00e9e. Des acteurs comme Romain Duris, Camille Cottin ou Virginie Efira adoptent la m\u00eame approche. Mais Guillaume Labb\u00e9 la pousse plus loin que la plupart : il n&rsquo;a accord\u00e9 aucune interview sur sa vie amoureuse pendant des ann\u00e9es, et quand il l&rsquo;a fait, il n&rsquo;a r\u00e9v\u00e9l\u00e9 que ce qu&rsquo;il voulait r\u00e9v\u00e9ler.<\/p>\n<h2 id=\"confidences-amour\">Ses confidences sur l&rsquo;amour et l&rsquo;engagement<\/h2>\n<p>Avant l&rsquo;interview de Gala en 2025, Guillaume Labb\u00e9 avait d\u00e9j\u00e0 livr\u00e9 quelques indices sur son rapport \u00e0 l&rsquo;amour. En septembre 2021, dans <em>T\u00e9l\u00e9 7 Jours<\/em>, il \u00e9voquait une relation tumultueuse de jeunesse :<\/p>\n<p>\u00ab Tr\u00e8s jeune, j&rsquo;ai \u00e9t\u00e9 en couple avec une fille que j&rsquo;ai quitt\u00e9e plusieurs fois. Le jour o\u00f9 j&rsquo;ai voulu la r\u00e9cup\u00e9rer pour de bon, il m&rsquo;a fallu lui prouver pendant des mois que j&rsquo;avais chang\u00e9. Ce fut un long combat pour regagner sa confiance. \u00bb<\/p>\n<p>R\u00e9trospectivement, ce t\u00e9moignage prend un sens nouveau : c&rsquo;est vraisemblablement de cette m\u00eame femme qu&rsquo;il parle \u2014 son amour de jeunesse, avec qui il s&rsquo;est s\u00e9par\u00e9 plusieurs fois avant de se retrouver d\u00e9finitivement.<\/p>\n<p>En f\u00e9vrier 2022, dans <em>Elle<\/em>, il exprimait son d\u00e9sir de paternit\u00e9 : \u00ab J&rsquo;ai tr\u00e8s envie d&rsquo;\u00eatre papa. C&rsquo;est quelque chose qui me tient \u00e0 c\u0153ur depuis longtemps. \u00bb \u00c0 l&rsquo;\u00e9poque, beaucoup avaient interpr\u00e9t\u00e9 cette d\u00e9claration comme celle d&rsquo;un homme seul qui r\u00eavait d&rsquo;une famille. En r\u00e9alit\u00e9, il \u00e9tait sans doute d\u00e9j\u00e0 en couple stable et p\u00e8re en devenir.<\/p>\n<h2 id=\"famille-constance\">Sa s\u0153ur Constance et son clan familial<\/h2>\n<p>Guillaume Labb\u00e9, n\u00e9 le <strong>26 janvier 1983 \u00e0 Paris<\/strong>, est le troisi\u00e8me d&rsquo;une fratrie de quatre enfants. Sa s\u0153ur <strong>Constance Labb\u00e9<\/strong>, n\u00e9e en 1988, est \u00e9galement actrice \u2014 connue pour <em>Cat&rsquo;s Eyes<\/em>, <em>Camping Paradis<\/em> et pour avoir tourn\u00e9 avec son fr\u00e8re dans <em>L&rsquo;\u00e9cole de la vie<\/em> (2021).<\/p>\n<p>Les deux fr\u00e8re et s\u0153ur entretiennent une complicit\u00e9 forte, que Guillaume reconna\u00eet avec une pudeur touchante : \u00ab Je ne peux pas tricher devant elle. \u00bb Constance Labb\u00e9 est en couple avec <strong>Tom Leeb<\/strong>, chanteur et acteur, depuis 2021.<\/p>\n<p>Avant sa carri\u00e8re d&rsquo;acteur, Guillaume Labb\u00e9 a \u00e9t\u00e9 <strong>rugbyman de haut niveau<\/strong> : espoir du Stade Fran\u00e7ais de 1999 \u00e0 2002, il a ensuite jou\u00e9 au RC Suresnes jusqu&rsquo;en 2007, et repr\u00e9sent\u00e9 l&rsquo;\u00e9quipe de France Espoirs entre 2000 et 2005. Il a \u00e9galement particip\u00e9 aux calendriers <em>Les Dieux du Stade<\/em> en 2003 et 2004. C&rsquo;est apr\u00e8s ce parcours sportif qu&rsquo;il part se former \u00e0 New York, \u00e0 l&rsquo;\u00e9cole de th\u00e9\u00e2tre HB Studio, avant de revenir en France pour construire sa carri\u00e8re d&rsquo;acteur.<\/p>\n<h2 id=\"ce-quon-sait\">Ce qu&rsquo;on sait vraiment : bilan en 2025-2026<\/h2>\n<p>Voici un r\u00e9capitulatif factuel de tout ce qui est confirm\u00e9 ou d\u00e9menti sur la vie amoureuse de Guillaume Labb\u00e9 :<\/p>\n<div style=\"overflow:auto;max-width:100%\">\n<table>\n<thead>\n<tr>\n<th>Question<\/th>\n<th>R\u00e9ponse v\u00e9rifi\u00e9e<\/th>\n<th>Source<\/th>\n<\/tr>\n<\/thead>\n<tbody>\n<tr>\n<td>Est-il en couple ?<\/td>\n<td><strong>Oui<\/strong>, avec son amour de jeunesse<\/td>\n<td>Gala, 2025<\/td>\n<\/tr>\n<tr>\n<td>A-t-il des enfants ?<\/td>\n<td><strong>Oui<\/strong>, deux enfants<\/td>\n<td>Gala, 2025<\/td>\n<\/tr>\n<tr>\n<td>O\u00f9 vit-il ?<\/td>\n<td><strong>Bordeaux<\/strong> depuis quelques ann\u00e9es<\/td>\n<td>Purepeople, 2026<\/td>\n<\/tr>\n<tr>\n<td>Qui est sa compagne ?<\/td>\n<td>Anonyme, travaille en freelance, connue depuis l&rsquo;enfance<\/td>\n<td>Gala, 2025<\/td>\n<\/tr>\n<tr>\n<td>Rumeur avec Delphine Wespiser ?<\/td>\n<td><strong>Fausse<\/strong>, d\u00e9mentie par Delphine Wespiser<\/td>\n<td>Public, juillet 2024<\/td>\n<\/tr>\n<tr>\n<td>A-t-il \u00e9t\u00e9 mari\u00e9 ?<\/td>\n<td>Aucune information publique ne le confirme<\/td>\n<td>\u2014<\/td>\n<\/tr>\n<\/tbody>\n<\/table>\n<\/div>\n<p>Ce que l&rsquo;interview de Gala 2025 r\u00e9v\u00e8le surtout, c&rsquo;est que Guillaume Labb\u00e9 n&rsquo;a jamais \u00e9t\u00e9 myst\u00e9rieux par calcul \u2014 il l&rsquo;a \u00e9t\u00e9 par conviction. Et quand il a choisi de parler, il l&rsquo;a fait avec une sinc\u00e9rit\u00e9 d\u00e9sarmante, sans chercher \u00e0 alimenter la curiosit\u00e9 ni \u00e0 en faire un outil de communication.<\/p>\n<h2>FAQ<\/h2>\n<h3>Guillaume Labb\u00e9 est-il en couple ?<\/h3>\n<p>Oui. Guillaume Labb\u00e9 a confirm\u00e9 en 2025, dans une interview \u00e0 Gala, \u00eatre en couple avec son amour de jeunesse \u2014 une femme qu&rsquo;il a rencontr\u00e9e \u00e0 15 ans. Apr\u00e8s une s\u00e9paration, ils se sont retrouv\u00e9s vers l&rsquo;\u00e2ge de 24 ans et sont rest\u00e9s ensemble depuis. Il a d\u00e9clar\u00e9 : \u00ab Je pense que c&rsquo;est l&rsquo;amour de ma vie. \u00bb<\/p>\n<h3>Qui est la compagne de Guillaume Labb\u00e9 ?<\/h3>\n<p>Son identit\u00e9 n&rsquo;a pas \u00e9t\u00e9 rendue publique. Guillaume Labb\u00e9 a seulement pr\u00e9cis\u00e9 qu&rsquo;elle travaille en freelance et qu&rsquo;ils se sont connus \u00e0 l&rsquo;adolescence. Aucun pr\u00e9nom ni aucune photo n&rsquo;ont \u00e9t\u00e9 divulgu\u00e9s, conform\u00e9ment au choix de discr\u00e9tion du couple.<\/p>\n<h3>Guillaume Labb\u00e9 a-t-il des enfants ?<\/h3>\n<p>Oui, il est p\u00e8re de deux enfants. Il l&rsquo;a confirm\u00e9 dans Gala en 2025, ajoutant en plaisantant : \u00ab Deux enfants, c&rsquo;est d\u00e9j\u00e0 \u00e9norme ! \u00bb<\/p>\n<h3>O\u00f9 vit Guillaume Labb\u00e9 ?<\/h3>\n<p>Il a quitt\u00e9 Paris et s&rsquo;est install\u00e9 \u00e0 Bordeaux depuis quelques ann\u00e9es, avec sa compagne et ses enfants.<\/p>\n<h3>Est-ce que Guillaume Labb\u00e9 et Delphine Wespiser ont \u00e9t\u00e9 en couple ?<\/h3>\n<p>Non. Cette rumeur a \u00e9t\u00e9 lanc\u00e9e en juillet 2024 par le blogueur Aqababe sur Instagram, sans aucune preuve. Delphine Wespiser a formellement d\u00e9menti : \u00ab C&rsquo;est faux. \u00bb Elle a pr\u00e9cis\u00e9 \u00eatre en couple mais avec quelqu&rsquo;un d&rsquo;autre, dont elle tient l&rsquo;identit\u00e9 secr\u00e8te.<\/p>\n<h3>Pourquoi Guillaume Labb\u00e9 ne parle-t-il jamais de sa vie priv\u00e9e ?<\/h3>\n<p>C&rsquo;est un choix d\u00e9lib\u00e9r\u00e9, qu&rsquo;il a lui-m\u00eame expliqu\u00e9 : \u00ab Prot\u00e9ger ma vie priv\u00e9e, ce n&rsquo;est pas un caprice. C&rsquo;est une n\u00e9cessit\u00e9 pour garder les pieds sur terre et pour que le public se concentre sur mon travail d&rsquo;acteur. \u00bb Sur Instagram comme dans ses apparitions publiques, il s\u00e9pare strictement vie professionnelle et vie personnelle.<\/p>\n<h3>Dans quelles s\u00e9ries joue Guillaume Labb\u00e9 ?<\/h3>\n<p>Guillaume Labb\u00e9 est notamment connu pour <em>Plan C\u0153ur<\/em> (Netflix, 2018-2022), <em>Je te promets<\/em> (TF1, adaptation de <em>This Is Us<\/em>), <em>Parall\u00e8les<\/em> (Disney+, 2022), <em>L&rsquo;\u00e9cole de la vie<\/em> (2021) et plus r\u00e9cemment <em>Anaon<\/em> (France 2, 2025), une s\u00e9rie fantastique tourn\u00e9e en Bretagne.<\/p>\n<p><script type=\"application\/ld+json\">\n[\n  {\n    \"@context\": \"https:\/\/schema.org\",\n    \"@type\": \"Article\",\n    \"headline\": \"Guillaume Labb\u00e9 en couple : ce qu'on sait de sa compagne\",\n    \"description\": \"Guillaume Labb\u00e9 est en couple avec son amour de jeunesse. P\u00e8re de deux enfants, install\u00e9 \u00e0 Bordeaux. Ce qu'il a confi\u00e9 \u00e0 Gala en 2025, la rumeur Delphine Wespiser d\u00e9mentie.\",\n    \"inLanguage\": \"fr\",\n    \"about\": {\n      \"@type\": \"Person\",\n      \"name\": \"Guillaume Labb\u00e9\",\n      \"birthDate\": \"1983-01-26\",\n      \"birthPlace\": \"Paris, France\",\n      \"description\": \"Acteur fran\u00e7ais, ancien rugbyman, connu pour Plan C\u0153ur, Je te promets, Anaon\"\n    },\n    \"articleSection\": [\n      \"Un amour de jeunesse retrouv\u00e9\",\n      \"P\u00e8re de deux enfants, install\u00e9 \u00e0 Bordeaux\",\n      \"La rumeur Delphine Wespiser\",\n      \"Pourquoi sa compagne reste anonyme\",\n      \"Ses confidences sur l'amour\",\n      \"Sa s\u0153ur Constance et son clan familial\",\n      \"Bilan 2025-2026\"\n    ]\n  },\n  {\n    \"@context\": \"https:\/\/schema.org\",\n    \"@type\": \"FAQPage\",\n    \"mainEntity\": [\n      {\n        \"@type\": \"Question\",\n        \"name\": \"Guillaume Labb\u00e9 est-il en couple ?\",\n        \"acceptedAnswer\": {\n          \"@type\": \"Answer\",\n          \"text\": \"Oui. Guillaume Labb\u00e9 a confirm\u00e9 en 2025 dans Gala \u00eatre en couple avec son amour de jeunesse, une femme rencontr\u00e9e \u00e0 15 ans. Il a d\u00e9clar\u00e9 : \u00ab Je pense que c'est l'amour de ma vie. \u00bb\"\n        }\n      },\n      {\n        \"@type\": \"Question\",\n        \"name\": \"Qui est la compagne de Guillaume Labb\u00e9 ?\",\n        \"acceptedAnswer\": {\n          \"@type\": \"Answer\",\n          \"text\": \"Son identit\u00e9 n'a pas \u00e9t\u00e9 rendue publique. Elle travaille en freelance et ils se sont connus \u00e0 l'adolescence. Aucun pr\u00e9nom ni photo n'ont \u00e9t\u00e9 divulgu\u00e9s.\"\n        }\n      },\n      {\n        \"@type\": \"Question\",\n        \"name\": \"Guillaume Labb\u00e9 a-t-il des enfants ?\",\n        \"acceptedAnswer\": {\n          \"@type\": \"Answer\",\n          \"text\": \"Oui, il est p\u00e8re de deux enfants, confirm\u00e9 dans Gala en 2025.\"\n        }\n      },\n      {\n        \"@type\": \"Question\",\n        \"name\": \"O\u00f9 vit Guillaume Labb\u00e9 ?\",\n        \"acceptedAnswer\": {\n          \"@type\": \"Answer\",\n          \"text\": \"Il s'est install\u00e9 \u00e0 Bordeaux depuis quelques ann\u00e9es, avec sa compagne et ses enfants.\"\n        }\n      },\n      {\n        \"@type\": \"Question\",\n        \"name\": \"Est-ce que Guillaume Labb\u00e9 et Delphine Wespiser ont \u00e9t\u00e9 en couple ?\",\n        \"acceptedAnswer\": {\n          \"@type\": \"Answer\",\n          \"text\": \"Non. Cette rumeur lanc\u00e9e en juillet 2024 par le blogueur Aqababe a \u00e9t\u00e9 formellement d\u00e9mentie par Delphine Wespiser : \u00ab C'est faux. \u00bb\"\n        }\n      },\n      {\n        \"@type\": \"Question\",\n        \"name\": \"Pourquoi Guillaume Labb\u00e9 ne parle-t-il jamais de sa vie priv\u00e9e ?\",\n        \"acceptedAnswer\": {\n          \"@type\": \"Answer\",\n          \"text\": \"C'est un choix d\u00e9lib\u00e9r\u00e9 qu'il a expliqu\u00e9 : \u00ab Prot\u00e9ger ma vie priv\u00e9e, ce n'est pas un caprice. C'est une n\u00e9cessit\u00e9 pour garder les pieds sur terre et pour que le public se concentre sur mon travail. \u00bb\"\n        }\n      },\n      {\n        \"@type\": \"Question\",\n        \"name\": \"Dans quelles s\u00e9ries joue Guillaume Labb\u00e9 ?\",\n        \"acceptedAnswer\": {\n          \"@type\": \"Answer\",\n          \"text\": \"Plan C\u0153ur (Netflix), Je te promets (TF1), Parall\u00e8les (Disney+), L'\u00e9cole de la vie, et Anaon (France 2, 2025).\"\n        }\n      }\n    ]\n  }\n]\n<\/script><\/p>\n<p><\/body><br \/>\n<\/html><\/p>\n","protected":false},"excerpt":{"rendered":"<p>L&rsquo;essentiel \u00e0 retenir : Guillaume Labb\u00e9 est en couple avec son amour de jeunesse, une femme qu&rsquo;il a rencontr\u00e9e \u00e0 l&rsquo;\u00e2ge de 15 ans. Apr\u00e8s une s\u00e9paration, ils se sont retrouv\u00e9s vers leurs 24 ans et ne se sont plus quitt\u00e9s. Il est p\u00e8re de deux enfants. Install\u00e9 \u00e0 Bordeaux depuis quelques ann\u00e9es, il a &#8230; <a title=\"Guillaume Labb\u00e9 en couple : ce qu&rsquo;on sait de sa compagne\" class=\"read-more\" href=\"https:\/\/www.apres-lecole.fr\/Blog\/guillaume-labbe-et-sa-compagne\/\" aria-label=\"En savoir plus sur Guillaume Labb\u00e9 en couple : ce qu&rsquo;on sait de sa compagne\">Lire plus<\/a><\/p>\n","protected":false},"author":9,"featured_media":3824,"comment_status":"open","ping_status":"open","sticky":false,"template":"","format":"standard","meta":{"footnotes":""},"categories":[1848],"tags":[],"class_list":["post-2761","post","type-post","status-publish","format-standard","has-post-thumbnail","hentry","category-tendance"],"yoast_head":"<!-- This site is optimized with the Yoast SEO plugin v27.5 - https:\/\/yoast.com\/product\/yoast-seo-wordpress\/ -->\n<title>Guillaume labb\u00e9 et sa compagne<\/title>\n<meta name=\"robots\" content=\"index, follow, max-snippet:-1, max-image-preview:large, max-video-preview:-1\" \/>\n<link rel=\"canonical\" href=\"https:\/\/www.apres-lecole.fr\/Blog\/guillaume-labbe-et-sa-compagne\/\" \/>\n<meta property=\"og:locale\" content=\"fr_FR\" \/>\n<meta property=\"og:type\" content=\"article\" \/>\n<meta property=\"og:title\" content=\"Guillaume labb\u00e9 et sa compagne\" \/>\n<meta property=\"og:description\" content=\"L&rsquo;essentiel \u00e0 retenir : Guillaume Labb\u00e9 est en couple avec son amour de jeunesse, une femme qu&rsquo;il a rencontr\u00e9e \u00e0 l&rsquo;\u00e2ge de 15 ans. Apr\u00e8s une s\u00e9paration, ils se sont retrouv\u00e9s vers leurs 24 ans et ne se sont plus quitt\u00e9s. Il est p\u00e8re de deux enfants. Install\u00e9 \u00e0 Bordeaux depuis quelques ann\u00e9es, il a ... Lire plus\" \/>\n<meta property=\"og:url\" content=\"https:\/\/www.apres-lecole.fr\/Blog\/guillaume-labbe-et-sa-compagne\/\" \/>\n<meta property=\"article:published_time\" content=\"2025-11-15T10:35:26+00:00\" \/>\n<meta property=\"article:modified_time\" content=\"2026-03-08T10:13:31+00:00\" \/>\n<meta property=\"og:image\" content=\"https:\/\/www.apres-lecole.fr\/Blog\/wp-content\/uploads\/2025\/11\/ChatGPT-Image-8-mars-2026-11_13_17.jpg\" \/>\n\t<meta property=\"og:image:width\" content=\"1536\" \/>\n\t<meta property=\"og:image:height\" content=\"1024\" \/>\n\t<meta property=\"og:image:type\" content=\"image\/jpeg\" \/>\n<meta name=\"author\" content=\"Eva Martin\" \/>\n<meta name=\"twitter:card\" content=\"summary_large_image\" \/>\n<meta name=\"twitter:creator\" content=\"@Evaapresecole\" \/>\n<meta name=\"twitter:label1\" content=\"\u00c9crit par\" \/>\n\t<meta name=\"twitter:data1\" content=\"Eva Martin\" \/>\n\t<meta name=\"twitter:label2\" content=\"Dur\u00e9e de lecture estim\u00e9e\" \/>\n\t<meta name=\"twitter:data2\" content=\"9 minutes\" \/>\n<script type=\"application\/ld+json\" class=\"yoast-schema-graph\">{\"@context\":\"https:\\\/\\\/schema.org\",\"@graph\":[{\"@type\":\"Article\",\"@id\":\"https:\\\/\\\/www.apres-lecole.fr\\\/Blog\\\/guillaume-labbe-et-sa-compagne\\\/#article\",\"isPartOf\":{\"@id\":\"https:\\\/\\\/www.apres-lecole.fr\\\/Blog\\\/guillaume-labbe-et-sa-compagne\\\/\"},\"author\":{\"name\":\"Eva Martin\",\"@id\":\"https:\\\/\\\/www.apres-lecole.fr\\\/Blog\\\/#\\\/schema\\\/person\\\/aeb50cd4b51fc69da155804bb5bb9fc4\"},\"headline\":\"Guillaume Labb\u00e9 en couple : ce qu&rsquo;on sait de sa compagne\",\"datePublished\":\"2025-11-15T10:35:26+00:00\",\"dateModified\":\"2026-03-08T10:13:31+00:00\",\"mainEntityOfPage\":{\"@id\":\"https:\\\/\\\/www.apres-lecole.fr\\\/Blog\\\/guillaume-labbe-et-sa-compagne\\\/\"},\"wordCount\":2104,\"commentCount\":0,\"image\":{\"@id\":\"https:\\\/\\\/www.apres-lecole.fr\\\/Blog\\\/guillaume-labbe-et-sa-compagne\\\/#primaryimage\"},\"thumbnailUrl\":\"https:\\\/\\\/www.apres-lecole.fr\\\/Blog\\\/wp-content\\\/uploads\\\/2025\\\/11\\\/ChatGPT-Image-8-mars-2026-11_13_17.jpg\",\"articleSection\":[\"Tendance\"],\"inLanguage\":\"fr-FR\",\"potentialAction\":[{\"@type\":\"CommentAction\",\"name\":\"Comment\",\"target\":[\"https:\\\/\\\/www.apres-lecole.fr\\\/Blog\\\/guillaume-labbe-et-sa-compagne\\\/#respond\"]}]},{\"@type\":\"WebPage\",\"@id\":\"https:\\\/\\\/www.apres-lecole.fr\\\/Blog\\\/guillaume-labbe-et-sa-compagne\\\/\",\"url\":\"https:\\\/\\\/www.apres-lecole.fr\\\/Blog\\\/guillaume-labbe-et-sa-compagne\\\/\",\"name\":\"Guillaume labb\u00e9 et sa compagne\",\"isPartOf\":{\"@id\":\"https:\\\/\\\/www.apres-lecole.fr\\\/Blog\\\/#website\"},\"primaryImageOfPage\":{\"@id\":\"https:\\\/\\\/www.apres-lecole.fr\\\/Blog\\\/guillaume-labbe-et-sa-compagne\\\/#primaryimage\"},\"image\":{\"@id\":\"https:\\\/\\\/www.apres-lecole.fr\\\/Blog\\\/guillaume-labbe-et-sa-compagne\\\/#primaryimage\"},\"thumbnailUrl\":\"https:\\\/\\\/www.apres-lecole.fr\\\/Blog\\\/wp-content\\\/uploads\\\/2025\\\/11\\\/ChatGPT-Image-8-mars-2026-11_13_17.jpg\",\"datePublished\":\"2025-11-15T10:35:26+00:00\",\"dateModified\":\"2026-03-08T10:13:31+00:00\",\"author\":{\"@id\":\"https:\\\/\\\/www.apres-lecole.fr\\\/Blog\\\/#\\\/schema\\\/person\\\/aeb50cd4b51fc69da155804bb5bb9fc4\"},\"breadcrumb\":{\"@id\":\"https:\\\/\\\/www.apres-lecole.fr\\\/Blog\\\/guillaume-labbe-et-sa-compagne\\\/#breadcrumb\"},\"inLanguage\":\"fr-FR\",\"potentialAction\":[{\"@type\":\"ReadAction\",\"target\":[\"https:\\\/\\\/www.apres-lecole.fr\\\/Blog\\\/guillaume-labbe-et-sa-compagne\\\/\"]}]},{\"@type\":\"ImageObject\",\"inLanguage\":\"fr-FR\",\"@id\":\"https:\\\/\\\/www.apres-lecole.fr\\\/Blog\\\/guillaume-labbe-et-sa-compagne\\\/#primaryimage\",\"url\":\"https:\\\/\\\/www.apres-lecole.fr\\\/Blog\\\/wp-content\\\/uploads\\\/2025\\\/11\\\/ChatGPT-Image-8-mars-2026-11_13_17.jpg\",\"contentUrl\":\"https:\\\/\\\/www.apres-lecole.fr\\\/Blog\\\/wp-content\\\/uploads\\\/2025\\\/11\\\/ChatGPT-Image-8-mars-2026-11_13_17.jpg\",\"width\":1536,\"height\":1024,\"caption\":\"Guillaume Labb\u00e9 en couple\"},{\"@type\":\"BreadcrumbList\",\"@id\":\"https:\\\/\\\/www.apres-lecole.fr\\\/Blog\\\/guillaume-labbe-et-sa-compagne\\\/#breadcrumb\",\"itemListElement\":[{\"@type\":\"ListItem\",\"position\":1,\"name\":\"Home\",\"item\":\"https:\\\/\\\/www.apres-lecole.fr\\\/Blog\\\/\"},{\"@type\":\"ListItem\",\"position\":2,\"name\":\"Guillaume Labb\u00e9 en couple : ce qu&rsquo;on sait de sa compagne\"}]},{\"@type\":\"WebSite\",\"@id\":\"https:\\\/\\\/www.apres-lecole.fr\\\/Blog\\\/#website\",\"url\":\"https:\\\/\\\/www.apres-lecole.fr\\\/Blog\\\/\",\"name\":\"\",\"description\":\"M\u00e9dia g\u00e9n\u00e9raliste\",\"potentialAction\":[{\"@type\":\"SearchAction\",\"target\":{\"@type\":\"EntryPoint\",\"urlTemplate\":\"https:\\\/\\\/www.apres-lecole.fr\\\/Blog\\\/?s={search_term_string}\"},\"query-input\":{\"@type\":\"PropertyValueSpecification\",\"valueRequired\":true,\"valueName\":\"search_term_string\"}}],\"inLanguage\":\"fr-FR\"},{\"@type\":\"Person\",\"@id\":\"https:\\\/\\\/www.apres-lecole.fr\\\/Blog\\\/#\\\/schema\\\/person\\\/aeb50cd4b51fc69da155804bb5bb9fc4\",\"name\":\"Eva Martin\",\"image\":{\"@type\":\"ImageObject\",\"inLanguage\":\"fr-FR\",\"@id\":\"https:\\\/\\\/secure.gravatar.com\\\/avatar\\\/55c53222558b27a72015a64073a80edce4abd33369394b9bf2c5cd6c19d12682?s=96&d=mm&r=g\",\"url\":\"https:\\\/\\\/secure.gravatar.com\\\/avatar\\\/55c53222558b27a72015a64073a80edce4abd33369394b9bf2c5cd6c19d12682?s=96&d=mm&r=g\",\"contentUrl\":\"https:\\\/\\\/secure.gravatar.com\\\/avatar\\\/55c53222558b27a72015a64073a80edce4abd33369394b9bf2c5cd6c19d12682?s=96&d=mm&r=g\",\"caption\":\"Eva Martin\"},\"description\":\"Je parle de business et d'entrepreneuriat avec des conseils clairs, concrets et actionnables pour r\u00e9ussir\",\"sameAs\":[\"https:\\\/\\\/x.com\\\/Evaapresecole\"],\"url\":\"https:\\\/\\\/www.apres-lecole.fr\\\/Blog\\\/author\\\/evamartin\\\/\"}]}<\/script>\n<!-- \/ Yoast SEO plugin. -->","yoast_head_json":{"title":"Guillaume labb\u00e9 et sa compagne","robots":{"index":"index","follow":"follow","max-snippet":"max-snippet:-1","max-image-preview":"max-image-preview:large","max-video-preview":"max-video-preview:-1"},"canonical":"https:\/\/www.apres-lecole.fr\/Blog\/guillaume-labbe-et-sa-compagne\/","og_locale":"fr_FR","og_type":"article","og_title":"Guillaume labb\u00e9 et sa compagne","og_description":"L&rsquo;essentiel \u00e0 retenir : Guillaume Labb\u00e9 est en couple avec son amour de jeunesse, une femme qu&rsquo;il a rencontr\u00e9e \u00e0 l&rsquo;\u00e2ge de 15 ans. Apr\u00e8s une s\u00e9paration, ils se sont retrouv\u00e9s vers leurs 24 ans et ne se sont plus quitt\u00e9s. Il est p\u00e8re de deux enfants. Install\u00e9 \u00e0 Bordeaux depuis quelques ann\u00e9es, il a ... Lire plus","og_url":"https:\/\/www.apres-lecole.fr\/Blog\/guillaume-labbe-et-sa-compagne\/","article_published_time":"2025-11-15T10:35:26+00:00","article_modified_time":"2026-03-08T10:13:31+00:00","og_image":[{"width":1536,"height":1024,"url":"https:\/\/www.apres-lecole.fr\/Blog\/wp-content\/uploads\/2025\/11\/ChatGPT-Image-8-mars-2026-11_13_17.jpg","type":"image\/jpeg"}],"author":"Eva Martin","twitter_card":"summary_large_image","twitter_creator":"@Evaapresecole","twitter_misc":{"\u00c9crit par":"Eva Martin","Dur\u00e9e de lecture estim\u00e9e":"9 minutes"},"schema":{"@context":"https:\/\/schema.org","@graph":[{"@type":"Article","@id":"https:\/\/www.apres-lecole.fr\/Blog\/guillaume-labbe-et-sa-compagne\/#article","isPartOf":{"@id":"https:\/\/www.apres-lecole.fr\/Blog\/guillaume-labbe-et-sa-compagne\/"},"author":{"name":"Eva Martin","@id":"https:\/\/www.apres-lecole.fr\/Blog\/#\/schema\/person\/aeb50cd4b51fc69da155804bb5bb9fc4"},"headline":"Guillaume Labb\u00e9 en couple : ce qu&rsquo;on sait de sa compagne","datePublished":"2025-11-15T10:35:26+00:00","dateModified":"2026-03-08T10:13:31+00:00","mainEntityOfPage":{"@id":"https:\/\/www.apres-lecole.fr\/Blog\/guillaume-labbe-et-sa-compagne\/"},"wordCount":2104,"commentCount":0,"image":{"@id":"https:\/\/www.apres-lecole.fr\/Blog\/guillaume-labbe-et-sa-compagne\/#primaryimage"},"thumbnailUrl":"https:\/\/www.apres-lecole.fr\/Blog\/wp-content\/uploads\/2025\/11\/ChatGPT-Image-8-mars-2026-11_13_17.jpg","articleSection":["Tendance"],"inLanguage":"fr-FR","potentialAction":[{"@type":"CommentAction","name":"Comment","target":["https:\/\/www.apres-lecole.fr\/Blog\/guillaume-labbe-et-sa-compagne\/#respond"]}]},{"@type":"WebPage","@id":"https:\/\/www.apres-lecole.fr\/Blog\/guillaume-labbe-et-sa-compagne\/","url":"https:\/\/www.apres-lecole.fr\/Blog\/guillaume-labbe-et-sa-compagne\/","name":"Guillaume labb\u00e9 et sa compagne","isPartOf":{"@id":"https:\/\/www.apres-lecole.fr\/Blog\/#website"},"primaryImageOfPage":{"@id":"https:\/\/www.apres-lecole.fr\/Blog\/guillaume-labbe-et-sa-compagne\/#primaryimage"},"image":{"@id":"https:\/\/www.apres-lecole.fr\/Blog\/guillaume-labbe-et-sa-compagne\/#primaryimage"},"thumbnailUrl":"https:\/\/www.apres-lecole.fr\/Blog\/wp-content\/uploads\/2025\/11\/ChatGPT-Image-8-mars-2026-11_13_17.jpg","datePublished":"2025-11-15T10:35:26+00:00","dateModified":"2026-03-08T10:13:31+00:00","author":{"@id":"https:\/\/www.apres-lecole.fr\/Blog\/#\/schema\/person\/aeb50cd4b51fc69da155804bb5bb9fc4"},"breadcrumb":{"@id":"https:\/\/www.apres-lecole.fr\/Blog\/guillaume-labbe-et-sa-compagne\/#breadcrumb"},"inLanguage":"fr-FR","potentialAction":[{"@type":"ReadAction","target":["https:\/\/www.apres-lecole.fr\/Blog\/guillaume-labbe-et-sa-compagne\/"]}]},{"@type":"ImageObject","inLanguage":"fr-FR","@id":"https:\/\/www.apres-lecole.fr\/Blog\/guillaume-labbe-et-sa-compagne\/#primaryimage","url":"https:\/\/www.apres-lecole.fr\/Blog\/wp-content\/uploads\/2025\/11\/ChatGPT-Image-8-mars-2026-11_13_17.jpg","contentUrl":"https:\/\/www.apres-lecole.fr\/Blog\/wp-content\/uploads\/2025\/11\/ChatGPT-Image-8-mars-2026-11_13_17.jpg","width":1536,"height":1024,"caption":"Guillaume Labb\u00e9 en couple"},{"@type":"BreadcrumbList","@id":"https:\/\/www.apres-lecole.fr\/Blog\/guillaume-labbe-et-sa-compagne\/#breadcrumb","itemListElement":[{"@type":"ListItem","position":1,"name":"Home","item":"https:\/\/www.apres-lecole.fr\/Blog\/"},{"@type":"ListItem","position":2,"name":"Guillaume Labb\u00e9 en couple : ce qu&rsquo;on sait de sa compagne"}]},{"@type":"WebSite","@id":"https:\/\/www.apres-lecole.fr\/Blog\/#website","url":"https:\/\/www.apres-lecole.fr\/Blog\/","name":"","description":"M\u00e9dia g\u00e9n\u00e9raliste","potentialAction":[{"@type":"SearchAction","target":{"@type":"EntryPoint","urlTemplate":"https:\/\/www.apres-lecole.fr\/Blog\/?s={search_term_string}"},"query-input":{"@type":"PropertyValueSpecification","valueRequired":true,"valueName":"search_term_string"}}],"inLanguage":"fr-FR"},{"@type":"Person","@id":"https:\/\/www.apres-lecole.fr\/Blog\/#\/schema\/person\/aeb50cd4b51fc69da155804bb5bb9fc4","name":"Eva Martin","image":{"@type":"ImageObject","inLanguage":"fr-FR","@id":"https:\/\/secure.gravatar.com\/avatar\/55c53222558b27a72015a64073a80edce4abd33369394b9bf2c5cd6c19d12682?s=96&d=mm&r=g","url":"https:\/\/secure.gravatar.com\/avatar\/55c53222558b27a72015a64073a80edce4abd33369394b9bf2c5cd6c19d12682?s=96&d=mm&r=g","contentUrl":"https:\/\/secure.gravatar.com\/avatar\/55c53222558b27a72015a64073a80edce4abd33369394b9bf2c5cd6c19d12682?s=96&d=mm&r=g","caption":"Eva Martin"},"description":"Je parle de business et d'entrepreneuriat avec des conseils clairs, concrets et actionnables pour r\u00e9ussir","sameAs":["https:\/\/x.com\/Evaapresecole"],"url":"https:\/\/www.apres-lecole.fr\/Blog\/author\/evamartin\/"}]}},"views":3619,"_links":{"self":[{"href":"https:\/\/www.apres-lecole.fr\/Blog\/wp-json\/wp\/v2\/posts\/2761","targetHints":{"allow":["GET"]}}],"collection":[{"href":"https:\/\/www.apres-lecole.fr\/Blog\/wp-json\/wp\/v2\/posts"}],"about":[{"href":"https:\/\/www.apres-lecole.fr\/Blog\/wp-json\/wp\/v2\/types\/post"}],"author":[{"embeddable":true,"href":"https:\/\/www.apres-lecole.fr\/Blog\/wp-json\/wp\/v2\/users\/9"}],"replies":[{"embeddable":true,"href":"https:\/\/www.apres-lecole.fr\/Blog\/wp-json\/wp\/v2\/comments?post=2761"}],"version-history":[{"count":2,"href":"https:\/\/www.apres-lecole.fr\/Blog\/wp-json\/wp\/v2\/posts\/2761\/revisions"}],"predecessor-version":[{"id":3825,"href":"https:\/\/www.apres-lecole.fr\/Blog\/wp-json\/wp\/v2\/posts\/2761\/revisions\/3825"}],"wp:featuredmedia":[{"embeddable":true,"href":"https:\/\/www.apres-lecole.fr\/Blog\/wp-json\/wp\/v2\/media\/3824"}],"wp:attachment":[{"href":"https:\/\/www.apres-lecole.fr\/Blog\/wp-json\/wp\/v2\/media?parent=2761"}],"wp:term":[{"taxonomy":"category","embeddable":true,"href":"https:\/\/www.apres-lecole.fr\/Blog\/wp-json\/wp\/v2\/categories?post=2761"},{"taxonomy":"post_tag","embeddable":true,"href":"https:\/\/www.apres-lecole.fr\/Blog\/wp-json\/wp\/v2\/tags?post=2761"}],"curies":[{"name":"wp","href":"https:\/\/api.w.org\/{rel}","templated":true}]}}