{"id":2741,"date":"2025-12-15T19:58:06","date_gmt":"2025-12-15T19:58:06","guid":{"rendered":"https:\/\/www.apres-lecole.fr\/Blog\/?p=2741"},"modified":"2025-12-21T06:38:44","modified_gmt":"2025-12-21T06:38:44","slug":"formation-management-comundi","status":"publish","type":"post","link":"https:\/\/www.apres-lecole.fr\/Blog\/formation-management-comundi\/","title":{"rendered":"formation management comundi : guide complet pour r\u00e9ussir en 2025"},"content":{"rendered":"\n\n<div class=\"kk-star-ratings kksr-auto kksr-align-left kksr-valign-top\"\n    data-payload='{&quot;align&quot;:&quot;left&quot;,&quot;id&quot;:&quot;2741&quot;,&quot;slug&quot;:&quot;default&quot;,&quot;valign&quot;:&quot;top&quot;,&quot;ignore&quot;:&quot;&quot;,&quot;reference&quot;:&quot;auto&quot;,&quot;class&quot;:&quot;&quot;,&quot;count&quot;:&quot;0&quot;,&quot;legendonly&quot;:&quot;&quot;,&quot;readonly&quot;:&quot;&quot;,&quot;score&quot;:&quot;0&quot;,&quot;starsonly&quot;:&quot;&quot;,&quot;best&quot;:&quot;5&quot;,&quot;gap&quot;:&quot;5&quot;,&quot;greet&quot;:&quot;Rate this post&quot;,&quot;legend&quot;:&quot;0\\\/5 - (0 vote)&quot;,&quot;size&quot;:&quot;24&quot;,&quot;title&quot;:&quot;formation management comundi : guide complet pour r\u00e9ussir en 2025&quot;,&quot;width&quot;:&quot;0&quot;,&quot;_legend&quot;:&quot;{score}\\\/{best} - ({count} {votes})&quot;,&quot;font_factor&quot;:&quot;1.25&quot;}'>\n            \n<div class=\"kksr-stars\">\n    \n<div class=\"kksr-stars-inactive\">\n            <div class=\"kksr-star\" data-star=\"1\" style=\"padding-right: 5px\">\n            \n\n<div class=\"kksr-icon\" style=\"width: 24px; height: 24px;\"><\/div>\n        <\/div>\n            <div class=\"kksr-star\" data-star=\"2\" style=\"padding-right: 5px\">\n            \n\n<div class=\"kksr-icon\" style=\"width: 24px; height: 24px;\"><\/div>\n        <\/div>\n            <div class=\"kksr-star\" data-star=\"3\" style=\"padding-right: 5px\">\n            \n\n<div class=\"kksr-icon\" style=\"width: 24px; height: 24px;\"><\/div>\n        <\/div>\n            <div class=\"kksr-star\" data-star=\"4\" style=\"padding-right: 5px\">\n            \n\n<div class=\"kksr-icon\" style=\"width: 24px; height: 24px;\"><\/div>\n        <\/div>\n            <div class=\"kksr-star\" data-star=\"5\" style=\"padding-right: 5px\">\n            \n\n<div class=\"kksr-icon\" style=\"width: 24px; height: 24px;\"><\/div>\n        <\/div>\n    <\/div>\n    \n<div class=\"kksr-stars-active\" style=\"width: 0px;\">\n            <div class=\"kksr-star\" style=\"padding-right: 5px\">\n            \n\n<div class=\"kksr-icon\" style=\"width: 24px; height: 24px;\"><\/div>\n        <\/div>\n            <div class=\"kksr-star\" style=\"padding-right: 5px\">\n            \n\n<div class=\"kksr-icon\" style=\"width: 24px; height: 24px;\"><\/div>\n        <\/div>\n            <div class=\"kksr-star\" style=\"padding-right: 5px\">\n            \n\n<div class=\"kksr-icon\" style=\"width: 24px; height: 24px;\"><\/div>\n        <\/div>\n            <div class=\"kksr-star\" style=\"padding-right: 5px\">\n            \n\n<div class=\"kksr-icon\" style=\"width: 24px; height: 24px;\"><\/div>\n        <\/div>\n            <div class=\"kksr-star\" style=\"padding-right: 5px\">\n            \n\n<div class=\"kksr-icon\" style=\"width: 24px; height: 24px;\"><\/div>\n        <\/div>\n    <\/div>\n<\/div>\n                \n\n<div class=\"kksr-legend\" style=\"font-size: 19.2px;\">\n            <span class=\"kksr-muted\">Rate this post<\/span>\n    <\/div>\n    <\/div>\n<h2 class=\"wp-block-heading\">Formation management Comundi : guide complet pour r\u00e9ussir en 2025<\/h2>\n\n<p><strong>Claire<\/strong> vient d\u2019\u00eatre promue manager en 2025 : \u00e9quipe mixte pr\u00e9sentiel\/distanciel, projet strat\u00e9gique \u00e0 piloter et objectif \u00ab maintenir la performance sans br\u00fbler les talents \u00bb. Si vous traversez une situation similaire, ce texte propose une feuille de route claire et op\u00e9rationnelle. Il explique pourquoi choisir une <strong>formation management<\/strong> avec <strong>Comundi<\/strong>, comment structurer une mont\u00e9e en comp\u00e9tences rapide et durable, et quels formats privil\u00e9gier quand le temps presse. Vous trouverez des rep\u00e8res pratiques : comp\u00e9tences vis\u00e9es (communication, <strong>leadership<\/strong>, d\u00e9l\u00e9gation), format et dur\u00e9e des modules, options de financement et crit\u00e8res de choix face \u00e0 d\u2019autres acteurs du march\u00e9. Les m\u00e9thodes p\u00e9dagogiques mises en avant reposent sur l\u2019alternance th\u00e9orie\/pratique, des formateurs issus du terrain et un suivi post-formation qui garantit l\u2019application sur le terrain. Des exemples concrets \u2014 comme la m\u00e9thode de Claire pour d\u00e9l\u00e9guer en trois niveaux \u2014 illustrent comment transformer la pression en opportunit\u00e9. \u00c0 la fin, des ressources et t\u00e9moignages permettent de comparer Comundi \u00e0 d\u2019autres offres et d\u2019anticiper l\u2019impact sur votre <strong>\u00e9volution carri\u00e8re<\/strong> et le <strong>d\u00e9veloppement professionnel<\/strong> de vos \u00e9quipes.<\/p>\n\n<ul class=\"wp-block-list\"><li><strong>En bref :<\/strong> parcours modulaires du manager d\u00e9butant au certifi\u00e9.<\/li><li>Formats : pr\u00e9sentiel, distanciel, blended pour concilier emploi et apprentissage.<\/li><li>Comp\u00e9tences cl\u00e9s : communication, d\u00e9l\u00e9gation, gestion de la performance.<\/li><li>Financement possible : CPF, plans de formation, OPCO.<\/li><li>R\u00e9sultat attendu : application op\u00e9rationnelle imm\u00e9diate et suivi post-formation.<\/li><\/ul>\n\n<h2 class=\"wp-block-heading\">Comprendre l&rsquo;offre Comundi en 2025 : pourquoi choisir cette formation management<\/h2>\n\n<p><strong>Comundi<\/strong> s\u2019appuie sur une p\u00e9dagogie pragmatique et des intervenants venus du terrain. L\u2019offre vise un impact mesurable : \u00e9tudes de cas r\u00e9els, jeux de r\u00f4le et feedback structur\u00e9 favorisent le transfert direct au poste. Pour un manager r\u00e9cemment promu comme Claire, l&rsquo;avantage est double : acqu\u00e9rir des outils concrets et changer de posture rapidement.<\/p>\n\n<p>La r\u00e9putation de l\u2019organisme repose sur la modularit\u00e9 des parcours et la certification possible, des \u00e9l\u00e9ments utiles pour valoriser votre profil professionnel. Pour un panorama comparatif des approches, consultez un retour d\u2019exp\u00e9rience d\u00e9taill\u00e9 sur <a href=\"https:\/\/www.apres-lecole.fr\/Blog\/formation-management-comundi-2\/\">formation management Comundi<\/a>. Insight : privil\u00e9giez une session qui propose imm\u00e9diatement des mises en situation align\u00e9es sur vos enjeux.<\/p>\n\n<figure class=\"wp-block-image size-full\"><img decoding=\"async\" width=\"1344\" height=\"768\" src=\"https:\/\/www.apres-lecole.fr\/Blog\/wp-content\/uploads\/2025\/12\/formation-management-comundi-guide-complet-pour-reussir-en-2025-1.jpg\" alt=\"d\u00e9couvrez la formation management comundi : un guide complet pour ma\u00eetriser les comp\u00e9tences cl\u00e9s et r\u00e9ussir vos objectifs en 2025.\" class=\"wp-image-2897\" srcset=\"https:\/\/www.apres-lecole.fr\/Blog\/wp-content\/uploads\/2025\/12\/formation-management-comundi-guide-complet-pour-reussir-en-2025-1.jpg 1344w, https:\/\/www.apres-lecole.fr\/Blog\/wp-content\/uploads\/2025\/12\/formation-management-comundi-guide-complet-pour-reussir-en-2025-1-300x171.jpg 300w, https:\/\/www.apres-lecole.fr\/Blog\/wp-content\/uploads\/2025\/12\/formation-management-comundi-guide-complet-pour-reussir-en-2025-1-1024x585.jpg 1024w, https:\/\/www.apres-lecole.fr\/Blog\/wp-content\/uploads\/2025\/12\/formation-management-comundi-guide-complet-pour-reussir-en-2025-1-768x439.jpg 768w\" sizes=\"(max-width: 1344px) 100vw, 1344px\" \/><\/figure>\n\n<h3 class=\"wp-block-heading\">Public cible et situations pertinentes pour ce guide complet<\/h3>\n\n<p>Les parcours sont pens\u00e9s pour : managers nouvellement promus, responsables de projet, chefs d\u2019\u00e9quipe en hybride et managers transverses. Claire, manager op\u00e9rationnelle, illustre le cas type : \u00e9quipe partag\u00e9e entre bureau et t\u00e9l\u00e9travail, responsabilit\u00e9s projet en plus du management au quotidien.<\/p>\n\n<p>Si votre objectif est de <strong>r\u00e9ussir 2025<\/strong> sans sacrifier la r\u00e9tention des talents, recherchez des modules sur la gestion du t\u00e9l\u00e9travail, la priorisation et la pr\u00e9vention du burn-out.<\/p>\n\n<h2 class=\"wp-block-heading\">Comp\u00e9tences cibl\u00e9es : leadership, communication et gestion d&rsquo;\u00e9quipe<\/h2>\n\n<p>Les comp\u00e9tences d\u00e9velopp\u00e9es avec une <strong>formation management<\/strong> Comundi sont directement applicables :<\/p>\n\n<ul class=\"wp-block-list\"><li><strong>Leadership agile<\/strong> : posture, prise de d\u00e9cision et mobilisation.<\/li><li><strong>Communication manag\u00e9riale<\/strong> : feedback, r\u00e9unions efficaces, \u00e9coute active.<\/li><li><strong>D\u00e9l\u00e9gation intelligente<\/strong> : segmentation des t\u00e2ches en niveaux strat\u00e9giques et op\u00e9rationnels.<\/li><li><strong>Gestion de la performance<\/strong> : indicateurs simples et rituels de suivi.<\/li><li><strong>Conduite du changement<\/strong> : outils pour limiter les r\u00e9sistances lors d\u2019un d\u00e9ploiement.<\/li><\/ul>\n\n<p>Exemple concret : Claire a appris \u00e0 d\u00e9l\u00e9guer sur trois niveaux (strat\u00e9gique, op\u00e9rationnel, micro-t\u00e2ches) et \u00e0 programmer des points courts hebdomadaires pour garder le cap sans micro-management. Insight : un manager ma\u00eetrisant ces comp\u00e9tences am\u00e9liore la coh\u00e9sion et r\u00e9duit le turnover.<\/p>\n\n<h2 class=\"wp-block-heading\">Formats, dur\u00e9e et tarifs : choisir selon votre disponibilit\u00e9<\/h2>\n\n<p>Comundi propose des formats vari\u00e9s pour concilier formation et charge de travail : sessions courtes (1\u20132 jours), formats interm\u00e9diaires et parcours certifiants sur plusieurs semaines. Le blended learning permet d\u2019alterner pr\u00e9sentiel et modules en ligne pour ancrer les acquis.<\/p>\n\n<figure class=\"wp-block-table\"><table>\n<thead>\n<tr>\n<th>Type de formation<\/th>\n<th>Dur\u00e9e<\/th>\n<th>Objectifs cl\u00e9s<\/th>\n<th>Tarifs indicatifs (HT)<\/th>\n<\/tr>\n<\/thead>\n<tbody>\n<tr>\n<td>Fondamentaux du management<\/td>\n<td>2 jours<\/td>\n<td>Posture, communication, gestion des priorit\u00e9s<\/td>\n<td>1 400 \u2013 1 600 \u20ac<\/td>\n<\/tr>\n<tr>\n<td>Management transversal<\/td>\n<td>3 jours<\/td>\n<td>Coordination sans autorit\u00e9, influence<\/td>\n<td>1 800 \u2013 2 000 \u20ac<\/td>\n<\/tr>\n<tr>\n<td>Parcours certifiant<\/td>\n<td>Plusieurs semaines<\/td>\n<td>Leadership avanc\u00e9, conduite du changement<\/td>\n<td>5 000 \u2013 6 000 \u20ac<\/td>\n<\/tr>\n<\/tbody>\n<\/table><\/figure>\n\n<p><strong>Financement<\/strong> : CPF, plans de formation et OPCO peuvent couvrir tout ou partie des co\u00fbts. Pour comparer les offres et les financements disponibles, consultez des retours sur des programmes voisins comme <a href=\"https:\/\/www.apres-lecole.fr\/Blog\/formation-intelligence-artificielle-nexa\/\">formation intelligence artificielle<\/a> ou des formations innovantes sur <a href=\"https:\/\/www.apres-lecole.fr\/Blog\/b-factory-formations-innovantes\/\">b-factory formations innovantes<\/a>. Insight : une certification augmente la visibilit\u00e9 sur votre CV et facilite l\u2019<\/p>\n\n<h2 class=\"wp-block-heading\">M\u00e9thodologie p\u00e9dagogique et suivi post-formation<\/h2>\n\n<p>La m\u00e9thode repose sur trois piliers : apports th\u00e9oriques synth\u00e9tiques, immersion pratique (jeux de r\u00f4le, \u00e9tudes de cas) et suivi post-session (coaching, ressources digitales). Ce triptyque favorise l\u2019ancrage des comp\u00e9tences sur le long terme.<\/p>\n\n<p>Sur le terrain, la combinaison d\u2019exercices collectifs et d\u2019un accompagnement individuel permet de mesurer l\u2019impact via indicateurs simples : taux d\u2019atteinte des objectifs, satisfaction \u00e9quipe, temps de r\u00e9solution des incidents.<\/p>\n\n<p>Pour renforcer l\u2019apprentissage, privil\u00e9giez les sessions qui proposent des cas issus de votre secteur et un suivi \u00e0 30\u201390 jours. Claire a pu piloter la mise en place d\u2019un CRM apr\u00e8s un parcours certifiant gr\u00e2ce \u00e0 un coaching post-formation qui a permis d\u2019ajuster la mise en \u0153uvre.<\/p>\n\n<script src=\"https:\/\/cdn.jsdelivr.net\/npm\/@tailwindcss\/browser@4\"><\/script>\n\n<!-- Calculateur de co\u00fbt et ROI \u2014 copier\/coller dans votre page existante -->\n<div id=\"calc-roi\" class=\"max-w-3xl mx-auto p-4 border rounded-lg shadow-sm bg-white\" style=\"max-height:800px; overflow:auto; font-family: Inter, ui-sans-serif, system-ui, -apple-system, 'Segoe UI', Roboto, 'Helvetica Neue', Arial;\">\n  <header class=\"mb-4\">\n    <h2 class=\"text-2xl font-semibold text-slate-800\">Estimateur de co\u00fbt &#038; ROI \u2014 Formation Management Comundi (2025)<\/h2>\n    <p class=\"text-sm text-slate-600\">Renseignez les param\u00e8tres pour obtenir le co\u00fbt net, le gain annuel estim\u00e9 et le retour sur investissement en mois.<\/p>\n  <\/header>\n\n  <form id=\"roi-form\" class=\"space-y-4\" autocomplete=\"off\" onsubmit=\"return false;\" aria-labelledby=\"roi-form\">\n    <div class=\"grid md:grid-cols-2 gap-3\">\n      <div>\n        <label for=\"costType\" class=\"block text-sm font-medium text-slate-700\">Type de co\u00fbt<\/label>\n        <select id=\"costType\" class=\"mt-1 block w-full rounded-md border-gray-200 shadow-sm py-2 px-3\" aria-describedby=\"costTypeHelp\">\n          <option value=\"per\">Co\u00fbt par collaborateur<\/option>\n          <option value=\"total\">Co\u00fbt total pour la cohorte<\/option>\n        <\/select>\n        <p id=\"costTypeHelp\" class=\"text-xs text-slate-500 mt-1\">Choisissez si le montant saisi est par personne ou pour l&rsquo;ensemble des collaborateurs.<\/p>\n      <\/div>\n\n      <div>\n        <label for=\"cost\" class=\"block text-sm font-medium text-slate-700\">Co\u00fbt formation (EUR)<\/label>\n        <input id=\"cost\" type=\"number\" min=\"0\" step=\"0.01\" value=\"1500\" class=\"mt-1 block w-full rounded-md border-gray-200 shadow-sm py-2 px-3\" aria-label=\"Co\u00fbt de la formation en euros\">\n      <\/div>\n\n      <div>\n        <label for=\"financing\" class=\"block text-sm font-medium text-slate-700\">Part financ\u00e9e (CPF \/ OPCO) (%)<\/label>\n        <input id=\"financing\" type=\"number\" min=\"0\" max=\"100\" step=\"1\" value=\"50\" class=\"mt-1 block w-full rounded-md border-gray-200 shadow-sm py-2 px-3\" aria-label=\"Part financ\u00e9e en pourcentage\">\n      <\/div>\n\n      <div>\n        <label for=\"nb\" class=\"block text-sm font-medium text-slate-700\">Nombre de collaborateurs impact\u00e9s<\/label>\n        <input id=\"nb\" type=\"number\" min=\"1\" step=\"1\" value=\"10\" class=\"mt-1 block w-full rounded-md border-gray-200 shadow-sm py-2 px-3\" aria-label=\"Nombre de collaborateurs\">\n      <\/div>\n\n      <div>\n        <label for=\"turnover\" class=\"block text-sm font-medium text-slate-700\">Taux de r\u00e9duction du turnover attendu (%)<\/label>\n        <input id=\"turnover\" type=\"number\" min=\"0\" max=\"100\" step=\"0.1\" value=\"10\" class=\"mt-1 block w-full rounded-md border-gray-200 shadow-sm py-2 px-3\" aria-label=\"Taux de r\u00e9duction du turnover\">\n      <\/div>\n\n      <div>\n        <label for=\"productivity\" class=\"block text-sm font-medium text-slate-700\">Gain de productivit\u00e9 estim\u00e9 (%)<\/label>\n        <input id=\"productivity\" type=\"number\" min=\"0\" max=\"100\" step=\"0.1\" value=\"7\" class=\"mt-1 block w-full rounded-md border-gray-200 shadow-sm py-2 px-3\" aria-label=\"Gain de productivit\u00e9 en pourcentage\">\n      <\/div>\n\n      <div>\n        <label for=\"salary\" class=\"block text-sm font-medium text-slate-700\">Salaire annuel moyen par collaborateur (EUR)<\/label>\n        <input id=\"salary\" type=\"number\" min=\"0\" step=\"1\" value=\"40000\" class=\"mt-1 block w-full rounded-md border-gray-200 shadow-sm py-2 px-3\" aria-label=\"Salaire annuel moyen\">\n        <p class=\"text-xs text-slate-500 mt-1\">Utilis\u00e9 pour estimer la valeur mon\u00e9taire du turnover et de la productivit\u00e9.<\/p>\n      <\/div>\n\n      <div>\n        <label for=\"turnoverMultiplier\" class=\"block text-sm font-medium text-slate-700\">Co\u00fbt moyen du d\u00e9part (en % du salaire annuel)<\/label>\n        <input id=\"turnoverMultiplier\" type=\"number\" min=\"0\" max=\"500\" step=\"1\" value=\"50\" class=\"mt-1 block w-full rounded-md border-gray-200 shadow-sm py-2 px-3\" aria-label=\"Co\u00fbt du turnover en pourcentage\">\n        <p class=\"text-xs text-slate-500 mt-1\">Ex. 50 signifie que le co\u00fbt d&rsquo;un d\u00e9part \u2248 50% du salaire annuel.<\/p>\n      <\/div>\n    <\/div>\n\n    <div class=\"flex gap-2 mt-2\">\n      <button id=\"calcBtn\" type=\"button\" class=\"px-4 py-2 bg-sky-600 text-white rounded hover:bg-sky-700 focus:outline-none focus:ring-2 focus:ring-sky-400\">Calculer<\/button>\n      <button id=\"resetBtn\" type=\"button\" class=\"px-4 py-2 bg-gray-100 text-slate-700 rounded hover:bg-gray-200 focus:outline-none\">R\u00e9initialiser<\/button>\n      <button id=\"exampleBtn\" type=\"button\" class=\"ml-auto px-3 py-1 text-xs bg-emerald-100 text-emerald-800 rounded\">Exemple pr\u00e9rempli<\/button>\n    <\/div>\n  <\/form>\n\n  <section id=\"results\" class=\"mt-5 p-4 rounded border bg-slate-50\" aria-live=\"polite\">\n    <h3 class=\"text-lg font-medium text-slate-800\">R\u00e9sultats<\/h3>\n    <div class=\"mt-3 grid grid-cols-1 md:grid-cols-3 gap-3\">\n      <div class=\"p-3 bg-white border rounded\">\n        <div class=\"text-xs text-slate-500\">Co\u00fbt total brut<\/div>\n        <div id=\"brut\" class=\"text-xl font-semibold text-slate-800\">\u2013<\/div>\n      <\/div>\n      <div class=\"p-3 bg-white border rounded\">\n        <div class=\"text-xs text-slate-500\">Co\u00fbt net apr\u00e8s financement<\/div>\n        <div id=\"net\" class=\"text-xl font-semibold text-slate-800\">\u2013<\/div>\n      <\/div>\n      <div class=\"p-3 bg-white border rounded\">\n        <div class=\"text-xs text-slate-500\">Gain annuel estim\u00e9<\/div>\n        <div id=\"gain\" class=\"text-xl font-semibold text-slate-800\">\u2013<\/div>\n      <\/div>\n    <\/div>\n\n    <div class=\"mt-4\">\n      <div class=\"text-sm text-slate-600\">Retour sur investissement<\/div>\n      <div class=\"mt-1 flex items-baseline gap-3\">\n        <div class=\"text-2xl font-bold text-sky-700\" id=\"paybackMonths\">\u2013<\/div>\n        <div class=\"text-sm text-slate-500\">mois pour retrouver l&rsquo;investissement<\/div>\n      <\/div>\n      <div class=\"mt-2 text-sm text-slate-600\" id=\"roiPercent\">\u2013<\/div>\n    <\/div>\n\n    <details class=\"mt-3 text-sm text-slate-600\">\n      <summary class=\"cursor-pointer\">Hypoth\u00e8ses &#038; formules (cliquer pour d\u00e9velopper)<\/summary>\n      <ul class=\"mt-2 ml-4 list-disc\">\n        <li>Co\u00fbt total brut = co\u00fbt (par collaborateur ou total) \u00d7 nombre de collaborateurs (selon le type choisi).<\/li>\n        <li>Co\u00fbt net = co\u00fbt total brut \u00d7 (1 &#8211; part financ\u00e9e).<\/li>\n        <li>\u00c9conomie turnover = nb collaborateurs \u00d7 (r\u00e9duction turnover %) \u00d7 (co\u00fbt moyen du d\u00e9part).<\/li>\n        <li>Gain productivit\u00e9 = salaire annuel \u00d7 nb collaborateurs \u00d7 (gain productivit\u00e9 %).<\/li>\n        <li>Gain annuel estim\u00e9 = \u00e9conomie turnover + gain productivit\u00e9.<\/li>\n        <li>Retour en mois = (co\u00fbt net \/ gain annuel estim\u00e9) \u00d7 12 (si le gain annuel > 0).<\/li>\n      <\/ul>\n    <\/details>\n  <\/section>\n<\/div>\n\n<script>\n\/*\n  Script JavaScript du calculateur (enti\u00e8rement comment\u00e9)\n  - Toutes les cha\u00eenes affich\u00e9es sont en fran\u00e7ais et modifiables ci-dessous.\n  - Pas d'APIs externes n\u00e9cessaires pour ce calcul (100% local, gratuit).\n  - Performance : pas de d\u00e9pendances lourdes. Le code est simple et lisible.\n*\/\n\n\/* -------- Config texte (en fran\u00e7ais, modifiable si besoin) -------- *\/\nconst TEXT = {\n  currency: 'EUR', \/\/ utilis\u00e9 pour formatage\n  locale: 'fr-FR'  \/\/ format local pour les nombres\n};\n\n\/* -------- Utilitaires -------- *\/\nfunction fmtEUR(value) {\n  \/\/ Formatage mon\u00e9taire en euros selon la locale\n  return new Intl.NumberFormat(TEXT.locale, { style: 'currency', currency: TEXT.currency }).format(value);\n}\n\n\/* -------- R\u00e9cup\u00e9ration des \u00e9l\u00e9ments du DOM -------- *\/\nconst costEl = document.getElementById('cost');\nconst costTypeEl = document.getElementById('costType');\nconst financingEl = document.getElementById('financing');\nconst nbEl = document.getElementById('nb');\nconst turnoverEl = document.getElementById('turnover');\nconst productivityEl = document.getElementById('productivity');\nconst salaryEl = document.getElementById('salary');\nconst turnoverMultEl = document.getElementById('turnoverMultiplier');\n\nconst calcBtn = document.getElementById('calcBtn');\nconst resetBtn = document.getElementById('resetBtn');\nconst exampleBtn = document.getElementById('exampleBtn');\n\nconst brutEl = document.getElementById('brut');\nconst netEl = document.getElementById('net');\nconst gainEl = document.getElementById('gain');\nconst paybackEl = document.getElementById('paybackMonths');\nconst roiPercentEl = document.getElementById('roiPercent');\n\n\/* -------- Calcul principal -------- *\/\nfunction calculate() {\n  \/\/ Lecture et validation minimale des valeurs\n  const cost = Math.max(0, parseFloat(costEl.value) || 0);\n  const costType = costTypeEl.value; \/\/ 'per' ou 'total'\n  const financingPct = Math.min(100, Math.max(0, parseFloat(financingEl.value) || 0)) \/ 100;\n  const nb = Math.max(0, Math.floor(parseFloat(nbEl.value) || 0));\n  const turnoverPct = Math.min(100, Math.max(0, parseFloat(turnoverEl.value) || 0)) \/ 100;\n  const productivityPct = Math.min(100, Math.max(0, parseFloat(productivityEl.value) || 0)) \/ 100;\n  const salary = Math.max(0, parseFloat(salaryEl.value) || 0);\n  const turnoverMultiplierPct = Math.max(0, parseFloat(turnoverMultEl.value) || 0) \/ 100;\n\n  \/\/ Calcul du co\u00fbt total brut selon le type choisi\n  let costTotalBrut = 0;\n  if (costType === 'per') {\n    costTotalBrut = cost * nb; \/\/ co\u00fbt par collaborateur multipli\u00e9 par le nombre\n  } else {\n    costTotalBrut = cost; \/\/ co\u00fbt total d\u00e9j\u00e0 fourni\n  }\n\n  \/\/ Co\u00fbt net apr\u00e8s prise en charge CPF\/OPCO\n  const costNet = costTotalBrut * (1 - financingPct);\n\n  \/\/ Estimation du co\u00fbt moyen d'un d\u00e9part (en euros)\n  const costPerDeparture = salary * turnoverMultiplierPct;\n\n  \/\/ \u00c9conomie annuelle due \u00e0 la r\u00e9duction du turnover\n  \/\/ On suppose que la r\u00e9duction s'applique au nombre de collaborateurs impact\u00e9s\n  const turnoverSavings = nb * turnoverPct * costPerDeparture;\n\n  \/\/ Gain annuel d\u00fb \u00e0 la hausse de productivit\u00e9 (approx. valeur salariale)\n  const productivityGain = salary * nb * productivityPct;\n\n  \/\/ Gain annuel total estim\u00e9\n  const totalAnnualGain = turnoverSavings + productivityGain;\n\n  \/\/ Calcul du retour en mois (si gain > 0)\n  let paybackMonths = null;\n  if (totalAnnualGain > 0) {\n    paybackMonths = (costNet \/ totalAnnualGain) * 12;\n  }\n\n  \/\/ ROI en pourcentage annuel (gain annual \/ co\u00fbt net * 100). Si co\u00fbt net = 0 -> infini.\n  let roiPercent = null;\n  if (costNet === 0 && totalAnnualGain > 0) {\n    roiPercent = Infinity;\n  } else if (costNet > 0) {\n    roiPercent = (totalAnnualGain \/ costNet) * 100;\n  }\n\n  \/\/ Mise \u00e0 jour de l'interface (formatage soign\u00e9)\n  brutEl.textContent = fmtEUR(round(costTotalBrut));\n  netEl.textContent = fmtEUR(round(costNet));\n  gainEl.textContent = fmtEUR(round(totalAnnualGain));\n\n  if (paybackMonths === null || !isFinite(paybackMonths)) {\n    paybackEl.textContent = '\u2014';\n  } else {\n    paybackEl.textContent = round(paybackMonths, 1) + ' mois';\n  }\n\n  if (roiPercent === null) {\n    roiPercentEl.textContent = 'ROI annuel : \u2014';\n  } else if (!isFinite(roiPercent)) {\n    roiPercentEl.textContent = 'ROI annuel : infini (co\u00fbt net = 0)';\n  } else {\n    roiPercentEl.textContent = 'ROI annuel : ' + round(roiPercent, 1) + ' %';\n  }\n\n  \/\/ For accessibility: set focus on results region briefly (without breaking UX)\n  document.getElementById('results').setAttribute('aria-hidden', 'false');\n}\n\n\/* Petit arrondisseur utile *\/\nfunction round(value, decimals = 0) {\n  const factor = Math.pow(10, decimals);\n  return Math.round(value * factor) \/ factor;\n}\n\n\/* -------- Handlers UI -------- *\/\ncalcBtn.addEventListener('click', () => {\n  calculate();\n  calcBtn.focus();\n});\n\nresetBtn.addEventListener('click', () => {\n  \/\/ Valeurs par d\u00e9faut\n  costTypeEl.value = 'per';\n  costEl.value = '1500';\n  financingEl.value = '50';\n  nbEl.value = '10';\n  turnoverEl.value = '10';\n  productivityEl.value = '7';\n  salaryEl.value = '40000';\n  turnoverMultEl.value = '50';\n\n  \/\/ Remise \u00e0 z\u00e9ro des r\u00e9sultats\n  brutEl.textContent = '\u2013';\n  netEl.textContent = '\u2013';\n  gainEl.textContent = '\u2013';\n  paybackEl.textContent = '\u2013';\n  roiPercentEl.textContent = '\u2013';\n  resetBtn.focus();\n});\n\nexampleBtn.addEventListener('click', () => {\n  \/\/ Exemple illustratif \u2014 modifiez si n\u00e9cessaire\n  costTypeEl.value = 'per';\n  costEl.value = '1200';\n  financingEl.value = '70';\n  nbEl.value = '20';\n  turnoverEl.value = '15';\n  productivityEl.value = '10';\n  salaryEl.value = '45000';\n  turnoverMultEl.value = '60';\n  calculate();\n  exampleBtn.focus();\n});\n\n\/* Calcul initial pour afficher des valeurs par d\u00e9faut *\/\ncalculate();\n\n\/*\n  Remarques:\n  - Cet outil fonctionne 100% localement, aucune API externe n\u00e9cessaire.\n  - Si vous souhaitez enrichir avec des taux externes (ex: taux de change),\n    n'ajoutez que des APIs publiques et gratuites. Exemple (si jamais utilis\u00e9) :\n    URL: https:\/\/api.exchangerate.host\/latest?base=EUR&symbols=USD\n    Exemple de r\u00e9ponse JSON:\n    {\n      \"motd\":{...},\n      \"success\":true,\n      \"base\":\"EUR\",\n      \"date\":\"2025-01-01\",\n      \"rates\":{\"USD\":1.12}\n    }\n    (Remarque: l'API exchangerate.host est gratuite et sans cl\u00e9 au moment de l'\u00e9criture.)\n*\/\n<\/script>\n\n<h2 class=\"wp-block-heading\">Parcours certifiants et impact sur l&rsquo;\u00e9volution carri\u00e8re<\/h2>\n\n<p>Les parcours certifiants sont con\u00e7us pour accompagner des transitions vers des postes de direction. Ils incluent des blocs de comp\u00e9tences sur la <strong>gestion de projet<\/strong>, le <strong>leadership<\/strong> et la conduite du changement.<\/p>\n\n<p>Pour situer l\u2019offre Comundi sur le march\u00e9, comparez la modularit\u00e9 et l\u2019approche terrain avec d\u2019autres acteurs : l\u2019expertise acad\u00e9mique d\u2019\u00e9coles ou les formations sp\u00e9cialis\u00e9es en management territorial comme celles pr\u00e9sent\u00e9es sur <a href=\"https:\/\/www.apres-lecole.fr\/Blog\/toulouse-management-concurrence\/\">Toulouse management<\/a> ou l\u2019approche internationale sur <a href=\"https:\/\/www.apres-lecole.fr\/Blog\/him-business-excellence-internationale\/\">HIM Business Excellence Internationale<\/a>. Insight : choisissez un parcours align\u00e9 sur votre objectif professionnel plut\u00f4t que sur la seule renomm\u00e9e.<\/p>\n\n<h3 class=\"wp-block-heading\">Exemples concrets et cas pratiques<\/h3>\n\n<p>Cas : impl\u00e9mentation CRM (Claire). Objectif : d\u00e9ployer sans ralentir l\u2019activit\u00e9. Approche : formation certifiante + ateliers projet + points de pilotage hebdomadaires. R\u00e9sultats : respect des d\u00e9lais, meilleure coordination inter-\u00e9quipes et tracker d\u2019objectifs mis en place.<\/p>\n\n<p>Cas : management hybride. M\u00e9thode : rituels courts, outils de suivi partag\u00e9s et r\u00e8gles claires de disponibilit\u00e9. R\u00e9sultat : r\u00e9duction des interruptions et hausse de l\u2019engagement.<\/p>\n\n<p>Insight : l\u2019ancrage se fait par la r\u00e9p\u00e9tition structur\u00e9e \u2014 alternance d\u2019action et de retour d\u2019exp\u00e9rience.<\/p>\n\n<h3 class=\"wp-block-heading\">Erreurs fr\u00e9quentes \u00e0 \u00e9viter et bonnes pratiques<\/h3>\n\n<ul class=\"wp-block-list\"><li>Choisir une formation trop g\u00e9n\u00e9rale sans lien avec vos enjeux r\u00e9els \u2014 pr\u00e9f\u00e9rez des cas concrets.<\/li><li>N\u00e9gliger le suivi post-formation \u2014 le coaching convertit l\u2019apprentissage en changement durable.<\/li><li>Ignorer les modalit\u00e9s de financement \u2014 mobilisez CPF ou OPCO d\u00e8s l\u2019\u00e9laboration du dossier.<\/li><li>Ne pas mesurer l\u2019impact \u2014 d\u00e9finissez des indicateurs simples avant la formation.<\/li><\/ul>\n\n<p>Insight : un parcours bien pr\u00e9par\u00e9 facilite l\u2019appropriation et la p\u00e9rennit\u00e9 des nouvelles pratiques.<\/p>\n\n<h2 class=\"wp-block-heading\">Ressources et lectures compl\u00e9mentaires pour approfondir ce guide complet<\/h2>\n\n<p>Pour enrichir votre r\u00e9flexion et comparer des offres sp\u00e9cialis\u00e9es, consultez des retours d\u2019exp\u00e9rience et des analyses sectorielles comme <a href=\"https:\/\/www.apres-lecole.fr\/Blog\/ferandi-formations-culinaires\/\">Ferandi formations culinaires<\/a> (exemple de p\u00e9dagogie par la pratique) ou des programmes en alternance tels que <a href=\"https:\/\/www.apres-lecole.fr\/Blog\/ecole-hoteliere-ifh-paris-bachelor-master-alternance\/\">IFH \u00e9cole h\u00f4teli\u00e8re<\/a>. Ces lectures aident \u00e0 comprendre comment adapter la p\u00e9dagogie au contexte m\u00e9tier.<\/p>\n\n<h3 class=\"wp-block-heading\">Checklist rapide avant de vous inscrire<\/h3>\n\n<ul class=\"wp-block-list\"><li>D\u00e9finir vos objectifs concrets (3 r\u00e9sultats mesurables).<\/li><li>Valider le format (pr\u00e9sentiel \/ blended) adapt\u00e9 \u00e0 votre rythme.<\/li><li>V\u00e9rifier l\u2019\u00e9ligibilit\u00e9 CPF ou OPCO et pr\u00e9parer les pi\u00e8ces n\u00e9cessaires.<\/li><li>Demander des cas pratiques similaires \u00e0 votre secteur.<\/li><li>Planifier le suivi post-formation (coaching ou sessions de r\u00e9vision).<\/li><\/ul>\n\n<p>Insight : une pr\u00e9paration minutieuse maximise le retour sur investissement humain et op\u00e9rationnel.<\/p>\n\n<script type=\"application\/ld+json\">\n{\"@context\":\"https:\/\/schema.org\",\"@type\":\"FAQPage\",\"mainEntity\":[{\"@type\":\"Question\",\"name\":\"Quelles compu00e9tences du00e9veloppe concru00e8tement une formation management Comundi ?\",\"acceptedAnswer\":{\"@type\":\"Answer\",\"text\":\"Vous du00e9velopperez des compu00e9tences en leadership agile, communication managu00e9riale, du00e9lu00e9gation, gestion de projet et conduite du changement, appliquu00e9es u00e0 des cas concrets du quotidien professionnel.\"}},{\"@type\":\"Question\",\"name\":\"Les formations Comundi sont-elles u00e9ligibles au CPF ?\",\"acceptedAnswer\":{\"@type\":\"Answer\",\"text\":\"Oui, plusieurs parcours certifiants proposu00e9s par Comundi sont finanu00e7ables via le Compte Personnel de Formation. Il est conseillu00e9 de vu00e9rifier lu2019intitulu00e9 exact du parcours et de pru00e9parer le dossier en amont pour su00e9curiser le financement.\"}},{\"@type\":\"Question\",\"name\":\"Quel format choisir entre pru00e9sentiel, distanciel et blended ?\",\"acceptedAnswer\":{\"@type\":\"Answer\",\"text\":\"Choisissez selon votre disponibilitu00e9 et lu2019objectif pu00e9dagogique : le pru00e9sentiel favorise lu2019interaction, le distanciel la flexibilitu00e9, et le blended combine engagement et ancrage durable des compu00e9tences.\"}},{\"@type\":\"Question\",\"name\":\"Comment mesurer lu2019impact du2019une formation sur la performance ?\",\"acceptedAnswer\":{\"@type\":\"Answer\",\"text\":\"Mesurez via indicateurs clairs (taux du2019atteinte des objectifs, satisfaction u00e9quipe, temps de ru00e9solution des conflits) et pru00e9voyez un suivi post-formation pour vu00e9rifier lu2019application.\"}}]}\n<\/script>\n<h3>Quelles comp\u00e9tences d\u00e9veloppe concr\u00e8tement une formation management Comundi ?<\/h3>\n<p>Vous d\u00e9velopperez des comp\u00e9tences en leadership agile, communication manag\u00e9riale, d\u00e9l\u00e9gation, gestion de projet et conduite du changement, appliqu\u00e9es \u00e0 des cas concrets du quotidien professionnel.<\/p>\n<h3>Les formations Comundi sont-elles \u00e9ligibles au CPF ?<\/h3>\n<p>Oui, plusieurs parcours certifiants propos\u00e9s par Comundi sont finan\u00e7ables via le Compte Personnel de Formation. Il est conseill\u00e9 de v\u00e9rifier l\u2019intitul\u00e9 exact du parcours et de pr\u00e9parer le dossier en amont pour s\u00e9curiser le financement.<\/p>\n<h3>Quel format choisir entre pr\u00e9sentiel, distanciel et blended ?<\/h3>\n<p>Choisissez selon votre disponibilit\u00e9 et l\u2019objectif p\u00e9dagogique : le pr\u00e9sentiel favorise l\u2019interaction, le distanciel la flexibilit\u00e9, et le blended combine engagement et ancrage durable des comp\u00e9tences.<\/p>\n<h3>Comment mesurer l\u2019impact d\u2019une formation sur la performance ?<\/h3>\n<p>Mesurez via indicateurs clairs (taux d\u2019atteinte des objectifs, satisfaction \u00e9quipe, temps de r\u00e9solution des conflits) et pr\u00e9voyez un suivi post-formation pour v\u00e9rifier l\u2019application.<\/p>\n\n","protected":false},"excerpt":{"rendered":"<p>Formation management Comundi : guide complet pour r\u00e9ussir en 2025 Claire vient d\u2019\u00eatre promue manager en 2025 : \u00e9quipe mixte pr\u00e9sentiel\/distanciel, projet strat\u00e9gique \u00e0 piloter et objectif \u00ab maintenir la performance sans br\u00fbler les talents \u00bb. Si vous traversez une situation similaire, ce texte propose une feuille de route claire et op\u00e9rationnelle. Il explique pourquoi &#8230; <a title=\"formation management comundi : guide complet pour r\u00e9ussir en 2025\" class=\"read-more\" href=\"https:\/\/www.apres-lecole.fr\/Blog\/formation-management-comundi\/\" aria-label=\"En savoir plus sur formation management comundi : guide complet pour r\u00e9ussir en 2025\">Lire plus<\/a><\/p>\n","protected":false},"author":9,"featured_media":2896,"comment_status":"open","ping_status":"open","sticky":false,"template":"","format":"standard","meta":{"footnotes":""},"categories":[1],"tags":[],"class_list":["post-2741","post","type-post","status-publish","format-standard","has-post-thumbnail","hentry","category-metiers-entreprise"],"yoast_head":"<!-- This site is optimized with the Yoast SEO plugin v27.5 - https:\/\/yoast.com\/product\/yoast-seo-wordpress\/ -->\n<title>Formation Management Comundi : Cl\u00e9s du Succ\u00e8s en 2025<\/title>\n<meta name=\"description\" content=\"Formation management Comundi : guide complet pour r\u00e9ussir en 2025. D\u00e9couvrez les cl\u00e9s du succ\u00e8s et d\u00e9veloppez vos comp\u00e9tences en leadership.\" \/>\n<meta name=\"robots\" content=\"index, follow, max-snippet:-1, max-image-preview:large, max-video-preview:-1\" \/>\n<link rel=\"canonical\" href=\"https:\/\/www.apres-lecole.fr\/Blog\/formation-management-comundi\/\" \/>\n<meta property=\"og:locale\" content=\"fr_FR\" \/>\n<meta property=\"og:type\" content=\"article\" \/>\n<meta property=\"og:title\" content=\"Formation Management Comundi : Cl\u00e9s du Succ\u00e8s en 2025\" \/>\n<meta property=\"og:description\" content=\"Formation management Comundi : guide complet pour r\u00e9ussir en 2025. D\u00e9couvrez les cl\u00e9s du succ\u00e8s et d\u00e9veloppez vos comp\u00e9tences en leadership.\" \/>\n<meta property=\"og:url\" content=\"https:\/\/www.apres-lecole.fr\/Blog\/formation-management-comundi\/\" \/>\n<meta property=\"article:published_time\" content=\"2025-12-15T19:58:06+00:00\" \/>\n<meta property=\"article:modified_time\" content=\"2025-12-21T06:38:44+00:00\" \/>\n<meta property=\"og:image\" content=\"https:\/\/www.apres-lecole.fr\/Blog\/wp-content\/uploads\/2025\/12\/Tout-savoir-sur-le-brevet-controle-continu-4eme3eme-preparation-epreuves-et-conseils-1.jpg\" \/>\n\t<meta property=\"og:image:width\" content=\"1344\" \/>\n\t<meta property=\"og:image:height\" content=\"768\" \/>\n\t<meta property=\"og:image:type\" content=\"image\/jpeg\" \/>\n<meta name=\"author\" content=\"Eva Martin\" \/>\n<meta name=\"twitter:card\" content=\"summary_large_image\" \/>\n<meta name=\"twitter:creator\" content=\"@Evaapresecole\" \/>\n<meta name=\"twitter:label1\" content=\"\u00c9crit par\" \/>\n\t<meta name=\"twitter:data1\" content=\"Eva Martin\" \/>\n\t<meta name=\"twitter:label2\" content=\"Dur\u00e9e de lecture estim\u00e9e\" \/>\n\t<meta name=\"twitter:data2\" content=\"8 minutes\" \/>\n<script type=\"application\/ld+json\" class=\"yoast-schema-graph\">{\"@context\":\"https:\\\/\\\/schema.org\",\"@graph\":[{\"@type\":\"Article\",\"@id\":\"https:\\\/\\\/www.apres-lecole.fr\\\/Blog\\\/formation-management-comundi\\\/#article\",\"isPartOf\":{\"@id\":\"https:\\\/\\\/www.apres-lecole.fr\\\/Blog\\\/formation-management-comundi\\\/\"},\"author\":{\"name\":\"Eva Martin\",\"@id\":\"https:\\\/\\\/www.apres-lecole.fr\\\/Blog\\\/#\\\/schema\\\/person\\\/aeb50cd4b51fc69da155804bb5bb9fc4\"},\"headline\":\"formation management comundi : guide complet pour r\u00e9ussir en 2025\",\"datePublished\":\"2025-12-15T19:58:06+00:00\",\"dateModified\":\"2025-12-21T06:38:44+00:00\",\"mainEntityOfPage\":{\"@id\":\"https:\\\/\\\/www.apres-lecole.fr\\\/Blog\\\/formation-management-comundi\\\/\"},\"wordCount\":1699,\"commentCount\":0,\"image\":{\"@id\":\"https:\\\/\\\/www.apres-lecole.fr\\\/Blog\\\/formation-management-comundi\\\/#primaryimage\"},\"thumbnailUrl\":\"https:\\\/\\\/www.apres-lecole.fr\\\/Blog\\\/wp-content\\\/uploads\\\/2025\\\/12\\\/formation-management-comundi-guide-complet-pour-reussir-en-2025.jpg\",\"articleSection\":[\"M\u00e9tiers &amp; Entreprise\"],\"inLanguage\":\"fr-FR\",\"potentialAction\":[{\"@type\":\"CommentAction\",\"name\":\"Comment\",\"target\":[\"https:\\\/\\\/www.apres-lecole.fr\\\/Blog\\\/formation-management-comundi\\\/#respond\"]}]},{\"@type\":\"WebPage\",\"@id\":\"https:\\\/\\\/www.apres-lecole.fr\\\/Blog\\\/formation-management-comundi\\\/\",\"url\":\"https:\\\/\\\/www.apres-lecole.fr\\\/Blog\\\/formation-management-comundi\\\/\",\"name\":\"Formation Management Comundi : Cl\u00e9s du Succ\u00e8s en 2025\",\"isPartOf\":{\"@id\":\"https:\\\/\\\/www.apres-lecole.fr\\\/Blog\\\/#website\"},\"primaryImageOfPage\":{\"@id\":\"https:\\\/\\\/www.apres-lecole.fr\\\/Blog\\\/formation-management-comundi\\\/#primaryimage\"},\"image\":{\"@id\":\"https:\\\/\\\/www.apres-lecole.fr\\\/Blog\\\/formation-management-comundi\\\/#primaryimage\"},\"thumbnailUrl\":\"https:\\\/\\\/www.apres-lecole.fr\\\/Blog\\\/wp-content\\\/uploads\\\/2025\\\/12\\\/formation-management-comundi-guide-complet-pour-reussir-en-2025.jpg\",\"datePublished\":\"2025-12-15T19:58:06+00:00\",\"dateModified\":\"2025-12-21T06:38:44+00:00\",\"author\":{\"@id\":\"https:\\\/\\\/www.apres-lecole.fr\\\/Blog\\\/#\\\/schema\\\/person\\\/aeb50cd4b51fc69da155804bb5bb9fc4\"},\"description\":\"Formation management Comundi : guide complet pour r\u00e9ussir en 2025. D\u00e9couvrez les cl\u00e9s du succ\u00e8s et d\u00e9veloppez vos comp\u00e9tences en leadership.\",\"breadcrumb\":{\"@id\":\"https:\\\/\\\/www.apres-lecole.fr\\\/Blog\\\/formation-management-comundi\\\/#breadcrumb\"},\"inLanguage\":\"fr-FR\",\"potentialAction\":[{\"@type\":\"ReadAction\",\"target\":[\"https:\\\/\\\/www.apres-lecole.fr\\\/Blog\\\/formation-management-comundi\\\/\"]}]},{\"@type\":\"ImageObject\",\"inLanguage\":\"fr-FR\",\"@id\":\"https:\\\/\\\/www.apres-lecole.fr\\\/Blog\\\/formation-management-comundi\\\/#primaryimage\",\"url\":\"https:\\\/\\\/www.apres-lecole.fr\\\/Blog\\\/wp-content\\\/uploads\\\/2025\\\/12\\\/formation-management-comundi-guide-complet-pour-reussir-en-2025.jpg\",\"contentUrl\":\"https:\\\/\\\/www.apres-lecole.fr\\\/Blog\\\/wp-content\\\/uploads\\\/2025\\\/12\\\/formation-management-comundi-guide-complet-pour-reussir-en-2025.jpg\",\"width\":1344,\"height\":768,\"caption\":\"d\u00e9couvrez le guide complet de la formation management comundi pour r\u00e9ussir en 2025. ma\u00eetrisez les comp\u00e9tences cl\u00e9s et transformez votre carri\u00e8re avec nos conseils experts.\"},{\"@type\":\"BreadcrumbList\",\"@id\":\"https:\\\/\\\/www.apres-lecole.fr\\\/Blog\\\/formation-management-comundi\\\/#breadcrumb\",\"itemListElement\":[{\"@type\":\"ListItem\",\"position\":1,\"name\":\"Home\",\"item\":\"https:\\\/\\\/www.apres-lecole.fr\\\/Blog\\\/\"},{\"@type\":\"ListItem\",\"position\":2,\"name\":\"formation management comundi : guide complet pour r\u00e9ussir en 2025\"}]},{\"@type\":\"WebSite\",\"@id\":\"https:\\\/\\\/www.apres-lecole.fr\\\/Blog\\\/#website\",\"url\":\"https:\\\/\\\/www.apres-lecole.fr\\\/Blog\\\/\",\"name\":\"\",\"description\":\"M\u00e9dia g\u00e9n\u00e9raliste\",\"potentialAction\":[{\"@type\":\"SearchAction\",\"target\":{\"@type\":\"EntryPoint\",\"urlTemplate\":\"https:\\\/\\\/www.apres-lecole.fr\\\/Blog\\\/?s={search_term_string}\"},\"query-input\":{\"@type\":\"PropertyValueSpecification\",\"valueRequired\":true,\"valueName\":\"search_term_string\"}}],\"inLanguage\":\"fr-FR\"},{\"@type\":\"Person\",\"@id\":\"https:\\\/\\\/www.apres-lecole.fr\\\/Blog\\\/#\\\/schema\\\/person\\\/aeb50cd4b51fc69da155804bb5bb9fc4\",\"name\":\"Eva Martin\",\"image\":{\"@type\":\"ImageObject\",\"inLanguage\":\"fr-FR\",\"@id\":\"https:\\\/\\\/secure.gravatar.com\\\/avatar\\\/55c53222558b27a72015a64073a80edce4abd33369394b9bf2c5cd6c19d12682?s=96&d=mm&r=g\",\"url\":\"https:\\\/\\\/secure.gravatar.com\\\/avatar\\\/55c53222558b27a72015a64073a80edce4abd33369394b9bf2c5cd6c19d12682?s=96&d=mm&r=g\",\"contentUrl\":\"https:\\\/\\\/secure.gravatar.com\\\/avatar\\\/55c53222558b27a72015a64073a80edce4abd33369394b9bf2c5cd6c19d12682?s=96&d=mm&r=g\",\"caption\":\"Eva Martin\"},\"description\":\"Je parle de business et d'entrepreneuriat avec des conseils clairs, concrets et actionnables pour r\u00e9ussir\",\"sameAs\":[\"https:\\\/\\\/x.com\\\/Evaapresecole\"],\"url\":\"https:\\\/\\\/www.apres-lecole.fr\\\/Blog\\\/author\\\/evamartin\\\/\"}]}<\/script>\n<!-- \/ Yoast SEO plugin. -->","yoast_head_json":{"title":"Formation Management Comundi : Cl\u00e9s du Succ\u00e8s en 2025","description":"Formation management Comundi : guide complet pour r\u00e9ussir en 2025. D\u00e9couvrez les cl\u00e9s du succ\u00e8s et d\u00e9veloppez vos comp\u00e9tences en leadership.","robots":{"index":"index","follow":"follow","max-snippet":"max-snippet:-1","max-image-preview":"max-image-preview:large","max-video-preview":"max-video-preview:-1"},"canonical":"https:\/\/www.apres-lecole.fr\/Blog\/formation-management-comundi\/","og_locale":"fr_FR","og_type":"article","og_title":"Formation Management Comundi : Cl\u00e9s du Succ\u00e8s en 2025","og_description":"Formation management Comundi : guide complet pour r\u00e9ussir en 2025. D\u00e9couvrez les cl\u00e9s du succ\u00e8s et d\u00e9veloppez vos comp\u00e9tences en leadership.","og_url":"https:\/\/www.apres-lecole.fr\/Blog\/formation-management-comundi\/","article_published_time":"2025-12-15T19:58:06+00:00","article_modified_time":"2025-12-21T06:38:44+00:00","og_image":[{"width":1344,"height":768,"url":"https:\/\/www.apres-lecole.fr\/Blog\/wp-content\/uploads\/2025\/12\/Tout-savoir-sur-le-brevet-controle-continu-4eme3eme-preparation-epreuves-et-conseils-1.jpg","type":"image\/jpeg"}],"author":"Eva Martin","twitter_card":"summary_large_image","twitter_creator":"@Evaapresecole","twitter_misc":{"\u00c9crit par":"Eva Martin","Dur\u00e9e de lecture estim\u00e9e":"8 minutes"},"schema":{"@context":"https:\/\/schema.org","@graph":[{"@type":"Article","@id":"https:\/\/www.apres-lecole.fr\/Blog\/formation-management-comundi\/#article","isPartOf":{"@id":"https:\/\/www.apres-lecole.fr\/Blog\/formation-management-comundi\/"},"author":{"name":"Eva Martin","@id":"https:\/\/www.apres-lecole.fr\/Blog\/#\/schema\/person\/aeb50cd4b51fc69da155804bb5bb9fc4"},"headline":"formation management comundi : guide complet pour r\u00e9ussir en 2025","datePublished":"2025-12-15T19:58:06+00:00","dateModified":"2025-12-21T06:38:44+00:00","mainEntityOfPage":{"@id":"https:\/\/www.apres-lecole.fr\/Blog\/formation-management-comundi\/"},"wordCount":1699,"commentCount":0,"image":{"@id":"https:\/\/www.apres-lecole.fr\/Blog\/formation-management-comundi\/#primaryimage"},"thumbnailUrl":"https:\/\/www.apres-lecole.fr\/Blog\/wp-content\/uploads\/2025\/12\/formation-management-comundi-guide-complet-pour-reussir-en-2025.jpg","articleSection":["M\u00e9tiers &amp; Entreprise"],"inLanguage":"fr-FR","potentialAction":[{"@type":"CommentAction","name":"Comment","target":["https:\/\/www.apres-lecole.fr\/Blog\/formation-management-comundi\/#respond"]}]},{"@type":"WebPage","@id":"https:\/\/www.apres-lecole.fr\/Blog\/formation-management-comundi\/","url":"https:\/\/www.apres-lecole.fr\/Blog\/formation-management-comundi\/","name":"Formation Management Comundi : Cl\u00e9s du Succ\u00e8s en 2025","isPartOf":{"@id":"https:\/\/www.apres-lecole.fr\/Blog\/#website"},"primaryImageOfPage":{"@id":"https:\/\/www.apres-lecole.fr\/Blog\/formation-management-comundi\/#primaryimage"},"image":{"@id":"https:\/\/www.apres-lecole.fr\/Blog\/formation-management-comundi\/#primaryimage"},"thumbnailUrl":"https:\/\/www.apres-lecole.fr\/Blog\/wp-content\/uploads\/2025\/12\/formation-management-comundi-guide-complet-pour-reussir-en-2025.jpg","datePublished":"2025-12-15T19:58:06+00:00","dateModified":"2025-12-21T06:38:44+00:00","author":{"@id":"https:\/\/www.apres-lecole.fr\/Blog\/#\/schema\/person\/aeb50cd4b51fc69da155804bb5bb9fc4"},"description":"Formation management Comundi : guide complet pour r\u00e9ussir en 2025. D\u00e9couvrez les cl\u00e9s du succ\u00e8s et d\u00e9veloppez vos comp\u00e9tences en leadership.","breadcrumb":{"@id":"https:\/\/www.apres-lecole.fr\/Blog\/formation-management-comundi\/#breadcrumb"},"inLanguage":"fr-FR","potentialAction":[{"@type":"ReadAction","target":["https:\/\/www.apres-lecole.fr\/Blog\/formation-management-comundi\/"]}]},{"@type":"ImageObject","inLanguage":"fr-FR","@id":"https:\/\/www.apres-lecole.fr\/Blog\/formation-management-comundi\/#primaryimage","url":"https:\/\/www.apres-lecole.fr\/Blog\/wp-content\/uploads\/2025\/12\/formation-management-comundi-guide-complet-pour-reussir-en-2025.jpg","contentUrl":"https:\/\/www.apres-lecole.fr\/Blog\/wp-content\/uploads\/2025\/12\/formation-management-comundi-guide-complet-pour-reussir-en-2025.jpg","width":1344,"height":768,"caption":"d\u00e9couvrez le guide complet de la formation management comundi pour r\u00e9ussir en 2025. ma\u00eetrisez les comp\u00e9tences cl\u00e9s et transformez votre carri\u00e8re avec nos conseils experts."},{"@type":"BreadcrumbList","@id":"https:\/\/www.apres-lecole.fr\/Blog\/formation-management-comundi\/#breadcrumb","itemListElement":[{"@type":"ListItem","position":1,"name":"Home","item":"https:\/\/www.apres-lecole.fr\/Blog\/"},{"@type":"ListItem","position":2,"name":"formation management comundi : guide complet pour r\u00e9ussir en 2025"}]},{"@type":"WebSite","@id":"https:\/\/www.apres-lecole.fr\/Blog\/#website","url":"https:\/\/www.apres-lecole.fr\/Blog\/","name":"","description":"M\u00e9dia g\u00e9n\u00e9raliste","potentialAction":[{"@type":"SearchAction","target":{"@type":"EntryPoint","urlTemplate":"https:\/\/www.apres-lecole.fr\/Blog\/?s={search_term_string}"},"query-input":{"@type":"PropertyValueSpecification","valueRequired":true,"valueName":"search_term_string"}}],"inLanguage":"fr-FR"},{"@type":"Person","@id":"https:\/\/www.apres-lecole.fr\/Blog\/#\/schema\/person\/aeb50cd4b51fc69da155804bb5bb9fc4","name":"Eva Martin","image":{"@type":"ImageObject","inLanguage":"fr-FR","@id":"https:\/\/secure.gravatar.com\/avatar\/55c53222558b27a72015a64073a80edce4abd33369394b9bf2c5cd6c19d12682?s=96&d=mm&r=g","url":"https:\/\/secure.gravatar.com\/avatar\/55c53222558b27a72015a64073a80edce4abd33369394b9bf2c5cd6c19d12682?s=96&d=mm&r=g","contentUrl":"https:\/\/secure.gravatar.com\/avatar\/55c53222558b27a72015a64073a80edce4abd33369394b9bf2c5cd6c19d12682?s=96&d=mm&r=g","caption":"Eva Martin"},"description":"Je parle de business et d'entrepreneuriat avec des conseils clairs, concrets et actionnables pour r\u00e9ussir","sameAs":["https:\/\/x.com\/Evaapresecole"],"url":"https:\/\/www.apres-lecole.fr\/Blog\/author\/evamartin\/"}]}},"views":308,"_links":{"self":[{"href":"https:\/\/www.apres-lecole.fr\/Blog\/wp-json\/wp\/v2\/posts\/2741","targetHints":{"allow":["GET"]}}],"collection":[{"href":"https:\/\/www.apres-lecole.fr\/Blog\/wp-json\/wp\/v2\/posts"}],"about":[{"href":"https:\/\/www.apres-lecole.fr\/Blog\/wp-json\/wp\/v2\/types\/post"}],"author":[{"embeddable":true,"href":"https:\/\/www.apres-lecole.fr\/Blog\/wp-json\/wp\/v2\/users\/9"}],"replies":[{"embeddable":true,"href":"https:\/\/www.apres-lecole.fr\/Blog\/wp-json\/wp\/v2\/comments?post=2741"}],"version-history":[{"count":2,"href":"https:\/\/www.apres-lecole.fr\/Blog\/wp-json\/wp\/v2\/posts\/2741\/revisions"}],"predecessor-version":[{"id":2898,"href":"https:\/\/www.apres-lecole.fr\/Blog\/wp-json\/wp\/v2\/posts\/2741\/revisions\/2898"}],"wp:featuredmedia":[{"embeddable":true,"href":"https:\/\/www.apres-lecole.fr\/Blog\/wp-json\/wp\/v2\/media\/2896"}],"wp:attachment":[{"href":"https:\/\/www.apres-lecole.fr\/Blog\/wp-json\/wp\/v2\/media?parent=2741"}],"wp:term":[{"taxonomy":"category","embeddable":true,"href":"https:\/\/www.apres-lecole.fr\/Blog\/wp-json\/wp\/v2\/categories?post=2741"},{"taxonomy":"post_tag","embeddable":true,"href":"https:\/\/www.apres-lecole.fr\/Blog\/wp-json\/wp\/v2\/tags?post=2741"}],"curies":[{"name":"wp","href":"https:\/\/api.w.org\/{rel}","templated":true}]}}