{"id":2737,"date":"2025-12-14T12:50:42","date_gmt":"2025-12-14T12:50:42","guid":{"rendered":"https:\/\/www.apres-lecole.fr\/Blog\/?p=2737"},"modified":"2025-12-22T06:49:07","modified_gmt":"2025-12-22T06:49:07","slug":"formation-management-comundi-2","status":"publish","type":"post","link":"https:\/\/www.apres-lecole.fr\/Blog\/formation-management-comundi-2\/","title":{"rendered":"formation management Comundi : am\u00e9liorer vos comp\u00e9tences en 2025"},"content":{"rendered":"\n\n<div class=\"kk-star-ratings kksr-auto kksr-align-left kksr-valign-top\"\n    data-payload='{&quot;align&quot;:&quot;left&quot;,&quot;id&quot;:&quot;2737&quot;,&quot;slug&quot;:&quot;default&quot;,&quot;valign&quot;:&quot;top&quot;,&quot;ignore&quot;:&quot;&quot;,&quot;reference&quot;:&quot;auto&quot;,&quot;class&quot;:&quot;&quot;,&quot;count&quot;:&quot;0&quot;,&quot;legendonly&quot;:&quot;&quot;,&quot;readonly&quot;:&quot;&quot;,&quot;score&quot;:&quot;0&quot;,&quot;starsonly&quot;:&quot;&quot;,&quot;best&quot;:&quot;5&quot;,&quot;gap&quot;:&quot;5&quot;,&quot;greet&quot;:&quot;Rate this post&quot;,&quot;legend&quot;:&quot;0\\\/5 - (0 vote)&quot;,&quot;size&quot;:&quot;24&quot;,&quot;title&quot;:&quot;formation management Comundi : am\u00e9liorer vos comp\u00e9tences en 2025&quot;,&quot;width&quot;:&quot;0&quot;,&quot;_legend&quot;:&quot;{score}\\\/{best} - ({count} {votes})&quot;,&quot;font_factor&quot;:&quot;1.25&quot;}'>\n            \n<div class=\"kksr-stars\">\n    \n<div class=\"kksr-stars-inactive\">\n            <div class=\"kksr-star\" data-star=\"1\" style=\"padding-right: 5px\">\n            \n\n<div class=\"kksr-icon\" style=\"width: 24px; height: 24px;\"><\/div>\n        <\/div>\n            <div class=\"kksr-star\" data-star=\"2\" style=\"padding-right: 5px\">\n            \n\n<div class=\"kksr-icon\" style=\"width: 24px; height: 24px;\"><\/div>\n        <\/div>\n            <div class=\"kksr-star\" data-star=\"3\" style=\"padding-right: 5px\">\n            \n\n<div class=\"kksr-icon\" style=\"width: 24px; height: 24px;\"><\/div>\n        <\/div>\n            <div class=\"kksr-star\" data-star=\"4\" style=\"padding-right: 5px\">\n            \n\n<div class=\"kksr-icon\" style=\"width: 24px; height: 24px;\"><\/div>\n        <\/div>\n            <div class=\"kksr-star\" data-star=\"5\" style=\"padding-right: 5px\">\n            \n\n<div class=\"kksr-icon\" style=\"width: 24px; height: 24px;\"><\/div>\n        <\/div>\n    <\/div>\n    \n<div class=\"kksr-stars-active\" style=\"width: 0px;\">\n            <div class=\"kksr-star\" style=\"padding-right: 5px\">\n            \n\n<div class=\"kksr-icon\" style=\"width: 24px; height: 24px;\"><\/div>\n        <\/div>\n            <div class=\"kksr-star\" style=\"padding-right: 5px\">\n            \n\n<div class=\"kksr-icon\" style=\"width: 24px; height: 24px;\"><\/div>\n        <\/div>\n            <div class=\"kksr-star\" style=\"padding-right: 5px\">\n            \n\n<div class=\"kksr-icon\" style=\"width: 24px; height: 24px;\"><\/div>\n        <\/div>\n            <div class=\"kksr-star\" style=\"padding-right: 5px\">\n            \n\n<div class=\"kksr-icon\" style=\"width: 24px; height: 24px;\"><\/div>\n        <\/div>\n            <div class=\"kksr-star\" style=\"padding-right: 5px\">\n            \n\n<div class=\"kksr-icon\" style=\"width: 24px; height: 24px;\"><\/div>\n        <\/div>\n    <\/div>\n<\/div>\n                \n\n<div class=\"kksr-legend\" style=\"font-size: 19.2px;\">\n            <span class=\"kksr-muted\">Rate this post<\/span>\n    <\/div>\n    <\/div>\n<p>Nouvelle prise de poste, \u00e9quipe hybride \u00e0 piloter, objectifs serr\u00e9s et volont\u00e9 de pr\u00e9server les talents : la <strong>formation management<\/strong> de <strong>Comundi<\/strong> est con\u00e7ue pour r\u00e9pondre \u00e0 ces d\u00e9fis concrets du <strong>management 2025<\/strong>. Ce guide pratique explique pourquoi choisir Comundi, quelles <strong>comp\u00e9tences<\/strong> d\u00e9velopper en priorit\u00e9 (leadership, communication, d\u00e9l\u00e9gation), quels formats privil\u00e9gier selon votre disponibilit\u00e9, et comment mesurer l\u2019impact sur la <strong>performance manag\u00e9riale<\/strong>. Des exemples terrain \u2014 comme la m\u00e9thode de d\u00e9l\u00e9gation en trois niveaux \u2014 montrent comment transformer la charge quotidienne en leviers d\u2019efficacit\u00e9. Enfin, des rep\u00e8res sur le financement (CPF, OPCO) et le suivi post-formation (coaching management, ateliers de mise en \u0153uvre) facilitent la d\u00e9cision et la mise en application imm\u00e9diate.<\/p>\n\n<ul class=\"wp-block-list\"><li><strong>Objectif<\/strong> : acqu\u00e9rir des outils op\u00e9rationnels pour la <strong>gestion d&rsquo;\u00e9quipe<\/strong> et la conduite du changement.<\/li><li><strong>Formats<\/strong> : pr\u00e9sentiel, distanciel, blended \u2014 adaptation possible 48h avant la session.<\/li><li><strong>Comp\u00e9tences prioritaires<\/strong> : <strong>leadership<\/strong>, communication manag\u00e9riale, d\u00e9l\u00e9gation intelligente.<\/li><li><strong>Financement<\/strong> : CPF, plans de formation, OPCO \u2014 v\u00e9rification pr\u00e9alable recommand\u00e9e.<\/li><li><strong>R\u00e9sultat attendu<\/strong> : application imm\u00e9diate sur le poste + suivi post-formation (coaching).<\/li><\/ul>\n\n<h2 class=\"wp-block-heading\">Comprendre l\u2019offre formation management Comundi pour agir rapidement<\/h2>\n\n<p>La proposition p\u00e9dagogique de <strong>Comundi<\/strong> combine apports synth\u00e9tiques et mises en situation r\u00e9elles. Les modules s\u2019appuient sur des \u00e9tudes de cas, des jeux de r\u00f4le et des retours structur\u00e9s, ce qui maximise le transfert des acquis \u00e0 votre poste.<\/p>\n\n<p>Pour un manager r\u00e9cemment promu, l\u2019avantage principal est la possibilit\u00e9 de changer de posture rapidement gr\u00e2ce \u00e0 des outils concrets et r\u00e9utilisables. Les parcours modulaires, allant du cycle court aux parcours certifiants, offrent une progression claire du niveau op\u00e9rationnel vers des comp\u00e9tences de direction.<\/p>\n\n<p>Si la priorisation est n\u00e9cessaire, privil\u00e9giez une session qui propose imm\u00e9diatement des cas tir\u00e9s de votre secteur et un suivi \u00e0 30\u201390 jours pour ancrer les nouvelles pratiques.<\/p>\n\n<figure class=\"wp-block-image size-full\"><img decoding=\"async\" width=\"1344\" height=\"768\" src=\"https:\/\/www.apres-lecole.fr\/Blog\/wp-content\/uploads\/2025\/12\/formation-management-Comundi-ameliorer-vos-competences-en-2025-1.jpg\" alt=\"d\u00e9couvrez la formation management comundi pour am\u00e9liorer vos comp\u00e9tences en 2025 et booster votre carri\u00e8re avec des techniques modernes et efficaces.\" class=\"wp-image-2902\" srcset=\"https:\/\/www.apres-lecole.fr\/Blog\/wp-content\/uploads\/2025\/12\/formation-management-Comundi-ameliorer-vos-competences-en-2025-1.jpg 1344w, https:\/\/www.apres-lecole.fr\/Blog\/wp-content\/uploads\/2025\/12\/formation-management-Comundi-ameliorer-vos-competences-en-2025-1-300x171.jpg 300w, https:\/\/www.apres-lecole.fr\/Blog\/wp-content\/uploads\/2025\/12\/formation-management-Comundi-ameliorer-vos-competences-en-2025-1-1024x585.jpg 1024w, https:\/\/www.apres-lecole.fr\/Blog\/wp-content\/uploads\/2025\/12\/formation-management-Comundi-ameliorer-vos-competences-en-2025-1-768x439.jpg 768w\" sizes=\"(max-width: 1344px) 100vw, 1344px\" \/><\/figure>\n\n<h2 class=\"wp-block-heading\">Public cible et situations pour lesquelles la formation est pertinente<\/h2>\n\n<p>Les parcours sont con\u00e7us pour les <strong>managers nouvellement promus<\/strong>, chefs d\u2019\u00e9quipe en mode hybride, responsables de projet et managers transverses. Par exemple, Claire, manager op\u00e9rationnelle, doit piloter un projet strat\u00e9gique tout en suivant une \u00e9quipe r\u00e9partie entre bureau et t\u00e9l\u00e9travail.<\/p>\n\n<p>Si votre enjeu est de stabiliser 2025 sans perdre de talents, recherchez des modules d\u00e9di\u00e9s \u00e0 la <strong>gestion du changement<\/strong>, \u00e0 la pr\u00e9vention du burn-out et \u00e0 la <strong>gestion d&rsquo;\u00e9quipe<\/strong> hybride.<\/p>\n\n<p>Pour comparer diff\u00e9rentes approches p\u00e9dagogiques et contextes sectoriels, il peut \u00eatre utile de consulter des retours d\u2019exp\u00e9rience sur des formations proches, comme des programmes en h\u00f4tellerie ou des projets internationaux : <a href=\"https:\/\/www.apres-lecole.fr\/Blog\/formation-management-comundi\/\">formation management Comundi<\/a>, <a href=\"https:\/\/www.apres-lecole.fr\/Blog\/ifh-ecole-hoteliere-2025\/\">IFH \u00e9cole h\u00f4teli\u00e8re<\/a>, ou des \u00e9tudes de campus \u00e0 l\u2019international <a href=\"https:\/\/www.apres-lecole.fr\/Blog\/clermont-business-campus-shanghai\/\">Clermont Business Campus Shanghai<\/a>.<\/p>\n\n<h2 class=\"wp-block-heading\">Comp\u00e9tences d\u00e9velopp\u00e9es : de la posture au r\u00e9sultat<\/h2>\n\n<p>Les formations visent des comp\u00e9tences directement utilisables : <strong>leadership<\/strong>, communication manag\u00e9riale, d\u00e9l\u00e9gation intelligente, gestion de projet et <strong>gestion du changement<\/strong>. Ces comp\u00e9tences favorisent la coh\u00e9sion et r\u00e9duisent le turn-over lorsqu\u2019elles sont correctement appliqu\u00e9es.<\/p>\n\n<h3 class=\"wp-block-heading\">Liste des comp\u00e9tences cl\u00e9s et ce qu\u2019elles signifient en pratique<\/h3>\n\n<ul class=\"wp-block-list\"><li><strong>Leadership agile<\/strong> : prise de d\u00e9cision, mobilisation, ajustement rapide face aux impr\u00e9vus.<\/li><li><strong>Communication manag\u00e9riale<\/strong> : feedback structur\u00e9, animation de r\u00e9unions efficaces, \u00e9coute active.<\/li><li><strong>D\u00e9l\u00e9gation intelligente<\/strong> : segmentation des t\u00e2ches (strat\u00e9gique, op\u00e9rationnel, micro-t\u00e2ches).<\/li><li><strong>Gestion de la performance<\/strong> : rituels simples et indicateurs actionnables.<\/li><li><strong>Conduite du changement<\/strong> : outils pour limiter les r\u00e9sistances et s\u00e9curiser les d\u00e9ploiements.<\/li><\/ul>\n\n<p>Insight final : un manager qui ma\u00eetrise ces comp\u00e9tences am\u00e9liore la collaboration et la <strong>performance manag\u00e9riale<\/strong> de son \u00e9quipe.<\/p>\n\n<h2 class=\"wp-block-heading\">Formats, dur\u00e9e et tarifs : choisir selon vos contraintes<\/h2>\n\n<p>Comundi propose des formats courts (1\u20132 jours), interm\u00e9diaires (3 jours) et des parcours certifiants sur plusieurs semaines. Le <strong>blended<\/strong> (pr\u00e9sentiel + distanciel) est recommand\u00e9 pour alterner pratique et flexibilit\u00e9.<\/p>\n\n<figure class=\"wp-block-table\"><table>\n<thead>\n<tr>\n<th>Type de formation<\/th>\n<th>Dur\u00e9e<\/th>\n<th>Objectifs cl\u00e9s<\/th>\n<th>Tarifs indicatifs (HT)<\/th>\n<\/tr>\n<\/thead>\n<tbody>\n<tr>\n<td>Fondamentaux du management<\/td>\n<td>2 jours<\/td>\n<td>Posture, communication, gestion des priorit\u00e9s<\/td>\n<td>1 400 \u2013 1 600 \u20ac<\/td>\n<\/tr>\n<tr>\n<td>Management transversal<\/td>\n<td>3 jours<\/td>\n<td>Coordination sans autorit\u00e9, influence<\/td>\n<td>1 800 \u2013 2 000 \u20ac<\/td>\n<\/tr>\n<tr>\n<td>Parcours certifiant<\/td>\n<td>Plusieurs semaines<\/td>\n<td>Leadership avanc\u00e9, conduite du changement<\/td>\n<td>5 000 \u2013 6 000 \u20ac<\/td>\n<\/tr>\n<\/tbody>\n<\/table><\/figure>\n\n<p><strong>Astuce<\/strong> : inscription possible 48h avant la formation. Pour une urgence, contacter le service client afin de v\u00e9rifier la disponibilit\u00e9.<\/p>\n\n<h2 class=\"wp-block-heading\">M\u00e9thodologie p\u00e9dagogique et suivi post-formation<\/h2>\n\n<p>La p\u00e9dagogie repose sur trois piliers : apports th\u00e9oriques synth\u00e9tiques, immersion pratique (jeux de r\u00f4le, \u00e9tudes de cas) et <strong>coaching management<\/strong> en post-session. Ce triptyque facilite l\u2019ancrage et la mesure de l\u2019impact.<\/p>\n\n<p>Sur le terrain, associer exercices collectifs et accompagnement individuel permet de suivre des indicateurs simples : taux d\u2019atteinte des objectifs, satisfaction des \u00e9quipes, r\u00e9duction du temps de r\u00e9solution des incidents.<\/p>\n\n<p>Un suivi \u00e0 30\u201390 jours, incluant coaching et ressources digitales, augmente significativement la probabilit\u00e9 d\u2019application durable des acquis.<\/p>\n\n<script src=\"https:\/\/cdn.jsdelivr.net\/npm\/@tailwindcss\/browser@4\"><\/script>\n\n<!-- Calculateur en fran\u00e7ais pour l'article \"formation management Comundi : am\u00e9liorer vos comp\u00e9tences en 2025\" -->\n<!-- \u00c0 coller tel quel dans votre page existante. Hauteur de l'outil limit\u00e9e et responsive. -->\n<div id=\"calculateur-management\" class=\"max-w-3xl mx-auto my-6 p-5 rounded-lg shadow-md bg-white\" style=\"max-height:2000px;\" aria-labelledby=\"titre-calculateur\">\n  <h2 id=\"titre-calculateur\" class=\"text-2xl font-semibold text-slate-800 mb-2\">Simulateur d&rsquo;impact financier \u2014 Formation management<\/h2>\n  <p class=\"text-sm text-slate-600 mb-4\">Estimez le co\u00fbt net d&rsquo;une formation et le retour sur investissement (en mois) pour votre \u00e9quipe.<\/p>\n\n  <form id=\"form-simulateur\" class=\"grid grid-cols-1 gap-4\" aria-describedby=\"desc-calculateur\">\n    <div id=\"desc-calculateur\" class=\"sr-only\">Formulaire pour calculer co\u00fbt brut, co\u00fbt net, \u00e9conomies li\u00e9es \u00e0 la baisse du turnover, gains de productivit\u00e9 et retour sur investissement en mois.<\/div>\n\n    <div class=\"grid grid-cols-2 gap-3\">\n      <label class=\"flex flex-col\">\n        <span class=\"text-sm font-medium text-slate-700\">Co\u00fbt par participant (EUR)<\/span>\n        <input id=\"cout-participant\" type=\"number\" inputmode=\"decimal\" step=\"10\" min=\"0\" value=\"1200\" class=\"mt-1 p-2 border rounded\" aria-label=\"Co\u00fbt par participant en euros\">\n      <\/label>\n\n      <label class=\"flex flex-col\">\n        <span class=\"text-sm font-medium text-slate-700\">Nombre de participants<\/span>\n        <input id=\"nb-participants\" type=\"number\" step=\"1\" min=\"1\" value=\"10\" class=\"mt-1 p-2 border rounded\" aria-label=\"Nombre de participants\">\n      <\/label>\n    <\/div>\n\n    <div class=\"grid grid-cols-2 gap-3\">\n      <label class=\"flex flex-col\">\n        <span class=\"text-sm font-medium text-slate-700\">Part financ\u00e9e (%)<\/span>\n        <input id=\"part-financee\" type=\"number\" step=\"1\" min=\"0\" max=\"100\" value=\"50\" class=\"mt-1 p-2 border rounded\" aria-label=\"Part financ\u00e9e en pourcentage\">\n      <\/label>\n\n      <label class=\"flex flex-col\">\n        <span class=\"text-sm font-medium text-slate-700\">Salaire annuel moyen par collaborateur (EUR)<\/span>\n        <input id=\"salaire-annuel\" type=\"number\" step=\"100\" min=\"0\" value=\"45000\" class=\"mt-1 p-2 border rounded\" aria-label=\"Salaire annuel moyen en euros\">\n      <\/label>\n    <\/div>\n\n    <div class=\"grid grid-cols-2 gap-3\">\n      <label class=\"flex flex-col\">\n        <span class=\"text-sm font-medium text-slate-700\">R\u00e9duction du turnover attendue (%)<\/span>\n        <input id=\"reduc-turnover\" type=\"number\" step=\"0.1\" min=\"0\" max=\"100\" value=\"10\" class=\"mt-1 p-2 border rounded\" aria-label=\"R\u00e9duction du turnover en pourcentage\">\n      <\/label>\n\n      <label class=\"flex flex-col\">\n        <span class=\"text-sm font-medium text-slate-700\">Co\u00fbt moyen d&rsquo;un d\u00e9part (EUR)<\/span>\n        <input id=\"cout-depart\" type=\"number\" step=\"100\" min=\"0\" value=\"25000\" class=\"mt-1 p-2 border rounded\" aria-label=\"Co\u00fbt moyen d'un d\u00e9part en euros\">\n      <\/label>\n    <\/div>\n\n    <div class=\"grid grid-cols-1 gap-2\">\n      <label class=\"flex flex-col\">\n        <span class=\"text-sm font-medium text-slate-700\">Gain de productivit\u00e9 attendu (%) par collaborateur<\/span>\n        <input id=\"gain-productivite\" type=\"number\" step=\"0.1\" min=\"0\" max=\"100\" value=\"5\" class=\"mt-1 p-2 border rounded\" aria-label=\"Gain de productivit\u00e9 en pourcentage\">\n      <\/label>\n    <\/div>\n\n    <div class=\"flex gap-2 mt-1\">\n      <button id=\"btn-calculer\" type=\"button\" class=\"px-4 py-2 bg-indigo-600 text-white rounded hover:bg-indigo-700 focus:outline-none focus:ring-2 focus:ring-indigo-400\">Calculer<\/button>\n      <button id=\"btn-reinitialiser\" type=\"button\" class=\"px-4 py-2 bg-slate-100 text-slate-800 rounded hover:bg-slate-200\">R\u00e9initialiser<\/button>\n      <button id=\"btn-copie\" type=\"button\" class=\"px-4 py-2 ml-auto bg-emerald-600 text-white rounded hover:bg-emerald-700\" title=\"Copier le r\u00e9sum\u00e9 dans le presse-papiers\">Copier le r\u00e9sum\u00e9<\/button>\n    <\/div>\n  <\/form>\n\n  <hr class=\"my-4\">\n\n  <div id=\"resultats\" class=\"grid grid-cols-1 gap-3\">\n    <div class=\"grid grid-cols-2 gap-3\">\n      <div class=\"p-3 bg-slate-50 border rounded\">\n        <div class=\"text-sm text-slate-500\">Co\u00fbt total brut<\/div>\n        <div id=\"res-cout-brut\" class=\"text-xl font-semibold text-slate-800\" aria-live=\"polite\">\u2014<\/div>\n      <\/div>\n      <div class=\"p-3 bg-slate-50 border rounded\">\n        <div class=\"text-sm text-slate-500\">Montant financ\u00e9<\/div>\n        <div id=\"res-montant-finance\" class=\"text-xl font-semibold text-slate-800\" aria-live=\"polite\">\u2014<\/div>\n      <\/div>\n      <div class=\"p-3 bg-slate-50 border rounded\">\n        <div class=\"text-sm text-slate-500\">Co\u00fbt net<\/div>\n        <div id=\"res-cout-net\" class=\"text-xl font-semibold text-slate-800\" aria-live=\"polite\">\u2014<\/div>\n      <\/div>\n      <div class=\"p-3 bg-slate-50 border rounded\">\n        <div class=\"text-sm text-slate-500\">\u00c9conomie li\u00e9e au turnover<\/div>\n        <div id=\"res-economie-turnover\" class=\"text-xl font-semibold text-slate-800\" aria-live=\"polite\">\u2014<\/div>\n      <\/div>\n      <div class=\"p-3 bg-slate-50 border rounded\">\n        <div class=\"text-sm text-slate-500\">Gain productivit\u00e9 annuel<\/div>\n        <div id=\"res-gain-productivite\" class=\"text-xl font-semibold text-slate-800\" aria-live=\"polite\">\u2014<\/div>\n      <\/div>\n      <div class=\"p-3 bg-slate-50 border rounded\">\n        <div class=\"text-sm text-slate-500\">Gain annuel estim\u00e9<\/div>\n        <div id=\"res-gain-annuel\" class=\"text-xl font-semibold text-slate-800\" aria-live=\"polite\">\u2014<\/div>\n      <\/div>\n    <\/div>\n\n    <div class=\"mt-2 p-3 border rounded bg-white\">\n      <div class=\"flex items-center justify-between mb-2\">\n        <div>\n          <div class=\"text-sm text-slate-500\">Retour sur investissement (mois)<\/div>\n          <div id=\"res-retour-mois\" class=\"text-2xl font-bold text-slate-900\" aria-live=\"polite\">\u2014<\/div>\n        <\/div>\n        <div class=\"text-sm text-slate-500\">Interpr\u00e9tation<\/div>\n      <\/div>\n\n      <div class=\"w-full bg-slate-100 h-4 rounded overflow-hidden\" aria-hidden=\"true\">\n        <div id=\"bar-roi\" class=\"h-4 bg-emerald-500 rounded transition-all\" style=\"width:0%\"><\/div>\n      <\/div>\n\n      <p id=\"interpretation\" class=\"mt-3 text-sm text-slate-600\">Remplissez les champs et cliquez sur \u00ab\u00a0Calculer\u00a0\u00bb pour obtenir le ROI.<\/p>\n    <\/div>\n  <\/div>\n\n  <div class=\"mt-4 text-right\">\n    <button id=\"btn-export-csv\" class=\"px-3 py-2 bg-amber-600 text-white rounded hover:bg-amber-700\">Exporter CSV<\/button>\n  <\/div>\n<\/div>\n\n<script>\n\/*\n  Simulateur \u2014 logique JavaScript.\n  Toutes les cha\u00eenes sont en fran\u00e7ais et faciles \u00e0 modifier.\n  Pas de d\u00e9pendances externes (sauf Tailwind en CSS via CDN au-dessus).\n  Accessible et performant.\n\n  Formules utilis\u00e9es (fournies dans la data) :\n  - Co\u00fbt total brut = co\u00fbt par participant \u00d7 nombre de participants\n  - Part financ\u00e9e (montant) = Co\u00fbt total brut \u00d7 (pourcentage part financ\u00e9e \/ 100)\n  - Co\u00fbt net = Co\u00fbt total brut \u00d7 (1 \u2013 part financ\u00e9e\/100)\n  - \u00c9conomie turnover = nb collaborateurs \u00d7 r\u00e9duction turnover (%) \u00d7 co\u00fbt moyen du d\u00e9part\n      (ici r\u00e9duction turnover en fraction = % \/ 100)\n  - Gain productivit\u00e9 = salaire annuel \u00d7 nb collaborateurs \u00d7 gain productivit\u00e9 (%)\n  - Gain annuel estim\u00e9 = \u00e9conomie turnover + gain productivit\u00e9\n  - Retour (mois) = (co\u00fbt net \/ gain annuel estim\u00e9) \u00d7 12\n*\/\n\n(function () {\n  'use strict';\n\n  \/\/ \u00c9l\u00e9ments DOM\n  const el = id => document.getElementById(id);\n  const coutParticipant = el('cout-participant');\n  const nbParticipants = el('nb-participants');\n  const partFinancee = el('part-financee');\n  const salaireAnnuel = el('salaire-annuel');\n  const reducTurnover = el('reduc-turnover');\n  const coutDepart = el('cout-depart');\n  const gainProductivite = el('gain-productivite');\n\n  const btnCalculer = el('btn-calculer');\n  const btnReset = el('btn-reinitialiser');\n  const btnCopie = el('btn-copie');\n  const btnExportCsv = el('btn-export-csv');\n\n  const resCoutBrut = el('res-cout-brut');\n  const resMontantFinance = el('res-montant-finance');\n  const resCoutNet = el('res-cout-net');\n  const resEconomieTurnover = el('res-economie-turnover');\n  const resGainProductivite = el('res-gain-productivite');\n  const resGainAnnuel = el('res-gain-annuel');\n  const resRetourMois = el('res-retour-mois');\n  const barRoi = el('bar-roi');\n  const interpretation = el('interpretation');\n\n  \/\/ Formatters (fran\u00e7ais)\n  const fmtEur = v => new Intl.NumberFormat('fr-FR', { style: 'currency', currency: 'EUR', maximumFractionDigits: 0 }).format(v);\n  const fmtPercent = v => `${Number(v).toFixed(1).replace('.', ',')} %`;\n\n  \/\/ Lecture des valeurs du formulaire en nombres propres\n  function lireValeurs() {\n    return {\n      coutParParticipant: parseFloat(coutParticipant.value) || 0,\n      nbParticipants: parseInt(nbParticipants.value, 10) || 0,\n      partFinanceePct: parseFloat(partFinancee.value) || 0,\n      salaireAnnuel: parseFloat(salaireAnnuel.value) || 0,\n      reducTurnoverPct: parseFloat(reducTurnover.value) || 0,\n      coutMoyenDepart: parseFloat(coutDepart.value) || 0,\n      gainProductivitePct: parseFloat(gainProductivite.value) || 0\n    };\n  }\n\n  \/\/ Calcul principal suivant les formules\n  function calculer() {\n    const v = lireValeurs();\n\n    \/\/ Co\u00fbt total brut\n    const coutBrut = v.coutParParticipant * v.nbParticipants;\n\n    \/\/ Montant financ\u00e9\n    const montantFinance = coutBrut * (v.partFinanceePct \/ 100);\n\n    \/\/ Co\u00fbt net\n    const coutNet = coutBrut * (1 - v.partFinanceePct \/ 100);\n\n    \/\/ \u00c9conomie li\u00e9e au turnover = nb collaborateurs \u00d7 r\u00e9duction turnover (%) \u00d7 co\u00fbt moyen du d\u00e9part\n    const economieTurnover = v.nbParticipants * (v.reducTurnoverPct \/ 100) * v.coutMoyenDepart;\n\n    \/\/ Gain productivit\u00e9 = salaire annuel \u00d7 nb collaborateurs \u00d7 gain productivit\u00e9 (%)\n    const gainProd = v.salaireAnnuel * v.nbParticipants * (v.gainProductivitePct \/ 100);\n\n    \/\/ Gain annuel estim\u00e9\n    const gainAnnuel = economieTurnover + gainProd;\n\n    \/\/ Retour en mois = (co\u00fbt net \/ gain annuel estim\u00e9) \u00d7 12\n    const retourMois = gainAnnuel > 0 ? (coutNet \/ gainAnnuel) * 12 : Infinity;\n\n    return {\n      coutBrut, montantFinance, coutNet, economieTurnover, gainProd, gainAnnuel, retourMois\n    };\n  }\n\n  \/\/ Met \u00e0 jour l'UI avec les r\u00e9sultats\n  function majUI() {\n    const r = calculer();\n\n    resCoutBrut.textContent = fmtEur(r.coutBrut);\n    resMontantFinance.textContent = fmtEur(r.montantFinance);\n    resCoutNet.textContent = fmtEur(r.coutNet);\n    resEconomieTurnover.textContent = fmtEur(r.economieTurnover);\n    resGainProductivite.textContent = fmtEur(r.gainProd);\n    resGainAnnuel.textContent = fmtEur(r.gainAnnuel);\n\n    if (!isFinite(r.retourMois)) {\n      resRetourMois.textContent = 'Ind\u00e9termin\u00e9 (gain annuel = 0)';\n      barRoi.style.width = '0%';\n      interpretation.textContent = \"Le gain annuel estim\u00e9 est nul. Ajustez les param\u00e8tres (r\u00e9duction du turnover ou gain de productivit\u00e9) pour obtenir une estimation de ROI.\";\n    } else {\n      const moisRounded = Math.max(0, Math.round(r.retourMois * 10) \/ 10); \/\/ 1 d\u00e9cimale\n      resRetourMois.textContent = `${moisRounded} mois`;\n\n      \/\/ Barre visuelle : on mappe 0 mois => 100% (tr\u00e8s rentable), 36 mois => 0% (tr\u00e8s long)\n      const perc = Math.max(0, Math.min(100, ((36 - moisRounded) \/ 36) * 100));\n      barRoi.style.width = `${perc}%`;\n\n      \/\/ Interpr\u00e9tation simple et \u00e9ditable\n      if (moisRounded <= 6) {\n        interpretation.textContent = \"Retour rapide : investissement r\u00e9cup\u00e9r\u00e9 en moins de 6 mois. Fort argument pour g\u00e9n\u00e9raliser la formation.\";\n      } else if (moisRounded <= 12) {\n        interpretation.textContent = \"Bon ROI : investissement r\u00e9cup\u00e9r\u00e9 en moins d'un an.\";\n      } else if (moisRounded <= 24) {\n        interpretation.textContent = \"ROI mod\u00e9r\u00e9 : b\u00e9n\u00e9fice \u00e0 moyen terme. Pensez \u00e0 optimiser l'offre ou \u00e0 cibler les participants.\";\n      } else {\n        interpretation.textContent = \"ROI long : l'investissement est rembours\u00e9 au-del\u00e0 de 2 ans. Revoir hypoth\u00e8ses ou co\u00fbts.\";\n      }\n    }\n  }\n\n  \/\/ Copie du r\u00e9sum\u00e9 dans le presse-papiers\n  async function copierResume() {\n    const r = calculer();\n    const texte = [\n      'R\u00e9sum\u00e9 \u2014 Simulateur formation management (Comundi)',\n      `Co\u00fbt total brut : ${fmtEur(r.coutBrut)}`,\n      `Montant financ\u00e9 : ${fmtEur(r.montantFinance)}`,\n      `Co\u00fbt net : ${fmtEur(r.coutNet)}`,\n      `\u00c9conomie turnover : ${fmtEur(r.economieTurnover)}`,\n      `Gain productivit\u00e9 : ${fmtEur(r.gainProd)}`,\n      `Gain annuel estim\u00e9 : ${fmtEur(r.gainAnnuel)}`,\n      `Retour sur investissement : ${isFinite(r.retourMois) ? (Math.round(r.retourMois*10)\/10 + ' mois') : 'Ind\u00e9termin\u00e9'}`\n    ].join('n');\n\n    try {\n      await navigator.clipboard.writeText(texte);\n      btnCopie.textContent = 'Copi\u00e9 ';\n      setTimeout(() => btnCopie.textContent = 'Copier le r\u00e9sum\u00e9', 2000);\n    } catch (e) {\n      \/\/ Fallback : s\u00e9lection et alert\n      alert('Impossible de copier automatiquement. Voici le r\u00e9sum\u00e9 :nn' + texte);\n    }\n  }\n\n  \/\/ Export CSV simple\n  function exporterCSV() {\n    const v = lireValeurs();\n    const r = calculer();\n\n    const headers = ['Champ', 'Valeur'];\n    const rows = [\n      ['Co\u00fbt par participant (EUR)', v.coutParParticipant],\n      ['Nombre de participants', v.nbParticipants],\n      ['Part financ\u00e9e (%)', v.partFinanceePct],\n      ['Salaire annuel moyen (EUR)', v.salaireAnnuel],\n      ['R\u00e9duction turnover (%)', v.reducTurnoverPct],\n      ['Co\u00fbt moyen d\u00e9part (EUR)', v.coutMoyenDepart],\n      ['Gain productivit\u00e9 (%)', v.gainProductivitePct],\n      ['Co\u00fbt total brut (EUR)', r.coutBrut],\n      ['Montant financ\u00e9 (EUR)', r.montantFinance],\n      ['Co\u00fbt net (EUR)', r.coutNet],\n      ['\u00c9conomie turnover (EUR)', r.economieTurnover],\n      ['Gain productivit\u00e9 annuel (EUR)', r.gainProd],\n      ['Gain annuel estim\u00e9 (EUR)', r.gainAnnuel],\n      ['Retour (mois)', isFinite(r.retourMois) ? (Math.round(r.retourMois*10)\/10) : 'Ind\u00e9termin\u00e9']\n    ];\n\n    let csv = headers.join(';') + 'n';\n    rows.forEach(rw => {\n      csv += rw.map(c => `\"${String(c).replace(\/\"\/g, '\"\"')}\"`).join(';') + 'n';\n    });\n\n    const blob = new Blob([csv], { type: 'text\/csv;charset=utf-8;' });\n    const url = URL.createObjectURL(blob);\n    const a = document.createElement('a');\n    a.href = url;\n    a.download = 'simulateur_formation_management.csv';\n    document.body.appendChild(a);\n    a.click();\n    a.remove();\n    URL.revokeObjectURL(url);\n  }\n\n  \/\/ R\u00e9initialise aux valeurs par d\u00e9faut\n  function reinitialiser() {\n    coutParticipant.value = 1200;\n    nbParticipants.value = 10;\n    partFinancee.value = 50;\n    salaireAnnuel.value = 45000;\n    reducTurnover.value = 10;\n    coutDepart.value = 25000;\n    gainProductivite.value = 5;\n    majUI();\n  }\n\n  \/\/ \u00c9v\u00e9nements\n  btnCalculer.addEventListener('click', majUI);\n  btnReset.addEventListener('click', reinitialiser);\n  btnCopie.addEventListener('click', copierResume);\n  btnExportCsv.addEventListener('click', exporterCSV);\n\n  \/\/ Calculer en direct quand l'utilisateur modifie un champ (d\u00e9bounce l\u00e9ger pour perf)\n  const inputs = Array.from(document.querySelectorAll('#form-simulateur input'));\n  let timer;\n  inputs.forEach(i => {\n    i.addEventListener('input', () => {\n      clearTimeout(timer);\n      timer = setTimeout(majUI, 250);\n    });\n  });\n\n  \/\/ Calcul initial\n  majUI();\n\n  \/\/ Note sur les APIs externes (non utilis\u00e9es ici) :\n  \/\/ Si vous souhaitez enrichir avec des salaires moyens par secteur\/pays, utilisez uniquement des APIs gratuites sans cl\u00e9.\n  \/\/ Exemple d'API publique (exemple uniquement, non utilis\u00e9e) :\n  \/\/ URL: https:\/\/api.example.com\/salaire-moyen?pays=FR&secteur=management\n  \/\/ Exemple de r\u00e9ponse JSON attendue :\n  \/\/ {\n  \/\/   \"pays\": \"FR\",\n  \/\/   \"secteur\": \"management\",\n  \/\/   \"salaire_annuel_moyen\": 45000\n  \/\/ }\n  \/\/\n  \/\/ Remarque : ne pas int\u00e9grer d'API payante ou n\u00e9cessitant une cl\u00e9 priv\u00e9e.\n})();\n<\/script>\n\n<h2 class=\"wp-block-heading\">Cas concrets : mise en application et r\u00e9sultats<\/h2>\n\n<p>Cas 1 \u2014 D\u00e9ploiement d\u2019un CRM : combinaison d\u2019un parcours certifiant, d\u2019ateliers projet et de points hebdomadaires. R\u00e9sultats : respect des d\u00e9lais, meilleure coordination inter-\u00e9quipes.<\/p>\n\n<p>Cas 2 \u2014 Management hybride : mise en place de rituels courts, d\u2019outils de suivi partag\u00e9s et de r\u00e8gles de disponibilit\u00e9. R\u00e9sultat : baisse des interruptions et hausse de l\u2019engagement.<\/p>\n\n<p>Ces exemples montrent que l\u2019ancrage se fait par la r\u00e9p\u00e9tition structur\u00e9e : alternance d\u2019action, de retours d\u2019exp\u00e9rience et d\u2019ajustements concrets.<\/p>\n\n<h2 class=\"wp-block-heading\">Erreurs fr\u00e9quentes \u00e0 \u00e9viter et bonnes pratiques<\/h2>\n\n<ul class=\"wp-block-list\"><li><strong>Ne pas choisir une formation trop g\u00e9n\u00e9rale<\/strong> : demandez des cas pratiques align\u00e9s sur vos enjeux.<\/li><li><strong>N\u00e9gliger le suivi post-formation<\/strong> : le coaching transforme l\u2019apprentissage en changement durable.<\/li><li><strong>Ignorer les modalit\u00e9s de financement<\/strong> : pr\u00e9parer un dossier CPF\/OPCO facilite l\u2019acc\u00e8s.<\/li><li><strong>Ne pas mesurer l\u2019impact<\/strong> : d\u00e9finir des indicateurs simples avant la formation est indispensable.<\/li><li><strong>Omettre l\u2019implication de l\u2019encadrement<\/strong> : un sponsor interne acc\u00e9l\u00e8re la mise en \u0153uvre.<\/li><\/ul>\n\n<p>Insight final : une pr\u00e9paration rigoureuse maximise le retour humain et op\u00e9rationnel de la formation.<\/p>\n\n<h2 class=\"wp-block-heading\">Ressources compl\u00e9mentaires et comparaison rapide<\/h2>\n\n<p>Pour \u00e9largir la comparaison, il est utile de regarder des parcours innovants ou sectoriels : <a href=\"https:\/\/www.apres-lecole.fr\/Blog\/formation-intelligence-artificielle-nexa\/\">formations li\u00e9es \u00e0 l\u2019intelligence artificielle<\/a> pour int\u00e9grer des outils num\u00e9riques, ou des exemples d\u2019approches pratiques comme <a href=\"https:\/\/www.apres-lecole.fr\/Blog\/formation-cybersecurite-nexa\/\">formation cybers\u00e9curit\u00e9<\/a> pour des \u00e9quipes techniques. Des retours sur des \u00e9coles sp\u00e9cialis\u00e9es offrent aussi un angle pratique : <a href=\"https:\/\/www.apres-lecole.fr\/Blog\/ecole-hoteliere-ifh-paris-bachelor-master-alternance\/\">IFH Paris<\/a> et <a href=\"https:\/\/www.apres-lecole.fr\/Blog\/clermont-campus-shanghai\/\">Clermont Campus Shanghai<\/a>.<\/p>\n\n<p>Choisir un parcours d\u00e9pendra surtout de votre objectif professionnel : certification pour \u00e9voluer dans la carri\u00e8re ou modules cibl\u00e9s pour r\u00e9soudre une difficult\u00e9 op\u00e9rationnelle imm\u00e9diate.<\/p>\n\n<ul class=\"wp-block-list\"><li>D\u00e9finir 3 objectifs mesurables avant l\u2019inscription.<\/li><li>Valider le format (pr\u00e9sentiel\/blended) selon votre rythme.<\/li><li>Pr\u00e9voir le financement et le suivi post-formation (coaching).<\/li><\/ul>\n\n<script type=\"application\/ld+json\">\n{\"@context\":\"https:\/\/schema.org\",\"@type\":\"FAQPage\",\"mainEntity\":[{\"@type\":\"Question\",\"name\":\"La formation Comundi est-elle finanu00e7able par le CPF ?\",\"acceptedAnswer\":{\"@type\":\"Answer\",\"text\":\"Oui, plusieurs parcours certifiants proposu00e9s par Comundi sont u00e9ligibles au CPF. Il convient de vu00e9rifier lu2019intitulu00e9 exact du parcours et de pru00e9parer le dossier en amont pour su00e9curiser le financement.\"}},{\"@type\":\"Question\",\"name\":\"Quel format privilu00e9gier pour un manager tru00e8s occupu00e9 ?\",\"acceptedAnswer\":{\"@type\":\"Answer\",\"text\":\"Le format blended combine la flexibilitu00e9 du distanciel et lu2019impact du pru00e9sentiel. Pour une montu00e9e en compu00e9tences rapide, privilu00e9giez des sessions courtes avec modules asynchrones et ateliers pratiques.\"}},{\"@type\":\"Question\",\"name\":\"Comment mesurer lu2019impact du2019une formation sur la performance ?\",\"acceptedAnswer\":{\"@type\":\"Answer\",\"text\":\"Du00e9finissez des indicateurs simples (taux du2019atteinte des objectifs, satisfaction u00e9quipe, temps de ru00e9solution des incidents) et planifiez un suivi u00e0 30u201390 jours pour vu00e9rifier lu2019application.\"}},{\"@type\":\"Question\",\"name\":\"Le coaching post-formation est-il essentiel ?\",\"acceptedAnswer\":{\"@type\":\"Answer\",\"text\":\"Le coaching management augmente fortement la probabilitu00e9 du2019ancrage des nouvelles pratiques. Il permet du2019ajuster lu2019application aux ru00e9alitu00e9s du terrain et de maintenir la progression.\"}}]}\n<\/script>\n<h3>La formation Comundi est-elle finan\u00e7able par le CPF ?<\/h3>\n<p>Oui, plusieurs parcours certifiants propos\u00e9s par Comundi sont \u00e9ligibles au CPF. Il convient de v\u00e9rifier l\u2019intitul\u00e9 exact du parcours et de pr\u00e9parer le dossier en amont pour s\u00e9curiser le financement.<\/p>\n<h3>Quel format privil\u00e9gier pour un manager tr\u00e8s occup\u00e9 ?<\/h3>\n<p>Le format blended combine la flexibilit\u00e9 du distanciel et l\u2019impact du pr\u00e9sentiel. Pour une mont\u00e9e en comp\u00e9tences rapide, privil\u00e9giez des sessions courtes avec modules asynchrones et ateliers pratiques.<\/p>\n<h3>Comment mesurer l\u2019impact d\u2019une formation sur la performance ?<\/h3>\n<p>D\u00e9finissez des indicateurs simples (taux d\u2019atteinte des objectifs, satisfaction \u00e9quipe, temps de r\u00e9solution des incidents) et planifiez un suivi \u00e0 30\u201390 jours pour v\u00e9rifier l\u2019application.<\/p>\n<h3>Le coaching post-formation est-il essentiel ?<\/h3>\n<p>Le coaching management augmente fortement la probabilit\u00e9 d\u2019ancrage des nouvelles pratiques. Il permet d\u2019ajuster l\u2019application aux r\u00e9alit\u00e9s du terrain et de maintenir la progression.<\/p>\n\n","protected":false},"excerpt":{"rendered":"<p>Nouvelle prise de poste, \u00e9quipe hybride \u00e0 piloter, objectifs serr\u00e9s et volont\u00e9 de pr\u00e9server les talents : la formation management de Comundi est con\u00e7ue pour r\u00e9pondre \u00e0 ces d\u00e9fis concrets du management 2025. Ce guide pratique explique pourquoi choisir Comundi, quelles comp\u00e9tences d\u00e9velopper en priorit\u00e9 (leadership, communication, d\u00e9l\u00e9gation), quels formats privil\u00e9gier selon votre disponibilit\u00e9, et &#8230; <a title=\"formation management Comundi : am\u00e9liorer vos comp\u00e9tences en 2025\" class=\"read-more\" href=\"https:\/\/www.apres-lecole.fr\/Blog\/formation-management-comundi-2\/\" aria-label=\"En savoir plus sur formation management Comundi : am\u00e9liorer vos comp\u00e9tences en 2025\">Lire plus<\/a><\/p>\n","protected":false},"author":9,"featured_media":2901,"comment_status":"open","ping_status":"open","sticky":false,"template":"","format":"standard","meta":{"footnotes":""},"categories":[1],"tags":[],"class_list":["post-2737","post","type-post","status-publish","format-standard","has-post-thumbnail","hentry","category-metiers-entreprise"],"yoast_head":"<!-- This site is optimized with the Yoast SEO plugin v27.5 - https:\/\/yoast.com\/product\/yoast-seo-wordpress\/ -->\n<title>Formation Management Comundi\u00a0: Boostez vos comp\u00e9tences en 2025<\/title>\n<meta name=\"description\" content=\"Formation management Comundi 2025 : d\u00e9veloppez vos comp\u00e9tences et boostez votre carri\u00e8re avec des techniques innovantes et pratiques.\" \/>\n<meta name=\"robots\" content=\"index, follow, max-snippet:-1, max-image-preview:large, max-video-preview:-1\" \/>\n<link rel=\"canonical\" href=\"https:\/\/www.apres-lecole.fr\/Blog\/formation-management-comundi-2\/\" \/>\n<meta property=\"og:locale\" content=\"fr_FR\" \/>\n<meta property=\"og:type\" content=\"article\" \/>\n<meta property=\"og:title\" content=\"Formation Management Comundi\u00a0: Boostez vos comp\u00e9tences en 2025\" \/>\n<meta property=\"og:description\" content=\"Formation management Comundi 2025 : d\u00e9veloppez vos comp\u00e9tences et boostez votre carri\u00e8re avec des techniques innovantes et pratiques.\" \/>\n<meta property=\"og:url\" content=\"https:\/\/www.apres-lecole.fr\/Blog\/formation-management-comundi-2\/\" \/>\n<meta property=\"article:published_time\" content=\"2025-12-14T12:50:42+00:00\" \/>\n<meta property=\"article:modified_time\" content=\"2025-12-22T06:49:07+00:00\" \/>\n<meta property=\"og:image\" content=\"https:\/\/www.apres-lecole.fr\/Blog\/wp-content\/uploads\/2025\/11\/examen-assr-2025-tout-savoir-sur-https-e-assr-education-securite-routiere-fr.jpg\" \/>\n\t<meta property=\"og:image:width\" content=\"1344\" \/>\n\t<meta property=\"og:image:height\" content=\"768\" \/>\n\t<meta property=\"og:image:type\" content=\"image\/jpeg\" \/>\n<meta name=\"author\" content=\"Eva Martin\" \/>\n<meta name=\"twitter:card\" content=\"summary_large_image\" \/>\n<meta name=\"twitter:creator\" content=\"@Evaapresecole\" \/>\n<meta name=\"twitter:label1\" content=\"\u00c9crit par\" \/>\n\t<meta name=\"twitter:data1\" content=\"Eva Martin\" \/>\n\t<meta name=\"twitter:label2\" content=\"Dur\u00e9e de lecture estim\u00e9e\" \/>\n\t<meta name=\"twitter:data2\" content=\"7 minutes\" \/>\n<script type=\"application\/ld+json\" class=\"yoast-schema-graph\">{\"@context\":\"https:\\\/\\\/schema.org\",\"@graph\":[{\"@type\":\"Article\",\"@id\":\"https:\\\/\\\/www.apres-lecole.fr\\\/Blog\\\/formation-management-comundi-2\\\/#article\",\"isPartOf\":{\"@id\":\"https:\\\/\\\/www.apres-lecole.fr\\\/Blog\\\/formation-management-comundi-2\\\/\"},\"author\":{\"name\":\"Eva Martin\",\"@id\":\"https:\\\/\\\/www.apres-lecole.fr\\\/Blog\\\/#\\\/schema\\\/person\\\/aeb50cd4b51fc69da155804bb5bb9fc4\"},\"headline\":\"formation management Comundi : am\u00e9liorer vos comp\u00e9tences en 2025\",\"datePublished\":\"2025-12-14T12:50:42+00:00\",\"dateModified\":\"2025-12-22T06:49:07+00:00\",\"mainEntityOfPage\":{\"@id\":\"https:\\\/\\\/www.apres-lecole.fr\\\/Blog\\\/formation-management-comundi-2\\\/\"},\"wordCount\":1414,\"commentCount\":0,\"image\":{\"@id\":\"https:\\\/\\\/www.apres-lecole.fr\\\/Blog\\\/formation-management-comundi-2\\\/#primaryimage\"},\"thumbnailUrl\":\"https:\\\/\\\/www.apres-lecole.fr\\\/Blog\\\/wp-content\\\/uploads\\\/2025\\\/12\\\/formation-management-Comundi-ameliorer-vos-competences-en-2025.jpg\",\"articleSection\":[\"M\u00e9tiers &amp; Entreprise\"],\"inLanguage\":\"fr-FR\",\"potentialAction\":[{\"@type\":\"CommentAction\",\"name\":\"Comment\",\"target\":[\"https:\\\/\\\/www.apres-lecole.fr\\\/Blog\\\/formation-management-comundi-2\\\/#respond\"]}]},{\"@type\":\"WebPage\",\"@id\":\"https:\\\/\\\/www.apres-lecole.fr\\\/Blog\\\/formation-management-comundi-2\\\/\",\"url\":\"https:\\\/\\\/www.apres-lecole.fr\\\/Blog\\\/formation-management-comundi-2\\\/\",\"name\":\"Formation Management Comundi\u00a0: Boostez vos comp\u00e9tences en 2025\",\"isPartOf\":{\"@id\":\"https:\\\/\\\/www.apres-lecole.fr\\\/Blog\\\/#website\"},\"primaryImageOfPage\":{\"@id\":\"https:\\\/\\\/www.apres-lecole.fr\\\/Blog\\\/formation-management-comundi-2\\\/#primaryimage\"},\"image\":{\"@id\":\"https:\\\/\\\/www.apres-lecole.fr\\\/Blog\\\/formation-management-comundi-2\\\/#primaryimage\"},\"thumbnailUrl\":\"https:\\\/\\\/www.apres-lecole.fr\\\/Blog\\\/wp-content\\\/uploads\\\/2025\\\/12\\\/formation-management-Comundi-ameliorer-vos-competences-en-2025.jpg\",\"datePublished\":\"2025-12-14T12:50:42+00:00\",\"dateModified\":\"2025-12-22T06:49:07+00:00\",\"author\":{\"@id\":\"https:\\\/\\\/www.apres-lecole.fr\\\/Blog\\\/#\\\/schema\\\/person\\\/aeb50cd4b51fc69da155804bb5bb9fc4\"},\"description\":\"Formation management Comundi 2025 : d\u00e9veloppez vos comp\u00e9tences et boostez votre carri\u00e8re avec des techniques innovantes et pratiques.\",\"breadcrumb\":{\"@id\":\"https:\\\/\\\/www.apres-lecole.fr\\\/Blog\\\/formation-management-comundi-2\\\/#breadcrumb\"},\"inLanguage\":\"fr-FR\",\"potentialAction\":[{\"@type\":\"ReadAction\",\"target\":[\"https:\\\/\\\/www.apres-lecole.fr\\\/Blog\\\/formation-management-comundi-2\\\/\"]}]},{\"@type\":\"ImageObject\",\"inLanguage\":\"fr-FR\",\"@id\":\"https:\\\/\\\/www.apres-lecole.fr\\\/Blog\\\/formation-management-comundi-2\\\/#primaryimage\",\"url\":\"https:\\\/\\\/www.apres-lecole.fr\\\/Blog\\\/wp-content\\\/uploads\\\/2025\\\/12\\\/formation-management-Comundi-ameliorer-vos-competences-en-2025.jpg\",\"contentUrl\":\"https:\\\/\\\/www.apres-lecole.fr\\\/Blog\\\/wp-content\\\/uploads\\\/2025\\\/12\\\/formation-management-Comundi-ameliorer-vos-competences-en-2025.jpg\",\"width\":1344,\"height\":768,\"caption\":\"d\u00e9couvrez la formation management comundi pour d\u00e9velopper et am\u00e9liorer vos comp\u00e9tences en leadership et gestion en 2025. boostez votre carri\u00e8re avec des outils et m\u00e9thodes adapt\u00e9s.\"},{\"@type\":\"BreadcrumbList\",\"@id\":\"https:\\\/\\\/www.apres-lecole.fr\\\/Blog\\\/formation-management-comundi-2\\\/#breadcrumb\",\"itemListElement\":[{\"@type\":\"ListItem\",\"position\":1,\"name\":\"Home\",\"item\":\"https:\\\/\\\/www.apres-lecole.fr\\\/Blog\\\/\"},{\"@type\":\"ListItem\",\"position\":2,\"name\":\"formation management Comundi : am\u00e9liorer vos comp\u00e9tences en 2025\"}]},{\"@type\":\"WebSite\",\"@id\":\"https:\\\/\\\/www.apres-lecole.fr\\\/Blog\\\/#website\",\"url\":\"https:\\\/\\\/www.apres-lecole.fr\\\/Blog\\\/\",\"name\":\"\",\"description\":\"M\u00e9dia g\u00e9n\u00e9raliste\",\"potentialAction\":[{\"@type\":\"SearchAction\",\"target\":{\"@type\":\"EntryPoint\",\"urlTemplate\":\"https:\\\/\\\/www.apres-lecole.fr\\\/Blog\\\/?s={search_term_string}\"},\"query-input\":{\"@type\":\"PropertyValueSpecification\",\"valueRequired\":true,\"valueName\":\"search_term_string\"}}],\"inLanguage\":\"fr-FR\"},{\"@type\":\"Person\",\"@id\":\"https:\\\/\\\/www.apres-lecole.fr\\\/Blog\\\/#\\\/schema\\\/person\\\/aeb50cd4b51fc69da155804bb5bb9fc4\",\"name\":\"Eva Martin\",\"image\":{\"@type\":\"ImageObject\",\"inLanguage\":\"fr-FR\",\"@id\":\"https:\\\/\\\/secure.gravatar.com\\\/avatar\\\/55c53222558b27a72015a64073a80edce4abd33369394b9bf2c5cd6c19d12682?s=96&d=mm&r=g\",\"url\":\"https:\\\/\\\/secure.gravatar.com\\\/avatar\\\/55c53222558b27a72015a64073a80edce4abd33369394b9bf2c5cd6c19d12682?s=96&d=mm&r=g\",\"contentUrl\":\"https:\\\/\\\/secure.gravatar.com\\\/avatar\\\/55c53222558b27a72015a64073a80edce4abd33369394b9bf2c5cd6c19d12682?s=96&d=mm&r=g\",\"caption\":\"Eva Martin\"},\"description\":\"Je parle de business et d'entrepreneuriat avec des conseils clairs, concrets et actionnables pour r\u00e9ussir\",\"sameAs\":[\"https:\\\/\\\/x.com\\\/Evaapresecole\"],\"url\":\"https:\\\/\\\/www.apres-lecole.fr\\\/Blog\\\/author\\\/evamartin\\\/\"}]}<\/script>\n<!-- \/ Yoast SEO plugin. -->","yoast_head_json":{"title":"Formation Management Comundi\u00a0: Boostez vos comp\u00e9tences en 2025","description":"Formation management Comundi 2025 : d\u00e9veloppez vos comp\u00e9tences et boostez votre carri\u00e8re avec des techniques innovantes et pratiques.","robots":{"index":"index","follow":"follow","max-snippet":"max-snippet:-1","max-image-preview":"max-image-preview:large","max-video-preview":"max-video-preview:-1"},"canonical":"https:\/\/www.apres-lecole.fr\/Blog\/formation-management-comundi-2\/","og_locale":"fr_FR","og_type":"article","og_title":"Formation Management Comundi\u00a0: Boostez vos comp\u00e9tences en 2025","og_description":"Formation management Comundi 2025 : d\u00e9veloppez vos comp\u00e9tences et boostez votre carri\u00e8re avec des techniques innovantes et pratiques.","og_url":"https:\/\/www.apres-lecole.fr\/Blog\/formation-management-comundi-2\/","article_published_time":"2025-12-14T12:50:42+00:00","article_modified_time":"2025-12-22T06:49:07+00:00","og_image":[{"width":1344,"height":768,"url":"https:\/\/www.apres-lecole.fr\/Blog\/wp-content\/uploads\/2025\/11\/examen-assr-2025-tout-savoir-sur-https-e-assr-education-securite-routiere-fr.jpg","type":"image\/jpeg"}],"author":"Eva Martin","twitter_card":"summary_large_image","twitter_creator":"@Evaapresecole","twitter_misc":{"\u00c9crit par":"Eva Martin","Dur\u00e9e de lecture estim\u00e9e":"7 minutes"},"schema":{"@context":"https:\/\/schema.org","@graph":[{"@type":"Article","@id":"https:\/\/www.apres-lecole.fr\/Blog\/formation-management-comundi-2\/#article","isPartOf":{"@id":"https:\/\/www.apres-lecole.fr\/Blog\/formation-management-comundi-2\/"},"author":{"name":"Eva Martin","@id":"https:\/\/www.apres-lecole.fr\/Blog\/#\/schema\/person\/aeb50cd4b51fc69da155804bb5bb9fc4"},"headline":"formation management Comundi : am\u00e9liorer vos comp\u00e9tences en 2025","datePublished":"2025-12-14T12:50:42+00:00","dateModified":"2025-12-22T06:49:07+00:00","mainEntityOfPage":{"@id":"https:\/\/www.apres-lecole.fr\/Blog\/formation-management-comundi-2\/"},"wordCount":1414,"commentCount":0,"image":{"@id":"https:\/\/www.apres-lecole.fr\/Blog\/formation-management-comundi-2\/#primaryimage"},"thumbnailUrl":"https:\/\/www.apres-lecole.fr\/Blog\/wp-content\/uploads\/2025\/12\/formation-management-Comundi-ameliorer-vos-competences-en-2025.jpg","articleSection":["M\u00e9tiers &amp; Entreprise"],"inLanguage":"fr-FR","potentialAction":[{"@type":"CommentAction","name":"Comment","target":["https:\/\/www.apres-lecole.fr\/Blog\/formation-management-comundi-2\/#respond"]}]},{"@type":"WebPage","@id":"https:\/\/www.apres-lecole.fr\/Blog\/formation-management-comundi-2\/","url":"https:\/\/www.apres-lecole.fr\/Blog\/formation-management-comundi-2\/","name":"Formation Management Comundi\u00a0: Boostez vos comp\u00e9tences en 2025","isPartOf":{"@id":"https:\/\/www.apres-lecole.fr\/Blog\/#website"},"primaryImageOfPage":{"@id":"https:\/\/www.apres-lecole.fr\/Blog\/formation-management-comundi-2\/#primaryimage"},"image":{"@id":"https:\/\/www.apres-lecole.fr\/Blog\/formation-management-comundi-2\/#primaryimage"},"thumbnailUrl":"https:\/\/www.apres-lecole.fr\/Blog\/wp-content\/uploads\/2025\/12\/formation-management-Comundi-ameliorer-vos-competences-en-2025.jpg","datePublished":"2025-12-14T12:50:42+00:00","dateModified":"2025-12-22T06:49:07+00:00","author":{"@id":"https:\/\/www.apres-lecole.fr\/Blog\/#\/schema\/person\/aeb50cd4b51fc69da155804bb5bb9fc4"},"description":"Formation management Comundi 2025 : d\u00e9veloppez vos comp\u00e9tences et boostez votre carri\u00e8re avec des techniques innovantes et pratiques.","breadcrumb":{"@id":"https:\/\/www.apres-lecole.fr\/Blog\/formation-management-comundi-2\/#breadcrumb"},"inLanguage":"fr-FR","potentialAction":[{"@type":"ReadAction","target":["https:\/\/www.apres-lecole.fr\/Blog\/formation-management-comundi-2\/"]}]},{"@type":"ImageObject","inLanguage":"fr-FR","@id":"https:\/\/www.apres-lecole.fr\/Blog\/formation-management-comundi-2\/#primaryimage","url":"https:\/\/www.apres-lecole.fr\/Blog\/wp-content\/uploads\/2025\/12\/formation-management-Comundi-ameliorer-vos-competences-en-2025.jpg","contentUrl":"https:\/\/www.apres-lecole.fr\/Blog\/wp-content\/uploads\/2025\/12\/formation-management-Comundi-ameliorer-vos-competences-en-2025.jpg","width":1344,"height":768,"caption":"d\u00e9couvrez la formation management comundi pour d\u00e9velopper et am\u00e9liorer vos comp\u00e9tences en leadership et gestion en 2025. boostez votre carri\u00e8re avec des outils et m\u00e9thodes adapt\u00e9s."},{"@type":"BreadcrumbList","@id":"https:\/\/www.apres-lecole.fr\/Blog\/formation-management-comundi-2\/#breadcrumb","itemListElement":[{"@type":"ListItem","position":1,"name":"Home","item":"https:\/\/www.apres-lecole.fr\/Blog\/"},{"@type":"ListItem","position":2,"name":"formation management Comundi : am\u00e9liorer vos comp\u00e9tences en 2025"}]},{"@type":"WebSite","@id":"https:\/\/www.apres-lecole.fr\/Blog\/#website","url":"https:\/\/www.apres-lecole.fr\/Blog\/","name":"","description":"M\u00e9dia g\u00e9n\u00e9raliste","potentialAction":[{"@type":"SearchAction","target":{"@type":"EntryPoint","urlTemplate":"https:\/\/www.apres-lecole.fr\/Blog\/?s={search_term_string}"},"query-input":{"@type":"PropertyValueSpecification","valueRequired":true,"valueName":"search_term_string"}}],"inLanguage":"fr-FR"},{"@type":"Person","@id":"https:\/\/www.apres-lecole.fr\/Blog\/#\/schema\/person\/aeb50cd4b51fc69da155804bb5bb9fc4","name":"Eva Martin","image":{"@type":"ImageObject","inLanguage":"fr-FR","@id":"https:\/\/secure.gravatar.com\/avatar\/55c53222558b27a72015a64073a80edce4abd33369394b9bf2c5cd6c19d12682?s=96&d=mm&r=g","url":"https:\/\/secure.gravatar.com\/avatar\/55c53222558b27a72015a64073a80edce4abd33369394b9bf2c5cd6c19d12682?s=96&d=mm&r=g","contentUrl":"https:\/\/secure.gravatar.com\/avatar\/55c53222558b27a72015a64073a80edce4abd33369394b9bf2c5cd6c19d12682?s=96&d=mm&r=g","caption":"Eva Martin"},"description":"Je parle de business et d'entrepreneuriat avec des conseils clairs, concrets et actionnables pour r\u00e9ussir","sameAs":["https:\/\/x.com\/Evaapresecole"],"url":"https:\/\/www.apres-lecole.fr\/Blog\/author\/evamartin\/"}]}},"views":714,"_links":{"self":[{"href":"https:\/\/www.apres-lecole.fr\/Blog\/wp-json\/wp\/v2\/posts\/2737","targetHints":{"allow":["GET"]}}],"collection":[{"href":"https:\/\/www.apres-lecole.fr\/Blog\/wp-json\/wp\/v2\/posts"}],"about":[{"href":"https:\/\/www.apres-lecole.fr\/Blog\/wp-json\/wp\/v2\/types\/post"}],"author":[{"embeddable":true,"href":"https:\/\/www.apres-lecole.fr\/Blog\/wp-json\/wp\/v2\/users\/9"}],"replies":[{"embeddable":true,"href":"https:\/\/www.apres-lecole.fr\/Blog\/wp-json\/wp\/v2\/comments?post=2737"}],"version-history":[{"count":2,"href":"https:\/\/www.apres-lecole.fr\/Blog\/wp-json\/wp\/v2\/posts\/2737\/revisions"}],"predecessor-version":[{"id":2903,"href":"https:\/\/www.apres-lecole.fr\/Blog\/wp-json\/wp\/v2\/posts\/2737\/revisions\/2903"}],"wp:featuredmedia":[{"embeddable":true,"href":"https:\/\/www.apres-lecole.fr\/Blog\/wp-json\/wp\/v2\/media\/2901"}],"wp:attachment":[{"href":"https:\/\/www.apres-lecole.fr\/Blog\/wp-json\/wp\/v2\/media?parent=2737"}],"wp:term":[{"taxonomy":"category","embeddable":true,"href":"https:\/\/www.apres-lecole.fr\/Blog\/wp-json\/wp\/v2\/categories?post=2737"},{"taxonomy":"post_tag","embeddable":true,"href":"https:\/\/www.apres-lecole.fr\/Blog\/wp-json\/wp\/v2\/tags?post=2737"}],"curies":[{"name":"wp","href":"https:\/\/api.w.org\/{rel}","templated":true}]}}