{"id":2699,"date":"2025-11-10T21:26:51","date_gmt":"2025-11-10T21:26:51","guid":{"rendered":"https:\/\/www.apres-lecole.fr\/Blog\/signaux-fatigue-stress\/"},"modified":"2025-11-10T21:26:51","modified_gmt":"2025-11-10T21:26:51","slug":"signaux-fatigue-stress","status":"publish","type":"post","link":"https:\/\/www.apres-lecole.fr\/Blog\/signaux-fatigue-stress\/","title":{"rendered":"Sant\u00e9 : 5 signaux de fatigue que vous confondez avec du stress"},"content":{"rendered":"\n\n<div class=\"kk-star-ratings kksr-auto kksr-align-left kksr-valign-top\"\n    data-payload='{&quot;align&quot;:&quot;left&quot;,&quot;id&quot;:&quot;2699&quot;,&quot;slug&quot;:&quot;default&quot;,&quot;valign&quot;:&quot;top&quot;,&quot;ignore&quot;:&quot;&quot;,&quot;reference&quot;:&quot;auto&quot;,&quot;class&quot;:&quot;&quot;,&quot;count&quot;:&quot;0&quot;,&quot;legendonly&quot;:&quot;&quot;,&quot;readonly&quot;:&quot;&quot;,&quot;score&quot;:&quot;0&quot;,&quot;starsonly&quot;:&quot;&quot;,&quot;best&quot;:&quot;5&quot;,&quot;gap&quot;:&quot;5&quot;,&quot;greet&quot;:&quot;Rate this post&quot;,&quot;legend&quot;:&quot;0\\\/5 - (0 vote)&quot;,&quot;size&quot;:&quot;24&quot;,&quot;title&quot;:&quot;Sant\u00e9 : 5 signaux de fatigue que vous confondez avec du stress&quot;,&quot;width&quot;:&quot;0&quot;,&quot;_legend&quot;:&quot;{score}\\\/{best} - ({count} {votes})&quot;,&quot;font_factor&quot;:&quot;1.25&quot;}'>\n            \n<div class=\"kksr-stars\">\n    \n<div class=\"kksr-stars-inactive\">\n            <div class=\"kksr-star\" data-star=\"1\" style=\"padding-right: 5px\">\n            \n\n<div class=\"kksr-icon\" style=\"width: 24px; height: 24px;\"><\/div>\n        <\/div>\n            <div class=\"kksr-star\" data-star=\"2\" style=\"padding-right: 5px\">\n            \n\n<div class=\"kksr-icon\" style=\"width: 24px; height: 24px;\"><\/div>\n        <\/div>\n            <div class=\"kksr-star\" data-star=\"3\" style=\"padding-right: 5px\">\n            \n\n<div class=\"kksr-icon\" style=\"width: 24px; height: 24px;\"><\/div>\n        <\/div>\n            <div class=\"kksr-star\" data-star=\"4\" style=\"padding-right: 5px\">\n            \n\n<div class=\"kksr-icon\" style=\"width: 24px; height: 24px;\"><\/div>\n        <\/div>\n            <div class=\"kksr-star\" data-star=\"5\" style=\"padding-right: 5px\">\n            \n\n<div class=\"kksr-icon\" style=\"width: 24px; height: 24px;\"><\/div>\n        <\/div>\n    <\/div>\n    \n<div class=\"kksr-stars-active\" style=\"width: 0px;\">\n            <div class=\"kksr-star\" style=\"padding-right: 5px\">\n            \n\n<div class=\"kksr-icon\" style=\"width: 24px; height: 24px;\"><\/div>\n        <\/div>\n            <div class=\"kksr-star\" style=\"padding-right: 5px\">\n            \n\n<div class=\"kksr-icon\" style=\"width: 24px; height: 24px;\"><\/div>\n        <\/div>\n            <div class=\"kksr-star\" style=\"padding-right: 5px\">\n            \n\n<div class=\"kksr-icon\" style=\"width: 24px; height: 24px;\"><\/div>\n        <\/div>\n            <div class=\"kksr-star\" style=\"padding-right: 5px\">\n            \n\n<div class=\"kksr-icon\" style=\"width: 24px; height: 24px;\"><\/div>\n        <\/div>\n            <div class=\"kksr-star\" style=\"padding-right: 5px\">\n            \n\n<div class=\"kksr-icon\" style=\"width: 24px; height: 24px;\"><\/div>\n        <\/div>\n    <\/div>\n<\/div>\n                \n\n<div class=\"kksr-legend\" style=\"font-size: 19.2px;\">\n            <span class=\"kksr-muted\">Rate this post<\/span>\n    <\/div>\n    <\/div>\n<p>Le stress est souvent point\u00e9 du doigt comme la cause principale de cette sensation de fatigue qui nous plombe en plein milieu de la journ\u00e9e. Pourtant, certains signaux annonciateurs de fatigue chronique sont fr\u00e9quemment confondus avec du stress alors qu\u2019ils m\u00e9ritent une attention sp\u00e9cifique. Parmi ces signes, on retrouve l\u2019insomnie persistante, les difficult\u00e9s de concentration, les migraines r\u00e9guli\u00e8res, un syst\u00e8me immunitaire fragilis\u00e9, et cet \u00e9tat de tension musculaire sourde qui ne semble jamais s\u2019apaiser. En identifiant correctement ces sympt\u00f4mes, vous pouvez non seulement am\u00e9liorer votre bien-\u00eatre g\u00e9n\u00e9ral, mais aussi r\u00e9\u00e9nergiser durablement votre corps. On vous explique comment ne plus confondre fatigue et stress, et surtout comment les g\u00e9rer efficacement.<\/p>\n\n<ul class=\"wp-block-list\"><li><strong>Insomnie ou sommeil l\u00e9ger :<\/strong> La difficult\u00e9 \u00e0 s\u2019endormir ou un sommeil non r\u00e9parateur peut traduire une fatigue profonde, m\u00eame si on pense que c\u2019est le stress qui en est la cause.<\/li><li><strong>Pens\u00e9es envahissantes :<\/strong> Un cerveau hyperactif qui rumine en permanence peut refl\u00e9ter un \u00e9tat de fatigue mentale tout autant qu\u2019un stress chronique.<\/li><li><strong>Baisse de concentration :<\/strong> Quand la liste des t\u00e2ches devient un casse-t\u00eate ing\u00e9rable, cela signe une fatigue cognitive plut\u00f4t qu\u2019un simple stress temporaire.<\/li><li><strong>Syst\u00e8me immunitaire affaibli :<\/strong> Les maladies fr\u00e9quentes et les douleurs peuvent indiquer que la fatigue s\u2019installe durablement, impactant ainsi votre d\u00e9fense naturelle.<\/li><li><strong>Migraines r\u00e9currentes :<\/strong> Ces douleurs persistantes traduisent souvent une fatigue physique intense et m\u00e9ritent une prise en charge au-del\u00e0 de la gestion du stress.<\/li><\/ul>\n\n<h2 class=\"wp-block-heading\">Reconna\u00eetre pr\u00e9cis\u00e9ment les signaux de fatigue myst\u00e9rieuse<\/h2>\n\n<p>Face \u00e0 ces signes, la premi\u00e8re \u00e9tape est de ne pas se pr\u00e9cipiter en attribuant tout au stress. Cette confusion peut retarder des solutions adapt\u00e9es. Par exemple, l\u2019insomnie r\u00e9p\u00e9t\u00e9e doit inciter \u00e0 chouchouter le sommeil\u00a0: adopter une <a href=\"https:\/\/www.apres-lecole.fr\/Blog\/regle-sommeil-10-3-2-1-0\/\">routine de sommeil stricte<\/a> ou supprimer les applications qui perturbent le repos. <\/p>\n\n<p>Le cerveau qui tourne en boucle r\u00e9clame des pauses intelligentes. Appliquer la <a href=\"https:\/\/www.apres-lecole.fr\/Blog\/technique-52-17-productivite\/\">technique 52\/17<\/a> permet de s\u2019a\u00e9rer l\u2019esprit bri\u00e8vement mais efficacement. Une touche de rigueur dans la gestion des priorit\u00e9s \u00e9vite la surcharge mentale.<\/p>\n\n<p>Pour un syst\u00e8me immunitaire fatigu\u00e9, il faut adopter des bonnes pratiques pour renforcer ses d\u00e9fenses : une alimentation riche en prot\u00e9ines au petit-d\u00e9jeuner par exemple, favorise l\u2019\u00e9nergie tout au long de la journ\u00e9e (<a href=\"https:\/\/www.apres-lecole.fr\/Blog\/petit-dej-proteine\/\">voir astuces<\/a>).<\/p>\n\n<figure class=\"wp-block-image size-full\"><img decoding=\"async\" width=\"1344\" height=\"768\" src=\"https:\/\/www.apres-lecole.fr\/Blog\/wp-content\/uploads\/2025\/11\/Sante-5-signaux-de-fatigue-que-vous-confondez-avec-du-stress-1.jpg\" alt=\"d\u00e9couvrez les 5 signaux de fatigue souvent confondus avec le stress et apprenez \u00e0 les reconna\u00eetre pour mieux prendre soin de votre sant\u00e9 au quotidien.\" class=\"wp-image-2698\" srcset=\"https:\/\/www.apres-lecole.fr\/Blog\/wp-content\/uploads\/2025\/11\/Sante-5-signaux-de-fatigue-que-vous-confondez-avec-du-stress-1.jpg 1344w, https:\/\/www.apres-lecole.fr\/Blog\/wp-content\/uploads\/2025\/11\/Sante-5-signaux-de-fatigue-que-vous-confondez-avec-du-stress-1-300x171.jpg 300w, https:\/\/www.apres-lecole.fr\/Blog\/wp-content\/uploads\/2025\/11\/Sante-5-signaux-de-fatigue-que-vous-confondez-avec-du-stress-1-1024x585.jpg 1024w, https:\/\/www.apres-lecole.fr\/Blog\/wp-content\/uploads\/2025\/11\/Sante-5-signaux-de-fatigue-que-vous-confondez-avec-du-stress-1-768x439.jpg 768w\" sizes=\"(max-width: 1344px) 100vw, 1344px\" \/><\/figure>\n\n<h3 class=\"wp-block-heading\">Un plan d\u2019action en 5 \u00e9tapes pour rebondir<\/h3>\n\n<ol class=\"wp-block-list\"><li><strong>\u00c9valuation :<\/strong> Identifiez clairement vos sympt\u00f4mes d\u00e8s qu\u2019ils apparaissent pour distinguer fatigue et stress. Un journal de bord peut aider.<\/li><li><strong>Organisation :<\/strong> Mettez en place des pauses r\u00e9guli\u00e8res, notamment avec des techniques de productivit\u00e9 reconnues pour \u00e9viter la surcharge intellectuelle.<\/li><li><strong>Sommeil :<\/strong> Respectez des r\u00e8gles strictes et \u00e9liminez les distractions dans la chambre. N\u2019h\u00e9sitez pas \u00e0 consulter pour traiter les insomnies persistantes.<\/li><li><strong>Renforcement :<\/strong> Boostez votre syst\u00e8me immunitaire avec une nutrition adapt\u00e9e et une activit\u00e9 physique mod\u00e9r\u00e9e.<\/li><li><strong>Assistance :<\/strong> Consultez un professionnel de sant\u00e9 si les signes persistent malgr\u00e9 vos efforts.<\/li><\/ol>\n\n<h2 class=\"wp-block-heading\">Le stress et la fatigue ne sont pas toujours synonymes : alternatives et limites<\/h2>\n\n<p>Si le stress est une r\u00e9action naturelle face \u00e0 une menace, la fatigue durable regroupe souvent des signes physiques plus marqu\u00e9s qui n\u00e9cessitent un autre regard. Par exemple, une fatigue chronique mal prise en charge peut aller bien au-del\u00e0 du stress et entra\u00eener des troubles comme la d\u00e9pression ou des pathologies cardiovasculaires. <\/p>\n\n<p>Le recours \u00e0 un psychologue est conseill\u00e9 d\u00e8s que le stress devient chronique, mais il est important \u00e9galement d\u2019observer son corps. Pour certains, des troubles du sommeil m\u00e9connus ou des migraines r\u00e9currentes peuvent r\u00e9v\u00e9ler un probl\u00e8me sous-jacent non r\u00e9solu par de simples m\u00e9thodes de gestion du stress. <\/p>\n\n<p>En derni\u00e8re analyse, devenir \u00e0 l\u2019\u00e9coute de ses <strong>signaux de fatigue<\/strong> est essentiel pour pr\u00e9server sa <strong>sant\u00e9<\/strong> et son <strong>bien-\u00eatre<\/strong> sur la dur\u00e9e. Pour mieux comprendre ces m\u00e9canismes, explorez des guides sur le sujet comme ceux disponibles sur <a href=\"https:\/\/www.passeportsante.net\/magazine\/psycho?doc=signes-stress-chronique-psychologue\">Passeport Sant\u00e9<\/a> ou <a href=\"https:\/\/stressanxiete.fr\/symptomes-stress\/\">StressAnxiete.fr<\/a>.<\/p>\n\n<h3 class=\"wp-block-heading\">Mieux reconna\u00eetre ses limites pour mieux rebondir<\/h3>\n\n<p>La fatigue ne se r\u00e9sume pas \u00e0 une simple baisse d\u2019\u00e9nergie ou \u00e0 un <strong>manque de sommeil<\/strong>. Ce sont des signaux parfois \u00e0 peine perceptibles qui doivent alerter. Rep\u00e9rer ces sympt\u00f4mes vous permettra d\u2019agir avant que les effets du stress et de la fatigue ne s\u2019accentuent. <a href=\"https:\/\/www.doctissimo.fr\/psychologie\/problemes-psy\/stress\/5-signaux-dalerte-que-votre-corps-vous-envoie-en-cas-de-stress-aigu-413325.htm\">D\u00e9couvrez ici quels signaux ne pas n\u00e9gliger<\/a>.<\/p>\n\n","protected":false},"excerpt":{"rendered":"<p>Le stress est souvent point\u00e9 du doigt comme la cause principale de cette sensation de fatigue qui nous plombe en plein milieu de la journ\u00e9e. Pourtant, certains signaux annonciateurs de fatigue chronique sont fr\u00e9quemment confondus avec du stress alors qu\u2019ils m\u00e9ritent une attention sp\u00e9cifique. Parmi ces signes, on retrouve l\u2019insomnie persistante, les difficult\u00e9s de concentration, &#8230; <a title=\"Sant\u00e9 : 5 signaux de fatigue que vous confondez avec du stress\" class=\"read-more\" href=\"https:\/\/www.apres-lecole.fr\/Blog\/signaux-fatigue-stress\/\" aria-label=\"En savoir plus sur Sant\u00e9 : 5 signaux de fatigue que vous confondez avec du stress\">Lire plus<\/a><\/p>\n","protected":false},"author":9,"featured_media":2697,"comment_status":"open","ping_status":"open","sticky":false,"template":"","format":"standard","meta":{"footnotes":""},"categories":[1848],"tags":[],"class_list":["post-2699","post","type-post","status-publish","format-standard","has-post-thumbnail","hentry","category-tendance"],"yoast_head":"<!-- This site is optimized with the Yoast SEO plugin v27.5 - https:\/\/yoast.com\/product\/yoast-seo-wordpress\/ -->\n<title>Fatigue ou stress\u00a0? 5 signaux \u00e0 ne pas confondre<\/title>\n<meta name=\"description\" content=\"D\u00e9couvrez 5 signaux de fatigue souvent confondus avec le stress pour mieux comprendre votre corps et pr\u00e9server votre sant\u00e9 au quotidien.\" \/>\n<meta name=\"robots\" content=\"index, follow, max-snippet:-1, max-image-preview:large, max-video-preview:-1\" \/>\n<link rel=\"canonical\" href=\"https:\/\/www.apres-lecole.fr\/Blog\/signaux-fatigue-stress\/\" \/>\n<meta property=\"og:locale\" content=\"fr_FR\" \/>\n<meta property=\"og:type\" content=\"article\" \/>\n<meta property=\"og:title\" content=\"Fatigue ou stress\u00a0? 5 signaux \u00e0 ne pas confondre\" \/>\n<meta property=\"og:description\" content=\"D\u00e9couvrez 5 signaux de fatigue souvent confondus avec le stress pour mieux comprendre votre corps et pr\u00e9server votre sant\u00e9 au quotidien.\" \/>\n<meta property=\"og:url\" content=\"https:\/\/www.apres-lecole.fr\/Blog\/signaux-fatigue-stress\/\" \/>\n<meta property=\"article:published_time\" content=\"2025-11-10T21:26:51+00:00\" \/>\n<meta property=\"og:image\" content=\"https:\/\/www.apres-lecole.fr\/Blog\/wp-content\/uploads\/2025\/11\/Sante-5-signaux-de-fatigue-que-vous-confondez-avec-du-stress.jpg\" \/>\n\t<meta property=\"og:image:width\" content=\"1344\" \/>\n\t<meta property=\"og:image:height\" content=\"768\" \/>\n\t<meta property=\"og:image:type\" content=\"image\/jpeg\" \/>\n<meta name=\"author\" content=\"Eva Martin\" \/>\n<meta name=\"twitter:card\" content=\"summary_large_image\" \/>\n<meta name=\"twitter:creator\" content=\"@Evaapresecole\" \/>\n<meta name=\"twitter:label1\" content=\"\u00c9crit par\" \/>\n\t<meta name=\"twitter:data1\" content=\"Eva Martin\" \/>\n\t<meta name=\"twitter:label2\" content=\"Dur\u00e9e de lecture estim\u00e9e\" \/>\n\t<meta name=\"twitter:data2\" content=\"4 minutes\" \/>\n<script type=\"application\/ld+json\" class=\"yoast-schema-graph\">{\"@context\":\"https:\\\/\\\/schema.org\",\"@graph\":[{\"@type\":\"Article\",\"@id\":\"https:\\\/\\\/www.apres-lecole.fr\\\/Blog\\\/signaux-fatigue-stress\\\/#article\",\"isPartOf\":{\"@id\":\"https:\\\/\\\/www.apres-lecole.fr\\\/Blog\\\/signaux-fatigue-stress\\\/\"},\"author\":{\"name\":\"Eva Martin\",\"@id\":\"https:\\\/\\\/www.apres-lecole.fr\\\/Blog\\\/#\\\/schema\\\/person\\\/aeb50cd4b51fc69da155804bb5bb9fc4\"},\"headline\":\"Sant\u00e9 : 5 signaux de fatigue que vous confondez avec du stress\",\"datePublished\":\"2025-11-10T21:26:51+00:00\",\"mainEntityOfPage\":{\"@id\":\"https:\\\/\\\/www.apres-lecole.fr\\\/Blog\\\/signaux-fatigue-stress\\\/\"},\"wordCount\":760,\"commentCount\":0,\"image\":{\"@id\":\"https:\\\/\\\/www.apres-lecole.fr\\\/Blog\\\/signaux-fatigue-stress\\\/#primaryimage\"},\"thumbnailUrl\":\"https:\\\/\\\/www.apres-lecole.fr\\\/Blog\\\/wp-content\\\/uploads\\\/2025\\\/11\\\/Sante-5-signaux-de-fatigue-que-vous-confondez-avec-du-stress.jpg\",\"articleSection\":[\"Tendance\"],\"inLanguage\":\"fr-FR\",\"potentialAction\":[{\"@type\":\"CommentAction\",\"name\":\"Comment\",\"target\":[\"https:\\\/\\\/www.apres-lecole.fr\\\/Blog\\\/signaux-fatigue-stress\\\/#respond\"]}]},{\"@type\":\"WebPage\",\"@id\":\"https:\\\/\\\/www.apres-lecole.fr\\\/Blog\\\/signaux-fatigue-stress\\\/\",\"url\":\"https:\\\/\\\/www.apres-lecole.fr\\\/Blog\\\/signaux-fatigue-stress\\\/\",\"name\":\"Fatigue ou stress\u00a0? 5 signaux \u00e0 ne pas confondre\",\"isPartOf\":{\"@id\":\"https:\\\/\\\/www.apres-lecole.fr\\\/Blog\\\/#website\"},\"primaryImageOfPage\":{\"@id\":\"https:\\\/\\\/www.apres-lecole.fr\\\/Blog\\\/signaux-fatigue-stress\\\/#primaryimage\"},\"image\":{\"@id\":\"https:\\\/\\\/www.apres-lecole.fr\\\/Blog\\\/signaux-fatigue-stress\\\/#primaryimage\"},\"thumbnailUrl\":\"https:\\\/\\\/www.apres-lecole.fr\\\/Blog\\\/wp-content\\\/uploads\\\/2025\\\/11\\\/Sante-5-signaux-de-fatigue-que-vous-confondez-avec-du-stress.jpg\",\"datePublished\":\"2025-11-10T21:26:51+00:00\",\"author\":{\"@id\":\"https:\\\/\\\/www.apres-lecole.fr\\\/Blog\\\/#\\\/schema\\\/person\\\/aeb50cd4b51fc69da155804bb5bb9fc4\"},\"description\":\"D\u00e9couvrez 5 signaux de fatigue souvent confondus avec le stress pour mieux comprendre votre corps et pr\u00e9server votre sant\u00e9 au quotidien.\",\"breadcrumb\":{\"@id\":\"https:\\\/\\\/www.apres-lecole.fr\\\/Blog\\\/signaux-fatigue-stress\\\/#breadcrumb\"},\"inLanguage\":\"fr-FR\",\"potentialAction\":[{\"@type\":\"ReadAction\",\"target\":[\"https:\\\/\\\/www.apres-lecole.fr\\\/Blog\\\/signaux-fatigue-stress\\\/\"]}]},{\"@type\":\"ImageObject\",\"inLanguage\":\"fr-FR\",\"@id\":\"https:\\\/\\\/www.apres-lecole.fr\\\/Blog\\\/signaux-fatigue-stress\\\/#primaryimage\",\"url\":\"https:\\\/\\\/www.apres-lecole.fr\\\/Blog\\\/wp-content\\\/uploads\\\/2025\\\/11\\\/Sante-5-signaux-de-fatigue-que-vous-confondez-avec-du-stress.jpg\",\"contentUrl\":\"https:\\\/\\\/www.apres-lecole.fr\\\/Blog\\\/wp-content\\\/uploads\\\/2025\\\/11\\\/Sante-5-signaux-de-fatigue-que-vous-confondez-avec-du-stress.jpg\",\"width\":1344,\"height\":768,\"caption\":\"d\u00e9couvrez les 5 signes de fatigue souvent pris \u00e0 tort pour du stress et apprenez \u00e0 mieux reconna\u00eetre les v\u00e9ritables causes de votre \u00e9puisement pour prot\u00e9ger votre sant\u00e9.\"},{\"@type\":\"BreadcrumbList\",\"@id\":\"https:\\\/\\\/www.apres-lecole.fr\\\/Blog\\\/signaux-fatigue-stress\\\/#breadcrumb\",\"itemListElement\":[{\"@type\":\"ListItem\",\"position\":1,\"name\":\"Home\",\"item\":\"https:\\\/\\\/www.apres-lecole.fr\\\/Blog\\\/\"},{\"@type\":\"ListItem\",\"position\":2,\"name\":\"Sant\u00e9 : 5 signaux de fatigue que vous confondez avec du stress\"}]},{\"@type\":\"WebSite\",\"@id\":\"https:\\\/\\\/www.apres-lecole.fr\\\/Blog\\\/#website\",\"url\":\"https:\\\/\\\/www.apres-lecole.fr\\\/Blog\\\/\",\"name\":\"\",\"description\":\"M\u00e9dia g\u00e9n\u00e9raliste\",\"potentialAction\":[{\"@type\":\"SearchAction\",\"target\":{\"@type\":\"EntryPoint\",\"urlTemplate\":\"https:\\\/\\\/www.apres-lecole.fr\\\/Blog\\\/?s={search_term_string}\"},\"query-input\":{\"@type\":\"PropertyValueSpecification\",\"valueRequired\":true,\"valueName\":\"search_term_string\"}}],\"inLanguage\":\"fr-FR\"},{\"@type\":\"Person\",\"@id\":\"https:\\\/\\\/www.apres-lecole.fr\\\/Blog\\\/#\\\/schema\\\/person\\\/aeb50cd4b51fc69da155804bb5bb9fc4\",\"name\":\"Eva Martin\",\"image\":{\"@type\":\"ImageObject\",\"inLanguage\":\"fr-FR\",\"@id\":\"https:\\\/\\\/secure.gravatar.com\\\/avatar\\\/55c53222558b27a72015a64073a80edce4abd33369394b9bf2c5cd6c19d12682?s=96&d=mm&r=g\",\"url\":\"https:\\\/\\\/secure.gravatar.com\\\/avatar\\\/55c53222558b27a72015a64073a80edce4abd33369394b9bf2c5cd6c19d12682?s=96&d=mm&r=g\",\"contentUrl\":\"https:\\\/\\\/secure.gravatar.com\\\/avatar\\\/55c53222558b27a72015a64073a80edce4abd33369394b9bf2c5cd6c19d12682?s=96&d=mm&r=g\",\"caption\":\"Eva Martin\"},\"description\":\"Je parle de business et d'entrepreneuriat avec des conseils clairs, concrets et actionnables pour r\u00e9ussir\",\"sameAs\":[\"https:\\\/\\\/x.com\\\/Evaapresecole\"],\"url\":\"https:\\\/\\\/www.apres-lecole.fr\\\/Blog\\\/author\\\/evamartin\\\/\"}]}<\/script>\n<!-- \/ Yoast SEO plugin. -->","yoast_head_json":{"title":"Fatigue ou stress\u00a0? 5 signaux \u00e0 ne pas confondre","description":"D\u00e9couvrez 5 signaux de fatigue souvent confondus avec le stress pour mieux comprendre votre corps et pr\u00e9server votre sant\u00e9 au quotidien.","robots":{"index":"index","follow":"follow","max-snippet":"max-snippet:-1","max-image-preview":"max-image-preview:large","max-video-preview":"max-video-preview:-1"},"canonical":"https:\/\/www.apres-lecole.fr\/Blog\/signaux-fatigue-stress\/","og_locale":"fr_FR","og_type":"article","og_title":"Fatigue ou stress\u00a0? 5 signaux \u00e0 ne pas confondre","og_description":"D\u00e9couvrez 5 signaux de fatigue souvent confondus avec le stress pour mieux comprendre votre corps et pr\u00e9server votre sant\u00e9 au quotidien.","og_url":"https:\/\/www.apres-lecole.fr\/Blog\/signaux-fatigue-stress\/","article_published_time":"2025-11-10T21:26:51+00:00","og_image":[{"width":1344,"height":768,"url":"https:\/\/www.apres-lecole.fr\/Blog\/wp-content\/uploads\/2025\/11\/Sante-5-signaux-de-fatigue-que-vous-confondez-avec-du-stress.jpg","type":"image\/jpeg"}],"author":"Eva Martin","twitter_card":"summary_large_image","twitter_creator":"@Evaapresecole","twitter_misc":{"\u00c9crit par":"Eva Martin","Dur\u00e9e de lecture estim\u00e9e":"4 minutes"},"schema":{"@context":"https:\/\/schema.org","@graph":[{"@type":"Article","@id":"https:\/\/www.apres-lecole.fr\/Blog\/signaux-fatigue-stress\/#article","isPartOf":{"@id":"https:\/\/www.apres-lecole.fr\/Blog\/signaux-fatigue-stress\/"},"author":{"name":"Eva Martin","@id":"https:\/\/www.apres-lecole.fr\/Blog\/#\/schema\/person\/aeb50cd4b51fc69da155804bb5bb9fc4"},"headline":"Sant\u00e9 : 5 signaux de fatigue que vous confondez avec du stress","datePublished":"2025-11-10T21:26:51+00:00","mainEntityOfPage":{"@id":"https:\/\/www.apres-lecole.fr\/Blog\/signaux-fatigue-stress\/"},"wordCount":760,"commentCount":0,"image":{"@id":"https:\/\/www.apres-lecole.fr\/Blog\/signaux-fatigue-stress\/#primaryimage"},"thumbnailUrl":"https:\/\/www.apres-lecole.fr\/Blog\/wp-content\/uploads\/2025\/11\/Sante-5-signaux-de-fatigue-que-vous-confondez-avec-du-stress.jpg","articleSection":["Tendance"],"inLanguage":"fr-FR","potentialAction":[{"@type":"CommentAction","name":"Comment","target":["https:\/\/www.apres-lecole.fr\/Blog\/signaux-fatigue-stress\/#respond"]}]},{"@type":"WebPage","@id":"https:\/\/www.apres-lecole.fr\/Blog\/signaux-fatigue-stress\/","url":"https:\/\/www.apres-lecole.fr\/Blog\/signaux-fatigue-stress\/","name":"Fatigue ou stress\u00a0? 5 signaux \u00e0 ne pas confondre","isPartOf":{"@id":"https:\/\/www.apres-lecole.fr\/Blog\/#website"},"primaryImageOfPage":{"@id":"https:\/\/www.apres-lecole.fr\/Blog\/signaux-fatigue-stress\/#primaryimage"},"image":{"@id":"https:\/\/www.apres-lecole.fr\/Blog\/signaux-fatigue-stress\/#primaryimage"},"thumbnailUrl":"https:\/\/www.apres-lecole.fr\/Blog\/wp-content\/uploads\/2025\/11\/Sante-5-signaux-de-fatigue-que-vous-confondez-avec-du-stress.jpg","datePublished":"2025-11-10T21:26:51+00:00","author":{"@id":"https:\/\/www.apres-lecole.fr\/Blog\/#\/schema\/person\/aeb50cd4b51fc69da155804bb5bb9fc4"},"description":"D\u00e9couvrez 5 signaux de fatigue souvent confondus avec le stress pour mieux comprendre votre corps et pr\u00e9server votre sant\u00e9 au quotidien.","breadcrumb":{"@id":"https:\/\/www.apres-lecole.fr\/Blog\/signaux-fatigue-stress\/#breadcrumb"},"inLanguage":"fr-FR","potentialAction":[{"@type":"ReadAction","target":["https:\/\/www.apres-lecole.fr\/Blog\/signaux-fatigue-stress\/"]}]},{"@type":"ImageObject","inLanguage":"fr-FR","@id":"https:\/\/www.apres-lecole.fr\/Blog\/signaux-fatigue-stress\/#primaryimage","url":"https:\/\/www.apres-lecole.fr\/Blog\/wp-content\/uploads\/2025\/11\/Sante-5-signaux-de-fatigue-que-vous-confondez-avec-du-stress.jpg","contentUrl":"https:\/\/www.apres-lecole.fr\/Blog\/wp-content\/uploads\/2025\/11\/Sante-5-signaux-de-fatigue-que-vous-confondez-avec-du-stress.jpg","width":1344,"height":768,"caption":"d\u00e9couvrez les 5 signes de fatigue souvent pris \u00e0 tort pour du stress et apprenez \u00e0 mieux reconna\u00eetre les v\u00e9ritables causes de votre \u00e9puisement pour prot\u00e9ger votre sant\u00e9."},{"@type":"BreadcrumbList","@id":"https:\/\/www.apres-lecole.fr\/Blog\/signaux-fatigue-stress\/#breadcrumb","itemListElement":[{"@type":"ListItem","position":1,"name":"Home","item":"https:\/\/www.apres-lecole.fr\/Blog\/"},{"@type":"ListItem","position":2,"name":"Sant\u00e9 : 5 signaux de fatigue que vous confondez avec du stress"}]},{"@type":"WebSite","@id":"https:\/\/www.apres-lecole.fr\/Blog\/#website","url":"https:\/\/www.apres-lecole.fr\/Blog\/","name":"","description":"M\u00e9dia g\u00e9n\u00e9raliste","potentialAction":[{"@type":"SearchAction","target":{"@type":"EntryPoint","urlTemplate":"https:\/\/www.apres-lecole.fr\/Blog\/?s={search_term_string}"},"query-input":{"@type":"PropertyValueSpecification","valueRequired":true,"valueName":"search_term_string"}}],"inLanguage":"fr-FR"},{"@type":"Person","@id":"https:\/\/www.apres-lecole.fr\/Blog\/#\/schema\/person\/aeb50cd4b51fc69da155804bb5bb9fc4","name":"Eva Martin","image":{"@type":"ImageObject","inLanguage":"fr-FR","@id":"https:\/\/secure.gravatar.com\/avatar\/55c53222558b27a72015a64073a80edce4abd33369394b9bf2c5cd6c19d12682?s=96&d=mm&r=g","url":"https:\/\/secure.gravatar.com\/avatar\/55c53222558b27a72015a64073a80edce4abd33369394b9bf2c5cd6c19d12682?s=96&d=mm&r=g","contentUrl":"https:\/\/secure.gravatar.com\/avatar\/55c53222558b27a72015a64073a80edce4abd33369394b9bf2c5cd6c19d12682?s=96&d=mm&r=g","caption":"Eva Martin"},"description":"Je parle de business et d'entrepreneuriat avec des conseils clairs, concrets et actionnables pour r\u00e9ussir","sameAs":["https:\/\/x.com\/Evaapresecole"],"url":"https:\/\/www.apres-lecole.fr\/Blog\/author\/evamartin\/"}]}},"views":6,"_links":{"self":[{"href":"https:\/\/www.apres-lecole.fr\/Blog\/wp-json\/wp\/v2\/posts\/2699","targetHints":{"allow":["GET"]}}],"collection":[{"href":"https:\/\/www.apres-lecole.fr\/Blog\/wp-json\/wp\/v2\/posts"}],"about":[{"href":"https:\/\/www.apres-lecole.fr\/Blog\/wp-json\/wp\/v2\/types\/post"}],"author":[{"embeddable":true,"href":"https:\/\/www.apres-lecole.fr\/Blog\/wp-json\/wp\/v2\/users\/9"}],"replies":[{"embeddable":true,"href":"https:\/\/www.apres-lecole.fr\/Blog\/wp-json\/wp\/v2\/comments?post=2699"}],"version-history":[{"count":0,"href":"https:\/\/www.apres-lecole.fr\/Blog\/wp-json\/wp\/v2\/posts\/2699\/revisions"}],"wp:featuredmedia":[{"embeddable":true,"href":"https:\/\/www.apres-lecole.fr\/Blog\/wp-json\/wp\/v2\/media\/2697"}],"wp:attachment":[{"href":"https:\/\/www.apres-lecole.fr\/Blog\/wp-json\/wp\/v2\/media?parent=2699"}],"wp:term":[{"taxonomy":"category","embeddable":true,"href":"https:\/\/www.apres-lecole.fr\/Blog\/wp-json\/wp\/v2\/categories?post=2699"},{"taxonomy":"post_tag","embeddable":true,"href":"https:\/\/www.apres-lecole.fr\/Blog\/wp-json\/wp\/v2\/tags?post=2699"}],"curies":[{"name":"wp","href":"https:\/\/api.w.org\/{rel}","templated":true}]}}