{"id":2687,"date":"2025-11-09T06:33:06","date_gmt":"2025-11-09T06:33:06","guid":{"rendered":"https:\/\/www.apres-lecole.fr\/Blog\/portraits-nets-faible-lumiere\/"},"modified":"2025-11-09T06:33:06","modified_gmt":"2025-11-09T06:33:06","slug":"portraits-nets-faible-lumiere","status":"publish","type":"post","link":"https:\/\/www.apres-lecole.fr\/Blog\/portraits-nets-faible-lumiere\/","title":{"rendered":"Photos : le geste secret pour des portraits nets en faible lumi\u00e8re"},"content":{"rendered":"\n\n<div class=\"kk-star-ratings kksr-auto kksr-align-left kksr-valign-top\"\n    data-payload='{&quot;align&quot;:&quot;left&quot;,&quot;id&quot;:&quot;2687&quot;,&quot;slug&quot;:&quot;default&quot;,&quot;valign&quot;:&quot;top&quot;,&quot;ignore&quot;:&quot;&quot;,&quot;reference&quot;:&quot;auto&quot;,&quot;class&quot;:&quot;&quot;,&quot;count&quot;:&quot;0&quot;,&quot;legendonly&quot;:&quot;&quot;,&quot;readonly&quot;:&quot;&quot;,&quot;score&quot;:&quot;0&quot;,&quot;starsonly&quot;:&quot;&quot;,&quot;best&quot;:&quot;5&quot;,&quot;gap&quot;:&quot;5&quot;,&quot;greet&quot;:&quot;Rate this post&quot;,&quot;legend&quot;:&quot;0\\\/5 - (0 vote)&quot;,&quot;size&quot;:&quot;24&quot;,&quot;title&quot;:&quot;Photos : le geste secret pour des portraits nets en faible lumi\u00e8re&quot;,&quot;width&quot;:&quot;0&quot;,&quot;_legend&quot;:&quot;{score}\\\/{best} - ({count} {votes})&quot;,&quot;font_factor&quot;:&quot;1.25&quot;}'>\n            \n<div class=\"kksr-stars\">\n    \n<div class=\"kksr-stars-inactive\">\n            <div class=\"kksr-star\" data-star=\"1\" style=\"padding-right: 5px\">\n            \n\n<div class=\"kksr-icon\" style=\"width: 24px; height: 24px;\"><\/div>\n        <\/div>\n            <div class=\"kksr-star\" data-star=\"2\" style=\"padding-right: 5px\">\n            \n\n<div class=\"kksr-icon\" style=\"width: 24px; height: 24px;\"><\/div>\n        <\/div>\n            <div class=\"kksr-star\" data-star=\"3\" style=\"padding-right: 5px\">\n            \n\n<div class=\"kksr-icon\" style=\"width: 24px; height: 24px;\"><\/div>\n        <\/div>\n            <div class=\"kksr-star\" data-star=\"4\" style=\"padding-right: 5px\">\n            \n\n<div class=\"kksr-icon\" style=\"width: 24px; height: 24px;\"><\/div>\n        <\/div>\n            <div class=\"kksr-star\" data-star=\"5\" style=\"padding-right: 5px\">\n            \n\n<div class=\"kksr-icon\" style=\"width: 24px; height: 24px;\"><\/div>\n        <\/div>\n    <\/div>\n    \n<div class=\"kksr-stars-active\" style=\"width: 0px;\">\n            <div class=\"kksr-star\" style=\"padding-right: 5px\">\n            \n\n<div class=\"kksr-icon\" style=\"width: 24px; height: 24px;\"><\/div>\n        <\/div>\n            <div class=\"kksr-star\" style=\"padding-right: 5px\">\n            \n\n<div class=\"kksr-icon\" style=\"width: 24px; height: 24px;\"><\/div>\n        <\/div>\n            <div class=\"kksr-star\" style=\"padding-right: 5px\">\n            \n\n<div class=\"kksr-icon\" style=\"width: 24px; height: 24px;\"><\/div>\n        <\/div>\n            <div class=\"kksr-star\" style=\"padding-right: 5px\">\n            \n\n<div class=\"kksr-icon\" style=\"width: 24px; height: 24px;\"><\/div>\n        <\/div>\n            <div class=\"kksr-star\" style=\"padding-right: 5px\">\n            \n\n<div class=\"kksr-icon\" style=\"width: 24px; height: 24px;\"><\/div>\n        <\/div>\n    <\/div>\n<\/div>\n                \n\n<div class=\"kksr-legend\" style=\"font-size: 19.2px;\">\n            <span class=\"kksr-muted\">Rate this post<\/span>\n    <\/div>\n    <\/div>\n<p>Photographier en faible lumi\u00e8re, c\u2019est souvent synonyme de photos floues et grain\u00e9es. Pourtant, il existe un <strong>geste secret<\/strong> simple qui change tout : la ma\u00eetrise de la mise au point manuelle. En n\u2019en d\u00e9plaise aux automatismes de votre appareil, prendre le contr\u00f4le pr\u00e9cis de la mise au point booste nettet\u00e9 et d\u00e9tails m\u00eame dans les pires conditions lumineuses. Ce geste transforme la frustration du flou en plaisir de capturer chaque expression avec clart\u00e9. Dans ce texte, vous d\u00e9couvrirez comment ce r\u00e9glage pr\u00e9cis combin\u00e9 \u00e0 quelques astuces sur les objectifs et la stabilisation rendra vos portraits nocturnes dignes des plus grands photographes.<\/p>\n\n<p><strong>En bref :<\/strong><\/p>\n\n<ul class=\"wp-block-list\"><li><strong>La mise au point manuelle<\/strong> est la cl\u00e9 pour des portraits nets en faible lumi\u00e8re.<\/li><li>Privil\u00e9gier un <strong>objectif \u00e0 grande ouverture<\/strong> comme le Tamron 28-75mm F\/2.8 optimise la lumi\u00e8re capt\u00e9e.<\/li><li>Stabiliser l\u2019appareil avec un <strong>tr\u00e9pied<\/strong> ou activer la stabilisation int\u00e9gr\u00e9e r\u00e9duit drastiquement le flou.<\/li><li>L\u2019utilisation de la <strong>loupe de mise au point<\/strong> permet un contr\u00f4le ultra pr\u00e9cis sur le sujet.<\/li><li>Les <strong>r\u00e9glages ISO et vitesse d\u2019obturation<\/strong> sont \u00e0 ajuster finement pour \u00e9quilibrer exposition et nettet\u00e9.<\/li><\/ul>\n\n<h2 class=\"wp-block-heading\">Pourquoi privil\u00e9gier la mise au point manuelle en basse lumi\u00e8re ?<\/h2>\n\n<p>En faible \u00e9clairage, l\u2019autofocus de votre appareil Canon, Nikon ou Sony peut perdre le fil et errer entre arri\u00e8re-plan et sujet, provoquant un flou regrettable. Passer en mise au point manuelle offre une pr\u00e9cision chirurgicale : vous choisissez exactement o\u00f9 faire la nettet\u00e9, souvent sur les yeux du mod\u00e8le. Cette technique donne un confort cr\u00e9atif, notamment dans les conditions difficiles comme les soir\u00e9es urbaines ou int\u00e9rieurs tamis\u00e9s. La pratique consiste \u00e0 prendre le temps de cadrer, zoomer \u00e0 l\u2019aide de la loupe de mise au point pour affiner cet instantan\u00e9.<\/p>\n\n<ul class=\"wp-block-list\"><li>S\u00e9lectionnez le mode manuel sur l\u2019objectif.<\/li><li>Utilisez les rep\u00e8res de mise au point sur votre objectif Fujifilm ou Panasonic Lumix.<\/li><li>Acc\u00e9dez \u00e0 la loupe de mise au point pour zoomer sur la zone cl\u00e9.<\/li><li>Faites vos ajustements lentement pour \u00e9viter toute erreur de nettet\u00e9.<\/li><\/ul>\n\n<p>Ces \u00e9tapes sp\u00e9cifiques sont d\u00e9taill\u00e9es sur <a href=\"https:\/\/www.comment-photographier.com\/mise-au-point-5-techniques-pour-des-photos-toujours-nettes\/\">ce guide expert<\/a>.<\/p>\n\n<h2 class=\"wp-block-heading\">Comment choisir le bon objectif pour booster la nettet\u00e9 ?<\/h2>\n\n<p>Le choix du mat\u00e9riel joue un r\u00f4le capital, surtout les objectifs \u00e0 grande ouverture. Des mod\u00e8les comme ceux de Sigma ou Tamron, par exemple le Tamron 28-75mm F\/2.8 Di III VXD G2, laissent entrer plus de lumi\u00e8re, r\u00e9duisant les besoins en ISO trop \u00e9lev\u00e9s, donc moins de bruit. Ces optiques capturent des images plus nettes avec un beau flou d\u2019arri\u00e8re-plan, id\u00e9al pour les portraits.<\/p>\n\n<ul class=\"wp-block-list\"><li>Optez pour une ouverture d\u2019au moins <strong>f\/2.8<\/strong>.<\/li><li>Investissez dans un objectif avec une bonne r\u00e9putation en basse lumi\u00e8re, comme Tamron ou Sigma.<\/li><li>Un capteur plein format, tel que sur les bo\u00eetiers Sony Alpha, maximise la sensibilit\u00e9 basse lumi\u00e8re.<\/li><li>Ne montez pas trop l\u2019ISO afin d\u2019\u00e9viter le grain excessif.<\/li><\/ul>\n\n<p>Vous pouvez approfondir les options recommand\u00e9es sur <a href=\"https:\/\/tamron-americas.com\/fr\/blog\/guide-avance-de-la-photographie-en-basse-lumiere\/\">Tamron Americas<\/a> et <a href=\"https:\/\/www.canon.ca\/fr\/Articles\/2025-articles-consommateur\/maitriser-la-photographie-en-basse-lumiere\">Canon Canada<\/a>.<\/p>\n\n<h2 class=\"wp-block-heading\">Stabiliser son appareil : l\u2019arme anti-flou incontournable<\/h2>\n\n<p>La stabilit\u00e9, c\u2019est la meilleure alli\u00e9e contre les flous de boug\u00e9 quand la lumi\u00e8re se fait rare. Un tr\u00e9pied adapt\u00e9 \u00e9limine les tremblements, vous permettant de travailler avec une vitesse d\u2019obturation plus lente sans risque. Pour plus de libert\u00e9, les objectifs \u00e9quip\u00e9s de stabilisation comme certains mod\u00e8les Olympus ou Panasonic Lumix b\u00e9n\u00e9ficient d\u2019un syst\u00e8me de compensation de vibration (VC). Attention, lorsque vous utilisez un tr\u00e9pied, pensez \u00e0 d\u00e9sactiver cette fonction qui pourrait cr\u00e9er un micro-mouvement et nuire \u00e0 la nettet\u00e9.<\/p>\n\n<ul class=\"wp-block-list\"><li>Choisissez un tr\u00e9pied l\u00e9ger et stable selon vos sorties.<\/li><li>Utilisez un d\u00e9clencheur \u00e0 distance pour \u00e9viter tout mouvement au moment du clic.<\/li><li>Activez la stabilisation interne (IBIS) si votre appareil le propose, mais d\u00e9sactivez-la sur le tr\u00e9pied.<\/li><\/ul>\n\n<p>Ces conseils pratiques sont d\u00e9velopp\u00e9s dans cet article sur <a href=\"https:\/\/vivre-de-la-photo.fr\/comment-faire-de-la-photo-en-basse-lumiere\/\">Vivre de la Photo<\/a>.<\/p>\n\n<h2 class=\"wp-block-heading\">Utiliser intelligemment la lumi\u00e8re artificielle sans \u00e9craser le naturel<\/h2>\n\n<p>Ajouter une source de lumi\u00e8re douce, comme une bo\u00eete \u00e0 lumi\u00e8re ou un flash d\u00e9port\u00e9, change tout. Il s\u2019agit de sublimer le sujet sans le plomber sous un halo trop dur. Id\u00e9alement, placez la source \u00e0 environ <strong>45 degr\u00e9s<\/strong> du sujet pour cr\u00e9er des ombres flatteuses et un relief int\u00e9ressant. Pensez aussi \u00e0 utiliser des r\u00e9flecteurs pour adoucir les contrastes et \u00e9viter les zones trop sombres sans d\u00e9naturer l\u2019ambiance.<\/p>\n\n<ul class=\"wp-block-list\"><li>Choisissez des \u00e9clairages LED portables ou des flashs avec diffuseurs.<\/li><li>Osez les gels color\u00e9s pour recr\u00e9er l\u2019ambiance nocturne ou urbaine.<\/li><li>\u00c9vitez l\u2019\u00e9clairage frontal direct qui aplatit la dimension.<\/li><\/ul>\n\n<p>Pour en savoir plus sur ces techniques, jette un \u0153il \u00e0 ces astuces sur <a href=\"https:\/\/photosavi.com\/10-astuces-de-portrait-en-basse-lumiere-comment-prendre-de-belles-photos-de-nuit-a-la-lumiere-des-neons\/\">PhotosAvi<\/a>.<\/p>\n\n","protected":false},"excerpt":{"rendered":"<p>Photographier en faible lumi\u00e8re, c\u2019est souvent synonyme de photos floues et grain\u00e9es. Pourtant, il existe un geste secret simple qui change tout : la ma\u00eetrise de la mise au point manuelle. En n\u2019en d\u00e9plaise aux automatismes de votre appareil, prendre le contr\u00f4le pr\u00e9cis de la mise au point booste nettet\u00e9 et d\u00e9tails m\u00eame dans les &#8230; <a title=\"Photos : le geste secret pour des portraits nets en faible lumi\u00e8re\" class=\"read-more\" href=\"https:\/\/www.apres-lecole.fr\/Blog\/portraits-nets-faible-lumiere\/\" aria-label=\"En savoir plus sur Photos : le geste secret pour des portraits nets en faible lumi\u00e8re\">Lire plus<\/a><\/p>\n","protected":false},"author":9,"featured_media":0,"comment_status":"open","ping_status":"open","sticky":false,"template":"","format":"standard","meta":{"footnotes":""},"categories":[1848],"tags":[],"class_list":["post-2687","post","type-post","status-publish","format-standard","hentry","category-tendance"],"yoast_head":"<!-- This site is optimized with the Yoast SEO plugin v27.5 - https:\/\/yoast.com\/product\/yoast-seo-wordpress\/ -->\n<title>L\u2019Astuce Cach\u00e9e pour des Portraits Sublimes en Basse Lumi\u00e8re<\/title>\n<meta name=\"description\" content=\"D\u00e9couvrez le geste secret pour r\u00e9ussir des portraits nets en faible lumi\u00e8re. Astuces et conseils photo pour des r\u00e9sultats professionnels.\" \/>\n<meta name=\"robots\" content=\"index, follow, max-snippet:-1, max-image-preview:large, max-video-preview:-1\" \/>\n<link rel=\"canonical\" href=\"https:\/\/www.apres-lecole.fr\/Blog\/portraits-nets-faible-lumiere\/\" \/>\n<meta property=\"og:locale\" content=\"fr_FR\" \/>\n<meta property=\"og:type\" content=\"article\" \/>\n<meta property=\"og:title\" content=\"L\u2019Astuce Cach\u00e9e pour des Portraits Sublimes en Basse Lumi\u00e8re\" \/>\n<meta property=\"og:description\" content=\"D\u00e9couvrez le geste secret pour r\u00e9ussir des portraits nets en faible lumi\u00e8re. Astuces et conseils photo pour des r\u00e9sultats professionnels.\" \/>\n<meta property=\"og:url\" content=\"https:\/\/www.apres-lecole.fr\/Blog\/portraits-nets-faible-lumiere\/\" \/>\n<meta property=\"article:published_time\" content=\"2025-11-09T06:33:06+00:00\" \/>\n<meta name=\"author\" content=\"Eva Martin\" \/>\n<meta name=\"twitter:card\" content=\"summary_large_image\" \/>\n<meta name=\"twitter:creator\" content=\"@Evaapresecole\" \/>\n<meta name=\"twitter:label1\" content=\"\u00c9crit par\" \/>\n\t<meta name=\"twitter:data1\" content=\"Eva Martin\" \/>\n\t<meta name=\"twitter:label2\" content=\"Dur\u00e9e de lecture estim\u00e9e\" \/>\n\t<meta name=\"twitter:data2\" content=\"4 minutes\" \/>\n<script type=\"application\/ld+json\" class=\"yoast-schema-graph\">{\"@context\":\"https:\\\/\\\/schema.org\",\"@graph\":[{\"@type\":\"Article\",\"@id\":\"https:\\\/\\\/www.apres-lecole.fr\\\/Blog\\\/portraits-nets-faible-lumiere\\\/#article\",\"isPartOf\":{\"@id\":\"https:\\\/\\\/www.apres-lecole.fr\\\/Blog\\\/portraits-nets-faible-lumiere\\\/\"},\"author\":{\"name\":\"Eva Martin\",\"@id\":\"https:\\\/\\\/www.apres-lecole.fr\\\/Blog\\\/#\\\/schema\\\/person\\\/aeb50cd4b51fc69da155804bb5bb9fc4\"},\"headline\":\"Photos : le geste secret pour des portraits nets en faible lumi\u00e8re\",\"datePublished\":\"2025-11-09T06:33:06+00:00\",\"mainEntityOfPage\":{\"@id\":\"https:\\\/\\\/www.apres-lecole.fr\\\/Blog\\\/portraits-nets-faible-lumiere\\\/\"},\"wordCount\":819,\"commentCount\":0,\"articleSection\":[\"Tendance\"],\"inLanguage\":\"fr-FR\",\"potentialAction\":[{\"@type\":\"CommentAction\",\"name\":\"Comment\",\"target\":[\"https:\\\/\\\/www.apres-lecole.fr\\\/Blog\\\/portraits-nets-faible-lumiere\\\/#respond\"]}]},{\"@type\":\"WebPage\",\"@id\":\"https:\\\/\\\/www.apres-lecole.fr\\\/Blog\\\/portraits-nets-faible-lumiere\\\/\",\"url\":\"https:\\\/\\\/www.apres-lecole.fr\\\/Blog\\\/portraits-nets-faible-lumiere\\\/\",\"name\":\"L\u2019Astuce Cach\u00e9e pour des Portraits Sublimes en Basse Lumi\u00e8re\",\"isPartOf\":{\"@id\":\"https:\\\/\\\/www.apres-lecole.fr\\\/Blog\\\/#website\"},\"datePublished\":\"2025-11-09T06:33:06+00:00\",\"author\":{\"@id\":\"https:\\\/\\\/www.apres-lecole.fr\\\/Blog\\\/#\\\/schema\\\/person\\\/aeb50cd4b51fc69da155804bb5bb9fc4\"},\"description\":\"D\u00e9couvrez le geste secret pour r\u00e9ussir des portraits nets en faible lumi\u00e8re. Astuces et conseils photo pour des r\u00e9sultats professionnels.\",\"breadcrumb\":{\"@id\":\"https:\\\/\\\/www.apres-lecole.fr\\\/Blog\\\/portraits-nets-faible-lumiere\\\/#breadcrumb\"},\"inLanguage\":\"fr-FR\",\"potentialAction\":[{\"@type\":\"ReadAction\",\"target\":[\"https:\\\/\\\/www.apres-lecole.fr\\\/Blog\\\/portraits-nets-faible-lumiere\\\/\"]}]},{\"@type\":\"BreadcrumbList\",\"@id\":\"https:\\\/\\\/www.apres-lecole.fr\\\/Blog\\\/portraits-nets-faible-lumiere\\\/#breadcrumb\",\"itemListElement\":[{\"@type\":\"ListItem\",\"position\":1,\"name\":\"Home\",\"item\":\"https:\\\/\\\/www.apres-lecole.fr\\\/Blog\\\/\"},{\"@type\":\"ListItem\",\"position\":2,\"name\":\"Photos : le geste secret pour des portraits nets en faible lumi\u00e8re\"}]},{\"@type\":\"WebSite\",\"@id\":\"https:\\\/\\\/www.apres-lecole.fr\\\/Blog\\\/#website\",\"url\":\"https:\\\/\\\/www.apres-lecole.fr\\\/Blog\\\/\",\"name\":\"\",\"description\":\"M\u00e9dia g\u00e9n\u00e9raliste\",\"potentialAction\":[{\"@type\":\"SearchAction\",\"target\":{\"@type\":\"EntryPoint\",\"urlTemplate\":\"https:\\\/\\\/www.apres-lecole.fr\\\/Blog\\\/?s={search_term_string}\"},\"query-input\":{\"@type\":\"PropertyValueSpecification\",\"valueRequired\":true,\"valueName\":\"search_term_string\"}}],\"inLanguage\":\"fr-FR\"},{\"@type\":\"Person\",\"@id\":\"https:\\\/\\\/www.apres-lecole.fr\\\/Blog\\\/#\\\/schema\\\/person\\\/aeb50cd4b51fc69da155804bb5bb9fc4\",\"name\":\"Eva Martin\",\"image\":{\"@type\":\"ImageObject\",\"inLanguage\":\"fr-FR\",\"@id\":\"https:\\\/\\\/secure.gravatar.com\\\/avatar\\\/55c53222558b27a72015a64073a80edce4abd33369394b9bf2c5cd6c19d12682?s=96&d=mm&r=g\",\"url\":\"https:\\\/\\\/secure.gravatar.com\\\/avatar\\\/55c53222558b27a72015a64073a80edce4abd33369394b9bf2c5cd6c19d12682?s=96&d=mm&r=g\",\"contentUrl\":\"https:\\\/\\\/secure.gravatar.com\\\/avatar\\\/55c53222558b27a72015a64073a80edce4abd33369394b9bf2c5cd6c19d12682?s=96&d=mm&r=g\",\"caption\":\"Eva Martin\"},\"description\":\"Je parle de business et d'entrepreneuriat avec des conseils clairs, concrets et actionnables pour r\u00e9ussir\",\"sameAs\":[\"https:\\\/\\\/x.com\\\/Evaapresecole\"],\"url\":\"https:\\\/\\\/www.apres-lecole.fr\\\/Blog\\\/author\\\/evamartin\\\/\"}]}<\/script>\n<!-- \/ Yoast SEO plugin. -->","yoast_head_json":{"title":"L\u2019Astuce Cach\u00e9e pour des Portraits Sublimes en Basse Lumi\u00e8re","description":"D\u00e9couvrez le geste secret pour r\u00e9ussir des portraits nets en faible lumi\u00e8re. Astuces et conseils photo pour des r\u00e9sultats professionnels.","robots":{"index":"index","follow":"follow","max-snippet":"max-snippet:-1","max-image-preview":"max-image-preview:large","max-video-preview":"max-video-preview:-1"},"canonical":"https:\/\/www.apres-lecole.fr\/Blog\/portraits-nets-faible-lumiere\/","og_locale":"fr_FR","og_type":"article","og_title":"L\u2019Astuce Cach\u00e9e pour des Portraits Sublimes en Basse Lumi\u00e8re","og_description":"D\u00e9couvrez le geste secret pour r\u00e9ussir des portraits nets en faible lumi\u00e8re. Astuces et conseils photo pour des r\u00e9sultats professionnels.","og_url":"https:\/\/www.apres-lecole.fr\/Blog\/portraits-nets-faible-lumiere\/","article_published_time":"2025-11-09T06:33:06+00:00","author":"Eva Martin","twitter_card":"summary_large_image","twitter_creator":"@Evaapresecole","twitter_misc":{"\u00c9crit par":"Eva Martin","Dur\u00e9e de lecture estim\u00e9e":"4 minutes"},"schema":{"@context":"https:\/\/schema.org","@graph":[{"@type":"Article","@id":"https:\/\/www.apres-lecole.fr\/Blog\/portraits-nets-faible-lumiere\/#article","isPartOf":{"@id":"https:\/\/www.apres-lecole.fr\/Blog\/portraits-nets-faible-lumiere\/"},"author":{"name":"Eva Martin","@id":"https:\/\/www.apres-lecole.fr\/Blog\/#\/schema\/person\/aeb50cd4b51fc69da155804bb5bb9fc4"},"headline":"Photos : le geste secret pour des portraits nets en faible lumi\u00e8re","datePublished":"2025-11-09T06:33:06+00:00","mainEntityOfPage":{"@id":"https:\/\/www.apres-lecole.fr\/Blog\/portraits-nets-faible-lumiere\/"},"wordCount":819,"commentCount":0,"articleSection":["Tendance"],"inLanguage":"fr-FR","potentialAction":[{"@type":"CommentAction","name":"Comment","target":["https:\/\/www.apres-lecole.fr\/Blog\/portraits-nets-faible-lumiere\/#respond"]}]},{"@type":"WebPage","@id":"https:\/\/www.apres-lecole.fr\/Blog\/portraits-nets-faible-lumiere\/","url":"https:\/\/www.apres-lecole.fr\/Blog\/portraits-nets-faible-lumiere\/","name":"L\u2019Astuce Cach\u00e9e pour des Portraits Sublimes en Basse Lumi\u00e8re","isPartOf":{"@id":"https:\/\/www.apres-lecole.fr\/Blog\/#website"},"datePublished":"2025-11-09T06:33:06+00:00","author":{"@id":"https:\/\/www.apres-lecole.fr\/Blog\/#\/schema\/person\/aeb50cd4b51fc69da155804bb5bb9fc4"},"description":"D\u00e9couvrez le geste secret pour r\u00e9ussir des portraits nets en faible lumi\u00e8re. Astuces et conseils photo pour des r\u00e9sultats professionnels.","breadcrumb":{"@id":"https:\/\/www.apres-lecole.fr\/Blog\/portraits-nets-faible-lumiere\/#breadcrumb"},"inLanguage":"fr-FR","potentialAction":[{"@type":"ReadAction","target":["https:\/\/www.apres-lecole.fr\/Blog\/portraits-nets-faible-lumiere\/"]}]},{"@type":"BreadcrumbList","@id":"https:\/\/www.apres-lecole.fr\/Blog\/portraits-nets-faible-lumiere\/#breadcrumb","itemListElement":[{"@type":"ListItem","position":1,"name":"Home","item":"https:\/\/www.apres-lecole.fr\/Blog\/"},{"@type":"ListItem","position":2,"name":"Photos : le geste secret pour des portraits nets en faible lumi\u00e8re"}]},{"@type":"WebSite","@id":"https:\/\/www.apres-lecole.fr\/Blog\/#website","url":"https:\/\/www.apres-lecole.fr\/Blog\/","name":"","description":"M\u00e9dia g\u00e9n\u00e9raliste","potentialAction":[{"@type":"SearchAction","target":{"@type":"EntryPoint","urlTemplate":"https:\/\/www.apres-lecole.fr\/Blog\/?s={search_term_string}"},"query-input":{"@type":"PropertyValueSpecification","valueRequired":true,"valueName":"search_term_string"}}],"inLanguage":"fr-FR"},{"@type":"Person","@id":"https:\/\/www.apres-lecole.fr\/Blog\/#\/schema\/person\/aeb50cd4b51fc69da155804bb5bb9fc4","name":"Eva Martin","image":{"@type":"ImageObject","inLanguage":"fr-FR","@id":"https:\/\/secure.gravatar.com\/avatar\/55c53222558b27a72015a64073a80edce4abd33369394b9bf2c5cd6c19d12682?s=96&d=mm&r=g","url":"https:\/\/secure.gravatar.com\/avatar\/55c53222558b27a72015a64073a80edce4abd33369394b9bf2c5cd6c19d12682?s=96&d=mm&r=g","contentUrl":"https:\/\/secure.gravatar.com\/avatar\/55c53222558b27a72015a64073a80edce4abd33369394b9bf2c5cd6c19d12682?s=96&d=mm&r=g","caption":"Eva Martin"},"description":"Je parle de business et d'entrepreneuriat avec des conseils clairs, concrets et actionnables pour r\u00e9ussir","sameAs":["https:\/\/x.com\/Evaapresecole"],"url":"https:\/\/www.apres-lecole.fr\/Blog\/author\/evamartin\/"}]}},"views":223,"_links":{"self":[{"href":"https:\/\/www.apres-lecole.fr\/Blog\/wp-json\/wp\/v2\/posts\/2687","targetHints":{"allow":["GET"]}}],"collection":[{"href":"https:\/\/www.apres-lecole.fr\/Blog\/wp-json\/wp\/v2\/posts"}],"about":[{"href":"https:\/\/www.apres-lecole.fr\/Blog\/wp-json\/wp\/v2\/types\/post"}],"author":[{"embeddable":true,"href":"https:\/\/www.apres-lecole.fr\/Blog\/wp-json\/wp\/v2\/users\/9"}],"replies":[{"embeddable":true,"href":"https:\/\/www.apres-lecole.fr\/Blog\/wp-json\/wp\/v2\/comments?post=2687"}],"version-history":[{"count":0,"href":"https:\/\/www.apres-lecole.fr\/Blog\/wp-json\/wp\/v2\/posts\/2687\/revisions"}],"wp:attachment":[{"href":"https:\/\/www.apres-lecole.fr\/Blog\/wp-json\/wp\/v2\/media?parent=2687"}],"wp:term":[{"taxonomy":"category","embeddable":true,"href":"https:\/\/www.apres-lecole.fr\/Blog\/wp-json\/wp\/v2\/categories?post=2687"},{"taxonomy":"post_tag","embeddable":true,"href":"https:\/\/www.apres-lecole.fr\/Blog\/wp-json\/wp\/v2\/tags?post=2687"}],"curies":[{"name":"wp","href":"https:\/\/api.w.org\/{rel}","templated":true}]}}