{"id":2667,"date":"2025-11-05T06:33:31","date_gmt":"2025-11-05T06:33:31","guid":{"rendered":"https:\/\/www.apres-lecole.fr\/Blog\/climat-carte-ville-2050\/"},"modified":"2025-11-05T06:33:31","modified_gmt":"2025-11-05T06:33:31","slug":"climat-carte-ville-2050","status":"publish","type":"post","link":"https:\/\/www.apres-lecole.fr\/Blog\/climat-carte-ville-2050\/","title":{"rendered":"Climat : la carte qui montre votre ville en 2050 fait r\u00e9fl\u00e9chir"},"content":{"rendered":"\n\n<div class=\"kk-star-ratings kksr-auto kksr-align-left kksr-valign-top\"\n    data-payload='{&quot;align&quot;:&quot;left&quot;,&quot;id&quot;:&quot;2667&quot;,&quot;slug&quot;:&quot;default&quot;,&quot;valign&quot;:&quot;top&quot;,&quot;ignore&quot;:&quot;&quot;,&quot;reference&quot;:&quot;auto&quot;,&quot;class&quot;:&quot;&quot;,&quot;count&quot;:&quot;0&quot;,&quot;legendonly&quot;:&quot;&quot;,&quot;readonly&quot;:&quot;&quot;,&quot;score&quot;:&quot;0&quot;,&quot;starsonly&quot;:&quot;&quot;,&quot;best&quot;:&quot;5&quot;,&quot;gap&quot;:&quot;5&quot;,&quot;greet&quot;:&quot;Rate this post&quot;,&quot;legend&quot;:&quot;0\\\/5 - (0 vote)&quot;,&quot;size&quot;:&quot;24&quot;,&quot;title&quot;:&quot;Climat : la carte qui montre votre ville en 2050 fait r\u00e9fl\u00e9chir&quot;,&quot;width&quot;:&quot;0&quot;,&quot;_legend&quot;:&quot;{score}\\\/{best} - ({count} {votes})&quot;,&quot;font_factor&quot;:&quot;1.25&quot;}'>\n            \n<div class=\"kksr-stars\">\n    \n<div class=\"kksr-stars-inactive\">\n            <div class=\"kksr-star\" data-star=\"1\" style=\"padding-right: 5px\">\n            \n\n<div class=\"kksr-icon\" style=\"width: 24px; height: 24px;\"><\/div>\n        <\/div>\n            <div class=\"kksr-star\" data-star=\"2\" style=\"padding-right: 5px\">\n            \n\n<div class=\"kksr-icon\" style=\"width: 24px; height: 24px;\"><\/div>\n        <\/div>\n            <div class=\"kksr-star\" data-star=\"3\" style=\"padding-right: 5px\">\n            \n\n<div class=\"kksr-icon\" style=\"width: 24px; height: 24px;\"><\/div>\n        <\/div>\n            <div class=\"kksr-star\" data-star=\"4\" style=\"padding-right: 5px\">\n            \n\n<div class=\"kksr-icon\" style=\"width: 24px; height: 24px;\"><\/div>\n        <\/div>\n            <div class=\"kksr-star\" data-star=\"5\" style=\"padding-right: 5px\">\n            \n\n<div class=\"kksr-icon\" style=\"width: 24px; height: 24px;\"><\/div>\n        <\/div>\n    <\/div>\n    \n<div class=\"kksr-stars-active\" style=\"width: 0px;\">\n            <div class=\"kksr-star\" style=\"padding-right: 5px\">\n            \n\n<div class=\"kksr-icon\" style=\"width: 24px; height: 24px;\"><\/div>\n        <\/div>\n            <div class=\"kksr-star\" style=\"padding-right: 5px\">\n            \n\n<div class=\"kksr-icon\" style=\"width: 24px; height: 24px;\"><\/div>\n        <\/div>\n            <div class=\"kksr-star\" style=\"padding-right: 5px\">\n            \n\n<div class=\"kksr-icon\" style=\"width: 24px; height: 24px;\"><\/div>\n        <\/div>\n            <div class=\"kksr-star\" style=\"padding-right: 5px\">\n            \n\n<div class=\"kksr-icon\" style=\"width: 24px; height: 24px;\"><\/div>\n        <\/div>\n            <div class=\"kksr-star\" style=\"padding-right: 5px\">\n            \n\n<div class=\"kksr-icon\" style=\"width: 24px; height: 24px;\"><\/div>\n        <\/div>\n    <\/div>\n<\/div>\n                \n\n<div class=\"kksr-legend\" style=\"font-size: 19.2px;\">\n            <span class=\"kksr-muted\">Rate this post<\/span>\n    <\/div>\n    <\/div>\n<p>La carte interactive qui d\u00e9voile le climat de votre ville en 2050 offre une vision sans fard des transformations \u00e0 venir en France. D\u00e8s maintenant, on sait que des augmentations significatives de temp\u00e9ratures et des modifications des pr\u00e9cipitations toucheront chaque r\u00e9gion. Ce n\u2019est plus une question d\u2019hypoth\u00e8se, mais une r\u00e9alit\u00e9 \u00e0 laquelle il faudra s\u2019adapter. La hausse des temp\u00e9ratures pourrait rapprocher le climat parisien de celui de Montpellier et celui du sud de la France s\u2019apparenter \u00e0 l\u2019Andalousie actuelle. Dans cet article, tu d\u00e9couvriras les \u00e9volutions majeures pr\u00e9vues pour 2050, les secteurs concern\u00e9s et comment s\u2019y pr\u00e9parer concr\u00e8tement.<\/p>\n\n<p><strong>En bref :<\/strong><\/p>\n\n<ul class=\"wp-block-list\"><li><strong>+2,7\u00b0C de temp\u00e9rature moyenne annonc\u00e9e en France en 2050<\/strong>, avec un r\u00e9chauffement plus marqu\u00e9 en \u00e9t\u00e9.<\/li><li><strong>Pr\u00e9cipitations estivales en baisse de 10%<\/strong>, hiver plus pluvieux (+20%), modifiant les cycles d\u2019eau.<\/li><li><strong>Risques accrus d\u2019\u00e9v\u00e9nements extr\u00eames<\/strong>\u202f: s\u00e9cheresses, inondations, feux de for\u00eat.<\/li><li><strong>Impacts majeurs sur l\u2019agriculture, la gestion de l\u2019eau, l\u2019habitat et la biodiversit\u00e9.<\/strong><\/li><li><strong>Des cartes interactives disponibles pour visualiser le futur climatique de chaque commune.<\/strong><\/li><\/ul>\n\n<h2 class=\"wp-block-heading\">Une mont\u00e9e des temp\u00e9ratures qui change tout pour ta ville<\/h2>\n\n<p>D\u2019ici \u00e0 2050, la temp\u00e9rature moyenne de la France devrait grimper d\u2019environ <strong>2,7\u00b0C<\/strong> selon M\u00e9t\u00e9o-France, rapprochant le climat parisien de celui de la M\u00e9diterran\u00e9e. Imagine Paris \u00e0 la place de Montpellier en \u00e9t\u00e9\u202f: des pics \u00e0 37\u00b0C seront plus communs. Cette mont\u00e9e modifie les habitudes quotidiennes, de la mani\u00e8re dont tu g\u00e8res ton jardin \u00e0 la s\u00e9curit\u00e9 face aux canicules. La hausse n\u2019\u00e9pargne pas les r\u00e9gions du nord, qui se r\u00e9chauffent aussi, bien que l\u00e9g\u00e8rement moins, comme dans les Hauts-de-France qui pourraient conna\u00eetre un climat proche de celui de Bilbao.<\/p>\n\n<ul class=\"wp-block-list\"><li>Climat estival plus chaud avec tensions sur les ressources en eau.<\/li><li>Agriculture impact\u00e9e par des s\u00e9cheresses plus fr\u00e9quentes.<\/li><li>\u00c9cosyst\u00e8mes locaux redistribu\u00e9s, faune et flore modifi\u00e9es.<\/li><\/ul>\n\n<p>Pour comprendre comment ta ville pourrait \u00e9voluer, explore la <a href=\"https:\/\/interactive.afp.com\/features\/Demain-quel-climat-sur-le-pas-de-ma-porte_621\/city\/60676-Ville\/\">carte interactive des changements climatiques locaux<\/a>.<\/p>\n\n<figure class=\"wp-block-image size-full\"><img decoding=\"async\" width=\"1344\" height=\"768\" src=\"https:\/\/www.apres-lecole.fr\/Blog\/wp-content\/uploads\/2025\/11\/Climat-la-carte-qui-montre-votre-ville-en-2050-fait-reflechir-1.jpg\" alt=\"d\u00e9couvrez la carte interactive qui r\u00e9v\u00e8le l&#039;\u00e9volution climatique de votre ville en 2050 et suscite une prise de conscience essentielle sur le futur de notre plan\u00e8te.\" class=\"wp-image-2666\" srcset=\"https:\/\/www.apres-lecole.fr\/Blog\/wp-content\/uploads\/2025\/11\/Climat-la-carte-qui-montre-votre-ville-en-2050-fait-reflechir-1.jpg 1344w, https:\/\/www.apres-lecole.fr\/Blog\/wp-content\/uploads\/2025\/11\/Climat-la-carte-qui-montre-votre-ville-en-2050-fait-reflechir-1-300x171.jpg 300w, https:\/\/www.apres-lecole.fr\/Blog\/wp-content\/uploads\/2025\/11\/Climat-la-carte-qui-montre-votre-ville-en-2050-fait-reflechir-1-1024x585.jpg 1024w, https:\/\/www.apres-lecole.fr\/Blog\/wp-content\/uploads\/2025\/11\/Climat-la-carte-qui-montre-votre-ville-en-2050-fait-reflechir-1-768x439.jpg 768w\" sizes=\"(max-width: 1344px) 100vw, 1344px\" \/><\/figure>\n\n<h3 class=\"wp-block-heading\">Pr\u00e9voir et adapter les infrastructures et modes de vie<\/h3>\n\n<p>Les changements annonc\u00e9s demandent une adaptation rapide, notamment dans :<\/p>\n\n<ul class=\"wp-block-list\"><li>La gestion de l\u2019eau : r\u00e9duction des disponibilit\u00e9s en \u00e9t\u00e9, augmentation des pluies hivernales.<\/li><li>L\u2019urbanisme : mat\u00e9riaux et am\u00e9nagements pour lutter contre les \u00eelots de chaleur.<\/li><li>Le b\u00e2ti : construction plus r\u00e9sistante aux vagues de chaleur et aux al\u00e9as climatiques.<\/li><li>La sant\u00e9 publique : planification d\u2019actions face aux risques accrus de maladies li\u00e9es \u00e0 la chaleur.<\/li><\/ul>\n\n<p>Les initiatives de l\u2019ADEME et de <a href=\"https:\/\/greenly.earth\/blog\/actualites-ecologie\/ou-vivre-en-france-en-2050\">Greenly<\/a> illustrent des strat\u00e9gies adapt\u00e9es pour soutenir ces transformations.<\/p>\n\n<h2 class=\"wp-block-heading\">Comment utiliser cette carte pour anticiper les \u00e9volutions<\/h2>\n\n<p>Suivre l\u2019\u00e9volution de ta r\u00e9gion gr\u00e2ce \u00e0 ces cartes permet d\u2019agir efficacement :<\/p>\n\n<ol class=\"wp-block-list\"><li><strong>Rep\u00e8re la trajectoire climatique de ta ville<\/strong> pour comprendre les changements attendus.<\/li><li><strong>Identifie les risques principaux<\/strong> comme la s\u00e9cheresse ou les crues, pour mieux te pr\u00e9parer.<\/li><li><strong>Adapte ta consommation d\u2019eau et d\u2019\u00e9nergie<\/strong> en fonction des saisons renforc\u00e9es.<\/li><li><strong>Informe-toi aupr\u00e8s des acteurs locaux<\/strong> comme <a href=\"https:\/\/www.adem-france.com\/ou-vivre-en-france-en-2050\/\">ADEM France<\/a> ou <a href=\"https:\/\/www.admagazine.fr\/article\/villes-survivre-2050\">les projets urbains durables<\/a>.<\/li><li><strong>Prends part aux initiatives citoyennes<\/strong> de <a href=\"https:\/\/www.nosfuturs.fr\">Nos Futurs<\/a> ou <a href=\"https:\/\/www.greenpeace.org\/france\/\">Greenpeace<\/a> pour renforcer la r\u00e9silience collective.<\/li><\/ol>\n\n<h3 class=\"wp-block-heading\">Alternatives et limites : o\u00f9 la carte ne suffit pas<\/h3>\n\n<p>Les cartes climatiques donnent une vision d\u2019ensemble, mais gardent des impr\u00e9cisions :<\/p>\n\n<ul class=\"wp-block-list\"><li>Les pr\u00e9visions restent soumises aux incertitudes des mod\u00e8les climatiques.<\/li><li>Des microclimats locaux peuvent att\u00e9nuer ou amplifier ces tendances.<\/li><li>Les adaptations humaines (urbanisme, comportements) peuvent modifier les effets.<\/li><li>Dans certaines zones, les politiques de mitigation d\u00e9termineront l\u2019ampleur r\u00e9elle du r\u00e9chauffement.<\/li><\/ul>\n\n<p>Pour approfondir ces nuances, les ressources de <a href=\"https:\/\/www.wwf.fr\">WWF<\/a> et <a href=\"https:\/\/www.climaxion.com\">Climaxion<\/a> apportent des analyses fines et des solutions pragmatiques.<\/p>\n\n<p>En attendant, s\u2019informer \u00e0 travers des outils comme le <a href=\"https:\/\/meteofrance.com\/climadiag-commune\">Climadiag Commune<\/a> offre une base solide pour anticiper et agir au plus t\u00f4t. Ce n\u2019est pas une fatalit\u00e9, mais un d\u00e9fi \u00e0 relever ensemble, ici et maintenant.<\/p>\n\n","protected":false},"excerpt":{"rendered":"<p>La carte interactive qui d\u00e9voile le climat de votre ville en 2050 offre une vision sans fard des transformations \u00e0 venir en France. D\u00e8s maintenant, on sait que des augmentations significatives de temp\u00e9ratures et des modifications des pr\u00e9cipitations toucheront chaque r\u00e9gion. Ce n\u2019est plus une question d\u2019hypoth\u00e8se, mais une r\u00e9alit\u00e9 \u00e0 laquelle il faudra s\u2019adapter. &#8230; <a title=\"Climat : la carte qui montre votre ville en 2050 fait r\u00e9fl\u00e9chir\" class=\"read-more\" href=\"https:\/\/www.apres-lecole.fr\/Blog\/climat-carte-ville-2050\/\" aria-label=\"En savoir plus sur Climat : la carte qui montre votre ville en 2050 fait r\u00e9fl\u00e9chir\">Lire plus<\/a><\/p>\n","protected":false},"author":9,"featured_media":2665,"comment_status":"open","ping_status":"open","sticky":false,"template":"","format":"standard","meta":{"footnotes":""},"categories":[1848],"tags":[],"class_list":["post-2667","post","type-post","status-publish","format-standard","has-post-thumbnail","hentry","category-tendance"],"yoast_head":"<!-- This site is optimized with the Yoast SEO plugin v27.5 - https:\/\/yoast.com\/product\/yoast-seo-wordpress\/ -->\n<title>En 2050, votre ville sous le climat : d\u00e9couvrez la carte qui interpelle<\/title>\n<meta name=\"description\" content=\"D\u00e9couvrez comment le climat pourrait transformer votre ville en 2050 gr\u00e2ce \u00e0 une carte interactive qui invite \u00e0 r\u00e9fl\u00e9chir \u00e0 l&#039;avenir.\" \/>\n<meta name=\"robots\" content=\"index, follow, max-snippet:-1, max-image-preview:large, max-video-preview:-1\" \/>\n<link rel=\"canonical\" href=\"https:\/\/www.apres-lecole.fr\/Blog\/climat-carte-ville-2050\/\" \/>\n<meta property=\"og:locale\" content=\"fr_FR\" \/>\n<meta property=\"og:type\" content=\"article\" \/>\n<meta property=\"og:title\" content=\"En 2050, votre ville sous le climat : d\u00e9couvrez la carte qui interpelle\" \/>\n<meta property=\"og:description\" content=\"D\u00e9couvrez comment le climat pourrait transformer votre ville en 2050 gr\u00e2ce \u00e0 une carte interactive qui invite \u00e0 r\u00e9fl\u00e9chir \u00e0 l&#039;avenir.\" \/>\n<meta property=\"og:url\" content=\"https:\/\/www.apres-lecole.fr\/Blog\/climat-carte-ville-2050\/\" \/>\n<meta property=\"article:published_time\" content=\"2025-11-05T06:33:31+00:00\" \/>\n<meta property=\"og:image\" content=\"https:\/\/www.apres-lecole.fr\/Blog\/wp-content\/uploads\/2025\/11\/Climat-la-carte-qui-montre-votre-ville-en-2050-fait-reflechir.jpg\" \/>\n\t<meta property=\"og:image:width\" content=\"1344\" \/>\n\t<meta property=\"og:image:height\" content=\"768\" \/>\n\t<meta property=\"og:image:type\" content=\"image\/jpeg\" \/>\n<meta name=\"author\" content=\"Eva Martin\" \/>\n<meta name=\"twitter:card\" content=\"summary_large_image\" \/>\n<meta name=\"twitter:creator\" content=\"@Evaapresecole\" \/>\n<meta name=\"twitter:label1\" content=\"\u00c9crit par\" \/>\n\t<meta name=\"twitter:data1\" content=\"Eva Martin\" \/>\n\t<meta name=\"twitter:label2\" content=\"Dur\u00e9e de lecture estim\u00e9e\" \/>\n\t<meta name=\"twitter:data2\" content=\"3 minutes\" \/>\n<script type=\"application\/ld+json\" class=\"yoast-schema-graph\">{\"@context\":\"https:\\\/\\\/schema.org\",\"@graph\":[{\"@type\":\"Article\",\"@id\":\"https:\\\/\\\/www.apres-lecole.fr\\\/Blog\\\/climat-carte-ville-2050\\\/#article\",\"isPartOf\":{\"@id\":\"https:\\\/\\\/www.apres-lecole.fr\\\/Blog\\\/climat-carte-ville-2050\\\/\"},\"author\":{\"name\":\"Eva Martin\",\"@id\":\"https:\\\/\\\/www.apres-lecole.fr\\\/Blog\\\/#\\\/schema\\\/person\\\/aeb50cd4b51fc69da155804bb5bb9fc4\"},\"headline\":\"Climat : la carte qui montre votre ville en 2050 fait r\u00e9fl\u00e9chir\",\"datePublished\":\"2025-11-05T06:33:31+00:00\",\"mainEntityOfPage\":{\"@id\":\"https:\\\/\\\/www.apres-lecole.fr\\\/Blog\\\/climat-carte-ville-2050\\\/\"},\"wordCount\":679,\"commentCount\":0,\"image\":{\"@id\":\"https:\\\/\\\/www.apres-lecole.fr\\\/Blog\\\/climat-carte-ville-2050\\\/#primaryimage\"},\"thumbnailUrl\":\"https:\\\/\\\/www.apres-lecole.fr\\\/Blog\\\/wp-content\\\/uploads\\\/2025\\\/11\\\/Climat-la-carte-qui-montre-votre-ville-en-2050-fait-reflechir.jpg\",\"articleSection\":[\"Tendance\"],\"inLanguage\":\"fr-FR\",\"potentialAction\":[{\"@type\":\"CommentAction\",\"name\":\"Comment\",\"target\":[\"https:\\\/\\\/www.apres-lecole.fr\\\/Blog\\\/climat-carte-ville-2050\\\/#respond\"]}]},{\"@type\":\"WebPage\",\"@id\":\"https:\\\/\\\/www.apres-lecole.fr\\\/Blog\\\/climat-carte-ville-2050\\\/\",\"url\":\"https:\\\/\\\/www.apres-lecole.fr\\\/Blog\\\/climat-carte-ville-2050\\\/\",\"name\":\"En 2050, votre ville sous le climat : d\u00e9couvrez la carte qui interpelle\",\"isPartOf\":{\"@id\":\"https:\\\/\\\/www.apres-lecole.fr\\\/Blog\\\/#website\"},\"primaryImageOfPage\":{\"@id\":\"https:\\\/\\\/www.apres-lecole.fr\\\/Blog\\\/climat-carte-ville-2050\\\/#primaryimage\"},\"image\":{\"@id\":\"https:\\\/\\\/www.apres-lecole.fr\\\/Blog\\\/climat-carte-ville-2050\\\/#primaryimage\"},\"thumbnailUrl\":\"https:\\\/\\\/www.apres-lecole.fr\\\/Blog\\\/wp-content\\\/uploads\\\/2025\\\/11\\\/Climat-la-carte-qui-montre-votre-ville-en-2050-fait-reflechir.jpg\",\"datePublished\":\"2025-11-05T06:33:31+00:00\",\"author\":{\"@id\":\"https:\\\/\\\/www.apres-lecole.fr\\\/Blog\\\/#\\\/schema\\\/person\\\/aeb50cd4b51fc69da155804bb5bb9fc4\"},\"description\":\"D\u00e9couvrez comment le climat pourrait transformer votre ville en 2050 gr\u00e2ce \u00e0 une carte interactive qui invite \u00e0 r\u00e9fl\u00e9chir \u00e0 l'avenir.\",\"breadcrumb\":{\"@id\":\"https:\\\/\\\/www.apres-lecole.fr\\\/Blog\\\/climat-carte-ville-2050\\\/#breadcrumb\"},\"inLanguage\":\"fr-FR\",\"potentialAction\":[{\"@type\":\"ReadAction\",\"target\":[\"https:\\\/\\\/www.apres-lecole.fr\\\/Blog\\\/climat-carte-ville-2050\\\/\"]}]},{\"@type\":\"ImageObject\",\"inLanguage\":\"fr-FR\",\"@id\":\"https:\\\/\\\/www.apres-lecole.fr\\\/Blog\\\/climat-carte-ville-2050\\\/#primaryimage\",\"url\":\"https:\\\/\\\/www.apres-lecole.fr\\\/Blog\\\/wp-content\\\/uploads\\\/2025\\\/11\\\/Climat-la-carte-qui-montre-votre-ville-en-2050-fait-reflechir.jpg\",\"contentUrl\":\"https:\\\/\\\/www.apres-lecole.fr\\\/Blog\\\/wp-content\\\/uploads\\\/2025\\\/11\\\/Climat-la-carte-qui-montre-votre-ville-en-2050-fait-reflechir.jpg\",\"width\":1344,\"height\":768,\"caption\":\"d\u00e9couvrez la carte interactive d\u00e9voilant l'\u00e9volution climatique de votre ville en 2050 et r\u00e9fl\u00e9chissez aux changements \u00e0 venir.\"},{\"@type\":\"BreadcrumbList\",\"@id\":\"https:\\\/\\\/www.apres-lecole.fr\\\/Blog\\\/climat-carte-ville-2050\\\/#breadcrumb\",\"itemListElement\":[{\"@type\":\"ListItem\",\"position\":1,\"name\":\"Home\",\"item\":\"https:\\\/\\\/www.apres-lecole.fr\\\/Blog\\\/\"},{\"@type\":\"ListItem\",\"position\":2,\"name\":\"Climat : la carte qui montre votre ville en 2050 fait r\u00e9fl\u00e9chir\"}]},{\"@type\":\"WebSite\",\"@id\":\"https:\\\/\\\/www.apres-lecole.fr\\\/Blog\\\/#website\",\"url\":\"https:\\\/\\\/www.apres-lecole.fr\\\/Blog\\\/\",\"name\":\"\",\"description\":\"M\u00e9dia g\u00e9n\u00e9raliste\",\"potentialAction\":[{\"@type\":\"SearchAction\",\"target\":{\"@type\":\"EntryPoint\",\"urlTemplate\":\"https:\\\/\\\/www.apres-lecole.fr\\\/Blog\\\/?s={search_term_string}\"},\"query-input\":{\"@type\":\"PropertyValueSpecification\",\"valueRequired\":true,\"valueName\":\"search_term_string\"}}],\"inLanguage\":\"fr-FR\"},{\"@type\":\"Person\",\"@id\":\"https:\\\/\\\/www.apres-lecole.fr\\\/Blog\\\/#\\\/schema\\\/person\\\/aeb50cd4b51fc69da155804bb5bb9fc4\",\"name\":\"Eva Martin\",\"image\":{\"@type\":\"ImageObject\",\"inLanguage\":\"fr-FR\",\"@id\":\"https:\\\/\\\/secure.gravatar.com\\\/avatar\\\/55c53222558b27a72015a64073a80edce4abd33369394b9bf2c5cd6c19d12682?s=96&d=mm&r=g\",\"url\":\"https:\\\/\\\/secure.gravatar.com\\\/avatar\\\/55c53222558b27a72015a64073a80edce4abd33369394b9bf2c5cd6c19d12682?s=96&d=mm&r=g\",\"contentUrl\":\"https:\\\/\\\/secure.gravatar.com\\\/avatar\\\/55c53222558b27a72015a64073a80edce4abd33369394b9bf2c5cd6c19d12682?s=96&d=mm&r=g\",\"caption\":\"Eva Martin\"},\"description\":\"Je parle de business et d'entrepreneuriat avec des conseils clairs, concrets et actionnables pour r\u00e9ussir\",\"sameAs\":[\"https:\\\/\\\/x.com\\\/Evaapresecole\"],\"url\":\"https:\\\/\\\/www.apres-lecole.fr\\\/Blog\\\/author\\\/evamartin\\\/\"}]}<\/script>\n<!-- \/ Yoast SEO plugin. -->","yoast_head_json":{"title":"En 2050, votre ville sous le climat : d\u00e9couvrez la carte qui interpelle","description":"D\u00e9couvrez comment le climat pourrait transformer votre ville en 2050 gr\u00e2ce \u00e0 une carte interactive qui invite \u00e0 r\u00e9fl\u00e9chir \u00e0 l'avenir.","robots":{"index":"index","follow":"follow","max-snippet":"max-snippet:-1","max-image-preview":"max-image-preview:large","max-video-preview":"max-video-preview:-1"},"canonical":"https:\/\/www.apres-lecole.fr\/Blog\/climat-carte-ville-2050\/","og_locale":"fr_FR","og_type":"article","og_title":"En 2050, votre ville sous le climat : d\u00e9couvrez la carte qui interpelle","og_description":"D\u00e9couvrez comment le climat pourrait transformer votre ville en 2050 gr\u00e2ce \u00e0 une carte interactive qui invite \u00e0 r\u00e9fl\u00e9chir \u00e0 l'avenir.","og_url":"https:\/\/www.apres-lecole.fr\/Blog\/climat-carte-ville-2050\/","article_published_time":"2025-11-05T06:33:31+00:00","og_image":[{"width":1344,"height":768,"url":"https:\/\/www.apres-lecole.fr\/Blog\/wp-content\/uploads\/2025\/11\/Climat-la-carte-qui-montre-votre-ville-en-2050-fait-reflechir.jpg","type":"image\/jpeg"}],"author":"Eva Martin","twitter_card":"summary_large_image","twitter_creator":"@Evaapresecole","twitter_misc":{"\u00c9crit par":"Eva Martin","Dur\u00e9e de lecture estim\u00e9e":"3 minutes"},"schema":{"@context":"https:\/\/schema.org","@graph":[{"@type":"Article","@id":"https:\/\/www.apres-lecole.fr\/Blog\/climat-carte-ville-2050\/#article","isPartOf":{"@id":"https:\/\/www.apres-lecole.fr\/Blog\/climat-carte-ville-2050\/"},"author":{"name":"Eva Martin","@id":"https:\/\/www.apres-lecole.fr\/Blog\/#\/schema\/person\/aeb50cd4b51fc69da155804bb5bb9fc4"},"headline":"Climat : la carte qui montre votre ville en 2050 fait r\u00e9fl\u00e9chir","datePublished":"2025-11-05T06:33:31+00:00","mainEntityOfPage":{"@id":"https:\/\/www.apres-lecole.fr\/Blog\/climat-carte-ville-2050\/"},"wordCount":679,"commentCount":0,"image":{"@id":"https:\/\/www.apres-lecole.fr\/Blog\/climat-carte-ville-2050\/#primaryimage"},"thumbnailUrl":"https:\/\/www.apres-lecole.fr\/Blog\/wp-content\/uploads\/2025\/11\/Climat-la-carte-qui-montre-votre-ville-en-2050-fait-reflechir.jpg","articleSection":["Tendance"],"inLanguage":"fr-FR","potentialAction":[{"@type":"CommentAction","name":"Comment","target":["https:\/\/www.apres-lecole.fr\/Blog\/climat-carte-ville-2050\/#respond"]}]},{"@type":"WebPage","@id":"https:\/\/www.apres-lecole.fr\/Blog\/climat-carte-ville-2050\/","url":"https:\/\/www.apres-lecole.fr\/Blog\/climat-carte-ville-2050\/","name":"En 2050, votre ville sous le climat : d\u00e9couvrez la carte qui interpelle","isPartOf":{"@id":"https:\/\/www.apres-lecole.fr\/Blog\/#website"},"primaryImageOfPage":{"@id":"https:\/\/www.apres-lecole.fr\/Blog\/climat-carte-ville-2050\/#primaryimage"},"image":{"@id":"https:\/\/www.apres-lecole.fr\/Blog\/climat-carte-ville-2050\/#primaryimage"},"thumbnailUrl":"https:\/\/www.apres-lecole.fr\/Blog\/wp-content\/uploads\/2025\/11\/Climat-la-carte-qui-montre-votre-ville-en-2050-fait-reflechir.jpg","datePublished":"2025-11-05T06:33:31+00:00","author":{"@id":"https:\/\/www.apres-lecole.fr\/Blog\/#\/schema\/person\/aeb50cd4b51fc69da155804bb5bb9fc4"},"description":"D\u00e9couvrez comment le climat pourrait transformer votre ville en 2050 gr\u00e2ce \u00e0 une carte interactive qui invite \u00e0 r\u00e9fl\u00e9chir \u00e0 l'avenir.","breadcrumb":{"@id":"https:\/\/www.apres-lecole.fr\/Blog\/climat-carte-ville-2050\/#breadcrumb"},"inLanguage":"fr-FR","potentialAction":[{"@type":"ReadAction","target":["https:\/\/www.apres-lecole.fr\/Blog\/climat-carte-ville-2050\/"]}]},{"@type":"ImageObject","inLanguage":"fr-FR","@id":"https:\/\/www.apres-lecole.fr\/Blog\/climat-carte-ville-2050\/#primaryimage","url":"https:\/\/www.apres-lecole.fr\/Blog\/wp-content\/uploads\/2025\/11\/Climat-la-carte-qui-montre-votre-ville-en-2050-fait-reflechir.jpg","contentUrl":"https:\/\/www.apres-lecole.fr\/Blog\/wp-content\/uploads\/2025\/11\/Climat-la-carte-qui-montre-votre-ville-en-2050-fait-reflechir.jpg","width":1344,"height":768,"caption":"d\u00e9couvrez la carte interactive d\u00e9voilant l'\u00e9volution climatique de votre ville en 2050 et r\u00e9fl\u00e9chissez aux changements \u00e0 venir."},{"@type":"BreadcrumbList","@id":"https:\/\/www.apres-lecole.fr\/Blog\/climat-carte-ville-2050\/#breadcrumb","itemListElement":[{"@type":"ListItem","position":1,"name":"Home","item":"https:\/\/www.apres-lecole.fr\/Blog\/"},{"@type":"ListItem","position":2,"name":"Climat : la carte qui montre votre ville en 2050 fait r\u00e9fl\u00e9chir"}]},{"@type":"WebSite","@id":"https:\/\/www.apres-lecole.fr\/Blog\/#website","url":"https:\/\/www.apres-lecole.fr\/Blog\/","name":"","description":"M\u00e9dia g\u00e9n\u00e9raliste","potentialAction":[{"@type":"SearchAction","target":{"@type":"EntryPoint","urlTemplate":"https:\/\/www.apres-lecole.fr\/Blog\/?s={search_term_string}"},"query-input":{"@type":"PropertyValueSpecification","valueRequired":true,"valueName":"search_term_string"}}],"inLanguage":"fr-FR"},{"@type":"Person","@id":"https:\/\/www.apres-lecole.fr\/Blog\/#\/schema\/person\/aeb50cd4b51fc69da155804bb5bb9fc4","name":"Eva Martin","image":{"@type":"ImageObject","inLanguage":"fr-FR","@id":"https:\/\/secure.gravatar.com\/avatar\/55c53222558b27a72015a64073a80edce4abd33369394b9bf2c5cd6c19d12682?s=96&d=mm&r=g","url":"https:\/\/secure.gravatar.com\/avatar\/55c53222558b27a72015a64073a80edce4abd33369394b9bf2c5cd6c19d12682?s=96&d=mm&r=g","contentUrl":"https:\/\/secure.gravatar.com\/avatar\/55c53222558b27a72015a64073a80edce4abd33369394b9bf2c5cd6c19d12682?s=96&d=mm&r=g","caption":"Eva Martin"},"description":"Je parle de business et d'entrepreneuriat avec des conseils clairs, concrets et actionnables pour r\u00e9ussir","sameAs":["https:\/\/x.com\/Evaapresecole"],"url":"https:\/\/www.apres-lecole.fr\/Blog\/author\/evamartin\/"}]}},"views":18,"_links":{"self":[{"href":"https:\/\/www.apres-lecole.fr\/Blog\/wp-json\/wp\/v2\/posts\/2667","targetHints":{"allow":["GET"]}}],"collection":[{"href":"https:\/\/www.apres-lecole.fr\/Blog\/wp-json\/wp\/v2\/posts"}],"about":[{"href":"https:\/\/www.apres-lecole.fr\/Blog\/wp-json\/wp\/v2\/types\/post"}],"author":[{"embeddable":true,"href":"https:\/\/www.apres-lecole.fr\/Blog\/wp-json\/wp\/v2\/users\/9"}],"replies":[{"embeddable":true,"href":"https:\/\/www.apres-lecole.fr\/Blog\/wp-json\/wp\/v2\/comments?post=2667"}],"version-history":[{"count":0,"href":"https:\/\/www.apres-lecole.fr\/Blog\/wp-json\/wp\/v2\/posts\/2667\/revisions"}],"wp:featuredmedia":[{"embeddable":true,"href":"https:\/\/www.apres-lecole.fr\/Blog\/wp-json\/wp\/v2\/media\/2665"}],"wp:attachment":[{"href":"https:\/\/www.apres-lecole.fr\/Blog\/wp-json\/wp\/v2\/media?parent=2667"}],"wp:term":[{"taxonomy":"category","embeddable":true,"href":"https:\/\/www.apres-lecole.fr\/Blog\/wp-json\/wp\/v2\/categories?post=2667"},{"taxonomy":"post_tag","embeddable":true,"href":"https:\/\/www.apres-lecole.fr\/Blog\/wp-json\/wp\/v2\/tags?post=2667"}],"curies":[{"name":"wp","href":"https:\/\/api.w.org\/{rel}","templated":true}]}}