{"id":2655,"date":"2025-11-03T06:37:23","date_gmt":"2025-11-03T06:37:23","guid":{"rendered":"https:\/\/www.apres-lecole.fr\/Blog\/appart-seduit-acheteurs-2025\/"},"modified":"2025-11-03T06:37:23","modified_gmt":"2025-11-03T06:37:23","slug":"appart-seduit-acheteurs-2025","status":"publish","type":"post","link":"https:\/\/www.apres-lecole.fr\/Blog\/appart-seduit-acheteurs-2025\/","title":{"rendered":"Immobilier : pourquoi ce type d\u2019appart s\u00e9duit les acheteurs en 2025"},"content":{"rendered":"\n\n<div class=\"kk-star-ratings kksr-auto kksr-align-left kksr-valign-top\"\n    data-payload='{&quot;align&quot;:&quot;left&quot;,&quot;id&quot;:&quot;2655&quot;,&quot;slug&quot;:&quot;default&quot;,&quot;valign&quot;:&quot;top&quot;,&quot;ignore&quot;:&quot;&quot;,&quot;reference&quot;:&quot;auto&quot;,&quot;class&quot;:&quot;&quot;,&quot;count&quot;:&quot;0&quot;,&quot;legendonly&quot;:&quot;&quot;,&quot;readonly&quot;:&quot;&quot;,&quot;score&quot;:&quot;0&quot;,&quot;starsonly&quot;:&quot;&quot;,&quot;best&quot;:&quot;5&quot;,&quot;gap&quot;:&quot;5&quot;,&quot;greet&quot;:&quot;Rate this post&quot;,&quot;legend&quot;:&quot;0\\\/5 - (0 vote)&quot;,&quot;size&quot;:&quot;24&quot;,&quot;title&quot;:&quot;Immobilier : pourquoi ce type d\u2019appart s\u00e9duit les acheteurs en 2025&quot;,&quot;width&quot;:&quot;0&quot;,&quot;_legend&quot;:&quot;{score}\\\/{best} - ({count} {votes})&quot;,&quot;font_factor&quot;:&quot;1.25&quot;}'>\n            \n<div class=\"kksr-stars\">\n    \n<div class=\"kksr-stars-inactive\">\n            <div class=\"kksr-star\" data-star=\"1\" style=\"padding-right: 5px\">\n            \n\n<div class=\"kksr-icon\" style=\"width: 24px; height: 24px;\"><\/div>\n        <\/div>\n            <div class=\"kksr-star\" data-star=\"2\" style=\"padding-right: 5px\">\n            \n\n<div class=\"kksr-icon\" style=\"width: 24px; height: 24px;\"><\/div>\n        <\/div>\n            <div class=\"kksr-star\" data-star=\"3\" style=\"padding-right: 5px\">\n            \n\n<div class=\"kksr-icon\" style=\"width: 24px; height: 24px;\"><\/div>\n        <\/div>\n            <div class=\"kksr-star\" data-star=\"4\" style=\"padding-right: 5px\">\n            \n\n<div class=\"kksr-icon\" style=\"width: 24px; height: 24px;\"><\/div>\n        <\/div>\n            <div class=\"kksr-star\" data-star=\"5\" style=\"padding-right: 5px\">\n            \n\n<div class=\"kksr-icon\" style=\"width: 24px; height: 24px;\"><\/div>\n        <\/div>\n    <\/div>\n    \n<div class=\"kksr-stars-active\" style=\"width: 0px;\">\n            <div class=\"kksr-star\" style=\"padding-right: 5px\">\n            \n\n<div class=\"kksr-icon\" style=\"width: 24px; height: 24px;\"><\/div>\n        <\/div>\n            <div class=\"kksr-star\" style=\"padding-right: 5px\">\n            \n\n<div class=\"kksr-icon\" style=\"width: 24px; height: 24px;\"><\/div>\n        <\/div>\n            <div class=\"kksr-star\" style=\"padding-right: 5px\">\n            \n\n<div class=\"kksr-icon\" style=\"width: 24px; height: 24px;\"><\/div>\n        <\/div>\n            <div class=\"kksr-star\" style=\"padding-right: 5px\">\n            \n\n<div class=\"kksr-icon\" style=\"width: 24px; height: 24px;\"><\/div>\n        <\/div>\n            <div class=\"kksr-star\" style=\"padding-right: 5px\">\n            \n\n<div class=\"kksr-icon\" style=\"width: 24px; height: 24px;\"><\/div>\n        <\/div>\n    <\/div>\n<\/div>\n                \n\n<div class=\"kksr-legend\" style=\"font-size: 19.2px;\">\n            <span class=\"kksr-muted\">Rate this post<\/span>\n    <\/div>\n    <\/div>\n<p>Le march\u00e9 immobilier en 2025 surprend par sa stabilit\u00e9 apr\u00e8s plusieurs ann\u00e9es d&rsquo;instabilit\u00e9. Parmi toutes les typologies de logements, un type d\u2019appartement sort clairement du lot et captive l\u2019attention des acheteurs. Il s\u2019agit des appartements fonctionnels, alliant optimisation de l\u2019espace et sobri\u00e9t\u00e9 \u00e9nerg\u00e9tique, reflet des nouvelles exigences guidant les d\u00e9cisions d\u2019achat aujourd\u2019hui. Ce ph\u00e9nom\u00e8ne s\u2019incarne particuli\u00e8rement dans les grandes villes comme Paris, Lyon ou Bordeaux, mais aussi dans les petites et moyennes communes qui affichent une offre plus \u00e9quilibr\u00e9e. Comprendre pourquoi ces biens montent en popularit\u00e9, c\u2019est saisir les cl\u00e9s pour mieux r\u00e9ussir sa future acquisition. Ce texte explorera les raisons concr\u00e8tes de cet engouement, les b\u00e9n\u00e9fices cibl\u00e9s, ainsi que des conseils pratiques pour s\u00e9lectionner le bien qui correspond \u00e0 ces nouveaux crit\u00e8res.<\/p>\n\n<p><strong>En bref :<\/strong><\/p>\n\n<ul class=\"wp-block-list\"><li>La demande privil\u00e9gie d\u00e9sormais les appartements bien agenc\u00e9s, \u00e9conomes en \u00e9nergie, avec confort moderne.<\/li><li>La baisse progressive des taux d\u2019int\u00e9r\u00eat am\u00e9liore le pouvoir d\u2019achat, poussant vers des choix avis\u00e9s et durables.<\/li><li>Les grandes agglom\u00e9rations affichent un net regain d\u2019int\u00e9r\u00eat pour les appartements qui optimisent chaque m\u00e8tre carr\u00e9.<\/li><li>Les dispositifs de r\u00e9novation \u00e9nerg\u00e9tique renforcent la valeur des biens r\u00e9nov\u00e9s avec soin.<\/li><li>Int\u00e9grer les tendances et donn\u00e9es de plateformes comme <a href=\"https:\/\/www.pap.fr\/actualites\/immobilier-95-dacheteurs-en-2025-et-si-cetait-vraiment-le-moment-de-vendre\/a27931\">PAP.fr<\/a> et <a href=\"https:\/\/www.cogedim.com\/le-neuf-decrypte\/l-actu-du-neuf\/perspectives-2025-et-dela-comment-evoluent-les-attentes-des-acheteurs.html\">Cogedim<\/a> permet d\u2019anticiper efficacement ses projets.<\/li><\/ul>\n\n<h2 class=\"wp-block-heading\">Un nouvel ordre immobilier : pourquoi les appartements optimis\u00e9s s\u00e9duisent<\/h2>\n\n<p>En 2025, les acheteurs ont chang\u00e9 de priorit\u00e9. Ce n\u2019est plus seulement la superficie qui compte, mais surtout l\u2019agencement intelligent et le confort d\u2019usage. Ainsi, un appartement bien con\u00e7u, m\u00eame modeste en taille, devient un choix plus judicieux qu\u2019un grand logement peu fonctionnel. Les espaces multifonctionnels se multiplient, r\u00e9pondant au t\u00e9l\u00e9travail, \u00e0 l\u2019intimit\u00e9, et au besoin d\u2019\u00e9conomies d&rsquo;\u00e9nergie.<\/p>\n\n<ul class=\"wp-block-list\"><li><strong>Optimisation de l\u2019espace :<\/strong> des rangements int\u00e9gr\u00e9s et zones modulables pour un maximum de flexibilit\u00e9.<\/li><li><strong>Efficacit\u00e9 \u00e9nerg\u00e9tique :<\/strong> isolation renforc\u00e9e, double vitrage et \u00e9quipements performants valorisent le bien.<\/li><li><strong>Localisation strat\u00e9gique :<\/strong> pr\u00e8s des transports, \u00e9coles, et commerces, id\u00e9ale pour faciliter le quotidien.<\/li><li><strong>Qualit\u00e9 de vie :<\/strong> lumi\u00e8re naturelle abondante et mat\u00e9riaux sains apportent bien-\u00eatre et sant\u00e9.<\/li><li><strong>Fiscalit\u00e9 et aides :<\/strong> les dispositifs \u00e9tatiques encouragent \u00e0 privil\u00e9gier les logements r\u00e9nov\u00e9s ou neufs avec performances \u00e9nerg\u00e9tiques.<\/li><\/ul>\n\n<figure class=\"wp-block-image size-full\"><img decoding=\"async\" width=\"1344\" height=\"768\" src=\"https:\/\/www.apres-lecole.fr\/Blog\/wp-content\/uploads\/2025\/11\/Immobilier-pourquoi-ce-type-dappart-seduit-les-acheteurs-en-2025-1.jpg\" alt=\"d\u00e9couvrez pourquoi ce type d\u2019appartement attire de plus en plus d\u2019acheteurs en 2025 : avantages, tendances du march\u00e9 immobilier et crit\u00e8res recherch\u00e9s par les acqu\u00e9reurs.\" class=\"wp-image-2654\" srcset=\"https:\/\/www.apres-lecole.fr\/Blog\/wp-content\/uploads\/2025\/11\/Immobilier-pourquoi-ce-type-dappart-seduit-les-acheteurs-en-2025-1.jpg 1344w, https:\/\/www.apres-lecole.fr\/Blog\/wp-content\/uploads\/2025\/11\/Immobilier-pourquoi-ce-type-dappart-seduit-les-acheteurs-en-2025-1-300x171.jpg 300w, https:\/\/www.apres-lecole.fr\/Blog\/wp-content\/uploads\/2025\/11\/Immobilier-pourquoi-ce-type-dappart-seduit-les-acheteurs-en-2025-1-1024x585.jpg 1024w, https:\/\/www.apres-lecole.fr\/Blog\/wp-content\/uploads\/2025\/11\/Immobilier-pourquoi-ce-type-dappart-seduit-les-acheteurs-en-2025-1-768x439.jpg 768w\" sizes=\"(max-width: 1344px) 100vw, 1344px\" \/><\/figure>\n\n<h3 class=\"wp-block-heading\">Comment tirer parti de ces tendances en 5 \u00e9tapes<\/h3>\n\n<ol class=\"wp-block-list\"><li><strong>D\u00e9finis tes besoins exacts<\/strong> : priorise l\u2019usage courant et les espaces dont tu as r\u00e9ellement besoin.<\/li><li><strong>V\u00e9rifie les performances \u00e9nerg\u00e9tiques<\/strong> : demande le DPE et cible les biens r\u00e9cents ou r\u00e9nov\u00e9s.<\/li><li><strong>Analyse le quartier<\/strong> : privil\u00e9gie une localisation bien desservie et proche des commodit\u00e9s.<\/li><li><strong>Profite du suivi des prix<\/strong> via <a href=\"https:\/\/www.meilleursagents.com\/\">MeilleursAgents<\/a> pour n\u00e9gocier avec assurance.<\/li><li><strong>Consulte les agences reconnues<\/strong> telles que <a href=\"https:\/\/www.foncia.com\/\">Foncia<\/a> ou <a href=\"https:\/\/www.century21.fr\/\">Century 21<\/a> qui ma\u00eetrisent bien ces segments du march\u00e9.<\/li><\/ol>\n\n<h2 class=\"wp-block-heading\">Alternatives \u00e0 consid\u00e9rer et leurs limites<\/h2>\n\n<p>Les appartements anciens restent attractifs \u00e0 condition d\u2019\u00eatre correctement r\u00e9nov\u00e9s, alors que les studios ou tr\u00e8s petits logements peuvent sacrifier le confort au nom du prix. En zones rurales, l\u2019offre qualitative peut \u00eatre plus rare. Certaines personnes pr\u00e9f\u00e8rent aussi la maison individuelle, mais elle co\u00fbte souvent plus cher en \u00e9nergie et entretien. Enfin, les biens mal localis\u00e9s ou sans espaces ext\u00e9rieurs restent minoritaires dans les choix raisonn\u00e9es.<\/p>\n\n<ul class=\"wp-block-list\"><li><strong>Studios et petits appartements :<\/strong> s\u00e9duisent par leur prix mais limitent la flexibilit\u00e9.<\/li><li><strong>Logements anciens non r\u00e9nov\u00e9s :<\/strong> co\u00fbt \u00e0 pr\u00e9voir pour la mise aux normes \u00e9nerg\u00e9tiques et confort.<\/li><li><strong>Maisons individuelles :<\/strong> davantage d\u2019entretien, et impact \u00e9nerg\u00e9tique souvent sup\u00e9rieur.<\/li><li><strong>Zones rurales ou peu desservies :<\/strong> bonnes opportunit\u00e9s mais acc\u00e8s parfois difficile.<\/li><\/ul>\n\n<p>Le choix d\u2019un appartement fonctionnel, bien situ\u00e9, et labellis\u00e9 pour ses qualit\u00e9s \u00e9nerg\u00e9tiques s\u2019impose donc comme la formule gagnante pour acqu\u00e9rir un bien p\u00e9renne, agr\u00e9able et rentable. Pour approfondir, explorer les offres sur des sites comme <a href=\"https:\/\/www.se%20Loger.com\">SeLoger<\/a> ou <a href=\"https:\/\/www.orpi.com\/\">Orpi<\/a> permet d\u2019affiner son projet et de se positionner efficacement sur ce march\u00e9 en pleine \u00e9volution.<\/p>\n\n","protected":false},"excerpt":{"rendered":"<p>Le march\u00e9 immobilier en 2025 surprend par sa stabilit\u00e9 apr\u00e8s plusieurs ann\u00e9es d&rsquo;instabilit\u00e9. Parmi toutes les typologies de logements, un type d\u2019appartement sort clairement du lot et captive l\u2019attention des acheteurs. Il s\u2019agit des appartements fonctionnels, alliant optimisation de l\u2019espace et sobri\u00e9t\u00e9 \u00e9nerg\u00e9tique, reflet des nouvelles exigences guidant les d\u00e9cisions d\u2019achat aujourd\u2019hui. Ce ph\u00e9nom\u00e8ne s\u2019incarne &#8230; <a title=\"Immobilier : pourquoi ce type d\u2019appart s\u00e9duit les acheteurs en 2025\" class=\"read-more\" href=\"https:\/\/www.apres-lecole.fr\/Blog\/appart-seduit-acheteurs-2025\/\" aria-label=\"En savoir plus sur Immobilier : pourquoi ce type d\u2019appart s\u00e9duit les acheteurs en 2025\">Lire plus<\/a><\/p>\n","protected":false},"author":9,"featured_media":2653,"comment_status":"open","ping_status":"open","sticky":false,"template":"","format":"standard","meta":{"footnotes":""},"categories":[1848],"tags":[],"class_list":["post-2655","post","type-post","status-publish","format-standard","has-post-thumbnail","hentry","category-tendance"],"yoast_head":"<!-- This site is optimized with the Yoast SEO plugin v27.5 - https:\/\/yoast.com\/product\/yoast-seo-wordpress\/ -->\n<title>Appartements tendance 2025 : la nouvelle obsession des acheteurs<\/title>\n<meta name=\"description\" content=\"D\u00e9couvrez pourquoi ces appartements innovants s\u00e9duisent de plus en plus d\u2019acheteurs en 2025 dans le secteur de l\u2019immobilier.\" \/>\n<meta name=\"robots\" content=\"index, follow, max-snippet:-1, max-image-preview:large, max-video-preview:-1\" \/>\n<link rel=\"canonical\" href=\"https:\/\/www.apres-lecole.fr\/Blog\/appart-seduit-acheteurs-2025\/\" \/>\n<meta property=\"og:locale\" content=\"fr_FR\" \/>\n<meta property=\"og:type\" content=\"article\" \/>\n<meta property=\"og:title\" content=\"Appartements tendance 2025 : la nouvelle obsession des acheteurs\" \/>\n<meta property=\"og:description\" content=\"D\u00e9couvrez pourquoi ces appartements innovants s\u00e9duisent de plus en plus d\u2019acheteurs en 2025 dans le secteur de l\u2019immobilier.\" \/>\n<meta property=\"og:url\" content=\"https:\/\/www.apres-lecole.fr\/Blog\/appart-seduit-acheteurs-2025\/\" \/>\n<meta property=\"article:published_time\" content=\"2025-11-03T06:37:23+00:00\" \/>\n<meta property=\"og:image\" content=\"https:\/\/www.apres-lecole.fr\/Blog\/wp-content\/uploads\/2025\/11\/Immobilier-pourquoi-ce-type-dappart-seduit-les-acheteurs-en-2025.jpg\" \/>\n\t<meta property=\"og:image:width\" content=\"1344\" \/>\n\t<meta property=\"og:image:height\" content=\"768\" \/>\n\t<meta property=\"og:image:type\" content=\"image\/jpeg\" \/>\n<meta name=\"author\" content=\"Eva Martin\" \/>\n<meta name=\"twitter:card\" content=\"summary_large_image\" \/>\n<meta name=\"twitter:creator\" content=\"@Evaapresecole\" \/>\n<meta name=\"twitter:label1\" content=\"\u00c9crit par\" \/>\n\t<meta name=\"twitter:data1\" content=\"Eva Martin\" \/>\n\t<meta name=\"twitter:label2\" content=\"Dur\u00e9e de lecture estim\u00e9e\" \/>\n\t<meta name=\"twitter:data2\" content=\"3 minutes\" \/>\n<script type=\"application\/ld+json\" class=\"yoast-schema-graph\">{\"@context\":\"https:\\\/\\\/schema.org\",\"@graph\":[{\"@type\":\"Article\",\"@id\":\"https:\\\/\\\/www.apres-lecole.fr\\\/Blog\\\/appart-seduit-acheteurs-2025\\\/#article\",\"isPartOf\":{\"@id\":\"https:\\\/\\\/www.apres-lecole.fr\\\/Blog\\\/appart-seduit-acheteurs-2025\\\/\"},\"author\":{\"name\":\"Eva Martin\",\"@id\":\"https:\\\/\\\/www.apres-lecole.fr\\\/Blog\\\/#\\\/schema\\\/person\\\/aeb50cd4b51fc69da155804bb5bb9fc4\"},\"headline\":\"Immobilier : pourquoi ce type d\u2019appart s\u00e9duit les acheteurs en 2025\",\"datePublished\":\"2025-11-03T06:37:23+00:00\",\"mainEntityOfPage\":{\"@id\":\"https:\\\/\\\/www.apres-lecole.fr\\\/Blog\\\/appart-seduit-acheteurs-2025\\\/\"},\"wordCount\":710,\"commentCount\":0,\"image\":{\"@id\":\"https:\\\/\\\/www.apres-lecole.fr\\\/Blog\\\/appart-seduit-acheteurs-2025\\\/#primaryimage\"},\"thumbnailUrl\":\"https:\\\/\\\/www.apres-lecole.fr\\\/Blog\\\/wp-content\\\/uploads\\\/2025\\\/11\\\/Immobilier-pourquoi-ce-type-dappart-seduit-les-acheteurs-en-2025.jpg\",\"articleSection\":[\"Tendance\"],\"inLanguage\":\"fr-FR\",\"potentialAction\":[{\"@type\":\"CommentAction\",\"name\":\"Comment\",\"target\":[\"https:\\\/\\\/www.apres-lecole.fr\\\/Blog\\\/appart-seduit-acheteurs-2025\\\/#respond\"]}]},{\"@type\":\"WebPage\",\"@id\":\"https:\\\/\\\/www.apres-lecole.fr\\\/Blog\\\/appart-seduit-acheteurs-2025\\\/\",\"url\":\"https:\\\/\\\/www.apres-lecole.fr\\\/Blog\\\/appart-seduit-acheteurs-2025\\\/\",\"name\":\"Appartements tendance 2025 : la nouvelle obsession des acheteurs\",\"isPartOf\":{\"@id\":\"https:\\\/\\\/www.apres-lecole.fr\\\/Blog\\\/#website\"},\"primaryImageOfPage\":{\"@id\":\"https:\\\/\\\/www.apres-lecole.fr\\\/Blog\\\/appart-seduit-acheteurs-2025\\\/#primaryimage\"},\"image\":{\"@id\":\"https:\\\/\\\/www.apres-lecole.fr\\\/Blog\\\/appart-seduit-acheteurs-2025\\\/#primaryimage\"},\"thumbnailUrl\":\"https:\\\/\\\/www.apres-lecole.fr\\\/Blog\\\/wp-content\\\/uploads\\\/2025\\\/11\\\/Immobilier-pourquoi-ce-type-dappart-seduit-les-acheteurs-en-2025.jpg\",\"datePublished\":\"2025-11-03T06:37:23+00:00\",\"author\":{\"@id\":\"https:\\\/\\\/www.apres-lecole.fr\\\/Blog\\\/#\\\/schema\\\/person\\\/aeb50cd4b51fc69da155804bb5bb9fc4\"},\"description\":\"D\u00e9couvrez pourquoi ces appartements innovants s\u00e9duisent de plus en plus d\u2019acheteurs en 2025 dans le secteur de l\u2019immobilier.\",\"breadcrumb\":{\"@id\":\"https:\\\/\\\/www.apres-lecole.fr\\\/Blog\\\/appart-seduit-acheteurs-2025\\\/#breadcrumb\"},\"inLanguage\":\"fr-FR\",\"potentialAction\":[{\"@type\":\"ReadAction\",\"target\":[\"https:\\\/\\\/www.apres-lecole.fr\\\/Blog\\\/appart-seduit-acheteurs-2025\\\/\"]}]},{\"@type\":\"ImageObject\",\"inLanguage\":\"fr-FR\",\"@id\":\"https:\\\/\\\/www.apres-lecole.fr\\\/Blog\\\/appart-seduit-acheteurs-2025\\\/#primaryimage\",\"url\":\"https:\\\/\\\/www.apres-lecole.fr\\\/Blog\\\/wp-content\\\/uploads\\\/2025\\\/11\\\/Immobilier-pourquoi-ce-type-dappart-seduit-les-acheteurs-en-2025.jpg\",\"contentUrl\":\"https:\\\/\\\/www.apres-lecole.fr\\\/Blog\\\/wp-content\\\/uploads\\\/2025\\\/11\\\/Immobilier-pourquoi-ce-type-dappart-seduit-les-acheteurs-en-2025.jpg\",\"width\":1344,\"height\":768,\"caption\":\"d\u00e9couvrez pourquoi ce type d\u2019appartement attire de plus en plus d\u2019acheteurs en 2025 : tendances, avantages, et conseils pour bien investir dans l\u2019immobilier.\"},{\"@type\":\"BreadcrumbList\",\"@id\":\"https:\\\/\\\/www.apres-lecole.fr\\\/Blog\\\/appart-seduit-acheteurs-2025\\\/#breadcrumb\",\"itemListElement\":[{\"@type\":\"ListItem\",\"position\":1,\"name\":\"Home\",\"item\":\"https:\\\/\\\/www.apres-lecole.fr\\\/Blog\\\/\"},{\"@type\":\"ListItem\",\"position\":2,\"name\":\"Immobilier : pourquoi ce type d\u2019appart s\u00e9duit les acheteurs en 2025\"}]},{\"@type\":\"WebSite\",\"@id\":\"https:\\\/\\\/www.apres-lecole.fr\\\/Blog\\\/#website\",\"url\":\"https:\\\/\\\/www.apres-lecole.fr\\\/Blog\\\/\",\"name\":\"\",\"description\":\"M\u00e9dia g\u00e9n\u00e9raliste\",\"potentialAction\":[{\"@type\":\"SearchAction\",\"target\":{\"@type\":\"EntryPoint\",\"urlTemplate\":\"https:\\\/\\\/www.apres-lecole.fr\\\/Blog\\\/?s={search_term_string}\"},\"query-input\":{\"@type\":\"PropertyValueSpecification\",\"valueRequired\":true,\"valueName\":\"search_term_string\"}}],\"inLanguage\":\"fr-FR\"},{\"@type\":\"Person\",\"@id\":\"https:\\\/\\\/www.apres-lecole.fr\\\/Blog\\\/#\\\/schema\\\/person\\\/aeb50cd4b51fc69da155804bb5bb9fc4\",\"name\":\"Eva Martin\",\"image\":{\"@type\":\"ImageObject\",\"inLanguage\":\"fr-FR\",\"@id\":\"https:\\\/\\\/secure.gravatar.com\\\/avatar\\\/55c53222558b27a72015a64073a80edce4abd33369394b9bf2c5cd6c19d12682?s=96&d=mm&r=g\",\"url\":\"https:\\\/\\\/secure.gravatar.com\\\/avatar\\\/55c53222558b27a72015a64073a80edce4abd33369394b9bf2c5cd6c19d12682?s=96&d=mm&r=g\",\"contentUrl\":\"https:\\\/\\\/secure.gravatar.com\\\/avatar\\\/55c53222558b27a72015a64073a80edce4abd33369394b9bf2c5cd6c19d12682?s=96&d=mm&r=g\",\"caption\":\"Eva Martin\"},\"description\":\"Je parle de business et d'entrepreneuriat avec des conseils clairs, concrets et actionnables pour r\u00e9ussir\",\"sameAs\":[\"https:\\\/\\\/x.com\\\/Evaapresecole\"],\"url\":\"https:\\\/\\\/www.apres-lecole.fr\\\/Blog\\\/author\\\/evamartin\\\/\"}]}<\/script>\n<!-- \/ Yoast SEO plugin. -->","yoast_head_json":{"title":"Appartements tendance 2025 : la nouvelle obsession des acheteurs","description":"D\u00e9couvrez pourquoi ces appartements innovants s\u00e9duisent de plus en plus d\u2019acheteurs en 2025 dans le secteur de l\u2019immobilier.","robots":{"index":"index","follow":"follow","max-snippet":"max-snippet:-1","max-image-preview":"max-image-preview:large","max-video-preview":"max-video-preview:-1"},"canonical":"https:\/\/www.apres-lecole.fr\/Blog\/appart-seduit-acheteurs-2025\/","og_locale":"fr_FR","og_type":"article","og_title":"Appartements tendance 2025 : la nouvelle obsession des acheteurs","og_description":"D\u00e9couvrez pourquoi ces appartements innovants s\u00e9duisent de plus en plus d\u2019acheteurs en 2025 dans le secteur de l\u2019immobilier.","og_url":"https:\/\/www.apres-lecole.fr\/Blog\/appart-seduit-acheteurs-2025\/","article_published_time":"2025-11-03T06:37:23+00:00","og_image":[{"width":1344,"height":768,"url":"https:\/\/www.apres-lecole.fr\/Blog\/wp-content\/uploads\/2025\/11\/Immobilier-pourquoi-ce-type-dappart-seduit-les-acheteurs-en-2025.jpg","type":"image\/jpeg"}],"author":"Eva Martin","twitter_card":"summary_large_image","twitter_creator":"@Evaapresecole","twitter_misc":{"\u00c9crit par":"Eva Martin","Dur\u00e9e de lecture estim\u00e9e":"3 minutes"},"schema":{"@context":"https:\/\/schema.org","@graph":[{"@type":"Article","@id":"https:\/\/www.apres-lecole.fr\/Blog\/appart-seduit-acheteurs-2025\/#article","isPartOf":{"@id":"https:\/\/www.apres-lecole.fr\/Blog\/appart-seduit-acheteurs-2025\/"},"author":{"name":"Eva Martin","@id":"https:\/\/www.apres-lecole.fr\/Blog\/#\/schema\/person\/aeb50cd4b51fc69da155804bb5bb9fc4"},"headline":"Immobilier : pourquoi ce type d\u2019appart s\u00e9duit les acheteurs en 2025","datePublished":"2025-11-03T06:37:23+00:00","mainEntityOfPage":{"@id":"https:\/\/www.apres-lecole.fr\/Blog\/appart-seduit-acheteurs-2025\/"},"wordCount":710,"commentCount":0,"image":{"@id":"https:\/\/www.apres-lecole.fr\/Blog\/appart-seduit-acheteurs-2025\/#primaryimage"},"thumbnailUrl":"https:\/\/www.apres-lecole.fr\/Blog\/wp-content\/uploads\/2025\/11\/Immobilier-pourquoi-ce-type-dappart-seduit-les-acheteurs-en-2025.jpg","articleSection":["Tendance"],"inLanguage":"fr-FR","potentialAction":[{"@type":"CommentAction","name":"Comment","target":["https:\/\/www.apres-lecole.fr\/Blog\/appart-seduit-acheteurs-2025\/#respond"]}]},{"@type":"WebPage","@id":"https:\/\/www.apres-lecole.fr\/Blog\/appart-seduit-acheteurs-2025\/","url":"https:\/\/www.apres-lecole.fr\/Blog\/appart-seduit-acheteurs-2025\/","name":"Appartements tendance 2025 : la nouvelle obsession des acheteurs","isPartOf":{"@id":"https:\/\/www.apres-lecole.fr\/Blog\/#website"},"primaryImageOfPage":{"@id":"https:\/\/www.apres-lecole.fr\/Blog\/appart-seduit-acheteurs-2025\/#primaryimage"},"image":{"@id":"https:\/\/www.apres-lecole.fr\/Blog\/appart-seduit-acheteurs-2025\/#primaryimage"},"thumbnailUrl":"https:\/\/www.apres-lecole.fr\/Blog\/wp-content\/uploads\/2025\/11\/Immobilier-pourquoi-ce-type-dappart-seduit-les-acheteurs-en-2025.jpg","datePublished":"2025-11-03T06:37:23+00:00","author":{"@id":"https:\/\/www.apres-lecole.fr\/Blog\/#\/schema\/person\/aeb50cd4b51fc69da155804bb5bb9fc4"},"description":"D\u00e9couvrez pourquoi ces appartements innovants s\u00e9duisent de plus en plus d\u2019acheteurs en 2025 dans le secteur de l\u2019immobilier.","breadcrumb":{"@id":"https:\/\/www.apres-lecole.fr\/Blog\/appart-seduit-acheteurs-2025\/#breadcrumb"},"inLanguage":"fr-FR","potentialAction":[{"@type":"ReadAction","target":["https:\/\/www.apres-lecole.fr\/Blog\/appart-seduit-acheteurs-2025\/"]}]},{"@type":"ImageObject","inLanguage":"fr-FR","@id":"https:\/\/www.apres-lecole.fr\/Blog\/appart-seduit-acheteurs-2025\/#primaryimage","url":"https:\/\/www.apres-lecole.fr\/Blog\/wp-content\/uploads\/2025\/11\/Immobilier-pourquoi-ce-type-dappart-seduit-les-acheteurs-en-2025.jpg","contentUrl":"https:\/\/www.apres-lecole.fr\/Blog\/wp-content\/uploads\/2025\/11\/Immobilier-pourquoi-ce-type-dappart-seduit-les-acheteurs-en-2025.jpg","width":1344,"height":768,"caption":"d\u00e9couvrez pourquoi ce type d\u2019appartement attire de plus en plus d\u2019acheteurs en 2025 : tendances, avantages, et conseils pour bien investir dans l\u2019immobilier."},{"@type":"BreadcrumbList","@id":"https:\/\/www.apres-lecole.fr\/Blog\/appart-seduit-acheteurs-2025\/#breadcrumb","itemListElement":[{"@type":"ListItem","position":1,"name":"Home","item":"https:\/\/www.apres-lecole.fr\/Blog\/"},{"@type":"ListItem","position":2,"name":"Immobilier : pourquoi ce type d\u2019appart s\u00e9duit les acheteurs en 2025"}]},{"@type":"WebSite","@id":"https:\/\/www.apres-lecole.fr\/Blog\/#website","url":"https:\/\/www.apres-lecole.fr\/Blog\/","name":"","description":"M\u00e9dia g\u00e9n\u00e9raliste","potentialAction":[{"@type":"SearchAction","target":{"@type":"EntryPoint","urlTemplate":"https:\/\/www.apres-lecole.fr\/Blog\/?s={search_term_string}"},"query-input":{"@type":"PropertyValueSpecification","valueRequired":true,"valueName":"search_term_string"}}],"inLanguage":"fr-FR"},{"@type":"Person","@id":"https:\/\/www.apres-lecole.fr\/Blog\/#\/schema\/person\/aeb50cd4b51fc69da155804bb5bb9fc4","name":"Eva Martin","image":{"@type":"ImageObject","inLanguage":"fr-FR","@id":"https:\/\/secure.gravatar.com\/avatar\/55c53222558b27a72015a64073a80edce4abd33369394b9bf2c5cd6c19d12682?s=96&d=mm&r=g","url":"https:\/\/secure.gravatar.com\/avatar\/55c53222558b27a72015a64073a80edce4abd33369394b9bf2c5cd6c19d12682?s=96&d=mm&r=g","contentUrl":"https:\/\/secure.gravatar.com\/avatar\/55c53222558b27a72015a64073a80edce4abd33369394b9bf2c5cd6c19d12682?s=96&d=mm&r=g","caption":"Eva Martin"},"description":"Je parle de business et d'entrepreneuriat avec des conseils clairs, concrets et actionnables pour r\u00e9ussir","sameAs":["https:\/\/x.com\/Evaapresecole"],"url":"https:\/\/www.apres-lecole.fr\/Blog\/author\/evamartin\/"}]}},"views":215,"_links":{"self":[{"href":"https:\/\/www.apres-lecole.fr\/Blog\/wp-json\/wp\/v2\/posts\/2655","targetHints":{"allow":["GET"]}}],"collection":[{"href":"https:\/\/www.apres-lecole.fr\/Blog\/wp-json\/wp\/v2\/posts"}],"about":[{"href":"https:\/\/www.apres-lecole.fr\/Blog\/wp-json\/wp\/v2\/types\/post"}],"author":[{"embeddable":true,"href":"https:\/\/www.apres-lecole.fr\/Blog\/wp-json\/wp\/v2\/users\/9"}],"replies":[{"embeddable":true,"href":"https:\/\/www.apres-lecole.fr\/Blog\/wp-json\/wp\/v2\/comments?post=2655"}],"version-history":[{"count":0,"href":"https:\/\/www.apres-lecole.fr\/Blog\/wp-json\/wp\/v2\/posts\/2655\/revisions"}],"wp:featuredmedia":[{"embeddable":true,"href":"https:\/\/www.apres-lecole.fr\/Blog\/wp-json\/wp\/v2\/media\/2653"}],"wp:attachment":[{"href":"https:\/\/www.apres-lecole.fr\/Blog\/wp-json\/wp\/v2\/media?parent=2655"}],"wp:term":[{"taxonomy":"category","embeddable":true,"href":"https:\/\/www.apres-lecole.fr\/Blog\/wp-json\/wp\/v2\/categories?post=2655"},{"taxonomy":"post_tag","embeddable":true,"href":"https:\/\/www.apres-lecole.fr\/Blog\/wp-json\/wp\/v2\/tags?post=2655"}],"curies":[{"name":"wp","href":"https:\/\/api.w.org\/{rel}","templated":true}]}}