{"id":2646,"date":"2025-11-01T21:11:32","date_gmt":"2025-11-01T21:11:32","guid":{"rendered":"https:\/\/www.apres-lecole.fr\/Blog\/astuce-lumiere-visio-pro\/"},"modified":"2025-11-01T21:11:32","modified_gmt":"2025-11-01T21:11:32","slug":"astuce-lumiere-visio-pro","status":"publish","type":"post","link":"https:\/\/www.apres-lecole.fr\/Blog\/astuce-lumiere-visio-pro\/","title":{"rendered":"T\u00e9l\u00e9travail : l\u2019astuce lumi\u00e8re qui vous fait para\u00eetre plus pro en visio"},"content":{"rendered":"\n\n<div class=\"kk-star-ratings kksr-auto kksr-align-left kksr-valign-top\"\n    data-payload='{&quot;align&quot;:&quot;left&quot;,&quot;id&quot;:&quot;2646&quot;,&quot;slug&quot;:&quot;default&quot;,&quot;valign&quot;:&quot;top&quot;,&quot;ignore&quot;:&quot;&quot;,&quot;reference&quot;:&quot;auto&quot;,&quot;class&quot;:&quot;&quot;,&quot;count&quot;:&quot;0&quot;,&quot;legendonly&quot;:&quot;&quot;,&quot;readonly&quot;:&quot;&quot;,&quot;score&quot;:&quot;0&quot;,&quot;starsonly&quot;:&quot;&quot;,&quot;best&quot;:&quot;5&quot;,&quot;gap&quot;:&quot;5&quot;,&quot;greet&quot;:&quot;Rate this post&quot;,&quot;legend&quot;:&quot;0\\\/5 - (0 vote)&quot;,&quot;size&quot;:&quot;24&quot;,&quot;title&quot;:&quot;T\u00e9l\u00e9travail : l\u2019astuce lumi\u00e8re qui vous fait para\u00eetre plus pro en visio&quot;,&quot;width&quot;:&quot;0&quot;,&quot;_legend&quot;:&quot;{score}\\\/{best} - ({count} {votes})&quot;,&quot;font_factor&quot;:&quot;1.25&quot;}'>\n            \n<div class=\"kksr-stars\">\n    \n<div class=\"kksr-stars-inactive\">\n            <div class=\"kksr-star\" data-star=\"1\" style=\"padding-right: 5px\">\n            \n\n<div class=\"kksr-icon\" style=\"width: 24px; height: 24px;\"><\/div>\n        <\/div>\n            <div class=\"kksr-star\" data-star=\"2\" style=\"padding-right: 5px\">\n            \n\n<div class=\"kksr-icon\" style=\"width: 24px; height: 24px;\"><\/div>\n        <\/div>\n            <div class=\"kksr-star\" data-star=\"3\" style=\"padding-right: 5px\">\n            \n\n<div class=\"kksr-icon\" style=\"width: 24px; height: 24px;\"><\/div>\n        <\/div>\n            <div class=\"kksr-star\" data-star=\"4\" style=\"padding-right: 5px\">\n            \n\n<div class=\"kksr-icon\" style=\"width: 24px; height: 24px;\"><\/div>\n        <\/div>\n            <div class=\"kksr-star\" data-star=\"5\" style=\"padding-right: 5px\">\n            \n\n<div class=\"kksr-icon\" style=\"width: 24px; height: 24px;\"><\/div>\n        <\/div>\n    <\/div>\n    \n<div class=\"kksr-stars-active\" style=\"width: 0px;\">\n            <div class=\"kksr-star\" style=\"padding-right: 5px\">\n            \n\n<div class=\"kksr-icon\" style=\"width: 24px; height: 24px;\"><\/div>\n        <\/div>\n            <div class=\"kksr-star\" style=\"padding-right: 5px\">\n            \n\n<div class=\"kksr-icon\" style=\"width: 24px; height: 24px;\"><\/div>\n        <\/div>\n            <div class=\"kksr-star\" style=\"padding-right: 5px\">\n            \n\n<div class=\"kksr-icon\" style=\"width: 24px; height: 24px;\"><\/div>\n        <\/div>\n            <div class=\"kksr-star\" style=\"padding-right: 5px\">\n            \n\n<div class=\"kksr-icon\" style=\"width: 24px; height: 24px;\"><\/div>\n        <\/div>\n            <div class=\"kksr-star\" style=\"padding-right: 5px\">\n            \n\n<div class=\"kksr-icon\" style=\"width: 24px; height: 24px;\"><\/div>\n        <\/div>\n    <\/div>\n<\/div>\n                \n\n<div class=\"kksr-legend\" style=\"font-size: 19.2px;\">\n            <span class=\"kksr-muted\">Rate this post<\/span>\n    <\/div>\n    <\/div>\n<p>Le secret pour para\u00eetre plus professionnel en visioconf\u00e9rence passe souvent par un d\u00e9tail que l\u2019on sous-estime : l\u2019\u00e9clairage. En t\u00e9l\u00e9travail, un bon \u00e9clairage ne se contente pas de r\u00e9duire la fatigue oculaire, il souligne aussi votre s\u00e9rieux et votre dynamisme lors des appels vid\u00e9o. Une lumi\u00e8re bien pens\u00e9e met en valeur votre visage, \u00e9limine les ombres g\u00eanantes et instaure une ambiance propice \u00e0 la concentration. Dans ce guide, d\u00e9couvre comment ajuster ton \u00e9clairage pour briller devant ta cam\u00e9ra et gagner en cr\u00e9dibilit\u00e9, avec des conseils adapt\u00e9s \u00e0 tous les espaces et budgets, ainsi que des astuces sur le choix des \u00e9quipements populaires comme <strong>Philips Hue<\/strong> ou <strong>Elgato Key Light<\/strong>.<\/p>\n\n<p><strong>En bref :<\/strong><\/p>\n\n<ul class=\"wp-block-list\"><li>B\u00e9n\u00e9ficie au maximum de la lumi\u00e8re naturelle en pla\u00e7ant ton bureau pr\u00e8s d\u2019une fen\u00eatre.<\/li><li>Utilise une lampe de bureau avec lumi\u00e8re blanche neutre (4000\u20135000K) pour \u00e9viter la fatigue visuelle.<\/li><li>\u00c9vite les sources lumineuses trop fortes ou directes qui cr\u00e9ent des reflets et des ombres.<\/li><li>Consid\u00e8re des \u00e9quipements d\u00e9di\u00e9s comme la <strong>BenQ ScreenBar<\/strong> ou un anneau LED <strong>Neewer<\/strong> pour un \u00e9clairage uniforme.<\/li><li>Prends en compte le cadre l\u00e9gal : un \u00e9clairage \u00e9gal ou sup\u00e9rieur \u00e0 300 lux est recommand\u00e9 pour le travail de bureau.<\/li><\/ul>\n\n<h2 class=\"wp-block-heading\">Le r\u00f4le cl\u00e9 d\u2019un \u00e9clairage bien dos\u00e9 pour booster ton image en visioconf\u00e9rence<\/h2>\n\n<p>Une bonne lumi\u00e8re est l\u2019atout invisible de ta r\u00e9ussite en visio. Un \u00e9clairage frontal \u00e9vite les ombres disgracieuses sur ton visage tout en valorisant tes expressions. En t\u00e9l\u00e9travail, le placement classique d\u2019une lampe de bureau \u00e0 l\u2019avant, comme le mod\u00e8le <strong>Logitech Litra Glow<\/strong>, apporte une lumi\u00e8re \u00e9quilibr\u00e9e et naturelle, qui met en avant ton professionnalisme.<\/p>\n\n<ul class=\"wp-block-list\"><li>Place ta source lumineuse \u00e0 hauteur des yeux pour un rendu naturel.<\/li><li>Choisis une lumi\u00e8re blanche neutre entre 4000 et 5000 kelvins, comme la gamme <strong>IKEA HEKTAR<\/strong>, qui s\u2019approche de la lumi\u00e8re du jour.<\/li><li>\u00c9vite les plafonniers seuls qui provoquent des ombres sur le visage.<\/li><\/ul>\n\n<p>Un \u00e9clairage adapt\u00e9 ne suffit pas qu\u2019\u00e0 la cam\u00e9ra amateur. Les experts recommandent des solutions sp\u00e9cifiques telles que le <a href=\"https:\/\/laboutiquedeleclaireur.com\/quel-eclairage-en-teletravail-pour-etre-productif\/\">Elgato Key Light<\/a>, tr\u00e8s pl\u00e9biscit\u00e9 pour ses r\u00e9glages pr\u00e9cis.<\/p>\n\n<figure class=\"wp-block-image size-full\"><img decoding=\"async\" width=\"1344\" height=\"768\" src=\"https:\/\/www.apres-lecole.fr\/Blog\/wp-content\/uploads\/2025\/11\/Teletravail-lastuce-lumiere-qui-vous-fait-paraitre-plus-pro-en-visio-1.jpg\" alt=\"d\u00e9couvrez comment optimiser votre \u00e9clairage en t\u00e9l\u00e9travail pour para\u00eetre plus professionnel lors de vos visioconf\u00e9rences. astuces simples et efficaces pour une pr\u00e9sence impeccable en ligne.\" class=\"wp-image-2645\" srcset=\"https:\/\/www.apres-lecole.fr\/Blog\/wp-content\/uploads\/2025\/11\/Teletravail-lastuce-lumiere-qui-vous-fait-paraitre-plus-pro-en-visio-1.jpg 1344w, https:\/\/www.apres-lecole.fr\/Blog\/wp-content\/uploads\/2025\/11\/Teletravail-lastuce-lumiere-qui-vous-fait-paraitre-plus-pro-en-visio-1-300x171.jpg 300w, https:\/\/www.apres-lecole.fr\/Blog\/wp-content\/uploads\/2025\/11\/Teletravail-lastuce-lumiere-qui-vous-fait-paraitre-plus-pro-en-visio-1-1024x585.jpg 1024w, https:\/\/www.apres-lecole.fr\/Blog\/wp-content\/uploads\/2025\/11\/Teletravail-lastuce-lumiere-qui-vous-fait-paraitre-plus-pro-en-visio-1-768x439.jpg 768w\" sizes=\"(max-width: 1344px) 100vw, 1344px\" \/><\/figure>\n\n<h3 class=\"wp-block-heading\">3 astuces rapides pour un setup lumi\u00e8re au top en t\u00e9l\u00e9travail<\/h3>\n\n<ol class=\"wp-block-list\"><li><strong>Capitalise sur la lumi\u00e8re naturelle.<\/strong> Oriente ton bureau face \u00e0 une fen\u00eatre, id\u00e9alement \u00e0 une distance de 1 \u00e0 2 m\u00e8tres pour profiter de la lumi\u00e8re diffuse sans \u00e9blouir. En cas de m\u00e9t\u00e9o capricieuse, un \u00e9clairage d\u2019appoint type <strong>LIFX<\/strong> compl\u00e8te harmonieusement.<\/li><li><strong>Investis dans une lampe orientable \u00e0 lumi\u00e8re neutre.<\/strong> Les mod\u00e8les <strong>Xiaomi Mi LED Desk Lamp<\/strong> ou <strong>AUKEY<\/strong> sont r\u00e9put\u00e9s pour leur confort lumineux et leur ergonomie.<\/li><li><strong>R\u00e9duis les contrastes.<\/strong> Place ta lampe principale devant toi pour aplanir les ombres, puis ajoute un \u00e9clairage d\u2019ambiance derri\u00e8re ton \u00e9cran pour \u00e9viter la fatigue visuelle, comme avec une barre lumineuse <strong>BenQ ScreenBar<\/strong>.<\/li><\/ol>\n\n<p>Attention \u00e0 ne pas cr\u00e9er de reflets sur l\u2019\u00e9cran, qui g\u00eanent la lecture et donnent un aspect peu soign\u00e9. Souviens-toi qu\u2019un dispositif simple bien plac\u00e9 peut consid\u00e9rablement rehausser ta pr\u00e9sence en r\u00e9union virtuelle.<\/p>\n\n<h2 class=\"wp-block-heading\">Choisir son \u00e9clairage en fonction de son espace et de ses besoins<\/h2>\n\n<p>Que tu travailles dans une pi\u00e8ce d\u00e9di\u00e9e, un coin salon ou une chambre, l\u2019\u00e9clairage adapt\u00e9 d\u00e9pend de la configuration et de la luminosit\u00e9 naturelle de l&rsquo;espace. Pour un bureau complet, un plafonnier avec technologie LED lumi\u00e8re du jour, comme le <a href=\"https:\/\/luxcedia.fr\/2020\/09\/quel-eclairage-en-teletravail\/\">JASMINA<\/a>, propose un \u00e9clairage homog\u00e8ne et puissant (500 lux et plus). Si ton espace est r\u00e9duit, la lampe de bureau reste la meilleure option.<\/p>\n\n<ul class=\"wp-block-list\"><li>Pour des travaux pr\u00e9cis ou prolong\u00e9s, vise un \u00e9clairage sup\u00e9rieur \u00e0 700 lux, possible avec les suspensions LED r\u00e9glables en hauteur.<\/li><li>Les lampes de bureau \u00e0 pince permettent de gagner de la place tout en \u00e9tant mobiles.<\/li><li>Les luminaires biodynamiques, comme ceux sign\u00e9s <strong>Yamaha Sound &amp; Light<\/strong>, ajustent la temp\u00e9rature et l\u2019intensit\u00e9 pour correspondre aux rythmes circadiens et am\u00e9liorer ta concentration.<\/li><\/ul>\n\n<p>Pour en savoir plus sur comment am\u00e9nager un \u00e9clairage optimal pour t\u00e9l\u00e9travail, consulte ce guide complet et fiable sur <a href=\"https:\/\/www.expert-teletravail.fr\/amenager-un-eclairage-optimal\/\">l\u2019am\u00e9nagement d\u2019\u00e9clairage<\/a>.<\/p>\n\n<h3 class=\"wp-block-heading\">Les limites et alternatives \u00e0 consid\u00e9rer<\/h3>\n\n<p>Installer un bon \u00e9clairage ne garantit pas une image parfaite si la source de lumi\u00e8re est mal positionn\u00e9e ou de mauvaise qualit\u00e9. Attention aux ombres port\u00e9es, aux lumi\u00e8res trop chaudes qui peuvent alt\u00e9rer la couleur naturelle de la peau, ou \u00e0 un \u00e9clairage trop faible qui accentue les traits fatigu\u00e9s.<\/p>\n\n<ul class=\"wp-block-list\"><li>Pour un rendu vid\u00e9o optimal, \u00e9vite les lumi\u00e8res color\u00e9es ou les ambiances trop tamis\u00e9es lors d\u2019une r\u00e9union professionnelle.<\/li><li>Si ton espace est sombre, privil\u00e9gie une combinaison de lampe de bureau et plafonnier LED, en compl\u00e9ment de la lumi\u00e8re naturelle.<\/li><li>Les anneaux LED professionnels <strong>Neewer Ring Light<\/strong> sont parfaits pour une lumi\u00e8re uniforme, surtout pour ceux qui animent des formations ou webinaires.<\/li><\/ul>\n\n<p>Adopter une astuce lumi\u00e8re adapt\u00e9e multiplie les chances que ton interlocuteur retienne un visage clair, accueillant et surtout professionnel. Le prochain d\u00e9fi : d\u00e9finir ton espace pour installer l\u2019\u00e9clairage parfait simplement et efficacement, sans te ruiner ni bricoler trop longtemps. En 2025, les solutions lumineuses high-tech et abordables comme <strong>Philips Hue<\/strong> ou <strong>AUKEY<\/strong> facilitent cette transition.<\/p>\n\n","protected":false},"excerpt":{"rendered":"<p>Le secret pour para\u00eetre plus professionnel en visioconf\u00e9rence passe souvent par un d\u00e9tail que l\u2019on sous-estime : l\u2019\u00e9clairage. En t\u00e9l\u00e9travail, un bon \u00e9clairage ne se contente pas de r\u00e9duire la fatigue oculaire, il souligne aussi votre s\u00e9rieux et votre dynamisme lors des appels vid\u00e9o. Une lumi\u00e8re bien pens\u00e9e met en valeur votre visage, \u00e9limine les &#8230; <a title=\"T\u00e9l\u00e9travail : l\u2019astuce lumi\u00e8re qui vous fait para\u00eetre plus pro en visio\" class=\"read-more\" href=\"https:\/\/www.apres-lecole.fr\/Blog\/astuce-lumiere-visio-pro\/\" aria-label=\"En savoir plus sur T\u00e9l\u00e9travail : l\u2019astuce lumi\u00e8re qui vous fait para\u00eetre plus pro en visio\">Lire plus<\/a><\/p>\n","protected":false},"author":9,"featured_media":2644,"comment_status":"open","ping_status":"open","sticky":false,"template":"","format":"standard","meta":{"footnotes":""},"categories":[1848],"tags":[],"class_list":["post-2646","post","type-post","status-publish","format-standard","has-post-thumbnail","hentry","category-tendance"],"yoast_head":"<!-- This site is optimized with the Yoast SEO plugin v27.5 - https:\/\/yoast.com\/product\/yoast-seo-wordpress\/ -->\n<title>\u00c9clairez votre image : l\u2019astuce lumi\u00e8re pour briller en visioconf\u00e9rence<\/title>\n<meta name=\"description\" content=\"D\u00e9couvrez l\u2019astuce lumi\u00e8re pour am\u00e9liorer votre apparence en visioconf\u00e9rence et para\u00eetre plus professionnel en t\u00e9l\u00e9travail.\" \/>\n<meta name=\"robots\" content=\"index, follow, max-snippet:-1, max-image-preview:large, max-video-preview:-1\" \/>\n<link rel=\"canonical\" href=\"https:\/\/www.apres-lecole.fr\/Blog\/astuce-lumiere-visio-pro\/\" \/>\n<meta property=\"og:locale\" content=\"fr_FR\" \/>\n<meta property=\"og:type\" content=\"article\" \/>\n<meta property=\"og:title\" content=\"\u00c9clairez votre image : l\u2019astuce lumi\u00e8re pour briller en visioconf\u00e9rence\" \/>\n<meta property=\"og:description\" content=\"D\u00e9couvrez l\u2019astuce lumi\u00e8re pour am\u00e9liorer votre apparence en visioconf\u00e9rence et para\u00eetre plus professionnel en t\u00e9l\u00e9travail.\" \/>\n<meta property=\"og:url\" content=\"https:\/\/www.apres-lecole.fr\/Blog\/astuce-lumiere-visio-pro\/\" \/>\n<meta property=\"article:published_time\" content=\"2025-11-01T21:11:32+00:00\" \/>\n<meta property=\"og:image\" content=\"https:\/\/www.apres-lecole.fr\/Blog\/wp-content\/uploads\/2025\/11\/Teletravail-lastuce-lumiere-qui-vous-fait-paraitre-plus-pro-en-visio.jpg\" \/>\n\t<meta property=\"og:image:width\" content=\"1344\" \/>\n\t<meta property=\"og:image:height\" content=\"768\" \/>\n\t<meta property=\"og:image:type\" content=\"image\/jpeg\" \/>\n<meta name=\"author\" content=\"Eva Martin\" \/>\n<meta name=\"twitter:card\" content=\"summary_large_image\" \/>\n<meta name=\"twitter:creator\" content=\"@Evaapresecole\" \/>\n<meta name=\"twitter:label1\" content=\"\u00c9crit par\" \/>\n\t<meta name=\"twitter:data1\" content=\"Eva Martin\" \/>\n\t<meta name=\"twitter:label2\" content=\"Dur\u00e9e de lecture estim\u00e9e\" \/>\n\t<meta name=\"twitter:data2\" content=\"5 minutes\" \/>\n<script type=\"application\/ld+json\" class=\"yoast-schema-graph\">{\"@context\":\"https:\\\/\\\/schema.org\",\"@graph\":[{\"@type\":\"Article\",\"@id\":\"https:\\\/\\\/www.apres-lecole.fr\\\/Blog\\\/astuce-lumiere-visio-pro\\\/#article\",\"isPartOf\":{\"@id\":\"https:\\\/\\\/www.apres-lecole.fr\\\/Blog\\\/astuce-lumiere-visio-pro\\\/\"},\"author\":{\"name\":\"Eva Martin\",\"@id\":\"https:\\\/\\\/www.apres-lecole.fr\\\/Blog\\\/#\\\/schema\\\/person\\\/aeb50cd4b51fc69da155804bb5bb9fc4\"},\"headline\":\"T\u00e9l\u00e9travail : l\u2019astuce lumi\u00e8re qui vous fait para\u00eetre plus pro en visio\",\"datePublished\":\"2025-11-01T21:11:32+00:00\",\"mainEntityOfPage\":{\"@id\":\"https:\\\/\\\/www.apres-lecole.fr\\\/Blog\\\/astuce-lumiere-visio-pro\\\/\"},\"wordCount\":924,\"commentCount\":0,\"image\":{\"@id\":\"https:\\\/\\\/www.apres-lecole.fr\\\/Blog\\\/astuce-lumiere-visio-pro\\\/#primaryimage\"},\"thumbnailUrl\":\"https:\\\/\\\/www.apres-lecole.fr\\\/Blog\\\/wp-content\\\/uploads\\\/2025\\\/11\\\/Teletravail-lastuce-lumiere-qui-vous-fait-paraitre-plus-pro-en-visio.jpg\",\"articleSection\":[\"Tendance\"],\"inLanguage\":\"fr-FR\",\"potentialAction\":[{\"@type\":\"CommentAction\",\"name\":\"Comment\",\"target\":[\"https:\\\/\\\/www.apres-lecole.fr\\\/Blog\\\/astuce-lumiere-visio-pro\\\/#respond\"]}]},{\"@type\":\"WebPage\",\"@id\":\"https:\\\/\\\/www.apres-lecole.fr\\\/Blog\\\/astuce-lumiere-visio-pro\\\/\",\"url\":\"https:\\\/\\\/www.apres-lecole.fr\\\/Blog\\\/astuce-lumiere-visio-pro\\\/\",\"name\":\"\u00c9clairez votre image : l\u2019astuce lumi\u00e8re pour briller en visioconf\u00e9rence\",\"isPartOf\":{\"@id\":\"https:\\\/\\\/www.apres-lecole.fr\\\/Blog\\\/#website\"},\"primaryImageOfPage\":{\"@id\":\"https:\\\/\\\/www.apres-lecole.fr\\\/Blog\\\/astuce-lumiere-visio-pro\\\/#primaryimage\"},\"image\":{\"@id\":\"https:\\\/\\\/www.apres-lecole.fr\\\/Blog\\\/astuce-lumiere-visio-pro\\\/#primaryimage\"},\"thumbnailUrl\":\"https:\\\/\\\/www.apres-lecole.fr\\\/Blog\\\/wp-content\\\/uploads\\\/2025\\\/11\\\/Teletravail-lastuce-lumiere-qui-vous-fait-paraitre-plus-pro-en-visio.jpg\",\"datePublished\":\"2025-11-01T21:11:32+00:00\",\"author\":{\"@id\":\"https:\\\/\\\/www.apres-lecole.fr\\\/Blog\\\/#\\\/schema\\\/person\\\/aeb50cd4b51fc69da155804bb5bb9fc4\"},\"description\":\"D\u00e9couvrez l\u2019astuce lumi\u00e8re pour am\u00e9liorer votre apparence en visioconf\u00e9rence et para\u00eetre plus professionnel en t\u00e9l\u00e9travail.\",\"breadcrumb\":{\"@id\":\"https:\\\/\\\/www.apres-lecole.fr\\\/Blog\\\/astuce-lumiere-visio-pro\\\/#breadcrumb\"},\"inLanguage\":\"fr-FR\",\"potentialAction\":[{\"@type\":\"ReadAction\",\"target\":[\"https:\\\/\\\/www.apres-lecole.fr\\\/Blog\\\/astuce-lumiere-visio-pro\\\/\"]}]},{\"@type\":\"ImageObject\",\"inLanguage\":\"fr-FR\",\"@id\":\"https:\\\/\\\/www.apres-lecole.fr\\\/Blog\\\/astuce-lumiere-visio-pro\\\/#primaryimage\",\"url\":\"https:\\\/\\\/www.apres-lecole.fr\\\/Blog\\\/wp-content\\\/uploads\\\/2025\\\/11\\\/Teletravail-lastuce-lumiere-qui-vous-fait-paraitre-plus-pro-en-visio.jpg\",\"contentUrl\":\"https:\\\/\\\/www.apres-lecole.fr\\\/Blog\\\/wp-content\\\/uploads\\\/2025\\\/11\\\/Teletravail-lastuce-lumiere-qui-vous-fait-paraitre-plus-pro-en-visio.jpg\",\"width\":1344,\"height\":768,\"caption\":\"d\u00e9couvrez l\u2019astuce simple d\u2019\u00e9clairage pour am\u00e9liorer votre apparence en visioconf\u00e9rence et para\u00eetre plus professionnel lors de vos r\u00e9unions en t\u00e9l\u00e9travail.\"},{\"@type\":\"BreadcrumbList\",\"@id\":\"https:\\\/\\\/www.apres-lecole.fr\\\/Blog\\\/astuce-lumiere-visio-pro\\\/#breadcrumb\",\"itemListElement\":[{\"@type\":\"ListItem\",\"position\":1,\"name\":\"Home\",\"item\":\"https:\\\/\\\/www.apres-lecole.fr\\\/Blog\\\/\"},{\"@type\":\"ListItem\",\"position\":2,\"name\":\"T\u00e9l\u00e9travail : l\u2019astuce lumi\u00e8re qui vous fait para\u00eetre plus pro en visio\"}]},{\"@type\":\"WebSite\",\"@id\":\"https:\\\/\\\/www.apres-lecole.fr\\\/Blog\\\/#website\",\"url\":\"https:\\\/\\\/www.apres-lecole.fr\\\/Blog\\\/\",\"name\":\"\",\"description\":\"M\u00e9dia g\u00e9n\u00e9raliste\",\"potentialAction\":[{\"@type\":\"SearchAction\",\"target\":{\"@type\":\"EntryPoint\",\"urlTemplate\":\"https:\\\/\\\/www.apres-lecole.fr\\\/Blog\\\/?s={search_term_string}\"},\"query-input\":{\"@type\":\"PropertyValueSpecification\",\"valueRequired\":true,\"valueName\":\"search_term_string\"}}],\"inLanguage\":\"fr-FR\"},{\"@type\":\"Person\",\"@id\":\"https:\\\/\\\/www.apres-lecole.fr\\\/Blog\\\/#\\\/schema\\\/person\\\/aeb50cd4b51fc69da155804bb5bb9fc4\",\"name\":\"Eva Martin\",\"image\":{\"@type\":\"ImageObject\",\"inLanguage\":\"fr-FR\",\"@id\":\"https:\\\/\\\/secure.gravatar.com\\\/avatar\\\/55c53222558b27a72015a64073a80edce4abd33369394b9bf2c5cd6c19d12682?s=96&d=mm&r=g\",\"url\":\"https:\\\/\\\/secure.gravatar.com\\\/avatar\\\/55c53222558b27a72015a64073a80edce4abd33369394b9bf2c5cd6c19d12682?s=96&d=mm&r=g\",\"contentUrl\":\"https:\\\/\\\/secure.gravatar.com\\\/avatar\\\/55c53222558b27a72015a64073a80edce4abd33369394b9bf2c5cd6c19d12682?s=96&d=mm&r=g\",\"caption\":\"Eva Martin\"},\"description\":\"Je parle de business et d'entrepreneuriat avec des conseils clairs, concrets et actionnables pour r\u00e9ussir\",\"sameAs\":[\"https:\\\/\\\/x.com\\\/Evaapresecole\"],\"url\":\"https:\\\/\\\/www.apres-lecole.fr\\\/Blog\\\/author\\\/evamartin\\\/\"}]}<\/script>\n<!-- \/ Yoast SEO plugin. -->","yoast_head_json":{"title":"\u00c9clairez votre image : l\u2019astuce lumi\u00e8re pour briller en visioconf\u00e9rence","description":"D\u00e9couvrez l\u2019astuce lumi\u00e8re pour am\u00e9liorer votre apparence en visioconf\u00e9rence et para\u00eetre plus professionnel en t\u00e9l\u00e9travail.","robots":{"index":"index","follow":"follow","max-snippet":"max-snippet:-1","max-image-preview":"max-image-preview:large","max-video-preview":"max-video-preview:-1"},"canonical":"https:\/\/www.apres-lecole.fr\/Blog\/astuce-lumiere-visio-pro\/","og_locale":"fr_FR","og_type":"article","og_title":"\u00c9clairez votre image : l\u2019astuce lumi\u00e8re pour briller en visioconf\u00e9rence","og_description":"D\u00e9couvrez l\u2019astuce lumi\u00e8re pour am\u00e9liorer votre apparence en visioconf\u00e9rence et para\u00eetre plus professionnel en t\u00e9l\u00e9travail.","og_url":"https:\/\/www.apres-lecole.fr\/Blog\/astuce-lumiere-visio-pro\/","article_published_time":"2025-11-01T21:11:32+00:00","og_image":[{"width":1344,"height":768,"url":"https:\/\/www.apres-lecole.fr\/Blog\/wp-content\/uploads\/2025\/11\/Teletravail-lastuce-lumiere-qui-vous-fait-paraitre-plus-pro-en-visio.jpg","type":"image\/jpeg"}],"author":"Eva Martin","twitter_card":"summary_large_image","twitter_creator":"@Evaapresecole","twitter_misc":{"\u00c9crit par":"Eva Martin","Dur\u00e9e de lecture estim\u00e9e":"5 minutes"},"schema":{"@context":"https:\/\/schema.org","@graph":[{"@type":"Article","@id":"https:\/\/www.apres-lecole.fr\/Blog\/astuce-lumiere-visio-pro\/#article","isPartOf":{"@id":"https:\/\/www.apres-lecole.fr\/Blog\/astuce-lumiere-visio-pro\/"},"author":{"name":"Eva Martin","@id":"https:\/\/www.apres-lecole.fr\/Blog\/#\/schema\/person\/aeb50cd4b51fc69da155804bb5bb9fc4"},"headline":"T\u00e9l\u00e9travail : l\u2019astuce lumi\u00e8re qui vous fait para\u00eetre plus pro en visio","datePublished":"2025-11-01T21:11:32+00:00","mainEntityOfPage":{"@id":"https:\/\/www.apres-lecole.fr\/Blog\/astuce-lumiere-visio-pro\/"},"wordCount":924,"commentCount":0,"image":{"@id":"https:\/\/www.apres-lecole.fr\/Blog\/astuce-lumiere-visio-pro\/#primaryimage"},"thumbnailUrl":"https:\/\/www.apres-lecole.fr\/Blog\/wp-content\/uploads\/2025\/11\/Teletravail-lastuce-lumiere-qui-vous-fait-paraitre-plus-pro-en-visio.jpg","articleSection":["Tendance"],"inLanguage":"fr-FR","potentialAction":[{"@type":"CommentAction","name":"Comment","target":["https:\/\/www.apres-lecole.fr\/Blog\/astuce-lumiere-visio-pro\/#respond"]}]},{"@type":"WebPage","@id":"https:\/\/www.apres-lecole.fr\/Blog\/astuce-lumiere-visio-pro\/","url":"https:\/\/www.apres-lecole.fr\/Blog\/astuce-lumiere-visio-pro\/","name":"\u00c9clairez votre image : l\u2019astuce lumi\u00e8re pour briller en visioconf\u00e9rence","isPartOf":{"@id":"https:\/\/www.apres-lecole.fr\/Blog\/#website"},"primaryImageOfPage":{"@id":"https:\/\/www.apres-lecole.fr\/Blog\/astuce-lumiere-visio-pro\/#primaryimage"},"image":{"@id":"https:\/\/www.apres-lecole.fr\/Blog\/astuce-lumiere-visio-pro\/#primaryimage"},"thumbnailUrl":"https:\/\/www.apres-lecole.fr\/Blog\/wp-content\/uploads\/2025\/11\/Teletravail-lastuce-lumiere-qui-vous-fait-paraitre-plus-pro-en-visio.jpg","datePublished":"2025-11-01T21:11:32+00:00","author":{"@id":"https:\/\/www.apres-lecole.fr\/Blog\/#\/schema\/person\/aeb50cd4b51fc69da155804bb5bb9fc4"},"description":"D\u00e9couvrez l\u2019astuce lumi\u00e8re pour am\u00e9liorer votre apparence en visioconf\u00e9rence et para\u00eetre plus professionnel en t\u00e9l\u00e9travail.","breadcrumb":{"@id":"https:\/\/www.apres-lecole.fr\/Blog\/astuce-lumiere-visio-pro\/#breadcrumb"},"inLanguage":"fr-FR","potentialAction":[{"@type":"ReadAction","target":["https:\/\/www.apres-lecole.fr\/Blog\/astuce-lumiere-visio-pro\/"]}]},{"@type":"ImageObject","inLanguage":"fr-FR","@id":"https:\/\/www.apres-lecole.fr\/Blog\/astuce-lumiere-visio-pro\/#primaryimage","url":"https:\/\/www.apres-lecole.fr\/Blog\/wp-content\/uploads\/2025\/11\/Teletravail-lastuce-lumiere-qui-vous-fait-paraitre-plus-pro-en-visio.jpg","contentUrl":"https:\/\/www.apres-lecole.fr\/Blog\/wp-content\/uploads\/2025\/11\/Teletravail-lastuce-lumiere-qui-vous-fait-paraitre-plus-pro-en-visio.jpg","width":1344,"height":768,"caption":"d\u00e9couvrez l\u2019astuce simple d\u2019\u00e9clairage pour am\u00e9liorer votre apparence en visioconf\u00e9rence et para\u00eetre plus professionnel lors de vos r\u00e9unions en t\u00e9l\u00e9travail."},{"@type":"BreadcrumbList","@id":"https:\/\/www.apres-lecole.fr\/Blog\/astuce-lumiere-visio-pro\/#breadcrumb","itemListElement":[{"@type":"ListItem","position":1,"name":"Home","item":"https:\/\/www.apres-lecole.fr\/Blog\/"},{"@type":"ListItem","position":2,"name":"T\u00e9l\u00e9travail : l\u2019astuce lumi\u00e8re qui vous fait para\u00eetre plus pro en visio"}]},{"@type":"WebSite","@id":"https:\/\/www.apres-lecole.fr\/Blog\/#website","url":"https:\/\/www.apres-lecole.fr\/Blog\/","name":"","description":"M\u00e9dia g\u00e9n\u00e9raliste","potentialAction":[{"@type":"SearchAction","target":{"@type":"EntryPoint","urlTemplate":"https:\/\/www.apres-lecole.fr\/Blog\/?s={search_term_string}"},"query-input":{"@type":"PropertyValueSpecification","valueRequired":true,"valueName":"search_term_string"}}],"inLanguage":"fr-FR"},{"@type":"Person","@id":"https:\/\/www.apres-lecole.fr\/Blog\/#\/schema\/person\/aeb50cd4b51fc69da155804bb5bb9fc4","name":"Eva Martin","image":{"@type":"ImageObject","inLanguage":"fr-FR","@id":"https:\/\/secure.gravatar.com\/avatar\/55c53222558b27a72015a64073a80edce4abd33369394b9bf2c5cd6c19d12682?s=96&d=mm&r=g","url":"https:\/\/secure.gravatar.com\/avatar\/55c53222558b27a72015a64073a80edce4abd33369394b9bf2c5cd6c19d12682?s=96&d=mm&r=g","contentUrl":"https:\/\/secure.gravatar.com\/avatar\/55c53222558b27a72015a64073a80edce4abd33369394b9bf2c5cd6c19d12682?s=96&d=mm&r=g","caption":"Eva Martin"},"description":"Je parle de business et d'entrepreneuriat avec des conseils clairs, concrets et actionnables pour r\u00e9ussir","sameAs":["https:\/\/x.com\/Evaapresecole"],"url":"https:\/\/www.apres-lecole.fr\/Blog\/author\/evamartin\/"}]}},"views":311,"_links":{"self":[{"href":"https:\/\/www.apres-lecole.fr\/Blog\/wp-json\/wp\/v2\/posts\/2646","targetHints":{"allow":["GET"]}}],"collection":[{"href":"https:\/\/www.apres-lecole.fr\/Blog\/wp-json\/wp\/v2\/posts"}],"about":[{"href":"https:\/\/www.apres-lecole.fr\/Blog\/wp-json\/wp\/v2\/types\/post"}],"author":[{"embeddable":true,"href":"https:\/\/www.apres-lecole.fr\/Blog\/wp-json\/wp\/v2\/users\/9"}],"replies":[{"embeddable":true,"href":"https:\/\/www.apres-lecole.fr\/Blog\/wp-json\/wp\/v2\/comments?post=2646"}],"version-history":[{"count":0,"href":"https:\/\/www.apres-lecole.fr\/Blog\/wp-json\/wp\/v2\/posts\/2646\/revisions"}],"wp:featuredmedia":[{"embeddable":true,"href":"https:\/\/www.apres-lecole.fr\/Blog\/wp-json\/wp\/v2\/media\/2644"}],"wp:attachment":[{"href":"https:\/\/www.apres-lecole.fr\/Blog\/wp-json\/wp\/v2\/media?parent=2646"}],"wp:term":[{"taxonomy":"category","embeddable":true,"href":"https:\/\/www.apres-lecole.fr\/Blog\/wp-json\/wp\/v2\/categories?post=2646"},{"taxonomy":"post_tag","embeddable":true,"href":"https:\/\/www.apres-lecole.fr\/Blog\/wp-json\/wp\/v2\/tags?post=2646"}],"curies":[{"name":"wp","href":"https:\/\/api.w.org\/{rel}","templated":true}]}}