{"id":2640,"date":"2025-10-31T21:03:55","date_gmt":"2025-10-31T21:03:55","guid":{"rendered":"https:\/\/www.apres-lecole.fr\/Blog\/habits-pli-ultra-plat-valise\/"},"modified":"2025-10-31T21:03:55","modified_gmt":"2025-10-31T21:03:55","slug":"habits-pli-ultra-plat-valise","status":"publish","type":"post","link":"https:\/\/www.apres-lecole.fr\/Blog\/habits-pli-ultra-plat-valise\/","title":{"rendered":"Habits : le pli ultra-plat qui lib\u00e8re 30 % d\u2019espace dans la valise"},"content":{"rendered":"\n\n<div class=\"kk-star-ratings kksr-auto kksr-align-left kksr-valign-top\"\n    data-payload='{&quot;align&quot;:&quot;left&quot;,&quot;id&quot;:&quot;2640&quot;,&quot;slug&quot;:&quot;default&quot;,&quot;valign&quot;:&quot;top&quot;,&quot;ignore&quot;:&quot;&quot;,&quot;reference&quot;:&quot;auto&quot;,&quot;class&quot;:&quot;&quot;,&quot;count&quot;:&quot;0&quot;,&quot;legendonly&quot;:&quot;&quot;,&quot;readonly&quot;:&quot;&quot;,&quot;score&quot;:&quot;0&quot;,&quot;starsonly&quot;:&quot;&quot;,&quot;best&quot;:&quot;5&quot;,&quot;gap&quot;:&quot;5&quot;,&quot;greet&quot;:&quot;Rate this post&quot;,&quot;legend&quot;:&quot;0\\\/5 - (0 vote)&quot;,&quot;size&quot;:&quot;24&quot;,&quot;title&quot;:&quot;Habits : le pli ultra-plat qui lib\u00e8re 30 % d\u2019espace dans la valise&quot;,&quot;width&quot;:&quot;0&quot;,&quot;_legend&quot;:&quot;{score}\\\/{best} - ({count} {votes})&quot;,&quot;font_factor&quot;:&quot;1.25&quot;}'>\n            \n<div class=\"kksr-stars\">\n    \n<div class=\"kksr-stars-inactive\">\n            <div class=\"kksr-star\" data-star=\"1\" style=\"padding-right: 5px\">\n            \n\n<div class=\"kksr-icon\" style=\"width: 24px; height: 24px;\"><\/div>\n        <\/div>\n            <div class=\"kksr-star\" data-star=\"2\" style=\"padding-right: 5px\">\n            \n\n<div class=\"kksr-icon\" style=\"width: 24px; height: 24px;\"><\/div>\n        <\/div>\n            <div class=\"kksr-star\" data-star=\"3\" style=\"padding-right: 5px\">\n            \n\n<div class=\"kksr-icon\" style=\"width: 24px; height: 24px;\"><\/div>\n        <\/div>\n            <div class=\"kksr-star\" data-star=\"4\" style=\"padding-right: 5px\">\n            \n\n<div class=\"kksr-icon\" style=\"width: 24px; height: 24px;\"><\/div>\n        <\/div>\n            <div class=\"kksr-star\" data-star=\"5\" style=\"padding-right: 5px\">\n            \n\n<div class=\"kksr-icon\" style=\"width: 24px; height: 24px;\"><\/div>\n        <\/div>\n    <\/div>\n    \n<div class=\"kksr-stars-active\" style=\"width: 0px;\">\n            <div class=\"kksr-star\" style=\"padding-right: 5px\">\n            \n\n<div class=\"kksr-icon\" style=\"width: 24px; height: 24px;\"><\/div>\n        <\/div>\n            <div class=\"kksr-star\" style=\"padding-right: 5px\">\n            \n\n<div class=\"kksr-icon\" style=\"width: 24px; height: 24px;\"><\/div>\n        <\/div>\n            <div class=\"kksr-star\" style=\"padding-right: 5px\">\n            \n\n<div class=\"kksr-icon\" style=\"width: 24px; height: 24px;\"><\/div>\n        <\/div>\n            <div class=\"kksr-star\" style=\"padding-right: 5px\">\n            \n\n<div class=\"kksr-icon\" style=\"width: 24px; height: 24px;\"><\/div>\n        <\/div>\n            <div class=\"kksr-star\" style=\"padding-right: 5px\">\n            \n\n<div class=\"kksr-icon\" style=\"width: 24px; height: 24px;\"><\/div>\n        <\/div>\n    <\/div>\n<\/div>\n                \n\n<div class=\"kksr-legend\" style=\"font-size: 19.2px;\">\n            <span class=\"kksr-muted\">Rate this post<\/span>\n    <\/div>\n    <\/div>\n<p>On sous-estime souvent l\u2019espace perdu dans nos valises mal pli\u00e9es. Pourtant, un simple <strong>pli ultra-plat<\/strong> peut lib\u00e9rer jusqu\u2019\u00e0 <strong>30 % d\u2019espace<\/strong>, rien que \u00e7a ! Imagine pouvoir glisser un sac suppl\u00e9mentaire ou \u00e9viter de compresser tes v\u00eatements au point de les froisser. Ici, tu vas d\u00e9couvrir comment ce pli malin r\u00e9volutionne le rangement, que ce soit pour tes <strong>Vacances Compactes<\/strong> ou les week-ends improvis\u00e9s. Ensuite, tu apprendras des \u00e9tapes claires pour plier efficacement, des alternatives adapt\u00e9es \u00e0 chaque style, ainsi que les limites \u00e0 conna\u00eetre pour ne pas casser tes fibres fines. Pr\u00eat \u00e0 transformer ta mani\u00e8re de pr\u00e9parer ta valise ?<\/p>\n\n<p><strong>En bref :<\/strong><\/p>\n\n<ul class=\"wp-block-list\"><li><strong>Gagne 30 % d\u2019espace<\/strong> en utilisant un pli ultra-plat plut\u00f4t que le pli traditionnel.<\/li><li>Conserve les v\u00eatements sans plis gr\u00e2ce \u00e0 une technique de <strong>Plis Fut\u00e9s<\/strong> et \u00e0 la <strong>Fibre Mince<\/strong> pr\u00e9serv\u00e9e.<\/li><li>Le pli est compatible avec la plupart des v\u00eatements, du jean aux sous-v\u00eatements.<\/li><li>Tu peux associer cette m\u00e9thode \u00e0 des accessoires comme <strong>GlisseValise<\/strong> ou <strong>Compress\u2019Look<\/strong> pour optimiser encore plus.<\/li><li>Attention aux textiles tr\u00e8s \u00e9pais ou rigides qui supportent moins bien ce pli ultra-plat.<\/li><\/ul>\n\n<h2 class=\"wp-block-heading\">Le pli ultra-plat : un secret pour maximiser l\u2019espace valise<\/h2>\n\n<p>Le concept est simple : ce pli consiste \u00e0 positionner ton v\u00eatement parfaitement \u00e0 plat, en \u00e9liminant tout volume inutile. L\u2019enjeu n\u2019est pas seulement esth\u00e9tique, mais fonctionne v\u00e9ritablement pourvu que tu respectes quelques r\u00e8gles. Avec cette m\u00e9thode, tu \u00e9vites le fameux amas de tissus froiss\u00e9s dit \u00ab\u00a0pilier de la valise\u00a0\u00bb qui t\u2019emp\u00eache d\u2019y caser autre chose. Ce geste sous-estim\u00e9 cr\u00e9e un <strong>Espace Valise<\/strong> insoup\u00e7onn\u00e9, en rendant chaque pi\u00e8ce compacte et facile \u00e0 empiler.<\/p>\n\n<p>Cette m\u00e9thode s\u2019int\u00e8gre parfaitement dans l\u2019approche des <strong>Vacances Compactes<\/strong>, o\u00f9 chaque centim\u00e8tre de ta valise compte. Pour les fans de minimalisme et les voyageurs r\u00e9guliers, associer ce pli ultra-plat avec des accessoires comme le <a href=\"https:\/\/sobusygirls.fr\/2020\/07\/17\/comment-plier-les-vetements-pour-gagner-de-la-place-dans-la-valise\/\">GlisseValise<\/a> permet de prot\u00e9ger tes affaires tout en gagnant de la place. Il s\u2019agit d\u2019une vraie r\u00e9volution pour ceux qui surfent quotidiennement entre sac \u00e0 dos et bagage cabine.<\/p>\n\n<figure class=\"wp-block-image size-full\"><img decoding=\"async\" width=\"1344\" height=\"768\" src=\"https:\/\/www.apres-lecole.fr\/Blog\/wp-content\/uploads\/2025\/10\/Habits-le-pli-ultra-plat-qui-libere-30-despace-dans-la-valise-1.jpg\" alt=\"d\u00e9couvrez la m\u00e9thode de pliage ultra-plat pour v\u00eatements, qui vous permet de lib\u00e9rer jusqu&#039;\u00e0 30 % d\u2019espace suppl\u00e9mentaire dans votre valise. voyagez malin et optimisez chaque centim\u00e8tre avec cette astuce pratique et facile \u00e0 adopter.\" class=\"wp-image-2639\" srcset=\"https:\/\/www.apres-lecole.fr\/Blog\/wp-content\/uploads\/2025\/10\/Habits-le-pli-ultra-plat-qui-libere-30-despace-dans-la-valise-1.jpg 1344w, https:\/\/www.apres-lecole.fr\/Blog\/wp-content\/uploads\/2025\/10\/Habits-le-pli-ultra-plat-qui-libere-30-despace-dans-la-valise-1-300x171.jpg 300w, https:\/\/www.apres-lecole.fr\/Blog\/wp-content\/uploads\/2025\/10\/Habits-le-pli-ultra-plat-qui-libere-30-despace-dans-la-valise-1-1024x585.jpg 1024w, https:\/\/www.apres-lecole.fr\/Blog\/wp-content\/uploads\/2025\/10\/Habits-le-pli-ultra-plat-qui-libere-30-despace-dans-la-valise-1-768x439.jpg 768w\" sizes=\"(max-width: 1344px) 100vw, 1344px\" \/><\/figure>\n\n<h3 class=\"wp-block-heading\">Comment r\u00e9ussir le pli parfait pour lib\u00e9rer 30 % d\u2019espace<\/h3>\n\n<p>Voici un mode d\u2019emploi simple et rapide pour adopter le <strong>Pli Parfait<\/strong> :<\/p>\n\n<ol class=\"wp-block-list\"><li>\u00c9tale ton v\u00eatement sur une surface lisse et \u00e9limine les plis \u00e0 la main.<\/li><li>Plie les manches ou les c\u00f4t\u00e9s vers le centre pour cr\u00e9er un rectangle mince.<\/li><li>Replie doucement \u00e0 partir du bas vers le haut, en serrant bien pour \u00e9viter les bulles d\u2019air.<\/li><li>Termine en aplatissant le tout avec les mains pour un rendu ultra plat.<\/li><li>Range les plis \u00e0 plat, sans superposition trop \u00e9paisse, pour conserver l\u2019espace gagn\u00e9.<\/li><\/ol>\n\n<p>En suivant ces \u00e9tapes, chaque pi\u00e8ce gagne en compacit\u00e9 tout en \u00e9vitant les faux plis, une lutte permanente lors de tes pr\u00e9paratifs. Cette technique convient notamment aux tissus l\u00e9gers et extensibles, optimisant ainsi la long\u00e9vit\u00e9 des fibres et assurant un meilleur confort \u00e0 l&rsquo;arriv\u00e9e.<\/p>\n\n<h2 class=\"wp-block-heading\">Les alternatives au pli ultra-plat et leurs limites<\/h2>\n\n<p>Si ce pli ultra-plat fait des miracles, il ne convient pas \u00e0 tous les cas. Par exemple, les gros pulls en laine \u00e9paisse ou les pantalons trop rigides peuvent perdre leur forme ou s\u2019ab\u00eemer sous la pression. Dans ces situations, le pli en rouleau reste une bonne alternative reconnue pour lib\u00e9rer de la place tout en limitant les plis, \u00e0 d\u00e9couvrir sur <a href=\"https:\/\/www.aidemoi.com\/vie-pratique\/5-techniques-de-pliage-revolutionnaires-pour-gagner-de-la-place-dans-vos-placards\/\">AideMoi<\/a>.<\/p>\n\n<p>Autre variante : la m\u00e9thode Marie Kondo, tr\u00e8s pris\u00e9e pour ses bienfaits sur la visibilit\u00e9 des v\u00eatements dans les tiroirs. Le principe est proche, avec un pliage vertical qui pr\u00e9sente les habits \u00e0 la mani\u00e8re d\u2019un <strong>Pack\u2019L\u00e9ger<\/strong>, parfait pour une organisation maison mais \u00e0 adapter pour les valises selon l\u2019\u00e9paisseur des tissus. Plus d\u2019infos ici sur <a href=\"https:\/\/thedesignmag.fr\/astuces-maison\/pliage-vetements-marie-kondo-methode-gagner-place-516267.html\">The Design Mag<\/a>.<\/p>\n\n<p>Dans tous les cas, \u00e9quilibrer entre compacit\u00e9 et soin des textiles est la cl\u00e9. Certains mat\u00e9riaux demandent un traitement doux : ne force pas un pli trop serr\u00e9 et pr\u00e9f\u00e8re un rangement intelligemment compartiment\u00e9, par exemple avec des cubes de rangement ou <strong>Compress\u2019Look<\/strong>.<\/p>\n\n<h3 class=\"wp-block-heading\">Pourquoi int\u00e9grer ces m\u00e9thodes dans ta routine bagages ?<\/h3>\n\n<ul class=\"wp-block-list\"><li>Le gain d\u2019espace perceptible permet d\u2019\u00e9viter le syndrome de la valise pleine et lourde.<\/li><li>Les v\u00eatements bien pli\u00e9s, sans plis importants, sont plus faciles \u00e0 pr\u00e9senter et \u00e0 porter.<\/li><li>L\u2019optimisation du volume t\u2019\u00e9pargne l\u2019achat ou le transport d\u2019un bagage suppl\u00e9mentaire.<\/li><li>Tu gagnes du temps et de la s\u00e9r\u00e9nit\u00e9 en pr\u00e9parant tes <strong>Vacances Compactes<\/strong>.<\/li><li>R\u00e9duire le stress du d\u00e9part en ayant un sac ordonn\u00e9 et l\u00e9ger am\u00e9liore l\u2019exp\u00e9rience de voyage.<\/li><\/ul>\n\n","protected":false},"excerpt":{"rendered":"<p>On sous-estime souvent l\u2019espace perdu dans nos valises mal pli\u00e9es. Pourtant, un simple pli ultra-plat peut lib\u00e9rer jusqu\u2019\u00e0 30 % d\u2019espace, rien que \u00e7a ! Imagine pouvoir glisser un sac suppl\u00e9mentaire ou \u00e9viter de compresser tes v\u00eatements au point de les froisser. Ici, tu vas d\u00e9couvrir comment ce pli malin r\u00e9volutionne le rangement, que ce &#8230; <a title=\"Habits : le pli ultra-plat qui lib\u00e8re 30 % d\u2019espace dans la valise\" class=\"read-more\" href=\"https:\/\/www.apres-lecole.fr\/Blog\/habits-pli-ultra-plat-valise\/\" aria-label=\"En savoir plus sur Habits : le pli ultra-plat qui lib\u00e8re 30 % d\u2019espace dans la valise\">Lire plus<\/a><\/p>\n","protected":false},"author":9,"featured_media":2638,"comment_status":"open","ping_status":"open","sticky":false,"template":"","format":"standard","meta":{"footnotes":""},"categories":[1848],"tags":[],"class_list":["post-2640","post","type-post","status-publish","format-standard","has-post-thumbnail","hentry","category-tendance"],"yoast_head":"<!-- This site is optimized with the Yoast SEO plugin v27.5 - https:\/\/yoast.com\/product\/yoast-seo-wordpress\/ -->\n<title>Le pli magique : gagnez 30% d\u2019espace dans votre valise !<\/title>\n<meta name=\"description\" content=\"D\u00e9couvrez le pli ultra-plat : gagnez 30 % d\u2019espace dans votre valise et voyagez l\u00e9ger gr\u00e2ce \u00e0 cette m\u00e9thode de rangement efficace !\" \/>\n<meta name=\"robots\" content=\"index, follow, max-snippet:-1, max-image-preview:large, max-video-preview:-1\" \/>\n<link rel=\"canonical\" href=\"https:\/\/www.apres-lecole.fr\/Blog\/habits-pli-ultra-plat-valise\/\" \/>\n<meta property=\"og:locale\" content=\"fr_FR\" \/>\n<meta property=\"og:type\" content=\"article\" \/>\n<meta property=\"og:title\" content=\"Le pli magique : gagnez 30% d\u2019espace dans votre valise !\" \/>\n<meta property=\"og:description\" content=\"D\u00e9couvrez le pli ultra-plat : gagnez 30 % d\u2019espace dans votre valise et voyagez l\u00e9ger gr\u00e2ce \u00e0 cette m\u00e9thode de rangement efficace !\" \/>\n<meta property=\"og:url\" content=\"https:\/\/www.apres-lecole.fr\/Blog\/habits-pli-ultra-plat-valise\/\" \/>\n<meta property=\"article:published_time\" content=\"2025-10-31T21:03:55+00:00\" \/>\n<meta property=\"og:image\" content=\"https:\/\/www.apres-lecole.fr\/Blog\/wp-content\/uploads\/2025\/10\/Habits-le-pli-ultra-plat-qui-libere-30-despace-dans-la-valise.jpg\" \/>\n\t<meta property=\"og:image:width\" content=\"1344\" \/>\n\t<meta property=\"og:image:height\" content=\"768\" \/>\n\t<meta property=\"og:image:type\" content=\"image\/jpeg\" \/>\n<meta name=\"author\" content=\"Eva Martin\" \/>\n<meta name=\"twitter:card\" content=\"summary_large_image\" \/>\n<meta name=\"twitter:creator\" content=\"@Evaapresecole\" \/>\n<meta name=\"twitter:label1\" content=\"\u00c9crit par\" \/>\n\t<meta name=\"twitter:data1\" content=\"Eva Martin\" \/>\n\t<meta name=\"twitter:label2\" content=\"Dur\u00e9e de lecture estim\u00e9e\" \/>\n\t<meta name=\"twitter:data2\" content=\"4 minutes\" \/>\n<script type=\"application\/ld+json\" class=\"yoast-schema-graph\">{\"@context\":\"https:\\\/\\\/schema.org\",\"@graph\":[{\"@type\":\"Article\",\"@id\":\"https:\\\/\\\/www.apres-lecole.fr\\\/Blog\\\/habits-pli-ultra-plat-valise\\\/#article\",\"isPartOf\":{\"@id\":\"https:\\\/\\\/www.apres-lecole.fr\\\/Blog\\\/habits-pli-ultra-plat-valise\\\/\"},\"author\":{\"name\":\"Eva Martin\",\"@id\":\"https:\\\/\\\/www.apres-lecole.fr\\\/Blog\\\/#\\\/schema\\\/person\\\/aeb50cd4b51fc69da155804bb5bb9fc4\"},\"headline\":\"Habits : le pli ultra-plat qui lib\u00e8re 30 % d\u2019espace dans la valise\",\"datePublished\":\"2025-10-31T21:03:55+00:00\",\"mainEntityOfPage\":{\"@id\":\"https:\\\/\\\/www.apres-lecole.fr\\\/Blog\\\/habits-pli-ultra-plat-valise\\\/\"},\"wordCount\":799,\"commentCount\":0,\"image\":{\"@id\":\"https:\\\/\\\/www.apres-lecole.fr\\\/Blog\\\/habits-pli-ultra-plat-valise\\\/#primaryimage\"},\"thumbnailUrl\":\"https:\\\/\\\/www.apres-lecole.fr\\\/Blog\\\/wp-content\\\/uploads\\\/2025\\\/10\\\/Habits-le-pli-ultra-plat-qui-libere-30-despace-dans-la-valise.jpg\",\"articleSection\":[\"Tendance\"],\"inLanguage\":\"fr-FR\",\"potentialAction\":[{\"@type\":\"CommentAction\",\"name\":\"Comment\",\"target\":[\"https:\\\/\\\/www.apres-lecole.fr\\\/Blog\\\/habits-pli-ultra-plat-valise\\\/#respond\"]}]},{\"@type\":\"WebPage\",\"@id\":\"https:\\\/\\\/www.apres-lecole.fr\\\/Blog\\\/habits-pli-ultra-plat-valise\\\/\",\"url\":\"https:\\\/\\\/www.apres-lecole.fr\\\/Blog\\\/habits-pli-ultra-plat-valise\\\/\",\"name\":\"Le pli magique : gagnez 30% d\u2019espace dans votre valise !\",\"isPartOf\":{\"@id\":\"https:\\\/\\\/www.apres-lecole.fr\\\/Blog\\\/#website\"},\"primaryImageOfPage\":{\"@id\":\"https:\\\/\\\/www.apres-lecole.fr\\\/Blog\\\/habits-pli-ultra-plat-valise\\\/#primaryimage\"},\"image\":{\"@id\":\"https:\\\/\\\/www.apres-lecole.fr\\\/Blog\\\/habits-pli-ultra-plat-valise\\\/#primaryimage\"},\"thumbnailUrl\":\"https:\\\/\\\/www.apres-lecole.fr\\\/Blog\\\/wp-content\\\/uploads\\\/2025\\\/10\\\/Habits-le-pli-ultra-plat-qui-libere-30-despace-dans-la-valise.jpg\",\"datePublished\":\"2025-10-31T21:03:55+00:00\",\"author\":{\"@id\":\"https:\\\/\\\/www.apres-lecole.fr\\\/Blog\\\/#\\\/schema\\\/person\\\/aeb50cd4b51fc69da155804bb5bb9fc4\"},\"description\":\"D\u00e9couvrez le pli ultra-plat : gagnez 30 % d\u2019espace dans votre valise et voyagez l\u00e9ger gr\u00e2ce \u00e0 cette m\u00e9thode de rangement efficace !\",\"breadcrumb\":{\"@id\":\"https:\\\/\\\/www.apres-lecole.fr\\\/Blog\\\/habits-pli-ultra-plat-valise\\\/#breadcrumb\"},\"inLanguage\":\"fr-FR\",\"potentialAction\":[{\"@type\":\"ReadAction\",\"target\":[\"https:\\\/\\\/www.apres-lecole.fr\\\/Blog\\\/habits-pli-ultra-plat-valise\\\/\"]}]},{\"@type\":\"ImageObject\",\"inLanguage\":\"fr-FR\",\"@id\":\"https:\\\/\\\/www.apres-lecole.fr\\\/Blog\\\/habits-pli-ultra-plat-valise\\\/#primaryimage\",\"url\":\"https:\\\/\\\/www.apres-lecole.fr\\\/Blog\\\/wp-content\\\/uploads\\\/2025\\\/10\\\/Habits-le-pli-ultra-plat-qui-libere-30-despace-dans-la-valise.jpg\",\"contentUrl\":\"https:\\\/\\\/www.apres-lecole.fr\\\/Blog\\\/wp-content\\\/uploads\\\/2025\\\/10\\\/Habits-le-pli-ultra-plat-qui-libere-30-despace-dans-la-valise.jpg\",\"width\":1344,\"height\":768,\"caption\":\"d\u00e9couvrez la technique de pliage ultra-plat pour vos habits et gagnez jusqu\u2019\u00e0 30 % d\u2019espace suppl\u00e9mentaire dans votre valise. optimisez chaque voyage gr\u00e2ce \u00e0 cette astuce simple et efficace !\"},{\"@type\":\"BreadcrumbList\",\"@id\":\"https:\\\/\\\/www.apres-lecole.fr\\\/Blog\\\/habits-pli-ultra-plat-valise\\\/#breadcrumb\",\"itemListElement\":[{\"@type\":\"ListItem\",\"position\":1,\"name\":\"Home\",\"item\":\"https:\\\/\\\/www.apres-lecole.fr\\\/Blog\\\/\"},{\"@type\":\"ListItem\",\"position\":2,\"name\":\"Habits : le pli ultra-plat qui lib\u00e8re 30 % d\u2019espace dans la valise\"}]},{\"@type\":\"WebSite\",\"@id\":\"https:\\\/\\\/www.apres-lecole.fr\\\/Blog\\\/#website\",\"url\":\"https:\\\/\\\/www.apres-lecole.fr\\\/Blog\\\/\",\"name\":\"\",\"description\":\"M\u00e9dia g\u00e9n\u00e9raliste\",\"potentialAction\":[{\"@type\":\"SearchAction\",\"target\":{\"@type\":\"EntryPoint\",\"urlTemplate\":\"https:\\\/\\\/www.apres-lecole.fr\\\/Blog\\\/?s={search_term_string}\"},\"query-input\":{\"@type\":\"PropertyValueSpecification\",\"valueRequired\":true,\"valueName\":\"search_term_string\"}}],\"inLanguage\":\"fr-FR\"},{\"@type\":\"Person\",\"@id\":\"https:\\\/\\\/www.apres-lecole.fr\\\/Blog\\\/#\\\/schema\\\/person\\\/aeb50cd4b51fc69da155804bb5bb9fc4\",\"name\":\"Eva Martin\",\"image\":{\"@type\":\"ImageObject\",\"inLanguage\":\"fr-FR\",\"@id\":\"https:\\\/\\\/secure.gravatar.com\\\/avatar\\\/55c53222558b27a72015a64073a80edce4abd33369394b9bf2c5cd6c19d12682?s=96&d=mm&r=g\",\"url\":\"https:\\\/\\\/secure.gravatar.com\\\/avatar\\\/55c53222558b27a72015a64073a80edce4abd33369394b9bf2c5cd6c19d12682?s=96&d=mm&r=g\",\"contentUrl\":\"https:\\\/\\\/secure.gravatar.com\\\/avatar\\\/55c53222558b27a72015a64073a80edce4abd33369394b9bf2c5cd6c19d12682?s=96&d=mm&r=g\",\"caption\":\"Eva Martin\"},\"description\":\"Je parle de business et d'entrepreneuriat avec des conseils clairs, concrets et actionnables pour r\u00e9ussir\",\"sameAs\":[\"https:\\\/\\\/x.com\\\/Evaapresecole\"],\"url\":\"https:\\\/\\\/www.apres-lecole.fr\\\/Blog\\\/author\\\/evamartin\\\/\"}]}<\/script>\n<!-- \/ Yoast SEO plugin. -->","yoast_head_json":{"title":"Le pli magique : gagnez 30% d\u2019espace dans votre valise !","description":"D\u00e9couvrez le pli ultra-plat : gagnez 30 % d\u2019espace dans votre valise et voyagez l\u00e9ger gr\u00e2ce \u00e0 cette m\u00e9thode de rangement efficace !","robots":{"index":"index","follow":"follow","max-snippet":"max-snippet:-1","max-image-preview":"max-image-preview:large","max-video-preview":"max-video-preview:-1"},"canonical":"https:\/\/www.apres-lecole.fr\/Blog\/habits-pli-ultra-plat-valise\/","og_locale":"fr_FR","og_type":"article","og_title":"Le pli magique : gagnez 30% d\u2019espace dans votre valise !","og_description":"D\u00e9couvrez le pli ultra-plat : gagnez 30 % d\u2019espace dans votre valise et voyagez l\u00e9ger gr\u00e2ce \u00e0 cette m\u00e9thode de rangement efficace !","og_url":"https:\/\/www.apres-lecole.fr\/Blog\/habits-pli-ultra-plat-valise\/","article_published_time":"2025-10-31T21:03:55+00:00","og_image":[{"width":1344,"height":768,"url":"https:\/\/www.apres-lecole.fr\/Blog\/wp-content\/uploads\/2025\/10\/Habits-le-pli-ultra-plat-qui-libere-30-despace-dans-la-valise.jpg","type":"image\/jpeg"}],"author":"Eva Martin","twitter_card":"summary_large_image","twitter_creator":"@Evaapresecole","twitter_misc":{"\u00c9crit par":"Eva Martin","Dur\u00e9e de lecture estim\u00e9e":"4 minutes"},"schema":{"@context":"https:\/\/schema.org","@graph":[{"@type":"Article","@id":"https:\/\/www.apres-lecole.fr\/Blog\/habits-pli-ultra-plat-valise\/#article","isPartOf":{"@id":"https:\/\/www.apres-lecole.fr\/Blog\/habits-pli-ultra-plat-valise\/"},"author":{"name":"Eva Martin","@id":"https:\/\/www.apres-lecole.fr\/Blog\/#\/schema\/person\/aeb50cd4b51fc69da155804bb5bb9fc4"},"headline":"Habits : le pli ultra-plat qui lib\u00e8re 30 % d\u2019espace dans la valise","datePublished":"2025-10-31T21:03:55+00:00","mainEntityOfPage":{"@id":"https:\/\/www.apres-lecole.fr\/Blog\/habits-pli-ultra-plat-valise\/"},"wordCount":799,"commentCount":0,"image":{"@id":"https:\/\/www.apres-lecole.fr\/Blog\/habits-pli-ultra-plat-valise\/#primaryimage"},"thumbnailUrl":"https:\/\/www.apres-lecole.fr\/Blog\/wp-content\/uploads\/2025\/10\/Habits-le-pli-ultra-plat-qui-libere-30-despace-dans-la-valise.jpg","articleSection":["Tendance"],"inLanguage":"fr-FR","potentialAction":[{"@type":"CommentAction","name":"Comment","target":["https:\/\/www.apres-lecole.fr\/Blog\/habits-pli-ultra-plat-valise\/#respond"]}]},{"@type":"WebPage","@id":"https:\/\/www.apres-lecole.fr\/Blog\/habits-pli-ultra-plat-valise\/","url":"https:\/\/www.apres-lecole.fr\/Blog\/habits-pli-ultra-plat-valise\/","name":"Le pli magique : gagnez 30% d\u2019espace dans votre valise !","isPartOf":{"@id":"https:\/\/www.apres-lecole.fr\/Blog\/#website"},"primaryImageOfPage":{"@id":"https:\/\/www.apres-lecole.fr\/Blog\/habits-pli-ultra-plat-valise\/#primaryimage"},"image":{"@id":"https:\/\/www.apres-lecole.fr\/Blog\/habits-pli-ultra-plat-valise\/#primaryimage"},"thumbnailUrl":"https:\/\/www.apres-lecole.fr\/Blog\/wp-content\/uploads\/2025\/10\/Habits-le-pli-ultra-plat-qui-libere-30-despace-dans-la-valise.jpg","datePublished":"2025-10-31T21:03:55+00:00","author":{"@id":"https:\/\/www.apres-lecole.fr\/Blog\/#\/schema\/person\/aeb50cd4b51fc69da155804bb5bb9fc4"},"description":"D\u00e9couvrez le pli ultra-plat : gagnez 30 % d\u2019espace dans votre valise et voyagez l\u00e9ger gr\u00e2ce \u00e0 cette m\u00e9thode de rangement efficace !","breadcrumb":{"@id":"https:\/\/www.apres-lecole.fr\/Blog\/habits-pli-ultra-plat-valise\/#breadcrumb"},"inLanguage":"fr-FR","potentialAction":[{"@type":"ReadAction","target":["https:\/\/www.apres-lecole.fr\/Blog\/habits-pli-ultra-plat-valise\/"]}]},{"@type":"ImageObject","inLanguage":"fr-FR","@id":"https:\/\/www.apres-lecole.fr\/Blog\/habits-pli-ultra-plat-valise\/#primaryimage","url":"https:\/\/www.apres-lecole.fr\/Blog\/wp-content\/uploads\/2025\/10\/Habits-le-pli-ultra-plat-qui-libere-30-despace-dans-la-valise.jpg","contentUrl":"https:\/\/www.apres-lecole.fr\/Blog\/wp-content\/uploads\/2025\/10\/Habits-le-pli-ultra-plat-qui-libere-30-despace-dans-la-valise.jpg","width":1344,"height":768,"caption":"d\u00e9couvrez la technique de pliage ultra-plat pour vos habits et gagnez jusqu\u2019\u00e0 30 % d\u2019espace suppl\u00e9mentaire dans votre valise. optimisez chaque voyage gr\u00e2ce \u00e0 cette astuce simple et efficace !"},{"@type":"BreadcrumbList","@id":"https:\/\/www.apres-lecole.fr\/Blog\/habits-pli-ultra-plat-valise\/#breadcrumb","itemListElement":[{"@type":"ListItem","position":1,"name":"Home","item":"https:\/\/www.apres-lecole.fr\/Blog\/"},{"@type":"ListItem","position":2,"name":"Habits : le pli ultra-plat qui lib\u00e8re 30 % d\u2019espace dans la valise"}]},{"@type":"WebSite","@id":"https:\/\/www.apres-lecole.fr\/Blog\/#website","url":"https:\/\/www.apres-lecole.fr\/Blog\/","name":"","description":"M\u00e9dia g\u00e9n\u00e9raliste","potentialAction":[{"@type":"SearchAction","target":{"@type":"EntryPoint","urlTemplate":"https:\/\/www.apres-lecole.fr\/Blog\/?s={search_term_string}"},"query-input":{"@type":"PropertyValueSpecification","valueRequired":true,"valueName":"search_term_string"}}],"inLanguage":"fr-FR"},{"@type":"Person","@id":"https:\/\/www.apres-lecole.fr\/Blog\/#\/schema\/person\/aeb50cd4b51fc69da155804bb5bb9fc4","name":"Eva Martin","image":{"@type":"ImageObject","inLanguage":"fr-FR","@id":"https:\/\/secure.gravatar.com\/avatar\/55c53222558b27a72015a64073a80edce4abd33369394b9bf2c5cd6c19d12682?s=96&d=mm&r=g","url":"https:\/\/secure.gravatar.com\/avatar\/55c53222558b27a72015a64073a80edce4abd33369394b9bf2c5cd6c19d12682?s=96&d=mm&r=g","contentUrl":"https:\/\/secure.gravatar.com\/avatar\/55c53222558b27a72015a64073a80edce4abd33369394b9bf2c5cd6c19d12682?s=96&d=mm&r=g","caption":"Eva Martin"},"description":"Je parle de business et d'entrepreneuriat avec des conseils clairs, concrets et actionnables pour r\u00e9ussir","sameAs":["https:\/\/x.com\/Evaapresecole"],"url":"https:\/\/www.apres-lecole.fr\/Blog\/author\/evamartin\/"}]}},"views":327,"_links":{"self":[{"href":"https:\/\/www.apres-lecole.fr\/Blog\/wp-json\/wp\/v2\/posts\/2640","targetHints":{"allow":["GET"]}}],"collection":[{"href":"https:\/\/www.apres-lecole.fr\/Blog\/wp-json\/wp\/v2\/posts"}],"about":[{"href":"https:\/\/www.apres-lecole.fr\/Blog\/wp-json\/wp\/v2\/types\/post"}],"author":[{"embeddable":true,"href":"https:\/\/www.apres-lecole.fr\/Blog\/wp-json\/wp\/v2\/users\/9"}],"replies":[{"embeddable":true,"href":"https:\/\/www.apres-lecole.fr\/Blog\/wp-json\/wp\/v2\/comments?post=2640"}],"version-history":[{"count":0,"href":"https:\/\/www.apres-lecole.fr\/Blog\/wp-json\/wp\/v2\/posts\/2640\/revisions"}],"wp:featuredmedia":[{"embeddable":true,"href":"https:\/\/www.apres-lecole.fr\/Blog\/wp-json\/wp\/v2\/media\/2638"}],"wp:attachment":[{"href":"https:\/\/www.apres-lecole.fr\/Blog\/wp-json\/wp\/v2\/media?parent=2640"}],"wp:term":[{"taxonomy":"category","embeddable":true,"href":"https:\/\/www.apres-lecole.fr\/Blog\/wp-json\/wp\/v2\/categories?post=2640"},{"taxonomy":"post_tag","embeddable":true,"href":"https:\/\/www.apres-lecole.fr\/Blog\/wp-json\/wp\/v2\/tags?post=2640"}],"curies":[{"name":"wp","href":"https:\/\/api.w.org\/{rel}","templated":true}]}}