{"id":2612,"date":"2025-10-27T06:32:06","date_gmt":"2025-10-27T06:32:06","guid":{"rendered":"https:\/\/www.apres-lecole.fr\/Blog\/voiture-vs-velo-cargo-bilan\/"},"modified":"2025-10-27T06:32:06","modified_gmt":"2025-10-27T06:32:06","slug":"voiture-vs-velo-cargo-bilan","status":"publish","type":"post","link":"https:\/\/www.apres-lecole.fr\/Blog\/voiture-vs-velo-cargo-bilan\/","title":{"rendered":"Elle troque sa voiture contre un v\u00e9lo cargo : bilan apr\u00e8s 30 jours"},"content":{"rendered":"\n\n<div class=\"kk-star-ratings kksr-auto kksr-align-left kksr-valign-top\"\n    data-payload='{&quot;align&quot;:&quot;left&quot;,&quot;id&quot;:&quot;2612&quot;,&quot;slug&quot;:&quot;default&quot;,&quot;valign&quot;:&quot;top&quot;,&quot;ignore&quot;:&quot;&quot;,&quot;reference&quot;:&quot;auto&quot;,&quot;class&quot;:&quot;&quot;,&quot;count&quot;:&quot;0&quot;,&quot;legendonly&quot;:&quot;&quot;,&quot;readonly&quot;:&quot;&quot;,&quot;score&quot;:&quot;0&quot;,&quot;starsonly&quot;:&quot;&quot;,&quot;best&quot;:&quot;5&quot;,&quot;gap&quot;:&quot;5&quot;,&quot;greet&quot;:&quot;Rate this post&quot;,&quot;legend&quot;:&quot;0\\\/5 - (0 vote)&quot;,&quot;size&quot;:&quot;24&quot;,&quot;title&quot;:&quot;Elle troque sa voiture contre un v\u00e9lo cargo : bilan apr\u00e8s 30 jours&quot;,&quot;width&quot;:&quot;0&quot;,&quot;_legend&quot;:&quot;{score}\\\/{best} - ({count} {votes})&quot;,&quot;font_factor&quot;:&quot;1.25&quot;}'>\n            \n<div class=\"kksr-stars\">\n    \n<div class=\"kksr-stars-inactive\">\n            <div class=\"kksr-star\" data-star=\"1\" style=\"padding-right: 5px\">\n            \n\n<div class=\"kksr-icon\" style=\"width: 24px; height: 24px;\"><\/div>\n        <\/div>\n            <div class=\"kksr-star\" data-star=\"2\" style=\"padding-right: 5px\">\n            \n\n<div class=\"kksr-icon\" style=\"width: 24px; height: 24px;\"><\/div>\n        <\/div>\n            <div class=\"kksr-star\" data-star=\"3\" style=\"padding-right: 5px\">\n            \n\n<div class=\"kksr-icon\" style=\"width: 24px; height: 24px;\"><\/div>\n        <\/div>\n            <div class=\"kksr-star\" data-star=\"4\" style=\"padding-right: 5px\">\n            \n\n<div class=\"kksr-icon\" style=\"width: 24px; height: 24px;\"><\/div>\n        <\/div>\n            <div class=\"kksr-star\" data-star=\"5\" style=\"padding-right: 5px\">\n            \n\n<div class=\"kksr-icon\" style=\"width: 24px; height: 24px;\"><\/div>\n        <\/div>\n    <\/div>\n    \n<div class=\"kksr-stars-active\" style=\"width: 0px;\">\n            <div class=\"kksr-star\" style=\"padding-right: 5px\">\n            \n\n<div class=\"kksr-icon\" style=\"width: 24px; height: 24px;\"><\/div>\n        <\/div>\n            <div class=\"kksr-star\" style=\"padding-right: 5px\">\n            \n\n<div class=\"kksr-icon\" style=\"width: 24px; height: 24px;\"><\/div>\n        <\/div>\n            <div class=\"kksr-star\" style=\"padding-right: 5px\">\n            \n\n<div class=\"kksr-icon\" style=\"width: 24px; height: 24px;\"><\/div>\n        <\/div>\n            <div class=\"kksr-star\" style=\"padding-right: 5px\">\n            \n\n<div class=\"kksr-icon\" style=\"width: 24px; height: 24px;\"><\/div>\n        <\/div>\n            <div class=\"kksr-star\" style=\"padding-right: 5px\">\n            \n\n<div class=\"kksr-icon\" style=\"width: 24px; height: 24px;\"><\/div>\n        <\/div>\n    <\/div>\n<\/div>\n                \n\n<div class=\"kksr-legend\" style=\"font-size: 19.2px;\">\n            <span class=\"kksr-muted\">Rate this post<\/span>\n    <\/div>\n    <\/div>\n<p><strong>Une reconversion \u00e9tonnante qui change la vie : abandonner sa voiture pour un v\u00e9lo cargo peut transformer ton quotidien en mieux.<\/strong> Apr\u00e8s seulement 30 jours, l\u2019exp\u00e9rience r\u00e9v\u00e8le des b\u00e9n\u00e9fices surprenants : \u00e9conomies, libert\u00e9 de mouvement, et une meilleure forme physique sans effort suppl\u00e9mentaire. Ce bilan retrace les points cl\u00e9s du changement radical, les \u00e9tapes pour r\u00e9ussir un tel pari, et ses limites \u00e0 anticiper. \u00c0 la cl\u00e9, un mode de vie plus durable qui s\u00e9duit de plus en plus, notamment gr\u00e2ce \u00e0 des mod\u00e8les innovants disponibles chez <a href=\"https:\/\/cargocyclo.com\/7-raisons-dabandonner-sa-voiture-pour-un-velo-cargo\/\">Babboe<\/a>, <a href=\"https:\/\/www.grandestcyclisme.fr\/jai-remplace-ma-voiture-par-un-velo-cargo-electrique-pendant-un-mois-voici-ce-qui-a-change\/\">Urban Arrow<\/a> ou <a href=\"https:\/\/monpetit20e.com\/remplacer-la-voiture-par-le-velo-3-temoignage-dhabitantes-du-20e-qui-ont-franchi-le-pas\/\">Riese &amp; M\u00fcller<\/a>.<\/p>\n\n<p><strong>En bref, les enseignements majeurs sont :<\/strong><\/p>\n\n<ul class=\"wp-block-list\"><li><strong>\u00c9conomies substantielles<\/strong> en carburant, assurance, parking : une moyenne de 1 500 \u20ac par an selon plusieurs t\u00e9moignages.<\/li><li><strong>Temps de trajet souvent r\u00e9duit<\/strong> en milieu urbain gr\u00e2ce aux voies cyclables et \u00e0 la fluidit\u00e9 du trafic.<\/li><li><strong>Activit\u00e9 physique int\u00e9gr\u00e9e<\/strong> dans la routine quotidienne, contribuant \u00e0 am\u00e9liorer la sant\u00e9 sans effort sp\u00e9cifique.<\/li><li><strong>Facilit\u00e9 d\u2019adaptation<\/strong> gr\u00e2ce \u00e0 des aides comme V\u00e9ligo et \u00e0 des mod\u00e8les personnalisables chez D\u00e9cathlon ou Douze Cycles.<\/li><li><strong>Moins de stress<\/strong> li\u00e9 \u00e0 la recherche de places ou aux embouteillages.<\/li><\/ul>\n\n<h2 class=\"wp-block-heading\">Pourquoi troquer sa voiture pour un v\u00e9lo cargo change la donne<\/h2>\n\n<p>Le passage \u00e0 un v\u00e9lo cargo s\u2019affirme comme une alternative pragmatique, de plus en plus populaire. \u00c0 Paris, par exemple, les d\u00e9placements \u00e0 v\u00e9lo sont pass\u00e9s \u00e0 11,2 % en quelques ann\u00e9es, surpassant la voiture selon l\u2019Institut Paris R\u00e9gion. Ce v\u00e9ritable retour en force s\u2019explique par la praticit\u00e9 de mod\u00e8les comme ceux de <a href=\"https:\/\/cargocyclo.com\/7-raisons-dabandonner-sa-voiture-pour-un-velo-cargo\/\">Babboe<\/a> ou <a href=\"https:\/\/www.msn.com\/fr-fr\/auto\/actualite\/elle-abandonne-sa-voiture-contre-un-v%C3%A9lo-pour-15-jours-son-t%C3%A9moignage-va-vous-surprendre\/ar-AA1IILXi\">Urban Arrow<\/a>, qui supportent sans mal les courses, les enfants ou m\u00eame un petit chargement pro.<\/p>\n\n<p>Ces v\u00e9los cargo \u00e0 assistance \u00e9lectrique facilitent la mont\u00e9e de c\u00f4tes raides, offrent une autonomie de plus de 60 km selon certains mod\u00e8les, et sont souvent \u00e9ligibles \u00e0 des aides r\u00e9gionales ou nationales via V\u00e9ligo. Cette solution urbaine s\u2019impose pour les trajets quotidiens jusqu\u2019\u00e0 10 km, o\u00f9 la voiture se r\u00e9v\u00e8le souvent plus p\u00e9nalisante que pratique.<\/p>\n\n<figure class=\"wp-block-image size-full\"><img decoding=\"async\" width=\"1344\" height=\"768\" src=\"https:\/\/www.apres-lecole.fr\/Blog\/wp-content\/uploads\/2025\/10\/Elle-troque-sa-voiture-contre-un-velo-cargo-bilan-apres-30-jours-1.jpg\" alt=\"d\u00e9couvrez le t\u00e9moignage d&#039;une femme qui a remplac\u00e9 sa voiture par un v\u00e9lo cargo. retour sur son exp\u00e9rience, les avantages et les d\u00e9fis rencontr\u00e9s apr\u00e8s 30 jours d&#039;utilisation au quotidien.\" class=\"wp-image-2611\" srcset=\"https:\/\/www.apres-lecole.fr\/Blog\/wp-content\/uploads\/2025\/10\/Elle-troque-sa-voiture-contre-un-velo-cargo-bilan-apres-30-jours-1.jpg 1344w, https:\/\/www.apres-lecole.fr\/Blog\/wp-content\/uploads\/2025\/10\/Elle-troque-sa-voiture-contre-un-velo-cargo-bilan-apres-30-jours-1-300x171.jpg 300w, https:\/\/www.apres-lecole.fr\/Blog\/wp-content\/uploads\/2025\/10\/Elle-troque-sa-voiture-contre-un-velo-cargo-bilan-apres-30-jours-1-1024x585.jpg 1024w, https:\/\/www.apres-lecole.fr\/Blog\/wp-content\/uploads\/2025\/10\/Elle-troque-sa-voiture-contre-un-velo-cargo-bilan-apres-30-jours-1-768x439.jpg 768w\" sizes=\"(max-width: 1344px) 100vw, 1344px\" \/><\/figure>\n\n<h3 class=\"wp-block-heading\">Mise en place rapide : 4 \u00e9tapes pour r\u00e9ussir l\u2019adaptation<\/h3>\n\n<ol class=\"wp-block-list\"><li><strong>Choisir le bon mod\u00e8le<\/strong> adapt\u00e9 \u00e0 ses besoins : les marques <a href=\"https:\/\/www.grandestcyclisme.fr\/jai-remplace-ma-voiture-par-un-velo-cargo-electrique-pendant-un-mois-voici-ce-qui-a-change\/\">Yuba<\/a>, <a href=\"https:\/\/www.youtube.com\/watch?v=wQoWvxlPu10\">Babboe<\/a>, ou <a href=\"https:\/\/cyclotourisme-mag.com\/actus\/ils-ont-troque-leur-voiture-contre-un-velo-biclou-raconte\/\">Cube<\/a> proposent des gammes vari\u00e9es pour tout usage.<\/li><li><strong>Profiter des aides financi\u00e8res<\/strong> \u00e0 l\u2019achat via V\u00e9ligo ou des primes locales, qui peuvent couvrir jusqu\u2019\u00e0 40 % du prix.<\/li><li><strong>Tester ses itin\u00e9raires<\/strong> en combinant pistes cyclables et voies partag\u00e9es pour gagner en aisance et en s\u00e9curit\u00e9.<\/li><li><strong>S\u2019\u00e9quiper intelligemment<\/strong> avec des accessoires pratiques (cadenas, casques, \u00e9clairages), disponibles chez D\u00e9cathlon et <a href=\"https:\/\/www.facebook.com\/ShimanoLifestyleFrance\/videos\/troquer-sa-voiture-contre-un-v%C3%A9lo-%C3%A0-assistance-%C3%A9lectrique-%EF%B8%8Famandine-la-fait-lais\/1184570518896542\/\">Okl\u00f6<\/a>.<\/li><\/ol>\n\n<h2 class=\"wp-block-heading\">Alternatives et pr\u00e9cautions \u00e0 consid\u00e9rer<\/h2>\n\n<p>Le v\u00e9lo cargo ne convient pas \u00e0 toutes les situations : longs trajets hors piste, besoins fr\u00e9quents de transport lourd, ou conditions m\u00e9t\u00e9o extr\u00eames.<\/p>\n\n<p>Dans ces cas, opter pour des solutions hybrides int\u00e9grant du v\u00e9lo assist\u00e9 ou additionner la mobilit\u00e9 douce avec les transports publics s\u2019av\u00e8re plus r\u00e9aliste. L\u2019ajout d\u2019un Kit <a href=\"https:\/\/cargocyclo.com\/7-raisons-dabandonner-sa-voiture-pour-un-velo-cargo\/\">AddBike<\/a> transforme un v\u00e9lo classique en cargo, offrant souplesse et co\u00fbt r\u00e9duit.<\/p>\n\n<h3 class=\"wp-block-heading\">Le choix selon tes besoins<\/h3>\n\n<ul class=\"wp-block-list\"><li>Usage urbain quotidien : v\u00e9lo cargo \u00e9lectrique avec soutien V\u00e9ligo et accessoires chez Decathlon.<\/li><li>Transport occasionnel de charges lourdes : combiner cube ou Douze Cycles avec des solutions de location.<\/li><li>Colline et d\u00e9nivel\u00e9 : privil\u00e9gier les marques Riese &amp; M\u00fcller r\u00e9put\u00e9es pour leur fiabilit\u00e9.<\/li><\/ul>\n\n<p>Une exp\u00e9rience de 30 jours sans voiture, comme rapport\u00e9e sur <a href=\"https:\/\/lepointdujour.fr\/actualite\/3959-j-ai-vendu-ma-voiture-pour-ne-vivre-qu-a-velo-pendant-un-an-retour-d-experience-et-conseils-pratiques-24072025\/\">Grand Est Cyclisme<\/a>, confirme que le changement est possible et souvent enrichissant. Les utilisateurs \u00e9voquent un regain d\u2019\u00e9nergie, des \u00e9conomies et un apaisement g\u00e9n\u00e9ral du rythme de vie.<\/p>\n\n","protected":false},"excerpt":{"rendered":"<p>Une reconversion \u00e9tonnante qui change la vie : abandonner sa voiture pour un v\u00e9lo cargo peut transformer ton quotidien en mieux. Apr\u00e8s seulement 30 jours, l\u2019exp\u00e9rience r\u00e9v\u00e8le des b\u00e9n\u00e9fices surprenants : \u00e9conomies, libert\u00e9 de mouvement, et une meilleure forme physique sans effort suppl\u00e9mentaire. Ce bilan retrace les points cl\u00e9s du changement radical, les \u00e9tapes pour &#8230; <a title=\"Elle troque sa voiture contre un v\u00e9lo cargo : bilan apr\u00e8s 30 jours\" class=\"read-more\" href=\"https:\/\/www.apres-lecole.fr\/Blog\/voiture-vs-velo-cargo-bilan\/\" aria-label=\"En savoir plus sur Elle troque sa voiture contre un v\u00e9lo cargo : bilan apr\u00e8s 30 jours\">Lire plus<\/a><\/p>\n","protected":false},"author":9,"featured_media":2610,"comment_status":"open","ping_status":"open","sticky":false,"template":"","format":"standard","meta":{"footnotes":""},"categories":[1848],"tags":[],"class_list":["post-2612","post","type-post","status-publish","format-standard","has-post-thumbnail","hentry","category-tendance"],"yoast_head":"<!-- This site is optimized with the Yoast SEO plugin v27.5 - https:\/\/yoast.com\/product\/yoast-seo-wordpress\/ -->\n<title>jours en v\u00e9lo cargo : retour sur une vie sans voiture<\/title>\n<meta name=\"description\" content=\"D\u00e9couvrez le bilan de 30 jours apr\u00e8s avoir troqu\u00e9 sa voiture pour un v\u00e9lo cargo : \u00e9conomies, \u00e9cologie et nouvelles habitudes de vie.\" \/>\n<meta name=\"robots\" content=\"index, follow, max-snippet:-1, max-image-preview:large, max-video-preview:-1\" \/>\n<link rel=\"canonical\" href=\"https:\/\/www.apres-lecole.fr\/Blog\/voiture-vs-velo-cargo-bilan\/\" \/>\n<meta property=\"og:locale\" content=\"fr_FR\" \/>\n<meta property=\"og:type\" content=\"article\" \/>\n<meta property=\"og:title\" content=\"jours en v\u00e9lo cargo : retour sur une vie sans voiture\" \/>\n<meta property=\"og:description\" content=\"D\u00e9couvrez le bilan de 30 jours apr\u00e8s avoir troqu\u00e9 sa voiture pour un v\u00e9lo cargo : \u00e9conomies, \u00e9cologie et nouvelles habitudes de vie.\" \/>\n<meta property=\"og:url\" content=\"https:\/\/www.apres-lecole.fr\/Blog\/voiture-vs-velo-cargo-bilan\/\" \/>\n<meta property=\"article:published_time\" content=\"2025-10-27T06:32:06+00:00\" \/>\n<meta property=\"og:image\" content=\"https:\/\/www.apres-lecole.fr\/Blog\/wp-content\/uploads\/2025\/10\/Elle-troque-sa-voiture-contre-un-velo-cargo-bilan-apres-30-jours.jpg\" \/>\n\t<meta property=\"og:image:width\" content=\"1344\" \/>\n\t<meta property=\"og:image:height\" content=\"768\" \/>\n\t<meta property=\"og:image:type\" content=\"image\/jpeg\" \/>\n<meta name=\"author\" content=\"Eva Martin\" \/>\n<meta name=\"twitter:card\" content=\"summary_large_image\" \/>\n<meta name=\"twitter:creator\" content=\"@Evaapresecole\" \/>\n<meta name=\"twitter:label1\" content=\"\u00c9crit par\" \/>\n\t<meta name=\"twitter:data1\" content=\"Eva Martin\" \/>\n\t<meta name=\"twitter:label2\" content=\"Dur\u00e9e de lecture estim\u00e9e\" \/>\n\t<meta name=\"twitter:data2\" content=\"3 minutes\" \/>\n<script type=\"application\/ld+json\" class=\"yoast-schema-graph\">{\"@context\":\"https:\\\/\\\/schema.org\",\"@graph\":[{\"@type\":\"Article\",\"@id\":\"https:\\\/\\\/www.apres-lecole.fr\\\/Blog\\\/voiture-vs-velo-cargo-bilan\\\/#article\",\"isPartOf\":{\"@id\":\"https:\\\/\\\/www.apres-lecole.fr\\\/Blog\\\/voiture-vs-velo-cargo-bilan\\\/\"},\"author\":{\"name\":\"Eva Martin\",\"@id\":\"https:\\\/\\\/www.apres-lecole.fr\\\/Blog\\\/#\\\/schema\\\/person\\\/aeb50cd4b51fc69da155804bb5bb9fc4\"},\"headline\":\"Elle troque sa voiture contre un v\u00e9lo cargo : bilan apr\u00e8s 30 jours\",\"datePublished\":\"2025-10-27T06:32:06+00:00\",\"mainEntityOfPage\":{\"@id\":\"https:\\\/\\\/www.apres-lecole.fr\\\/Blog\\\/voiture-vs-velo-cargo-bilan\\\/\"},\"wordCount\":622,\"commentCount\":0,\"image\":{\"@id\":\"https:\\\/\\\/www.apres-lecole.fr\\\/Blog\\\/voiture-vs-velo-cargo-bilan\\\/#primaryimage\"},\"thumbnailUrl\":\"https:\\\/\\\/www.apres-lecole.fr\\\/Blog\\\/wp-content\\\/uploads\\\/2025\\\/10\\\/Elle-troque-sa-voiture-contre-un-velo-cargo-bilan-apres-30-jours.jpg\",\"articleSection\":[\"Tendance\"],\"inLanguage\":\"fr-FR\",\"potentialAction\":[{\"@type\":\"CommentAction\",\"name\":\"Comment\",\"target\":[\"https:\\\/\\\/www.apres-lecole.fr\\\/Blog\\\/voiture-vs-velo-cargo-bilan\\\/#respond\"]}]},{\"@type\":\"WebPage\",\"@id\":\"https:\\\/\\\/www.apres-lecole.fr\\\/Blog\\\/voiture-vs-velo-cargo-bilan\\\/\",\"url\":\"https:\\\/\\\/www.apres-lecole.fr\\\/Blog\\\/voiture-vs-velo-cargo-bilan\\\/\",\"name\":\"jours en v\u00e9lo cargo : retour sur une vie sans voiture\",\"isPartOf\":{\"@id\":\"https:\\\/\\\/www.apres-lecole.fr\\\/Blog\\\/#website\"},\"primaryImageOfPage\":{\"@id\":\"https:\\\/\\\/www.apres-lecole.fr\\\/Blog\\\/voiture-vs-velo-cargo-bilan\\\/#primaryimage\"},\"image\":{\"@id\":\"https:\\\/\\\/www.apres-lecole.fr\\\/Blog\\\/voiture-vs-velo-cargo-bilan\\\/#primaryimage\"},\"thumbnailUrl\":\"https:\\\/\\\/www.apres-lecole.fr\\\/Blog\\\/wp-content\\\/uploads\\\/2025\\\/10\\\/Elle-troque-sa-voiture-contre-un-velo-cargo-bilan-apres-30-jours.jpg\",\"datePublished\":\"2025-10-27T06:32:06+00:00\",\"author\":{\"@id\":\"https:\\\/\\\/www.apres-lecole.fr\\\/Blog\\\/#\\\/schema\\\/person\\\/aeb50cd4b51fc69da155804bb5bb9fc4\"},\"description\":\"D\u00e9couvrez le bilan de 30 jours apr\u00e8s avoir troqu\u00e9 sa voiture pour un v\u00e9lo cargo : \u00e9conomies, \u00e9cologie et nouvelles habitudes de vie.\",\"breadcrumb\":{\"@id\":\"https:\\\/\\\/www.apres-lecole.fr\\\/Blog\\\/voiture-vs-velo-cargo-bilan\\\/#breadcrumb\"},\"inLanguage\":\"fr-FR\",\"potentialAction\":[{\"@type\":\"ReadAction\",\"target\":[\"https:\\\/\\\/www.apres-lecole.fr\\\/Blog\\\/voiture-vs-velo-cargo-bilan\\\/\"]}]},{\"@type\":\"ImageObject\",\"inLanguage\":\"fr-FR\",\"@id\":\"https:\\\/\\\/www.apres-lecole.fr\\\/Blog\\\/voiture-vs-velo-cargo-bilan\\\/#primaryimage\",\"url\":\"https:\\\/\\\/www.apres-lecole.fr\\\/Blog\\\/wp-content\\\/uploads\\\/2025\\\/10\\\/Elle-troque-sa-voiture-contre-un-velo-cargo-bilan-apres-30-jours.jpg\",\"contentUrl\":\"https:\\\/\\\/www.apres-lecole.fr\\\/Blog\\\/wp-content\\\/uploads\\\/2025\\\/10\\\/Elle-troque-sa-voiture-contre-un-velo-cargo-bilan-apres-30-jours.jpg\",\"width\":1344,\"height\":768,\"caption\":\"d\u00e9couvrez l\u2019exp\u00e9rience d\u2019une femme qui a \u00e9chang\u00e9 sa voiture pour un v\u00e9lo cargo. apr\u00e8s 30 jours d\u2019utilisation, elle partage son bilan, ses avantages, ses difficult\u00e9s et son avis sur ce mode de d\u00e9placement \u00e9cologique.\"},{\"@type\":\"BreadcrumbList\",\"@id\":\"https:\\\/\\\/www.apres-lecole.fr\\\/Blog\\\/voiture-vs-velo-cargo-bilan\\\/#breadcrumb\",\"itemListElement\":[{\"@type\":\"ListItem\",\"position\":1,\"name\":\"Home\",\"item\":\"https:\\\/\\\/www.apres-lecole.fr\\\/Blog\\\/\"},{\"@type\":\"ListItem\",\"position\":2,\"name\":\"Elle troque sa voiture contre un v\u00e9lo cargo : bilan apr\u00e8s 30 jours\"}]},{\"@type\":\"WebSite\",\"@id\":\"https:\\\/\\\/www.apres-lecole.fr\\\/Blog\\\/#website\",\"url\":\"https:\\\/\\\/www.apres-lecole.fr\\\/Blog\\\/\",\"name\":\"\",\"description\":\"M\u00e9dia g\u00e9n\u00e9raliste\",\"potentialAction\":[{\"@type\":\"SearchAction\",\"target\":{\"@type\":\"EntryPoint\",\"urlTemplate\":\"https:\\\/\\\/www.apres-lecole.fr\\\/Blog\\\/?s={search_term_string}\"},\"query-input\":{\"@type\":\"PropertyValueSpecification\",\"valueRequired\":true,\"valueName\":\"search_term_string\"}}],\"inLanguage\":\"fr-FR\"},{\"@type\":\"Person\",\"@id\":\"https:\\\/\\\/www.apres-lecole.fr\\\/Blog\\\/#\\\/schema\\\/person\\\/aeb50cd4b51fc69da155804bb5bb9fc4\",\"name\":\"Eva Martin\",\"image\":{\"@type\":\"ImageObject\",\"inLanguage\":\"fr-FR\",\"@id\":\"https:\\\/\\\/secure.gravatar.com\\\/avatar\\\/55c53222558b27a72015a64073a80edce4abd33369394b9bf2c5cd6c19d12682?s=96&d=mm&r=g\",\"url\":\"https:\\\/\\\/secure.gravatar.com\\\/avatar\\\/55c53222558b27a72015a64073a80edce4abd33369394b9bf2c5cd6c19d12682?s=96&d=mm&r=g\",\"contentUrl\":\"https:\\\/\\\/secure.gravatar.com\\\/avatar\\\/55c53222558b27a72015a64073a80edce4abd33369394b9bf2c5cd6c19d12682?s=96&d=mm&r=g\",\"caption\":\"Eva Martin\"},\"description\":\"Je parle de business et d'entrepreneuriat avec des conseils clairs, concrets et actionnables pour r\u00e9ussir\",\"sameAs\":[\"https:\\\/\\\/x.com\\\/Evaapresecole\"],\"url\":\"https:\\\/\\\/www.apres-lecole.fr\\\/Blog\\\/author\\\/evamartin\\\/\"}]}<\/script>\n<!-- \/ Yoast SEO plugin. -->","yoast_head_json":{"title":"jours en v\u00e9lo cargo : retour sur une vie sans voiture","description":"D\u00e9couvrez le bilan de 30 jours apr\u00e8s avoir troqu\u00e9 sa voiture pour un v\u00e9lo cargo : \u00e9conomies, \u00e9cologie et nouvelles habitudes de vie.","robots":{"index":"index","follow":"follow","max-snippet":"max-snippet:-1","max-image-preview":"max-image-preview:large","max-video-preview":"max-video-preview:-1"},"canonical":"https:\/\/www.apres-lecole.fr\/Blog\/voiture-vs-velo-cargo-bilan\/","og_locale":"fr_FR","og_type":"article","og_title":"jours en v\u00e9lo cargo : retour sur une vie sans voiture","og_description":"D\u00e9couvrez le bilan de 30 jours apr\u00e8s avoir troqu\u00e9 sa voiture pour un v\u00e9lo cargo : \u00e9conomies, \u00e9cologie et nouvelles habitudes de vie.","og_url":"https:\/\/www.apres-lecole.fr\/Blog\/voiture-vs-velo-cargo-bilan\/","article_published_time":"2025-10-27T06:32:06+00:00","og_image":[{"width":1344,"height":768,"url":"https:\/\/www.apres-lecole.fr\/Blog\/wp-content\/uploads\/2025\/10\/Elle-troque-sa-voiture-contre-un-velo-cargo-bilan-apres-30-jours.jpg","type":"image\/jpeg"}],"author":"Eva Martin","twitter_card":"summary_large_image","twitter_creator":"@Evaapresecole","twitter_misc":{"\u00c9crit par":"Eva Martin","Dur\u00e9e de lecture estim\u00e9e":"3 minutes"},"schema":{"@context":"https:\/\/schema.org","@graph":[{"@type":"Article","@id":"https:\/\/www.apres-lecole.fr\/Blog\/voiture-vs-velo-cargo-bilan\/#article","isPartOf":{"@id":"https:\/\/www.apres-lecole.fr\/Blog\/voiture-vs-velo-cargo-bilan\/"},"author":{"name":"Eva Martin","@id":"https:\/\/www.apres-lecole.fr\/Blog\/#\/schema\/person\/aeb50cd4b51fc69da155804bb5bb9fc4"},"headline":"Elle troque sa voiture contre un v\u00e9lo cargo : bilan apr\u00e8s 30 jours","datePublished":"2025-10-27T06:32:06+00:00","mainEntityOfPage":{"@id":"https:\/\/www.apres-lecole.fr\/Blog\/voiture-vs-velo-cargo-bilan\/"},"wordCount":622,"commentCount":0,"image":{"@id":"https:\/\/www.apres-lecole.fr\/Blog\/voiture-vs-velo-cargo-bilan\/#primaryimage"},"thumbnailUrl":"https:\/\/www.apres-lecole.fr\/Blog\/wp-content\/uploads\/2025\/10\/Elle-troque-sa-voiture-contre-un-velo-cargo-bilan-apres-30-jours.jpg","articleSection":["Tendance"],"inLanguage":"fr-FR","potentialAction":[{"@type":"CommentAction","name":"Comment","target":["https:\/\/www.apres-lecole.fr\/Blog\/voiture-vs-velo-cargo-bilan\/#respond"]}]},{"@type":"WebPage","@id":"https:\/\/www.apres-lecole.fr\/Blog\/voiture-vs-velo-cargo-bilan\/","url":"https:\/\/www.apres-lecole.fr\/Blog\/voiture-vs-velo-cargo-bilan\/","name":"jours en v\u00e9lo cargo : retour sur une vie sans voiture","isPartOf":{"@id":"https:\/\/www.apres-lecole.fr\/Blog\/#website"},"primaryImageOfPage":{"@id":"https:\/\/www.apres-lecole.fr\/Blog\/voiture-vs-velo-cargo-bilan\/#primaryimage"},"image":{"@id":"https:\/\/www.apres-lecole.fr\/Blog\/voiture-vs-velo-cargo-bilan\/#primaryimage"},"thumbnailUrl":"https:\/\/www.apres-lecole.fr\/Blog\/wp-content\/uploads\/2025\/10\/Elle-troque-sa-voiture-contre-un-velo-cargo-bilan-apres-30-jours.jpg","datePublished":"2025-10-27T06:32:06+00:00","author":{"@id":"https:\/\/www.apres-lecole.fr\/Blog\/#\/schema\/person\/aeb50cd4b51fc69da155804bb5bb9fc4"},"description":"D\u00e9couvrez le bilan de 30 jours apr\u00e8s avoir troqu\u00e9 sa voiture pour un v\u00e9lo cargo : \u00e9conomies, \u00e9cologie et nouvelles habitudes de vie.","breadcrumb":{"@id":"https:\/\/www.apres-lecole.fr\/Blog\/voiture-vs-velo-cargo-bilan\/#breadcrumb"},"inLanguage":"fr-FR","potentialAction":[{"@type":"ReadAction","target":["https:\/\/www.apres-lecole.fr\/Blog\/voiture-vs-velo-cargo-bilan\/"]}]},{"@type":"ImageObject","inLanguage":"fr-FR","@id":"https:\/\/www.apres-lecole.fr\/Blog\/voiture-vs-velo-cargo-bilan\/#primaryimage","url":"https:\/\/www.apres-lecole.fr\/Blog\/wp-content\/uploads\/2025\/10\/Elle-troque-sa-voiture-contre-un-velo-cargo-bilan-apres-30-jours.jpg","contentUrl":"https:\/\/www.apres-lecole.fr\/Blog\/wp-content\/uploads\/2025\/10\/Elle-troque-sa-voiture-contre-un-velo-cargo-bilan-apres-30-jours.jpg","width":1344,"height":768,"caption":"d\u00e9couvrez l\u2019exp\u00e9rience d\u2019une femme qui a \u00e9chang\u00e9 sa voiture pour un v\u00e9lo cargo. apr\u00e8s 30 jours d\u2019utilisation, elle partage son bilan, ses avantages, ses difficult\u00e9s et son avis sur ce mode de d\u00e9placement \u00e9cologique."},{"@type":"BreadcrumbList","@id":"https:\/\/www.apres-lecole.fr\/Blog\/voiture-vs-velo-cargo-bilan\/#breadcrumb","itemListElement":[{"@type":"ListItem","position":1,"name":"Home","item":"https:\/\/www.apres-lecole.fr\/Blog\/"},{"@type":"ListItem","position":2,"name":"Elle troque sa voiture contre un v\u00e9lo cargo : bilan apr\u00e8s 30 jours"}]},{"@type":"WebSite","@id":"https:\/\/www.apres-lecole.fr\/Blog\/#website","url":"https:\/\/www.apres-lecole.fr\/Blog\/","name":"","description":"M\u00e9dia g\u00e9n\u00e9raliste","potentialAction":[{"@type":"SearchAction","target":{"@type":"EntryPoint","urlTemplate":"https:\/\/www.apres-lecole.fr\/Blog\/?s={search_term_string}"},"query-input":{"@type":"PropertyValueSpecification","valueRequired":true,"valueName":"search_term_string"}}],"inLanguage":"fr-FR"},{"@type":"Person","@id":"https:\/\/www.apres-lecole.fr\/Blog\/#\/schema\/person\/aeb50cd4b51fc69da155804bb5bb9fc4","name":"Eva Martin","image":{"@type":"ImageObject","inLanguage":"fr-FR","@id":"https:\/\/secure.gravatar.com\/avatar\/55c53222558b27a72015a64073a80edce4abd33369394b9bf2c5cd6c19d12682?s=96&d=mm&r=g","url":"https:\/\/secure.gravatar.com\/avatar\/55c53222558b27a72015a64073a80edce4abd33369394b9bf2c5cd6c19d12682?s=96&d=mm&r=g","contentUrl":"https:\/\/secure.gravatar.com\/avatar\/55c53222558b27a72015a64073a80edce4abd33369394b9bf2c5cd6c19d12682?s=96&d=mm&r=g","caption":"Eva Martin"},"description":"Je parle de business et d'entrepreneuriat avec des conseils clairs, concrets et actionnables pour r\u00e9ussir","sameAs":["https:\/\/x.com\/Evaapresecole"],"url":"https:\/\/www.apres-lecole.fr\/Blog\/author\/evamartin\/"}]}},"views":272,"_links":{"self":[{"href":"https:\/\/www.apres-lecole.fr\/Blog\/wp-json\/wp\/v2\/posts\/2612","targetHints":{"allow":["GET"]}}],"collection":[{"href":"https:\/\/www.apres-lecole.fr\/Blog\/wp-json\/wp\/v2\/posts"}],"about":[{"href":"https:\/\/www.apres-lecole.fr\/Blog\/wp-json\/wp\/v2\/types\/post"}],"author":[{"embeddable":true,"href":"https:\/\/www.apres-lecole.fr\/Blog\/wp-json\/wp\/v2\/users\/9"}],"replies":[{"embeddable":true,"href":"https:\/\/www.apres-lecole.fr\/Blog\/wp-json\/wp\/v2\/comments?post=2612"}],"version-history":[{"count":0,"href":"https:\/\/www.apres-lecole.fr\/Blog\/wp-json\/wp\/v2\/posts\/2612\/revisions"}],"wp:featuredmedia":[{"embeddable":true,"href":"https:\/\/www.apres-lecole.fr\/Blog\/wp-json\/wp\/v2\/media\/2610"}],"wp:attachment":[{"href":"https:\/\/www.apres-lecole.fr\/Blog\/wp-json\/wp\/v2\/media?parent=2612"}],"wp:term":[{"taxonomy":"category","embeddable":true,"href":"https:\/\/www.apres-lecole.fr\/Blog\/wp-json\/wp\/v2\/categories?post=2612"},{"taxonomy":"post_tag","embeddable":true,"href":"https:\/\/www.apres-lecole.fr\/Blog\/wp-json\/wp\/v2\/tags?post=2612"}],"curies":[{"name":"wp","href":"https:\/\/api.w.org\/{rel}","templated":true}]}}