{"id":2606,"date":"2025-10-26T06:31:44","date_gmt":"2025-10-26T06:31:44","guid":{"rendered":"https:\/\/www.apres-lecole.fr\/Blog\/jeune-attaquant-stats\/"},"modified":"2025-10-26T06:31:44","modified_gmt":"2025-10-26T06:31:44","slug":"jeune-attaquant-stats","status":"publish","type":"post","link":"https:\/\/www.apres-lecole.fr\/Blog\/jeune-attaquant-stats\/","title":{"rendered":"Foot : ce jeune attaquant affole d\u00e9j\u00e0 les stats, pourquoi tout le monde en parle"},"content":{"rendered":"\n\n<div class=\"kk-star-ratings kksr-auto kksr-align-left kksr-valign-top\"\n    data-payload='{&quot;align&quot;:&quot;left&quot;,&quot;id&quot;:&quot;2606&quot;,&quot;slug&quot;:&quot;default&quot;,&quot;valign&quot;:&quot;top&quot;,&quot;ignore&quot;:&quot;&quot;,&quot;reference&quot;:&quot;auto&quot;,&quot;class&quot;:&quot;&quot;,&quot;count&quot;:&quot;0&quot;,&quot;legendonly&quot;:&quot;&quot;,&quot;readonly&quot;:&quot;&quot;,&quot;score&quot;:&quot;0&quot;,&quot;starsonly&quot;:&quot;&quot;,&quot;best&quot;:&quot;5&quot;,&quot;gap&quot;:&quot;5&quot;,&quot;greet&quot;:&quot;Rate this post&quot;,&quot;legend&quot;:&quot;0\\\/5 - (0 vote)&quot;,&quot;size&quot;:&quot;24&quot;,&quot;title&quot;:&quot;Foot : ce jeune attaquant affole d\u00e9j\u00e0 les stats, pourquoi tout le monde en parle&quot;,&quot;width&quot;:&quot;0&quot;,&quot;_legend&quot;:&quot;{score}\\\/{best} - ({count} {votes})&quot;,&quot;font_factor&quot;:&quot;1.25&quot;}'>\n            \n<div class=\"kksr-stars\">\n    \n<div class=\"kksr-stars-inactive\">\n            <div class=\"kksr-star\" data-star=\"1\" style=\"padding-right: 5px\">\n            \n\n<div class=\"kksr-icon\" style=\"width: 24px; height: 24px;\"><\/div>\n        <\/div>\n            <div class=\"kksr-star\" data-star=\"2\" style=\"padding-right: 5px\">\n            \n\n<div class=\"kksr-icon\" style=\"width: 24px; height: 24px;\"><\/div>\n        <\/div>\n            <div class=\"kksr-star\" data-star=\"3\" style=\"padding-right: 5px\">\n            \n\n<div class=\"kksr-icon\" style=\"width: 24px; height: 24px;\"><\/div>\n        <\/div>\n            <div class=\"kksr-star\" data-star=\"4\" style=\"padding-right: 5px\">\n            \n\n<div class=\"kksr-icon\" style=\"width: 24px; height: 24px;\"><\/div>\n        <\/div>\n            <div class=\"kksr-star\" data-star=\"5\" style=\"padding-right: 5px\">\n            \n\n<div class=\"kksr-icon\" style=\"width: 24px; height: 24px;\"><\/div>\n        <\/div>\n    <\/div>\n    \n<div class=\"kksr-stars-active\" style=\"width: 0px;\">\n            <div class=\"kksr-star\" style=\"padding-right: 5px\">\n            \n\n<div class=\"kksr-icon\" style=\"width: 24px; height: 24px;\"><\/div>\n        <\/div>\n            <div class=\"kksr-star\" style=\"padding-right: 5px\">\n            \n\n<div class=\"kksr-icon\" style=\"width: 24px; height: 24px;\"><\/div>\n        <\/div>\n            <div class=\"kksr-star\" style=\"padding-right: 5px\">\n            \n\n<div class=\"kksr-icon\" style=\"width: 24px; height: 24px;\"><\/div>\n        <\/div>\n            <div class=\"kksr-star\" style=\"padding-right: 5px\">\n            \n\n<div class=\"kksr-icon\" style=\"width: 24px; height: 24px;\"><\/div>\n        <\/div>\n            <div class=\"kksr-star\" style=\"padding-right: 5px\">\n            \n\n<div class=\"kksr-icon\" style=\"width: 24px; height: 24px;\"><\/div>\n        <\/div>\n    <\/div>\n<\/div>\n                \n\n<div class=\"kksr-legend\" style=\"font-size: 19.2px;\">\n            <span class=\"kksr-muted\">Rate this post<\/span>\n    <\/div>\n    <\/div>\n<p><strong>En bref :<\/strong><\/p>\n\n<ul class=\"wp-block-list\"><li><strong>Rayan A\u00eft Amer<\/strong>, 16 ans, explose les compteurs \u00e0 l\u2019AS Saint-\u00c9tienne avec <strong>17 buts<\/strong> en formation, leader offensif incontest\u00e9.<\/li><li><strong>Lacin\u00e9 Megnan-Pav\u00e9<\/strong>, 15 ans et demi, triple surclass\u00e9 \u00e0 Montpellier, s\u00e9duit par son sens du but et son physique imposant de 1,87 m.<\/li><li>Ces prodiges illustrent le succ\u00e8s des centres de formation fran\u00e7ais, pris\u00e9s par des clubs majeurs comme <strong>Arsenal<\/strong> et <strong>FC Barcelone<\/strong>.<\/li><li>Leur style de jeu et leur maturit\u00e9 mentale rappellent des r\u00e9f\u00e9rences telles que <strong>Erling Haaland<\/strong> et <strong>Neymar<\/strong>.<\/li><li>Entre Nike, Adidas et Puma, le merchandising s\u2019int\u00e9resse d\u00e9j\u00e0 \u00e0 ces talents, tandis que D\u00e9cathlon et Foot Locker suivent de pr\u00e8s leur progression.<\/li><\/ul>\n\n<h2 class=\"wp-block-heading\">Pourquoi ce jeune attaquant st\u00e9phanois fait sensation d\u00e8s ses d\u00e9buts<\/h2>\n\n<p>Rayan A\u00eft Amer n\u2019a que 16 ans, mais son impact est majeur \u00e0 l\u2019AS Saint-\u00c9tienne, o\u00f9 il domine le classement des buteurs du centre de formation. Avec <strong>16 buts en U17<\/strong> et un but en U19, il s\u2019impose comme un attaquant redoutable capable de combiner technique, vision du jeu et efficacit\u00e9. Form\u00e9 \u00e0 l\u2019INF Clairefontaine et pass\u00e9 par l\u2019US Torcy, ce milieu offensif est devenu un v\u00e9ritable m\u00e9tronome du milieu st\u00e9phanois. Sous la houlette de David Le Moal, il est aujourd\u2019hui le leader naturel de sa g\u00e9n\u00e9ration.<\/p>\n\n<p>Ce jeune prodige incarne parfaitement la nouvelle dynamique impuls\u00e9e par Larry Tanenbaum pour l\u2019ASSE, centr\u00e9e sur la r\u00e9v\u00e9lation des talents maison. Encha\u00eenant les passes d\u00e9cisives et les buts, il rappelle que la formation fran\u00e7aise demeure un vivier in\u00e9puisable.<\/p>\n\n<figure class=\"wp-block-image size-full\"><img decoding=\"async\" width=\"1344\" height=\"768\" src=\"https:\/\/www.apres-lecole.fr\/Blog\/wp-content\/uploads\/2025\/10\/Foot-ce-jeune-attaquant-affole-deja-les-stats-pourquoi-tout-le-monde-en-parle-1.jpg\" alt=\"d\u00e9couvrez pourquoi ce jeune attaquant fait sensation dans le monde du foot : des statistiques impressionnantes et des performances qui attirent l\u2019attention de tous. analyse de son ascension fulgurante et des raisons de l\u2019engouement autour de lui.\" class=\"wp-image-2605\" srcset=\"https:\/\/www.apres-lecole.fr\/Blog\/wp-content\/uploads\/2025\/10\/Foot-ce-jeune-attaquant-affole-deja-les-stats-pourquoi-tout-le-monde-en-parle-1.jpg 1344w, https:\/\/www.apres-lecole.fr\/Blog\/wp-content\/uploads\/2025\/10\/Foot-ce-jeune-attaquant-affole-deja-les-stats-pourquoi-tout-le-monde-en-parle-1-300x171.jpg 300w, https:\/\/www.apres-lecole.fr\/Blog\/wp-content\/uploads\/2025\/10\/Foot-ce-jeune-attaquant-affole-deja-les-stats-pourquoi-tout-le-monde-en-parle-1-1024x585.jpg 1024w, https:\/\/www.apres-lecole.fr\/Blog\/wp-content\/uploads\/2025\/10\/Foot-ce-jeune-attaquant-affole-deja-les-stats-pourquoi-tout-le-monde-en-parle-1-768x439.jpg 768w\" sizes=\"(max-width: 1344px) 100vw, 1344px\" \/><\/figure>\n\n<h3 class=\"wp-block-heading\">Les chiffres qui parlent pour Rayan<\/h3>\n\n<ul class=\"wp-block-list\"><li><strong>17 buts<\/strong> inscrits en formation dont 16 en U17 et 1 en U19.<\/li><li>Leader buteur \u00e0 L\u2019ASSE, loin devant ses co\u00e9quipiers \u00e0 12 buts maximum.<\/li><li>Form\u00e9 \u00e0 Clairefontaine, b\u00e9n\u00e9ficiant d\u2019un volume de jeu exceptionnel.<\/li><li>Combine cr\u00e9ativit\u00e9 offensive et finition clinique.<\/li><\/ul>\n\n<h2 class=\"wp-block-heading\">Lacin\u00e9 Megnan-Pav\u00e9 : le prodige montpelli\u00e9rain d\u00e9j\u00e0 sous les radars europ\u00e9ens<\/h2>\n\n<p>\u00c0 15 ans et demi, Lacin\u00e9 Megnan-Pav\u00e9 impressionne par sa pr\u00e9cocit\u00e9. Avec un physique imposant (1,87 m pour 77 kg) et un sens du but d\u00e9j\u00e0 tr\u00e8s aff\u00fbt\u00e9, il \u00e9volue trois cat\u00e9gories au-dessus de son \u00e2ge au centre de formation du MHSC. L\u2019ann\u00e9e derni\u00e8re, il a marqu\u00e9 <strong>15 buts<\/strong> et d\u00e9livr\u00e9 <strong>12 passes d\u00e9cisives<\/strong> en U17, confirmant son statut de joueur \u00e0 suivre.<\/p>\n\n<p>Son entra\u00eeneur, Bernard Maraval, souligne son intensit\u00e9 sur le terrain et sa maturit\u00e9 au-del\u00e0 de ses 15 ans. D\u00e9j\u00e0 capitaine des \u00e9quipes nationales U15 et U16, Lacin\u00e9 attire l\u2019attention des plus grands clubs europ\u00e9ens comme Arsenal et le FC Barcelone. Malgr\u00e9 cette visibilit\u00e9, il reste concentr\u00e9 sur son d\u00e9veloppement au MHSC, entre entra\u00eenements professionnels et \u00e9tudes en STMG.<\/p>\n\n\n\n<h3 class=\"wp-block-heading\">Les atouts de la p\u00e9pite montpelli\u00e9raine<\/h3>\n\n<ul class=\"wp-block-list\"><li>Triple surclass\u00e9, jouant r\u00e9guli\u00e8rement avec les U19 \u00e0 15 ans.<\/li><li><strong>27 buts<\/strong> cumul\u00e9s en deux saisons dans les cat\u00e9gories jeunes.<\/li><li>Leadership naturel, capitaine en \u00e9quipe de France U15 et U16.<\/li><li>Physique d\u2019adulte et maturit\u00e9 mentale remarquable.<\/li><li>R\u00e9f\u00e9rences : Erling Haaland pour la puissance, Neymar pour la cr\u00e9ativit\u00e9.<\/li><\/ul>\n\n<h2 class=\"wp-block-heading\">Comment ces jeunes talents illustrent l\u2019excellence de la formation fran\u00e7aise<\/h2>\n\n<p>L\u2019explosion de jeunes attaquants comme Rayan A\u00eft Amer et Lacin\u00e9 Megnan-Pav\u00e9 souligne l\u2019importance des syst\u00e8mes de formation int\u00e9gr\u00e9s. Clubs historiques comme Montpellier et Saint-\u00c9tienne privil\u00e9gient l\u2019\u00e9closion locale, parfois menac\u00e9e par les offres s\u00e9duisantes des grands clubs europ\u00e9ens. Cela rappelle aussi les cibles appr\u00e9ci\u00e9es par les recruteurs, comme Karl Etta Eyong en Liga, qui affole les march\u00e9s pour son efficacit\u00e9.<\/p>\n\n<p>Dans cet environnement, les marques sportives telles que <strong>Nike, Adidas, Puma, Le Coq Sportif<\/strong> ou <strong>New Balance<\/strong> jouent un r\u00f4le indirect via sponsoring et \u00e9quipements, tandis que les revendeurs comme <strong>JD Sports<\/strong> et <strong>Foot Locker<\/strong> contribuent \u00e0 populariser ces noms \u00e9mergents aupr\u00e8s des plus jeunes fans.<\/p>\n\n<p>La r\u00e9ussite de ces talents repose sur :<\/p>\n\n<ul class=\"wp-block-list\"><li>Une formation technique solide.<\/li><li>Une maturation physique anticip\u00e9e via surclassements.<\/li><li>Un encadrement mental soutenu par entra\u00eeneurs et familles.<\/li><li>Un support m\u00e9diatique croissant sans sensationnalisme.<\/li><\/ul>\n\n<h2 class=\"wp-block-heading\">Comment suivre et soutenir ces prometteurs attaquants<\/h2>\n\n<ol class=\"wp-block-list\"><li>Reste inform\u00e9 via les m\u00e9dias sp\u00e9cialis\u00e9s et sites d\u00e9di\u00e9s \u00e0 l\u2019ASSE et au MHSC.<\/li><li>Suis leurs performances en championnat jeunes et en s\u00e9lection nationale.<\/li><li>D\u00e9couvre leur \u00e9quipement via les collections disponibles chez <a href=\"https:\/\/www.toutlemondesenfoot.fr\/a-14-ans-il-affole-deja-manchester-united-record-en-vue\/\">Nike<\/a>, <a href=\"https:\/\/www.footinsiders.com\/fr\/p-8885\">Adidas<\/a> ou <a href=\"https:\/\/www.lephoceen.fr\/infos-om\/vdm\/foot-karl-etta-eyong-la-pepite-qui-affole-deja-le-marche-europeen-229630\">Puma<\/a>.<\/li><li>Assiste \u00e0 leurs matches formateurs quand possible, pour encourager le football local.<\/li><li>Partage leurs exploits sur les r\u00e9seaux sociaux, notamment via des plateformes partenaires comme <a href=\"https:\/\/actucameroun.info\/2025\/09\/28\/karl-etta-eyong-le-prodige-camerounais-qui-affole-leurope\/\">Foot Locker<\/a> ou <a href=\"https:\/\/foot-anglais.net\/2025\/03\/23\/ce-transfert-qui-affole-la-planete-foot-man-utd-sempare-de-la-cible-arsenal-yildiz\/\">D\u00e9cathlon<\/a>.<\/li><\/ol>\n\n<h2 class=\"wp-block-heading\">Quand la pr\u00e9cocit\u00e9 se confronte aux d\u00e9fis du haut niveau<\/h2>\n\n<p>Il est tentant de voir en ces jeunes prodiges des futures stars imm\u00e9diates, mais leur progression rapide vient aussi avec ses limites. La pression mentale, la gestion de la notori\u00e9t\u00e9 et le risque de surmenage peuvent peser lourd. Les clubs doivent \u00eatre vigilants \u00e0 doser ambition et patience.<\/p>\n\n<p>Certains joueurs brillent en jeunesse, mais l\u2019adaptation \u00e0 l\u2019\u00e9lite demande une r\u00e9sistance physique et mentale unique. L\u2019accompagnement par des structures comme <strong>JD Sports<\/strong> ou <strong>Kipsta<\/strong> et un mat\u00e9riel ad\u00e9quat aide \u00e0 ces d\u00e9fis, mais le principal moteur reste leur passion et la coh\u00e9rence dans leur parcours.<\/p>\n\n<p>C\u2019est \u00e0 travers cette alchimie subtile entre talent brut et encadrement bienveillant que les prochaines l\u00e9gendes du football se construisent, en attendant peut-\u00eatre de d\u00e9crocher les projecteurs des g\u00e9ants comme <strong>Manchester United<\/strong> ou Arsenal.<\/p>\n\n<h2 class=\"wp-block-heading\">Le chemin \u00e0 suivre pour ne rien manquer de ces ph\u00e9nom\u00e8nes<\/h2>\n\n<p>Garde un \u0153il sur les performances et les comp\u00e9titions des centres de formation. Abonne-toi \u00e0 des sites comme <a href=\"https:\/\/onefootball.com\/en\/news\/asse-les-stats-completement-folles-de-ce-jeune-stephanois-41108850\">ToutLeMondeSenFoot<\/a> ou <a href=\"https:\/\/www.lattaquant.com\/mercato-pourquoi-le-pret-dalexi-koum-a-valenciennes-affole-deja-les-supporters\/\">Lattaquant.com<\/a> pour suivre leurs actualit\u00e9s. Enfin, d\u00e9couvre leurs styles sur les r\u00e9seaux sociaux et soutiens-les dans cette ascension prometteuse.<\/p>\n\n","protected":false},"excerpt":{"rendered":"<p>En bref : Pourquoi ce jeune attaquant st\u00e9phanois fait sensation d\u00e8s ses d\u00e9buts Rayan A\u00eft Amer n\u2019a que 16 ans, mais son impact est majeur \u00e0 l\u2019AS Saint-\u00c9tienne, o\u00f9 il domine le classement des buteurs du centre de formation. Avec 16 buts en U17 et un but en U19, il s\u2019impose comme un attaquant redoutable &#8230; <a title=\"Foot : ce jeune attaquant affole d\u00e9j\u00e0 les stats, pourquoi tout le monde en parle\" class=\"read-more\" href=\"https:\/\/www.apres-lecole.fr\/Blog\/jeune-attaquant-stats\/\" aria-label=\"En savoir plus sur Foot : ce jeune attaquant affole d\u00e9j\u00e0 les stats, pourquoi tout le monde en parle\">Lire plus<\/a><\/p>\n","protected":false},"author":9,"featured_media":2604,"comment_status":"open","ping_status":"open","sticky":false,"template":"","format":"standard","meta":{"footnotes":""},"categories":[1848],"tags":[],"class_list":["post-2606","post","type-post","status-publish","format-standard","has-post-thumbnail","hentry","category-tendance"],"yoast_head":"<!-- This site is optimized with the Yoast SEO plugin v27.5 - https:\/\/yoast.com\/product\/yoast-seo-wordpress\/ -->\n<title>Jeune prodige : l\u2019attaquant qui fait vibrer les compteurs en foot<\/title>\n<meta name=\"description\" content=\"D\u00e9couvrez pourquoi ce jeune attaquant de football bat tous les records et fait sensation : stats incroyables, analyse et r\u00e9actions du monde du foot.\" \/>\n<meta name=\"robots\" content=\"index, follow, max-snippet:-1, max-image-preview:large, max-video-preview:-1\" \/>\n<link rel=\"canonical\" href=\"https:\/\/www.apres-lecole.fr\/Blog\/jeune-attaquant-stats\/\" \/>\n<meta property=\"og:locale\" content=\"fr_FR\" \/>\n<meta property=\"og:type\" content=\"article\" \/>\n<meta property=\"og:title\" content=\"Jeune prodige : l\u2019attaquant qui fait vibrer les compteurs en foot\" \/>\n<meta property=\"og:description\" content=\"D\u00e9couvrez pourquoi ce jeune attaquant de football bat tous les records et fait sensation : stats incroyables, analyse et r\u00e9actions du monde du foot.\" \/>\n<meta property=\"og:url\" content=\"https:\/\/www.apres-lecole.fr\/Blog\/jeune-attaquant-stats\/\" \/>\n<meta property=\"article:published_time\" content=\"2025-10-26T06:31:44+00:00\" \/>\n<meta property=\"og:image\" content=\"https:\/\/www.apres-lecole.fr\/Blog\/wp-content\/uploads\/2025\/10\/Foot-ce-jeune-attaquant-affole-deja-les-stats-pourquoi-tout-le-monde-en-parle.jpg\" \/>\n\t<meta property=\"og:image:width\" content=\"1344\" \/>\n\t<meta property=\"og:image:height\" content=\"768\" \/>\n\t<meta property=\"og:image:type\" content=\"image\/jpeg\" \/>\n<meta name=\"author\" content=\"Eva Martin\" \/>\n<meta name=\"twitter:card\" content=\"summary_large_image\" \/>\n<meta name=\"twitter:creator\" content=\"@Evaapresecole\" \/>\n<meta name=\"twitter:label1\" content=\"\u00c9crit par\" \/>\n\t<meta name=\"twitter:data1\" content=\"Eva Martin\" \/>\n\t<meta name=\"twitter:label2\" content=\"Dur\u00e9e de lecture estim\u00e9e\" \/>\n\t<meta name=\"twitter:data2\" content=\"5 minutes\" \/>\n<script type=\"application\/ld+json\" class=\"yoast-schema-graph\">{\"@context\":\"https:\\\/\\\/schema.org\",\"@graph\":[{\"@type\":\"Article\",\"@id\":\"https:\\\/\\\/www.apres-lecole.fr\\\/Blog\\\/jeune-attaquant-stats\\\/#article\",\"isPartOf\":{\"@id\":\"https:\\\/\\\/www.apres-lecole.fr\\\/Blog\\\/jeune-attaquant-stats\\\/\"},\"author\":{\"name\":\"Eva Martin\",\"@id\":\"https:\\\/\\\/www.apres-lecole.fr\\\/Blog\\\/#\\\/schema\\\/person\\\/aeb50cd4b51fc69da155804bb5bb9fc4\"},\"headline\":\"Foot : ce jeune attaquant affole d\u00e9j\u00e0 les stats, pourquoi tout le monde en parle\",\"datePublished\":\"2025-10-26T06:31:44+00:00\",\"mainEntityOfPage\":{\"@id\":\"https:\\\/\\\/www.apres-lecole.fr\\\/Blog\\\/jeune-attaquant-stats\\\/\"},\"wordCount\":982,\"commentCount\":0,\"image\":{\"@id\":\"https:\\\/\\\/www.apres-lecole.fr\\\/Blog\\\/jeune-attaquant-stats\\\/#primaryimage\"},\"thumbnailUrl\":\"https:\\\/\\\/www.apres-lecole.fr\\\/Blog\\\/wp-content\\\/uploads\\\/2025\\\/10\\\/Foot-ce-jeune-attaquant-affole-deja-les-stats-pourquoi-tout-le-monde-en-parle.jpg\",\"articleSection\":[\"Tendance\"],\"inLanguage\":\"fr-FR\",\"potentialAction\":[{\"@type\":\"CommentAction\",\"name\":\"Comment\",\"target\":[\"https:\\\/\\\/www.apres-lecole.fr\\\/Blog\\\/jeune-attaquant-stats\\\/#respond\"]}]},{\"@type\":\"WebPage\",\"@id\":\"https:\\\/\\\/www.apres-lecole.fr\\\/Blog\\\/jeune-attaquant-stats\\\/\",\"url\":\"https:\\\/\\\/www.apres-lecole.fr\\\/Blog\\\/jeune-attaquant-stats\\\/\",\"name\":\"Jeune prodige : l\u2019attaquant qui fait vibrer les compteurs en foot\",\"isPartOf\":{\"@id\":\"https:\\\/\\\/www.apres-lecole.fr\\\/Blog\\\/#website\"},\"primaryImageOfPage\":{\"@id\":\"https:\\\/\\\/www.apres-lecole.fr\\\/Blog\\\/jeune-attaquant-stats\\\/#primaryimage\"},\"image\":{\"@id\":\"https:\\\/\\\/www.apres-lecole.fr\\\/Blog\\\/jeune-attaquant-stats\\\/#primaryimage\"},\"thumbnailUrl\":\"https:\\\/\\\/www.apres-lecole.fr\\\/Blog\\\/wp-content\\\/uploads\\\/2025\\\/10\\\/Foot-ce-jeune-attaquant-affole-deja-les-stats-pourquoi-tout-le-monde-en-parle.jpg\",\"datePublished\":\"2025-10-26T06:31:44+00:00\",\"author\":{\"@id\":\"https:\\\/\\\/www.apres-lecole.fr\\\/Blog\\\/#\\\/schema\\\/person\\\/aeb50cd4b51fc69da155804bb5bb9fc4\"},\"description\":\"D\u00e9couvrez pourquoi ce jeune attaquant de football bat tous les records et fait sensation : stats incroyables, analyse et r\u00e9actions du monde du foot.\",\"breadcrumb\":{\"@id\":\"https:\\\/\\\/www.apres-lecole.fr\\\/Blog\\\/jeune-attaquant-stats\\\/#breadcrumb\"},\"inLanguage\":\"fr-FR\",\"potentialAction\":[{\"@type\":\"ReadAction\",\"target\":[\"https:\\\/\\\/www.apres-lecole.fr\\\/Blog\\\/jeune-attaquant-stats\\\/\"]}]},{\"@type\":\"ImageObject\",\"inLanguage\":\"fr-FR\",\"@id\":\"https:\\\/\\\/www.apres-lecole.fr\\\/Blog\\\/jeune-attaquant-stats\\\/#primaryimage\",\"url\":\"https:\\\/\\\/www.apres-lecole.fr\\\/Blog\\\/wp-content\\\/uploads\\\/2025\\\/10\\\/Foot-ce-jeune-attaquant-affole-deja-les-stats-pourquoi-tout-le-monde-en-parle.jpg\",\"contentUrl\":\"https:\\\/\\\/www.apres-lecole.fr\\\/Blog\\\/wp-content\\\/uploads\\\/2025\\\/10\\\/Foot-ce-jeune-attaquant-affole-deja-les-stats-pourquoi-tout-le-monde-en-parle.jpg\",\"width\":1344,\"height\":768,\"caption\":\"d\u00e9couvrez pourquoi ce jeune attaquant fait sensation dans le monde du football : statistiques impressionnantes, performances remarqu\u00e9es et avenir prometteur. tous les d\u00e9tails sur le ph\u00e9nom\u00e8ne qui attire l\u2019attention de la plan\u00e8te foot.\"},{\"@type\":\"BreadcrumbList\",\"@id\":\"https:\\\/\\\/www.apres-lecole.fr\\\/Blog\\\/jeune-attaquant-stats\\\/#breadcrumb\",\"itemListElement\":[{\"@type\":\"ListItem\",\"position\":1,\"name\":\"Home\",\"item\":\"https:\\\/\\\/www.apres-lecole.fr\\\/Blog\\\/\"},{\"@type\":\"ListItem\",\"position\":2,\"name\":\"Foot : ce jeune attaquant affole d\u00e9j\u00e0 les stats, pourquoi tout le monde en parle\"}]},{\"@type\":\"WebSite\",\"@id\":\"https:\\\/\\\/www.apres-lecole.fr\\\/Blog\\\/#website\",\"url\":\"https:\\\/\\\/www.apres-lecole.fr\\\/Blog\\\/\",\"name\":\"\",\"description\":\"M\u00e9dia g\u00e9n\u00e9raliste\",\"potentialAction\":[{\"@type\":\"SearchAction\",\"target\":{\"@type\":\"EntryPoint\",\"urlTemplate\":\"https:\\\/\\\/www.apres-lecole.fr\\\/Blog\\\/?s={search_term_string}\"},\"query-input\":{\"@type\":\"PropertyValueSpecification\",\"valueRequired\":true,\"valueName\":\"search_term_string\"}}],\"inLanguage\":\"fr-FR\"},{\"@type\":\"Person\",\"@id\":\"https:\\\/\\\/www.apres-lecole.fr\\\/Blog\\\/#\\\/schema\\\/person\\\/aeb50cd4b51fc69da155804bb5bb9fc4\",\"name\":\"Eva Martin\",\"image\":{\"@type\":\"ImageObject\",\"inLanguage\":\"fr-FR\",\"@id\":\"https:\\\/\\\/secure.gravatar.com\\\/avatar\\\/55c53222558b27a72015a64073a80edce4abd33369394b9bf2c5cd6c19d12682?s=96&d=mm&r=g\",\"url\":\"https:\\\/\\\/secure.gravatar.com\\\/avatar\\\/55c53222558b27a72015a64073a80edce4abd33369394b9bf2c5cd6c19d12682?s=96&d=mm&r=g\",\"contentUrl\":\"https:\\\/\\\/secure.gravatar.com\\\/avatar\\\/55c53222558b27a72015a64073a80edce4abd33369394b9bf2c5cd6c19d12682?s=96&d=mm&r=g\",\"caption\":\"Eva Martin\"},\"description\":\"Je parle de business et d'entrepreneuriat avec des conseils clairs, concrets et actionnables pour r\u00e9ussir\",\"sameAs\":[\"https:\\\/\\\/x.com\\\/Evaapresecole\"],\"url\":\"https:\\\/\\\/www.apres-lecole.fr\\\/Blog\\\/author\\\/evamartin\\\/\"}]}<\/script>\n<!-- \/ Yoast SEO plugin. -->","yoast_head_json":{"title":"Jeune prodige : l\u2019attaquant qui fait vibrer les compteurs en foot","description":"D\u00e9couvrez pourquoi ce jeune attaquant de football bat tous les records et fait sensation : stats incroyables, analyse et r\u00e9actions du monde du foot.","robots":{"index":"index","follow":"follow","max-snippet":"max-snippet:-1","max-image-preview":"max-image-preview:large","max-video-preview":"max-video-preview:-1"},"canonical":"https:\/\/www.apres-lecole.fr\/Blog\/jeune-attaquant-stats\/","og_locale":"fr_FR","og_type":"article","og_title":"Jeune prodige : l\u2019attaquant qui fait vibrer les compteurs en foot","og_description":"D\u00e9couvrez pourquoi ce jeune attaquant de football bat tous les records et fait sensation : stats incroyables, analyse et r\u00e9actions du monde du foot.","og_url":"https:\/\/www.apres-lecole.fr\/Blog\/jeune-attaquant-stats\/","article_published_time":"2025-10-26T06:31:44+00:00","og_image":[{"width":1344,"height":768,"url":"https:\/\/www.apres-lecole.fr\/Blog\/wp-content\/uploads\/2025\/10\/Foot-ce-jeune-attaquant-affole-deja-les-stats-pourquoi-tout-le-monde-en-parle.jpg","type":"image\/jpeg"}],"author":"Eva Martin","twitter_card":"summary_large_image","twitter_creator":"@Evaapresecole","twitter_misc":{"\u00c9crit par":"Eva Martin","Dur\u00e9e de lecture estim\u00e9e":"5 minutes"},"schema":{"@context":"https:\/\/schema.org","@graph":[{"@type":"Article","@id":"https:\/\/www.apres-lecole.fr\/Blog\/jeune-attaquant-stats\/#article","isPartOf":{"@id":"https:\/\/www.apres-lecole.fr\/Blog\/jeune-attaquant-stats\/"},"author":{"name":"Eva Martin","@id":"https:\/\/www.apres-lecole.fr\/Blog\/#\/schema\/person\/aeb50cd4b51fc69da155804bb5bb9fc4"},"headline":"Foot : ce jeune attaquant affole d\u00e9j\u00e0 les stats, pourquoi tout le monde en parle","datePublished":"2025-10-26T06:31:44+00:00","mainEntityOfPage":{"@id":"https:\/\/www.apres-lecole.fr\/Blog\/jeune-attaquant-stats\/"},"wordCount":982,"commentCount":0,"image":{"@id":"https:\/\/www.apres-lecole.fr\/Blog\/jeune-attaquant-stats\/#primaryimage"},"thumbnailUrl":"https:\/\/www.apres-lecole.fr\/Blog\/wp-content\/uploads\/2025\/10\/Foot-ce-jeune-attaquant-affole-deja-les-stats-pourquoi-tout-le-monde-en-parle.jpg","articleSection":["Tendance"],"inLanguage":"fr-FR","potentialAction":[{"@type":"CommentAction","name":"Comment","target":["https:\/\/www.apres-lecole.fr\/Blog\/jeune-attaquant-stats\/#respond"]}]},{"@type":"WebPage","@id":"https:\/\/www.apres-lecole.fr\/Blog\/jeune-attaquant-stats\/","url":"https:\/\/www.apres-lecole.fr\/Blog\/jeune-attaquant-stats\/","name":"Jeune prodige : l\u2019attaquant qui fait vibrer les compteurs en foot","isPartOf":{"@id":"https:\/\/www.apres-lecole.fr\/Blog\/#website"},"primaryImageOfPage":{"@id":"https:\/\/www.apres-lecole.fr\/Blog\/jeune-attaquant-stats\/#primaryimage"},"image":{"@id":"https:\/\/www.apres-lecole.fr\/Blog\/jeune-attaquant-stats\/#primaryimage"},"thumbnailUrl":"https:\/\/www.apres-lecole.fr\/Blog\/wp-content\/uploads\/2025\/10\/Foot-ce-jeune-attaquant-affole-deja-les-stats-pourquoi-tout-le-monde-en-parle.jpg","datePublished":"2025-10-26T06:31:44+00:00","author":{"@id":"https:\/\/www.apres-lecole.fr\/Blog\/#\/schema\/person\/aeb50cd4b51fc69da155804bb5bb9fc4"},"description":"D\u00e9couvrez pourquoi ce jeune attaquant de football bat tous les records et fait sensation : stats incroyables, analyse et r\u00e9actions du monde du foot.","breadcrumb":{"@id":"https:\/\/www.apres-lecole.fr\/Blog\/jeune-attaquant-stats\/#breadcrumb"},"inLanguage":"fr-FR","potentialAction":[{"@type":"ReadAction","target":["https:\/\/www.apres-lecole.fr\/Blog\/jeune-attaquant-stats\/"]}]},{"@type":"ImageObject","inLanguage":"fr-FR","@id":"https:\/\/www.apres-lecole.fr\/Blog\/jeune-attaquant-stats\/#primaryimage","url":"https:\/\/www.apres-lecole.fr\/Blog\/wp-content\/uploads\/2025\/10\/Foot-ce-jeune-attaquant-affole-deja-les-stats-pourquoi-tout-le-monde-en-parle.jpg","contentUrl":"https:\/\/www.apres-lecole.fr\/Blog\/wp-content\/uploads\/2025\/10\/Foot-ce-jeune-attaquant-affole-deja-les-stats-pourquoi-tout-le-monde-en-parle.jpg","width":1344,"height":768,"caption":"d\u00e9couvrez pourquoi ce jeune attaquant fait sensation dans le monde du football : statistiques impressionnantes, performances remarqu\u00e9es et avenir prometteur. tous les d\u00e9tails sur le ph\u00e9nom\u00e8ne qui attire l\u2019attention de la plan\u00e8te foot."},{"@type":"BreadcrumbList","@id":"https:\/\/www.apres-lecole.fr\/Blog\/jeune-attaquant-stats\/#breadcrumb","itemListElement":[{"@type":"ListItem","position":1,"name":"Home","item":"https:\/\/www.apres-lecole.fr\/Blog\/"},{"@type":"ListItem","position":2,"name":"Foot : ce jeune attaquant affole d\u00e9j\u00e0 les stats, pourquoi tout le monde en parle"}]},{"@type":"WebSite","@id":"https:\/\/www.apres-lecole.fr\/Blog\/#website","url":"https:\/\/www.apres-lecole.fr\/Blog\/","name":"","description":"M\u00e9dia g\u00e9n\u00e9raliste","potentialAction":[{"@type":"SearchAction","target":{"@type":"EntryPoint","urlTemplate":"https:\/\/www.apres-lecole.fr\/Blog\/?s={search_term_string}"},"query-input":{"@type":"PropertyValueSpecification","valueRequired":true,"valueName":"search_term_string"}}],"inLanguage":"fr-FR"},{"@type":"Person","@id":"https:\/\/www.apres-lecole.fr\/Blog\/#\/schema\/person\/aeb50cd4b51fc69da155804bb5bb9fc4","name":"Eva Martin","image":{"@type":"ImageObject","inLanguage":"fr-FR","@id":"https:\/\/secure.gravatar.com\/avatar\/55c53222558b27a72015a64073a80edce4abd33369394b9bf2c5cd6c19d12682?s=96&d=mm&r=g","url":"https:\/\/secure.gravatar.com\/avatar\/55c53222558b27a72015a64073a80edce4abd33369394b9bf2c5cd6c19d12682?s=96&d=mm&r=g","contentUrl":"https:\/\/secure.gravatar.com\/avatar\/55c53222558b27a72015a64073a80edce4abd33369394b9bf2c5cd6c19d12682?s=96&d=mm&r=g","caption":"Eva Martin"},"description":"Je parle de business et d'entrepreneuriat avec des conseils clairs, concrets et actionnables pour r\u00e9ussir","sameAs":["https:\/\/x.com\/Evaapresecole"],"url":"https:\/\/www.apres-lecole.fr\/Blog\/author\/evamartin\/"}]}},"views":90,"_links":{"self":[{"href":"https:\/\/www.apres-lecole.fr\/Blog\/wp-json\/wp\/v2\/posts\/2606","targetHints":{"allow":["GET"]}}],"collection":[{"href":"https:\/\/www.apres-lecole.fr\/Blog\/wp-json\/wp\/v2\/posts"}],"about":[{"href":"https:\/\/www.apres-lecole.fr\/Blog\/wp-json\/wp\/v2\/types\/post"}],"author":[{"embeddable":true,"href":"https:\/\/www.apres-lecole.fr\/Blog\/wp-json\/wp\/v2\/users\/9"}],"replies":[{"embeddable":true,"href":"https:\/\/www.apres-lecole.fr\/Blog\/wp-json\/wp\/v2\/comments?post=2606"}],"version-history":[{"count":0,"href":"https:\/\/www.apres-lecole.fr\/Blog\/wp-json\/wp\/v2\/posts\/2606\/revisions"}],"wp:featuredmedia":[{"embeddable":true,"href":"https:\/\/www.apres-lecole.fr\/Blog\/wp-json\/wp\/v2\/media\/2604"}],"wp:attachment":[{"href":"https:\/\/www.apres-lecole.fr\/Blog\/wp-json\/wp\/v2\/media?parent=2606"}],"wp:term":[{"taxonomy":"category","embeddable":true,"href":"https:\/\/www.apres-lecole.fr\/Blog\/wp-json\/wp\/v2\/categories?post=2606"},{"taxonomy":"post_tag","embeddable":true,"href":"https:\/\/www.apres-lecole.fr\/Blog\/wp-json\/wp\/v2\/tags?post=2606"}],"curies":[{"name":"wp","href":"https:\/\/api.w.org\/{rel}","templated":true}]}}