{"id":2570,"date":"2025-10-21T06:41:05","date_gmt":"2025-10-21T06:41:05","guid":{"rendered":"https:\/\/www.apres-lecole.fr\/Blog\/ecole-paul-bert-2025\/"},"modified":"2025-10-21T06:41:05","modified_gmt":"2025-10-21T06:41:05","slug":"ecole-paul-bert-2025","status":"publish","type":"post","link":"https:\/\/www.apres-lecole.fr\/Blog\/ecole-paul-bert-2025\/","title":{"rendered":"D\u00e9couverte de l&rsquo;\u00e9cole Paul Bert : un \u00e9tablissement d&rsquo;exception en 2025"},"content":{"rendered":"\n\n<div class=\"kk-star-ratings kksr-auto kksr-align-left kksr-valign-top\"\n    data-payload='{&quot;align&quot;:&quot;left&quot;,&quot;id&quot;:&quot;2570&quot;,&quot;slug&quot;:&quot;default&quot;,&quot;valign&quot;:&quot;top&quot;,&quot;ignore&quot;:&quot;&quot;,&quot;reference&quot;:&quot;auto&quot;,&quot;class&quot;:&quot;&quot;,&quot;count&quot;:&quot;0&quot;,&quot;legendonly&quot;:&quot;&quot;,&quot;readonly&quot;:&quot;&quot;,&quot;score&quot;:&quot;0&quot;,&quot;starsonly&quot;:&quot;&quot;,&quot;best&quot;:&quot;5&quot;,&quot;gap&quot;:&quot;5&quot;,&quot;greet&quot;:&quot;Rate this post&quot;,&quot;legend&quot;:&quot;0\\\/5 - (0 vote)&quot;,&quot;size&quot;:&quot;24&quot;,&quot;title&quot;:&quot;D\u00e9couverte de l\\u0026#039;\u00e9cole Paul Bert : un \u00e9tablissement d\\u0026#039;exception en 2025&quot;,&quot;width&quot;:&quot;0&quot;,&quot;_legend&quot;:&quot;{score}\\\/{best} - ({count} {votes})&quot;,&quot;font_factor&quot;:&quot;1.25&quot;}'>\n            \n<div class=\"kksr-stars\">\n    \n<div class=\"kksr-stars-inactive\">\n            <div class=\"kksr-star\" data-star=\"1\" style=\"padding-right: 5px\">\n            \n\n<div class=\"kksr-icon\" style=\"width: 24px; height: 24px;\"><\/div>\n        <\/div>\n            <div class=\"kksr-star\" data-star=\"2\" style=\"padding-right: 5px\">\n            \n\n<div class=\"kksr-icon\" style=\"width: 24px; height: 24px;\"><\/div>\n        <\/div>\n            <div class=\"kksr-star\" data-star=\"3\" style=\"padding-right: 5px\">\n            \n\n<div class=\"kksr-icon\" style=\"width: 24px; height: 24px;\"><\/div>\n        <\/div>\n            <div class=\"kksr-star\" data-star=\"4\" style=\"padding-right: 5px\">\n            \n\n<div class=\"kksr-icon\" style=\"width: 24px; height: 24px;\"><\/div>\n        <\/div>\n            <div class=\"kksr-star\" data-star=\"5\" style=\"padding-right: 5px\">\n            \n\n<div class=\"kksr-icon\" style=\"width: 24px; height: 24px;\"><\/div>\n        <\/div>\n    <\/div>\n    \n<div class=\"kksr-stars-active\" style=\"width: 0px;\">\n            <div class=\"kksr-star\" style=\"padding-right: 5px\">\n            \n\n<div class=\"kksr-icon\" style=\"width: 24px; height: 24px;\"><\/div>\n        <\/div>\n            <div class=\"kksr-star\" style=\"padding-right: 5px\">\n            \n\n<div class=\"kksr-icon\" style=\"width: 24px; height: 24px;\"><\/div>\n        <\/div>\n            <div class=\"kksr-star\" style=\"padding-right: 5px\">\n            \n\n<div class=\"kksr-icon\" style=\"width: 24px; height: 24px;\"><\/div>\n        <\/div>\n            <div class=\"kksr-star\" style=\"padding-right: 5px\">\n            \n\n<div class=\"kksr-icon\" style=\"width: 24px; height: 24px;\"><\/div>\n        <\/div>\n            <div class=\"kksr-star\" style=\"padding-right: 5px\">\n            \n\n<div class=\"kksr-icon\" style=\"width: 24px; height: 24px;\"><\/div>\n        <\/div>\n    <\/div>\n<\/div>\n                \n\n<div class=\"kksr-legend\" style=\"font-size: 19.2px;\">\n            <span class=\"kksr-muted\">Rate this post<\/span>\n    <\/div>\n    <\/div>\n<p>\u00c9voquer l&rsquo;\u00e9cole Paul Bert en 2025, c&rsquo;est plonger dans un univers o\u00f9 l&rsquo;innovation \u00e9ducative et l&rsquo;excellence scolaire se rencontrent. Cet \u00e9tablissement embl\u00e9matique, portant le nom d&rsquo;un des p\u00e8res fondateurs de l&rsquo;\u00e9cole la\u00efque, incarne \u00e0 merveille l&rsquo;esprit d&rsquo;une \u00e9ducation citoyenne int\u00e9grant des pratiques p\u00e9dagogiques modernes. Son histoire, bien que riche de traditions, \u00e9volue constamment pour s&rsquo;aligner avec les d\u00e9fis contemporains. Au c\u0153ur de cette transformation, les enseignants, les \u00e9l\u00e8ves et les parents \u0153uvrent ensemble pour offrir un cadre d&rsquo;apprentissage o\u00f9 le num\u00e9rique, l&rsquo;\u00e9cologie et le bien-\u00eatre des \u00e9l\u00e8ves restent au centre des pr\u00e9occupations. Dans le contexte de la r\u00e9forme \u00e9ducative de 2025, l&rsquo;\u00e9cole Paul Bert se distingue non seulement par ses particularit\u00e9s architecturales mais aussi par ses m\u00e9thodes d&rsquo;enseignement personnalis\u00e9es et ses initiatives culturelles qui int\u00e8grent l&rsquo;ouverture internationale.<\/p>\n\n<h2 class=\"wp-block-heading\">Une histoire ancr\u00e9e dans la la\u00efcit\u00e9 et la r\u00e9publique<\/h2>\n\n<p>Plong\u00e9e dans l&rsquo;histoire de France, l&rsquo;\u00e9cole Paul Bert est profond\u00e9ment ancr\u00e9e dans les valeurs de la R\u00e9publique. Nomm\u00e9e d&rsquo;apr\u00e8s <strong>Paul Bert<\/strong> lui-m\u00eame, un scientifique et homme politique du XIXe si\u00e8cle, elle symbolise un engagement sans faille envers l&rsquo;\u00e9ducation la\u00efque. Loin d&rsquo;\u00eatre un simple \u00e9tablissement, elle est le fruit d&rsquo;id\u00e9aux courageux et d&rsquo;une vision progressiste \u00e0 une \u00e9poque o\u00f9 l&rsquo;\u00e9ducation \u00e9tait souvent r\u00e9serv\u00e9e \u00e0 une \u00e9lite.<\/p>\n\n<p>La la\u00efcit\u00e9, soutenue par des figures comme Paul Bert, a permis de poser les fondations d&rsquo;une \u00e9cole ouverte \u00e0 tous. Dans les ann\u00e9es 2020, cette philosophie continue d&rsquo;exister au sein de l&rsquo;institution, construisant un environnement <strong>inclusif<\/strong> et diversifi\u00e9. Les \u00e9l\u00e8ves y apprennent non seulement les bases acad\u00e9miques, mais \u00e9galement les valeurs civiques et morales qui seront les piliers de leur vie future.<\/p>\n\n<h3 class=\"wp-block-heading\">Les objectifs \u00e9ducatifs de l&rsquo;\u00e9cole Paul Bert<\/h3>\n\n<ul class=\"wp-block-list\"><li>\ud83c\udf31 Promouvoir l&rsquo;esprit critique et la libert\u00e9 de penser<\/li><li>\u267b\ufe0f Int\u00e9grer des initiatives \u00e9cologiques pour sensibiliser les jeunes g\u00e9n\u00e9rations<\/li><li>\ud83c\udf0d Ouvrir les \u00e9l\u00e8ves sur le monde gr\u00e2ce \u00e0 des \u00e9changes internationaux<\/li><li>\ud83d\udd0d D\u00e9velopper un enseignement personnalis\u00e9 adapt\u00e9 \u00e0 chaque \u00e9l\u00e8ve<\/li><\/ul>\n\n<p>Cette approche holistique de l&rsquo;\u00e9ducation a fait de Paul Bert un mod\u00e8le \u00e0 suivre. Les enseignants s&rsquo;engagent \u00e0 fournir un <strong>enseignement personnalis\u00e9<\/strong>, permettant ainsi \u00e0 chacun d&rsquo;\u00e9voluer \u00e0 son rythme tout en b\u00e9n\u00e9ficiant de l&rsquo;appui d&rsquo;une communaut\u00e9 scolaire soud\u00e9e et dynamique. La mise en place de <strong>partenariats \u00e9ducatifs<\/strong> enrichit \u00e9galement l&rsquo;exp\u00e9rience des \u00e9l\u00e8ves, en leur donnant acc\u00e8s \u00e0 des ressources et des m\u00e9thodes d&rsquo;apprentissage vari\u00e9es.<\/p>\n\n<figure class=\"wp-block-table\"><table>\n<thead>\n<tr>\n<th>Dimension<\/th>\n<th>Description<\/th>\n<\/tr>\n<\/thead>\n<tbody>\n<tr>\n<td>La\u00efcit\u00e9<\/td>\n<td>\u00c9ducation ouverte, respect des croyances<\/td>\n<\/tr>\n<tr>\n<td>Inclusion<\/td>\n<td>Enseignement pour tous, diversit\u00e9 des \u00e9l\u00e8ves<\/td>\n<\/tr>\n<tr>\n<td>Innovation<\/td>\n<td>Int\u00e9gration du num\u00e9rique dans les pratiques p\u00e9dagogiques<\/td>\n<\/tr>\n<\/tbody>\n<\/table><\/figure>\n\n<h2 class=\"wp-block-heading\">L&rsquo;innovation \u00e9ducative au c\u0153ur de l&rsquo;\u00e9cole Paul Bert<\/h2>\n\n<p>En 2025, l&rsquo;\u00e9cole Paul Bert s&rsquo;illustre par son approche novatrice en mati\u00e8re d&rsquo;\u00e9ducation. L&rsquo;accent est mis sur l&rsquo;<strong>innovation \u00e9ducative<\/strong>, int\u00e9grant des outils num\u00e9riques et des m\u00e9thodes d&rsquo;enseignement modernes. Dans un contexte o\u00f9 le num\u00e9rique prend une place de plus en plus importante, l&rsquo;\u00e9cole n&rsquo;h\u00e9site pas \u00e0 adopter des strat\u00e9gies audacieuses pour mieux pr\u00e9parer ses \u00e9l\u00e8ves aux d\u00e9fis de demain.<\/p>\n\n<p>Les salles de classe sont \u00e9quip\u00e9es de technologies de pointe, permettant aux \u00e9l\u00e8ves de travailler sur des projets collaboratifs ou d&rsquo;acc\u00e9der \u00e0 des ressources \u00e9ducatives en ligne. Cet environnement stimulant les incite \u00e0 explorer et \u00e0 exp\u00e9rimenter, rendant l&rsquo;apprentissage \u00e0 la fois dynamique et engageant. Les \u00e9l\u00e8ves peuvent, par exemple, participer \u00e0 des ateliers de programmation ou \u00e0 des cours d&rsquo;arts num\u00e9riques o\u00f9 l&rsquo;imagination et la cr\u00e9ativit\u00e9 sont les ma\u00eetres mots.<\/p>\n\n<h3 class=\"wp-block-heading\">Des projets concrets d&rsquo;innovation<\/h3>\n\n<p>Parmi les initiatives phares de l&rsquo;\u00e9cole, voici quelques exemples qui illustrent son engagement envers une p\u00e9dagogie moderne :<\/p>\n\n<ul class=\"wp-block-list\"><li>\ud83d\udcbb Ateliers de codage int\u00e9gr\u00e9s au programme scolaire<\/li><li>\ud83c\udfa8 Projets artistiques utilisant des techniques num\u00e9riques<\/li><li>\ud83d\udcf1 Suivi personnalis\u00e9 des progr\u00e8s des \u00e9l\u00e8ves via des applications \u00e9ducatives<\/li><\/ul>\n\n<p>Ce foisonnement d&rsquo;id\u00e9es et d&rsquo;initiatives donne naissance \u00e0 un cadre d&rsquo;apprentissage o\u00f9 chaque \u00e9l\u00e8ve peut s&rsquo;\u00e9panouir selon ses propres aspirations et capacit\u00e9s. La mise en place de <strong>cours participatifs<\/strong> favorise \u00e9galement les \u00e9changes d&rsquo;id\u00e9es entre les \u00e9l\u00e8ves, renfor\u00e7ant leur esprit critique tout en d\u00e9veloppant leur confiance en eux.<\/p>\n\n<figure class=\"wp-block-table\"><table>\n<thead>\n<tr>\n<th>Type d&rsquo;innovation<\/th>\n<th>Objectif<\/th>\n<\/tr>\n<\/thead>\n<tbody>\n<tr>\n<td>Technologie num\u00e9rique<\/td>\n<td>Am\u00e9liorer la qualit\u00e9 de l&rsquo;apprentissage<\/td>\n<\/tr>\n<tr>\n<td>Enseignement personnalis\u00e9<\/td>\n<td>S&rsquo;adapter aux besoins de chaque \u00e9l\u00e8ve<\/td>\n<\/tr>\n<tr>\n<td>Collaboration interdisciplinaire<\/td>\n<td>Renforcer les comp\u00e9tences transversales<\/td>\n<\/tr>\n<\/tbody>\n<\/table><\/figure>\n\n<h2 class=\"wp-block-heading\">Le bien-\u00eatre des \u00e9l\u00e8ves, une priorit\u00e9 \u00e0 l&rsquo;\u00e9cole Paul Bert<\/h2>\n\n<p>Le bien-\u00eatre des \u00e9l\u00e8ves est au c\u0153ur des pr\u00e9occupations de l&rsquo;\u00e9cole Paul Bert. Loin de se contenter de dispenser un enseignement traditionnel, l&rsquo;\u00e9tablissement s&#8217;emploie \u00e0 cr\u00e9er un environnement favorable \u00e0 l&rsquo;\u00e9panouissement personnel et social des jeunes. En 2025, cette mission prend une tournure encore plus affirm\u00e9e, avec des initiatives visant \u00e0 int\u00e9grer le bien-\u00eatre physique et mental dans chaque aspect de la vie scolaire.<\/p>\n\n<p>Consciente des enjeux li\u00e9s \u00e0 la sant\u00e9 mentale, l&rsquo;\u00e9cole propose des activit\u00e9s sportives vari\u00e9es et des ateliers de pleine conscience. Ces moments de d\u00e9tente et de partage sont con\u00e7us pour am\u00e9liorer la concentration des \u00e9l\u00e8ves tout en renfor\u00e7ant leurs comp\u00e9tences sociales. L&rsquo;accent est mis sur l&rsquo;importance de l&rsquo;\u00e9quilibre entre \u00e9tudes et loisirs, pour que chaque \u00e9l\u00e8ve puisse se sentir bien dans sa peau.<\/p>\n\n<h3 class=\"wp-block-heading\">Des actions concr\u00e8tes pour le bien-\u00eatre<\/h3>\n\n<ul class=\"wp-block-list\"><li>\ud83c\udf3f Programmes de bien-\u00eatre : yoga, m\u00e9ditation, activit\u00e9s sportives<\/li><li>\ud83e\udd1d Projet de tutorat pour favoriser l&rsquo;entraide entre \u00e9l\u00e8ves<\/li><li>\ud83c\udf7d\ufe0f Cantine bio et local pour une alimentation saine<\/li><\/ul>\n\n<p>Ces actions contribuent \u00e0 cr\u00e9er une atmosph\u00e8re sereine o\u00f9 les \u00e9l\u00e8ves peuvent se sentir en s\u00e9curit\u00e9 et soutenus. L&rsquo;\u00e9cole Paul Bert ne se limite pas \u00e0 enseigner des savoirs acad\u00e9miques, elle s&rsquo;engage \u00e9galement \u00e0 \u00e9lever des individus \u00e9quilibr\u00e9s et bienveillants, pr\u00eats \u00e0 s&rsquo;impliquer dans la vie de la soci\u00e9t\u00e9.<\/p>\n\n<figure class=\"wp-block-table\"><table>\n<thead>\n<tr>\n<th>Action<\/th>\n<th>B\u00e9n\u00e9fice<\/th>\n<\/tr>\n<\/thead>\n<tbody>\n<tr>\n<td>Yoga et m\u00e9ditation<\/td>\n<td>R\u00e9duction du stress et augmentation de la concentration<\/td>\n<\/tr>\n<tr>\n<td>Ateliers de cr\u00e9ativit\u00e9<\/td>\n<td>D\u00e9veloppement de l&rsquo;expression personnelle<\/td>\n<\/tr>\n<tr>\n<td>Cuisine bio<\/td>\n<td>Promotion d&rsquo;une alimentation durable et responsable<\/td>\n<\/tr>\n<\/tbody>\n<\/table><\/figure>\n\n<h2 class=\"wp-block-heading\">Ouverture internationale : une vision \u00e9largie de l&rsquo;\u00e9ducation<\/h2>\n\n<p>L&rsquo;\u00e9cole Paul Bert embrasse pleinement le concept d&rsquo;ouverture internationale. En 2025, l&rsquo;\u00e9tablissement se connecte avec des \u00e9coles du monde entier pour offrir \u00e0 ses \u00e9l\u00e8ves une perspective globale sur l&rsquo;\u00e9ducation. Cela passe par des \u00e9changes culturels, des partenariats \u00e9ducatifs et des projets communs qui \u00e9largissent les horizons des \u00e9l\u00e8ves.<\/p>\n\n<p>Ces initiatives visent \u00e0 sensibiliser les jeunes \u00e0 la diversit\u00e9 culturelle et \u00e0 renforcer leur compr\u00e9hension des enjeux mondiaux. En participant \u00e0 des projets \u00e0 l&rsquo;\u00e9chelle internationale, les \u00e9l\u00e8ves acqui\u00e8rent des comp\u00e9tences essentielles telles que la collaboration et l&rsquo;adaptabilit\u00e9, qui leur seront pr\u00e9cieuses dans leur future vie professionnelle.<\/p>\n\n<h3 class=\"wp-block-heading\">Des projets d&rsquo;\u00e9changes enrichissants<\/h3>\n\n<ul class=\"wp-block-list\"><li>\ud83c\udf0f Partenariats avec des \u00e9coles en Europe et en Asie<\/li><li>\ud83e\udd1d Projets de coop\u00e9ration avec des associations locales<\/li><li>\ud83c\udf89 Organisation de journ\u00e9es interculturelles pour favoriser le partage d&rsquo;exp\u00e9riences<\/li><\/ul>\n\n<p>Cette d\u00e9marche promeut non seulement la tol\u00e9rance et le respect mutuel, mais elle pr\u00e9pare \u00e9galement les \u00e9l\u00e8ves \u00e0 devenir des citoyens engag\u00e9s, conscients de leur r\u00f4le dans un monde interconnect\u00e9.<\/p>\n\n<figure class=\"wp-block-table\"><table>\n<thead>\n<tr>\n<th>Partenaire<\/th>\n<th>Type d&rsquo;\u00e9change<\/th>\n<\/tr>\n<\/thead>\n<tbody>\n<tr>\n<td>\u00c9cole en Allemagne<\/td>\n<td>\u00c9changes linguistiques<\/td>\n<\/tr>\n<tr>\n<td>\u00c9cole en Inde<\/td>\n<td>Projets de coop\u00e9ration culturelle<\/td>\n<\/tr>\n<tr>\n<td>\u00c9cole au Canada<\/td>\n<td>Projets communs sur le d\u00e9veloppement durable<\/td>\n<\/tr>\n<\/tbody>\n<\/table><\/figure>\n\n\n{\u00ab\u00a0@context\u00a0\u00bb:\u00a0\u00bbhttps:\/\/schema.org\u00a0\u00bb,\u00a0\u00bb@type\u00a0\u00bb:\u00a0\u00bbFAQPage\u00a0\u00bb,\u00a0\u00bbmainEntity\u00a0\u00bb:[{\u00ab\u00a0@type\u00a0\u00bb:\u00a0\u00bbQuestion\u00a0\u00bb,\u00a0\u00bbname\u00a0\u00bb:\u00a0\u00bbQuels types d&rsquo;activitu00e9s sont proposu00e9es u00e0 l&rsquo;u00e9cole Paul Bert?\u00a0\u00bb,\u00a0\u00bbacceptedAnswer\u00a0\u00bb:{\u00ab\u00a0@type\u00a0\u00bb:\u00a0\u00bbAnswer\u00a0\u00bb,\u00a0\u00bbtext\u00a0\u00bb:\u00a0\u00bbL&rsquo;u00e9cole propose des ateliers de cru00e9ativitu00e9, de codage, de mu00e9ditation, et des activitu00e9s sportives variu00e9es pour le bien-u00eatre des u00e9lu00e8ves.\u00a0\u00bb}},{\u00ab\u00a0@type\u00a0\u00bb:\u00a0\u00bbQuestion\u00a0\u00bb,\u00a0\u00bbname\u00a0\u00bb:\u00a0\u00bbComment l&rsquo;u00e9cole intu00e8gre-t-elle le numu00e9rique?\u00a0\u00bb,\u00a0\u00bbacceptedAnswer\u00a0\u00bb:{\u00ab\u00a0@type\u00a0\u00bb:\u00a0\u00bbAnswer\u00a0\u00bb,\u00a0\u00bbtext\u00a0\u00bb:\u00a0\u00bbL&rsquo;u00e9cole utilise des technologies modernes, favorisant un enseignement personnalisu00e9 gru00e2ce u00e0 des applications u00e9ducatives et du matu00e9riel numu00e9rique en classe.\u00a0\u00bb}},{\u00ab\u00a0@type\u00a0\u00bb:\u00a0\u00bbQuestion\u00a0\u00bb,\u00a0\u00bbname\u00a0\u00bb:\u00a0\u00bbQuelles sont les initiatives u00e9cologiques pru00e9sentes u00e0 l&rsquo;u00e9cole?\u00a0\u00bb,\u00a0\u00bbacceptedAnswer\u00a0\u00bb:{\u00ab\u00a0@type\u00a0\u00bb:\u00a0\u00bbAnswer\u00a0\u00bb,\u00a0\u00bbtext\u00a0\u00bb:\u00a0\u00bbDes programmes de sensibilisation u00e0 l&rsquo;u00e9cologie sont intu00e9gru00e9s, incluant une cantine bio et des projets de jardinage.\u00a0\u00bb}},{\u00ab\u00a0@type\u00a0\u00bb:\u00a0\u00bbQuestion\u00a0\u00bb,\u00a0\u00bbname\u00a0\u00bb:\u00a0\u00bbL&rsquo;u00e9cole Paul Bert favorise-t-elle les u00e9changes culturels?\u00a0\u00bb,\u00a0\u00bbacceptedAnswer\u00a0\u00bb:{\u00ab\u00a0@type\u00a0\u00bb:\u00a0\u00bbAnswer\u00a0\u00bb,\u00a0\u00bbtext\u00a0\u00bb:\u00a0\u00bbOui, des partenariats avec des u00e9coles internationales permettent des u00e9changes enrichissants pour les u00e9lu00e8ves.\u00a0\u00bb}},{\u00ab\u00a0@type\u00a0\u00bb:\u00a0\u00bbQuestion\u00a0\u00bb,\u00a0\u00bbname\u00a0\u00bb:\u00a0\u00bbComment le bien-u00eatre des u00e9lu00e8ves est-il pris en compte?\u00a0\u00bb,\u00a0\u00bbacceptedAnswer\u00a0\u00bb:{\u00ab\u00a0@type\u00a0\u00bb:\u00a0\u00bbAnswer\u00a0\u00bb,\u00a0\u00bbtext\u00a0\u00bb:\u00a0\u00bbDes ateliers de yoga, des activitu00e9s de pleine conscience et un suivi personnalisu00e9 sont mis en place pour assurer le bien-u00eatre des u00e9lu00e8ves.\u00a0\u00bb}}]}\n\n<h3>Quels types d&rsquo;activit\u00e9s sont propos\u00e9es \u00e0 l&rsquo;\u00e9cole Paul Bert?<\/h3>\n<p>L&rsquo;\u00e9cole propose des ateliers de cr\u00e9ativit\u00e9, de codage, de m\u00e9ditation, et des activit\u00e9s sportives vari\u00e9es pour le bien-\u00eatre des \u00e9l\u00e8ves.<\/p>\n<h3>Comment l&rsquo;\u00e9cole int\u00e8gre-t-elle le num\u00e9rique?<\/h3>\n<p>L&rsquo;\u00e9cole utilise des technologies modernes, favorisant un enseignement personnalis\u00e9 gr\u00e2ce \u00e0 des applications \u00e9ducatives et du mat\u00e9riel num\u00e9rique en classe.<\/p>\n<h3>Quelles sont les initiatives \u00e9cologiques pr\u00e9sentes \u00e0 l&rsquo;\u00e9cole?<\/h3>\n<p>Des programmes de sensibilisation \u00e0 l&rsquo;\u00e9cologie sont int\u00e9gr\u00e9s, incluant une cantine bio et des projets de jardinage.<\/p>\n<h3>L&rsquo;\u00e9cole Paul Bert favorise-t-elle les \u00e9changes culturels?<\/h3>\n<p>Oui, des partenariats avec des \u00e9coles internationales permettent des \u00e9changes enrichissants pour les \u00e9l\u00e8ves.<\/p>\n<h3>Comment le bien-\u00eatre des \u00e9l\u00e8ves est-il pris en compte?<\/h3>\n<p>Des ateliers de yoga, des activit\u00e9s de pleine conscience et un suivi personnalis\u00e9 sont mis en place pour assurer le bien-\u00eatre des \u00e9l\u00e8ves.<\/p>\n\n","protected":false},"excerpt":{"rendered":"<p>\u00c9voquer l&rsquo;\u00e9cole Paul Bert en 2025, c&rsquo;est plonger dans un univers o\u00f9 l&rsquo;innovation \u00e9ducative et l&rsquo;excellence scolaire se rencontrent. Cet \u00e9tablissement embl\u00e9matique, portant le nom d&rsquo;un des p\u00e8res fondateurs de l&rsquo;\u00e9cole la\u00efque, incarne \u00e0 merveille l&rsquo;esprit d&rsquo;une \u00e9ducation citoyenne int\u00e9grant des pratiques p\u00e9dagogiques modernes. Son histoire, bien que riche de traditions, \u00e9volue constamment pour s&rsquo;aligner &#8230; <a title=\"D\u00e9couverte de l&rsquo;\u00e9cole Paul Bert : un \u00e9tablissement d&rsquo;exception en 2025\" class=\"read-more\" href=\"https:\/\/www.apres-lecole.fr\/Blog\/ecole-paul-bert-2025\/\" aria-label=\"En savoir plus sur D\u00e9couverte de l&rsquo;\u00e9cole Paul Bert : un \u00e9tablissement d&rsquo;exception en 2025\">Lire plus<\/a><\/p>\n","protected":false},"author":7,"featured_media":2569,"comment_status":"open","ping_status":"open","sticky":false,"template":"","format":"standard","meta":{"footnotes":""},"categories":[342],"tags":[1638,1842,1357,1303,1000],"class_list":["post-2570","post","type-post","status-publish","format-standard","has-post-thumbnail","hentry","category-actualites","tag-decouverte-scolaire","tag-ecole-paul-bert","tag-education-2025","tag-etablissement-dexception","tag-systeme-educatif"],"yoast_head":"<!-- This site is optimized with the Yoast SEO plugin v27.5 - https:\/\/yoast.com\/product\/yoast-seo-wordpress\/ -->\n<title>Paul Bert 2025 : L\u2019\u00e9cole qui r\u00e9invente l\u2019excellence<\/title>\n<meta name=\"description\" content=\"D\u00e9couvrez l&#039;\u00e9cole Paul Bert, un \u00e9tablissement d&#039;exception en 2025 : excellence, innovation et \u00e9panouissement pour chaque \u00e9l\u00e8ve.\" \/>\n<meta name=\"robots\" content=\"index, follow, max-snippet:-1, max-image-preview:large, max-video-preview:-1\" \/>\n<link rel=\"canonical\" href=\"https:\/\/www.apres-lecole.fr\/Blog\/ecole-paul-bert-2025\/\" \/>\n<meta property=\"og:locale\" content=\"fr_FR\" \/>\n<meta property=\"og:type\" content=\"article\" \/>\n<meta property=\"og:title\" content=\"Paul Bert 2025 : L\u2019\u00e9cole qui r\u00e9invente l\u2019excellence\" \/>\n<meta property=\"og:description\" content=\"D\u00e9couvrez l&#039;\u00e9cole Paul Bert, un \u00e9tablissement d&#039;exception en 2025 : excellence, innovation et \u00e9panouissement pour chaque \u00e9l\u00e8ve.\" \/>\n<meta property=\"og:url\" content=\"https:\/\/www.apres-lecole.fr\/Blog\/ecole-paul-bert-2025\/\" \/>\n<meta property=\"article:published_time\" content=\"2025-10-21T06:41:05+00:00\" \/>\n<meta property=\"og:image\" content=\"https:\/\/www.apres-lecole.fr\/Blog\/wp-content\/uploads\/2025\/10\/Decouverte-de-lecole-Paul-Bert-un-etablissement-dexception-en-2025.jpg\" \/>\n\t<meta property=\"og:image:width\" content=\"1344\" \/>\n\t<meta property=\"og:image:height\" content=\"768\" \/>\n\t<meta property=\"og:image:type\" content=\"image\/jpeg\" \/>\n<meta name=\"twitter:card\" content=\"summary_large_image\" \/>\n<meta name=\"twitter:label1\" content=\"\u00c9crit par\" \/>\n\t<meta name=\"twitter:data1\" content=\"\" \/>\n\t<meta name=\"twitter:label2\" content=\"Dur\u00e9e de lecture estim\u00e9e\" \/>\n\t<meta name=\"twitter:data2\" content=\"8 minutes\" \/>\n<script type=\"application\/ld+json\" class=\"yoast-schema-graph\">{\"@context\":\"https:\\\/\\\/schema.org\",\"@graph\":[{\"@type\":\"Article\",\"@id\":\"https:\\\/\\\/www.apres-lecole.fr\\\/Blog\\\/ecole-paul-bert-2025\\\/#article\",\"isPartOf\":{\"@id\":\"https:\\\/\\\/www.apres-lecole.fr\\\/Blog\\\/ecole-paul-bert-2025\\\/\"},\"author\":{\"name\":\"\",\"@id\":\"\"},\"headline\":\"D\u00e9couverte de l&rsquo;\u00e9cole Paul Bert : un \u00e9tablissement d&rsquo;exception en 2025\",\"datePublished\":\"2025-10-21T06:41:05+00:00\",\"mainEntityOfPage\":{\"@id\":\"https:\\\/\\\/www.apres-lecole.fr\\\/Blog\\\/ecole-paul-bert-2025\\\/\"},\"wordCount\":1703,\"commentCount\":0,\"image\":{\"@id\":\"https:\\\/\\\/www.apres-lecole.fr\\\/Blog\\\/ecole-paul-bert-2025\\\/#primaryimage\"},\"thumbnailUrl\":\"https:\\\/\\\/www.apres-lecole.fr\\\/Blog\\\/wp-content\\\/uploads\\\/2025\\\/10\\\/Decouverte-de-lecole-Paul-Bert-un-etablissement-dexception-en-2025.jpg\",\"keywords\":[\"d\u00e9couverte scolaire\",\"\u00e9cole paul bert\",\"\u00e9ducation 2025\",\"\u00e9tablissement d'exception\",\"syst\u00e8me \u00e9ducatif\"],\"articleSection\":[\"Actualit\u00e9s\"],\"inLanguage\":\"fr-FR\",\"potentialAction\":[{\"@type\":\"CommentAction\",\"name\":\"Comment\",\"target\":[\"https:\\\/\\\/www.apres-lecole.fr\\\/Blog\\\/ecole-paul-bert-2025\\\/#respond\"]}]},{\"@type\":\"WebPage\",\"@id\":\"https:\\\/\\\/www.apres-lecole.fr\\\/Blog\\\/ecole-paul-bert-2025\\\/\",\"url\":\"https:\\\/\\\/www.apres-lecole.fr\\\/Blog\\\/ecole-paul-bert-2025\\\/\",\"name\":\"Paul Bert 2025 : L\u2019\u00e9cole qui r\u00e9invente l\u2019excellence\",\"isPartOf\":{\"@id\":\"https:\\\/\\\/www.apres-lecole.fr\\\/Blog\\\/#website\"},\"primaryImageOfPage\":{\"@id\":\"https:\\\/\\\/www.apres-lecole.fr\\\/Blog\\\/ecole-paul-bert-2025\\\/#primaryimage\"},\"image\":{\"@id\":\"https:\\\/\\\/www.apres-lecole.fr\\\/Blog\\\/ecole-paul-bert-2025\\\/#primaryimage\"},\"thumbnailUrl\":\"https:\\\/\\\/www.apres-lecole.fr\\\/Blog\\\/wp-content\\\/uploads\\\/2025\\\/10\\\/Decouverte-de-lecole-Paul-Bert-un-etablissement-dexception-en-2025.jpg\",\"datePublished\":\"2025-10-21T06:41:05+00:00\",\"author\":{\"@id\":\"\"},\"description\":\"D\u00e9couvrez l'\u00e9cole Paul Bert, un \u00e9tablissement d'exception en 2025 : excellence, innovation et \u00e9panouissement pour chaque \u00e9l\u00e8ve.\",\"breadcrumb\":{\"@id\":\"https:\\\/\\\/www.apres-lecole.fr\\\/Blog\\\/ecole-paul-bert-2025\\\/#breadcrumb\"},\"inLanguage\":\"fr-FR\",\"potentialAction\":[{\"@type\":\"ReadAction\",\"target\":[\"https:\\\/\\\/www.apres-lecole.fr\\\/Blog\\\/ecole-paul-bert-2025\\\/\"]}]},{\"@type\":\"ImageObject\",\"inLanguage\":\"fr-FR\",\"@id\":\"https:\\\/\\\/www.apres-lecole.fr\\\/Blog\\\/ecole-paul-bert-2025\\\/#primaryimage\",\"url\":\"https:\\\/\\\/www.apres-lecole.fr\\\/Blog\\\/wp-content\\\/uploads\\\/2025\\\/10\\\/Decouverte-de-lecole-Paul-Bert-un-etablissement-dexception-en-2025.jpg\",\"contentUrl\":\"https:\\\/\\\/www.apres-lecole.fr\\\/Blog\\\/wp-content\\\/uploads\\\/2025\\\/10\\\/Decouverte-de-lecole-Paul-Bert-un-etablissement-dexception-en-2025.jpg\",\"width\":1344,\"height\":768,\"caption\":\"partez \u00e0 la d\u00e9couverte de l'\u00e9cole paul bert, un \u00e9tablissement d'exception en 2025, reconnu pour la qualit\u00e9 de son enseignement et ses innovations p\u00e9dagogiques. informez-vous sur ses atouts et son cadre unique pour la r\u00e9ussite des \u00e9l\u00e8ves.\"},{\"@type\":\"BreadcrumbList\",\"@id\":\"https:\\\/\\\/www.apres-lecole.fr\\\/Blog\\\/ecole-paul-bert-2025\\\/#breadcrumb\",\"itemListElement\":[{\"@type\":\"ListItem\",\"position\":1,\"name\":\"Home\",\"item\":\"https:\\\/\\\/www.apres-lecole.fr\\\/Blog\\\/\"},{\"@type\":\"ListItem\",\"position\":2,\"name\":\"D\u00e9couverte de l&rsquo;\u00e9cole Paul Bert : un \u00e9tablissement d&rsquo;exception en 2025\"}]},{\"@type\":\"WebSite\",\"@id\":\"https:\\\/\\\/www.apres-lecole.fr\\\/Blog\\\/#website\",\"url\":\"https:\\\/\\\/www.apres-lecole.fr\\\/Blog\\\/\",\"name\":\"\",\"description\":\"M\u00e9dia g\u00e9n\u00e9raliste\",\"potentialAction\":[{\"@type\":\"SearchAction\",\"target\":{\"@type\":\"EntryPoint\",\"urlTemplate\":\"https:\\\/\\\/www.apres-lecole.fr\\\/Blog\\\/?s={search_term_string}\"},\"query-input\":{\"@type\":\"PropertyValueSpecification\",\"valueRequired\":true,\"valueName\":\"search_term_string\"}}],\"inLanguage\":\"fr-FR\"},{\"@type\":\"Person\",\"@id\":\"\",\"url\":\"https:\\\/\\\/www.apres-lecole.fr\\\/Blog\\\/author\\\/\"}]}<\/script>\n<!-- \/ Yoast SEO plugin. -->","yoast_head_json":{"title":"Paul Bert 2025 : L\u2019\u00e9cole qui r\u00e9invente l\u2019excellence","description":"D\u00e9couvrez l'\u00e9cole Paul Bert, un \u00e9tablissement d'exception en 2025 : excellence, innovation et \u00e9panouissement pour chaque \u00e9l\u00e8ve.","robots":{"index":"index","follow":"follow","max-snippet":"max-snippet:-1","max-image-preview":"max-image-preview:large","max-video-preview":"max-video-preview:-1"},"canonical":"https:\/\/www.apres-lecole.fr\/Blog\/ecole-paul-bert-2025\/","og_locale":"fr_FR","og_type":"article","og_title":"Paul Bert 2025 : L\u2019\u00e9cole qui r\u00e9invente l\u2019excellence","og_description":"D\u00e9couvrez l'\u00e9cole Paul Bert, un \u00e9tablissement d'exception en 2025 : excellence, innovation et \u00e9panouissement pour chaque \u00e9l\u00e8ve.","og_url":"https:\/\/www.apres-lecole.fr\/Blog\/ecole-paul-bert-2025\/","article_published_time":"2025-10-21T06:41:05+00:00","og_image":[{"width":1344,"height":768,"url":"https:\/\/www.apres-lecole.fr\/Blog\/wp-content\/uploads\/2025\/10\/Decouverte-de-lecole-Paul-Bert-un-etablissement-dexception-en-2025.jpg","type":"image\/jpeg"}],"twitter_card":"summary_large_image","twitter_misc":{"\u00c9crit par":"","Dur\u00e9e de lecture estim\u00e9e":"8 minutes"},"schema":{"@context":"https:\/\/schema.org","@graph":[{"@type":"Article","@id":"https:\/\/www.apres-lecole.fr\/Blog\/ecole-paul-bert-2025\/#article","isPartOf":{"@id":"https:\/\/www.apres-lecole.fr\/Blog\/ecole-paul-bert-2025\/"},"author":{"name":"","@id":""},"headline":"D\u00e9couverte de l&rsquo;\u00e9cole Paul Bert : un \u00e9tablissement d&rsquo;exception en 2025","datePublished":"2025-10-21T06:41:05+00:00","mainEntityOfPage":{"@id":"https:\/\/www.apres-lecole.fr\/Blog\/ecole-paul-bert-2025\/"},"wordCount":1703,"commentCount":0,"image":{"@id":"https:\/\/www.apres-lecole.fr\/Blog\/ecole-paul-bert-2025\/#primaryimage"},"thumbnailUrl":"https:\/\/www.apres-lecole.fr\/Blog\/wp-content\/uploads\/2025\/10\/Decouverte-de-lecole-Paul-Bert-un-etablissement-dexception-en-2025.jpg","keywords":["d\u00e9couverte scolaire","\u00e9cole paul bert","\u00e9ducation 2025","\u00e9tablissement d'exception","syst\u00e8me \u00e9ducatif"],"articleSection":["Actualit\u00e9s"],"inLanguage":"fr-FR","potentialAction":[{"@type":"CommentAction","name":"Comment","target":["https:\/\/www.apres-lecole.fr\/Blog\/ecole-paul-bert-2025\/#respond"]}]},{"@type":"WebPage","@id":"https:\/\/www.apres-lecole.fr\/Blog\/ecole-paul-bert-2025\/","url":"https:\/\/www.apres-lecole.fr\/Blog\/ecole-paul-bert-2025\/","name":"Paul Bert 2025 : L\u2019\u00e9cole qui r\u00e9invente l\u2019excellence","isPartOf":{"@id":"https:\/\/www.apres-lecole.fr\/Blog\/#website"},"primaryImageOfPage":{"@id":"https:\/\/www.apres-lecole.fr\/Blog\/ecole-paul-bert-2025\/#primaryimage"},"image":{"@id":"https:\/\/www.apres-lecole.fr\/Blog\/ecole-paul-bert-2025\/#primaryimage"},"thumbnailUrl":"https:\/\/www.apres-lecole.fr\/Blog\/wp-content\/uploads\/2025\/10\/Decouverte-de-lecole-Paul-Bert-un-etablissement-dexception-en-2025.jpg","datePublished":"2025-10-21T06:41:05+00:00","author":{"@id":""},"description":"D\u00e9couvrez l'\u00e9cole Paul Bert, un \u00e9tablissement d'exception en 2025 : excellence, innovation et \u00e9panouissement pour chaque \u00e9l\u00e8ve.","breadcrumb":{"@id":"https:\/\/www.apres-lecole.fr\/Blog\/ecole-paul-bert-2025\/#breadcrumb"},"inLanguage":"fr-FR","potentialAction":[{"@type":"ReadAction","target":["https:\/\/www.apres-lecole.fr\/Blog\/ecole-paul-bert-2025\/"]}]},{"@type":"ImageObject","inLanguage":"fr-FR","@id":"https:\/\/www.apres-lecole.fr\/Blog\/ecole-paul-bert-2025\/#primaryimage","url":"https:\/\/www.apres-lecole.fr\/Blog\/wp-content\/uploads\/2025\/10\/Decouverte-de-lecole-Paul-Bert-un-etablissement-dexception-en-2025.jpg","contentUrl":"https:\/\/www.apres-lecole.fr\/Blog\/wp-content\/uploads\/2025\/10\/Decouverte-de-lecole-Paul-Bert-un-etablissement-dexception-en-2025.jpg","width":1344,"height":768,"caption":"partez \u00e0 la d\u00e9couverte de l'\u00e9cole paul bert, un \u00e9tablissement d'exception en 2025, reconnu pour la qualit\u00e9 de son enseignement et ses innovations p\u00e9dagogiques. informez-vous sur ses atouts et son cadre unique pour la r\u00e9ussite des \u00e9l\u00e8ves."},{"@type":"BreadcrumbList","@id":"https:\/\/www.apres-lecole.fr\/Blog\/ecole-paul-bert-2025\/#breadcrumb","itemListElement":[{"@type":"ListItem","position":1,"name":"Home","item":"https:\/\/www.apres-lecole.fr\/Blog\/"},{"@type":"ListItem","position":2,"name":"D\u00e9couverte de l&rsquo;\u00e9cole Paul Bert : un \u00e9tablissement d&rsquo;exception en 2025"}]},{"@type":"WebSite","@id":"https:\/\/www.apres-lecole.fr\/Blog\/#website","url":"https:\/\/www.apres-lecole.fr\/Blog\/","name":"","description":"M\u00e9dia g\u00e9n\u00e9raliste","potentialAction":[{"@type":"SearchAction","target":{"@type":"EntryPoint","urlTemplate":"https:\/\/www.apres-lecole.fr\/Blog\/?s={search_term_string}"},"query-input":{"@type":"PropertyValueSpecification","valueRequired":true,"valueName":"search_term_string"}}],"inLanguage":"fr-FR"},{"@type":"Person","@id":"","url":"https:\/\/www.apres-lecole.fr\/Blog\/author\/"}]}},"views":367,"_links":{"self":[{"href":"https:\/\/www.apres-lecole.fr\/Blog\/wp-json\/wp\/v2\/posts\/2570","targetHints":{"allow":["GET"]}}],"collection":[{"href":"https:\/\/www.apres-lecole.fr\/Blog\/wp-json\/wp\/v2\/posts"}],"about":[{"href":"https:\/\/www.apres-lecole.fr\/Blog\/wp-json\/wp\/v2\/types\/post"}],"author":[{"embeddable":true,"href":"https:\/\/www.apres-lecole.fr\/Blog\/wp-json\/wp\/v2\/users\/7"}],"replies":[{"embeddable":true,"href":"https:\/\/www.apres-lecole.fr\/Blog\/wp-json\/wp\/v2\/comments?post=2570"}],"version-history":[{"count":0,"href":"https:\/\/www.apres-lecole.fr\/Blog\/wp-json\/wp\/v2\/posts\/2570\/revisions"}],"wp:featuredmedia":[{"embeddable":true,"href":"https:\/\/www.apres-lecole.fr\/Blog\/wp-json\/wp\/v2\/media\/2569"}],"wp:attachment":[{"href":"https:\/\/www.apres-lecole.fr\/Blog\/wp-json\/wp\/v2\/media?parent=2570"}],"wp:term":[{"taxonomy":"category","embeddable":true,"href":"https:\/\/www.apres-lecole.fr\/Blog\/wp-json\/wp\/v2\/categories?post=2570"},{"taxonomy":"post_tag","embeddable":true,"href":"https:\/\/www.apres-lecole.fr\/Blog\/wp-json\/wp\/v2\/tags?post=2570"}],"curies":[{"name":"wp","href":"https:\/\/api.w.org\/{rel}","templated":true}]}}