{"id":2565,"date":"2025-10-20T07:11:24","date_gmt":"2025-10-20T07:11:24","guid":{"rendered":"https:\/\/www.apres-lecole.fr\/Blog\/dimanche-politique-virginie-martin\/"},"modified":"2025-10-20T07:11:24","modified_gmt":"2025-10-20T07:11:24","slug":"dimanche-politique-virginie-martin","status":"publish","type":"post","link":"https:\/\/www.apres-lecole.fr\/Blog\/dimanche-politique-virginie-martin\/","title":{"rendered":"Dimanche politique : Entretien avec Virginie Martin, expert en sciences politiques et enseignante-chercheuse \u00e0 Kedge Business School"},"content":{"rendered":"\n\n<div class=\"kk-star-ratings kksr-auto kksr-align-left kksr-valign-top\"\n    data-payload='{&quot;align&quot;:&quot;left&quot;,&quot;id&quot;:&quot;2565&quot;,&quot;slug&quot;:&quot;default&quot;,&quot;valign&quot;:&quot;top&quot;,&quot;ignore&quot;:&quot;&quot;,&quot;reference&quot;:&quot;auto&quot;,&quot;class&quot;:&quot;&quot;,&quot;count&quot;:&quot;0&quot;,&quot;legendonly&quot;:&quot;&quot;,&quot;readonly&quot;:&quot;&quot;,&quot;score&quot;:&quot;0&quot;,&quot;starsonly&quot;:&quot;&quot;,&quot;best&quot;:&quot;5&quot;,&quot;gap&quot;:&quot;5&quot;,&quot;greet&quot;:&quot;Rate this post&quot;,&quot;legend&quot;:&quot;0\\\/5 - (0 vote)&quot;,&quot;size&quot;:&quot;24&quot;,&quot;title&quot;:&quot;Dimanche politique : Entretien avec Virginie Martin, expert en sciences politiques et enseignante-chercheuse \u00e0 Kedge Business School&quot;,&quot;width&quot;:&quot;0&quot;,&quot;_legend&quot;:&quot;{score}\\\/{best} - ({count} {votes})&quot;,&quot;font_factor&quot;:&quot;1.25&quot;}'>\n            \n<div class=\"kksr-stars\">\n    \n<div class=\"kksr-stars-inactive\">\n            <div class=\"kksr-star\" data-star=\"1\" style=\"padding-right: 5px\">\n            \n\n<div class=\"kksr-icon\" style=\"width: 24px; height: 24px;\"><\/div>\n        <\/div>\n            <div class=\"kksr-star\" data-star=\"2\" style=\"padding-right: 5px\">\n            \n\n<div class=\"kksr-icon\" style=\"width: 24px; height: 24px;\"><\/div>\n        <\/div>\n            <div class=\"kksr-star\" data-star=\"3\" style=\"padding-right: 5px\">\n            \n\n<div class=\"kksr-icon\" style=\"width: 24px; height: 24px;\"><\/div>\n        <\/div>\n            <div class=\"kksr-star\" data-star=\"4\" style=\"padding-right: 5px\">\n            \n\n<div class=\"kksr-icon\" style=\"width: 24px; height: 24px;\"><\/div>\n        <\/div>\n            <div class=\"kksr-star\" data-star=\"5\" style=\"padding-right: 5px\">\n            \n\n<div class=\"kksr-icon\" style=\"width: 24px; height: 24px;\"><\/div>\n        <\/div>\n    <\/div>\n    \n<div class=\"kksr-stars-active\" style=\"width: 0px;\">\n            <div class=\"kksr-star\" style=\"padding-right: 5px\">\n            \n\n<div class=\"kksr-icon\" style=\"width: 24px; height: 24px;\"><\/div>\n        <\/div>\n            <div class=\"kksr-star\" style=\"padding-right: 5px\">\n            \n\n<div class=\"kksr-icon\" style=\"width: 24px; height: 24px;\"><\/div>\n        <\/div>\n            <div class=\"kksr-star\" style=\"padding-right: 5px\">\n            \n\n<div class=\"kksr-icon\" style=\"width: 24px; height: 24px;\"><\/div>\n        <\/div>\n            <div class=\"kksr-star\" style=\"padding-right: 5px\">\n            \n\n<div class=\"kksr-icon\" style=\"width: 24px; height: 24px;\"><\/div>\n        <\/div>\n            <div class=\"kksr-star\" style=\"padding-right: 5px\">\n            \n\n<div class=\"kksr-icon\" style=\"width: 24px; height: 24px;\"><\/div>\n        <\/div>\n    <\/div>\n<\/div>\n                \n\n<div class=\"kksr-legend\" style=\"font-size: 19.2px;\">\n            <span class=\"kksr-muted\">Rate this post<\/span>\n    <\/div>\n    <\/div>\n<p>\u00c0 chaque dimanche, alors que la semaine s&rsquo;ach\u00e8ve, le besoin de comprendre et de d\u00e9coder les enjeux politiques qui nous entourent se fait pressant. C&rsquo;est pourquoi <strong>Dimanche politique<\/strong> se positionne comme un rendez-vous incontournable, o\u00f9 se m\u00ealent lucidit\u00e9 et analyse. En cette occasion, un entretien captivant avec <strong>Virginie Martin<\/strong>, expert en <strong>sciences politiques<\/strong> et enseignante-chercheuse \u00e0 <strong>Kedge Business School<\/strong>, nous \u00e9claire sur les d\u00e9fis actuels de notre d\u00e9mocratie. Cette conversation enrichissante nous plonge au c\u0153ur de l&rsquo;actualit\u00e9 politique, explorant les subtilit\u00e9s et les tensions qui fa\u00e7onnent le paysage fran\u00e7ais contemporain. Avec son exp\u00e9rience universitaire et sa passion pour l\u2019enseignement, Virginie n&rsquo;h\u00e9site pas \u00e0 partager son point de vue critique sur les \u00e9v\u00e9nements r\u00e9cents et \u00e0 poser des questions importantes sur le r\u00f4le de l&rsquo;engagement citoyen.<\/p>\n\n<h2 class=\"wp-block-heading\">L&rsquo;importance des sciences politiques dans le monde moderne<\/h2>\n\n<p>Les <strong>sciences politiques<\/strong>, en tant que discipline acad\u00e9mique, jouent un r\u00f4le fondamental dans la compr\u00e9hension des structures sociales et des dynamiques de pouvoir. Chaque analyse offre une cl\u00e9 pour saisir les enjeux contemporains : des \u00e9lections aux d\u00e9cisions politiques, chaque \u00e9l\u00e9ment est en interaction. L\u2019expertise de <strong>Virginie Martin<\/strong> s&rsquo;\u00e9tend sur divers aspects, notamment la d\u00e9mocratie, la repr\u00e9sentation politique, et l&rsquo;engagement des citoyens. En ce sens, cette branche des sciences sociales s&rsquo;av\u00e8re indispensable, pas seulement pour les universitaires, mais \u00e9galement pour chaque citoyen d\u00e9sireux de s&rsquo;informer et de s&rsquo;impliquer.<\/p>\n\n<h3 class=\"wp-block-heading\">D\u00e9finition et enjeux des sciences politiques<\/h3>\n\n<p>Les <strong>sciences politiques<\/strong> cherchent \u00e0 comprendre comment le pouvoir est distribu\u00e9, exerc\u00e9 et contest\u00e9. Cette optique implique non seulement l\u2019\u00e9tude des institutions \u00e9tatiques, mais aussi la dynamique des mouvements sociaux et des partis politiques. En discutant avec Virginie, on comprend que l&rsquo;actualit\u00e9 politique s&rsquo;articule souvent autour de quatre grands axes :<\/p>\n\n<ul class=\"wp-block-list\"><li>La <strong>d\u00e9mocratie<\/strong> : Comment assurer une repr\u00e9sentation fid\u00e8le des citoyens ? \ud83d\uddf3\ufe0f<\/li><li>Les <strong>droits civiques<\/strong> : Quelles sont les implications de leur respect ou de leur violation ? \u2696\ufe0f<\/li><li>Les <strong>politismes<\/strong> : Comment les id\u00e9ologies influencent-elles la prise de d\u00e9cision ? \ud83d\udcac<\/li><li>Le <strong>gouvernement mondial<\/strong> : Quelles sont les interactions entre les pays dans la gestion de crises globales ? \ud83c\udf0d<\/li><\/ul>\n\n<p>Chacun de ces enjeux est essentiel pour dresser un tableau pr\u00e9cis de la situation politique actuelle. En se basant sur ces th\u00e8mes, <strong>Virginie Martin<\/strong> propose une approche critique, tout en int\u00e9grant des \u00e9l\u00e9ments de recherche acad\u00e9mique, qu&rsquo;elle applique dans ses cours \u00e0 <strong>Kedge Business School<\/strong>. Ainsi, elle incarne le r\u00f4le d&rsquo;une p\u00e9dagogue engag\u00e9e qui ne se contente pas de transmettre des connaissances, mais encourage \u00e9galement ses \u00e9tudiants \u00e0 r\u00e9fl\u00e9chir activement sur le monde qui les entoure.<\/p>\n\n<figure class=\"wp-block-table\"><table>\n<thead>\n<tr>\n<th>Axe d&rsquo;Analyse<\/th>\n<th>Questions Cl\u00e9s<\/th>\n<\/tr>\n<\/thead>\n<tbody>\n<tr>\n<td>D\u00e9mocratie<\/td>\n<td>Comment am\u00e9liorer la participation \u00e9lectorale des jeunes ?<\/td>\n<\/tr>\n<tr>\n<td>Droits Civiques<\/td>\n<td>Quels groupes sont les plus vuln\u00e9rables aux violations ?<\/td>\n<\/tr>\n<tr>\n<td>Politismes<\/td>\n<td>Comment les id\u00e9ologies de droite et de gauche fa\u00e7onnent-elles les politiques publiques ?<\/td>\n<\/tr>\n<tr>\n<td>Gouvernement Mondial<\/td>\n<td>Le multilat\u00e9ralisme est-il en d\u00e9clin ?<\/td>\n<\/tr>\n<\/tbody>\n<\/table><\/figure>\n\n<h2 class=\"wp-block-heading\">Virginie Martin : Parcours et contributions<\/h2>\n\n<p>Le parcours de <strong>Virginie Martin<\/strong> est marquant. Dipl\u00f4m\u00e9e de Sciences Po Paris, elle a su s&rsquo;imposer comme l&rsquo;une des voix influentes dans le domaine des <strong>sciences politiques<\/strong>. Son exp\u00e9rience lui a permis de naviguer \u00e0 travers des sujets complexes, abordant les d\u00e9fis contemporains avec un regard unique, toujours ancr\u00e9 dans une recherche approfondie. <strong>Kedge Business School<\/strong>, o\u00f9 elle enseigne, est un cadre id\u00e9al pour elle afin de conjuguer pratique et th\u00e9orie. Son approche sert de pont entre les r\u00e9alit\u00e9s acad\u00e9miques et les attentes soci\u00e9tales.<\/p>\n\n<h3 class=\"wp-block-heading\">Un enseignement engag\u00e9<\/h3>\n\n<p>L\u2019enseignement dispens\u00e9 par Virginie repose sur un socle de r\u00e9flexions adapt\u00e9es aux enjeux contemporains. Que ce soit \u00e0 travers ses recherches ou ses cours, trois th\u00e8mes principaux se d\u00e9gagent :<\/p>\n\n<ul class=\"wp-block-list\"><li><strong>D\u00e9mocratie et Participation<\/strong> : Comment susciter un v\u00e9ritable engagement des citoyens ? \u2714\ufe0f<\/li><li><strong>Radicalisation et Politique<\/strong> : Quelles sont les causes sous-jacentes de cette tendance dans certaines soci\u00e9t\u00e9s ? \ud83d\udd0d<\/li><li><strong>Innovations en Sciences Politiques<\/strong> : Comment les nouvelles technologies et le num\u00e9rique transforment-ils le d\u00e9bat politique ? \ud83d\udcbb<\/li><\/ul>\n\n<p>Ces axes r\u00e9sonnent fortement aujourd&rsquo;hui. Dans un monde o\u00f9 l&rsquo;information est omnipr\u00e9sente, le travail de Virginie invite \u00e0 la r\u00e9flexion critique. Les \u00e9tudiants, au contact de ses id\u00e9es, apprennent \u00e0 questionner tout autant les discours politiques que les structures sous-jacentes qui les alimentent.<\/p>\n\n<figure class=\"wp-block-table\"><table>\n<thead>\n<tr>\n<th>Titre de Cours<\/th>\n<th>Th\u00e8mes Abord\u00e9s<\/th>\n<th>Impact sur les \u00c9tudiants<\/th>\n<\/tr>\n<\/thead>\n<tbody>\n<tr>\n<td>Participer \u00e0 la D\u00e9mocratie<\/td>\n<td>D\u00e9mocratie, Activisme<\/td>\n<td>Engagement citoyen accru<\/td>\n<\/tr>\n<tr>\n<td>Radicalisations Contemporaines<\/td>\n<td>Causes et Cons\u00e9quences<\/td>\n<td>Meilleure compr\u00e9hension des enjeux sociaux<\/td>\n<\/tr>\n<tr>\n<td>Donn\u00e9es et Politique<\/td>\n<td>Big Data et \u00c9lections<\/td>\n<td>Esprit critique sur le traitement de l&rsquo;information<\/td>\n<\/tr>\n<\/tbody>\n<\/table><\/figure>\n\n<h2 class=\"wp-block-heading\">Le d\u00e9bat politique face \u00e0 l&rsquo;actualit\u00e9<\/h2>\n\n<p>Le d\u00e9bat politique en France, comme ailleurs, est souvent teint\u00e9 d&rsquo;\u00e9motions fortes, de clivages et de rivalit\u00e9s. Ce climat n&rsquo;est pas nouveau, mais son intensit\u00e9 semble croissante. L&rsquo;actualit\u00e9 politique, avec ses rebondissements, est le terrain de jeu privil\u00e9gi\u00e9 pour les analyses de <strong>Virginie Martin<\/strong>. Lors de la derni\u00e8re session de <strong>Dimanche politique<\/strong>, elle a \u00e9t\u00e9 invit\u00e9e \u00e0 commenter les derniers \u00e9v\u00e9nements marquants, notamment ceux qui touchent \u00e0 la gouvernance et \u00e0 la repr\u00e9sentation des citoyens.<\/p>\n\n<h3 class=\"wp-block-heading\">Analyse des derni\u00e8res \u00e9lections<\/h3>\n\n<p>Les derni\u00e8res \u00e9lections ont r\u00e9v\u00e9l\u00e9 des tendances inqui\u00e9tantes, mais \u00e9galement des espoirs. L\u2019\u00e9tude des r\u00e9sultats, des comportements \u00e9lectoraux et des intentions de vote permet d&rsquo;esquisser des sc\u00e9narios possibles pour l&rsquo;avenir. Les enseignements cl\u00e9s de <strong>Virginie Martin<\/strong> montrent que :<\/p>\n\n<ul class=\"wp-block-list\"><li>\ud83d\udcc8 L\u2019abstention reste un probl\u00e8me majeur.<\/li><li>\ud83d\uddf3\ufe0f Les enjeux environnementaux dominent les pr\u00e9occupations des jeunes \u00e9lecteurs.<\/li><li>\ud83d\udc65 La polarisation des opinions s&rsquo;intensifie, rendant difficile la formation de consensus.<\/li><\/ul>\n\n<p>Analyser ces \u00e9l\u00e9ments dans le cadre du d\u00e9bat politique permet de mieux appr\u00e9hender les attentes des citoyens. C&rsquo;est l\u00e0 que l&rsquo;expertise de Virginie se r\u00e9v\u00e8le essentielle ; elle d\u00e9chiffre pour le grand public les implications de ces tendances tout en appelant \u00e0 un engagement renouvel\u00e9.<\/p>\n\n<figure class=\"wp-block-table\"><table>\n<thead>\n<tr>\n<th>\u00c9v\u00e9nement<\/th>\n<th>Cons\u00e9quences \u00c9tablies<\/th>\n<th>Suggestions pour l&rsquo;Avenir<\/th>\n<\/tr>\n<\/thead>\n<tbody>\n<tr>\n<td>\u00c9lections de 2025<\/td>\n<td>Augmentation de l&rsquo;abstention<\/td>\n<td>Initier des programmes de sensibilisation aupr\u00e8s des jeunes<\/td>\n<\/tr>\n<tr>\n<td>Crise environnementale<\/td>\n<td>Pouss\u00e9e de l\u2019\u00e9cologie politique<\/td>\n<td>Augmenter le financement des initiatives vertes<\/td>\n<\/tr>\n<tr>\n<td>Discours de haine en augmentation<\/td>\n<td>Polarisation accrue des opinions<\/td>\n<td>Promouvoir des initiatives de dialogue interculturel<\/td>\n<\/tr>\n<\/tbody>\n<\/table><\/figure>\n\n<h2 class=\"wp-block-heading\">Recherche acad\u00e9mique et enjeux \u00e9thiques<\/h2>\n\n<p>La recherche acad\u00e9mique, en particulier dans le domaine des <strong>sciences politiques<\/strong>, est une entreprise complexe. Elle doit naviguer entre l&rsquo;objectivit\u00e9 et l&rsquo;engagement personnel. <strong>Virginie Martin<\/strong> souligne souvent l&rsquo;importance d&rsquo;une recherche rigoureuse, mais aussi l&rsquo;exigence \u00e9thique qui en d\u00e9coule. Les chercheurs doivent \u00eatre conscients de leur impact sur la soci\u00e9t\u00e9 et prot\u00e9ger l&rsquo;int\u00e9grit\u00e9 des donn\u00e9es.<\/p>\n\n<h3 class=\"wp-block-heading\">The futures of political science<\/h3>\n\n<p>La recherche en <strong>sciences politiques<\/strong> \u00e9volue rapidement, en particulier \u00e0 l&rsquo;\u00e8re num\u00e9rique. Que ce soit par le biais de l&rsquo;analyse de Big Data ou des \u00e9tudes qualitatives, les m\u00e9thodes sont aussi vari\u00e9es que les th\u00e8mes abord\u00e9s. Les d\u00e9fis futurs pour les chercheurs comme Virginie incluent :<\/p>\n\n<ul class=\"wp-block-list\"><li>\ud83d\udd0d G\u00e9rer la d\u00e9sinformation et renforcer la v\u00e9racit\u00e9 des sources.<\/li><li>\ud83d\udcca Utiliser des algorithmes pour analyser le comportement \u00e9lectoral sans biaiser les r\u00e9sultats.<\/li><li>\ud83c\udf10 Collaborer \u00e0 l&rsquo;\u00e9chelle internationale pour partager des connaissances et des r\u00e9sultats.<\/li><\/ul>\n\n<p>Cette perspective met en \u00e9vidence la responsabilit\u00e9 des chercheurs dans la narration des histoires politiques d&rsquo;aujourd&rsquo;hui. Une position que Virginie adopte pleinement dans ses projets de recherche, encourageant ses \u00e9tudiants \u00e0 se questionner continuellement sur les implications des donn\u00e9es et de leur analyse.<\/p>\n\n<figure class=\"wp-block-table\"><table>\n<thead>\n<tr>\n<th>Domaine de Recherche<\/th>\n<th>Pr\u00e9occupations \u00c9thiques<\/th>\n<\/tr>\n<\/thead>\n<tbody>\n<tr>\n<td>Big Data et \u00c9lections<\/td>\n<td>Protection des donn\u00e9es personnelles<\/td>\n<\/tr>\n<tr>\n<td>Politique \u00c9trang\u00e8re<\/td>\n<td>Biais culturel dans l&rsquo;interpr\u00e9tation des r\u00e9sultats<\/td>\n<\/tr>\n<tr>\n<td>M\u00e9dias et Politique<\/td>\n<td>R\u00e9flexion sur l&rsquo;objectivit\u00e9 du reportage<\/td>\n<\/tr>\n<\/tbody>\n<\/table><\/figure>\n\n\n{\u00ab\u00a0@context\u00a0\u00bb:\u00a0\u00bbhttps:\/\/schema.org\u00a0\u00bb,\u00a0\u00bb@type\u00a0\u00bb:\u00a0\u00bbFAQPage\u00a0\u00bb,\u00a0\u00bbmainEntity\u00a0\u00bb:[{\u00ab\u00a0@type\u00a0\u00bb:\u00a0\u00bbQuestion\u00a0\u00bb,\u00a0\u00bbname\u00a0\u00bb:\u00a0\u00bbQu&rsquo;est-ce que le Dimanche politique ?\u00a0\u00bb,\u00a0\u00bbacceptedAnswer\u00a0\u00bb:{\u00ab\u00a0@type\u00a0\u00bb:\u00a0\u00bbAnswer\u00a0\u00bb,\u00a0\u00bbtext\u00a0\u00bb:\u00a0\u00bbDimanche politique est un rendez-vous hebdomadaire qui propose de prendre du recul sur les ru00e9cents u00e9vu00e9nements politiques en France avec des experts.\u00a0\u00bb}},{\u00ab\u00a0@type\u00a0\u00bb:\u00a0\u00bbQuestion\u00a0\u00bb,\u00a0\u00bbname\u00a0\u00bb:\u00a0\u00bbQui est Virginie Martin ?\u00a0\u00bb,\u00a0\u00bbacceptedAnswer\u00a0\u00bb:{\u00ab\u00a0@type\u00a0\u00bb:\u00a0\u00bbAnswer\u00a0\u00bb,\u00a0\u00bbtext\u00a0\u00bb:\u00a0\u00bbVirginie Martin est une politologue franu00e7aise, enseignante-chercheuse u00e0 Kedge Business School, spu00e9cialisu00e9e en sciences politiques.\u00a0\u00bb}},{\u00ab\u00a0@type\u00a0\u00bb:\u00a0\u00bbQuestion\u00a0\u00bb,\u00a0\u00bbname\u00a0\u00bb:\u00a0\u00bbPourquoi les sciences politiques sont-elles importantes ?\u00a0\u00bb,\u00a0\u00bbacceptedAnswer\u00a0\u00bb:{\u00ab\u00a0@type\u00a0\u00bb:\u00a0\u00bbAnswer\u00a0\u00bb,\u00a0\u00bbtext\u00a0\u00bb:\u00a0\u00bbLes sciences politiques aident u00e0 comprendre les structures de pouvoir, les systu00e8mes de du00e9mocratie et les enjeux sociu00e9taux qui en du00e9coulent.\u00a0\u00bb}},{\u00ab\u00a0@type\u00a0\u00bb:\u00a0\u00bbQuestion\u00a0\u00bb,\u00a0\u00bbname\u00a0\u00bb:\u00a0\u00bbQuel est le ru00f4le de la recherche acadu00e9mique en sciences politiques ?\u00a0\u00bb,\u00a0\u00bbacceptedAnswer\u00a0\u00bb:{\u00ab\u00a0@type\u00a0\u00bb:\u00a0\u00bbAnswer\u00a0\u00bb,\u00a0\u00bbtext\u00a0\u00bb:\u00a0\u00bbLa recherche en sciences politiques u00e9claire les dynamiques de pouvoir, permet d&rsquo;analyser les phu00e9nomu00e8nes sociaux et contribue aux du00e9bats publics.\u00a0\u00bb}},{\u00ab\u00a0@type\u00a0\u00bb:\u00a0\u00bbQuestion\u00a0\u00bb,\u00a0\u00bbname\u00a0\u00bb:\u00a0\u00bbComment Virginie Martin contribue-t-elle aux du00e9bats politiques ?\u00a0\u00bb,\u00a0\u00bbacceptedAnswer\u00a0\u00bb:{\u00ab\u00a0@type\u00a0\u00bb:\u00a0\u00bbAnswer\u00a0\u00bb,\u00a0\u00bbtext\u00a0\u00bb:\u00a0\u00bbElle apporte des analyses et des ru00e9flexions critiques sur l&rsquo;actualitu00e9 politique franu00e7aise, en s&rsquo;appuyant sur ses recherches et son enseignement.\u00a0\u00bb}}]}\n\n<h3>Qu&rsquo;est-ce que le Dimanche politique ?<\/h3>\n<p>Dimanche politique est un rendez-vous hebdomadaire qui propose de prendre du recul sur les r\u00e9cents \u00e9v\u00e9nements politiques en France avec des experts.<\/p>\n<h3>Qui est Virginie Martin ?<\/h3>\n<p>Virginie Martin est une politologue fran\u00e7aise, enseignante-chercheuse \u00e0 Kedge Business School, sp\u00e9cialis\u00e9e en sciences politiques.<\/p>\n<h3>Pourquoi les sciences politiques sont-elles importantes ?<\/h3>\n<p>Les sciences politiques aident \u00e0 comprendre les structures de pouvoir, les syst\u00e8mes de d\u00e9mocratie et les enjeux soci\u00e9taux qui en d\u00e9coulent.<\/p>\n<h3>Quel est le r\u00f4le de la recherche acad\u00e9mique en sciences politiques ?<\/h3>\n<p>La recherche en sciences politiques \u00e9claire les dynamiques de pouvoir, permet d&rsquo;analyser les ph\u00e9nom\u00e8nes sociaux et contribue aux d\u00e9bats publics.<\/p>\n<h3>Comment Virginie Martin contribue-t-elle aux d\u00e9bats politiques ?<\/h3>\n<p>Elle apporte des analyses et des r\u00e9flexions critiques sur l&rsquo;actualit\u00e9 politique fran\u00e7aise, en s&rsquo;appuyant sur ses recherches et son enseignement.<\/p>\n\n","protected":false},"excerpt":{"rendered":"<p>\u00c0 chaque dimanche, alors que la semaine s&rsquo;ach\u00e8ve, le besoin de comprendre et de d\u00e9coder les enjeux politiques qui nous entourent se fait pressant. C&rsquo;est pourquoi Dimanche politique se positionne comme un rendez-vous incontournable, o\u00f9 se m\u00ealent lucidit\u00e9 et analyse. En cette occasion, un entretien captivant avec Virginie Martin, expert en sciences politiques et enseignante-chercheuse &#8230; <a title=\"Dimanche politique : Entretien avec Virginie Martin, expert en sciences politiques et enseignante-chercheuse \u00e0 Kedge Business School\" class=\"read-more\" href=\"https:\/\/www.apres-lecole.fr\/Blog\/dimanche-politique-virginie-martin\/\" aria-label=\"En savoir plus sur Dimanche politique : Entretien avec Virginie Martin, expert en sciences politiques et enseignante-chercheuse \u00e0 Kedge Business School\">Lire plus<\/a><\/p>\n","protected":false},"author":7,"featured_media":2564,"comment_status":"open","ping_status":"open","sticky":false,"template":"","format":"standard","meta":{"footnotes":""},"categories":[342],"tags":[1839,927,1795,1841,1840],"class_list":["post-2565","post","type-post","status-publish","format-standard","has-post-thumbnail","hentry","category-actualites","tag-dimanche-politique","tag-enseignement-superieur","tag-kedge-business-school","tag-sciences-politiques","tag-virginie-martin"],"yoast_head":"<!-- This site is optimized with the Yoast SEO plugin v27.5 - https:\/\/yoast.com\/product\/yoast-seo-wordpress\/ -->\n<title>Virginie Martin : Regards crois\u00e9s sur la politique du dimanche<\/title>\n<meta name=\"description\" content=\"Entretien exclusif avec Virginie Martin, experte en sciences politiques \u00e0 Kedge, dans Dimanche politique. Analyse et regards sur l\u2019actualit\u00e9.\" \/>\n<meta name=\"robots\" content=\"index, follow, max-snippet:-1, max-image-preview:large, max-video-preview:-1\" \/>\n<link rel=\"canonical\" href=\"https:\/\/www.apres-lecole.fr\/Blog\/dimanche-politique-virginie-martin\/\" \/>\n<meta property=\"og:locale\" content=\"fr_FR\" \/>\n<meta property=\"og:type\" content=\"article\" \/>\n<meta property=\"og:title\" content=\"Virginie Martin : Regards crois\u00e9s sur la politique du dimanche\" \/>\n<meta property=\"og:description\" content=\"Entretien exclusif avec Virginie Martin, experte en sciences politiques \u00e0 Kedge, dans Dimanche politique. Analyse et regards sur l\u2019actualit\u00e9.\" \/>\n<meta property=\"og:url\" content=\"https:\/\/www.apres-lecole.fr\/Blog\/dimanche-politique-virginie-martin\/\" \/>\n<meta property=\"article:published_time\" content=\"2025-10-20T07:11:24+00:00\" \/>\n<meta property=\"og:image\" content=\"https:\/\/www.apres-lecole.fr\/Blog\/wp-content\/uploads\/2025\/10\/Dimanche-politique-Entretien-avec-Virginie-Martin-expert-en-sciences-politiques-et-enseignante-chercheuse-a-Kedge-Business-School.jpg\" \/>\n\t<meta property=\"og:image:width\" content=\"1344\" \/>\n\t<meta property=\"og:image:height\" content=\"768\" \/>\n\t<meta property=\"og:image:type\" content=\"image\/jpeg\" \/>\n<meta name=\"twitter:card\" content=\"summary_large_image\" \/>\n<meta name=\"twitter:label1\" content=\"\u00c9crit par\" \/>\n\t<meta name=\"twitter:data1\" content=\"\" \/>\n\t<meta name=\"twitter:label2\" content=\"Dur\u00e9e de lecture estim\u00e9e\" \/>\n\t<meta name=\"twitter:data2\" content=\"8 minutes\" \/>\n<script type=\"application\/ld+json\" class=\"yoast-schema-graph\">{\"@context\":\"https:\\\/\\\/schema.org\",\"@graph\":[{\"@type\":\"Article\",\"@id\":\"https:\\\/\\\/www.apres-lecole.fr\\\/Blog\\\/dimanche-politique-virginie-martin\\\/#article\",\"isPartOf\":{\"@id\":\"https:\\\/\\\/www.apres-lecole.fr\\\/Blog\\\/dimanche-politique-virginie-martin\\\/\"},\"author\":{\"name\":\"\",\"@id\":\"\"},\"headline\":\"Dimanche politique : Entretien avec Virginie Martin, expert en sciences politiques et enseignante-chercheuse \u00e0 Kedge Business School\",\"datePublished\":\"2025-10-20T07:11:24+00:00\",\"mainEntityOfPage\":{\"@id\":\"https:\\\/\\\/www.apres-lecole.fr\\\/Blog\\\/dimanche-politique-virginie-martin\\\/\"},\"wordCount\":1686,\"commentCount\":0,\"image\":{\"@id\":\"https:\\\/\\\/www.apres-lecole.fr\\\/Blog\\\/dimanche-politique-virginie-martin\\\/#primaryimage\"},\"thumbnailUrl\":\"https:\\\/\\\/www.apres-lecole.fr\\\/Blog\\\/wp-content\\\/uploads\\\/2025\\\/10\\\/Dimanche-politique-Entretien-avec-Virginie-Martin-expert-en-sciences-politiques-et-enseignante-chercheuse-a-Kedge-Business-School.jpg\",\"keywords\":[\"dimanche politique\",\"enseignement sup\u00e9rieur\",\"kedge business school\",\"sciences politiques\",\"virginie martin\"],\"articleSection\":[\"Actualit\u00e9s\"],\"inLanguage\":\"fr-FR\",\"potentialAction\":[{\"@type\":\"CommentAction\",\"name\":\"Comment\",\"target\":[\"https:\\\/\\\/www.apres-lecole.fr\\\/Blog\\\/dimanche-politique-virginie-martin\\\/#respond\"]}]},{\"@type\":\"WebPage\",\"@id\":\"https:\\\/\\\/www.apres-lecole.fr\\\/Blog\\\/dimanche-politique-virginie-martin\\\/\",\"url\":\"https:\\\/\\\/www.apres-lecole.fr\\\/Blog\\\/dimanche-politique-virginie-martin\\\/\",\"name\":\"Virginie Martin : Regards crois\u00e9s sur la politique du dimanche\",\"isPartOf\":{\"@id\":\"https:\\\/\\\/www.apres-lecole.fr\\\/Blog\\\/#website\"},\"primaryImageOfPage\":{\"@id\":\"https:\\\/\\\/www.apres-lecole.fr\\\/Blog\\\/dimanche-politique-virginie-martin\\\/#primaryimage\"},\"image\":{\"@id\":\"https:\\\/\\\/www.apres-lecole.fr\\\/Blog\\\/dimanche-politique-virginie-martin\\\/#primaryimage\"},\"thumbnailUrl\":\"https:\\\/\\\/www.apres-lecole.fr\\\/Blog\\\/wp-content\\\/uploads\\\/2025\\\/10\\\/Dimanche-politique-Entretien-avec-Virginie-Martin-expert-en-sciences-politiques-et-enseignante-chercheuse-a-Kedge-Business-School.jpg\",\"datePublished\":\"2025-10-20T07:11:24+00:00\",\"author\":{\"@id\":\"\"},\"description\":\"Entretien exclusif avec Virginie Martin, experte en sciences politiques \u00e0 Kedge, dans Dimanche politique. Analyse et regards sur l\u2019actualit\u00e9.\",\"breadcrumb\":{\"@id\":\"https:\\\/\\\/www.apres-lecole.fr\\\/Blog\\\/dimanche-politique-virginie-martin\\\/#breadcrumb\"},\"inLanguage\":\"fr-FR\",\"potentialAction\":[{\"@type\":\"ReadAction\",\"target\":[\"https:\\\/\\\/www.apres-lecole.fr\\\/Blog\\\/dimanche-politique-virginie-martin\\\/\"]}]},{\"@type\":\"ImageObject\",\"inLanguage\":\"fr-FR\",\"@id\":\"https:\\\/\\\/www.apres-lecole.fr\\\/Blog\\\/dimanche-politique-virginie-martin\\\/#primaryimage\",\"url\":\"https:\\\/\\\/www.apres-lecole.fr\\\/Blog\\\/wp-content\\\/uploads\\\/2025\\\/10\\\/Dimanche-politique-Entretien-avec-Virginie-Martin-expert-en-sciences-politiques-et-enseignante-chercheuse-a-Kedge-Business-School.jpg\",\"contentUrl\":\"https:\\\/\\\/www.apres-lecole.fr\\\/Blog\\\/wp-content\\\/uploads\\\/2025\\\/10\\\/Dimanche-politique-Entretien-avec-Virginie-Martin-expert-en-sciences-politiques-et-enseignante-chercheuse-a-Kedge-Business-School.jpg\",\"width\":1344,\"height\":768,\"caption\":\"d\u00e9couvrez l\u2019entretien exclusif avec virginie martin, experte en sciences politiques et enseignante-chercheuse \u00e0 kedge business school, qui analyse les enjeux et d\u00e9fis du paysage politique actuel dans dimanche politique.\"},{\"@type\":\"BreadcrumbList\",\"@id\":\"https:\\\/\\\/www.apres-lecole.fr\\\/Blog\\\/dimanche-politique-virginie-martin\\\/#breadcrumb\",\"itemListElement\":[{\"@type\":\"ListItem\",\"position\":1,\"name\":\"Home\",\"item\":\"https:\\\/\\\/www.apres-lecole.fr\\\/Blog\\\/\"},{\"@type\":\"ListItem\",\"position\":2,\"name\":\"Dimanche politique : Entretien avec Virginie Martin, expert en sciences politiques et enseignante-chercheuse \u00e0 Kedge Business School\"}]},{\"@type\":\"WebSite\",\"@id\":\"https:\\\/\\\/www.apres-lecole.fr\\\/Blog\\\/#website\",\"url\":\"https:\\\/\\\/www.apres-lecole.fr\\\/Blog\\\/\",\"name\":\"\",\"description\":\"M\u00e9dia g\u00e9n\u00e9raliste\",\"potentialAction\":[{\"@type\":\"SearchAction\",\"target\":{\"@type\":\"EntryPoint\",\"urlTemplate\":\"https:\\\/\\\/www.apres-lecole.fr\\\/Blog\\\/?s={search_term_string}\"},\"query-input\":{\"@type\":\"PropertyValueSpecification\",\"valueRequired\":true,\"valueName\":\"search_term_string\"}}],\"inLanguage\":\"fr-FR\"},{\"@type\":\"Person\",\"@id\":\"\",\"url\":\"https:\\\/\\\/www.apres-lecole.fr\\\/Blog\\\/author\\\/\"}]}<\/script>\n<!-- \/ Yoast SEO plugin. -->","yoast_head_json":{"title":"Virginie Martin : Regards crois\u00e9s sur la politique du dimanche","description":"Entretien exclusif avec Virginie Martin, experte en sciences politiques \u00e0 Kedge, dans Dimanche politique. Analyse et regards sur l\u2019actualit\u00e9.","robots":{"index":"index","follow":"follow","max-snippet":"max-snippet:-1","max-image-preview":"max-image-preview:large","max-video-preview":"max-video-preview:-1"},"canonical":"https:\/\/www.apres-lecole.fr\/Blog\/dimanche-politique-virginie-martin\/","og_locale":"fr_FR","og_type":"article","og_title":"Virginie Martin : Regards crois\u00e9s sur la politique du dimanche","og_description":"Entretien exclusif avec Virginie Martin, experte en sciences politiques \u00e0 Kedge, dans Dimanche politique. Analyse et regards sur l\u2019actualit\u00e9.","og_url":"https:\/\/www.apres-lecole.fr\/Blog\/dimanche-politique-virginie-martin\/","article_published_time":"2025-10-20T07:11:24+00:00","og_image":[{"width":1344,"height":768,"url":"https:\/\/www.apres-lecole.fr\/Blog\/wp-content\/uploads\/2025\/10\/Dimanche-politique-Entretien-avec-Virginie-Martin-expert-en-sciences-politiques-et-enseignante-chercheuse-a-Kedge-Business-School.jpg","type":"image\/jpeg"}],"twitter_card":"summary_large_image","twitter_misc":{"\u00c9crit par":"","Dur\u00e9e de lecture estim\u00e9e":"8 minutes"},"schema":{"@context":"https:\/\/schema.org","@graph":[{"@type":"Article","@id":"https:\/\/www.apres-lecole.fr\/Blog\/dimanche-politique-virginie-martin\/#article","isPartOf":{"@id":"https:\/\/www.apres-lecole.fr\/Blog\/dimanche-politique-virginie-martin\/"},"author":{"name":"","@id":""},"headline":"Dimanche politique : Entretien avec Virginie Martin, expert en sciences politiques et enseignante-chercheuse \u00e0 Kedge Business School","datePublished":"2025-10-20T07:11:24+00:00","mainEntityOfPage":{"@id":"https:\/\/www.apres-lecole.fr\/Blog\/dimanche-politique-virginie-martin\/"},"wordCount":1686,"commentCount":0,"image":{"@id":"https:\/\/www.apres-lecole.fr\/Blog\/dimanche-politique-virginie-martin\/#primaryimage"},"thumbnailUrl":"https:\/\/www.apres-lecole.fr\/Blog\/wp-content\/uploads\/2025\/10\/Dimanche-politique-Entretien-avec-Virginie-Martin-expert-en-sciences-politiques-et-enseignante-chercheuse-a-Kedge-Business-School.jpg","keywords":["dimanche politique","enseignement sup\u00e9rieur","kedge business school","sciences politiques","virginie martin"],"articleSection":["Actualit\u00e9s"],"inLanguage":"fr-FR","potentialAction":[{"@type":"CommentAction","name":"Comment","target":["https:\/\/www.apres-lecole.fr\/Blog\/dimanche-politique-virginie-martin\/#respond"]}]},{"@type":"WebPage","@id":"https:\/\/www.apres-lecole.fr\/Blog\/dimanche-politique-virginie-martin\/","url":"https:\/\/www.apres-lecole.fr\/Blog\/dimanche-politique-virginie-martin\/","name":"Virginie Martin : Regards crois\u00e9s sur la politique du dimanche","isPartOf":{"@id":"https:\/\/www.apres-lecole.fr\/Blog\/#website"},"primaryImageOfPage":{"@id":"https:\/\/www.apres-lecole.fr\/Blog\/dimanche-politique-virginie-martin\/#primaryimage"},"image":{"@id":"https:\/\/www.apres-lecole.fr\/Blog\/dimanche-politique-virginie-martin\/#primaryimage"},"thumbnailUrl":"https:\/\/www.apres-lecole.fr\/Blog\/wp-content\/uploads\/2025\/10\/Dimanche-politique-Entretien-avec-Virginie-Martin-expert-en-sciences-politiques-et-enseignante-chercheuse-a-Kedge-Business-School.jpg","datePublished":"2025-10-20T07:11:24+00:00","author":{"@id":""},"description":"Entretien exclusif avec Virginie Martin, experte en sciences politiques \u00e0 Kedge, dans Dimanche politique. Analyse et regards sur l\u2019actualit\u00e9.","breadcrumb":{"@id":"https:\/\/www.apres-lecole.fr\/Blog\/dimanche-politique-virginie-martin\/#breadcrumb"},"inLanguage":"fr-FR","potentialAction":[{"@type":"ReadAction","target":["https:\/\/www.apres-lecole.fr\/Blog\/dimanche-politique-virginie-martin\/"]}]},{"@type":"ImageObject","inLanguage":"fr-FR","@id":"https:\/\/www.apres-lecole.fr\/Blog\/dimanche-politique-virginie-martin\/#primaryimage","url":"https:\/\/www.apres-lecole.fr\/Blog\/wp-content\/uploads\/2025\/10\/Dimanche-politique-Entretien-avec-Virginie-Martin-expert-en-sciences-politiques-et-enseignante-chercheuse-a-Kedge-Business-School.jpg","contentUrl":"https:\/\/www.apres-lecole.fr\/Blog\/wp-content\/uploads\/2025\/10\/Dimanche-politique-Entretien-avec-Virginie-Martin-expert-en-sciences-politiques-et-enseignante-chercheuse-a-Kedge-Business-School.jpg","width":1344,"height":768,"caption":"d\u00e9couvrez l\u2019entretien exclusif avec virginie martin, experte en sciences politiques et enseignante-chercheuse \u00e0 kedge business school, qui analyse les enjeux et d\u00e9fis du paysage politique actuel dans dimanche politique."},{"@type":"BreadcrumbList","@id":"https:\/\/www.apres-lecole.fr\/Blog\/dimanche-politique-virginie-martin\/#breadcrumb","itemListElement":[{"@type":"ListItem","position":1,"name":"Home","item":"https:\/\/www.apres-lecole.fr\/Blog\/"},{"@type":"ListItem","position":2,"name":"Dimanche politique : Entretien avec Virginie Martin, expert en sciences politiques et enseignante-chercheuse \u00e0 Kedge Business School"}]},{"@type":"WebSite","@id":"https:\/\/www.apres-lecole.fr\/Blog\/#website","url":"https:\/\/www.apres-lecole.fr\/Blog\/","name":"","description":"M\u00e9dia g\u00e9n\u00e9raliste","potentialAction":[{"@type":"SearchAction","target":{"@type":"EntryPoint","urlTemplate":"https:\/\/www.apres-lecole.fr\/Blog\/?s={search_term_string}"},"query-input":{"@type":"PropertyValueSpecification","valueRequired":true,"valueName":"search_term_string"}}],"inLanguage":"fr-FR"},{"@type":"Person","@id":"","url":"https:\/\/www.apres-lecole.fr\/Blog\/author\/"}]}},"views":6,"_links":{"self":[{"href":"https:\/\/www.apres-lecole.fr\/Blog\/wp-json\/wp\/v2\/posts\/2565","targetHints":{"allow":["GET"]}}],"collection":[{"href":"https:\/\/www.apres-lecole.fr\/Blog\/wp-json\/wp\/v2\/posts"}],"about":[{"href":"https:\/\/www.apres-lecole.fr\/Blog\/wp-json\/wp\/v2\/types\/post"}],"author":[{"embeddable":true,"href":"https:\/\/www.apres-lecole.fr\/Blog\/wp-json\/wp\/v2\/users\/7"}],"replies":[{"embeddable":true,"href":"https:\/\/www.apres-lecole.fr\/Blog\/wp-json\/wp\/v2\/comments?post=2565"}],"version-history":[{"count":0,"href":"https:\/\/www.apres-lecole.fr\/Blog\/wp-json\/wp\/v2\/posts\/2565\/revisions"}],"wp:featuredmedia":[{"embeddable":true,"href":"https:\/\/www.apres-lecole.fr\/Blog\/wp-json\/wp\/v2\/media\/2564"}],"wp:attachment":[{"href":"https:\/\/www.apres-lecole.fr\/Blog\/wp-json\/wp\/v2\/media?parent=2565"}],"wp:term":[{"taxonomy":"category","embeddable":true,"href":"https:\/\/www.apres-lecole.fr\/Blog\/wp-json\/wp\/v2\/categories?post=2565"},{"taxonomy":"post_tag","embeddable":true,"href":"https:\/\/www.apres-lecole.fr\/Blog\/wp-json\/wp\/v2\/tags?post=2565"}],"curies":[{"name":"wp","href":"https:\/\/api.w.org\/{rel}","templated":true}]}}