{"id":2556,"date":"2025-10-19T06:34:55","date_gmt":"2025-10-19T06:34:55","guid":{"rendered":"https:\/\/www.apres-lecole.fr\/Blog\/ferdinand-buisson-innovation\/"},"modified":"2025-10-19T06:34:55","modified_gmt":"2025-10-19T06:34:55","slug":"ferdinand-buisson-innovation","status":"publish","type":"post","link":"https:\/\/www.apres-lecole.fr\/Blog\/ferdinand-buisson-innovation\/","title":{"rendered":"L&rsquo;\u00e9cole Ferdinand Buisson : un mod\u00e8le d&rsquo;innovation p\u00e9dagogique en 2025"},"content":{"rendered":"\n\n<div class=\"kk-star-ratings kksr-auto kksr-align-left kksr-valign-top\"\n    data-payload='{&quot;align&quot;:&quot;left&quot;,&quot;id&quot;:&quot;2556&quot;,&quot;slug&quot;:&quot;default&quot;,&quot;valign&quot;:&quot;top&quot;,&quot;ignore&quot;:&quot;&quot;,&quot;reference&quot;:&quot;auto&quot;,&quot;class&quot;:&quot;&quot;,&quot;count&quot;:&quot;0&quot;,&quot;legendonly&quot;:&quot;&quot;,&quot;readonly&quot;:&quot;&quot;,&quot;score&quot;:&quot;0&quot;,&quot;starsonly&quot;:&quot;&quot;,&quot;best&quot;:&quot;5&quot;,&quot;gap&quot;:&quot;5&quot;,&quot;greet&quot;:&quot;Rate this post&quot;,&quot;legend&quot;:&quot;0\\\/5 - (0 vote)&quot;,&quot;size&quot;:&quot;24&quot;,&quot;title&quot;:&quot;L\\u0026#039;\u00e9cole Ferdinand Buisson : un mod\u00e8le d\\u0026#039;innovation p\u00e9dagogique en 2025&quot;,&quot;width&quot;:&quot;0&quot;,&quot;_legend&quot;:&quot;{score}\\\/{best} - ({count} {votes})&quot;,&quot;font_factor&quot;:&quot;1.25&quot;}'>\n            \n<div class=\"kksr-stars\">\n    \n<div class=\"kksr-stars-inactive\">\n            <div class=\"kksr-star\" data-star=\"1\" style=\"padding-right: 5px\">\n            \n\n<div class=\"kksr-icon\" style=\"width: 24px; height: 24px;\"><\/div>\n        <\/div>\n            <div class=\"kksr-star\" data-star=\"2\" style=\"padding-right: 5px\">\n            \n\n<div class=\"kksr-icon\" style=\"width: 24px; height: 24px;\"><\/div>\n        <\/div>\n            <div class=\"kksr-star\" data-star=\"3\" style=\"padding-right: 5px\">\n            \n\n<div class=\"kksr-icon\" style=\"width: 24px; height: 24px;\"><\/div>\n        <\/div>\n            <div class=\"kksr-star\" data-star=\"4\" style=\"padding-right: 5px\">\n            \n\n<div class=\"kksr-icon\" style=\"width: 24px; height: 24px;\"><\/div>\n        <\/div>\n            <div class=\"kksr-star\" data-star=\"5\" style=\"padding-right: 5px\">\n            \n\n<div class=\"kksr-icon\" style=\"width: 24px; height: 24px;\"><\/div>\n        <\/div>\n    <\/div>\n    \n<div class=\"kksr-stars-active\" style=\"width: 0px;\">\n            <div class=\"kksr-star\" style=\"padding-right: 5px\">\n            \n\n<div class=\"kksr-icon\" style=\"width: 24px; height: 24px;\"><\/div>\n        <\/div>\n            <div class=\"kksr-star\" style=\"padding-right: 5px\">\n            \n\n<div class=\"kksr-icon\" style=\"width: 24px; height: 24px;\"><\/div>\n        <\/div>\n            <div class=\"kksr-star\" style=\"padding-right: 5px\">\n            \n\n<div class=\"kksr-icon\" style=\"width: 24px; height: 24px;\"><\/div>\n        <\/div>\n            <div class=\"kksr-star\" style=\"padding-right: 5px\">\n            \n\n<div class=\"kksr-icon\" style=\"width: 24px; height: 24px;\"><\/div>\n        <\/div>\n            <div class=\"kksr-star\" style=\"padding-right: 5px\">\n            \n\n<div class=\"kksr-icon\" style=\"width: 24px; height: 24px;\"><\/div>\n        <\/div>\n    <\/div>\n<\/div>\n                \n\n<div class=\"kksr-legend\" style=\"font-size: 19.2px;\">\n            <span class=\"kksr-muted\">Rate this post<\/span>\n    <\/div>\n    <\/div>\n<p>En cette ann\u00e9e 2025, l&rsquo;\u00e9cole Ferdinand Buisson se distingue par son approche novatrice centr\u00e9e sur l&rsquo;\u00e9l\u00e8ve et sa capacit\u00e9 \u00e0 int\u00e9grer des m\u00e9thodes d&rsquo;enseignement moderne. La p\u00e9dagogie actuelle, fortement influenc\u00e9e par les \u00e9volutions technologiques et soci\u00e9tales, trouve dans cet \u00e9tablissement un exemple exceptionnel de ce que devrait \u00eatre l&rsquo;\u00e9ducation aujourd&rsquo;hui. Les pratiques de <strong>innovation p\u00e9dagogique<\/strong> qui y sont mises en \u0153uvre ne sont pas simplement des curiosit\u00e9s, mais des \u00e9l\u00e9ments essentiels de l&rsquo;exp\u00e9rience scolaire qui permettent de pr\u00e9parer les \u00e9l\u00e8ves aux d\u00e9fis du 21e si\u00e8cle. Imagine un cadre o\u00f9 l&rsquo;<strong>apprentissage actif<\/strong> est privil\u00e9gi\u00e9, o\u00f9 les \u00e9l\u00e8ves ne se contentent pas de recevoir des savoirs, mais o\u00f9 ils apprennent \u00e0 interagir avec les connaissances dans un cadre collaboratif. Cet article explorera les piliers de cette approche, en se penchant sur des \u00e9l\u00e9ments zoals la <strong>classe invers\u00e9e<\/strong>, l&rsquo;<strong>\u00e9ducation inclusive<\/strong>, et d&rsquo;autres innovations qui font de l&rsquo;\u00e9cole Buisson un mod\u00e8le \u00e0 suivre.<\/p>\n\n<h2 class=\"wp-block-heading\">L&rsquo;approche innovante de l&rsquo;\u00e9cole Ferdinand Buisson<\/h2>\n\n<p>L&rsquo;\u00e9cole Ferdinand Buisson a parfaitement compris que l\u2019\u00e9panouissement des \u00e9l\u00e8ves passe par une p\u00e9dagogie riche et diversifi\u00e9e. En int\u00e9grant le <strong>num\u00e9rique \u00e9ducatif<\/strong> dans son quotidien, cet \u00e9tablissement favorise un apprentissage qui combine th\u00e9orie et pratique. Les outils num\u00e9riques permettent aux enseignants de diversifier leurs m\u00e9thodes d&rsquo;enseignement, et aux \u00e9l\u00e8ves de b\u00e9n\u00e9ficier d&rsquo;une exp\u00e9rience d&rsquo;apprentissage sur-mesure. Prends par exemple les projets collaboratifs qui donnent aux \u00e9l\u00e8ves l&rsquo;opportunit\u00e9 de travailler en \u00e9quipe sur des th\u00e8mes vari\u00e9s.<\/p>\n\n<p>Ces projets peuvent inclure :<\/p>\n\n<ul class=\"wp-block-list\"><li>La cr\u00e9ation de contenus pour un blog scolaire \ud83c\udf10<\/li><li>Des pr\u00e9sentations utilisant des outils de r\u00e9alit\u00e9 augment\u00e9e \ud83d\udcf1<\/li><li>Des partenariats avec d\u2019autres institutions pour des projets interculturels \ud83c\udf0d<\/li><li>Des ateliers d&rsquo;\u00e9criture num\u00e9rique \u270d\ufe0f<\/li><\/ul>\n\n<p>\u00c0 l&rsquo;\u00e9cole Ferdinand Buisson, les enseignants sont form\u00e9s \u00e0 ces nouvelles m\u00e9thodes afin de maximiser l&rsquo;impact p\u00e9dagogique. Cette volont\u00e9 de changement est renforc\u00e9e par l&rsquo;\u00e9valuation formative qui permet de suivre la progression des \u00e9l\u00e8ves de mani\u00e8re continue et d\u2019adapter les m\u00e9thodes en fonction de leurs besoins. Les \u00e9valuations deviennent ainsi des outils d&rsquo;apprentissage et plus seulement des occasions de juger les performances.<\/p>\n\n<figure class=\"wp-block-table\"><table>\n<thead>\n<tr>\n<th>M\u00e9thodes p\u00e9dagogiques<\/th>\n<th>Objectifs<\/th>\n<th>Exemples d&rsquo;application<\/th>\n<\/tr>\n<\/thead>\n<tbody>\n<tr>\n<td>Apprentissage actif<\/td>\n<td>Impliquer les \u00e9l\u00e8ves dans leur apprentissage<\/td>\n<td>Discussions de groupe, projets pratiques<\/td>\n<\/tr>\n<tr>\n<td>Classe invers\u00e9e<\/td>\n<td>Permettre aux \u00e9l\u00e8ves de se pr\u00e9parer avant les cours<\/td>\n<td>Vid\u00e9os \u00e0 visionner avant la classe, discussions anim\u00e9es en classe<\/td>\n<\/tr>\n<tr>\n<td>\u00c9ducation inclusive<\/td>\n<td>Adapter l&rsquo;enseignement aux besoins de chaque \u00e9l\u00e8ve<\/td>\n<td>Soutien individualis\u00e9, mat\u00e9riel diversifi\u00e9<\/td>\n<\/tr>\n<\/tbody>\n<\/table><\/figure>\n\n<h2 class=\"wp-block-heading\">La classe invers\u00e9e et son impact sur l&rsquo;apprentissage<\/h2>\n\n<p>Pensons \u00e0 la <strong>classe invers\u00e9e<\/strong>, une m\u00e9thode qui a su s\u00e9duire l&rsquo;\u00e9cole Ferdinand Buisson. Cette approche consiste \u00e0 inverser le mod\u00e8le classique d&rsquo;enseignement. Au lieu de recevoir les informations lors d&rsquo;une heure de cours magistral, les \u00e9l\u00e8ves sont invit\u00e9s \u00e0 d\u00e9couvrir les contenus \u00e0 domicile \u00e0 l&rsquo;aide de supports vari\u00e9s \u2013 vid\u00e9os, articles, quiz interactifs. Cela leur permet d\u2019aborder la mati\u00e8re de mani\u00e8re plus autonome et personnalis\u00e9e.<\/p>\n\n<p>Les retours des \u00e9l\u00e8ves sont tr\u00e8s positifs. Admirons comment cette technique a pu transformer la dynamique de la classe :<\/p>\n\n<ul class=\"wp-block-list\"><li>Les \u00e9l\u00e8ves sont plus motiv\u00e9s et engag\u00e9s \ud83c\udfc6<\/li><li>Ils prennent plus d&rsquo;initiatives gr\u00e2ce \u00e0 leur pr\u00e9paration \u00e0 domicile \ud83d\udcd6<\/li><li>Les enseignants peuvent consacrer leur temps en classe \u00e0 r\u00e9pondre aux questions et \u00e0 approfondir des notions \ud83d\udde3\ufe0f<\/li><\/ul>\n\n<p>Une \u00e9tude men\u00e9e \u00e0 l&rsquo;\u00e9cole Ferdinand Buisson a d\u00e9montr\u00e9 que les \u00e9l\u00e8ves ont non seulement am\u00e9lior\u00e9 leurs r\u00e9sultats, mais qu&rsquo;ils ont \u00e9galement accru leur confiance en eux et leur capacit\u00e9 \u00e0 collaborer entre pairs. Ils apprennent \u00e0 devenir acteurs de leur propre \u00e9ducation, ce qui stimule leur curiosit\u00e9 et leur d\u00e9sir d&rsquo;apprendre.<\/p>\n\n<figure class=\"wp-block-table\"><table>\n<thead>\n<tr>\n<th>Avantages de la classe invers\u00e9e<\/th>\n<th>Inconv\u00e9nients potentiels<\/th>\n<\/tr>\n<\/thead>\n<tbody>\n<tr>\n<td>Mieux adapt\u00e9 aux rythmes individuels des \u00e9l\u00e8ves<\/td>\n<td>Peut ne pas convenir \u00e0 tous les \u00e9l\u00e8ves<\/td>\n<\/tr>\n<tr>\n<td>Favorise l&rsquo;autonomie<\/td>\n<td>Exige un bon acc\u00e8s aux ressources num\u00e9riques<\/td>\n<\/tr>\n<tr>\n<td>Renforce la collaboration entre \u00e9l\u00e8ves<\/td>\n<td>Peut \u00eatre difficile \u00e0 mettre en place dans certaines mati\u00e8res<\/td>\n<\/tr>\n<\/tbody>\n<\/table><\/figure>\n\n<h2 class=\"wp-block-heading\">L&rsquo;inclusion au c\u0153ur des pratiques p\u00e9dagogiques<\/h2>\n\n<p>L&rsquo;un des grands principes de l&rsquo;\u00e9cole Ferdinand Buisson r\u00e9side dans son engagement envers une <strong>\u00e9ducation inclusive<\/strong>. Cette approche vise \u00e0 garantir que chaque \u00e9l\u00e8ve, quelles que soient ses origines ou ses capacit\u00e9s, puisse b\u00e9n\u00e9ficier d&rsquo;un enseignement qui r\u00e9pond \u00e0 ses besoins sp\u00e9cifiques. L&rsquo;objectif est clair : gr\u00e2ce \u00e0 des m\u00e9thodes adapt\u00e9es, permettre \u00e0 chaque \u00e9l\u00e8ve d&rsquo;exploiter son potentiel maximum.<\/p>\n\n<p>Environ 15% des \u00e9l\u00e8ves de l&rsquo;\u00e9cole profitent de programmes sp\u00e9ciaux qui les aident \u00e0 surmonter des difficult\u00e9s d&rsquo;apprentissage. Ces programmes sont ax\u00e9s sur :<\/p>\n\n<ul class=\"wp-block-list\"><li>Un soutien personnalis\u00e9 pour les \u00e9l\u00e8ves en difficult\u00e9 \ud83d\udd0d<\/li><li>L&rsquo;utilisation de technologies d&rsquo;assistance \u00e0 l&rsquo;apprentissage \ud83d\udcbb<\/li><li>Des formations d\u00e9di\u00e9es pour les enseignants sur l&rsquo;inclusion \ud83d\udc69\u200d\ud83c\udfeb<\/li><\/ul>\n\n<p>Cette dynamique inclusive ne se limite pas \u00e0 l\u2019int\u00e9gration de l&rsquo;\u00e9l\u00e8ve en situation de handicap, mais s\u2019\u00e9tend \u00e0 tous les \u00e9l\u00e8ves. Une attention particuli\u00e8re est port\u00e9e \u00e0 l&rsquo;environnement de classe, o\u00f9 la diversit\u00e9 est valoris\u00e9e. La mise en place de groupes h\u00e9t\u00e9rog\u00e8nes permet \u00e9galement de cr\u00e9er un climat d\u2019entraide, o\u00f9 chacun voit ses forces et faiblesses respect\u00e9es.<\/p>\n\n<figure class=\"wp-block-table\"><table>\n<thead>\n<tr>\n<th>Strat\u00e9gies d&rsquo;inclusion<\/th>\n<th>Objectifs<\/th>\n<th>Exemples d&rsquo;application<\/th>\n<\/tr>\n<\/thead>\n<tbody>\n<tr>\n<td>Groupes h\u00e9t\u00e9rog\u00e8nes<\/td>\n<td>Favoriser l&rsquo;entraide entre \u00e9l\u00e8ves<\/td>\n<td>Travailler sur des projets en commun<\/td>\n<\/tr>\n<tr>\n<td>Technologies d&rsquo;assistance<\/td>\n<td>Faciliter l\u2019acc\u00e8s \u00e0 l\u2019information<\/td>\n<td>Utilisation de logiciels de lecture et d&rsquo;\u00e9criture<\/td>\n<\/tr>\n<tr>\n<td>Formations pour enseignants<\/td>\n<td>Aider les enseignants \u00e0 g\u00e9rer la diversit\u00e9 en classe<\/td>\n<td>S\u00e9minaires et ateliers pratiques<\/td>\n<\/tr>\n<\/tbody>\n<\/table><\/figure>\n\n<h2 class=\"wp-block-heading\">Les comp\u00e9tences du 21e si\u00e8cle au c\u0153ur des apprentissages<\/h2>\n\n<p>\u00c0 l\u2019\u00e9cole Ferdinand Buisson, il est crucial d\u2019inculquer aux \u00e9l\u00e8ves les <strong>comp\u00e9tences du 21e si\u00e8cle<\/strong>. Ce terme d\u00e9signe un ensemble d\u2019aptitudes qui comprend la cr\u00e9ativit\u00e9, la pens\u00e9e critique, la collaboration et la communication. Ces comp\u00e9tences sont per\u00e7ues comme indispensables pour r\u00e9ussir dans un monde o\u00f9 les d\u00e9fis \u00e9voluent rapidement. C\u2019est pourquoi l\u2019\u00e9tablissement met en \u0153uvre des projets permettant de d\u00e9velopper ces comp\u00e9tences en concert avec les savoirs traditionnels.<\/p>\n\n<p>Voici des exemples d\u2019activit\u00e9s propos\u00e9es aux \u00e9l\u00e8ves :<\/p>\n\n<ul class=\"wp-block-list\"><li>Participation \u00e0 des hackathons pour r\u00e9soudre des probl\u00e8mes concrets \ud83d\udca1<\/li><li>Organisation d&rsquo;expositions pour partager leurs travaux avec la communaut\u00e9 \ud83c\udfa8<\/li><li>Projets d&rsquo;innovation sociale en lien avec des acteurs locaux \ud83e\udd1d<\/li><\/ul>\n\n<p>Cette immersivit\u00e9 permet \u00e0 chaque \u00e9l\u00e8ve de fr\u00e9quenter des situations r\u00e9elles, d\u2019y apporter des solutions, et d\u2019obtenir des retours constructifs. Les \u00e9quipes enseignantes accompagnent les \u00e9l\u00e8ves dans ce processus en leur proposant une <strong>\u00e9valuation formative<\/strong> qui sert \u00e0 enrichir leur parcours. Ces \u00e9valuations ne sont pas uniquement des notes, mais une mani\u00e8re de r\u00e9fl\u00e9chir \u00e0 sa propre progression.<\/p>\n\n<figure class=\"wp-block-table\"><table>\n<thead>\n<tr>\n<th>Comp\u00e9tences du 21e si\u00e8cle<\/th>\n<th>Strat\u00e9gies p\u00e9dagogiques<\/th>\n<th>Exemples d&rsquo;application<\/th>\n<\/tr>\n<\/thead>\n<tbody>\n<tr>\n<td>Cr\u00e9ativit\u00e9<\/td>\n<td>Projets artistiques et innovants<\/td>\n<td>Cr\u00e9ation de supports multim\u00e9dias<\/td>\n<\/tr>\n<tr>\n<td>Pens\u00e9e critique<\/td>\n<td>R\u00e9solution de probl\u00e8mes en \u00e9quipe<\/td>\n<td>D\u00e9bats sur des sujets d&rsquo;actualit\u00e9<\/td>\n<\/tr>\n<tr>\n<td>Collaboration<\/td>\n<td>Travail en groupe sur des projets<\/td>\n<td>\u00c9changes d&rsquo;exp\u00e9riences avec des pairs<\/td>\n<\/tr>\n<\/tbody>\n<\/table><\/figure>\n\n\n{\u00ab\u00a0@context\u00a0\u00bb:\u00a0\u00bbhttps:\/\/schema.org\u00a0\u00bb,\u00a0\u00bb@type\u00a0\u00bb:\u00a0\u00bbFAQPage\u00a0\u00bb,\u00a0\u00bbmainEntity\u00a0\u00bb:[{\u00ab\u00a0@type\u00a0\u00bb:\u00a0\u00bbQuestion\u00a0\u00bb,\u00a0\u00bbname\u00a0\u00bb:\u00a0\u00bbQu&rsquo;est-ce que lu2019innovation pu00e9dagogique?\u00a0\u00bb,\u00a0\u00bbacceptedAnswer\u00a0\u00bb:{\u00ab\u00a0@type\u00a0\u00bb:\u00a0\u00bbAnswer\u00a0\u00bb,\u00a0\u00bbtext\u00a0\u00bb:\u00a0\u00bbL&rsquo;innovation pu00e9dagogique fait ru00e9fu00e9rence u00e0 la mise en u0153uvre de mu00e9thodes et de pratiques u00e9ducatives nouvelles qui visent u00e0 amu00e9liorer l&rsquo;apprentissage. Cela inclut des approches comme la classe inversu00e9e, l&rsquo;apprentissage collaboratif et l&rsquo;utilisation des technologies numu00e9riques.\u00a0\u00bb}},{\u00ab\u00a0@type\u00a0\u00bb:\u00a0\u00bbQuestion\u00a0\u00bb,\u00a0\u00bbname\u00a0\u00bb:\u00a0\u00bbComment l&rsquo;u00e9ducation inclusive est-elle appliquu00e9e u00e0 l&rsquo;u00e9cole Ferdinand Buisson?\u00a0\u00bb,\u00a0\u00bbacceptedAnswer\u00a0\u00bb:{\u00ab\u00a0@type\u00a0\u00bb:\u00a0\u00bbAnswer\u00a0\u00bb,\u00a0\u00bbtext\u00a0\u00bb:\u00a0\u00bbu00c0 l&rsquo;u00e9cole Ferdinand Buisson, l&rsquo;u00e9ducation inclusive est mise en u0153uvre gru00e2ce u00e0 des programmes personnalisu00e9s qui ru00e9pondent aux besoins spu00e9cifiques de chaque u00e9lu00e8ve. Des soutiens adaptu00e9s sont fournis, et les enseignants sont formu00e9s pour accueillir la diversitu00e9.\u00a0\u00bb}},{\u00ab\u00a0@type\u00a0\u00bb:\u00a0\u00bbQuestion\u00a0\u00bb,\u00a0\u00bbname\u00a0\u00bb:\u00a0\u00bbQu&rsquo;est-ce qu&rsquo;une classe inversu00e9e?\u00a0\u00bb,\u00a0\u00bbacceptedAnswer\u00a0\u00bb:{\u00ab\u00a0@type\u00a0\u00bb:\u00a0\u00bbAnswer\u00a0\u00bb,\u00a0\u00bbtext\u00a0\u00bb:\u00a0\u00bbUne classe inversu00e9e est une mu00e9thode ou00f9 les u00e9lu00e8ves se familiarisent avec le contenu d&rsquo;un cours u00e0 la maison, gu00e9nu00e9ralement via des supports numu00e9riques, et utilisent le temps en classe pour discuter, collaborer et approfondir leurs compru00e9hensions.\u00a0\u00bb}},{\u00ab\u00a0@type\u00a0\u00bb:\u00a0\u00bbQuestion\u00a0\u00bb,\u00a0\u00bbname\u00a0\u00bb:\u00a0\u00bbComment l&rsquo;u00e9valuation formative est-elle utilisu00e9e dans l&rsquo;apprentissage?\u00a0\u00bb,\u00a0\u00bbacceptedAnswer\u00a0\u00bb:{\u00ab\u00a0@type\u00a0\u00bb:\u00a0\u00bbAnswer\u00a0\u00bb,\u00a0\u00bbtext\u00a0\u00bb:\u00a0\u00bbL&rsquo;u00e9valuation formative est un processus qui permet aux enseignants de suivre la progression des u00e9lu00e8ves de maniu00e8re continue. Elle sert u00e0 informer les u00e9lu00e8ves sur leurs progru00e8s et u00e0 adapter les mu00e9thodes d&rsquo;enseignement en fonction des besoins.\u00a0\u00bb}},{\u00ab\u00a0@type\u00a0\u00bb:\u00a0\u00bbQuestion\u00a0\u00bb,\u00a0\u00bbname\u00a0\u00bb:\u00a0\u00bbQuels projets collaboratifs sont mis en place u00e0 l&rsquo;u00e9cole Ferdinand Buisson?\u00a0\u00bb,\u00a0\u00bbacceptedAnswer\u00a0\u00bb:{\u00ab\u00a0@type\u00a0\u00bb:\u00a0\u00bbAnswer\u00a0\u00bb,\u00a0\u00bbtext\u00a0\u00bb:\u00a0\u00bbL&rsquo;u00e9cole Ferdinand Buisson propose divers projets collaboratifs, allant de la cru00e9ation de blogs scolaires u00e0 des partenariats avec des institutions pour des projets interculturels, permettant aux u00e9lu00e8ves de travailler ensemble et d&rsquo;u00e9changer des idu00e9es.\u00a0\u00bb}}]}\n\n<h3>Qu&rsquo;est-ce que l\u2019innovation p\u00e9dagogique?<\/h3>\n<p>L&rsquo;innovation p\u00e9dagogique fait r\u00e9f\u00e9rence \u00e0 la mise en \u0153uvre de m\u00e9thodes et de pratiques \u00e9ducatives nouvelles qui visent \u00e0 am\u00e9liorer l&rsquo;apprentissage. Cela inclut des approches comme la classe invers\u00e9e, l&rsquo;apprentissage collaboratif et l&rsquo;utilisation des technologies num\u00e9riques.<\/p>\n<h3>Comment l&rsquo;\u00e9ducation inclusive est-elle appliqu\u00e9e \u00e0 l&rsquo;\u00e9cole Ferdinand Buisson?<\/h3>\n<p>\u00c0 l&rsquo;\u00e9cole Ferdinand Buisson, l&rsquo;\u00e9ducation inclusive est mise en \u0153uvre gr\u00e2ce \u00e0 des programmes personnalis\u00e9s qui r\u00e9pondent aux besoins sp\u00e9cifiques de chaque \u00e9l\u00e8ve. Des soutiens adapt\u00e9s sont fournis, et les enseignants sont form\u00e9s pour accueillir la diversit\u00e9.<\/p>\n<h3>Qu&rsquo;est-ce qu&rsquo;une classe invers\u00e9e?<\/h3>\n<p>Une classe invers\u00e9e est une m\u00e9thode o\u00f9 les \u00e9l\u00e8ves se familiarisent avec le contenu d&rsquo;un cours \u00e0 la maison, g\u00e9n\u00e9ralement via des supports num\u00e9riques, et utilisent le temps en classe pour discuter, collaborer et approfondir leurs compr\u00e9hensions.<\/p>\n<h3>Comment l&rsquo;\u00e9valuation formative est-elle utilis\u00e9e dans l&rsquo;apprentissage?<\/h3>\n<p>L&rsquo;\u00e9valuation formative est un processus qui permet aux enseignants de suivre la progression des \u00e9l\u00e8ves de mani\u00e8re continue. Elle sert \u00e0 informer les \u00e9l\u00e8ves sur leurs progr\u00e8s et \u00e0 adapter les m\u00e9thodes d&rsquo;enseignement en fonction des besoins.<\/p>\n<h3>Quels projets collaboratifs sont mis en place \u00e0 l&rsquo;\u00e9cole Ferdinand Buisson?<\/h3>\n<p>L&rsquo;\u00e9cole Ferdinand Buisson propose divers projets collaboratifs, allant de la cr\u00e9ation de blogs scolaires \u00e0 des partenariats avec des institutions pour des projets interculturels, permettant aux \u00e9l\u00e8ves de travailler ensemble et d&rsquo;\u00e9changer des id\u00e9es.<\/p>\n\n","protected":false},"excerpt":{"rendered":"<p>En cette ann\u00e9e 2025, l&rsquo;\u00e9cole Ferdinand Buisson se distingue par son approche novatrice centr\u00e9e sur l&rsquo;\u00e9l\u00e8ve et sa capacit\u00e9 \u00e0 int\u00e9grer des m\u00e9thodes d&rsquo;enseignement moderne. La p\u00e9dagogie actuelle, fortement influenc\u00e9e par les \u00e9volutions technologiques et soci\u00e9tales, trouve dans cet \u00e9tablissement un exemple exceptionnel de ce que devrait \u00eatre l&rsquo;\u00e9ducation aujourd&rsquo;hui. Les pratiques de innovation p\u00e9dagogique &#8230; <a title=\"L&rsquo;\u00e9cole Ferdinand Buisson : un mod\u00e8le d&rsquo;innovation p\u00e9dagogique en 2025\" class=\"read-more\" href=\"https:\/\/www.apres-lecole.fr\/Blog\/ferdinand-buisson-innovation\/\" aria-label=\"En savoir plus sur L&rsquo;\u00e9cole Ferdinand Buisson : un mod\u00e8le d&rsquo;innovation p\u00e9dagogique en 2025\">Lire plus<\/a><\/p>\n","protected":false},"author":7,"featured_media":2555,"comment_status":"open","ping_status":"open","sticky":false,"template":"","format":"standard","meta":{"footnotes":""},"categories":[342],"tags":[1824,1357,1502,1415,1704],"class_list":["post-2556","post","type-post","status-publish","format-standard","has-post-thumbnail","hentry","category-actualites","tag-ecole-ferdinand-buisson","tag-education-2025","tag-innovation-pedagogique","tag-modele-educatif","tag-pedagogie-innovante"],"yoast_head":"<!-- This site is optimized with the Yoast SEO plugin v27.5 - https:\/\/yoast.com\/product\/yoast-seo-wordpress\/ -->\n<title>Ferdinand Buisson : L&#039;\u00e9cole qui r\u00e9invente l&#039;apprentissage en 2025<\/title>\n<meta name=\"description\" content=\"D\u00e9couvrez comment l&#039;\u00e9cole Ferdinand Buisson incarne l&#039;innovation p\u00e9dagogique en 2025, offrant un enseignement moderne et inspirant.\" \/>\n<meta name=\"robots\" content=\"index, follow, max-snippet:-1, max-image-preview:large, max-video-preview:-1\" \/>\n<link rel=\"canonical\" href=\"https:\/\/www.apres-lecole.fr\/Blog\/ferdinand-buisson-innovation\/\" \/>\n<meta property=\"og:locale\" content=\"fr_FR\" \/>\n<meta property=\"og:type\" content=\"article\" \/>\n<meta property=\"og:title\" content=\"Ferdinand Buisson : L&#039;\u00e9cole qui r\u00e9invente l&#039;apprentissage en 2025\" \/>\n<meta property=\"og:description\" content=\"D\u00e9couvrez comment l&#039;\u00e9cole Ferdinand Buisson incarne l&#039;innovation p\u00e9dagogique en 2025, offrant un enseignement moderne et inspirant.\" \/>\n<meta property=\"og:url\" content=\"https:\/\/www.apres-lecole.fr\/Blog\/ferdinand-buisson-innovation\/\" \/>\n<meta property=\"article:published_time\" content=\"2025-10-19T06:34:55+00:00\" \/>\n<meta property=\"og:image\" content=\"https:\/\/www.apres-lecole.fr\/Blog\/wp-content\/uploads\/2025\/10\/Lecole-Ferdinand-Buisson-un-modele-dinnovation-pedagogique-en-2025.jpg\" \/>\n\t<meta property=\"og:image:width\" content=\"1344\" \/>\n\t<meta property=\"og:image:height\" content=\"768\" \/>\n\t<meta property=\"og:image:type\" content=\"image\/jpeg\" \/>\n<meta name=\"twitter:card\" content=\"summary_large_image\" \/>\n<meta name=\"twitter:label1\" content=\"\u00c9crit par\" \/>\n\t<meta name=\"twitter:data1\" content=\"\" \/>\n\t<meta name=\"twitter:label2\" content=\"Dur\u00e9e de lecture estim\u00e9e\" \/>\n\t<meta name=\"twitter:data2\" content=\"9 minutes\" \/>\n<script type=\"application\/ld+json\" class=\"yoast-schema-graph\">{\"@context\":\"https:\\\/\\\/schema.org\",\"@graph\":[{\"@type\":\"Article\",\"@id\":\"https:\\\/\\\/www.apres-lecole.fr\\\/Blog\\\/ferdinand-buisson-innovation\\\/#article\",\"isPartOf\":{\"@id\":\"https:\\\/\\\/www.apres-lecole.fr\\\/Blog\\\/ferdinand-buisson-innovation\\\/\"},\"author\":{\"name\":\"\",\"@id\":\"\"},\"headline\":\"L&rsquo;\u00e9cole Ferdinand Buisson : un mod\u00e8le d&rsquo;innovation p\u00e9dagogique en 2025\",\"datePublished\":\"2025-10-19T06:34:55+00:00\",\"mainEntityOfPage\":{\"@id\":\"https:\\\/\\\/www.apres-lecole.fr\\\/Blog\\\/ferdinand-buisson-innovation\\\/\"},\"wordCount\":1890,\"commentCount\":0,\"image\":{\"@id\":\"https:\\\/\\\/www.apres-lecole.fr\\\/Blog\\\/ferdinand-buisson-innovation\\\/#primaryimage\"},\"thumbnailUrl\":\"https:\\\/\\\/www.apres-lecole.fr\\\/Blog\\\/wp-content\\\/uploads\\\/2025\\\/10\\\/Lecole-Ferdinand-Buisson-un-modele-dinnovation-pedagogique-en-2025.jpg\",\"keywords\":[\"\u00e9cole ferdinand buisson\",\"\u00e9ducation 2025\",\"innovation p\u00e9dagogique\",\"mod\u00e8le \u00e9ducatif\",\"p\u00e9dagogie innovante\"],\"articleSection\":[\"Actualit\u00e9s\"],\"inLanguage\":\"fr-FR\",\"potentialAction\":[{\"@type\":\"CommentAction\",\"name\":\"Comment\",\"target\":[\"https:\\\/\\\/www.apres-lecole.fr\\\/Blog\\\/ferdinand-buisson-innovation\\\/#respond\"]}]},{\"@type\":\"WebPage\",\"@id\":\"https:\\\/\\\/www.apres-lecole.fr\\\/Blog\\\/ferdinand-buisson-innovation\\\/\",\"url\":\"https:\\\/\\\/www.apres-lecole.fr\\\/Blog\\\/ferdinand-buisson-innovation\\\/\",\"name\":\"Ferdinand Buisson : L'\u00e9cole qui r\u00e9invente l'apprentissage en 2025\",\"isPartOf\":{\"@id\":\"https:\\\/\\\/www.apres-lecole.fr\\\/Blog\\\/#website\"},\"primaryImageOfPage\":{\"@id\":\"https:\\\/\\\/www.apres-lecole.fr\\\/Blog\\\/ferdinand-buisson-innovation\\\/#primaryimage\"},\"image\":{\"@id\":\"https:\\\/\\\/www.apres-lecole.fr\\\/Blog\\\/ferdinand-buisson-innovation\\\/#primaryimage\"},\"thumbnailUrl\":\"https:\\\/\\\/www.apres-lecole.fr\\\/Blog\\\/wp-content\\\/uploads\\\/2025\\\/10\\\/Lecole-Ferdinand-Buisson-un-modele-dinnovation-pedagogique-en-2025.jpg\",\"datePublished\":\"2025-10-19T06:34:55+00:00\",\"author\":{\"@id\":\"\"},\"description\":\"D\u00e9couvrez comment l'\u00e9cole Ferdinand Buisson incarne l'innovation p\u00e9dagogique en 2025, offrant un enseignement moderne et inspirant.\",\"breadcrumb\":{\"@id\":\"https:\\\/\\\/www.apres-lecole.fr\\\/Blog\\\/ferdinand-buisson-innovation\\\/#breadcrumb\"},\"inLanguage\":\"fr-FR\",\"potentialAction\":[{\"@type\":\"ReadAction\",\"target\":[\"https:\\\/\\\/www.apres-lecole.fr\\\/Blog\\\/ferdinand-buisson-innovation\\\/\"]}]},{\"@type\":\"ImageObject\",\"inLanguage\":\"fr-FR\",\"@id\":\"https:\\\/\\\/www.apres-lecole.fr\\\/Blog\\\/ferdinand-buisson-innovation\\\/#primaryimage\",\"url\":\"https:\\\/\\\/www.apres-lecole.fr\\\/Blog\\\/wp-content\\\/uploads\\\/2025\\\/10\\\/Lecole-Ferdinand-Buisson-un-modele-dinnovation-pedagogique-en-2025.jpg\",\"contentUrl\":\"https:\\\/\\\/www.apres-lecole.fr\\\/Blog\\\/wp-content\\\/uploads\\\/2025\\\/10\\\/Lecole-Ferdinand-Buisson-un-modele-dinnovation-pedagogique-en-2025.jpg\",\"width\":1344,\"height\":768,\"caption\":\"d\u00e9couvrez comment l'\u00e9cole ferdinand buisson s'impose en 2025 comme un mod\u00e8le d'innovation p\u00e9dagogique, m\u00ealant nouvelles technologies, p\u00e9dagogies actives et r\u00e9ussite pour tous les \u00e9l\u00e8ves.\"},{\"@type\":\"BreadcrumbList\",\"@id\":\"https:\\\/\\\/www.apres-lecole.fr\\\/Blog\\\/ferdinand-buisson-innovation\\\/#breadcrumb\",\"itemListElement\":[{\"@type\":\"ListItem\",\"position\":1,\"name\":\"Home\",\"item\":\"https:\\\/\\\/www.apres-lecole.fr\\\/Blog\\\/\"},{\"@type\":\"ListItem\",\"position\":2,\"name\":\"L&rsquo;\u00e9cole Ferdinand Buisson : un mod\u00e8le d&rsquo;innovation p\u00e9dagogique en 2025\"}]},{\"@type\":\"WebSite\",\"@id\":\"https:\\\/\\\/www.apres-lecole.fr\\\/Blog\\\/#website\",\"url\":\"https:\\\/\\\/www.apres-lecole.fr\\\/Blog\\\/\",\"name\":\"\",\"description\":\"M\u00e9dia g\u00e9n\u00e9raliste\",\"potentialAction\":[{\"@type\":\"SearchAction\",\"target\":{\"@type\":\"EntryPoint\",\"urlTemplate\":\"https:\\\/\\\/www.apres-lecole.fr\\\/Blog\\\/?s={search_term_string}\"},\"query-input\":{\"@type\":\"PropertyValueSpecification\",\"valueRequired\":true,\"valueName\":\"search_term_string\"}}],\"inLanguage\":\"fr-FR\"},{\"@type\":\"Person\",\"@id\":\"\",\"url\":\"https:\\\/\\\/www.apres-lecole.fr\\\/Blog\\\/author\\\/\"}]}<\/script>\n<!-- \/ Yoast SEO plugin. -->","yoast_head_json":{"title":"Ferdinand Buisson : L'\u00e9cole qui r\u00e9invente l'apprentissage en 2025","description":"D\u00e9couvrez comment l'\u00e9cole Ferdinand Buisson incarne l'innovation p\u00e9dagogique en 2025, offrant un enseignement moderne et inspirant.","robots":{"index":"index","follow":"follow","max-snippet":"max-snippet:-1","max-image-preview":"max-image-preview:large","max-video-preview":"max-video-preview:-1"},"canonical":"https:\/\/www.apres-lecole.fr\/Blog\/ferdinand-buisson-innovation\/","og_locale":"fr_FR","og_type":"article","og_title":"Ferdinand Buisson : L'\u00e9cole qui r\u00e9invente l'apprentissage en 2025","og_description":"D\u00e9couvrez comment l'\u00e9cole Ferdinand Buisson incarne l'innovation p\u00e9dagogique en 2025, offrant un enseignement moderne et inspirant.","og_url":"https:\/\/www.apres-lecole.fr\/Blog\/ferdinand-buisson-innovation\/","article_published_time":"2025-10-19T06:34:55+00:00","og_image":[{"width":1344,"height":768,"url":"https:\/\/www.apres-lecole.fr\/Blog\/wp-content\/uploads\/2025\/10\/Lecole-Ferdinand-Buisson-un-modele-dinnovation-pedagogique-en-2025.jpg","type":"image\/jpeg"}],"twitter_card":"summary_large_image","twitter_misc":{"\u00c9crit par":"","Dur\u00e9e de lecture estim\u00e9e":"9 minutes"},"schema":{"@context":"https:\/\/schema.org","@graph":[{"@type":"Article","@id":"https:\/\/www.apres-lecole.fr\/Blog\/ferdinand-buisson-innovation\/#article","isPartOf":{"@id":"https:\/\/www.apres-lecole.fr\/Blog\/ferdinand-buisson-innovation\/"},"author":{"name":"","@id":""},"headline":"L&rsquo;\u00e9cole Ferdinand Buisson : un mod\u00e8le d&rsquo;innovation p\u00e9dagogique en 2025","datePublished":"2025-10-19T06:34:55+00:00","mainEntityOfPage":{"@id":"https:\/\/www.apres-lecole.fr\/Blog\/ferdinand-buisson-innovation\/"},"wordCount":1890,"commentCount":0,"image":{"@id":"https:\/\/www.apres-lecole.fr\/Blog\/ferdinand-buisson-innovation\/#primaryimage"},"thumbnailUrl":"https:\/\/www.apres-lecole.fr\/Blog\/wp-content\/uploads\/2025\/10\/Lecole-Ferdinand-Buisson-un-modele-dinnovation-pedagogique-en-2025.jpg","keywords":["\u00e9cole ferdinand buisson","\u00e9ducation 2025","innovation p\u00e9dagogique","mod\u00e8le \u00e9ducatif","p\u00e9dagogie innovante"],"articleSection":["Actualit\u00e9s"],"inLanguage":"fr-FR","potentialAction":[{"@type":"CommentAction","name":"Comment","target":["https:\/\/www.apres-lecole.fr\/Blog\/ferdinand-buisson-innovation\/#respond"]}]},{"@type":"WebPage","@id":"https:\/\/www.apres-lecole.fr\/Blog\/ferdinand-buisson-innovation\/","url":"https:\/\/www.apres-lecole.fr\/Blog\/ferdinand-buisson-innovation\/","name":"Ferdinand Buisson : L'\u00e9cole qui r\u00e9invente l'apprentissage en 2025","isPartOf":{"@id":"https:\/\/www.apres-lecole.fr\/Blog\/#website"},"primaryImageOfPage":{"@id":"https:\/\/www.apres-lecole.fr\/Blog\/ferdinand-buisson-innovation\/#primaryimage"},"image":{"@id":"https:\/\/www.apres-lecole.fr\/Blog\/ferdinand-buisson-innovation\/#primaryimage"},"thumbnailUrl":"https:\/\/www.apres-lecole.fr\/Blog\/wp-content\/uploads\/2025\/10\/Lecole-Ferdinand-Buisson-un-modele-dinnovation-pedagogique-en-2025.jpg","datePublished":"2025-10-19T06:34:55+00:00","author":{"@id":""},"description":"D\u00e9couvrez comment l'\u00e9cole Ferdinand Buisson incarne l'innovation p\u00e9dagogique en 2025, offrant un enseignement moderne et inspirant.","breadcrumb":{"@id":"https:\/\/www.apres-lecole.fr\/Blog\/ferdinand-buisson-innovation\/#breadcrumb"},"inLanguage":"fr-FR","potentialAction":[{"@type":"ReadAction","target":["https:\/\/www.apres-lecole.fr\/Blog\/ferdinand-buisson-innovation\/"]}]},{"@type":"ImageObject","inLanguage":"fr-FR","@id":"https:\/\/www.apres-lecole.fr\/Blog\/ferdinand-buisson-innovation\/#primaryimage","url":"https:\/\/www.apres-lecole.fr\/Blog\/wp-content\/uploads\/2025\/10\/Lecole-Ferdinand-Buisson-un-modele-dinnovation-pedagogique-en-2025.jpg","contentUrl":"https:\/\/www.apres-lecole.fr\/Blog\/wp-content\/uploads\/2025\/10\/Lecole-Ferdinand-Buisson-un-modele-dinnovation-pedagogique-en-2025.jpg","width":1344,"height":768,"caption":"d\u00e9couvrez comment l'\u00e9cole ferdinand buisson s'impose en 2025 comme un mod\u00e8le d'innovation p\u00e9dagogique, m\u00ealant nouvelles technologies, p\u00e9dagogies actives et r\u00e9ussite pour tous les \u00e9l\u00e8ves."},{"@type":"BreadcrumbList","@id":"https:\/\/www.apres-lecole.fr\/Blog\/ferdinand-buisson-innovation\/#breadcrumb","itemListElement":[{"@type":"ListItem","position":1,"name":"Home","item":"https:\/\/www.apres-lecole.fr\/Blog\/"},{"@type":"ListItem","position":2,"name":"L&rsquo;\u00e9cole Ferdinand Buisson : un mod\u00e8le d&rsquo;innovation p\u00e9dagogique en 2025"}]},{"@type":"WebSite","@id":"https:\/\/www.apres-lecole.fr\/Blog\/#website","url":"https:\/\/www.apres-lecole.fr\/Blog\/","name":"","description":"M\u00e9dia g\u00e9n\u00e9raliste","potentialAction":[{"@type":"SearchAction","target":{"@type":"EntryPoint","urlTemplate":"https:\/\/www.apres-lecole.fr\/Blog\/?s={search_term_string}"},"query-input":{"@type":"PropertyValueSpecification","valueRequired":true,"valueName":"search_term_string"}}],"inLanguage":"fr-FR"},{"@type":"Person","@id":"","url":"https:\/\/www.apres-lecole.fr\/Blog\/author\/"}]}},"views":2,"_links":{"self":[{"href":"https:\/\/www.apres-lecole.fr\/Blog\/wp-json\/wp\/v2\/posts\/2556","targetHints":{"allow":["GET"]}}],"collection":[{"href":"https:\/\/www.apres-lecole.fr\/Blog\/wp-json\/wp\/v2\/posts"}],"about":[{"href":"https:\/\/www.apres-lecole.fr\/Blog\/wp-json\/wp\/v2\/types\/post"}],"author":[{"embeddable":true,"href":"https:\/\/www.apres-lecole.fr\/Blog\/wp-json\/wp\/v2\/users\/7"}],"replies":[{"embeddable":true,"href":"https:\/\/www.apres-lecole.fr\/Blog\/wp-json\/wp\/v2\/comments?post=2556"}],"version-history":[{"count":0,"href":"https:\/\/www.apres-lecole.fr\/Blog\/wp-json\/wp\/v2\/posts\/2556\/revisions"}],"wp:featuredmedia":[{"embeddable":true,"href":"https:\/\/www.apres-lecole.fr\/Blog\/wp-json\/wp\/v2\/media\/2555"}],"wp:attachment":[{"href":"https:\/\/www.apres-lecole.fr\/Blog\/wp-json\/wp\/v2\/media?parent=2556"}],"wp:term":[{"taxonomy":"category","embeddable":true,"href":"https:\/\/www.apres-lecole.fr\/Blog\/wp-json\/wp\/v2\/categories?post=2556"},{"taxonomy":"post_tag","embeddable":true,"href":"https:\/\/www.apres-lecole.fr\/Blog\/wp-json\/wp\/v2\/tags?post=2556"}],"curies":[{"name":"wp","href":"https:\/\/api.w.org\/{rel}","templated":true}]}}