{"id":2550,"date":"2025-10-18T06:34:33","date_gmt":"2025-10-18T06:34:33","guid":{"rendered":"https:\/\/www.apres-lecole.fr\/Blog\/ecole-jean-mace-innovation\/"},"modified":"2025-10-18T06:34:33","modified_gmt":"2025-10-18T06:34:33","slug":"ecole-jean-mace-innovation","status":"publish","type":"post","link":"https:\/\/www.apres-lecole.fr\/Blog\/ecole-jean-mace-innovation\/","title":{"rendered":"L&rsquo;\u00e9cole Jean Mac\u00e9 en 2025 : un lieu d&rsquo;innovation p\u00e9dagogique"},"content":{"rendered":"\n\n<div class=\"kk-star-ratings kksr-auto kksr-align-left kksr-valign-top\"\n    data-payload='{&quot;align&quot;:&quot;left&quot;,&quot;id&quot;:&quot;2550&quot;,&quot;slug&quot;:&quot;default&quot;,&quot;valign&quot;:&quot;top&quot;,&quot;ignore&quot;:&quot;&quot;,&quot;reference&quot;:&quot;auto&quot;,&quot;class&quot;:&quot;&quot;,&quot;count&quot;:&quot;0&quot;,&quot;legendonly&quot;:&quot;&quot;,&quot;readonly&quot;:&quot;&quot;,&quot;score&quot;:&quot;0&quot;,&quot;starsonly&quot;:&quot;&quot;,&quot;best&quot;:&quot;5&quot;,&quot;gap&quot;:&quot;5&quot;,&quot;greet&quot;:&quot;Rate this post&quot;,&quot;legend&quot;:&quot;0\\\/5 - (0 vote)&quot;,&quot;size&quot;:&quot;24&quot;,&quot;title&quot;:&quot;L\\u0026#039;\u00e9cole Jean Mac\u00e9 en 2025 : un lieu d\\u0026#039;innovation p\u00e9dagogique&quot;,&quot;width&quot;:&quot;0&quot;,&quot;_legend&quot;:&quot;{score}\\\/{best} - ({count} {votes})&quot;,&quot;font_factor&quot;:&quot;1.25&quot;}'>\n            \n<div class=\"kksr-stars\">\n    \n<div class=\"kksr-stars-inactive\">\n            <div class=\"kksr-star\" data-star=\"1\" style=\"padding-right: 5px\">\n            \n\n<div class=\"kksr-icon\" style=\"width: 24px; height: 24px;\"><\/div>\n        <\/div>\n            <div class=\"kksr-star\" data-star=\"2\" style=\"padding-right: 5px\">\n            \n\n<div class=\"kksr-icon\" style=\"width: 24px; height: 24px;\"><\/div>\n        <\/div>\n            <div class=\"kksr-star\" data-star=\"3\" style=\"padding-right: 5px\">\n            \n\n<div class=\"kksr-icon\" style=\"width: 24px; height: 24px;\"><\/div>\n        <\/div>\n            <div class=\"kksr-star\" data-star=\"4\" style=\"padding-right: 5px\">\n            \n\n<div class=\"kksr-icon\" style=\"width: 24px; height: 24px;\"><\/div>\n        <\/div>\n            <div class=\"kksr-star\" data-star=\"5\" style=\"padding-right: 5px\">\n            \n\n<div class=\"kksr-icon\" style=\"width: 24px; height: 24px;\"><\/div>\n        <\/div>\n    <\/div>\n    \n<div class=\"kksr-stars-active\" style=\"width: 0px;\">\n            <div class=\"kksr-star\" style=\"padding-right: 5px\">\n            \n\n<div class=\"kksr-icon\" style=\"width: 24px; height: 24px;\"><\/div>\n        <\/div>\n            <div class=\"kksr-star\" style=\"padding-right: 5px\">\n            \n\n<div class=\"kksr-icon\" style=\"width: 24px; height: 24px;\"><\/div>\n        <\/div>\n            <div class=\"kksr-star\" style=\"padding-right: 5px\">\n            \n\n<div class=\"kksr-icon\" style=\"width: 24px; height: 24px;\"><\/div>\n        <\/div>\n            <div class=\"kksr-star\" style=\"padding-right: 5px\">\n            \n\n<div class=\"kksr-icon\" style=\"width: 24px; height: 24px;\"><\/div>\n        <\/div>\n            <div class=\"kksr-star\" style=\"padding-right: 5px\">\n            \n\n<div class=\"kksr-icon\" style=\"width: 24px; height: 24px;\"><\/div>\n        <\/div>\n    <\/div>\n<\/div>\n                \n\n<div class=\"kksr-legend\" style=\"font-size: 19.2px;\">\n            <span class=\"kksr-muted\">Rate this post<\/span>\n    <\/div>\n    <\/div>\n<p>En 2025, l&rsquo;\u00e9cole Jean Mac\u00e9 se positionne comme un v\u00e9ritable mod\u00e8le d&rsquo;innovation p\u00e9dagogique, un espace o\u00f9 l&rsquo;\u00e9ducation se transforme pour r\u00e9pondre aux d\u00e9fis contemporains. Situ\u00e9e \u00e0 Saint-Priest, cette \u00e9cole a su r\u00e9inventer son approche d&rsquo;enseignement pour offrir un cadre stimulant et novateur \u00e0 ses \u00e9l\u00e8ves. Cet \u00e9tablissement, qui a d\u00e9j\u00e0 fait parler de lui gr\u00e2ce \u00e0 ses projets ambitieux, devient un v\u00e9ritable laboratoire o\u00f9 les m\u00e9thodes d&rsquo;enseignement sont explor\u00e9es et d\u00e9velopp\u00e9es. \u00c0 travers des projets tels que La Fabrique Scolaire et Lab \u00c9du 2025, l&rsquo;\u00e9cole s&rsquo;inscrit dans une dynamique de changement, int\u00e9grant des structures flexibles pour s&rsquo;adapter aux besoins des \u00e9l\u00e8ves et des enseignants.<\/p>\n\n<p>Le r\u00e9am\u00e9nagement des locaux et la multiplication des espaces ouverts et collaboratifs renforcent cette vision d&rsquo;un apprentissage flexible et inclusif. Les m\u00e9thodes d\u2019apprentissage passent ainsi d&rsquo;un mod\u00e8le traditionnel \u00e0 une approche plus participative, favorisant l&rsquo;engagement et la cr\u00e9ativit\u00e9 des \u00e9l\u00e8ves. Le tout nouveau dispositif P\u00e9dagoLab, par exemple, incarne cette volont\u00e9 de rapprocher les \u00e9l\u00e8ves de situations d&rsquo;apprentissage r\u00e9elles, les pr\u00e9parant \u00e0 un avenir o\u00f9 ils devront \u00eatre actifs et adaptables. L&rsquo;\u00e9cole Jean Mac\u00e9 n\u2019est pas seulement un lieu d\u2019enseignement, elle fait figure de pr\u00e9curseur dans la red\u00e9finition des espaces scolaires, rendant l&rsquo;\u00e9ducation plus vivante, plus \u00e9panouissante et surtout plus en phase avec les d\u00e9fis de demain.<\/p>\n\n<h2 class=\"wp-block-heading\">Un environnement d&rsquo;apprentissage transform\u00e9<\/h2>\n\n<p>Dans le cadre de la modernisation de l&rsquo;\u00e9cole Jean Mac\u00e9, un accent particulier a \u00e9t\u00e9 mis sur la cr\u00e9ation d&rsquo;un environnement agr\u00e9able et stimulant. La transformation architecturale de l&rsquo;\u00e9tablissement en fait un exemple \u00e0 suivre. Avec l&rsquo;ajout de nouvelles infrastructures, comme une cantine performante et un gymnase accessible, l&rsquo;espace est con\u00e7u pour maximiser l&rsquo;interaction entre les \u00e9l\u00e8ves, les enseignants et l&rsquo;ext\u00e9rieur.<\/p>\n\n<h3 class=\"wp-block-heading\">R\u00e9novation et am\u00e9nagement des espaces<\/h3>\n\n<p>Pour favoriser un apprentissage dynamique, plusieurs infrastructures cl\u00e9s ont \u00e9t\u00e9 mises en place, notamment :<\/p>\n\n<ul class=\"wp-block-list\"><li>\ud83d\udd04 Une nouvelle aile centrale pour am\u00e9liorer la fluidit\u00e9 des d\u00e9placements dans l&rsquo;\u00e9cole.<\/li><li>\ud83c\udf33 Un jardin p\u00e9dagogique en terrasse pour les le\u00e7ons en plein air, permettant aux \u00e9l\u00e8ves d&rsquo;apprendre \u00e0 toucher la terre.<\/li><li>\ud83c\udfeb Une cour de r\u00e9cr\u00e9ation enti\u00e8rement r\u00e9nov\u00e9e, v\u00e9g\u00e9talis\u00e9e avec des \u00eelots de fra\u00eecheur pour des pauses revigorantes.<\/li><li>\ud83c\udfcb\ufe0f\u200d\u2642\ufe0f Un gymnase permettant un acc\u00e8s hors temps scolaire pour les associations sportives, favorisant le sport comme outil de socialisation.<\/li><\/ul>\n\n<p>Cette approche s&rsquo;inscrit dans un projet global de 7 millions d&rsquo;euros, d\u00e9cernant ainsi \u00e0 l&rsquo;\u00e9cole Jean Mac\u00e9 un label d&rsquo;excellence pour ses choix architecturaux durables. En int\u00e9grant des mat\u00e9riaux biosourc\u00e9s comme le pis\u00e9, l\u2019\u00e9tablissement d\u00e9montre un profond engagement envers l&rsquo;environnement, tout en offrant un cadre de vie des plus agr\u00e9ables pour ses \u00e9l\u00e8ves.<\/p>\n\n<figure class=\"wp-block-table\"><table>\n<thead>\n<tr>\n<th>Infrastructures<\/th>\n<th>Objectifs<\/th>\n<th>Impact sur l&rsquo;apprentissage<\/th>\n<\/tr>\n<\/thead>\n<tbody>\n<tr>\n<td>Nouvelle aile centrale<\/td>\n<td>Fluidit\u00e9 des d\u00e9placements<\/td>\n<td>Am\u00e9lioration de l&rsquo;acc\u00e8s aux ressources<\/td>\n<\/tr>\n<tr>\n<td>Jardin p\u00e9dagogique<\/td>\n<td>Apprentissage en ext\u00e9rieur<\/td>\n<td>Connexions avec la nature<\/td>\n<\/tr>\n<tr>\n<td>Cour v\u00e9g\u00e9talis\u00e9e<\/td>\n<td>Espaces de d\u00e9tente<\/td>\n<td>Renforcement du bien-\u00eatre<\/td>\n<\/tr>\n<tr>\n<td>Gymnase accessible<\/td>\n<td>Promotion du sport<\/td>\n<td>Socialisation et esprit d&rsquo;\u00e9quipe<\/td>\n<\/tr>\n<\/tbody>\n<\/table><\/figure>\n\n<h3 class=\"wp-block-heading\">Innovation durable au service de l&rsquo;\u00e9ducation<\/h3>\n\n<p>La cour de r\u00e9cr\u00e9ation, exemple parfait d&rsquo;une \u00e9cole au service de l&rsquo;environnement et de l&rsquo;\u00e9ducation, incorpore diff\u00e9rents espaces d\u00e9di\u00e9s au sport et \u00e0 la d\u00e9tente. Les mat\u00e9riaux utilis\u00e9s pour la r\u00e9novation des all\u00e9es sont perm\u00e9ables, contribuant ainsi \u00e0 une gestion efficace des eaux pluviales. Ce syst\u00e8me permet de r\u00e9duire naturellement les risques de glissades sur le sol.<\/p>\n\n<p>Les valeurs fondamentales de l&rsquo;\u00e9cole Jean Mac\u00e9, \u00e0 savoir l&rsquo;innovation, la durabilit\u00e9 et le bien-\u00eatre des \u00e9l\u00e8ves, s&rsquo;entrem\u00ealent pour garantir un \u00e9panouissement global. Ce nouvel environnement se veut propice aux apprentissages vari\u00e9s et \u00e0 l\u2019adaptabilit\u00e9, des atouts majeurs pour faire face aux d\u00e9fis futurs. \u00c0 travers des projets collaboratifs intrigants comme Enseignons Demain, l&rsquo;\u00e9cole engage ses \u00e9l\u00e8ves \u00e0 penser diff\u00e9remment et \u00e0 envisager l&rsquo;\u00e9cole comme un lieu d&rsquo;ancrage pour leur avenir.<\/p>\n\n<h2 class=\"wp-block-heading\">Des m\u00e9thodes p\u00e9dagogiques innovantes<\/h2>\n\n<p>\u00c0 l&rsquo;\u00e9cole Jean Mac\u00e9, l&rsquo;enseignement ne se limite pas \u00e0 un simple transfert de connaissances. Au contraire, les m\u00e9thodes p\u00e9dagogiques adopt\u00e9es s&rsquo;appuient sur une approche centr\u00e9e sur l&rsquo;\u00e9l\u00e8ve. Cela signifie que les \u00e9tudiants jouent un r\u00f4le actif dans leur apprentissage, stimulant ainsi leur motivation et leur engagement. L&rsquo;int\u00e9gration de La Fabrique Scolaire permet l&rsquo;exploration de th\u00e8mes transversaux et l&rsquo;utilisation de technologies \u00e9mergentes.<\/p>\n\n<h3 class=\"wp-block-heading\">P\u00e9dagogie par projet et Classe Ouverte<\/h3>\n\n<p>Avec l&rsquo;initiative Classe Ouverte, les \u00e9l\u00e8ves sont encourag\u00e9s \u00e0 collaborer sur des projets qui touchent \u00e0 des sujets concrets. Ce mode d&rsquo;enseignement favorise l&rsquo;entraide et la cr\u00e9ativit\u00e9.<\/p>\n\n<ul class=\"wp-block-list\"><li>\ud83d\udc69\u200d\ud83c\udfeb Projets pratiques en groupe.<\/li><li>\ud83d\udcda Travail sur des th\u00e8mes d&rsquo;actualit\u00e9 li\u00e9s \u00e0 la soci\u00e9t\u00e9.<\/li><li>\ud83d\udc68\u200d\ud83d\udcbb Utilisation d&rsquo;outils num\u00e9riques pour une meilleure pr\u00e9sentation et compr\u00e9hension.<\/li><li>\ud83c\udfa8 Interdisciplinarit\u00e9 entre les mati\u00e8res, enrichissant ainsi l&rsquo;apprentissage.<\/li><\/ul>\n\n<p>Les r\u00e9sultats sont visibles \u00e0 travers l\u2019enthousiasme des \u00e9l\u00e8ves et leurs nouvelles comp\u00e9tences polyvalentes. De plus, la m\u00e9thode d\u2019apprentissage par projet garantit aux enseignants un suivi personnalis\u00e9, identifiant les forces et les axes d&rsquo;am\u00e9lioration pour chaque \u00e9l\u00e8ve.<\/p>\n\n<figure class=\"wp-block-table\"><table>\n<thead>\n<tr>\n<th>M\u00e9thode p\u00e9dagogique<\/th>\n<th>Objectifs<\/th>\n<th>R\u00e9sultats attendus<\/th>\n<\/tr>\n<\/thead>\n<tbody>\n<tr>\n<td>P\u00e9dagogie par projet<\/td>\n<td>Impliquer les \u00e9l\u00e8ves dans leur apprentissage<\/td>\n<td>Motivation accrue et autonomie<\/td>\n<\/tr>\n<tr>\n<td>Classe Ouverte<\/td>\n<td>Favoriser l\u2019interaction et la collaboration<\/td>\n<td>Renforcement des liens sociaux<\/td>\n<\/tr>\n<tr>\n<td>Utilisation des outils num\u00e9riques<\/td>\n<td>Faciliter l&rsquo;acc\u00e8s aux connaissances<\/td>\n<td>Meilleure compr\u00e9hension et engagement<\/td>\n<\/tr>\n<\/tbody>\n<\/table><\/figure>\n\n<h2 class=\"wp-block-heading\">Partenariats et projets collaboratifs<\/h2>\n\n<p>La dynamique \u00e0 l&rsquo;\u00e9cole Jean Mac\u00e9 se nourrit \u00e9galement de nombreux partenariats, aussi bien avec des entreprises locales qu&rsquo;avec des institutions acad\u00e9miques. En pla\u00e7ant l&rsquo;accent sur l&rsquo;ouverture \u00e0 l&rsquo;environnement ext\u00e9rieur, l&rsquo;\u00e9cole enrichit son approche \u00e9ducative. Les \u00e9l\u00e8ves b\u00e9n\u00e9ficient d&rsquo;interventions de professionnels, de sorties p\u00e9dagogiques, et de projets ambitieux comme le Campus 2025.<\/p>\n\n<h3 class=\"wp-block-heading\">Ancrage territorial et \u00e9changes culturels<\/h3>\n\n<p>Les partenariats avec des entreprises locales permettent aux \u00e9l\u00e8ves de faire le lien entre ce qu&rsquo;ils apprennent \u00e0 l&rsquo;\u00e9cole et le monde du travail.<\/p>\n\n<ul class=\"wp-block-list\"><li>\ud83c\udf0d Stages et immersion dans des entreprises locales.<\/li><li>\ud83e\udd1d Projets conjoints avec des acteurs scolaires de la r\u00e9gion.<\/li><li>\ud83c\udf89 \u00c9changes culturels avec des \u00e9tablissements \u00e9trangers.<\/li><li>\ud83d\udce2 Ateliers anim\u00e9s par des experts de diff\u00e9rents domaines.<\/li><\/ul>\n\n<p>Ceci favorise une \u00e9ducation en phase avec le monde contemporain, o\u00f9 l\u2019\u00e9cole prend le temps de former des citoyens inform\u00e9s, capables d\u2019\u00e9voluer dans un contexte globalis\u00e9. En impliquant des professionnels dans les projets p\u00e9dagogiques, l\u2019\u00e9cole Jean Mac\u00e9 s\u2019assure aussi de faire d\u00e9couvrir aux \u00e9l\u00e8ves une palette de m\u00e9tiers larges, contribuant \u00e0 leur ouverture d&rsquo;esprit.<\/p>\n\n<figure class=\"wp-block-table\"><table>\n<thead>\n<tr>\n<th>Partenariats<\/th>\n<th>Projets en cours<\/th>\n<th>Impact sur les \u00e9l\u00e8ves<\/th>\n<\/tr>\n<\/thead>\n<tbody>\n<tr>\n<td>Entreprises locales<\/td>\n<td>Stages en entreprise<\/td>\n<td>Connaissance du monde du travail<\/td>\n<\/tr>\n<tr>\n<td>Institutions acad\u00e9miques<\/td>\n<td>Projets de recherche collaboratifs<\/td>\n<td>Acc\u00e8s \u00e0 des ressources acad\u00e9miques<\/td>\n<\/tr>\n<tr>\n<td>\u00c9tablissements \u00e9trangers<\/td>\n<td>\u00c9changes culturels<\/td>\n<td>Ouverture \u00e0 l&rsquo;international<\/td>\n<\/tr>\n<\/tbody>\n<\/table><\/figure>\n\n<h2 class=\"wp-block-heading\">Technologies au service de l&rsquo;\u00e9ducation<\/h2>\n\n<p>L&rsquo;\u00e9cole Jean Mac\u00e9 ne fait pas que r\u00e9nover son infrastructure, elle embrasse \u00e9galement les nouvelles technologies pour enrichir les exp\u00e9riences d&rsquo;apprentissage des \u00e9l\u00e8ves. Le choix d&rsquo;outils num\u00e9riques adapt\u00e9s fait partie int\u00e9grante de cette vision futuriste. Des espaces de co-working et des salles de classe flexibles permettent l\u2019int\u00e9gration des nouvelles m\u00e9thodes d\u2019enseignement bas\u00e9es sur le num\u00e9rique.<\/p>\n\n<h3 class=\"wp-block-heading\">Utilisation des outils num\u00e9riques et p\u00e9dagogie invers\u00e9e<\/h3>\n\n<p>Le num\u00e9rique joue un r\u00f4le central dans la transformation de l&rsquo;enseignement au sein de l&rsquo;\u00e9cole. Gr\u00e2ce \u00e0 des tablettes et des applications \u00e9ducatives, l&rsquo;\u00e9ducation devient interactive et engageante.<\/p>\n\n<ul class=\"wp-block-list\"><li>\ud83d\udcbb Acc\u00e8s \u00e0 des ressources en ligne vari\u00e9es.<\/li><li>\ud83d\udcf2 Utilisation d&rsquo;applications pour le suivi des progr\u00e8s.<\/li><li>\ud83c\udfa5 Sessions d&rsquo;enseignement hybride adapt\u00e9es au rythme des \u00e9l\u00e8ves.<\/li><li>\ud83c\udf10 Cr\u00e9ation de projets num\u00e9riques en groupe.<\/li><\/ul>\n\n<p>Cette int\u00e9gration des technologies digitales renforce l\u2019autonomie des \u00e9l\u00e8ves, leur permettant ainsi d\u2019apprendre \u00e0 leur propre rythme. Des m\u00e9thodes telles que la p\u00e9dagogie invers\u00e9e, o\u00f9 les \u00e9l\u00e8ves \u00e9tudient le contenu chez eux avant la classe, sont \u00e9galement mises en avant, transformant la dynamique habituelle des cours.<\/p>\n\n<figure class=\"wp-block-table\"><table>\n<thead>\n<tr>\n<th>Outils num\u00e9riques<\/th>\n<th>Utilit\u00e9<\/th>\n<th>R\u00e9sultats observ\u00e9s<\/th>\n<\/tr>\n<\/thead>\n<tbody>\n<tr>\n<td>Tablettes<\/td>\n<td>Acc\u00e8s \u00e0 des ressources diversifi\u00e9es<\/td>\n<td>Impulsion de l&rsquo;interactivit\u00e9<\/td>\n<\/tr>\n<tr>\n<td>Applications p\u00e9dagogiques<\/td>\n<td>Suivi des connaissances<\/td>\n<td>Autonomie accrue<\/td>\n<\/tr>\n<tr>\n<td>Salles flexibles<\/td>\n<td>Adaptation aux m\u00e9thodes d&rsquo;apprentissage<\/td>\n<td>Mieux r\u00e9pondre aux besoins des \u00e9l\u00e8ves<\/td>\n<\/tr>\n<\/tbody>\n<\/table><\/figure>\n\n\n{\u00ab\u00a0@context\u00a0\u00bb:\u00a0\u00bbhttps:\/\/schema.org\u00a0\u00bb,\u00a0\u00bb@type\u00a0\u00bb:\u00a0\u00bbFAQPage\u00a0\u00bb,\u00a0\u00bbmainEntity\u00a0\u00bb:[{\u00ab\u00a0@type\u00a0\u00bb:\u00a0\u00bbQuestion\u00a0\u00bb,\u00a0\u00bbname\u00a0\u00bb:\u00a0\u00bbQuelles innovations ont u00e9tu00e9 mises en place u00e0 l&rsquo;u00e9cole Jean Macu00e9 ?\u00a0\u00bb,\u00a0\u00bbacceptedAnswer\u00a0\u00bb:{\u00ab\u00a0@type\u00a0\u00bb:\u00a0\u00bbAnswer\u00a0\u00bb,\u00a0\u00bbtext\u00a0\u00bb:\u00a0\u00bbL&rsquo;u00e9cole Jean Macu00e9 met en avant des initiatives comme La Fabrique Scolaire, Lab u00c9du 2025, et des espaces de classe ouverte pour une pu00e9dagogie active et collaborative.\u00a0\u00bb}},{\u00ab\u00a0@type\u00a0\u00bb:\u00a0\u00bbQuestion\u00a0\u00bb,\u00a0\u00bbname\u00a0\u00bb:\u00a0\u00bbComment l&rsquo;u00e9cole Jean Macu00e9 s&rsquo;adapte-t-elle aux enjeux environnementaux ?\u00a0\u00bb,\u00a0\u00bbacceptedAnswer\u00a0\u00bb:{\u00ab\u00a0@type\u00a0\u00bb:\u00a0\u00bbAnswer\u00a0\u00bb,\u00a0\u00bbtext\u00a0\u00bb:\u00a0\u00bbL&rsquo;u00e9tablissement utilise des matu00e9riaux durables comme le pisu00e9, et a amu00e9nagu00e9 ses espaces extu00e9rieurs de fau00e7on vu00e9gu00e9talisu00e9e pour favoriser le bien-u00eatre des u00e9lu00e8ves.\u00a0\u00bb}},{\u00ab\u00a0@type\u00a0\u00bb:\u00a0\u00bbQuestion\u00a0\u00bb,\u00a0\u00bbname\u00a0\u00bb:\u00a0\u00bbQuelles mu00e9thodes pu00e9dagogiques sont privilu00e9giu00e9es u00e0 l&rsquo;u00e9cole Jean Macu00e9 ?\u00a0\u00bb,\u00a0\u00bbacceptedAnswer\u00a0\u00bb:{\u00ab\u00a0@type\u00a0\u00bb:\u00a0\u00bbAnswer\u00a0\u00bb,\u00a0\u00bbtext\u00a0\u00bb:\u00a0\u00bbLa pu00e9dagogie par projet et l&rsquo;approche Classe Ouverte sont au cu0153ur des pratiques, favorisant la collaboration et l&rsquo;engagement des u00e9lu00e8ves dans leur apprentissage.\u00a0\u00bb}},{\u00ab\u00a0@type\u00a0\u00bb:\u00a0\u00bbQuestion\u00a0\u00bb,\u00a0\u00bbname\u00a0\u00bb:\u00a0\u00bbQuels dispositifs numu00e9riques sont utilisu00e9s u00e0 l&rsquo;u00e9cole Jean Macu00e9 ?\u00a0\u00bb,\u00a0\u00bbacceptedAnswer\u00a0\u00bb:{\u00ab\u00a0@type\u00a0\u00bb:\u00a0\u00bbAnswer\u00a0\u00bb,\u00a0\u00bbtext\u00a0\u00bb:\u00a0\u00bbL&rsquo;u00e9cole met en u0153uvre des tablettes, des applications pu00e9dagogiques ainsi que des salles de classe flexibles adaptu00e9es aux diffu00e9rents styles d&rsquo;apprentissage des u00e9lu00e8ves.\u00a0\u00bb}},{\u00ab\u00a0@type\u00a0\u00bb:\u00a0\u00bbQuestion\u00a0\u00bb,\u00a0\u00bbname\u00a0\u00bb:\u00a0\u00bbComment les partenariats influent-ils sur l&rsquo;apprentissage ?\u00a0\u00bb,\u00a0\u00bbacceptedAnswer\u00a0\u00bb:{\u00ab\u00a0@type\u00a0\u00bb:\u00a0\u00bbAnswer\u00a0\u00bb,\u00a0\u00bbtext\u00a0\u00bb:\u00a0\u00bbLes partenariats avec des entreprises locales permettent aux u00e9lu00e8ves de ru00e9aliser des stages et du2019enrichir leur compru00e9hension du monde du travail.\u00a0\u00bb}}]}\n\n<h3>Quelles innovations ont \u00e9t\u00e9 mises en place \u00e0 l&rsquo;\u00e9cole Jean Mac\u00e9 ?<\/h3>\n<p>L&rsquo;\u00e9cole Jean Mac\u00e9 met en avant des initiatives comme La Fabrique Scolaire, Lab \u00c9du 2025, et des espaces de classe ouverte pour une p\u00e9dagogie active et collaborative.<\/p>\n<h3>Comment l&rsquo;\u00e9cole Jean Mac\u00e9 s&rsquo;adapte-t-elle aux enjeux environnementaux ?<\/h3>\n<p>L&rsquo;\u00e9tablissement utilise des mat\u00e9riaux durables comme le pis\u00e9, et a am\u00e9nag\u00e9 ses espaces ext\u00e9rieurs de fa\u00e7on v\u00e9g\u00e9talis\u00e9e pour favoriser le bien-\u00eatre des \u00e9l\u00e8ves.<\/p>\n<h3>Quelles m\u00e9thodes p\u00e9dagogiques sont privil\u00e9gi\u00e9es \u00e0 l&rsquo;\u00e9cole Jean Mac\u00e9 ?<\/h3>\n<p>La p\u00e9dagogie par projet et l&rsquo;approche Classe Ouverte sont au c\u0153ur des pratiques, favorisant la collaboration et l&rsquo;engagement des \u00e9l\u00e8ves dans leur apprentissage.<\/p>\n<h3>Quels dispositifs num\u00e9riques sont utilis\u00e9s \u00e0 l&rsquo;\u00e9cole Jean Mac\u00e9 ?<\/h3>\n<p>L&rsquo;\u00e9cole met en \u0153uvre des tablettes, des applications p\u00e9dagogiques ainsi que des salles de classe flexibles adapt\u00e9es aux diff\u00e9rents styles d&rsquo;apprentissage des \u00e9l\u00e8ves.<\/p>\n<h3>Comment les partenariats influent-ils sur l&rsquo;apprentissage ?<\/h3>\n<p>Les partenariats avec des entreprises locales permettent aux \u00e9l\u00e8ves de r\u00e9aliser des stages et d\u2019enrichir leur compr\u00e9hension du monde du travail.<\/p>\n\n","protected":false},"excerpt":{"rendered":"<p>En 2025, l&rsquo;\u00e9cole Jean Mac\u00e9 se positionne comme un v\u00e9ritable mod\u00e8le d&rsquo;innovation p\u00e9dagogique, un espace o\u00f9 l&rsquo;\u00e9ducation se transforme pour r\u00e9pondre aux d\u00e9fis contemporains. Situ\u00e9e \u00e0 Saint-Priest, cette \u00e9cole a su r\u00e9inventer son approche d&rsquo;enseignement pour offrir un cadre stimulant et novateur \u00e0 ses \u00e9l\u00e8ves. Cet \u00e9tablissement, qui a d\u00e9j\u00e0 fait parler de lui gr\u00e2ce &#8230; <a title=\"L&rsquo;\u00e9cole Jean Mac\u00e9 en 2025 : un lieu d&rsquo;innovation p\u00e9dagogique\" class=\"read-more\" href=\"https:\/\/www.apres-lecole.fr\/Blog\/ecole-jean-mace-innovation\/\" aria-label=\"En savoir plus sur L&rsquo;\u00e9cole Jean Mac\u00e9 en 2025 : un lieu d&rsquo;innovation p\u00e9dagogique\">Lire plus<\/a><\/p>\n","protected":false},"author":7,"featured_media":2549,"comment_status":"open","ping_status":"open","sticky":false,"template":"","format":"standard","meta":{"footnotes":""},"categories":[342],"tags":[1818,1357,1502,1580,1432],"class_list":["post-2550","post","type-post","status-publish","format-standard","has-post-thumbnail","hentry","category-actualites","tag-ecole-jean-mace","tag-education-2025","tag-innovation-pedagogique","tag-lieu-dapprentissage","tag-methodes-denseignement"],"yoast_head":"<!-- This site is optimized with the Yoast SEO plugin v27.5 - https:\/\/yoast.com\/product\/yoast-seo-wordpress\/ -->\n<title>Jean Mac\u00e9 2025 : la R\u00e9volution P\u00e9dagogique en Action<\/title>\n<meta name=\"description\" content=\"D\u00e9couvrez l&#039;\u00e9cole Jean Mac\u00e9 en 2025 : un \u00e9tablissement innovant offrant des m\u00e9thodes p\u00e9dagogiques modernis\u00e9es et un environnement inspirant.\" \/>\n<meta name=\"robots\" content=\"index, follow, max-snippet:-1, max-image-preview:large, max-video-preview:-1\" \/>\n<link rel=\"canonical\" href=\"https:\/\/www.apres-lecole.fr\/Blog\/ecole-jean-mace-innovation\/\" \/>\n<meta property=\"og:locale\" content=\"fr_FR\" \/>\n<meta property=\"og:type\" content=\"article\" \/>\n<meta property=\"og:title\" content=\"Jean Mac\u00e9 2025 : la R\u00e9volution P\u00e9dagogique en Action\" \/>\n<meta property=\"og:description\" content=\"D\u00e9couvrez l&#039;\u00e9cole Jean Mac\u00e9 en 2025 : un \u00e9tablissement innovant offrant des m\u00e9thodes p\u00e9dagogiques modernis\u00e9es et un environnement inspirant.\" \/>\n<meta property=\"og:url\" content=\"https:\/\/www.apres-lecole.fr\/Blog\/ecole-jean-mace-innovation\/\" \/>\n<meta property=\"article:published_time\" content=\"2025-10-18T06:34:33+00:00\" \/>\n<meta property=\"og:image\" content=\"https:\/\/www.apres-lecole.fr\/Blog\/wp-content\/uploads\/2025\/10\/Lecole-Jean-Mace-en-2025-un-lieu-dinnovation-pedagogique.jpg\" \/>\n\t<meta property=\"og:image:width\" content=\"1344\" \/>\n\t<meta property=\"og:image:height\" content=\"768\" \/>\n\t<meta property=\"og:image:type\" content=\"image\/jpeg\" \/>\n<meta name=\"twitter:card\" content=\"summary_large_image\" \/>\n<meta name=\"twitter:label1\" content=\"\u00c9crit par\" \/>\n\t<meta name=\"twitter:data1\" content=\"\" \/>\n\t<meta name=\"twitter:label2\" content=\"Dur\u00e9e de lecture estim\u00e9e\" \/>\n\t<meta name=\"twitter:data2\" content=\"9 minutes\" \/>\n<script type=\"application\/ld+json\" class=\"yoast-schema-graph\">{\"@context\":\"https:\\\/\\\/schema.org\",\"@graph\":[{\"@type\":\"Article\",\"@id\":\"https:\\\/\\\/www.apres-lecole.fr\\\/Blog\\\/ecole-jean-mace-innovation\\\/#article\",\"isPartOf\":{\"@id\":\"https:\\\/\\\/www.apres-lecole.fr\\\/Blog\\\/ecole-jean-mace-innovation\\\/\"},\"author\":{\"name\":\"\",\"@id\":\"\"},\"headline\":\"L&rsquo;\u00e9cole Jean Mac\u00e9 en 2025 : un lieu d&rsquo;innovation p\u00e9dagogique\",\"datePublished\":\"2025-10-18T06:34:33+00:00\",\"mainEntityOfPage\":{\"@id\":\"https:\\\/\\\/www.apres-lecole.fr\\\/Blog\\\/ecole-jean-mace-innovation\\\/\"},\"wordCount\":1952,\"commentCount\":0,\"image\":{\"@id\":\"https:\\\/\\\/www.apres-lecole.fr\\\/Blog\\\/ecole-jean-mace-innovation\\\/#primaryimage\"},\"thumbnailUrl\":\"https:\\\/\\\/www.apres-lecole.fr\\\/Blog\\\/wp-content\\\/uploads\\\/2025\\\/10\\\/Lecole-Jean-Mace-en-2025-un-lieu-dinnovation-pedagogique.jpg\",\"keywords\":[\"\u00e9cole jean mac\u00e9\",\"\u00e9ducation 2025\",\"innovation p\u00e9dagogique\",\"lieu d'apprentissage\",\"m\u00e9thodes d'enseignement\"],\"articleSection\":[\"Actualit\u00e9s\"],\"inLanguage\":\"fr-FR\",\"potentialAction\":[{\"@type\":\"CommentAction\",\"name\":\"Comment\",\"target\":[\"https:\\\/\\\/www.apres-lecole.fr\\\/Blog\\\/ecole-jean-mace-innovation\\\/#respond\"]}]},{\"@type\":\"WebPage\",\"@id\":\"https:\\\/\\\/www.apres-lecole.fr\\\/Blog\\\/ecole-jean-mace-innovation\\\/\",\"url\":\"https:\\\/\\\/www.apres-lecole.fr\\\/Blog\\\/ecole-jean-mace-innovation\\\/\",\"name\":\"Jean Mac\u00e9 2025 : la R\u00e9volution P\u00e9dagogique en Action\",\"isPartOf\":{\"@id\":\"https:\\\/\\\/www.apres-lecole.fr\\\/Blog\\\/#website\"},\"primaryImageOfPage\":{\"@id\":\"https:\\\/\\\/www.apres-lecole.fr\\\/Blog\\\/ecole-jean-mace-innovation\\\/#primaryimage\"},\"image\":{\"@id\":\"https:\\\/\\\/www.apres-lecole.fr\\\/Blog\\\/ecole-jean-mace-innovation\\\/#primaryimage\"},\"thumbnailUrl\":\"https:\\\/\\\/www.apres-lecole.fr\\\/Blog\\\/wp-content\\\/uploads\\\/2025\\\/10\\\/Lecole-Jean-Mace-en-2025-un-lieu-dinnovation-pedagogique.jpg\",\"datePublished\":\"2025-10-18T06:34:33+00:00\",\"author\":{\"@id\":\"\"},\"description\":\"D\u00e9couvrez l'\u00e9cole Jean Mac\u00e9 en 2025 : un \u00e9tablissement innovant offrant des m\u00e9thodes p\u00e9dagogiques modernis\u00e9es et un environnement inspirant.\",\"breadcrumb\":{\"@id\":\"https:\\\/\\\/www.apres-lecole.fr\\\/Blog\\\/ecole-jean-mace-innovation\\\/#breadcrumb\"},\"inLanguage\":\"fr-FR\",\"potentialAction\":[{\"@type\":\"ReadAction\",\"target\":[\"https:\\\/\\\/www.apres-lecole.fr\\\/Blog\\\/ecole-jean-mace-innovation\\\/\"]}]},{\"@type\":\"ImageObject\",\"inLanguage\":\"fr-FR\",\"@id\":\"https:\\\/\\\/www.apres-lecole.fr\\\/Blog\\\/ecole-jean-mace-innovation\\\/#primaryimage\",\"url\":\"https:\\\/\\\/www.apres-lecole.fr\\\/Blog\\\/wp-content\\\/uploads\\\/2025\\\/10\\\/Lecole-Jean-Mace-en-2025-un-lieu-dinnovation-pedagogique.jpg\",\"contentUrl\":\"https:\\\/\\\/www.apres-lecole.fr\\\/Blog\\\/wp-content\\\/uploads\\\/2025\\\/10\\\/Lecole-Jean-Mace-en-2025-un-lieu-dinnovation-pedagogique.jpg\",\"width\":1344,\"height\":768,\"caption\":\"d\u00e9couvrez comment l'\u00e9cole jean mac\u00e9 se transforme en 2025 en un v\u00e9ritable lieu d'innovation p\u00e9dagogique, offrant aux \u00e9l\u00e8ves un environnement moderne, cr\u00e9atif et collaboratif pour mieux apprendre et s'\u00e9panouir.\"},{\"@type\":\"BreadcrumbList\",\"@id\":\"https:\\\/\\\/www.apres-lecole.fr\\\/Blog\\\/ecole-jean-mace-innovation\\\/#breadcrumb\",\"itemListElement\":[{\"@type\":\"ListItem\",\"position\":1,\"name\":\"Home\",\"item\":\"https:\\\/\\\/www.apres-lecole.fr\\\/Blog\\\/\"},{\"@type\":\"ListItem\",\"position\":2,\"name\":\"L&rsquo;\u00e9cole Jean Mac\u00e9 en 2025 : un lieu d&rsquo;innovation p\u00e9dagogique\"}]},{\"@type\":\"WebSite\",\"@id\":\"https:\\\/\\\/www.apres-lecole.fr\\\/Blog\\\/#website\",\"url\":\"https:\\\/\\\/www.apres-lecole.fr\\\/Blog\\\/\",\"name\":\"\",\"description\":\"M\u00e9dia g\u00e9n\u00e9raliste\",\"potentialAction\":[{\"@type\":\"SearchAction\",\"target\":{\"@type\":\"EntryPoint\",\"urlTemplate\":\"https:\\\/\\\/www.apres-lecole.fr\\\/Blog\\\/?s={search_term_string}\"},\"query-input\":{\"@type\":\"PropertyValueSpecification\",\"valueRequired\":true,\"valueName\":\"search_term_string\"}}],\"inLanguage\":\"fr-FR\"},{\"@type\":\"Person\",\"@id\":\"\",\"url\":\"https:\\\/\\\/www.apres-lecole.fr\\\/Blog\\\/author\\\/\"}]}<\/script>\n<!-- \/ Yoast SEO plugin. -->","yoast_head_json":{"title":"Jean Mac\u00e9 2025 : la R\u00e9volution P\u00e9dagogique en Action","description":"D\u00e9couvrez l'\u00e9cole Jean Mac\u00e9 en 2025 : un \u00e9tablissement innovant offrant des m\u00e9thodes p\u00e9dagogiques modernis\u00e9es et un environnement inspirant.","robots":{"index":"index","follow":"follow","max-snippet":"max-snippet:-1","max-image-preview":"max-image-preview:large","max-video-preview":"max-video-preview:-1"},"canonical":"https:\/\/www.apres-lecole.fr\/Blog\/ecole-jean-mace-innovation\/","og_locale":"fr_FR","og_type":"article","og_title":"Jean Mac\u00e9 2025 : la R\u00e9volution P\u00e9dagogique en Action","og_description":"D\u00e9couvrez l'\u00e9cole Jean Mac\u00e9 en 2025 : un \u00e9tablissement innovant offrant des m\u00e9thodes p\u00e9dagogiques modernis\u00e9es et un environnement inspirant.","og_url":"https:\/\/www.apres-lecole.fr\/Blog\/ecole-jean-mace-innovation\/","article_published_time":"2025-10-18T06:34:33+00:00","og_image":[{"width":1344,"height":768,"url":"https:\/\/www.apres-lecole.fr\/Blog\/wp-content\/uploads\/2025\/10\/Lecole-Jean-Mace-en-2025-un-lieu-dinnovation-pedagogique.jpg","type":"image\/jpeg"}],"twitter_card":"summary_large_image","twitter_misc":{"\u00c9crit par":"","Dur\u00e9e de lecture estim\u00e9e":"9 minutes"},"schema":{"@context":"https:\/\/schema.org","@graph":[{"@type":"Article","@id":"https:\/\/www.apres-lecole.fr\/Blog\/ecole-jean-mace-innovation\/#article","isPartOf":{"@id":"https:\/\/www.apres-lecole.fr\/Blog\/ecole-jean-mace-innovation\/"},"author":{"name":"","@id":""},"headline":"L&rsquo;\u00e9cole Jean Mac\u00e9 en 2025 : un lieu d&rsquo;innovation p\u00e9dagogique","datePublished":"2025-10-18T06:34:33+00:00","mainEntityOfPage":{"@id":"https:\/\/www.apres-lecole.fr\/Blog\/ecole-jean-mace-innovation\/"},"wordCount":1952,"commentCount":0,"image":{"@id":"https:\/\/www.apres-lecole.fr\/Blog\/ecole-jean-mace-innovation\/#primaryimage"},"thumbnailUrl":"https:\/\/www.apres-lecole.fr\/Blog\/wp-content\/uploads\/2025\/10\/Lecole-Jean-Mace-en-2025-un-lieu-dinnovation-pedagogique.jpg","keywords":["\u00e9cole jean mac\u00e9","\u00e9ducation 2025","innovation p\u00e9dagogique","lieu d'apprentissage","m\u00e9thodes d'enseignement"],"articleSection":["Actualit\u00e9s"],"inLanguage":"fr-FR","potentialAction":[{"@type":"CommentAction","name":"Comment","target":["https:\/\/www.apres-lecole.fr\/Blog\/ecole-jean-mace-innovation\/#respond"]}]},{"@type":"WebPage","@id":"https:\/\/www.apres-lecole.fr\/Blog\/ecole-jean-mace-innovation\/","url":"https:\/\/www.apres-lecole.fr\/Blog\/ecole-jean-mace-innovation\/","name":"Jean Mac\u00e9 2025 : la R\u00e9volution P\u00e9dagogique en Action","isPartOf":{"@id":"https:\/\/www.apres-lecole.fr\/Blog\/#website"},"primaryImageOfPage":{"@id":"https:\/\/www.apres-lecole.fr\/Blog\/ecole-jean-mace-innovation\/#primaryimage"},"image":{"@id":"https:\/\/www.apres-lecole.fr\/Blog\/ecole-jean-mace-innovation\/#primaryimage"},"thumbnailUrl":"https:\/\/www.apres-lecole.fr\/Blog\/wp-content\/uploads\/2025\/10\/Lecole-Jean-Mace-en-2025-un-lieu-dinnovation-pedagogique.jpg","datePublished":"2025-10-18T06:34:33+00:00","author":{"@id":""},"description":"D\u00e9couvrez l'\u00e9cole Jean Mac\u00e9 en 2025 : un \u00e9tablissement innovant offrant des m\u00e9thodes p\u00e9dagogiques modernis\u00e9es et un environnement inspirant.","breadcrumb":{"@id":"https:\/\/www.apres-lecole.fr\/Blog\/ecole-jean-mace-innovation\/#breadcrumb"},"inLanguage":"fr-FR","potentialAction":[{"@type":"ReadAction","target":["https:\/\/www.apres-lecole.fr\/Blog\/ecole-jean-mace-innovation\/"]}]},{"@type":"ImageObject","inLanguage":"fr-FR","@id":"https:\/\/www.apres-lecole.fr\/Blog\/ecole-jean-mace-innovation\/#primaryimage","url":"https:\/\/www.apres-lecole.fr\/Blog\/wp-content\/uploads\/2025\/10\/Lecole-Jean-Mace-en-2025-un-lieu-dinnovation-pedagogique.jpg","contentUrl":"https:\/\/www.apres-lecole.fr\/Blog\/wp-content\/uploads\/2025\/10\/Lecole-Jean-Mace-en-2025-un-lieu-dinnovation-pedagogique.jpg","width":1344,"height":768,"caption":"d\u00e9couvrez comment l'\u00e9cole jean mac\u00e9 se transforme en 2025 en un v\u00e9ritable lieu d'innovation p\u00e9dagogique, offrant aux \u00e9l\u00e8ves un environnement moderne, cr\u00e9atif et collaboratif pour mieux apprendre et s'\u00e9panouir."},{"@type":"BreadcrumbList","@id":"https:\/\/www.apres-lecole.fr\/Blog\/ecole-jean-mace-innovation\/#breadcrumb","itemListElement":[{"@type":"ListItem","position":1,"name":"Home","item":"https:\/\/www.apres-lecole.fr\/Blog\/"},{"@type":"ListItem","position":2,"name":"L&rsquo;\u00e9cole Jean Mac\u00e9 en 2025 : un lieu d&rsquo;innovation p\u00e9dagogique"}]},{"@type":"WebSite","@id":"https:\/\/www.apres-lecole.fr\/Blog\/#website","url":"https:\/\/www.apres-lecole.fr\/Blog\/","name":"","description":"M\u00e9dia g\u00e9n\u00e9raliste","potentialAction":[{"@type":"SearchAction","target":{"@type":"EntryPoint","urlTemplate":"https:\/\/www.apres-lecole.fr\/Blog\/?s={search_term_string}"},"query-input":{"@type":"PropertyValueSpecification","valueRequired":true,"valueName":"search_term_string"}}],"inLanguage":"fr-FR"},{"@type":"Person","@id":"","url":"https:\/\/www.apres-lecole.fr\/Blog\/author\/"}]}},"views":1,"_links":{"self":[{"href":"https:\/\/www.apres-lecole.fr\/Blog\/wp-json\/wp\/v2\/posts\/2550","targetHints":{"allow":["GET"]}}],"collection":[{"href":"https:\/\/www.apres-lecole.fr\/Blog\/wp-json\/wp\/v2\/posts"}],"about":[{"href":"https:\/\/www.apres-lecole.fr\/Blog\/wp-json\/wp\/v2\/types\/post"}],"author":[{"embeddable":true,"href":"https:\/\/www.apres-lecole.fr\/Blog\/wp-json\/wp\/v2\/users\/7"}],"replies":[{"embeddable":true,"href":"https:\/\/www.apres-lecole.fr\/Blog\/wp-json\/wp\/v2\/comments?post=2550"}],"version-history":[{"count":0,"href":"https:\/\/www.apres-lecole.fr\/Blog\/wp-json\/wp\/v2\/posts\/2550\/revisions"}],"wp:featuredmedia":[{"embeddable":true,"href":"https:\/\/www.apres-lecole.fr\/Blog\/wp-json\/wp\/v2\/media\/2549"}],"wp:attachment":[{"href":"https:\/\/www.apres-lecole.fr\/Blog\/wp-json\/wp\/v2\/media?parent=2550"}],"wp:term":[{"taxonomy":"category","embeddable":true,"href":"https:\/\/www.apres-lecole.fr\/Blog\/wp-json\/wp\/v2\/categories?post=2550"},{"taxonomy":"post_tag","embeddable":true,"href":"https:\/\/www.apres-lecole.fr\/Blog\/wp-json\/wp\/v2\/tags?post=2550"}],"curies":[{"name":"wp","href":"https:\/\/api.w.org\/{rel}","templated":true}]}}