{"id":2544,"date":"2025-10-16T07:06:56","date_gmt":"2025-10-16T07:06:56","guid":{"rendered":"https:\/\/www.apres-lecole.fr\/Blog\/exposition-caritative-buddhas-smile\/"},"modified":"2025-10-16T07:06:56","modified_gmt":"2025-10-16T07:06:56","slug":"exposition-caritative-buddhas-smile","status":"publish","type":"post","link":"https:\/\/www.apres-lecole.fr\/Blog\/exposition-caritative-buddhas-smile\/","title":{"rendered":"Une exposition caritative au b\u00e9n\u00e9fice des enfants de l&rsquo;\u00e9cole Buddha&rsquo;s Smile"},"content":{"rendered":"\n\n<div class=\"kk-star-ratings kksr-auto kksr-align-left kksr-valign-top\"\n    data-payload='{&quot;align&quot;:&quot;left&quot;,&quot;id&quot;:&quot;2544&quot;,&quot;slug&quot;:&quot;default&quot;,&quot;valign&quot;:&quot;top&quot;,&quot;ignore&quot;:&quot;&quot;,&quot;reference&quot;:&quot;auto&quot;,&quot;class&quot;:&quot;&quot;,&quot;count&quot;:&quot;0&quot;,&quot;legendonly&quot;:&quot;&quot;,&quot;readonly&quot;:&quot;&quot;,&quot;score&quot;:&quot;0&quot;,&quot;starsonly&quot;:&quot;&quot;,&quot;best&quot;:&quot;5&quot;,&quot;gap&quot;:&quot;5&quot;,&quot;greet&quot;:&quot;Rate this post&quot;,&quot;legend&quot;:&quot;0\\\/5 - (0 vote)&quot;,&quot;size&quot;:&quot;24&quot;,&quot;title&quot;:&quot;Une exposition caritative au b\u00e9n\u00e9fice des enfants de l\\u0026#039;\u00e9cole Buddha\\u0026#039;s Smile&quot;,&quot;width&quot;:&quot;0&quot;,&quot;_legend&quot;:&quot;{score}\\\/{best} - ({count} {votes})&quot;,&quot;font_factor&quot;:&quot;1.25&quot;}'>\n            \n<div class=\"kksr-stars\">\n    \n<div class=\"kksr-stars-inactive\">\n            <div class=\"kksr-star\" data-star=\"1\" style=\"padding-right: 5px\">\n            \n\n<div class=\"kksr-icon\" style=\"width: 24px; height: 24px;\"><\/div>\n        <\/div>\n            <div class=\"kksr-star\" data-star=\"2\" style=\"padding-right: 5px\">\n            \n\n<div class=\"kksr-icon\" style=\"width: 24px; height: 24px;\"><\/div>\n        <\/div>\n            <div class=\"kksr-star\" data-star=\"3\" style=\"padding-right: 5px\">\n            \n\n<div class=\"kksr-icon\" style=\"width: 24px; height: 24px;\"><\/div>\n        <\/div>\n            <div class=\"kksr-star\" data-star=\"4\" style=\"padding-right: 5px\">\n            \n\n<div class=\"kksr-icon\" style=\"width: 24px; height: 24px;\"><\/div>\n        <\/div>\n            <div class=\"kksr-star\" data-star=\"5\" style=\"padding-right: 5px\">\n            \n\n<div class=\"kksr-icon\" style=\"width: 24px; height: 24px;\"><\/div>\n        <\/div>\n    <\/div>\n    \n<div class=\"kksr-stars-active\" style=\"width: 0px;\">\n            <div class=\"kksr-star\" style=\"padding-right: 5px\">\n            \n\n<div class=\"kksr-icon\" style=\"width: 24px; height: 24px;\"><\/div>\n        <\/div>\n            <div class=\"kksr-star\" style=\"padding-right: 5px\">\n            \n\n<div class=\"kksr-icon\" style=\"width: 24px; height: 24px;\"><\/div>\n        <\/div>\n            <div class=\"kksr-star\" style=\"padding-right: 5px\">\n            \n\n<div class=\"kksr-icon\" style=\"width: 24px; height: 24px;\"><\/div>\n        <\/div>\n            <div class=\"kksr-star\" style=\"padding-right: 5px\">\n            \n\n<div class=\"kksr-icon\" style=\"width: 24px; height: 24px;\"><\/div>\n        <\/div>\n            <div class=\"kksr-star\" style=\"padding-right: 5px\">\n            \n\n<div class=\"kksr-icon\" style=\"width: 24px; height: 24px;\"><\/div>\n        <\/div>\n    <\/div>\n<\/div>\n                \n\n<div class=\"kksr-legend\" style=\"font-size: 19.2px;\">\n            <span class=\"kksr-muted\">Rate this post<\/span>\n    <\/div>\n    <\/div>\n<p>Dans un monde o\u00f9 l&rsquo;espoir et l&rsquo;\u00e9ducation se m\u00ealent, l&rsquo;association Les Enfants du sourire de Bouddha met en lumi\u00e8re la r\u00e9alit\u00e9 d&rsquo;enfants vivant dans un cycle de pauvret\u00e9 en Inde. Le 25 octobre, un \u00e9v\u00e9nement marquant se d\u00e9roulera au foyer de Clarensac, rassemblant des \u0153uvres d&rsquo;art caritatif pour soutenir l&rsquo;\u00e9cole Buddha&rsquo;s Smile \u00e0 Sarnath, pr\u00e8s de Varanasi. Cette exposition a pour but de recueillir des fonds afin de garantir l&rsquo;acc\u00e8s \u00e0 l&rsquo;\u00e9ducation pour ces jeunes, souvent issus de la caste des intouchables. Patrick et Laurence Baldini, fondateurs de l&rsquo;association, unissent leurs efforts avec passion et d\u00e9termination pour changer le parcours de ces enfants, leur permettant d&rsquo;acc\u00e9der \u00e0 une enfance \u00e9panouie. \u00c0 travers cette initiative, ils jettent une lumi\u00e8re d&rsquo;avenir sur ces vies souvent oubli\u00e9es, tout en invitant le public \u00e0 partager cet engagement solidaire.<\/p>\n\n<h2 class=\"wp-block-heading\">Une initiative solidaire pour l&rsquo;\u00e9ducation des enfants indiens<\/h2>\n\n<p>L&rsquo;initiative men\u00e9e par l&rsquo;association Les Enfants du sourire de Bouddha est un v\u00e9ritable mod\u00e8le de <strong>philanthropie<\/strong>. \u00c0 travers cette exposition, on d\u00e9couvre tout un r\u00e9seau de soutien d\u00e9di\u00e9 \u00e0 l&rsquo;\u00e9ducation d&rsquo;enfants d\u00e9favoris\u00e9s. La situation \u00e0 Sarnath, o\u00f9 se trouve l&rsquo;\u00e9cole Buddha&rsquo;s Smile, est d&rsquo;une pr\u00e9cision alarmante. Au c\u0153ur de l&rsquo;Inde, la ville est un symbole de la o\u00f9 les vestiges du bouddhisme se m\u00ealent \u00e0 une r\u00e9alit\u00e9 dure et implacable.<\/p>\n\n<p>Les enfants issus de familles vivant dans la pauvret\u00e9 font face \u00e0 des choix tragiques. \u00ab\u00a0Un jour, ils ramassent des ordures ; le lendemain, ils sont forc\u00e9s de mendier pour survivre\u00a0\u00bb, explique Patrick Baldini. Les parents, souvent issus de la caste des intouchables, voient leur potentiel \u00e9cras\u00e9 sous le poids d&rsquo;une tradition s\u00e9culaire. \u00c0 la Buddha&rsquo;s Smile School, cependant, un autre avenir devient possible. L&rsquo;\u00e9ducation est pr\u00e9sent\u00e9e comme la clef, la chaise qui permet de s&rsquo;extirper de cette condition.<\/p>\n\n<p>Les b\u00e9n\u00e9fices des parrainages jouent un r\u00f4le strat\u00e9gique dans cette lutte contre la pauvret\u00e9. Gr\u00e2ce \u00e0 la g\u00e9n\u00e9rosit\u00e9 des donateurs, l&rsquo;\u00e9cole offre non seulement des cours acad\u00e9miques, mais aussi un soutien moral et \u00e9motionnel crucial. Cet \u00e9lan de solidarit\u00e9 se traduit par des actions concr\u00e8tes, comme des programmes d&rsquo;alimentation scolaire, d&rsquo;hygi\u00e8ne et d&rsquo;activit\u00e9s extrascolaires qui \u00e9veillent la curiosit\u00e9 et \u00e9largissent les horizons des enfants.<\/p>\n\n<ul class=\"wp-block-list\"><li>\ud83c\udfa8 Expositions d&rsquo;art pour sensibiliser et collecter des fonds<\/li><li>\ud83d\udcda Parrainages directement destin\u00e9s \u00e0 l&rsquo;\u00e9ducation des enfants<\/li><li>\ud83e\udd1d Engagement des b\u00e9n\u00e9voles pour un soutien continu<\/li><li>\ud83d\udc69\u200d\ud83c\udfeb Acc\u00e8s \u00e0 des professeurs qualifi\u00e9s et aux mati\u00e8res essentielles<\/li><li>\ud83c\udf0f Sensibilisation \u00e0 la culture et \u00e0 l&rsquo;histoire indienne<\/li><\/ul>\n\n<figure class=\"wp-block-table\"><table>\n<thead>\n<tr>\n<th>Actions de l&rsquo;association<\/th>\n<th>Objectifs<\/th>\n<\/tr>\n<\/thead>\n<tbody>\n<tr>\n<td>Exposition caritative<\/td>\n<td>Collecte de fonds pour l&rsquo;\u00e9ducation<\/td>\n<\/tr>\n<tr>\n<td>Parrainage d&rsquo;enfants<\/td>\n<td>Scolarisation de la primaire au lyc\u00e9e<\/td>\n<\/tr>\n<tr>\n<td>R\u00e9unions communautaires<\/td>\n<td>\u00c9ducation et sensibilisation<\/td>\n<\/tr>\n<\/tbody>\n<\/table><\/figure>\n\n<h2 class=\"wp-block-heading\">L&rsquo;art caritatif : une voie vers l&rsquo;espoir<\/h2>\n\n<p>Lors de cet \u00e9v\u00e9nement, l&rsquo;art caritatif prend une dimension unique. Des \u0153uvres r\u00e9alis\u00e9es par les enfants de l&rsquo;\u00e9cole seront expos\u00e9es, t\u00e9moignant de leur cr\u00e9ativit\u00e9 malgr\u00e9 les d\u00e9fis qu&rsquo;ils rencontrent. C&rsquo;est un moment fort qui permet de percevoir le monde \u00e0 travers leurs yeux. Ces cr\u00e9ations ne sont pas seulement des dessins, mais un moyen de communication, un message <strong>d&rsquo;espoir enfantin<\/strong> que chacun peut comprendre.<\/p>\n\n<p>Ces repr\u00e9sentations artistiques illustrent tout autant les r\u00e9alit\u00e9s douloureuses des enfants que leurs r\u00eaves et aspirations. Gr\u00e2ce \u00e0 la vente de ces \u0153uvres, une plus grande visibilit\u00e9 est offerte au travail r\u00e9alis\u00e9 par l&rsquo;\u00e9cole tout en soutenant financi\u00e8rement l&rsquo;institution. C&rsquo;est un v\u00e9ritable acte de <strong>partage<\/strong>, o\u00f9 l&rsquo;achat d&rsquo;un dessin devient un geste pour changer une vie.<\/p>\n\n<p>Le vernissage sera l&rsquo;occasion de d\u00e9couvrir une vid\u00e9o immersive r\u00e9alis\u00e9e pendant la visite de Patrick et Laurence \u00e0 l&rsquo;\u00e9cole. Des images des enfants, des enseignants et des activit\u00e9s y figurent, illustrant le quotidien d&rsquo;un \u00e9tablissement qui respire la vie et l&rsquo;espoir. Ainsi, les visiteurs auront la possibilit\u00e9 d\u2019avoir un aper\u00e7u des b\u00e9n\u00e9fices directs de leur soutien. Ce sera aussi un moment convivial, o\u00f9 l\u2019on pourra \u00e9changer avec les membres de l\u2019association et entendre des t\u00e9moignages poignants des personnes engag\u00e9es sur le terrain.<\/p>\n\n<ul class=\"wp-block-list\"><li>\ud83c\udfa8 \u0152uvres d&rsquo;art originales cr\u00e9\u00e9es par les enfants<\/li><li>\ud83d\udcfd\ufe0f Projections vid\u00e9o sur le quotidien \u00e0 l&rsquo;\u00e9cole<\/li><li>\ud83e\udd32 vente de marque-pages et bracelets en dentelle pour d\u00e9gager des fonds<\/li><li>\ud83c\udf9f\ufe0f Tombola avec des prix attractifs<\/li><\/ul>\n\n<figure class=\"wp-block-table\"><table>\n<thead>\n<tr>\n<th>Type d&rsquo;art caritatif<\/th>\n<th>Impact<\/th>\n<\/tr>\n<\/thead>\n<tbody>\n<tr>\n<td>Dessins d&rsquo;enfants<\/td>\n<td>Visibilit\u00e9 et sensibilisation<\/td>\n<\/tr>\n<tr>\n<td>Photographies<\/td>\n<td>Emotion et connexion avec le public<\/td>\n<\/tr>\n<tr>\n<td>Objets artisanaux<\/td>\n<td>Collecte de fonds<\/td>\n<\/tr>\n<\/tbody>\n<\/table><\/figure>\n\n<h2 class=\"wp-block-heading\">Le t\u00e9moignage de ceux qui ont fait la diff\u00e9rence<\/h2>\n\n<p>Les histoires personnelles de ceux qui soutiennent l&rsquo;\u00e9cole et les enfants pr\u00e9sentent un int\u00e9r\u00eat particulier. Lorsque Patrick et Laurence racontent leur voyage, l&rsquo;on est transport\u00e9 au c\u0153ur m\u00eame du projet. Chaque anecdote tisse un lien entre les donateurs en France et ceux qui b\u00e9n\u00e9ficient de leur g\u00e9n\u00e9rosit\u00e9 en Inde. \u00ab\u00a0Nous avons cr\u00e9\u00e9 des liens forts avec les familles et les enfants ; leurs sourires sont notre plus grande r\u00e9compense\u00a0\u00bb, partage Laurence avec une complice audace.<\/p>\n\n<p>Ce retour d&rsquo;exp\u00e9rience est pr\u00e9cieux car il humanise l\u2019\u00e9loignement g\u00e9ographique. La philanthropie devient alors une action plus palpable. De l\u2019autre c\u00f4t\u00e9 de la plan\u00e8te, ces enfants voient leur existence s\u2019am\u00e9liorer gr\u00e2ce au soutien commun, \u00e0 ce <strong>c\u0153ur ouvert<\/strong> qui encourage le partage des ressources.<\/p>\n\n<p>Les expositions comme celle-ci permettent de faire circuler non seulement de l&rsquo;argent, mais aussi des id\u00e9es, des valeurs et des histoires v\u00e9cues. Situ\u00e9e \u00e0 un point charni\u00e8re entre l&#8217;empathie et l&rsquo;\u00e9veil des consciences, il est essentiel de d\u00e9fendre cette tradition de partage. Les t\u00e9moignages des Balkini sont \u00e9galement enrichis par ceux des b\u00e9n\u00e9voles qui, ann\u00e9e apr\u00e8s ann\u00e9e, s&rsquo;investissent dans cette aventure humaine.<\/p>\n\n<ul class=\"wp-block-list\"><li>\ud83c\udf0d Partage d&rsquo;exp\u00e9riences de voyages<\/li><li>\ud83d\udc65 T\u00e9moignages de b\u00e9n\u00e9voles et de donateurs<\/li><li>\u2764\ufe0f Importance des liens communautaires<\/li><\/ul>\n\n<figure class=\"wp-block-table\"><table>\n<thead>\n<tr>\n<th>Participants \u00e0 l&rsquo;initiative<\/th>\n<th>T\u00e9moigns et histoires<\/th>\n<\/tr>\n<\/thead>\n<tbody>\n<tr>\n<td>Patrick Baldini<\/td>\n<td>Anecdotes sur les visites et les interactions avec les enfants<\/td>\n<\/tr>\n<tr>\n<td>Laurence Baldini<\/td>\n<td>Moments marquants et reconnaissance des progr\u00e8s<\/td>\n<\/tr>\n<tr>\n<td>B\u00e9n\u00e9voles<\/td>\n<td>Impact personnel de l&rsquo;engagement b\u00e9n\u00e9vole<\/td>\n<\/tr>\n<\/tbody>\n<\/table><\/figure>\n\n<h2 class=\"wp-block-heading\">Comment participer \u00e0 ce mouvement solidaire<\/h2>\n\n<p>Participer \u00e0 cette initiative est \u00e0 la port\u00e9e de tous. En plus d&rsquo;assister \u00e0 l&rsquo;exposition, il existe plusieurs mani\u00e8res d&rsquo;aider. On peut devenir parrain, en engageant des fonds pour soutenir un ou plusieurs enfants dans leur parcours scolaire, apportant ainsi une <strong>lumi\u00e8re d&rsquo;avenir<\/strong> \u00e0 ceux dont les r\u00eaves sont souvent \u00e9touff\u00e9s.<\/p>\n\n<p>Il est \u00e9galement possible de faire un don ou de passer une commande pour des objets artisanaux confectionn\u00e9s par les enfants. Ces gestes, bien qu&rsquo;apparemment modestes, prennent toute leur importance quand on les cumule. Une somme modique pour certains peut transformer le quotidien d&rsquo;une vie. En devenant membre de l&rsquo;association, chacun peut suivre l&rsquo;impact de son soutien \u00e0 travers les rapports d&rsquo;activit\u00e9s.<\/p>\n\n<p>La tombola permettra \u00e9galement de r\u00e9colter des fonds tout en proposant des lots int\u00e9ressants. \u00c0 mesure que l\u2019on avance dans l\u2019organisation de ces \u00e9v\u00e9nements, la communaut\u00e9 se renforce, et l\u2019impact sur les enfants se fait ressentir d\u2019une mani\u00e8re toujours plus intense.<\/p>\n\n<ul class=\"wp-block-list\"><li>\ud83d\udc96 Devenir parrain d&rsquo;un enfant<\/li><li>\ud83d\udcb8 Faire un don ou acheter des \u0153uvres d&rsquo;art<\/li><li>\ud83c\udf9f\ufe0f Participer \u00e0 la tombola<\/li><li>\ud83d\udcda Adh\u00e9rer \u00e0 l&rsquo;association pour suivre les actualit\u00e9s<\/li><\/ul>\n\n<figure class=\"wp-block-table\"><table>\n<thead>\n<tr>\n<th>Actions possibles<\/th>\n<th>Contribution<\/th>\n<\/tr>\n<\/thead>\n<tbody>\n<tr>\n<td>Parrainage<\/td>\n<td>Support direct \u00e0 l&rsquo;\u00e9ducation<\/td>\n<\/tr>\n<tr>\n<td>Achat d&rsquo;\u0153uvres d&rsquo;art<\/td>\n<td>Financement des programmes \u00e9ducatifs<\/td>\n<\/tr>\n<tr>\n<td>Adh\u00e9sion \u00e0 l&rsquo;association<\/td>\n<td>Suivi des activit\u00e9s et investissement communautaire<\/td>\n<\/tr>\n<\/tbody>\n<\/table><\/figure>\n\n\n{\u00ab\u00a0@context\u00a0\u00bb:\u00a0\u00bbhttps:\/\/schema.org\u00a0\u00bb,\u00a0\u00bb@type\u00a0\u00bb:\u00a0\u00bbFAQPage\u00a0\u00bb,\u00a0\u00bbmainEntity\u00a0\u00bb:[{\u00ab\u00a0@type\u00a0\u00bb:\u00a0\u00bbQuestion\u00a0\u00bb,\u00a0\u00bbname\u00a0\u00bb:\u00a0\u00bbComment puis-je devenir parrain d&rsquo;un enfant ?\u00a0\u00bb,\u00a0\u00bbacceptedAnswer\u00a0\u00bb:{\u00ab\u00a0@type\u00a0\u00bb:\u00a0\u00bbAnswer\u00a0\u00bb,\u00a0\u00bbtext\u00a0\u00bb:\u00a0\u00bbIl suffit de contacter l&rsquo;association pour obtenir toutes les informations nu00e9cessaires et choisir l&rsquo;enfant que vous souhaitez parrainer.\u00a0\u00bb}},{\u00ab\u00a0@type\u00a0\u00bb:\u00a0\u00bbQuestion\u00a0\u00bb,\u00a0\u00bbname\u00a0\u00bb:\u00a0\u00bbOu00f9 se du00e9roule l&rsquo;exposition caritative ?\u00a0\u00bb,\u00a0\u00bbacceptedAnswer\u00a0\u00bb:{\u00ab\u00a0@type\u00a0\u00bb:\u00a0\u00bbAnswer\u00a0\u00bb,\u00a0\u00bbtext\u00a0\u00bb:\u00a0\u00bbL&rsquo;exposition se tiendra au foyer de Clarensac, le 25 octobre, de 10 heures u00e0 18 heures.\u00a0\u00bb}},{\u00ab\u00a0@type\u00a0\u00bb:\u00a0\u00bbQuestion\u00a0\u00bb,\u00a0\u00bbname\u00a0\u00bb:\u00a0\u00bbQuels types d&rsquo;objets sont disponibles u00e0 l&rsquo;achat ?\u00a0\u00bb,\u00a0\u00bbacceptedAnswer\u00a0\u00bb:{\u00ab\u00a0@type\u00a0\u00bb:\u00a0\u00bbAnswer\u00a0\u00bb,\u00a0\u00bbtext\u00a0\u00bb:\u00a0\u00bbVous pourrez trouver des u0153uvres d&rsquo;art cru00e9u00e9es par les enfants, des marque-pages en dentelle et des bracelets.\u00a0\u00bb}},{\u00ab\u00a0@type\u00a0\u00bb:\u00a0\u00bbQuestion\u00a0\u00bb,\u00a0\u00bbname\u00a0\u00bb:\u00a0\u00bbComment sont utilisu00e9s les fonds collectu00e9s ?\u00a0\u00bb,\u00a0\u00bbacceptedAnswer\u00a0\u00bb:{\u00ab\u00a0@type\u00a0\u00bb:\u00a0\u00bbAnswer\u00a0\u00bb,\u00a0\u00bbtext\u00a0\u00bb:\u00a0\u00bbLes fonds servent u00e0 financer l&rsquo;u00e9ducation des enfants, ainsi que divers programmes de soutien u00e0 l&rsquo;u00e9cole Buddha&rsquo;s Smile.\u00a0\u00bb}},{\u00ab\u00a0@type\u00a0\u00bb:\u00a0\u00bbQuestion\u00a0\u00bb,\u00a0\u00bbname\u00a0\u00bb:\u00a0\u00bbPuis-je faire un don en ligne ?\u00a0\u00bb,\u00a0\u00bbacceptedAnswer\u00a0\u00bb:{\u00ab\u00a0@type\u00a0\u00bb:\u00a0\u00bbAnswer\u00a0\u00bb,\u00a0\u00bbtext\u00a0\u00bb:\u00a0\u00bbOui, des options de dons en ligne sont disponibles sur le site de l&rsquo;association.\u00a0\u00bb}}]}\n\n<h3>Comment puis-je devenir parrain d&rsquo;un enfant ?<\/h3>\n<p>Il suffit de contacter l&rsquo;association pour obtenir toutes les informations n\u00e9cessaires et choisir l&rsquo;enfant que vous souhaitez parrainer.<\/p>\n<h3>O\u00f9 se d\u00e9roule l&rsquo;exposition caritative ?<\/h3>\n<p>L&rsquo;exposition se tiendra au foyer de Clarensac, le 25 octobre, de 10 heures \u00e0 18 heures.<\/p>\n<h3>Quels types d&rsquo;objets sont disponibles \u00e0 l&rsquo;achat ?<\/h3>\n<p>Vous pourrez trouver des \u0153uvres d&rsquo;art cr\u00e9\u00e9es par les enfants, des marque-pages en dentelle et des bracelets.<\/p>\n<h3>Comment sont utilis\u00e9s les fonds collect\u00e9s ?<\/h3>\n<p>Les fonds servent \u00e0 financer l&rsquo;\u00e9ducation des enfants, ainsi que divers programmes de soutien \u00e0 l&rsquo;\u00e9cole Buddha&rsquo;s Smile.<\/p>\n<h3>Puis-je faire un don en ligne ?<\/h3>\n<p>Oui, des options de dons en ligne sont disponibles sur le site de l&rsquo;association.<\/p>\n\n","protected":false},"excerpt":{"rendered":"<p>Dans un monde o\u00f9 l&rsquo;espoir et l&rsquo;\u00e9ducation se m\u00ealent, l&rsquo;association Les Enfants du sourire de Bouddha met en lumi\u00e8re la r\u00e9alit\u00e9 d&rsquo;enfants vivant dans un cycle de pauvret\u00e9 en Inde. Le 25 octobre, un \u00e9v\u00e9nement marquant se d\u00e9roulera au foyer de Clarensac, rassemblant des \u0153uvres d&rsquo;art caritatif pour soutenir l&rsquo;\u00e9cole Buddha&rsquo;s Smile \u00e0 Sarnath, pr\u00e8s &#8230; <a title=\"Une exposition caritative au b\u00e9n\u00e9fice des enfants de l&rsquo;\u00e9cole Buddha&rsquo;s Smile\" class=\"read-more\" href=\"https:\/\/www.apres-lecole.fr\/Blog\/exposition-caritative-buddhas-smile\/\" aria-label=\"En savoir plus sur Une exposition caritative au b\u00e9n\u00e9fice des enfants de l&rsquo;\u00e9cole Buddha&rsquo;s Smile\">Lire plus<\/a><\/p>\n","protected":false},"author":7,"featured_media":0,"comment_status":"open","ping_status":"open","sticky":false,"template":"","format":"standard","meta":{"footnotes":""},"categories":[342],"tags":[1813,669,712,1812,590],"class_list":["post-2544","post","type-post","status-publish","format-standard","hentry","category-actualites","tag-ecole-buddhas-smile","tag-enfants","tag-evenement","tag-exposition-caritative","tag-solidarite"],"yoast_head":"<!-- This site is optimized with the Yoast SEO plugin v27.5 - https:\/\/yoast.com\/product\/yoast-seo-wordpress\/ -->\n<title>Art et G\u00e9n\u00e9rosit\u00e9 : Expo Solidaire pour les Enfants de Buddha\u2019s Smile<\/title>\n<meta name=\"description\" content=\"Participez \u00e0 notre exposition caritative et soutenez les enfants de l&#039;\u00e9cole Buddha&#039;s Smile. Faites un geste solidaire pour leur avenir !\" \/>\n<meta name=\"robots\" content=\"index, follow, max-snippet:-1, max-image-preview:large, max-video-preview:-1\" \/>\n<link rel=\"canonical\" href=\"https:\/\/www.apres-lecole.fr\/Blog\/exposition-caritative-buddhas-smile\/\" \/>\n<meta property=\"og:locale\" content=\"fr_FR\" \/>\n<meta property=\"og:type\" content=\"article\" \/>\n<meta property=\"og:title\" content=\"Art et G\u00e9n\u00e9rosit\u00e9 : Expo Solidaire pour les Enfants de Buddha\u2019s Smile\" \/>\n<meta property=\"og:description\" content=\"Participez \u00e0 notre exposition caritative et soutenez les enfants de l&#039;\u00e9cole Buddha&#039;s Smile. Faites un geste solidaire pour leur avenir !\" \/>\n<meta property=\"og:url\" content=\"https:\/\/www.apres-lecole.fr\/Blog\/exposition-caritative-buddhas-smile\/\" \/>\n<meta property=\"article:published_time\" content=\"2025-10-16T07:06:56+00:00\" \/>\n<meta name=\"twitter:card\" content=\"summary_large_image\" \/>\n<meta name=\"twitter:label1\" content=\"\u00c9crit par\" \/>\n\t<meta name=\"twitter:data1\" content=\"\" \/>\n\t<meta name=\"twitter:label2\" content=\"Dur\u00e9e de lecture estim\u00e9e\" \/>\n\t<meta name=\"twitter:data2\" content=\"8 minutes\" \/>\n<script type=\"application\/ld+json\" class=\"yoast-schema-graph\">{\"@context\":\"https:\\\/\\\/schema.org\",\"@graph\":[{\"@type\":\"Article\",\"@id\":\"https:\\\/\\\/www.apres-lecole.fr\\\/Blog\\\/exposition-caritative-buddhas-smile\\\/#article\",\"isPartOf\":{\"@id\":\"https:\\\/\\\/www.apres-lecole.fr\\\/Blog\\\/exposition-caritative-buddhas-smile\\\/\"},\"author\":{\"name\":\"\",\"@id\":\"\"},\"headline\":\"Une exposition caritative au b\u00e9n\u00e9fice des enfants de l&rsquo;\u00e9cole Buddha&rsquo;s Smile\",\"datePublished\":\"2025-10-16T07:06:56+00:00\",\"mainEntityOfPage\":{\"@id\":\"https:\\\/\\\/www.apres-lecole.fr\\\/Blog\\\/exposition-caritative-buddhas-smile\\\/\"},\"wordCount\":1629,\"commentCount\":0,\"keywords\":[\"\u00e9cole buddha's smile\",\"enfants\",\"\u00e9v\u00e9nement\",\"exposition caritative\",\"solidarit\u00e9\"],\"articleSection\":[\"Actualit\u00e9s\"],\"inLanguage\":\"fr-FR\",\"potentialAction\":[{\"@type\":\"CommentAction\",\"name\":\"Comment\",\"target\":[\"https:\\\/\\\/www.apres-lecole.fr\\\/Blog\\\/exposition-caritative-buddhas-smile\\\/#respond\"]}]},{\"@type\":\"WebPage\",\"@id\":\"https:\\\/\\\/www.apres-lecole.fr\\\/Blog\\\/exposition-caritative-buddhas-smile\\\/\",\"url\":\"https:\\\/\\\/www.apres-lecole.fr\\\/Blog\\\/exposition-caritative-buddhas-smile\\\/\",\"name\":\"Art et G\u00e9n\u00e9rosit\u00e9 : Expo Solidaire pour les Enfants de Buddha\u2019s Smile\",\"isPartOf\":{\"@id\":\"https:\\\/\\\/www.apres-lecole.fr\\\/Blog\\\/#website\"},\"datePublished\":\"2025-10-16T07:06:56+00:00\",\"author\":{\"@id\":\"\"},\"description\":\"Participez \u00e0 notre exposition caritative et soutenez les enfants de l'\u00e9cole Buddha's Smile. Faites un geste solidaire pour leur avenir !\",\"breadcrumb\":{\"@id\":\"https:\\\/\\\/www.apres-lecole.fr\\\/Blog\\\/exposition-caritative-buddhas-smile\\\/#breadcrumb\"},\"inLanguage\":\"fr-FR\",\"potentialAction\":[{\"@type\":\"ReadAction\",\"target\":[\"https:\\\/\\\/www.apres-lecole.fr\\\/Blog\\\/exposition-caritative-buddhas-smile\\\/\"]}]},{\"@type\":\"BreadcrumbList\",\"@id\":\"https:\\\/\\\/www.apres-lecole.fr\\\/Blog\\\/exposition-caritative-buddhas-smile\\\/#breadcrumb\",\"itemListElement\":[{\"@type\":\"ListItem\",\"position\":1,\"name\":\"Home\",\"item\":\"https:\\\/\\\/www.apres-lecole.fr\\\/Blog\\\/\"},{\"@type\":\"ListItem\",\"position\":2,\"name\":\"Une exposition caritative au b\u00e9n\u00e9fice des enfants de l&rsquo;\u00e9cole Buddha&rsquo;s Smile\"}]},{\"@type\":\"WebSite\",\"@id\":\"https:\\\/\\\/www.apres-lecole.fr\\\/Blog\\\/#website\",\"url\":\"https:\\\/\\\/www.apres-lecole.fr\\\/Blog\\\/\",\"name\":\"\",\"description\":\"M\u00e9dia g\u00e9n\u00e9raliste\",\"potentialAction\":[{\"@type\":\"SearchAction\",\"target\":{\"@type\":\"EntryPoint\",\"urlTemplate\":\"https:\\\/\\\/www.apres-lecole.fr\\\/Blog\\\/?s={search_term_string}\"},\"query-input\":{\"@type\":\"PropertyValueSpecification\",\"valueRequired\":true,\"valueName\":\"search_term_string\"}}],\"inLanguage\":\"fr-FR\"},{\"@type\":\"Person\",\"@id\":\"\",\"url\":\"https:\\\/\\\/www.apres-lecole.fr\\\/Blog\\\/author\\\/\"}]}<\/script>\n<!-- \/ Yoast SEO plugin. -->","yoast_head_json":{"title":"Art et G\u00e9n\u00e9rosit\u00e9 : Expo Solidaire pour les Enfants de Buddha\u2019s Smile","description":"Participez \u00e0 notre exposition caritative et soutenez les enfants de l'\u00e9cole Buddha's Smile. Faites un geste solidaire pour leur avenir !","robots":{"index":"index","follow":"follow","max-snippet":"max-snippet:-1","max-image-preview":"max-image-preview:large","max-video-preview":"max-video-preview:-1"},"canonical":"https:\/\/www.apres-lecole.fr\/Blog\/exposition-caritative-buddhas-smile\/","og_locale":"fr_FR","og_type":"article","og_title":"Art et G\u00e9n\u00e9rosit\u00e9 : Expo Solidaire pour les Enfants de Buddha\u2019s Smile","og_description":"Participez \u00e0 notre exposition caritative et soutenez les enfants de l'\u00e9cole Buddha's Smile. Faites un geste solidaire pour leur avenir !","og_url":"https:\/\/www.apres-lecole.fr\/Blog\/exposition-caritative-buddhas-smile\/","article_published_time":"2025-10-16T07:06:56+00:00","twitter_card":"summary_large_image","twitter_misc":{"\u00c9crit par":"","Dur\u00e9e de lecture estim\u00e9e":"8 minutes"},"schema":{"@context":"https:\/\/schema.org","@graph":[{"@type":"Article","@id":"https:\/\/www.apres-lecole.fr\/Blog\/exposition-caritative-buddhas-smile\/#article","isPartOf":{"@id":"https:\/\/www.apres-lecole.fr\/Blog\/exposition-caritative-buddhas-smile\/"},"author":{"name":"","@id":""},"headline":"Une exposition caritative au b\u00e9n\u00e9fice des enfants de l&rsquo;\u00e9cole Buddha&rsquo;s Smile","datePublished":"2025-10-16T07:06:56+00:00","mainEntityOfPage":{"@id":"https:\/\/www.apres-lecole.fr\/Blog\/exposition-caritative-buddhas-smile\/"},"wordCount":1629,"commentCount":0,"keywords":["\u00e9cole buddha's smile","enfants","\u00e9v\u00e9nement","exposition caritative","solidarit\u00e9"],"articleSection":["Actualit\u00e9s"],"inLanguage":"fr-FR","potentialAction":[{"@type":"CommentAction","name":"Comment","target":["https:\/\/www.apres-lecole.fr\/Blog\/exposition-caritative-buddhas-smile\/#respond"]}]},{"@type":"WebPage","@id":"https:\/\/www.apres-lecole.fr\/Blog\/exposition-caritative-buddhas-smile\/","url":"https:\/\/www.apres-lecole.fr\/Blog\/exposition-caritative-buddhas-smile\/","name":"Art et G\u00e9n\u00e9rosit\u00e9 : Expo Solidaire pour les Enfants de Buddha\u2019s Smile","isPartOf":{"@id":"https:\/\/www.apres-lecole.fr\/Blog\/#website"},"datePublished":"2025-10-16T07:06:56+00:00","author":{"@id":""},"description":"Participez \u00e0 notre exposition caritative et soutenez les enfants de l'\u00e9cole Buddha's Smile. Faites un geste solidaire pour leur avenir !","breadcrumb":{"@id":"https:\/\/www.apres-lecole.fr\/Blog\/exposition-caritative-buddhas-smile\/#breadcrumb"},"inLanguage":"fr-FR","potentialAction":[{"@type":"ReadAction","target":["https:\/\/www.apres-lecole.fr\/Blog\/exposition-caritative-buddhas-smile\/"]}]},{"@type":"BreadcrumbList","@id":"https:\/\/www.apres-lecole.fr\/Blog\/exposition-caritative-buddhas-smile\/#breadcrumb","itemListElement":[{"@type":"ListItem","position":1,"name":"Home","item":"https:\/\/www.apres-lecole.fr\/Blog\/"},{"@type":"ListItem","position":2,"name":"Une exposition caritative au b\u00e9n\u00e9fice des enfants de l&rsquo;\u00e9cole Buddha&rsquo;s Smile"}]},{"@type":"WebSite","@id":"https:\/\/www.apres-lecole.fr\/Blog\/#website","url":"https:\/\/www.apres-lecole.fr\/Blog\/","name":"","description":"M\u00e9dia g\u00e9n\u00e9raliste","potentialAction":[{"@type":"SearchAction","target":{"@type":"EntryPoint","urlTemplate":"https:\/\/www.apres-lecole.fr\/Blog\/?s={search_term_string}"},"query-input":{"@type":"PropertyValueSpecification","valueRequired":true,"valueName":"search_term_string"}}],"inLanguage":"fr-FR"},{"@type":"Person","@id":"","url":"https:\/\/www.apres-lecole.fr\/Blog\/author\/"}]}},"views":5,"_links":{"self":[{"href":"https:\/\/www.apres-lecole.fr\/Blog\/wp-json\/wp\/v2\/posts\/2544","targetHints":{"allow":["GET"]}}],"collection":[{"href":"https:\/\/www.apres-lecole.fr\/Blog\/wp-json\/wp\/v2\/posts"}],"about":[{"href":"https:\/\/www.apres-lecole.fr\/Blog\/wp-json\/wp\/v2\/types\/post"}],"author":[{"embeddable":true,"href":"https:\/\/www.apres-lecole.fr\/Blog\/wp-json\/wp\/v2\/users\/7"}],"replies":[{"embeddable":true,"href":"https:\/\/www.apres-lecole.fr\/Blog\/wp-json\/wp\/v2\/comments?post=2544"}],"version-history":[{"count":0,"href":"https:\/\/www.apres-lecole.fr\/Blog\/wp-json\/wp\/v2\/posts\/2544\/revisions"}],"wp:attachment":[{"href":"https:\/\/www.apres-lecole.fr\/Blog\/wp-json\/wp\/v2\/media?parent=2544"}],"wp:term":[{"taxonomy":"category","embeddable":true,"href":"https:\/\/www.apres-lecole.fr\/Blog\/wp-json\/wp\/v2\/categories?post=2544"},{"taxonomy":"post_tag","embeddable":true,"href":"https:\/\/www.apres-lecole.fr\/Blog\/wp-json\/wp\/v2\/tags?post=2544"}],"curies":[{"name":"wp","href":"https:\/\/api.w.org\/{rel}","templated":true}]}}