{"id":2539,"date":"2025-10-15T06:36:29","date_gmt":"2025-10-15T06:36:29","guid":{"rendered":"https:\/\/www.apres-lecole.fr\/Blog\/ecole-pierre-marie-curie-2025\/"},"modified":"2025-10-15T06:36:29","modified_gmt":"2025-10-15T06:36:29","slug":"ecole-pierre-marie-curie-2025","status":"publish","type":"post","link":"https:\/\/www.apres-lecole.fr\/Blog\/ecole-pierre-marie-curie-2025\/","title":{"rendered":"D\u00e9couverte de l&rsquo;\u00e9cole Pierre et Marie Curie : un mod\u00e8le d&rsquo;\u00e9ducation en 2025"},"content":{"rendered":"\n\n<div class=\"kk-star-ratings kksr-auto kksr-align-left kksr-valign-top\"\n    data-payload='{&quot;align&quot;:&quot;left&quot;,&quot;id&quot;:&quot;2539&quot;,&quot;slug&quot;:&quot;default&quot;,&quot;valign&quot;:&quot;top&quot;,&quot;ignore&quot;:&quot;&quot;,&quot;reference&quot;:&quot;auto&quot;,&quot;class&quot;:&quot;&quot;,&quot;count&quot;:&quot;0&quot;,&quot;legendonly&quot;:&quot;&quot;,&quot;readonly&quot;:&quot;&quot;,&quot;score&quot;:&quot;0&quot;,&quot;starsonly&quot;:&quot;&quot;,&quot;best&quot;:&quot;5&quot;,&quot;gap&quot;:&quot;5&quot;,&quot;greet&quot;:&quot;Rate this post&quot;,&quot;legend&quot;:&quot;0\\\/5 - (0 vote)&quot;,&quot;size&quot;:&quot;24&quot;,&quot;title&quot;:&quot;D\u00e9couverte de l\\u0026#039;\u00e9cole Pierre et Marie Curie : un mod\u00e8le d\\u0026#039;\u00e9ducation en 2025&quot;,&quot;width&quot;:&quot;0&quot;,&quot;_legend&quot;:&quot;{score}\\\/{best} - ({count} {votes})&quot;,&quot;font_factor&quot;:&quot;1.25&quot;}'>\n            \n<div class=\"kksr-stars\">\n    \n<div class=\"kksr-stars-inactive\">\n            <div class=\"kksr-star\" data-star=\"1\" style=\"padding-right: 5px\">\n            \n\n<div class=\"kksr-icon\" style=\"width: 24px; height: 24px;\"><\/div>\n        <\/div>\n            <div class=\"kksr-star\" data-star=\"2\" style=\"padding-right: 5px\">\n            \n\n<div class=\"kksr-icon\" style=\"width: 24px; height: 24px;\"><\/div>\n        <\/div>\n            <div class=\"kksr-star\" data-star=\"3\" style=\"padding-right: 5px\">\n            \n\n<div class=\"kksr-icon\" style=\"width: 24px; height: 24px;\"><\/div>\n        <\/div>\n            <div class=\"kksr-star\" data-star=\"4\" style=\"padding-right: 5px\">\n            \n\n<div class=\"kksr-icon\" style=\"width: 24px; height: 24px;\"><\/div>\n        <\/div>\n            <div class=\"kksr-star\" data-star=\"5\" style=\"padding-right: 5px\">\n            \n\n<div class=\"kksr-icon\" style=\"width: 24px; height: 24px;\"><\/div>\n        <\/div>\n    <\/div>\n    \n<div class=\"kksr-stars-active\" style=\"width: 0px;\">\n            <div class=\"kksr-star\" style=\"padding-right: 5px\">\n            \n\n<div class=\"kksr-icon\" style=\"width: 24px; height: 24px;\"><\/div>\n        <\/div>\n            <div class=\"kksr-star\" style=\"padding-right: 5px\">\n            \n\n<div class=\"kksr-icon\" style=\"width: 24px; height: 24px;\"><\/div>\n        <\/div>\n            <div class=\"kksr-star\" style=\"padding-right: 5px\">\n            \n\n<div class=\"kksr-icon\" style=\"width: 24px; height: 24px;\"><\/div>\n        <\/div>\n            <div class=\"kksr-star\" style=\"padding-right: 5px\">\n            \n\n<div class=\"kksr-icon\" style=\"width: 24px; height: 24px;\"><\/div>\n        <\/div>\n            <div class=\"kksr-star\" style=\"padding-right: 5px\">\n            \n\n<div class=\"kksr-icon\" style=\"width: 24px; height: 24px;\"><\/div>\n        <\/div>\n    <\/div>\n<\/div>\n                \n\n<div class=\"kksr-legend\" style=\"font-size: 19.2px;\">\n            <span class=\"kksr-muted\">Rate this post<\/span>\n    <\/div>\n    <\/div>\n<p>\u00c0 l&rsquo;aube de 2025, l&rsquo;\u00e9cole Pierre et Marie Curie incarne le mod\u00e8le d&rsquo;\u00e9ducation qui allie innovation p\u00e9dagogique, inclusion et respect de l&rsquo;environnement. En plein c\u0153ur des d\u00e9bats sur le futur de l&rsquo;\u00e9ducation, cet \u00e9tablissement a su se distinguer, en int\u00e9grant les meilleures pratiques de la p\u00e9dagogie moderne. Avec des initiatives ax\u00e9es sur la <strong>technologie \u00e0 l&rsquo;\u00e9cole<\/strong>, un syst\u00e8me d&rsquo;<strong>apprentissage personnalis\u00e9<\/strong> et une solide collaboration entre enseignants et \u00e9l\u00e8ves, cette \u00e9cole fait r\u00eaver tant les parents que les futurs \u00e9ducateurs. En effet, les valeurs la\u00efques et humanistes qui y sont inculqu\u00e9es permettent aux \u00e9l\u00e8ves de devenir des citoyens \u00e0 part enti\u00e8re, pleinement conscients de leurs responsabilit\u00e9s.<\/p>\n\n<h2 class=\"wp-block-heading\">L&rsquo;\u00e9ducation innovante \u00e0 l&rsquo;\u00e9cole Pierre et Marie Curie<\/h2>\n\n<p>Dans le cadre de son programme \u00e9ducatif, l&rsquo;\u00e9cole Pierre et Marie Curie s&rsquo;est engag\u00e9e \u00e0 promouvoir des m\u00e9thodes innovantes d&rsquo;enseignement. Les enseignants adoptent des approches telles que la <strong>p\u00e9dagogie active<\/strong> et l&rsquo;<strong>intelligence artificielle en classe<\/strong> pour engendrer un v\u00e9ritable engouement pour l&rsquo;apprentissage. Par exemple, des outils num\u00e9riques sophistiqu\u00e9s sont utilis\u00e9s pour suivre les progr\u00e8s des \u00e9l\u00e8ves et adapter les le\u00e7ons en fonction de leurs besoins individuels.<\/p>\n\n<p>Un des projets marquants de cette \u00e9cole est l&rsquo;introduction de classes invers\u00e9es, o\u00f9 les \u00e9l\u00e8ves explorent des concepts nouveaux chez eux gr\u00e2ce \u00e0 des vid\u00e9os, et passent le temps en classe \u00e0 approfondir ces notions par le biais d&rsquo;activit\u00e9s pratiques. Cette approche permet non seulement de d\u00e9velopper l&rsquo;autonomie mais favorise aussi une interaction riche entre les \u00e9l\u00e8ves et leurs enseignants. Les r\u00e9sultats sont \u00e9difiants, affichant une am\u00e9lioration notable de l&rsquo;engagement et des performances individuelles.<\/p>\n\n<h3 class=\"wp-block-heading\">Exemples d&rsquo;initiatives marquantes<\/h3>\n\n<p>Voici quelques initiatives phare qui t\u00e9moignent de l&rsquo;engagement de l&rsquo;\u00e9cole Pierre et Marie Curie vers une \u00e9ducation innovante :<\/p>\n\n<ul class=\"wp-block-list\"><li>\ud83c\udf31 Programme de recyclage et sensibilisation au <strong>d\u00e9veloppement durable \u00e0 l&rsquo;\u00e9cole<\/strong>.<\/li><li>\ud83e\udd1d Projets collaboratifs avec des \u00e9l\u00e8ves d&rsquo;autres \u00e9tablissements, renfor\u00e7ant la <strong>citoyennet\u00e9 num\u00e9rique<\/strong>.<\/li><li>\ud83d\udcda Cours de codage int\u00e9gr\u00e9s \u00e0 l&#8217;emploi du temps, pour pr\u00e9parer les \u00e9l\u00e8ves aux d\u00e9fis technologiques de demain.<\/li><\/ul>\n\n<figure class=\"wp-block-table\"><table>\n<thead>\n<tr>\n<th>Initiative<\/th>\n<th>Description<\/th>\n<th>Impact<\/th>\n<\/tr>\n<\/thead>\n<tbody>\n<tr>\n<td>Classe invers\u00e9e<\/td>\n<td>Les \u00e9l\u00e8ves apprennent les concepts \u00e0 domicile, retournent en classe pour les explorer.<\/td>\n<td>Am\u00e9lioration de l&rsquo;autonomie et de l&rsquo;engagement.<\/td>\n<\/tr>\n<tr>\n<td>\u00c9ducation \u00e0 la technologie<\/td>\n<td>Cours de codage et utilisation d&rsquo;applications \u00e9ducatives.<\/td>\n<td>Pr\u00e9paration aux carri\u00e8res futures dans le num\u00e9rique.<\/td>\n<\/tr>\n<tr>\n<td>Projets collaboratifs<\/td>\n<td>Travail d&rsquo;\u00e9quipe avec d&rsquo;autres \u00e9coles pour des projets communs.<\/td>\n<td>D\u00e9veloppement de comp\u00e9tences en collaboration.<\/td>\n<\/tr>\n<\/tbody>\n<\/table><\/figure>\n\n<h2 class=\"wp-block-heading\">Inclusion scolaire et p\u00e9dagogie diff\u00e9renci\u00e9e<\/h2>\n\n<p>\u00c0 l&rsquo;\u00e9cole Pierre et Marie Curie, l&rsquo;<strong>inclusion scolaire<\/strong> n&rsquo;est pas qu&rsquo;un simple slogan. Les enseignements sont adapt\u00e9s pour r\u00e9pondre aux besoins de chaque \u00e9l\u00e8ve, que ce soit pour ceux en situation de handicap ou pour ceux n\u00e9cessitant un soutien suppl\u00e9mentaire. Gr\u00e2ce \u00e0 une <strong>p\u00e9dagogie diff\u00e9renci\u00e9e<\/strong>, les \u00e9quipes enseignantes con\u00e7oivent des parcours \u00e9ducatifs individualis\u00e9s. Chaque \u00e9l\u00e8ve est accompagn\u00e9 dans son processus d&rsquo;apprentissage, favorisant ainsi une v\u00e9ritable <strong>collaboration enseignants-\u00e9l\u00e8ves<\/strong>. Cela cr\u00e9e un environnement d&rsquo;apprentissage positif, o\u00f9 chaque voix est entendue et valoris\u00e9e.<\/p>\n\n<h3 class=\"wp-block-heading\">Strat\u00e9gies mises en place pour l&rsquo;inclusion<\/h3>\n\n<p>Les pratiques inclusives de l&rsquo;\u00e9cole sont multiples et vari\u00e9es. Voici quelques-unes d&rsquo;entre elles :<\/p>\n\n<ul class=\"wp-block-list\"><li>\ud83d\udc69\u200d\ud83c\udfeb S\u00e9ances individuelles avec des enseignants sp\u00e9cialis\u00e9s pour un accompagnement personnalis\u00e9.<\/li><li>\ud83d\udc53 Utilisation de logiciels d&rsquo;apprentissage adapt\u00e9s, permettant \u00e0 chaque \u00e9l\u00e8ve d&rsquo;avancer \u00e0 son rythme.<\/li><li>\ud83e\udd17 Organisation d&rsquo;ateliers collaboratifs, o\u00f9 les \u00e9l\u00e8ves apprennent les uns des autres, renforce leur confiance.<\/li><\/ul>\n\n<figure class=\"wp-block-table\"><table>\n<thead>\n<tr>\n<th>Strat\u00e9gie d&rsquo;inclusion<\/th>\n<th>Objectif<\/th>\n<th>Public vis\u00e9<\/th>\n<\/tr>\n<\/thead>\n<tbody>\n<tr>\n<td>S\u00e9ances individuelles<\/td>\n<td>Assurer un enseignement personnalis\u00e9<\/td>\n<td>\u00c9l\u00e8ves avec besoins sp\u00e9cifiques<\/td>\n<\/tr>\n<tr>\n<td>Logiciels adapt\u00e9s<\/td>\n<td>Faciliter l&rsquo;apprentissage \u00e0 rythme personnalis\u00e9<\/td>\n<td>\u00c9l\u00e8ves pr\u00e9sentant des difficult\u00e9s<\/td>\n<\/tr>\n<tr>\n<td>Ateliers collaboratifs<\/td>\n<td>Encourager l&rsquo;\u00e9change et la solidarit\u00e9<\/td>\n<td>Tous les \u00e9l\u00e8ves<\/td>\n<\/tr>\n<\/tbody>\n<\/table><\/figure>\n\n<h2 class=\"wp-block-heading\">Le r\u00f4le de l&rsquo;intelligence artificielle dans l&rsquo;apprentissage<\/h2>\n\n<p>En 2025, l&rsquo;\u00e9cole Pierre et Marie Curie est \u00e9galement \u00e0 la pointe de l&rsquo;int\u00e9gration de la <strong>technologie \u00e0 l&rsquo;\u00e9cole<\/strong>. Un des points forts de leurs initiatives repose sur l&rsquo;utilisation de l&rsquo;<strong>intelligence artificielle en classe<\/strong>. Des plateformes d&rsquo;apprentissage aliment\u00e9es par l&rsquo;IA permettent de proposer des exercices adapt\u00e9s aux niveaux et aux capacit\u00e9s de chaque \u00e9l\u00e8ve. Cela cr\u00e9e un v\u00e9ritable terrain d&rsquo;apprentissage dynamique et stimulant.<\/p>\n\n<p>Les enseignants disposent \u00e9galement d&rsquo;outils analytiques fournis par ces technologies pour mieux suivre les progr\u00e8s de leurs \u00e9l\u00e8ves. Gr\u00e2ce \u00e0 ces importantes donn\u00e9es, ils peuvent ajuster leurs m\u00e9thodes et programmes d&rsquo;enseignement avec une pr\u00e9cision jamais atteinte auparavant. Cette orientation vers une \u00e9ducation bas\u00e9e sur les donn\u00e9es fait toute la diff\u00e9rence, facilitant des r\u00e9sultats acad\u00e9miques prodigieux.<\/p>\n\n<h3 class=\"wp-block-heading\">Impl\u00e9mentation de l&rsquo;IA dans l&rsquo;enseignement<\/h3>\n\n<p>Voici les principaux avantages de l&rsquo;int\u00e9gration de l&rsquo;IA dans l&rsquo;\u00e9ducation :<\/p>\n\n<ul class=\"wp-block-list\"><li>\ud83d\udcca Donn\u00e9es sur les performances d&rsquo;apprentissage des \u00e9l\u00e8ves.<\/li><li>\ud83d\ude80 Suggestions d&rsquo;exercices personnalis\u00e9s en fonction des difficult\u00e9s rencontr\u00e9es.<\/li><li>\ud83d\udcbb Outils d&rsquo;analyse permettant de d\u00e9tecter rapidement les \u00e9l\u00e8ves en difficult\u00e9.<\/li><\/ul>\n\n<figure class=\"wp-block-table\"><table>\n<thead>\n<tr>\n<th>Avantage de l&rsquo;IA<\/th>\n<th>Description<\/th>\n<th>Impact sur l&rsquo;\u00e9ducation<\/th>\n<\/tr>\n<\/thead>\n<tbody>\n<tr>\n<td>Donn\u00e9es sur les performances<\/td>\n<td>Analyse des r\u00e9sultats en temps r\u00e9el<\/td>\n<td>R\u00e9ajustement efficace des m\u00e9thodes p\u00e9dagogiques<\/td>\n<\/tr>\n<tr>\n<td>Suggestions personnalis\u00e9es<\/td>\n<td>Exercices adapt\u00e9s aux besoins sp\u00e9cifiques<\/td>\n<td>Am\u00e9lioration notable des r\u00e9sultats<\/td>\n<\/tr>\n<tr>\n<td>D\u00e9tection pr\u00e9coce des difficult\u00e9s<\/td>\n<td>Outils d&rsquo;analyse sophistiqu\u00e9s<\/td>\n<td>Soutien renforc\u00e9 aux \u00e9l\u00e8ves en difficult\u00e9<\/td>\n<\/tr>\n<\/tbody>\n<\/table><\/figure>\n\n<h2 class=\"wp-block-heading\">D\u00e9veloppement durable \u00e0 l&rsquo;\u00e9cole et engagement citoyen<\/h2>\n\n<p>Un autre aspect fondamental de l&rsquo;\u00e9cole Pierre et Marie Curie est son engagement envers le <strong>d\u00e9veloppement durable \u00e0 l&rsquo;\u00e9cole<\/strong>. Non seulement l&rsquo;\u00e9tablissement enseigne les probl\u00e9matiques environnementales aux \u00e9l\u00e8ves, mais il les engage aussi concr\u00e8tement dans des projets qui font la diff\u00e9rence. Les classes de l&rsquo;\u00e9cole participent ainsi \u00e0 des initiatives locales, comme la cr\u00e9ation de jardins partag\u00e9s, des campagnes de sensibilisation \u00e0 la biodiversit\u00e9, ou encore des projets de r\u00e9duction des d\u00e9chets.<\/p>\n\n<h3 class=\"wp-block-heading\">Initiatives \u00e9cologiques et citoyennes<\/h3>\n\n<p>Les \u00e9l\u00e8ves ont sous les projecteurs plusieurs projets en faveur de l&rsquo;environnement :<\/p>\n\n<ul class=\"wp-block-list\"><li>\ud83c\udf43 Mise en place d&rsquo;un jardin \u00e9cologique p\u00e9dagogique, o\u00f9 les \u00e9l\u00e8ves apprennent \u00e0 cultiver des plantes.<\/li><li>\u267b\ufe0f Tri des d\u00e9chets et sensibilisation \u00e0 la r\u00e9duction des plastiques dans l&rsquo;\u00e9cole.<\/li><li>\ud83c\udf0d Participation \u00e0 des journ\u00e9es de nettoyage des espaces publics, afin de renforcer le lien avec leur communaut\u00e9.<\/li><\/ul>\n\n<figure class=\"wp-block-table\"><table>\n<thead>\n<tr>\n<th>Projet<\/th>\n<th>Objectif<\/th>\n<th>R\u00e9sultats<\/th>\n<\/tr>\n<\/thead>\n<tbody>\n<tr>\n<td>Jardin \u00e9cologique<\/td>\n<td>\u00c9duquer sur l&rsquo;agriculture durable<\/td>\n<td>Cr\u00e9ation d&rsquo;un cadre de croissance et de collaboration<\/td>\n<\/tr>\n<tr>\n<td>Campagnes de sensibilisation<\/td>\n<td>R\u00e9duire les d\u00e9chets plastiques<\/td>\n<td>Am\u00e9lioration significative dans la gestion des d\u00e9chets<\/td>\n<\/tr>\n<tr>\n<td>Nettoyage communautaire<\/td>\n<td>Renforcer le lien avec la communaut\u00e9<\/td>\n<td>D\u00e9veloppement de valeurs de solidarit\u00e9<\/td>\n<\/tr>\n<\/tbody>\n<\/table><\/figure>\n\n\n{\u00ab\u00a0@context\u00a0\u00bb:\u00a0\u00bbhttps:\/\/schema.org\u00a0\u00bb,\u00a0\u00bb@type\u00a0\u00bb:\u00a0\u00bbFAQPage\u00a0\u00bb,\u00a0\u00bbmainEntity\u00a0\u00bb:[{\u00ab\u00a0@type\u00a0\u00bb:\u00a0\u00bbQuestion\u00a0\u00bb,\u00a0\u00bbname\u00a0\u00bb:\u00a0\u00bbQuelle est la mu00e9thode d&rsquo;apprentissage de l&rsquo;u00e9cole Pierre et Marie Curie?\u00a0\u00bb,\u00a0\u00bbacceptedAnswer\u00a0\u00bb:{\u00ab\u00a0@type\u00a0\u00bb:\u00a0\u00bbAnswer\u00a0\u00bb,\u00a0\u00bbtext\u00a0\u00bb:\u00a0\u00bbL&rsquo;u00e9cole utilise une pu00e9dagogie active et des classes inversu00e9es, intu00e9grant u00e9galement l&rsquo;intelligence artificielle pour un apprentissage personnalisu00e9.\u00a0\u00bb}},{\u00ab\u00a0@type\u00a0\u00bb:\u00a0\u00bbQuestion\u00a0\u00bb,\u00a0\u00bbname\u00a0\u00bb:\u00a0\u00bbComment l&rsquo;u00e9cole Pierre et Marie Curie favorise-t-elle l&rsquo;inclusion?\u00a0\u00bb,\u00a0\u00bbacceptedAnswer\u00a0\u00bb:{\u00ab\u00a0@type\u00a0\u00bb:\u00a0\u00bbAnswer\u00a0\u00bb,\u00a0\u00bbtext\u00a0\u00bb:\u00a0\u00bbLes stratu00e9gies d&rsquo;inclusion incluent des su00e9ances individuelles, des logiciels d&rsquo;apprentissage adaptu00e9s et des ateliers collaboratifs pour tous les u00e9lu00e8ves.\u00a0\u00bb}},{\u00ab\u00a0@type\u00a0\u00bb:\u00a0\u00bbQuestion\u00a0\u00bb,\u00a0\u00bbname\u00a0\u00bb:\u00a0\u00bbQuelles initiatives l&rsquo;u00e9cole mu00e8ne-t-elle pour le du00e9veloppement durable?\u00a0\u00bb,\u00a0\u00bbacceptedAnswer\u00a0\u00bb:{\u00ab\u00a0@type\u00a0\u00bb:\u00a0\u00bbAnswer\u00a0\u00bb,\u00a0\u00bbtext\u00a0\u00bb:\u00a0\u00bbCette u00e9cole participe u00e0 des projets u00e9cologiques, tels que la cru00e9ation de jardins et des campagnes de tri des du00e9chets, engageant ainsi les u00e9lu00e8ves dans une action concru00e8te.\u00a0\u00bb}},{\u00ab\u00a0@type\u00a0\u00bb:\u00a0\u00bbQuestion\u00a0\u00bb,\u00a0\u00bbname\u00a0\u00bb:\u00a0\u00bbComment l&rsquo;intelligence artificielle est-elle utilisu00e9e dans l&rsquo;u00e9ducation?\u00a0\u00bb,\u00a0\u00bbacceptedAnswer\u00a0\u00bb:{\u00ab\u00a0@type\u00a0\u00bb:\u00a0\u00bbAnswer\u00a0\u00bb,\u00a0\u00bbtext\u00a0\u00bb:\u00a0\u00bbL&rsquo;IA est utilisu00e9e pour suivre les performances des u00e9lu00e8ves et proposer des exercices adaptu00e9s, renforu00e7ant ainsi l&rsquo;apprentissage personnalisu00e9.\u00a0\u00bb}},{\u00ab\u00a0@type\u00a0\u00bb:\u00a0\u00bbQuestion\u00a0\u00bb,\u00a0\u00bbname\u00a0\u00bb:\u00a0\u00bbQuels types de projets collaboratifs sont mis en place?\u00a0\u00bb,\u00a0\u00bbacceptedAnswer\u00a0\u00bb:{\u00ab\u00a0@type\u00a0\u00bb:\u00a0\u00bbAnswer\u00a0\u00bb,\u00a0\u00bbtext\u00a0\u00bb:\u00a0\u00bbL&rsquo;u00e9cole collabore avec d&rsquo;autres u00e9tablissements pour des projets ambitieux, renforu00e7ant la solidaritu00e9 et le travail d&rsquo;u00e9quipe entre les u00e9lu00e8ves.\u00a0\u00bb}}]}\n\n<h3>Quelle est la m\u00e9thode d&rsquo;apprentissage de l&rsquo;\u00e9cole Pierre et Marie Curie?<\/h3>\n<p>L&rsquo;\u00e9cole utilise une p\u00e9dagogie active et des classes invers\u00e9es, int\u00e9grant \u00e9galement l&rsquo;intelligence artificielle pour un apprentissage personnalis\u00e9.<\/p>\n<h3>Comment l&rsquo;\u00e9cole Pierre et Marie Curie favorise-t-elle l&rsquo;inclusion?<\/h3>\n<p>Les strat\u00e9gies d&rsquo;inclusion incluent des s\u00e9ances individuelles, des logiciels d&rsquo;apprentissage adapt\u00e9s et des ateliers collaboratifs pour tous les \u00e9l\u00e8ves.<\/p>\n<h3>Quelles initiatives l&rsquo;\u00e9cole m\u00e8ne-t-elle pour le d\u00e9veloppement durable?<\/h3>\n<p>Cette \u00e9cole participe \u00e0 des projets \u00e9cologiques, tels que la cr\u00e9ation de jardins et des campagnes de tri des d\u00e9chets, engageant ainsi les \u00e9l\u00e8ves dans une action concr\u00e8te.<\/p>\n<h3>Comment l&rsquo;intelligence artificielle est-elle utilis\u00e9e dans l&rsquo;\u00e9ducation?<\/h3>\n<p>L&rsquo;IA est utilis\u00e9e pour suivre les performances des \u00e9l\u00e8ves et proposer des exercices adapt\u00e9s, renfor\u00e7ant ainsi l&rsquo;apprentissage personnalis\u00e9.<\/p>\n<h3>Quels types de projets collaboratifs sont mis en place?<\/h3>\n<p>L&rsquo;\u00e9cole collabore avec d&rsquo;autres \u00e9tablissements pour des projets ambitieux, renfor\u00e7ant la solidarit\u00e9 et le travail d&rsquo;\u00e9quipe entre les \u00e9l\u00e8ves.<\/p>\n\n","protected":false},"excerpt":{"rendered":"<p>\u00c0 l&rsquo;aube de 2025, l&rsquo;\u00e9cole Pierre et Marie Curie incarne le mod\u00e8le d&rsquo;\u00e9ducation qui allie innovation p\u00e9dagogique, inclusion et respect de l&rsquo;environnement. En plein c\u0153ur des d\u00e9bats sur le futur de l&rsquo;\u00e9ducation, cet \u00e9tablissement a su se distinguer, en int\u00e9grant les meilleures pratiques de la p\u00e9dagogie moderne. Avec des initiatives ax\u00e9es sur la technologie \u00e0 &#8230; <a title=\"D\u00e9couverte de l&rsquo;\u00e9cole Pierre et Marie Curie : un mod\u00e8le d&rsquo;\u00e9ducation en 2025\" class=\"read-more\" href=\"https:\/\/www.apres-lecole.fr\/Blog\/ecole-pierre-marie-curie-2025\/\" aria-label=\"En savoir plus sur D\u00e9couverte de l&rsquo;\u00e9cole Pierre et Marie Curie : un mod\u00e8le d&rsquo;\u00e9ducation en 2025\">Lire plus<\/a><\/p>\n","protected":false},"author":7,"featured_media":2538,"comment_status":"open","ping_status":"open","sticky":false,"template":"","format":"standard","meta":{"footnotes":""},"categories":[342],"tags":[698,410,1357,1612,1803],"class_list":["post-2539","post","type-post","status-publish","format-standard","has-post-thumbnail","hentry","category-actualites","tag-decouverte","tag-ecole","tag-education-2025","tag-modele-deducation","tag-pierre-et-marie-curie"],"yoast_head":"<!-- This site is optimized with the Yoast SEO plugin v27.5 - https:\/\/yoast.com\/product\/yoast-seo-wordpress\/ -->\n<title>L\u2019\u00e9cole Pierre et Marie Curie : L\u2019excellence \u00e9ducative de 2025<\/title>\n<meta name=\"description\" content=\"Explorez l&#039;\u00e9cole Pierre et Marie Curie : un mod\u00e8le innovant d&#039;\u00e9ducation en 2025, alliant excellence, technologie et bien-\u00eatre des \u00e9l\u00e8ves.\" \/>\n<meta name=\"robots\" content=\"index, follow, max-snippet:-1, max-image-preview:large, max-video-preview:-1\" \/>\n<link rel=\"canonical\" href=\"https:\/\/www.apres-lecole.fr\/Blog\/ecole-pierre-marie-curie-2025\/\" \/>\n<meta property=\"og:locale\" content=\"fr_FR\" \/>\n<meta property=\"og:type\" content=\"article\" \/>\n<meta property=\"og:title\" content=\"L\u2019\u00e9cole Pierre et Marie Curie : L\u2019excellence \u00e9ducative de 2025\" \/>\n<meta property=\"og:description\" content=\"Explorez l&#039;\u00e9cole Pierre et Marie Curie : un mod\u00e8le innovant d&#039;\u00e9ducation en 2025, alliant excellence, technologie et bien-\u00eatre des \u00e9l\u00e8ves.\" \/>\n<meta property=\"og:url\" content=\"https:\/\/www.apres-lecole.fr\/Blog\/ecole-pierre-marie-curie-2025\/\" \/>\n<meta property=\"article:published_time\" content=\"2025-10-15T06:36:29+00:00\" \/>\n<meta property=\"og:image\" content=\"https:\/\/www.apres-lecole.fr\/Blog\/wp-content\/uploads\/2025\/10\/Decouverte-de-lecole-Pierre-et-Marie-Curie-un-modele-deducation-en-2025.jpg\" \/>\n\t<meta property=\"og:image:width\" content=\"1344\" \/>\n\t<meta property=\"og:image:height\" content=\"768\" \/>\n\t<meta property=\"og:image:type\" content=\"image\/jpeg\" \/>\n<meta name=\"twitter:card\" content=\"summary_large_image\" \/>\n<meta name=\"twitter:label1\" content=\"\u00c9crit par\" \/>\n\t<meta name=\"twitter:data1\" content=\"\" \/>\n\t<meta name=\"twitter:label2\" content=\"Dur\u00e9e de lecture estim\u00e9e\" \/>\n\t<meta name=\"twitter:data2\" content=\"8 minutes\" \/>\n<script type=\"application\/ld+json\" class=\"yoast-schema-graph\">{\"@context\":\"https:\\\/\\\/schema.org\",\"@graph\":[{\"@type\":\"Article\",\"@id\":\"https:\\\/\\\/www.apres-lecole.fr\\\/Blog\\\/ecole-pierre-marie-curie-2025\\\/#article\",\"isPartOf\":{\"@id\":\"https:\\\/\\\/www.apres-lecole.fr\\\/Blog\\\/ecole-pierre-marie-curie-2025\\\/\"},\"author\":{\"name\":\"\",\"@id\":\"\"},\"headline\":\"D\u00e9couverte de l&rsquo;\u00e9cole Pierre et Marie Curie : un mod\u00e8le d&rsquo;\u00e9ducation en 2025\",\"datePublished\":\"2025-10-15T06:36:29+00:00\",\"mainEntityOfPage\":{\"@id\":\"https:\\\/\\\/www.apres-lecole.fr\\\/Blog\\\/ecole-pierre-marie-curie-2025\\\/\"},\"wordCount\":1619,\"commentCount\":0,\"image\":{\"@id\":\"https:\\\/\\\/www.apres-lecole.fr\\\/Blog\\\/ecole-pierre-marie-curie-2025\\\/#primaryimage\"},\"thumbnailUrl\":\"https:\\\/\\\/www.apres-lecole.fr\\\/Blog\\\/wp-content\\\/uploads\\\/2025\\\/10\\\/Decouverte-de-lecole-Pierre-et-Marie-Curie-un-modele-deducation-en-2025.jpg\",\"keywords\":[\"d\u00e9couverte\",\"\u00e9cole\",\"\u00e9ducation 2025\",\"mod\u00e8le d'\u00e9ducation\",\"pierre et marie curie\"],\"articleSection\":[\"Actualit\u00e9s\"],\"inLanguage\":\"fr-FR\",\"potentialAction\":[{\"@type\":\"CommentAction\",\"name\":\"Comment\",\"target\":[\"https:\\\/\\\/www.apres-lecole.fr\\\/Blog\\\/ecole-pierre-marie-curie-2025\\\/#respond\"]}]},{\"@type\":\"WebPage\",\"@id\":\"https:\\\/\\\/www.apres-lecole.fr\\\/Blog\\\/ecole-pierre-marie-curie-2025\\\/\",\"url\":\"https:\\\/\\\/www.apres-lecole.fr\\\/Blog\\\/ecole-pierre-marie-curie-2025\\\/\",\"name\":\"L\u2019\u00e9cole Pierre et Marie Curie : L\u2019excellence \u00e9ducative de 2025\",\"isPartOf\":{\"@id\":\"https:\\\/\\\/www.apres-lecole.fr\\\/Blog\\\/#website\"},\"primaryImageOfPage\":{\"@id\":\"https:\\\/\\\/www.apres-lecole.fr\\\/Blog\\\/ecole-pierre-marie-curie-2025\\\/#primaryimage\"},\"image\":{\"@id\":\"https:\\\/\\\/www.apres-lecole.fr\\\/Blog\\\/ecole-pierre-marie-curie-2025\\\/#primaryimage\"},\"thumbnailUrl\":\"https:\\\/\\\/www.apres-lecole.fr\\\/Blog\\\/wp-content\\\/uploads\\\/2025\\\/10\\\/Decouverte-de-lecole-Pierre-et-Marie-Curie-un-modele-deducation-en-2025.jpg\",\"datePublished\":\"2025-10-15T06:36:29+00:00\",\"author\":{\"@id\":\"\"},\"description\":\"Explorez l'\u00e9cole Pierre et Marie Curie : un mod\u00e8le innovant d'\u00e9ducation en 2025, alliant excellence, technologie et bien-\u00eatre des \u00e9l\u00e8ves.\",\"breadcrumb\":{\"@id\":\"https:\\\/\\\/www.apres-lecole.fr\\\/Blog\\\/ecole-pierre-marie-curie-2025\\\/#breadcrumb\"},\"inLanguage\":\"fr-FR\",\"potentialAction\":[{\"@type\":\"ReadAction\",\"target\":[\"https:\\\/\\\/www.apres-lecole.fr\\\/Blog\\\/ecole-pierre-marie-curie-2025\\\/\"]}]},{\"@type\":\"ImageObject\",\"inLanguage\":\"fr-FR\",\"@id\":\"https:\\\/\\\/www.apres-lecole.fr\\\/Blog\\\/ecole-pierre-marie-curie-2025\\\/#primaryimage\",\"url\":\"https:\\\/\\\/www.apres-lecole.fr\\\/Blog\\\/wp-content\\\/uploads\\\/2025\\\/10\\\/Decouverte-de-lecole-Pierre-et-Marie-Curie-un-modele-deducation-en-2025.jpg\",\"contentUrl\":\"https:\\\/\\\/www.apres-lecole.fr\\\/Blog\\\/wp-content\\\/uploads\\\/2025\\\/10\\\/Decouverte-de-lecole-Pierre-et-Marie-Curie-un-modele-deducation-en-2025.jpg\",\"width\":1344,\"height\":768,\"caption\":\"explorez l\u2019\u00e9cole pierre et marie curie, un \u00e9tablissement innovant qui fa\u00e7onne l\u2019\u00e9ducation de demain en 2025 gr\u00e2ce \u00e0 ses m\u00e9thodes p\u00e9dagogiques modernes et son engagement envers la r\u00e9ussite des \u00e9l\u00e8ves.\"},{\"@type\":\"BreadcrumbList\",\"@id\":\"https:\\\/\\\/www.apres-lecole.fr\\\/Blog\\\/ecole-pierre-marie-curie-2025\\\/#breadcrumb\",\"itemListElement\":[{\"@type\":\"ListItem\",\"position\":1,\"name\":\"Home\",\"item\":\"https:\\\/\\\/www.apres-lecole.fr\\\/Blog\\\/\"},{\"@type\":\"ListItem\",\"position\":2,\"name\":\"D\u00e9couverte de l&rsquo;\u00e9cole Pierre et Marie Curie : un mod\u00e8le d&rsquo;\u00e9ducation en 2025\"}]},{\"@type\":\"WebSite\",\"@id\":\"https:\\\/\\\/www.apres-lecole.fr\\\/Blog\\\/#website\",\"url\":\"https:\\\/\\\/www.apres-lecole.fr\\\/Blog\\\/\",\"name\":\"\",\"description\":\"M\u00e9dia g\u00e9n\u00e9raliste\",\"potentialAction\":[{\"@type\":\"SearchAction\",\"target\":{\"@type\":\"EntryPoint\",\"urlTemplate\":\"https:\\\/\\\/www.apres-lecole.fr\\\/Blog\\\/?s={search_term_string}\"},\"query-input\":{\"@type\":\"PropertyValueSpecification\",\"valueRequired\":true,\"valueName\":\"search_term_string\"}}],\"inLanguage\":\"fr-FR\"},{\"@type\":\"Person\",\"@id\":\"\",\"url\":\"https:\\\/\\\/www.apres-lecole.fr\\\/Blog\\\/author\\\/\"}]}<\/script>\n<!-- \/ Yoast SEO plugin. -->","yoast_head_json":{"title":"L\u2019\u00e9cole Pierre et Marie Curie : L\u2019excellence \u00e9ducative de 2025","description":"Explorez l'\u00e9cole Pierre et Marie Curie : un mod\u00e8le innovant d'\u00e9ducation en 2025, alliant excellence, technologie et bien-\u00eatre des \u00e9l\u00e8ves.","robots":{"index":"index","follow":"follow","max-snippet":"max-snippet:-1","max-image-preview":"max-image-preview:large","max-video-preview":"max-video-preview:-1"},"canonical":"https:\/\/www.apres-lecole.fr\/Blog\/ecole-pierre-marie-curie-2025\/","og_locale":"fr_FR","og_type":"article","og_title":"L\u2019\u00e9cole Pierre et Marie Curie : L\u2019excellence \u00e9ducative de 2025","og_description":"Explorez l'\u00e9cole Pierre et Marie Curie : un mod\u00e8le innovant d'\u00e9ducation en 2025, alliant excellence, technologie et bien-\u00eatre des \u00e9l\u00e8ves.","og_url":"https:\/\/www.apres-lecole.fr\/Blog\/ecole-pierre-marie-curie-2025\/","article_published_time":"2025-10-15T06:36:29+00:00","og_image":[{"width":1344,"height":768,"url":"https:\/\/www.apres-lecole.fr\/Blog\/wp-content\/uploads\/2025\/10\/Decouverte-de-lecole-Pierre-et-Marie-Curie-un-modele-deducation-en-2025.jpg","type":"image\/jpeg"}],"twitter_card":"summary_large_image","twitter_misc":{"\u00c9crit par":"","Dur\u00e9e de lecture estim\u00e9e":"8 minutes"},"schema":{"@context":"https:\/\/schema.org","@graph":[{"@type":"Article","@id":"https:\/\/www.apres-lecole.fr\/Blog\/ecole-pierre-marie-curie-2025\/#article","isPartOf":{"@id":"https:\/\/www.apres-lecole.fr\/Blog\/ecole-pierre-marie-curie-2025\/"},"author":{"name":"","@id":""},"headline":"D\u00e9couverte de l&rsquo;\u00e9cole Pierre et Marie Curie : un mod\u00e8le d&rsquo;\u00e9ducation en 2025","datePublished":"2025-10-15T06:36:29+00:00","mainEntityOfPage":{"@id":"https:\/\/www.apres-lecole.fr\/Blog\/ecole-pierre-marie-curie-2025\/"},"wordCount":1619,"commentCount":0,"image":{"@id":"https:\/\/www.apres-lecole.fr\/Blog\/ecole-pierre-marie-curie-2025\/#primaryimage"},"thumbnailUrl":"https:\/\/www.apres-lecole.fr\/Blog\/wp-content\/uploads\/2025\/10\/Decouverte-de-lecole-Pierre-et-Marie-Curie-un-modele-deducation-en-2025.jpg","keywords":["d\u00e9couverte","\u00e9cole","\u00e9ducation 2025","mod\u00e8le d'\u00e9ducation","pierre et marie curie"],"articleSection":["Actualit\u00e9s"],"inLanguage":"fr-FR","potentialAction":[{"@type":"CommentAction","name":"Comment","target":["https:\/\/www.apres-lecole.fr\/Blog\/ecole-pierre-marie-curie-2025\/#respond"]}]},{"@type":"WebPage","@id":"https:\/\/www.apres-lecole.fr\/Blog\/ecole-pierre-marie-curie-2025\/","url":"https:\/\/www.apres-lecole.fr\/Blog\/ecole-pierre-marie-curie-2025\/","name":"L\u2019\u00e9cole Pierre et Marie Curie : L\u2019excellence \u00e9ducative de 2025","isPartOf":{"@id":"https:\/\/www.apres-lecole.fr\/Blog\/#website"},"primaryImageOfPage":{"@id":"https:\/\/www.apres-lecole.fr\/Blog\/ecole-pierre-marie-curie-2025\/#primaryimage"},"image":{"@id":"https:\/\/www.apres-lecole.fr\/Blog\/ecole-pierre-marie-curie-2025\/#primaryimage"},"thumbnailUrl":"https:\/\/www.apres-lecole.fr\/Blog\/wp-content\/uploads\/2025\/10\/Decouverte-de-lecole-Pierre-et-Marie-Curie-un-modele-deducation-en-2025.jpg","datePublished":"2025-10-15T06:36:29+00:00","author":{"@id":""},"description":"Explorez l'\u00e9cole Pierre et Marie Curie : un mod\u00e8le innovant d'\u00e9ducation en 2025, alliant excellence, technologie et bien-\u00eatre des \u00e9l\u00e8ves.","breadcrumb":{"@id":"https:\/\/www.apres-lecole.fr\/Blog\/ecole-pierre-marie-curie-2025\/#breadcrumb"},"inLanguage":"fr-FR","potentialAction":[{"@type":"ReadAction","target":["https:\/\/www.apres-lecole.fr\/Blog\/ecole-pierre-marie-curie-2025\/"]}]},{"@type":"ImageObject","inLanguage":"fr-FR","@id":"https:\/\/www.apres-lecole.fr\/Blog\/ecole-pierre-marie-curie-2025\/#primaryimage","url":"https:\/\/www.apres-lecole.fr\/Blog\/wp-content\/uploads\/2025\/10\/Decouverte-de-lecole-Pierre-et-Marie-Curie-un-modele-deducation-en-2025.jpg","contentUrl":"https:\/\/www.apres-lecole.fr\/Blog\/wp-content\/uploads\/2025\/10\/Decouverte-de-lecole-Pierre-et-Marie-Curie-un-modele-deducation-en-2025.jpg","width":1344,"height":768,"caption":"explorez l\u2019\u00e9cole pierre et marie curie, un \u00e9tablissement innovant qui fa\u00e7onne l\u2019\u00e9ducation de demain en 2025 gr\u00e2ce \u00e0 ses m\u00e9thodes p\u00e9dagogiques modernes et son engagement envers la r\u00e9ussite des \u00e9l\u00e8ves."},{"@type":"BreadcrumbList","@id":"https:\/\/www.apres-lecole.fr\/Blog\/ecole-pierre-marie-curie-2025\/#breadcrumb","itemListElement":[{"@type":"ListItem","position":1,"name":"Home","item":"https:\/\/www.apres-lecole.fr\/Blog\/"},{"@type":"ListItem","position":2,"name":"D\u00e9couverte de l&rsquo;\u00e9cole Pierre et Marie Curie : un mod\u00e8le d&rsquo;\u00e9ducation en 2025"}]},{"@type":"WebSite","@id":"https:\/\/www.apres-lecole.fr\/Blog\/#website","url":"https:\/\/www.apres-lecole.fr\/Blog\/","name":"","description":"M\u00e9dia g\u00e9n\u00e9raliste","potentialAction":[{"@type":"SearchAction","target":{"@type":"EntryPoint","urlTemplate":"https:\/\/www.apres-lecole.fr\/Blog\/?s={search_term_string}"},"query-input":{"@type":"PropertyValueSpecification","valueRequired":true,"valueName":"search_term_string"}}],"inLanguage":"fr-FR"},{"@type":"Person","@id":"","url":"https:\/\/www.apres-lecole.fr\/Blog\/author\/"}]}},"views":8,"_links":{"self":[{"href":"https:\/\/www.apres-lecole.fr\/Blog\/wp-json\/wp\/v2\/posts\/2539","targetHints":{"allow":["GET"]}}],"collection":[{"href":"https:\/\/www.apres-lecole.fr\/Blog\/wp-json\/wp\/v2\/posts"}],"about":[{"href":"https:\/\/www.apres-lecole.fr\/Blog\/wp-json\/wp\/v2\/types\/post"}],"author":[{"embeddable":true,"href":"https:\/\/www.apres-lecole.fr\/Blog\/wp-json\/wp\/v2\/users\/7"}],"replies":[{"embeddable":true,"href":"https:\/\/www.apres-lecole.fr\/Blog\/wp-json\/wp\/v2\/comments?post=2539"}],"version-history":[{"count":0,"href":"https:\/\/www.apres-lecole.fr\/Blog\/wp-json\/wp\/v2\/posts\/2539\/revisions"}],"wp:featuredmedia":[{"embeddable":true,"href":"https:\/\/www.apres-lecole.fr\/Blog\/wp-json\/wp\/v2\/media\/2538"}],"wp:attachment":[{"href":"https:\/\/www.apres-lecole.fr\/Blog\/wp-json\/wp\/v2\/media?parent=2539"}],"wp:term":[{"taxonomy":"category","embeddable":true,"href":"https:\/\/www.apres-lecole.fr\/Blog\/wp-json\/wp\/v2\/categories?post=2539"},{"taxonomy":"post_tag","embeddable":true,"href":"https:\/\/www.apres-lecole.fr\/Blog\/wp-json\/wp\/v2\/tags?post=2539"}],"curies":[{"name":"wp","href":"https:\/\/api.w.org\/{rel}","templated":true}]}}