{"id":2533,"date":"2025-10-14T06:31:27","date_gmt":"2025-10-14T06:31:27","guid":{"rendered":"https:\/\/www.apres-lecole.fr\/Blog\/ecole-sainte-anne-education-2025\/"},"modified":"2025-10-14T06:31:27","modified_gmt":"2025-10-14T06:31:27","slug":"ecole-sainte-anne-education-2025","status":"publish","type":"post","link":"https:\/\/www.apres-lecole.fr\/Blog\/ecole-sainte-anne-education-2025\/","title":{"rendered":"D\u00e9couvrez l&rsquo;Ecole Sainte Anne : un mod\u00e8le d&rsquo;\u00e9ducation en 2025"},"content":{"rendered":"\n\n<div class=\"kk-star-ratings kksr-auto kksr-align-left kksr-valign-top\"\n    data-payload='{&quot;align&quot;:&quot;left&quot;,&quot;id&quot;:&quot;2533&quot;,&quot;slug&quot;:&quot;default&quot;,&quot;valign&quot;:&quot;top&quot;,&quot;ignore&quot;:&quot;&quot;,&quot;reference&quot;:&quot;auto&quot;,&quot;class&quot;:&quot;&quot;,&quot;count&quot;:&quot;0&quot;,&quot;legendonly&quot;:&quot;&quot;,&quot;readonly&quot;:&quot;&quot;,&quot;score&quot;:&quot;0&quot;,&quot;starsonly&quot;:&quot;&quot;,&quot;best&quot;:&quot;5&quot;,&quot;gap&quot;:&quot;5&quot;,&quot;greet&quot;:&quot;Rate this post&quot;,&quot;legend&quot;:&quot;0\\\/5 - (0 vote)&quot;,&quot;size&quot;:&quot;24&quot;,&quot;title&quot;:&quot;D\u00e9couvrez l\\u0026#039;Ecole Sainte Anne : un mod\u00e8le d\\u0026#039;\u00e9ducation en 2025&quot;,&quot;width&quot;:&quot;0&quot;,&quot;_legend&quot;:&quot;{score}\\\/{best} - ({count} {votes})&quot;,&quot;font_factor&quot;:&quot;1.25&quot;}'>\n            \n<div class=\"kksr-stars\">\n    \n<div class=\"kksr-stars-inactive\">\n            <div class=\"kksr-star\" data-star=\"1\" style=\"padding-right: 5px\">\n            \n\n<div class=\"kksr-icon\" style=\"width: 24px; height: 24px;\"><\/div>\n        <\/div>\n            <div class=\"kksr-star\" data-star=\"2\" style=\"padding-right: 5px\">\n            \n\n<div class=\"kksr-icon\" style=\"width: 24px; height: 24px;\"><\/div>\n        <\/div>\n            <div class=\"kksr-star\" data-star=\"3\" style=\"padding-right: 5px\">\n            \n\n<div class=\"kksr-icon\" style=\"width: 24px; height: 24px;\"><\/div>\n        <\/div>\n            <div class=\"kksr-star\" data-star=\"4\" style=\"padding-right: 5px\">\n            \n\n<div class=\"kksr-icon\" style=\"width: 24px; height: 24px;\"><\/div>\n        <\/div>\n            <div class=\"kksr-star\" data-star=\"5\" style=\"padding-right: 5px\">\n            \n\n<div class=\"kksr-icon\" style=\"width: 24px; height: 24px;\"><\/div>\n        <\/div>\n    <\/div>\n    \n<div class=\"kksr-stars-active\" style=\"width: 0px;\">\n            <div class=\"kksr-star\" style=\"padding-right: 5px\">\n            \n\n<div class=\"kksr-icon\" style=\"width: 24px; height: 24px;\"><\/div>\n        <\/div>\n            <div class=\"kksr-star\" style=\"padding-right: 5px\">\n            \n\n<div class=\"kksr-icon\" style=\"width: 24px; height: 24px;\"><\/div>\n        <\/div>\n            <div class=\"kksr-star\" style=\"padding-right: 5px\">\n            \n\n<div class=\"kksr-icon\" style=\"width: 24px; height: 24px;\"><\/div>\n        <\/div>\n            <div class=\"kksr-star\" style=\"padding-right: 5px\">\n            \n\n<div class=\"kksr-icon\" style=\"width: 24px; height: 24px;\"><\/div>\n        <\/div>\n            <div class=\"kksr-star\" style=\"padding-right: 5px\">\n            \n\n<div class=\"kksr-icon\" style=\"width: 24px; height: 24px;\"><\/div>\n        <\/div>\n    <\/div>\n<\/div>\n                \n\n<div class=\"kksr-legend\" style=\"font-size: 19.2px;\">\n            <span class=\"kksr-muted\">Rate this post<\/span>\n    <\/div>\n    <\/div>\n<p>Avec l&rsquo;\u00e9volution rapide des m\u00e9thodes d&rsquo;enseignement, l&rsquo;Ecole Sainte Anne se positionne comme un phare dans l&rsquo;univers de l&rsquo;<strong>\u00e9ducation innovante<\/strong>. En 2025, le paysage \u00e9ducatif est marqu\u00e9 par la n\u00e9cessit\u00e9 de s&rsquo;adapter aux enjeux contemporains. Les parents, enseignants et \u00e9l\u00e8ves aspirent \u00e0 des solutions p\u00e9dagogiques qui r\u00e9pondent aux d\u00e9fis actuels. Des structures comme l&rsquo;Ecole Sainte Anne explorent des approches novatrices et un fonctionnement dynamique qui favorisent un apprentissage r\u00e9fl\u00e9chi et inclusif. Que ce soit gr\u00e2ce \u00e0 la <strong>p\u00e9dagogie active<\/strong>, \u00e0 l&rsquo;int\u00e9gration des <strong>technologies \u00e9ducatives<\/strong> ou \u00e0 l&rsquo;accompagnement des \u00e9l\u00e8ves, l&rsquo;Ecole Sainte Anne appara\u00eet comme un mod\u00e8le \u00e0 suivre. Comment ces approches concilient-elles <strong>r\u00e9ussite \u00e9ducative<\/strong> et <strong>bien-\u00eatre scolaire<\/strong> ? Dans cet article, d\u00e9couvre les facettes captivantes de cet \u00e9tablissement exemplaire.<\/p>\n\n<h2 class=\"wp-block-heading\">La p\u00e9dagogie active : au c\u0153ur de l&rsquo;Ecole Sainte Anne<\/h2>\n\n<p>L&rsquo;Ecole Sainte Anne a fait de la <strong>p\u00e9dagogie active<\/strong> sa signature. Au lieu d&rsquo;opter pour un enseignement magistral traditionnel, cette \u00e9cole encourage les \u00e9l\u00e8ves \u00e0 devenir les acteurs de leur apprentissage. Mais en quoi consiste cette approche ? La p\u00e9dagogie active vise \u00e0 impliquer les \u00e9l\u00e8ves dans le processus \u00e9ducatif, en favorisant leur prise d&rsquo;initiative et leur esprit critique.<\/p>\n\n<h3 class=\"wp-block-heading\">Des m\u00e9thodes d&rsquo;enseignement diversifi\u00e9es<\/h3>\n\n<p>Au sein de l&rsquo;Ecole Sainte Anne, plusieurs m\u00e9thodes sont mises en place pour garantir une <strong>inclusion scolaire<\/strong> et un apprentissage personnalis\u00e9. D\u00e9couvrons les principales techniques utilis\u00e9es :<\/p>\n\n<ul class=\"wp-block-list\"><li>Apprentissage par projet : les \u00e9l\u00e8ves travaillent sur des projets concrets qui les passionnent, les rendant ainsi plus engag\u00e9s.<\/li><li>Ateliers collaboratifs : ces s\u00e9ances permettent de d\u00e9velopper des comp\u00e9tences sociales tout en apprenant ensemble.<\/li><li>Utilisation de jeux \u00e9ducatifs : ces outils rendent l&rsquo;apprentissage ludique et favorisent la m\u00e9morisation.<\/li><li>Sorties p\u00e9dagogiques : elles enrichissent le curriculum et offrent des perspectives r\u00e9elles sur les savoirs acqu\u00e9ris.<\/li><li>Retours r\u00e9guliers des \u00e9l\u00e8ves : l&rsquo;\u00e9cole recueille leurs avis pour am\u00e9liorer la qualit\u00e9 de l&rsquo;enseignement.<\/li><\/ul>\n\n<p>En s&rsquo;appuyant sur ces m\u00e9thodes, l&rsquo;Ecole Sainte Anne pr\u00e9pare les \u00e9l\u00e8ves \u00e0 affronter un monde en constante \u00e9volution. Alors, pourquoi la <strong>p\u00e9dagogie active<\/strong> est-elle cruciale aujourd&rsquo;hui ? Elle permet de d\u00e9velopper des comp\u00e9tences essentielles telles que la cr\u00e9ativit\u00e9, la collaboration et la pens\u00e9e critique.<\/p>\n\n<h3 class=\"wp-block-heading\">Exemples concrets d\u2019application<\/h3>\n\n<p>Imaginons un projet au sein de l&rsquo;Ecole Sainte Anne o\u00f9 les \u00e9l\u00e8ves doivent cr\u00e9er une mini-entreprise. En \u00e9quipe, ils doivent r\u00e9fl\u00e9chir \u00e0 un produit \u00e0 vendre, concevoir un plan marketing et m\u00eame g\u00e9rer un budget. Cette exp\u00e9rience pratique leur permet d\u2019acqu\u00e9rir des comp\u00e9tences en gestion et en esprit d\u2019\u00e9quipe. Des \u00e9tudes montrent que ce genre d&rsquo;approche renforce non seulement les comp\u00e9tences acad\u00e9miques, mais aussi les comp\u00e9tences de vie.<\/p>\n\n<p>Un autre exemple serait l\u2019int\u00e9gration de technologies \u00e9ducatives. L\u2019\u00e9cole utilise des tablettes et des outils interactifs pour rendre les cours plus dynamiques. Les \u00e9l\u00e8ves peuvent ainsi explorer des contenus vari\u00e9s et s&rsquo;auto-\u00e9valuer \u00e0 leur rythme.<\/p>\n\n<h2 class=\"wp-block-heading\">Les technologies \u00e9ducatives : un levier pour l&rsquo;apprentissage personnalis\u00e9<\/h2>\n\n<p>Dans le cadre de l&rsquo;Ecole Sainte Anne, l&rsquo;utilisation des <strong>technologies \u00e9ducatives<\/strong> n&rsquo;est pas seulement un gadget, mais un v\u00e9ritable outil pour personnaliser l&rsquo;apprentissage des \u00e9l\u00e8ves. En 2025, cette \u00e9cole a su adopter des outils num\u00e9riques qui favorisent un <strong>apprentissage personnalis\u00e9<\/strong>.<\/p>\n\n<h3 class=\"wp-block-heading\">Personnalisation de l&rsquo;apprentissage gr\u00e2ce aux outils num\u00e9riques<\/h3>\n\n<p>Les \u00e9l\u00e8ves b\u00e9n\u00e9ficient de plateformes d&rsquo;apprentissage en ligne qui s&rsquo;ajustent \u00e0 leur niveau et \u00e0 leur progression. Ces outils permettent une approche sur-mesure de chaque \u00e9tudiant, facilitant ainsi un suivi individualis\u00e9. Voici comment l&rsquo;Ecole Sainte Anne exploite ces outils :<\/p>\n\n<ul class=\"wp-block-list\"><li>Plateformes adaptatives : elles \u00e9valuent le niveau de chaque \u00e9l\u00e8ve et proposent du contenu appropri\u00e9.<\/li><li>Suivi en temps r\u00e9el des progr\u00e8s : les enseignants peuvent facilement identifier les points d&rsquo;am\u00e9lioration.<\/li><li>Accessibilit\u00e9 des ressources : en ligne, les \u00e9l\u00e8ves peuvent revoir les le\u00e7ons \u00e0 leur convenance.<\/li><li>Communaut\u00e9s d&rsquo;apprentissage partag\u00e9es : les \u00e9l\u00e8ves peuvent \u00e9changer des id\u00e9es et s&rsquo;entraider.<\/li><\/ul>\n\n<p>Cette approche permet non seulement d&rsquo;am\u00e9liorer les r\u00e9sultats scolaires, mais aussi d&rsquo;accro\u00eetre la motivation des \u00e9l\u00e8ves. En leur offrant un cadre d&rsquo;apprentissage qui respecte leur rythme, l\u2019Ecole Sainte Anne contribue \u00e0 leur <strong>r\u00e9ussite \u00e9ducative<\/strong>.<\/p>\n\n<h3 class=\"wp-block-heading\">Les d\u00e9fis \u00e0 relever<\/h3>\n\n<p>Malgr\u00e9 l\u2019enthousiasme suscit\u00e9 par ces innovations, des d\u00e9fis persistent. La formation des enseignants \u00e0 l\u2019utilisation des nouvelles technologies est essentielle. En effet, une technologie sans formation ad\u00e9quate reste inefficace. De plus, il est crucial de veiller \u00e0 ce que tous les \u00e9l\u00e8ves aient acc\u00e8s \u00e0 ces technologies, afin de garantir l&rsquo;<strong>inclusion scolaire<\/strong> et de ne laisser personne de c\u00f4t\u00e9.<\/p>\n\n<h2 class=\"wp-block-heading\">Un partenariat famille-\u00e9cole : cl\u00e9 de la r\u00e9ussite<\/h2>\n\n<p>Au sein de l&rsquo;Ecole Sainte Anne, la collaboration entre les familles et l&rsquo;\u00e9tablissement est per\u00e7ue comme un pilier fondamental pour assurer le bien-\u00eatre et la r\u00e9ussite des \u00e9l\u00e8ves. Ce partenariat <strong>famille-\u00e9cole<\/strong> est int\u00e9gr\u00e9 dans une d\u00e9marche syst\u00e9matique qui r\u00e9unit enseignants, parents et \u00e9l\u00e8ves.<\/p>\n\n<h3 class=\"wp-block-heading\">Initiatives pour renforcer la collaboration<\/h3>\n\n<p>Voici quelques initiatives mises en place par l&rsquo;Ecole Sainte Anne pour maintenir un dialogue constructif avec les familles :<\/p>\n\n<ul class=\"wp-block-list\"><li>Rencontres trimestrielles entre parents et enseignants pour discuter des progr\u00e8s acad\u00e9miques.<\/li><li>Ateliers parents-\u00e9l\u00e8ves pour impliquer les familles dans le processus \u00e9ducatif.<\/li><li>Diffusion r\u00e9guli\u00e8re de bulletins d&rsquo;information pour partager des informations importantes.<\/li><li>Cr\u00e9ation de groupes de discussion en ligne pour \u00e9changer des astuces \u00e9ducatives.<\/li><\/ul>\n\n<p>En instaurant un vrai dialogue, l&rsquo;Ecole Sainte Anne renforce le sentiment d&rsquo;appartenance et la motivation. Les parents se sentent plus investis dans la scolarit\u00e9 de leurs enfants, et les \u00e9l\u00e8ves b\u00e9n\u00e9ficient d&rsquo;un soutien renfonc\u00e9.<\/p>\n\n<h3 class=\"wp-block-heading\">L&rsquo;impact sur le bien-\u00eatre scolaire<\/h3>\n\n<p>Cet engagement en faveur du partenariat <strong>famille-\u00e9cole<\/strong> a un impact direct sur le <strong>bien-\u00eatre scolaire<\/strong> des enfants. Les \u00e9l\u00e8ves se sentent soutenus, comprenant que leurs parents et enseignants travaillent main dans la main pour leur succ\u00e8s. Une \u00e9tude men\u00e9e pour \u00e9valuer cette approche a d\u00e9montr\u00e9 que les \u00e9l\u00e8ves d&rsquo;\u00e9tablissements avec de forts liens familiaux affichent de meilleurs r\u00e9sultats acad\u00e9miques et un moral plus \u00e9lev\u00e9.<\/p>\n\n<h2 class=\"wp-block-heading\">Le bien-\u00eatre scolaire : une priorit\u00e9 \u00e0 l&rsquo;Ecole Sainte Anne<\/h2>\n\n<p>L&rsquo;Ecole Sainte Anne ne se contente pas d&rsquo;un mod\u00e8le acad\u00e9mique, elle place \u00e9galement le <strong>bien-\u00eatre scolaire<\/strong> de ses \u00e9l\u00e8ves au c\u0153ur de ses pr\u00e9occupations. En 2025, les institutions \u00e9ducatives commencent \u00e0 comprendre que la sant\u00e9 mentale et \u00e9motionnelle des \u00e9l\u00e8ves est tout aussi cruciale que les r\u00e9sultats acad\u00e9miques.<\/p>\n\n<h3 class=\"wp-block-heading\">Actions mises en place pour favoriser le bien-\u00eatre<\/h3>\n\n<p>Voici quelques actions sp\u00e9cifiques que l&rsquo;Ecole Sainte Anne a mises en \u0153uvre pour promouvoir <strong>le bien-\u00eatre scolaire<\/strong> :<\/p>\n\n<ul class=\"wp-block-list\"><li>Programmes de m\u00e9ditation et de pleine conscience pour aider les \u00e9l\u00e8ves \u00e0 g\u00e9rer le stress.<\/li><li>Soutien psychologique r\u00e9gulier offert par des professionnels.<\/li><li>Activit\u00e9s sportives r\u00e9guli\u00e8res pour d\u00e9velopper la confiance et le travail d&rsquo;\u00e9quipe.<\/li><li>Clubs de discussion o\u00f9 les \u00e9l\u00e8ves peuvent exprimer librement leurs pr\u00e9occupations.<\/li><\/ul>\n\n<p>Ces d\u00e9marches contribuent \u00e0 cr\u00e9er un environnement scolaire positif, o\u00f9 chaque \u00e9l\u00e8ve se sent valoris\u00e9 et \u00e9cout\u00e9. En int\u00e9grant le bien-\u00eatre comme une composante essentielle de l&rsquo;\u00e9ducation, l&rsquo;Ecole Sainte Anne se donne les moyens d&rsquo;assurer un avenir serein \u00e0 ses \u00e9l\u00e8ves.<\/p>\n\n<h3 class=\"wp-block-heading\">R\u00e9sultats observ\u00e9s<\/h3>\n\n<p>Les r\u00e9sultats parlent d&rsquo;eux-m\u00eames. Les recherches montrent que les \u00e9tablissements qui priorisent le bien-\u00eatre de leurs \u00e9l\u00e8ves enregistrent une baisse significative de l&rsquo;absent\u00e9isme et des comportements probl\u00e9matiques. Ces facteurs ne se traduisent pas seulement par de meilleures notes, mais par une atmosph\u00e8re scolaire harmonieuse et un climat de confiance.<\/p>\n\n\n{\u00ab\u00a0@context\u00a0\u00bb:\u00a0\u00bbhttps:\/\/schema.org\u00a0\u00bb,\u00a0\u00bb@type\u00a0\u00bb:\u00a0\u00bbFAQPage\u00a0\u00bb,\u00a0\u00bbmainEntity\u00a0\u00bb:[{\u00ab\u00a0@type\u00a0\u00bb:\u00a0\u00bbQuestion\u00a0\u00bb,\u00a0\u00bbname\u00a0\u00bb:\u00a0\u00bbQuels sont les principes de la pu00e9dagogie active ?\u00a0\u00bb,\u00a0\u00bbacceptedAnswer\u00a0\u00bb:{\u00ab\u00a0@type\u00a0\u00bb:\u00a0\u00bbAnswer\u00a0\u00bb,\u00a0\u00bbtext\u00a0\u00bb:\u00a0\u00bbLa pu00e9dagogie active repose sur l&rsquo;implication des u00e9lu00e8ves dans leur apprentissage via des projets, des travaux collaboratifs et l&rsquo;utilisation de jeux u00e9ducatifs.\u00a0\u00bb}},{\u00ab\u00a0@type\u00a0\u00bb:\u00a0\u00bbQuestion\u00a0\u00bb,\u00a0\u00bbname\u00a0\u00bb:\u00a0\u00bbComment l&rsquo;Ecole Sainte Anne intu00e8gre-t-elle les technologies u00e9ducatives ?\u00a0\u00bb,\u00a0\u00bbacceptedAnswer\u00a0\u00bb:{\u00ab\u00a0@type\u00a0\u00bb:\u00a0\u00bbAnswer\u00a0\u00bb,\u00a0\u00bbtext\u00a0\u00bb:\u00a0\u00bbL&rsquo;Ecole utilise des plateformes numu00e9riques adaptatives pour personnaliser l&rsquo;apprentissage, permettant un suivi individualisu00e9 des u00e9lu00e8ves.\u00a0\u00bb}},{\u00ab\u00a0@type\u00a0\u00bb:\u00a0\u00bbQuestion\u00a0\u00bb,\u00a0\u00bbname\u00a0\u00bb:\u00a0\u00bbQuel est le ru00f4le des familles dans l&rsquo;Ecole Sainte Anne ?\u00a0\u00bb,\u00a0\u00bbacceptedAnswer\u00a0\u00bb:{\u00ab\u00a0@type\u00a0\u00bb:\u00a0\u00bbAnswer\u00a0\u00bb,\u00a0\u00bbtext\u00a0\u00bb:\u00a0\u00bbLes familles sont impliquu00e9es dans le processus u00e9ducatif par des rencontres ru00e9guliu00e8res, des ateliers et des groupes de discussion, renforu00e7ant ainsi le partenariat famille-u00e9cole.\u00a0\u00bb}},{\u00ab\u00a0@type\u00a0\u00bb:\u00a0\u00bbQuestion\u00a0\u00bb,\u00a0\u00bbname\u00a0\u00bb:\u00a0\u00bbComment l&rsquo;Ecole Sainte Anne favorise-t-elle le bien-u00eatre des u00e9lu00e8ves ?\u00a0\u00bb,\u00a0\u00bbacceptedAnswer\u00a0\u00bb:{\u00ab\u00a0@type\u00a0\u00bb:\u00a0\u00bbAnswer\u00a0\u00bb,\u00a0\u00bbtext\u00a0\u00bb:\u00a0\u00bbL&rsquo;u00e9cole met en place des programmes de mu00e9ditation, de soutien psychologique, ainsi que des activitu00e9s sportives pour promouvoir une atmosphu00e8re scolaire positive.\u00a0\u00bb}},{\u00ab\u00a0@type\u00a0\u00bb:\u00a0\u00bbQuestion\u00a0\u00bb,\u00a0\u00bbname\u00a0\u00bb:\u00a0\u00bbQuels ru00e9sultats l&rsquo;Ecole Sainte Anne a-t-elle obtenus ?\u00a0\u00bb,\u00a0\u00bbacceptedAnswer\u00a0\u00bb:{\u00ab\u00a0@type\u00a0\u00bb:\u00a0\u00bbAnswer\u00a0\u00bb,\u00a0\u00bbtext\u00a0\u00bb:\u00a0\u00bbLes initiatives u00e9ducatives ont conduit u00e0 un meilleur engagement des u00e9lu00e8ves, une baisse de l&rsquo;absentu00e9isme et des comportements problu00e9matiques.\u00a0\u00bb}}]}\n\n<h3>Quels sont les principes de la p\u00e9dagogie active ?<\/h3>\n<p>La p\u00e9dagogie active repose sur l&rsquo;implication des \u00e9l\u00e8ves dans leur apprentissage via des projets, des travaux collaboratifs et l&rsquo;utilisation de jeux \u00e9ducatifs.<\/p>\n<h3>Comment l&rsquo;Ecole Sainte Anne int\u00e8gre-t-elle les technologies \u00e9ducatives ?<\/h3>\n<p>L&rsquo;Ecole utilise des plateformes num\u00e9riques adaptatives pour personnaliser l&rsquo;apprentissage, permettant un suivi individualis\u00e9 des \u00e9l\u00e8ves.<\/p>\n<h3>Quel est le r\u00f4le des familles dans l&rsquo;Ecole Sainte Anne ?<\/h3>\n<p>Les familles sont impliqu\u00e9es dans le processus \u00e9ducatif par des rencontres r\u00e9guli\u00e8res, des ateliers et des groupes de discussion, renfor\u00e7ant ainsi le partenariat famille-\u00e9cole.<\/p>\n<h3>Comment l&rsquo;Ecole Sainte Anne favorise-t-elle le bien-\u00eatre des \u00e9l\u00e8ves ?<\/h3>\n<p>L&rsquo;\u00e9cole met en place des programmes de m\u00e9ditation, de soutien psychologique, ainsi que des activit\u00e9s sportives pour promouvoir une atmosph\u00e8re scolaire positive.<\/p>\n<h3>Quels r\u00e9sultats l&rsquo;Ecole Sainte Anne a-t-elle obtenus ?<\/h3>\n<p>Les initiatives \u00e9ducatives ont conduit \u00e0 un meilleur engagement des \u00e9l\u00e8ves, une baisse de l&rsquo;absent\u00e9isme et des comportements probl\u00e9matiques.<\/p>\n\n","protected":false},"excerpt":{"rendered":"<p>Avec l&rsquo;\u00e9volution rapide des m\u00e9thodes d&rsquo;enseignement, l&rsquo;Ecole Sainte Anne se positionne comme un phare dans l&rsquo;univers de l&rsquo;\u00e9ducation innovante. En 2025, le paysage \u00e9ducatif est marqu\u00e9 par la n\u00e9cessit\u00e9 de s&rsquo;adapter aux enjeux contemporains. Les parents, enseignants et \u00e9l\u00e8ves aspirent \u00e0 des solutions p\u00e9dagogiques qui r\u00e9pondent aux d\u00e9fis actuels. Des structures comme l&rsquo;Ecole Sainte Anne &#8230; <a title=\"D\u00e9couvrez l&rsquo;Ecole Sainte Anne : un mod\u00e8le d&rsquo;\u00e9ducation en 2025\" class=\"read-more\" href=\"https:\/\/www.apres-lecole.fr\/Blog\/ecole-sainte-anne-education-2025\/\" aria-label=\"En savoir plus sur D\u00e9couvrez l&rsquo;Ecole Sainte Anne : un mod\u00e8le d&rsquo;\u00e9ducation en 2025\">Lire plus<\/a><\/p>\n","protected":false},"author":7,"featured_media":2532,"comment_status":"open","ping_status":"open","sticky":false,"template":"","format":"standard","meta":{"footnotes":""},"categories":[342],"tags":[1302,1357,1502,1612,1000],"class_list":["post-2533","post","type-post","status-publish","format-standard","has-post-thumbnail","hentry","category-actualites","tag-ecole-sainte-anne","tag-education-2025","tag-innovation-pedagogique","tag-modele-deducation","tag-systeme-educatif"],"yoast_head":"<!-- This site is optimized with the Yoast SEO plugin v27.5 - https:\/\/yoast.com\/product\/yoast-seo-wordpress\/ -->\n<title>\u00c9cole Sainte Anne : L\u2019innovation \u00e9ducative version 2025<\/title>\n<meta name=\"description\" content=\"D\u00e9couvrez l&#039;Ecole Sainte Anne, un mod\u00e8le d&#039;\u00e9ducation innovant en 2025. Excellence, valeurs et r\u00e9ussite pour chaque \u00e9l\u00e8ve. En savoir plus !\" \/>\n<meta name=\"robots\" content=\"index, follow, max-snippet:-1, max-image-preview:large, max-video-preview:-1\" \/>\n<link rel=\"canonical\" href=\"https:\/\/www.apres-lecole.fr\/Blog\/ecole-sainte-anne-education-2025\/\" \/>\n<meta property=\"og:locale\" content=\"fr_FR\" \/>\n<meta property=\"og:type\" content=\"article\" \/>\n<meta property=\"og:title\" content=\"\u00c9cole Sainte Anne : L\u2019innovation \u00e9ducative version 2025\" \/>\n<meta property=\"og:description\" content=\"D\u00e9couvrez l&#039;Ecole Sainte Anne, un mod\u00e8le d&#039;\u00e9ducation innovant en 2025. Excellence, valeurs et r\u00e9ussite pour chaque \u00e9l\u00e8ve. En savoir plus !\" \/>\n<meta property=\"og:url\" content=\"https:\/\/www.apres-lecole.fr\/Blog\/ecole-sainte-anne-education-2025\/\" \/>\n<meta property=\"article:published_time\" content=\"2025-10-14T06:31:27+00:00\" \/>\n<meta property=\"og:image\" content=\"https:\/\/www.apres-lecole.fr\/Blog\/wp-content\/uploads\/2025\/10\/Decouvrez-lEcole-Sainte-Anne-un-modele-deducation-en-2025.jpg\" \/>\n\t<meta property=\"og:image:width\" content=\"1344\" \/>\n\t<meta property=\"og:image:height\" content=\"768\" \/>\n\t<meta property=\"og:image:type\" content=\"image\/jpeg\" \/>\n<meta name=\"twitter:card\" content=\"summary_large_image\" \/>\n<meta name=\"twitter:label1\" content=\"\u00c9crit par\" \/>\n\t<meta name=\"twitter:data1\" content=\"\" \/>\n\t<meta name=\"twitter:label2\" content=\"Dur\u00e9e de lecture estim\u00e9e\" \/>\n\t<meta name=\"twitter:data2\" content=\"8 minutes\" \/>\n<script type=\"application\/ld+json\" class=\"yoast-schema-graph\">{\"@context\":\"https:\\\/\\\/schema.org\",\"@graph\":[{\"@type\":\"Article\",\"@id\":\"https:\\\/\\\/www.apres-lecole.fr\\\/Blog\\\/ecole-sainte-anne-education-2025\\\/#article\",\"isPartOf\":{\"@id\":\"https:\\\/\\\/www.apres-lecole.fr\\\/Blog\\\/ecole-sainte-anne-education-2025\\\/\"},\"author\":{\"name\":\"\",\"@id\":\"\"},\"headline\":\"D\u00e9couvrez l&rsquo;Ecole Sainte Anne : un mod\u00e8le d&rsquo;\u00e9ducation en 2025\",\"datePublished\":\"2025-10-14T06:31:27+00:00\",\"mainEntityOfPage\":{\"@id\":\"https:\\\/\\\/www.apres-lecole.fr\\\/Blog\\\/ecole-sainte-anne-education-2025\\\/\"},\"wordCount\":1765,\"commentCount\":0,\"image\":{\"@id\":\"https:\\\/\\\/www.apres-lecole.fr\\\/Blog\\\/ecole-sainte-anne-education-2025\\\/#primaryimage\"},\"thumbnailUrl\":\"https:\\\/\\\/www.apres-lecole.fr\\\/Blog\\\/wp-content\\\/uploads\\\/2025\\\/10\\\/Decouvrez-lEcole-Sainte-Anne-un-modele-deducation-en-2025.jpg\",\"keywords\":[\"\u00e9cole sainte anne\",\"\u00e9ducation 2025\",\"innovation p\u00e9dagogique\",\"mod\u00e8le d'\u00e9ducation\",\"syst\u00e8me \u00e9ducatif\"],\"articleSection\":[\"Actualit\u00e9s\"],\"inLanguage\":\"fr-FR\",\"potentialAction\":[{\"@type\":\"CommentAction\",\"name\":\"Comment\",\"target\":[\"https:\\\/\\\/www.apres-lecole.fr\\\/Blog\\\/ecole-sainte-anne-education-2025\\\/#respond\"]}]},{\"@type\":\"WebPage\",\"@id\":\"https:\\\/\\\/www.apres-lecole.fr\\\/Blog\\\/ecole-sainte-anne-education-2025\\\/\",\"url\":\"https:\\\/\\\/www.apres-lecole.fr\\\/Blog\\\/ecole-sainte-anne-education-2025\\\/\",\"name\":\"\u00c9cole Sainte Anne : L\u2019innovation \u00e9ducative version 2025\",\"isPartOf\":{\"@id\":\"https:\\\/\\\/www.apres-lecole.fr\\\/Blog\\\/#website\"},\"primaryImageOfPage\":{\"@id\":\"https:\\\/\\\/www.apres-lecole.fr\\\/Blog\\\/ecole-sainte-anne-education-2025\\\/#primaryimage\"},\"image\":{\"@id\":\"https:\\\/\\\/www.apres-lecole.fr\\\/Blog\\\/ecole-sainte-anne-education-2025\\\/#primaryimage\"},\"thumbnailUrl\":\"https:\\\/\\\/www.apres-lecole.fr\\\/Blog\\\/wp-content\\\/uploads\\\/2025\\\/10\\\/Decouvrez-lEcole-Sainte-Anne-un-modele-deducation-en-2025.jpg\",\"datePublished\":\"2025-10-14T06:31:27+00:00\",\"author\":{\"@id\":\"\"},\"description\":\"D\u00e9couvrez l'Ecole Sainte Anne, un mod\u00e8le d'\u00e9ducation innovant en 2025. Excellence, valeurs et r\u00e9ussite pour chaque \u00e9l\u00e8ve. En savoir plus !\",\"breadcrumb\":{\"@id\":\"https:\\\/\\\/www.apres-lecole.fr\\\/Blog\\\/ecole-sainte-anne-education-2025\\\/#breadcrumb\"},\"inLanguage\":\"fr-FR\",\"potentialAction\":[{\"@type\":\"ReadAction\",\"target\":[\"https:\\\/\\\/www.apres-lecole.fr\\\/Blog\\\/ecole-sainte-anne-education-2025\\\/\"]}]},{\"@type\":\"ImageObject\",\"inLanguage\":\"fr-FR\",\"@id\":\"https:\\\/\\\/www.apres-lecole.fr\\\/Blog\\\/ecole-sainte-anne-education-2025\\\/#primaryimage\",\"url\":\"https:\\\/\\\/www.apres-lecole.fr\\\/Blog\\\/wp-content\\\/uploads\\\/2025\\\/10\\\/Decouvrez-lEcole-Sainte-Anne-un-modele-deducation-en-2025.jpg\",\"contentUrl\":\"https:\\\/\\\/www.apres-lecole.fr\\\/Blog\\\/wp-content\\\/uploads\\\/2025\\\/10\\\/Decouvrez-lEcole-Sainte-Anne-un-modele-deducation-en-2025.jpg\",\"width\":1344,\"height\":768,\"caption\":\"d\u00e9couvrez l'ecole sainte anne, pionni\u00e8re en innovation \u00e9ducative en 2025. un \u00e9tablissement d'excellence qui allie tradition et modernit\u00e9 pour offrir aux \u00e9l\u00e8ves un cadre d'apprentissage unique et \u00e9panouissant.\"},{\"@type\":\"BreadcrumbList\",\"@id\":\"https:\\\/\\\/www.apres-lecole.fr\\\/Blog\\\/ecole-sainte-anne-education-2025\\\/#breadcrumb\",\"itemListElement\":[{\"@type\":\"ListItem\",\"position\":1,\"name\":\"Home\",\"item\":\"https:\\\/\\\/www.apres-lecole.fr\\\/Blog\\\/\"},{\"@type\":\"ListItem\",\"position\":2,\"name\":\"D\u00e9couvrez l&rsquo;Ecole Sainte Anne : un mod\u00e8le d&rsquo;\u00e9ducation en 2025\"}]},{\"@type\":\"WebSite\",\"@id\":\"https:\\\/\\\/www.apres-lecole.fr\\\/Blog\\\/#website\",\"url\":\"https:\\\/\\\/www.apres-lecole.fr\\\/Blog\\\/\",\"name\":\"\",\"description\":\"M\u00e9dia g\u00e9n\u00e9raliste\",\"potentialAction\":[{\"@type\":\"SearchAction\",\"target\":{\"@type\":\"EntryPoint\",\"urlTemplate\":\"https:\\\/\\\/www.apres-lecole.fr\\\/Blog\\\/?s={search_term_string}\"},\"query-input\":{\"@type\":\"PropertyValueSpecification\",\"valueRequired\":true,\"valueName\":\"search_term_string\"}}],\"inLanguage\":\"fr-FR\"},{\"@type\":\"Person\",\"@id\":\"\",\"url\":\"https:\\\/\\\/www.apres-lecole.fr\\\/Blog\\\/author\\\/\"}]}<\/script>\n<!-- \/ Yoast SEO plugin. -->","yoast_head_json":{"title":"\u00c9cole Sainte Anne : L\u2019innovation \u00e9ducative version 2025","description":"D\u00e9couvrez l'Ecole Sainte Anne, un mod\u00e8le d'\u00e9ducation innovant en 2025. Excellence, valeurs et r\u00e9ussite pour chaque \u00e9l\u00e8ve. En savoir plus !","robots":{"index":"index","follow":"follow","max-snippet":"max-snippet:-1","max-image-preview":"max-image-preview:large","max-video-preview":"max-video-preview:-1"},"canonical":"https:\/\/www.apres-lecole.fr\/Blog\/ecole-sainte-anne-education-2025\/","og_locale":"fr_FR","og_type":"article","og_title":"\u00c9cole Sainte Anne : L\u2019innovation \u00e9ducative version 2025","og_description":"D\u00e9couvrez l'Ecole Sainte Anne, un mod\u00e8le d'\u00e9ducation innovant en 2025. Excellence, valeurs et r\u00e9ussite pour chaque \u00e9l\u00e8ve. En savoir plus !","og_url":"https:\/\/www.apres-lecole.fr\/Blog\/ecole-sainte-anne-education-2025\/","article_published_time":"2025-10-14T06:31:27+00:00","og_image":[{"width":1344,"height":768,"url":"https:\/\/www.apres-lecole.fr\/Blog\/wp-content\/uploads\/2025\/10\/Decouvrez-lEcole-Sainte-Anne-un-modele-deducation-en-2025.jpg","type":"image\/jpeg"}],"twitter_card":"summary_large_image","twitter_misc":{"\u00c9crit par":"","Dur\u00e9e de lecture estim\u00e9e":"8 minutes"},"schema":{"@context":"https:\/\/schema.org","@graph":[{"@type":"Article","@id":"https:\/\/www.apres-lecole.fr\/Blog\/ecole-sainte-anne-education-2025\/#article","isPartOf":{"@id":"https:\/\/www.apres-lecole.fr\/Blog\/ecole-sainte-anne-education-2025\/"},"author":{"name":"","@id":""},"headline":"D\u00e9couvrez l&rsquo;Ecole Sainte Anne : un mod\u00e8le d&rsquo;\u00e9ducation en 2025","datePublished":"2025-10-14T06:31:27+00:00","mainEntityOfPage":{"@id":"https:\/\/www.apres-lecole.fr\/Blog\/ecole-sainte-anne-education-2025\/"},"wordCount":1765,"commentCount":0,"image":{"@id":"https:\/\/www.apres-lecole.fr\/Blog\/ecole-sainte-anne-education-2025\/#primaryimage"},"thumbnailUrl":"https:\/\/www.apres-lecole.fr\/Blog\/wp-content\/uploads\/2025\/10\/Decouvrez-lEcole-Sainte-Anne-un-modele-deducation-en-2025.jpg","keywords":["\u00e9cole sainte anne","\u00e9ducation 2025","innovation p\u00e9dagogique","mod\u00e8le d'\u00e9ducation","syst\u00e8me \u00e9ducatif"],"articleSection":["Actualit\u00e9s"],"inLanguage":"fr-FR","potentialAction":[{"@type":"CommentAction","name":"Comment","target":["https:\/\/www.apres-lecole.fr\/Blog\/ecole-sainte-anne-education-2025\/#respond"]}]},{"@type":"WebPage","@id":"https:\/\/www.apres-lecole.fr\/Blog\/ecole-sainte-anne-education-2025\/","url":"https:\/\/www.apres-lecole.fr\/Blog\/ecole-sainte-anne-education-2025\/","name":"\u00c9cole Sainte Anne : L\u2019innovation \u00e9ducative version 2025","isPartOf":{"@id":"https:\/\/www.apres-lecole.fr\/Blog\/#website"},"primaryImageOfPage":{"@id":"https:\/\/www.apres-lecole.fr\/Blog\/ecole-sainte-anne-education-2025\/#primaryimage"},"image":{"@id":"https:\/\/www.apres-lecole.fr\/Blog\/ecole-sainte-anne-education-2025\/#primaryimage"},"thumbnailUrl":"https:\/\/www.apres-lecole.fr\/Blog\/wp-content\/uploads\/2025\/10\/Decouvrez-lEcole-Sainte-Anne-un-modele-deducation-en-2025.jpg","datePublished":"2025-10-14T06:31:27+00:00","author":{"@id":""},"description":"D\u00e9couvrez l'Ecole Sainte Anne, un mod\u00e8le d'\u00e9ducation innovant en 2025. Excellence, valeurs et r\u00e9ussite pour chaque \u00e9l\u00e8ve. En savoir plus !","breadcrumb":{"@id":"https:\/\/www.apres-lecole.fr\/Blog\/ecole-sainte-anne-education-2025\/#breadcrumb"},"inLanguage":"fr-FR","potentialAction":[{"@type":"ReadAction","target":["https:\/\/www.apres-lecole.fr\/Blog\/ecole-sainte-anne-education-2025\/"]}]},{"@type":"ImageObject","inLanguage":"fr-FR","@id":"https:\/\/www.apres-lecole.fr\/Blog\/ecole-sainte-anne-education-2025\/#primaryimage","url":"https:\/\/www.apres-lecole.fr\/Blog\/wp-content\/uploads\/2025\/10\/Decouvrez-lEcole-Sainte-Anne-un-modele-deducation-en-2025.jpg","contentUrl":"https:\/\/www.apres-lecole.fr\/Blog\/wp-content\/uploads\/2025\/10\/Decouvrez-lEcole-Sainte-Anne-un-modele-deducation-en-2025.jpg","width":1344,"height":768,"caption":"d\u00e9couvrez l'ecole sainte anne, pionni\u00e8re en innovation \u00e9ducative en 2025. un \u00e9tablissement d'excellence qui allie tradition et modernit\u00e9 pour offrir aux \u00e9l\u00e8ves un cadre d'apprentissage unique et \u00e9panouissant."},{"@type":"BreadcrumbList","@id":"https:\/\/www.apres-lecole.fr\/Blog\/ecole-sainte-anne-education-2025\/#breadcrumb","itemListElement":[{"@type":"ListItem","position":1,"name":"Home","item":"https:\/\/www.apres-lecole.fr\/Blog\/"},{"@type":"ListItem","position":2,"name":"D\u00e9couvrez l&rsquo;Ecole Sainte Anne : un mod\u00e8le d&rsquo;\u00e9ducation en 2025"}]},{"@type":"WebSite","@id":"https:\/\/www.apres-lecole.fr\/Blog\/#website","url":"https:\/\/www.apres-lecole.fr\/Blog\/","name":"","description":"M\u00e9dia g\u00e9n\u00e9raliste","potentialAction":[{"@type":"SearchAction","target":{"@type":"EntryPoint","urlTemplate":"https:\/\/www.apres-lecole.fr\/Blog\/?s={search_term_string}"},"query-input":{"@type":"PropertyValueSpecification","valueRequired":true,"valueName":"search_term_string"}}],"inLanguage":"fr-FR"},{"@type":"Person","@id":"","url":"https:\/\/www.apres-lecole.fr\/Blog\/author\/"}]}},"views":2,"_links":{"self":[{"href":"https:\/\/www.apres-lecole.fr\/Blog\/wp-json\/wp\/v2\/posts\/2533","targetHints":{"allow":["GET"]}}],"collection":[{"href":"https:\/\/www.apres-lecole.fr\/Blog\/wp-json\/wp\/v2\/posts"}],"about":[{"href":"https:\/\/www.apres-lecole.fr\/Blog\/wp-json\/wp\/v2\/types\/post"}],"author":[{"embeddable":true,"href":"https:\/\/www.apres-lecole.fr\/Blog\/wp-json\/wp\/v2\/users\/7"}],"replies":[{"embeddable":true,"href":"https:\/\/www.apres-lecole.fr\/Blog\/wp-json\/wp\/v2\/comments?post=2533"}],"version-history":[{"count":0,"href":"https:\/\/www.apres-lecole.fr\/Blog\/wp-json\/wp\/v2\/posts\/2533\/revisions"}],"wp:featuredmedia":[{"embeddable":true,"href":"https:\/\/www.apres-lecole.fr\/Blog\/wp-json\/wp\/v2\/media\/2532"}],"wp:attachment":[{"href":"https:\/\/www.apres-lecole.fr\/Blog\/wp-json\/wp\/v2\/media?parent=2533"}],"wp:term":[{"taxonomy":"category","embeddable":true,"href":"https:\/\/www.apres-lecole.fr\/Blog\/wp-json\/wp\/v2\/categories?post=2533"},{"taxonomy":"post_tag","embeddable":true,"href":"https:\/\/www.apres-lecole.fr\/Blog\/wp-json\/wp\/v2\/tags?post=2533"}],"curies":[{"name":"wp","href":"https:\/\/api.w.org\/{rel}","templated":true}]}}