{"id":2527,"date":"2025-10-13T06:31:34","date_gmt":"2025-10-13T06:31:34","guid":{"rendered":"https:\/\/www.apres-lecole.fr\/Blog\/impact-ecole-gustave-2025\/"},"modified":"2025-10-13T06:31:34","modified_gmt":"2025-10-13T06:31:34","slug":"impact-ecole-gustave-2025","status":"publish","type":"post","link":"https:\/\/www.apres-lecole.fr\/Blog\/impact-ecole-gustave-2025\/","title":{"rendered":"D\u00e9couvrez l&rsquo;impact de l&rsquo;\u00e9cole Gustave sur l&rsquo;\u00e9ducation en 2025"},"content":{"rendered":"\n\n<div class=\"kk-star-ratings kksr-auto kksr-align-left kksr-valign-top\"\n    data-payload='{&quot;align&quot;:&quot;left&quot;,&quot;id&quot;:&quot;2527&quot;,&quot;slug&quot;:&quot;default&quot;,&quot;valign&quot;:&quot;top&quot;,&quot;ignore&quot;:&quot;&quot;,&quot;reference&quot;:&quot;auto&quot;,&quot;class&quot;:&quot;&quot;,&quot;count&quot;:&quot;0&quot;,&quot;legendonly&quot;:&quot;&quot;,&quot;readonly&quot;:&quot;&quot;,&quot;score&quot;:&quot;0&quot;,&quot;starsonly&quot;:&quot;&quot;,&quot;best&quot;:&quot;5&quot;,&quot;gap&quot;:&quot;5&quot;,&quot;greet&quot;:&quot;Rate this post&quot;,&quot;legend&quot;:&quot;0\\\/5 - (0 vote)&quot;,&quot;size&quot;:&quot;24&quot;,&quot;title&quot;:&quot;D\u00e9couvrez l\\u0026#039;impact de l\\u0026#039;\u00e9cole Gustave sur l\\u0026#039;\u00e9ducation en 2025&quot;,&quot;width&quot;:&quot;0&quot;,&quot;_legend&quot;:&quot;{score}\\\/{best} - ({count} {votes})&quot;,&quot;font_factor&quot;:&quot;1.25&quot;}'>\n            \n<div class=\"kksr-stars\">\n    \n<div class=\"kksr-stars-inactive\">\n            <div class=\"kksr-star\" data-star=\"1\" style=\"padding-right: 5px\">\n            \n\n<div class=\"kksr-icon\" style=\"width: 24px; height: 24px;\"><\/div>\n        <\/div>\n            <div class=\"kksr-star\" data-star=\"2\" style=\"padding-right: 5px\">\n            \n\n<div class=\"kksr-icon\" style=\"width: 24px; height: 24px;\"><\/div>\n        <\/div>\n            <div class=\"kksr-star\" data-star=\"3\" style=\"padding-right: 5px\">\n            \n\n<div class=\"kksr-icon\" style=\"width: 24px; height: 24px;\"><\/div>\n        <\/div>\n            <div class=\"kksr-star\" data-star=\"4\" style=\"padding-right: 5px\">\n            \n\n<div class=\"kksr-icon\" style=\"width: 24px; height: 24px;\"><\/div>\n        <\/div>\n            <div class=\"kksr-star\" data-star=\"5\" style=\"padding-right: 5px\">\n            \n\n<div class=\"kksr-icon\" style=\"width: 24px; height: 24px;\"><\/div>\n        <\/div>\n    <\/div>\n    \n<div class=\"kksr-stars-active\" style=\"width: 0px;\">\n            <div class=\"kksr-star\" style=\"padding-right: 5px\">\n            \n\n<div class=\"kksr-icon\" style=\"width: 24px; height: 24px;\"><\/div>\n        <\/div>\n            <div class=\"kksr-star\" style=\"padding-right: 5px\">\n            \n\n<div class=\"kksr-icon\" style=\"width: 24px; height: 24px;\"><\/div>\n        <\/div>\n            <div class=\"kksr-star\" style=\"padding-right: 5px\">\n            \n\n<div class=\"kksr-icon\" style=\"width: 24px; height: 24px;\"><\/div>\n        <\/div>\n            <div class=\"kksr-star\" style=\"padding-right: 5px\">\n            \n\n<div class=\"kksr-icon\" style=\"width: 24px; height: 24px;\"><\/div>\n        <\/div>\n            <div class=\"kksr-star\" style=\"padding-right: 5px\">\n            \n\n<div class=\"kksr-icon\" style=\"width: 24px; height: 24px;\"><\/div>\n        <\/div>\n    <\/div>\n<\/div>\n                \n\n<div class=\"kksr-legend\" style=\"font-size: 19.2px;\">\n            <span class=\"kksr-muted\">Rate this post<\/span>\n    <\/div>\n    <\/div>\n<p>En plein c\u0153ur de la r\u00e9volution \u00e9ducative de 2025, l&rsquo;\u00e9cole Gustave a su se d\u00e9marquer par son approche unique et inclusive. Depuis sa cr\u00e9ation en 2021, cette institution n&rsquo;a cess\u00e9 de red\u00e9finir les normes de formation professionnelle, sp\u00e9cialement dans le secteur du b\u00e2timent et des travaux publics (BTP). Avec une devise audacieuse \u00ab\u00a0Think different\u00a0\u00bb, l&rsquo;\u00e9cole n&rsquo;h\u00e9site pas \u00e0 exploirer de nouveaux paradigmes \u00e9ducatifs, permettant ainsi \u00e0 des \u00e9l\u00e8ves sans dipl\u00f4mes ou exp\u00e9rimentations pr\u00e9alables d&rsquo;acc\u00e9der \u00e0 des m\u00e9tiers en forte demande. D\u00e9j\u00e0, plus de 1000 \u00e9tudiants ont franchi ses portes, confirmant ainsi l&rsquo;impact consid\u00e9rable de l\u2019\u00e9cole Gustave sur l\u2019insertion professionnelle de nombreux adultes. En cette ann\u00e9e charni\u00e8re, explorons ensemble les facettes innovantes et les r\u00e9sultats tangibles de cette \u00e9cole qui pourrait bien inspirer d&rsquo;autres \u00e9tablissements.<\/p>\n\n<h2 class=\"wp-block-heading\">Un mod\u00e8le inclusif : l&rsquo;approche \u00e9ducative de l&rsquo;\u00e9cole Gustave<\/h2>\n\n<p>L&rsquo;\u00e9cole Gustave se positionne comme un v\u00e9ritable pionnier dans le domaine de la formation au BTP en ouvrant ses portes \u00e0 tous, ind\u00e9pendamment des parcours scolaires pr\u00e9c\u00e9dents. Ce choix audacieux de recruter sur la base de la motivation et de la personnalit\u00e9, plut\u00f4t que sur les dipl\u00f4mes, change la donne. Avec un <strong>taux de r\u00e9ussite de 97%<\/strong> et un <strong>taux de remise en emploi de 92%<\/strong>, les r\u00e9sultats parlent d&rsquo;eux-m\u00eames. En effet, l&rsquo;\u00e9cole a form\u00e9 des adultes de 20 \u00e0 50 ans, attirant m\u00eame ceux qui \u00e9taient auparavant \u00e9loign\u00e9s du secteur du b\u00e2timent.<\/p>\n\n<p>Le programme propose une formation intensive de trois mois, suivie d&rsquo;une ann\u00e9e d&rsquo;alternance en entreprise. Cela permet aux apprenants de mettre en pratique les comp\u00e9tences acquises tout en travaillant. Offrant une diversit\u00e9 de m\u00e9tiers tels que plombier, chauffagiste ou \u00e9lectricien, l&rsquo;\u00e9cole r\u00e9pond aux besoins urgents d&rsquo;un march\u00e9 du travail en mutation.<\/p>\n\n<ul class=\"wp-block-list\"><li>\u26a1 Plombier-chauffagiste<\/li><li>\u26a1 \u00c9lectricien<\/li><li>\u26a1 Couvreur-zingueur<\/li><\/ul>\n\n<p>Le mod\u00e8le inclusif de l&rsquo;\u00e9cole Gustave attire \u00e9galement une population f\u00e9minine en augmentation, illustr\u00e9e par les 10 % d&rsquo;\u00e9tudiantes int\u00e9gr\u00e9es depuis son lancement. Ce vent de fra\u00eecheur est \u00e9galement le reflet des changements soci\u00e9taux que conna\u00eet le monde du travail, o\u00f9 la f\u00e9minisation des m\u00e9tiers traditionnellement masculins s&rsquo;acc\u00e9l\u00e8re.<\/p>\n\n<figure class=\"wp-block-table\"><table>\n<thead>\n<tr>\n<th>Type de formation<\/th>\n<th>Taux de r\u00e9ussite (%)<\/th>\n<th>Taux de remise en emploi (%)<\/th>\n<\/tr>\n<\/thead>\n<tbody>\n<tr>\n<td>Formation BTP<\/td>\n<td>97<\/td>\n<td>92<\/td>\n<\/tr>\n<\/tbody>\n<\/table><\/figure>\n\n<h3 class=\"wp-block-heading\">La diversit\u00e9 des parcours \u00e0 l&rsquo;\u00e9cole Gustave<\/h3>\n\n<p>Ce qui est particuli\u00e8rement int\u00e9ressant \u00e0 l&rsquo;\u00e9cole Gustave, c&rsquo;est la vari\u00e9t\u00e9 des parcours des \u00e9tudiants. En effet, un \u00e9tudiant sur cinq venait d&rsquo;un univers enti\u00e8rement diff\u00e9rent, souvent d\u00e9crit comme un \u00ab\u00a0col blanc\u00a0\u00bb, et a choisi de se reconvertir dans le secteur du BTP. Cette diversit\u00e9 enrichit non seulement l&rsquo;exp\u00e9rience d&rsquo;apprentissage au sein de l&rsquo;\u00e9cole, mais elle d\u00e9montre aussi que chacun m\u00e9rite une seconde chance. L&rsquo;\u00e9cole Gustave, sous la direction de Marie Blaise, illustre la mani\u00e8re dont une structure peut transformer des vies.<\/p>\n\n<p>De plus, des partenariats solides avec des entreprises majeures, comme Bouygues et Vinci, garantissent que l&rsquo;\u00e9cole reste align\u00e9e avec les exigences du march\u00e9. Les \u00e9tudiants peuvent ainsi b\u00e9n\u00e9ficier de formations adapt\u00e9es \u00e0 ce que recherchent les employeurs, facilitant ainsi leur int\u00e9gration dans le monde du travail.<\/p>\n\n<h2 class=\"wp-block-heading\">Les synergies entre l&rsquo;\u00e9cole Gustave et les technologies \u00e9ducatives<\/h2>\n\n<p>Dans un monde en constante \u00e9volution technologique, l&rsquo;\u00e9cole Gustave ne fait pas exception. Connue pour son utilisation pertinente des technologies de l&rsquo;\u00e9ducation, elle collabore avec des partenaires comme Canop\u00e9, Hatier, et Nathan pour offrir des contenus p\u00e9dagogiques de qualit\u00e9. Cela renforce non seulement l&rsquo;apprentissage des \u00e9tudiants, mais enrichit \u00e9galement leur exp\u00e9rience en int\u00e9grant des outils num\u00e9riques qui facilitent l&rsquo;acquisition des comp\u00e9tences.<\/p>\n\n<p>Les ressources telles que Lumni, Educonnect et OpenClassrooms font partie int\u00e9grante du cursus. En 2025, cette approche technologique est incontournable et permet de rendre l&rsquo;enseignement plus dynamique et engageant.<\/p>\n\n<ul class=\"wp-block-list\"><li>\ud83d\udcf1 Utilisation d&rsquo;applications \u00e9ducatives<\/li><li>\ud83d\udcda Acc\u00e8s \u00e0 des ressources en ligne modernes<\/li><li>\ud83c\udf10 Collaboration avec des plateformes \u00e9ducatives<\/li><\/ul>\n\n<p>Les t\u00e9moignages d&rsquo;anciens \u00e9l\u00e8ves illustrent \u00e0 quel point ces outils ont facilit\u00e9 leur apprentissage. Par exemple, L\u00e9a, une ancienne \u00e9l\u00e8ve de l&rsquo;\u00e9cole, a r\u00e9ussi \u00e0 accumuler des comp\u00e9tences pratiques tout en apprenant via des modules en ligne, ce qui lui a permis de s&rsquo;int\u00e9grer rapidement dans une grosse entreprise de construction.<\/p>\n\n<figure class=\"wp-block-table\"><table>\n<thead>\n<tr>\n<th>Plateformes \u00e9ducatives<\/th>\n<th>Ressources propos\u00e9es<\/th>\n<\/tr>\n<\/thead>\n<tbody>\n<tr>\n<td>Canop\u00e9<\/td>\n<td>Supports p\u00e9dagogiques vari\u00e9s<\/td>\n<\/tr>\n<tr>\n<td>OpenClassrooms<\/td>\n<td>Modules de formation en ligne<\/td>\n<\/tr>\n<\/tbody>\n<\/table><\/figure>\n\n<h3 class=\"wp-block-heading\">Les d\u00e9fis de l&rsquo;\u00e9cole Gustave en 2025<\/h3>\n\n<p>Depuis son lancement, l&rsquo;\u00e9cole Gustave a rencontr\u00e9 un certain nombre de d\u00e9fis, notamment la n\u00e9cessit\u00e9 de s&rsquo;adapter \u00e0 un environnement de formation en constante \u00e9volution. Le minist\u00e8re de l&rsquo;\u00c9ducation nationale a \u00e9galement mis en avant l&rsquo;importance de p\u00e9renniser ce mod\u00e8le \u00e9ducatif \u00e0 travers des financements et des ressources. \u00c0 ce jour, le mod\u00e8le de l\u2019\u00e9cole permet non seulement de former mais aussi d\u2019accompagner les \u00e9tudiants lors de leur insertion professionnelle, ce qui est essentiel dans une \u00e9conomie dynamique.<\/p>\n\n<p>Avant de s&rsquo;\u00e9tendre davantage, l&rsquo;\u00e9cole souhaite prioritairement am\u00e9liorer la qualit\u00e9 de son enseignement, maintenir un haut niveau d&rsquo;accompagnement des \u00e9tudiants, et r\u00e9pondre toujours plus efficacement aux besoins du march\u00e9.<\/p>\n\n<ul class=\"wp-block-list\"><li>\ud83c\udfd7\ufe0f Am\u00e9lioration continue des programmes de formation<\/li><li>\ud83c\udf0d Expansion g\u00e9ographique des campus<\/li><li>\ud83d\udc69\u200d\ud83c\udfeb Renforcement des partenariats avec les industries<\/li><\/ul>\n\n<p>Les discussions autour des futures opportunit\u00e9s sont d\u00e9j\u00e0 en cours, alors que les \u00e9quipes de l&rsquo;\u00e9cole cherchent \u00e0 \u00e9largir leurs horizons. Pour cela, une \u00e9tude approfondie des besoins locaux et r\u00e9gionaux est indispensable pour s&rsquo;assurer que l&rsquo;\u00e9tablissement r\u00e9pond fondamentalement aux attentes des populations.<\/p>\n\n<figure class=\"wp-block-table\"><table>\n<thead>\n<tr>\n<th>Objectifs strat\u00e9giques<\/th>\n<th>Actions \u00e0 mettre en place<\/th>\n<\/tr>\n<\/thead>\n<tbody>\n<tr>\n<td>Qualit\u00e9 de l&rsquo;enseignement<\/td>\n<td>Retours d&rsquo;exp\u00e9rience des \u00e9tudiants<\/td>\n<\/tr>\n<tr>\n<td>Expansion des campus<\/td>\n<td>\u00c9tudes de march\u00e9 r\u00e9gionales<\/td>\n<\/tr>\n<\/tbody>\n<\/table><\/figure>\n\n<h2 class=\"wp-block-heading\">Vers une \u00e9ducation du futur : l&rsquo;\u00e9cole Gustave \u00e0 l&rsquo;avant-garde<\/h2>\n\n<p>\u00c0 l\u2019aube de la d\u00e9cennie 2025, l&rsquo;\u00e9cole Gustave se positionne comme un acteur incontournable de l&rsquo;insertion professionnelle. En d\u00e9voilant une m\u00e9thode enrichie d&rsquo;innovations technologiques et d&rsquo;une cr\u00e9ativit\u00e9 audacieuse, elle propose un mod\u00e8le \u00e9ducatif qui inspire d&rsquo;autres \u00e9tablissements. La cl\u00e9 de son succ\u00e8s r\u00e9side dans sa capacit\u00e9 \u00e0 apporter des solutions concr\u00e8tes aux enjeux du march\u00e9 du travail, tout en favorisant l&rsquo;\u00e9galit\u00e9 des chances.<\/p>\n\n<p>Alors que les d\u00e9bats sur le r\u00f4le de l&rsquo;\u00e9cole dans la soci\u00e9t\u00e9 se poursuivent, l&rsquo;\u00e9cole Gustave d\u00e9montre qu&rsquo;il est possible d&rsquo;allier tradition et modernit\u00e9. Les \u00e9tudiants, qu&rsquo;ils soient issus du secteur acad\u00e9mique ou de parcours plus atypiques, d\u00e9couvrent chez Gustave un cadre stimulant et inclusif qui les pr\u00e9pare efficacement \u00e0 leurs futurs m\u00e9tiers.<\/p>\n\n<ul class=\"wp-block-list\"><li>\ud83c\udfc6 Une \u00e9cole qui rassemble des talents vari\u00e9s<\/li><li>\ud83d\udca1 Des formations adapt\u00e9es aux besoins d&rsquo;aujourd&rsquo;hui<\/li><li>\ud83e\udd1d Un r\u00e9seau solide d&rsquo;entreprises partenaires<\/li><\/ul>\n\n<p>En collaboration avec des acteurs comme L&rsquo;\u00c9tudiant et Digischool, l&rsquo;\u00e9cole Gustave continue de promouvoir une vision de l&rsquo;\u00e9ducation accessible et adapt\u00e9e \u00e0 toutes les aspirations professionnelles, rendant le r\u00eave d&rsquo;un avenir radieux \u00e0 port\u00e9e de main pour les jeunes et les moins jeunes.<\/p>\n\n<figure class=\"wp-block-table\"><table>\n<thead>\n<tr>\n<th>Partenaires \u00e9ducatifs<\/th>\n<th>Valeur ajout\u00e9e<\/th>\n<\/tr>\n<\/thead>\n<tbody>\n<tr>\n<td>L&rsquo;\u00c9tudiant<\/td>\n<td>Visibilit\u00e9 et ressources sur l&rsquo;orientation<\/td>\n<\/tr>\n<tr>\n<td>Digischool<\/td>\n<td>Supports en ligne et apprentissage de qualit\u00e9<\/td>\n<\/tr>\n<\/tbody>\n<\/table><\/figure>\n\n\n{\u00ab\u00a0@context\u00a0\u00bb:\u00a0\u00bbhttps:\/\/schema.org\u00a0\u00bb,\u00a0\u00bb@type\u00a0\u00bb:\u00a0\u00bbFAQPage\u00a0\u00bb,\u00a0\u00bbmainEntity\u00a0\u00bb:[{\u00ab\u00a0@type\u00a0\u00bb:\u00a0\u00bbQuestion\u00a0\u00bb,\u00a0\u00bbname\u00a0\u00bb:\u00a0\u00bbQuels mu00e9tiers sont enseignu00e9s u00e0 l&rsquo;u00e9cole Gustave ?\u00a0\u00bb,\u00a0\u00bbacceptedAnswer\u00a0\u00bb:{\u00ab\u00a0@type\u00a0\u00bb:\u00a0\u00bbAnswer\u00a0\u00bb,\u00a0\u00bbtext\u00a0\u00bb:\u00a0\u00bbLes mu00e9tiers proposu00e9s incluent plombier-chauffagiste, u00e9lectricien, couvreur-zingueur, et bien d&rsquo;autres en rapport avec le BTP.\u00a0\u00bb}},{\u00ab\u00a0@type\u00a0\u00bb:\u00a0\u00bbQuestion\u00a0\u00bb,\u00a0\u00bbname\u00a0\u00bb:\u00a0\u00bbComment l&rsquo;u00e9cole Gustave aide-t-elle les u00e9tudiants en ru00e9insertion ?\u00a0\u00bb,\u00a0\u00bbacceptedAnswer\u00a0\u00bb:{\u00ab\u00a0@type\u00a0\u00bb:\u00a0\u00bbAnswer\u00a0\u00bb,\u00a0\u00bbtext\u00a0\u00bb:\u00a0\u00bbL&rsquo;u00e9cole offre des formations de qualitu00e9, un suivi personnalisu00e9, et des alternances avec des entreprises partenaires pour faciliter l&rsquo;insertion professionnelle.\u00a0\u00bb}},{\u00ab\u00a0@type\u00a0\u00bb:\u00a0\u00bbQuestion\u00a0\u00bb,\u00a0\u00bbname\u00a0\u00bb:\u00a0\u00bbQuels sont les taux de ru00e9ussite des u00e9lu00e8ves de l&rsquo;u00e9cole Gustave ?\u00a0\u00bb,\u00a0\u00bbacceptedAnswer\u00a0\u00bb:{\u00ab\u00a0@type\u00a0\u00bb:\u00a0\u00bbAnswer\u00a0\u00bb,\u00a0\u00bbtext\u00a0\u00bb:\u00a0\u00bbL&rsquo;u00e9cole a un taux de ru00e9ussite de 97% et un taux de remise en emploi de 92%.\u00a0\u00bb}},{\u00ab\u00a0@type\u00a0\u00bb:\u00a0\u00bbQuestion\u00a0\u00bb,\u00a0\u00bbname\u00a0\u00bb:\u00a0\u00bbL&rsquo;u00e9cole Gustave est-elle accessible u00e0 tous ?\u00a0\u00bb,\u00a0\u00bbacceptedAnswer\u00a0\u00bb:{\u00ab\u00a0@type\u00a0\u00bb:\u00a0\u00bbAnswer\u00a0\u00bb,\u00a0\u00bbtext\u00a0\u00bb:\u00a0\u00bbOui, l&rsquo;u00e9cole recrute sans condition de diplu00f4me, mettant l&rsquo;accent sur la motivation et le potentiel des candidats.\u00a0\u00bb}},{\u00ab\u00a0@type\u00a0\u00bb:\u00a0\u00bbQuestion\u00a0\u00bb,\u00a0\u00bbname\u00a0\u00bb:\u00a0\u00bbQuelles plateformes u00e9ducatives sont utilisu00e9es u00e0 l&rsquo;u00e9cole Gustave ?\u00a0\u00bb,\u00a0\u00bbacceptedAnswer\u00a0\u00bb:{\u00ab\u00a0@type\u00a0\u00bb:\u00a0\u00bbAnswer\u00a0\u00bb,\u00a0\u00bbtext\u00a0\u00bb:\u00a0\u00bbL&rsquo;u00e9cole travaille avec Canopu00e9, Hatier, Nathan, et d&rsquo;autres pour offrir des ressources u00e9ducatives modernes et adaptu00e9es.\u00a0\u00bb}}]}\n\n<h3>Quels m\u00e9tiers sont enseign\u00e9s \u00e0 l&rsquo;\u00e9cole Gustave ?<\/h3>\n<p>Les m\u00e9tiers propos\u00e9s incluent plombier-chauffagiste, \u00e9lectricien, couvreur-zingueur, et bien d&rsquo;autres en rapport avec le BTP.<\/p>\n<h3>Comment l&rsquo;\u00e9cole Gustave aide-t-elle les \u00e9tudiants en r\u00e9insertion ?<\/h3>\n<p>L&rsquo;\u00e9cole offre des formations de qualit\u00e9, un suivi personnalis\u00e9, et des alternances avec des entreprises partenaires pour faciliter l&rsquo;insertion professionnelle.<\/p>\n<h3>Quels sont les taux de r\u00e9ussite des \u00e9l\u00e8ves de l&rsquo;\u00e9cole Gustave ?<\/h3>\n<p>L&rsquo;\u00e9cole a un taux de r\u00e9ussite de 97% et un taux de remise en emploi de 92%.<\/p>\n<h3>L&rsquo;\u00e9cole Gustave est-elle accessible \u00e0 tous ?<\/h3>\n<p>Oui, l&rsquo;\u00e9cole recrute sans condition de dipl\u00f4me, mettant l&rsquo;accent sur la motivation et le potentiel des candidats.<\/p>\n<h3>Quelles plateformes \u00e9ducatives sont utilis\u00e9es \u00e0 l&rsquo;\u00e9cole Gustave ?<\/h3>\n<p>L&rsquo;\u00e9cole travaille avec Canop\u00e9, Hatier, Nathan, et d&rsquo;autres pour offrir des ressources \u00e9ducatives modernes et adapt\u00e9es.<\/p>\n\n","protected":false},"excerpt":{"rendered":"<p>En plein c\u0153ur de la r\u00e9volution \u00e9ducative de 2025, l&rsquo;\u00e9cole Gustave a su se d\u00e9marquer par son approche unique et inclusive. Depuis sa cr\u00e9ation en 2021, cette institution n&rsquo;a cess\u00e9 de red\u00e9finir les normes de formation professionnelle, sp\u00e9cialement dans le secteur du b\u00e2timent et des travaux publics (BTP). Avec une devise audacieuse \u00ab\u00a0Think different\u00a0\u00bb, l&rsquo;\u00e9cole &#8230; <a title=\"D\u00e9couvrez l&rsquo;impact de l&rsquo;\u00e9cole Gustave sur l&rsquo;\u00e9ducation en 2025\" class=\"read-more\" href=\"https:\/\/www.apres-lecole.fr\/Blog\/impact-ecole-gustave-2025\/\" aria-label=\"En savoir plus sur D\u00e9couvrez l&rsquo;impact de l&rsquo;\u00e9cole Gustave sur l&rsquo;\u00e9ducation en 2025\">Lire plus<\/a><\/p>\n","protected":false},"author":7,"featured_media":2526,"comment_status":"open","ping_status":"open","sticky":false,"template":"","format":"standard","meta":{"footnotes":""},"categories":[342],"tags":[1786,1579,1397,1787,841],"class_list":["post-2527","post","type-post","status-publish","format-standard","has-post-thumbnail","hentry","category-actualites","tag-ecole-gustave","tag-education-en-2025","tag-education-innovante","tag-impact-de-lecole","tag-reforme-educative"],"yoast_head":"<!-- This site is optimized with the Yoast SEO plugin v27.5 - https:\/\/yoast.com\/product\/yoast-seo-wordpress\/ -->\n<title>\u00c9cole Gustave : R\u00e9inventer l\u2019\u00e9ducation en 2025<\/title>\n<meta name=\"description\" content=\"D\u00e9couvrez comment l&#039;\u00e9cole Gustave transforme l&#039;\u00e9ducation en 2025 avec des m\u00e9thodes innovantes et un impact positif sur les \u00e9l\u00e8ves.\" \/>\n<meta name=\"robots\" content=\"index, follow, max-snippet:-1, max-image-preview:large, max-video-preview:-1\" \/>\n<link rel=\"canonical\" href=\"https:\/\/www.apres-lecole.fr\/Blog\/impact-ecole-gustave-2025\/\" \/>\n<meta property=\"og:locale\" content=\"fr_FR\" \/>\n<meta property=\"og:type\" content=\"article\" \/>\n<meta property=\"og:title\" content=\"\u00c9cole Gustave : R\u00e9inventer l\u2019\u00e9ducation en 2025\" \/>\n<meta property=\"og:description\" content=\"D\u00e9couvrez comment l&#039;\u00e9cole Gustave transforme l&#039;\u00e9ducation en 2025 avec des m\u00e9thodes innovantes et un impact positif sur les \u00e9l\u00e8ves.\" \/>\n<meta property=\"og:url\" content=\"https:\/\/www.apres-lecole.fr\/Blog\/impact-ecole-gustave-2025\/\" \/>\n<meta property=\"article:published_time\" content=\"2025-10-13T06:31:34+00:00\" \/>\n<meta property=\"og:image\" content=\"https:\/\/www.apres-lecole.fr\/Blog\/wp-content\/uploads\/2025\/10\/Decouvrez-limpact-de-lecole-Gustave-sur-leducation-en-2025.jpg\" \/>\n\t<meta property=\"og:image:width\" content=\"1344\" \/>\n\t<meta property=\"og:image:height\" content=\"768\" \/>\n\t<meta property=\"og:image:type\" content=\"image\/jpeg\" \/>\n<meta name=\"twitter:card\" content=\"summary_large_image\" \/>\n<meta name=\"twitter:label1\" content=\"\u00c9crit par\" \/>\n\t<meta name=\"twitter:data1\" content=\"\" \/>\n\t<meta name=\"twitter:label2\" content=\"Dur\u00e9e de lecture estim\u00e9e\" \/>\n\t<meta name=\"twitter:data2\" content=\"8 minutes\" \/>\n<script type=\"application\/ld+json\" class=\"yoast-schema-graph\">{\"@context\":\"https:\\\/\\\/schema.org\",\"@graph\":[{\"@type\":\"Article\",\"@id\":\"https:\\\/\\\/www.apres-lecole.fr\\\/Blog\\\/impact-ecole-gustave-2025\\\/#article\",\"isPartOf\":{\"@id\":\"https:\\\/\\\/www.apres-lecole.fr\\\/Blog\\\/impact-ecole-gustave-2025\\\/\"},\"author\":{\"name\":\"\",\"@id\":\"\"},\"headline\":\"D\u00e9couvrez l&rsquo;impact de l&rsquo;\u00e9cole Gustave sur l&rsquo;\u00e9ducation en 2025\",\"datePublished\":\"2025-10-13T06:31:34+00:00\",\"mainEntityOfPage\":{\"@id\":\"https:\\\/\\\/www.apres-lecole.fr\\\/Blog\\\/impact-ecole-gustave-2025\\\/\"},\"wordCount\":1608,\"commentCount\":0,\"image\":{\"@id\":\"https:\\\/\\\/www.apres-lecole.fr\\\/Blog\\\/impact-ecole-gustave-2025\\\/#primaryimage\"},\"thumbnailUrl\":\"https:\\\/\\\/www.apres-lecole.fr\\\/Blog\\\/wp-content\\\/uploads\\\/2025\\\/10\\\/Decouvrez-limpact-de-lecole-Gustave-sur-leducation-en-2025.jpg\",\"keywords\":[\"\u00e9cole gustave\",\"\u00e9ducation en 2025\",\"\u00e9ducation innovante\",\"impact de l'\u00e9cole\",\"r\u00e9forme \u00e9ducative\"],\"articleSection\":[\"Actualit\u00e9s\"],\"inLanguage\":\"fr-FR\",\"potentialAction\":[{\"@type\":\"CommentAction\",\"name\":\"Comment\",\"target\":[\"https:\\\/\\\/www.apres-lecole.fr\\\/Blog\\\/impact-ecole-gustave-2025\\\/#respond\"]}]},{\"@type\":\"WebPage\",\"@id\":\"https:\\\/\\\/www.apres-lecole.fr\\\/Blog\\\/impact-ecole-gustave-2025\\\/\",\"url\":\"https:\\\/\\\/www.apres-lecole.fr\\\/Blog\\\/impact-ecole-gustave-2025\\\/\",\"name\":\"\u00c9cole Gustave : R\u00e9inventer l\u2019\u00e9ducation en 2025\",\"isPartOf\":{\"@id\":\"https:\\\/\\\/www.apres-lecole.fr\\\/Blog\\\/#website\"},\"primaryImageOfPage\":{\"@id\":\"https:\\\/\\\/www.apres-lecole.fr\\\/Blog\\\/impact-ecole-gustave-2025\\\/#primaryimage\"},\"image\":{\"@id\":\"https:\\\/\\\/www.apres-lecole.fr\\\/Blog\\\/impact-ecole-gustave-2025\\\/#primaryimage\"},\"thumbnailUrl\":\"https:\\\/\\\/www.apres-lecole.fr\\\/Blog\\\/wp-content\\\/uploads\\\/2025\\\/10\\\/Decouvrez-limpact-de-lecole-Gustave-sur-leducation-en-2025.jpg\",\"datePublished\":\"2025-10-13T06:31:34+00:00\",\"author\":{\"@id\":\"\"},\"description\":\"D\u00e9couvrez comment l'\u00e9cole Gustave transforme l'\u00e9ducation en 2025 avec des m\u00e9thodes innovantes et un impact positif sur les \u00e9l\u00e8ves.\",\"breadcrumb\":{\"@id\":\"https:\\\/\\\/www.apres-lecole.fr\\\/Blog\\\/impact-ecole-gustave-2025\\\/#breadcrumb\"},\"inLanguage\":\"fr-FR\",\"potentialAction\":[{\"@type\":\"ReadAction\",\"target\":[\"https:\\\/\\\/www.apres-lecole.fr\\\/Blog\\\/impact-ecole-gustave-2025\\\/\"]}]},{\"@type\":\"ImageObject\",\"inLanguage\":\"fr-FR\",\"@id\":\"https:\\\/\\\/www.apres-lecole.fr\\\/Blog\\\/impact-ecole-gustave-2025\\\/#primaryimage\",\"url\":\"https:\\\/\\\/www.apres-lecole.fr\\\/Blog\\\/wp-content\\\/uploads\\\/2025\\\/10\\\/Decouvrez-limpact-de-lecole-Gustave-sur-leducation-en-2025.jpg\",\"contentUrl\":\"https:\\\/\\\/www.apres-lecole.fr\\\/Blog\\\/wp-content\\\/uploads\\\/2025\\\/10\\\/Decouvrez-limpact-de-lecole-Gustave-sur-leducation-en-2025.jpg\",\"width\":1344,\"height\":768,\"caption\":\"plongez dans l'impact innovant de l'\u00e9cole gustave sur l'\u00e9ducation en 2025 : m\u00e9thodes p\u00e9dagogiques, r\u00e9ussite des \u00e9l\u00e8ves et transformation du secteur \u00e9ducatif. d\u00e9couvrez comment cette \u00e9cole fa\u00e7onne l'avenir !\"},{\"@type\":\"BreadcrumbList\",\"@id\":\"https:\\\/\\\/www.apres-lecole.fr\\\/Blog\\\/impact-ecole-gustave-2025\\\/#breadcrumb\",\"itemListElement\":[{\"@type\":\"ListItem\",\"position\":1,\"name\":\"Home\",\"item\":\"https:\\\/\\\/www.apres-lecole.fr\\\/Blog\\\/\"},{\"@type\":\"ListItem\",\"position\":2,\"name\":\"D\u00e9couvrez l&rsquo;impact de l&rsquo;\u00e9cole Gustave sur l&rsquo;\u00e9ducation en 2025\"}]},{\"@type\":\"WebSite\",\"@id\":\"https:\\\/\\\/www.apres-lecole.fr\\\/Blog\\\/#website\",\"url\":\"https:\\\/\\\/www.apres-lecole.fr\\\/Blog\\\/\",\"name\":\"\",\"description\":\"M\u00e9dia g\u00e9n\u00e9raliste\",\"potentialAction\":[{\"@type\":\"SearchAction\",\"target\":{\"@type\":\"EntryPoint\",\"urlTemplate\":\"https:\\\/\\\/www.apres-lecole.fr\\\/Blog\\\/?s={search_term_string}\"},\"query-input\":{\"@type\":\"PropertyValueSpecification\",\"valueRequired\":true,\"valueName\":\"search_term_string\"}}],\"inLanguage\":\"fr-FR\"},{\"@type\":\"Person\",\"@id\":\"\",\"url\":\"https:\\\/\\\/www.apres-lecole.fr\\\/Blog\\\/author\\\/\"}]}<\/script>\n<!-- \/ Yoast SEO plugin. -->","yoast_head_json":{"title":"\u00c9cole Gustave : R\u00e9inventer l\u2019\u00e9ducation en 2025","description":"D\u00e9couvrez comment l'\u00e9cole Gustave transforme l'\u00e9ducation en 2025 avec des m\u00e9thodes innovantes et un impact positif sur les \u00e9l\u00e8ves.","robots":{"index":"index","follow":"follow","max-snippet":"max-snippet:-1","max-image-preview":"max-image-preview:large","max-video-preview":"max-video-preview:-1"},"canonical":"https:\/\/www.apres-lecole.fr\/Blog\/impact-ecole-gustave-2025\/","og_locale":"fr_FR","og_type":"article","og_title":"\u00c9cole Gustave : R\u00e9inventer l\u2019\u00e9ducation en 2025","og_description":"D\u00e9couvrez comment l'\u00e9cole Gustave transforme l'\u00e9ducation en 2025 avec des m\u00e9thodes innovantes et un impact positif sur les \u00e9l\u00e8ves.","og_url":"https:\/\/www.apres-lecole.fr\/Blog\/impact-ecole-gustave-2025\/","article_published_time":"2025-10-13T06:31:34+00:00","og_image":[{"width":1344,"height":768,"url":"https:\/\/www.apres-lecole.fr\/Blog\/wp-content\/uploads\/2025\/10\/Decouvrez-limpact-de-lecole-Gustave-sur-leducation-en-2025.jpg","type":"image\/jpeg"}],"twitter_card":"summary_large_image","twitter_misc":{"\u00c9crit par":"","Dur\u00e9e de lecture estim\u00e9e":"8 minutes"},"schema":{"@context":"https:\/\/schema.org","@graph":[{"@type":"Article","@id":"https:\/\/www.apres-lecole.fr\/Blog\/impact-ecole-gustave-2025\/#article","isPartOf":{"@id":"https:\/\/www.apres-lecole.fr\/Blog\/impact-ecole-gustave-2025\/"},"author":{"name":"","@id":""},"headline":"D\u00e9couvrez l&rsquo;impact de l&rsquo;\u00e9cole Gustave sur l&rsquo;\u00e9ducation en 2025","datePublished":"2025-10-13T06:31:34+00:00","mainEntityOfPage":{"@id":"https:\/\/www.apres-lecole.fr\/Blog\/impact-ecole-gustave-2025\/"},"wordCount":1608,"commentCount":0,"image":{"@id":"https:\/\/www.apres-lecole.fr\/Blog\/impact-ecole-gustave-2025\/#primaryimage"},"thumbnailUrl":"https:\/\/www.apres-lecole.fr\/Blog\/wp-content\/uploads\/2025\/10\/Decouvrez-limpact-de-lecole-Gustave-sur-leducation-en-2025.jpg","keywords":["\u00e9cole gustave","\u00e9ducation en 2025","\u00e9ducation innovante","impact de l'\u00e9cole","r\u00e9forme \u00e9ducative"],"articleSection":["Actualit\u00e9s"],"inLanguage":"fr-FR","potentialAction":[{"@type":"CommentAction","name":"Comment","target":["https:\/\/www.apres-lecole.fr\/Blog\/impact-ecole-gustave-2025\/#respond"]}]},{"@type":"WebPage","@id":"https:\/\/www.apres-lecole.fr\/Blog\/impact-ecole-gustave-2025\/","url":"https:\/\/www.apres-lecole.fr\/Blog\/impact-ecole-gustave-2025\/","name":"\u00c9cole Gustave : R\u00e9inventer l\u2019\u00e9ducation en 2025","isPartOf":{"@id":"https:\/\/www.apres-lecole.fr\/Blog\/#website"},"primaryImageOfPage":{"@id":"https:\/\/www.apres-lecole.fr\/Blog\/impact-ecole-gustave-2025\/#primaryimage"},"image":{"@id":"https:\/\/www.apres-lecole.fr\/Blog\/impact-ecole-gustave-2025\/#primaryimage"},"thumbnailUrl":"https:\/\/www.apres-lecole.fr\/Blog\/wp-content\/uploads\/2025\/10\/Decouvrez-limpact-de-lecole-Gustave-sur-leducation-en-2025.jpg","datePublished":"2025-10-13T06:31:34+00:00","author":{"@id":""},"description":"D\u00e9couvrez comment l'\u00e9cole Gustave transforme l'\u00e9ducation en 2025 avec des m\u00e9thodes innovantes et un impact positif sur les \u00e9l\u00e8ves.","breadcrumb":{"@id":"https:\/\/www.apres-lecole.fr\/Blog\/impact-ecole-gustave-2025\/#breadcrumb"},"inLanguage":"fr-FR","potentialAction":[{"@type":"ReadAction","target":["https:\/\/www.apres-lecole.fr\/Blog\/impact-ecole-gustave-2025\/"]}]},{"@type":"ImageObject","inLanguage":"fr-FR","@id":"https:\/\/www.apres-lecole.fr\/Blog\/impact-ecole-gustave-2025\/#primaryimage","url":"https:\/\/www.apres-lecole.fr\/Blog\/wp-content\/uploads\/2025\/10\/Decouvrez-limpact-de-lecole-Gustave-sur-leducation-en-2025.jpg","contentUrl":"https:\/\/www.apres-lecole.fr\/Blog\/wp-content\/uploads\/2025\/10\/Decouvrez-limpact-de-lecole-Gustave-sur-leducation-en-2025.jpg","width":1344,"height":768,"caption":"plongez dans l'impact innovant de l'\u00e9cole gustave sur l'\u00e9ducation en 2025 : m\u00e9thodes p\u00e9dagogiques, r\u00e9ussite des \u00e9l\u00e8ves et transformation du secteur \u00e9ducatif. d\u00e9couvrez comment cette \u00e9cole fa\u00e7onne l'avenir !"},{"@type":"BreadcrumbList","@id":"https:\/\/www.apres-lecole.fr\/Blog\/impact-ecole-gustave-2025\/#breadcrumb","itemListElement":[{"@type":"ListItem","position":1,"name":"Home","item":"https:\/\/www.apres-lecole.fr\/Blog\/"},{"@type":"ListItem","position":2,"name":"D\u00e9couvrez l&rsquo;impact de l&rsquo;\u00e9cole Gustave sur l&rsquo;\u00e9ducation en 2025"}]},{"@type":"WebSite","@id":"https:\/\/www.apres-lecole.fr\/Blog\/#website","url":"https:\/\/www.apres-lecole.fr\/Blog\/","name":"","description":"M\u00e9dia g\u00e9n\u00e9raliste","potentialAction":[{"@type":"SearchAction","target":{"@type":"EntryPoint","urlTemplate":"https:\/\/www.apres-lecole.fr\/Blog\/?s={search_term_string}"},"query-input":{"@type":"PropertyValueSpecification","valueRequired":true,"valueName":"search_term_string"}}],"inLanguage":"fr-FR"},{"@type":"Person","@id":"","url":"https:\/\/www.apres-lecole.fr\/Blog\/author\/"}]}},"views":3,"_links":{"self":[{"href":"https:\/\/www.apres-lecole.fr\/Blog\/wp-json\/wp\/v2\/posts\/2527","targetHints":{"allow":["GET"]}}],"collection":[{"href":"https:\/\/www.apres-lecole.fr\/Blog\/wp-json\/wp\/v2\/posts"}],"about":[{"href":"https:\/\/www.apres-lecole.fr\/Blog\/wp-json\/wp\/v2\/types\/post"}],"author":[{"embeddable":true,"href":"https:\/\/www.apres-lecole.fr\/Blog\/wp-json\/wp\/v2\/users\/7"}],"replies":[{"embeddable":true,"href":"https:\/\/www.apres-lecole.fr\/Blog\/wp-json\/wp\/v2\/comments?post=2527"}],"version-history":[{"count":0,"href":"https:\/\/www.apres-lecole.fr\/Blog\/wp-json\/wp\/v2\/posts\/2527\/revisions"}],"wp:featuredmedia":[{"embeddable":true,"href":"https:\/\/www.apres-lecole.fr\/Blog\/wp-json\/wp\/v2\/media\/2526"}],"wp:attachment":[{"href":"https:\/\/www.apres-lecole.fr\/Blog\/wp-json\/wp\/v2\/media?parent=2527"}],"wp:term":[{"taxonomy":"category","embeddable":true,"href":"https:\/\/www.apres-lecole.fr\/Blog\/wp-json\/wp\/v2\/categories?post=2527"},{"taxonomy":"post_tag","embeddable":true,"href":"https:\/\/www.apres-lecole.fr\/Blog\/wp-json\/wp\/v2\/tags?post=2527"}],"curies":[{"name":"wp","href":"https:\/\/api.w.org\/{rel}","templated":true}]}}