{"id":2525,"date":"2025-10-12T07:03:16","date_gmt":"2025-10-12T07:03:16","guid":{"rendered":"https:\/\/www.apres-lecole.fr\/Blog\/derniere-frontiere-apple-tv\/"},"modified":"2025-10-12T07:03:16","modified_gmt":"2025-10-12T07:03:16","slug":"derniere-frontiere-apple-tv","status":"publish","type":"post","link":"https:\/\/www.apres-lecole.fr\/Blog\/derniere-frontiere-apple-tv\/","title":{"rendered":"\u00ab La Derni\u00e8re Fronti\u00e8re \u00bb sur Apple TV + : une s\u00e9rie au charme r\u00e9tro, audacieusement fantaisiste"},"content":{"rendered":"\n\n<div class=\"kk-star-ratings kksr-auto kksr-align-left kksr-valign-top\"\n    data-payload='{&quot;align&quot;:&quot;left&quot;,&quot;id&quot;:&quot;2525&quot;,&quot;slug&quot;:&quot;default&quot;,&quot;valign&quot;:&quot;top&quot;,&quot;ignore&quot;:&quot;&quot;,&quot;reference&quot;:&quot;auto&quot;,&quot;class&quot;:&quot;&quot;,&quot;count&quot;:&quot;0&quot;,&quot;legendonly&quot;:&quot;&quot;,&quot;readonly&quot;:&quot;&quot;,&quot;score&quot;:&quot;0&quot;,&quot;starsonly&quot;:&quot;&quot;,&quot;best&quot;:&quot;5&quot;,&quot;gap&quot;:&quot;5&quot;,&quot;greet&quot;:&quot;Rate this post&quot;,&quot;legend&quot;:&quot;0\\\/5 - (0 vote)&quot;,&quot;size&quot;:&quot;24&quot;,&quot;title&quot;:&quot;\u00ab La Derni\u00e8re Fronti\u00e8re \u00bb sur Apple TV + : une s\u00e9rie au charme r\u00e9tro, audacieusement fantaisiste&quot;,&quot;width&quot;:&quot;0&quot;,&quot;_legend&quot;:&quot;{score}\\\/{best} - ({count} {votes})&quot;,&quot;font_factor&quot;:&quot;1.25&quot;}'>\n            \n<div class=\"kksr-stars\">\n    \n<div class=\"kksr-stars-inactive\">\n            <div class=\"kksr-star\" data-star=\"1\" style=\"padding-right: 5px\">\n            \n\n<div class=\"kksr-icon\" style=\"width: 24px; height: 24px;\"><\/div>\n        <\/div>\n            <div class=\"kksr-star\" data-star=\"2\" style=\"padding-right: 5px\">\n            \n\n<div class=\"kksr-icon\" style=\"width: 24px; height: 24px;\"><\/div>\n        <\/div>\n            <div class=\"kksr-star\" data-star=\"3\" style=\"padding-right: 5px\">\n            \n\n<div class=\"kksr-icon\" style=\"width: 24px; height: 24px;\"><\/div>\n        <\/div>\n            <div class=\"kksr-star\" data-star=\"4\" style=\"padding-right: 5px\">\n            \n\n<div class=\"kksr-icon\" style=\"width: 24px; height: 24px;\"><\/div>\n        <\/div>\n            <div class=\"kksr-star\" data-star=\"5\" style=\"padding-right: 5px\">\n            \n\n<div class=\"kksr-icon\" style=\"width: 24px; height: 24px;\"><\/div>\n        <\/div>\n    <\/div>\n    \n<div class=\"kksr-stars-active\" style=\"width: 0px;\">\n            <div class=\"kksr-star\" style=\"padding-right: 5px\">\n            \n\n<div class=\"kksr-icon\" style=\"width: 24px; height: 24px;\"><\/div>\n        <\/div>\n            <div class=\"kksr-star\" style=\"padding-right: 5px\">\n            \n\n<div class=\"kksr-icon\" style=\"width: 24px; height: 24px;\"><\/div>\n        <\/div>\n            <div class=\"kksr-star\" style=\"padding-right: 5px\">\n            \n\n<div class=\"kksr-icon\" style=\"width: 24px; height: 24px;\"><\/div>\n        <\/div>\n            <div class=\"kksr-star\" style=\"padding-right: 5px\">\n            \n\n<div class=\"kksr-icon\" style=\"width: 24px; height: 24px;\"><\/div>\n        <\/div>\n            <div class=\"kksr-star\" style=\"padding-right: 5px\">\n            \n\n<div class=\"kksr-icon\" style=\"width: 24px; height: 24px;\"><\/div>\n        <\/div>\n    <\/div>\n<\/div>\n                \n\n<div class=\"kksr-legend\" style=\"font-size: 19.2px;\">\n            <span class=\"kksr-muted\">Rate this post<\/span>\n    <\/div>\n    <\/div>\n<p>Au c\u0153ur de l&rsquo;univers flamboyant d&rsquo;Apple TV+, la s\u00e9rie \u00ab La Derni\u00e8re Fronti\u00e8re \u00bb s&rsquo;impose comme une \u0153uvre \u00e0 la fois audacieuse et d\u00e9licieusement nostalgique. Diffus\u00e9e \u00e0 partir du 10 octobre 2025, cette s\u00e9rie met en lumi\u00e8re un m\u00e9lange savoureux d&rsquo;aventure et de myst\u00e8re, le tout dans un cadre qui se veut aussi unique qu&rsquo;envo\u00fbtant. Propuls\u00e9e par des \u00e9l\u00e9ments de science-fiction, elle nous transporte dans un univers alternatif empreint de charme vintage, o\u00f9 les personnages naviguent \u00e0 travers des paysages \u00e9poustouflants et des sc\u00e9narios toujours plus captivants. Les fans de r\u00e9cits \u00e0 suspense seront ravis de retrouver ce style de narration qui rappelle les grandes heures des s\u00e9ries des ann\u00e9es pass\u00e9es tout en int\u00e9grant des innovations modernistes.<\/p>\n\n<p>La s\u00e9rie nous plonge directement dans l&rsquo;Alaska, un environnement \u00e0 la fois magnifique et dangereux, th\u00e9\u00e2tre de la chasse \u00e0 l&rsquo;homme \u00e0 travers des territoires inexplor\u00e9s. Les spectateurs assistent alors \u00e0 la traque de prisonniers \u00e9vad\u00e9s suite \u00e0 un tragique crash d\u2019avion, rendant la situation encore plus palpitante. Avec un casting de choix, dont Jason Clarke et Haley Bennett, \u00ab La Derni\u00e8re Fronti\u00e8re \u00bb m\u00e9lange l&rsquo;esprit r\u00e9tro aux envol\u00e9es imaginatives d&rsquo;une fantaisie qui ne laisse pas indiff\u00e9rent. Chacun des \u00e9pisodes s&rsquo;articule autour d&rsquo;une exploration des relations humaines, des luttes int\u00e9rieures et des dilemmes moraux, rehaussant ainsi le drame fantastique d&rsquo;une profondeur unique.<\/p>\n\n<h2 class=\"wp-block-heading\">Le concept audacieux de \u00ab\u00a0La Derni\u00e8re Fronti\u00e8re\u00a0\u00bb<\/h2>\n\n<p>Dans cette s\u00e9rie, le personnage central, Frank Remnick, un marshal de l&rsquo;Alaska, se retrouve embarqu\u00e9 dans une situation d\u00e9licate apr\u00e8s le crash d&rsquo;un avion de transport de prisonniers. Lui et une agente de la CIA, Sidney Scofield, doivent mettre de c\u00f4t\u00e9 leurs diff\u00e9rences pour retrouver des criminels dangereux \u00e9chapp\u00e9s dans la nature hostile. Ce duo imparfait promet des interactions piquantes et hilarantes, donnant le ton \u00e0 l&rsquo;ensemble de l&rsquo;intrigue. On ressent imm\u00e9diatement l&rsquo;alchimie entre les personnages principaux, ce qui cr\u00e9e une dynamique captivante qui tiendra le public en haleine.<\/p>\n\n<p>Les \u00e9l\u00e9ments de <strong>myst\u00e8re<\/strong> et de <strong>thriller<\/strong> s&rsquo;entrelacent habilement dans cette s\u00e9rie, provoquant une tension palpable tout au long des \u00e9pisodes. Chaque nouvel indice laiss\u00e9 par les fugitifs semble mener \u00e0 des r\u00e9v\u00e9lations surprenantes, tandis que les rebondissements surgissent sans crier gare. Par ailleurs, le cadre alaskien, avec ses paysages enneig\u00e9s et sa faune sauvage, contribue \u00e0 l&rsquo;atmosph\u00e8re de danger et d&rsquo;inconnu.<\/p>\n\n<ul class=\"wp-block-list\"><li>\ud83c\udfad Un duo central m\u00e9morable : Remnick &amp; Scofield<\/li><li>\ud83c\udf0d Un monde sauvage et impr\u00e9visible<\/li><li>\ud83d\udd0d Intrigues et r\u00e9v\u00e9lations \u00e0 chaque \u00e9pisode<\/li><li>\u2694\ufe0f Tension et action permanente<\/li><\/ul>\n\n<figure class=\"wp-block-table\"><table>\n<thead>\n<tr>\n<th>\u00c9l\u00e9ments cl\u00e9s<\/th>\n<th>Description<\/th>\n<\/tr>\n<\/thead>\n<tbody>\n<tr>\n<td>Personnages principaux<\/td>\n<td>Frank Remnick et Sidney Scofield<\/td>\n<\/tr>\n<tr>\n<td>Sc\u00e9nario<\/td>\n<td>Traque de prisonniers \u00e9vad\u00e9s apr\u00e8s un crash<\/td>\n<\/tr>\n<tr>\n<td>Ton de la s\u00e9rie<\/td>\n<td>Audacieux et plein de suspense<\/td>\n<\/tr>\n<tr>\n<td>D\u00e9cor<\/td>\n<td>Alaska, un paysage hostile et myst\u00e9rieux<\/td>\n<\/tr>\n<\/tbody>\n<\/table><\/figure>\n\n<h2 class=\"wp-block-heading\">Le charme r\u00e9tro : un clin d\u2019\u0153il aux classiques<\/h2>\n\n<p>Le charme vintage de \u00ab La Derni\u00e8re Fronti\u00e8re \u00bb r\u00e9side dans sa capacit\u00e9 \u00e0 faire \u00e9cho \u00e0 des classiques du genre tout en y int\u00e9grant des \u00e9l\u00e9ments modernes. Les r\u00e9f\u00e9rences \u00e0 des \u0153uvres embl\u00e9matiques, tout en offrant un regard frais sur le r\u00e9cit, rappelle l&rsquo;importance des bases solides dans l&rsquo;\u00e9laboration d&rsquo;une s\u00e9rie qui souhaite captiver le public. La narration et les arch\u00e9types des personnages rappellent des productions pass\u00e9es, mais le traitement en fait une \u0153uvre audacieuse et originale.<\/p>\n\n<p>En effet, chaque \u00e9pisode \u00e9voque un certain sentiment de nostalgie, tant dans les d\u00e9cors que dans les dialogues. Les \u00e9l\u00e9ments <strong>r\u00e9tro<\/strong> sont soigneusement dos\u00e9s, et on retrouve des \u00e9l\u00e9ments visuels qui rappellent le cin\u00e9ma des ann\u00e9es 80, tout en imbriquant des touches de modernit\u00e9. Ce savant m\u00e9lange permet de plonger les t\u00e9l\u00e9spectateurs dans un univers \u00e0 la fois familier et \u00e9trangement nouveau.<\/p>\n\n<ul class=\"wp-block-list\"><li>\ud83d\udcfa Une esth\u00e9tique visuelle inspir\u00e9e des ann\u00e9es 80<\/li><li>\ud83c\udfac Dialogues savoureux rappelant le charme d&rsquo;antan<\/li><li>\ud83d\ude80 Des th\u00e8mes d&rsquo;actualit\u00e9s revisit\u00e9s avec humour<\/li><\/ul>\n\n<p>Les d\u00e9cors, h\u00e9rit\u00e9s des classiques de la t\u00e9l\u00e9vision et du cin\u00e9ma, avec leur \u00e9clairage chaleureux et leurs choix stylistiques pertinents, renforcent le sentiment d&rsquo;immersion. Les costumes des personnages, quant \u00e0 eux, ajoutent une touche d&rsquo;authenticit\u00e9, oscillant entre les modes des anciennes s\u00e9ries polici\u00e8res et le style contemporain.<\/p>\n\n<figure class=\"wp-block-table\"><table>\n<thead>\n<tr>\n<th>\u00c9l\u00e9ments Visuels R\u00e9tro<\/th>\n<th>Impact sur l&rsquo;Audience<\/th>\n<\/tr>\n<\/thead>\n<tbody>\n<tr>\n<td>Costumes inspir\u00e9s des ann\u00e9es 80<\/td>\n<td>Cr\u00e9ent un sentiment de nostalgie<\/td>\n<\/tr>\n<tr>\n<td>\u00c9clairage chaleureux<\/td>\n<td>Renforce l&rsquo;immersion<\/td>\n<\/tr>\n<tr>\n<td>Th\u00e8mes classiques revisit\u00e9s<\/td>\n<td>Attire un large public<\/td>\n<\/tr>\n<\/tbody>\n<\/table><\/figure>\n\n<h2 class=\"wp-block-heading\">Les th\u00e8mes d&rsquo;aventure et de science-fiction<\/h2>\n\n<p>Exploration et aventure transcendent les simples rebondissements de l&rsquo;intrigue dans \u00ab La Derni\u00e8re Fronti\u00e8re \u00bb. La s\u00e9rie plonge les spectateurs dans un m\u00e9lange unique de <strong>science-fiction<\/strong> et d&rsquo;exploration, o\u00f9 chaque nouvel \u00e9l\u00e9ment d\u00e9couvert peut mener \u00e0 des r\u00e9v\u00e9lations inattendues. L\u2019aspect de l\u2019inconnu est omnipr\u00e9sent, incitant les personnages \u00e0 naviguer \u00e0 travers un monde \u00e0 la limite de l\u2019imaginaire.<\/p>\n\n<p>Les th\u00e8mes d&rsquo;aventure, combin\u00e9s \u00e0 des notions de science-fiction, renforcent l&rsquo;attrait de la s\u00e9rie, amenant le spectateur \u00e0 interroger les limites de la r\u00e9alit\u00e9 et de la fiction. L&rsquo;aventure, quant \u00e0 elle, se manifeste dans la course poursuite \u00e0 travers des nattes de neige pr\u00e9gnante, peignant un tableau o\u00f9 la survie est essentielle. Les \u00e9pisodes s\u2019encha\u00eenent \u00e0 un rythme vertigineux, chaque moment de calme \u00e9tant empreint de la promesse d\u2019une d\u00e9couverte.<\/p>\n\n<ul class=\"wp-block-list\"><li>\ud83c\udf0c Exploration de nouveaux territoires<\/li><li>\ud83e\udd16 Concepts de science-fiction intrigants<\/li><li>\ud83c\udf1f Aventure immersive sur fond de myst\u00e8re<\/li><\/ul>\n\n<figure class=\"wp-block-table\"><table>\n<thead>\n<tr>\n<th>\u00c9l\u00e9ments d&rsquo;Aventure<\/th>\n<th>\u00c9l\u00e9ments de Science-Fiction<\/th>\n<\/tr>\n<\/thead>\n<tbody>\n<tr>\n<td>Courses effr\u00e9n\u00e9es<\/td>\n<td>Technologies futuristes<\/td>\n<\/tr>\n<tr>\n<td>D\u00e9couvertes de secrets cach\u00e9s<\/td>\n<td>Univers alternatifs explor\u00e9s<\/td>\n<\/tr>\n<tr>\n<td>Confrontations avec la nature<\/td>\n<td>Parall\u00e8les avec des enjeux contemporains<\/td>\n<\/tr>\n<\/tbody>\n<\/table><\/figure>\n\n<h2 class=\"wp-block-heading\">Un casting d&rsquo;exception et un r\u00e9cit \u00e9toff\u00e9<\/h2>\n\n<p>Ce qui donne une dimension suppl\u00e9mentaire \u00e0 \u00ab La Derni\u00e8re Fronti\u00e8re \u00bb, c&rsquo;est ind\u00e9niablement son casting. Jason Clarke, dans le r\u00f4le de Frank Remnick, incarne avec brio un personnage \u00e0 la fois h\u00e9ro\u00efque et vuln\u00e9rable. Son association avec Haley Bennett, qui joue Sidney Scofield, cr\u00e9e une pulsion dramatique palpable. Les deux acteurs n\u2019h\u00e9sitent pas \u00e0 faire ressortir les nuances de leurs personnages, ajoutant de la profondeur \u00e0 l&rsquo;intrigue.<\/p>\n\n<p>En outre, le r\u00e9cit se d\u00e9ploie de mani\u00e8re fluide et rythm\u00e9e, entrelac\u00e9 de dialogues mordants et de sc\u00e8nes d&rsquo;action palpitantes. La cr\u00e9dibilit\u00e9 des personnages est renforc\u00e9e par des interactions r\u00e9alistes qui oscillent entre tension dramatique et moments de l\u00e9g\u00e8ret\u00e9. Ce regard humain sur des situations extr\u00eames conf\u00e8re une richesse particuli\u00e8re \u00e0 l&rsquo;\u0153uvre, captivant ainsi un large \u00e9ventail de t\u00e9l\u00e9spectateurs.<\/p>\n\n<ul class=\"wp-block-list\"><li>\u2b50 Performances marquantes de la distribution<\/li><li>\ud83d\udcd6 R\u00e9cit \u00e9toff\u00e9 et engageant<\/li><li>\ud83d\udd25 \u00c9quilibre entre tension et l\u00e9g\u00e8ret\u00e9<\/li><\/ul>\n\n<figure class=\"wp-block-table\"><table>\n<thead>\n<tr>\n<th>Acteur<\/th>\n<th>R\u00f4le<\/th>\n<th>Caract\u00e9ristiques du personnage<\/th>\n<\/tr>\n<\/thead>\n<tbody>\n<tr>\n<td>Jason Clarke<\/td>\n<td>Frank Remnick<\/td>\n<td>H\u00e9ro\u00efque mais vuln\u00e9rable<\/td>\n<\/tr>\n<tr>\n<td>Haley Bennett<\/td>\n<td>Sidney Scofield<\/td>\n<td>Ambitieuse, en qu\u00eate de r\u00e9demption<\/td>\n<\/tr>\n<tr>\n<td>Dominic Cooper<\/td>\n<td>Havlock<\/td>\n<td>Inqui\u00e9tant et myst\u00e9rieux<\/td>\n<\/tr>\n<\/tbody>\n<\/table><\/figure>\n\n\n{\u00ab\u00a0@context\u00a0\u00bb:\u00a0\u00bbhttps:\/\/schema.org\u00a0\u00bb,\u00a0\u00bb@type\u00a0\u00bb:\u00a0\u00bbFAQPage\u00a0\u00bb,\u00a0\u00bbmainEntity\u00a0\u00bb:[{\u00ab\u00a0@type\u00a0\u00bb:\u00a0\u00bbQuestion\u00a0\u00bb,\u00a0\u00bbname\u00a0\u00bb:\u00a0\u00bbQuand la su00e9rie &lsquo;La Derniu00e8re Frontiu00e8re&rsquo; a-t-elle u00e9tu00e9 diffusu00e9e ?\u00a0\u00bb,\u00a0\u00bbacceptedAnswer\u00a0\u00bb:{\u00ab\u00a0@type\u00a0\u00bb:\u00a0\u00bbAnswer\u00a0\u00bb,\u00a0\u00bbtext\u00a0\u00bb:\u00a0\u00bbLa su00e9rie a u00e9tu00e9 diffusu00e9e pour la premiu00e8re fois le 10 octobre 2025 sur Apple TV+.\u00a0\u00bb}},{\u00ab\u00a0@type\u00a0\u00bb:\u00a0\u00bbQuestion\u00a0\u00bb,\u00a0\u00bbname\u00a0\u00bb:\u00a0\u00bbQuel genre de su00e9rie est &lsquo;La Derniu00e8re Frontiu00e8re&rsquo; ?\u00a0\u00bb,\u00a0\u00bbacceptedAnswer\u00a0\u00bb:{\u00ab\u00a0@type\u00a0\u00bb:\u00a0\u00bbAnswer\u00a0\u00bb,\u00a0\u00bbtext\u00a0\u00bb:\u00a0\u00bbC&rsquo;est une su00e9rie qui mu00e9lange les genres thriller, aventure, science-fiction et drame, avec une forte empreinte ru00e9tro.\u00a0\u00bb}},{\u00ab\u00a0@type\u00a0\u00bb:\u00a0\u00bbQuestion\u00a0\u00bb,\u00a0\u00bbname\u00a0\u00bb:\u00a0\u00bbQui sont les principaux acteurs de &lsquo;La Derniu00e8re Frontiu00e8re&rsquo; ?\u00a0\u00bb,\u00a0\u00bbacceptedAnswer\u00a0\u00bb:{\u00ab\u00a0@type\u00a0\u00bb:\u00a0\u00bbAnswer\u00a0\u00bb,\u00a0\u00bbtext\u00a0\u00bb:\u00a0\u00bbLes principaux acteurs comprennent Jason Clarke, Haley Bennett, et Dominic Cooper, chacun jouant des ru00f4les clu00e9s dans l&rsquo;intrigue.\u00a0\u00bb}},{\u00ab\u00a0@type\u00a0\u00bb:\u00a0\u00bbQuestion\u00a0\u00bb,\u00a0\u00bbname\u00a0\u00bb:\u00a0\u00bbQuels thu00e8mes sont exploru00e9s dans &lsquo;La Derniu00e8re Frontiu00e8re&rsquo; ?\u00a0\u00bb,\u00a0\u00bbacceptedAnswer\u00a0\u00bb:{\u00ab\u00a0@type\u00a0\u00bb:\u00a0\u00bbAnswer\u00a0\u00bb,\u00a0\u00bbtext\u00a0\u00bb:\u00a0\u00bbLa su00e9rie aborde des thu00e8mes tels que la survie, l&rsquo;exploration, le mystu00e8re et la dynamique complexe entre les personnages principaux.\u00a0\u00bb}},{\u00ab\u00a0@type\u00a0\u00bb:\u00a0\u00bbQuestion\u00a0\u00bb,\u00a0\u00bbname\u00a0\u00bb:\u00a0\u00bbComment se distingue &lsquo;La Derniu00e8re Frontiu00e8re&rsquo; des autres su00e9ries ?\u00a0\u00bb,\u00a0\u00bbacceptedAnswer\u00a0\u00bb:{\u00ab\u00a0@type\u00a0\u00bb:\u00a0\u00bbAnswer\u00a0\u00bb,\u00a0\u00bbtext\u00a0\u00bb:\u00a0\u00bbElle combine hu00e9ritage ru00e9tro et innovation moderne dans le storytelling, offrant une expu00e9rience immersive u00e0 la croisu00e9e des genres.\u00a0\u00bb}}]}\n\n<h3>Quand la s\u00e9rie &lsquo;La Derni\u00e8re Fronti\u00e8re&rsquo; a-t-elle \u00e9t\u00e9 diffus\u00e9e ?<\/h3>\n<p>La s\u00e9rie a \u00e9t\u00e9 diffus\u00e9e pour la premi\u00e8re fois le 10 octobre 2025 sur Apple TV+.<\/p>\n<h3>Quel genre de s\u00e9rie est &lsquo;La Derni\u00e8re Fronti\u00e8re&rsquo; ?<\/h3>\n<p>C&rsquo;est une s\u00e9rie qui m\u00e9lange les genres thriller, aventure, science-fiction et drame, avec une forte empreinte r\u00e9tro.<\/p>\n<h3>Qui sont les principaux acteurs de &lsquo;La Derni\u00e8re Fronti\u00e8re&rsquo; ?<\/h3>\n<p>Les principaux acteurs comprennent Jason Clarke, Haley Bennett, et Dominic Cooper, chacun jouant des r\u00f4les cl\u00e9s dans l&rsquo;intrigue.<\/p>\n<h3>Quels th\u00e8mes sont explor\u00e9s dans &lsquo;La Derni\u00e8re Fronti\u00e8re&rsquo; ?<\/h3>\n<p>La s\u00e9rie aborde des th\u00e8mes tels que la survie, l&rsquo;exploration, le myst\u00e8re et la dynamique complexe entre les personnages principaux.<\/p>\n<h3>Comment se distingue &lsquo;La Derni\u00e8re Fronti\u00e8re&rsquo; des autres s\u00e9ries ?<\/h3>\n<p>Elle combine h\u00e9ritage r\u00e9tro et innovation moderne dans le storytelling, offrant une exp\u00e9rience immersive \u00e0 la crois\u00e9e des genres.<\/p>\n\n","protected":false},"excerpt":{"rendered":"<p>Au c\u0153ur de l&rsquo;univers flamboyant d&rsquo;Apple TV+, la s\u00e9rie \u00ab La Derni\u00e8re Fronti\u00e8re \u00bb s&rsquo;impose comme une \u0153uvre \u00e0 la fois audacieuse et d\u00e9licieusement nostalgique. Diffus\u00e9e \u00e0 partir du 10 octobre 2025, cette s\u00e9rie met en lumi\u00e8re un m\u00e9lange savoureux d&rsquo;aventure et de myst\u00e8re, le tout dans un cadre qui se veut aussi unique qu&rsquo;envo\u00fbtant. &#8230; <a title=\"\u00ab La Derni\u00e8re Fronti\u00e8re \u00bb sur Apple TV + : une s\u00e9rie au charme r\u00e9tro, audacieusement fantaisiste\" class=\"read-more\" href=\"https:\/\/www.apres-lecole.fr\/Blog\/derniere-frontiere-apple-tv\/\" aria-label=\"En savoir plus sur \u00ab La Derni\u00e8re Fronti\u00e8re \u00bb sur Apple TV + : une s\u00e9rie au charme r\u00e9tro, audacieusement fantaisiste\">Lire plus<\/a><\/p>\n","protected":false},"author":7,"featured_media":2524,"comment_status":"open","ping_status":"open","sticky":false,"template":"","format":"standard","meta":{"footnotes":""},"categories":[342],"tags":[1782,1785,1784,1781,1783],"class_list":["post-2525","post","type-post","status-publish","format-standard","has-post-thumbnail","hentry","category-actualites","tag-apple-tv","tag-charme-retro","tag-fantaisie","tag-la-derniere-frontiere","tag-serie-retro"],"yoast_head":"<!-- This site is optimized with the Yoast SEO plugin v27.5 - https:\/\/yoast.com\/product\/yoast-seo-wordpress\/ -->\n<title>La Derni\u00e8re Fronti\u00e8re : l\u2019audace r\u00e9tro-fantaisiste d\u2019Apple TV+<\/title>\n<meta name=\"description\" content=\"D\u00e9couvrez \u00ab La Derni\u00e8re Fronti\u00e8re \u00bb sur Apple TV+ : une s\u00e9rie r\u00e9tro et fantaisiste qui allie aventure, audace et charme unique. \u00c0 voir !\" \/>\n<meta name=\"robots\" content=\"index, follow, max-snippet:-1, max-image-preview:large, max-video-preview:-1\" \/>\n<link rel=\"canonical\" href=\"https:\/\/www.apres-lecole.fr\/Blog\/derniere-frontiere-apple-tv\/\" \/>\n<meta property=\"og:locale\" content=\"fr_FR\" \/>\n<meta property=\"og:type\" content=\"article\" \/>\n<meta property=\"og:title\" content=\"La Derni\u00e8re Fronti\u00e8re : l\u2019audace r\u00e9tro-fantaisiste d\u2019Apple TV+\" \/>\n<meta property=\"og:description\" content=\"D\u00e9couvrez \u00ab La Derni\u00e8re Fronti\u00e8re \u00bb sur Apple TV+ : une s\u00e9rie r\u00e9tro et fantaisiste qui allie aventure, audace et charme unique. \u00c0 voir !\" \/>\n<meta property=\"og:url\" content=\"https:\/\/www.apres-lecole.fr\/Blog\/derniere-frontiere-apple-tv\/\" \/>\n<meta property=\"article:published_time\" content=\"2025-10-12T07:03:16+00:00\" \/>\n<meta property=\"og:image\" content=\"https:\/\/www.apres-lecole.fr\/Blog\/wp-content\/uploads\/2025\/10\/La-Derniere-Frontiere-sur-Apple-TV-une-serie-au-charme-retro-audacieusement-fantaisiste.jpg\" \/>\n\t<meta property=\"og:image:width\" content=\"1344\" \/>\n\t<meta property=\"og:image:height\" content=\"768\" \/>\n\t<meta property=\"og:image:type\" content=\"image\/jpeg\" \/>\n<meta name=\"twitter:card\" content=\"summary_large_image\" \/>\n<meta name=\"twitter:label1\" content=\"\u00c9crit par\" \/>\n\t<meta name=\"twitter:data1\" content=\"\" \/>\n\t<meta name=\"twitter:label2\" content=\"Dur\u00e9e de lecture estim\u00e9e\" \/>\n\t<meta name=\"twitter:data2\" content=\"8 minutes\" \/>\n<script type=\"application\/ld+json\" class=\"yoast-schema-graph\">{\"@context\":\"https:\\\/\\\/schema.org\",\"@graph\":[{\"@type\":\"Article\",\"@id\":\"https:\\\/\\\/www.apres-lecole.fr\\\/Blog\\\/derniere-frontiere-apple-tv\\\/#article\",\"isPartOf\":{\"@id\":\"https:\\\/\\\/www.apres-lecole.fr\\\/Blog\\\/derniere-frontiere-apple-tv\\\/\"},\"author\":{\"name\":\"\",\"@id\":\"\"},\"headline\":\"\u00ab La Derni\u00e8re Fronti\u00e8re \u00bb sur Apple TV + : une s\u00e9rie au charme r\u00e9tro, audacieusement fantaisiste\",\"datePublished\":\"2025-10-12T07:03:16+00:00\",\"mainEntityOfPage\":{\"@id\":\"https:\\\/\\\/www.apres-lecole.fr\\\/Blog\\\/derniere-frontiere-apple-tv\\\/\"},\"wordCount\":1618,\"commentCount\":0,\"image\":{\"@id\":\"https:\\\/\\\/www.apres-lecole.fr\\\/Blog\\\/derniere-frontiere-apple-tv\\\/#primaryimage\"},\"thumbnailUrl\":\"https:\\\/\\\/www.apres-lecole.fr\\\/Blog\\\/wp-content\\\/uploads\\\/2025\\\/10\\\/La-Derniere-Frontiere-sur-Apple-TV-une-serie-au-charme-retro-audacieusement-fantaisiste.jpg\",\"keywords\":[\"apple tv+\",\"charme r\u00e9tro\",\"fantaisie\",\"la derni\u00e8re fronti\u00e8re\",\"s\u00e9rie r\u00e9tro\"],\"articleSection\":[\"Actualit\u00e9s\"],\"inLanguage\":\"fr-FR\",\"potentialAction\":[{\"@type\":\"CommentAction\",\"name\":\"Comment\",\"target\":[\"https:\\\/\\\/www.apres-lecole.fr\\\/Blog\\\/derniere-frontiere-apple-tv\\\/#respond\"]}]},{\"@type\":\"WebPage\",\"@id\":\"https:\\\/\\\/www.apres-lecole.fr\\\/Blog\\\/derniere-frontiere-apple-tv\\\/\",\"url\":\"https:\\\/\\\/www.apres-lecole.fr\\\/Blog\\\/derniere-frontiere-apple-tv\\\/\",\"name\":\"La Derni\u00e8re Fronti\u00e8re : l\u2019audace r\u00e9tro-fantaisiste d\u2019Apple TV+\",\"isPartOf\":{\"@id\":\"https:\\\/\\\/www.apres-lecole.fr\\\/Blog\\\/#website\"},\"primaryImageOfPage\":{\"@id\":\"https:\\\/\\\/www.apres-lecole.fr\\\/Blog\\\/derniere-frontiere-apple-tv\\\/#primaryimage\"},\"image\":{\"@id\":\"https:\\\/\\\/www.apres-lecole.fr\\\/Blog\\\/derniere-frontiere-apple-tv\\\/#primaryimage\"},\"thumbnailUrl\":\"https:\\\/\\\/www.apres-lecole.fr\\\/Blog\\\/wp-content\\\/uploads\\\/2025\\\/10\\\/La-Derniere-Frontiere-sur-Apple-TV-une-serie-au-charme-retro-audacieusement-fantaisiste.jpg\",\"datePublished\":\"2025-10-12T07:03:16+00:00\",\"author\":{\"@id\":\"\"},\"description\":\"D\u00e9couvrez \u00ab La Derni\u00e8re Fronti\u00e8re \u00bb sur Apple TV+ : une s\u00e9rie r\u00e9tro et fantaisiste qui allie aventure, audace et charme unique. \u00c0 voir !\",\"breadcrumb\":{\"@id\":\"https:\\\/\\\/www.apres-lecole.fr\\\/Blog\\\/derniere-frontiere-apple-tv\\\/#breadcrumb\"},\"inLanguage\":\"fr-FR\",\"potentialAction\":[{\"@type\":\"ReadAction\",\"target\":[\"https:\\\/\\\/www.apres-lecole.fr\\\/Blog\\\/derniere-frontiere-apple-tv\\\/\"]}]},{\"@type\":\"ImageObject\",\"inLanguage\":\"fr-FR\",\"@id\":\"https:\\\/\\\/www.apres-lecole.fr\\\/Blog\\\/derniere-frontiere-apple-tv\\\/#primaryimage\",\"url\":\"https:\\\/\\\/www.apres-lecole.fr\\\/Blog\\\/wp-content\\\/uploads\\\/2025\\\/10\\\/La-Derniere-Frontiere-sur-Apple-TV-une-serie-au-charme-retro-audacieusement-fantaisiste.jpg\",\"contentUrl\":\"https:\\\/\\\/www.apres-lecole.fr\\\/Blog\\\/wp-content\\\/uploads\\\/2025\\\/10\\\/La-Derniere-Frontiere-sur-Apple-TV-une-serie-au-charme-retro-audacieusement-fantaisiste.jpg\",\"width\":1344,\"height\":768,\"caption\":\"d\u00e9couvrez \u00ab la derni\u00e8re fronti\u00e8re \u00bb sur apple tv+ : une s\u00e9rie captivante au charme r\u00e9tro et \u00e0 l\u2019humour fantaisiste, qui revisite les fronti\u00e8res du genre avec audace et originalit\u00e9.\"},{\"@type\":\"BreadcrumbList\",\"@id\":\"https:\\\/\\\/www.apres-lecole.fr\\\/Blog\\\/derniere-frontiere-apple-tv\\\/#breadcrumb\",\"itemListElement\":[{\"@type\":\"ListItem\",\"position\":1,\"name\":\"Home\",\"item\":\"https:\\\/\\\/www.apres-lecole.fr\\\/Blog\\\/\"},{\"@type\":\"ListItem\",\"position\":2,\"name\":\"\u00ab La Derni\u00e8re Fronti\u00e8re \u00bb sur Apple TV + : une s\u00e9rie au charme r\u00e9tro, audacieusement fantaisiste\"}]},{\"@type\":\"WebSite\",\"@id\":\"https:\\\/\\\/www.apres-lecole.fr\\\/Blog\\\/#website\",\"url\":\"https:\\\/\\\/www.apres-lecole.fr\\\/Blog\\\/\",\"name\":\"\",\"description\":\"M\u00e9dia g\u00e9n\u00e9raliste\",\"potentialAction\":[{\"@type\":\"SearchAction\",\"target\":{\"@type\":\"EntryPoint\",\"urlTemplate\":\"https:\\\/\\\/www.apres-lecole.fr\\\/Blog\\\/?s={search_term_string}\"},\"query-input\":{\"@type\":\"PropertyValueSpecification\",\"valueRequired\":true,\"valueName\":\"search_term_string\"}}],\"inLanguage\":\"fr-FR\"},{\"@type\":\"Person\",\"@id\":\"\",\"url\":\"https:\\\/\\\/www.apres-lecole.fr\\\/Blog\\\/author\\\/\"}]}<\/script>\n<!-- \/ Yoast SEO plugin. -->","yoast_head_json":{"title":"La Derni\u00e8re Fronti\u00e8re : l\u2019audace r\u00e9tro-fantaisiste d\u2019Apple TV+","description":"D\u00e9couvrez \u00ab La Derni\u00e8re Fronti\u00e8re \u00bb sur Apple TV+ : une s\u00e9rie r\u00e9tro et fantaisiste qui allie aventure, audace et charme unique. \u00c0 voir !","robots":{"index":"index","follow":"follow","max-snippet":"max-snippet:-1","max-image-preview":"max-image-preview:large","max-video-preview":"max-video-preview:-1"},"canonical":"https:\/\/www.apres-lecole.fr\/Blog\/derniere-frontiere-apple-tv\/","og_locale":"fr_FR","og_type":"article","og_title":"La Derni\u00e8re Fronti\u00e8re : l\u2019audace r\u00e9tro-fantaisiste d\u2019Apple TV+","og_description":"D\u00e9couvrez \u00ab La Derni\u00e8re Fronti\u00e8re \u00bb sur Apple TV+ : une s\u00e9rie r\u00e9tro et fantaisiste qui allie aventure, audace et charme unique. \u00c0 voir !","og_url":"https:\/\/www.apres-lecole.fr\/Blog\/derniere-frontiere-apple-tv\/","article_published_time":"2025-10-12T07:03:16+00:00","og_image":[{"width":1344,"height":768,"url":"https:\/\/www.apres-lecole.fr\/Blog\/wp-content\/uploads\/2025\/10\/La-Derniere-Frontiere-sur-Apple-TV-une-serie-au-charme-retro-audacieusement-fantaisiste.jpg","type":"image\/jpeg"}],"twitter_card":"summary_large_image","twitter_misc":{"\u00c9crit par":"","Dur\u00e9e de lecture estim\u00e9e":"8 minutes"},"schema":{"@context":"https:\/\/schema.org","@graph":[{"@type":"Article","@id":"https:\/\/www.apres-lecole.fr\/Blog\/derniere-frontiere-apple-tv\/#article","isPartOf":{"@id":"https:\/\/www.apres-lecole.fr\/Blog\/derniere-frontiere-apple-tv\/"},"author":{"name":"","@id":""},"headline":"\u00ab La Derni\u00e8re Fronti\u00e8re \u00bb sur Apple TV + : une s\u00e9rie au charme r\u00e9tro, audacieusement fantaisiste","datePublished":"2025-10-12T07:03:16+00:00","mainEntityOfPage":{"@id":"https:\/\/www.apres-lecole.fr\/Blog\/derniere-frontiere-apple-tv\/"},"wordCount":1618,"commentCount":0,"image":{"@id":"https:\/\/www.apres-lecole.fr\/Blog\/derniere-frontiere-apple-tv\/#primaryimage"},"thumbnailUrl":"https:\/\/www.apres-lecole.fr\/Blog\/wp-content\/uploads\/2025\/10\/La-Derniere-Frontiere-sur-Apple-TV-une-serie-au-charme-retro-audacieusement-fantaisiste.jpg","keywords":["apple tv+","charme r\u00e9tro","fantaisie","la derni\u00e8re fronti\u00e8re","s\u00e9rie r\u00e9tro"],"articleSection":["Actualit\u00e9s"],"inLanguage":"fr-FR","potentialAction":[{"@type":"CommentAction","name":"Comment","target":["https:\/\/www.apres-lecole.fr\/Blog\/derniere-frontiere-apple-tv\/#respond"]}]},{"@type":"WebPage","@id":"https:\/\/www.apres-lecole.fr\/Blog\/derniere-frontiere-apple-tv\/","url":"https:\/\/www.apres-lecole.fr\/Blog\/derniere-frontiere-apple-tv\/","name":"La Derni\u00e8re Fronti\u00e8re : l\u2019audace r\u00e9tro-fantaisiste d\u2019Apple TV+","isPartOf":{"@id":"https:\/\/www.apres-lecole.fr\/Blog\/#website"},"primaryImageOfPage":{"@id":"https:\/\/www.apres-lecole.fr\/Blog\/derniere-frontiere-apple-tv\/#primaryimage"},"image":{"@id":"https:\/\/www.apres-lecole.fr\/Blog\/derniere-frontiere-apple-tv\/#primaryimage"},"thumbnailUrl":"https:\/\/www.apres-lecole.fr\/Blog\/wp-content\/uploads\/2025\/10\/La-Derniere-Frontiere-sur-Apple-TV-une-serie-au-charme-retro-audacieusement-fantaisiste.jpg","datePublished":"2025-10-12T07:03:16+00:00","author":{"@id":""},"description":"D\u00e9couvrez \u00ab La Derni\u00e8re Fronti\u00e8re \u00bb sur Apple TV+ : une s\u00e9rie r\u00e9tro et fantaisiste qui allie aventure, audace et charme unique. \u00c0 voir !","breadcrumb":{"@id":"https:\/\/www.apres-lecole.fr\/Blog\/derniere-frontiere-apple-tv\/#breadcrumb"},"inLanguage":"fr-FR","potentialAction":[{"@type":"ReadAction","target":["https:\/\/www.apres-lecole.fr\/Blog\/derniere-frontiere-apple-tv\/"]}]},{"@type":"ImageObject","inLanguage":"fr-FR","@id":"https:\/\/www.apres-lecole.fr\/Blog\/derniere-frontiere-apple-tv\/#primaryimage","url":"https:\/\/www.apres-lecole.fr\/Blog\/wp-content\/uploads\/2025\/10\/La-Derniere-Frontiere-sur-Apple-TV-une-serie-au-charme-retro-audacieusement-fantaisiste.jpg","contentUrl":"https:\/\/www.apres-lecole.fr\/Blog\/wp-content\/uploads\/2025\/10\/La-Derniere-Frontiere-sur-Apple-TV-une-serie-au-charme-retro-audacieusement-fantaisiste.jpg","width":1344,"height":768,"caption":"d\u00e9couvrez \u00ab la derni\u00e8re fronti\u00e8re \u00bb sur apple tv+ : une s\u00e9rie captivante au charme r\u00e9tro et \u00e0 l\u2019humour fantaisiste, qui revisite les fronti\u00e8res du genre avec audace et originalit\u00e9."},{"@type":"BreadcrumbList","@id":"https:\/\/www.apres-lecole.fr\/Blog\/derniere-frontiere-apple-tv\/#breadcrumb","itemListElement":[{"@type":"ListItem","position":1,"name":"Home","item":"https:\/\/www.apres-lecole.fr\/Blog\/"},{"@type":"ListItem","position":2,"name":"\u00ab La Derni\u00e8re Fronti\u00e8re \u00bb sur Apple TV + : une s\u00e9rie au charme r\u00e9tro, audacieusement fantaisiste"}]},{"@type":"WebSite","@id":"https:\/\/www.apres-lecole.fr\/Blog\/#website","url":"https:\/\/www.apres-lecole.fr\/Blog\/","name":"","description":"M\u00e9dia g\u00e9n\u00e9raliste","potentialAction":[{"@type":"SearchAction","target":{"@type":"EntryPoint","urlTemplate":"https:\/\/www.apres-lecole.fr\/Blog\/?s={search_term_string}"},"query-input":{"@type":"PropertyValueSpecification","valueRequired":true,"valueName":"search_term_string"}}],"inLanguage":"fr-FR"},{"@type":"Person","@id":"","url":"https:\/\/www.apres-lecole.fr\/Blog\/author\/"}]}},"views":3,"_links":{"self":[{"href":"https:\/\/www.apres-lecole.fr\/Blog\/wp-json\/wp\/v2\/posts\/2525","targetHints":{"allow":["GET"]}}],"collection":[{"href":"https:\/\/www.apres-lecole.fr\/Blog\/wp-json\/wp\/v2\/posts"}],"about":[{"href":"https:\/\/www.apres-lecole.fr\/Blog\/wp-json\/wp\/v2\/types\/post"}],"author":[{"embeddable":true,"href":"https:\/\/www.apres-lecole.fr\/Blog\/wp-json\/wp\/v2\/users\/7"}],"replies":[{"embeddable":true,"href":"https:\/\/www.apres-lecole.fr\/Blog\/wp-json\/wp\/v2\/comments?post=2525"}],"version-history":[{"count":0,"href":"https:\/\/www.apres-lecole.fr\/Blog\/wp-json\/wp\/v2\/posts\/2525\/revisions"}],"wp:featuredmedia":[{"embeddable":true,"href":"https:\/\/www.apres-lecole.fr\/Blog\/wp-json\/wp\/v2\/media\/2524"}],"wp:attachment":[{"href":"https:\/\/www.apres-lecole.fr\/Blog\/wp-json\/wp\/v2\/media?parent=2525"}],"wp:term":[{"taxonomy":"category","embeddable":true,"href":"https:\/\/www.apres-lecole.fr\/Blog\/wp-json\/wp\/v2\/categories?post=2525"},{"taxonomy":"post_tag","embeddable":true,"href":"https:\/\/www.apres-lecole.fr\/Blog\/wp-json\/wp\/v2\/tags?post=2525"}],"curies":[{"name":"wp","href":"https:\/\/api.w.org\/{rel}","templated":true}]}}