{"id":2521,"date":"2025-10-12T06:33:29","date_gmt":"2025-10-12T06:33:29","guid":{"rendered":"https:\/\/www.apres-lecole.fr\/Blog\/ecole-thomas-pesquet-education-spatiale\/"},"modified":"2025-10-12T06:33:29","modified_gmt":"2025-10-12T06:33:29","slug":"ecole-thomas-pesquet-education-spatiale","status":"publish","type":"post","link":"https:\/\/www.apres-lecole.fr\/Blog\/ecole-thomas-pesquet-education-spatiale\/","title":{"rendered":"D\u00e9couvrez l&rsquo;\u00e9cole Thomas Pesquet : une approche innovante de l&rsquo;\u00e9ducation spatiale"},"content":{"rendered":"\n\n<div class=\"kk-star-ratings kksr-auto kksr-align-left kksr-valign-top\"\n    data-payload='{&quot;align&quot;:&quot;left&quot;,&quot;id&quot;:&quot;2521&quot;,&quot;slug&quot;:&quot;default&quot;,&quot;valign&quot;:&quot;top&quot;,&quot;ignore&quot;:&quot;&quot;,&quot;reference&quot;:&quot;auto&quot;,&quot;class&quot;:&quot;&quot;,&quot;count&quot;:&quot;0&quot;,&quot;legendonly&quot;:&quot;&quot;,&quot;readonly&quot;:&quot;&quot;,&quot;score&quot;:&quot;0&quot;,&quot;starsonly&quot;:&quot;&quot;,&quot;best&quot;:&quot;5&quot;,&quot;gap&quot;:&quot;5&quot;,&quot;greet&quot;:&quot;Rate this post&quot;,&quot;legend&quot;:&quot;0\\\/5 - (0 vote)&quot;,&quot;size&quot;:&quot;24&quot;,&quot;title&quot;:&quot;D\u00e9couvrez l\\u0026#039;\u00e9cole Thomas Pesquet : une approche innovante de l\\u0026#039;\u00e9ducation spatiale&quot;,&quot;width&quot;:&quot;0&quot;,&quot;_legend&quot;:&quot;{score}\\\/{best} - ({count} {votes})&quot;,&quot;font_factor&quot;:&quot;1.25&quot;}'>\n            \n<div class=\"kksr-stars\">\n    \n<div class=\"kksr-stars-inactive\">\n            <div class=\"kksr-star\" data-star=\"1\" style=\"padding-right: 5px\">\n            \n\n<div class=\"kksr-icon\" style=\"width: 24px; height: 24px;\"><\/div>\n        <\/div>\n            <div class=\"kksr-star\" data-star=\"2\" style=\"padding-right: 5px\">\n            \n\n<div class=\"kksr-icon\" style=\"width: 24px; height: 24px;\"><\/div>\n        <\/div>\n            <div class=\"kksr-star\" data-star=\"3\" style=\"padding-right: 5px\">\n            \n\n<div class=\"kksr-icon\" style=\"width: 24px; height: 24px;\"><\/div>\n        <\/div>\n            <div class=\"kksr-star\" data-star=\"4\" style=\"padding-right: 5px\">\n            \n\n<div class=\"kksr-icon\" style=\"width: 24px; height: 24px;\"><\/div>\n        <\/div>\n            <div class=\"kksr-star\" data-star=\"5\" style=\"padding-right: 5px\">\n            \n\n<div class=\"kksr-icon\" style=\"width: 24px; height: 24px;\"><\/div>\n        <\/div>\n    <\/div>\n    \n<div class=\"kksr-stars-active\" style=\"width: 0px;\">\n            <div class=\"kksr-star\" style=\"padding-right: 5px\">\n            \n\n<div class=\"kksr-icon\" style=\"width: 24px; height: 24px;\"><\/div>\n        <\/div>\n            <div class=\"kksr-star\" style=\"padding-right: 5px\">\n            \n\n<div class=\"kksr-icon\" style=\"width: 24px; height: 24px;\"><\/div>\n        <\/div>\n            <div class=\"kksr-star\" style=\"padding-right: 5px\">\n            \n\n<div class=\"kksr-icon\" style=\"width: 24px; height: 24px;\"><\/div>\n        <\/div>\n            <div class=\"kksr-star\" style=\"padding-right: 5px\">\n            \n\n<div class=\"kksr-icon\" style=\"width: 24px; height: 24px;\"><\/div>\n        <\/div>\n            <div class=\"kksr-star\" style=\"padding-right: 5px\">\n            \n\n<div class=\"kksr-icon\" style=\"width: 24px; height: 24px;\"><\/div>\n        <\/div>\n    <\/div>\n<\/div>\n                \n\n<div class=\"kksr-legend\" style=\"font-size: 19.2px;\">\n            <span class=\"kksr-muted\">Rate this post<\/span>\n    <\/div>\n    <\/div>\n<p>Dans un monde en constante \u00e9volution, l&rsquo;\u00e9ducation doit s&rsquo;adapter aux nouvelles r\u00e9alit\u00e9s et aux aspirations des jeunes. C&rsquo;est dans cette dynamique qu&rsquo;\u00e9merge l&rsquo;\u00e9cole Thomas Pesquet, une institution qui incarne l&rsquo;innovation \u00e9ducative et le lien entre science et espace. Les \u00e9l\u00e8ves y d\u00e9couvrent des concepts d&rsquo;astronautique et d&rsquo;exploration spatiale, tout en d\u00e9veloppant des comp\u00e9tences essentielles pour l&rsquo;avenir. En mettant les sciences \u00e0 l&rsquo;honneur, cette \u00e9cole repr\u00e9sente un v\u00e9ritable tremplin pour les connaissances et l&rsquo;apprentissage de l&rsquo;espace. Avec une approche p\u00e9dagogique novatrice, l&rsquo;\u00e9cole attire l&rsquo;attention et suscite l&rsquo;engouement des jeunes et des parents. Cet \u00e9tablissement se positionne ainsi comme un mod\u00e8le \u00e0 suivre dans le domaine de l&rsquo;\u00e9ducation moderne.<\/p>\n\n<h2 class=\"wp-block-heading\">L&rsquo;\u00e9cole Thomas Pesquet : un mod\u00e8le d&rsquo;\u00e9ducation spatiale<\/h2>\n\n<p>L&rsquo;\u00e9cole Thomas Pesquet n&rsquo;est pas une \u00e9cole comme les autres. Elle se distingue par son int\u00e9gration de l&rsquo;\u00e9ducation spatiale au c\u0153ur de son programme. L&rsquo;objectif principal est de stimuler l&rsquo;int\u00e9r\u00eat des \u00e9l\u00e8ves pour les sciences, tout en favorisant leur cr\u00e9ativit\u00e9. C&rsquo;est un lieu o\u00f9 les enfants apprennent non seulement la th\u00e9orie des sciences, mais aussi leur application pratique. \u00c0 travers divers projets, les \u00e9l\u00e8ves sont encourag\u00e9s \u00e0 exp\u00e9rimenter et \u00e0 explorer. Cela renforce leur motivation et leur confiance en eux.<\/p>\n\n<h3 class=\"wp-block-heading\">Une p\u00e9dagogie novatrice<\/h3>\n\n<p>L&rsquo;approche p\u00e9dagogique de l&rsquo;\u00e9cole Thomas Pesquet repose sur plusieurs axes. Premi\u00e8rement, le programme int\u00e8gre des activit\u00e9s pratiques qui se concentrent sur l&rsquo;<strong>apprentissage de l&rsquo;espace<\/strong>. Par exemple, les \u00e9l\u00e8ves participent \u00e0 des simulations de missions spatiales, construisent des maquettes de vaisseaux, et m\u00eame participent \u00e0 des cours pour comprendre le fonctionnement des satellites.<\/p>\n\n<p>Les enseignants sont form\u00e9s pour guider les \u00e9l\u00e8ves dans cette aventure. Ils utilisent des m\u00e9thodes d&rsquo;<strong>innovation \u00e9ducative<\/strong> qui favorisent l&rsquo;interaction et l&rsquo;apprentissage collaboratif. De plus, des intervenants ext\u00e9rieurs, comme des scientifiques et des astronautes, viennent partager leurs exp\u00e9riences. Cela offre aux \u00e9l\u00e8ves un aper\u00e7u concret des m\u00e9tiers li\u00e9s \u00e0 l&rsquo;<strong>astronautique scolaire<\/strong> et les inspire \u00e0 envisager des carri\u00e8res dans ce domaine passionnant.<\/p>\n\n<ul class=\"wp-block-list\"><li>\ud83d\udd25 Activit\u00e9s pratiques et ludiques<\/li><li>\ud83c\udf0c Intervenants exp\u00e9riment\u00e9s<\/li><li>\ud83d\ude80 Simulations de missions spatiales<\/li><\/ul>\n\n<h3 class=\"wp-block-heading\">Les projets \u00e9ducatifs<\/h3>\n\n<p>Les projets men\u00e9s par l&rsquo;\u00e9cole Thomas Pesquet sont qui sortent de l&rsquo;ordinaire. Chaque ann\u00e9e, un th\u00e8me central est choisi, souvent en lien avec les avanc\u00e9es de l&rsquo;exploration spatiale ou de la science en g\u00e9n\u00e9ral. Par exemple, le projet \u00ab\u00a0Mission sur Mars\u00a0\u00bb a permis aux \u00e9l\u00e8ves d&rsquo;explorer les d\u00e9fis techniques associ\u00e9s \u00e0 la colonisation de Mars, en \u00e9tudiant les enjeux de l&rsquo;environnement martien.<\/p>\n\n<p>En parall\u00e8le, l&rsquo;\u00e9cole propose \u00e9galement des devoirs interdisciplinaire qui relient la g\u00e9ographie, les math\u00e9matiques, et les sciences. Cela permet une approche globale de l&rsquo;<strong>\u00e9ducation spatiale<\/strong> et favorise le d\u00e9veloppement d&rsquo;une culture scientifique chez les plus jeunes.<\/p>\n\n<figure class=\"wp-block-table\"><table>\n<thead>\n<tr>\n<th>Projet<\/th>\n<th>Th\u00e8me<\/th>\n<th>Objectifs<\/th>\n<\/tr>\n<\/thead>\n<tbody>\n<tr>\n<td>Mission sur Mars<\/td>\n<td>Colonisation<\/td>\n<td>Comprendre les d\u00e9fis techniques et environnementaux<\/td>\n<\/tr>\n<tr>\n<td>Rockets &amp; Satellites<\/td>\n<td>Astronautique<\/td>\n<td>Conception et fonctionnement des engins spatiaux<\/td>\n<\/tr>\n<tr>\n<td>La mer et l&rsquo;espace<\/td>\n<td>Environnement<\/td>\n<td>Relier les enjeux maritimes aux d\u00e9fis spatiaux<\/td>\n<\/tr>\n<\/tbody>\n<\/table><\/figure>\n\n<p>Ces projets contribuent \u00e0 cr\u00e9er un environnement d&rsquo;apprentissage stimulant et attractif pour les \u00e9l\u00e8ves. Ils apprennent ainsi non seulement \u00e0 travailler en \u00e9quipe, mais aussi \u00e0 d\u00e9velopper des comp\u00e9tences critiques pour leur avenir.<\/p>\n\n<h2 class=\"wp-block-heading\">Les ressources et \u00e9quipements de l&rsquo;\u00e9cole<\/h2>\n\n<p>Pour accompagner les initiatives p\u00e9dagogiques, l&rsquo;\u00e9cole Thomas Pesquet dispose d\u2019\u00e9quipements modernes et d\u2019une biblioth\u00e8que bien fournie. Les salles de classe sont \u00e9quip\u00e9es de technologies innovantes, y compris des tablettes num\u00e9riques, des projecteurs interactifs et des simulateurs de vol. Cela permet d&rsquo;intervenir de mani\u00e8re dynamique et interactive lorsque les \u00e9l\u00e8ves apprennent. Toutes ces ressources visent \u00e0 enrichir l&rsquo;exp\u00e9rience \u00e9ducative.<\/p>\n\n<h3 class=\"wp-block-heading\">Techniques et technologies \u00e9ducatives<\/h3>\n\n<p>Les m\u00e9thodes d&rsquo;enseignement reposent sur l&rsquo;usage d&rsquo;outils num\u00e9riques. Les \u00e9l\u00e8ves peuvent non seulement consulter des ressources en ligne, mais aussi cr\u00e9er leurs propres contenus, notamment des pr\u00e9sentations et des projets multim\u00e9dias. Cette approche favorise l&rsquo;<strong>apprentissage autonome<\/strong> et encourage les \u00e9l\u00e8ves \u00e0 prendre en main leurs \u00e9tudes.<\/p>\n\n<p>Ainsi, l&rsquo;\u00e9cole int\u00e8gre des plateformes d&rsquo;apprentissage en ligne qui permettent aux \u00e9l\u00e8ves d&rsquo;acc\u00e9der \u00e0 un large \u00e9ventail de contenus. Ils ont \u00e9galement la possibilit\u00e9 d&rsquo;\u00e9changer avec des classes du monde entier sur des projets communs li\u00e9s \u00e0 l&rsquo;espace ou \u00e0 la science.<\/p>\n\n<ul class=\"wp-block-list\"><li>\ud83d\udcda Biblioth\u00e8que sp\u00e9cialis\u00e9e en sciences<\/li><li>\ud83d\udcbb Salles de classe \u00e9quip\u00e9es de technologies modernes<\/li><li>\ud83c\udf0e Plateformes d&rsquo;\u00e9changes internationales<\/li><\/ul>\n\n<h3 class=\"wp-block-heading\">Un environnement \u00e9coresponsable<\/h3>\n\n<p>En plus des technologies modernes, l&rsquo;\u00e9cole Thomas Pesquet se veut \u00e9galement \u00e9coresponsable. L&rsquo;\u00e9tablissement construit en respectant les normes environnementales, utilise des \u00e9nergies renouvelables et int\u00e8gre des espaces verts. Ces efforts visent non seulement \u00e0 sensibiliser les \u00e9l\u00e8ves aux probl\u00e9matiques environnementales, mais aussi \u00e0 les engager dans des pratiques durables.<\/p>\n\n<figure class=\"wp-block-table\"><table>\n<thead>\n<tr>\n<th>Crit\u00e8res<\/th>\n<th>Description<\/th>\n<\/tr>\n<\/thead>\n<tbody>\n<tr>\n<td>\u00c9nergie renouvelable<\/td>\n<td>Utilisation de panneaux solaires pour l&rsquo;\u00e9lectricit\u00e9<\/td>\n<\/tr>\n<tr>\n<td>Espaces verts<\/td>\n<td>Jardins p\u00e9dagogiques pour l&rsquo;apprentissage de la biodiversit\u00e9<\/td>\n<\/tr>\n<tr>\n<td>Infrastructures durables<\/td>\n<td>Mat\u00e9riaux de construction \u00e9cologiques et recycl\u00e9s<\/td>\n<\/tr>\n<\/tbody>\n<\/table><\/figure>\n\n<h2 class=\"wp-block-heading\">Les retomb\u00e9es \u00e9ducatives et l&rsquo;avenir des \u00e9l\u00e8ves<\/h2>\n\n<p>Les retomb\u00e9es de l&rsquo;\u00e9ducation spatiale \u00e0 l&rsquo;\u00e9cole Thomas Pesquet sont multiples et enrichissantes. En int\u00e9grant des th\u00e8mes li\u00e9s \u00e0 l&rsquo;astronautique et \u00e0 l&rsquo;exploration de l&rsquo;univers, l&rsquo;\u00e9cole pr\u00e9pare les \u00e9l\u00e8ves \u00e0 devenir des citoyens \u00e9clair\u00e9s et responsables. Ils acqui\u00e8rent des comp\u00e9tences essentielles, telles que la pens\u00e9e critique, la r\u00e9solution de probl\u00e8mes, et le travail en \u00e9quipe. Ces comp\u00e9tences sont pr\u00e9cieuses tant sur le plan acad\u00e9mique que dans leurs futures carri\u00e8res.<\/p>\n\n<h3 class=\"wp-block-heading\">Des comp\u00e9tences pour l&rsquo;avenir<\/h3>\n\n<p>\u00c0 l&rsquo;\u00e9cole Thomas Pesquet, on ne se limite pas aux connaissances th\u00e9oriques. Les \u00e9l\u00e8ves d\u00e9veloppent des soft skills indispensables \u00e0 leur r\u00e9ussite future. La collaboration, la cr\u00e9ativit\u00e9, et l&rsquo;esprit d&rsquo;initiative sont cultiv\u00e9s \u00e0 travers des projets collectifs et des activit\u00e9s pratiques. Cela leur permettra de s&rsquo;adapter aux exigences du march\u00e9 du travail et des nouvelles technologies.<\/p>\n\n<p>La sensibilisation \u00e0 des questions telles que l&rsquo;<strong>environnement<\/strong> et l&rsquo;espace les pousse \u00e9galement \u00e0 devenir des acteurs du changement. En apprenant \u00e0 comprendre et \u00e0 Einfluss sur les grands enjeux du 21\u00e8me si\u00e8cle, ces jeunes pourront apporter des solutions innovantes \u00e0 des d\u00e9fis globaux.<\/p>\n\n<ul class=\"wp-block-list\"><li>\ud83e\udde0 D\u00e9veloppement de la pens\u00e9e critique<\/li><li>\ud83c\udf31 Sensibilisation \u00e0 l&rsquo;environnement<\/li><li>\ud83c\udf0e Pr\u00e9paration \u00e0 des carri\u00e8res dans les STEM<\/li><\/ul>\n\n<h3 class=\"wp-block-heading\">Une communaut\u00e9 \u00e9ducative engag\u00e9e<\/h3>\n\n<p>La communaut\u00e9 autour de l&rsquo;\u00e9cole Thomas Pesquet est proactive et engag\u00e9e. Les parents, les enseignants et les \u00e9l\u00e8ves collaborent pour cr\u00e9er un climat d&rsquo;apprentissage positif. Des \u00e9v\u00e9nements sont r\u00e9guli\u00e8rement organis\u00e9s, tels que des journ\u00e9es portes ouvertes, o\u00f9 les familles peuvent d\u00e9couvrir les projets r\u00e9alis\u00e9s par les \u00e9l\u00e8ves. Cela permet de renforcer les liens et de cr\u00e9er un v\u00e9ritable esprit d&rsquo;\u00e9quipe.<\/p>\n\n<figure class=\"wp-block-table\"><table>\n<thead>\n<tr>\n<th>\u00c9v\u00e9nement<\/th>\n<th>Date<\/th>\n<th>Objectif<\/th>\n<\/tr>\n<\/thead>\n<tbody>\n<tr>\n<td>Journ\u00e9e annuelle de l&rsquo;espace<\/td>\n<td>15 juin<\/td>\n<td>D\u00e9couverte des projets des \u00e9l\u00e8ves<\/td>\n<\/tr>\n<tr>\n<td>Ateliers parent\/enfant<\/td>\n<td>mois d&rsquo;octobre<\/td>\n<td>Coh\u00e9sion famille et \u00e9cole<\/td>\n<\/tr>\n<tr>\n<td>Expositions scientifiques<\/td>\n<td>dernier weekend de mai<\/td>\n<td>Mise en valeur de la recherche des \u00e9l\u00e8ves<\/td>\n<\/tr>\n<\/tbody>\n<\/table><\/figure>\n\n\n{\u00ab\u00a0@context\u00a0\u00bb:\u00a0\u00bbhttps:\/\/schema.org\u00a0\u00bb,\u00a0\u00bb@type\u00a0\u00bb:\u00a0\u00bbFAQPage\u00a0\u00bb,\u00a0\u00bbmainEntity\u00a0\u00bb:[{\u00ab\u00a0@type\u00a0\u00bb:\u00a0\u00bbQuestion\u00a0\u00bb,\u00a0\u00bbname\u00a0\u00bb:\u00a0\u00bbQuelle est la mission de l&rsquo;u00e9cole Thomas Pesquet ?\u00a0\u00bb,\u00a0\u00bbacceptedAnswer\u00a0\u00bb:{\u00ab\u00a0@type\u00a0\u00bb:\u00a0\u00bbAnswer\u00a0\u00bb,\u00a0\u00bbtext\u00a0\u00bb:\u00a0\u00bbL&rsquo;u00e9cole vise u00e0 intu00e9grer l&rsquo;u00e9ducation spatiale dans son programme, stimulant les u00e9lu00e8ves u00e0 explorer les sciences et u00e0 acquu00e9rir des compu00e9tences pour leur avenir.\u00a0\u00bb}},{\u00ab\u00a0@type\u00a0\u00bb:\u00a0\u00bbQuestion\u00a0\u00bb,\u00a0\u00bbname\u00a0\u00bb:\u00a0\u00bbQuels types de projets sont ru00e9alisu00e9s par les u00e9lu00e8ves ?\u00a0\u00bb,\u00a0\u00bbacceptedAnswer\u00a0\u00bb:{\u00ab\u00a0@type\u00a0\u00bb:\u00a0\u00bbAnswer\u00a0\u00bb,\u00a0\u00bbtext\u00a0\u00bb:\u00a0\u00bbLes u00e9lu00e8ves participent u00e0 des projets sur des thu00e8mes variu00e9s, comme la colonisation de Mars, les satellites ou les enjeux maritimes.\u00a0\u00bb}},{\u00ab\u00a0@type\u00a0\u00bb:\u00a0\u00bbQuestion\u00a0\u00bb,\u00a0\u00bbname\u00a0\u00bb:\u00a0\u00bbL&rsquo;u00e9cole est-elle accessible u00e0 tous ?\u00a0\u00bb,\u00a0\u00bbacceptedAnswer\u00a0\u00bb:{\u00ab\u00a0@type\u00a0\u00bb:\u00a0\u00bbAnswer\u00a0\u00bb,\u00a0\u00bbtext\u00a0\u00bb:\u00a0\u00bbOui, l&rsquo;u00e9cole ouvre ses portes u00e0 tous les u00e9lu00e8ves intu00e9ressu00e9s, avec un accent sur l&rsquo;inclusion et la diversitu00e9.\u00a0\u00bb}},{\u00ab\u00a0@type\u00a0\u00bb:\u00a0\u00bbQuestion\u00a0\u00bb,\u00a0\u00bbname\u00a0\u00bb:\u00a0\u00bbComment les enseignements sont-ils dispensu00e9s ?\u00a0\u00bb,\u00a0\u00bbacceptedAnswer\u00a0\u00bb:{\u00ab\u00a0@type\u00a0\u00bb:\u00a0\u00bbAnswer\u00a0\u00bb,\u00a0\u00bbtext\u00a0\u00bb:\u00a0\u00bbDes mu00e9thodes innovantes, mu00ealant thu00e9orie et pratique, sont utilisu00e9es pour garantir un apprentissage engageant et dynamique.\u00a0\u00bb}},{\u00ab\u00a0@type\u00a0\u00bb:\u00a0\u00bbQuestion\u00a0\u00bb,\u00a0\u00bbname\u00a0\u00bb:\u00a0\u00bbY a-t-il des intervenants extu00e9rieurs ?\u00a0\u00bb,\u00a0\u00bbacceptedAnswer\u00a0\u00bb:{\u00ab\u00a0@type\u00a0\u00bb:\u00a0\u00bbAnswer\u00a0\u00bb,\u00a0\u00bbtext\u00a0\u00bb:\u00a0\u00bbOui, des scientifiques et des astronautes interviennent ru00e9guliu00e8rement pour partager leurs expu00e9riences et enrichir le programme.\u00a0\u00bb}}]}\n\n<h3>Quelle est la mission de l&rsquo;\u00e9cole Thomas Pesquet ?<\/h3>\n<p>L&rsquo;\u00e9cole vise \u00e0 int\u00e9grer l&rsquo;\u00e9ducation spatiale dans son programme, stimulant les \u00e9l\u00e8ves \u00e0 explorer les sciences et \u00e0 acqu\u00e9rir des comp\u00e9tences pour leur avenir.<\/p>\n<h3>Quels types de projets sont r\u00e9alis\u00e9s par les \u00e9l\u00e8ves ?<\/h3>\n<p>Les \u00e9l\u00e8ves participent \u00e0 des projets sur des th\u00e8mes vari\u00e9s, comme la colonisation de Mars, les satellites ou les enjeux maritimes.<\/p>\n<h3>L&rsquo;\u00e9cole est-elle accessible \u00e0 tous ?<\/h3>\n<p>Oui, l&rsquo;\u00e9cole ouvre ses portes \u00e0 tous les \u00e9l\u00e8ves int\u00e9ress\u00e9s, avec un accent sur l&rsquo;inclusion et la diversit\u00e9.<\/p>\n<h3>Comment les enseignements sont-ils dispens\u00e9s ?<\/h3>\n<p>Des m\u00e9thodes innovantes, m\u00ealant th\u00e9orie et pratique, sont utilis\u00e9es pour garantir un apprentissage engageant et dynamique.<\/p>\n<h3>Y a-t-il des intervenants ext\u00e9rieurs ?<\/h3>\n<p>Oui, des scientifiques et des astronautes interviennent r\u00e9guli\u00e8rement pour partager leurs exp\u00e9riences et enrichir le programme.<\/p>\n\n","protected":false},"excerpt":{"rendered":"<p>Dans un monde en constante \u00e9volution, l&rsquo;\u00e9ducation doit s&rsquo;adapter aux nouvelles r\u00e9alit\u00e9s et aux aspirations des jeunes. C&rsquo;est dans cette dynamique qu&rsquo;\u00e9merge l&rsquo;\u00e9cole Thomas Pesquet, une institution qui incarne l&rsquo;innovation \u00e9ducative et le lien entre science et espace. Les \u00e9l\u00e8ves y d\u00e9couvrent des concepts d&rsquo;astronautique et d&rsquo;exploration spatiale, tout en d\u00e9veloppant des comp\u00e9tences essentielles pour &#8230; <a title=\"D\u00e9couvrez l&rsquo;\u00e9cole Thomas Pesquet : une approche innovante de l&rsquo;\u00e9ducation spatiale\" class=\"read-more\" href=\"https:\/\/www.apres-lecole.fr\/Blog\/ecole-thomas-pesquet-education-spatiale\/\" aria-label=\"En savoir plus sur D\u00e9couvrez l&rsquo;\u00e9cole Thomas Pesquet : une approche innovante de l&rsquo;\u00e9ducation spatiale\">Lire plus<\/a><\/p>\n","protected":false},"author":7,"featured_media":2520,"comment_status":"open","ping_status":"open","sticky":false,"template":"","format":"standard","meta":{"footnotes":""},"categories":[342],"tags":[1776,1774,412,1775,1777],"class_list":["post-2521","post","type-post","status-publish","format-standard","has-post-thumbnail","hentry","category-actualites","tag-approche-innovante","tag-ecole-thomas-pesquet","tag-education","tag-education-spatiale","tag-spatial"],"yoast_head":"<!-- This site is optimized with the Yoast SEO plugin v27.5 - https:\/\/yoast.com\/product\/yoast-seo-wordpress\/ -->\n<title>\u00c9cole Thomas Pesquet : l\u2019innovation spatiale au service de l\u2019\u00e9ducation<\/title>\n<meta name=\"description\" content=\"D\u00e9couvrez l&#039;\u00e9cole Thomas Pesquet : une p\u00e9dagogie innovante pour initier les jeunes \u00e0 l&#039;\u00e9ducation et aux sciences spatiales d\u00e8s le primaire.\" \/>\n<meta name=\"robots\" content=\"index, follow, max-snippet:-1, max-image-preview:large, max-video-preview:-1\" \/>\n<link rel=\"canonical\" href=\"https:\/\/www.apres-lecole.fr\/Blog\/ecole-thomas-pesquet-education-spatiale\/\" \/>\n<meta property=\"og:locale\" content=\"fr_FR\" \/>\n<meta property=\"og:type\" content=\"article\" \/>\n<meta property=\"og:title\" content=\"\u00c9cole Thomas Pesquet : l\u2019innovation spatiale au service de l\u2019\u00e9ducation\" \/>\n<meta property=\"og:description\" content=\"D\u00e9couvrez l&#039;\u00e9cole Thomas Pesquet : une p\u00e9dagogie innovante pour initier les jeunes \u00e0 l&#039;\u00e9ducation et aux sciences spatiales d\u00e8s le primaire.\" \/>\n<meta property=\"og:url\" content=\"https:\/\/www.apres-lecole.fr\/Blog\/ecole-thomas-pesquet-education-spatiale\/\" \/>\n<meta property=\"article:published_time\" content=\"2025-10-12T06:33:29+00:00\" \/>\n<meta property=\"og:image\" content=\"https:\/\/www.apres-lecole.fr\/Blog\/wp-content\/uploads\/2025\/10\/Decouvrez-lecole-Thomas-Pesquet-une-approche-innovante-de-leducation-spatiale.jpg\" \/>\n\t<meta property=\"og:image:width\" content=\"1344\" \/>\n\t<meta property=\"og:image:height\" content=\"768\" \/>\n\t<meta property=\"og:image:type\" content=\"image\/jpeg\" \/>\n<meta name=\"twitter:card\" content=\"summary_large_image\" \/>\n<meta name=\"twitter:label1\" content=\"\u00c9crit par\" \/>\n\t<meta name=\"twitter:data1\" content=\"\" \/>\n\t<meta name=\"twitter:label2\" content=\"Dur\u00e9e de lecture estim\u00e9e\" \/>\n\t<meta name=\"twitter:data2\" content=\"8 minutes\" \/>\n<script type=\"application\/ld+json\" class=\"yoast-schema-graph\">{\"@context\":\"https:\\\/\\\/schema.org\",\"@graph\":[{\"@type\":\"Article\",\"@id\":\"https:\\\/\\\/www.apres-lecole.fr\\\/Blog\\\/ecole-thomas-pesquet-education-spatiale\\\/#article\",\"isPartOf\":{\"@id\":\"https:\\\/\\\/www.apres-lecole.fr\\\/Blog\\\/ecole-thomas-pesquet-education-spatiale\\\/\"},\"author\":{\"name\":\"\",\"@id\":\"\"},\"headline\":\"D\u00e9couvrez l&rsquo;\u00e9cole Thomas Pesquet : une approche innovante de l&rsquo;\u00e9ducation spatiale\",\"datePublished\":\"2025-10-12T06:33:29+00:00\",\"mainEntityOfPage\":{\"@id\":\"https:\\\/\\\/www.apres-lecole.fr\\\/Blog\\\/ecole-thomas-pesquet-education-spatiale\\\/\"},\"wordCount\":1630,\"commentCount\":0,\"image\":{\"@id\":\"https:\\\/\\\/www.apres-lecole.fr\\\/Blog\\\/ecole-thomas-pesquet-education-spatiale\\\/#primaryimage\"},\"thumbnailUrl\":\"https:\\\/\\\/www.apres-lecole.fr\\\/Blog\\\/wp-content\\\/uploads\\\/2025\\\/10\\\/Decouvrez-lecole-Thomas-Pesquet-une-approche-innovante-de-leducation-spatiale.jpg\",\"keywords\":[\"approche innovante\",\"\u00e9cole thomas pesquet\",\"\u00e9ducation\",\"\u00e9ducation spatiale\",\"spatial\"],\"articleSection\":[\"Actualit\u00e9s\"],\"inLanguage\":\"fr-FR\",\"potentialAction\":[{\"@type\":\"CommentAction\",\"name\":\"Comment\",\"target\":[\"https:\\\/\\\/www.apres-lecole.fr\\\/Blog\\\/ecole-thomas-pesquet-education-spatiale\\\/#respond\"]}]},{\"@type\":\"WebPage\",\"@id\":\"https:\\\/\\\/www.apres-lecole.fr\\\/Blog\\\/ecole-thomas-pesquet-education-spatiale\\\/\",\"url\":\"https:\\\/\\\/www.apres-lecole.fr\\\/Blog\\\/ecole-thomas-pesquet-education-spatiale\\\/\",\"name\":\"\u00c9cole Thomas Pesquet : l\u2019innovation spatiale au service de l\u2019\u00e9ducation\",\"isPartOf\":{\"@id\":\"https:\\\/\\\/www.apres-lecole.fr\\\/Blog\\\/#website\"},\"primaryImageOfPage\":{\"@id\":\"https:\\\/\\\/www.apres-lecole.fr\\\/Blog\\\/ecole-thomas-pesquet-education-spatiale\\\/#primaryimage\"},\"image\":{\"@id\":\"https:\\\/\\\/www.apres-lecole.fr\\\/Blog\\\/ecole-thomas-pesquet-education-spatiale\\\/#primaryimage\"},\"thumbnailUrl\":\"https:\\\/\\\/www.apres-lecole.fr\\\/Blog\\\/wp-content\\\/uploads\\\/2025\\\/10\\\/Decouvrez-lecole-Thomas-Pesquet-une-approche-innovante-de-leducation-spatiale.jpg\",\"datePublished\":\"2025-10-12T06:33:29+00:00\",\"author\":{\"@id\":\"\"},\"description\":\"D\u00e9couvrez l'\u00e9cole Thomas Pesquet : une p\u00e9dagogie innovante pour initier les jeunes \u00e0 l'\u00e9ducation et aux sciences spatiales d\u00e8s le primaire.\",\"breadcrumb\":{\"@id\":\"https:\\\/\\\/www.apres-lecole.fr\\\/Blog\\\/ecole-thomas-pesquet-education-spatiale\\\/#breadcrumb\"},\"inLanguage\":\"fr-FR\",\"potentialAction\":[{\"@type\":\"ReadAction\",\"target\":[\"https:\\\/\\\/www.apres-lecole.fr\\\/Blog\\\/ecole-thomas-pesquet-education-spatiale\\\/\"]}]},{\"@type\":\"ImageObject\",\"inLanguage\":\"fr-FR\",\"@id\":\"https:\\\/\\\/www.apres-lecole.fr\\\/Blog\\\/ecole-thomas-pesquet-education-spatiale\\\/#primaryimage\",\"url\":\"https:\\\/\\\/www.apres-lecole.fr\\\/Blog\\\/wp-content\\\/uploads\\\/2025\\\/10\\\/Decouvrez-lecole-Thomas-Pesquet-une-approche-innovante-de-leducation-spatiale.jpg\",\"contentUrl\":\"https:\\\/\\\/www.apres-lecole.fr\\\/Blog\\\/wp-content\\\/uploads\\\/2025\\\/10\\\/Decouvrez-lecole-Thomas-Pesquet-une-approche-innovante-de-leducation-spatiale.jpg\",\"width\":1344,\"height\":768,\"caption\":\"plongez dans l'univers de l'\u00e9cole thomas pesquet, une institution novatrice qui r\u00e9volutionne l'\u00e9ducation spatiale gr\u00e2ce \u00e0 des programmes uniques et des m\u00e9thodes p\u00e9dagogiques modernes. d\u00e9couvrez une nouvelle fa\u00e7on d\u2019apprendre l\u2019espace !\"},{\"@type\":\"BreadcrumbList\",\"@id\":\"https:\\\/\\\/www.apres-lecole.fr\\\/Blog\\\/ecole-thomas-pesquet-education-spatiale\\\/#breadcrumb\",\"itemListElement\":[{\"@type\":\"ListItem\",\"position\":1,\"name\":\"Home\",\"item\":\"https:\\\/\\\/www.apres-lecole.fr\\\/Blog\\\/\"},{\"@type\":\"ListItem\",\"position\":2,\"name\":\"D\u00e9couvrez l&rsquo;\u00e9cole Thomas Pesquet : une approche innovante de l&rsquo;\u00e9ducation spatiale\"}]},{\"@type\":\"WebSite\",\"@id\":\"https:\\\/\\\/www.apres-lecole.fr\\\/Blog\\\/#website\",\"url\":\"https:\\\/\\\/www.apres-lecole.fr\\\/Blog\\\/\",\"name\":\"\",\"description\":\"M\u00e9dia g\u00e9n\u00e9raliste\",\"potentialAction\":[{\"@type\":\"SearchAction\",\"target\":{\"@type\":\"EntryPoint\",\"urlTemplate\":\"https:\\\/\\\/www.apres-lecole.fr\\\/Blog\\\/?s={search_term_string}\"},\"query-input\":{\"@type\":\"PropertyValueSpecification\",\"valueRequired\":true,\"valueName\":\"search_term_string\"}}],\"inLanguage\":\"fr-FR\"},{\"@type\":\"Person\",\"@id\":\"\",\"url\":\"https:\\\/\\\/www.apres-lecole.fr\\\/Blog\\\/author\\\/\"}]}<\/script>\n<!-- \/ Yoast SEO plugin. -->","yoast_head_json":{"title":"\u00c9cole Thomas Pesquet : l\u2019innovation spatiale au service de l\u2019\u00e9ducation","description":"D\u00e9couvrez l'\u00e9cole Thomas Pesquet : une p\u00e9dagogie innovante pour initier les jeunes \u00e0 l'\u00e9ducation et aux sciences spatiales d\u00e8s le primaire.","robots":{"index":"index","follow":"follow","max-snippet":"max-snippet:-1","max-image-preview":"max-image-preview:large","max-video-preview":"max-video-preview:-1"},"canonical":"https:\/\/www.apres-lecole.fr\/Blog\/ecole-thomas-pesquet-education-spatiale\/","og_locale":"fr_FR","og_type":"article","og_title":"\u00c9cole Thomas Pesquet : l\u2019innovation spatiale au service de l\u2019\u00e9ducation","og_description":"D\u00e9couvrez l'\u00e9cole Thomas Pesquet : une p\u00e9dagogie innovante pour initier les jeunes \u00e0 l'\u00e9ducation et aux sciences spatiales d\u00e8s le primaire.","og_url":"https:\/\/www.apres-lecole.fr\/Blog\/ecole-thomas-pesquet-education-spatiale\/","article_published_time":"2025-10-12T06:33:29+00:00","og_image":[{"width":1344,"height":768,"url":"https:\/\/www.apres-lecole.fr\/Blog\/wp-content\/uploads\/2025\/10\/Decouvrez-lecole-Thomas-Pesquet-une-approche-innovante-de-leducation-spatiale.jpg","type":"image\/jpeg"}],"twitter_card":"summary_large_image","twitter_misc":{"\u00c9crit par":"","Dur\u00e9e de lecture estim\u00e9e":"8 minutes"},"schema":{"@context":"https:\/\/schema.org","@graph":[{"@type":"Article","@id":"https:\/\/www.apres-lecole.fr\/Blog\/ecole-thomas-pesquet-education-spatiale\/#article","isPartOf":{"@id":"https:\/\/www.apres-lecole.fr\/Blog\/ecole-thomas-pesquet-education-spatiale\/"},"author":{"name":"","@id":""},"headline":"D\u00e9couvrez l&rsquo;\u00e9cole Thomas Pesquet : une approche innovante de l&rsquo;\u00e9ducation spatiale","datePublished":"2025-10-12T06:33:29+00:00","mainEntityOfPage":{"@id":"https:\/\/www.apres-lecole.fr\/Blog\/ecole-thomas-pesquet-education-spatiale\/"},"wordCount":1630,"commentCount":0,"image":{"@id":"https:\/\/www.apres-lecole.fr\/Blog\/ecole-thomas-pesquet-education-spatiale\/#primaryimage"},"thumbnailUrl":"https:\/\/www.apres-lecole.fr\/Blog\/wp-content\/uploads\/2025\/10\/Decouvrez-lecole-Thomas-Pesquet-une-approche-innovante-de-leducation-spatiale.jpg","keywords":["approche innovante","\u00e9cole thomas pesquet","\u00e9ducation","\u00e9ducation spatiale","spatial"],"articleSection":["Actualit\u00e9s"],"inLanguage":"fr-FR","potentialAction":[{"@type":"CommentAction","name":"Comment","target":["https:\/\/www.apres-lecole.fr\/Blog\/ecole-thomas-pesquet-education-spatiale\/#respond"]}]},{"@type":"WebPage","@id":"https:\/\/www.apres-lecole.fr\/Blog\/ecole-thomas-pesquet-education-spatiale\/","url":"https:\/\/www.apres-lecole.fr\/Blog\/ecole-thomas-pesquet-education-spatiale\/","name":"\u00c9cole Thomas Pesquet : l\u2019innovation spatiale au service de l\u2019\u00e9ducation","isPartOf":{"@id":"https:\/\/www.apres-lecole.fr\/Blog\/#website"},"primaryImageOfPage":{"@id":"https:\/\/www.apres-lecole.fr\/Blog\/ecole-thomas-pesquet-education-spatiale\/#primaryimage"},"image":{"@id":"https:\/\/www.apres-lecole.fr\/Blog\/ecole-thomas-pesquet-education-spatiale\/#primaryimage"},"thumbnailUrl":"https:\/\/www.apres-lecole.fr\/Blog\/wp-content\/uploads\/2025\/10\/Decouvrez-lecole-Thomas-Pesquet-une-approche-innovante-de-leducation-spatiale.jpg","datePublished":"2025-10-12T06:33:29+00:00","author":{"@id":""},"description":"D\u00e9couvrez l'\u00e9cole Thomas Pesquet : une p\u00e9dagogie innovante pour initier les jeunes \u00e0 l'\u00e9ducation et aux sciences spatiales d\u00e8s le primaire.","breadcrumb":{"@id":"https:\/\/www.apres-lecole.fr\/Blog\/ecole-thomas-pesquet-education-spatiale\/#breadcrumb"},"inLanguage":"fr-FR","potentialAction":[{"@type":"ReadAction","target":["https:\/\/www.apres-lecole.fr\/Blog\/ecole-thomas-pesquet-education-spatiale\/"]}]},{"@type":"ImageObject","inLanguage":"fr-FR","@id":"https:\/\/www.apres-lecole.fr\/Blog\/ecole-thomas-pesquet-education-spatiale\/#primaryimage","url":"https:\/\/www.apres-lecole.fr\/Blog\/wp-content\/uploads\/2025\/10\/Decouvrez-lecole-Thomas-Pesquet-une-approche-innovante-de-leducation-spatiale.jpg","contentUrl":"https:\/\/www.apres-lecole.fr\/Blog\/wp-content\/uploads\/2025\/10\/Decouvrez-lecole-Thomas-Pesquet-une-approche-innovante-de-leducation-spatiale.jpg","width":1344,"height":768,"caption":"plongez dans l'univers de l'\u00e9cole thomas pesquet, une institution novatrice qui r\u00e9volutionne l'\u00e9ducation spatiale gr\u00e2ce \u00e0 des programmes uniques et des m\u00e9thodes p\u00e9dagogiques modernes. d\u00e9couvrez une nouvelle fa\u00e7on d\u2019apprendre l\u2019espace !"},{"@type":"BreadcrumbList","@id":"https:\/\/www.apres-lecole.fr\/Blog\/ecole-thomas-pesquet-education-spatiale\/#breadcrumb","itemListElement":[{"@type":"ListItem","position":1,"name":"Home","item":"https:\/\/www.apres-lecole.fr\/Blog\/"},{"@type":"ListItem","position":2,"name":"D\u00e9couvrez l&rsquo;\u00e9cole Thomas Pesquet : une approche innovante de l&rsquo;\u00e9ducation spatiale"}]},{"@type":"WebSite","@id":"https:\/\/www.apres-lecole.fr\/Blog\/#website","url":"https:\/\/www.apres-lecole.fr\/Blog\/","name":"","description":"M\u00e9dia g\u00e9n\u00e9raliste","potentialAction":[{"@type":"SearchAction","target":{"@type":"EntryPoint","urlTemplate":"https:\/\/www.apres-lecole.fr\/Blog\/?s={search_term_string}"},"query-input":{"@type":"PropertyValueSpecification","valueRequired":true,"valueName":"search_term_string"}}],"inLanguage":"fr-FR"},{"@type":"Person","@id":"","url":"https:\/\/www.apres-lecole.fr\/Blog\/author\/"}]}},"views":7,"_links":{"self":[{"href":"https:\/\/www.apres-lecole.fr\/Blog\/wp-json\/wp\/v2\/posts\/2521","targetHints":{"allow":["GET"]}}],"collection":[{"href":"https:\/\/www.apres-lecole.fr\/Blog\/wp-json\/wp\/v2\/posts"}],"about":[{"href":"https:\/\/www.apres-lecole.fr\/Blog\/wp-json\/wp\/v2\/types\/post"}],"author":[{"embeddable":true,"href":"https:\/\/www.apres-lecole.fr\/Blog\/wp-json\/wp\/v2\/users\/7"}],"replies":[{"embeddable":true,"href":"https:\/\/www.apres-lecole.fr\/Blog\/wp-json\/wp\/v2\/comments?post=2521"}],"version-history":[{"count":0,"href":"https:\/\/www.apres-lecole.fr\/Blog\/wp-json\/wp\/v2\/posts\/2521\/revisions"}],"wp:featuredmedia":[{"embeddable":true,"href":"https:\/\/www.apres-lecole.fr\/Blog\/wp-json\/wp\/v2\/media\/2520"}],"wp:attachment":[{"href":"https:\/\/www.apres-lecole.fr\/Blog\/wp-json\/wp\/v2\/media?parent=2521"}],"wp:term":[{"taxonomy":"category","embeddable":true,"href":"https:\/\/www.apres-lecole.fr\/Blog\/wp-json\/wp\/v2\/categories?post=2521"},{"taxonomy":"post_tag","embeddable":true,"href":"https:\/\/www.apres-lecole.fr\/Blog\/wp-json\/wp\/v2\/tags?post=2521"}],"curies":[{"name":"wp","href":"https:\/\/api.w.org\/{rel}","templated":true}]}}