{"id":2515,"date":"2025-10-11T06:36:40","date_gmt":"2025-10-11T06:36:40","guid":{"rendered":"https:\/\/www.apres-lecole.fr\/Blog\/ecole-valentin-education-2025\/"},"modified":"2025-10-11T06:36:40","modified_gmt":"2025-10-11T06:36:40","slug":"ecole-valentin-education-2025","status":"publish","type":"post","link":"https:\/\/www.apres-lecole.fr\/Blog\/ecole-valentin-education-2025\/","title":{"rendered":"Ecole Valentin : un mod\u00e8le d&rsquo;\u00e9ducation innovant pour 2025"},"content":{"rendered":"\n\n<div class=\"kk-star-ratings kksr-auto kksr-align-left kksr-valign-top\"\n    data-payload='{&quot;align&quot;:&quot;left&quot;,&quot;id&quot;:&quot;2515&quot;,&quot;slug&quot;:&quot;default&quot;,&quot;valign&quot;:&quot;top&quot;,&quot;ignore&quot;:&quot;&quot;,&quot;reference&quot;:&quot;auto&quot;,&quot;class&quot;:&quot;&quot;,&quot;count&quot;:&quot;0&quot;,&quot;legendonly&quot;:&quot;&quot;,&quot;readonly&quot;:&quot;&quot;,&quot;score&quot;:&quot;0&quot;,&quot;starsonly&quot;:&quot;&quot;,&quot;best&quot;:&quot;5&quot;,&quot;gap&quot;:&quot;5&quot;,&quot;greet&quot;:&quot;Rate this post&quot;,&quot;legend&quot;:&quot;0\\\/5 - (0 vote)&quot;,&quot;size&quot;:&quot;24&quot;,&quot;title&quot;:&quot;Ecole Valentin : un mod\u00e8le d\\u0026#039;\u00e9ducation innovant pour 2025&quot;,&quot;width&quot;:&quot;0&quot;,&quot;_legend&quot;:&quot;{score}\\\/{best} - ({count} {votes})&quot;,&quot;font_factor&quot;:&quot;1.25&quot;}'>\n            \n<div class=\"kksr-stars\">\n    \n<div class=\"kksr-stars-inactive\">\n            <div class=\"kksr-star\" data-star=\"1\" style=\"padding-right: 5px\">\n            \n\n<div class=\"kksr-icon\" style=\"width: 24px; height: 24px;\"><\/div>\n        <\/div>\n            <div class=\"kksr-star\" data-star=\"2\" style=\"padding-right: 5px\">\n            \n\n<div class=\"kksr-icon\" style=\"width: 24px; height: 24px;\"><\/div>\n        <\/div>\n            <div class=\"kksr-star\" data-star=\"3\" style=\"padding-right: 5px\">\n            \n\n<div class=\"kksr-icon\" style=\"width: 24px; height: 24px;\"><\/div>\n        <\/div>\n            <div class=\"kksr-star\" data-star=\"4\" style=\"padding-right: 5px\">\n            \n\n<div class=\"kksr-icon\" style=\"width: 24px; height: 24px;\"><\/div>\n        <\/div>\n            <div class=\"kksr-star\" data-star=\"5\" style=\"padding-right: 5px\">\n            \n\n<div class=\"kksr-icon\" style=\"width: 24px; height: 24px;\"><\/div>\n        <\/div>\n    <\/div>\n    \n<div class=\"kksr-stars-active\" style=\"width: 0px;\">\n            <div class=\"kksr-star\" style=\"padding-right: 5px\">\n            \n\n<div class=\"kksr-icon\" style=\"width: 24px; height: 24px;\"><\/div>\n        <\/div>\n            <div class=\"kksr-star\" style=\"padding-right: 5px\">\n            \n\n<div class=\"kksr-icon\" style=\"width: 24px; height: 24px;\"><\/div>\n        <\/div>\n            <div class=\"kksr-star\" style=\"padding-right: 5px\">\n            \n\n<div class=\"kksr-icon\" style=\"width: 24px; height: 24px;\"><\/div>\n        <\/div>\n            <div class=\"kksr-star\" style=\"padding-right: 5px\">\n            \n\n<div class=\"kksr-icon\" style=\"width: 24px; height: 24px;\"><\/div>\n        <\/div>\n            <div class=\"kksr-star\" style=\"padding-right: 5px\">\n            \n\n<div class=\"kksr-icon\" style=\"width: 24px; height: 24px;\"><\/div>\n        <\/div>\n    <\/div>\n<\/div>\n                \n\n<div class=\"kksr-legend\" style=\"font-size: 19.2px;\">\n            <span class=\"kksr-muted\">Rate this post<\/span>\n    <\/div>\n    <\/div>\n<p>Dans un paysage \u00e9ducatif en constante \u00e9volution, l&rsquo;\u00c9cole Valentin se d\u00e9marque par son approche innovante envers l&rsquo;\u00e9ducation. Avec des m\u00e9thodes p\u00e9dagogiques adaptatives et l&rsquo;int\u00e9gration des technologies modernes, elle vise \u00e0 transformer l&rsquo;exp\u00e9rience d&rsquo;apprentissage des \u00e9l\u00e8ves. En ce d\u00e9but de l&rsquo;ann\u00e9e scolaire 2025, cette \u00e9cole repr\u00e9sente un mod\u00e8le \u00e0 suivre, combinant d\u00e9veloppement personnel et excellence acad\u00e9mique. La vision de l&rsquo;\u00c9cole Valentin ne se limite pas \u00e0 la simple transmission de connaissances, mais engendre une dynamique de participation active des \u00e9l\u00e8ves, des parents et des enseignants. En favorisant ce travail collaboratif, l&rsquo;\u00e9cole promeut un cadre d&rsquo;\u00e9ducation o\u00f9 chacun a son mot \u00e0 dire. D\u00e9couvrons ensemble comment l&rsquo;\u00c9cole Valentin fa\u00e7onne l&rsquo;avenir de l&rsquo;\u00e9ducation pour la g\u00e9n\u00e9ration de demain.<\/p>\n\n<h2 class=\"wp-block-heading\">Les fondements de l&rsquo;innovation \u00e0 l&rsquo;\u00c9cole Valentin<\/h2>\n\n<p>L&rsquo;\u00c9cole Valentin se fonde sur une philosophie \u00e9ducative int\u00e9grative qui place l&rsquo;\u00e9l\u00e8ve au c\u0153ur de son apprentissage. Cette approche repose sur plusieurs piliers essentiels :<\/p>\n\n<ul class=\"wp-block-list\"><li>Une m\u00e9thodologie interactive et dynamique<\/li><li>Un curriculum personnalis\u00e9<\/li><li>L&rsquo;utilisation des technologies modernes<\/li><li>Un environnement d&rsquo;apprentissage collaboratif<\/li><\/ul>\n\n<p>La m\u00e9thodologie interactive est au c\u0153ur de l&rsquo;approche \u00e9ducative de l&rsquo;\u00c9cole Valentin. Les enseignants ne sont pas de simples transmetteurs de savoir, mais des facilitateurs qui encouragent la curiosit\u00e9 et l&rsquo;autonomie des \u00e9l\u00e8ves. Par exemple, des ateliers th\u00e9matiques permettent aux \u00e9l\u00e8ves de choisir des projets qui les int\u00e9ressent, les incitant ainsi \u00e0 explorer et d\u00e9couvrir par eux-m\u00eames.<\/p>\n\n<h3 class=\"wp-block-heading\">Le curriculum personnalis\u00e9<\/h3>\n\n<p>Chaque \u00e9l\u00e8ve est unique, et l&rsquo;\u00c9cole Valentin le sait. C\u2019est pourquoi un curriculum personnalis\u00e9 est propos\u00e9 \u00e0 chaque \u00e9tudiant. Gr\u00e2ce \u00e0 l&rsquo;\u00e9valuation continue, les enseignants peuvent adapter les programmes en fonction des besoins de chacun. Le but est d&rsquo;apporter un soutien aux \u00e9l\u00e8ves en difficult\u00e9, tout en challengeant les plus avanc\u00e9s. Cela garantit \u00e0 tous un niveau d&rsquo;apprentissage optimal.<\/p>\n\n<h3 class=\"wp-block-heading\">L&rsquo;int\u00e9gration de la technologie<\/h3>\n\n<p>En 2025, int\u00e9grer la technologie dans l&rsquo;\u00e9ducation n&rsquo;est plus une option, mais une n\u00e9cessit\u00e9. L&rsquo;\u00c9cole Valentin utilise des outils num\u00e9riques pour enrichir les le\u00e7ons. Utilisation de tablettes, plateformes d&rsquo;apprentissage virtuel et ressources en ligne sont courantes. Les \u00e9l\u00e8ves sont form\u00e9s \u00e0 utiliser ces outils d\u00e8s le plus jeune \u00e2ge, ce qui les pr\u00e9pare \u00e0 un avenir de plus en plus num\u00e9rique.<\/p>\n\n<h3 class=\"wp-block-heading\">Collaboration et engagement<\/h3>\n\n<p>Le dernier pilier, et non des moindres, est l&rsquo;engagement de la communaut\u00e9 \u00e9ducative. L&rsquo;approche collaborative implique non seulement les \u00e9l\u00e8ves et les enseignants, mais \u00e9galement les parents et les acteurs locaux. Des \u00e9v\u00e9nements et des rencontres r\u00e9guli\u00e8res sont organis\u00e9s pour encourager cette communication. C&rsquo;est ainsi qu&rsquo;est n\u00e9e la d\u00e9marche \u00ab\u00a0Notre \u00e9cole, faisons-la ensemble\u00a0\u00bb, qui vise \u00e0 impliquer tous les acteurs dans l&rsquo;\u00e9volution de l&rsquo;\u00e9cole, partant de concertations locales.<\/p>\n\n<figure class=\"wp-block-table\"><table>\n<thead>\n<tr>\n<th>Piliers de l&rsquo;innovation<\/th>\n<th>Exemples d&rsquo;application<\/th>\n<\/tr>\n<\/thead>\n<tbody>\n<tr>\n<td>M\u00e9thodologie interactive<\/td>\n<td>Ateliers th\u00e9matiques et projets \u00e9tudiants<\/td>\n<\/tr>\n<tr>\n<td>Curriculum personnalis\u00e9<\/td>\n<td>\u00c9valuation continue et adaptation des programmes<\/td>\n<\/tr>\n<tr>\n<td>Int\u00e9gration de la technologie<\/td>\n<td>Utilisation de tablettes et plateformes \u00e9ducatives<\/td>\n<\/tr>\n<tr>\n<td>Engagement communautaire<\/td>\n<td>Rencontres entre parents, enseignants et \u00e9l\u00e8ves<\/td>\n<\/tr>\n<\/tbody>\n<\/table><\/figure>\n\n<h2 class=\"wp-block-heading\">Les initiatives concr\u00e8tes pour am\u00e9liorer le bien-\u00eatre des \u00e9l\u00e8ves<\/h2>\n\n<p>Une \u00e9cole r\u00e9ussie est celle o\u00f9 le bien-\u00eatre des \u00e9l\u00e8ves est mis au premier plan. \u00c0 l&rsquo;\u00c9cole Valentin, une s\u00e9rie d&rsquo;initiatives ont \u00e9t\u00e9 mises en place pour garantir non seulement la r\u00e9ussite acad\u00e9mique, mais aussi un environnement sain et \u00e9panouissant.<\/p>\n\n<ul class=\"wp-block-list\"><li>Programmes de sant\u00e9 mentale<\/li><li>Activit\u00e9s sportives diversifi\u00e9es<\/li><li>\u00c9ducation \u00e0 l\u2019\u00e9cologie et aux valeurs citoyennes<\/li><li>Espaces de d\u00e9tente et de cr\u00e9ativit\u00e9<\/li><\/ul>\n\n<h3 class=\"wp-block-heading\">Programmes de sant\u00e9 mentale<\/h3>\n\n<p>Comprendre que la sant\u00e9 mentale est aussi importante que l&rsquo;\u00e9ducation acad\u00e9mique est fondamental. L&rsquo;\u00c9cole Valentin a int\u00e9gr\u00e9 des programmes de sensibilisation sur la sant\u00e9 mentale, o\u00f9 des intervenants form\u00e9s animent des sessions pour les \u00e9l\u00e8ves et le personnel. Ces programmes visent \u00e0 r\u00e9duire le stress, \u00e0 favoriser la gestion des \u00e9motions et \u00e0 construire une culture du dialogue.<\/p>\n\n<h3 class=\"wp-block-heading\">Activit\u00e9s sportives diversifi\u00e9es<\/h3>\n\n<p>Le sport fait \u00e9galement partie int\u00e9grante du quotidien des \u00e9l\u00e8ves \u00e0 l&rsquo;\u00c9cole Valentin. Plut\u00f4t que de se limiter \u00e0 quelques disciplines, l&rsquo;\u00e9cole propose une vari\u00e9t\u00e9 d&rsquo;activit\u00e9s sportives, allant de la danse au yoga en passant par les sports collectifs. Cela permet d&rsquo;encourager non seulement la comp\u00e9tition et l&rsquo;esprit d&rsquo;\u00e9quipe, mais aussi le plaisir d&rsquo;\u00e9voluer dans un cadre physique.<\/p>\n\n<h3 class=\"wp-block-heading\">\u00c9ducation \u00e0 l&rsquo;\u00e9cologie<\/h3>\n\n<p>Conscients des enjeux environnementaux actuels, les \u00e9ducateurs de l&rsquo;\u00c9cole Valentin mettent un point d&rsquo;honneur \u00e0 inclure une \u00e9ducation \u00e9cologique dans le programme. Sensibiliser les \u00e9l\u00e8ves aux enjeux climatiques et les encourager \u00e0 adopter des comportements \u00e9coresponsables est une priorit\u00e9. Cela passe par des projets concrets tels que des jardins partag\u00e9s ou des campagnes de recyclage.<\/p>\n\n<h3 class=\"wp-block-heading\">Espaces de d\u00e9tente et de cr\u00e9ativit\u00e9<\/h3>\n\n<p>Outre les salles de classe traditionnelles, l&rsquo;\u00e9cole a pens\u00e9 \u00e0 des espaces d\u00e9di\u00e9s \u00e0 la cr\u00e9ativit\u00e9 et \u00e0 la d\u00e9tente. Des salles multim\u00e9dia, des coins lecture confortables ou des ateliers d&rsquo;art permettent aux \u00e9l\u00e8ves de s&rsquo;exprimer librement. Ces moments de d\u00e9tente favorisent un meilleur \u00e9quilibre entre le travail et le loisir.<\/p>\n\n<figure class=\"wp-block-table\"><table>\n<thead>\n<tr>\n<th>Initiative<\/th>\n<th>Objectifs<\/th>\n<\/tr>\n<\/thead>\n<tbody>\n<tr>\n<td>Programmes de sant\u00e9 mentale<\/td>\n<td>Favoriser le bien-\u00eatre \u00e9motionnel<\/td>\n<\/tr>\n<tr>\n<td>Activit\u00e9s sportives diversifi\u00e9es<\/td>\n<td>Encourager le sport et le loisir<\/td>\n<\/tr>\n<tr>\n<td>\u00c9ducation \u00e0 l&rsquo;\u00e9cologie<\/td>\n<td>Sensibilisation aux enjeux environnementaux<\/td>\n<\/tr>\n<tr>\n<td>Espaces de d\u00e9tente<\/td>\n<td>Favoriser la cr\u00e9ativit\u00e9 et la relaxation<\/td>\n<\/tr>\n<\/tbody>\n<\/table><\/figure>\n\n<h2 class=\"wp-block-heading\">Les retours des parents et des \u00e9l\u00e8ves sur l&rsquo;\u00c9cole Valentin<\/h2>\n\n<p>Les retours d&rsquo;exp\u00e9rience des parents et des \u00e9l\u00e8ves sont essentiels pour comprendre l&rsquo;impact de l&rsquo;\u00c9cole Valentin. Globalement, les avis recueillis t\u00e9moignent d&rsquo;une satisfaction et d&rsquo;un engagement significatif au sein de la communaut\u00e9 scolaire.<\/p>\n\n<ul class=\"wp-block-list\"><li>97% des parents estiment que la communication avec l&rsquo;\u00e9cole est bonne<\/li><li>85% des \u00e9l\u00e8ves se sentent bien dans leur environnement scolaire<\/li><li>Les parents appr\u00e9cient la diversit\u00e9 des activit\u00e9s propos\u00e9es<\/li><li>75% des \u00e9l\u00e8ves sont motiv\u00e9s par leurs activit\u00e9s \u00e9ducatives<\/li><\/ul>\n\n<h3 class=\"wp-block-heading\">Communication et solitude<\/h3>\n\n<p>Dans un monde o\u00f9 la communication est essentielle, l&rsquo;\u00c9cole Valentin excelle dans ce domaine. Les parents rapportent des \u00e9changes fr\u00e9quents avec les enseignants, que ce soit par le biais de r\u00e9unions, de newsletters ou d&rsquo;applications d\u00e9di\u00e9es. Cela cr\u00e9e un lien fort et une confiance r\u00e9ciproque.<\/p>\n\n<h3 class=\"wp-block-heading\">Le ressenti des \u00e9l\u00e8ves<\/h3>\n\n<p>Les \u00e9l\u00e8ves expriment g\u00e9n\u00e9ralement un sentiment d&rsquo;appartenance. En participant \u00e0 divers projets scolaires, ils t\u00e9moignent d&rsquo;une motivation accrue. Des initiatives telles que des clubs, des sports ou des projets artistiques nourrissent leur cr\u00e9ativit\u00e9 et leur enthousiasme. Par exemple, un \u00e9l\u00e8ve qui a particip\u00e9 \u00e0 un atelier de robotique a d\u00e9clar\u00e9 : \u00ab\u00a0C&rsquo;est g\u00e9nial de cr\u00e9er quelque chose de nos propres mains\u00a0\u00bb.<\/p>\n\n<h3 class=\"wp-block-heading\">Une \u00e9cole tourn\u00e9e vers l&rsquo;avenir<\/h3>\n\n<p>Les retours des parents illustrent \u00e9galement l&rsquo;importance de l&rsquo;\u00e9ducation pour l&rsquo;avenir de leurs enfants. Beaucoup voient en l&rsquo;\u00c9cole Valentin un \u00e9quipement essentiel qui pr\u00e9pare leurs enfants \u00e0 relever les d\u00e9fis du monde moderne. L&rsquo;engagement et l&rsquo;investissement en mati\u00e8re d&rsquo;innovation \u00e9ducative sont valoris\u00e9s.<\/p>\n\n<figure class=\"wp-block-table\"><table>\n<thead>\n<tr>\n<th>Statistiques des retours<\/th>\n<th>Pourcentage<\/th>\n<\/tr>\n<\/thead>\n<tbody>\n<tr>\n<td>Communication parent-enseignant<\/td>\n<td>97%<\/td>\n<\/tr>\n<tr>\n<td>Satisfaction des \u00e9l\u00e8ves<\/td>\n<td>85%<\/td>\n<\/tr>\n<tr>\n<td>Appr\u00e9ciation des activit\u00e9s<\/td>\n<td>82%<\/td>\n<\/tr>\n<tr>\n<td>Motivation scolaire<\/td>\n<td>75%<\/td>\n<\/tr>\n<\/tbody>\n<\/table><\/figure>\n\n<h2 class=\"wp-block-heading\">Les projets d&rsquo;avenir de l&rsquo;\u00c9cole Valentin<\/h2>\n\n<p>Alors que nous entrons dans un nouvel chapitre de l&rsquo;\u00e9ducation, l&rsquo;\u00c9cole Valentin s&rsquo;engage fermement \u00e0 d\u00e9velopper des projets novateurs. Ces initiatives sugg\u00e8rent un avenir prometteur :<\/p>\n\n<ul class=\"wp-block-list\"><li>Cr\u00e9ation de micros\u00e9jours \u00e9ducatifs<\/li><li>D\u00e9veloppement de partenariats avec des entreprises locales<\/li><li>Mise en place de programmes de mentorat<\/li><li>Int\u00e9gration des parents comme co-\u00e9ducateurs<\/li><\/ul>\n\n<h3 class=\"wp-block-heading\">Micros\u00e9jours \u00e9ducatifs<\/h3>\n\n<p>Imagine des s\u00e9jours \u00e9ducatifs organis\u00e9s en milieu naturel qui permettent aux \u00e9l\u00e8ves de vivre des exp\u00e9riences immersives. Ces projets visent \u00e0 sortir les \u00e9l\u00e8ves de leur cadre habituel pour explorer le monde avec un regard neuf. Par exemple, un s\u00e9jour en milieu montagnard pourrait permettre d&rsquo;apprendre sur la biodiversit\u00e9.<\/p>\n\n<h3 class=\"wp-block-heading\">Partenariats locaux<\/h3>\n\n<p>Renforcer les liens avec les entreprises locales est \u00e9galement une priorit\u00e9. Cela permettra aux \u00e9l\u00e8ves d&rsquo;acc\u00e9der \u00e0 des stages ou \u00e0 des formats d&rsquo;apprentissage hybride. Ces interactions r\u00e9elles enrichissent non seulement l&rsquo;exp\u00e9rience des \u00e9l\u00e8ves, mais favorisent \u00e9galement les liens communautaires.<\/p>\n\n<h3 class=\"wp-block-heading\">Programmes de mentorat<\/h3>\n\n<p>Les programmes de mentorat ont pour but de cr\u00e9er des connexions durables entre \u00e9l\u00e8ves et professionnels. Des anciens \u00e9l\u00e8ves peuvent revenir pour partager leurs parcours et inspirer les jeunes g\u00e9n\u00e9rations. Ces rencontres contribuent \u00e0 pr\u00e9parer les \u00e9tudiants \u00e0 des d\u00e9fis concrets qui les attendent dans le futur.<\/p>\n\n<h3 class=\"wp-block-heading\">Int\u00e9gration des parents comme co-\u00e9ducateurs<\/h3>\n\n<p>Impliquer les parents dans le processus \u00e9ducatif est un enjeu majeur. L&rsquo;\u00c9cole Valentin exploitera cette dynamique en les int\u00e9grant dans certaines classes, au-del\u00e0 de simples r\u00e9unions. C\u2019est une v\u00e9ritable co\u00e9ducation qu&rsquo;elle pr\u00f4ne, permettant d\u2019instaurer un \u00e9change riche d\u2019exp\u00e9riences et de savoirs.<\/p>\n\n<figure class=\"wp-block-table\"><table>\n<thead>\n<tr>\n<th>Projets d&rsquo;avenir<\/th>\n<th>Impact attendu<\/th>\n<\/tr>\n<\/thead>\n<tbody>\n<tr>\n<td>Micros\u00e9jours \u00e9ducatifs<\/td>\n<td>Exp\u00e9riences immersives<\/td>\n<\/tr>\n<tr>\n<td>Partenariats locaux<\/td>\n<td>Stages et opportunit\u00e9s<\/td>\n<\/tr>\n<tr>\n<td>Programmes de mentorat<\/td>\n<td>Inspiration et connexion<\/td>\n<\/tr>\n<tr>\n<td>Co-\u00e9ducation avec les parents<\/td>\n<td>Exp\u00e9riences partag\u00e9es<\/td>\n<\/tr>\n<\/tbody>\n<\/table><\/figure>\n\n\n{\u00ab\u00a0@context\u00a0\u00bb:\u00a0\u00bbhttps:\/\/schema.org\u00a0\u00bb,\u00a0\u00bb@type\u00a0\u00bb:\u00a0\u00bbFAQPage\u00a0\u00bb,\u00a0\u00bbmainEntity\u00a0\u00bb:[{\u00ab\u00a0@type\u00a0\u00bb:\u00a0\u00bbQuestion\u00a0\u00bb,\u00a0\u00bbname\u00a0\u00bb:\u00a0\u00bbQuel est le modu00e8le u00e9ducatif de l&rsquo;u00c9cole Valentin ?\u00a0\u00bb,\u00a0\u00bbacceptedAnswer\u00a0\u00bb:{\u00ab\u00a0@type\u00a0\u00bb:\u00a0\u00bbAnswer\u00a0\u00bb,\u00a0\u00bbtext\u00a0\u00bb:\u00a0\u00bbL&rsquo;u00c9cole Valentin promeut un modu00e8le u00e9ducatif innovant basu00e9 sur la mu00e9thodologie interactive, le curriculum personnalisu00e9 et l&rsquo;intu00e9gration des technologies.\u00a0\u00bb}},{\u00ab\u00a0@type\u00a0\u00bb:\u00a0\u00bbQuestion\u00a0\u00bb,\u00a0\u00bbname\u00a0\u00bb:\u00a0\u00bbComment l&rsquo;u00e9cole assure-t-elle le bien-u00eatre des u00e9lu00e8ves ?\u00a0\u00bb,\u00a0\u00bbacceptedAnswer\u00a0\u00bb:{\u00ab\u00a0@type\u00a0\u00bb:\u00a0\u00bbAnswer\u00a0\u00bb,\u00a0\u00bbtext\u00a0\u00bb:\u00a0\u00bbL&rsquo;u00e9cole met en place divers programmes de santu00e9 mentale, activitu00e9s sportives, u00e9ducation u00e0 l&rsquo;u00e9cologie et espaces de du00e9tente.\u00a0\u00bb}},{\u00ab\u00a0@type\u00a0\u00bb:\u00a0\u00bbQuestion\u00a0\u00bb,\u00a0\u00bbname\u00a0\u00bb:\u00a0\u00bbQuelles sont les retours des parents sur l&rsquo;u00c9cole Valentin ?\u00a0\u00bb,\u00a0\u00bbacceptedAnswer\u00a0\u00bb:{\u00ab\u00a0@type\u00a0\u00bb:\u00a0\u00bbAnswer\u00a0\u00bb,\u00a0\u00bbtext\u00a0\u00bb:\u00a0\u00bbLes retours sont majoritairement positifs avec 97% des parents satisfaits de la communication avec l&rsquo;u00e9quipe enseignante.\u00a0\u00bb}},{\u00ab\u00a0@type\u00a0\u00bb:\u00a0\u00bbQuestion\u00a0\u00bb,\u00a0\u00bbname\u00a0\u00bb:\u00a0\u00bbQuels projets d&rsquo;avenir envisage l&rsquo;u00c9cole Valentin ?\u00a0\u00bb,\u00a0\u00bbacceptedAnswer\u00a0\u00bb:{\u00ab\u00a0@type\u00a0\u00bb:\u00a0\u00bbAnswer\u00a0\u00bb,\u00a0\u00bbtext\u00a0\u00bb:\u00a0\u00bbL&rsquo;u00e9cole pru00e9voit la cru00e9ation de microsu00e9jours u00e9ducatifs, le du00e9veloppement de partenariats, des programmes de mentorat et l&rsquo;intu00e9gration des parents comme co-u00e9ducateurs.\u00a0\u00bb}},{\u00ab\u00a0@type\u00a0\u00bb:\u00a0\u00bbQuestion\u00a0\u00bb,\u00a0\u00bbname\u00a0\u00bb:\u00a0\u00bbComment participer u00e0 la du00e9marche \u00ab\u00a0,\u00a0\u00bbacceptedAnswer\u00a0\u00bb:{\u00ab\u00a0@type\u00a0\u00bb:\u00a0\u00bbAnswer\u00a0\u00bb,\u00a0\u00bbtext\u00a0\u00bb:\u00a0\u00bbTout le monde peut s&rsquo;inscrire dans la du00e9marche qui sera pilotu00e9e par le directeur d&rsquo;u00e9cole pour une collaboration enrichissante.\u00a0\u00bb}}]}\n\n<h3>Quel est le mod\u00e8le \u00e9ducatif de l&rsquo;\u00c9cole Valentin ?<\/h3>\n<p>L&rsquo;\u00c9cole Valentin promeut un mod\u00e8le \u00e9ducatif innovant bas\u00e9 sur la m\u00e9thodologie interactive, le curriculum personnalis\u00e9 et l&rsquo;int\u00e9gration des technologies.<\/p>\n<h3>Comment l&rsquo;\u00e9cole assure-t-elle le bien-\u00eatre des \u00e9l\u00e8ves ?<\/h3>\n<p>L&rsquo;\u00e9cole met en place divers programmes de sant\u00e9 mentale, activit\u00e9s sportives, \u00e9ducation \u00e0 l&rsquo;\u00e9cologie et espaces de d\u00e9tente.<\/p>\n<h3>Quelles sont les retours des parents sur l&rsquo;\u00c9cole Valentin ?<\/h3>\n<p>Les retours sont majoritairement positifs avec 97% des parents satisfaits de la communication avec l&rsquo;\u00e9quipe enseignante.<\/p>\n<h3>Quels projets d&rsquo;avenir envisage l&rsquo;\u00c9cole Valentin ?<\/h3>\n<p>L&rsquo;\u00e9cole pr\u00e9voit la cr\u00e9ation de micros\u00e9jours \u00e9ducatifs, le d\u00e9veloppement de partenariats, des programmes de mentorat et l&rsquo;int\u00e9gration des parents comme co-\u00e9ducateurs.<\/p>\n<h3>Comment participer \u00e0 la d\u00e9marche <\/h3>\n<p>Tout le monde peut s&rsquo;inscrire dans la d\u00e9marche qui sera pilot\u00e9e par le directeur d&rsquo;\u00e9cole pour une collaboration enrichissante.<\/p>\n\n","protected":false},"excerpt":{"rendered":"<p>Dans un paysage \u00e9ducatif en constante \u00e9volution, l&rsquo;\u00c9cole Valentin se d\u00e9marque par son approche innovante envers l&rsquo;\u00e9ducation. Avec des m\u00e9thodes p\u00e9dagogiques adaptatives et l&rsquo;int\u00e9gration des technologies modernes, elle vise \u00e0 transformer l&rsquo;exp\u00e9rience d&rsquo;apprentissage des \u00e9l\u00e8ves. En ce d\u00e9but de l&rsquo;ann\u00e9e scolaire 2025, cette \u00e9cole repr\u00e9sente un mod\u00e8le \u00e0 suivre, combinant d\u00e9veloppement personnel et excellence acad\u00e9mique. &#8230; <a title=\"Ecole Valentin : un mod\u00e8le d&rsquo;\u00e9ducation innovant pour 2025\" class=\"read-more\" href=\"https:\/\/www.apres-lecole.fr\/Blog\/ecole-valentin-education-2025\/\" aria-label=\"En savoir plus sur Ecole Valentin : un mod\u00e8le d&rsquo;\u00e9ducation innovant pour 2025\">Lire plus<\/a><\/p>\n","protected":false},"author":7,"featured_media":2514,"comment_status":"open","ping_status":"open","sticky":false,"template":"","format":"standard","meta":{"footnotes":""},"categories":[342],"tags":[1439,1766,1767,1397,1415],"class_list":["post-2515","post","type-post","status-publish","format-standard","has-post-thumbnail","hentry","category-actualites","tag-avenir-de-leducation","tag-ecole-valentin","tag-educateurs-de-demain","tag-education-innovante","tag-modele-educatif"],"yoast_head":"<!-- This site is optimized with the Yoast SEO plugin v27.5 - https:\/\/yoast.com\/product\/yoast-seo-wordpress\/ -->\n<title>\u00c9cole Valentin : L\u2019innovation \u00e9ducative \u00e0 l\u2019horizon 2025<\/title>\n<meta name=\"description\" content=\"D\u00e9couvrez Ecole Valentin, mod\u00e8le d&#039;\u00e9ducation innovant 2025 : p\u00e9dagogies actives, technologies et r\u00e9ussite pour tous les \u00e9l\u00e8ves.\" \/>\n<meta name=\"robots\" content=\"index, follow, max-snippet:-1, max-image-preview:large, max-video-preview:-1\" \/>\n<link rel=\"canonical\" href=\"https:\/\/www.apres-lecole.fr\/Blog\/ecole-valentin-education-2025\/\" \/>\n<meta property=\"og:locale\" content=\"fr_FR\" \/>\n<meta property=\"og:type\" content=\"article\" \/>\n<meta property=\"og:title\" content=\"\u00c9cole Valentin : L\u2019innovation \u00e9ducative \u00e0 l\u2019horizon 2025\" \/>\n<meta property=\"og:description\" content=\"D\u00e9couvrez Ecole Valentin, mod\u00e8le d&#039;\u00e9ducation innovant 2025 : p\u00e9dagogies actives, technologies et r\u00e9ussite pour tous les \u00e9l\u00e8ves.\" \/>\n<meta property=\"og:url\" content=\"https:\/\/www.apres-lecole.fr\/Blog\/ecole-valentin-education-2025\/\" \/>\n<meta property=\"article:published_time\" content=\"2025-10-11T06:36:40+00:00\" \/>\n<meta property=\"og:image\" content=\"https:\/\/www.apres-lecole.fr\/Blog\/wp-content\/uploads\/2025\/10\/Ecole-Valentin-un-modele-deducation-innovant-pour-2025.jpg\" \/>\n\t<meta property=\"og:image:width\" content=\"1344\" \/>\n\t<meta property=\"og:image:height\" content=\"768\" \/>\n\t<meta property=\"og:image:type\" content=\"image\/jpeg\" \/>\n<meta name=\"twitter:card\" content=\"summary_large_image\" \/>\n<meta name=\"twitter:label1\" content=\"\u00c9crit par\" \/>\n\t<meta name=\"twitter:data1\" content=\"\" \/>\n\t<meta name=\"twitter:label2\" content=\"Dur\u00e9e de lecture estim\u00e9e\" \/>\n\t<meta name=\"twitter:data2\" content=\"9 minutes\" \/>\n<script type=\"application\/ld+json\" class=\"yoast-schema-graph\">{\"@context\":\"https:\\\/\\\/schema.org\",\"@graph\":[{\"@type\":\"Article\",\"@id\":\"https:\\\/\\\/www.apres-lecole.fr\\\/Blog\\\/ecole-valentin-education-2025\\\/#article\",\"isPartOf\":{\"@id\":\"https:\\\/\\\/www.apres-lecole.fr\\\/Blog\\\/ecole-valentin-education-2025\\\/\"},\"author\":{\"name\":\"\",\"@id\":\"\"},\"headline\":\"Ecole Valentin : un mod\u00e8le d&rsquo;\u00e9ducation innovant pour 2025\",\"datePublished\":\"2025-10-11T06:36:40+00:00\",\"mainEntityOfPage\":{\"@id\":\"https:\\\/\\\/www.apres-lecole.fr\\\/Blog\\\/ecole-valentin-education-2025\\\/\"},\"wordCount\":1960,\"commentCount\":0,\"image\":{\"@id\":\"https:\\\/\\\/www.apres-lecole.fr\\\/Blog\\\/ecole-valentin-education-2025\\\/#primaryimage\"},\"thumbnailUrl\":\"https:\\\/\\\/www.apres-lecole.fr\\\/Blog\\\/wp-content\\\/uploads\\\/2025\\\/10\\\/Ecole-Valentin-un-modele-deducation-innovant-pour-2025.jpg\",\"keywords\":[\"avenir de l'\u00e9ducation\",\"ecole valentin\",\"\u00e9ducateurs de demain\",\"\u00e9ducation innovante\",\"mod\u00e8le \u00e9ducatif\"],\"articleSection\":[\"Actualit\u00e9s\"],\"inLanguage\":\"fr-FR\",\"potentialAction\":[{\"@type\":\"CommentAction\",\"name\":\"Comment\",\"target\":[\"https:\\\/\\\/www.apres-lecole.fr\\\/Blog\\\/ecole-valentin-education-2025\\\/#respond\"]}]},{\"@type\":\"WebPage\",\"@id\":\"https:\\\/\\\/www.apres-lecole.fr\\\/Blog\\\/ecole-valentin-education-2025\\\/\",\"url\":\"https:\\\/\\\/www.apres-lecole.fr\\\/Blog\\\/ecole-valentin-education-2025\\\/\",\"name\":\"\u00c9cole Valentin : L\u2019innovation \u00e9ducative \u00e0 l\u2019horizon 2025\",\"isPartOf\":{\"@id\":\"https:\\\/\\\/www.apres-lecole.fr\\\/Blog\\\/#website\"},\"primaryImageOfPage\":{\"@id\":\"https:\\\/\\\/www.apres-lecole.fr\\\/Blog\\\/ecole-valentin-education-2025\\\/#primaryimage\"},\"image\":{\"@id\":\"https:\\\/\\\/www.apres-lecole.fr\\\/Blog\\\/ecole-valentin-education-2025\\\/#primaryimage\"},\"thumbnailUrl\":\"https:\\\/\\\/www.apres-lecole.fr\\\/Blog\\\/wp-content\\\/uploads\\\/2025\\\/10\\\/Ecole-Valentin-un-modele-deducation-innovant-pour-2025.jpg\",\"datePublished\":\"2025-10-11T06:36:40+00:00\",\"author\":{\"@id\":\"\"},\"description\":\"D\u00e9couvrez Ecole Valentin, mod\u00e8le d'\u00e9ducation innovant 2025 : p\u00e9dagogies actives, technologies et r\u00e9ussite pour tous les \u00e9l\u00e8ves.\",\"breadcrumb\":{\"@id\":\"https:\\\/\\\/www.apres-lecole.fr\\\/Blog\\\/ecole-valentin-education-2025\\\/#breadcrumb\"},\"inLanguage\":\"fr-FR\",\"potentialAction\":[{\"@type\":\"ReadAction\",\"target\":[\"https:\\\/\\\/www.apres-lecole.fr\\\/Blog\\\/ecole-valentin-education-2025\\\/\"]}]},{\"@type\":\"ImageObject\",\"inLanguage\":\"fr-FR\",\"@id\":\"https:\\\/\\\/www.apres-lecole.fr\\\/Blog\\\/ecole-valentin-education-2025\\\/#primaryimage\",\"url\":\"https:\\\/\\\/www.apres-lecole.fr\\\/Blog\\\/wp-content\\\/uploads\\\/2025\\\/10\\\/Ecole-Valentin-un-modele-deducation-innovant-pour-2025.jpg\",\"contentUrl\":\"https:\\\/\\\/www.apres-lecole.fr\\\/Blog\\\/wp-content\\\/uploads\\\/2025\\\/10\\\/Ecole-Valentin-un-modele-deducation-innovant-pour-2025.jpg\",\"width\":1344,\"height\":768,\"caption\":\"d\u00e9couvrez comment l'ecole valentin r\u00e9volutionne l'\u00e9ducation avec des m\u00e9thodes innovantes et adapt\u00e9es aux enjeux de 2025 pour offrir un apprentissage personnalis\u00e9 et tourn\u00e9 vers l'avenir.\"},{\"@type\":\"BreadcrumbList\",\"@id\":\"https:\\\/\\\/www.apres-lecole.fr\\\/Blog\\\/ecole-valentin-education-2025\\\/#breadcrumb\",\"itemListElement\":[{\"@type\":\"ListItem\",\"position\":1,\"name\":\"Home\",\"item\":\"https:\\\/\\\/www.apres-lecole.fr\\\/Blog\\\/\"},{\"@type\":\"ListItem\",\"position\":2,\"name\":\"Ecole Valentin : un mod\u00e8le d&rsquo;\u00e9ducation innovant pour 2025\"}]},{\"@type\":\"WebSite\",\"@id\":\"https:\\\/\\\/www.apres-lecole.fr\\\/Blog\\\/#website\",\"url\":\"https:\\\/\\\/www.apres-lecole.fr\\\/Blog\\\/\",\"name\":\"\",\"description\":\"M\u00e9dia g\u00e9n\u00e9raliste\",\"potentialAction\":[{\"@type\":\"SearchAction\",\"target\":{\"@type\":\"EntryPoint\",\"urlTemplate\":\"https:\\\/\\\/www.apres-lecole.fr\\\/Blog\\\/?s={search_term_string}\"},\"query-input\":{\"@type\":\"PropertyValueSpecification\",\"valueRequired\":true,\"valueName\":\"search_term_string\"}}],\"inLanguage\":\"fr-FR\"},{\"@type\":\"Person\",\"@id\":\"\",\"url\":\"https:\\\/\\\/www.apres-lecole.fr\\\/Blog\\\/author\\\/\"}]}<\/script>\n<!-- \/ Yoast SEO plugin. -->","yoast_head_json":{"title":"\u00c9cole Valentin : L\u2019innovation \u00e9ducative \u00e0 l\u2019horizon 2025","description":"D\u00e9couvrez Ecole Valentin, mod\u00e8le d'\u00e9ducation innovant 2025 : p\u00e9dagogies actives, technologies et r\u00e9ussite pour tous les \u00e9l\u00e8ves.","robots":{"index":"index","follow":"follow","max-snippet":"max-snippet:-1","max-image-preview":"max-image-preview:large","max-video-preview":"max-video-preview:-1"},"canonical":"https:\/\/www.apres-lecole.fr\/Blog\/ecole-valentin-education-2025\/","og_locale":"fr_FR","og_type":"article","og_title":"\u00c9cole Valentin : L\u2019innovation \u00e9ducative \u00e0 l\u2019horizon 2025","og_description":"D\u00e9couvrez Ecole Valentin, mod\u00e8le d'\u00e9ducation innovant 2025 : p\u00e9dagogies actives, technologies et r\u00e9ussite pour tous les \u00e9l\u00e8ves.","og_url":"https:\/\/www.apres-lecole.fr\/Blog\/ecole-valentin-education-2025\/","article_published_time":"2025-10-11T06:36:40+00:00","og_image":[{"width":1344,"height":768,"url":"https:\/\/www.apres-lecole.fr\/Blog\/wp-content\/uploads\/2025\/10\/Ecole-Valentin-un-modele-deducation-innovant-pour-2025.jpg","type":"image\/jpeg"}],"twitter_card":"summary_large_image","twitter_misc":{"\u00c9crit par":"","Dur\u00e9e de lecture estim\u00e9e":"9 minutes"},"schema":{"@context":"https:\/\/schema.org","@graph":[{"@type":"Article","@id":"https:\/\/www.apres-lecole.fr\/Blog\/ecole-valentin-education-2025\/#article","isPartOf":{"@id":"https:\/\/www.apres-lecole.fr\/Blog\/ecole-valentin-education-2025\/"},"author":{"name":"","@id":""},"headline":"Ecole Valentin : un mod\u00e8le d&rsquo;\u00e9ducation innovant pour 2025","datePublished":"2025-10-11T06:36:40+00:00","mainEntityOfPage":{"@id":"https:\/\/www.apres-lecole.fr\/Blog\/ecole-valentin-education-2025\/"},"wordCount":1960,"commentCount":0,"image":{"@id":"https:\/\/www.apres-lecole.fr\/Blog\/ecole-valentin-education-2025\/#primaryimage"},"thumbnailUrl":"https:\/\/www.apres-lecole.fr\/Blog\/wp-content\/uploads\/2025\/10\/Ecole-Valentin-un-modele-deducation-innovant-pour-2025.jpg","keywords":["avenir de l'\u00e9ducation","ecole valentin","\u00e9ducateurs de demain","\u00e9ducation innovante","mod\u00e8le \u00e9ducatif"],"articleSection":["Actualit\u00e9s"],"inLanguage":"fr-FR","potentialAction":[{"@type":"CommentAction","name":"Comment","target":["https:\/\/www.apres-lecole.fr\/Blog\/ecole-valentin-education-2025\/#respond"]}]},{"@type":"WebPage","@id":"https:\/\/www.apres-lecole.fr\/Blog\/ecole-valentin-education-2025\/","url":"https:\/\/www.apres-lecole.fr\/Blog\/ecole-valentin-education-2025\/","name":"\u00c9cole Valentin : L\u2019innovation \u00e9ducative \u00e0 l\u2019horizon 2025","isPartOf":{"@id":"https:\/\/www.apres-lecole.fr\/Blog\/#website"},"primaryImageOfPage":{"@id":"https:\/\/www.apres-lecole.fr\/Blog\/ecole-valentin-education-2025\/#primaryimage"},"image":{"@id":"https:\/\/www.apres-lecole.fr\/Blog\/ecole-valentin-education-2025\/#primaryimage"},"thumbnailUrl":"https:\/\/www.apres-lecole.fr\/Blog\/wp-content\/uploads\/2025\/10\/Ecole-Valentin-un-modele-deducation-innovant-pour-2025.jpg","datePublished":"2025-10-11T06:36:40+00:00","author":{"@id":""},"description":"D\u00e9couvrez Ecole Valentin, mod\u00e8le d'\u00e9ducation innovant 2025 : p\u00e9dagogies actives, technologies et r\u00e9ussite pour tous les \u00e9l\u00e8ves.","breadcrumb":{"@id":"https:\/\/www.apres-lecole.fr\/Blog\/ecole-valentin-education-2025\/#breadcrumb"},"inLanguage":"fr-FR","potentialAction":[{"@type":"ReadAction","target":["https:\/\/www.apres-lecole.fr\/Blog\/ecole-valentin-education-2025\/"]}]},{"@type":"ImageObject","inLanguage":"fr-FR","@id":"https:\/\/www.apres-lecole.fr\/Blog\/ecole-valentin-education-2025\/#primaryimage","url":"https:\/\/www.apres-lecole.fr\/Blog\/wp-content\/uploads\/2025\/10\/Ecole-Valentin-un-modele-deducation-innovant-pour-2025.jpg","contentUrl":"https:\/\/www.apres-lecole.fr\/Blog\/wp-content\/uploads\/2025\/10\/Ecole-Valentin-un-modele-deducation-innovant-pour-2025.jpg","width":1344,"height":768,"caption":"d\u00e9couvrez comment l'ecole valentin r\u00e9volutionne l'\u00e9ducation avec des m\u00e9thodes innovantes et adapt\u00e9es aux enjeux de 2025 pour offrir un apprentissage personnalis\u00e9 et tourn\u00e9 vers l'avenir."},{"@type":"BreadcrumbList","@id":"https:\/\/www.apres-lecole.fr\/Blog\/ecole-valentin-education-2025\/#breadcrumb","itemListElement":[{"@type":"ListItem","position":1,"name":"Home","item":"https:\/\/www.apres-lecole.fr\/Blog\/"},{"@type":"ListItem","position":2,"name":"Ecole Valentin : un mod\u00e8le d&rsquo;\u00e9ducation innovant pour 2025"}]},{"@type":"WebSite","@id":"https:\/\/www.apres-lecole.fr\/Blog\/#website","url":"https:\/\/www.apres-lecole.fr\/Blog\/","name":"","description":"M\u00e9dia g\u00e9n\u00e9raliste","potentialAction":[{"@type":"SearchAction","target":{"@type":"EntryPoint","urlTemplate":"https:\/\/www.apres-lecole.fr\/Blog\/?s={search_term_string}"},"query-input":{"@type":"PropertyValueSpecification","valueRequired":true,"valueName":"search_term_string"}}],"inLanguage":"fr-FR"},{"@type":"Person","@id":"","url":"https:\/\/www.apres-lecole.fr\/Blog\/author\/"}]}},"views":1,"_links":{"self":[{"href":"https:\/\/www.apres-lecole.fr\/Blog\/wp-json\/wp\/v2\/posts\/2515","targetHints":{"allow":["GET"]}}],"collection":[{"href":"https:\/\/www.apres-lecole.fr\/Blog\/wp-json\/wp\/v2\/posts"}],"about":[{"href":"https:\/\/www.apres-lecole.fr\/Blog\/wp-json\/wp\/v2\/types\/post"}],"author":[{"embeddable":true,"href":"https:\/\/www.apres-lecole.fr\/Blog\/wp-json\/wp\/v2\/users\/7"}],"replies":[{"embeddable":true,"href":"https:\/\/www.apres-lecole.fr\/Blog\/wp-json\/wp\/v2\/comments?post=2515"}],"version-history":[{"count":0,"href":"https:\/\/www.apres-lecole.fr\/Blog\/wp-json\/wp\/v2\/posts\/2515\/revisions"}],"wp:featuredmedia":[{"embeddable":true,"href":"https:\/\/www.apres-lecole.fr\/Blog\/wp-json\/wp\/v2\/media\/2514"}],"wp:attachment":[{"href":"https:\/\/www.apres-lecole.fr\/Blog\/wp-json\/wp\/v2\/media?parent=2515"}],"wp:term":[{"taxonomy":"category","embeddable":true,"href":"https:\/\/www.apres-lecole.fr\/Blog\/wp-json\/wp\/v2\/categories?post=2515"},{"taxonomy":"post_tag","embeddable":true,"href":"https:\/\/www.apres-lecole.fr\/Blog\/wp-json\/wp\/v2\/tags?post=2515"}],"curies":[{"name":"wp","href":"https:\/\/api.w.org\/{rel}","templated":true}]}}