{"id":2507,"date":"2025-10-10T06:33:46","date_gmt":"2025-10-10T06:33:46","guid":{"rendered":"https:\/\/www.apres-lecole.fr\/Blog\/ecole-architecture-strasbourg\/"},"modified":"2025-10-10T06:33:46","modified_gmt":"2025-10-10T06:33:46","slug":"ecole-architecture-strasbourg","status":"publish","type":"post","link":"https:\/\/www.apres-lecole.fr\/Blog\/ecole-architecture-strasbourg\/","title":{"rendered":"D\u00e9couverte de l&rsquo;\u00e9cole d&rsquo;architecture de Strasbourg : un parcours inspirant en 2025"},"content":{"rendered":"\n\n<div class=\"kk-star-ratings kksr-auto kksr-align-left kksr-valign-top\"\n    data-payload='{&quot;align&quot;:&quot;left&quot;,&quot;id&quot;:&quot;2507&quot;,&quot;slug&quot;:&quot;default&quot;,&quot;valign&quot;:&quot;top&quot;,&quot;ignore&quot;:&quot;&quot;,&quot;reference&quot;:&quot;auto&quot;,&quot;class&quot;:&quot;&quot;,&quot;count&quot;:&quot;0&quot;,&quot;legendonly&quot;:&quot;&quot;,&quot;readonly&quot;:&quot;&quot;,&quot;score&quot;:&quot;0&quot;,&quot;starsonly&quot;:&quot;&quot;,&quot;best&quot;:&quot;5&quot;,&quot;gap&quot;:&quot;5&quot;,&quot;greet&quot;:&quot;Rate this post&quot;,&quot;legend&quot;:&quot;0\\\/5 - (0 vote)&quot;,&quot;size&quot;:&quot;24&quot;,&quot;title&quot;:&quot;D\u00e9couverte de l\\u0026#039;\u00e9cole d\\u0026#039;architecture de Strasbourg : un parcours inspirant en 2025&quot;,&quot;width&quot;:&quot;0&quot;,&quot;_legend&quot;:&quot;{score}\\\/{best} - ({count} {votes})&quot;,&quot;font_factor&quot;:&quot;1.25&quot;}'>\n            \n<div class=\"kksr-stars\">\n    \n<div class=\"kksr-stars-inactive\">\n            <div class=\"kksr-star\" data-star=\"1\" style=\"padding-right: 5px\">\n            \n\n<div class=\"kksr-icon\" style=\"width: 24px; height: 24px;\"><\/div>\n        <\/div>\n            <div class=\"kksr-star\" data-star=\"2\" style=\"padding-right: 5px\">\n            \n\n<div class=\"kksr-icon\" style=\"width: 24px; height: 24px;\"><\/div>\n        <\/div>\n            <div class=\"kksr-star\" data-star=\"3\" style=\"padding-right: 5px\">\n            \n\n<div class=\"kksr-icon\" style=\"width: 24px; height: 24px;\"><\/div>\n        <\/div>\n            <div class=\"kksr-star\" data-star=\"4\" style=\"padding-right: 5px\">\n            \n\n<div class=\"kksr-icon\" style=\"width: 24px; height: 24px;\"><\/div>\n        <\/div>\n            <div class=\"kksr-star\" data-star=\"5\" style=\"padding-right: 5px\">\n            \n\n<div class=\"kksr-icon\" style=\"width: 24px; height: 24px;\"><\/div>\n        <\/div>\n    <\/div>\n    \n<div class=\"kksr-stars-active\" style=\"width: 0px;\">\n            <div class=\"kksr-star\" style=\"padding-right: 5px\">\n            \n\n<div class=\"kksr-icon\" style=\"width: 24px; height: 24px;\"><\/div>\n        <\/div>\n            <div class=\"kksr-star\" style=\"padding-right: 5px\">\n            \n\n<div class=\"kksr-icon\" style=\"width: 24px; height: 24px;\"><\/div>\n        <\/div>\n            <div class=\"kksr-star\" style=\"padding-right: 5px\">\n            \n\n<div class=\"kksr-icon\" style=\"width: 24px; height: 24px;\"><\/div>\n        <\/div>\n            <div class=\"kksr-star\" style=\"padding-right: 5px\">\n            \n\n<div class=\"kksr-icon\" style=\"width: 24px; height: 24px;\"><\/div>\n        <\/div>\n            <div class=\"kksr-star\" style=\"padding-right: 5px\">\n            \n\n<div class=\"kksr-icon\" style=\"width: 24px; height: 24px;\"><\/div>\n        <\/div>\n    <\/div>\n<\/div>\n                \n\n<div class=\"kksr-legend\" style=\"font-size: 19.2px;\">\n            <span class=\"kksr-muted\">Rate this post<\/span>\n    <\/div>\n    <\/div>\n<p>Le monde de l&rsquo;architecture est en pleine effervescence, et Strasbourg ne fait pas exception avec son \u00c9cole nationale sup\u00e9rieure d&rsquo;architecture (ENSAS) qui c\u00e9l\u00e8bre un h\u00e9ritage riche et dynamique. En 2025, cette institution embl\u00e9matique s\u2019affirme comme un pilier non seulement au sein de l\u2019architecture fran\u00e7aise, mais aussi sur la sc\u00e8ne internationale. Les \u00e9l\u00e8ves, dynamiques et cr\u00e9atifs, explorent de nouveaux horizons o\u00f9 <strong>les mat\u00e9riaux innovants<\/strong> rencontrent les techniques ancestrales, tissant un lien entre le <strong>patrimoine alsacien<\/strong> et les pratiques contemporaines. Des \u00e9v\u00e9nements comme <strong>Cr\u00e9a&rsquo;City<\/strong> et les <strong>Ateliers Ouverts<\/strong> t\u00e9moignent de l&rsquo;engagement \u00e9ducatif qui \u00e9volue constamment face aux d\u00e9fis du monde moderne. Sur cette terre d&rsquo;architecture, chaque \u00e9tudiant est encourag\u00e9 \u00e0 puiser dans les traditions tout en osant l&rsquo;originalit\u00e9.<\/p>\n\n<h2 class=\"wp-block-heading\">Les fondements de l&rsquo;\u00e9cole d&rsquo;architecture de Strasbourg : histoire et \u00e9volution<\/h2>\n\n<p>Depuis sa cr\u00e9ation en 1921, l\u2019\u00e9cole d\u2019architecture de Strasbourg a su s\u2019adapter aux bouleversements socio-\u00e9conomiques et culturels qui ont fa\u00e7onn\u00e9 le paysage architectural. Avec un cursus distinctif alliant th\u00e9orie et pratique, l&rsquo;ENSAS est devenue une r\u00e9f\u00e9rence. La formation des \u00e9l\u00e8ves, allant du <strong>Dipl\u00f4me d&rsquo;\u00c9tudes en Architecture (DEEA)<\/strong> au master, est ax\u00e9e sur une culture architecturale forte et des processus de conception novateurs. En 2025, le cursus a \u00e9volu\u00e9 pour inclure des th\u00e9matiques sur le <strong>design urbain \u00e0 Strasbourg<\/strong>, pour r\u00e9pondre aux d\u00e9fis contemporains, notamment face \u00e0 la crise climatique.<\/p>\n\n<h3 class=\"wp-block-heading\">Un parcours acad\u00e9mique innovant<\/h3>\n\n<p>Les \u00e9tudiants de l\u2019ENSAS b\u00e9n\u00e9ficient d\u2019un parcours acad\u00e9mique qui marie l\u2019apprentissage des <strong>mat\u00e9riaux innovants<\/strong> avec des projets en collaboration avec des professionnels du secteur. Les formations sont r\u00e9guli\u00e8rement mises \u00e0 jour pour int\u00e9grer <strong>les tendances actuelles<\/strong> de l\u2019architecture, que ce soit \u00e0 travers des conf\u00e9rences ou des ateliers pratiques. <\/p>\n\n<p>Voici quelques points essentiels du curriculum :<\/p>\n\n<ul class=\"wp-block-list\"><li>Int\u00e9gration des nouvelles technologies en architecture \ud83d\udcbb<\/li><li>Ateliers pratiques sur des projets urbains \u00e0 Strasbourg \ud83c\udfd9\ufe0f<\/li><li>Stages en entreprise pour une immersion professionnelle \ud83d\udd0d<\/li><li>Collaboration entre \u00e9tudiants pour favoriser la cr\u00e9ativit\u00e9 collective \ud83e\udd1d<\/li><\/ul>\n\n<p>Les \u00e9tudiants ont aussi acc\u00e8s \u00e0 un riche programme d\u2019\u00e9changes internationaux, renforc\u00e9 par l\u2019ouverture sur l\u2019international qui permet d\u2019explorer diverses \u00e9coles d\u2019architecture dans le monde entier.<\/p>\n\n<h3 class=\"wp-block-heading\">Un lien ind\u00e9fectible avec le patrimoine alsacien<\/h3>\n\n<p>\u00c0 Strasbourg, l&rsquo;\u00e9cole ne se contente pas d&rsquo;\u00eatre un p\u00f4les d&rsquo;\u00e9ducation, elle se positionne \u00e9galement comme un acteur cl\u00e9 dans la pr\u00e9servation du patrimoine architectural r\u00e9gional. En mettant l\u2019accent sur le respect des traditions tout en int\u00e9grant des \u00e9l\u00e9ments modernes, l\u2019ENSAS s\u2019inscrit dans une continuit\u00e9 historique essentielle. Les \u00e9l\u00e8ves apprennent \u00e0 analyser et \u00e0 int\u00e9grer des styles architecturaux vari\u00e9s, du <strong>n\u00e9o-classicisme<\/strong> aux constructions contemporaines, cherchant \u00e0 capturer l&rsquo;essence m\u00eame de l&rsquo;Alsace. <\/p>\n\n<p>Voici quelques exemples de projets qui illustrent ce progr\u00e8s :<\/p>\n\n<figure class=\"wp-block-table\"><table>\n<thead>\n<tr>\n<th><strong>Projet<\/strong><\/th>\n<th><strong>Objectif<\/strong><\/th>\n<th><strong>Impact<\/strong><\/th>\n<\/tr>\n<\/thead>\n<tbody>\n<tr>\n<td>R\u00e9novation de b\u00e2timents historiques \ud83d\udd28<\/td>\n<td>Pr\u00e9server l\u2019architecture locale<\/td>\n<td>Favoriser le tourisme culturel<\/td>\n<\/tr>\n<tr>\n<td>Cr\u00e9ation d\u2019espaces publics modernes \ud83c\udf0d<\/td>\n<td>Renouveler le tissu urbain<\/td>\n<td>Encourager la vie communautaire<\/td>\n<\/tr>\n<tr>\n<td>Expositions interactives sur l&rsquo;architecture r\u00e9gionale \ud83d\uddbc\ufe0f<\/td>\n<td>\u00c9duquer le public<\/td>\n<td>Sensibiliser \u00e0 l\u2019h\u00e9ritage local<\/td>\n<\/tr>\n<\/tbody>\n<\/table><\/figure>\n\n<h2 class=\"wp-block-heading\">Les \u00e9v\u00e9nements marquants de 2025 : une ann\u00e9e charni\u00e8re<\/h2>\n\n<p>L&rsquo;ann\u00e9e 2025 est particuli\u00e8rement riche en \u00e9v\u00e9nements pour l\u2019\u00c9cole nationale sup\u00e9rieure d\u2019architecture de Strasbourg. En parall\u00e8le des traditionnelles expositions, comme celles autour de <strong>l&rsquo;architecture actuelle<\/strong> et le patrimoine, l&rsquo;ENSAS a organis\u00e9 des manifestations participatives telles que les <strong>Ateliers Ouverts<\/strong> qui permettent au public de d\u00e9couvrir le processus cr\u00e9atif des \u00e9tudiants. <\/p>\n\n<p>Des comp\u00e9titions comme le <strong>Prix Jeune Architecte<\/strong> mettent \u00e9galement en avant les talents \u00e9mergents qui aspirent \u00e0 transformer le monde de l\u2019architecture et du design urbain. Ces \u00e9v\u00e9nements offrent un espace de partage et de co-cr\u00e9ation, suscitant des discussions autour des d\u00e9fis contemporains et du r\u00f4le de l&rsquo;architecte dans la soci\u00e9t\u00e9. <\/p>\n\n<p>Voici quelques \u00e9v\u00e9nements phares \u00e0 retenir :<\/p>\n\n<ul class=\"wp-block-list\"><li>Exposition de fin d&rsquo;ann\u00e9e mettant en avant des projets students \ud83c\udf89<\/li><li>Tournoi d&rsquo;architecture durable avec des r\u00e9compenses pour les meilleures id\u00e9es \ud83c\udf31<\/li><li>Panneaux de discussion sur les enjeux de l\u2019environnement et de l\u2019urbanisme \ud83c\udfd8\ufe0f<\/li><li>Journ\u00e9es portes ouvertes pour attirer futurs \u00e9tudiants \ud83c\udf08<\/li><\/ul>\n\n<h2 class=\"wp-block-heading\">Le r\u00f4le de l&rsquo;ENSAS dans la Strasbourg Creative City<\/h2>\n\n<p>En tant que centre d&rsquo;innovation et de cr\u00e9ativit\u00e9, l&rsquo;ENSAS joue un r\u00f4le cl\u00e9 dans le projet ambitieux de <strong>Strasbourg Creative City<\/strong>. Ce dernier vise \u00e0 faire de Strasbourg un hub artistique et culturel en conjuguant tradition et modernit\u00e9. Le rythme effr\u00e9n\u00e9 du d\u00e9veloppement durable s&rsquo;y m\u00eale, avec des projets audacieux qui allient esth\u00e9tique et fonctionnalit\u00e9. Les \u00e9tudiants et enseignants participent \u00e0 des projets de recherche et d&rsquo;exp\u00e9rimentations sur les <strong>mat\u00e9riaux innovants<\/strong>, en visant \u00e0 cr\u00e9er des structures qui minimisent l&rsquo;impact environnemental tout en s\u2019int\u00e9grant harmonieusement dans le paysage alsacien.<\/p>\n\n<p>Diff\u00e9rentes initiatives sont mises en place :<\/p>\n\n<figure class=\"wp-block-table\"><table>\n<thead>\n<tr>\n<th><strong>Initiative<\/strong><\/th>\n<th><strong>Description<\/strong><\/th>\n<th><strong>R\u00e9sultat attendu<\/strong><\/th>\n<\/tr>\n<\/thead>\n<tbody>\n<tr>\n<td>Concours de design \u00e9cologique \ud83c\udf3f<\/td>\n<td>Cr\u00e9er des b\u00e2timents \u00e0 faible consommation \u00e9nerg\u00e9tique<\/td>\n<td>Prototypes r\u00e9alisables pour la ville<\/td>\n<\/tr>\n<tr>\n<td>Co-cr\u00e9ation avec des artistes contemporains \ud83c\udfa8<\/td>\n<td>Fusion entre l\u2019architecture et l\u2019art<\/td>\n<td>Espaces publics r\u00e9invent\u00e9s<\/td>\n<\/tr>\n<tr>\n<td>Programmes d&rsquo;\u00e9ducation pour les \u00e9coles autour du design urbain \ud83d\udcda<\/td>\n<td>Sensibilisation des jeunes \u00e0 l\u2019architecture<\/td>\n<td>Inspirer de futures g\u00e9n\u00e9rations d\u2019architectes<\/td>\n<\/tr>\n<\/tbody>\n<\/table><\/figure>\n\n<h2 class=\"wp-block-heading\">Les perspectives d&rsquo;avenir pour l&rsquo;\u00e9cole d&rsquo;architecture de Strasbourg<\/h2>\n\n<p>Les d\u00e9fis sont nombreux pour l\u2019avenir de l\u2019ENSAS, et l\u2019objectif est clair : innover tout en respectant son histoire et son environnement. L\u2019\u00e9cole aspire \u00e0 se diversifier en proposant des formations qui anticipent les besoins futurs en architecture et en urbanisme, en int\u00e9grant la durabilit\u00e9 au c\u0153ur des projets. <\/p>\n\n<p>Conseiller les futurs \u00e9tudiants et leur faire comprendre les enjeux du m\u00e9tier reste une priorit\u00e9. L&rsquo;\u00e9cole met en avant ses valeurs, qui sont celles de l\u2019engagement, de l\u2019\u00e9thique et du respect de l\u2019environnement, en les int\u00e9grant dans le processus \u00e9ducatif.<\/p>\n\n<p>Les objectifs pour les prochaines ann\u00e9es comprennent :<\/p>\n\n<ul class=\"wp-block-list\"><li>Accentuer le d\u00e9veloppement durable dans les projets \ud83c\udf31<\/li><li>Favoriser les collaborations internationales \ud83e\udd1d<\/li><li>Int\u00e9grer des projets communautaires et de participation citoyenne \ud83d\udcac<\/li><li>Consolider les liens avec les entreprises et le secteur public \ud83d\udd17<\/li><\/ul>\n\n\n{\u00ab\u00a0@context\u00a0\u00bb:\u00a0\u00bbhttps:\/\/schema.org\u00a0\u00bb,\u00a0\u00bb@type\u00a0\u00bb:\u00a0\u00bbFAQPage\u00a0\u00bb,\u00a0\u00bbmainEntity\u00a0\u00bb:[{\u00ab\u00a0@type\u00a0\u00bb:\u00a0\u00bbQuestion\u00a0\u00bb,\u00a0\u00bbname\u00a0\u00bb:\u00a0\u00bbQuels sont les points forts de l&rsquo;ENSAS ?\u00a0\u00bb,\u00a0\u00bbacceptedAnswer\u00a0\u00bb:{\u00ab\u00a0@type\u00a0\u00bb:\u00a0\u00bbAnswer\u00a0\u00bb,\u00a0\u00bbtext\u00a0\u00bb:\u00a0\u00bbL&rsquo;u00e9cole offre une formation innovante qui combine tradition et modernitu00e9, une ouverture sur l&rsquo;international, et un lien fort avec le patrimoine alsacien.\u00a0\u00bb}},{\u00ab\u00a0@type\u00a0\u00bb:\u00a0\u00bbQuestion\u00a0\u00bb,\u00a0\u00bbname\u00a0\u00bb:\u00a0\u00bbComment l&rsquo;ENSAS contribue-t-elle au du00e9veloppement durable ?\u00a0\u00bb,\u00a0\u00bbacceptedAnswer\u00a0\u00bb:{\u00ab\u00a0@type\u00a0\u00bb:\u00a0\u00bbAnswer\u00a0\u00bb,\u00a0\u00bbtext\u00a0\u00bb:\u00a0\u00bbL&rsquo;u00e9cole intu00e8gre des matu00e9riaux innovants et propose des projets qui minimisent l&rsquo;impact environnemental tout en respectant l&rsquo;esthu00e9tique locale.\u00a0\u00bb}},{\u00ab\u00a0@type\u00a0\u00bb:\u00a0\u00bbQuestion\u00a0\u00bb,\u00a0\u00bbname\u00a0\u00bb:\u00a0\u00bbQuels types d&rsquo;u00e9vu00e9nements sont organisu00e9s u00e0 l&rsquo;ENSAS ?\u00a0\u00bb,\u00a0\u00bbacceptedAnswer\u00a0\u00bb:{\u00ab\u00a0@type\u00a0\u00bb:\u00a0\u00bbAnswer\u00a0\u00bb,\u00a0\u00bbtext\u00a0\u00bb:\u00a0\u00bbDes ateliers ouverts, des expositions, des compu00e9titions et des confu00e9rences sont ru00e9guliu00e8rement organisu00e9s pour promouvoir la cru00e9ativitu00e9 des u00e9tudiants et les enjeux contemporains.\u00a0\u00bb}},{\u00ab\u00a0@type\u00a0\u00bb:\u00a0\u00bbQuestion\u00a0\u00bb,\u00a0\u00bbname\u00a0\u00bb:\u00a0\u00bbComment l&rsquo;ENSAS est-elle intu00e9gru00e9e dans la communautu00e9 locale ?\u00a0\u00bb,\u00a0\u00bbacceptedAnswer\u00a0\u00bb:{\u00ab\u00a0@type\u00a0\u00bb:\u00a0\u00bbAnswer\u00a0\u00bb,\u00a0\u00bbtext\u00a0\u00bb:\u00a0\u00bbL&rsquo;u00e9cole collabore avec des acteurs locaux pour amu00e9liorer le cadre urbain et sensibiliser les jeunes u00e0 l&rsquo;architecture et au design.\u00a0\u00bb}},{\u00ab\u00a0@type\u00a0\u00bb:\u00a0\u00bbQuestion\u00a0\u00bb,\u00a0\u00bbname\u00a0\u00bb:\u00a0\u00bbQuels diplu00f4mes peuvent u00eatre obtenus u00e0 l&rsquo;ENSAS ?\u00a0\u00bb,\u00a0\u00bbacceptedAnswer\u00a0\u00bb:{\u00ab\u00a0@type\u00a0\u00bb:\u00a0\u00bbAnswer\u00a0\u00bb,\u00a0\u00bbtext\u00a0\u00bb:\u00a0\u00bbLes u00e9tudiants peuvent obtenir le Diplu00f4me d&rsquo;u00c9tudes en Architecture (DEEA) et suivre un cursus jusqu&rsquo;au master, en passant par des spu00e9cialisations.\u00a0\u00bb}}]}\n\n<h3>Quels sont les points forts de l&rsquo;ENSAS ?<\/h3>\n<p>L&rsquo;\u00e9cole offre une formation innovante qui combine tradition et modernit\u00e9, une ouverture sur l&rsquo;international, et un lien fort avec le patrimoine alsacien.<\/p>\n<h3>Comment l&rsquo;ENSAS contribue-t-elle au d\u00e9veloppement durable ?<\/h3>\n<p>L&rsquo;\u00e9cole int\u00e8gre des mat\u00e9riaux innovants et propose des projets qui minimisent l&rsquo;impact environnemental tout en respectant l&rsquo;esth\u00e9tique locale.<\/p>\n<h3>Quels types d&rsquo;\u00e9v\u00e9nements sont organis\u00e9s \u00e0 l&rsquo;ENSAS ?<\/h3>\n<p>Des ateliers ouverts, des expositions, des comp\u00e9titions et des conf\u00e9rences sont r\u00e9guli\u00e8rement organis\u00e9s pour promouvoir la cr\u00e9ativit\u00e9 des \u00e9tudiants et les enjeux contemporains.<\/p>\n<h3>Comment l&rsquo;ENSAS est-elle int\u00e9gr\u00e9e dans la communaut\u00e9 locale ?<\/h3>\n<p>L&rsquo;\u00e9cole collabore avec des acteurs locaux pour am\u00e9liorer le cadre urbain et sensibiliser les jeunes \u00e0 l&rsquo;architecture et au design.<\/p>\n<h3>Quels dipl\u00f4mes peuvent \u00eatre obtenus \u00e0 l&rsquo;ENSAS ?<\/h3>\n<p>Les \u00e9tudiants peuvent obtenir le Dipl\u00f4me d&rsquo;\u00c9tudes en Architecture (DEEA) et suivre un cursus jusqu&rsquo;au master, en passant par des sp\u00e9cialisations.<\/p>\n\n","protected":false},"excerpt":{"rendered":"<p>Le monde de l&rsquo;architecture est en pleine effervescence, et Strasbourg ne fait pas exception avec son \u00c9cole nationale sup\u00e9rieure d&rsquo;architecture (ENSAS) qui c\u00e9l\u00e8bre un h\u00e9ritage riche et dynamique. En 2025, cette institution embl\u00e9matique s\u2019affirme comme un pilier non seulement au sein de l\u2019architecture fran\u00e7aise, mais aussi sur la sc\u00e8ne internationale. Les \u00e9l\u00e8ves, dynamiques et cr\u00e9atifs, &#8230; <a title=\"D\u00e9couverte de l&rsquo;\u00e9cole d&rsquo;architecture de Strasbourg : un parcours inspirant en 2025\" class=\"read-more\" href=\"https:\/\/www.apres-lecole.fr\/Blog\/ecole-architecture-strasbourg\/\" aria-label=\"En savoir plus sur D\u00e9couverte de l&rsquo;\u00e9cole d&rsquo;architecture de Strasbourg : un parcours inspirant en 2025\">Lire plus<\/a><\/p>\n","protected":false},"author":7,"featured_media":2506,"comment_status":"open","ping_status":"open","sticky":false,"template":"","format":"standard","meta":{"footnotes":""},"categories":[1],"tags":[698,791,972,852],"class_list":["post-2507","post","type-post","status-publish","format-standard","has-post-thumbnail","hentry","category-metiers-entreprise","tag-decouverte","tag-ecole-darchitecture","tag-parcours-inspirant","tag-strasbourg"],"yoast_head":"<!-- This site is optimized with the Yoast SEO plugin v27.5 - https:\/\/yoast.com\/product\/yoast-seo-wordpress\/ -->\n<title>Strasbourg 2025 : Plong\u00e9e Inspirante dans son \u00c9cole d\u2019Architecture<\/title>\n<meta name=\"description\" content=\"Explorez l\u2019\u00e9cole d\u2019architecture de Strasbourg en 2025 : un parcours inspirant, cr\u00e9atif et formateur pour b\u00e2tir votre avenir d\u2019architecte.\" \/>\n<meta name=\"robots\" content=\"index, follow, max-snippet:-1, max-image-preview:large, max-video-preview:-1\" \/>\n<link rel=\"canonical\" href=\"https:\/\/www.apres-lecole.fr\/Blog\/ecole-architecture-strasbourg\/\" \/>\n<meta property=\"og:locale\" content=\"fr_FR\" \/>\n<meta property=\"og:type\" content=\"article\" \/>\n<meta property=\"og:title\" content=\"Strasbourg 2025 : Plong\u00e9e Inspirante dans son \u00c9cole d\u2019Architecture\" \/>\n<meta property=\"og:description\" content=\"Explorez l\u2019\u00e9cole d\u2019architecture de Strasbourg en 2025 : un parcours inspirant, cr\u00e9atif et formateur pour b\u00e2tir votre avenir d\u2019architecte.\" \/>\n<meta property=\"og:url\" content=\"https:\/\/www.apres-lecole.fr\/Blog\/ecole-architecture-strasbourg\/\" \/>\n<meta property=\"article:published_time\" content=\"2025-10-10T06:33:46+00:00\" \/>\n<meta property=\"og:image\" content=\"https:\/\/www.apres-lecole.fr\/Blog\/wp-content\/uploads\/2025\/10\/Decouverte-de-lecole-darchitecture-de-Strasbourg-un-parcours-inspirant-en-2025.jpg\" \/>\n\t<meta property=\"og:image:width\" content=\"1344\" \/>\n\t<meta property=\"og:image:height\" content=\"768\" \/>\n\t<meta property=\"og:image:type\" content=\"image\/jpeg\" \/>\n<meta name=\"twitter:card\" content=\"summary_large_image\" \/>\n<meta name=\"twitter:label1\" content=\"\u00c9crit par\" \/>\n\t<meta name=\"twitter:data1\" content=\"\" \/>\n\t<meta name=\"twitter:label2\" content=\"Dur\u00e9e de lecture estim\u00e9e\" \/>\n\t<meta name=\"twitter:data2\" content=\"7 minutes\" \/>\n<script type=\"application\/ld+json\" class=\"yoast-schema-graph\">{\"@context\":\"https:\\\/\\\/schema.org\",\"@graph\":[{\"@type\":\"Article\",\"@id\":\"https:\\\/\\\/www.apres-lecole.fr\\\/Blog\\\/ecole-architecture-strasbourg\\\/#article\",\"isPartOf\":{\"@id\":\"https:\\\/\\\/www.apres-lecole.fr\\\/Blog\\\/ecole-architecture-strasbourg\\\/\"},\"author\":{\"name\":\"\",\"@id\":\"\"},\"headline\":\"D\u00e9couverte de l&rsquo;\u00e9cole d&rsquo;architecture de Strasbourg : un parcours inspirant en 2025\",\"datePublished\":\"2025-10-10T06:33:46+00:00\",\"mainEntityOfPage\":{\"@id\":\"https:\\\/\\\/www.apres-lecole.fr\\\/Blog\\\/ecole-architecture-strasbourg\\\/\"},\"wordCount\":1482,\"commentCount\":0,\"image\":{\"@id\":\"https:\\\/\\\/www.apres-lecole.fr\\\/Blog\\\/ecole-architecture-strasbourg\\\/#primaryimage\"},\"thumbnailUrl\":\"https:\\\/\\\/www.apres-lecole.fr\\\/Blog\\\/wp-content\\\/uploads\\\/2025\\\/10\\\/Decouverte-de-lecole-darchitecture-de-Strasbourg-un-parcours-inspirant-en-2025.jpg\",\"keywords\":[\"d\u00e9couverte\",\"\u00e9cole d'architecture\",\"parcours inspirant\",\"strasbourg\"],\"articleSection\":[\"M\u00e9tiers &amp; Entreprise\"],\"inLanguage\":\"fr-FR\",\"potentialAction\":[{\"@type\":\"CommentAction\",\"name\":\"Comment\",\"target\":[\"https:\\\/\\\/www.apres-lecole.fr\\\/Blog\\\/ecole-architecture-strasbourg\\\/#respond\"]}]},{\"@type\":\"WebPage\",\"@id\":\"https:\\\/\\\/www.apres-lecole.fr\\\/Blog\\\/ecole-architecture-strasbourg\\\/\",\"url\":\"https:\\\/\\\/www.apres-lecole.fr\\\/Blog\\\/ecole-architecture-strasbourg\\\/\",\"name\":\"Strasbourg 2025 : Plong\u00e9e Inspirante dans son \u00c9cole d\u2019Architecture\",\"isPartOf\":{\"@id\":\"https:\\\/\\\/www.apres-lecole.fr\\\/Blog\\\/#website\"},\"primaryImageOfPage\":{\"@id\":\"https:\\\/\\\/www.apres-lecole.fr\\\/Blog\\\/ecole-architecture-strasbourg\\\/#primaryimage\"},\"image\":{\"@id\":\"https:\\\/\\\/www.apres-lecole.fr\\\/Blog\\\/ecole-architecture-strasbourg\\\/#primaryimage\"},\"thumbnailUrl\":\"https:\\\/\\\/www.apres-lecole.fr\\\/Blog\\\/wp-content\\\/uploads\\\/2025\\\/10\\\/Decouverte-de-lecole-darchitecture-de-Strasbourg-un-parcours-inspirant-en-2025.jpg\",\"datePublished\":\"2025-10-10T06:33:46+00:00\",\"author\":{\"@id\":\"\"},\"description\":\"Explorez l\u2019\u00e9cole d\u2019architecture de Strasbourg en 2025 : un parcours inspirant, cr\u00e9atif et formateur pour b\u00e2tir votre avenir d\u2019architecte.\",\"breadcrumb\":{\"@id\":\"https:\\\/\\\/www.apres-lecole.fr\\\/Blog\\\/ecole-architecture-strasbourg\\\/#breadcrumb\"},\"inLanguage\":\"fr-FR\",\"potentialAction\":[{\"@type\":\"ReadAction\",\"target\":[\"https:\\\/\\\/www.apres-lecole.fr\\\/Blog\\\/ecole-architecture-strasbourg\\\/\"]}]},{\"@type\":\"ImageObject\",\"inLanguage\":\"fr-FR\",\"@id\":\"https:\\\/\\\/www.apres-lecole.fr\\\/Blog\\\/ecole-architecture-strasbourg\\\/#primaryimage\",\"url\":\"https:\\\/\\\/www.apres-lecole.fr\\\/Blog\\\/wp-content\\\/uploads\\\/2025\\\/10\\\/Decouverte-de-lecole-darchitecture-de-Strasbourg-un-parcours-inspirant-en-2025.jpg\",\"contentUrl\":\"https:\\\/\\\/www.apres-lecole.fr\\\/Blog\\\/wp-content\\\/uploads\\\/2025\\\/10\\\/Decouverte-de-lecole-darchitecture-de-Strasbourg-un-parcours-inspirant-en-2025.jpg\",\"width\":1344,\"height\":768,\"caption\":\"explorez l'\u00e9cole d'architecture de strasbourg \u00e0 travers un parcours inspirant en 2025 : formations innovantes, vie \u00e9tudiante dynamique et opportunit\u00e9s professionnelles au c\u0153ur d'une ville embl\u00e9matique.\"},{\"@type\":\"BreadcrumbList\",\"@id\":\"https:\\\/\\\/www.apres-lecole.fr\\\/Blog\\\/ecole-architecture-strasbourg\\\/#breadcrumb\",\"itemListElement\":[{\"@type\":\"ListItem\",\"position\":1,\"name\":\"Home\",\"item\":\"https:\\\/\\\/www.apres-lecole.fr\\\/Blog\\\/\"},{\"@type\":\"ListItem\",\"position\":2,\"name\":\"D\u00e9couverte de l&rsquo;\u00e9cole d&rsquo;architecture de Strasbourg : un parcours inspirant en 2025\"}]},{\"@type\":\"WebSite\",\"@id\":\"https:\\\/\\\/www.apres-lecole.fr\\\/Blog\\\/#website\",\"url\":\"https:\\\/\\\/www.apres-lecole.fr\\\/Blog\\\/\",\"name\":\"\",\"description\":\"M\u00e9dia g\u00e9n\u00e9raliste\",\"potentialAction\":[{\"@type\":\"SearchAction\",\"target\":{\"@type\":\"EntryPoint\",\"urlTemplate\":\"https:\\\/\\\/www.apres-lecole.fr\\\/Blog\\\/?s={search_term_string}\"},\"query-input\":{\"@type\":\"PropertyValueSpecification\",\"valueRequired\":true,\"valueName\":\"search_term_string\"}}],\"inLanguage\":\"fr-FR\"},{\"@type\":\"Person\",\"@id\":\"\",\"url\":\"https:\\\/\\\/www.apres-lecole.fr\\\/Blog\\\/author\\\/\"}]}<\/script>\n<!-- \/ Yoast SEO plugin. -->","yoast_head_json":{"title":"Strasbourg 2025 : Plong\u00e9e Inspirante dans son \u00c9cole d\u2019Architecture","description":"Explorez l\u2019\u00e9cole d\u2019architecture de Strasbourg en 2025 : un parcours inspirant, cr\u00e9atif et formateur pour b\u00e2tir votre avenir d\u2019architecte.","robots":{"index":"index","follow":"follow","max-snippet":"max-snippet:-1","max-image-preview":"max-image-preview:large","max-video-preview":"max-video-preview:-1"},"canonical":"https:\/\/www.apres-lecole.fr\/Blog\/ecole-architecture-strasbourg\/","og_locale":"fr_FR","og_type":"article","og_title":"Strasbourg 2025 : Plong\u00e9e Inspirante dans son \u00c9cole d\u2019Architecture","og_description":"Explorez l\u2019\u00e9cole d\u2019architecture de Strasbourg en 2025 : un parcours inspirant, cr\u00e9atif et formateur pour b\u00e2tir votre avenir d\u2019architecte.","og_url":"https:\/\/www.apres-lecole.fr\/Blog\/ecole-architecture-strasbourg\/","article_published_time":"2025-10-10T06:33:46+00:00","og_image":[{"width":1344,"height":768,"url":"https:\/\/www.apres-lecole.fr\/Blog\/wp-content\/uploads\/2025\/10\/Decouverte-de-lecole-darchitecture-de-Strasbourg-un-parcours-inspirant-en-2025.jpg","type":"image\/jpeg"}],"twitter_card":"summary_large_image","twitter_misc":{"\u00c9crit par":"","Dur\u00e9e de lecture estim\u00e9e":"7 minutes"},"schema":{"@context":"https:\/\/schema.org","@graph":[{"@type":"Article","@id":"https:\/\/www.apres-lecole.fr\/Blog\/ecole-architecture-strasbourg\/#article","isPartOf":{"@id":"https:\/\/www.apres-lecole.fr\/Blog\/ecole-architecture-strasbourg\/"},"author":{"name":"","@id":""},"headline":"D\u00e9couverte de l&rsquo;\u00e9cole d&rsquo;architecture de Strasbourg : un parcours inspirant en 2025","datePublished":"2025-10-10T06:33:46+00:00","mainEntityOfPage":{"@id":"https:\/\/www.apres-lecole.fr\/Blog\/ecole-architecture-strasbourg\/"},"wordCount":1482,"commentCount":0,"image":{"@id":"https:\/\/www.apres-lecole.fr\/Blog\/ecole-architecture-strasbourg\/#primaryimage"},"thumbnailUrl":"https:\/\/www.apres-lecole.fr\/Blog\/wp-content\/uploads\/2025\/10\/Decouverte-de-lecole-darchitecture-de-Strasbourg-un-parcours-inspirant-en-2025.jpg","keywords":["d\u00e9couverte","\u00e9cole d'architecture","parcours inspirant","strasbourg"],"articleSection":["M\u00e9tiers &amp; Entreprise"],"inLanguage":"fr-FR","potentialAction":[{"@type":"CommentAction","name":"Comment","target":["https:\/\/www.apres-lecole.fr\/Blog\/ecole-architecture-strasbourg\/#respond"]}]},{"@type":"WebPage","@id":"https:\/\/www.apres-lecole.fr\/Blog\/ecole-architecture-strasbourg\/","url":"https:\/\/www.apres-lecole.fr\/Blog\/ecole-architecture-strasbourg\/","name":"Strasbourg 2025 : Plong\u00e9e Inspirante dans son \u00c9cole d\u2019Architecture","isPartOf":{"@id":"https:\/\/www.apres-lecole.fr\/Blog\/#website"},"primaryImageOfPage":{"@id":"https:\/\/www.apres-lecole.fr\/Blog\/ecole-architecture-strasbourg\/#primaryimage"},"image":{"@id":"https:\/\/www.apres-lecole.fr\/Blog\/ecole-architecture-strasbourg\/#primaryimage"},"thumbnailUrl":"https:\/\/www.apres-lecole.fr\/Blog\/wp-content\/uploads\/2025\/10\/Decouverte-de-lecole-darchitecture-de-Strasbourg-un-parcours-inspirant-en-2025.jpg","datePublished":"2025-10-10T06:33:46+00:00","author":{"@id":""},"description":"Explorez l\u2019\u00e9cole d\u2019architecture de Strasbourg en 2025 : un parcours inspirant, cr\u00e9atif et formateur pour b\u00e2tir votre avenir d\u2019architecte.","breadcrumb":{"@id":"https:\/\/www.apres-lecole.fr\/Blog\/ecole-architecture-strasbourg\/#breadcrumb"},"inLanguage":"fr-FR","potentialAction":[{"@type":"ReadAction","target":["https:\/\/www.apres-lecole.fr\/Blog\/ecole-architecture-strasbourg\/"]}]},{"@type":"ImageObject","inLanguage":"fr-FR","@id":"https:\/\/www.apres-lecole.fr\/Blog\/ecole-architecture-strasbourg\/#primaryimage","url":"https:\/\/www.apres-lecole.fr\/Blog\/wp-content\/uploads\/2025\/10\/Decouverte-de-lecole-darchitecture-de-Strasbourg-un-parcours-inspirant-en-2025.jpg","contentUrl":"https:\/\/www.apres-lecole.fr\/Blog\/wp-content\/uploads\/2025\/10\/Decouverte-de-lecole-darchitecture-de-Strasbourg-un-parcours-inspirant-en-2025.jpg","width":1344,"height":768,"caption":"explorez l'\u00e9cole d'architecture de strasbourg \u00e0 travers un parcours inspirant en 2025 : formations innovantes, vie \u00e9tudiante dynamique et opportunit\u00e9s professionnelles au c\u0153ur d'une ville embl\u00e9matique."},{"@type":"BreadcrumbList","@id":"https:\/\/www.apres-lecole.fr\/Blog\/ecole-architecture-strasbourg\/#breadcrumb","itemListElement":[{"@type":"ListItem","position":1,"name":"Home","item":"https:\/\/www.apres-lecole.fr\/Blog\/"},{"@type":"ListItem","position":2,"name":"D\u00e9couverte de l&rsquo;\u00e9cole d&rsquo;architecture de Strasbourg : un parcours inspirant en 2025"}]},{"@type":"WebSite","@id":"https:\/\/www.apres-lecole.fr\/Blog\/#website","url":"https:\/\/www.apres-lecole.fr\/Blog\/","name":"","description":"M\u00e9dia g\u00e9n\u00e9raliste","potentialAction":[{"@type":"SearchAction","target":{"@type":"EntryPoint","urlTemplate":"https:\/\/www.apres-lecole.fr\/Blog\/?s={search_term_string}"},"query-input":{"@type":"PropertyValueSpecification","valueRequired":true,"valueName":"search_term_string"}}],"inLanguage":"fr-FR"},{"@type":"Person","@id":"","url":"https:\/\/www.apres-lecole.fr\/Blog\/author\/"}]}},"views":7,"_links":{"self":[{"href":"https:\/\/www.apres-lecole.fr\/Blog\/wp-json\/wp\/v2\/posts\/2507","targetHints":{"allow":["GET"]}}],"collection":[{"href":"https:\/\/www.apres-lecole.fr\/Blog\/wp-json\/wp\/v2\/posts"}],"about":[{"href":"https:\/\/www.apres-lecole.fr\/Blog\/wp-json\/wp\/v2\/types\/post"}],"author":[{"embeddable":true,"href":"https:\/\/www.apres-lecole.fr\/Blog\/wp-json\/wp\/v2\/users\/7"}],"replies":[{"embeddable":true,"href":"https:\/\/www.apres-lecole.fr\/Blog\/wp-json\/wp\/v2\/comments?post=2507"}],"version-history":[{"count":0,"href":"https:\/\/www.apres-lecole.fr\/Blog\/wp-json\/wp\/v2\/posts\/2507\/revisions"}],"wp:featuredmedia":[{"embeddable":true,"href":"https:\/\/www.apres-lecole.fr\/Blog\/wp-json\/wp\/v2\/media\/2506"}],"wp:attachment":[{"href":"https:\/\/www.apres-lecole.fr\/Blog\/wp-json\/wp\/v2\/media?parent=2507"}],"wp:term":[{"taxonomy":"category","embeddable":true,"href":"https:\/\/www.apres-lecole.fr\/Blog\/wp-json\/wp\/v2\/categories?post=2507"},{"taxonomy":"post_tag","embeddable":true,"href":"https:\/\/www.apres-lecole.fr\/Blog\/wp-json\/wp\/v2\/tags?post=2507"}],"curies":[{"name":"wp","href":"https:\/\/api.w.org\/{rel}","templated":true}]}}