{"id":2484,"date":"2025-10-06T06:39:48","date_gmt":"2025-10-06T06:39:48","guid":{"rendered":"https:\/\/www.apres-lecole.fr\/Blog\/ecole-freinet-modele-2025\/"},"modified":"2025-10-06T06:39:48","modified_gmt":"2025-10-06T06:39:48","slug":"ecole-freinet-modele-2025","status":"publish","type":"post","link":"https:\/\/www.apres-lecole.fr\/Blog\/ecole-freinet-modele-2025\/","title":{"rendered":"L&rsquo;\u00e9cole Freinet : un mod\u00e8le p\u00e9dagogique innovant pour 2025"},"content":{"rendered":"\n\n<div class=\"kk-star-ratings kksr-auto kksr-align-left kksr-valign-top\"\n    data-payload='{&quot;align&quot;:&quot;left&quot;,&quot;id&quot;:&quot;2484&quot;,&quot;slug&quot;:&quot;default&quot;,&quot;valign&quot;:&quot;top&quot;,&quot;ignore&quot;:&quot;&quot;,&quot;reference&quot;:&quot;auto&quot;,&quot;class&quot;:&quot;&quot;,&quot;count&quot;:&quot;0&quot;,&quot;legendonly&quot;:&quot;&quot;,&quot;readonly&quot;:&quot;&quot;,&quot;score&quot;:&quot;0&quot;,&quot;starsonly&quot;:&quot;&quot;,&quot;best&quot;:&quot;5&quot;,&quot;gap&quot;:&quot;5&quot;,&quot;greet&quot;:&quot;Rate this post&quot;,&quot;legend&quot;:&quot;0\\\/5 - (0 vote)&quot;,&quot;size&quot;:&quot;24&quot;,&quot;title&quot;:&quot;L\\u0026#039;\u00e9cole Freinet : un mod\u00e8le p\u00e9dagogique innovant pour 2025&quot;,&quot;width&quot;:&quot;0&quot;,&quot;_legend&quot;:&quot;{score}\\\/{best} - ({count} {votes})&quot;,&quot;font_factor&quot;:&quot;1.25&quot;}'>\n            \n<div class=\"kksr-stars\">\n    \n<div class=\"kksr-stars-inactive\">\n            <div class=\"kksr-star\" data-star=\"1\" style=\"padding-right: 5px\">\n            \n\n<div class=\"kksr-icon\" style=\"width: 24px; height: 24px;\"><\/div>\n        <\/div>\n            <div class=\"kksr-star\" data-star=\"2\" style=\"padding-right: 5px\">\n            \n\n<div class=\"kksr-icon\" style=\"width: 24px; height: 24px;\"><\/div>\n        <\/div>\n            <div class=\"kksr-star\" data-star=\"3\" style=\"padding-right: 5px\">\n            \n\n<div class=\"kksr-icon\" style=\"width: 24px; height: 24px;\"><\/div>\n        <\/div>\n            <div class=\"kksr-star\" data-star=\"4\" style=\"padding-right: 5px\">\n            \n\n<div class=\"kksr-icon\" style=\"width: 24px; height: 24px;\"><\/div>\n        <\/div>\n            <div class=\"kksr-star\" data-star=\"5\" style=\"padding-right: 5px\">\n            \n\n<div class=\"kksr-icon\" style=\"width: 24px; height: 24px;\"><\/div>\n        <\/div>\n    <\/div>\n    \n<div class=\"kksr-stars-active\" style=\"width: 0px;\">\n            <div class=\"kksr-star\" style=\"padding-right: 5px\">\n            \n\n<div class=\"kksr-icon\" style=\"width: 24px; height: 24px;\"><\/div>\n        <\/div>\n            <div class=\"kksr-star\" style=\"padding-right: 5px\">\n            \n\n<div class=\"kksr-icon\" style=\"width: 24px; height: 24px;\"><\/div>\n        <\/div>\n            <div class=\"kksr-star\" style=\"padding-right: 5px\">\n            \n\n<div class=\"kksr-icon\" style=\"width: 24px; height: 24px;\"><\/div>\n        <\/div>\n            <div class=\"kksr-star\" style=\"padding-right: 5px\">\n            \n\n<div class=\"kksr-icon\" style=\"width: 24px; height: 24px;\"><\/div>\n        <\/div>\n            <div class=\"kksr-star\" style=\"padding-right: 5px\">\n            \n\n<div class=\"kksr-icon\" style=\"width: 24px; height: 24px;\"><\/div>\n        <\/div>\n    <\/div>\n<\/div>\n                \n\n<div class=\"kksr-legend\" style=\"font-size: 19.2px;\">\n            <span class=\"kksr-muted\">Rate this post<\/span>\n    <\/div>\n    <\/div>\n<p>Changer d&rsquo;air \u00e0 l\u2019\u00e9cole, c\u2019est possible gr\u00e2ce \u00e0 une m\u00e9thode \u00e9ducative qui souffle un vent de fra\u00eecheur depuis plus d\u2019un si\u00e8cle : la p\u00e9dagogie Freinet. Con\u00e7ue autour de la <strong>libert\u00e9 de l\u2019enfant<\/strong>, l\u2019exp\u00e9rimentation et la coop\u00e9ration, cette approche invite \u00e0 all\u00e9ger non seulement le poids des cartables mais aussi celui des pr\u00e9jug\u00e9s sur ce qu\u2019est \u00ab bien apprendre \u00bb. Pas de notes fig\u00e9es ni de le\u00e7ons r\u00e9cit\u00e9es comme des mantras, mais un apprentissage vivant, qui se construit dans le t\u00e2tonnement, la parole libre et l\u2019entraide. Parents, enseignants et \u00e9l\u00e8ves en qu\u00eate d\u2019un quotidien scolaire plus joyeux et confiant se tournent de plus en plus vers cette m\u00e9thode qui red\u00e9finit les r\u00e8gles du jeu \u00e9ducatif.<\/p>\n\n<p>La p\u00e9dagogie Freinet s\u2019affirme aujourd\u2019hui comme une des r\u00e9ponses modernes aux d\u00e9fis scolaires : motiver les enfants, cultiver leur autonomie, encourager la cr\u00e9ativit\u00e9 et faire de l\u2019\u00e9cole un lieu o\u00f9 chacun trouve sa place et sa voix. Pour qui cherche \u00e0 comprendre autrement cette m\u00e9thode, il importe de plonger dans ses principes, sa riche histoire et surtout ses pratiques concr\u00e8tes, que ce soit dans la classe ou \u00e0 la maison. Voil\u00e0 un voyage captivant dans une p\u00e9dagogie qui a su traverser les \u00e9poques.<\/p>\n\n<ul class=\"wp-block-list\"><li>Comprendre les principes fondamentaux de la p\u00e9dagogie Freinet pour apprendre autrement<\/li><li>Un regard historique : les racines inspirantes de la p\u00e9dagogie Freinet<\/li><li>L\u2019apprentissage par l\u2019exp\u00e9rimentation et l\u2019expression libre : deux moteurs essentiels<\/li><li>Appliquer la p\u00e9dagogie Freinet \u00e0 la maison et dans la vie quotidienne<\/li><li>Coop\u00e9ration et vie de classe : faire grandir un collectif joyeux et responsable<\/li><\/ul>\n\n<h2 class=\"wp-block-heading\">Comprendre les principes fondamentaux de la p\u00e9dagogie Freinet pour apprendre autrement<\/h2>\n\n<p>Au c\u0153ur de l\u2019ICEM-P\u00e9dagogie Freinet, l\u2019enfant n\u2019est plus un simple r\u00e9ceptacle passif de savoirs, mais un acteur engag\u00e9 de sa propre d\u00e9couverte du monde. La m\u00e9thode repose sur une s\u00e9rie de piliers essentiels qui visent \u00e0 lib\u00e9rer le potentiel de chaque \u00e9l\u00e8ve tout en favorisant le vivre-ensemble.<\/p>\n\n<figure class=\"wp-block-table\"><table>\n<thead>\n<tr>\n<th>Principe cl\u00e9<\/th>\n<th>Effet attendu chez l\u2019enfant<\/th>\n<th>Exemple d\u2019application concr\u00e8te<\/th>\n<\/tr>\n<\/thead>\n<tbody>\n<tr>\n<td><strong>Expression libre<\/strong><\/td>\n<td>Confiance en soi et cr\u00e9ativit\u00e9<\/td>\n<td>\u00c9criture de textes libres, cr\u00e9ation de cahiers de vie<\/td>\n<\/tr>\n<tr>\n<td><strong>Coop\u00e9ration<\/strong><\/td>\n<td>Esprit d\u2019\u00e9quipe, respect des autres<\/td>\n<td>Conseil de classe, projets collectifs<\/td>\n<\/tr>\n<tr>\n<td><strong>T\u00e2tonnement exp\u00e9rimental<\/strong><\/td>\n<td>Autonomie et sens critique<\/td>\n<td>Ateliers scientifiques, jardin scolaire<\/td>\n<\/tr>\n<tr>\n<td><strong>Respect de l\u2019enfant<\/strong><\/td>\n<td>\u00c9panouissement personnel<\/td>\n<td>Accueil chaleureux et adaptation aux rythmes individuels<\/td>\n<\/tr>\n<tr>\n<td><strong>Apprentissage par l\u2019erreur<\/strong><\/td>\n<td>Go\u00fbt d\u2019apprendre, pers\u00e9v\u00e9rance<\/td>\n<td>Encouragements \u00e0 l\u2019auto-correction et d\u00e9bats autour des erreurs<\/td>\n<\/tr>\n<\/tbody>\n<\/table><\/figure>\n\n<p>Imagine une classe o\u00f9 Zo\u00e9, une \u00e9l\u00e8ve pleine de cr\u00e9ativit\u00e9, propose de fabriquer un bocal \u00e0 \u00e9motions. Ce n\u2019est pas juste un bricolage : c\u2019est un moment o\u00f9 s\u2019entrem\u00ealent expression, coop\u00e9ration, et apprentissage d\u2019une intelligence \u00e9motionnelle qui fera d\u2019elle une citoyenne \u00e0 part enti\u00e8re.<\/p>\n\n<h2 class=\"wp-block-heading\">Un regard historique : les racines inspirantes de la p\u00e9dagogie Freinet<\/h2>\n\n<p>La m\u00e9thode Freinet \u00e9merge au d\u00e9but du XXe si\u00e8cle en France rurale, port\u00e9e par l\u2019instituteur C\u00e9lestin Freinet. Ce dernier remet en cause les m\u00e9thodes scolaires traditionnelles rigides, en pr\u00e9f\u00e9rant mettre la parole des enfants au c\u0153ur de l\u2019\u00e9ducation. Freinet ne se contente pas d\u2019adopter des m\u00e9thodes novatrices ; il cr\u00e9e \u00e9galement les <strong>\u00c9ditions ICEM<\/strong>, qui diffuseront des mat\u00e9riaux p\u00e9dagogiques con\u00e7us par et pour les enfants.<\/p>\n\n<p>L\u2019\u00c9cole Moderne, concept cher \u00e0 Freinet, d\u00e9fend la participation active de tous les \u00e9l\u00e8ves \u00e0 la vie de la classe. La coop\u00e9rative de l\u2019Enseignement La\u00efc engage \u00e9l\u00e8ves et enseignants dans une dynamique collective forte. Ainsi, m\u00eame aujourd\u2019hui, le Mouvement Freinet International continue de faire vivre cet h\u00e9ritage dans de nombreux pays, \u00e0 travers des projets p\u00e9dagogiques innovants.<\/p>\n\n<ul class=\"wp-block-list\"><li>Elle propose des <strong>ateliers d\u2019\u00e9criture<\/strong> et des <strong>correspondances scolaires<\/strong> avec d\u2019autres classes.<\/li><li>Elle incite \u00e0 des <strong>projets artistiques<\/strong> port\u00e9s par les enfants pour valoriser leur cr\u00e9ativit\u00e9.<\/li><li>Le r\u00e9seau actif d\u2019\u00e9changes et de formation permet une transmission constante des savoirs et savoir-faire.<\/li><\/ul>\n\n<h2 class=\"wp-block-heading\">L\u2019apprentissage par l\u2019exp\u00e9rimentation et l\u2019expression libre : deux moteurs essentiels<\/h2>\n\n<p>Chez Freinet, le mod\u00e8le d\u2019apprentissage repose sur un moteur puissant : le <strong>t\u00e2tonnement exp\u00e9rimental<\/strong>. L\u2019enfant, plut\u00f4t que d\u2019\u00eatre jug\u00e9 sur des r\u00e9ponses parfaites, est encourag\u00e9 \u00e0 chercher, essayer, rater et recommencer. L\u2019\u00e9cole devient alors un v\u00e9ritable laboratoire d\u2019id\u00e9es.<\/p>\n\n<figure class=\"wp-block-table\"><table>\n<thead>\n<tr>\n<th>Type d\u2019exp\u00e9rimentation<\/th>\n<th>Objectif p\u00e9dagogique<\/th>\n<th>R\u00e9sultat attendu<\/th>\n<\/tr>\n<\/thead>\n<tbody>\n<tr>\n<td><strong>Atelier scientifique<\/strong><\/td>\n<td>D\u00e9velopper l\u2019esprit critique et l\u2019observation<\/td>\n<td>Formulation d\u2019hypoth\u00e8ses, prise de notes, discussions<\/td>\n<\/tr>\n<tr>\n<td><strong>Texte libre<\/strong><\/td>\n<td>Favoriser la cr\u00e9ativit\u00e9 et l\u2019expression personnelle<\/td>\n<td>R\u00e9daction de r\u00e9cits, po\u00e8mes, chansons<\/td>\n<\/tr>\n<tr>\n<td><strong>D\u00e9bat d\u2019\u00e9l\u00e8ves<\/strong><\/td>\n<td>Apprendre \u00e0 argumenter et respecter l\u2019opinion d\u2019autrui<\/td>\n<td>Comp\u00e9tences oratoires et d\u2019\u00e9coute active<\/td>\n<\/tr>\n<tr>\n<td><strong>Projet jardin<\/strong><\/td>\n<td>Sensibiliser au respect de l\u2019environnement<\/td>\n<td>Observation du vivant, prise en charge collective<\/td>\n<\/tr>\n<\/tbody>\n<\/table><\/figure>\n\n<p>Lors d&rsquo;une s\u00e9ance sur les volcans, par exemple, un enfant peut rater la coul\u00e9e \u00ab\u00a0de lave\u00a0\u00bb en p\u00e2te \u00e0 sel, provoquant des \u00e9clats de rire et une discussion constructive sur la chimie. Cet \u00e9change ludique s\u2019av\u00e8re bien plus riche qu\u2019un cours th\u00e9orique.<\/p>\n\n<h2 class=\"wp-block-heading\">Appliquer la p\u00e9dagogie Freinet \u00e0 la maison et dans la vie quotidienne<\/h2>\n\n<p>La p\u00e9dagogie Freinet peut facilement s&rsquo;inviter dans nos vies familiales. Pas besoin de r\u00e9organiser son foyer, quelques gestes simples peuvent insuffler l\u2019esprit d\u2019exp\u00e9rimentation, d\u2019expression libre et d\u2019autonomie chez les enfants.<\/p>\n\n<ul class=\"wp-block-list\"><li>Installer un <strong>coin exploration<\/strong> avec des objets \u00e0 examiner, des loupes, des cailloux ou des feuilles.<\/li><li>Lancer un <strong>journal familial<\/strong> o\u00f9 chacun peut dessiner, \u00e9crire ses pens\u00e9es ou m\u00eame inventer des blagues et histoires.<\/li><li>Organiser p\u00e9riodiquement une <strong>exposition des \u0153uvres<\/strong> des enfants : dessins, po\u00e8mes, petites cr\u00e9ations manuelles.<\/li><li>Garder du mat\u00e9riel cr\u00e9atif accessible en permanence pour encourager les id\u00e9es les plus originales.<\/li><\/ul>\n\n<figure class=\"wp-block-table\"><table>\n<thead>\n<tr>\n<th>Activit\u00e9 \u00e0 la maison<\/th>\n<th>Comp\u00e9tence d\u00e9velopp\u00e9e<\/th>\n<th>Avantage pour la famille<\/th>\n<\/tr>\n<\/thead>\n<tbody>\n<tr>\n<td><strong>Coin exploration<\/strong><\/td>\n<td>Curiosit\u00e9, observation<\/td>\n<td>Moments de d\u00e9couverte partag\u00e9e<\/td>\n<\/tr>\n<tr>\n<td><strong>Journal familial<\/strong><\/td>\n<td>Expression orale et \u00e9crite<\/td>\n<td>Renforcement des liens familiaux<\/td>\n<\/tr>\n<tr>\n<td><strong>Expo des dessins<\/strong><\/td>\n<td>Estime de soi<\/td>\n<td>Valorisation des talents de chacun<\/td>\n<\/tr>\n<tr>\n<td><strong>Mat\u00e9riel cr\u00e9atif accessible<\/strong><\/td>\n<td>Cr\u00e9ativit\u00e9, libert\u00e9<\/td>\n<td>Stimulation continue, moments ludiques<\/td>\n<\/tr>\n<\/tbody>\n<\/table><\/figure>\n\n<h2 class=\"wp-block-heading\">Coop\u00e9ration et vie de classe : faire grandir un collectif joyeux et responsable<\/h2>\n\n<p>La p\u00e9dagogie Freinet propose des outils vari\u00e9s pour instaurer un climat collectif bas\u00e9 sur la coop\u00e9ration plut\u00f4t que la comp\u00e9tition. Les \u00e9l\u00e8ves participent \u00e0 chaque \u00e9tape. Oubliez les le\u00e7ons monolithiques : la classe devient un endroit o\u00f9 chacun a un r\u00f4le et une voix dans l\u2019organisation.<\/p>\n\n<ul class=\"wp-block-list\"><li>Le <strong>conseil coop\u00e9ratif<\/strong> est un moment fort o\u00f9 la classe d\u00e9bat et apprend \u00e0 g\u00e9rer les conflits.<\/li><li>Les <strong>groupes de travail<\/strong> m\u00e9langent les \u00e2ges et comp\u00e9tences pour enrichir les \u00e9changes.<\/li><li>Les \u00e9l\u00e8ves prennent en main <strong>l\u2019am\u00e9nagement des espaces<\/strong> de la classe selon leurs besoins.<\/li><\/ul>\n\n<figure class=\"wp-block-table\"><table>\n<thead>\n<tr>\n<th>Activit\u00e9 coop\u00e9rative<\/th>\n<th>Valeur d\u00e9velopp\u00e9e<\/th>\n<th>Impact positif sur la classe<\/th>\n<\/tr>\n<\/thead>\n<tbody>\n<tr>\n<td><strong>Conseil d\u2019\u00e9l\u00e8ves<\/strong><\/td>\n<td>D\u00e9mocratie et \u00e9coute<\/td>\n<td>Climat de confiance et respect mutuel<\/td>\n<\/tr>\n<tr>\n<td><strong>Projets en \u00e9quipe<\/strong><\/td>\n<td>Partage et entraide<\/td>\n<td>Coh\u00e9sion et sentiment d\u2019appartenance<\/td>\n<\/tr>\n<tr>\n<td><strong>Gestion coop\u00e9rative<\/strong><\/td>\n<td>Responsabilisation<\/td>\n<td>Autonomie collective renforc\u00e9e<\/td>\n<\/tr>\n<\/tbody>\n<\/table><\/figure>\n\n<p>Avec le soutien des <strong>\u00c9ditions ICEM<\/strong>, cette vie de classe d\u00e9mocratique est au c\u0153ur de la p\u00e9dagogie Freinet et du mouvement Coop\u00e9rative de l\u2019Enseignement La\u00efc.<\/p>\n\n\n{\u00ab\u00a0@context\u00a0\u00bb:\u00a0\u00bbhttps:\/\/schema.org\u00a0\u00bb,\u00a0\u00bb@type\u00a0\u00bb:\u00a0\u00bbFAQPage\u00a0\u00bb,\u00a0\u00bbmainEntity\u00a0\u00bb:[{\u00ab\u00a0@type\u00a0\u00bb:\u00a0\u00bbQuestion\u00a0\u00bb,\u00a0\u00bbname\u00a0\u00bb:\u00a0\u00bbLa pu00e9dagogie Freinet convient-elle u00e0 tous les enfants ?\u00a0\u00bb,\u00a0\u00bbacceptedAnswer\u00a0\u00bb:{\u00ab\u00a0@type\u00a0\u00bb:\u00a0\u00bbAnswer\u00a0\u00bb,\u00a0\u00bbtext\u00a0\u00bb:\u00a0\u00bbOui, elle su2019adapte aux rythmes et besoins individuels, mettant en valeur lu2019expression propre u00e0 chacun.\u00a0\u00bb}},{\u00ab\u00a0@type\u00a0\u00bb:\u00a0\u00bbQuestion\u00a0\u00bb,\u00a0\u00bbname\u00a0\u00bb:\u00a0\u00bbOu00f9 trouver des ressources pour commencer ?\u00a0\u00bb,\u00a0\u00bbacceptedAnswer\u00a0\u00bb:{\u00ab\u00a0@type\u00a0\u00bb:\u00a0\u00bbAnswer\u00a0\u00bb,\u00a0\u00bbtext\u00a0\u00bb:\u00a0\u00bbLes u00c9ditions ICEM et le ru00e9seau du Mouvement Freinet International sont des mines du2019or.\u00a0\u00bb}},{\u00ab\u00a0@type\u00a0\u00bb:\u00a0\u00bbQuestion\u00a0\u00bb,\u00a0\u00bbname\u00a0\u00bb:\u00a0\u00bbPeut-on su2019inspirer de Freinet chez soi ?\u00a0\u00bb,\u00a0\u00bbacceptedAnswer\u00a0\u00bb:{\u00ab\u00a0@type\u00a0\u00bb:\u00a0\u00bbAnswer\u00a0\u00bb,\u00a0\u00bbtext\u00a0\u00bb:\u00a0\u00bbAbsolument, en encourageant lu2019expression libre et en valorisant lu2019autonomie dans les petites tu00e2ches.\u00a0\u00bb}},{\u00ab\u00a0@type\u00a0\u00bb:\u00a0\u00bbQuestion\u00a0\u00bb,\u00a0\u00bbname\u00a0\u00bb:\u00a0\u00bbLa cru00e9ativitu00e9 est-elle vraiment au centre ?\u00a0\u00bb,\u00a0\u00bbacceptedAnswer\u00a0\u00bb:{\u00ab\u00a0@type\u00a0\u00bb:\u00a0\u00bbAnswer\u00a0\u00bb,\u00a0\u00bbtext\u00a0\u00bb:\u00a0\u00bbUn grand oui! Lu2019art et lu2019u00e9criture sont des supports privilu00e9giu00e9s pour une u00e9ducation riche.\u00a0\u00bb}},{\u00ab\u00a0@type\u00a0\u00bb:\u00a0\u00bbQuestion\u00a0\u00bb,\u00a0\u00bbname\u00a0\u00bb:\u00a0\u00bbLa pu00e9dagogie Freinet est-elle encore du2019actualitu00e9 en 2025 ?\u00a0\u00bb,\u00a0\u00bbacceptedAnswer\u00a0\u00bb:{\u00ab\u00a0@type\u00a0\u00bb:\u00a0\u00bbAnswer\u00a0\u00bb,\u00a0\u00bbtext\u00a0\u00bb:\u00a0\u00bbPlus que jamais, elle su2019inscrit dans les u00e9volutions actuelles, mu00ealant tradition et innovation.\u00a0\u00bb}}]}\n\n<h3>La p\u00e9dagogie Freinet convient-elle \u00e0 tous les enfants ?<\/h3>\n<p>Oui, elle s\u2019adapte aux rythmes et besoins individuels, mettant en valeur l\u2019expression propre \u00e0 chacun.<\/p>\n<h3>O\u00f9 trouver des ressources pour commencer ?<\/h3>\n<p>Les \u00c9ditions ICEM et le r\u00e9seau du Mouvement Freinet International sont des mines d\u2019or.<\/p>\n<h3>Peut-on s\u2019inspirer de Freinet chez soi ?<\/h3>\n<p>Absolument, en encourageant l\u2019expression libre et en valorisant l\u2019autonomie dans les petites t\u00e2ches.<\/p>\n<h3>La cr\u00e9ativit\u00e9 est-elle vraiment au centre ?<\/h3>\n<p>Un grand oui! L\u2019art et l\u2019\u00e9criture sont des supports privil\u00e9gi\u00e9s pour une \u00e9ducation riche.<\/p>\n<h3>La p\u00e9dagogie Freinet est-elle encore d\u2019actualit\u00e9 en 2025 ?<\/h3>\n<p>Plus que jamais, elle s\u2019inscrit dans les \u00e9volutions actuelles, m\u00ealant tradition et innovation.<\/p>\n\n","protected":false},"excerpt":{"rendered":"<p>Changer d&rsquo;air \u00e0 l\u2019\u00e9cole, c\u2019est possible gr\u00e2ce \u00e0 une m\u00e9thode \u00e9ducative qui souffle un vent de fra\u00eecheur depuis plus d\u2019un si\u00e8cle : la p\u00e9dagogie Freinet. Con\u00e7ue autour de la libert\u00e9 de l\u2019enfant, l\u2019exp\u00e9rimentation et la coop\u00e9ration, cette approche invite \u00e0 all\u00e9ger non seulement le poids des cartables mais aussi celui des pr\u00e9jug\u00e9s sur ce qu\u2019est &#8230; <a title=\"L&rsquo;\u00e9cole Freinet : un mod\u00e8le p\u00e9dagogique innovant pour 2025\" class=\"read-more\" href=\"https:\/\/www.apres-lecole.fr\/Blog\/ecole-freinet-modele-2025\/\" aria-label=\"En savoir plus sur L&rsquo;\u00e9cole Freinet : un mod\u00e8le p\u00e9dagogique innovant pour 2025\">Lire plus<\/a><\/p>\n","protected":false},"author":7,"featured_media":2483,"comment_status":"open","ping_status":"open","sticky":false,"template":"","format":"standard","meta":{"footnotes":""},"categories":[342],"tags":[855,1723,557,1721,1722],"class_list":["post-2484","post","type-post","status-publish","format-standard","has-post-thumbnail","hentry","category-actualites","tag-ecole-freinet","tag-enseignement-2025","tag-innovation-educative","tag-modele-pedagogique","tag-pedagogie-freinet"],"yoast_head":"<!-- This site is optimized with the Yoast SEO plugin v27.5 - https:\/\/yoast.com\/product\/yoast-seo-wordpress\/ -->\n<title>L\u2019\u00e9cole Freinet : l\u2019innovation p\u00e9dagogique \u00e0 l\u2019heure de 2025<\/title>\n<meta name=\"description\" content=\"D\u00e9couvrez l&#039;\u00e9cole Freinet, une p\u00e9dagogie innovante adapt\u00e9e aux \u00e9l\u00e8ves en 2025, favorisant cr\u00e9ativit\u00e9, autonomie et apprentissage actif.\" \/>\n<meta name=\"robots\" content=\"index, follow, max-snippet:-1, max-image-preview:large, max-video-preview:-1\" \/>\n<link rel=\"canonical\" href=\"https:\/\/www.apres-lecole.fr\/Blog\/ecole-freinet-modele-2025\/\" \/>\n<meta property=\"og:locale\" content=\"fr_FR\" \/>\n<meta property=\"og:type\" content=\"article\" \/>\n<meta property=\"og:title\" content=\"L\u2019\u00e9cole Freinet : l\u2019innovation p\u00e9dagogique \u00e0 l\u2019heure de 2025\" \/>\n<meta property=\"og:description\" content=\"D\u00e9couvrez l&#039;\u00e9cole Freinet, une p\u00e9dagogie innovante adapt\u00e9e aux \u00e9l\u00e8ves en 2025, favorisant cr\u00e9ativit\u00e9, autonomie et apprentissage actif.\" \/>\n<meta property=\"og:url\" content=\"https:\/\/www.apres-lecole.fr\/Blog\/ecole-freinet-modele-2025\/\" \/>\n<meta property=\"article:published_time\" content=\"2025-10-06T06:39:48+00:00\" \/>\n<meta property=\"og:image\" content=\"https:\/\/www.apres-lecole.fr\/Blog\/wp-content\/uploads\/2025\/10\/Lecole-Freinet-un-modele-pedagogique-innovant-pour-2025.jpg\" \/>\n\t<meta property=\"og:image:width\" content=\"1344\" \/>\n\t<meta property=\"og:image:height\" content=\"768\" \/>\n\t<meta property=\"og:image:type\" content=\"image\/jpeg\" \/>\n<meta name=\"twitter:card\" content=\"summary_large_image\" \/>\n<meta name=\"twitter:label1\" content=\"\u00c9crit par\" \/>\n\t<meta name=\"twitter:data1\" content=\"\" \/>\n\t<meta name=\"twitter:label2\" content=\"Dur\u00e9e de lecture estim\u00e9e\" \/>\n\t<meta name=\"twitter:data2\" content=\"8 minutes\" \/>\n<script type=\"application\/ld+json\" class=\"yoast-schema-graph\">{\"@context\":\"https:\\\/\\\/schema.org\",\"@graph\":[{\"@type\":\"Article\",\"@id\":\"https:\\\/\\\/www.apres-lecole.fr\\\/Blog\\\/ecole-freinet-modele-2025\\\/#article\",\"isPartOf\":{\"@id\":\"https:\\\/\\\/www.apres-lecole.fr\\\/Blog\\\/ecole-freinet-modele-2025\\\/\"},\"author\":{\"name\":\"\",\"@id\":\"\"},\"headline\":\"L&rsquo;\u00e9cole Freinet : un mod\u00e8le p\u00e9dagogique innovant pour 2025\",\"datePublished\":\"2025-10-06T06:39:48+00:00\",\"mainEntityOfPage\":{\"@id\":\"https:\\\/\\\/www.apres-lecole.fr\\\/Blog\\\/ecole-freinet-modele-2025\\\/\"},\"wordCount\":1568,\"commentCount\":0,\"image\":{\"@id\":\"https:\\\/\\\/www.apres-lecole.fr\\\/Blog\\\/ecole-freinet-modele-2025\\\/#primaryimage\"},\"thumbnailUrl\":\"https:\\\/\\\/www.apres-lecole.fr\\\/Blog\\\/wp-content\\\/uploads\\\/2025\\\/10\\\/Lecole-Freinet-un-modele-pedagogique-innovant-pour-2025.jpg\",\"keywords\":[\"\u00e9cole freinet\",\"enseignement 2025\",\"innovation \u00e9ducative\",\"mod\u00e8le p\u00e9dagogique\",\"p\u00e9dagogie freinet\"],\"articleSection\":[\"Actualit\u00e9s\"],\"inLanguage\":\"fr-FR\",\"potentialAction\":[{\"@type\":\"CommentAction\",\"name\":\"Comment\",\"target\":[\"https:\\\/\\\/www.apres-lecole.fr\\\/Blog\\\/ecole-freinet-modele-2025\\\/#respond\"]}]},{\"@type\":\"WebPage\",\"@id\":\"https:\\\/\\\/www.apres-lecole.fr\\\/Blog\\\/ecole-freinet-modele-2025\\\/\",\"url\":\"https:\\\/\\\/www.apres-lecole.fr\\\/Blog\\\/ecole-freinet-modele-2025\\\/\",\"name\":\"L\u2019\u00e9cole Freinet : l\u2019innovation p\u00e9dagogique \u00e0 l\u2019heure de 2025\",\"isPartOf\":{\"@id\":\"https:\\\/\\\/www.apres-lecole.fr\\\/Blog\\\/#website\"},\"primaryImageOfPage\":{\"@id\":\"https:\\\/\\\/www.apres-lecole.fr\\\/Blog\\\/ecole-freinet-modele-2025\\\/#primaryimage\"},\"image\":{\"@id\":\"https:\\\/\\\/www.apres-lecole.fr\\\/Blog\\\/ecole-freinet-modele-2025\\\/#primaryimage\"},\"thumbnailUrl\":\"https:\\\/\\\/www.apres-lecole.fr\\\/Blog\\\/wp-content\\\/uploads\\\/2025\\\/10\\\/Lecole-Freinet-un-modele-pedagogique-innovant-pour-2025.jpg\",\"datePublished\":\"2025-10-06T06:39:48+00:00\",\"author\":{\"@id\":\"\"},\"description\":\"D\u00e9couvrez l'\u00e9cole Freinet, une p\u00e9dagogie innovante adapt\u00e9e aux \u00e9l\u00e8ves en 2025, favorisant cr\u00e9ativit\u00e9, autonomie et apprentissage actif.\",\"breadcrumb\":{\"@id\":\"https:\\\/\\\/www.apres-lecole.fr\\\/Blog\\\/ecole-freinet-modele-2025\\\/#breadcrumb\"},\"inLanguage\":\"fr-FR\",\"potentialAction\":[{\"@type\":\"ReadAction\",\"target\":[\"https:\\\/\\\/www.apres-lecole.fr\\\/Blog\\\/ecole-freinet-modele-2025\\\/\"]}]},{\"@type\":\"ImageObject\",\"inLanguage\":\"fr-FR\",\"@id\":\"https:\\\/\\\/www.apres-lecole.fr\\\/Blog\\\/ecole-freinet-modele-2025\\\/#primaryimage\",\"url\":\"https:\\\/\\\/www.apres-lecole.fr\\\/Blog\\\/wp-content\\\/uploads\\\/2025\\\/10\\\/Lecole-Freinet-un-modele-pedagogique-innovant-pour-2025.jpg\",\"contentUrl\":\"https:\\\/\\\/www.apres-lecole.fr\\\/Blog\\\/wp-content\\\/uploads\\\/2025\\\/10\\\/Lecole-Freinet-un-modele-pedagogique-innovant-pour-2025.jpg\",\"width\":1344,\"height\":768,\"caption\":\"d\u00e9couvrez comment l'\u00e9cole freinet propose une approche p\u00e9dagogique innovante, favorisant l'autonomie, la cr\u00e9ativit\u00e9 et la coop\u00e9ration des \u00e9l\u00e8ves, et pourquoi ce mod\u00e8le \u00e9ducatif inspire l'\u00e9cole de demain en 2025.\"},{\"@type\":\"BreadcrumbList\",\"@id\":\"https:\\\/\\\/www.apres-lecole.fr\\\/Blog\\\/ecole-freinet-modele-2025\\\/#breadcrumb\",\"itemListElement\":[{\"@type\":\"ListItem\",\"position\":1,\"name\":\"Home\",\"item\":\"https:\\\/\\\/www.apres-lecole.fr\\\/Blog\\\/\"},{\"@type\":\"ListItem\",\"position\":2,\"name\":\"L&rsquo;\u00e9cole Freinet : un mod\u00e8le p\u00e9dagogique innovant pour 2025\"}]},{\"@type\":\"WebSite\",\"@id\":\"https:\\\/\\\/www.apres-lecole.fr\\\/Blog\\\/#website\",\"url\":\"https:\\\/\\\/www.apres-lecole.fr\\\/Blog\\\/\",\"name\":\"\",\"description\":\"M\u00e9dia g\u00e9n\u00e9raliste\",\"potentialAction\":[{\"@type\":\"SearchAction\",\"target\":{\"@type\":\"EntryPoint\",\"urlTemplate\":\"https:\\\/\\\/www.apres-lecole.fr\\\/Blog\\\/?s={search_term_string}\"},\"query-input\":{\"@type\":\"PropertyValueSpecification\",\"valueRequired\":true,\"valueName\":\"search_term_string\"}}],\"inLanguage\":\"fr-FR\"},{\"@type\":\"Person\",\"@id\":\"\",\"url\":\"https:\\\/\\\/www.apres-lecole.fr\\\/Blog\\\/author\\\/\"}]}<\/script>\n<!-- \/ Yoast SEO plugin. -->","yoast_head_json":{"title":"L\u2019\u00e9cole Freinet : l\u2019innovation p\u00e9dagogique \u00e0 l\u2019heure de 2025","description":"D\u00e9couvrez l'\u00e9cole Freinet, une p\u00e9dagogie innovante adapt\u00e9e aux \u00e9l\u00e8ves en 2025, favorisant cr\u00e9ativit\u00e9, autonomie et apprentissage actif.","robots":{"index":"index","follow":"follow","max-snippet":"max-snippet:-1","max-image-preview":"max-image-preview:large","max-video-preview":"max-video-preview:-1"},"canonical":"https:\/\/www.apres-lecole.fr\/Blog\/ecole-freinet-modele-2025\/","og_locale":"fr_FR","og_type":"article","og_title":"L\u2019\u00e9cole Freinet : l\u2019innovation p\u00e9dagogique \u00e0 l\u2019heure de 2025","og_description":"D\u00e9couvrez l'\u00e9cole Freinet, une p\u00e9dagogie innovante adapt\u00e9e aux \u00e9l\u00e8ves en 2025, favorisant cr\u00e9ativit\u00e9, autonomie et apprentissage actif.","og_url":"https:\/\/www.apres-lecole.fr\/Blog\/ecole-freinet-modele-2025\/","article_published_time":"2025-10-06T06:39:48+00:00","og_image":[{"width":1344,"height":768,"url":"https:\/\/www.apres-lecole.fr\/Blog\/wp-content\/uploads\/2025\/10\/Lecole-Freinet-un-modele-pedagogique-innovant-pour-2025.jpg","type":"image\/jpeg"}],"twitter_card":"summary_large_image","twitter_misc":{"\u00c9crit par":"","Dur\u00e9e de lecture estim\u00e9e":"8 minutes"},"schema":{"@context":"https:\/\/schema.org","@graph":[{"@type":"Article","@id":"https:\/\/www.apres-lecole.fr\/Blog\/ecole-freinet-modele-2025\/#article","isPartOf":{"@id":"https:\/\/www.apres-lecole.fr\/Blog\/ecole-freinet-modele-2025\/"},"author":{"name":"","@id":""},"headline":"L&rsquo;\u00e9cole Freinet : un mod\u00e8le p\u00e9dagogique innovant pour 2025","datePublished":"2025-10-06T06:39:48+00:00","mainEntityOfPage":{"@id":"https:\/\/www.apres-lecole.fr\/Blog\/ecole-freinet-modele-2025\/"},"wordCount":1568,"commentCount":0,"image":{"@id":"https:\/\/www.apres-lecole.fr\/Blog\/ecole-freinet-modele-2025\/#primaryimage"},"thumbnailUrl":"https:\/\/www.apres-lecole.fr\/Blog\/wp-content\/uploads\/2025\/10\/Lecole-Freinet-un-modele-pedagogique-innovant-pour-2025.jpg","keywords":["\u00e9cole freinet","enseignement 2025","innovation \u00e9ducative","mod\u00e8le p\u00e9dagogique","p\u00e9dagogie freinet"],"articleSection":["Actualit\u00e9s"],"inLanguage":"fr-FR","potentialAction":[{"@type":"CommentAction","name":"Comment","target":["https:\/\/www.apres-lecole.fr\/Blog\/ecole-freinet-modele-2025\/#respond"]}]},{"@type":"WebPage","@id":"https:\/\/www.apres-lecole.fr\/Blog\/ecole-freinet-modele-2025\/","url":"https:\/\/www.apres-lecole.fr\/Blog\/ecole-freinet-modele-2025\/","name":"L\u2019\u00e9cole Freinet : l\u2019innovation p\u00e9dagogique \u00e0 l\u2019heure de 2025","isPartOf":{"@id":"https:\/\/www.apres-lecole.fr\/Blog\/#website"},"primaryImageOfPage":{"@id":"https:\/\/www.apres-lecole.fr\/Blog\/ecole-freinet-modele-2025\/#primaryimage"},"image":{"@id":"https:\/\/www.apres-lecole.fr\/Blog\/ecole-freinet-modele-2025\/#primaryimage"},"thumbnailUrl":"https:\/\/www.apres-lecole.fr\/Blog\/wp-content\/uploads\/2025\/10\/Lecole-Freinet-un-modele-pedagogique-innovant-pour-2025.jpg","datePublished":"2025-10-06T06:39:48+00:00","author":{"@id":""},"description":"D\u00e9couvrez l'\u00e9cole Freinet, une p\u00e9dagogie innovante adapt\u00e9e aux \u00e9l\u00e8ves en 2025, favorisant cr\u00e9ativit\u00e9, autonomie et apprentissage actif.","breadcrumb":{"@id":"https:\/\/www.apres-lecole.fr\/Blog\/ecole-freinet-modele-2025\/#breadcrumb"},"inLanguage":"fr-FR","potentialAction":[{"@type":"ReadAction","target":["https:\/\/www.apres-lecole.fr\/Blog\/ecole-freinet-modele-2025\/"]}]},{"@type":"ImageObject","inLanguage":"fr-FR","@id":"https:\/\/www.apres-lecole.fr\/Blog\/ecole-freinet-modele-2025\/#primaryimage","url":"https:\/\/www.apres-lecole.fr\/Blog\/wp-content\/uploads\/2025\/10\/Lecole-Freinet-un-modele-pedagogique-innovant-pour-2025.jpg","contentUrl":"https:\/\/www.apres-lecole.fr\/Blog\/wp-content\/uploads\/2025\/10\/Lecole-Freinet-un-modele-pedagogique-innovant-pour-2025.jpg","width":1344,"height":768,"caption":"d\u00e9couvrez comment l'\u00e9cole freinet propose une approche p\u00e9dagogique innovante, favorisant l'autonomie, la cr\u00e9ativit\u00e9 et la coop\u00e9ration des \u00e9l\u00e8ves, et pourquoi ce mod\u00e8le \u00e9ducatif inspire l'\u00e9cole de demain en 2025."},{"@type":"BreadcrumbList","@id":"https:\/\/www.apres-lecole.fr\/Blog\/ecole-freinet-modele-2025\/#breadcrumb","itemListElement":[{"@type":"ListItem","position":1,"name":"Home","item":"https:\/\/www.apres-lecole.fr\/Blog\/"},{"@type":"ListItem","position":2,"name":"L&rsquo;\u00e9cole Freinet : un mod\u00e8le p\u00e9dagogique innovant pour 2025"}]},{"@type":"WebSite","@id":"https:\/\/www.apres-lecole.fr\/Blog\/#website","url":"https:\/\/www.apres-lecole.fr\/Blog\/","name":"","description":"M\u00e9dia g\u00e9n\u00e9raliste","potentialAction":[{"@type":"SearchAction","target":{"@type":"EntryPoint","urlTemplate":"https:\/\/www.apres-lecole.fr\/Blog\/?s={search_term_string}"},"query-input":{"@type":"PropertyValueSpecification","valueRequired":true,"valueName":"search_term_string"}}],"inLanguage":"fr-FR"},{"@type":"Person","@id":"","url":"https:\/\/www.apres-lecole.fr\/Blog\/author\/"}]}},"views":50,"_links":{"self":[{"href":"https:\/\/www.apres-lecole.fr\/Blog\/wp-json\/wp\/v2\/posts\/2484","targetHints":{"allow":["GET"]}}],"collection":[{"href":"https:\/\/www.apres-lecole.fr\/Blog\/wp-json\/wp\/v2\/posts"}],"about":[{"href":"https:\/\/www.apres-lecole.fr\/Blog\/wp-json\/wp\/v2\/types\/post"}],"author":[{"embeddable":true,"href":"https:\/\/www.apres-lecole.fr\/Blog\/wp-json\/wp\/v2\/users\/7"}],"replies":[{"embeddable":true,"href":"https:\/\/www.apres-lecole.fr\/Blog\/wp-json\/wp\/v2\/comments?post=2484"}],"version-history":[{"count":0,"href":"https:\/\/www.apres-lecole.fr\/Blog\/wp-json\/wp\/v2\/posts\/2484\/revisions"}],"wp:featuredmedia":[{"embeddable":true,"href":"https:\/\/www.apres-lecole.fr\/Blog\/wp-json\/wp\/v2\/media\/2483"}],"wp:attachment":[{"href":"https:\/\/www.apres-lecole.fr\/Blog\/wp-json\/wp\/v2\/media?parent=2484"}],"wp:term":[{"taxonomy":"category","embeddable":true,"href":"https:\/\/www.apres-lecole.fr\/Blog\/wp-json\/wp\/v2\/categories?post=2484"},{"taxonomy":"post_tag","embeddable":true,"href":"https:\/\/www.apres-lecole.fr\/Blog\/wp-json\/wp\/v2\/tags?post=2484"}],"curies":[{"name":"wp","href":"https:\/\/api.w.org\/{rel}","templated":true}]}}