{"id":2482,"date":"2025-10-05T07:09:30","date_gmt":"2025-10-05T07:09:30","guid":{"rendered":"https:\/\/www.apres-lecole.fr\/Blog\/perte-sens-ecole-enseignants\/"},"modified":"2025-10-05T07:09:30","modified_gmt":"2025-10-05T07:09:30","slug":"perte-sens-ecole-enseignants","status":"publish","type":"post","link":"https:\/\/www.apres-lecole.fr\/Blog\/perte-sens-ecole-enseignants\/","title":{"rendered":"\u00ab L&rsquo;\u00e9cole perd son sens : un centre de loisirs ? \u00bb Le parcours sem\u00e9 d&#8217;emb\u00fbches des enseignants ayant d\u00e9missionn\u00e9."},"content":{"rendered":"\n\n<div class=\"kk-star-ratings kksr-auto kksr-align-left kksr-valign-top\"\n    data-payload='{&quot;align&quot;:&quot;left&quot;,&quot;id&quot;:&quot;2482&quot;,&quot;slug&quot;:&quot;default&quot;,&quot;valign&quot;:&quot;top&quot;,&quot;ignore&quot;:&quot;&quot;,&quot;reference&quot;:&quot;auto&quot;,&quot;class&quot;:&quot;&quot;,&quot;count&quot;:&quot;0&quot;,&quot;legendonly&quot;:&quot;&quot;,&quot;readonly&quot;:&quot;&quot;,&quot;score&quot;:&quot;0&quot;,&quot;starsonly&quot;:&quot;&quot;,&quot;best&quot;:&quot;5&quot;,&quot;gap&quot;:&quot;5&quot;,&quot;greet&quot;:&quot;Rate this post&quot;,&quot;legend&quot;:&quot;0\\\/5 - (0 vote)&quot;,&quot;size&quot;:&quot;24&quot;,&quot;title&quot;:&quot;\u00ab L\\u0026#039;\u00e9cole perd son sens : un centre de loisirs ? \u00bb Le parcours sem\u00e9 d\\u0026#039;emb\u00fbches des enseignants ayant d\u00e9missionn\u00e9.&quot;,&quot;width&quot;:&quot;0&quot;,&quot;_legend&quot;:&quot;{score}\\\/{best} - ({count} {votes})&quot;,&quot;font_factor&quot;:&quot;1.25&quot;}'>\n            \n<div class=\"kksr-stars\">\n    \n<div class=\"kksr-stars-inactive\">\n            <div class=\"kksr-star\" data-star=\"1\" style=\"padding-right: 5px\">\n            \n\n<div class=\"kksr-icon\" style=\"width: 24px; height: 24px;\"><\/div>\n        <\/div>\n            <div class=\"kksr-star\" data-star=\"2\" style=\"padding-right: 5px\">\n            \n\n<div class=\"kksr-icon\" style=\"width: 24px; height: 24px;\"><\/div>\n        <\/div>\n            <div class=\"kksr-star\" data-star=\"3\" style=\"padding-right: 5px\">\n            \n\n<div class=\"kksr-icon\" style=\"width: 24px; height: 24px;\"><\/div>\n        <\/div>\n            <div class=\"kksr-star\" data-star=\"4\" style=\"padding-right: 5px\">\n            \n\n<div class=\"kksr-icon\" style=\"width: 24px; height: 24px;\"><\/div>\n        <\/div>\n            <div class=\"kksr-star\" data-star=\"5\" style=\"padding-right: 5px\">\n            \n\n<div class=\"kksr-icon\" style=\"width: 24px; height: 24px;\"><\/div>\n        <\/div>\n    <\/div>\n    \n<div class=\"kksr-stars-active\" style=\"width: 0px;\">\n            <div class=\"kksr-star\" style=\"padding-right: 5px\">\n            \n\n<div class=\"kksr-icon\" style=\"width: 24px; height: 24px;\"><\/div>\n        <\/div>\n            <div class=\"kksr-star\" style=\"padding-right: 5px\">\n            \n\n<div class=\"kksr-icon\" style=\"width: 24px; height: 24px;\"><\/div>\n        <\/div>\n            <div class=\"kksr-star\" style=\"padding-right: 5px\">\n            \n\n<div class=\"kksr-icon\" style=\"width: 24px; height: 24px;\"><\/div>\n        <\/div>\n            <div class=\"kksr-star\" style=\"padding-right: 5px\">\n            \n\n<div class=\"kksr-icon\" style=\"width: 24px; height: 24px;\"><\/div>\n        <\/div>\n            <div class=\"kksr-star\" style=\"padding-right: 5px\">\n            \n\n<div class=\"kksr-icon\" style=\"width: 24px; height: 24px;\"><\/div>\n        <\/div>\n    <\/div>\n<\/div>\n                \n\n<div class=\"kksr-legend\" style=\"font-size: 19.2px;\">\n            <span class=\"kksr-muted\">Rate this post<\/span>\n    <\/div>\n    <\/div>\n<p>\u00c0 l&rsquo;aube de la rentr\u00e9e 2025, nombreux sont les enseignants qui ressentent un malaise grandissant face \u00e0 un syst\u00e8me \u00e9ducatif en pleine mutation. De plus en plus de voix s&rsquo;\u00e9l\u00e8vent pour affirmer que l&rsquo;\u00e9cole, jadis sanctuaire du savoir, perd son sens et se transforme peu \u00e0 peu en un simple centre de loisirs. Le parcours tumultueux des enseignants ayant d\u00e9missionn\u00e9 r\u00e9v\u00e8le des v\u00e9rit\u00e9s troublantes sur l&rsquo;\u00e9puisement professionnel et le d\u00e9sengagement \u00e9ducatif qui habitent le milieu scolaire. Cet article plonge au c\u0153ur de cette probl\u00e9matique essentielle pour comprendre les enjeux et les d\u00e9fis du monde enseignant.<\/p>\n\n<h2 class=\"wp-block-heading\">Les raisons de la fuite : pourquoi les enseignants d\u00e9missionnent<\/h2>\n\n<p>La d\u00e9mission enseignante est devenue un sujet br\u00fblant. En seulement une d\u00e9cennie, le taux de d\u00e9missions dans le corps enseignant a tripl\u00e9, passant de <strong>0,06 % \u00e0 0,36 % en 2022-2023<\/strong>. Cette \u00e9volution n\u2019est pas le fruit du hasard, mais le r\u00e9sultat d\u2019une accumulation de pressions. Les enseignants peinent \u00e0 concilier les attentes administratives, le besoin de r\u00e9pondre aux divers besoins des \u00e9l\u00e8ves, et le poids d\u2019une charge \u00e9motionnelle souvent \u00e9crasante.<\/p>\n\n<h3 class=\"wp-block-heading\">Les d\u00e9fis au quotidien<\/h3>\n\n<p>Au sein des \u00e9tablissements, les difficult\u00e9s rencontr\u00e9es par les enseignants sont multiples :<\/p>\n\n<ul class=\"wp-block-list\"><li>La <strong>surpopulation<\/strong> des classes, qui emp\u00eache une attention personnalis\u00e9e pour chaque \u00e9l\u00e8ve \ud83d\udc6b.<\/li><li>Le manque de soutien administratif et p\u00e9dagogique face \u00e0 des situations de crise \ud83d\udcc9.<\/li><li>Le poids des programmes scolaires rigides, peu adapt\u00e9s \u00e0 la r\u00e9alit\u00e9 des \u00e9l\u00e8ves et des enseignants \ud83d\udcda.<\/li><\/ul>\n\n<p>Ces probl\u00e9matiques contribuent \u00e0 un \u00e9puisement professionnel croissant, o\u00f9 l\u2019enseignant se sent plus surveillant que p\u00e9dagogue. De plus, la pression m\u00e9diatique et la stigmatisation li\u00e9e aux difficult\u00e9s rencontr\u00e9es exacerbent ce malaise. Beaucoup t\u00e9moignent d\u2019une \u00e9volution qui les pousse \u00e0 consid\u00e9rer leur m\u00e9tier comme une contrainte, voire un cauchemar \u00e9veill\u00e9.<\/p>\n\n<h3 class=\"wp-block-heading\">Passer \u00e0 l\u2019acte : l\u2019acte de d\u00e9mission<\/h3>\n\n<p>Face \u00e0 ces tumultes, de nombreux enseignants choisissent d\u2019abandonner leur vocation. Les r\u00e9cits de ceux qui ont quitt\u00e9 leurs fonctions sont souvent lib\u00e9rateurs. Apr\u00e8s avoir d\u00e9cid\u00e9 de quitter l&rsquo;\u00e9ducation, un ancien professeur des \u00e9coles d\u00e9clare : <strong>\u201cJe n\u2019ai aucun regret, juste une immense satisfaction de m\u2019\u00eatre lib\u00e9r\u00e9 d\u2019un lourd fardeau.\u201d<\/strong> Ce sentiment d\u2019all\u00e9gement est commun parmi ceux qui r\u00e9novent leur parcours, s\u2019orientant vers des m\u00e9tiers plus flexibles, comme le freelance ou le travail \u00e0 distance. Cette \u00e9volution est r\u00e9v\u00e9latrice d\u2019un profond besoin de retrouver un sens, loin des contraintes impos\u00e9es par l\u2019\u00e9ducation nationale.<\/p>\n\n<h2 class=\"wp-block-heading\">\u00c9l\u00e8ves ou clients ? L&rsquo;\u00e9cole devient-elle un centre de loisirs ?<\/h2>\n\n<p>Avec l&rsquo;\u00e9volution du syst\u00e8me scolaire, on assiste \u00e0 une transformation de la perception des \u00e9l\u00e8ves. Quand la vision d&rsquo;un \u00e9l\u00e8ve s&rsquo;articulait autour de l&rsquo;apprentissage et de la connaissance, elle tend aujourd&rsquo;hui \u00e0 se rapprocher de celle d&rsquo;un client dans un centre de loisirs. En effet, les \u00e9ducateurs se trouvent parfois confront\u00e9s \u00e0 des enfants qui ne voient plus l\u2019\u00e9cole comme un lieu d\u2019apprentissage, mais comme un espace de divertissement.<\/p>\n\n<h3 class=\"wp-block-heading\">Le changement de l\u2019attitude des \u00e9l\u00e8ves<\/h3>\n\n<p>Cette perte de sens est visible dans plusieurs aspects :<\/p>\n\n<ul class=\"wp-block-list\"><li>Les attentes inappropri\u00e9es des \u00e9l\u00e8ves, qui demandent des activit\u00e9s ludiques plut\u00f4t qu\u2019un apprentissage s\u00e9rieux \ud83c\udfa8.<\/li><li>Une tendance croissante \u00e0 minimiser l\u2019importance des \u00e9valuations acad\u00e9miques au profit de l\u2019adr\u00e9naline du divertissement \ud83c\udf6d.<\/li><li>Un fort taux d\u2019absent\u00e9isme, les \u00e9l\u00e8ves pr\u00e9f\u00e9rant des sorties en plein air \u00e0 des le\u00e7ons en classe \ud83c\udfde\ufe0f.<\/li><\/ul>\n\n<p>Les enseignants se retrouvent alors dans une position d\u00e9licate, devant jongler entre le devoir d\u2019enseignement et le d\u00e9sir de plaisir des \u00e9l\u00e8ves. Ce passage d&rsquo;une \u00e9ducation traditionnelle \u00e0 un mod\u00e8le plus ludique cr\u00e9e un dilemme \u00e9thique pour le corps enseignant, qui aspire toujours \u00e0 transmettre des valeurs et des connaissances.<\/p>\n\n<h3 class=\"wp-block-heading\">Le double enjeu de la p\u00e9dagogie et du divertissement<\/h3>\n\n<p>Le d\u00e9fi est de r\u00e9ussir \u00e0 redonner du sens \u00e0 l&rsquo;\u00e9cole tout en int\u00e9grant des m\u00e9thodes plus interactives. Pour cela, certains \u00e9tablissements commencent \u00e0 d\u00e9velopper des projets combinant p\u00e9dagogie active et plaisir d&rsquo;apprendre. Les ateliers de cr\u00e9ativit\u00e9, les cours de musique et d&rsquo;arts plastiques s&rsquo;int\u00e8grent peu \u00e0 peu dans le programme. Ces initiatives visent \u00e0 g\u00e9n\u00e9rer un int\u00e9r\u00eat renouvel\u00e9 pour les apprentissages, tout en restant vigilant face \u00e0 cette d\u00e9rive ludique. Voici quelques exemples :<\/p>\n\n<figure class=\"wp-block-table\"><table>\n<thead>\n<tr>\n<th>Initiatives<\/th>\n<th>Impact sur les \u00e9l\u00e8ves<\/th>\n<\/tr>\n<\/thead>\n<tbody>\n<tr>\n<td>Projets artistiques collectifs \ud83c\udfad<\/td>\n<td>Renforce la coh\u00e9sion et l\u2019esprit d\u2019\u00e9quipe<\/td>\n<\/tr>\n<tr>\n<td>Ateliers scientifiques ludiques \ud83d\udd2c<\/td>\n<td>Stimule la curiosit\u00e9 scientifique et l&rsquo;amour de l&rsquo;apprentissage<\/td>\n<\/tr>\n<tr>\n<td>Sorties p\u00e9dagogiques \ud83c\udf92<\/td>\n<td>Apporte des connaissances pratiques et concr\u00e8tes<\/td>\n<\/tr>\n<\/tbody>\n<\/table><\/figure>\n\n<h2 class=\"wp-block-heading\">R\u00e9f\u00e9rences \u00e0 la crise de vocation dans l\u2019enseignement<\/h2>\n\n<p>La crise de vocation dans le secteur \u00e9ducatif repr\u00e9sente un ph\u00e9nom\u00e8ne inqui\u00e9tant. De nombreux enseignants, ayant initialement choisi ce chemin par passion, se retrouvent face \u00e0 des r\u00e9alit\u00e9s bien diff\u00e9rentes de celles r\u00eav\u00e9es. Ce sentiment d&rsquo;abandon du m\u00e9tier d&rsquo;enseignant est renforc\u00e9 par des t\u00e9moignages sur l\u2019\u00e9puisement et le d\u00e9sengagement \u00e9ducatif. Comme le souligne un ancien enseignant : <strong>\u201cJe n&rsquo;ai rien contre les enfants, mais je n&rsquo;aurais jamais imagin\u00e9 que l\u2019enseignement serait si difficile.\u201d<\/strong><\/p>\n\n<h3 class=\"wp-block-heading\">Impact sur les enseignants et le syst\u00e8me \u00e9ducatif<\/h3>\n\n<p>Les cons\u00e9quences de cette crise se manifestent sur plusieurs niveaux :<\/p>\n\n<ul class=\"wp-block-list\"><li>Augmentation significative des arr\u00eats maladie li\u00e9s au stress et \u00e0 l\u2019\u00e9puisement professionnel \ud83d\ude29.<\/li><li>Une difficult\u00e9 croissante \u00e0 fid\u00e9liser les enseignants dans certaines zones scolaires d\u00e9favoris\u00e9es \ud83d\udcc9.<\/li><li>Une perception n\u00e9gative de la carri\u00e8re d&rsquo;enseignant, notamment chez les jeunes dipl\u00f4m\u00e9s souhaitant se tourner vers d\u2019autres m\u00e9tiers moins expos\u00e9s aux critiques \u274c.<\/li><\/ul>\n\n<p>Il devient urgent d\u2019agir face \u00e0 cette situation qui menace l\u2019avenir de l\u2019\u00e9ducation. Tous les acteurs, des d\u00e9cideurs aux enseignants eux-m\u00eames, devront travailler ensemble pour restaurer la cr\u00e9dibilit\u00e9 et l\u2019attrait du m\u00e9tier. L\u2019heure est \u00e0 la reconversion et \u00e0 l\u2019adaptation.<\/p>\n\n<h3 class=\"wp-block-heading\">Vers une reconversion professionnelle ?<\/h3>\n\n<p>Nombreux sont ceux qui choisissent de se reconvertir, optant pour des carri\u00e8res plus gratifiantes ou offrant un meilleur \u00e9quilibre de vie. Les nouvelles opportunit\u00e9s s\u2019offrent \u00e0 eux, notamment dans le secteur num\u00e9rique o\u00f9 le travail \u00e0 distance est de plus en plus pr\u00e9sent. En attendant, des structures \u00e9mergent pour soutenir ces transitions professionnelles, avec des formations, des conseils sur le march\u00e9 de l&#8217;emploi, et des coachings \u00e0 destination des enseignants en reconversion.<\/p>\n\n<h2 class=\"wp-block-heading\">Le futur de l&rsquo;\u00e9cole : un d\u00e9fi \u00e0 relever ensemble<\/h2>\n\n<p>Face \u00e0 cette \u00e9volution du paysage \u00e9ducatif, les d\u00e9fis demeurent. Comment restaurer le sens de l&rsquo;\u00e9cole tout en tenant compte des besoins contemporains des \u00e9l\u00e8ves et des enseignants ? La question est lanc\u00e9e et appelle \u00e0 une r\u00e9flexion commune. Le syst\u00e8me \u00e9ducatif doit se r\u00e9inventer dans un monde en constante \u00e9volution.<\/p>\n\n<p>Le respect des m\u00e9tiers d&rsquo;enseignant et la valorisation de leur expertise ainsi que la n\u00e9cessit\u00e9 d\u2019un soutien psychologique accru sont des mesures indispensables \u00e0 envisager. Ensemble, il est possible d&rsquo;\u00e9tablir un \u00e9quilibre entre apprentissage, divertissement, et \u00e9panouissement personnel.<\/p>\n\n\n{\u00ab\u00a0@context\u00a0\u00bb:\u00a0\u00bbhttps:\/\/schema.org\u00a0\u00bb,\u00a0\u00bb@type\u00a0\u00bb:\u00a0\u00bbFAQPage\u00a0\u00bb,\u00a0\u00bbmainEntity\u00a0\u00bb:[{\u00ab\u00a0@type\u00a0\u00bb:\u00a0\u00bbQuestion\u00a0\u00bb,\u00a0\u00bbname\u00a0\u00bb:\u00a0\u00bbPourquoi de nombreux enseignants quittent-ils leur poste ?\u00a0\u00bb,\u00a0\u00bbacceptedAnswer\u00a0\u00bb:{\u00ab\u00a0@type\u00a0\u00bb:\u00a0\u00bbAnswer\u00a0\u00bb,\u00a0\u00bbtext\u00a0\u00bb:\u00a0\u00bbLes enseignants sont de plus en plus nombreux u00e0 du00e9missionner en raison de l&rsquo;u00e9puisement professionnel, du manque de reconnaissance et du du00e9sengagement u00e9ducatif.\u00a0\u00bb}},{\u00ab\u00a0@type\u00a0\u00bb:\u00a0\u00bbQuestion\u00a0\u00bb,\u00a0\u00bbname\u00a0\u00bb:\u00a0\u00bbComment l&rsquo;u00e9cole se transforme-t-elle en centre de loisirs ?\u00a0\u00bb,\u00a0\u00bbacceptedAnswer\u00a0\u00bb:{\u00ab\u00a0@type\u00a0\u00bb:\u00a0\u00bbAnswer\u00a0\u00bb,\u00a0\u00bbtext\u00a0\u00bb:\u00a0\u00bbLes u00e9lu00e8ves peru00e7oivent l&rsquo;u00e9cole de plus en plus comme un lieu de divertissement plutu00f4t que comme un espace d&rsquo;apprentissage, ce qui entrau00eene des difficultu00e9s pour les enseignants.\u00a0\u00bb}},{\u00ab\u00a0@type\u00a0\u00bb:\u00a0\u00bbQuestion\u00a0\u00bb,\u00a0\u00bbname\u00a0\u00bb:\u00a0\u00bbQuels sont les du00e9fis des enseignants en reconversion ?\u00a0\u00bb,\u00a0\u00bbacceptedAnswer\u00a0\u00bb:{\u00ab\u00a0@type\u00a0\u00bb:\u00a0\u00bbAnswer\u00a0\u00bb,\u00a0\u00bbtext\u00a0\u00bb:\u00a0\u00bbLes enseignants en reconversion peuvent rencontrer des difficultu00e9s u00e0 adapter leurs compu00e9tences u00e0 d&rsquo;autres secteurs, mais bu00e9nu00e9ficient aussi de nouvelles opportunitu00e9s professionnelles.\u00a0\u00bb}},{\u00ab\u00a0@type\u00a0\u00bb:\u00a0\u00bbQuestion\u00a0\u00bb,\u00a0\u00bbname\u00a0\u00bb:\u00a0\u00bbQuelles solutions peuvent u00eatre mises en place pour amu00e9liorer la situation des enseignants ?\u00a0\u00bb,\u00a0\u00bbacceptedAnswer\u00a0\u00bb:{\u00ab\u00a0@type\u00a0\u00bb:\u00a0\u00bbAnswer\u00a0\u00bb,\u00a0\u00bbtext\u00a0\u00bb:\u00a0\u00bbIl est essentiel de valoriser le mu00e9tier d&rsquo;enseignant, d&rsquo;apporter un soutien psychologique et de repenser les pratiques pu00e9dagogiques pour restaurer un climat scolaire sain.\u00a0\u00bb}},{\u00ab\u00a0@type\u00a0\u00bb:\u00a0\u00bbQuestion\u00a0\u00bb,\u00a0\u00bbname\u00a0\u00bb:\u00a0\u00bbComment les nouvelles mu00e9thodes pu00e9dagogiques peuvent-elles aider ?\u00a0\u00bb,\u00a0\u00bbacceptedAnswer\u00a0\u00bb:{\u00ab\u00a0@type\u00a0\u00bb:\u00a0\u00bbAnswer\u00a0\u00bb,\u00a0\u00bbtext\u00a0\u00bb:\u00a0\u00bbLes mu00e9thodes pu00e9dagogiques innovantes, comme les ateliers cru00e9atifs ou les cours intercalaires, peuvent redonner du sens u00e0 l&rsquo;u00e9cole et attirer les u00e9lu00e8ves.\u00a0\u00bb}}]}\n\n<h3>Pourquoi de nombreux enseignants quittent-ils leur poste ?<\/h3>\n<p>Les enseignants sont de plus en plus nombreux \u00e0 d\u00e9missionner en raison de l&rsquo;\u00e9puisement professionnel, du manque de reconnaissance et du d\u00e9sengagement \u00e9ducatif.<\/p>\n<h3>Comment l&rsquo;\u00e9cole se transforme-t-elle en centre de loisirs ?<\/h3>\n<p>Les \u00e9l\u00e8ves per\u00e7oivent l&rsquo;\u00e9cole de plus en plus comme un lieu de divertissement plut\u00f4t que comme un espace d&rsquo;apprentissage, ce qui entra\u00eene des difficult\u00e9s pour les enseignants.<\/p>\n<h3>Quels sont les d\u00e9fis des enseignants en reconversion ?<\/h3>\n<p>Les enseignants en reconversion peuvent rencontrer des difficult\u00e9s \u00e0 adapter leurs comp\u00e9tences \u00e0 d&rsquo;autres secteurs, mais b\u00e9n\u00e9ficient aussi de nouvelles opportunit\u00e9s professionnelles.<\/p>\n<h3>Quelles solutions peuvent \u00eatre mises en place pour am\u00e9liorer la situation des enseignants ?<\/h3>\n<p>Il est essentiel de valoriser le m\u00e9tier d&rsquo;enseignant, d&rsquo;apporter un soutien psychologique et de repenser les pratiques p\u00e9dagogiques pour restaurer un climat scolaire sain.<\/p>\n<h3>Comment les nouvelles m\u00e9thodes p\u00e9dagogiques peuvent-elles aider ?<\/h3>\n<p>Les m\u00e9thodes p\u00e9dagogiques innovantes, comme les ateliers cr\u00e9atifs ou les cours intercalaires, peuvent redonner du sens \u00e0 l&rsquo;\u00e9cole et attirer les \u00e9l\u00e8ves.<\/p>\n\n","protected":false},"excerpt":{"rendered":"<p>\u00c0 l&rsquo;aube de la rentr\u00e9e 2025, nombreux sont les enseignants qui ressentent un malaise grandissant face \u00e0 un syst\u00e8me \u00e9ducatif en pleine mutation. De plus en plus de voix s&rsquo;\u00e9l\u00e8vent pour affirmer que l&rsquo;\u00e9cole, jadis sanctuaire du savoir, perd son sens et se transforme peu \u00e0 peu en un simple centre de loisirs. Le parcours &#8230; <a title=\"\u00ab L&rsquo;\u00e9cole perd son sens : un centre de loisirs ? \u00bb Le parcours sem\u00e9 d&#8217;emb\u00fbches des enseignants ayant d\u00e9missionn\u00e9.\" class=\"read-more\" href=\"https:\/\/www.apres-lecole.fr\/Blog\/perte-sens-ecole-enseignants\/\" aria-label=\"En savoir plus sur \u00ab L&rsquo;\u00e9cole perd son sens : un centre de loisirs ? \u00bb Le parcours sem\u00e9 d&#8217;emb\u00fbches des enseignants ayant d\u00e9missionn\u00e9.\">Lire plus<\/a><\/p>\n","protected":false},"author":7,"featured_media":2481,"comment_status":"open","ping_status":"open","sticky":false,"template":"","format":"standard","meta":{"footnotes":""},"categories":[342],"tags":[1719,1720,410,956,1652],"class_list":["post-2482","post","type-post","status-publish","format-standard","has-post-thumbnail","hentry","category-actualites","tag-centre-de-loisirs","tag-demission","tag-ecole","tag-enseignants","tag-parcours"],"yoast_head":"<!-- This site is optimized with the Yoast SEO plugin v27.5 - https:\/\/yoast.com\/product\/yoast-seo-wordpress\/ -->\n<title>Quand l\u2019\u00e9cole d\u00e9boussole : le difficile chemin des enseignants d\u00e9missionnaires<\/title>\n<meta name=\"description\" content=\"D\u00e9couvrez pourquoi l&#039;\u00e9cole semble perdre son sens et comment le parcours des enseignants d\u00e9missionnaires s&#039;apparente \u00e0 un vrai d\u00e9fi.\" \/>\n<meta name=\"robots\" content=\"index, follow, max-snippet:-1, max-image-preview:large, max-video-preview:-1\" \/>\n<link rel=\"canonical\" href=\"https:\/\/www.apres-lecole.fr\/Blog\/perte-sens-ecole-enseignants\/\" \/>\n<meta property=\"og:locale\" content=\"fr_FR\" \/>\n<meta property=\"og:type\" content=\"article\" \/>\n<meta property=\"og:title\" content=\"Quand l\u2019\u00e9cole d\u00e9boussole : le difficile chemin des enseignants d\u00e9missionnaires\" \/>\n<meta property=\"og:description\" content=\"D\u00e9couvrez pourquoi l&#039;\u00e9cole semble perdre son sens et comment le parcours des enseignants d\u00e9missionnaires s&#039;apparente \u00e0 un vrai d\u00e9fi.\" \/>\n<meta property=\"og:url\" content=\"https:\/\/www.apres-lecole.fr\/Blog\/perte-sens-ecole-enseignants\/\" \/>\n<meta property=\"article:published_time\" content=\"2025-10-05T07:09:30+00:00\" \/>\n<meta property=\"og:image\" content=\"https:\/\/www.apres-lecole.fr\/Blog\/wp-content\/uploads\/2025\/10\/Lecole-perd-son-sens-un-centre-de-loisirs-Le-parcours-seme-dembuches-des-enseignants-ayant-demissionne.jpg\" \/>\n\t<meta property=\"og:image:width\" content=\"1344\" \/>\n\t<meta property=\"og:image:height\" content=\"768\" \/>\n\t<meta property=\"og:image:type\" content=\"image\/jpeg\" \/>\n<meta name=\"twitter:card\" content=\"summary_large_image\" \/>\n<meta name=\"twitter:label1\" content=\"\u00c9crit par\" \/>\n\t<meta name=\"twitter:data1\" content=\"\" \/>\n\t<meta name=\"twitter:label2\" content=\"Dur\u00e9e de lecture estim\u00e9e\" \/>\n\t<meta name=\"twitter:data2\" content=\"8 minutes\" \/>\n<script type=\"application\/ld+json\" class=\"yoast-schema-graph\">{\"@context\":\"https:\\\/\\\/schema.org\",\"@graph\":[{\"@type\":\"Article\",\"@id\":\"https:\\\/\\\/www.apres-lecole.fr\\\/Blog\\\/perte-sens-ecole-enseignants\\\/#article\",\"isPartOf\":{\"@id\":\"https:\\\/\\\/www.apres-lecole.fr\\\/Blog\\\/perte-sens-ecole-enseignants\\\/\"},\"author\":{\"name\":\"\",\"@id\":\"\"},\"headline\":\"\u00ab L&rsquo;\u00e9cole perd son sens : un centre de loisirs ? \u00bb Le parcours sem\u00e9 d&#8217;emb\u00fbches des enseignants ayant d\u00e9missionn\u00e9.\",\"datePublished\":\"2025-10-05T07:09:30+00:00\",\"mainEntityOfPage\":{\"@id\":\"https:\\\/\\\/www.apres-lecole.fr\\\/Blog\\\/perte-sens-ecole-enseignants\\\/\"},\"wordCount\":1681,\"commentCount\":0,\"image\":{\"@id\":\"https:\\\/\\\/www.apres-lecole.fr\\\/Blog\\\/perte-sens-ecole-enseignants\\\/#primaryimage\"},\"thumbnailUrl\":\"https:\\\/\\\/www.apres-lecole.fr\\\/Blog\\\/wp-content\\\/uploads\\\/2025\\\/10\\\/Lecole-perd-son-sens-un-centre-de-loisirs-Le-parcours-seme-dembuches-des-enseignants-ayant-demissionne.jpg\",\"keywords\":[\"centre de loisirs\",\"d\u00e9mission\",\"\u00e9cole\",\"enseignants\",\"parcours\"],\"articleSection\":[\"Actualit\u00e9s\"],\"inLanguage\":\"fr-FR\",\"potentialAction\":[{\"@type\":\"CommentAction\",\"name\":\"Comment\",\"target\":[\"https:\\\/\\\/www.apres-lecole.fr\\\/Blog\\\/perte-sens-ecole-enseignants\\\/#respond\"]}]},{\"@type\":\"WebPage\",\"@id\":\"https:\\\/\\\/www.apres-lecole.fr\\\/Blog\\\/perte-sens-ecole-enseignants\\\/\",\"url\":\"https:\\\/\\\/www.apres-lecole.fr\\\/Blog\\\/perte-sens-ecole-enseignants\\\/\",\"name\":\"Quand l\u2019\u00e9cole d\u00e9boussole : le difficile chemin des enseignants d\u00e9missionnaires\",\"isPartOf\":{\"@id\":\"https:\\\/\\\/www.apres-lecole.fr\\\/Blog\\\/#website\"},\"primaryImageOfPage\":{\"@id\":\"https:\\\/\\\/www.apres-lecole.fr\\\/Blog\\\/perte-sens-ecole-enseignants\\\/#primaryimage\"},\"image\":{\"@id\":\"https:\\\/\\\/www.apres-lecole.fr\\\/Blog\\\/perte-sens-ecole-enseignants\\\/#primaryimage\"},\"thumbnailUrl\":\"https:\\\/\\\/www.apres-lecole.fr\\\/Blog\\\/wp-content\\\/uploads\\\/2025\\\/10\\\/Lecole-perd-son-sens-un-centre-de-loisirs-Le-parcours-seme-dembuches-des-enseignants-ayant-demissionne.jpg\",\"datePublished\":\"2025-10-05T07:09:30+00:00\",\"author\":{\"@id\":\"\"},\"description\":\"D\u00e9couvrez pourquoi l'\u00e9cole semble perdre son sens et comment le parcours des enseignants d\u00e9missionnaires s'apparente \u00e0 un vrai d\u00e9fi.\",\"breadcrumb\":{\"@id\":\"https:\\\/\\\/www.apres-lecole.fr\\\/Blog\\\/perte-sens-ecole-enseignants\\\/#breadcrumb\"},\"inLanguage\":\"fr-FR\",\"potentialAction\":[{\"@type\":\"ReadAction\",\"target\":[\"https:\\\/\\\/www.apres-lecole.fr\\\/Blog\\\/perte-sens-ecole-enseignants\\\/\"]}]},{\"@type\":\"ImageObject\",\"inLanguage\":\"fr-FR\",\"@id\":\"https:\\\/\\\/www.apres-lecole.fr\\\/Blog\\\/perte-sens-ecole-enseignants\\\/#primaryimage\",\"url\":\"https:\\\/\\\/www.apres-lecole.fr\\\/Blog\\\/wp-content\\\/uploads\\\/2025\\\/10\\\/Lecole-perd-son-sens-un-centre-de-loisirs-Le-parcours-seme-dembuches-des-enseignants-ayant-demissionne.jpg\",\"contentUrl\":\"https:\\\/\\\/www.apres-lecole.fr\\\/Blog\\\/wp-content\\\/uploads\\\/2025\\\/10\\\/Lecole-perd-son-sens-un-centre-de-loisirs-Le-parcours-seme-dembuches-des-enseignants-ayant-demissionne.jpg\",\"width\":1344,\"height\":768,\"caption\":\"d\u00e9couvrez comment de nombreux enseignants, d\u00e9courag\u00e9s par la transformation de l'\u00e9cole en centre de loisirs, choisissent de d\u00e9missionner. plong\u00e9e dans leurs parcours sem\u00e9s d'emb\u00fbches et les raisons profondes qui les poussent \u00e0 quitter l'\u00e9ducation nationale.\"},{\"@type\":\"BreadcrumbList\",\"@id\":\"https:\\\/\\\/www.apres-lecole.fr\\\/Blog\\\/perte-sens-ecole-enseignants\\\/#breadcrumb\",\"itemListElement\":[{\"@type\":\"ListItem\",\"position\":1,\"name\":\"Home\",\"item\":\"https:\\\/\\\/www.apres-lecole.fr\\\/Blog\\\/\"},{\"@type\":\"ListItem\",\"position\":2,\"name\":\"\u00ab L&rsquo;\u00e9cole perd son sens : un centre de loisirs ? \u00bb Le parcours sem\u00e9 d&#8217;emb\u00fbches des enseignants ayant d\u00e9missionn\u00e9.\"}]},{\"@type\":\"WebSite\",\"@id\":\"https:\\\/\\\/www.apres-lecole.fr\\\/Blog\\\/#website\",\"url\":\"https:\\\/\\\/www.apres-lecole.fr\\\/Blog\\\/\",\"name\":\"\",\"description\":\"M\u00e9dia g\u00e9n\u00e9raliste\",\"potentialAction\":[{\"@type\":\"SearchAction\",\"target\":{\"@type\":\"EntryPoint\",\"urlTemplate\":\"https:\\\/\\\/www.apres-lecole.fr\\\/Blog\\\/?s={search_term_string}\"},\"query-input\":{\"@type\":\"PropertyValueSpecification\",\"valueRequired\":true,\"valueName\":\"search_term_string\"}}],\"inLanguage\":\"fr-FR\"},{\"@type\":\"Person\",\"@id\":\"\",\"url\":\"https:\\\/\\\/www.apres-lecole.fr\\\/Blog\\\/author\\\/\"}]}<\/script>\n<!-- \/ Yoast SEO plugin. -->","yoast_head_json":{"title":"Quand l\u2019\u00e9cole d\u00e9boussole : le difficile chemin des enseignants d\u00e9missionnaires","description":"D\u00e9couvrez pourquoi l'\u00e9cole semble perdre son sens et comment le parcours des enseignants d\u00e9missionnaires s'apparente \u00e0 un vrai d\u00e9fi.","robots":{"index":"index","follow":"follow","max-snippet":"max-snippet:-1","max-image-preview":"max-image-preview:large","max-video-preview":"max-video-preview:-1"},"canonical":"https:\/\/www.apres-lecole.fr\/Blog\/perte-sens-ecole-enseignants\/","og_locale":"fr_FR","og_type":"article","og_title":"Quand l\u2019\u00e9cole d\u00e9boussole : le difficile chemin des enseignants d\u00e9missionnaires","og_description":"D\u00e9couvrez pourquoi l'\u00e9cole semble perdre son sens et comment le parcours des enseignants d\u00e9missionnaires s'apparente \u00e0 un vrai d\u00e9fi.","og_url":"https:\/\/www.apres-lecole.fr\/Blog\/perte-sens-ecole-enseignants\/","article_published_time":"2025-10-05T07:09:30+00:00","og_image":[{"width":1344,"height":768,"url":"https:\/\/www.apres-lecole.fr\/Blog\/wp-content\/uploads\/2025\/10\/Lecole-perd-son-sens-un-centre-de-loisirs-Le-parcours-seme-dembuches-des-enseignants-ayant-demissionne.jpg","type":"image\/jpeg"}],"twitter_card":"summary_large_image","twitter_misc":{"\u00c9crit par":"","Dur\u00e9e de lecture estim\u00e9e":"8 minutes"},"schema":{"@context":"https:\/\/schema.org","@graph":[{"@type":"Article","@id":"https:\/\/www.apres-lecole.fr\/Blog\/perte-sens-ecole-enseignants\/#article","isPartOf":{"@id":"https:\/\/www.apres-lecole.fr\/Blog\/perte-sens-ecole-enseignants\/"},"author":{"name":"","@id":""},"headline":"\u00ab L&rsquo;\u00e9cole perd son sens : un centre de loisirs ? \u00bb Le parcours sem\u00e9 d&#8217;emb\u00fbches des enseignants ayant d\u00e9missionn\u00e9.","datePublished":"2025-10-05T07:09:30+00:00","mainEntityOfPage":{"@id":"https:\/\/www.apres-lecole.fr\/Blog\/perte-sens-ecole-enseignants\/"},"wordCount":1681,"commentCount":0,"image":{"@id":"https:\/\/www.apres-lecole.fr\/Blog\/perte-sens-ecole-enseignants\/#primaryimage"},"thumbnailUrl":"https:\/\/www.apres-lecole.fr\/Blog\/wp-content\/uploads\/2025\/10\/Lecole-perd-son-sens-un-centre-de-loisirs-Le-parcours-seme-dembuches-des-enseignants-ayant-demissionne.jpg","keywords":["centre de loisirs","d\u00e9mission","\u00e9cole","enseignants","parcours"],"articleSection":["Actualit\u00e9s"],"inLanguage":"fr-FR","potentialAction":[{"@type":"CommentAction","name":"Comment","target":["https:\/\/www.apres-lecole.fr\/Blog\/perte-sens-ecole-enseignants\/#respond"]}]},{"@type":"WebPage","@id":"https:\/\/www.apres-lecole.fr\/Blog\/perte-sens-ecole-enseignants\/","url":"https:\/\/www.apres-lecole.fr\/Blog\/perte-sens-ecole-enseignants\/","name":"Quand l\u2019\u00e9cole d\u00e9boussole : le difficile chemin des enseignants d\u00e9missionnaires","isPartOf":{"@id":"https:\/\/www.apres-lecole.fr\/Blog\/#website"},"primaryImageOfPage":{"@id":"https:\/\/www.apres-lecole.fr\/Blog\/perte-sens-ecole-enseignants\/#primaryimage"},"image":{"@id":"https:\/\/www.apres-lecole.fr\/Blog\/perte-sens-ecole-enseignants\/#primaryimage"},"thumbnailUrl":"https:\/\/www.apres-lecole.fr\/Blog\/wp-content\/uploads\/2025\/10\/Lecole-perd-son-sens-un-centre-de-loisirs-Le-parcours-seme-dembuches-des-enseignants-ayant-demissionne.jpg","datePublished":"2025-10-05T07:09:30+00:00","author":{"@id":""},"description":"D\u00e9couvrez pourquoi l'\u00e9cole semble perdre son sens et comment le parcours des enseignants d\u00e9missionnaires s'apparente \u00e0 un vrai d\u00e9fi.","breadcrumb":{"@id":"https:\/\/www.apres-lecole.fr\/Blog\/perte-sens-ecole-enseignants\/#breadcrumb"},"inLanguage":"fr-FR","potentialAction":[{"@type":"ReadAction","target":["https:\/\/www.apres-lecole.fr\/Blog\/perte-sens-ecole-enseignants\/"]}]},{"@type":"ImageObject","inLanguage":"fr-FR","@id":"https:\/\/www.apres-lecole.fr\/Blog\/perte-sens-ecole-enseignants\/#primaryimage","url":"https:\/\/www.apres-lecole.fr\/Blog\/wp-content\/uploads\/2025\/10\/Lecole-perd-son-sens-un-centre-de-loisirs-Le-parcours-seme-dembuches-des-enseignants-ayant-demissionne.jpg","contentUrl":"https:\/\/www.apres-lecole.fr\/Blog\/wp-content\/uploads\/2025\/10\/Lecole-perd-son-sens-un-centre-de-loisirs-Le-parcours-seme-dembuches-des-enseignants-ayant-demissionne.jpg","width":1344,"height":768,"caption":"d\u00e9couvrez comment de nombreux enseignants, d\u00e9courag\u00e9s par la transformation de l'\u00e9cole en centre de loisirs, choisissent de d\u00e9missionner. plong\u00e9e dans leurs parcours sem\u00e9s d'emb\u00fbches et les raisons profondes qui les poussent \u00e0 quitter l'\u00e9ducation nationale."},{"@type":"BreadcrumbList","@id":"https:\/\/www.apres-lecole.fr\/Blog\/perte-sens-ecole-enseignants\/#breadcrumb","itemListElement":[{"@type":"ListItem","position":1,"name":"Home","item":"https:\/\/www.apres-lecole.fr\/Blog\/"},{"@type":"ListItem","position":2,"name":"\u00ab L&rsquo;\u00e9cole perd son sens : un centre de loisirs ? \u00bb Le parcours sem\u00e9 d&#8217;emb\u00fbches des enseignants ayant d\u00e9missionn\u00e9."}]},{"@type":"WebSite","@id":"https:\/\/www.apres-lecole.fr\/Blog\/#website","url":"https:\/\/www.apres-lecole.fr\/Blog\/","name":"","description":"M\u00e9dia g\u00e9n\u00e9raliste","potentialAction":[{"@type":"SearchAction","target":{"@type":"EntryPoint","urlTemplate":"https:\/\/www.apres-lecole.fr\/Blog\/?s={search_term_string}"},"query-input":{"@type":"PropertyValueSpecification","valueRequired":true,"valueName":"search_term_string"}}],"inLanguage":"fr-FR"},{"@type":"Person","@id":"","url":"https:\/\/www.apres-lecole.fr\/Blog\/author\/"}]}},"views":22,"_links":{"self":[{"href":"https:\/\/www.apres-lecole.fr\/Blog\/wp-json\/wp\/v2\/posts\/2482","targetHints":{"allow":["GET"]}}],"collection":[{"href":"https:\/\/www.apres-lecole.fr\/Blog\/wp-json\/wp\/v2\/posts"}],"about":[{"href":"https:\/\/www.apres-lecole.fr\/Blog\/wp-json\/wp\/v2\/types\/post"}],"author":[{"embeddable":true,"href":"https:\/\/www.apres-lecole.fr\/Blog\/wp-json\/wp\/v2\/users\/7"}],"replies":[{"embeddable":true,"href":"https:\/\/www.apres-lecole.fr\/Blog\/wp-json\/wp\/v2\/comments?post=2482"}],"version-history":[{"count":0,"href":"https:\/\/www.apres-lecole.fr\/Blog\/wp-json\/wp\/v2\/posts\/2482\/revisions"}],"wp:featuredmedia":[{"embeddable":true,"href":"https:\/\/www.apres-lecole.fr\/Blog\/wp-json\/wp\/v2\/media\/2481"}],"wp:attachment":[{"href":"https:\/\/www.apres-lecole.fr\/Blog\/wp-json\/wp\/v2\/media?parent=2482"}],"wp:term":[{"taxonomy":"category","embeddable":true,"href":"https:\/\/www.apres-lecole.fr\/Blog\/wp-json\/wp\/v2\/categories?post=2482"},{"taxonomy":"post_tag","embeddable":true,"href":"https:\/\/www.apres-lecole.fr\/Blog\/wp-json\/wp\/v2\/tags?post=2482"}],"curies":[{"name":"wp","href":"https:\/\/api.w.org\/{rel}","templated":true}]}}