{"id":2466,"date":"2025-10-03T06:35:28","date_gmt":"2025-10-03T06:35:28","guid":{"rendered":"https:\/\/www.apres-lecole.fr\/Blog\/ecole-charles-peguy-2025\/"},"modified":"2025-10-03T06:35:28","modified_gmt":"2025-10-03T06:35:28","slug":"ecole-charles-peguy-2025","status":"publish","type":"post","link":"https:\/\/www.apres-lecole.fr\/Blog\/ecole-charles-peguy-2025\/","title":{"rendered":"\u00c9cole Charles P\u00e9guy : un mod\u00e8le d&rsquo;\u00e9ducation innovante pour 2025"},"content":{"rendered":"\n\n<div class=\"kk-star-ratings kksr-auto kksr-align-left kksr-valign-top\"\n    data-payload='{&quot;align&quot;:&quot;left&quot;,&quot;id&quot;:&quot;2466&quot;,&quot;slug&quot;:&quot;default&quot;,&quot;valign&quot;:&quot;top&quot;,&quot;ignore&quot;:&quot;&quot;,&quot;reference&quot;:&quot;auto&quot;,&quot;class&quot;:&quot;&quot;,&quot;count&quot;:&quot;0&quot;,&quot;legendonly&quot;:&quot;&quot;,&quot;readonly&quot;:&quot;&quot;,&quot;score&quot;:&quot;0&quot;,&quot;starsonly&quot;:&quot;&quot;,&quot;best&quot;:&quot;5&quot;,&quot;gap&quot;:&quot;5&quot;,&quot;greet&quot;:&quot;Rate this post&quot;,&quot;legend&quot;:&quot;0\\\/5 - (0 vote)&quot;,&quot;size&quot;:&quot;24&quot;,&quot;title&quot;:&quot;\u00c9cole Charles P\u00e9guy : un mod\u00e8le d\\u0026#039;\u00e9ducation innovante pour 2025&quot;,&quot;width&quot;:&quot;0&quot;,&quot;_legend&quot;:&quot;{score}\\\/{best} - ({count} {votes})&quot;,&quot;font_factor&quot;:&quot;1.25&quot;}'>\n            \n<div class=\"kksr-stars\">\n    \n<div class=\"kksr-stars-inactive\">\n            <div class=\"kksr-star\" data-star=\"1\" style=\"padding-right: 5px\">\n            \n\n<div class=\"kksr-icon\" style=\"width: 24px; height: 24px;\"><\/div>\n        <\/div>\n            <div class=\"kksr-star\" data-star=\"2\" style=\"padding-right: 5px\">\n            \n\n<div class=\"kksr-icon\" style=\"width: 24px; height: 24px;\"><\/div>\n        <\/div>\n            <div class=\"kksr-star\" data-star=\"3\" style=\"padding-right: 5px\">\n            \n\n<div class=\"kksr-icon\" style=\"width: 24px; height: 24px;\"><\/div>\n        <\/div>\n            <div class=\"kksr-star\" data-star=\"4\" style=\"padding-right: 5px\">\n            \n\n<div class=\"kksr-icon\" style=\"width: 24px; height: 24px;\"><\/div>\n        <\/div>\n            <div class=\"kksr-star\" data-star=\"5\" style=\"padding-right: 5px\">\n            \n\n<div class=\"kksr-icon\" style=\"width: 24px; height: 24px;\"><\/div>\n        <\/div>\n    <\/div>\n    \n<div class=\"kksr-stars-active\" style=\"width: 0px;\">\n            <div class=\"kksr-star\" style=\"padding-right: 5px\">\n            \n\n<div class=\"kksr-icon\" style=\"width: 24px; height: 24px;\"><\/div>\n        <\/div>\n            <div class=\"kksr-star\" style=\"padding-right: 5px\">\n            \n\n<div class=\"kksr-icon\" style=\"width: 24px; height: 24px;\"><\/div>\n        <\/div>\n            <div class=\"kksr-star\" style=\"padding-right: 5px\">\n            \n\n<div class=\"kksr-icon\" style=\"width: 24px; height: 24px;\"><\/div>\n        <\/div>\n            <div class=\"kksr-star\" style=\"padding-right: 5px\">\n            \n\n<div class=\"kksr-icon\" style=\"width: 24px; height: 24px;\"><\/div>\n        <\/div>\n            <div class=\"kksr-star\" style=\"padding-right: 5px\">\n            \n\n<div class=\"kksr-icon\" style=\"width: 24px; height: 24px;\"><\/div>\n        <\/div>\n    <\/div>\n<\/div>\n                \n\n<div class=\"kksr-legend\" style=\"font-size: 19.2px;\">\n            <span class=\"kksr-muted\">Rate this post<\/span>\n    <\/div>\n    <\/div>\n<p>L&rsquo;\u00c9cole Charles P\u00e9guy se distingue comme un phare de l&rsquo;innovation \u00e9ducative, r\u00e9pondant aux d\u00e9fis de notre \u00e9poque moderne. C&rsquo;est un lieu o\u00f9 l&rsquo;apprentissage va bien au-del\u00e0 des simples transmissions de savoirs, promettant une exp\u00e9rience formatrice compl\u00e8te et diversifi\u00e9e pour chaque \u00e9l\u00e8ve. Loin des m\u00e9thodes p\u00e9dagogiques classiques, cet \u00e9tablissement priv\u00e9 int\u00e8gre une approche multidimensionnelle, mettant l&rsquo;accent sur le d\u00e9veloppement personnel, l&rsquo;ouverture culturelle et l&rsquo;engagement citoyen. En 2025, l&rsquo;\u00c9cole Charles P\u00e9guy d\u00e9montre qu&rsquo;il est crucial d&rsquo;\u00e9voluer pour pr\u00e9parer la g\u00e9n\u00e9ration \u00e0 venir aux r\u00e9alit\u00e9s d&rsquo;un monde en changement rapide.<\/p>\n\n<ul class=\"wp-block-list\"><li>Le contexte \u00e9ducatif en 2025<\/li><li>Les sp\u00e9cificit\u00e9s de l&rsquo;approche p\u00e9dagogique<\/li><li>Innovations technologiques et environnement d&rsquo;apprentissage<\/li><li>L&rsquo;appartenance communautaire et inclusion<\/li><li>Vision \u00e0 long terme : pr\u00e9paration \u00e0 l&rsquo;avenir et \u00e0 l&rsquo;engagement citoyen<\/li><\/ul>\n\n<h2 class=\"wp-block-heading\">Le contexte \u00e9ducatif en 2025<\/h2>\n\n<p>En 2025, le paysage \u00e9ducatif a consid\u00e9rablement \u00e9volu\u00e9, avec des attentes changeantes concernant l&rsquo;\u00e9ducation des jeunes g\u00e9n\u00e9rations. La soci\u00e9t\u00e9 est confront\u00e9e \u00e0 d&rsquo;immenses d\u00e9fis technologiques et sociaux, ce qui n\u00e9cessite que les \u00e9tablissements d&rsquo;enseignement s&rsquo;adaptent rapidement. \u00c0 l&rsquo;\u00c9cole Charles P\u00e9guy, cette prise de conscience est omnipr\u00e9sente. Le discours \u00e9ducatif place d\u00e9sormais l&rsquo;\u00e9l\u00e8ve au c\u0153ur de l&rsquo;apprentissage, le pr\u00e9parant \u00e0 naviguer dans un monde interconnect\u00e9 et en constante mutation.<\/p>\n\n<p>La diversit\u00e9 culturelle, notamment dans des environnements comme celui de l&rsquo;\u00c9cole Charles P\u00e9guy, est un atout majeur. Les \u00e9l\u00e8ves viennent d&rsquo;horizons diff\u00e9rents, enrichissant le cadre d&rsquo;\u00e9changes et d&rsquo;apprentissage. C&rsquo;est un creuset o\u00f9 le respect et la compr\u00e9hension mutuelle sont non seulement encourag\u00e9s mais int\u00e9gr\u00e9s dans le quotidien. Une telle approche aide non seulement les \u00e9l\u00e8ves \u00e0 d\u00e9velopper leurs comp\u00e9tences interpersonnelles mais les pr\u00e9pare \u00e9galement \u00e0 un avenir o\u00f9 la coop\u00e9ration internationale est primordiale.<\/p>\n\n","protected":false},"excerpt":{"rendered":"<p>L&rsquo;\u00c9cole Charles P\u00e9guy se distingue comme un phare de l&rsquo;innovation \u00e9ducative, r\u00e9pondant aux d\u00e9fis de notre \u00e9poque moderne. C&rsquo;est un lieu o\u00f9 l&rsquo;apprentissage va bien au-del\u00e0 des simples transmissions de savoirs, promettant une exp\u00e9rience formatrice compl\u00e8te et diversifi\u00e9e pour chaque \u00e9l\u00e8ve. Loin des m\u00e9thodes p\u00e9dagogiques classiques, cet \u00e9tablissement priv\u00e9 int\u00e8gre une approche multidimensionnelle, mettant l&rsquo;accent &#8230; <a title=\"\u00c9cole Charles P\u00e9guy : un mod\u00e8le d&rsquo;\u00e9ducation innovante pour 2025\" class=\"read-more\" href=\"https:\/\/www.apres-lecole.fr\/Blog\/ecole-charles-peguy-2025\/\" aria-label=\"En savoir plus sur \u00c9cole Charles P\u00e9guy : un mod\u00e8le d&rsquo;\u00e9ducation innovante pour 2025\">Lire plus<\/a><\/p>\n","protected":false},"author":7,"featured_media":2465,"comment_status":"open","ping_status":"open","sticky":false,"template":"","format":"standard","meta":{"footnotes":""},"categories":[342],"tags":[1439,1695,1397,1415],"class_list":["post-2466","post","type-post","status-publish","format-standard","has-post-thumbnail","hentry","category-actualites","tag-avenir-de-leducation","tag-ecole-charles-peguy","tag-education-innovante","tag-modele-educatif"],"yoast_head":"<!-- This site is optimized with the Yoast SEO plugin v27.5 - https:\/\/yoast.com\/product\/yoast-seo-wordpress\/ -->\n<title>Charles P\u00e9guy : l\u2019\u00e9cole du futur s\u2019invente aujourd\u2019hui<\/title>\n<meta name=\"description\" content=\"D\u00e9couvrez l&#039;\u00c9cole Charles P\u00e9guy, un mod\u00e8le d&#039;\u00e9ducation innovante pour 2025, alliant excellence, p\u00e9dagogies modernes et r\u00e9ussite des \u00e9l\u00e8ves.\" \/>\n<meta name=\"robots\" content=\"index, follow, max-snippet:-1, max-image-preview:large, max-video-preview:-1\" \/>\n<link rel=\"canonical\" href=\"https:\/\/www.apres-lecole.fr\/Blog\/ecole-charles-peguy-2025\/\" \/>\n<meta property=\"og:locale\" content=\"fr_FR\" \/>\n<meta property=\"og:type\" content=\"article\" \/>\n<meta property=\"og:title\" content=\"Charles P\u00e9guy : l\u2019\u00e9cole du futur s\u2019invente aujourd\u2019hui\" \/>\n<meta property=\"og:description\" content=\"D\u00e9couvrez l&#039;\u00c9cole Charles P\u00e9guy, un mod\u00e8le d&#039;\u00e9ducation innovante pour 2025, alliant excellence, p\u00e9dagogies modernes et r\u00e9ussite des \u00e9l\u00e8ves.\" \/>\n<meta property=\"og:url\" content=\"https:\/\/www.apres-lecole.fr\/Blog\/ecole-charles-peguy-2025\/\" \/>\n<meta property=\"article:published_time\" content=\"2025-10-03T06:35:28+00:00\" \/>\n<meta property=\"og:image\" content=\"https:\/\/www.apres-lecole.fr\/Blog\/wp-content\/uploads\/2025\/10\/Ecole-Charles-Peguy-un-modele-deducation-innovante-pour-2025.jpg\" \/>\n\t<meta property=\"og:image:width\" content=\"1344\" \/>\n\t<meta property=\"og:image:height\" content=\"768\" \/>\n\t<meta property=\"og:image:type\" content=\"image\/jpeg\" \/>\n<meta name=\"twitter:card\" content=\"summary_large_image\" \/>\n<meta name=\"twitter:label1\" content=\"\u00c9crit par\" \/>\n\t<meta name=\"twitter:data1\" content=\"\" \/>\n\t<meta name=\"twitter:label2\" content=\"Dur\u00e9e de lecture estim\u00e9e\" \/>\n\t<meta name=\"twitter:data2\" content=\"2 minutes\" \/>\n<script type=\"application\/ld+json\" class=\"yoast-schema-graph\">{\"@context\":\"https:\\\/\\\/schema.org\",\"@graph\":[{\"@type\":\"Article\",\"@id\":\"https:\\\/\\\/www.apres-lecole.fr\\\/Blog\\\/ecole-charles-peguy-2025\\\/#article\",\"isPartOf\":{\"@id\":\"https:\\\/\\\/www.apres-lecole.fr\\\/Blog\\\/ecole-charles-peguy-2025\\\/\"},\"author\":{\"name\":\"\",\"@id\":\"\"},\"headline\":\"\u00c9cole Charles P\u00e9guy : un mod\u00e8le d&rsquo;\u00e9ducation innovante pour 2025\",\"datePublished\":\"2025-10-03T06:35:28+00:00\",\"mainEntityOfPage\":{\"@id\":\"https:\\\/\\\/www.apres-lecole.fr\\\/Blog\\\/ecole-charles-peguy-2025\\\/\"},\"wordCount\":336,\"commentCount\":0,\"image\":{\"@id\":\"https:\\\/\\\/www.apres-lecole.fr\\\/Blog\\\/ecole-charles-peguy-2025\\\/#primaryimage\"},\"thumbnailUrl\":\"https:\\\/\\\/www.apres-lecole.fr\\\/Blog\\\/wp-content\\\/uploads\\\/2025\\\/10\\\/Ecole-Charles-Peguy-un-modele-deducation-innovante-pour-2025.jpg\",\"keywords\":[\"avenir de l'\u00e9ducation\",\"\u00e9cole charles p\u00e9guy\",\"\u00e9ducation innovante\",\"mod\u00e8le \u00e9ducatif\"],\"articleSection\":[\"Actualit\u00e9s\"],\"inLanguage\":\"fr-FR\",\"potentialAction\":[{\"@type\":\"CommentAction\",\"name\":\"Comment\",\"target\":[\"https:\\\/\\\/www.apres-lecole.fr\\\/Blog\\\/ecole-charles-peguy-2025\\\/#respond\"]}]},{\"@type\":\"WebPage\",\"@id\":\"https:\\\/\\\/www.apres-lecole.fr\\\/Blog\\\/ecole-charles-peguy-2025\\\/\",\"url\":\"https:\\\/\\\/www.apres-lecole.fr\\\/Blog\\\/ecole-charles-peguy-2025\\\/\",\"name\":\"Charles P\u00e9guy : l\u2019\u00e9cole du futur s\u2019invente aujourd\u2019hui\",\"isPartOf\":{\"@id\":\"https:\\\/\\\/www.apres-lecole.fr\\\/Blog\\\/#website\"},\"primaryImageOfPage\":{\"@id\":\"https:\\\/\\\/www.apres-lecole.fr\\\/Blog\\\/ecole-charles-peguy-2025\\\/#primaryimage\"},\"image\":{\"@id\":\"https:\\\/\\\/www.apres-lecole.fr\\\/Blog\\\/ecole-charles-peguy-2025\\\/#primaryimage\"},\"thumbnailUrl\":\"https:\\\/\\\/www.apres-lecole.fr\\\/Blog\\\/wp-content\\\/uploads\\\/2025\\\/10\\\/Ecole-Charles-Peguy-un-modele-deducation-innovante-pour-2025.jpg\",\"datePublished\":\"2025-10-03T06:35:28+00:00\",\"author\":{\"@id\":\"\"},\"description\":\"D\u00e9couvrez l'\u00c9cole Charles P\u00e9guy, un mod\u00e8le d'\u00e9ducation innovante pour 2025, alliant excellence, p\u00e9dagogies modernes et r\u00e9ussite des \u00e9l\u00e8ves.\",\"breadcrumb\":{\"@id\":\"https:\\\/\\\/www.apres-lecole.fr\\\/Blog\\\/ecole-charles-peguy-2025\\\/#breadcrumb\"},\"inLanguage\":\"fr-FR\",\"potentialAction\":[{\"@type\":\"ReadAction\",\"target\":[\"https:\\\/\\\/www.apres-lecole.fr\\\/Blog\\\/ecole-charles-peguy-2025\\\/\"]}]},{\"@type\":\"ImageObject\",\"inLanguage\":\"fr-FR\",\"@id\":\"https:\\\/\\\/www.apres-lecole.fr\\\/Blog\\\/ecole-charles-peguy-2025\\\/#primaryimage\",\"url\":\"https:\\\/\\\/www.apres-lecole.fr\\\/Blog\\\/wp-content\\\/uploads\\\/2025\\\/10\\\/Ecole-Charles-Peguy-un-modele-deducation-innovante-pour-2025.jpg\",\"contentUrl\":\"https:\\\/\\\/www.apres-lecole.fr\\\/Blog\\\/wp-content\\\/uploads\\\/2025\\\/10\\\/Ecole-Charles-Peguy-un-modele-deducation-innovante-pour-2025.jpg\",\"width\":1344,\"height\":768,\"caption\":\"d\u00e9couvrez comment l'\u00e9cole charles p\u00e9guy incarne en 2025 un mod\u00e8le d'\u00e9ducation innovante, alliant p\u00e9dagogies modernes et accompagnement personnalis\u00e9 pour pr\u00e9parer les \u00e9l\u00e8ves aux d\u00e9fis de demain.\"},{\"@type\":\"BreadcrumbList\",\"@id\":\"https:\\\/\\\/www.apres-lecole.fr\\\/Blog\\\/ecole-charles-peguy-2025\\\/#breadcrumb\",\"itemListElement\":[{\"@type\":\"ListItem\",\"position\":1,\"name\":\"Home\",\"item\":\"https:\\\/\\\/www.apres-lecole.fr\\\/Blog\\\/\"},{\"@type\":\"ListItem\",\"position\":2,\"name\":\"\u00c9cole Charles P\u00e9guy : un mod\u00e8le d&rsquo;\u00e9ducation innovante pour 2025\"}]},{\"@type\":\"WebSite\",\"@id\":\"https:\\\/\\\/www.apres-lecole.fr\\\/Blog\\\/#website\",\"url\":\"https:\\\/\\\/www.apres-lecole.fr\\\/Blog\\\/\",\"name\":\"\",\"description\":\"M\u00e9dia g\u00e9n\u00e9raliste\",\"potentialAction\":[{\"@type\":\"SearchAction\",\"target\":{\"@type\":\"EntryPoint\",\"urlTemplate\":\"https:\\\/\\\/www.apres-lecole.fr\\\/Blog\\\/?s={search_term_string}\"},\"query-input\":{\"@type\":\"PropertyValueSpecification\",\"valueRequired\":true,\"valueName\":\"search_term_string\"}}],\"inLanguage\":\"fr-FR\"},{\"@type\":\"Person\",\"@id\":\"\",\"url\":\"https:\\\/\\\/www.apres-lecole.fr\\\/Blog\\\/author\\\/\"}]}<\/script>\n<!-- \/ Yoast SEO plugin. -->","yoast_head_json":{"title":"Charles P\u00e9guy : l\u2019\u00e9cole du futur s\u2019invente aujourd\u2019hui","description":"D\u00e9couvrez l'\u00c9cole Charles P\u00e9guy, un mod\u00e8le d'\u00e9ducation innovante pour 2025, alliant excellence, p\u00e9dagogies modernes et r\u00e9ussite des \u00e9l\u00e8ves.","robots":{"index":"index","follow":"follow","max-snippet":"max-snippet:-1","max-image-preview":"max-image-preview:large","max-video-preview":"max-video-preview:-1"},"canonical":"https:\/\/www.apres-lecole.fr\/Blog\/ecole-charles-peguy-2025\/","og_locale":"fr_FR","og_type":"article","og_title":"Charles P\u00e9guy : l\u2019\u00e9cole du futur s\u2019invente aujourd\u2019hui","og_description":"D\u00e9couvrez l'\u00c9cole Charles P\u00e9guy, un mod\u00e8le d'\u00e9ducation innovante pour 2025, alliant excellence, p\u00e9dagogies modernes et r\u00e9ussite des \u00e9l\u00e8ves.","og_url":"https:\/\/www.apres-lecole.fr\/Blog\/ecole-charles-peguy-2025\/","article_published_time":"2025-10-03T06:35:28+00:00","og_image":[{"width":1344,"height":768,"url":"https:\/\/www.apres-lecole.fr\/Blog\/wp-content\/uploads\/2025\/10\/Ecole-Charles-Peguy-un-modele-deducation-innovante-pour-2025.jpg","type":"image\/jpeg"}],"twitter_card":"summary_large_image","twitter_misc":{"\u00c9crit par":"","Dur\u00e9e de lecture estim\u00e9e":"2 minutes"},"schema":{"@context":"https:\/\/schema.org","@graph":[{"@type":"Article","@id":"https:\/\/www.apres-lecole.fr\/Blog\/ecole-charles-peguy-2025\/#article","isPartOf":{"@id":"https:\/\/www.apres-lecole.fr\/Blog\/ecole-charles-peguy-2025\/"},"author":{"name":"","@id":""},"headline":"\u00c9cole Charles P\u00e9guy : un mod\u00e8le d&rsquo;\u00e9ducation innovante pour 2025","datePublished":"2025-10-03T06:35:28+00:00","mainEntityOfPage":{"@id":"https:\/\/www.apres-lecole.fr\/Blog\/ecole-charles-peguy-2025\/"},"wordCount":336,"commentCount":0,"image":{"@id":"https:\/\/www.apres-lecole.fr\/Blog\/ecole-charles-peguy-2025\/#primaryimage"},"thumbnailUrl":"https:\/\/www.apres-lecole.fr\/Blog\/wp-content\/uploads\/2025\/10\/Ecole-Charles-Peguy-un-modele-deducation-innovante-pour-2025.jpg","keywords":["avenir de l'\u00e9ducation","\u00e9cole charles p\u00e9guy","\u00e9ducation innovante","mod\u00e8le \u00e9ducatif"],"articleSection":["Actualit\u00e9s"],"inLanguage":"fr-FR","potentialAction":[{"@type":"CommentAction","name":"Comment","target":["https:\/\/www.apres-lecole.fr\/Blog\/ecole-charles-peguy-2025\/#respond"]}]},{"@type":"WebPage","@id":"https:\/\/www.apres-lecole.fr\/Blog\/ecole-charles-peguy-2025\/","url":"https:\/\/www.apres-lecole.fr\/Blog\/ecole-charles-peguy-2025\/","name":"Charles P\u00e9guy : l\u2019\u00e9cole du futur s\u2019invente aujourd\u2019hui","isPartOf":{"@id":"https:\/\/www.apres-lecole.fr\/Blog\/#website"},"primaryImageOfPage":{"@id":"https:\/\/www.apres-lecole.fr\/Blog\/ecole-charles-peguy-2025\/#primaryimage"},"image":{"@id":"https:\/\/www.apres-lecole.fr\/Blog\/ecole-charles-peguy-2025\/#primaryimage"},"thumbnailUrl":"https:\/\/www.apres-lecole.fr\/Blog\/wp-content\/uploads\/2025\/10\/Ecole-Charles-Peguy-un-modele-deducation-innovante-pour-2025.jpg","datePublished":"2025-10-03T06:35:28+00:00","author":{"@id":""},"description":"D\u00e9couvrez l'\u00c9cole Charles P\u00e9guy, un mod\u00e8le d'\u00e9ducation innovante pour 2025, alliant excellence, p\u00e9dagogies modernes et r\u00e9ussite des \u00e9l\u00e8ves.","breadcrumb":{"@id":"https:\/\/www.apres-lecole.fr\/Blog\/ecole-charles-peguy-2025\/#breadcrumb"},"inLanguage":"fr-FR","potentialAction":[{"@type":"ReadAction","target":["https:\/\/www.apres-lecole.fr\/Blog\/ecole-charles-peguy-2025\/"]}]},{"@type":"ImageObject","inLanguage":"fr-FR","@id":"https:\/\/www.apres-lecole.fr\/Blog\/ecole-charles-peguy-2025\/#primaryimage","url":"https:\/\/www.apres-lecole.fr\/Blog\/wp-content\/uploads\/2025\/10\/Ecole-Charles-Peguy-un-modele-deducation-innovante-pour-2025.jpg","contentUrl":"https:\/\/www.apres-lecole.fr\/Blog\/wp-content\/uploads\/2025\/10\/Ecole-Charles-Peguy-un-modele-deducation-innovante-pour-2025.jpg","width":1344,"height":768,"caption":"d\u00e9couvrez comment l'\u00e9cole charles p\u00e9guy incarne en 2025 un mod\u00e8le d'\u00e9ducation innovante, alliant p\u00e9dagogies modernes et accompagnement personnalis\u00e9 pour pr\u00e9parer les \u00e9l\u00e8ves aux d\u00e9fis de demain."},{"@type":"BreadcrumbList","@id":"https:\/\/www.apres-lecole.fr\/Blog\/ecole-charles-peguy-2025\/#breadcrumb","itemListElement":[{"@type":"ListItem","position":1,"name":"Home","item":"https:\/\/www.apres-lecole.fr\/Blog\/"},{"@type":"ListItem","position":2,"name":"\u00c9cole Charles P\u00e9guy : un mod\u00e8le d&rsquo;\u00e9ducation innovante pour 2025"}]},{"@type":"WebSite","@id":"https:\/\/www.apres-lecole.fr\/Blog\/#website","url":"https:\/\/www.apres-lecole.fr\/Blog\/","name":"","description":"M\u00e9dia g\u00e9n\u00e9raliste","potentialAction":[{"@type":"SearchAction","target":{"@type":"EntryPoint","urlTemplate":"https:\/\/www.apres-lecole.fr\/Blog\/?s={search_term_string}"},"query-input":{"@type":"PropertyValueSpecification","valueRequired":true,"valueName":"search_term_string"}}],"inLanguage":"fr-FR"},{"@type":"Person","@id":"","url":"https:\/\/www.apres-lecole.fr\/Blog\/author\/"}]}},"views":6,"_links":{"self":[{"href":"https:\/\/www.apres-lecole.fr\/Blog\/wp-json\/wp\/v2\/posts\/2466","targetHints":{"allow":["GET"]}}],"collection":[{"href":"https:\/\/www.apres-lecole.fr\/Blog\/wp-json\/wp\/v2\/posts"}],"about":[{"href":"https:\/\/www.apres-lecole.fr\/Blog\/wp-json\/wp\/v2\/types\/post"}],"author":[{"embeddable":true,"href":"https:\/\/www.apres-lecole.fr\/Blog\/wp-json\/wp\/v2\/users\/7"}],"replies":[{"embeddable":true,"href":"https:\/\/www.apres-lecole.fr\/Blog\/wp-json\/wp\/v2\/comments?post=2466"}],"version-history":[{"count":0,"href":"https:\/\/www.apres-lecole.fr\/Blog\/wp-json\/wp\/v2\/posts\/2466\/revisions"}],"wp:featuredmedia":[{"embeddable":true,"href":"https:\/\/www.apres-lecole.fr\/Blog\/wp-json\/wp\/v2\/media\/2465"}],"wp:attachment":[{"href":"https:\/\/www.apres-lecole.fr\/Blog\/wp-json\/wp\/v2\/media?parent=2466"}],"wp:term":[{"taxonomy":"category","embeddable":true,"href":"https:\/\/www.apres-lecole.fr\/Blog\/wp-json\/wp\/v2\/categories?post=2466"},{"taxonomy":"post_tag","embeddable":true,"href":"https:\/\/www.apres-lecole.fr\/Blog\/wp-json\/wp\/v2\/tags?post=2466"}],"curies":[{"name":"wp","href":"https:\/\/api.w.org\/{rel}","templated":true}]}}