{"id":2460,"date":"2025-10-02T06:32:33","date_gmt":"2025-10-02T06:32:33","guid":{"rendered":"https:\/\/www.apres-lecole.fr\/Blog\/gendarmerie-dijon-formation-2025\/"},"modified":"2025-10-02T06:32:33","modified_gmt":"2025-10-02T06:32:33","slug":"gendarmerie-dijon-formation-2025","status":"publish","type":"post","link":"https:\/\/www.apres-lecole.fr\/Blog\/gendarmerie-dijon-formation-2025\/","title":{"rendered":"\u00c9cole de gendarmerie \u00e0 Dijon : formation et d\u00e9bouch\u00e9s en 2025"},"content":{"rendered":"\n\n<div class=\"kk-star-ratings kksr-auto kksr-align-left kksr-valign-top\"\n    data-payload='{&quot;align&quot;:&quot;left&quot;,&quot;id&quot;:&quot;2460&quot;,&quot;slug&quot;:&quot;default&quot;,&quot;valign&quot;:&quot;top&quot;,&quot;ignore&quot;:&quot;&quot;,&quot;reference&quot;:&quot;auto&quot;,&quot;class&quot;:&quot;&quot;,&quot;count&quot;:&quot;0&quot;,&quot;legendonly&quot;:&quot;&quot;,&quot;readonly&quot;:&quot;&quot;,&quot;score&quot;:&quot;0&quot;,&quot;starsonly&quot;:&quot;&quot;,&quot;best&quot;:&quot;5&quot;,&quot;gap&quot;:&quot;5&quot;,&quot;greet&quot;:&quot;Rate this post&quot;,&quot;legend&quot;:&quot;0\\\/5 - (0 vote)&quot;,&quot;size&quot;:&quot;24&quot;,&quot;title&quot;:&quot;\u00c9cole de gendarmerie \u00e0 Dijon : formation et d\u00e9bouch\u00e9s en 2025&quot;,&quot;width&quot;:&quot;0&quot;,&quot;_legend&quot;:&quot;{score}\\\/{best} - ({count} {votes})&quot;,&quot;font_factor&quot;:&quot;1.25&quot;}'>\n            \n<div class=\"kksr-stars\">\n    \n<div class=\"kksr-stars-inactive\">\n            <div class=\"kksr-star\" data-star=\"1\" style=\"padding-right: 5px\">\n            \n\n<div class=\"kksr-icon\" style=\"width: 24px; height: 24px;\"><\/div>\n        <\/div>\n            <div class=\"kksr-star\" data-star=\"2\" style=\"padding-right: 5px\">\n            \n\n<div class=\"kksr-icon\" style=\"width: 24px; height: 24px;\"><\/div>\n        <\/div>\n            <div class=\"kksr-star\" data-star=\"3\" style=\"padding-right: 5px\">\n            \n\n<div class=\"kksr-icon\" style=\"width: 24px; height: 24px;\"><\/div>\n        <\/div>\n            <div class=\"kksr-star\" data-star=\"4\" style=\"padding-right: 5px\">\n            \n\n<div class=\"kksr-icon\" style=\"width: 24px; height: 24px;\"><\/div>\n        <\/div>\n            <div class=\"kksr-star\" data-star=\"5\" style=\"padding-right: 5px\">\n            \n\n<div class=\"kksr-icon\" style=\"width: 24px; height: 24px;\"><\/div>\n        <\/div>\n    <\/div>\n    \n<div class=\"kksr-stars-active\" style=\"width: 0px;\">\n            <div class=\"kksr-star\" style=\"padding-right: 5px\">\n            \n\n<div class=\"kksr-icon\" style=\"width: 24px; height: 24px;\"><\/div>\n        <\/div>\n            <div class=\"kksr-star\" style=\"padding-right: 5px\">\n            \n\n<div class=\"kksr-icon\" style=\"width: 24px; height: 24px;\"><\/div>\n        <\/div>\n            <div class=\"kksr-star\" style=\"padding-right: 5px\">\n            \n\n<div class=\"kksr-icon\" style=\"width: 24px; height: 24px;\"><\/div>\n        <\/div>\n            <div class=\"kksr-star\" style=\"padding-right: 5px\">\n            \n\n<div class=\"kksr-icon\" style=\"width: 24px; height: 24px;\"><\/div>\n        <\/div>\n            <div class=\"kksr-star\" style=\"padding-right: 5px\">\n            \n\n<div class=\"kksr-icon\" style=\"width: 24px; height: 24px;\"><\/div>\n        <\/div>\n    <\/div>\n<\/div>\n                \n\n<div class=\"kksr-legend\" style=\"font-size: 19.2px;\">\n            <span class=\"kksr-muted\">Rate this post<\/span>\n    <\/div>\n    <\/div>\n<p>Le monde de la gendarmerie est en pleine transformation, et l&rsquo;\u00c9cole de gendarmerie \u00e0 Dijon se positionne comme un acteur cl\u00e9 de cette \u00e9volution. Avec la modernisation des cha\u00eenes de formation, les nouveaux gendarmes-adjoints sont d\u00e9sormais mieux \u00e9quip\u00e9s pour r\u00e9pondre aux exigences croissantes du secteur de la s\u00e9curit\u00e9 publique. En 2025, la formation \u00e0 Dijon sera marqu\u00e9e par des programme innovants propres \u00e0 d\u00e9velopper les comp\u00e9tences des futurs agents, et des d\u00e9bouch\u00e9s vari\u00e9s s\u2019offriront \u00e0 eux apr\u00e8s leur formation.<\/p>\n\n<p>Alors, qu&rsquo;est-ce qui attend les futurs \u00e9l\u00e8ves de cette \u00e9cole embl\u00e9matique de la Gendarmerie nationale ? D\u00e9cortiquons ensemble le parcours de formation et les perspectives professionnelles qui s&rsquo;ouvrent \u00e0 eux.<\/p>\n\n<h2 class=\"wp-block-heading\">La formation au sein de l&rsquo;\u00e9cole de gendarmerie de Dijon : un cursus en \u00e9volution<\/h2>\n\n<p>L&rsquo;\u00c9cole de gendarmerie de Dijon, fond\u00e9e en 2016, est install\u00e9e sur l&rsquo;ancienne base a\u00e9rienne 102 de Dijon-Longvic. Actuellement, elle peut accueillir jusqu&rsquo;\u00e0 <strong>1250 \u00e9l\u00e8ves-gendarmes<\/strong> en simultan\u00e9, et pr\u00e9voit d&rsquo;\u00eatre r\u00e9am\u00e9nag\u00e9e pour int\u00e9grer 16 compagnies d&rsquo;ici 2028. Au c\u0153ur du cursus, les \u00e9l\u00e8ves gendarmes suivent une formation de 8 mois, au cours de laquelle ils acqui\u00e8rent des comp\u00e9tences tant th\u00e9oriques que pratiques.<\/p>\n\n<p>En 2025, les \u00e9l\u00e8ves vont vivre une exp\u00e9rience formatrice qui sera sur le terrain, int\u00e9grant des technologies modernes et des techniques p\u00e9dagogiques adapt\u00e9es aux besoins actuels de la Gendarmerie. Le programme comprend plusieurs volets :<\/p>\n\n<ul class=\"wp-block-list\"><li>Formation th\u00e9orique en <strong>droit p\u00e9nal<\/strong> et <strong>proc\u00e9dures judiciaires<\/strong>.<\/li><li>Ateliers pratiques sur <strong>la ma\u00eetrise de l&rsquo;armement<\/strong> et les techniques d&rsquo;intervention.<\/li><li>Modules de <strong>pr\u00e9paration mentale<\/strong> afin de g\u00e9rer le stress et optimiser les performances professionnelles.<\/li><li>Parcours d\u2019int\u00e9gration avec des <strong>stages pratiques<\/strong> et mises en situation. \ud83c\udfc3\u200d\u2642\ufe0f<\/li><\/ul>\n\n<p>Les \u00e9l\u00e8ves sont r\u00e9partis en compagnies et pelotons. Chacun doit faire preuve d&rsquo;esprit d&rsquo;\u00e9quipe, de discipline et d&rsquo;engagement. Cela commence d\u00e8s la c\u00e9r\u00e9monie des couleurs, un moment symbolique marquant leur entr\u00e9e dans le monde militaire.<\/p>\n\n<h3 class=\"wp-block-heading\">Les \u00e9tapes cl\u00e9s de la formation<\/h3>\n\n<p>La formation en \u00e9cole de gendarmerie comprend plusieurs \u00e9tapes marquantes. Voici un aper\u00e7u de ce que vivent les futurs gendarmes lors de leur parcours :<\/p>\n\n<ol class=\"wp-block-list\"><li><strong>Incorporation et pr\u00e9sentation des valeurs de la Gendarmerie<\/strong>: Les nouveaux \u00e9l\u00e8ves font leurs premiers pas et d\u00e9couvrent les valeurs fondamentales qui r\u00e9gissent leur futur m\u00e9tier.<\/li><li><strong>Formation th\u00e9orique<\/strong>: Au programme, des mati\u00e8res comme la d\u00e9ontologie, la gestion du stress et les techniques d&rsquo;optimisation du potentiel (TOP) pour renforcer leur efficacit\u00e9 sur le terrain.<\/li><li><strong>\u00c9valuations continues<\/strong>: Les \u00e9l\u00e8ves passent divers contr\u00f4les afin d\u2019\u00e9valuer leur progression, que ce soit en sport ou en th\u00e9orie.<\/li><li><strong>Bivouacs et exercices pratiques<\/strong>: Immersion sur le terrain pour appliquer les comp\u00e9tences acquises. Les simulations de situations r\u00e9elles renforcent leur capacit\u00e9 d&rsquo;adaptation.<\/li><\/ol>\n\n<p><strong>\u00c0 noter :<\/strong> le programme a \u00e9t\u00e9 modifi\u00e9 pour int\u00e9grer encore plus de formations de mise en situation, rendant ainsi le cursus plus r\u00e9aliste.<\/p>\n\n<p>Les modules de formation continue sont \u00e9galement un focus important, permettant aux gendarmes de rester \u00e0 jour et adaptatifs face aux d\u00e9fis contemporains. Ces formations, qui s&rsquo;\u00e9tendent sur toute la carri\u00e8re, sont cruciales pour assurer s\u00e9curit\u00e9 et r\u00e9activit\u00e9.<\/p>\n\n<h2 class=\"wp-block-heading\">Les d\u00e9bouch\u00e9s apr\u00e8s la formation : un avenir prometteur<\/h2>\n\n<p>Terminer la formation \u00e0 l&rsquo;\u00c9cole de gendarmerie de Dijon ouvre la voie \u00e0 une multitude d&rsquo;opportunit\u00e9s professionnelles. En 2025, les nouvelles recrues peuvent s&rsquo;engager dans divers domaines au sein de la Gendarmerie nationale. Les jeunes gendarmes peuvent choisir parmi plusieurs branches, telles que :<\/p>\n\n<ul class=\"wp-block-list\"><li>\u00c9quipes d&rsquo;intervention (comme le GIGN) \ud83d\ude94<\/li><li>Unit\u00e9s de s\u00e9curit\u00e9 publique \ud83c\udfd9<\/li><li>Formation de futurs agents au sein des \u00e9coles de gendarmerie \ud83d\udcda<\/li><li>Mission aupr\u00e8s du Minist\u00e8re de l\u2019Int\u00e9rieur pour des projets d\u2019am\u00e9lioration de la s\u00e9curit\u00e9.<\/li><\/ul>\n\n<p>Le choix de l\u2019affectation est un moment marquant pour les \u00e9l\u00e8ves. Apr\u00e8s avoir valid\u00e9 leur formation, ils se rassemblent en amphith\u00e9\u00e2tre pour faire leurs choix d\u2019affectation, souvent en fonction des places ouvertes par la gendarmerie.<\/p>\n\n<h3 class=\"wp-block-heading\">Un r\u00f4le cl\u00e9 dans la soci\u00e9t\u00e9<\/h3>\n\n<p>Ceux qui int\u00e8grent la Gendarmerie nationale jouent un r\u00f4le primordial dans la s\u00e9curit\u00e9 des citoyen-es. La d\u00e9cennie \u00e0 venir sera marqu\u00e9e par un besoin croissant de personnels form\u00e9s et r\u00e9silients, capables de s&rsquo;adapter \u00e0 de nouvelles menaces. Les formations en police judiciaire, s\u00e9curit\u00e9 publique et pr\u00e9vention de la d\u00e9linquance viendront renforcer leur expertise professionnelle.<\/p>\n\n<p>De plus, la coop\u00e9ration avec d&rsquo;autres forces militaires, comme l&rsquo;<strong>Arm\u00e9e de terre<\/strong>, et d&rsquo;autres structures r\u00e9galiennes telles que la <strong>Police nationale<\/strong>, devient de plus en plus essentielle dans les op\u00e9rations de s\u00e9curit\u00e9 publique.<\/p>\n\n<h2 class=\"wp-block-heading\">Les comp\u00e9tences recherch\u00e9es et les perspectives d&rsquo;\u00e9volution<\/h2>\n\n<p>Avec un secteur en continuelle \u00e9volution, les comp\u00e9tences recherch\u00e9es par la Gendarmerie nationale s&rsquo;accroissent. En 2025, plusieurs qualit\u00e9s sont particuli\u00e8rement valoris\u00e9es chez les nouveaux gendarmes :<\/p>\n\n<ul class=\"wp-block-list\"><li>Capacit\u00e9 \u00e0 travailler en \u00e9quipe \ud83e\udd1c\ud83e\udd1b<\/li><li>Comp\u00e9tences en communication, cruciales pour le dialogue avec le public.<\/li><li>Aptitudes physiques, garantissant une pr\u00e9paration ad\u00e9quate aux interventions sur le terrain.<\/li><li>Sens de l&rsquo;\u00e9thique et respect des r\u00e8gles de d\u00e9ontologie.<\/li><\/ul>\n\n<p>Cela passe \u00e9galement par un engagement dans des formations continues, garantissant la mise \u00e0 jour des comp\u00e9tences face aux \u00e9volutions soci\u00e9tales.<\/p>\n\n<h3 class=\"wp-block-heading\">\u00c9volution de carri\u00e8re et sp\u00e9cialisation<\/h3>\n\n<p>Une fois en poste, les nouveaux gendarmes peuvent envisager plusieurs chemins de sp\u00e9cialisation. Le cadre de carri\u00e8re permet des \u00e9volutions tant horizontales que verticales. Voici quelques pistes d&rsquo;\u00e9volution :<\/p>\n\n<figure class=\"wp-block-table\"><table>\n<thead>\n<tr>\n<th>Position<\/th>\n<th>Formation n\u00e9cessaire<\/th>\n<th>Perspectives d&rsquo;\u00e9volution<\/th>\n<\/tr>\n<\/thead>\n<tbody>\n<tr>\n<td>Gendarme adjoint volontaire<\/td>\n<td>Formation de base de 13 semaines<\/td>\n<td>Gendarme sous-officier<\/td>\n<\/tr>\n<tr>\n<td>Gendarme sous-officier<\/td>\n<td>Formation en \u00e9cole de gendarmerie<\/td>\n<td>Postes de commandement, sp\u00e9cialisation, formation d&rsquo;instructeur<\/td>\n<\/tr>\n<tr>\n<td>Officier de gendarmerie<\/td>\n<td>Formation sp\u00e9cifique dans des \u00e9coles militaires<\/td>\n<td>Commandement d&rsquo;unit\u00e9s, Mission pour le Minist\u00e8re de l&rsquo;Int\u00e9rieur<\/td>\n<\/tr>\n<\/tbody>\n<\/table><\/figure>\n\n<p>Cela offre une grande flexibilit\u00e9 permettant des transitions vers des r\u00f4les de direction ou d&rsquo;expertise dans des services sp\u00e9cifiques, comme les \u00e9quipes de d\u00e9tection de stup\u00e9fiants ou le renseignement criminel.<\/p>\n\n<h2 class=\"wp-block-heading\">Le r\u00f4le de l&rsquo;\u00e9cole dans la transformation du paysage s\u00e9curitaire<\/h2>\n\n<p>Avec les attentes croissantes de la soci\u00e9t\u00e9 en mati\u00e8re de s\u00e9curit\u00e9, les \u00e9coles de gendarmerie comme celle de Dijon ont un r\u00f4le \u00e0 jouer dans la transformation du paysage s\u00e9curitaire. L&rsquo;<strong>\u00c9cole des sous-officiers de la gendarmerie<\/strong> de Dijon fait preuve d&rsquo;une grande adaptabilit\u00e9 face aux nouveaux d\u00e9fis, notamment gr\u00e2ce au partenariat avec le <strong>Centre national de formation<\/strong>.<\/p>\n\n<p>La qualit\u00e9 de la formation y est renforc\u00e9e par une collaboration avec des experts de diff\u00e9rents domaines, permettant une interaction directe avec les r\u00e9alit\u00e9s du terrain. C\u2019est principalement dans l&rsquo;insertion en milieu scolaire et l&rsquo;interaction avec la population que les \u00e9l\u00e8ves apprendront \u00e0 d\u00e9velopper des comp\u00e9tences relationnelles essentielles. Ces interactions permettront une meilleure compr\u00e9hension des pr\u00e9occupations des citoyens, tout en renfor\u00e7ant la l\u00e9gitimit\u00e9 et la proximit\u00e9 de la Gendarmerie nationale.<\/p>\n\n<p>En concluant, l&rsquo;\u00c9cole de gendarmerie de Dijon se positionne comme un pilier dans la conception d&rsquo;une nouvelle g\u00e9n\u00e9ration de gendarmes, mieux pr\u00e9par\u00e9s et align\u00e9s aux besoins du service public. Les d\u00e9bouch\u00e9s sont vari\u00e9s, les perspectives d&rsquo;\u00e9volution captivantes et le devoir de s\u00e9curit\u00e9 est plus que jamais d&rsquo;actualit\u00e9. Il appartient \u00e0 cette nouvelle g\u00e9n\u00e9ration de se montrer \u00e0 la hauteur de ces d\u00e9fis !<\/p>\n\n\n{\u00ab\u00a0@context\u00a0\u00bb:\u00a0\u00bbhttps:\/\/schema.org\u00a0\u00bb,\u00a0\u00bb@type\u00a0\u00bb:\u00a0\u00bbFAQPage\u00a0\u00bb,\u00a0\u00bbmainEntity\u00a0\u00bb:[{\u00ab\u00a0@type\u00a0\u00bb:\u00a0\u00bbQuestion\u00a0\u00bb,\u00a0\u00bbname\u00a0\u00bb:\u00a0\u00bbQuel est le processus d&rsquo;admissions u00e0 l&rsquo;u00e9cole de gendarmerie de Dijon?\u00a0\u00bb,\u00a0\u00bbacceptedAnswer\u00a0\u00bb:{\u00ab\u00a0@type\u00a0\u00bb:\u00a0\u00bbAnswer\u00a0\u00bb,\u00a0\u00bbtext\u00a0\u00bb:\u00a0\u00bbLes candidats doivent passer des tests psychotechniques, un entretien de motivation et des u00e9preuves physiques pour intu00e9grer l&rsquo;u00e9cole.\u00a0\u00bb}},{\u00ab\u00a0@type\u00a0\u00bb:\u00a0\u00bbQuestion\u00a0\u00bb,\u00a0\u00bbname\u00a0\u00bb:\u00a0\u00bbQuelle est la duru00e9e de la formation u00e0 l&rsquo;u00e9cole de gendarmerie ?\u00a0\u00bb,\u00a0\u00bbacceptedAnswer\u00a0\u00bb:{\u00ab\u00a0@type\u00a0\u00bb:\u00a0\u00bbAnswer\u00a0\u00bb,\u00a0\u00bbtext\u00a0\u00bb:\u00a0\u00bbLa formation dure en moyenne 8 mois.\u00a0\u00bb}},{\u00ab\u00a0@type\u00a0\u00bb:\u00a0\u00bbQuestion\u00a0\u00bb,\u00a0\u00bbname\u00a0\u00bb:\u00a0\u00bbQuels du00e9bouchu00e9s offre la formation ?\u00a0\u00bb,\u00a0\u00bbacceptedAnswer\u00a0\u00bb:{\u00ab\u00a0@type\u00a0\u00bb:\u00a0\u00bbAnswer\u00a0\u00bb,\u00a0\u00bbtext\u00a0\u00bb:\u00a0\u00bbLes u00e9lu00e8ves formu00e9s peuvent intu00e9grer divers corps de la gendarmerie nationale selon leurs aptitudes.\u00a0\u00bb}},{\u00ab\u00a0@type\u00a0\u00bb:\u00a0\u00bbQuestion\u00a0\u00bb,\u00a0\u00bbname\u00a0\u00bb:\u00a0\u00bbQuelles sont les compu00e9tences essentielles du00e9veloppu00e9es lors de la formation?\u00a0\u00bb,\u00a0\u00bbacceptedAnswer\u00a0\u00bb:{\u00ab\u00a0@type\u00a0\u00bb:\u00a0\u00bbAnswer\u00a0\u00bb,\u00a0\u00bbtext\u00a0\u00bb:\u00a0\u00bbLes u00e9lu00e8ves apprennent des compu00e9tences thu00e9oriques et pratiques, incluant le tir, la gestion de stress, et l&rsquo;intervention sur le terrain.\u00a0\u00bb}},{\u00ab\u00a0@type\u00a0\u00bb:\u00a0\u00bbQuestion\u00a0\u00bb,\u00a0\u00bbname\u00a0\u00bb:\u00a0\u00bbL&rsquo;u00e9cole de gendarmerie collabore-t-elle avec d&rsquo;autres organismes?\u00a0\u00bb,\u00a0\u00bbacceptedAnswer\u00a0\u00bb:{\u00ab\u00a0@type\u00a0\u00bb:\u00a0\u00bbAnswer\u00a0\u00bb,\u00a0\u00bbtext\u00a0\u00bb:\u00a0\u00bbOui, l&rsquo;u00e9cole collabore u00e9troitement avec le Ministu00e8re de l&rsquo;Intu00e9rieur et diverses u00e9coles militaires pour des formations complu00e9mentaires.\u00a0\u00bb}}]}\n\n<h3>Quel est le processus d&rsquo;admissions \u00e0 l&rsquo;\u00e9cole de gendarmerie de Dijon?<\/h3>\n<p>Les candidats doivent passer des tests psychotechniques, un entretien de motivation et des \u00e9preuves physiques pour int\u00e9grer l&rsquo;\u00e9cole.<\/p>\n<h3>Quelle est la dur\u00e9e de la formation \u00e0 l&rsquo;\u00e9cole de gendarmerie ?<\/h3>\n<p>La formation dure en moyenne 8 mois.<\/p>\n<h3>Quels d\u00e9bouch\u00e9s offre la formation ?<\/h3>\n<p>Les \u00e9l\u00e8ves form\u00e9s peuvent int\u00e9grer divers corps de la gendarmerie nationale selon leurs aptitudes.<\/p>\n<h3>Quelles sont les comp\u00e9tences essentielles d\u00e9velopp\u00e9es lors de la formation?<\/h3>\n<p>Les \u00e9l\u00e8ves apprennent des comp\u00e9tences th\u00e9oriques et pratiques, incluant le tir, la gestion de stress, et l&rsquo;intervention sur le terrain.<\/p>\n<h3>L&rsquo;\u00e9cole de gendarmerie collabore-t-elle avec d&rsquo;autres organismes?<\/h3>\n<p>Oui, l&rsquo;\u00e9cole collabore \u00e9troitement avec le Minist\u00e8re de l&rsquo;Int\u00e9rieur et diverses \u00e9coles militaires pour des formations compl\u00e9mentaires.<\/p>\n\n","protected":false},"excerpt":{"rendered":"<p>Le monde de la gendarmerie est en pleine transformation, et l&rsquo;\u00c9cole de gendarmerie \u00e0 Dijon se positionne comme un acteur cl\u00e9 de cette \u00e9volution. Avec la modernisation des cha\u00eenes de formation, les nouveaux gendarmes-adjoints sont d\u00e9sormais mieux \u00e9quip\u00e9s pour r\u00e9pondre aux exigences croissantes du secteur de la s\u00e9curit\u00e9 publique. En 2025, la formation \u00e0 Dijon &#8230; <a title=\"\u00c9cole de gendarmerie \u00e0 Dijon : formation et d\u00e9bouch\u00e9s en 2025\" class=\"read-more\" href=\"https:\/\/www.apres-lecole.fr\/Blog\/gendarmerie-dijon-formation-2025\/\" aria-label=\"En savoir plus sur \u00c9cole de gendarmerie \u00e0 Dijon : formation et d\u00e9bouch\u00e9s en 2025\">Lire plus<\/a><\/p>\n","protected":false},"author":7,"featured_media":2459,"comment_status":"open","ping_status":"open","sticky":false,"template":"","format":"standard","meta":{"footnotes":""},"categories":[1],"tags":[1688,1687,1676,804],"class_list":["post-2460","post","type-post","status-publish","format-standard","has-post-thumbnail","hentry","category-metiers-entreprise","tag-debouches","tag-dijon","tag-ecole-de-gendarmerie","tag-formation"],"yoast_head":"<!-- This site is optimized with the Yoast SEO plugin v27.5 - https:\/\/yoast.com\/product\/yoast-seo-wordpress\/ -->\n<title>Gendarmerie \u00e0 Dijon : Quel avenir pour les \u00e9l\u00e8ves en 2025 ?<\/title>\n<meta name=\"description\" content=\"D\u00e9couvrez l\u2019\u00e9cole de gendarmerie \u00e0 Dijon : formations compl\u00e8tes, conditions d\u2019acc\u00e8s et d\u00e9bouch\u00e9s prometteurs en 2025.\" \/>\n<meta name=\"robots\" content=\"index, follow, max-snippet:-1, max-image-preview:large, max-video-preview:-1\" \/>\n<link rel=\"canonical\" href=\"https:\/\/www.apres-lecole.fr\/Blog\/gendarmerie-dijon-formation-2025\/\" \/>\n<meta property=\"og:locale\" content=\"fr_FR\" \/>\n<meta property=\"og:type\" content=\"article\" \/>\n<meta property=\"og:title\" content=\"Gendarmerie \u00e0 Dijon : Quel avenir pour les \u00e9l\u00e8ves en 2025 ?\" \/>\n<meta property=\"og:description\" content=\"D\u00e9couvrez l\u2019\u00e9cole de gendarmerie \u00e0 Dijon : formations compl\u00e8tes, conditions d\u2019acc\u00e8s et d\u00e9bouch\u00e9s prometteurs en 2025.\" \/>\n<meta property=\"og:url\" content=\"https:\/\/www.apres-lecole.fr\/Blog\/gendarmerie-dijon-formation-2025\/\" \/>\n<meta property=\"article:published_time\" content=\"2025-10-02T06:32:33+00:00\" \/>\n<meta property=\"og:image\" content=\"https:\/\/www.apres-lecole.fr\/Blog\/wp-content\/uploads\/2025\/10\/Ecole-de-gendarmerie-a-Dijon-formation-et-debouches-en-2025.jpg\" \/>\n\t<meta property=\"og:image:width\" content=\"1344\" \/>\n\t<meta property=\"og:image:height\" content=\"768\" \/>\n\t<meta property=\"og:image:type\" content=\"image\/jpeg\" \/>\n<meta name=\"twitter:card\" content=\"summary_large_image\" \/>\n<meta name=\"twitter:label1\" content=\"\u00c9crit par\" \/>\n\t<meta name=\"twitter:data1\" content=\"\" \/>\n\t<meta name=\"twitter:label2\" content=\"Dur\u00e9e de lecture estim\u00e9e\" \/>\n\t<meta name=\"twitter:data2\" content=\"8 minutes\" \/>\n<script type=\"application\/ld+json\" class=\"yoast-schema-graph\">{\"@context\":\"https:\\\/\\\/schema.org\",\"@graph\":[{\"@type\":\"Article\",\"@id\":\"https:\\\/\\\/www.apres-lecole.fr\\\/Blog\\\/gendarmerie-dijon-formation-2025\\\/#article\",\"isPartOf\":{\"@id\":\"https:\\\/\\\/www.apres-lecole.fr\\\/Blog\\\/gendarmerie-dijon-formation-2025\\\/\"},\"author\":{\"name\":\"\",\"@id\":\"\"},\"headline\":\"\u00c9cole de gendarmerie \u00e0 Dijon : formation et d\u00e9bouch\u00e9s en 2025\",\"datePublished\":\"2025-10-02T06:32:33+00:00\",\"mainEntityOfPage\":{\"@id\":\"https:\\\/\\\/www.apres-lecole.fr\\\/Blog\\\/gendarmerie-dijon-formation-2025\\\/\"},\"wordCount\":1643,\"commentCount\":0,\"image\":{\"@id\":\"https:\\\/\\\/www.apres-lecole.fr\\\/Blog\\\/gendarmerie-dijon-formation-2025\\\/#primaryimage\"},\"thumbnailUrl\":\"https:\\\/\\\/www.apres-lecole.fr\\\/Blog\\\/wp-content\\\/uploads\\\/2025\\\/10\\\/Ecole-de-gendarmerie-a-Dijon-formation-et-debouches-en-2025.jpg\",\"keywords\":[\"d\u00e9bouch\u00e9s\",\"dijon\",\"\u00e9cole de gendarmerie\",\"formation\"],\"articleSection\":[\"M\u00e9tiers &amp; Entreprise\"],\"inLanguage\":\"fr-FR\",\"potentialAction\":[{\"@type\":\"CommentAction\",\"name\":\"Comment\",\"target\":[\"https:\\\/\\\/www.apres-lecole.fr\\\/Blog\\\/gendarmerie-dijon-formation-2025\\\/#respond\"]}]},{\"@type\":\"WebPage\",\"@id\":\"https:\\\/\\\/www.apres-lecole.fr\\\/Blog\\\/gendarmerie-dijon-formation-2025\\\/\",\"url\":\"https:\\\/\\\/www.apres-lecole.fr\\\/Blog\\\/gendarmerie-dijon-formation-2025\\\/\",\"name\":\"Gendarmerie \u00e0 Dijon : Quel avenir pour les \u00e9l\u00e8ves en 2025 ?\",\"isPartOf\":{\"@id\":\"https:\\\/\\\/www.apres-lecole.fr\\\/Blog\\\/#website\"},\"primaryImageOfPage\":{\"@id\":\"https:\\\/\\\/www.apres-lecole.fr\\\/Blog\\\/gendarmerie-dijon-formation-2025\\\/#primaryimage\"},\"image\":{\"@id\":\"https:\\\/\\\/www.apres-lecole.fr\\\/Blog\\\/gendarmerie-dijon-formation-2025\\\/#primaryimage\"},\"thumbnailUrl\":\"https:\\\/\\\/www.apres-lecole.fr\\\/Blog\\\/wp-content\\\/uploads\\\/2025\\\/10\\\/Ecole-de-gendarmerie-a-Dijon-formation-et-debouches-en-2025.jpg\",\"datePublished\":\"2025-10-02T06:32:33+00:00\",\"author\":{\"@id\":\"\"},\"description\":\"D\u00e9couvrez l\u2019\u00e9cole de gendarmerie \u00e0 Dijon : formations compl\u00e8tes, conditions d\u2019acc\u00e8s et d\u00e9bouch\u00e9s prometteurs en 2025.\",\"breadcrumb\":{\"@id\":\"https:\\\/\\\/www.apres-lecole.fr\\\/Blog\\\/gendarmerie-dijon-formation-2025\\\/#breadcrumb\"},\"inLanguage\":\"fr-FR\",\"potentialAction\":[{\"@type\":\"ReadAction\",\"target\":[\"https:\\\/\\\/www.apres-lecole.fr\\\/Blog\\\/gendarmerie-dijon-formation-2025\\\/\"]}]},{\"@type\":\"ImageObject\",\"inLanguage\":\"fr-FR\",\"@id\":\"https:\\\/\\\/www.apres-lecole.fr\\\/Blog\\\/gendarmerie-dijon-formation-2025\\\/#primaryimage\",\"url\":\"https:\\\/\\\/www.apres-lecole.fr\\\/Blog\\\/wp-content\\\/uploads\\\/2025\\\/10\\\/Ecole-de-gendarmerie-a-Dijon-formation-et-debouches-en-2025.jpg\",\"contentUrl\":\"https:\\\/\\\/www.apres-lecole.fr\\\/Blog\\\/wp-content\\\/uploads\\\/2025\\\/10\\\/Ecole-de-gendarmerie-a-Dijon-formation-et-debouches-en-2025.jpg\",\"width\":1344,\"height\":768,\"caption\":\"d\u00e9couvrez la formation \u00e0 l'\u00e9cole de gendarmerie de dijon : parcours, conditions d\u2019admission et d\u00e9bouch\u00e9s pour 2025. pr\u00e9parez votre avenir dans la gendarmerie avec toutes les informations cl\u00e9s sur cette \u00e9cole reconnue.\"},{\"@type\":\"BreadcrumbList\",\"@id\":\"https:\\\/\\\/www.apres-lecole.fr\\\/Blog\\\/gendarmerie-dijon-formation-2025\\\/#breadcrumb\",\"itemListElement\":[{\"@type\":\"ListItem\",\"position\":1,\"name\":\"Home\",\"item\":\"https:\\\/\\\/www.apres-lecole.fr\\\/Blog\\\/\"},{\"@type\":\"ListItem\",\"position\":2,\"name\":\"\u00c9cole de gendarmerie \u00e0 Dijon : formation et d\u00e9bouch\u00e9s en 2025\"}]},{\"@type\":\"WebSite\",\"@id\":\"https:\\\/\\\/www.apres-lecole.fr\\\/Blog\\\/#website\",\"url\":\"https:\\\/\\\/www.apres-lecole.fr\\\/Blog\\\/\",\"name\":\"\",\"description\":\"M\u00e9dia g\u00e9n\u00e9raliste\",\"potentialAction\":[{\"@type\":\"SearchAction\",\"target\":{\"@type\":\"EntryPoint\",\"urlTemplate\":\"https:\\\/\\\/www.apres-lecole.fr\\\/Blog\\\/?s={search_term_string}\"},\"query-input\":{\"@type\":\"PropertyValueSpecification\",\"valueRequired\":true,\"valueName\":\"search_term_string\"}}],\"inLanguage\":\"fr-FR\"},{\"@type\":\"Person\",\"@id\":\"\",\"url\":\"https:\\\/\\\/www.apres-lecole.fr\\\/Blog\\\/author\\\/\"}]}<\/script>\n<!-- \/ Yoast SEO plugin. -->","yoast_head_json":{"title":"Gendarmerie \u00e0 Dijon : Quel avenir pour les \u00e9l\u00e8ves en 2025 ?","description":"D\u00e9couvrez l\u2019\u00e9cole de gendarmerie \u00e0 Dijon : formations compl\u00e8tes, conditions d\u2019acc\u00e8s et d\u00e9bouch\u00e9s prometteurs en 2025.","robots":{"index":"index","follow":"follow","max-snippet":"max-snippet:-1","max-image-preview":"max-image-preview:large","max-video-preview":"max-video-preview:-1"},"canonical":"https:\/\/www.apres-lecole.fr\/Blog\/gendarmerie-dijon-formation-2025\/","og_locale":"fr_FR","og_type":"article","og_title":"Gendarmerie \u00e0 Dijon : Quel avenir pour les \u00e9l\u00e8ves en 2025 ?","og_description":"D\u00e9couvrez l\u2019\u00e9cole de gendarmerie \u00e0 Dijon : formations compl\u00e8tes, conditions d\u2019acc\u00e8s et d\u00e9bouch\u00e9s prometteurs en 2025.","og_url":"https:\/\/www.apres-lecole.fr\/Blog\/gendarmerie-dijon-formation-2025\/","article_published_time":"2025-10-02T06:32:33+00:00","og_image":[{"width":1344,"height":768,"url":"https:\/\/www.apres-lecole.fr\/Blog\/wp-content\/uploads\/2025\/10\/Ecole-de-gendarmerie-a-Dijon-formation-et-debouches-en-2025.jpg","type":"image\/jpeg"}],"twitter_card":"summary_large_image","twitter_misc":{"\u00c9crit par":"","Dur\u00e9e de lecture estim\u00e9e":"8 minutes"},"schema":{"@context":"https:\/\/schema.org","@graph":[{"@type":"Article","@id":"https:\/\/www.apres-lecole.fr\/Blog\/gendarmerie-dijon-formation-2025\/#article","isPartOf":{"@id":"https:\/\/www.apres-lecole.fr\/Blog\/gendarmerie-dijon-formation-2025\/"},"author":{"name":"","@id":""},"headline":"\u00c9cole de gendarmerie \u00e0 Dijon : formation et d\u00e9bouch\u00e9s en 2025","datePublished":"2025-10-02T06:32:33+00:00","mainEntityOfPage":{"@id":"https:\/\/www.apres-lecole.fr\/Blog\/gendarmerie-dijon-formation-2025\/"},"wordCount":1643,"commentCount":0,"image":{"@id":"https:\/\/www.apres-lecole.fr\/Blog\/gendarmerie-dijon-formation-2025\/#primaryimage"},"thumbnailUrl":"https:\/\/www.apres-lecole.fr\/Blog\/wp-content\/uploads\/2025\/10\/Ecole-de-gendarmerie-a-Dijon-formation-et-debouches-en-2025.jpg","keywords":["d\u00e9bouch\u00e9s","dijon","\u00e9cole de gendarmerie","formation"],"articleSection":["M\u00e9tiers &amp; Entreprise"],"inLanguage":"fr-FR","potentialAction":[{"@type":"CommentAction","name":"Comment","target":["https:\/\/www.apres-lecole.fr\/Blog\/gendarmerie-dijon-formation-2025\/#respond"]}]},{"@type":"WebPage","@id":"https:\/\/www.apres-lecole.fr\/Blog\/gendarmerie-dijon-formation-2025\/","url":"https:\/\/www.apres-lecole.fr\/Blog\/gendarmerie-dijon-formation-2025\/","name":"Gendarmerie \u00e0 Dijon : Quel avenir pour les \u00e9l\u00e8ves en 2025 ?","isPartOf":{"@id":"https:\/\/www.apres-lecole.fr\/Blog\/#website"},"primaryImageOfPage":{"@id":"https:\/\/www.apres-lecole.fr\/Blog\/gendarmerie-dijon-formation-2025\/#primaryimage"},"image":{"@id":"https:\/\/www.apres-lecole.fr\/Blog\/gendarmerie-dijon-formation-2025\/#primaryimage"},"thumbnailUrl":"https:\/\/www.apres-lecole.fr\/Blog\/wp-content\/uploads\/2025\/10\/Ecole-de-gendarmerie-a-Dijon-formation-et-debouches-en-2025.jpg","datePublished":"2025-10-02T06:32:33+00:00","author":{"@id":""},"description":"D\u00e9couvrez l\u2019\u00e9cole de gendarmerie \u00e0 Dijon : formations compl\u00e8tes, conditions d\u2019acc\u00e8s et d\u00e9bouch\u00e9s prometteurs en 2025.","breadcrumb":{"@id":"https:\/\/www.apres-lecole.fr\/Blog\/gendarmerie-dijon-formation-2025\/#breadcrumb"},"inLanguage":"fr-FR","potentialAction":[{"@type":"ReadAction","target":["https:\/\/www.apres-lecole.fr\/Blog\/gendarmerie-dijon-formation-2025\/"]}]},{"@type":"ImageObject","inLanguage":"fr-FR","@id":"https:\/\/www.apres-lecole.fr\/Blog\/gendarmerie-dijon-formation-2025\/#primaryimage","url":"https:\/\/www.apres-lecole.fr\/Blog\/wp-content\/uploads\/2025\/10\/Ecole-de-gendarmerie-a-Dijon-formation-et-debouches-en-2025.jpg","contentUrl":"https:\/\/www.apres-lecole.fr\/Blog\/wp-content\/uploads\/2025\/10\/Ecole-de-gendarmerie-a-Dijon-formation-et-debouches-en-2025.jpg","width":1344,"height":768,"caption":"d\u00e9couvrez la formation \u00e0 l'\u00e9cole de gendarmerie de dijon : parcours, conditions d\u2019admission et d\u00e9bouch\u00e9s pour 2025. pr\u00e9parez votre avenir dans la gendarmerie avec toutes les informations cl\u00e9s sur cette \u00e9cole reconnue."},{"@type":"BreadcrumbList","@id":"https:\/\/www.apres-lecole.fr\/Blog\/gendarmerie-dijon-formation-2025\/#breadcrumb","itemListElement":[{"@type":"ListItem","position":1,"name":"Home","item":"https:\/\/www.apres-lecole.fr\/Blog\/"},{"@type":"ListItem","position":2,"name":"\u00c9cole de gendarmerie \u00e0 Dijon : formation et d\u00e9bouch\u00e9s en 2025"}]},{"@type":"WebSite","@id":"https:\/\/www.apres-lecole.fr\/Blog\/#website","url":"https:\/\/www.apres-lecole.fr\/Blog\/","name":"","description":"M\u00e9dia g\u00e9n\u00e9raliste","potentialAction":[{"@type":"SearchAction","target":{"@type":"EntryPoint","urlTemplate":"https:\/\/www.apres-lecole.fr\/Blog\/?s={search_term_string}"},"query-input":{"@type":"PropertyValueSpecification","valueRequired":true,"valueName":"search_term_string"}}],"inLanguage":"fr-FR"},{"@type":"Person","@id":"","url":"https:\/\/www.apres-lecole.fr\/Blog\/author\/"}]}},"views":16,"_links":{"self":[{"href":"https:\/\/www.apres-lecole.fr\/Blog\/wp-json\/wp\/v2\/posts\/2460","targetHints":{"allow":["GET"]}}],"collection":[{"href":"https:\/\/www.apres-lecole.fr\/Blog\/wp-json\/wp\/v2\/posts"}],"about":[{"href":"https:\/\/www.apres-lecole.fr\/Blog\/wp-json\/wp\/v2\/types\/post"}],"author":[{"embeddable":true,"href":"https:\/\/www.apres-lecole.fr\/Blog\/wp-json\/wp\/v2\/users\/7"}],"replies":[{"embeddable":true,"href":"https:\/\/www.apres-lecole.fr\/Blog\/wp-json\/wp\/v2\/comments?post=2460"}],"version-history":[{"count":0,"href":"https:\/\/www.apres-lecole.fr\/Blog\/wp-json\/wp\/v2\/posts\/2460\/revisions"}],"wp:featuredmedia":[{"embeddable":true,"href":"https:\/\/www.apres-lecole.fr\/Blog\/wp-json\/wp\/v2\/media\/2459"}],"wp:attachment":[{"href":"https:\/\/www.apres-lecole.fr\/Blog\/wp-json\/wp\/v2\/media?parent=2460"}],"wp:term":[{"taxonomy":"category","embeddable":true,"href":"https:\/\/www.apres-lecole.fr\/Blog\/wp-json\/wp\/v2\/categories?post=2460"},{"taxonomy":"post_tag","embeddable":true,"href":"https:\/\/www.apres-lecole.fr\/Blog\/wp-json\/wp\/v2\/tags?post=2460"}],"curies":[{"name":"wp","href":"https:\/\/api.w.org\/{rel}","templated":true}]}}