{"id":2448,"date":"2025-09-30T06:33:48","date_gmt":"2025-09-30T06:33:48","guid":{"rendered":"https:\/\/www.apres-lecole.fr\/Blog\/ecole-jeanne-darc-mulhouse\/"},"modified":"2025-09-30T06:33:48","modified_gmt":"2025-09-30T06:33:48","slug":"ecole-jeanne-darc-mulhouse","status":"publish","type":"post","link":"https:\/\/www.apres-lecole.fr\/Blog\/ecole-jeanne-darc-mulhouse\/","title":{"rendered":"L&rsquo;\u00e9cole Jeanne d&rsquo;Arc \u00e0 Mulhouse : un cadre \u00e9ducatif d&rsquo;exception en 2025"},"content":{"rendered":"\n\n<div class=\"kk-star-ratings kksr-auto kksr-align-left kksr-valign-top\"\n    data-payload='{&quot;align&quot;:&quot;left&quot;,&quot;id&quot;:&quot;2448&quot;,&quot;slug&quot;:&quot;default&quot;,&quot;valign&quot;:&quot;top&quot;,&quot;ignore&quot;:&quot;&quot;,&quot;reference&quot;:&quot;auto&quot;,&quot;class&quot;:&quot;&quot;,&quot;count&quot;:&quot;0&quot;,&quot;legendonly&quot;:&quot;&quot;,&quot;readonly&quot;:&quot;&quot;,&quot;score&quot;:&quot;0&quot;,&quot;starsonly&quot;:&quot;&quot;,&quot;best&quot;:&quot;5&quot;,&quot;gap&quot;:&quot;5&quot;,&quot;greet&quot;:&quot;Rate this post&quot;,&quot;legend&quot;:&quot;0\\\/5 - (0 vote)&quot;,&quot;size&quot;:&quot;24&quot;,&quot;title&quot;:&quot;L\\u0026#039;\u00e9cole Jeanne d\\u0026#039;Arc \u00e0 Mulhouse : un cadre \u00e9ducatif d\\u0026#039;exception en 2025&quot;,&quot;width&quot;:&quot;0&quot;,&quot;_legend&quot;:&quot;{score}\\\/{best} - ({count} {votes})&quot;,&quot;font_factor&quot;:&quot;1.25&quot;}'>\n            \n<div class=\"kksr-stars\">\n    \n<div class=\"kksr-stars-inactive\">\n            <div class=\"kksr-star\" data-star=\"1\" style=\"padding-right: 5px\">\n            \n\n<div class=\"kksr-icon\" style=\"width: 24px; height: 24px;\"><\/div>\n        <\/div>\n            <div class=\"kksr-star\" data-star=\"2\" style=\"padding-right: 5px\">\n            \n\n<div class=\"kksr-icon\" style=\"width: 24px; height: 24px;\"><\/div>\n        <\/div>\n            <div class=\"kksr-star\" data-star=\"3\" style=\"padding-right: 5px\">\n            \n\n<div class=\"kksr-icon\" style=\"width: 24px; height: 24px;\"><\/div>\n        <\/div>\n            <div class=\"kksr-star\" data-star=\"4\" style=\"padding-right: 5px\">\n            \n\n<div class=\"kksr-icon\" style=\"width: 24px; height: 24px;\"><\/div>\n        <\/div>\n            <div class=\"kksr-star\" data-star=\"5\" style=\"padding-right: 5px\">\n            \n\n<div class=\"kksr-icon\" style=\"width: 24px; height: 24px;\"><\/div>\n        <\/div>\n    <\/div>\n    \n<div class=\"kksr-stars-active\" style=\"width: 0px;\">\n            <div class=\"kksr-star\" style=\"padding-right: 5px\">\n            \n\n<div class=\"kksr-icon\" style=\"width: 24px; height: 24px;\"><\/div>\n        <\/div>\n            <div class=\"kksr-star\" style=\"padding-right: 5px\">\n            \n\n<div class=\"kksr-icon\" style=\"width: 24px; height: 24px;\"><\/div>\n        <\/div>\n            <div class=\"kksr-star\" style=\"padding-right: 5px\">\n            \n\n<div class=\"kksr-icon\" style=\"width: 24px; height: 24px;\"><\/div>\n        <\/div>\n            <div class=\"kksr-star\" style=\"padding-right: 5px\">\n            \n\n<div class=\"kksr-icon\" style=\"width: 24px; height: 24px;\"><\/div>\n        <\/div>\n            <div class=\"kksr-star\" style=\"padding-right: 5px\">\n            \n\n<div class=\"kksr-icon\" style=\"width: 24px; height: 24px;\"><\/div>\n        <\/div>\n    <\/div>\n<\/div>\n                \n\n<div class=\"kksr-legend\" style=\"font-size: 19.2px;\">\n            <span class=\"kksr-muted\">Rate this post<\/span>\n    <\/div>\n    <\/div>\n<p>Dans un monde \u00e9ducatif en constante \u00e9volution, l&rsquo;\u00e9cole Jeanne d&rsquo;Arc \u00e0 Mulhouse se d\u00e9marque par son approche novatrice et son cadre accueillant. Alliant tradition et modernit\u00e9, cet \u00e9tablissement priv\u00e9 catholique se positionne comme un acteur cl\u00e9 dans la formation des jeunes, tout en mettant en lumi\u00e8re les valeurs chr\u00e9tiennes qui lui sont ch\u00e8res. En 2025, cette institution continue d&rsquo;\u00e9voluer pour offrir un enseignement de grande qualit\u00e9, soutenu par des projets \u00e9ducatifs ambitieux.<\/p>\n\n<ul class=\"wp-block-list\"><li>Une institution reconnue pour son excellence acad\u00e9mique<\/li><li>Des valeurs \u00e9ducatives ancr\u00e9es dans la tradition chr\u00e9tienne<\/li><li>Innovation p\u00e9dagogique au service des \u00e9l\u00e8ves<\/li><li>Un accompagnement personnalis\u00e9 pour chaque enfant<\/li><li>Une communaut\u00e9 \u00e9ducative soud\u00e9e et engag\u00e9e<\/li><\/ul>\n\n<h2 class=\"wp-block-heading\">Une institution reconnue pour son excellence acad\u00e9mique<\/h2>\n\n<p>L&rsquo;\u00e9cole Jeanne d&rsquo;Arc occupe une place privil\u00e9gi\u00e9e dans le paysage \u00e9ducatif mulhousien. Avec ses 54 ans d&rsquo;existence, elle a su b\u00e2tir une r\u00e9putation d&rsquo;excellence tant aupr\u00e8s des \u00e9l\u00e8ves que des parents. En 2025, ce ne sont pas moins de <strong>596 \u00e9l\u00e8ves<\/strong> qui viennent y affiner leurs aptitudes. R\u00e9partis en 22 classes, ils profitent d&rsquo;un \u00e0 un enseignant en moyenne par 27 \u00e9l\u00e8ves, favorisant ainsi un cadre s\u00e9curis\u00e9 pour leurs apprentissages.<\/p>\n\n<p>La structure de l&rsquo;\u00e9cole est con\u00e7ue pour accueillir les enfants d\u00e8s le plus jeune \u00e2ge, avec des classes allant de la maternelle au CM2. L&rsquo;ann\u00e9e 2025 marque un tournant pour l&rsquo;\u00e9cole, qui a mis en place de nombreux projets \u00e9ducatifs visant \u00e0 encourager la r\u00e9ussite scolaire. Ces initiatives prennent forme sous des formes vari\u00e9es, comme des ateliers innovants et des sorties p\u00e9dagogiques, renfor\u00e7ant l&rsquo;apprentissage des mati\u00e8res fondamentales.<\/p>\n\n<figure class=\"wp-block-table\"><table>\n<thead>\n<tr>\n<th>Cours<\/th>\n<th>Effectif<\/th>\n<th>Nombre de classes<\/th>\n<\/tr>\n<\/thead>\n<tbody>\n<tr>\n<td>Maternelle<\/td>\n<td>163<\/td>\n<td>8<\/td>\n<\/tr>\n<tr>\n<td>CP<\/td>\n<td>84<\/td>\n<td>4<\/td>\n<\/tr>\n<tr>\n<td>CE1<\/td>\n<td>84<\/td>\n<td>4<\/td>\n<\/tr>\n<tr>\n<td>CE2<\/td>\n<td>85<\/td>\n<td>4<\/td>\n<\/tr>\n<tr>\n<td>CM1<\/td>\n<td>101<\/td>\n<td>5<\/td>\n<\/tr>\n<tr>\n<td>CM2<\/td>\n<td>85<\/td>\n<td>4<\/td>\n<\/tr>\n<\/tbody>\n<\/table><\/figure>\n\n<p>Les r\u00e9sultats acad\u00e9miques des \u00e9l\u00e8ves t\u00e9moignent de cette excellence. Les parents, attir\u00e9s par les valeurs d\u2019apprentissages solides, n&rsquo;h\u00e9sitent pas \u00e0 inscrire leurs enfants dans cette \u00e9cole, la pla\u00e7ant parmi les institutions les plus demand\u00e9es de Mulhouse. Au sein de cette dynamique, les enseignants jouent un r\u00f4le crucial. Leur implication et leur diversit\u00e9 d&rsquo;approche p\u00e9dagogique permettent d&rsquo;assurer un accompagnement personnalis\u00e9 pour chaque individu.<\/p>\n\n<h2 class=\"wp-block-heading\">Des valeurs \u00e9ducatives ancr\u00e9es dans la tradition chr\u00e9tienne<\/h2>\n\n<p>Au c\u0153ur de l&rsquo;engagement de l&rsquo;\u00e9cole Jeanne d&rsquo;Arc se trouvent des valeurs \u00e9ducatives centr\u00e9es sur les principes chr\u00e9tiens. Ces valeurs nourrissent le projet \u00e9ducatif de l&rsquo;\u00e9cole, qui vise \u00e0 former des individus responsables et engag\u00e9s. Le respect, la solidarit\u00e9 et la bienveillance sont au c\u0153ur de l&rsquo;apprentissage. Cette approche favorise la construction d\u2019une communaut\u00e9 au sein de l&rsquo;\u00e9cole, o\u00f9 chaque \u00e9l\u00e8ve se sent \u00e9cout\u00e9 et soutenu.<\/p>\n\n<p>L&rsquo;\u00e9cole ne se contente pas d&rsquo;\u00eatre un lieu de savoir, elle aspire \u00e9galement \u00e0 devenir un espace o\u00f9 les \u00e9l\u00e8ves d\u00e9veloppent leur caract\u00e8re et leurs comp\u00e9tences sociales. Des actions concr\u00e8tes illustrent cet engagement, comme les activit\u00e9s caritatives et les \u00e9changes culturels. Ces initiatives ne sont pas que des compl\u00e9ments \u00e0 l&rsquo;\u00e9ducation, mais constituent un v\u00e9ritable vecteur de transformation pour les jeunes.<\/p>\n\n<ul class=\"wp-block-list\"><li>Activit\u00e9s de b\u00e9n\u00e9volat et soutien aux plus d\u00e9munis \ud83d\udc96<\/li><li>Partenariats avec des associations locales \ud83e\udd1d<\/li><li>\u00c9changes avec d&rsquo;autres institutions europ\u00e9ennes \ud83c\udf0d<\/li><\/ul>\n\n<p>Les valeurs chr\u00e9tiennes sont int\u00e9gr\u00e9es dans le programme scolaire avec des temps de partage et de r\u00e9union qui renforcent le sens de la communaut\u00e9 \u00e9ducative. En 2025, les \u00e9l\u00e8ves perp\u00e9tuent ces traditions tout en d\u00e9veloppant des comp\u00e9tences adapt\u00e9es au monde moderne. Cette harmonie entre tradition et innovation cr\u00e9e un environnement unique, propice \u00e0 l&rsquo;\u00e9panouissement de chacun.<\/p>\n\n<h2 class=\"wp-block-heading\">Innovation p\u00e9dagogique au service des \u00e9l\u00e8ves<\/h2>\n\n<p>\u00c0 l&rsquo;\u00e9cole Jeanne d&rsquo;Arc, l&rsquo;innovation p\u00e9dagogique est bien plus qu&rsquo;un mot \u00e0 la mode. C&rsquo;est un v\u00e9ritable engagement pour r\u00e9pondre aux besoins de chaque \u00e9l\u00e8ve. Par exemple, des outils num\u00e9riques sont r\u00e9guli\u00e8rement int\u00e9gr\u00e9s dans les m\u00e9thodes d&rsquo;enseignement. Cela permet non seulement de rendre les cours plus interactifs mais aussi de diversifier les approches d&rsquo;apprentissage.<\/p>\n\n<p>En 2025, l&rsquo;\u00e9cole propose des formations pour ses enseignants afin de les sensibiliser aux nouvelles technologies \u00e9ducatives. Tout cela, dans le but de stimuler la curiosit\u00e9 des \u00e9l\u00e8ves et d&rsquo;en faire des apprenants actifs. Des plateformes en ligne offrent des ressources compl\u00e9mentaires aux \u00e9l\u00e8ves en difficult\u00e9, leur permettant d&rsquo;acc\u00e9der \u00e0 un apprentissage autonome \u00e0 leur rythme.<\/p>\n\n<figure class=\"wp-block-table\"><table>\n<thead>\n<tr>\n<th>Outils p\u00e9dagogiques<\/th>\n<th>Description<\/th>\n<th>B\u00e9n\u00e9fices<\/th>\n<\/tr>\n<\/thead>\n<tbody>\n<tr>\n<td>Tableaux interactifs<\/td>\n<td>\u00c9quipements num\u00e9riques en classe<\/td>\n<td>Stimule l&rsquo;interaction et l&rsquo;engagement<\/td>\n<\/tr>\n<tr>\n<td>Plateformes d&rsquo;apprentissage<\/td>\n<td>Acc\u00e8s \u00e0 des ressources en ligne<\/td>\n<td>Favorise l&rsquo;autonomie des \u00e9l\u00e8ves<\/td>\n<\/tr>\n<tr>\n<td>Applications \u00e9ducatives<\/td>\n<td>Outils divers pour les mati\u00e8res scolaires<\/td>\n<td>Soutien personnalis\u00e9 et r\u00e9visions ludiques<\/td>\n<\/tr>\n<\/tbody>\n<\/table><\/figure>\n\n<p>L&rsquo;innovation ne s&rsquo;arr\u00eate pas l\u00e0. L&rsquo;\u00e9cole Jeanne d&rsquo;Arc a d\u00e9velopp\u00e9 des projets en lien avec l&rsquo;\u00e9ducation artistique, le sport et l\u2019environnement. Ces projets permettent aux \u00e9l\u00e8ves de se d\u00e9couvrir sous de nouvelles facettes et de cultiver leurs passions. En 2025, l&rsquo;\u00e9cole se veut pionni\u00e8re en introduisant des cours sur la durabilit\u00e9 et la sensibilisation aux enjeux environnementaux, int\u00e9grant ainsi une dimension responsable \u00e0 sa p\u00e9dagogie.<\/p>\n\n<h2 class=\"wp-block-heading\">Un accompagnement personnalis\u00e9 pour chaque enfant<\/h2>\n\n<p>L&rsquo;un des aspects les plus remarquables de l&rsquo;\u00e9cole Jeanne d&rsquo;Arc est son approche centr\u00e9e sur l&rsquo;accompagnement personnalis\u00e9 des \u00e9l\u00e8ves. Chaque enfant est unique, avec ses propres forces et faiblesses. Pour r\u00e9pondre \u00e0 cette r\u00e9alit\u00e9, l&rsquo;\u00e9cole met en place des dispositifs visant \u00e0 maximiser le potentiel de chacun. En 2025, l&rsquo;\u00e9tablissement s&rsquo;appuie sur une \u00e9quipe p\u00e9dagogique d\u00e9di\u00e9e qui suit chaque \u00e9l\u00e8ve tout au long de son parcours.<\/p>\n\n<p>Les enseignants, en collaboration avec les psychologues scolaires, travaillent ensemble pour mettre en \u0153uvre des strat\u00e9gies d&rsquo;apprentissage adapt\u00e9es. Cela peut passer par un suivi r\u00e9gulier des r\u00e9sultats scolaires, ou encore par des ateliers de soutien pour les \u00e9l\u00e8ves rencontrant des difficult\u00e9s. Ainsi, chaque enfant re\u00e7oit l&rsquo;attention dont il a besoin pour progresser dans un cadre s\u00e9curis\u00e9.<\/p>\n\n<ul class=\"wp-block-list\"><li>\u00c9valuations personnalis\u00e9es pour suivre les progr\u00e8s \ud83d\udcca<\/li><li>Ateliers de soutien hebdomadaires \ud83d\udc69\u200d\ud83c\udfeb<\/li><li>Conversations r\u00e9guli\u00e8res avec les parents pour un suivi commun \ud83d\udde8\ufe0f<\/li><\/ul>\n\n<p>Cette approche a des effets b\u00e9n\u00e9fiques sur le moral et l&rsquo;engagement des \u00e9l\u00e8ves. En les rendant acteurs de leur apprentissage, l&rsquo;\u00e9cole Jeanne d&rsquo;Arc cr\u00e9e des conditions optimales pour un succ\u00e8s scolaire durable. Les r\u00e9sultats t\u00e9moignent de cette efficacit\u00e9, avec une satisfaction parentale qui grimpe chaque ann\u00e9e, confirmant la place de l&rsquo;\u00e9cole parmi les meilleures de Mulhouse.<\/p>\n\n<h2 class=\"wp-block-heading\">Une communaut\u00e9 \u00e9ducative soud\u00e9e et engag\u00e9e<\/h2>\n\n<p>\u00c0 l&rsquo;\u00e9cole Jeanne d&rsquo;Arc, l&rsquo;id\u00e9e de communaut\u00e9 \u00e9ducative d\u00e9passe le simple cadre scolaire. Parents, enseignants et \u00e9l\u00e8ves s&rsquo;unissent pour former un ensemble coh\u00e9rent dont chaque membre joue un r\u00f4le cl\u00e9. Ce lien puissant permet de cr\u00e9er une ambiance bienveillante, o\u00f9 chacun peut s&rsquo;\u00e9panouir pleinement. Les \u00e9changes entre les diff\u00e9rentes parties prenantes sont encourag\u00e9s, favorisant une communication fluide et constructive.<\/p>\n\n<p>Les projets collaboratifs illustrent cette dynamique. Des \u00e9v\u00e9nements comme les journ\u00e9es portes ouvertes, les collectes pour des \u0153uvres caritatives ou les spectacles scolaires renforcent le sentiment d&rsquo;appartenance \u00e0 un groupe. En 2025, l&rsquo;\u00e9cole Jeanne d&rsquo;Arc s&rsquo;engage encore davantage dans des actions qui rassemblent toute la communaut\u00e9 autour d&rsquo;objectifs communs.<\/p>\n\n<figure class=\"wp-block-table\"><table>\n<thead>\n<tr>\n<th>Types d&rsquo;\u00e9v\u00e9nements<\/th>\n<th>Objectifs<\/th>\n<th>Impacts<\/th>\n<\/tr>\n<\/thead>\n<tbody>\n<tr>\n<td>Journ\u00e9es portes ouvertes<\/td>\n<td>Faire d\u00e9couvrir l&rsquo;\u00e9cole aux futurs parents<\/td>\n<td>Sensibilisation et attractivit\u00e9 \ud83c\udf1f<\/td>\n<\/tr>\n<tr>\n<td>Collectes caritatives<\/td>\n<td>Soutenir les plus d\u00e9munis<\/td>\n<td>Engagement social \ud83d\udc97<\/td>\n<\/tr>\n<tr>\n<td>Spectacles scolaires<\/td>\n<td>Valoriser les talents des \u00e9l\u00e8ves<\/td>\n<td>Confiance en soi \ud83c\udfad<\/td>\n<\/tr>\n<\/tbody>\n<\/table><\/figure>\n\n<p>Ce sentiment d&rsquo;\u00eatre ensemble renforce la communaut\u00e9 \u00e9ducative. Les initiatives participatives sont nombreuses, et chaque membre de la communaut\u00e9 joue un r\u00f4le. Qu&rsquo;il s&rsquo;agisse de parents b\u00e9n\u00e9voles ou d&rsquo;\u00e9l\u00e8ves prenant des responsabilit\u00e9s lors des \u00e9v\u00e9nements, tout le monde apporte sa pierre \u00e0 l&rsquo;\u00e9difice. En 2025, l&rsquo;\u00e9cole Jeanne d&rsquo;Arc se positionne comme un mod\u00e8le de collaboration au sein de son \u00e9tablissement, prolongeant ce sch\u00e9ma de coop\u00e9ration \u00e0 l&rsquo;\u00e9chelle locale.<\/p>\n\n\n{\u00ab\u00a0@context\u00a0\u00bb:\u00a0\u00bbhttps:\/\/schema.org\u00a0\u00bb,\u00a0\u00bb@type\u00a0\u00bb:\u00a0\u00bbFAQPage\u00a0\u00bb,\u00a0\u00bbmainEntity\u00a0\u00bb:[{\u00ab\u00a0@type\u00a0\u00bb:\u00a0\u00bbQuestion\u00a0\u00bb,\u00a0\u00bbname\u00a0\u00bb:\u00a0\u00bbQuels sont les niveaux d&rsquo;enseignement proposu00e9s u00e0 l&rsquo;u00e9cole Jeanne d&rsquo;Arc ?\u00a0\u00bb,\u00a0\u00bbacceptedAnswer\u00a0\u00bb:{\u00ab\u00a0@type\u00a0\u00bb:\u00a0\u00bbAnswer\u00a0\u00bb,\u00a0\u00bbtext\u00a0\u00bb:\u00a0\u00bbL&rsquo;u00e9cole Jeanne d&rsquo;Arc propose des classes allant de la maternelle au CM2, avec un total de 22 classes et 596 u00e9lu00e8ves.\u00a0\u00bb}},{\u00ab\u00a0@type\u00a0\u00bb:\u00a0\u00bbQuestion\u00a0\u00bb,\u00a0\u00bbname\u00a0\u00bb:\u00a0\u00bbComment l&rsquo;u00e9cole intu00e8gre-t-elle des valeurs chru00e9tiennes dans son enseignement ?\u00a0\u00bb,\u00a0\u00bbacceptedAnswer\u00a0\u00bb:{\u00ab\u00a0@type\u00a0\u00bb:\u00a0\u00bbAnswer\u00a0\u00bb,\u00a0\u00bbtext\u00a0\u00bb:\u00a0\u00bbLes valeurs chru00e9tiennes font partie intu00e9grante du projet u00e9ducatif, avec des temps de partage et des initiatives communautaires.\u00a0\u00bb}},{\u00ab\u00a0@type\u00a0\u00bb:\u00a0\u00bbQuestion\u00a0\u00bb,\u00a0\u00bbname\u00a0\u00bb:\u00a0\u00bbQuel type d&rsquo;accompagnement personnalisu00e9 est offert aux u00e9lu00e8ves ?\u00a0\u00bb,\u00a0\u00bbacceptedAnswer\u00a0\u00bb:{\u00ab\u00a0@type\u00a0\u00bb:\u00a0\u00bbAnswer\u00a0\u00bb,\u00a0\u00bbtext\u00a0\u00bb:\u00a0\u00bbChaque u00e9lu00e8ve bu00e9nu00e9ficie d&rsquo;un suivi individuel par les enseignants et les psychologues scolaires, ainsi que d&rsquo;ateliers de soutien.\u00a0\u00bb}},{\u00ab\u00a0@type\u00a0\u00bb:\u00a0\u00bbQuestion\u00a0\u00bb,\u00a0\u00bbname\u00a0\u00bb:\u00a0\u00bbQuelles sont les innovations pu00e9dagogiques en place au sein de l&rsquo;u00e9tablissement ?\u00a0\u00bb,\u00a0\u00bbacceptedAnswer\u00a0\u00bb:{\u00ab\u00a0@type\u00a0\u00bb:\u00a0\u00bbAnswer\u00a0\u00bb,\u00a0\u00bbtext\u00a0\u00bb:\u00a0\u00bbL&rsquo;u00e9cole utilise des outils numu00e9riques, des plateformes d&rsquo;apprentissage et propose des cours sur la durabilitu00e9 et l&rsquo;environnement.\u00a0\u00bb}},{\u00ab\u00a0@type\u00a0\u00bb:\u00a0\u00bbQuestion\u00a0\u00bb,\u00a0\u00bbname\u00a0\u00bb:\u00a0\u00bbComment la communautu00e9 u00e9ducative s&rsquo;engage-t-elle ?\u00a0\u00bb,\u00a0\u00bbacceptedAnswer\u00a0\u00bb:{\u00ab\u00a0@type\u00a0\u00bb:\u00a0\u00bbAnswer\u00a0\u00bb,\u00a0\u00bbtext\u00a0\u00bb:\u00a0\u00bbLes parents, enseignants et u00e9lu00e8ves participent u00e0 de nombreux projets collaboratifs, renforu00e7ant le lien social u00e0 l&rsquo;intu00e9rieur et u00e0 l&rsquo;extu00e9rieur de l&rsquo;u00e9cole.\u00a0\u00bb}}]}\n\n<h3>Quels sont les niveaux d&rsquo;enseignement propos\u00e9s \u00e0 l&rsquo;\u00e9cole Jeanne d&rsquo;Arc ?<\/h3>\n<p>L&rsquo;\u00e9cole Jeanne d&rsquo;Arc propose des classes allant de la maternelle au CM2, avec un total de 22 classes et 596 \u00e9l\u00e8ves.<\/p>\n<h3>Comment l&rsquo;\u00e9cole int\u00e8gre-t-elle des valeurs chr\u00e9tiennes dans son enseignement ?<\/h3>\n<p>Les valeurs chr\u00e9tiennes font partie int\u00e9grante du projet \u00e9ducatif, avec des temps de partage et des initiatives communautaires.<\/p>\n<h3>Quel type d&rsquo;accompagnement personnalis\u00e9 est offert aux \u00e9l\u00e8ves ?<\/h3>\n<p>Chaque \u00e9l\u00e8ve b\u00e9n\u00e9ficie d&rsquo;un suivi individuel par les enseignants et les psychologues scolaires, ainsi que d&rsquo;ateliers de soutien.<\/p>\n<h3>Quelles sont les innovations p\u00e9dagogiques en place au sein de l&rsquo;\u00e9tablissement ?<\/h3>\n<p>L&rsquo;\u00e9cole utilise des outils num\u00e9riques, des plateformes d&rsquo;apprentissage et propose des cours sur la durabilit\u00e9 et l&rsquo;environnement.<\/p>\n<h3>Comment la communaut\u00e9 \u00e9ducative s&rsquo;engage-t-elle ?<\/h3>\n<p>Les parents, enseignants et \u00e9l\u00e8ves participent \u00e0 de nombreux projets collaboratifs, renfor\u00e7ant le lien social \u00e0 l&rsquo;int\u00e9rieur et \u00e0 l&rsquo;ext\u00e9rieur de l&rsquo;\u00e9cole.<\/p>\n\n","protected":false},"excerpt":{"rendered":"<p>Dans un monde \u00e9ducatif en constante \u00e9volution, l&rsquo;\u00e9cole Jeanne d&rsquo;Arc \u00e0 Mulhouse se d\u00e9marque par son approche novatrice et son cadre accueillant. Alliant tradition et modernit\u00e9, cet \u00e9tablissement priv\u00e9 catholique se positionne comme un acteur cl\u00e9 dans la formation des jeunes, tout en mettant en lumi\u00e8re les valeurs chr\u00e9tiennes qui lui sont ch\u00e8res. En 2025, &#8230; <a title=\"L&rsquo;\u00e9cole Jeanne d&rsquo;Arc \u00e0 Mulhouse : un cadre \u00e9ducatif d&rsquo;exception en 2025\" class=\"read-more\" href=\"https:\/\/www.apres-lecole.fr\/Blog\/ecole-jeanne-darc-mulhouse\/\" aria-label=\"En savoir plus sur L&rsquo;\u00e9cole Jeanne d&rsquo;Arc \u00e0 Mulhouse : un cadre \u00e9ducatif d&rsquo;exception en 2025\">Lire plus<\/a><\/p>\n","protected":false},"author":7,"featured_media":2447,"comment_status":"open","ping_status":"open","sticky":false,"template":"","format":"standard","meta":{"footnotes":""},"categories":[342],"tags":[1666,1665,412,1667,1245],"class_list":["post-2448","post","type-post","status-publish","format-standard","has-post-thumbnail","hentry","category-actualites","tag-cadre-educatif","tag-ecole-jeanne-darc","tag-education","tag-excellence-educative","tag-mulhouse"],"yoast_head":"<!-- This site is optimized with the Yoast SEO plugin v27.5 - https:\/\/yoast.com\/product\/yoast-seo-wordpress\/ -->\n<title>Jeanne d\u2019Arc Mulhouse : L\u2019excellence \u00e9ducative en 2025<\/title>\n<meta name=\"description\" content=\"D\u00e9couvrez l&#039;\u00e9cole Jeanne d&#039;Arc \u00e0 Mulhouse : un cadre \u00e9ducatif d&#039;exception en 2025 pour la r\u00e9ussite et l&#039;\u00e9panouissement de vos enfants.\" \/>\n<meta name=\"robots\" content=\"index, follow, max-snippet:-1, max-image-preview:large, max-video-preview:-1\" \/>\n<link rel=\"canonical\" href=\"https:\/\/www.apres-lecole.fr\/Blog\/ecole-jeanne-darc-mulhouse\/\" \/>\n<meta property=\"og:locale\" content=\"fr_FR\" \/>\n<meta property=\"og:type\" content=\"article\" \/>\n<meta property=\"og:title\" content=\"Jeanne d\u2019Arc Mulhouse : L\u2019excellence \u00e9ducative en 2025\" \/>\n<meta property=\"og:description\" content=\"D\u00e9couvrez l&#039;\u00e9cole Jeanne d&#039;Arc \u00e0 Mulhouse : un cadre \u00e9ducatif d&#039;exception en 2025 pour la r\u00e9ussite et l&#039;\u00e9panouissement de vos enfants.\" \/>\n<meta property=\"og:url\" content=\"https:\/\/www.apres-lecole.fr\/Blog\/ecole-jeanne-darc-mulhouse\/\" \/>\n<meta property=\"article:published_time\" content=\"2025-09-30T06:33:48+00:00\" \/>\n<meta property=\"og:image\" content=\"https:\/\/www.apres-lecole.fr\/Blog\/wp-content\/uploads\/2025\/09\/Lecole-Jeanne-dArc-a-Mulhouse-un-cadre-educatif-dexception-en-2025.jpg\" \/>\n\t<meta property=\"og:image:width\" content=\"1344\" \/>\n\t<meta property=\"og:image:height\" content=\"768\" \/>\n\t<meta property=\"og:image:type\" content=\"image\/jpeg\" \/>\n<meta name=\"twitter:card\" content=\"summary_large_image\" \/>\n<meta name=\"twitter:label1\" content=\"\u00c9crit par\" \/>\n\t<meta name=\"twitter:data1\" content=\"\" \/>\n\t<meta name=\"twitter:label2\" content=\"Dur\u00e9e de lecture estim\u00e9e\" \/>\n\t<meta name=\"twitter:data2\" content=\"9 minutes\" \/>\n<script type=\"application\/ld+json\" class=\"yoast-schema-graph\">{\"@context\":\"https:\\\/\\\/schema.org\",\"@graph\":[{\"@type\":\"Article\",\"@id\":\"https:\\\/\\\/www.apres-lecole.fr\\\/Blog\\\/ecole-jeanne-darc-mulhouse\\\/#article\",\"isPartOf\":{\"@id\":\"https:\\\/\\\/www.apres-lecole.fr\\\/Blog\\\/ecole-jeanne-darc-mulhouse\\\/\"},\"author\":{\"name\":\"\",\"@id\":\"\"},\"headline\":\"L&rsquo;\u00e9cole Jeanne d&rsquo;Arc \u00e0 Mulhouse : un cadre \u00e9ducatif d&rsquo;exception en 2025\",\"datePublished\":\"2025-09-30T06:33:48+00:00\",\"mainEntityOfPage\":{\"@id\":\"https:\\\/\\\/www.apres-lecole.fr\\\/Blog\\\/ecole-jeanne-darc-mulhouse\\\/\"},\"wordCount\":1812,\"commentCount\":0,\"image\":{\"@id\":\"https:\\\/\\\/www.apres-lecole.fr\\\/Blog\\\/ecole-jeanne-darc-mulhouse\\\/#primaryimage\"},\"thumbnailUrl\":\"https:\\\/\\\/www.apres-lecole.fr\\\/Blog\\\/wp-content\\\/uploads\\\/2025\\\/09\\\/Lecole-Jeanne-dArc-a-Mulhouse-un-cadre-educatif-dexception-en-2025.jpg\",\"keywords\":[\"cadre \u00e9ducatif\",\"\u00e9cole jeanne d'arc\",\"\u00e9ducation\",\"excellence \u00e9ducative\",\"mulhouse\"],\"articleSection\":[\"Actualit\u00e9s\"],\"inLanguage\":\"fr-FR\",\"potentialAction\":[{\"@type\":\"CommentAction\",\"name\":\"Comment\",\"target\":[\"https:\\\/\\\/www.apres-lecole.fr\\\/Blog\\\/ecole-jeanne-darc-mulhouse\\\/#respond\"]}]},{\"@type\":\"WebPage\",\"@id\":\"https:\\\/\\\/www.apres-lecole.fr\\\/Blog\\\/ecole-jeanne-darc-mulhouse\\\/\",\"url\":\"https:\\\/\\\/www.apres-lecole.fr\\\/Blog\\\/ecole-jeanne-darc-mulhouse\\\/\",\"name\":\"Jeanne d\u2019Arc Mulhouse : L\u2019excellence \u00e9ducative en 2025\",\"isPartOf\":{\"@id\":\"https:\\\/\\\/www.apres-lecole.fr\\\/Blog\\\/#website\"},\"primaryImageOfPage\":{\"@id\":\"https:\\\/\\\/www.apres-lecole.fr\\\/Blog\\\/ecole-jeanne-darc-mulhouse\\\/#primaryimage\"},\"image\":{\"@id\":\"https:\\\/\\\/www.apres-lecole.fr\\\/Blog\\\/ecole-jeanne-darc-mulhouse\\\/#primaryimage\"},\"thumbnailUrl\":\"https:\\\/\\\/www.apres-lecole.fr\\\/Blog\\\/wp-content\\\/uploads\\\/2025\\\/09\\\/Lecole-Jeanne-dArc-a-Mulhouse-un-cadre-educatif-dexception-en-2025.jpg\",\"datePublished\":\"2025-09-30T06:33:48+00:00\",\"author\":{\"@id\":\"\"},\"description\":\"D\u00e9couvrez l'\u00e9cole Jeanne d'Arc \u00e0 Mulhouse : un cadre \u00e9ducatif d'exception en 2025 pour la r\u00e9ussite et l'\u00e9panouissement de vos enfants.\",\"breadcrumb\":{\"@id\":\"https:\\\/\\\/www.apres-lecole.fr\\\/Blog\\\/ecole-jeanne-darc-mulhouse\\\/#breadcrumb\"},\"inLanguage\":\"fr-FR\",\"potentialAction\":[{\"@type\":\"ReadAction\",\"target\":[\"https:\\\/\\\/www.apres-lecole.fr\\\/Blog\\\/ecole-jeanne-darc-mulhouse\\\/\"]}]},{\"@type\":\"ImageObject\",\"inLanguage\":\"fr-FR\",\"@id\":\"https:\\\/\\\/www.apres-lecole.fr\\\/Blog\\\/ecole-jeanne-darc-mulhouse\\\/#primaryimage\",\"url\":\"https:\\\/\\\/www.apres-lecole.fr\\\/Blog\\\/wp-content\\\/uploads\\\/2025\\\/09\\\/Lecole-Jeanne-dArc-a-Mulhouse-un-cadre-educatif-dexception-en-2025.jpg\",\"contentUrl\":\"https:\\\/\\\/www.apres-lecole.fr\\\/Blog\\\/wp-content\\\/uploads\\\/2025\\\/09\\\/Lecole-Jeanne-dArc-a-Mulhouse-un-cadre-educatif-dexception-en-2025.jpg\",\"width\":1344,\"height\":768,\"caption\":\"d\u00e9couvrez l'\u00e9cole jeanne d'arc \u00e0 mulhouse, un \u00e9tablissement d'exception offrant en 2025 un cadre \u00e9ducatif moderne, un accompagnement personnalis\u00e9 et un environnement propice \u00e0 la r\u00e9ussite de chaque \u00e9l\u00e8ve.\"},{\"@type\":\"BreadcrumbList\",\"@id\":\"https:\\\/\\\/www.apres-lecole.fr\\\/Blog\\\/ecole-jeanne-darc-mulhouse\\\/#breadcrumb\",\"itemListElement\":[{\"@type\":\"ListItem\",\"position\":1,\"name\":\"Home\",\"item\":\"https:\\\/\\\/www.apres-lecole.fr\\\/Blog\\\/\"},{\"@type\":\"ListItem\",\"position\":2,\"name\":\"L&rsquo;\u00e9cole Jeanne d&rsquo;Arc \u00e0 Mulhouse : un cadre \u00e9ducatif d&rsquo;exception en 2025\"}]},{\"@type\":\"WebSite\",\"@id\":\"https:\\\/\\\/www.apres-lecole.fr\\\/Blog\\\/#website\",\"url\":\"https:\\\/\\\/www.apres-lecole.fr\\\/Blog\\\/\",\"name\":\"\",\"description\":\"M\u00e9dia g\u00e9n\u00e9raliste\",\"potentialAction\":[{\"@type\":\"SearchAction\",\"target\":{\"@type\":\"EntryPoint\",\"urlTemplate\":\"https:\\\/\\\/www.apres-lecole.fr\\\/Blog\\\/?s={search_term_string}\"},\"query-input\":{\"@type\":\"PropertyValueSpecification\",\"valueRequired\":true,\"valueName\":\"search_term_string\"}}],\"inLanguage\":\"fr-FR\"},{\"@type\":\"Person\",\"@id\":\"\",\"url\":\"https:\\\/\\\/www.apres-lecole.fr\\\/Blog\\\/author\\\/\"}]}<\/script>\n<!-- \/ Yoast SEO plugin. -->","yoast_head_json":{"title":"Jeanne d\u2019Arc Mulhouse : L\u2019excellence \u00e9ducative en 2025","description":"D\u00e9couvrez l'\u00e9cole Jeanne d'Arc \u00e0 Mulhouse : un cadre \u00e9ducatif d'exception en 2025 pour la r\u00e9ussite et l'\u00e9panouissement de vos enfants.","robots":{"index":"index","follow":"follow","max-snippet":"max-snippet:-1","max-image-preview":"max-image-preview:large","max-video-preview":"max-video-preview:-1"},"canonical":"https:\/\/www.apres-lecole.fr\/Blog\/ecole-jeanne-darc-mulhouse\/","og_locale":"fr_FR","og_type":"article","og_title":"Jeanne d\u2019Arc Mulhouse : L\u2019excellence \u00e9ducative en 2025","og_description":"D\u00e9couvrez l'\u00e9cole Jeanne d'Arc \u00e0 Mulhouse : un cadre \u00e9ducatif d'exception en 2025 pour la r\u00e9ussite et l'\u00e9panouissement de vos enfants.","og_url":"https:\/\/www.apres-lecole.fr\/Blog\/ecole-jeanne-darc-mulhouse\/","article_published_time":"2025-09-30T06:33:48+00:00","og_image":[{"width":1344,"height":768,"url":"https:\/\/www.apres-lecole.fr\/Blog\/wp-content\/uploads\/2025\/09\/Lecole-Jeanne-dArc-a-Mulhouse-un-cadre-educatif-dexception-en-2025.jpg","type":"image\/jpeg"}],"twitter_card":"summary_large_image","twitter_misc":{"\u00c9crit par":"","Dur\u00e9e de lecture estim\u00e9e":"9 minutes"},"schema":{"@context":"https:\/\/schema.org","@graph":[{"@type":"Article","@id":"https:\/\/www.apres-lecole.fr\/Blog\/ecole-jeanne-darc-mulhouse\/#article","isPartOf":{"@id":"https:\/\/www.apres-lecole.fr\/Blog\/ecole-jeanne-darc-mulhouse\/"},"author":{"name":"","@id":""},"headline":"L&rsquo;\u00e9cole Jeanne d&rsquo;Arc \u00e0 Mulhouse : un cadre \u00e9ducatif d&rsquo;exception en 2025","datePublished":"2025-09-30T06:33:48+00:00","mainEntityOfPage":{"@id":"https:\/\/www.apres-lecole.fr\/Blog\/ecole-jeanne-darc-mulhouse\/"},"wordCount":1812,"commentCount":0,"image":{"@id":"https:\/\/www.apres-lecole.fr\/Blog\/ecole-jeanne-darc-mulhouse\/#primaryimage"},"thumbnailUrl":"https:\/\/www.apres-lecole.fr\/Blog\/wp-content\/uploads\/2025\/09\/Lecole-Jeanne-dArc-a-Mulhouse-un-cadre-educatif-dexception-en-2025.jpg","keywords":["cadre \u00e9ducatif","\u00e9cole jeanne d'arc","\u00e9ducation","excellence \u00e9ducative","mulhouse"],"articleSection":["Actualit\u00e9s"],"inLanguage":"fr-FR","potentialAction":[{"@type":"CommentAction","name":"Comment","target":["https:\/\/www.apres-lecole.fr\/Blog\/ecole-jeanne-darc-mulhouse\/#respond"]}]},{"@type":"WebPage","@id":"https:\/\/www.apres-lecole.fr\/Blog\/ecole-jeanne-darc-mulhouse\/","url":"https:\/\/www.apres-lecole.fr\/Blog\/ecole-jeanne-darc-mulhouse\/","name":"Jeanne d\u2019Arc Mulhouse : L\u2019excellence \u00e9ducative en 2025","isPartOf":{"@id":"https:\/\/www.apres-lecole.fr\/Blog\/#website"},"primaryImageOfPage":{"@id":"https:\/\/www.apres-lecole.fr\/Blog\/ecole-jeanne-darc-mulhouse\/#primaryimage"},"image":{"@id":"https:\/\/www.apres-lecole.fr\/Blog\/ecole-jeanne-darc-mulhouse\/#primaryimage"},"thumbnailUrl":"https:\/\/www.apres-lecole.fr\/Blog\/wp-content\/uploads\/2025\/09\/Lecole-Jeanne-dArc-a-Mulhouse-un-cadre-educatif-dexception-en-2025.jpg","datePublished":"2025-09-30T06:33:48+00:00","author":{"@id":""},"description":"D\u00e9couvrez l'\u00e9cole Jeanne d'Arc \u00e0 Mulhouse : un cadre \u00e9ducatif d'exception en 2025 pour la r\u00e9ussite et l'\u00e9panouissement de vos enfants.","breadcrumb":{"@id":"https:\/\/www.apres-lecole.fr\/Blog\/ecole-jeanne-darc-mulhouse\/#breadcrumb"},"inLanguage":"fr-FR","potentialAction":[{"@type":"ReadAction","target":["https:\/\/www.apres-lecole.fr\/Blog\/ecole-jeanne-darc-mulhouse\/"]}]},{"@type":"ImageObject","inLanguage":"fr-FR","@id":"https:\/\/www.apres-lecole.fr\/Blog\/ecole-jeanne-darc-mulhouse\/#primaryimage","url":"https:\/\/www.apres-lecole.fr\/Blog\/wp-content\/uploads\/2025\/09\/Lecole-Jeanne-dArc-a-Mulhouse-un-cadre-educatif-dexception-en-2025.jpg","contentUrl":"https:\/\/www.apres-lecole.fr\/Blog\/wp-content\/uploads\/2025\/09\/Lecole-Jeanne-dArc-a-Mulhouse-un-cadre-educatif-dexception-en-2025.jpg","width":1344,"height":768,"caption":"d\u00e9couvrez l'\u00e9cole jeanne d'arc \u00e0 mulhouse, un \u00e9tablissement d'exception offrant en 2025 un cadre \u00e9ducatif moderne, un accompagnement personnalis\u00e9 et un environnement propice \u00e0 la r\u00e9ussite de chaque \u00e9l\u00e8ve."},{"@type":"BreadcrumbList","@id":"https:\/\/www.apres-lecole.fr\/Blog\/ecole-jeanne-darc-mulhouse\/#breadcrumb","itemListElement":[{"@type":"ListItem","position":1,"name":"Home","item":"https:\/\/www.apres-lecole.fr\/Blog\/"},{"@type":"ListItem","position":2,"name":"L&rsquo;\u00e9cole Jeanne d&rsquo;Arc \u00e0 Mulhouse : un cadre \u00e9ducatif d&rsquo;exception en 2025"}]},{"@type":"WebSite","@id":"https:\/\/www.apres-lecole.fr\/Blog\/#website","url":"https:\/\/www.apres-lecole.fr\/Blog\/","name":"","description":"M\u00e9dia g\u00e9n\u00e9raliste","potentialAction":[{"@type":"SearchAction","target":{"@type":"EntryPoint","urlTemplate":"https:\/\/www.apres-lecole.fr\/Blog\/?s={search_term_string}"},"query-input":{"@type":"PropertyValueSpecification","valueRequired":true,"valueName":"search_term_string"}}],"inLanguage":"fr-FR"},{"@type":"Person","@id":"","url":"https:\/\/www.apres-lecole.fr\/Blog\/author\/"}]}},"views":9,"_links":{"self":[{"href":"https:\/\/www.apres-lecole.fr\/Blog\/wp-json\/wp\/v2\/posts\/2448","targetHints":{"allow":["GET"]}}],"collection":[{"href":"https:\/\/www.apres-lecole.fr\/Blog\/wp-json\/wp\/v2\/posts"}],"about":[{"href":"https:\/\/www.apres-lecole.fr\/Blog\/wp-json\/wp\/v2\/types\/post"}],"author":[{"embeddable":true,"href":"https:\/\/www.apres-lecole.fr\/Blog\/wp-json\/wp\/v2\/users\/7"}],"replies":[{"embeddable":true,"href":"https:\/\/www.apres-lecole.fr\/Blog\/wp-json\/wp\/v2\/comments?post=2448"}],"version-history":[{"count":0,"href":"https:\/\/www.apres-lecole.fr\/Blog\/wp-json\/wp\/v2\/posts\/2448\/revisions"}],"wp:featuredmedia":[{"embeddable":true,"href":"https:\/\/www.apres-lecole.fr\/Blog\/wp-json\/wp\/v2\/media\/2447"}],"wp:attachment":[{"href":"https:\/\/www.apres-lecole.fr\/Blog\/wp-json\/wp\/v2\/media?parent=2448"}],"wp:term":[{"taxonomy":"category","embeddable":true,"href":"https:\/\/www.apres-lecole.fr\/Blog\/wp-json\/wp\/v2\/categories?post=2448"},{"taxonomy":"post_tag","embeddable":true,"href":"https:\/\/www.apres-lecole.fr\/Blog\/wp-json\/wp\/v2\/tags?post=2448"}],"curies":[{"name":"wp","href":"https:\/\/api.w.org\/{rel}","templated":true}]}}