{"id":2442,"date":"2025-09-29T06:54:11","date_gmt":"2025-09-29T06:54:11","guid":{"rendered":"https:\/\/www.apres-lecole.fr\/Blog\/ferandi-formations-culinaires\/"},"modified":"2025-09-29T06:54:11","modified_gmt":"2025-09-29T06:54:11","slug":"ferandi-formations-culinaires","status":"publish","type":"post","link":"https:\/\/www.apres-lecole.fr\/Blog\/ferandi-formations-culinaires\/","title":{"rendered":"\u00c9cole Ferrandi : d\u00e9couvrez les formations culinaires d&rsquo;excellence en 2025"},"content":{"rendered":"\n\n<div class=\"kk-star-ratings kksr-auto kksr-align-left kksr-valign-top\"\n    data-payload='{&quot;align&quot;:&quot;left&quot;,&quot;id&quot;:&quot;2442&quot;,&quot;slug&quot;:&quot;default&quot;,&quot;valign&quot;:&quot;top&quot;,&quot;ignore&quot;:&quot;&quot;,&quot;reference&quot;:&quot;auto&quot;,&quot;class&quot;:&quot;&quot;,&quot;count&quot;:&quot;0&quot;,&quot;legendonly&quot;:&quot;&quot;,&quot;readonly&quot;:&quot;&quot;,&quot;score&quot;:&quot;0&quot;,&quot;starsonly&quot;:&quot;&quot;,&quot;best&quot;:&quot;5&quot;,&quot;gap&quot;:&quot;5&quot;,&quot;greet&quot;:&quot;Rate this post&quot;,&quot;legend&quot;:&quot;0\\\/5 - (0 vote)&quot;,&quot;size&quot;:&quot;24&quot;,&quot;title&quot;:&quot;\u00c9cole Ferrandi : d\u00e9couvrez les formations culinaires d\\u0026#039;excellence en 2025&quot;,&quot;width&quot;:&quot;0&quot;,&quot;_legend&quot;:&quot;{score}\\\/{best} - ({count} {votes})&quot;,&quot;font_factor&quot;:&quot;1.25&quot;}'>\n            \n<div class=\"kksr-stars\">\n    \n<div class=\"kksr-stars-inactive\">\n            <div class=\"kksr-star\" data-star=\"1\" style=\"padding-right: 5px\">\n            \n\n<div class=\"kksr-icon\" style=\"width: 24px; height: 24px;\"><\/div>\n        <\/div>\n            <div class=\"kksr-star\" data-star=\"2\" style=\"padding-right: 5px\">\n            \n\n<div class=\"kksr-icon\" style=\"width: 24px; height: 24px;\"><\/div>\n        <\/div>\n            <div class=\"kksr-star\" data-star=\"3\" style=\"padding-right: 5px\">\n            \n\n<div class=\"kksr-icon\" style=\"width: 24px; height: 24px;\"><\/div>\n        <\/div>\n            <div class=\"kksr-star\" data-star=\"4\" style=\"padding-right: 5px\">\n            \n\n<div class=\"kksr-icon\" style=\"width: 24px; height: 24px;\"><\/div>\n        <\/div>\n            <div class=\"kksr-star\" data-star=\"5\" style=\"padding-right: 5px\">\n            \n\n<div class=\"kksr-icon\" style=\"width: 24px; height: 24px;\"><\/div>\n        <\/div>\n    <\/div>\n    \n<div class=\"kksr-stars-active\" style=\"width: 0px;\">\n            <div class=\"kksr-star\" style=\"padding-right: 5px\">\n            \n\n<div class=\"kksr-icon\" style=\"width: 24px; height: 24px;\"><\/div>\n        <\/div>\n            <div class=\"kksr-star\" style=\"padding-right: 5px\">\n            \n\n<div class=\"kksr-icon\" style=\"width: 24px; height: 24px;\"><\/div>\n        <\/div>\n            <div class=\"kksr-star\" style=\"padding-right: 5px\">\n            \n\n<div class=\"kksr-icon\" style=\"width: 24px; height: 24px;\"><\/div>\n        <\/div>\n            <div class=\"kksr-star\" style=\"padding-right: 5px\">\n            \n\n<div class=\"kksr-icon\" style=\"width: 24px; height: 24px;\"><\/div>\n        <\/div>\n            <div class=\"kksr-star\" style=\"padding-right: 5px\">\n            \n\n<div class=\"kksr-icon\" style=\"width: 24px; height: 24px;\"><\/div>\n        <\/div>\n    <\/div>\n<\/div>\n                \n\n<div class=\"kksr-legend\" style=\"font-size: 19.2px;\">\n            <span class=\"kksr-muted\">Rate this post<\/span>\n    <\/div>\n    <\/div>\n<p>Le monde de la gastronomie est en pleine effervescence, et l&rsquo;\u00c9cole Ferrandi se positionne comme un acteur incontournable pour fa\u00e7onner les chefs de demain. Avec ses formations d&rsquo;excellence, l&rsquo;\u00e9cole attire chaque ann\u00e9e des passionn\u00e9s de cuisine, d\u00e9sireux de se plonger dans un univers riche en saveurs et en savoir-faire. \u00c0 l&rsquo;horizon 2025, Ferrandi continue d&rsquo;\u00e9voluer, proposant des cursus adapt\u00e9s aux nouvelles dynamiques du secteur, mais aussi aux aspirations des futurs professionnels. Amateurs ou souhaitant se perfectionner, d\u00e9couvrons ensemble ce que l&rsquo;\u00c9cole Ferrandi a \u00e0 offrir en cette ann\u00e9e charni\u00e8re.<\/p>\n\n<ul class=\"wp-block-list\"><li>Les fondamentaux des formations de l&rsquo;\u00c9cole Ferrandi<\/li><li>Parcours des \u00e9tudiants : entre th\u00e9orie et pratique<\/li><li>Objectifs p\u00e9dagogiques et comp\u00e9tences acquises<\/li><li>Int\u00e9gration de la durabilit\u00e9 dans les programmes<\/li><li>D\u00e9bouch\u00e9s et r\u00e9ussite professionnelle des dipl\u00f4m\u00e9s<\/li><\/ul>\n\n<h2 class=\"wp-block-heading\">Les fondamentaux des formations de l&rsquo;\u00c9cole Ferrandi<\/h2>\n\n<p>L&rsquo;\u00c9cole Ferrandi, reconnue comme le \u00ab Harvard de la gastronomie \u00bb, propose une gamme vari\u00e9e de formations allant du CAP au Bac +5. Sinom et rattach\u00e9e \u00e0 la Chambre de Commerce de Paris, l&rsquo;\u00e9cole cultive des standards d&rsquo;excellence \u00e0 travers ses 30 formations. En 2025, l&rsquo;institution continue de s&rsquo;affirmer comme la r\u00e9f\u00e9rence en mati\u00e8re d&rsquo;\u00e9ducation culinaire.<\/p>\n\n<p>Parmi ses programmes phares, on trouve le Bachelor en Arts culinaires et entrepreneuriat, qui s&rsquo;adresse non seulement aux passionn\u00e9s de cuisine, mais aussi \u00e0 ceux souhaitant devenir responsables d&rsquo;\u00e9tablissement ou entrepreneurs dans le secteur de la restauration. En suivant cette formation, les \u00e9tudiants apprennent \u00e0 conjuguer cr\u00e9ativit\u00e9 culinaire et comp\u00e9tences manag\u00e9riales, ce qui leur permet de briller \u00e0 la fois derri\u00e8re les fourneaux et dans la gestion d&rsquo;un \u00e9tablissement.<\/p>\n\n<p>En plus des capacit\u00e9s pratiques, les \u00e9l\u00e8ves d\u00e9couvrent des notions approfondies sur la gestion d\u2019entreprise, le marketing sp\u00e9cifique \u00e0 la gastronomie et l&rsquo;entrepreneuriat culinaire. Ces comp\u00e9tences sont toutefois assorties d&rsquo;apprentissages th\u00e9oriques et techniques, s&rsquo;assurant que chaque dipl\u00f4m\u00e9 poss\u00e8de une base solide pour aborder le monde professionnel. L&rsquo;accent mis sur la qualit\u00e9 du corps professoral, compos\u00e9 de chefs \u00e9toil\u00e9s et de professionnels reconnus, renforce encore cette approche. <\/p>\n\n<figure class=\"wp-block-table\"><table>\n<thead>\n<tr>\n<th>Formation<\/th>\n<th>Niveau<\/th>\n<th>Objectif principal<\/th>\n<\/tr>\n<\/thead>\n<tbody>\n<tr>\n<td>Bachelor Arts culinaires et Entrepreneuriat<\/td>\n<td>Bac +3<\/td>\n<td>Ma\u00eetrise des fondamentaux et comp\u00e9tences entrepreneuriales<\/td>\n<\/tr>\n<tr>\n<td>CAP Cuisine<\/td>\n<td>Niveau 3<\/td>\n<td>Apprentissage des bases techniques de la cuisine<\/td>\n<\/tr>\n<tr>\n<td>Master of Science en Hospitality Management<\/td>\n<td>Bac +5<\/td>\n<td>\u00c9laboration de concepts innovants dans le secteur h\u00f4telier<\/td>\n<\/tr>\n<\/tbody>\n<\/table><\/figure>\n\n<h2 class=\"wp-block-heading\">Parcours des \u00e9tudiants : entre th\u00e9orie et pratique<\/h2>\n\n<p>L&rsquo;approche p\u00e9dagogique unique de l&rsquo;\u00c9cole Ferrandi repose sur un \u00e9quilibre parfait entre th\u00e9orie et pratique. Les \u00e9tudiants passent une partie significative de leur formation en immersion dans des cuisines professionnelles, leur permettant de mettre en application ce qu&rsquo;ils apprennent en cours th\u00e9orique. Par exemple, au cours des deux premi\u00e8res ann\u00e9es d&rsquo;un Bachelor, les \u00e9tudiants peuvent s&rsquo;attendre \u00e0 passer jusqu&rsquo;\u00e0 70 % de leur temps \u00e0 cuisiner, leur permettant ainsi de se familiariser en profondeur avec les diverses techniques culinaires.<\/p>\n\n<p>En mati\u00e8re de stages, l&rsquo;\u00e9cole propose une int\u00e9gration dans de prestigieux restaurants et h\u00f4tels, offrant ainsi aux \u00e9tudiants l&rsquo;opportunit\u00e9 de d\u00e9crocher des exp\u00e9riences professionnelles incontournables. Ce milieu dynamique n&rsquo;est pas qu&rsquo;un simple lieu de pratique ; c&rsquo;est aussi un excellent moyen d&rsquo;\u00e9tablir des contacts pr\u00e9cieux dans l&rsquo;univers de la gastronomie.<\/p>\n\n<p>\u00c0 partir de la troisi\u00e8me ann\u00e9e, les \u00e9tudiants s&rsquo;orientent davantage vers des responsabilit\u00e9s manag\u00e9riales, renfor\u00e7ant leurs comp\u00e9tences en gestion d&rsquo;\u00e9quipe, en marketing et en finance, tout en continuant d\u2019affiner leur technique culinaire. Ainsi, chaque \u00e9l\u00e8ve est pr\u00e9par\u00e9 pour les d\u00e9fis vari\u00e9s qu&rsquo;ils rencontreront dans leurs carri\u00e8res.<\/p>\n\n<ul class=\"wp-block-list\"><li>Dur\u00e9e de stage : 12 \u00e0 24 semaines.<\/li><li>Pourcentage de pratique : jusqu&rsquo;\u00e0 70% en premi\u00e8re ann\u00e9e.<\/li><li>Stages en milieu professionnel, avec des employeurs partenaires prestigieux.<\/li><\/ul>\n\n<h2 class=\"wp-block-heading\">Objectifs p\u00e9dagogiques et comp\u00e9tences acquises<\/h2>\n\n<p>Les \u00e9tudiants de l&rsquo;\u00c9cole Ferrandi ne sont pas seulement pr\u00e9par\u00e9s \u00e0 \u00eatre de bons cuisiniers, mais aussi de futurs leaders dans le secteur de la gastronomie. Chaque formation r\u00e9pond \u00e0 des objectifs p\u00e9dagogiques sp\u00e9cifiques. Dans le cadre du Bachelor en Arts culinaires et entrepreneuriat, par exemple, les \u00e9tudiants apprennent \u00e0 :<\/p>\n\n<ul class=\"wp-block-list\"><li><strong>D\u00e9velopper des comp\u00e9tences culinaires avanc\u00e9es<\/strong> en apprenant aupr\u00e8s de chefs r\u00e9put\u00e9s.<\/li><li><strong>Acqu\u00e9rir une formation solide en management<\/strong> via des cours en comptabilit\u00e9, marketing et gestion des ressources humaines.<\/li><li><strong>Appr\u00e9hender les enjeux de durabilit\u00e9<\/strong> dans la cuisine moderne, un aspect essentiel dans le monde actuel o\u00f9 la responsabilit\u00e9 environnementale est cruciale.<\/li><li><strong>Travailler en \u00e9quipe et d\u00e9velopper des comp\u00e9tences relationnelles<\/strong> qui faciliteront leur int\u00e9gration dans n&rsquo;importe quel \u00e9tablissement.<\/li><\/ul>\n\n<p>L&rsquo;accent mis sur le leadership est un des points forts de Ferrandi. Les \u00e9tudiants sont encourag\u00e9s \u00e0 d\u00e9velopper leur propre style culinaire tout en apprenant \u00e0 g\u00e9rer les \u00e9quipes du milieu professionnel. Cette approche leur permet d&rsquo;entrer sur le march\u00e9 du travail non seulement avec des comp\u00e9tences culinaires, mais \u00e9galement avec une vision strat\u00e9gique de la gestion d&rsquo;un restaurant ou d&rsquo;un service de traiteur.<\/p>\n\n<figure class=\"wp-block-table\"><table>\n<thead>\n<tr>\n<th>Comp\u00e9tence<\/th>\n<th>Description<\/th>\n<\/tr>\n<\/thead>\n<tbody>\n<tr>\n<td>Innovation culinaire<\/td>\n<td>Cr\u00e9ation de nouvelles recettes et adaptation aux tendances.<\/td>\n<\/tr>\n<tr>\n<td>Gestion d&rsquo;\u00e9quipe<\/td>\n<td>Encadrement et motivation des \u00e9quipes de cuisine.<\/td>\n<\/tr>\n<tr>\n<td>Strat\u00e9gies commerciales<\/td>\n<td>D\u00e9veloppement de business plans pour son propre \u00e9tablissement.<\/td>\n<\/tr>\n<\/tbody>\n<\/table><\/figure>\n\n<h2 class=\"wp-block-heading\">Int\u00e9gration de la durabilit\u00e9 dans les programmes<\/h2>\n\n<p>La question de la durabilit\u00e9 est essentielle dans le domaine culinaire aujourd&rsquo;hui. \u00c0 l&rsquo;\u00c9cole Ferrandi, les futurs chefs apprennent non seulement \u00e0 cuisiner, mais \u00e9galement \u00e0 le faire de mani\u00e8re responsable. En effet, les formations int\u00e8grent des enjeux environnementaux d\u00e8s leur conception. Les programmes incluent des modules sur l&rsquo;utilisation des ingr\u00e9dients locaux et de saison, la gestion des d\u00e9chets, et des pratiques alimentaires durables.<\/p>\n\n<p>En 2025, Ferrandi propose \u00e9galement des projets concrets permettant aux \u00e9tudiants de participer activement \u00e0 des initiatives \u00e9coresponsables. Par exemple, le projet de ferme p\u00e9dagogique permet aux \u00e9tudiants d&rsquo;apprendre d&rsquo;o\u00f9 viennent leurs ingr\u00e9dients, tout en s&rsquo;initiant \u00e0 l&rsquo;agriculture durable. Par ailleurs, plusieurs partenariats avec des producteurs locaux sont mis en place, renfor\u00e7ant ainsi leur engagement vers une gastronomie respectueuse de l&rsquo;environnement.<\/p>\n\n<ul class=\"wp-block-list\"><li>Utilisation d&rsquo;ingr\u00e9dients locaux \ud83e\udd55<\/li><li>Pratiques de gestion des d\u00e9chets \u267b\ufe0f<\/li><li>Projets concrets de d\u00e9veloppement durable \ud83c\udf31<\/li><\/ul>\n\n<h2 class=\"wp-block-heading\">D\u00e9bouch\u00e9s et r\u00e9ussite professionnelle des dipl\u00f4m\u00e9s<\/h2>\n\n<p>Les dipl\u00f4m\u00e9s de l&rsquo;\u00c9cole Ferrandi b\u00e9n\u00e9ficient d&rsquo;un r\u00e9seau puissant offrant un acc\u00e8s privil\u00e9gi\u00e9 \u00e0 des postes de choix dans le monde de la gastronomie. Avec un taux d&rsquo;insertion professionnelle de 92 % \u00e0 7 mois apr\u00e8s l&rsquo;obtention de leur dipl\u00f4me, l&rsquo;\u00e9cole s&rsquo;affirme comme un tremplin vers le succ\u00e8s. Les anciennes promotions se distinguent d\u00e9j\u00e0 dans des \u00e9tablissements prestigieux, tant en France qu\u2019\u00e0 l&rsquo;international. Des anciennes \u00e9l\u00e8ves comme Arnaud Donckele et Nina M\u00e9tayer t\u00e9moignent du succ\u00e8s que l&rsquo;on peut atteindre apr\u00e8s avoir \u00e9tudi\u00e9 \u00e0 Ferrandi.<\/p>\n\n<p>Les carri\u00e8res prennent diverses formes, de la cr\u00e9ation de restaurants \u00e0 la direction d&rsquo;h\u00f4tels. De plus, l&rsquo;ouverture d&rsquo;une entreprise dans le secteur culinaire devient une aspiration r\u00e9alisable, gr\u00e2ce aux bases solides acquises pendant la formation. La richesse des exp\u00e9riences formatrices et le fait de b\u00e9n\u00e9ficier d\u2019un corps professoral d\u2019excellence en font une \u00e9cole de choix.<\/p>\n\n<ul class=\"wp-block-list\"><li>Carri\u00e8res dans des restaurants \u00e9toil\u00e9s \u2b50<\/li><li>Cr\u00e9ation d&rsquo;entreprises culinaires \ud83d\ude80<\/li><li>Opportunit\u00e9s \u00e0 l&rsquo;international \ud83c\udf0d<\/li><\/ul>\n\n<figure class=\"wp-block-table\"><table>\n<thead>\n<tr>\n<th>Postes occup\u00e9s par les dipl\u00f4m\u00e9s<\/th>\n<th>Exemples de lieux d&#8217;emploi<\/th>\n<\/tr>\n<\/thead>\n<tbody>\n<tr>\n<td>Chef de cuisine<\/td>\n<td>Restaurants \u00e9toil\u00e9s, h\u00f4tels de luxe<\/td>\n<\/tr>\n<tr>\n<td>Entrepreneur culinaire<\/td>\n<td>Cr\u00e9ation de restaurants, traiteurs<\/td>\n<\/tr>\n<tr>\n<td>Responsable alimentaire<\/td>\n<td>\u00c9tablissements publics, complexes h\u00f4teliers<\/td>\n<\/tr>\n<\/tbody>\n<\/table><\/figure>\n\n\n{\u00ab\u00a0@context\u00a0\u00bb:\u00a0\u00bbhttps:\/\/schema.org\u00a0\u00bb,\u00a0\u00bb@type\u00a0\u00bb:\u00a0\u00bbFAQPage\u00a0\u00bb,\u00a0\u00bbmainEntity\u00a0\u00bb:[{\u00ab\u00a0@type\u00a0\u00bb:\u00a0\u00bbQuestion\u00a0\u00bb,\u00a0\u00bbname\u00a0\u00bb:\u00a0\u00bbQuelles formations propose l&rsquo;u00c9cole Ferrandi ?\u00a0\u00bb,\u00a0\u00bbacceptedAnswer\u00a0\u00bb:{\u00ab\u00a0@type\u00a0\u00bb:\u00a0\u00bbAnswer\u00a0\u00bb,\u00a0\u00bbtext\u00a0\u00bb:\u00a0\u00bbL&rsquo;u00c9cole Ferrandi propose des formations allant du CAP au Bac +5, y compris des spu00e9cialisations en cuisine, pu00e2tisserie, boulangerie et management hu00f4telier.\u00a0\u00bb}},{\u00ab\u00a0@type\u00a0\u00bb:\u00a0\u00bbQuestion\u00a0\u00bb,\u00a0\u00bbname\u00a0\u00bb:\u00a0\u00bbQuels sont les taux de ru00e9ussite des diplu00f4mu00e9s ?\u00a0\u00bb,\u00a0\u00bbacceptedAnswer\u00a0\u00bb:{\u00ab\u00a0@type\u00a0\u00bb:\u00a0\u00bbAnswer\u00a0\u00bb,\u00a0\u00bbtext\u00a0\u00bb:\u00a0\u00bbLes diplu00f4mu00e9s de l&rsquo;u00c9cole Ferrandi affichent un taux de ru00e9ussite de 98 % aux examens et un taux d&rsquo;insertion professionnel de 92 % u00e0 7 mois apru00e8s la fin de leurs u00e9tudes.\u00a0\u00bb}},{\u00ab\u00a0@type\u00a0\u00bb:\u00a0\u00bbQuestion\u00a0\u00bb,\u00a0\u00bbname\u00a0\u00bb:\u00a0\u00bbL&rsquo;u00e9cole propose-t-elle des bourses pour u00e9tudiants ?\u00a0\u00bb,\u00a0\u00bbacceptedAnswer\u00a0\u00bb:{\u00ab\u00a0@type\u00a0\u00bb:\u00a0\u00bbAnswer\u00a0\u00bb,\u00a0\u00bbtext\u00a0\u00bb:\u00a0\u00bbOui, les u00e9tudiants peuvent demander des bourses sous conditions de critu00e8res sociaux, en remplissant un dossier social u00e9tudiant.\u00a0\u00bb}},{\u00ab\u00a0@type\u00a0\u00bb:\u00a0\u00bbQuestion\u00a0\u00bb,\u00a0\u00bbname\u00a0\u00bb:\u00a0\u00bbLes stages sont-ils intu00e9gru00e9s u00e0 la formation ?\u00a0\u00bb,\u00a0\u00bbacceptedAnswer\u00a0\u00bb:{\u00ab\u00a0@type\u00a0\u00bb:\u00a0\u00bbAnswer\u00a0\u00bb,\u00a0\u00bbtext\u00a0\u00bb:\u00a0\u00bbOui, les u00e9tudiants de l&rsquo;u00c9cole Ferrandi ru00e9alisent des stages en entreprises, alternant pu00e9riodes acadu00e9miques et professionnelles tout au long de leur cursus.\u00a0\u00bb}},{\u00ab\u00a0@type\u00a0\u00bb:\u00a0\u00bbQuestion\u00a0\u00bb,\u00a0\u00bbname\u00a0\u00bb:\u00a0\u00bbComment candidater u00e0 l&rsquo;u00c9cole Ferrandi ?\u00a0\u00bb,\u00a0\u00bbacceptedAnswer\u00a0\u00bb:{\u00ab\u00a0@type\u00a0\u00bb:\u00a0\u00bbAnswer\u00a0\u00bb,\u00a0\u00bbtext\u00a0\u00bb:\u00a0\u00bbLes candidats doivent u00eatre titulaires d&rsquo;un baccalauru00e9at ou u00e9quivalent et passer des u00e9preuves u00e9crites et orales pour rejoindre les formations.\u00a0\u00bb}}]}\n\n<h3>Quelles formations propose l&rsquo;\u00c9cole Ferrandi ?<\/h3>\n<p>L&rsquo;\u00c9cole Ferrandi propose des formations allant du CAP au Bac +5, y compris des sp\u00e9cialisations en cuisine, p\u00e2tisserie, boulangerie et management h\u00f4telier.<\/p>\n<h3>Quels sont les taux de r\u00e9ussite des dipl\u00f4m\u00e9s ?<\/h3>\n<p>Les dipl\u00f4m\u00e9s de l&rsquo;\u00c9cole Ferrandi affichent un taux de r\u00e9ussite de 98 % aux examens et un taux d&rsquo;insertion professionnel de 92 % \u00e0 7 mois apr\u00e8s la fin de leurs \u00e9tudes.<\/p>\n<h3>L&rsquo;\u00e9cole propose-t-elle des bourses pour \u00e9tudiants ?<\/h3>\n<p>Oui, les \u00e9tudiants peuvent demander des bourses sous conditions de crit\u00e8res sociaux, en remplissant un dossier social \u00e9tudiant.<\/p>\n<h3>Les stages sont-ils int\u00e9gr\u00e9s \u00e0 la formation ?<\/h3>\n<p>Oui, les \u00e9tudiants de l&rsquo;\u00c9cole Ferrandi r\u00e9alisent des stages en entreprises, alternant p\u00e9riodes acad\u00e9miques et professionnelles tout au long de leur cursus.<\/p>\n<h3>Comment candidater \u00e0 l&rsquo;\u00c9cole Ferrandi ?<\/h3>\n<p>Les candidats doivent \u00eatre titulaires d&rsquo;un baccalaur\u00e9at ou \u00e9quivalent et passer des \u00e9preuves \u00e9crites et orales pour rejoindre les formations.<\/p>\n\n","protected":false},"excerpt":{"rendered":"<p>Le monde de la gastronomie est en pleine effervescence, et l&rsquo;\u00c9cole Ferrandi se positionne comme un acteur incontournable pour fa\u00e7onner les chefs de demain. Avec ses formations d&rsquo;excellence, l&rsquo;\u00e9cole attire chaque ann\u00e9e des passionn\u00e9s de cuisine, d\u00e9sireux de se plonger dans un univers riche en saveurs et en savoir-faire. \u00c0 l&rsquo;horizon 2025, Ferrandi continue d&rsquo;\u00e9voluer, &#8230; <a title=\"\u00c9cole Ferrandi : d\u00e9couvrez les formations culinaires d&rsquo;excellence en 2025\" class=\"read-more\" href=\"https:\/\/www.apres-lecole.fr\/Blog\/ferandi-formations-culinaires\/\" aria-label=\"En savoir plus sur \u00c9cole Ferrandi : d\u00e9couvrez les formations culinaires d&rsquo;excellence en 2025\">Lire plus<\/a><\/p>\n","protected":false},"author":7,"featured_media":2441,"comment_status":"open","ping_status":"open","sticky":false,"template":"","format":"standard","meta":{"footnotes":""},"categories":[1],"tags":[1655,1653,664,1654,1656],"class_list":["post-2442","post","type-post","status-publish","format-standard","has-post-thumbnail","hentry","category-metiers-entreprise","tag-cuisine","tag-ecole-ferrandi","tag-excellence","tag-formations-culinaires","tag-gastronomie"],"yoast_head":"<!-- This site is optimized with the Yoast SEO plugin v27.5 - https:\/\/yoast.com\/product\/yoast-seo-wordpress\/ -->\n<title>Ferrandi 2025 : Plongez dans l\u2019excellence des formations culinaires<\/title>\n<meta name=\"description\" content=\"D\u00e9couvrez en 2025 les formations culinaires d&#039;excellence de l&#039;\u00c9cole Ferrandi : cursus innovants, expertise et savoir-faire gastronomique.\" \/>\n<meta name=\"robots\" content=\"index, follow, max-snippet:-1, max-image-preview:large, max-video-preview:-1\" \/>\n<link rel=\"canonical\" href=\"https:\/\/www.apres-lecole.fr\/Blog\/ferandi-formations-culinaires\/\" \/>\n<meta property=\"og:locale\" content=\"fr_FR\" \/>\n<meta property=\"og:type\" content=\"article\" \/>\n<meta property=\"og:title\" content=\"Ferrandi 2025 : Plongez dans l\u2019excellence des formations culinaires\" \/>\n<meta property=\"og:description\" content=\"D\u00e9couvrez en 2025 les formations culinaires d&#039;excellence de l&#039;\u00c9cole Ferrandi : cursus innovants, expertise et savoir-faire gastronomique.\" \/>\n<meta property=\"og:url\" content=\"https:\/\/www.apres-lecole.fr\/Blog\/ferandi-formations-culinaires\/\" \/>\n<meta property=\"article:published_time\" content=\"2025-09-29T06:54:11+00:00\" \/>\n<meta property=\"og:image\" content=\"https:\/\/www.apres-lecole.fr\/Blog\/wp-content\/uploads\/2025\/09\/Ecole-Ferrandi-decouvrez-les-formations-culinaires-dexcellence-en-2025.jpg\" \/>\n\t<meta property=\"og:image:width\" content=\"1344\" \/>\n\t<meta property=\"og:image:height\" content=\"768\" \/>\n\t<meta property=\"og:image:type\" content=\"image\/jpeg\" \/>\n<meta name=\"twitter:card\" content=\"summary_large_image\" \/>\n<meta name=\"twitter:label1\" content=\"\u00c9crit par\" \/>\n\t<meta name=\"twitter:data1\" content=\"\" \/>\n\t<meta name=\"twitter:label2\" content=\"Dur\u00e9e de lecture estim\u00e9e\" \/>\n\t<meta name=\"twitter:data2\" content=\"8 minutes\" \/>\n<script type=\"application\/ld+json\" class=\"yoast-schema-graph\">{\"@context\":\"https:\\\/\\\/schema.org\",\"@graph\":[{\"@type\":\"Article\",\"@id\":\"https:\\\/\\\/www.apres-lecole.fr\\\/Blog\\\/ferandi-formations-culinaires\\\/#article\",\"isPartOf\":{\"@id\":\"https:\\\/\\\/www.apres-lecole.fr\\\/Blog\\\/ferandi-formations-culinaires\\\/\"},\"author\":{\"name\":\"\",\"@id\":\"\"},\"headline\":\"\u00c9cole Ferrandi : d\u00e9couvrez les formations culinaires d&rsquo;excellence en 2025\",\"datePublished\":\"2025-09-29T06:54:11+00:00\",\"mainEntityOfPage\":{\"@id\":\"https:\\\/\\\/www.apres-lecole.fr\\\/Blog\\\/ferandi-formations-culinaires\\\/\"},\"wordCount\":1709,\"commentCount\":0,\"image\":{\"@id\":\"https:\\\/\\\/www.apres-lecole.fr\\\/Blog\\\/ferandi-formations-culinaires\\\/#primaryimage\"},\"thumbnailUrl\":\"https:\\\/\\\/www.apres-lecole.fr\\\/Blog\\\/wp-content\\\/uploads\\\/2025\\\/09\\\/Ecole-Ferrandi-decouvrez-les-formations-culinaires-dexcellence-en-2025.jpg\",\"keywords\":[\"cuisine\",\"\u00e9cole ferrandi\",\"excellence\",\"formations culinaires\",\"gastronomie\"],\"articleSection\":[\"M\u00e9tiers &amp; Entreprise\"],\"inLanguage\":\"fr-FR\",\"potentialAction\":[{\"@type\":\"CommentAction\",\"name\":\"Comment\",\"target\":[\"https:\\\/\\\/www.apres-lecole.fr\\\/Blog\\\/ferandi-formations-culinaires\\\/#respond\"]}]},{\"@type\":\"WebPage\",\"@id\":\"https:\\\/\\\/www.apres-lecole.fr\\\/Blog\\\/ferandi-formations-culinaires\\\/\",\"url\":\"https:\\\/\\\/www.apres-lecole.fr\\\/Blog\\\/ferandi-formations-culinaires\\\/\",\"name\":\"Ferrandi 2025 : Plongez dans l\u2019excellence des formations culinaires\",\"isPartOf\":{\"@id\":\"https:\\\/\\\/www.apres-lecole.fr\\\/Blog\\\/#website\"},\"primaryImageOfPage\":{\"@id\":\"https:\\\/\\\/www.apres-lecole.fr\\\/Blog\\\/ferandi-formations-culinaires\\\/#primaryimage\"},\"image\":{\"@id\":\"https:\\\/\\\/www.apres-lecole.fr\\\/Blog\\\/ferandi-formations-culinaires\\\/#primaryimage\"},\"thumbnailUrl\":\"https:\\\/\\\/www.apres-lecole.fr\\\/Blog\\\/wp-content\\\/uploads\\\/2025\\\/09\\\/Ecole-Ferrandi-decouvrez-les-formations-culinaires-dexcellence-en-2025.jpg\",\"datePublished\":\"2025-09-29T06:54:11+00:00\",\"author\":{\"@id\":\"\"},\"description\":\"D\u00e9couvrez en 2025 les formations culinaires d'excellence de l'\u00c9cole Ferrandi : cursus innovants, expertise et savoir-faire gastronomique.\",\"breadcrumb\":{\"@id\":\"https:\\\/\\\/www.apres-lecole.fr\\\/Blog\\\/ferandi-formations-culinaires\\\/#breadcrumb\"},\"inLanguage\":\"fr-FR\",\"potentialAction\":[{\"@type\":\"ReadAction\",\"target\":[\"https:\\\/\\\/www.apres-lecole.fr\\\/Blog\\\/ferandi-formations-culinaires\\\/\"]}]},{\"@type\":\"ImageObject\",\"inLanguage\":\"fr-FR\",\"@id\":\"https:\\\/\\\/www.apres-lecole.fr\\\/Blog\\\/ferandi-formations-culinaires\\\/#primaryimage\",\"url\":\"https:\\\/\\\/www.apres-lecole.fr\\\/Blog\\\/wp-content\\\/uploads\\\/2025\\\/09\\\/Ecole-Ferrandi-decouvrez-les-formations-culinaires-dexcellence-en-2025.jpg\",\"contentUrl\":\"https:\\\/\\\/www.apres-lecole.fr\\\/Blog\\\/wp-content\\\/uploads\\\/2025\\\/09\\\/Ecole-Ferrandi-decouvrez-les-formations-culinaires-dexcellence-en-2025.jpg\",\"width\":1344,\"height\":768,\"caption\":\"explorez les formations culinaires d\u2019exception propos\u00e9es par l\u2019\u00e9cole ferrandi en 2025 et lancez votre carri\u00e8re dans la gastronomie gr\u00e2ce \u00e0 des enseignements reconnus et innovants.\"},{\"@type\":\"BreadcrumbList\",\"@id\":\"https:\\\/\\\/www.apres-lecole.fr\\\/Blog\\\/ferandi-formations-culinaires\\\/#breadcrumb\",\"itemListElement\":[{\"@type\":\"ListItem\",\"position\":1,\"name\":\"Home\",\"item\":\"https:\\\/\\\/www.apres-lecole.fr\\\/Blog\\\/\"},{\"@type\":\"ListItem\",\"position\":2,\"name\":\"\u00c9cole Ferrandi : d\u00e9couvrez les formations culinaires d&rsquo;excellence en 2025\"}]},{\"@type\":\"WebSite\",\"@id\":\"https:\\\/\\\/www.apres-lecole.fr\\\/Blog\\\/#website\",\"url\":\"https:\\\/\\\/www.apres-lecole.fr\\\/Blog\\\/\",\"name\":\"\",\"description\":\"M\u00e9dia g\u00e9n\u00e9raliste\",\"potentialAction\":[{\"@type\":\"SearchAction\",\"target\":{\"@type\":\"EntryPoint\",\"urlTemplate\":\"https:\\\/\\\/www.apres-lecole.fr\\\/Blog\\\/?s={search_term_string}\"},\"query-input\":{\"@type\":\"PropertyValueSpecification\",\"valueRequired\":true,\"valueName\":\"search_term_string\"}}],\"inLanguage\":\"fr-FR\"},{\"@type\":\"Person\",\"@id\":\"\",\"url\":\"https:\\\/\\\/www.apres-lecole.fr\\\/Blog\\\/author\\\/\"}]}<\/script>\n<!-- \/ Yoast SEO plugin. -->","yoast_head_json":{"title":"Ferrandi 2025 : Plongez dans l\u2019excellence des formations culinaires","description":"D\u00e9couvrez en 2025 les formations culinaires d'excellence de l'\u00c9cole Ferrandi : cursus innovants, expertise et savoir-faire gastronomique.","robots":{"index":"index","follow":"follow","max-snippet":"max-snippet:-1","max-image-preview":"max-image-preview:large","max-video-preview":"max-video-preview:-1"},"canonical":"https:\/\/www.apres-lecole.fr\/Blog\/ferandi-formations-culinaires\/","og_locale":"fr_FR","og_type":"article","og_title":"Ferrandi 2025 : Plongez dans l\u2019excellence des formations culinaires","og_description":"D\u00e9couvrez en 2025 les formations culinaires d'excellence de l'\u00c9cole Ferrandi : cursus innovants, expertise et savoir-faire gastronomique.","og_url":"https:\/\/www.apres-lecole.fr\/Blog\/ferandi-formations-culinaires\/","article_published_time":"2025-09-29T06:54:11+00:00","og_image":[{"width":1344,"height":768,"url":"https:\/\/www.apres-lecole.fr\/Blog\/wp-content\/uploads\/2025\/09\/Ecole-Ferrandi-decouvrez-les-formations-culinaires-dexcellence-en-2025.jpg","type":"image\/jpeg"}],"twitter_card":"summary_large_image","twitter_misc":{"\u00c9crit par":"","Dur\u00e9e de lecture estim\u00e9e":"8 minutes"},"schema":{"@context":"https:\/\/schema.org","@graph":[{"@type":"Article","@id":"https:\/\/www.apres-lecole.fr\/Blog\/ferandi-formations-culinaires\/#article","isPartOf":{"@id":"https:\/\/www.apres-lecole.fr\/Blog\/ferandi-formations-culinaires\/"},"author":{"name":"","@id":""},"headline":"\u00c9cole Ferrandi : d\u00e9couvrez les formations culinaires d&rsquo;excellence en 2025","datePublished":"2025-09-29T06:54:11+00:00","mainEntityOfPage":{"@id":"https:\/\/www.apres-lecole.fr\/Blog\/ferandi-formations-culinaires\/"},"wordCount":1709,"commentCount":0,"image":{"@id":"https:\/\/www.apres-lecole.fr\/Blog\/ferandi-formations-culinaires\/#primaryimage"},"thumbnailUrl":"https:\/\/www.apres-lecole.fr\/Blog\/wp-content\/uploads\/2025\/09\/Ecole-Ferrandi-decouvrez-les-formations-culinaires-dexcellence-en-2025.jpg","keywords":["cuisine","\u00e9cole ferrandi","excellence","formations culinaires","gastronomie"],"articleSection":["M\u00e9tiers &amp; Entreprise"],"inLanguage":"fr-FR","potentialAction":[{"@type":"CommentAction","name":"Comment","target":["https:\/\/www.apres-lecole.fr\/Blog\/ferandi-formations-culinaires\/#respond"]}]},{"@type":"WebPage","@id":"https:\/\/www.apres-lecole.fr\/Blog\/ferandi-formations-culinaires\/","url":"https:\/\/www.apres-lecole.fr\/Blog\/ferandi-formations-culinaires\/","name":"Ferrandi 2025 : Plongez dans l\u2019excellence des formations culinaires","isPartOf":{"@id":"https:\/\/www.apres-lecole.fr\/Blog\/#website"},"primaryImageOfPage":{"@id":"https:\/\/www.apres-lecole.fr\/Blog\/ferandi-formations-culinaires\/#primaryimage"},"image":{"@id":"https:\/\/www.apres-lecole.fr\/Blog\/ferandi-formations-culinaires\/#primaryimage"},"thumbnailUrl":"https:\/\/www.apres-lecole.fr\/Blog\/wp-content\/uploads\/2025\/09\/Ecole-Ferrandi-decouvrez-les-formations-culinaires-dexcellence-en-2025.jpg","datePublished":"2025-09-29T06:54:11+00:00","author":{"@id":""},"description":"D\u00e9couvrez en 2025 les formations culinaires d'excellence de l'\u00c9cole Ferrandi : cursus innovants, expertise et savoir-faire gastronomique.","breadcrumb":{"@id":"https:\/\/www.apres-lecole.fr\/Blog\/ferandi-formations-culinaires\/#breadcrumb"},"inLanguage":"fr-FR","potentialAction":[{"@type":"ReadAction","target":["https:\/\/www.apres-lecole.fr\/Blog\/ferandi-formations-culinaires\/"]}]},{"@type":"ImageObject","inLanguage":"fr-FR","@id":"https:\/\/www.apres-lecole.fr\/Blog\/ferandi-formations-culinaires\/#primaryimage","url":"https:\/\/www.apres-lecole.fr\/Blog\/wp-content\/uploads\/2025\/09\/Ecole-Ferrandi-decouvrez-les-formations-culinaires-dexcellence-en-2025.jpg","contentUrl":"https:\/\/www.apres-lecole.fr\/Blog\/wp-content\/uploads\/2025\/09\/Ecole-Ferrandi-decouvrez-les-formations-culinaires-dexcellence-en-2025.jpg","width":1344,"height":768,"caption":"explorez les formations culinaires d\u2019exception propos\u00e9es par l\u2019\u00e9cole ferrandi en 2025 et lancez votre carri\u00e8re dans la gastronomie gr\u00e2ce \u00e0 des enseignements reconnus et innovants."},{"@type":"BreadcrumbList","@id":"https:\/\/www.apres-lecole.fr\/Blog\/ferandi-formations-culinaires\/#breadcrumb","itemListElement":[{"@type":"ListItem","position":1,"name":"Home","item":"https:\/\/www.apres-lecole.fr\/Blog\/"},{"@type":"ListItem","position":2,"name":"\u00c9cole Ferrandi : d\u00e9couvrez les formations culinaires d&rsquo;excellence en 2025"}]},{"@type":"WebSite","@id":"https:\/\/www.apres-lecole.fr\/Blog\/#website","url":"https:\/\/www.apres-lecole.fr\/Blog\/","name":"","description":"M\u00e9dia g\u00e9n\u00e9raliste","potentialAction":[{"@type":"SearchAction","target":{"@type":"EntryPoint","urlTemplate":"https:\/\/www.apres-lecole.fr\/Blog\/?s={search_term_string}"},"query-input":{"@type":"PropertyValueSpecification","valueRequired":true,"valueName":"search_term_string"}}],"inLanguage":"fr-FR"},{"@type":"Person","@id":"","url":"https:\/\/www.apres-lecole.fr\/Blog\/author\/"}]}},"views":4,"_links":{"self":[{"href":"https:\/\/www.apres-lecole.fr\/Blog\/wp-json\/wp\/v2\/posts\/2442","targetHints":{"allow":["GET"]}}],"collection":[{"href":"https:\/\/www.apres-lecole.fr\/Blog\/wp-json\/wp\/v2\/posts"}],"about":[{"href":"https:\/\/www.apres-lecole.fr\/Blog\/wp-json\/wp\/v2\/types\/post"}],"author":[{"embeddable":true,"href":"https:\/\/www.apres-lecole.fr\/Blog\/wp-json\/wp\/v2\/users\/7"}],"replies":[{"embeddable":true,"href":"https:\/\/www.apres-lecole.fr\/Blog\/wp-json\/wp\/v2\/comments?post=2442"}],"version-history":[{"count":0,"href":"https:\/\/www.apres-lecole.fr\/Blog\/wp-json\/wp\/v2\/posts\/2442\/revisions"}],"wp:featuredmedia":[{"embeddable":true,"href":"https:\/\/www.apres-lecole.fr\/Blog\/wp-json\/wp\/v2\/media\/2441"}],"wp:attachment":[{"href":"https:\/\/www.apres-lecole.fr\/Blog\/wp-json\/wp\/v2\/media?parent=2442"}],"wp:term":[{"taxonomy":"category","embeddable":true,"href":"https:\/\/www.apres-lecole.fr\/Blog\/wp-json\/wp\/v2\/categories?post=2442"},{"taxonomy":"post_tag","embeddable":true,"href":"https:\/\/www.apres-lecole.fr\/Blog\/wp-json\/wp\/v2\/tags?post=2442"}],"curies":[{"name":"wp","href":"https:\/\/api.w.org\/{rel}","templated":true}]}}