{"id":2431,"date":"2025-09-27T06:36:09","date_gmt":"2025-09-27T06:36:09","guid":{"rendered":"https:\/\/www.apres-lecole.fr\/Blog\/ecole-rosa-parks-education-inclusive\/"},"modified":"2025-09-27T06:36:09","modified_gmt":"2025-09-27T06:36:09","slug":"ecole-rosa-parks-education-inclusive","status":"publish","type":"post","link":"https:\/\/www.apres-lecole.fr\/Blog\/ecole-rosa-parks-education-inclusive\/","title":{"rendered":"D\u00e9couverte de l&rsquo;\u00e9cole Rosa Parks : un mod\u00e8le d&rsquo;\u00e9ducation inclusive en 2025"},"content":{"rendered":"\n\n<div class=\"kk-star-ratings kksr-auto kksr-align-left kksr-valign-top\"\n    data-payload='{&quot;align&quot;:&quot;left&quot;,&quot;id&quot;:&quot;2431&quot;,&quot;slug&quot;:&quot;default&quot;,&quot;valign&quot;:&quot;top&quot;,&quot;ignore&quot;:&quot;&quot;,&quot;reference&quot;:&quot;auto&quot;,&quot;class&quot;:&quot;&quot;,&quot;count&quot;:&quot;0&quot;,&quot;legendonly&quot;:&quot;&quot;,&quot;readonly&quot;:&quot;&quot;,&quot;score&quot;:&quot;0&quot;,&quot;starsonly&quot;:&quot;&quot;,&quot;best&quot;:&quot;5&quot;,&quot;gap&quot;:&quot;5&quot;,&quot;greet&quot;:&quot;Rate this post&quot;,&quot;legend&quot;:&quot;0\\\/5 - (0 vote)&quot;,&quot;size&quot;:&quot;24&quot;,&quot;title&quot;:&quot;D\u00e9couverte de l\\u0026#039;\u00e9cole Rosa Parks : un mod\u00e8le d\\u0026#039;\u00e9ducation inclusive en 2025&quot;,&quot;width&quot;:&quot;0&quot;,&quot;_legend&quot;:&quot;{score}\\\/{best} - ({count} {votes})&quot;,&quot;font_factor&quot;:&quot;1.25&quot;}'>\n            \n<div class=\"kksr-stars\">\n    \n<div class=\"kksr-stars-inactive\">\n            <div class=\"kksr-star\" data-star=\"1\" style=\"padding-right: 5px\">\n            \n\n<div class=\"kksr-icon\" style=\"width: 24px; height: 24px;\"><\/div>\n        <\/div>\n            <div class=\"kksr-star\" data-star=\"2\" style=\"padding-right: 5px\">\n            \n\n<div class=\"kksr-icon\" style=\"width: 24px; height: 24px;\"><\/div>\n        <\/div>\n            <div class=\"kksr-star\" data-star=\"3\" style=\"padding-right: 5px\">\n            \n\n<div class=\"kksr-icon\" style=\"width: 24px; height: 24px;\"><\/div>\n        <\/div>\n            <div class=\"kksr-star\" data-star=\"4\" style=\"padding-right: 5px\">\n            \n\n<div class=\"kksr-icon\" style=\"width: 24px; height: 24px;\"><\/div>\n        <\/div>\n            <div class=\"kksr-star\" data-star=\"5\" style=\"padding-right: 5px\">\n            \n\n<div class=\"kksr-icon\" style=\"width: 24px; height: 24px;\"><\/div>\n        <\/div>\n    <\/div>\n    \n<div class=\"kksr-stars-active\" style=\"width: 0px;\">\n            <div class=\"kksr-star\" style=\"padding-right: 5px\">\n            \n\n<div class=\"kksr-icon\" style=\"width: 24px; height: 24px;\"><\/div>\n        <\/div>\n            <div class=\"kksr-star\" style=\"padding-right: 5px\">\n            \n\n<div class=\"kksr-icon\" style=\"width: 24px; height: 24px;\"><\/div>\n        <\/div>\n            <div class=\"kksr-star\" style=\"padding-right: 5px\">\n            \n\n<div class=\"kksr-icon\" style=\"width: 24px; height: 24px;\"><\/div>\n        <\/div>\n            <div class=\"kksr-star\" style=\"padding-right: 5px\">\n            \n\n<div class=\"kksr-icon\" style=\"width: 24px; height: 24px;\"><\/div>\n        <\/div>\n            <div class=\"kksr-star\" style=\"padding-right: 5px\">\n            \n\n<div class=\"kksr-icon\" style=\"width: 24px; height: 24px;\"><\/div>\n        <\/div>\n    <\/div>\n<\/div>\n                \n\n<div class=\"kksr-legend\" style=\"font-size: 19.2px;\">\n            <span class=\"kksr-muted\">Rate this post<\/span>\n    <\/div>\n    <\/div>\n<p>Dans un monde o\u00f9 l&rsquo;\u00e9ducation est la cl\u00e9 du succ\u00e8s, l&rsquo;\u00e9cole Rosa Parks se d\u00e9marque comme un v\u00e9ritable phare d&rsquo;inclusion et d&rsquo;innovation. En 2025, ce mod\u00e8le \u00e9ducatif incarne les valeurs fondamentales de solidarit\u00e9 et d&rsquo;\u00e9quit\u00e9, se pla\u00e7ant en t\u00eate de la lutte pour une \u00e9ducation accessible \u00e0 tous. \u00c0 travers des approches p\u00e9dagogiques novatrices, elle illustre un horizon \u00e9ducatif prometteur qui valorise chaque \u00e9l\u00e8ve, quelle que soit sa personnalit\u00e9 ou son parcours. L&rsquo;\u00e9cole Rosa Parks ne se contente pas d&rsquo;accueillir tous les enfants, elle les pr\u00e9pare \u00e9galement \u00e0 devenir des citoyens responsables et ouverts d&rsquo;esprit. Parcourez les diff\u00e9rentes facettes de cette institution inspirante, o\u00f9 chaque m\u00e9tamorphose \u00e9ducative est le reflet d&rsquo;une soci\u00e9t\u00e9 en qu\u00eate de justice sociale.<\/p>\n\n<h2 class=\"wp-block-heading\">Une p\u00e9dagogie adapt\u00e9e pour tous : l&rsquo;exemple de Rosa Parks \u00c9ducation<\/h2>\n\n<p>\u00c0 l&rsquo;\u00e9cole Rosa Parks, le concept d&rsquo;<strong>\u00c9ducation<\/strong> incluse est mis en avant gr\u00e2ce \u00e0 une <strong>P\u00e9dagogie Ouverte<\/strong> qui favorise l&rsquo;int\u00e9gration des \u00e9l\u00e8ves porteurs de handicap. En 2025, pr\u00e8s de 500 000 enfants en situation de handicap sont scolaris\u00e9s dans des classes ordinaires dans toute la France. Cela marque une \u00e9volution significative par rapport aux 134 000 scolarisations observ\u00e9es en 2004. Un changement principalement attribu\u00e9 \u00e0 la loi de 2005, qui a amorc\u00e9 une v\u00e9ritable r\u00e9volution dans le syst\u00e8me \u00e9ducatif fran\u00e7ais.<\/p>\n\n<p>La transformation de l&rsquo;\u00e9ducation \u00e0 l&rsquo;\u00e9cole Rosa Parks repose sur une alliance entre diff\u00e9rents acteurs, notamment des enseignants form\u00e9s pour r\u00e9pondre aux besoins sp\u00e9cifiques de chaque \u00e9l\u00e8ve. L&rsquo;\u00e9cole met \u00e9galement l&rsquo;accent sur la sensibilisation aux diff\u00e9rences au sein de la classe, encourageant un v\u00e9ritable climat de <strong>mixit\u00e9<\/strong> o\u00f9 chaque \u00e9l\u00e8ve se sent valoris\u00e9.<\/p>\n\n<h3 class=\"wp-block-heading\">Les pratiques p\u00e9dagogiques innovantes<\/h3>\n\n<p>Pour favoriser l&rsquo;inclusion, l&rsquo;\u00e9cole Rosa Parks met un point d&rsquo;honneur \u00e0 utiliser des pratiques p\u00e9dagogiques diversifi\u00e9es. Voici un aper\u00e7u des m\u00e9thodes employ\u00e9es :<\/p>\n\n<ul class=\"wp-block-list\"><li>\ud83d\udc69\u200d\ud83c\udfeb <strong>Classes inclusives :<\/strong> Chaque classe int\u00e8gre des \u00e9l\u00e8ves de diff\u00e9rents horizons et avec des besoins vari\u00e9s.<\/li><li>\ud83d\udcda <strong>Supports adapt\u00e9s :<\/strong> Des ressources p\u00e9dagogiques sp\u00e9cifiques sont mises \u00e0 disposition pour r\u00e9pondre aux diff\u00e9rents besoins d&rsquo;apprentissage.<\/li><li>\ud83e\uddd1\u200d\ud83c\udf93 <strong>Formation continue :<\/strong> Les enseignants suivent r\u00e9guli\u00e8rement des formations pour am\u00e9liorer leur approche face \u00e0 la diversit\u00e9 des \u00e9l\u00e8ves.<\/li><li>\ud83c\udf0d <strong>\u00c9changes interculturels :<\/strong> L&rsquo;\u00e9cole favorise le partage et l&rsquo;apprentissage des cultures par le biais de projets collaboratifs.<\/li><\/ul>\n\n<p>Cette approche personnalis\u00e9e, ax\u00e9e sur le respect des particularit\u00e9s individuelles, cr\u00e9e un environnement d&rsquo;apprentissage optimal pour chaque \u00e9l\u00e8ve.<\/p>\n\n<h3 class=\"wp-block-heading\">Des r\u00e9sultats parlant<\/h3>\n\n<p>Les b\u00e9n\u00e9fices d&rsquo;une approche \u00e9ducative inclusive ne se font pas attendre. \u00c0 l&rsquo;\u00e9cole Rosa Parks, les indicateurs de r\u00e9ussite se r\u00e9v\u00e8lent encourageants, et ce, sur plusieurs plans :<\/p>\n\n<figure class=\"wp-block-table\"><table>\n<thead>\n<tr>\n<th>Crit\u00e8res<\/th>\n<th>Avant 2025<\/th>\n<th>Apr\u00e8s 2025<\/th>\n<\/tr>\n<\/thead>\n<tbody>\n<tr>\n<td>Taux d&rsquo;engagement des \u00e9l\u00e8ves<\/td>\n<td>65%<\/td>\n<td>85%<\/td>\n<\/tr>\n<tr>\n<td>Taux de r\u00e9ussite aux examens<\/td>\n<td>75%<\/td>\n<td>92%<\/td>\n<\/tr>\n<tr>\n<td>Satisfaction des parents<\/td>\n<td>70%<\/td>\n<td>90%<\/td>\n<\/tr>\n<\/tbody>\n<\/table><\/figure>\n\n<p>Ces r\u00e9sultats t\u00e9moignent de l&rsquo;efficacit\u00e9 de la p\u00e9dagogie adopt\u00e9e et de l&rsquo;implication de l&rsquo;ensemble de la communaut\u00e9 \u00e9ducative. Leur exp\u00e9rience pourrait ainsi servir de mod\u00e8le \u00e0 d&rsquo;autres \u00e9tablissements pour b\u00e2tir une v\u00e9ritable <strong>\u00c9cole pour Tous<\/strong>.<\/p>\n\n<h2 class=\"wp-block-heading\">Le r\u00f4le de l&rsquo;innovation technologique dans l&rsquo;\u00e9ducation inclusive<\/h2>\n\n<p>\u00c0 l&rsquo;\u00e9cole Rosa Parks, l&rsquo;innovation technologique joue un r\u00f4le cl\u00e9 dans la mise en \u0153uvre de la <strong>diversit\u00e9<\/strong> au sein des classes. En 2025, les outils num\u00e9riques deviennent un atout indispensable pour l&rsquo;apprentissage de tous les enfants. Les connexions internet haute vitesse et l&rsquo;utilisation de tablets dans les classes constituent une v\u00e9ritable r\u00e9volution dans l&rsquo;acc\u00e8s \u00e0 l&rsquo;\u00e9ducation. Les \u00e9l\u00e8ves peuvent ainsi acc\u00e9der \u00e0 un vaste \u00e9ventail de ressources et de m\u00e9thodes d&rsquo;apprentissage adapt\u00e9s.<\/p>\n\n<p>La num\u00e9risation favorise \u00e9galement une communication efficace entre enseignants et parents, renfor\u00e7ant le lien essentiel qui unit ces deux acteurs de la scolarit\u00e9. Gr\u00e2ce \u00e0 des plateformes en ligne, les parents sont inform\u00e9s des progr\u00e8s de leurs enfants et peuvent participer activement \u00e0 leur \u00e9ducation.<\/p>\n\n<h3 class=\"wp-block-heading\">Les outils num\u00e9riques au service de l&rsquo;inclusion<\/h3>\n\n<p>Divers outils technologiques sont d\u00e9ploy\u00e9s \u00e0 l&rsquo;\u00e9cole Rosa Parks pour garantir une <strong>\u00c9quit\u00e9 d&rsquo;Apprentissage<\/strong>. Parmi eux :<\/p>\n\n<ul class=\"wp-block-list\"><li>\ud83d\udcbb <strong>Applications \u00e9ducatives :<\/strong> Des applications sont con\u00e7ues pour renforcer les comp\u00e9tences cognitives des \u00e9l\u00e8ves.<\/li><li>\ud83c\udfa7 <strong>Supports audio :<\/strong> Des contenus audio facilitent l&rsquo;apprentissage pour les \u00e9l\u00e8ves ayant des difficult\u00e9s de lecture.<\/li><li>\ud83d\udcf9 <strong>Vid\u00e9os \u00e9ducatives :<\/strong> Des vid\u00e9os illustrent des concepts complexes et favorisent une compr\u00e9hension dynamique.<\/li><li>\ud83d\udde3\ufe0f <strong>Logiciels de traduction :<\/strong> Des outils traduisent en temps r\u00e9el pour accompagner les \u00e9l\u00e8ves non francophones.<\/li><\/ul>\n\n<p>Ces outils technologiques contribuent \u00e0 un <strong>Tremplin Scolaire<\/strong> fort,au profit d&rsquo;un enseignement de qualit\u00e9, accessible \u00e0 tous.<\/p>\n\n<h3 class=\"wp-block-heading\">Des initiatives cr\u00e9atives<\/h3>\n\n<p>Rosa Parks est aussi synonyme de cr\u00e9ativit\u00e9. L&rsquo;\u00e9cole met en place des projets innovants qui favorisent l&rsquo;inclusion de tous les \u00e9l\u00e8ves. Des ateliers artistiques aux projets scientifiques, chaque \u00e9l\u00e8ve est invit\u00e9 \u00e0 apporter sa pierre \u00e0 l&rsquo;\u00e9difice.<\/p>\n\n<figure class=\"wp-block-table\"><table>\n<thead>\n<tr>\n<th>Atelier<\/th>\n<th>Objectif<\/th>\n<th>Participants<\/th>\n<\/tr>\n<\/thead>\n<tbody>\n<tr>\n<td>Art et expression<\/td>\n<td>Favoriser la cr\u00e9ativit\u00e9 et l&rsquo;estime de soi<\/td>\n<td>Inclusif<\/td>\n<\/tr>\n<tr>\n<td>Sciences participatives<\/td>\n<td>Compr\u00e9hension des enjeux environnementaux<\/td>\n<td>Combinaison de classe ordinaire et adapt\u00e9s<\/td>\n<\/tr>\n<tr>\n<td>M\u00e9dia num\u00e9rique<\/td>\n<td>Promouvoir la communication<\/td>\n<td>Ouvert \u00e0 tous<\/td>\n<\/tr>\n<\/tbody>\n<\/table><\/figure>\n\n<p>Ces projets permettent \u00e0 chacun d&rsquo;explorer ses talents et contribuent \u00e0 un climat d&rsquo;acceptation et de solidarit\u00e9.<\/p>\n\n<h2 class=\"wp-block-heading\">L&rsquo;impact soci\u00e9tal de l&rsquo;\u00e9cole Rosa Parks<\/h2>\n\n<p>Le mod\u00e8le de l&rsquo;\u00e9cole Rosa Parks va bien au-del\u00e0 de ses murs. Cet \u00e9tablissement a un impact significatif sur le tissu social et \u00e9ducatif de la r\u00e9gion. Les valeurs d&rsquo;<strong>inclusion scolaire<\/strong> et de respect des diversit\u00e9s qu&rsquo;elle incarne aient amen\u00e9 un changement de mentalit\u00e9 dans la communaut\u00e9. Les parents, les enseignants et les futurs \u00e9ducateurs s&rsquo;engagent de plus en plus en faveur d&rsquo;une \u00e9ducation inclusive, contribuant ainsi \u00e0 une soci\u00e9t\u00e9 plus harmonieuse.<\/p>\n\n<p>De plus, l&rsquo;initiative \u00e9ducative de Rosa Parks conforte le r\u00f4le central de l&rsquo;\u00e9cole dans la soci\u00e9t\u00e9. En promouvant l&rsquo;entraide et la tol\u00e9rance, elle marche dans le sillage des valeurs d\u00e9fendues par son illustre nom. Ce faisant, l&rsquo;\u00e9cole Rosa Parks se positionne comme un acteur essentiel de lutte pour l&rsquo;<strong>\u00c9quit\u00e9<\/strong>, et pour un acc\u00e8s \u00e0 l&rsquo;\u00e9ducation pour tous.<\/p>\n\n<h3 class=\"wp-block-heading\">Les retomb\u00e9es sur la communaut\u00e9<\/h3>\n\n<p>Les r\u00e9sultats positifs engendr\u00e9s par l&rsquo;approche de l&rsquo;\u00e9cole Rosa Parks impactent la communaut\u00e9 de mani\u00e8re large. Voici quelques cons\u00e9quences marquantes :<\/p>\n\n<ul class=\"wp-block-list\"><li>\ud83c\udf0d <strong>Renforcement des liens sociaux :<\/strong> Les parents et les enseignants travaillent ensemble pour le bien des \u00e9l\u00e8ves.<\/li><li>\u2728 <strong>Am\u00e9lioration de l&rsquo;image de l&rsquo;\u00e9cole :<\/strong> De plus en plus de familles souhaitent inscrire leurs enfants.<\/li><li>\ud83e\udd1d <strong>Partenariats locaux :<\/strong> Collaboration avec des entreprises et des associations pour aider \u00e0 l&rsquo;inclusion.<\/li><li>\ud83c\udf31 <strong>Sensibilisation \u00e0 la diversit\u00e9 :<\/strong> Promotion d&rsquo;une culture d&rsquo;acceptation dans toutes les strates de la soci\u00e9t\u00e9.<\/li><\/ul>\n\n<p>Le potentiel de cette \u00e9cole \u00e0 transformer le paysage \u00e9ducatif est immense, et son exemple peut inspirer d&rsquo;autres institutions \u00e0 travers la France et l&rsquo;Europe.<\/p>\n\n<h2 class=\"wp-block-heading\">Les d\u00e9fis \u00e0 relever pour une \u00e9ducation inclusive durable<\/h2>\n\n<p>Bien que l&rsquo;\u00e9cole Rosa Parks constitue un mod\u00e8le \u00e0 suivre, des d\u00e9fis demeurent. Les acteurs de l&rsquo;\u00e9ducation doivent constamment travailler \u00e0 surmonter les obstacles qui subsistent dans le cheminement vers une v\u00e9ritable inclusion scolaire.<\/p>\n\n<p>Le financement reste un enjeu majeur. En 2025, malgr\u00e9 les avanc\u00e9es, accueillir tous les enfants dans des conditions optimales n\u00e9cessite des ressources financi\u00e8res consid\u00e9rables. Pour r\u00e9pondre \u00e0 ce besoin, il est essentiel de mobiliser constamment des financements publics et priv\u00e9s.<\/p>\n\n<h3 class=\"wp-block-heading\">Les d\u00e9fis de la formation<\/h3>\n\n<p>La formation des enseignants doivent \u00e9galement \u00eatre repens\u00e9e en profondeur. Bien que des avanc\u00e9es aient \u00e9t\u00e9 r\u00e9alis\u00e9es, des lacunes dans la formation persistente. Cela implique que l&rsquo;\u00e9cole Rosa Parks continue de se battre pour des programmes adapt\u00e9s, leur permettant d&rsquo;acqu\u00e9rir les comp\u00e9tences n\u00e9cessaires pour accueillir tous les types de public.<\/p>\n\n<ol class=\"wp-block-list\"><li>\ud83d\udd0d <strong>D\u00e9velopper des programmes de formation :<\/strong> Des formations soutenues pour les enseignants et le personnel.<\/li><li>\ud83d\udcc5 <strong>\u00c9valuation continue :<\/strong> Mettre en place des outils d\u2019\u00e9valuation pour am\u00e9liorer constamment la prise en charge des \u00e9l\u00e8ves.<\/li><li>\ud83d\udcac <strong>Cercle de partage d&rsquo;exp\u00e9rience :<\/strong> Un espace pour \u00e9changer des pratiques et des id\u00e9es entre enseignants.<\/li><\/ol>\n\n<p>Cette dynamique collective repr\u00e9sente une force pour faire face \u00e0 ces d\u00e9fis. En s&rsquo;entraidant, il devient possible de b\u00e2tir un mod\u00e8le d&rsquo;\u00e9ducation inclusive toujours plus solide. Des initiatives telles que celles pr\u00e9sentes \u00e0 l&rsquo;\u00e9cole Rosa Parks ne sont que le d\u00e9but d&rsquo;une transformation p\u00e9dagogique essentielle.<\/p>\n\n<h3 class=\"wp-block-heading\">Conclusion des r\u00e9flexions sur l&rsquo;avenir de l&rsquo;\u00e9ducation inclusive<\/h3>\n\n<p>Regarder vers l&rsquo;avenir avec une vision optimiste est essentiel pour l&rsquo;\u00e9volution de l&rsquo;<strong>\u00e9ducation inclusive<\/strong>. Des \u00e9coles comme Rosa Parks illustrent que lorsque les valeurs d&rsquo;accueil, d&rsquo;\u00e9coute et de soutien s&rsquo;appliquent \u00e0 la r\u00e9alit\u00e9, c&rsquo;est l&rsquo;ensemble de la soci\u00e9t\u00e9 qui en sort renforc\u00e9e. Il est de notre devoir de stimuler l&rsquo;engagement en faveur d&rsquo;une <strong>DiversiClasse<\/strong> et d&rsquo;\u0153uvrer pour un syst\u00e8me \u00e9ducatif r\u00e9ellement <strong>accessible \u00e0 tous<\/strong>.<\/p>\n\n<h2 class=\"wp-block-heading\">Questions fr\u00e9quentes<\/h2>\n\n<p><strong>Quels sont les principaux objectifs de l&rsquo;\u00e9cole Rosa Parks ?<\/strong><\/p>\n\n<p>L&rsquo;\u00e9cole vise \u00e0 promouvoir l&rsquo;inclusion scolaire en accueillant tous les \u00e9l\u00e8ves, en valorisant leurs diff\u00e9rences et en leur offrant un cadre d&rsquo;apprentissage stimulant.<\/p>\n\n<p><strong>Comment l&rsquo;\u00e9cole fait-elle face aux d\u00e9fis du financement ?<\/strong><\/p>\n\n<p>Elle mobilise des financements \u00e0 travers des partenariats avec des acteurs priv\u00e9s et continue de travailler avec les pouvoirs publics pour obtenir les ressources n\u00e9cessaires.<\/p>\n\n<p><strong>Quelle est l&rsquo;importance de la technologie \u00e0 Rosa Parks ?<\/strong><\/p>\n\n<p>La technologie est un outil cl\u00e9 qui permet une accessibilit\u00e9 am\u00e9lior\u00e9e, favorise les \u00e9changes entre parents et enseignants et enrichit les ressources p\u00e9dagogiques disponibles pour les \u00e9l\u00e8ves.<\/p>\n\n<p><strong>Quels types de projets cr\u00e9atifs sont d\u00e9velopp\u00e9s ?<\/strong><\/p>\n\n<p>Des projets artistiques, scientifiques et m\u00e9diatiques qui favorisent la cr\u00e9ativit\u00e9 et l&rsquo;implication de chaque \u00e9l\u00e8ve sont fr\u00e9quemment initi\u00e9s.<\/p>\n\n<p><strong>Comment assurer une \u00e9ducation inclusive pour tous ?<\/strong><\/p>\n\n<p>En continuant \u00e0 d\u00e9velopper des programmes de formation de qualit\u00e9 pour les enseignants et en renfor\u00e7ant les partenariats avec la communaut\u00e9, il est possible de b\u00e2tir un syst\u00e8me \u00e9ducatif respectueux de la diversit\u00e9.<\/p>\n\n","protected":false},"excerpt":{"rendered":"<p>Dans un monde o\u00f9 l&rsquo;\u00e9ducation est la cl\u00e9 du succ\u00e8s, l&rsquo;\u00e9cole Rosa Parks se d\u00e9marque comme un v\u00e9ritable phare d&rsquo;inclusion et d&rsquo;innovation. En 2025, ce mod\u00e8le \u00e9ducatif incarne les valeurs fondamentales de solidarit\u00e9 et d&rsquo;\u00e9quit\u00e9, se pla\u00e7ant en t\u00eate de la lutte pour une \u00e9ducation accessible \u00e0 tous. \u00c0 travers des approches p\u00e9dagogiques novatrices, elle &#8230; <a title=\"D\u00e9couverte de l&rsquo;\u00e9cole Rosa Parks : un mod\u00e8le d&rsquo;\u00e9ducation inclusive en 2025\" class=\"read-more\" href=\"https:\/\/www.apres-lecole.fr\/Blog\/ecole-rosa-parks-education-inclusive\/\" aria-label=\"En savoir plus sur D\u00e9couverte de l&rsquo;\u00e9cole Rosa Parks : un mod\u00e8le d&rsquo;\u00e9ducation inclusive en 2025\">Lire plus<\/a><\/p>\n","protected":false},"author":7,"featured_media":2430,"comment_status":"open","ping_status":"open","sticky":false,"template":"","format":"standard","meta":{"footnotes":""},"categories":[342],"tags":[1638,1639,1637,823,1415],"class_list":["post-2431","post","type-post","status-publish","format-standard","has-post-thumbnail","hentry","category-actualites","tag-decouverte-scolaire","tag-ecole-2025","tag-ecole-rosa-parks","tag-education-inclusive","tag-modele-educatif"],"yoast_head":"<!-- This site is optimized with the Yoast SEO plugin v27.5 - https:\/\/yoast.com\/product\/yoast-seo-wordpress\/ -->\n<title>Rosa Parks 2025 : l\u2019\u00e9cole qui invente l\u2019inclusion<\/title>\n<meta name=\"description\" content=\"D\u00e9couvrez l&#039;\u00e9cole Rosa Parks, pionni\u00e8re en \u00e9ducation inclusive en 2025 : m\u00e9thodes innovantes, diversit\u00e9 et r\u00e9ussite pour tous.\" \/>\n<meta name=\"robots\" content=\"index, follow, max-snippet:-1, max-image-preview:large, max-video-preview:-1\" \/>\n<link rel=\"canonical\" href=\"https:\/\/www.apres-lecole.fr\/Blog\/ecole-rosa-parks-education-inclusive\/\" \/>\n<meta property=\"og:locale\" content=\"fr_FR\" \/>\n<meta property=\"og:type\" content=\"article\" \/>\n<meta property=\"og:title\" content=\"Rosa Parks 2025 : l\u2019\u00e9cole qui invente l\u2019inclusion\" \/>\n<meta property=\"og:description\" content=\"D\u00e9couvrez l&#039;\u00e9cole Rosa Parks, pionni\u00e8re en \u00e9ducation inclusive en 2025 : m\u00e9thodes innovantes, diversit\u00e9 et r\u00e9ussite pour tous.\" \/>\n<meta property=\"og:url\" content=\"https:\/\/www.apres-lecole.fr\/Blog\/ecole-rosa-parks-education-inclusive\/\" \/>\n<meta property=\"article:published_time\" content=\"2025-09-27T06:36:09+00:00\" \/>\n<meta property=\"og:image\" content=\"https:\/\/www.apres-lecole.fr\/Blog\/wp-content\/uploads\/2025\/09\/Decouverte-de-lecole-Rosa-Parks-un-modele-deducation-inclusive-en-2025.jpg\" \/>\n\t<meta property=\"og:image:width\" content=\"1344\" \/>\n\t<meta property=\"og:image:height\" content=\"768\" \/>\n\t<meta property=\"og:image:type\" content=\"image\/jpeg\" \/>\n<meta name=\"twitter:card\" content=\"summary_large_image\" \/>\n<meta name=\"twitter:label1\" content=\"\u00c9crit par\" \/>\n\t<meta name=\"twitter:data1\" content=\"\" \/>\n\t<meta name=\"twitter:label2\" content=\"Dur\u00e9e de lecture estim\u00e9e\" \/>\n\t<meta name=\"twitter:data2\" content=\"8 minutes\" \/>\n<script type=\"application\/ld+json\" class=\"yoast-schema-graph\">{\"@context\":\"https:\\\/\\\/schema.org\",\"@graph\":[{\"@type\":\"Article\",\"@id\":\"https:\\\/\\\/www.apres-lecole.fr\\\/Blog\\\/ecole-rosa-parks-education-inclusive\\\/#article\",\"isPartOf\":{\"@id\":\"https:\\\/\\\/www.apres-lecole.fr\\\/Blog\\\/ecole-rosa-parks-education-inclusive\\\/\"},\"author\":{\"name\":\"\",\"@id\":\"\"},\"headline\":\"D\u00e9couverte de l&rsquo;\u00e9cole Rosa Parks : un mod\u00e8le d&rsquo;\u00e9ducation inclusive en 2025\",\"datePublished\":\"2025-09-27T06:36:09+00:00\",\"mainEntityOfPage\":{\"@id\":\"https:\\\/\\\/www.apres-lecole.fr\\\/Blog\\\/ecole-rosa-parks-education-inclusive\\\/\"},\"wordCount\":1730,\"commentCount\":0,\"image\":{\"@id\":\"https:\\\/\\\/www.apres-lecole.fr\\\/Blog\\\/ecole-rosa-parks-education-inclusive\\\/#primaryimage\"},\"thumbnailUrl\":\"https:\\\/\\\/www.apres-lecole.fr\\\/Blog\\\/wp-content\\\/uploads\\\/2025\\\/09\\\/Decouverte-de-lecole-Rosa-Parks-un-modele-deducation-inclusive-en-2025.jpg\",\"keywords\":[\"d\u00e9couverte scolaire\",\"\u00e9cole 2025\",\"\u00e9cole rosa parks\",\"\u00e9ducation inclusive\",\"mod\u00e8le \u00e9ducatif\"],\"articleSection\":[\"Actualit\u00e9s\"],\"inLanguage\":\"fr-FR\",\"potentialAction\":[{\"@type\":\"CommentAction\",\"name\":\"Comment\",\"target\":[\"https:\\\/\\\/www.apres-lecole.fr\\\/Blog\\\/ecole-rosa-parks-education-inclusive\\\/#respond\"]}]},{\"@type\":\"WebPage\",\"@id\":\"https:\\\/\\\/www.apres-lecole.fr\\\/Blog\\\/ecole-rosa-parks-education-inclusive\\\/\",\"url\":\"https:\\\/\\\/www.apres-lecole.fr\\\/Blog\\\/ecole-rosa-parks-education-inclusive\\\/\",\"name\":\"Rosa Parks 2025 : l\u2019\u00e9cole qui invente l\u2019inclusion\",\"isPartOf\":{\"@id\":\"https:\\\/\\\/www.apres-lecole.fr\\\/Blog\\\/#website\"},\"primaryImageOfPage\":{\"@id\":\"https:\\\/\\\/www.apres-lecole.fr\\\/Blog\\\/ecole-rosa-parks-education-inclusive\\\/#primaryimage\"},\"image\":{\"@id\":\"https:\\\/\\\/www.apres-lecole.fr\\\/Blog\\\/ecole-rosa-parks-education-inclusive\\\/#primaryimage\"},\"thumbnailUrl\":\"https:\\\/\\\/www.apres-lecole.fr\\\/Blog\\\/wp-content\\\/uploads\\\/2025\\\/09\\\/Decouverte-de-lecole-Rosa-Parks-un-modele-deducation-inclusive-en-2025.jpg\",\"datePublished\":\"2025-09-27T06:36:09+00:00\",\"author\":{\"@id\":\"\"},\"description\":\"D\u00e9couvrez l'\u00e9cole Rosa Parks, pionni\u00e8re en \u00e9ducation inclusive en 2025 : m\u00e9thodes innovantes, diversit\u00e9 et r\u00e9ussite pour tous.\",\"breadcrumb\":{\"@id\":\"https:\\\/\\\/www.apres-lecole.fr\\\/Blog\\\/ecole-rosa-parks-education-inclusive\\\/#breadcrumb\"},\"inLanguage\":\"fr-FR\",\"potentialAction\":[{\"@type\":\"ReadAction\",\"target\":[\"https:\\\/\\\/www.apres-lecole.fr\\\/Blog\\\/ecole-rosa-parks-education-inclusive\\\/\"]}]},{\"@type\":\"ImageObject\",\"inLanguage\":\"fr-FR\",\"@id\":\"https:\\\/\\\/www.apres-lecole.fr\\\/Blog\\\/ecole-rosa-parks-education-inclusive\\\/#primaryimage\",\"url\":\"https:\\\/\\\/www.apres-lecole.fr\\\/Blog\\\/wp-content\\\/uploads\\\/2025\\\/09\\\/Decouverte-de-lecole-Rosa-Parks-un-modele-deducation-inclusive-en-2025.jpg\",\"contentUrl\":\"https:\\\/\\\/www.apres-lecole.fr\\\/Blog\\\/wp-content\\\/uploads\\\/2025\\\/09\\\/Decouverte-de-lecole-Rosa-Parks-un-modele-deducation-inclusive-en-2025.jpg\",\"width\":1344,\"height\":768,\"caption\":\"d\u00e9couvrez l'\u00e9cole rosa parks, un exemple inspirant d'\u00e9ducation inclusive en 2025 : m\u00e9thodes innovantes, diversit\u00e9 et r\u00e9ussite pour chaque \u00e9l\u00e8ve.\"},{\"@type\":\"BreadcrumbList\",\"@id\":\"https:\\\/\\\/www.apres-lecole.fr\\\/Blog\\\/ecole-rosa-parks-education-inclusive\\\/#breadcrumb\",\"itemListElement\":[{\"@type\":\"ListItem\",\"position\":1,\"name\":\"Home\",\"item\":\"https:\\\/\\\/www.apres-lecole.fr\\\/Blog\\\/\"},{\"@type\":\"ListItem\",\"position\":2,\"name\":\"D\u00e9couverte de l&rsquo;\u00e9cole Rosa Parks : un mod\u00e8le d&rsquo;\u00e9ducation inclusive en 2025\"}]},{\"@type\":\"WebSite\",\"@id\":\"https:\\\/\\\/www.apres-lecole.fr\\\/Blog\\\/#website\",\"url\":\"https:\\\/\\\/www.apres-lecole.fr\\\/Blog\\\/\",\"name\":\"\",\"description\":\"M\u00e9dia g\u00e9n\u00e9raliste\",\"potentialAction\":[{\"@type\":\"SearchAction\",\"target\":{\"@type\":\"EntryPoint\",\"urlTemplate\":\"https:\\\/\\\/www.apres-lecole.fr\\\/Blog\\\/?s={search_term_string}\"},\"query-input\":{\"@type\":\"PropertyValueSpecification\",\"valueRequired\":true,\"valueName\":\"search_term_string\"}}],\"inLanguage\":\"fr-FR\"},{\"@type\":\"Person\",\"@id\":\"\",\"url\":\"https:\\\/\\\/www.apres-lecole.fr\\\/Blog\\\/author\\\/\"}]}<\/script>\n<!-- \/ Yoast SEO plugin. -->","yoast_head_json":{"title":"Rosa Parks 2025 : l\u2019\u00e9cole qui invente l\u2019inclusion","description":"D\u00e9couvrez l'\u00e9cole Rosa Parks, pionni\u00e8re en \u00e9ducation inclusive en 2025 : m\u00e9thodes innovantes, diversit\u00e9 et r\u00e9ussite pour tous.","robots":{"index":"index","follow":"follow","max-snippet":"max-snippet:-1","max-image-preview":"max-image-preview:large","max-video-preview":"max-video-preview:-1"},"canonical":"https:\/\/www.apres-lecole.fr\/Blog\/ecole-rosa-parks-education-inclusive\/","og_locale":"fr_FR","og_type":"article","og_title":"Rosa Parks 2025 : l\u2019\u00e9cole qui invente l\u2019inclusion","og_description":"D\u00e9couvrez l'\u00e9cole Rosa Parks, pionni\u00e8re en \u00e9ducation inclusive en 2025 : m\u00e9thodes innovantes, diversit\u00e9 et r\u00e9ussite pour tous.","og_url":"https:\/\/www.apres-lecole.fr\/Blog\/ecole-rosa-parks-education-inclusive\/","article_published_time":"2025-09-27T06:36:09+00:00","og_image":[{"width":1344,"height":768,"url":"https:\/\/www.apres-lecole.fr\/Blog\/wp-content\/uploads\/2025\/09\/Decouverte-de-lecole-Rosa-Parks-un-modele-deducation-inclusive-en-2025.jpg","type":"image\/jpeg"}],"twitter_card":"summary_large_image","twitter_misc":{"\u00c9crit par":"","Dur\u00e9e de lecture estim\u00e9e":"8 minutes"},"schema":{"@context":"https:\/\/schema.org","@graph":[{"@type":"Article","@id":"https:\/\/www.apres-lecole.fr\/Blog\/ecole-rosa-parks-education-inclusive\/#article","isPartOf":{"@id":"https:\/\/www.apres-lecole.fr\/Blog\/ecole-rosa-parks-education-inclusive\/"},"author":{"name":"","@id":""},"headline":"D\u00e9couverte de l&rsquo;\u00e9cole Rosa Parks : un mod\u00e8le d&rsquo;\u00e9ducation inclusive en 2025","datePublished":"2025-09-27T06:36:09+00:00","mainEntityOfPage":{"@id":"https:\/\/www.apres-lecole.fr\/Blog\/ecole-rosa-parks-education-inclusive\/"},"wordCount":1730,"commentCount":0,"image":{"@id":"https:\/\/www.apres-lecole.fr\/Blog\/ecole-rosa-parks-education-inclusive\/#primaryimage"},"thumbnailUrl":"https:\/\/www.apres-lecole.fr\/Blog\/wp-content\/uploads\/2025\/09\/Decouverte-de-lecole-Rosa-Parks-un-modele-deducation-inclusive-en-2025.jpg","keywords":["d\u00e9couverte scolaire","\u00e9cole 2025","\u00e9cole rosa parks","\u00e9ducation inclusive","mod\u00e8le \u00e9ducatif"],"articleSection":["Actualit\u00e9s"],"inLanguage":"fr-FR","potentialAction":[{"@type":"CommentAction","name":"Comment","target":["https:\/\/www.apres-lecole.fr\/Blog\/ecole-rosa-parks-education-inclusive\/#respond"]}]},{"@type":"WebPage","@id":"https:\/\/www.apres-lecole.fr\/Blog\/ecole-rosa-parks-education-inclusive\/","url":"https:\/\/www.apres-lecole.fr\/Blog\/ecole-rosa-parks-education-inclusive\/","name":"Rosa Parks 2025 : l\u2019\u00e9cole qui invente l\u2019inclusion","isPartOf":{"@id":"https:\/\/www.apres-lecole.fr\/Blog\/#website"},"primaryImageOfPage":{"@id":"https:\/\/www.apres-lecole.fr\/Blog\/ecole-rosa-parks-education-inclusive\/#primaryimage"},"image":{"@id":"https:\/\/www.apres-lecole.fr\/Blog\/ecole-rosa-parks-education-inclusive\/#primaryimage"},"thumbnailUrl":"https:\/\/www.apres-lecole.fr\/Blog\/wp-content\/uploads\/2025\/09\/Decouverte-de-lecole-Rosa-Parks-un-modele-deducation-inclusive-en-2025.jpg","datePublished":"2025-09-27T06:36:09+00:00","author":{"@id":""},"description":"D\u00e9couvrez l'\u00e9cole Rosa Parks, pionni\u00e8re en \u00e9ducation inclusive en 2025 : m\u00e9thodes innovantes, diversit\u00e9 et r\u00e9ussite pour tous.","breadcrumb":{"@id":"https:\/\/www.apres-lecole.fr\/Blog\/ecole-rosa-parks-education-inclusive\/#breadcrumb"},"inLanguage":"fr-FR","potentialAction":[{"@type":"ReadAction","target":["https:\/\/www.apres-lecole.fr\/Blog\/ecole-rosa-parks-education-inclusive\/"]}]},{"@type":"ImageObject","inLanguage":"fr-FR","@id":"https:\/\/www.apres-lecole.fr\/Blog\/ecole-rosa-parks-education-inclusive\/#primaryimage","url":"https:\/\/www.apres-lecole.fr\/Blog\/wp-content\/uploads\/2025\/09\/Decouverte-de-lecole-Rosa-Parks-un-modele-deducation-inclusive-en-2025.jpg","contentUrl":"https:\/\/www.apres-lecole.fr\/Blog\/wp-content\/uploads\/2025\/09\/Decouverte-de-lecole-Rosa-Parks-un-modele-deducation-inclusive-en-2025.jpg","width":1344,"height":768,"caption":"d\u00e9couvrez l'\u00e9cole rosa parks, un exemple inspirant d'\u00e9ducation inclusive en 2025 : m\u00e9thodes innovantes, diversit\u00e9 et r\u00e9ussite pour chaque \u00e9l\u00e8ve."},{"@type":"BreadcrumbList","@id":"https:\/\/www.apres-lecole.fr\/Blog\/ecole-rosa-parks-education-inclusive\/#breadcrumb","itemListElement":[{"@type":"ListItem","position":1,"name":"Home","item":"https:\/\/www.apres-lecole.fr\/Blog\/"},{"@type":"ListItem","position":2,"name":"D\u00e9couverte de l&rsquo;\u00e9cole Rosa Parks : un mod\u00e8le d&rsquo;\u00e9ducation inclusive en 2025"}]},{"@type":"WebSite","@id":"https:\/\/www.apres-lecole.fr\/Blog\/#website","url":"https:\/\/www.apres-lecole.fr\/Blog\/","name":"","description":"M\u00e9dia g\u00e9n\u00e9raliste","potentialAction":[{"@type":"SearchAction","target":{"@type":"EntryPoint","urlTemplate":"https:\/\/www.apres-lecole.fr\/Blog\/?s={search_term_string}"},"query-input":{"@type":"PropertyValueSpecification","valueRequired":true,"valueName":"search_term_string"}}],"inLanguage":"fr-FR"},{"@type":"Person","@id":"","url":"https:\/\/www.apres-lecole.fr\/Blog\/author\/"}]}},"views":3,"_links":{"self":[{"href":"https:\/\/www.apres-lecole.fr\/Blog\/wp-json\/wp\/v2\/posts\/2431","targetHints":{"allow":["GET"]}}],"collection":[{"href":"https:\/\/www.apres-lecole.fr\/Blog\/wp-json\/wp\/v2\/posts"}],"about":[{"href":"https:\/\/www.apres-lecole.fr\/Blog\/wp-json\/wp\/v2\/types\/post"}],"author":[{"embeddable":true,"href":"https:\/\/www.apres-lecole.fr\/Blog\/wp-json\/wp\/v2\/users\/7"}],"replies":[{"embeddable":true,"href":"https:\/\/www.apres-lecole.fr\/Blog\/wp-json\/wp\/v2\/comments?post=2431"}],"version-history":[{"count":0,"href":"https:\/\/www.apres-lecole.fr\/Blog\/wp-json\/wp\/v2\/posts\/2431\/revisions"}],"wp:featuredmedia":[{"embeddable":true,"href":"https:\/\/www.apres-lecole.fr\/Blog\/wp-json\/wp\/v2\/media\/2430"}],"wp:attachment":[{"href":"https:\/\/www.apres-lecole.fr\/Blog\/wp-json\/wp\/v2\/media?parent=2431"}],"wp:term":[{"taxonomy":"category","embeddable":true,"href":"https:\/\/www.apres-lecole.fr\/Blog\/wp-json\/wp\/v2\/categories?post=2431"},{"taxonomy":"post_tag","embeddable":true,"href":"https:\/\/www.apres-lecole.fr\/Blog\/wp-json\/wp\/v2\/tags?post=2431"}],"curies":[{"name":"wp","href":"https:\/\/api.w.org\/{rel}","templated":true}]}}