{"id":2367,"date":"2025-09-24T06:32:52","date_gmt":"2025-09-24T06:32:52","guid":{"rendered":"https:\/\/www.apres-lecole.fr\/Blog\/ecole-3a-education-innovante\/"},"modified":"2025-09-24T06:32:52","modified_gmt":"2025-09-24T06:32:52","slug":"ecole-3a-education-innovante","status":"publish","type":"post","link":"https:\/\/www.apres-lecole.fr\/Blog\/ecole-3a-education-innovante\/","title":{"rendered":"D\u00e9couvrez l&rsquo;\u00e9cole 3A : un mod\u00e8le d&rsquo;\u00e9ducation innovant en 2025"},"content":{"rendered":"\n\n<div class=\"kk-star-ratings kksr-auto kksr-align-left kksr-valign-top\"\n    data-payload='{&quot;align&quot;:&quot;left&quot;,&quot;id&quot;:&quot;2367&quot;,&quot;slug&quot;:&quot;default&quot;,&quot;valign&quot;:&quot;top&quot;,&quot;ignore&quot;:&quot;&quot;,&quot;reference&quot;:&quot;auto&quot;,&quot;class&quot;:&quot;&quot;,&quot;count&quot;:&quot;0&quot;,&quot;legendonly&quot;:&quot;&quot;,&quot;readonly&quot;:&quot;&quot;,&quot;score&quot;:&quot;0&quot;,&quot;starsonly&quot;:&quot;&quot;,&quot;best&quot;:&quot;5&quot;,&quot;gap&quot;:&quot;5&quot;,&quot;greet&quot;:&quot;Rate this post&quot;,&quot;legend&quot;:&quot;0\\\/5 - (0 vote)&quot;,&quot;size&quot;:&quot;24&quot;,&quot;title&quot;:&quot;D\u00e9couvrez l\\u0026#039;\u00e9cole 3A : un mod\u00e8le d\\u0026#039;\u00e9ducation innovant en 2025&quot;,&quot;width&quot;:&quot;0&quot;,&quot;_legend&quot;:&quot;{score}\\\/{best} - ({count} {votes})&quot;,&quot;font_factor&quot;:&quot;1.25&quot;}'>\n            \n<div class=\"kksr-stars\">\n    \n<div class=\"kksr-stars-inactive\">\n            <div class=\"kksr-star\" data-star=\"1\" style=\"padding-right: 5px\">\n            \n\n<div class=\"kksr-icon\" style=\"width: 24px; height: 24px;\"><\/div>\n        <\/div>\n            <div class=\"kksr-star\" data-star=\"2\" style=\"padding-right: 5px\">\n            \n\n<div class=\"kksr-icon\" style=\"width: 24px; height: 24px;\"><\/div>\n        <\/div>\n            <div class=\"kksr-star\" data-star=\"3\" style=\"padding-right: 5px\">\n            \n\n<div class=\"kksr-icon\" style=\"width: 24px; height: 24px;\"><\/div>\n        <\/div>\n            <div class=\"kksr-star\" data-star=\"4\" style=\"padding-right: 5px\">\n            \n\n<div class=\"kksr-icon\" style=\"width: 24px; height: 24px;\"><\/div>\n        <\/div>\n            <div class=\"kksr-star\" data-star=\"5\" style=\"padding-right: 5px\">\n            \n\n<div class=\"kksr-icon\" style=\"width: 24px; height: 24px;\"><\/div>\n        <\/div>\n    <\/div>\n    \n<div class=\"kksr-stars-active\" style=\"width: 0px;\">\n            <div class=\"kksr-star\" style=\"padding-right: 5px\">\n            \n\n<div class=\"kksr-icon\" style=\"width: 24px; height: 24px;\"><\/div>\n        <\/div>\n            <div class=\"kksr-star\" style=\"padding-right: 5px\">\n            \n\n<div class=\"kksr-icon\" style=\"width: 24px; height: 24px;\"><\/div>\n        <\/div>\n            <div class=\"kksr-star\" style=\"padding-right: 5px\">\n            \n\n<div class=\"kksr-icon\" style=\"width: 24px; height: 24px;\"><\/div>\n        <\/div>\n            <div class=\"kksr-star\" style=\"padding-right: 5px\">\n            \n\n<div class=\"kksr-icon\" style=\"width: 24px; height: 24px;\"><\/div>\n        <\/div>\n            <div class=\"kksr-star\" style=\"padding-right: 5px\">\n            \n\n<div class=\"kksr-icon\" style=\"width: 24px; height: 24px;\"><\/div>\n        <\/div>\n    <\/div>\n<\/div>\n                \n\n<div class=\"kksr-legend\" style=\"font-size: 19.2px;\">\n            <span class=\"kksr-muted\">Rate this post<\/span>\n    <\/div>\n    <\/div>\n<p>Imagine une \u00e9cole o\u00f9 l&rsquo;innovation et la responsabilit\u00e9 sociale se donnent rendez-vous pour former les leaders de demain. L&rsquo;\u00e9cole 3A incarne ce mod\u00e8le d&rsquo;\u00e9ducation innovante, une v\u00e9ritable p\u00e9pini\u00e8re de talents engag\u00e9s qui souhaitent changer le monde. Nich\u00e9e dans un cadre propice \u00e0 l&rsquo;apprentissage collaboratif, cette institution se d\u00e9marque par son approche unique, en phase avec les enjeux contemporains du d\u00e9veloppement durable et de l&rsquo;\u00e9thique \u00e9ducative. <\/p>\n\n<p>Avec des programmes adapt\u00e9s et une ouverture \u00e0 l&rsquo;international, l&rsquo;\u00e9cole 3A attire les \u00e9tudiants d\u00e9sireux de s&rsquo;investir dans des projets \u00e0 fort impact. Qu&rsquo;il s&rsquo;agisse de coordination de projets de d\u00e9veloppement international, de management de l\u2019innovation sociale ou de coop\u00e9ration humanitaire, chaque cursus se veut un tremplin vers un futur responsable. D\u00e9couvre sans plus attendre comment cette \u00e9cole forme des individus, tout en leur instillant les valeurs de solidarit\u00e9 et de justice sociale !<\/p>\n\n<h2 class=\"wp-block-heading\">L&rsquo;\u00e9cole 3A : un lieu d&rsquo;\u00e9ducation innovante et responsable<\/h2>\n\n<p>Situ\u00e9e dans un environnement dynamique, l&rsquo;\u00e9cole 3A se pr\u00e9sente comme un catalyseur d&rsquo;engagement pour les jeunes g\u00e9n\u00e9rations. Avec sa vision claire, elle se destine \u00e0 former des \u00e9tudiants non seulement comp\u00e9tents mais aussi \u00e9thiquement responsables. Cette \u00e9cole n&rsquo;est pas une simple institution ; elle incarne un projet \u00e9ducatif solide bas\u00e9 sur des valeurs de leadership engag\u00e9.<\/p>\n\n<p>Les valeurs de <strong>solidarit\u00e9<\/strong> et de <strong>justice sociale<\/strong> y sont centrales. Les \u00e9tudiants sont encourag\u00e9s \u00e0 d\u00e9velopper une conscience sociale aigu\u00eb, \u00e0 travers des activit\u00e9s qui impliquent la communaut\u00e9 et la nature. Par exemple, des projets concrets peuvent impliquer la participation \u00e0 des initiatives locales de d\u00e9veloppement durable, o\u00f9 \u00e9l\u00e8ves et enseignants collaborent pour des r\u00e9sultats tangibles.<\/p>\n\n<ul class=\"wp-block-list\"><li>\ud83c\udf0d Sensibilisation \u00e0 la <strong>responsabilit\u00e9 sociale<\/strong><\/li><li>\ud83e\udd1d Engagement envers des projets solidaires<\/li><li>\ud83d\udcc8 D\u00e9veloppement de l&rsquo;esprit entrepreneurial<\/li><\/ul>\n\n<p>Cette \u00e9ducation active se traduit par des formations diversifi\u00e9es allant du Bachelor au Master, telles que le Bachelor en <strong>Coordinateur de projets de d\u00e9veloppement international<\/strong> ou le Master en <strong>Management de l\u2019innovation sociale<\/strong>. Ces cursus permettent aux \u00e9tudiants de se sp\u00e9cialiser tout en restant ancr\u00e9s dans des r\u00e9alit\u00e9s sociales et \u00e9conomiques actuelles.<\/p>\n\n<figure class=\"wp-block-table\"><table>\n<thead>\n<tr>\n<th>Programme<\/th>\n<th>Dur\u00e9e<\/th>\n<th>Dipl\u00f4me<\/th>\n<\/tr>\n<\/thead>\n<tbody>\n<tr>\n<td>Coordinateur de projets de d\u00e9veloppement international<\/td>\n<td>3 ans<\/td>\n<td>Bachelor<\/td>\n<\/tr>\n<tr>\n<td>Management de l&rsquo;innovation sociale<\/td>\n<td>2 ans<\/td>\n<td>Master<\/td>\n<\/tr>\n<tr>\n<td>Coop\u00e9ration internationale<\/td>\n<td>2 ans<\/td>\n<td>Master<\/td>\n<\/tr>\n<\/tbody>\n<\/table><\/figure>\n\n<h2 class=\"wp-block-heading\">Une p\u00e9dagogie active au c\u0153ur de l&rsquo;exp\u00e9rience \u00e9ducative<\/h2>\n\n<p>L&rsquo;\u00e9cole 3A s&rsquo;engage \u00e0 briser les sch\u00e9mas d&rsquo;enseignement traditionnels pour favoriser une <strong>p\u00e9dagogie active<\/strong>. Les \u00e9l\u00e8ves y sont acteur de leur apprentissage, guid\u00e9s par des m\u00e9thodes qui stimulent leur curiosit\u00e9. En mettant l&rsquo;accent sur l&rsquo;<strong>intelligence collective<\/strong>, les \u00e9tudiants sont encourag\u00e9s \u00e0 collaborer, \u00e0 discuter et \u00e0 co-cr\u00e9er.<\/p>\n\n<p>La mise en place de projets communs \u00e0 l&rsquo;\u00e9chelle internationale vient enrichir leur formation. Par exemple, gr\u00e2ce \u00e0 des partenariats avec des \u00e9coles \u00e0 l\u2019\u00e9tranger, les \u00e9l\u00e8ves peuvent mener des projets de recherche ou des travaux sur des th\u00e9matiques globales, abordant des enjeux comme le respect de l&rsquo;environnement ou le d\u00e9veloppement \u00e9thique.<\/p>\n\n<ul class=\"wp-block-list\"><li>\ud83c\udf10 Projets collaboratifs \u00e0 l&rsquo;\u00e9chelle internationale<\/li><li>\ud83e\udd14 M\u00e9thodes d&rsquo;apprentissage participatif<\/li><li>\ud83d\udcda Utilisation d&rsquo;outils num\u00e9riques pour faciliter l&rsquo;\u00e9ducation<\/li><\/ul>\n\n<p>Les \u00e9l\u00e8ves participent \u00e9galement \u00e0 des simulations de gestion de crise, o\u00f9 ils doivent r\u00e9fl\u00e9chir et agir en \u00e9quipe face \u00e0 des situations r\u00e9elles. Cela renforce leur capacit\u00e9 d&rsquo;adaptation et leur aptitude \u00e0 travailler en r\u00e9seau avec des personnes de diff\u00e9rents horizons. Ces exp\u00e9riences sont des atouts majeurs pour leur future carri\u00e8re.<\/p>\n\n<figure class=\"wp-block-table\"><table>\n<thead>\n<tr>\n<th>Activit\u00e9<\/th>\n<th>Objectif<\/th>\n<th>Impact<\/th>\n<\/tr>\n<\/thead>\n<tbody>\n<tr>\n<td>Simulations de gestion de crise<\/td>\n<td>Renforcer le travail en \u00e9quipe<\/td>\n<td>Capacit\u00e9 d&rsquo;adaptation accrue<\/td>\n<\/tr>\n<tr>\n<td>Projets de d\u00e9veloppement durable<\/td>\n<td>\u00c9veiller la conscience \u00e9cologique<\/td>\n<td>Engagement citoyen<\/td>\n<\/tr>\n<tr>\n<td>\u00c9changes internationaux<\/td>\n<td>Ouvrir \u00e0 d&rsquo;autres cultures<\/td>\n<td>Ouverture d&rsquo;esprit<\/td>\n<\/tr>\n<\/tbody>\n<\/table><\/figure>\n\n<h2 class=\"wp-block-heading\">Une formation internationale pour les leaders du futur<\/h2>\n\n<p>L&rsquo;\u00e9cole 3A s&rsquo;affirme comme un v\u00e9ritable tremplin vers une carri\u00e8re internationale. En proposant des formations reconnues mondialement, elle attire des \u00e9tudiants venant des quatre coins du globe. Cette interconnexion est essentielle pour faire face aux d\u00e9fis mondiaux actuels.<\/p>\n\n<p>Les programmes sont con\u00e7us pour r\u00e9pondre non seulement aux besoins des march\u00e9s locaux mais \u00e9galement \u00e0 ceux du march\u00e9 international, garantissant une <strong>ouverture \u00e0 l&rsquo;international<\/strong> sans pr\u00e9c\u00e9dent. Les \u00e9tudiants sont pr\u00e9par\u00e9s \u00e0 travailler dans des contextes multiculturels, d\u00e9veloppant ainsi leur sensibilit\u00e9 \u00e0 la diversit\u00e9 et leur capacit\u00e9 \u00e0 naviguer dans des environnements complexes.<\/p>\n\n<ul class=\"wp-block-list\"><li>\u2708\ufe0f Opportunit\u00e9s d&rsquo;\u00e9tudes \u00e0 l&rsquo;\u00e9tranger<\/li><li>\ud83c\udf0f R\u00e9seaux internationaux d&rsquo;anciens \u00e9l\u00e8ves<\/li><li>\ud83d\udcc8 Ateliers de d\u00e9veloppement de comp\u00e9tences interculturelles<\/li><\/ul>\n\n<p>La participation aux <strong>conf\u00e9rences internationales<\/strong> et aux <strong>stages \u00e0 l\u2019\u00e9tranger<\/strong> est inclus dans le cursus, offrant une formation pratique qui compl\u00e8te l&rsquo;apprentissage th\u00e9orique. Les \u00e9tudiants ont m\u00eame la possibilit\u00e9 de travailler sur des projets communs avec d&rsquo;autres \u00e9coles partenaires \u00e0 l&rsquo;\u00e9tranger, apportant ainsi une vraie valeur ajout\u00e9e \u00e0 leur \u00e9ducation.<\/p>\n\n<h2 class=\"wp-block-heading\">Vers un avenir durable : l&rsquo;engagement \u00e9thique de l&rsquo;\u00e9cole 3A<\/h2>\n\n<p>L&rsquo;\u00e9ducation ne se limite pas \u00e0 la transmission de connaissances, mais doit \u00e9galement porter un poids \u00e9thique. L\u2019\u00e9cole 3A affirme son engagement envers le <strong>d\u00e9veloppement durable<\/strong>, inculquant des valeurs qui visent \u00e0 am\u00e9liorer la soci\u00e9t\u00e9 dans son ensemble. Les enseignements se concentrent sur les m\u00e9thodes durables d&rsquo;approvisionnement et de gestion, tant au niveau personnel qu&rsquo;au niveau des entreprises.<\/p>\n\n<p>Cet engagement \u00e9thique est r\u00e9alis\u00e9 \u00e0 travers des collaborations avec des organisations \u00e0 but non lucratif, des entreprises engag\u00e9es dans des projets \u00e9cologiques, ou encore lors d&rsquo;\u00e9v\u00e9nements de sensibilisation. Les \u00e9tudiants apprennent \u00e0 comprendre l&rsquo;importance de leur impact, tant sur l&rsquo;environnement que sur les communaut\u00e9s humaines.<\/p>\n\n<ul class=\"wp-block-list\"><li>\ud83c\udf31 Initiatives \u00e9cologiques sur le campus<\/li><li>\ud83d\udca1 Conf\u00e9rences sur la responsabilit\u00e9 des entreprises<\/li><li>\ud83c\udf0d Partenariats avec des ONG pour des projets durables<\/li><\/ul>\n\n<p>Les projets men\u00e9s par l&rsquo;\u00e9cole 3A prennent souvent la forme d&rsquo;initiatives de reboisement, de nettoyage de plages ou encore d\u2019\u00e9v\u00e9nements de sensibilisation \u00e0 la consommation responsable. Ce type d\u2019engagement permet de renforcer le sentiment d&rsquo;appartenance \u00e0 quelque chose de plus grand, tout en responsabilisant les \u00e9tudiants dans leur r\u00f4le de futurs leaders.<\/p>\n\n<figure class=\"wp-block-table\"><table>\n<thead>\n<tr>\n<th>Initiative<\/th>\n<th>Description<\/th>\n<th>Impact<\/th>\n<\/tr>\n<\/thead>\n<tbody>\n<tr>\n<td>Programme de reboisement<\/td>\n<td>Plantation d&rsquo;arbres pour compenser l&#8217;empreinte carbone<\/td>\n<td>Renforcer la biodiversit\u00e9<\/td>\n<\/tr>\n<tr>\n<td>Nettoyage de plages<\/td>\n<td>Action collective pour pr\u00e9server les \u00e9cosyst\u00e8mes<\/td>\n<td>Sensibilisation \u00e0 la pollution<\/td>\n<\/tr>\n<tr>\n<td>Consommation responsable<\/td>\n<td>Sensibilisation sur l&rsquo;\u00e9thique du consommateur<\/td>\n<td>R\u00e9duction de l&#8217;empreinte \u00e9cologique<\/td>\n<\/tr>\n<\/tbody>\n<\/table><\/figure>\n\n<h2 class=\"wp-block-heading\">Questions fr\u00e9quentes sur l&rsquo;\u00e9cole 3A<\/h2>\n\n<p><strong>Quelles sont les valeurs fondamentales de l&rsquo;\u00c9cole 3A ?<\/strong><br>\nL&rsquo;\u00c9cole 3A place la <strong>solidarit\u00e9<\/strong>, la <strong>responsabilit\u00e9<\/strong> et la <strong>justice sociale<\/strong> au c\u0153ur de son enseignement, pr\u00e9parant les \u00e9tudiants \u00e0 \u00eatre des acteurs de changement.<\/p>\n\n<p><strong>Quels types de programmes sont offerts ?<\/strong><br>\nDes formations vari\u00e9es allant de la coordination de projets \u00e0 des masters en management de l&rsquo;innovation sociale, toutes ancr\u00e9es dans une dynamique de <strong>d\u00e9veloppement durable<\/strong>.<\/p>\n\n<p><strong>Comment l&rsquo;\u00e9cole favorise-t-elle l&rsquo;apprentissage collaboratif ?<\/strong><br>\nGr\u00e2ce \u00e0 une p\u00e9dagogie active qui encourage les projets en groupe et les \u00e9changes d&rsquo;id\u00e9es, l&rsquo;\u00e9cole favorise l&rsquo;<strong>intelligence collective<\/strong>.<\/p>\n\n<p><strong>La formation \u00e0 l&rsquo;international est-elle obligatoire ?<\/strong><br>\nBien que ce ne soit pas obligatoire, l\u2019\u00e9cole offre de nombreuses opportunit\u00e9s pour \u00e9tudier \u00e0 l\u2019\u00e9tranger, enrichissant ainsi le parcours des \u00e9tudiants.<\/p>\n\n<p><strong>Quel est l&rsquo;impact des projets locaux men\u00e9s par l&rsquo;\u00e9cole ?<\/strong><br>\nLes projets locaux permettent aux \u00e9tudiants d&rsquo;appliquer leurs comp\u00e9tences tout en apportant des contributions r\u00e9elles \u00e0 leur communaut\u00e9, rendant le monde meilleur \u00e9tape par \u00e9tape.<\/p>\n\n","protected":false},"excerpt":{"rendered":"<p>Imagine une \u00e9cole o\u00f9 l&rsquo;innovation et la responsabilit\u00e9 sociale se donnent rendez-vous pour former les leaders de demain. L&rsquo;\u00e9cole 3A incarne ce mod\u00e8le d&rsquo;\u00e9ducation innovante, une v\u00e9ritable p\u00e9pini\u00e8re de talents engag\u00e9s qui souhaitent changer le monde. Nich\u00e9e dans un cadre propice \u00e0 l&rsquo;apprentissage collaboratif, cette institution se d\u00e9marque par son approche unique, en phase avec &#8230; <a title=\"D\u00e9couvrez l&rsquo;\u00e9cole 3A : un mod\u00e8le d&rsquo;\u00e9ducation innovant en 2025\" class=\"read-more\" href=\"https:\/\/www.apres-lecole.fr\/Blog\/ecole-3a-education-innovante\/\" aria-label=\"En savoir plus sur D\u00e9couvrez l&rsquo;\u00e9cole 3A : un mod\u00e8le d&rsquo;\u00e9ducation innovant en 2025\">Lire plus<\/a><\/p>\n","protected":false},"author":7,"featured_media":2366,"comment_status":"open","ping_status":"open","sticky":false,"template":"","format":"standard","meta":{"footnotes":""},"categories":[342],"tags":[1611,1357,1397,1502,1612],"class_list":["post-2367","post","type-post","status-publish","format-standard","has-post-thumbnail","hentry","category-actualites","tag-ecole-3a","tag-education-2025","tag-education-innovante","tag-innovation-pedagogique","tag-modele-deducation"],"yoast_head":"<!-- This site is optimized with the Yoast SEO plugin v27.5 - https:\/\/yoast.com\/product\/yoast-seo-wordpress\/ -->\n<title>\u00c9cole 3A : l\u2019\u00e9ducation de demain s\u2019invente d\u00e8s aujourd\u2019hui<\/title>\n<meta name=\"description\" content=\"D\u00e9couvrez l&#039;\u00e9cole 3A : un mod\u00e8le d&#039;\u00e9ducation innovant en 2025, ax\u00e9 sur l&#039;excellence, l&#039;engagement et la r\u00e9ussite de chaque \u00e9tudiant.\" \/>\n<meta name=\"robots\" content=\"index, follow, max-snippet:-1, max-image-preview:large, max-video-preview:-1\" \/>\n<link rel=\"canonical\" href=\"https:\/\/www.apres-lecole.fr\/Blog\/ecole-3a-education-innovante\/\" \/>\n<meta property=\"og:locale\" content=\"fr_FR\" \/>\n<meta property=\"og:type\" content=\"article\" \/>\n<meta property=\"og:title\" content=\"\u00c9cole 3A : l\u2019\u00e9ducation de demain s\u2019invente d\u00e8s aujourd\u2019hui\" \/>\n<meta property=\"og:description\" content=\"D\u00e9couvrez l&#039;\u00e9cole 3A : un mod\u00e8le d&#039;\u00e9ducation innovant en 2025, ax\u00e9 sur l&#039;excellence, l&#039;engagement et la r\u00e9ussite de chaque \u00e9tudiant.\" \/>\n<meta property=\"og:url\" content=\"https:\/\/www.apres-lecole.fr\/Blog\/ecole-3a-education-innovante\/\" \/>\n<meta property=\"article:published_time\" content=\"2025-09-24T06:32:52+00:00\" \/>\n<meta property=\"og:image\" content=\"https:\/\/www.apres-lecole.fr\/Blog\/wp-content\/uploads\/2025\/09\/Decouvrez-lecole-3A-un-modele-deducation-innovant-en-2025.jpg\" \/>\n\t<meta property=\"og:image:width\" content=\"1344\" \/>\n\t<meta property=\"og:image:height\" content=\"768\" \/>\n\t<meta property=\"og:image:type\" content=\"image\/jpeg\" \/>\n<meta name=\"twitter:card\" content=\"summary_large_image\" \/>\n<meta name=\"twitter:label1\" content=\"\u00c9crit par\" \/>\n\t<meta name=\"twitter:data1\" content=\"\" \/>\n\t<meta name=\"twitter:label2\" content=\"Dur\u00e9e de lecture estim\u00e9e\" \/>\n\t<meta name=\"twitter:data2\" content=\"6 minutes\" \/>\n<script type=\"application\/ld+json\" class=\"yoast-schema-graph\">{\"@context\":\"https:\\\/\\\/schema.org\",\"@graph\":[{\"@type\":\"Article\",\"@id\":\"https:\\\/\\\/www.apres-lecole.fr\\\/Blog\\\/ecole-3a-education-innovante\\\/#article\",\"isPartOf\":{\"@id\":\"https:\\\/\\\/www.apres-lecole.fr\\\/Blog\\\/ecole-3a-education-innovante\\\/\"},\"author\":{\"name\":\"\",\"@id\":\"\"},\"headline\":\"D\u00e9couvrez l&rsquo;\u00e9cole 3A : un mod\u00e8le d&rsquo;\u00e9ducation innovant en 2025\",\"datePublished\":\"2025-09-24T06:32:52+00:00\",\"mainEntityOfPage\":{\"@id\":\"https:\\\/\\\/www.apres-lecole.fr\\\/Blog\\\/ecole-3a-education-innovante\\\/\"},\"wordCount\":1250,\"commentCount\":0,\"image\":{\"@id\":\"https:\\\/\\\/www.apres-lecole.fr\\\/Blog\\\/ecole-3a-education-innovante\\\/#primaryimage\"},\"thumbnailUrl\":\"https:\\\/\\\/www.apres-lecole.fr\\\/Blog\\\/wp-content\\\/uploads\\\/2025\\\/09\\\/Decouvrez-lecole-3A-un-modele-deducation-innovant-en-2025.jpg\",\"keywords\":[\"\u00e9cole 3a\",\"\u00e9ducation 2025\",\"\u00e9ducation innovante\",\"innovation p\u00e9dagogique\",\"mod\u00e8le d'\u00e9ducation\"],\"articleSection\":[\"Actualit\u00e9s\"],\"inLanguage\":\"fr-FR\",\"potentialAction\":[{\"@type\":\"CommentAction\",\"name\":\"Comment\",\"target\":[\"https:\\\/\\\/www.apres-lecole.fr\\\/Blog\\\/ecole-3a-education-innovante\\\/#respond\"]}]},{\"@type\":\"WebPage\",\"@id\":\"https:\\\/\\\/www.apres-lecole.fr\\\/Blog\\\/ecole-3a-education-innovante\\\/\",\"url\":\"https:\\\/\\\/www.apres-lecole.fr\\\/Blog\\\/ecole-3a-education-innovante\\\/\",\"name\":\"\u00c9cole 3A : l\u2019\u00e9ducation de demain s\u2019invente d\u00e8s aujourd\u2019hui\",\"isPartOf\":{\"@id\":\"https:\\\/\\\/www.apres-lecole.fr\\\/Blog\\\/#website\"},\"primaryImageOfPage\":{\"@id\":\"https:\\\/\\\/www.apres-lecole.fr\\\/Blog\\\/ecole-3a-education-innovante\\\/#primaryimage\"},\"image\":{\"@id\":\"https:\\\/\\\/www.apres-lecole.fr\\\/Blog\\\/ecole-3a-education-innovante\\\/#primaryimage\"},\"thumbnailUrl\":\"https:\\\/\\\/www.apres-lecole.fr\\\/Blog\\\/wp-content\\\/uploads\\\/2025\\\/09\\\/Decouvrez-lecole-3A-un-modele-deducation-innovant-en-2025.jpg\",\"datePublished\":\"2025-09-24T06:32:52+00:00\",\"author\":{\"@id\":\"\"},\"description\":\"D\u00e9couvrez l'\u00e9cole 3A : un mod\u00e8le d'\u00e9ducation innovant en 2025, ax\u00e9 sur l'excellence, l'engagement et la r\u00e9ussite de chaque \u00e9tudiant.\",\"breadcrumb\":{\"@id\":\"https:\\\/\\\/www.apres-lecole.fr\\\/Blog\\\/ecole-3a-education-innovante\\\/#breadcrumb\"},\"inLanguage\":\"fr-FR\",\"potentialAction\":[{\"@type\":\"ReadAction\",\"target\":[\"https:\\\/\\\/www.apres-lecole.fr\\\/Blog\\\/ecole-3a-education-innovante\\\/\"]}]},{\"@type\":\"ImageObject\",\"inLanguage\":\"fr-FR\",\"@id\":\"https:\\\/\\\/www.apres-lecole.fr\\\/Blog\\\/ecole-3a-education-innovante\\\/#primaryimage\",\"url\":\"https:\\\/\\\/www.apres-lecole.fr\\\/Blog\\\/wp-content\\\/uploads\\\/2025\\\/09\\\/Decouvrez-lecole-3A-un-modele-deducation-innovant-en-2025.jpg\",\"contentUrl\":\"https:\\\/\\\/www.apres-lecole.fr\\\/Blog\\\/wp-content\\\/uploads\\\/2025\\\/09\\\/Decouvrez-lecole-3A-un-modele-deducation-innovant-en-2025.jpg\",\"width\":1344,\"height\":768,\"caption\":\"explorez l\u2019\u00e9cole 3a, une institution avant-gardiste en 2025 proposant une approche \u00e9ducative innovante qui pr\u00e9pare les \u00e9tudiants aux d\u00e9fis de demain.\"},{\"@type\":\"BreadcrumbList\",\"@id\":\"https:\\\/\\\/www.apres-lecole.fr\\\/Blog\\\/ecole-3a-education-innovante\\\/#breadcrumb\",\"itemListElement\":[{\"@type\":\"ListItem\",\"position\":1,\"name\":\"Home\",\"item\":\"https:\\\/\\\/www.apres-lecole.fr\\\/Blog\\\/\"},{\"@type\":\"ListItem\",\"position\":2,\"name\":\"D\u00e9couvrez l&rsquo;\u00e9cole 3A : un mod\u00e8le d&rsquo;\u00e9ducation innovant en 2025\"}]},{\"@type\":\"WebSite\",\"@id\":\"https:\\\/\\\/www.apres-lecole.fr\\\/Blog\\\/#website\",\"url\":\"https:\\\/\\\/www.apres-lecole.fr\\\/Blog\\\/\",\"name\":\"\",\"description\":\"M\u00e9dia g\u00e9n\u00e9raliste\",\"potentialAction\":[{\"@type\":\"SearchAction\",\"target\":{\"@type\":\"EntryPoint\",\"urlTemplate\":\"https:\\\/\\\/www.apres-lecole.fr\\\/Blog\\\/?s={search_term_string}\"},\"query-input\":{\"@type\":\"PropertyValueSpecification\",\"valueRequired\":true,\"valueName\":\"search_term_string\"}}],\"inLanguage\":\"fr-FR\"},{\"@type\":\"Person\",\"@id\":\"\",\"url\":\"https:\\\/\\\/www.apres-lecole.fr\\\/Blog\\\/author\\\/\"}]}<\/script>\n<!-- \/ Yoast SEO plugin. -->","yoast_head_json":{"title":"\u00c9cole 3A : l\u2019\u00e9ducation de demain s\u2019invente d\u00e8s aujourd\u2019hui","description":"D\u00e9couvrez l'\u00e9cole 3A : un mod\u00e8le d'\u00e9ducation innovant en 2025, ax\u00e9 sur l'excellence, l'engagement et la r\u00e9ussite de chaque \u00e9tudiant.","robots":{"index":"index","follow":"follow","max-snippet":"max-snippet:-1","max-image-preview":"max-image-preview:large","max-video-preview":"max-video-preview:-1"},"canonical":"https:\/\/www.apres-lecole.fr\/Blog\/ecole-3a-education-innovante\/","og_locale":"fr_FR","og_type":"article","og_title":"\u00c9cole 3A : l\u2019\u00e9ducation de demain s\u2019invente d\u00e8s aujourd\u2019hui","og_description":"D\u00e9couvrez l'\u00e9cole 3A : un mod\u00e8le d'\u00e9ducation innovant en 2025, ax\u00e9 sur l'excellence, l'engagement et la r\u00e9ussite de chaque \u00e9tudiant.","og_url":"https:\/\/www.apres-lecole.fr\/Blog\/ecole-3a-education-innovante\/","article_published_time":"2025-09-24T06:32:52+00:00","og_image":[{"width":1344,"height":768,"url":"https:\/\/www.apres-lecole.fr\/Blog\/wp-content\/uploads\/2025\/09\/Decouvrez-lecole-3A-un-modele-deducation-innovant-en-2025.jpg","type":"image\/jpeg"}],"twitter_card":"summary_large_image","twitter_misc":{"\u00c9crit par":"","Dur\u00e9e de lecture estim\u00e9e":"6 minutes"},"schema":{"@context":"https:\/\/schema.org","@graph":[{"@type":"Article","@id":"https:\/\/www.apres-lecole.fr\/Blog\/ecole-3a-education-innovante\/#article","isPartOf":{"@id":"https:\/\/www.apres-lecole.fr\/Blog\/ecole-3a-education-innovante\/"},"author":{"name":"","@id":""},"headline":"D\u00e9couvrez l&rsquo;\u00e9cole 3A : un mod\u00e8le d&rsquo;\u00e9ducation innovant en 2025","datePublished":"2025-09-24T06:32:52+00:00","mainEntityOfPage":{"@id":"https:\/\/www.apres-lecole.fr\/Blog\/ecole-3a-education-innovante\/"},"wordCount":1250,"commentCount":0,"image":{"@id":"https:\/\/www.apres-lecole.fr\/Blog\/ecole-3a-education-innovante\/#primaryimage"},"thumbnailUrl":"https:\/\/www.apres-lecole.fr\/Blog\/wp-content\/uploads\/2025\/09\/Decouvrez-lecole-3A-un-modele-deducation-innovant-en-2025.jpg","keywords":["\u00e9cole 3a","\u00e9ducation 2025","\u00e9ducation innovante","innovation p\u00e9dagogique","mod\u00e8le d'\u00e9ducation"],"articleSection":["Actualit\u00e9s"],"inLanguage":"fr-FR","potentialAction":[{"@type":"CommentAction","name":"Comment","target":["https:\/\/www.apres-lecole.fr\/Blog\/ecole-3a-education-innovante\/#respond"]}]},{"@type":"WebPage","@id":"https:\/\/www.apres-lecole.fr\/Blog\/ecole-3a-education-innovante\/","url":"https:\/\/www.apres-lecole.fr\/Blog\/ecole-3a-education-innovante\/","name":"\u00c9cole 3A : l\u2019\u00e9ducation de demain s\u2019invente d\u00e8s aujourd\u2019hui","isPartOf":{"@id":"https:\/\/www.apres-lecole.fr\/Blog\/#website"},"primaryImageOfPage":{"@id":"https:\/\/www.apres-lecole.fr\/Blog\/ecole-3a-education-innovante\/#primaryimage"},"image":{"@id":"https:\/\/www.apres-lecole.fr\/Blog\/ecole-3a-education-innovante\/#primaryimage"},"thumbnailUrl":"https:\/\/www.apres-lecole.fr\/Blog\/wp-content\/uploads\/2025\/09\/Decouvrez-lecole-3A-un-modele-deducation-innovant-en-2025.jpg","datePublished":"2025-09-24T06:32:52+00:00","author":{"@id":""},"description":"D\u00e9couvrez l'\u00e9cole 3A : un mod\u00e8le d'\u00e9ducation innovant en 2025, ax\u00e9 sur l'excellence, l'engagement et la r\u00e9ussite de chaque \u00e9tudiant.","breadcrumb":{"@id":"https:\/\/www.apres-lecole.fr\/Blog\/ecole-3a-education-innovante\/#breadcrumb"},"inLanguage":"fr-FR","potentialAction":[{"@type":"ReadAction","target":["https:\/\/www.apres-lecole.fr\/Blog\/ecole-3a-education-innovante\/"]}]},{"@type":"ImageObject","inLanguage":"fr-FR","@id":"https:\/\/www.apres-lecole.fr\/Blog\/ecole-3a-education-innovante\/#primaryimage","url":"https:\/\/www.apres-lecole.fr\/Blog\/wp-content\/uploads\/2025\/09\/Decouvrez-lecole-3A-un-modele-deducation-innovant-en-2025.jpg","contentUrl":"https:\/\/www.apres-lecole.fr\/Blog\/wp-content\/uploads\/2025\/09\/Decouvrez-lecole-3A-un-modele-deducation-innovant-en-2025.jpg","width":1344,"height":768,"caption":"explorez l\u2019\u00e9cole 3a, une institution avant-gardiste en 2025 proposant une approche \u00e9ducative innovante qui pr\u00e9pare les \u00e9tudiants aux d\u00e9fis de demain."},{"@type":"BreadcrumbList","@id":"https:\/\/www.apres-lecole.fr\/Blog\/ecole-3a-education-innovante\/#breadcrumb","itemListElement":[{"@type":"ListItem","position":1,"name":"Home","item":"https:\/\/www.apres-lecole.fr\/Blog\/"},{"@type":"ListItem","position":2,"name":"D\u00e9couvrez l&rsquo;\u00e9cole 3A : un mod\u00e8le d&rsquo;\u00e9ducation innovant en 2025"}]},{"@type":"WebSite","@id":"https:\/\/www.apres-lecole.fr\/Blog\/#website","url":"https:\/\/www.apres-lecole.fr\/Blog\/","name":"","description":"M\u00e9dia g\u00e9n\u00e9raliste","potentialAction":[{"@type":"SearchAction","target":{"@type":"EntryPoint","urlTemplate":"https:\/\/www.apres-lecole.fr\/Blog\/?s={search_term_string}"},"query-input":{"@type":"PropertyValueSpecification","valueRequired":true,"valueName":"search_term_string"}}],"inLanguage":"fr-FR"},{"@type":"Person","@id":"","url":"https:\/\/www.apres-lecole.fr\/Blog\/author\/"}]}},"views":4,"_links":{"self":[{"href":"https:\/\/www.apres-lecole.fr\/Blog\/wp-json\/wp\/v2\/posts\/2367","targetHints":{"allow":["GET"]}}],"collection":[{"href":"https:\/\/www.apres-lecole.fr\/Blog\/wp-json\/wp\/v2\/posts"}],"about":[{"href":"https:\/\/www.apres-lecole.fr\/Blog\/wp-json\/wp\/v2\/types\/post"}],"author":[{"embeddable":true,"href":"https:\/\/www.apres-lecole.fr\/Blog\/wp-json\/wp\/v2\/users\/7"}],"replies":[{"embeddable":true,"href":"https:\/\/www.apres-lecole.fr\/Blog\/wp-json\/wp\/v2\/comments?post=2367"}],"version-history":[{"count":0,"href":"https:\/\/www.apres-lecole.fr\/Blog\/wp-json\/wp\/v2\/posts\/2367\/revisions"}],"wp:featuredmedia":[{"embeddable":true,"href":"https:\/\/www.apres-lecole.fr\/Blog\/wp-json\/wp\/v2\/media\/2366"}],"wp:attachment":[{"href":"https:\/\/www.apres-lecole.fr\/Blog\/wp-json\/wp\/v2\/media?parent=2367"}],"wp:term":[{"taxonomy":"category","embeddable":true,"href":"https:\/\/www.apres-lecole.fr\/Blog\/wp-json\/wp\/v2\/categories?post=2367"},{"taxonomy":"post_tag","embeddable":true,"href":"https:\/\/www.apres-lecole.fr\/Blog\/wp-json\/wp\/v2\/tags?post=2367"}],"curies":[{"name":"wp","href":"https:\/\/api.w.org\/{rel}","templated":true}]}}