{"id":2363,"date":"2025-09-24T05:01:19","date_gmt":"2025-09-24T05:01:19","guid":{"rendered":"https:\/\/www.apres-lecole.fr\/Blog\/bienfaits-mode-vie-allege\/"},"modified":"2025-09-24T05:01:19","modified_gmt":"2025-09-24T05:01:19","slug":"bienfaits-mode-vie-allege","status":"publish","type":"post","link":"https:\/\/www.apres-lecole.fr\/Blog\/bienfaits-mode-vie-allege\/","title":{"rendered":"Les bienfaits d&rsquo;un mode de vie all\u00e9g\u00e9 en P"},"content":{"rendered":"\n\n<div class=\"kk-star-ratings kksr-auto kksr-align-left kksr-valign-top\"\n    data-payload='{&quot;align&quot;:&quot;left&quot;,&quot;id&quot;:&quot;2363&quot;,&quot;slug&quot;:&quot;default&quot;,&quot;valign&quot;:&quot;top&quot;,&quot;ignore&quot;:&quot;&quot;,&quot;reference&quot;:&quot;auto&quot;,&quot;class&quot;:&quot;&quot;,&quot;count&quot;:&quot;0&quot;,&quot;legendonly&quot;:&quot;&quot;,&quot;readonly&quot;:&quot;&quot;,&quot;score&quot;:&quot;0&quot;,&quot;starsonly&quot;:&quot;&quot;,&quot;best&quot;:&quot;5&quot;,&quot;gap&quot;:&quot;5&quot;,&quot;greet&quot;:&quot;Rate this post&quot;,&quot;legend&quot;:&quot;0\\\/5 - (0 vote)&quot;,&quot;size&quot;:&quot;24&quot;,&quot;title&quot;:&quot;Les bienfaits d\\u0026#039;un mode de vie all\u00e9g\u00e9 en P&quot;,&quot;width&quot;:&quot;0&quot;,&quot;_legend&quot;:&quot;{score}\\\/{best} - ({count} {votes})&quot;,&quot;font_factor&quot;:&quot;1.25&quot;}'>\n            \n<div class=\"kksr-stars\">\n    \n<div class=\"kksr-stars-inactive\">\n            <div class=\"kksr-star\" data-star=\"1\" style=\"padding-right: 5px\">\n            \n\n<div class=\"kksr-icon\" style=\"width: 24px; height: 24px;\"><\/div>\n        <\/div>\n            <div class=\"kksr-star\" data-star=\"2\" style=\"padding-right: 5px\">\n            \n\n<div class=\"kksr-icon\" style=\"width: 24px; height: 24px;\"><\/div>\n        <\/div>\n            <div class=\"kksr-star\" data-star=\"3\" style=\"padding-right: 5px\">\n            \n\n<div class=\"kksr-icon\" style=\"width: 24px; height: 24px;\"><\/div>\n        <\/div>\n            <div class=\"kksr-star\" data-star=\"4\" style=\"padding-right: 5px\">\n            \n\n<div class=\"kksr-icon\" style=\"width: 24px; height: 24px;\"><\/div>\n        <\/div>\n            <div class=\"kksr-star\" data-star=\"5\" style=\"padding-right: 5px\">\n            \n\n<div class=\"kksr-icon\" style=\"width: 24px; height: 24px;\"><\/div>\n        <\/div>\n    <\/div>\n    \n<div class=\"kksr-stars-active\" style=\"width: 0px;\">\n            <div class=\"kksr-star\" style=\"padding-right: 5px\">\n            \n\n<div class=\"kksr-icon\" style=\"width: 24px; height: 24px;\"><\/div>\n        <\/div>\n            <div class=\"kksr-star\" style=\"padding-right: 5px\">\n            \n\n<div class=\"kksr-icon\" style=\"width: 24px; height: 24px;\"><\/div>\n        <\/div>\n            <div class=\"kksr-star\" style=\"padding-right: 5px\">\n            \n\n<div class=\"kksr-icon\" style=\"width: 24px; height: 24px;\"><\/div>\n        <\/div>\n            <div class=\"kksr-star\" style=\"padding-right: 5px\">\n            \n\n<div class=\"kksr-icon\" style=\"width: 24px; height: 24px;\"><\/div>\n        <\/div>\n            <div class=\"kksr-star\" style=\"padding-right: 5px\">\n            \n\n<div class=\"kksr-icon\" style=\"width: 24px; height: 24px;\"><\/div>\n        <\/div>\n    <\/div>\n<\/div>\n                \n\n<div class=\"kksr-legend\" style=\"font-size: 19.2px;\">\n            <span class=\"kksr-muted\">Rate this post<\/span>\n    <\/div>\n    <\/div>\n<p>Dans un monde o\u00f9 tout s&rsquo;acc\u00e9l\u00e8re, il est facile de se sentir d\u00e9bord\u00e9 par le d\u00e9sordre, tant mat\u00e9riel que mental. Le minimalisme, souvent per\u00e7u comme une simple tendance de mode, se r\u00e9v\u00e8le \u00eatre un v\u00e9ritable art de vivre. Un mode de vie all\u00e9g\u00e9 permet de retrouver cette <strong>puret\u00e9<\/strong> essentielle, d&rsquo;entrevoir la <strong>paix<\/strong> et la <strong>pl\u00e9nitude<\/strong> que l&rsquo;on recherche. En simplifiant notre quotidien, nous faisons de la place pour des plaisirs plus sains et authentiques. Alors, comment s\u2019y prendre pour d\u00e9couvrir les nombreux bienfaits d\u2019une vie sans superflu ? Pr\u00e9pare-toi, car ce voyage vers la simplicit\u00e9 s&rsquo;annonce plein de d\u00e9couvertes inattendues !<\/p>\n\n<h2 class=\"wp-block-heading\">Le minimalisme : votre bouff\u00e9e d&rsquo;air frais<\/h2>\n\n<p>Le minimalisme, ce n&rsquo;est pas simplement jeter des objets inutiles. Non, c&rsquo;est un v\u00e9ritable changement de perspective sur notre fa\u00e7on de vivre ! Moins de choses, cela veut dire moins de stress. Il est prouv\u00e9 que l&rsquo;accumulation mat\u00e9rielle peut conduire \u00e0 une surcharge mentale. Si tu te sens parfois \u00e9touff\u00e9 par le bazar ambiant, tu n&rsquo;es pas seul. Des \u00e9tudes montrent que 60% des Fran\u00e7ais ressentent un stress li\u00e9 \u00e0 leur environnement encombr\u00e9 ! \ud83c\udfe1<\/p>\n\n<p>En adoptant un style de vie minimaliste, on commence \u00e0 d\u00e9barrasser son espace des objets inessentiels. Que ce soit des v\u00eatements non port\u00e9s, des gadgets oubli\u00e9s ou m\u00eame des meubles encombrants, il est temps de faire un grand m\u00e9nage ! Voici quelques astuces pour t\u2019aider \u00e0 faire le tri :<\/p>\n\n<ul class=\"wp-block-list\"><li>\ud83e\uddf9 Commence par une pi\u00e8ce \u00e0 la fois<\/li><li>\ud83d\udce6 Cr\u00e9e trois cat\u00e9gories : garder, donner, jeter<\/li><li>\ud83d\uddd3\ufe0f Fixe-toi un d\u00e9lai pour chaque cat\u00e9gorie<\/li><li>\ud83e\udde1 Souviens-toi : chaque objet doit avoir une signification<\/li><li>\ud83d\udcc5 Reviens r\u00e9guli\u00e8rement sur tes affaires pour \u00e9viter l&rsquo;accumulation<\/li><\/ul>\n\n<p>Le r\u00e9sultat ? Un espace qui respire et qui apporte la <strong>posivit\u00e9<\/strong>. Avec moins de d\u00e9sordre autour de toi, tu seras surpris par le sentiment de <strong>pl\u00e9nitude<\/strong> qui s&rsquo;installera. Une vraie <strong>pr\u00e9sence<\/strong> \u00e0 l\u2019instant, loin des tracas mat\u00e9riels. Imagine-toi d\u00e9guster ton caf\u00e9 du matin dans un espace \u00e9pur\u00e9, voil\u00e0 le bonheur ! \u2615\u2728<\/p>\n\n<h3 class=\"wp-block-heading\">Une vie simplifi\u00e9e, un esprit lib\u00e9r\u00e9<\/h3>\n\n<p>Un autre avantage li\u00e9 au minimalisme est la mani\u00e8re dont il favorise la cr\u00e9ativit\u00e9. Lorsqu&rsquo;on enl\u00e8ve le superflu, cela ouvre la porte \u00e0 un environnement propice \u00e0 l&rsquo;inspiration. Moins de distractions signifiant plus de clart\u00e9 d&rsquo;esprit. Tu veux \u00e9crire, peindre, ou simplement r\u00eaver ? Un espace d\u00e9gag\u00e9 favorise cette <strong>pleine forme<\/strong> mentale. De nombreuses personnes constatent qu&rsquo;apr\u00e8s avoir d\u00e9sencombr\u00e9 leur environnement, leur cr\u00e9ativit\u00e9 s\u2019embrase ! \ud83c\udfa8\u2728<\/p>\n\n<p>Des \u00e9tudes montrent \u00e9galement que le minimalisme offre l&rsquo;opportunit\u00e9 de vivre plus consciemment. En te concentrant sur les \u00e9l\u00e9ments essentiels, tu es encourag\u00e9 \u00e0 faire des choix r\u00e9fl\u00e9chis concernant ta consommation. Ce d\u00e9sir de qualit\u00e9 plut\u00f4t que de quantit\u00e9 change ta mani\u00e8re d&rsquo;appr\u00e9hender les choses, cela te donne l\u2019occasion d\u2019apprendre \u00e0 \u00eatre vraiment reconnaissant. \u270c\ufe0f<\/p>\n\n<figure class=\"wp-block-table\"><table>\n<thead>\n<tr>\n<th>Avantages du Minimalisme<\/th>\n<th>Impact sur l&rsquo;Individu<\/th>\n<\/tr>\n<\/thead>\n<tbody>\n<tr>\n<td>Moins de stress<\/td>\n<td>Augmentation de la s\u00e9r\u00e9nit\u00e9<\/td>\n<\/tr>\n<tr>\n<td>Am\u00e9lioration de la cr\u00e9ativit\u00e9<\/td>\n<td>Meilleur acc\u00e8s \u00e0 l&rsquo;inspiration<\/td>\n<\/tr>\n<tr>\n<td>Conscience accrue<\/td>\n<td>Meilleurs choix de vie<\/td>\n<\/tr>\n<tr>\n<td>Renforcement des relations<\/td>\n<td>Liens plus significatifs<\/td>\n<\/tr>\n<\/tbody>\n<\/table><\/figure>\n\n<p>En all\u00e9geant ton mode de vie, tu r\u00e9alises que le bonheur ne se trouve pas dans l\u2019accumulation, mais dans les interactions authentiques et les moments pr\u00e9cieux. Moins d&rsquo;affaire signifie plus d&rsquo;espace pour les gens qui comptent r\u00e9ellement et les souvenirs qui enrichissent ta vie. \ud83d\udc96<\/p>\n\n<h2 class=\"wp-block-heading\">Vers une vie plus \u00e9cologique et responsable<\/h2>\n\n<p>Les bienfaits du minimalisme ne se limitent pas seulement \u00e0 notre bien-\u00eatre personnel, mais engendrent \u00e9galement un impact significatif sur notre plan\u00e8te. En consommant moins, tu r\u00e9duis les d\u00e9chets et op\u00e8res une transition vers un mode de vie plus respectueux de l\u2019environnement. Moins d&rsquo;achats impulsifs, c&rsquo;est aussi moins de ressources gaspill\u00e9es. \ud83c\udf0d\ud83c\udf31<\/p>\n\n<p>Pour te mettre sur la voie d\u2019un mode de vie all\u00e9g\u00e9 et \u00e9cologique, voici quelques suggestions :<\/p>\n\n<ul class=\"wp-block-list\"><li>\u267b\ufe0f Opte pour des objets durables et de qualit\u00e9<\/li><li>\ud83c\udf31 Privil\u00e9gie le local : soutiens les artisans de ta r\u00e9gion<\/li><li>\ud83d\udcda Informe-toi sur le recyclage et compostage<\/li><li>\ud83d\udc57 \u00c9change tes v\u00eatements via des groupes de troc<\/li><li>\ud83c\udf7d\ufe0f Cuisine et \u00e9vite les emballages inutiles<\/li><\/ul>\n\n<p>Ces choix, m\u00eame modestes, te permettent de faire ta part pour la Terre tout en vivant plus sereinement. Tu es ainsi en mesure de cr\u00e9er un cercle vertueux entre bien-\u00eatre personnel et respect de l&rsquo;environnement. Le minimalisme offre une approche active pour faire face \u00e0 la crise climatique, donnant chaque jour un sens \u00e0 nos gestes quotidiens. \ud83c\udf33\ud83d\udc9a<\/p>\n\n<h3 class=\"wp-block-heading\">Le plaisir de vivre avec moins<\/h3>\n\n<p>Avoir moins n&rsquo;implique pas un sentiment de privation. Au contraire, cela t\u2019invite \u00e0 red\u00e9couvrir la valeur de chaque objet et chaque exp\u00e9rience. En simplifiant ta vie, tu as l\u2019occasion d&rsquo;explorer de nouvelles passions sans la pr\u00e9occupation de l\u2019encombrement mat\u00e9riel. Parfois, un simple livre ou un moment au parc peut remplir ton c\u0153ur de joie. \ud83d\udcd6\ud83c\udf43<\/p>\n\n<figure class=\"wp-block-table\"><table>\n<thead>\n<tr>\n<th>\u00c9conomie de Temps<\/th>\n<th>Plaisir de Vivre<\/th>\n<\/tr>\n<\/thead>\n<tbody>\n<tr>\n<td>Moins de m\u00e9nage<\/td>\n<td>Plus de temps pour soi<\/td>\n<\/tr>\n<tr>\n<td>R\u00e9duire les courses<\/td>\n<td>Nouveaux hobbies enrichissants<\/td>\n<\/tr>\n<tr>\n<td>Minimiser les distractions<\/td>\n<td>Moments de qualit\u00e9 pr\u00e9serv\u00e9s<\/td>\n<\/tr>\n<tr>\n<td>Concentration sur l&rsquo;essentiel<\/td>\n<td>Exp\u00e9riences significatives<\/td>\n<\/tr>\n<\/tbody>\n<\/table><\/figure>\n\n<h2 class=\"wp-block-heading\">La pleine pr\u00e9sence et la qualit\u00e9 des relations<\/h2>\n\n<p>Le minimalisme n&rsquo;ajoute pas seulement de la clart\u00e9 \u00e0 ton espace de vie, il enrichit aussi tes relations. En te d\u00e9barrassant des connexions superficielles, tu peux accorder plus d&rsquo;attention \u00e0 ceux qui comptent v\u00e9ritablement. Cela favorise des \u00e9changes plus authentiques et significatifs. \ud83d\ude4c<\/p>\n\n<p>Voici quelques fa\u00e7ons d&rsquo;appliquer cette philosophie au monde social :<\/p>\n\n<ul class=\"wp-block-list\"><li>\u2665\ufe0f Passe du temps avec les personnes qui t&rsquo;insufflent de la motivation<\/li><li>\ud83d\udc6b Limite le temps pass\u00e9 sur les r\u00e9seaux sociaux<\/li><li>\ud83d\udcde Organise des retrouvailles authentiques et d\u00e9connect\u00e9es<\/li><li>\ud83d\udcac Partage tes passions et \u00e9coute les autres<\/li><li>\ud83c\udfd6\ufe0f Planifie des moments sans distraction avec tes proches<\/li><\/ul>\n\n<p>Adopter le minimalisme cr\u00e9e un espace pour les relations enrichissantes, te rapprochant de ceux qui te soutiennent et t&rsquo;inspirent. C&rsquo;est une mani\u00e8re de red\u00e9couvrir la beaut\u00e9 de la pr\u00e9sence et de c\u00e9l\u00e9brer chaque instant partag\u00e9. \ud83d\udd70\ufe0f\ud83d\udc9e<\/p>\n\n<h2 class=\"wp-block-heading\">FAQ<\/h2>\n\n<p><strong>Qu&rsquo;est-ce que le minimalisme ?<\/strong><br>\nLe minimalisme est un mode de vie qui consiste \u00e0 r\u00e9duire le superflu pour se concentrer sur l&rsquo;essentiel. Cela permet de r\u00e9duire le stress et d&rsquo;am\u00e9liorer le bien-\u00eatre mental.<\/p>\n\n<p><strong>Comment le minimalisme peut-il am\u00e9liorer ma sant\u00e9 mentale ?<\/strong><br>\nEn r\u00e9duisant le d\u00e9sordre autour de toi, tu cr\u00e9es un environnement plus propice \u00e0 la s\u00e9r\u00e9nit\u00e9, ce qui aide \u00e0 diminuer l&rsquo;anxi\u00e9t\u00e9 et \u00e0 favoriser la cr\u00e9ativit\u00e9.<\/p>\n\n<p><strong>Le minimalisme est-il respectueux de l&rsquo;environnement ?<\/strong><br>\nOui ! En consommant moins et mieux, tu r\u00e9duis les d\u00e9chets et l&rsquo;impact sur la plan\u00e8te, tout en adoptant des pratiques plus durables.<\/p>\n\n<p><strong>Comment d\u00e9marrer une vie minimaliste ?<\/strong><br>\nCommence par faire le tri dans tes possessions, en te posant la question de chaque objet : \u00ab Est-ce que cela m\u2019apporte de la joie ? \u00bb. Ensuite, applique cette logique \u00e0 ta consommation quotidienne.<\/p>\n\n<p><strong>Le minimalisme est-il synonyme de privation ?<\/strong><br>\nAbsolument pas ! Le minimalisme remet en question nos priorit\u00e9s et nous aide \u00e0 appr\u00e9cier les petites choses de la vie, nous rendant plus heureux de vivre simplement.<\/p>\n\n","protected":false},"excerpt":{"rendered":"<p>Dans un monde o\u00f9 tout s&rsquo;acc\u00e9l\u00e8re, il est facile de se sentir d\u00e9bord\u00e9 par le d\u00e9sordre, tant mat\u00e9riel que mental. Le minimalisme, souvent per\u00e7u comme une simple tendance de mode, se r\u00e9v\u00e8le \u00eatre un v\u00e9ritable art de vivre. Un mode de vie all\u00e9g\u00e9 permet de retrouver cette puret\u00e9 essentielle, d&rsquo;entrevoir la paix et la pl\u00e9nitude &#8230; <a title=\"Les bienfaits d&rsquo;un mode de vie all\u00e9g\u00e9 en P\" class=\"read-more\" href=\"https:\/\/www.apres-lecole.fr\/Blog\/bienfaits-mode-vie-allege\/\" aria-label=\"En savoir plus sur Les bienfaits d&rsquo;un mode de vie all\u00e9g\u00e9 en P\">Lire plus<\/a><\/p>\n","protected":false},"author":9,"featured_media":2362,"comment_status":"open","ping_status":"open","sticky":false,"template":"","format":"standard","meta":{"footnotes":""},"categories":[342],"tags":[1609,1608,1607,1610,1437],"class_list":["post-2363","post","type-post","status-publish","format-standard","has-post-thumbnail","hentry","category-actualites","tag-allege-en-p","tag-bienfaits","tag-mode-de-vie","tag-nutrition","tag-sante"],"yoast_head":"<!-- This site is optimized with the Yoast SEO plugin v27.5 - https:\/\/yoast.com\/product\/yoast-seo-wordpress\/ -->\n<title>Vivre en Mode P : Les Atouts d\u2019une Vie All\u00e9g\u00e9e en Prot\u00e9ines<\/title>\n<meta name=\"description\" content=\"D\u00e9couvrez les bienfaits d&#039;un mode de vie all\u00e9g\u00e9 en P : mieux-\u00eatre, vitalit\u00e9 et \u00e9quilibre au quotidien pour une sant\u00e9 optimale !\" \/>\n<meta name=\"robots\" content=\"index, follow, max-snippet:-1, max-image-preview:large, max-video-preview:-1\" \/>\n<link rel=\"canonical\" href=\"https:\/\/www.apres-lecole.fr\/Blog\/bienfaits-mode-vie-allege\/\" \/>\n<meta property=\"og:locale\" content=\"fr_FR\" \/>\n<meta property=\"og:type\" content=\"article\" \/>\n<meta property=\"og:title\" content=\"Vivre en Mode P : Les Atouts d\u2019une Vie All\u00e9g\u00e9e en Prot\u00e9ines\" \/>\n<meta property=\"og:description\" content=\"D\u00e9couvrez les bienfaits d&#039;un mode de vie all\u00e9g\u00e9 en P : mieux-\u00eatre, vitalit\u00e9 et \u00e9quilibre au quotidien pour une sant\u00e9 optimale !\" \/>\n<meta property=\"og:url\" content=\"https:\/\/www.apres-lecole.fr\/Blog\/bienfaits-mode-vie-allege\/\" \/>\n<meta property=\"article:published_time\" content=\"2025-09-24T05:01:19+00:00\" \/>\n<meta property=\"og:image\" content=\"https:\/\/www.apres-lecole.fr\/Blog\/wp-content\/uploads\/2025\/09\/Les-bienfaits-dun-mode-de-vie-allege-en-P.jpg\" \/>\n\t<meta property=\"og:image:width\" content=\"1344\" \/>\n\t<meta property=\"og:image:height\" content=\"768\" \/>\n\t<meta property=\"og:image:type\" content=\"image\/jpeg\" \/>\n<meta name=\"author\" content=\"Eva Martin\" \/>\n<meta name=\"twitter:card\" content=\"summary_large_image\" \/>\n<meta name=\"twitter:creator\" content=\"@Evaapresecole\" \/>\n<meta name=\"twitter:label1\" content=\"\u00c9crit par\" \/>\n\t<meta name=\"twitter:data1\" content=\"Eva Martin\" \/>\n\t<meta name=\"twitter:label2\" content=\"Dur\u00e9e de lecture estim\u00e9e\" \/>\n\t<meta name=\"twitter:data2\" content=\"6 minutes\" \/>\n<script type=\"application\/ld+json\" class=\"yoast-schema-graph\">{\"@context\":\"https:\\\/\\\/schema.org\",\"@graph\":[{\"@type\":\"Article\",\"@id\":\"https:\\\/\\\/www.apres-lecole.fr\\\/Blog\\\/bienfaits-mode-vie-allege\\\/#article\",\"isPartOf\":{\"@id\":\"https:\\\/\\\/www.apres-lecole.fr\\\/Blog\\\/bienfaits-mode-vie-allege\\\/\"},\"author\":{\"name\":\"Eva Martin\",\"@id\":\"https:\\\/\\\/www.apres-lecole.fr\\\/Blog\\\/#\\\/schema\\\/person\\\/aeb50cd4b51fc69da155804bb5bb9fc4\"},\"headline\":\"Les bienfaits d&rsquo;un mode de vie all\u00e9g\u00e9 en P\",\"datePublished\":\"2025-09-24T05:01:19+00:00\",\"mainEntityOfPage\":{\"@id\":\"https:\\\/\\\/www.apres-lecole.fr\\\/Blog\\\/bienfaits-mode-vie-allege\\\/\"},\"wordCount\":1227,\"commentCount\":0,\"image\":{\"@id\":\"https:\\\/\\\/www.apres-lecole.fr\\\/Blog\\\/bienfaits-mode-vie-allege\\\/#primaryimage\"},\"thumbnailUrl\":\"https:\\\/\\\/www.apres-lecole.fr\\\/Blog\\\/wp-content\\\/uploads\\\/2025\\\/09\\\/Les-bienfaits-dun-mode-de-vie-allege-en-P.jpg\",\"keywords\":[\"all\u00e9g\u00e9 en p\",\"bienfaits\",\"mode de vie\",\"nutrition\",\"sant\u00e9\"],\"articleSection\":[\"Actualit\u00e9s\"],\"inLanguage\":\"fr-FR\",\"potentialAction\":[{\"@type\":\"CommentAction\",\"name\":\"Comment\",\"target\":[\"https:\\\/\\\/www.apres-lecole.fr\\\/Blog\\\/bienfaits-mode-vie-allege\\\/#respond\"]}]},{\"@type\":\"WebPage\",\"@id\":\"https:\\\/\\\/www.apres-lecole.fr\\\/Blog\\\/bienfaits-mode-vie-allege\\\/\",\"url\":\"https:\\\/\\\/www.apres-lecole.fr\\\/Blog\\\/bienfaits-mode-vie-allege\\\/\",\"name\":\"Vivre en Mode P : Les Atouts d\u2019une Vie All\u00e9g\u00e9e en Prot\u00e9ines\",\"isPartOf\":{\"@id\":\"https:\\\/\\\/www.apres-lecole.fr\\\/Blog\\\/#website\"},\"primaryImageOfPage\":{\"@id\":\"https:\\\/\\\/www.apres-lecole.fr\\\/Blog\\\/bienfaits-mode-vie-allege\\\/#primaryimage\"},\"image\":{\"@id\":\"https:\\\/\\\/www.apres-lecole.fr\\\/Blog\\\/bienfaits-mode-vie-allege\\\/#primaryimage\"},\"thumbnailUrl\":\"https:\\\/\\\/www.apres-lecole.fr\\\/Blog\\\/wp-content\\\/uploads\\\/2025\\\/09\\\/Les-bienfaits-dun-mode-de-vie-allege-en-P.jpg\",\"datePublished\":\"2025-09-24T05:01:19+00:00\",\"author\":{\"@id\":\"https:\\\/\\\/www.apres-lecole.fr\\\/Blog\\\/#\\\/schema\\\/person\\\/aeb50cd4b51fc69da155804bb5bb9fc4\"},\"description\":\"D\u00e9couvrez les bienfaits d'un mode de vie all\u00e9g\u00e9 en P : mieux-\u00eatre, vitalit\u00e9 et \u00e9quilibre au quotidien pour une sant\u00e9 optimale !\",\"breadcrumb\":{\"@id\":\"https:\\\/\\\/www.apres-lecole.fr\\\/Blog\\\/bienfaits-mode-vie-allege\\\/#breadcrumb\"},\"inLanguage\":\"fr-FR\",\"potentialAction\":[{\"@type\":\"ReadAction\",\"target\":[\"https:\\\/\\\/www.apres-lecole.fr\\\/Blog\\\/bienfaits-mode-vie-allege\\\/\"]}]},{\"@type\":\"ImageObject\",\"inLanguage\":\"fr-FR\",\"@id\":\"https:\\\/\\\/www.apres-lecole.fr\\\/Blog\\\/bienfaits-mode-vie-allege\\\/#primaryimage\",\"url\":\"https:\\\/\\\/www.apres-lecole.fr\\\/Blog\\\/wp-content\\\/uploads\\\/2025\\\/09\\\/Les-bienfaits-dun-mode-de-vie-allege-en-P.jpg\",\"contentUrl\":\"https:\\\/\\\/www.apres-lecole.fr\\\/Blog\\\/wp-content\\\/uploads\\\/2025\\\/09\\\/Les-bienfaits-dun-mode-de-vie-allege-en-P.jpg\",\"width\":1344,\"height\":768,\"caption\":\"d\u00e9couvrez comment adopter un mode de vie all\u00e9g\u00e9 en p peut am\u00e9liorer votre bien-\u00eatre physique et mental. conseils, astuces et avantages pour une vie plus saine et \u00e9quilibr\u00e9e.\"},{\"@type\":\"BreadcrumbList\",\"@id\":\"https:\\\/\\\/www.apres-lecole.fr\\\/Blog\\\/bienfaits-mode-vie-allege\\\/#breadcrumb\",\"itemListElement\":[{\"@type\":\"ListItem\",\"position\":1,\"name\":\"Home\",\"item\":\"https:\\\/\\\/www.apres-lecole.fr\\\/Blog\\\/\"},{\"@type\":\"ListItem\",\"position\":2,\"name\":\"Les bienfaits d&rsquo;un mode de vie all\u00e9g\u00e9 en P\"}]},{\"@type\":\"WebSite\",\"@id\":\"https:\\\/\\\/www.apres-lecole.fr\\\/Blog\\\/#website\",\"url\":\"https:\\\/\\\/www.apres-lecole.fr\\\/Blog\\\/\",\"name\":\"\",\"description\":\"M\u00e9dia g\u00e9n\u00e9raliste\",\"potentialAction\":[{\"@type\":\"SearchAction\",\"target\":{\"@type\":\"EntryPoint\",\"urlTemplate\":\"https:\\\/\\\/www.apres-lecole.fr\\\/Blog\\\/?s={search_term_string}\"},\"query-input\":{\"@type\":\"PropertyValueSpecification\",\"valueRequired\":true,\"valueName\":\"search_term_string\"}}],\"inLanguage\":\"fr-FR\"},{\"@type\":\"Person\",\"@id\":\"https:\\\/\\\/www.apres-lecole.fr\\\/Blog\\\/#\\\/schema\\\/person\\\/aeb50cd4b51fc69da155804bb5bb9fc4\",\"name\":\"Eva Martin\",\"image\":{\"@type\":\"ImageObject\",\"inLanguage\":\"fr-FR\",\"@id\":\"https:\\\/\\\/secure.gravatar.com\\\/avatar\\\/55c53222558b27a72015a64073a80edce4abd33369394b9bf2c5cd6c19d12682?s=96&d=mm&r=g\",\"url\":\"https:\\\/\\\/secure.gravatar.com\\\/avatar\\\/55c53222558b27a72015a64073a80edce4abd33369394b9bf2c5cd6c19d12682?s=96&d=mm&r=g\",\"contentUrl\":\"https:\\\/\\\/secure.gravatar.com\\\/avatar\\\/55c53222558b27a72015a64073a80edce4abd33369394b9bf2c5cd6c19d12682?s=96&d=mm&r=g\",\"caption\":\"Eva Martin\"},\"description\":\"Je parle de business et d'entrepreneuriat avec des conseils clairs, concrets et actionnables pour r\u00e9ussir\",\"sameAs\":[\"https:\\\/\\\/x.com\\\/Evaapresecole\"],\"url\":\"https:\\\/\\\/www.apres-lecole.fr\\\/Blog\\\/author\\\/evamartin\\\/\"}]}<\/script>\n<!-- \/ Yoast SEO plugin. -->","yoast_head_json":{"title":"Vivre en Mode P : Les Atouts d\u2019une Vie All\u00e9g\u00e9e en Prot\u00e9ines","description":"D\u00e9couvrez les bienfaits d'un mode de vie all\u00e9g\u00e9 en P : mieux-\u00eatre, vitalit\u00e9 et \u00e9quilibre au quotidien pour une sant\u00e9 optimale !","robots":{"index":"index","follow":"follow","max-snippet":"max-snippet:-1","max-image-preview":"max-image-preview:large","max-video-preview":"max-video-preview:-1"},"canonical":"https:\/\/www.apres-lecole.fr\/Blog\/bienfaits-mode-vie-allege\/","og_locale":"fr_FR","og_type":"article","og_title":"Vivre en Mode P : Les Atouts d\u2019une Vie All\u00e9g\u00e9e en Prot\u00e9ines","og_description":"D\u00e9couvrez les bienfaits d'un mode de vie all\u00e9g\u00e9 en P : mieux-\u00eatre, vitalit\u00e9 et \u00e9quilibre au quotidien pour une sant\u00e9 optimale !","og_url":"https:\/\/www.apres-lecole.fr\/Blog\/bienfaits-mode-vie-allege\/","article_published_time":"2025-09-24T05:01:19+00:00","og_image":[{"width":1344,"height":768,"url":"https:\/\/www.apres-lecole.fr\/Blog\/wp-content\/uploads\/2025\/09\/Les-bienfaits-dun-mode-de-vie-allege-en-P.jpg","type":"image\/jpeg"}],"author":"Eva Martin","twitter_card":"summary_large_image","twitter_creator":"@Evaapresecole","twitter_misc":{"\u00c9crit par":"Eva Martin","Dur\u00e9e de lecture estim\u00e9e":"6 minutes"},"schema":{"@context":"https:\/\/schema.org","@graph":[{"@type":"Article","@id":"https:\/\/www.apres-lecole.fr\/Blog\/bienfaits-mode-vie-allege\/#article","isPartOf":{"@id":"https:\/\/www.apres-lecole.fr\/Blog\/bienfaits-mode-vie-allege\/"},"author":{"name":"Eva Martin","@id":"https:\/\/www.apres-lecole.fr\/Blog\/#\/schema\/person\/aeb50cd4b51fc69da155804bb5bb9fc4"},"headline":"Les bienfaits d&rsquo;un mode de vie all\u00e9g\u00e9 en P","datePublished":"2025-09-24T05:01:19+00:00","mainEntityOfPage":{"@id":"https:\/\/www.apres-lecole.fr\/Blog\/bienfaits-mode-vie-allege\/"},"wordCount":1227,"commentCount":0,"image":{"@id":"https:\/\/www.apres-lecole.fr\/Blog\/bienfaits-mode-vie-allege\/#primaryimage"},"thumbnailUrl":"https:\/\/www.apres-lecole.fr\/Blog\/wp-content\/uploads\/2025\/09\/Les-bienfaits-dun-mode-de-vie-allege-en-P.jpg","keywords":["all\u00e9g\u00e9 en p","bienfaits","mode de vie","nutrition","sant\u00e9"],"articleSection":["Actualit\u00e9s"],"inLanguage":"fr-FR","potentialAction":[{"@type":"CommentAction","name":"Comment","target":["https:\/\/www.apres-lecole.fr\/Blog\/bienfaits-mode-vie-allege\/#respond"]}]},{"@type":"WebPage","@id":"https:\/\/www.apres-lecole.fr\/Blog\/bienfaits-mode-vie-allege\/","url":"https:\/\/www.apres-lecole.fr\/Blog\/bienfaits-mode-vie-allege\/","name":"Vivre en Mode P : Les Atouts d\u2019une Vie All\u00e9g\u00e9e en Prot\u00e9ines","isPartOf":{"@id":"https:\/\/www.apres-lecole.fr\/Blog\/#website"},"primaryImageOfPage":{"@id":"https:\/\/www.apres-lecole.fr\/Blog\/bienfaits-mode-vie-allege\/#primaryimage"},"image":{"@id":"https:\/\/www.apres-lecole.fr\/Blog\/bienfaits-mode-vie-allege\/#primaryimage"},"thumbnailUrl":"https:\/\/www.apres-lecole.fr\/Blog\/wp-content\/uploads\/2025\/09\/Les-bienfaits-dun-mode-de-vie-allege-en-P.jpg","datePublished":"2025-09-24T05:01:19+00:00","author":{"@id":"https:\/\/www.apres-lecole.fr\/Blog\/#\/schema\/person\/aeb50cd4b51fc69da155804bb5bb9fc4"},"description":"D\u00e9couvrez les bienfaits d'un mode de vie all\u00e9g\u00e9 en P : mieux-\u00eatre, vitalit\u00e9 et \u00e9quilibre au quotidien pour une sant\u00e9 optimale !","breadcrumb":{"@id":"https:\/\/www.apres-lecole.fr\/Blog\/bienfaits-mode-vie-allege\/#breadcrumb"},"inLanguage":"fr-FR","potentialAction":[{"@type":"ReadAction","target":["https:\/\/www.apres-lecole.fr\/Blog\/bienfaits-mode-vie-allege\/"]}]},{"@type":"ImageObject","inLanguage":"fr-FR","@id":"https:\/\/www.apres-lecole.fr\/Blog\/bienfaits-mode-vie-allege\/#primaryimage","url":"https:\/\/www.apres-lecole.fr\/Blog\/wp-content\/uploads\/2025\/09\/Les-bienfaits-dun-mode-de-vie-allege-en-P.jpg","contentUrl":"https:\/\/www.apres-lecole.fr\/Blog\/wp-content\/uploads\/2025\/09\/Les-bienfaits-dun-mode-de-vie-allege-en-P.jpg","width":1344,"height":768,"caption":"d\u00e9couvrez comment adopter un mode de vie all\u00e9g\u00e9 en p peut am\u00e9liorer votre bien-\u00eatre physique et mental. conseils, astuces et avantages pour une vie plus saine et \u00e9quilibr\u00e9e."},{"@type":"BreadcrumbList","@id":"https:\/\/www.apres-lecole.fr\/Blog\/bienfaits-mode-vie-allege\/#breadcrumb","itemListElement":[{"@type":"ListItem","position":1,"name":"Home","item":"https:\/\/www.apres-lecole.fr\/Blog\/"},{"@type":"ListItem","position":2,"name":"Les bienfaits d&rsquo;un mode de vie all\u00e9g\u00e9 en P"}]},{"@type":"WebSite","@id":"https:\/\/www.apres-lecole.fr\/Blog\/#website","url":"https:\/\/www.apres-lecole.fr\/Blog\/","name":"","description":"M\u00e9dia g\u00e9n\u00e9raliste","potentialAction":[{"@type":"SearchAction","target":{"@type":"EntryPoint","urlTemplate":"https:\/\/www.apres-lecole.fr\/Blog\/?s={search_term_string}"},"query-input":{"@type":"PropertyValueSpecification","valueRequired":true,"valueName":"search_term_string"}}],"inLanguage":"fr-FR"},{"@type":"Person","@id":"https:\/\/www.apres-lecole.fr\/Blog\/#\/schema\/person\/aeb50cd4b51fc69da155804bb5bb9fc4","name":"Eva Martin","image":{"@type":"ImageObject","inLanguage":"fr-FR","@id":"https:\/\/secure.gravatar.com\/avatar\/55c53222558b27a72015a64073a80edce4abd33369394b9bf2c5cd6c19d12682?s=96&d=mm&r=g","url":"https:\/\/secure.gravatar.com\/avatar\/55c53222558b27a72015a64073a80edce4abd33369394b9bf2c5cd6c19d12682?s=96&d=mm&r=g","contentUrl":"https:\/\/secure.gravatar.com\/avatar\/55c53222558b27a72015a64073a80edce4abd33369394b9bf2c5cd6c19d12682?s=96&d=mm&r=g","caption":"Eva Martin"},"description":"Je parle de business et d'entrepreneuriat avec des conseils clairs, concrets et actionnables pour r\u00e9ussir","sameAs":["https:\/\/x.com\/Evaapresecole"],"url":"https:\/\/www.apres-lecole.fr\/Blog\/author\/evamartin\/"}]}},"views":368,"_links":{"self":[{"href":"https:\/\/www.apres-lecole.fr\/Blog\/wp-json\/wp\/v2\/posts\/2363","targetHints":{"allow":["GET"]}}],"collection":[{"href":"https:\/\/www.apres-lecole.fr\/Blog\/wp-json\/wp\/v2\/posts"}],"about":[{"href":"https:\/\/www.apres-lecole.fr\/Blog\/wp-json\/wp\/v2\/types\/post"}],"author":[{"embeddable":true,"href":"https:\/\/www.apres-lecole.fr\/Blog\/wp-json\/wp\/v2\/users\/9"}],"replies":[{"embeddable":true,"href":"https:\/\/www.apres-lecole.fr\/Blog\/wp-json\/wp\/v2\/comments?post=2363"}],"version-history":[{"count":0,"href":"https:\/\/www.apres-lecole.fr\/Blog\/wp-json\/wp\/v2\/posts\/2363\/revisions"}],"wp:featuredmedia":[{"embeddable":true,"href":"https:\/\/www.apres-lecole.fr\/Blog\/wp-json\/wp\/v2\/media\/2362"}],"wp:attachment":[{"href":"https:\/\/www.apres-lecole.fr\/Blog\/wp-json\/wp\/v2\/media?parent=2363"}],"wp:term":[{"taxonomy":"category","embeddable":true,"href":"https:\/\/www.apres-lecole.fr\/Blog\/wp-json\/wp\/v2\/categories?post=2363"},{"taxonomy":"post_tag","embeddable":true,"href":"https:\/\/www.apres-lecole.fr\/Blog\/wp-json\/wp\/v2\/tags?post=2363"}],"curies":[{"name":"wp","href":"https:\/\/api.w.org\/{rel}","templated":true}]}}