{"id":2358,"date":"2025-09-23T06:32:49","date_gmt":"2025-09-23T06:32:49","guid":{"rendered":"https:\/\/www.apres-lecole.fr\/Blog\/ecole-architecture-nancy-2025\/"},"modified":"2025-09-23T06:32:49","modified_gmt":"2025-09-23T06:32:49","slug":"ecole-architecture-nancy-2025","status":"publish","type":"post","link":"https:\/\/www.apres-lecole.fr\/Blog\/ecole-architecture-nancy-2025\/","title":{"rendered":"D\u00e9couverte de l&rsquo;\u00e9cole d&rsquo;architecture de Nancy : un parcours unique en 2025"},"content":{"rendered":"\n\n<div class=\"kk-star-ratings kksr-auto kksr-align-left kksr-valign-top\"\n    data-payload='{&quot;align&quot;:&quot;left&quot;,&quot;id&quot;:&quot;2358&quot;,&quot;slug&quot;:&quot;default&quot;,&quot;valign&quot;:&quot;top&quot;,&quot;ignore&quot;:&quot;&quot;,&quot;reference&quot;:&quot;auto&quot;,&quot;class&quot;:&quot;&quot;,&quot;count&quot;:&quot;0&quot;,&quot;legendonly&quot;:&quot;&quot;,&quot;readonly&quot;:&quot;&quot;,&quot;score&quot;:&quot;0&quot;,&quot;starsonly&quot;:&quot;&quot;,&quot;best&quot;:&quot;5&quot;,&quot;gap&quot;:&quot;5&quot;,&quot;greet&quot;:&quot;Rate this post&quot;,&quot;legend&quot;:&quot;0\\\/5 - (0 vote)&quot;,&quot;size&quot;:&quot;24&quot;,&quot;title&quot;:&quot;D\u00e9couverte de l\\u0026#039;\u00e9cole d\\u0026#039;architecture de Nancy : un parcours unique en 2025&quot;,&quot;width&quot;:&quot;0&quot;,&quot;_legend&quot;:&quot;{score}\\\/{best} - ({count} {votes})&quot;,&quot;font_factor&quot;:&quot;1.25&quot;}'>\n            \n<div class=\"kksr-stars\">\n    \n<div class=\"kksr-stars-inactive\">\n            <div class=\"kksr-star\" data-star=\"1\" style=\"padding-right: 5px\">\n            \n\n<div class=\"kksr-icon\" style=\"width: 24px; height: 24px;\"><\/div>\n        <\/div>\n            <div class=\"kksr-star\" data-star=\"2\" style=\"padding-right: 5px\">\n            \n\n<div class=\"kksr-icon\" style=\"width: 24px; height: 24px;\"><\/div>\n        <\/div>\n            <div class=\"kksr-star\" data-star=\"3\" style=\"padding-right: 5px\">\n            \n\n<div class=\"kksr-icon\" style=\"width: 24px; height: 24px;\"><\/div>\n        <\/div>\n            <div class=\"kksr-star\" data-star=\"4\" style=\"padding-right: 5px\">\n            \n\n<div class=\"kksr-icon\" style=\"width: 24px; height: 24px;\"><\/div>\n        <\/div>\n            <div class=\"kksr-star\" data-star=\"5\" style=\"padding-right: 5px\">\n            \n\n<div class=\"kksr-icon\" style=\"width: 24px; height: 24px;\"><\/div>\n        <\/div>\n    <\/div>\n    \n<div class=\"kksr-stars-active\" style=\"width: 0px;\">\n            <div class=\"kksr-star\" style=\"padding-right: 5px\">\n            \n\n<div class=\"kksr-icon\" style=\"width: 24px; height: 24px;\"><\/div>\n        <\/div>\n            <div class=\"kksr-star\" style=\"padding-right: 5px\">\n            \n\n<div class=\"kksr-icon\" style=\"width: 24px; height: 24px;\"><\/div>\n        <\/div>\n            <div class=\"kksr-star\" style=\"padding-right: 5px\">\n            \n\n<div class=\"kksr-icon\" style=\"width: 24px; height: 24px;\"><\/div>\n        <\/div>\n            <div class=\"kksr-star\" style=\"padding-right: 5px\">\n            \n\n<div class=\"kksr-icon\" style=\"width: 24px; height: 24px;\"><\/div>\n        <\/div>\n            <div class=\"kksr-star\" style=\"padding-right: 5px\">\n            \n\n<div class=\"kksr-icon\" style=\"width: 24px; height: 24px;\"><\/div>\n        <\/div>\n    <\/div>\n<\/div>\n                \n\n<div class=\"kksr-legend\" style=\"font-size: 19.2px;\">\n            <span class=\"kksr-muted\">Rate this post<\/span>\n    <\/div>\n    <\/div>\n<p>La ville de Nancy, riche de son <strong>patrimoine architectural<\/strong>, se voit aujourd&rsquo;hui incontournable gr\u00e2ce \u00e0 son \u00e9cole d&rsquo;architecture, v\u00e9ritable p\u00e9pini\u00e8re de talents. Connue pour son approche innovante et son int\u00e9gration dans le paysage urbain, cette \u00e9cole offre un parcours unique aux \u00e9tudiants qui aspirent \u00e0 b\u00e2tir le futur. En 2025, l&rsquo;\u00e9cole d&rsquo;architecture de Nancy se distingue par des initiatives qui vont bien au-del\u00e0 des murs de la classe. Entre tradition et modernit\u00e9, l&rsquo;\u00e9tablissement tisse des liens forts avec le territoire tout en formant des architectes conscients des enjeux contemporains. Dans un contexte o\u00f9 le respect de l&rsquo;environnement se conjugue avec la cr\u00e9ativit\u00e9, les \u00e9l\u00e8ves sont encourag\u00e9s \u00e0 explorer des volets vari\u00e9s de l&rsquo;architecture, allant de l&rsquo;urbanisme durable \u00e0 la mise en valeur du <strong>patrimoine Nancy<\/strong>. Ce parcours \u00e9veillera des passions et des curiosit\u00e9s, rendant ainsi hommage \u00e0 la r\u00e9gion \u00e0 travers des projets innovants.<\/p>\n\n<h2 class=\"wp-block-heading\">Les fondements de l&rsquo;\u00e9cole d&rsquo;architecture de Nancy<\/h2>\n\n<p>Quel est donc le secret de cette \u00e9cole qui fait vibrer les c\u0153urs d&rsquo;architectes en herbe? Le tout repose sur des bases solides et des valeurs partag\u00e9es. L&rsquo;\u00e9cole d&rsquo;architecture de Nancy est ancr\u00e9e dans un h\u00e9ritage culturel fort, fond\u00e9 sur l&rsquo;histoire de la Lorraine. Son approche p\u00e9dagogique est multi-dimensionnelle. Les \u00e9tudiants sont pr\u00e9par\u00e9s \u00e0 affronter les d\u00e9fis architecturaux de demain. En effet, voici quelques points qui font la force de son enseignement :<\/p>\n\n<ul class=\"wp-block-list\"><li>\ud83c\udf0d <strong>Une p\u00e9dagogie active<\/strong> : Les \u00e9tudiants sont r\u00e9guli\u00e8rement sollicit\u00e9s pour participer \u00e0 des projets r\u00e9els, collaborant avec des professionnels du secteur.<\/li><li>\ud83c\udfdb\ufe0f <strong>Un lien avec le patrimoine<\/strong> : Les cours incluent des modules sur l&rsquo;histoire de l&rsquo;architecture lorraine, permettant une immersion totale dans le <strong>patrimoine Nancy<\/strong>.<\/li><li>\ud83c\udf31 <strong>D\u00e9veloppement durable<\/strong> : Une forte inclusion de la durabilit\u00e9 dans tous les projets est encourag\u00e9e, pr\u00e9parant l&rsquo;\u00e9tudiant \u00e0 un avenir respectueux de l\u2019environnement.<\/li><li>\ud83e\udd1d <strong>Collaboration interdisciplinaire<\/strong> : L&rsquo;\u00e9cole travaille en \u00e9troite collaboration avec d&rsquo;autres disciplines, comme le design et l\u2019urbanisme, pour proposer des r\u00e9ponses globales aux enjeux contemporains.<\/li><\/ul>\n\n<p>En outre, le programme d&rsquo;\u00e9tudes inclut des visites de chantiers, permettant aux \u00e9tudiants de voir en temps r\u00e9el comment les th\u00e9ories s&rsquo;appliquent dans la pratique. Dans ce cadre, les \u00e9l\u00e8ves font partie int\u00e9grante du concept <strong>Vision B\u00e2tie<\/strong>, une initiative qui r\u00e9unit \u00e9tudiants, architectes et professionnels pour r\u00e9fl\u00e9chir ensemble \u00e0 des solutions architecturales innovantes.<\/p>\n\n<h3 class=\"wp-block-heading\">L&rsquo;importance de l&rsquo;innovation \u00e0 Nancy<\/h3>\n\n<p>Le dynamisme de l&rsquo;\u00e9cole repose \u00e9galement sur un point crucial : l\u2019innovation. Dans un monde en constante \u00e9volution, o\u00f9 les besoins sociaux et environnementaux changent rapidement, l\u2019\u00e9cole d\u2019architecture de Nancy se veut pionni\u00e8re dans l\u2019int\u00e9gration des nouvelles technologies. L&rsquo;initiative <strong>Innov&rsquo;Architecture<\/strong> prend tout son sens ici. C\u2019est un programme qui ouvre les portes \u00e0 l&rsquo;utilisation des logiciels de pointe pour la mod\u00e9lisation 3D et la r\u00e9alit\u00e9 augment\u00e9e, pr\u00e9parant ainsi les \u00e9tudiants \u00e0 devenir des acteurs majeurs de transformation architecturale.<\/p>\n\n<p>Les enseignements vont bien au-del\u00e0 des conceptions classiques. L\u2019atelier <strong>Nancy 2025<\/strong> permet aux \u00e9tudiants de participer \u00e0 des brainstormings avec des professionnels pour imaginer l\u2019architecture de la ville de demain. Ce travail en atelier est \u00e9galement une mani\u00e8re de les sensibiliser \u00e0 des th\u00e9matiques comme les <strong>r\u00e9v\u00e9lations architecturales<\/strong> et les nouvelles formes d\u2019habitats urbains.<\/p>\n\n<p>Pour incarner cette valeur d&rsquo;innovation, les projets r\u00e9alis\u00e9s par les \u00e9l\u00e8ves sont r\u00e9guli\u00e8rement expos\u00e9s dans des galeries et m\u00e8nent \u00e0 des comp\u00e9titions nationales, o\u00f9 les cr\u00e9ations innovantes sont mises en avant. Leurs \u0153uvres souvent fond\u00e9es sur des concepts tels que l\u2019<strong>atelier Nancy 2025<\/strong> d\u00e9montrent que l\u2019imagination, l\u2019audace et l&rsquo;engagement en faveur d&rsquo;un avenir durable sont au c\u0153ur de leur formation.<\/p>\n\n<h2 class=\"wp-block-heading\">Le parcours cr\u00e9atif \u00e0 l&rsquo;\u00e9cole d&rsquo;architecture<\/h2>\n\n<p>Au c\u0153ur de l\u2019\u00e9cole, un <strong>parcours cr\u00e9atif<\/strong> est propos\u00e9, permettant aux \u00e9tudiants d\u2019explorer leur propre vision personnelle de l\u2019architecture. Ce parcours invite \u00e0 d\u00e9velopper une sensibilit\u00e9 esth\u00e9tique, tout en int\u00e9grant des consid\u00e9rations fonctionnelles et techniques. La diversit\u00e9 des projets \u00e0 r\u00e9aliser est une richesse pour les \u00e9l\u00e8ves, car elle les am\u00e8ne \u00e0 se questionner sur leur propre r\u00f4le en tant qu\u2019architectes.<\/p>\n\n<p>Ce parcours se d\u00e9cline en plusieurs \u00e9tapes qui valorisent la singularit\u00e9 de chaque \u00e9tudiant :<\/p>\n\n<ol class=\"wp-block-list\"><li>\ud83c\udfa8 <strong>Ateliers pratiques<\/strong> : Des sessions r\u00e9guli\u00e8res de cr\u00e9ation, o\u00f9 les \u00e9l\u00e8ves travaillent manuellement des maquettes en bois ou en carton, pour affiner leur sens de l&rsquo;esth\u00e9tique et de l&rsquo;espace.<\/li><li>\ud83d\udcd1 <strong>Projets d&rsquo;\u00e9quipe<\/strong> : La mise en commun des comp\u00e9tences et des id\u00e9es, favorisant le travail collaboratif et la mise en r\u00e9seau entre futurs professionnels.<\/li><li>\ud83c\udf07 <strong>Projets communautaires<\/strong> : Implication dans des projets visant \u00e0 r\u00e9nover ou valoriser des quartiers d\u00e9favoris\u00e9s de Nancy, permettant d&rsquo;appliquer le savoir \u00e0 des r\u00e9alit\u00e9s concr\u00e8tes.<\/li><li>\ud83c\udfc6 <strong>Comp\u00e9titions et prix<\/strong> : Participation \u00e0 des concours, permettant \u00e0 chaque \u00e9tudiant de se confronter \u00e0 l&rsquo;\u00e9valuation de ses pairs tout en se challengeant sur des probl\u00e9matiques contemporaines.<\/li><\/ol>\n\n<p>Les projets r\u00e9alis\u00e9s par ces \u00e9tudiants sont souvent expos\u00e9s lors d\u2019\u00e9v\u00e9nements comme le <strong>Parcours Cr\u00e9atif Nancy<\/strong>. Les visiteurs peuvent ainsi appr\u00e9cier la fruit de leur travail tout en d\u00e9couvrant des id\u00e9es fra\u00eeches et surprenantes qui pourraient bien marquer l&rsquo;architecture de demain. En 2025, la cr\u00e9ativit\u00e9 \u00e0 Nancy est plus qu\u2019un simple mot, c\u2019est un v\u00e9ritable levier de changement.<\/p>\n\n<h3 class=\"wp-block-heading\">Le lien avec la communaut\u00e9 et le territoire<\/h3>\n\n<p>La <strong>trajectoire architecturale<\/strong> d&rsquo;un \u00e9tudiant ne se limite pas aux murs de l&rsquo;\u00e9cole. L&rsquo;\u00e9cole d&rsquo;architecture de Nancy a compris l&rsquo;importance d\u2019un enracinement local. En effet, les \u00e9tudiants sont souvent amen\u00e9s \u00e0 travailler sur des projets qui touchent directement au cadre de vie des Nanc\u00e9iens. Cette immersion terrain est fondamentale pour d\u00e9velopper une vision d&rsquo;ensemble, car l&rsquo;architecture ne se contente pas d&rsquo;\u00eatre une esth\u00e9tique ; elle doit r\u00e9pondre \u00e0 des besoins sociaux.<\/p>\n\n<p>Les partenariats avec des associations locales, des entreprises et des organismes publics permettent aux \u00e9tudiants de prendre part \u00e0 des projets concrets, comme la revitalisation d&rsquo;espaces publics ou la cr\u00e9ation de logements \u00e0 vocation sociale. Travailler sur ces projets renforce le sentiment d&rsquo;appartenance \u00e0 la ville et fait \u00e9merger de r\u00e9elles <strong>r\u00e9v\u00e9lations architecturales<\/strong>.<\/p>\n\n<p>Ainsi, l\u2019\u00e9cole s\u2019int\u00e8gre dans un r\u00e9seau d\u2019acteurs qui lui permet de r\u00e9pondre aux besoins r\u00e9els de la communaut\u00e9, tout en sensibilisant les \u00e9l\u00e8ves \u00e0 la diversit\u00e9 des enjeux urbains. En 2025, l&rsquo;\u00e9volution de l&rsquo;\u00e9cole d&rsquo;architecture de Nancy s&rsquo;inscrit ainsi dans un r\u00e9seau durable et \u00e9thique d&rsquo;interactions cr\u00e9atrices.<\/p>\n\n<h2 class=\"wp-block-heading\">Les \u00e9v\u00e9nements phares de l&rsquo;\u00e9cole d&rsquo;architecture de Nancy<\/h2>\n\n<p>Les \u00e9v\u00e9nements organis\u00e9s par l&rsquo;\u00e9cole cr\u00e9ent un v\u00e9ritable \u00e9lan collectif autour de l&rsquo;architecture et de son avenir. En 2025, ces moments forts se multiplient, favorisant les \u00e9changes, les d\u00e9couvertes et la diffusion des connaissances. Des conf\u00e9rences aux ateliers pratiques, chaque rencontres est une occasion d&rsquo;explorer des facettes in\u00e9dites de l&rsquo;architecture moderne.<\/p>\n\n<p>Voici un aper\u00e7u de quelques-uns des \u00e9v\u00e9nements marquants :<\/p>\n\n<figure class=\"wp-block-table\"><table>\n<thead>\n<tr>\n<th>\u00c9v\u00e9nement<\/th>\n<th>Date<\/th>\n<th>Objectif<\/th>\n<\/tr>\n<\/thead>\n<tbody>\n<tr>\n<td>\ud83d\udd0d Journ\u00e9e du patrimoine architectural<\/td>\n<td>Mai 2025<\/td>\n<td>D\u00e9couvrir le <strong>patrimoine Nancy<\/strong> \u00e0 travers des visites guid\u00e9es et conf\u00e9rences.<\/td>\n<\/tr>\n<tr>\n<td>\ud83d\udee0\ufe0f Atelier de fabrication num\u00e9rique<\/td>\n<td>Juin 2025<\/td>\n<td>Initier les \u00e9tudiants aux technologies num\u00e9riques dans l&rsquo;architecture.<\/td>\n<\/tr>\n<tr>\n<td>\ud83c\udfdb\ufe0f Exposition \u00ab\u00a0Vision Architecturale\u00a0\u00bb<\/td>\n<td>Septembre 2025<\/td>\n<td>Mettre en lumi\u00e8re les travaux des \u00e9tudiants en lien avec le patrimoine local.<\/td>\n<\/tr>\n<\/tbody>\n<\/table><\/figure>\n\n<p>Ces \u00e9v\u00e9nements permettent non seulement de renforcer le lien entre l\u2019\u00e9cole et la ville, mais \u00e9galement d\u2019accro\u00eetre la visibilit\u00e9 des \u00e9tudiants aupr\u00e8s du grand public. En cons\u00e9quence, une dynamique positive se cr\u00e9e autour de l&rsquo;architecture de demain, engageant chaque \u00e9tudiant \u00e0 \u00eatre partie prenante de cette aventure.<\/p>\n\n<h2 class=\"wp-block-heading\">Les m\u00e9tiers de l&rsquo;avenir : vers une architecture responsable<\/h2>\n\n<p>La formation dispens\u00e9e \u00e0 l&rsquo;\u00e9cole d&rsquo;architecture de Nancy pr\u00e9pare les \u00e9tudiants \u00e0 des m\u00e9tiers d&rsquo;avenir. Les enjeux environnementaux, sociaux et culturels actuels exigent des architectes qu&rsquo;ils s&rsquo;adaptent et trouvent des solutions novatrices. Les m\u00e9tiers li\u00e9s \u00e0 l&rsquo;architecture \u00e9voluent et demandent des comp\u00e9tences multiples qui englobent la technique, l&rsquo;esth\u00e9tique et l&rsquo;\u00e9thique.<\/p>\n\n<p>Voici quelques domaines qui se d\u00e9marquent et qui auront un fort besoin de professionnels qualifi\u00e9s dans les ann\u00e9es \u00e0 venir :<\/p>\n\n<ul class=\"wp-block-list\"><li>\ud83c\udfd9\ufe0f <strong>Urbaniste<\/strong> : Travailler sur des projets d\u2019am\u00e9nagement urbain, conciliant d\u00e9veloppement durable et qualit\u00e9 de vie.<\/li><li>\ud83c\udfe1 <strong>Architecte d&rsquo;int\u00e9rieur<\/strong> : Cr\u00e9er des espaces fonctionnels et esth\u00e9tiques, attentifs aux besoins des utilisateurs.<\/li><li>\ud83c\udf33 <strong>Architecte \u00e9cologique<\/strong> : Proposer des solutions qui int\u00e8grent les principes du d\u00e9veloppement durable dans chaque projet.<\/li><li>\ud83d\udcd0 <strong>Designer de processus constructifs<\/strong> : Innover dans les m\u00e9thodes de construction pour r\u00e9duire l&rsquo;impact environnemental.<\/li><\/ul>\n\n<p>Au-del\u00e0 de la technique, la <strong>responsabilit\u00e9 sociale<\/strong> occupera une place essentielle. Les architectes de demain devront \u00eatre sensibles au contexte humain et culturel de leurs cr\u00e9ations. En favorisant une approche de la conception ax\u00e9e sur les besoins des usagers et sur un impact positif sur la soci\u00e9t\u00e9, l&rsquo;\u00e9cole d&rsquo;architecture de Nancy s&rsquo;impose comme un v\u00e9ritable acteur du changement dans le paysage architectural.<\/p>\n\n<p>En somme, l&rsquo;\u00e9cole d&rsquo;architecture de Nancy constitue un v\u00e9ritable tremplin pour les jeunes talents en qu\u00eate d&rsquo;une carri\u00e8re enrichissante et impactante. Ce parcours exceptionnel, qui allie tradition, innovation et responsabilit\u00e9, fa\u00e7onne les architectes de demain, pr\u00eats \u00e0 r\u00e9pondre aux d\u00e9fis de la soci\u00e9t\u00e9 contemporaine.<\/p>\n\n<h3 class=\"wp-block-heading\">Quels sont les d\u00e9bouch\u00e9s apr\u00e8s l&rsquo;\u00e9cole ?<\/h3>\n\n<p>Certaines questions m\u00e9ritent d&rsquo;\u00eatre clarifi\u00e9es concernant les d\u00e9bouch\u00e9s offerts par une formation en architecture \u00e0 Nancy.<\/p>\n\n<p>Il existe plusieurs parcours possibles, selon les envies et les aspirations de chacun :<\/p>\n\n<ul class=\"wp-block-list\"><li>\ud83d\udd0e <strong>Dipl\u00f4me d&rsquo;\u00c9tat d&rsquo;Architecte<\/strong> : Permet d&rsquo;exercer en tant qu&rsquo;architecte ind\u00e9pendant ou en agence.<\/li><li>\ud83c\udf93 <strong>Formations compl\u00e9mentaires<\/strong> : Se sp\u00e9cialiser dans des domaines comme l&rsquo;urbanisme ou la mise en valeur du patrimoine.<\/li><li>\ud83c\udf10 <strong>Possibilit\u00e9s \u00e0 l&rsquo;international<\/strong> : Travailler dans des cabinets \u00e9trangers et participer \u00e0 des projets \u00e0 l&rsquo;\u00e9chelle mondiale.<\/li><\/ul>\n\n<p>Sans l&rsquo;ombre d&rsquo;un doute, si l&rsquo;on cherche \u00e0 construire l\u2019avenir tout en rendant hommage \u00e0 un pass\u00e9 riche en histoires et en patrimoines architecturaux, l&rsquo;\u00e9cole d&rsquo;architecture de Nancy est le lieu id\u00e9al pour r\u00e9aliser ce d\u00e9sir. Les futurs architectes, arm\u00e9s de comp\u00e9tences polyvalentes et d&rsquo;une sensibilit\u00e9 aigu\u00eb, seront \u00e0 m\u00eame de relever les d\u00e9fis d&rsquo;une soci\u00e9t\u00e9 en constante mutation.<\/p>\n\n<h3 class=\"wp-block-heading\">Des outils pour r\u00e9ussir<\/h3>\n\n<p>Enfin, pour ceux qui se posent la question : comment r\u00e9ussir sa carri\u00e8re d&rsquo;architecte ? Voici quelques conseils pratiques pour se pr\u00e9parer au mieux :<\/p>\n\n<ul class=\"wp-block-list\"><li>\ud83d\udcda <strong>Formation continue<\/strong> : Ne jamais cesser d\u2019apprendre et se tenir inform\u00e9 des derni\u00e8res tendances et technologies.<\/li><li>\ud83e\udd1d <strong>R\u00e9seau professionnel<\/strong> : Cr\u00e9er et entretenir des contacts au sein de l&rsquo;industrie pour maximiser les opportunit\u00e9s d&#8217;emploi.<\/li><li>\ud83d\udde3\ufe0f <strong>Communication<\/strong> : Savoir transmettre ses id\u00e9es clairement est essentiel pour r\u00e9ussir dans ce m\u00e9tier.<\/li><\/ul>\n\n<p>Ces conseils permettent de se forger un chemin solide vers un futur prometteur dans le monde de l&rsquo;architecture, tout en t\u00e9moignant de l&rsquo;engagement citoyen envers la cr\u00e9ation d&rsquo;espaces vivants et durables. L&rsquo;\u00e9cole d&rsquo;architecture de Nancy est ainsi plus qu&rsquo;un lieu d&rsquo;apprentissage, c&rsquo;est un v\u00e9ritable incubateur de talents et d&rsquo;innovations.<\/p>\n\n<p>Dans cette dynamique de partage et de questionnement, se construisent de nouvelles voies, de nouveaux horizons. Chaque \u00e9tudiant est ainsi invit\u00e9 \u00e0 d\u00e9velopper sa propre vision. Et qui sait, le prochain grand projet architectural de la r\u00e9gion pourrait bien sortir des ateliers de l&rsquo;\u00e9cole d&rsquo;architecture de Nancy. \ud83c\udf1f<\/p>\n\n<h3 class=\"wp-block-heading\">Questions fr\u00e9quemment pos\u00e9es<\/h3>\n\n<p><strong>Quel est le processus d&rsquo;admission \u00e0 l&rsquo;\u00e9cole d&rsquo;architecture de Nancy ?<\/strong><\/p>\n\n<p>Les candidats doivent soumettre leur dossier de candidature, comprenant un portfolio ainsi qu&rsquo;une lettre de motivation. Des entretiens peuvent \u00e9galement faire partie du processus de s\u00e9lection.<\/p>\n\n<p><strong>Quelles sont les sp\u00e9cialisations offertes dans cette \u00e9cole ?<\/strong><\/p>\n\n<p>Les \u00e9tudiants peuvent se sp\u00e9cialiser dans divers domaines, notamment l&rsquo;urbanisme, l&rsquo;architecture durable ou la restauration de patrimoine.<\/p>\n\n<p><strong>Y a-t-il des partenariats avec des entreprises ?<\/strong><\/p>\n\n<p>Oui, de nombreux partenariats avec des entreprises locales et nationales sont \u00e9tablis, offrant aux \u00e9tudiants des opportunit\u00e9s de stages et d&#8217;emplois.<\/p>\n\n<p><strong>Comment l&rsquo;\u00e9cole pr\u00e9pare-t-elle ses \u00e9tudiants aux enjeux environnementaux ?<\/strong><\/p>\n\n<p>Des modules sur le d\u00e9veloppement durable et des projets en lien avec l&rsquo;impact environnemental sont au c\u0153ur du programme d&rsquo;\u00e9tudes.<\/p>\n\n<p><strong>Quels sont les d\u00e9bouch\u00e9s apr\u00e8s avoir obtenu un dipl\u00f4me d&rsquo;architecte ?<\/strong><\/p>\n\n<p>Les dipl\u00f4m\u00e9s peuvent travailler dans des agences d&rsquo;architecture, en tant qu&rsquo;ind\u00e9pendants, ou se tourner vers des sp\u00e9cialisations telles que l&rsquo;urbanisme ou le design environnemental.<\/p>\n\n","protected":false},"excerpt":{"rendered":"<p>La ville de Nancy, riche de son patrimoine architectural, se voit aujourd&rsquo;hui incontournable gr\u00e2ce \u00e0 son \u00e9cole d&rsquo;architecture, v\u00e9ritable p\u00e9pini\u00e8re de talents. Connue pour son approche innovante et son int\u00e9gration dans le paysage urbain, cette \u00e9cole offre un parcours unique aux \u00e9tudiants qui aspirent \u00e0 b\u00e2tir le futur. En 2025, l&rsquo;\u00e9cole d&rsquo;architecture de Nancy se &#8230; <a title=\"D\u00e9couverte de l&rsquo;\u00e9cole d&rsquo;architecture de Nancy : un parcours unique en 2025\" class=\"read-more\" href=\"https:\/\/www.apres-lecole.fr\/Blog\/ecole-architecture-nancy-2025\/\" aria-label=\"En savoir plus sur D\u00e9couverte de l&rsquo;\u00e9cole d&rsquo;architecture de Nancy : un parcours unique en 2025\">Lire plus<\/a><\/p>\n","protected":false},"author":7,"featured_media":2357,"comment_status":"open","ping_status":"open","sticky":false,"template":"","format":"standard","meta":{"footnotes":""},"categories":[1],"tags":[698,791,550,1601],"class_list":["post-2358","post","type-post","status-publish","format-standard","has-post-thumbnail","hentry","category-metiers-entreprise","tag-decouverte","tag-ecole-darchitecture","tag-nancy","tag-parcours-unique"],"yoast_head":"<!-- This site is optimized with the Yoast SEO plugin v27.5 - https:\/\/yoast.com\/product\/yoast-seo-wordpress\/ -->\n<title>L\u2019\u00c9cole d\u2019Architecture de Nancy : Immersion dans l\u2019Exception de 2025<\/title>\n<meta name=\"description\" content=\"D\u00e9couvrez l&#039;\u00e9cole d&#039;architecture de Nancy en 2025 : une formation innovante, un campus dynamique et un parcours unique pour b\u00e2tir votre avenir.\" \/>\n<meta name=\"robots\" content=\"index, follow, max-snippet:-1, max-image-preview:large, max-video-preview:-1\" \/>\n<link rel=\"canonical\" href=\"https:\/\/www.apres-lecole.fr\/Blog\/ecole-architecture-nancy-2025\/\" \/>\n<meta property=\"og:locale\" content=\"fr_FR\" \/>\n<meta property=\"og:type\" content=\"article\" \/>\n<meta property=\"og:title\" content=\"L\u2019\u00c9cole d\u2019Architecture de Nancy : Immersion dans l\u2019Exception de 2025\" \/>\n<meta property=\"og:description\" content=\"D\u00e9couvrez l&#039;\u00e9cole d&#039;architecture de Nancy en 2025 : une formation innovante, un campus dynamique et un parcours unique pour b\u00e2tir votre avenir.\" \/>\n<meta property=\"og:url\" content=\"https:\/\/www.apres-lecole.fr\/Blog\/ecole-architecture-nancy-2025\/\" \/>\n<meta property=\"article:published_time\" content=\"2025-09-23T06:32:49+00:00\" \/>\n<meta property=\"og:image\" content=\"https:\/\/www.apres-lecole.fr\/Blog\/wp-content\/uploads\/2025\/09\/Decouverte-de-lecole-darchitecture-de-Nancy-un-parcours-unique-en-2025.jpg\" \/>\n\t<meta property=\"og:image:width\" content=\"1344\" \/>\n\t<meta property=\"og:image:height\" content=\"768\" \/>\n\t<meta property=\"og:image:type\" content=\"image\/jpeg\" \/>\n<meta name=\"twitter:card\" content=\"summary_large_image\" \/>\n<meta name=\"twitter:label1\" content=\"\u00c9crit par\" \/>\n\t<meta name=\"twitter:data1\" content=\"\" \/>\n\t<meta name=\"twitter:label2\" content=\"Dur\u00e9e de lecture estim\u00e9e\" \/>\n\t<meta name=\"twitter:data2\" content=\"10 minutes\" \/>\n<script type=\"application\/ld+json\" class=\"yoast-schema-graph\">{\"@context\":\"https:\\\/\\\/schema.org\",\"@graph\":[{\"@type\":\"Article\",\"@id\":\"https:\\\/\\\/www.apres-lecole.fr\\\/Blog\\\/ecole-architecture-nancy-2025\\\/#article\",\"isPartOf\":{\"@id\":\"https:\\\/\\\/www.apres-lecole.fr\\\/Blog\\\/ecole-architecture-nancy-2025\\\/\"},\"author\":{\"name\":\"\",\"@id\":\"\"},\"headline\":\"D\u00e9couverte de l&rsquo;\u00e9cole d&rsquo;architecture de Nancy : un parcours unique en 2025\",\"datePublished\":\"2025-09-23T06:32:49+00:00\",\"mainEntityOfPage\":{\"@id\":\"https:\\\/\\\/www.apres-lecole.fr\\\/Blog\\\/ecole-architecture-nancy-2025\\\/\"},\"wordCount\":2172,\"commentCount\":0,\"image\":{\"@id\":\"https:\\\/\\\/www.apres-lecole.fr\\\/Blog\\\/ecole-architecture-nancy-2025\\\/#primaryimage\"},\"thumbnailUrl\":\"https:\\\/\\\/www.apres-lecole.fr\\\/Blog\\\/wp-content\\\/uploads\\\/2025\\\/09\\\/Decouverte-de-lecole-darchitecture-de-Nancy-un-parcours-unique-en-2025.jpg\",\"keywords\":[\"d\u00e9couverte\",\"\u00e9cole d'architecture\",\"nancy\",\"parcours unique\"],\"articleSection\":[\"M\u00e9tiers &amp; Entreprise\"],\"inLanguage\":\"fr-FR\",\"potentialAction\":[{\"@type\":\"CommentAction\",\"name\":\"Comment\",\"target\":[\"https:\\\/\\\/www.apres-lecole.fr\\\/Blog\\\/ecole-architecture-nancy-2025\\\/#respond\"]}]},{\"@type\":\"WebPage\",\"@id\":\"https:\\\/\\\/www.apres-lecole.fr\\\/Blog\\\/ecole-architecture-nancy-2025\\\/\",\"url\":\"https:\\\/\\\/www.apres-lecole.fr\\\/Blog\\\/ecole-architecture-nancy-2025\\\/\",\"name\":\"L\u2019\u00c9cole d\u2019Architecture de Nancy : Immersion dans l\u2019Exception de 2025\",\"isPartOf\":{\"@id\":\"https:\\\/\\\/www.apres-lecole.fr\\\/Blog\\\/#website\"},\"primaryImageOfPage\":{\"@id\":\"https:\\\/\\\/www.apres-lecole.fr\\\/Blog\\\/ecole-architecture-nancy-2025\\\/#primaryimage\"},\"image\":{\"@id\":\"https:\\\/\\\/www.apres-lecole.fr\\\/Blog\\\/ecole-architecture-nancy-2025\\\/#primaryimage\"},\"thumbnailUrl\":\"https:\\\/\\\/www.apres-lecole.fr\\\/Blog\\\/wp-content\\\/uploads\\\/2025\\\/09\\\/Decouverte-de-lecole-darchitecture-de-Nancy-un-parcours-unique-en-2025.jpg\",\"datePublished\":\"2025-09-23T06:32:49+00:00\",\"author\":{\"@id\":\"\"},\"description\":\"D\u00e9couvrez l'\u00e9cole d'architecture de Nancy en 2025 : une formation innovante, un campus dynamique et un parcours unique pour b\u00e2tir votre avenir.\",\"breadcrumb\":{\"@id\":\"https:\\\/\\\/www.apres-lecole.fr\\\/Blog\\\/ecole-architecture-nancy-2025\\\/#breadcrumb\"},\"inLanguage\":\"fr-FR\",\"potentialAction\":[{\"@type\":\"ReadAction\",\"target\":[\"https:\\\/\\\/www.apres-lecole.fr\\\/Blog\\\/ecole-architecture-nancy-2025\\\/\"]}]},{\"@type\":\"ImageObject\",\"inLanguage\":\"fr-FR\",\"@id\":\"https:\\\/\\\/www.apres-lecole.fr\\\/Blog\\\/ecole-architecture-nancy-2025\\\/#primaryimage\",\"url\":\"https:\\\/\\\/www.apres-lecole.fr\\\/Blog\\\/wp-content\\\/uploads\\\/2025\\\/09\\\/Decouverte-de-lecole-darchitecture-de-Nancy-un-parcours-unique-en-2025.jpg\",\"contentUrl\":\"https:\\\/\\\/www.apres-lecole.fr\\\/Blog\\\/wp-content\\\/uploads\\\/2025\\\/09\\\/Decouverte-de-lecole-darchitecture-de-Nancy-un-parcours-unique-en-2025.jpg\",\"width\":1344,\"height\":768,\"caption\":\"explorez l'\u00e9cole d'architecture de nancy en 2025 et d\u00e9couvrez un parcours unique, innovant et cr\u00e9atif pour fa\u00e7onner votre avenir dans l'architecture. informations sur les formations, le campus et les opportunit\u00e9s offertes.\"},{\"@type\":\"BreadcrumbList\",\"@id\":\"https:\\\/\\\/www.apres-lecole.fr\\\/Blog\\\/ecole-architecture-nancy-2025\\\/#breadcrumb\",\"itemListElement\":[{\"@type\":\"ListItem\",\"position\":1,\"name\":\"Home\",\"item\":\"https:\\\/\\\/www.apres-lecole.fr\\\/Blog\\\/\"},{\"@type\":\"ListItem\",\"position\":2,\"name\":\"D\u00e9couverte de l&rsquo;\u00e9cole d&rsquo;architecture de Nancy : un parcours unique en 2025\"}]},{\"@type\":\"WebSite\",\"@id\":\"https:\\\/\\\/www.apres-lecole.fr\\\/Blog\\\/#website\",\"url\":\"https:\\\/\\\/www.apres-lecole.fr\\\/Blog\\\/\",\"name\":\"\",\"description\":\"M\u00e9dia g\u00e9n\u00e9raliste\",\"potentialAction\":[{\"@type\":\"SearchAction\",\"target\":{\"@type\":\"EntryPoint\",\"urlTemplate\":\"https:\\\/\\\/www.apres-lecole.fr\\\/Blog\\\/?s={search_term_string}\"},\"query-input\":{\"@type\":\"PropertyValueSpecification\",\"valueRequired\":true,\"valueName\":\"search_term_string\"}}],\"inLanguage\":\"fr-FR\"},{\"@type\":\"Person\",\"@id\":\"\",\"url\":\"https:\\\/\\\/www.apres-lecole.fr\\\/Blog\\\/author\\\/\"}]}<\/script>\n<!-- \/ Yoast SEO plugin. -->","yoast_head_json":{"title":"L\u2019\u00c9cole d\u2019Architecture de Nancy : Immersion dans l\u2019Exception de 2025","description":"D\u00e9couvrez l'\u00e9cole d'architecture de Nancy en 2025 : une formation innovante, un campus dynamique et un parcours unique pour b\u00e2tir votre avenir.","robots":{"index":"index","follow":"follow","max-snippet":"max-snippet:-1","max-image-preview":"max-image-preview:large","max-video-preview":"max-video-preview:-1"},"canonical":"https:\/\/www.apres-lecole.fr\/Blog\/ecole-architecture-nancy-2025\/","og_locale":"fr_FR","og_type":"article","og_title":"L\u2019\u00c9cole d\u2019Architecture de Nancy : Immersion dans l\u2019Exception de 2025","og_description":"D\u00e9couvrez l'\u00e9cole d'architecture de Nancy en 2025 : une formation innovante, un campus dynamique et un parcours unique pour b\u00e2tir votre avenir.","og_url":"https:\/\/www.apres-lecole.fr\/Blog\/ecole-architecture-nancy-2025\/","article_published_time":"2025-09-23T06:32:49+00:00","og_image":[{"width":1344,"height":768,"url":"https:\/\/www.apres-lecole.fr\/Blog\/wp-content\/uploads\/2025\/09\/Decouverte-de-lecole-darchitecture-de-Nancy-un-parcours-unique-en-2025.jpg","type":"image\/jpeg"}],"twitter_card":"summary_large_image","twitter_misc":{"\u00c9crit par":"","Dur\u00e9e de lecture estim\u00e9e":"10 minutes"},"schema":{"@context":"https:\/\/schema.org","@graph":[{"@type":"Article","@id":"https:\/\/www.apres-lecole.fr\/Blog\/ecole-architecture-nancy-2025\/#article","isPartOf":{"@id":"https:\/\/www.apres-lecole.fr\/Blog\/ecole-architecture-nancy-2025\/"},"author":{"name":"","@id":""},"headline":"D\u00e9couverte de l&rsquo;\u00e9cole d&rsquo;architecture de Nancy : un parcours unique en 2025","datePublished":"2025-09-23T06:32:49+00:00","mainEntityOfPage":{"@id":"https:\/\/www.apres-lecole.fr\/Blog\/ecole-architecture-nancy-2025\/"},"wordCount":2172,"commentCount":0,"image":{"@id":"https:\/\/www.apres-lecole.fr\/Blog\/ecole-architecture-nancy-2025\/#primaryimage"},"thumbnailUrl":"https:\/\/www.apres-lecole.fr\/Blog\/wp-content\/uploads\/2025\/09\/Decouverte-de-lecole-darchitecture-de-Nancy-un-parcours-unique-en-2025.jpg","keywords":["d\u00e9couverte","\u00e9cole d'architecture","nancy","parcours unique"],"articleSection":["M\u00e9tiers &amp; Entreprise"],"inLanguage":"fr-FR","potentialAction":[{"@type":"CommentAction","name":"Comment","target":["https:\/\/www.apres-lecole.fr\/Blog\/ecole-architecture-nancy-2025\/#respond"]}]},{"@type":"WebPage","@id":"https:\/\/www.apres-lecole.fr\/Blog\/ecole-architecture-nancy-2025\/","url":"https:\/\/www.apres-lecole.fr\/Blog\/ecole-architecture-nancy-2025\/","name":"L\u2019\u00c9cole d\u2019Architecture de Nancy : Immersion dans l\u2019Exception de 2025","isPartOf":{"@id":"https:\/\/www.apres-lecole.fr\/Blog\/#website"},"primaryImageOfPage":{"@id":"https:\/\/www.apres-lecole.fr\/Blog\/ecole-architecture-nancy-2025\/#primaryimage"},"image":{"@id":"https:\/\/www.apres-lecole.fr\/Blog\/ecole-architecture-nancy-2025\/#primaryimage"},"thumbnailUrl":"https:\/\/www.apres-lecole.fr\/Blog\/wp-content\/uploads\/2025\/09\/Decouverte-de-lecole-darchitecture-de-Nancy-un-parcours-unique-en-2025.jpg","datePublished":"2025-09-23T06:32:49+00:00","author":{"@id":""},"description":"D\u00e9couvrez l'\u00e9cole d'architecture de Nancy en 2025 : une formation innovante, un campus dynamique et un parcours unique pour b\u00e2tir votre avenir.","breadcrumb":{"@id":"https:\/\/www.apres-lecole.fr\/Blog\/ecole-architecture-nancy-2025\/#breadcrumb"},"inLanguage":"fr-FR","potentialAction":[{"@type":"ReadAction","target":["https:\/\/www.apres-lecole.fr\/Blog\/ecole-architecture-nancy-2025\/"]}]},{"@type":"ImageObject","inLanguage":"fr-FR","@id":"https:\/\/www.apres-lecole.fr\/Blog\/ecole-architecture-nancy-2025\/#primaryimage","url":"https:\/\/www.apres-lecole.fr\/Blog\/wp-content\/uploads\/2025\/09\/Decouverte-de-lecole-darchitecture-de-Nancy-un-parcours-unique-en-2025.jpg","contentUrl":"https:\/\/www.apres-lecole.fr\/Blog\/wp-content\/uploads\/2025\/09\/Decouverte-de-lecole-darchitecture-de-Nancy-un-parcours-unique-en-2025.jpg","width":1344,"height":768,"caption":"explorez l'\u00e9cole d'architecture de nancy en 2025 et d\u00e9couvrez un parcours unique, innovant et cr\u00e9atif pour fa\u00e7onner votre avenir dans l'architecture. informations sur les formations, le campus et les opportunit\u00e9s offertes."},{"@type":"BreadcrumbList","@id":"https:\/\/www.apres-lecole.fr\/Blog\/ecole-architecture-nancy-2025\/#breadcrumb","itemListElement":[{"@type":"ListItem","position":1,"name":"Home","item":"https:\/\/www.apres-lecole.fr\/Blog\/"},{"@type":"ListItem","position":2,"name":"D\u00e9couverte de l&rsquo;\u00e9cole d&rsquo;architecture de Nancy : un parcours unique en 2025"}]},{"@type":"WebSite","@id":"https:\/\/www.apres-lecole.fr\/Blog\/#website","url":"https:\/\/www.apres-lecole.fr\/Blog\/","name":"","description":"M\u00e9dia g\u00e9n\u00e9raliste","potentialAction":[{"@type":"SearchAction","target":{"@type":"EntryPoint","urlTemplate":"https:\/\/www.apres-lecole.fr\/Blog\/?s={search_term_string}"},"query-input":{"@type":"PropertyValueSpecification","valueRequired":true,"valueName":"search_term_string"}}],"inLanguage":"fr-FR"},{"@type":"Person","@id":"","url":"https:\/\/www.apres-lecole.fr\/Blog\/author\/"}]}},"views":6,"_links":{"self":[{"href":"https:\/\/www.apres-lecole.fr\/Blog\/wp-json\/wp\/v2\/posts\/2358","targetHints":{"allow":["GET"]}}],"collection":[{"href":"https:\/\/www.apres-lecole.fr\/Blog\/wp-json\/wp\/v2\/posts"}],"about":[{"href":"https:\/\/www.apres-lecole.fr\/Blog\/wp-json\/wp\/v2\/types\/post"}],"author":[{"embeddable":true,"href":"https:\/\/www.apres-lecole.fr\/Blog\/wp-json\/wp\/v2\/users\/7"}],"replies":[{"embeddable":true,"href":"https:\/\/www.apres-lecole.fr\/Blog\/wp-json\/wp\/v2\/comments?post=2358"}],"version-history":[{"count":0,"href":"https:\/\/www.apres-lecole.fr\/Blog\/wp-json\/wp\/v2\/posts\/2358\/revisions"}],"wp:featuredmedia":[{"embeddable":true,"href":"https:\/\/www.apres-lecole.fr\/Blog\/wp-json\/wp\/v2\/media\/2357"}],"wp:attachment":[{"href":"https:\/\/www.apres-lecole.fr\/Blog\/wp-json\/wp\/v2\/media?parent=2358"}],"wp:term":[{"taxonomy":"category","embeddable":true,"href":"https:\/\/www.apres-lecole.fr\/Blog\/wp-json\/wp\/v2\/categories?post=2358"},{"taxonomy":"post_tag","embeddable":true,"href":"https:\/\/www.apres-lecole.fr\/Blog\/wp-json\/wp\/v2\/tags?post=2358"}],"curies":[{"name":"wp","href":"https:\/\/api.w.org\/{rel}","templated":true}]}}