{"id":2356,"date":"2025-09-22T07:11:15","date_gmt":"2025-09-22T07:11:15","guid":{"rendered":"https:\/\/www.apres-lecole.fr\/Blog\/ecole-villeurbanne-prejuges-genre\/"},"modified":"2025-09-22T07:11:15","modified_gmt":"2025-09-22T07:11:15","slug":"ecole-villeurbanne-prejuges-genre","status":"publish","type":"post","link":"https:\/\/www.apres-lecole.fr\/Blog\/ecole-villeurbanne-prejuges-genre\/","title":{"rendered":"\u00c0 Villeurbanne, l&rsquo;\u00e9cole s&rsquo;engage contre les pr\u00e9jug\u00e9s de genre : Quand les filles montrent leur s\u00e9rieux et les gar\u00e7ons r\u00e9v\u00e8lent leurs talents"},"content":{"rendered":"\n\n<div class=\"kk-star-ratings kksr-auto kksr-align-left kksr-valign-top\"\n    data-payload='{&quot;align&quot;:&quot;left&quot;,&quot;id&quot;:&quot;2356&quot;,&quot;slug&quot;:&quot;default&quot;,&quot;valign&quot;:&quot;top&quot;,&quot;ignore&quot;:&quot;&quot;,&quot;reference&quot;:&quot;auto&quot;,&quot;class&quot;:&quot;&quot;,&quot;count&quot;:&quot;0&quot;,&quot;legendonly&quot;:&quot;&quot;,&quot;readonly&quot;:&quot;&quot;,&quot;score&quot;:&quot;0&quot;,&quot;starsonly&quot;:&quot;&quot;,&quot;best&quot;:&quot;5&quot;,&quot;gap&quot;:&quot;5&quot;,&quot;greet&quot;:&quot;Rate this post&quot;,&quot;legend&quot;:&quot;0\\\/5 - (0 vote)&quot;,&quot;size&quot;:&quot;24&quot;,&quot;title&quot;:&quot;\u00c0 Villeurbanne, l\\u0026#039;\u00e9cole s\\u0026#039;engage contre les pr\u00e9jug\u00e9s de genre : Quand les filles montrent leur s\u00e9rieux et les gar\u00e7ons r\u00e9v\u00e8lent leurs talents&quot;,&quot;width&quot;:&quot;0&quot;,&quot;_legend&quot;:&quot;{score}\\\/{best} - ({count} {votes})&quot;,&quot;font_factor&quot;:&quot;1.25&quot;}'>\n            \n<div class=\"kksr-stars\">\n    \n<div class=\"kksr-stars-inactive\">\n            <div class=\"kksr-star\" data-star=\"1\" style=\"padding-right: 5px\">\n            \n\n<div class=\"kksr-icon\" style=\"width: 24px; height: 24px;\"><\/div>\n        <\/div>\n            <div class=\"kksr-star\" data-star=\"2\" style=\"padding-right: 5px\">\n            \n\n<div class=\"kksr-icon\" style=\"width: 24px; height: 24px;\"><\/div>\n        <\/div>\n            <div class=\"kksr-star\" data-star=\"3\" style=\"padding-right: 5px\">\n            \n\n<div class=\"kksr-icon\" style=\"width: 24px; height: 24px;\"><\/div>\n        <\/div>\n            <div class=\"kksr-star\" data-star=\"4\" style=\"padding-right: 5px\">\n            \n\n<div class=\"kksr-icon\" style=\"width: 24px; height: 24px;\"><\/div>\n        <\/div>\n            <div class=\"kksr-star\" data-star=\"5\" style=\"padding-right: 5px\">\n            \n\n<div class=\"kksr-icon\" style=\"width: 24px; height: 24px;\"><\/div>\n        <\/div>\n    <\/div>\n    \n<div class=\"kksr-stars-active\" style=\"width: 0px;\">\n            <div class=\"kksr-star\" style=\"padding-right: 5px\">\n            \n\n<div class=\"kksr-icon\" style=\"width: 24px; height: 24px;\"><\/div>\n        <\/div>\n            <div class=\"kksr-star\" style=\"padding-right: 5px\">\n            \n\n<div class=\"kksr-icon\" style=\"width: 24px; height: 24px;\"><\/div>\n        <\/div>\n            <div class=\"kksr-star\" style=\"padding-right: 5px\">\n            \n\n<div class=\"kksr-icon\" style=\"width: 24px; height: 24px;\"><\/div>\n        <\/div>\n            <div class=\"kksr-star\" style=\"padding-right: 5px\">\n            \n\n<div class=\"kksr-icon\" style=\"width: 24px; height: 24px;\"><\/div>\n        <\/div>\n            <div class=\"kksr-star\" style=\"padding-right: 5px\">\n            \n\n<div class=\"kksr-icon\" style=\"width: 24px; height: 24px;\"><\/div>\n        <\/div>\n    <\/div>\n<\/div>\n                \n\n<div class=\"kksr-legend\" style=\"font-size: 19.2px;\">\n            <span class=\"kksr-muted\">Rate this post<\/span>\n    <\/div>\n    <\/div>\n<p>\u00c0 Villeurbanne, une dynamique nouvelle se dessine dans le milieu scolaire avec une volont\u00e9 affich\u00e9e de lutter contre les pr\u00e9jug\u00e9s de genre. Les \u00e9tablissements se mobilisent pour cr\u00e9er un environnement o\u00f9 filles et gar\u00e7ons peuvent exprimer leurs talents, libres des st\u00e9r\u00e9otypes qui les enferment. Ce mouvement est port\u00e9 par le minist\u00e8re de l&rsquo;\u00c9ducation \u00e0 travers le plan \u00abFilles et Maths\u00bb, qui incite \u00e0 la r\u00e9flexion sur les biais de genre d\u00e8s le plus jeune \u00e2ge. Ce cadre ambitieux invite \u00e0 repenser le fonctionnement des classes, encourageant les enseignants \u00e0 interc\u00e9der efficacement pour une v\u00e9ritable <strong>\u00e9galit\u00e9 filles-gar\u00e7ons<\/strong>. Il ne s&rsquo;agit pas seulement de permettre aux \u00e9l\u00e8ves de d\u00e9velopper leurs comp\u00e9tences, mais aussi de promouvoir un climat scolaire inclusif et respectueux de la diversit\u00e9. Alors que les filles commencent \u00e0 se frayer un chemin dans des domaines traditionnellement per\u00e7us comme masculins, les gar\u00e7ons d\u00e9voilent leurs talents dans des disciplines o\u00f9 la sensibilit\u00e9 est primordiale. C&rsquo;est un v\u00e9ritable tournant dans l&rsquo;\u00e9ducation fran\u00e7aise que l&rsquo;on observe, et ce sujet m\u00e9rite d&rsquo;\u00eatre explor\u00e9 plus en profondeur.<\/p>\n\n<h2 class=\"wp-block-heading\">D\u00e9crire les pr\u00e9jug\u00e9s de genre \u00e0 l&rsquo;\u00e9cole<\/h2>\n\n<p>Les pr\u00e9jug\u00e9s de genre, souvent ancr\u00e9s dans la r\u00e9alit\u00e9 des \u00e9l\u00e8ves d\u00e8s leur plus jeune \u00e2ge, sont pr\u00e9sents de mani\u00e8re subtile mais omnipr\u00e9sente dans les interactions scolaires. Ces st\u00e9r\u00e9otypes se manifestent de diff\u00e9rentes mani\u00e8res, allant des attentes concernant les choix d&rsquo;activit\u00e9s extrascolaires jusqu&rsquo;aux orgas de cours. Les gar\u00e7ons, souvent per\u00e7us comme les futurs leaders, sont encourag\u00e9s \u00e0 prendre des initiatives, tandis que les filles sont parfois jug\u00e9es comme moins aptes, particuli\u00e8rement dans des mati\u00e8res telles que les math\u00e9matiques et les sciences. Ce ph\u00e9nom\u00e8ne, bien que moins visible, est d\u00e9vastateur et a des cons\u00e9quences \u00e0 long terme sur la carri\u00e8re des \u00e9l\u00e8ves.<\/p>\n\n<h3 class=\"wp-block-heading\">Les manifestations des pr\u00e9jug\u00e9s<\/h3>\n\n<p>Les manifestations de ces pr\u00e9jug\u00e9s sont tr\u00e8s vari\u00e9es. Voici quelques exemples illustratifs :<\/p>\n\n<ul class=\"wp-block-list\"><li>Les choix d&rsquo;activit\u00e9s : Les gar\u00e7ons se dirigent souvent vers des sports collectifs tandis que les filles optent pour des activit\u00e9s plus artistiques.<\/li><li>Participation en classe : Dans un environnement scolaire, il n&rsquo;est pas rare que les gar\u00e7ons prennent plus de risques en levant la main, alors que les filles peuvent h\u00e9siter, craignant d&rsquo;\u00eatre jug\u00e9es.<\/li><li>Les produits \u00e9ducatifs : Les manuels scolaires et les ressources p\u00e9dagogiques montrent souvent des repr\u00e9sentations biais\u00e9es des r\u00f4les de genre.<\/li><\/ul>\n\n<p>Avec l&rsquo;engagement croissant de Villeurbanne dans la <strong>lutte contre les st\u00e9r\u00e9otypes<\/strong>, il devient fondamental d&rsquo;explorer la mani\u00e8re dont les enseignants peuvent intervenir pour d\u00e9construire ces id\u00e9es pr\u00e9con\u00e7ues. Des ateliers de sensibilisation ont \u00e9t\u00e9 mis en place pour permettre aux enseignants d&rsquo;identifier ces biais dans le quotidien scolaire. La formation continue est \u00e9galement un levier essentiel pour doter les professeurs des outils n\u00e9cessaires afin de promouvoir une <strong>\u00e9ducation inclusive<\/strong>.<\/p>\n\n<h2 class=\"wp-block-heading\">Les initiatives \u00e0 Villeurbanne : une mobilisation collective<\/h2>\n\n<p>\u00c0 Villeurbanne, l&rsquo;engagement scolaire prend diverses formes. De nombreuses initiatives \u00e9mergent avec pour but de favoriser la mixit\u00e9 \u00e0 l&rsquo;\u00e9cole et de lutter contre les st\u00e9r\u00e9otypes. L&rsquo;une des toutes premi\u00e8res \u00e9tapes a \u00e9t\u00e9 l&rsquo;organisation de sessions de sensibilisation pour le personnel \u00e9ducatif. Ces sessions invitent les enseignants \u00e0 partager leurs exp\u00e9riences et \u00e0 discuter de la mani\u00e8re dont ils pourraient modifier leurs pratiques p\u00e9dagogiques pour encourager tous les \u00e9l\u00e8ves.<\/p>\n\n<h3 class=\"wp-block-heading\">Des ateliers constructifs<\/h3>\n\n<p>Les ateliers, souvent anim\u00e9s par des sp\u00e9cialistes en \u00e9ducation, permettent d&rsquo;aborder plusieurs th\u00e9matiques :<\/p>\n\n<ul class=\"wp-block-list\"><li>Identification des st\u00e9r\u00e9otypes dans les ressources p\u00e9dagogiques \ud83d\udcda.<\/li><li>\u00c9laboration d&rsquo;activit\u00e9s favorisant l&rsquo;autonomisation des filles \ud83c\udf1f.<\/li><li>Promotion des talents des gar\u00e7ons en arts et humanit\u00e9s \ud83c\udfa8.<\/li><\/ul>\n\n<p>Ces rencontres permettent \u00e9galement de co-construire des propositions concr\u00e8tes \u00e0 mettre en \u0153uvre dans les classes. En multipliant ces occasions de dialogue, l&rsquo;\u00e9cole devient un v\u00e9ritable acteur de changement. La mise en place de clubs d&rsquo;\u00e9l\u00e8ves d\u00e9di\u00e9s \u00e0 la <strong>promotion des talents<\/strong> de chacun, ind\u00e9pendamment du genre, stimule aussi l&rsquo;enthousiasme et l&rsquo;engagement scolaire. Des activit\u00e9s comme le th\u00e9\u00e2tre, la robotique ou des concours de math\u00e9matiques sont alors accessibles \u00e0 tous. Chaque \u00e9l\u00e8ve est ainsi valoris\u00e9 pour ses comp\u00e9tences, quel que soit son genre.<\/p>\n\n<h2 class=\"wp-block-heading\">L&rsquo;autonomisation des filles et valorisation des gar\u00e7ons<\/h2>\n\n<p>Un des objectifs cruciaux dans la lutte contre les st\u00e9r\u00e9otypes \u00e0 Villeurbanne est l&rsquo;autonomisation des filles. Durant plusieurs d\u00e9cennies, les filles ont souvent eu du mal \u00e0 s&rsquo;affirmer dans des domaines o\u00f9 leur pr\u00e9sence \u00e9tait moins courante. C&rsquo;est pourquoi certaines initiatives sont sp\u00e9cifiquement destin\u00e9es \u00e0 renforcer leur confiance en elles. Cela passe par des journ\u00e9es d&rsquo;orientation o\u00f9 des femmes reconnues dans des secteurs comme l&rsquo;ing\u00e9nierie, les sciences ou la technologie partagent leurs parcours inspirants.<\/p>\n\n<h3 class=\"wp-block-heading\">La valorisation des gar\u00e7ons<\/h3>\n\n<p>Il est tout aussi essentiel de r\u00e9orienter la vision que l&rsquo;on a des gar\u00e7ons. Trop souvent, ils sont per\u00e7us uniquement comme des leaders dominants, ce qui peut mener \u00e0 une pression intense en mati\u00e8re de performance. L&rsquo;\u00e9cole de Villeurbanne met en place des activit\u00e9s qui encouragent les gar\u00e7ons \u00e0 s&rsquo;investir dans des disciplines cr\u00e9atives. Par exemple, une comp\u00e9tition annuelle de dessin ou un club de lecture peut offrir une \u00e9chappatoire \u00e0 ceux qui se sentent mieux dans ces univers.<\/p>\n\n<p>Les enseignants jouent un r\u00f4le fondamental dans cette dynamique. Leur objectif est de modifier la perception que les \u00e9l\u00e8ves ont d&rsquo;eux-m\u00eames et des autres. Ainsi, la valorisation des talents, qu&rsquo;ils soient traditionnels ou non, doit devenir une norme. \u00c0 ce titre, plusieurs r\u00e9sultats d&rsquo;ateliers sont mis en avant, tels que :<\/p>\n\n<ol class=\"wp-block-list\"><li>Des chiffres montrant l&rsquo;augmentation de la participation des filles dans les activit\u00e9s scientifiques.<\/li><li>Des statistiques illusoires sur les gar\u00e7ons qui r\u00e9ussissent dans des activit\u00e9s traditionnellement per\u00e7ues comme f\u00e9minines.<\/li><li>Des t\u00e9moignages d&rsquo;\u00e9l\u00e8ves qui se sentent encourag\u00e9s \u00e0 explorer des domaines dont ils avaient peur de s&rsquo;approcher auparavant.<\/li><\/ol>\n\n<h2 class=\"wp-block-heading\">Le r\u00f4le des parents et de la communaut\u00e9 \u00e9ducative<\/h2>\n\n<p>Un changement durable dans la lutte contre les st\u00e9r\u00e9otypes de genre ne peut se faire sans l&rsquo;implication des parents et de la communaut\u00e9 \u00e9ducative. En Villeurbanne, des s\u00e9ances d&rsquo;information sont r\u00e9guli\u00e8rement propos\u00e9es afin d&rsquo;impliquer les familles dans ce processus. Celles-ci prennent souvent la forme de discussions autour des r\u00f4les de genre et des st\u00e9r\u00e9otypes que les enfants rencontrent. La sensibilisation des parents est un \u00e9l\u00e9ment fondamental dans ces actions, car ils sont souvent les premiers mod\u00e8les pour leurs enfants.<\/p>\n\n<h3 class=\"wp-block-heading\">La communaut\u00e9 \u00e9ducative au c\u0153ur du changement<\/h3>\n\n<p>La communaut\u00e9 \u00e9ducative joue \u00e9galement un r\u00f4le crucial dans cette lutte. Des partenariats sont \u00e9tablis entre \u00e9coles, associations et collectivit\u00e9s locales, cr\u00e9ant ainsi un r\u00e9seau d&rsquo;acteurs engag\u00e9s. Cela permet la mise en place d&rsquo;initiatives communes et l&rsquo;organisation d&rsquo;\u00e9v\u00e9nements tout au long de l&rsquo;ann\u00e9e scolaire. Parmi celles-ci, on peut citer :<\/p>\n\n<figure class=\"wp-block-table\"><table>\n<thead>\n<tr>\n<th>\u00c9v\u00e9nements<\/th>\n<th>P\u00e9riode<\/th>\n<th>Objectifs<\/th>\n<\/tr>\n<\/thead>\n<tbody>\n<tr>\n<td>Rencontres sportives mixtes<\/td>\n<td>Printemps<\/td>\n<td>Promouvoir la <strong>mixit\u00e9<\/strong> et le respect de la diversit\u00e9<\/td>\n<\/tr>\n<tr>\n<td>Ateliers cr\u00e9atifs pour tous<\/td>\n<td>Toute l&rsquo;ann\u00e9e<\/td>\n<td>Encourager l&rsquo;expression artistique des deux genres<\/td>\n<\/tr>\n<tr>\n<td>Conf\u00e9rences sur l&rsquo;\u00e9galit\u00e9<\/td>\n<td>Automne<\/td>\n<td>Informer et sensibiliser sur les st\u00e9r\u00e9otypes de genre<\/td>\n<\/tr>\n<\/tbody>\n<\/table><\/figure>\n\n<p>En cr\u00e9ant un cadre o\u00f9 les discussions sur les st\u00e9r\u00e9otypes de genre sont encourag\u00e9es, chaque acteur de l&rsquo;\u00e9ducation contribue \u00e0 renforcer le message que la <strong>lutte contre les st\u00e9r\u00e9otypes<\/strong> est l&rsquo;affaire de tous. La synergie entre les \u00e9coles et les familles est un levier fondamental pour obtenir des r\u00e9sultats concrets.<\/p>\n\n<h2 class=\"wp-block-heading\">Questions fr\u00e9quentes sur l&rsquo;\u00e9galit\u00e9 filles-gar\u00e7ons et les pr\u00e9jug\u00e9s de genre<\/h2>\n\n<p><strong>Pourquoi est-il important de s&rsquo;engager dans la lutte contre les st\u00e9r\u00e9otypes de genre \u00e0 l&rsquo;\u00e9cole ?<\/strong><\/p>\n\n<p>Les st\u00e9r\u00e9otypes de genre affectent la confiance des \u00e9l\u00e8ves et leur capacit\u00e9 \u00e0 s&rsquo;exprimer. En s&rsquo;engageant contre ces pr\u00e9jug\u00e9s, l&rsquo;\u00e9cole contribue \u00e0 construire un environnement o\u00f9 tous les \u00e9l\u00e8ves peuvent se d\u00e9velopper pleinement.<\/p>\n\n<p><strong>Comment les parents peuvent-ils participer \u00e0 cette dynamique ?<\/strong><\/p>\n\n<p>Les parents peuvent aider en s&rsquo;informant sur les enjeux de genre et en participant aux ateliers organis\u00e9s par l&rsquo;\u00e9cole. Discuter avec leurs enfants des attentes de genre peut \u00e9galement aider \u00e0 d\u00e9construire les st\u00e9r\u00e9otypes.<\/p>\n\n<p><strong>Quelles sont les initiatives cl\u00e9s mises en place \u00e0 Villeurbanne ?<\/strong><\/p>\n\n<p>Les initiatives incluent des ateliers de sensibilisation, des \u00e9v\u00e9nements sportifs mixtes, des comp\u00e9titions artistiques et des rencontres avec des professionnelles inspirantes, favorisant ainsi une culture d&rsquo;\u00e9galit\u00e9.<\/p>\n\n<p><strong>Qu&rsquo;est-ce que l&rsquo;\u00e9ducation inclusive dans le contexte de l&rsquo;\u00e9galit\u00e9 filles-gar\u00e7ons ?<\/strong><\/p>\n\n<p>L&rsquo;\u00e9ducation inclusive vise \u00e0 assurer que tous les \u00e9l\u00e8ves, quel que soit leur genre, aient un acc\u00e8s \u00e9gal aux opportunit\u00e9s d&rsquo;apprentissage et soient valoris\u00e9s pour leurs comp\u00e9tences individuelles.<\/p>\n\n<p><strong>Quelle est l&rsquo;importance de la mixit\u00e9 \u00e0 l&rsquo;\u00e9cole ?<\/strong><\/p>\n\n<p>La mixit\u00e9 favorise l&rsquo;\u00e9change et l&rsquo;enrichissement mutuel entre \u00e9l\u00e8ves de diff\u00e9rents genres, contribuant ainsi \u00e0 une meilleure compr\u00e9hension et \u00e0 une r\u00e9duction des pr\u00e9jug\u00e9s de genre.<\/p>\n\n","protected":false},"excerpt":{"rendered":"<p>\u00c0 Villeurbanne, une dynamique nouvelle se dessine dans le milieu scolaire avec une volont\u00e9 affich\u00e9e de lutter contre les pr\u00e9jug\u00e9s de genre. Les \u00e9tablissements se mobilisent pour cr\u00e9er un environnement o\u00f9 filles et gar\u00e7ons peuvent exprimer leurs talents, libres des st\u00e9r\u00e9otypes qui les enferment. Ce mouvement est port\u00e9 par le minist\u00e8re de l&rsquo;\u00c9ducation \u00e0 travers &#8230; <a title=\"\u00c0 Villeurbanne, l&rsquo;\u00e9cole s&rsquo;engage contre les pr\u00e9jug\u00e9s de genre : Quand les filles montrent leur s\u00e9rieux et les gar\u00e7ons r\u00e9v\u00e8lent leurs talents\" class=\"read-more\" href=\"https:\/\/www.apres-lecole.fr\/Blog\/ecole-villeurbanne-prejuges-genre\/\" aria-label=\"En savoir plus sur \u00c0 Villeurbanne, l&rsquo;\u00e9cole s&rsquo;engage contre les pr\u00e9jug\u00e9s de genre : Quand les filles montrent leur s\u00e9rieux et les gar\u00e7ons r\u00e9v\u00e8lent leurs talents\">Lire plus<\/a><\/p>\n","protected":false},"author":7,"featured_media":2355,"comment_status":"open","ping_status":"open","sticky":false,"template":"","format":"standard","meta":{"footnotes":""},"categories":[342],"tags":[410,1599,1600,1478,1598],"class_list":["post-2356","post","type-post","status-publish","format-standard","has-post-thumbnail","hentry","category-actualites","tag-ecole","tag-prejuges-de-genre","tag-serieux","tag-talents","tag-villeurbanne"],"yoast_head":"<!-- This site is optimized with the Yoast SEO plugin v27.5 - https:\/\/yoast.com\/product\/yoast-seo-wordpress\/ -->\n<title>Villeurbanne : \u00c0 l\u2019\u00e9cole, filles et gar\u00e7ons brisent les st\u00e9r\u00e9otypes de genre<\/title>\n<meta name=\"description\" content=\"\u00c0 Villeurbanne, une \u00e9cole lutte contre les pr\u00e9jug\u00e9s de genre : filles, s\u00e9rieux et ambition ; gar\u00e7ons, talents et confiance en eux.\" \/>\n<meta name=\"robots\" content=\"index, follow, max-snippet:-1, max-image-preview:large, max-video-preview:-1\" \/>\n<link rel=\"canonical\" href=\"https:\/\/www.apres-lecole.fr\/Blog\/ecole-villeurbanne-prejuges-genre\/\" \/>\n<meta property=\"og:locale\" content=\"fr_FR\" \/>\n<meta property=\"og:type\" content=\"article\" \/>\n<meta property=\"og:title\" content=\"Villeurbanne : \u00c0 l\u2019\u00e9cole, filles et gar\u00e7ons brisent les st\u00e9r\u00e9otypes de genre\" \/>\n<meta property=\"og:description\" content=\"\u00c0 Villeurbanne, une \u00e9cole lutte contre les pr\u00e9jug\u00e9s de genre : filles, s\u00e9rieux et ambition ; gar\u00e7ons, talents et confiance en eux.\" \/>\n<meta property=\"og:url\" content=\"https:\/\/www.apres-lecole.fr\/Blog\/ecole-villeurbanne-prejuges-genre\/\" \/>\n<meta property=\"article:published_time\" content=\"2025-09-22T07:11:15+00:00\" \/>\n<meta property=\"og:image\" content=\"https:\/\/www.apres-lecole.fr\/Blog\/wp-content\/uploads\/2025\/09\/A-Villeurbanne-lecole-sengage-contre-les-prejuges-de-genre-Quand-les-filles-montrent-leur-serieux-et-les-garcons-revelent-leurs-talents.jpg\" \/>\n\t<meta property=\"og:image:width\" content=\"1344\" \/>\n\t<meta property=\"og:image:height\" content=\"768\" \/>\n\t<meta property=\"og:image:type\" content=\"image\/jpeg\" \/>\n<meta name=\"twitter:card\" content=\"summary_large_image\" \/>\n<meta name=\"twitter:label1\" content=\"\u00c9crit par\" \/>\n\t<meta name=\"twitter:data1\" content=\"\" \/>\n\t<meta name=\"twitter:label2\" content=\"Dur\u00e9e de lecture estim\u00e9e\" \/>\n\t<meta name=\"twitter:data2\" content=\"8 minutes\" \/>\n<script type=\"application\/ld+json\" class=\"yoast-schema-graph\">{\"@context\":\"https:\\\/\\\/schema.org\",\"@graph\":[{\"@type\":\"Article\",\"@id\":\"https:\\\/\\\/www.apres-lecole.fr\\\/Blog\\\/ecole-villeurbanne-prejuges-genre\\\/#article\",\"isPartOf\":{\"@id\":\"https:\\\/\\\/www.apres-lecole.fr\\\/Blog\\\/ecole-villeurbanne-prejuges-genre\\\/\"},\"author\":{\"name\":\"\",\"@id\":\"\"},\"headline\":\"\u00c0 Villeurbanne, l&rsquo;\u00e9cole s&rsquo;engage contre les pr\u00e9jug\u00e9s de genre : Quand les filles montrent leur s\u00e9rieux et les gar\u00e7ons r\u00e9v\u00e8lent leurs talents\",\"datePublished\":\"2025-09-22T07:11:15+00:00\",\"mainEntityOfPage\":{\"@id\":\"https:\\\/\\\/www.apres-lecole.fr\\\/Blog\\\/ecole-villeurbanne-prejuges-genre\\\/\"},\"wordCount\":1598,\"commentCount\":0,\"image\":{\"@id\":\"https:\\\/\\\/www.apres-lecole.fr\\\/Blog\\\/ecole-villeurbanne-prejuges-genre\\\/#primaryimage\"},\"thumbnailUrl\":\"https:\\\/\\\/www.apres-lecole.fr\\\/Blog\\\/wp-content\\\/uploads\\\/2025\\\/09\\\/A-Villeurbanne-lecole-sengage-contre-les-prejuges-de-genre-Quand-les-filles-montrent-leur-serieux-et-les-garcons-revelent-leurs-talents.jpg\",\"keywords\":[\"\u00e9cole\",\"pr\u00e9jug\u00e9s de genre\",\"s\u00e9rieux\",\"talents\",\"villeurbanne\"],\"articleSection\":[\"Actualit\u00e9s\"],\"inLanguage\":\"fr-FR\",\"potentialAction\":[{\"@type\":\"CommentAction\",\"name\":\"Comment\",\"target\":[\"https:\\\/\\\/www.apres-lecole.fr\\\/Blog\\\/ecole-villeurbanne-prejuges-genre\\\/#respond\"]}]},{\"@type\":\"WebPage\",\"@id\":\"https:\\\/\\\/www.apres-lecole.fr\\\/Blog\\\/ecole-villeurbanne-prejuges-genre\\\/\",\"url\":\"https:\\\/\\\/www.apres-lecole.fr\\\/Blog\\\/ecole-villeurbanne-prejuges-genre\\\/\",\"name\":\"Villeurbanne : \u00c0 l\u2019\u00e9cole, filles et gar\u00e7ons brisent les st\u00e9r\u00e9otypes de genre\",\"isPartOf\":{\"@id\":\"https:\\\/\\\/www.apres-lecole.fr\\\/Blog\\\/#website\"},\"primaryImageOfPage\":{\"@id\":\"https:\\\/\\\/www.apres-lecole.fr\\\/Blog\\\/ecole-villeurbanne-prejuges-genre\\\/#primaryimage\"},\"image\":{\"@id\":\"https:\\\/\\\/www.apres-lecole.fr\\\/Blog\\\/ecole-villeurbanne-prejuges-genre\\\/#primaryimage\"},\"thumbnailUrl\":\"https:\\\/\\\/www.apres-lecole.fr\\\/Blog\\\/wp-content\\\/uploads\\\/2025\\\/09\\\/A-Villeurbanne-lecole-sengage-contre-les-prejuges-de-genre-Quand-les-filles-montrent-leur-serieux-et-les-garcons-revelent-leurs-talents.jpg\",\"datePublished\":\"2025-09-22T07:11:15+00:00\",\"author\":{\"@id\":\"\"},\"description\":\"\u00c0 Villeurbanne, une \u00e9cole lutte contre les pr\u00e9jug\u00e9s de genre : filles, s\u00e9rieux et ambition ; gar\u00e7ons, talents et confiance en eux.\",\"breadcrumb\":{\"@id\":\"https:\\\/\\\/www.apres-lecole.fr\\\/Blog\\\/ecole-villeurbanne-prejuges-genre\\\/#breadcrumb\"},\"inLanguage\":\"fr-FR\",\"potentialAction\":[{\"@type\":\"ReadAction\",\"target\":[\"https:\\\/\\\/www.apres-lecole.fr\\\/Blog\\\/ecole-villeurbanne-prejuges-genre\\\/\"]}]},{\"@type\":\"ImageObject\",\"inLanguage\":\"fr-FR\",\"@id\":\"https:\\\/\\\/www.apres-lecole.fr\\\/Blog\\\/ecole-villeurbanne-prejuges-genre\\\/#primaryimage\",\"url\":\"https:\\\/\\\/www.apres-lecole.fr\\\/Blog\\\/wp-content\\\/uploads\\\/2025\\\/09\\\/A-Villeurbanne-lecole-sengage-contre-les-prejuges-de-genre-Quand-les-filles-montrent-leur-serieux-et-les-garcons-revelent-leurs-talents.jpg\",\"contentUrl\":\"https:\\\/\\\/www.apres-lecole.fr\\\/Blog\\\/wp-content\\\/uploads\\\/2025\\\/09\\\/A-Villeurbanne-lecole-sengage-contre-les-prejuges-de-genre-Quand-les-filles-montrent-leur-serieux-et-les-garcons-revelent-leurs-talents.jpg\",\"width\":1344,\"height\":768,\"caption\":\"d\u00e9couvrez comment une \u00e9cole de villeurbanne lutte contre les pr\u00e9jug\u00e9s de genre en valorisant l\u2019engagement des filles et les talents des gar\u00e7ons, pour une \u00e9ducation plus \u00e9galitaire et inclusive.\"},{\"@type\":\"BreadcrumbList\",\"@id\":\"https:\\\/\\\/www.apres-lecole.fr\\\/Blog\\\/ecole-villeurbanne-prejuges-genre\\\/#breadcrumb\",\"itemListElement\":[{\"@type\":\"ListItem\",\"position\":1,\"name\":\"Home\",\"item\":\"https:\\\/\\\/www.apres-lecole.fr\\\/Blog\\\/\"},{\"@type\":\"ListItem\",\"position\":2,\"name\":\"\u00c0 Villeurbanne, l&rsquo;\u00e9cole s&rsquo;engage contre les pr\u00e9jug\u00e9s de genre : Quand les filles montrent leur s\u00e9rieux et les gar\u00e7ons r\u00e9v\u00e8lent leurs talents\"}]},{\"@type\":\"WebSite\",\"@id\":\"https:\\\/\\\/www.apres-lecole.fr\\\/Blog\\\/#website\",\"url\":\"https:\\\/\\\/www.apres-lecole.fr\\\/Blog\\\/\",\"name\":\"\",\"description\":\"M\u00e9dia g\u00e9n\u00e9raliste\",\"potentialAction\":[{\"@type\":\"SearchAction\",\"target\":{\"@type\":\"EntryPoint\",\"urlTemplate\":\"https:\\\/\\\/www.apres-lecole.fr\\\/Blog\\\/?s={search_term_string}\"},\"query-input\":{\"@type\":\"PropertyValueSpecification\",\"valueRequired\":true,\"valueName\":\"search_term_string\"}}],\"inLanguage\":\"fr-FR\"},{\"@type\":\"Person\",\"@id\":\"\",\"url\":\"https:\\\/\\\/www.apres-lecole.fr\\\/Blog\\\/author\\\/\"}]}<\/script>\n<!-- \/ Yoast SEO plugin. -->","yoast_head_json":{"title":"Villeurbanne : \u00c0 l\u2019\u00e9cole, filles et gar\u00e7ons brisent les st\u00e9r\u00e9otypes de genre","description":"\u00c0 Villeurbanne, une \u00e9cole lutte contre les pr\u00e9jug\u00e9s de genre : filles, s\u00e9rieux et ambition ; gar\u00e7ons, talents et confiance en eux.","robots":{"index":"index","follow":"follow","max-snippet":"max-snippet:-1","max-image-preview":"max-image-preview:large","max-video-preview":"max-video-preview:-1"},"canonical":"https:\/\/www.apres-lecole.fr\/Blog\/ecole-villeurbanne-prejuges-genre\/","og_locale":"fr_FR","og_type":"article","og_title":"Villeurbanne : \u00c0 l\u2019\u00e9cole, filles et gar\u00e7ons brisent les st\u00e9r\u00e9otypes de genre","og_description":"\u00c0 Villeurbanne, une \u00e9cole lutte contre les pr\u00e9jug\u00e9s de genre : filles, s\u00e9rieux et ambition ; gar\u00e7ons, talents et confiance en eux.","og_url":"https:\/\/www.apres-lecole.fr\/Blog\/ecole-villeurbanne-prejuges-genre\/","article_published_time":"2025-09-22T07:11:15+00:00","og_image":[{"width":1344,"height":768,"url":"https:\/\/www.apres-lecole.fr\/Blog\/wp-content\/uploads\/2025\/09\/A-Villeurbanne-lecole-sengage-contre-les-prejuges-de-genre-Quand-les-filles-montrent-leur-serieux-et-les-garcons-revelent-leurs-talents.jpg","type":"image\/jpeg"}],"twitter_card":"summary_large_image","twitter_misc":{"\u00c9crit par":"","Dur\u00e9e de lecture estim\u00e9e":"8 minutes"},"schema":{"@context":"https:\/\/schema.org","@graph":[{"@type":"Article","@id":"https:\/\/www.apres-lecole.fr\/Blog\/ecole-villeurbanne-prejuges-genre\/#article","isPartOf":{"@id":"https:\/\/www.apres-lecole.fr\/Blog\/ecole-villeurbanne-prejuges-genre\/"},"author":{"name":"","@id":""},"headline":"\u00c0 Villeurbanne, l&rsquo;\u00e9cole s&rsquo;engage contre les pr\u00e9jug\u00e9s de genre : Quand les filles montrent leur s\u00e9rieux et les gar\u00e7ons r\u00e9v\u00e8lent leurs talents","datePublished":"2025-09-22T07:11:15+00:00","mainEntityOfPage":{"@id":"https:\/\/www.apres-lecole.fr\/Blog\/ecole-villeurbanne-prejuges-genre\/"},"wordCount":1598,"commentCount":0,"image":{"@id":"https:\/\/www.apres-lecole.fr\/Blog\/ecole-villeurbanne-prejuges-genre\/#primaryimage"},"thumbnailUrl":"https:\/\/www.apres-lecole.fr\/Blog\/wp-content\/uploads\/2025\/09\/A-Villeurbanne-lecole-sengage-contre-les-prejuges-de-genre-Quand-les-filles-montrent-leur-serieux-et-les-garcons-revelent-leurs-talents.jpg","keywords":["\u00e9cole","pr\u00e9jug\u00e9s de genre","s\u00e9rieux","talents","villeurbanne"],"articleSection":["Actualit\u00e9s"],"inLanguage":"fr-FR","potentialAction":[{"@type":"CommentAction","name":"Comment","target":["https:\/\/www.apres-lecole.fr\/Blog\/ecole-villeurbanne-prejuges-genre\/#respond"]}]},{"@type":"WebPage","@id":"https:\/\/www.apres-lecole.fr\/Blog\/ecole-villeurbanne-prejuges-genre\/","url":"https:\/\/www.apres-lecole.fr\/Blog\/ecole-villeurbanne-prejuges-genre\/","name":"Villeurbanne : \u00c0 l\u2019\u00e9cole, filles et gar\u00e7ons brisent les st\u00e9r\u00e9otypes de genre","isPartOf":{"@id":"https:\/\/www.apres-lecole.fr\/Blog\/#website"},"primaryImageOfPage":{"@id":"https:\/\/www.apres-lecole.fr\/Blog\/ecole-villeurbanne-prejuges-genre\/#primaryimage"},"image":{"@id":"https:\/\/www.apres-lecole.fr\/Blog\/ecole-villeurbanne-prejuges-genre\/#primaryimage"},"thumbnailUrl":"https:\/\/www.apres-lecole.fr\/Blog\/wp-content\/uploads\/2025\/09\/A-Villeurbanne-lecole-sengage-contre-les-prejuges-de-genre-Quand-les-filles-montrent-leur-serieux-et-les-garcons-revelent-leurs-talents.jpg","datePublished":"2025-09-22T07:11:15+00:00","author":{"@id":""},"description":"\u00c0 Villeurbanne, une \u00e9cole lutte contre les pr\u00e9jug\u00e9s de genre : filles, s\u00e9rieux et ambition ; gar\u00e7ons, talents et confiance en eux.","breadcrumb":{"@id":"https:\/\/www.apres-lecole.fr\/Blog\/ecole-villeurbanne-prejuges-genre\/#breadcrumb"},"inLanguage":"fr-FR","potentialAction":[{"@type":"ReadAction","target":["https:\/\/www.apres-lecole.fr\/Blog\/ecole-villeurbanne-prejuges-genre\/"]}]},{"@type":"ImageObject","inLanguage":"fr-FR","@id":"https:\/\/www.apres-lecole.fr\/Blog\/ecole-villeurbanne-prejuges-genre\/#primaryimage","url":"https:\/\/www.apres-lecole.fr\/Blog\/wp-content\/uploads\/2025\/09\/A-Villeurbanne-lecole-sengage-contre-les-prejuges-de-genre-Quand-les-filles-montrent-leur-serieux-et-les-garcons-revelent-leurs-talents.jpg","contentUrl":"https:\/\/www.apres-lecole.fr\/Blog\/wp-content\/uploads\/2025\/09\/A-Villeurbanne-lecole-sengage-contre-les-prejuges-de-genre-Quand-les-filles-montrent-leur-serieux-et-les-garcons-revelent-leurs-talents.jpg","width":1344,"height":768,"caption":"d\u00e9couvrez comment une \u00e9cole de villeurbanne lutte contre les pr\u00e9jug\u00e9s de genre en valorisant l\u2019engagement des filles et les talents des gar\u00e7ons, pour une \u00e9ducation plus \u00e9galitaire et inclusive."},{"@type":"BreadcrumbList","@id":"https:\/\/www.apres-lecole.fr\/Blog\/ecole-villeurbanne-prejuges-genre\/#breadcrumb","itemListElement":[{"@type":"ListItem","position":1,"name":"Home","item":"https:\/\/www.apres-lecole.fr\/Blog\/"},{"@type":"ListItem","position":2,"name":"\u00c0 Villeurbanne, l&rsquo;\u00e9cole s&rsquo;engage contre les pr\u00e9jug\u00e9s de genre : Quand les filles montrent leur s\u00e9rieux et les gar\u00e7ons r\u00e9v\u00e8lent leurs talents"}]},{"@type":"WebSite","@id":"https:\/\/www.apres-lecole.fr\/Blog\/#website","url":"https:\/\/www.apres-lecole.fr\/Blog\/","name":"","description":"M\u00e9dia g\u00e9n\u00e9raliste","potentialAction":[{"@type":"SearchAction","target":{"@type":"EntryPoint","urlTemplate":"https:\/\/www.apres-lecole.fr\/Blog\/?s={search_term_string}"},"query-input":{"@type":"PropertyValueSpecification","valueRequired":true,"valueName":"search_term_string"}}],"inLanguage":"fr-FR"},{"@type":"Person","@id":"","url":"https:\/\/www.apres-lecole.fr\/Blog\/author\/"}]}},"views":4,"_links":{"self":[{"href":"https:\/\/www.apres-lecole.fr\/Blog\/wp-json\/wp\/v2\/posts\/2356","targetHints":{"allow":["GET"]}}],"collection":[{"href":"https:\/\/www.apres-lecole.fr\/Blog\/wp-json\/wp\/v2\/posts"}],"about":[{"href":"https:\/\/www.apres-lecole.fr\/Blog\/wp-json\/wp\/v2\/types\/post"}],"author":[{"embeddable":true,"href":"https:\/\/www.apres-lecole.fr\/Blog\/wp-json\/wp\/v2\/users\/7"}],"replies":[{"embeddable":true,"href":"https:\/\/www.apres-lecole.fr\/Blog\/wp-json\/wp\/v2\/comments?post=2356"}],"version-history":[{"count":0,"href":"https:\/\/www.apres-lecole.fr\/Blog\/wp-json\/wp\/v2\/posts\/2356\/revisions"}],"wp:featuredmedia":[{"embeddable":true,"href":"https:\/\/www.apres-lecole.fr\/Blog\/wp-json\/wp\/v2\/media\/2355"}],"wp:attachment":[{"href":"https:\/\/www.apres-lecole.fr\/Blog\/wp-json\/wp\/v2\/media?parent=2356"}],"wp:term":[{"taxonomy":"category","embeddable":true,"href":"https:\/\/www.apres-lecole.fr\/Blog\/wp-json\/wp\/v2\/categories?post=2356"},{"taxonomy":"post_tag","embeddable":true,"href":"https:\/\/www.apres-lecole.fr\/Blog\/wp-json\/wp\/v2\/tags?post=2356"}],"curies":[{"name":"wp","href":"https:\/\/api.w.org\/{rel}","templated":true}]}}