{"id":2352,"date":"2025-09-21T12:07:32","date_gmt":"2025-09-21T12:07:32","guid":{"rendered":"https:\/\/www.apres-lecole.fr\/Blog\/cap-school-reduction-dechets\/"},"modified":"2025-09-21T12:07:32","modified_gmt":"2025-09-21T12:07:32","slug":"cap-school-reduction-dechets","status":"publish","type":"post","link":"https:\/\/www.apres-lecole.fr\/Blog\/cap-school-reduction-dechets\/","title":{"rendered":"L&rsquo;\u00e9cole Cap School Montessori se mobilise pour la r\u00e9duction des d\u00e9chets"},"content":{"rendered":"\n\n<div class=\"kk-star-ratings kksr-auto kksr-align-left kksr-valign-top\"\n    data-payload='{&quot;align&quot;:&quot;left&quot;,&quot;id&quot;:&quot;2352&quot;,&quot;slug&quot;:&quot;default&quot;,&quot;valign&quot;:&quot;top&quot;,&quot;ignore&quot;:&quot;&quot;,&quot;reference&quot;:&quot;auto&quot;,&quot;class&quot;:&quot;&quot;,&quot;count&quot;:&quot;0&quot;,&quot;legendonly&quot;:&quot;&quot;,&quot;readonly&quot;:&quot;&quot;,&quot;score&quot;:&quot;0&quot;,&quot;starsonly&quot;:&quot;&quot;,&quot;best&quot;:&quot;5&quot;,&quot;gap&quot;:&quot;5&quot;,&quot;greet&quot;:&quot;Rate this post&quot;,&quot;legend&quot;:&quot;0\\\/5 - (0 vote)&quot;,&quot;size&quot;:&quot;24&quot;,&quot;title&quot;:&quot;L\\u0026#039;\u00e9cole Cap School Montessori se mobilise pour la r\u00e9duction des d\u00e9chets&quot;,&quot;width&quot;:&quot;0&quot;,&quot;_legend&quot;:&quot;{score}\\\/{best} - ({count} {votes})&quot;,&quot;font_factor&quot;:&quot;1.25&quot;}'>\n            \n<div class=\"kksr-stars\">\n    \n<div class=\"kksr-stars-inactive\">\n            <div class=\"kksr-star\" data-star=\"1\" style=\"padding-right: 5px\">\n            \n\n<div class=\"kksr-icon\" style=\"width: 24px; height: 24px;\"><\/div>\n        <\/div>\n            <div class=\"kksr-star\" data-star=\"2\" style=\"padding-right: 5px\">\n            \n\n<div class=\"kksr-icon\" style=\"width: 24px; height: 24px;\"><\/div>\n        <\/div>\n            <div class=\"kksr-star\" data-star=\"3\" style=\"padding-right: 5px\">\n            \n\n<div class=\"kksr-icon\" style=\"width: 24px; height: 24px;\"><\/div>\n        <\/div>\n            <div class=\"kksr-star\" data-star=\"4\" style=\"padding-right: 5px\">\n            \n\n<div class=\"kksr-icon\" style=\"width: 24px; height: 24px;\"><\/div>\n        <\/div>\n            <div class=\"kksr-star\" data-star=\"5\" style=\"padding-right: 5px\">\n            \n\n<div class=\"kksr-icon\" style=\"width: 24px; height: 24px;\"><\/div>\n        <\/div>\n    <\/div>\n    \n<div class=\"kksr-stars-active\" style=\"width: 0px;\">\n            <div class=\"kksr-star\" style=\"padding-right: 5px\">\n            \n\n<div class=\"kksr-icon\" style=\"width: 24px; height: 24px;\"><\/div>\n        <\/div>\n            <div class=\"kksr-star\" style=\"padding-right: 5px\">\n            \n\n<div class=\"kksr-icon\" style=\"width: 24px; height: 24px;\"><\/div>\n        <\/div>\n            <div class=\"kksr-star\" style=\"padding-right: 5px\">\n            \n\n<div class=\"kksr-icon\" style=\"width: 24px; height: 24px;\"><\/div>\n        <\/div>\n            <div class=\"kksr-star\" style=\"padding-right: 5px\">\n            \n\n<div class=\"kksr-icon\" style=\"width: 24px; height: 24px;\"><\/div>\n        <\/div>\n            <div class=\"kksr-star\" style=\"padding-right: 5px\">\n            \n\n<div class=\"kksr-icon\" style=\"width: 24px; height: 24px;\"><\/div>\n        <\/div>\n    <\/div>\n<\/div>\n                \n\n<div class=\"kksr-legend\" style=\"font-size: 19.2px;\">\n            <span class=\"kksr-muted\">Rate this post<\/span>\n    <\/div>\n    <\/div>\n<p>\u00c0 Calvisson, l&rsquo;\u00e9cole Cap School Montessori se distingue par son engagement \u00e9coresponsable. Dans un contexte o\u00f9 la gestion des d\u00e9chets est devenue une priorit\u00e9 incontournable, l\u2019\u00e9tablissement s\u2019investit activement pour transmettre des valeurs de durabilit\u00e9 \u00e0 ses \u00e9l\u00e8ves. R\u00e9cemment, les enfants, encadr\u00e9s par leur directrice Morgane Salomone, ont particip\u00e9 \u00e0 une grande chasse aux d\u00e9chets le long de la voie verte. Arm\u00e9s de gants et de sacs, ils ont pu mettre en pratique les enseignements th\u00e9oriques sur l&rsquo;\u00e9cologie re\u00e7us en classe. Ce m\u00e9lange d&rsquo;apprentissage et d&rsquo;action illustre parfaitement la philosophie Montessori, qui pr\u00f4ne l&rsquo;\u00e9ducation par l&rsquo;exp\u00e9rience. Au-del\u00e0 de cette initiative, l&rsquo;\u00e9cole a \u00e9galement d\u00e9voil\u00e9 ses projets pour l&rsquo;avenir, notamment l&rsquo;ouverture d&rsquo;une nouvelle section de lyc\u00e9e et l&rsquo;int\u00e9gration de pratiques \u00e9ducatives innovantes autour de la th\u00e9matique du z\u00e9ro d\u00e9chet.<\/p>\n\n<h2 class=\"wp-block-heading\">L&rsquo;\u00e9cole Montessori : une approche pratique du d\u00e9veloppement durable<\/h2>\n\n<p>L\u2019\u00e9cole Cap School Montessori ne se contente pas d\u2019enseigner les bases de l\u2019\u00e9cologie, elle \u00e9veille les consciences et d\u00e9veloppe les comp\u00e9tences pratiques des \u00e9l\u00e8ves. En explorant des concepts tels que le <strong>zero waste<\/strong> et les techniques de recyclage, les enfants apprennent \u00e0 devenir des citoyens responsables.<\/p>\n\n<h3 class=\"wp-block-heading\">L&rsquo;importance de l&rsquo;\u00e9ducation \u00e9cologique<\/h3>\n\n<p>Avec des cons\u00e9quences d\u00e9j\u00e0 visibles sur l&rsquo;environnement, la n\u00e9cessit\u00e9 d&rsquo;une sensibilisation pr\u00e9coce \u00e0 l&rsquo;\u00e9cologie prend tout son sens. Durant la chasse aux d\u00e9chets, les \u00e9l\u00e8ves ont eu l\u2019occasion de constater l\u2019impact de leurs actions sur leur environnement imm\u00e9diat. Ils d\u00e9couvrent, en premier lieu, les diverses cat\u00e9gories de d\u00e9chets : recyclables, non recyclables et compostables. En int\u00e9grant ces enseignements dans leur quotidien, ils deviennent des acteurs du changement.<\/p>\n\n<ul class=\"wp-block-list\"><li>Identification des d\u00e9chets : \ud83d\uddd1\ufe0f<\/li><li>Tri des d\u00e9chets : \u267b\ufe0f<\/li><li>R\u00e9duction \u00e0 la source : \ud83d\udeab<\/li><li>Compostage : \ud83c\udf31<\/li><\/ul>\n\n<p>Ces gestes, au d\u00e9part simples, favorisent l&rsquo;appropriation d\u2019un mode de vie durable qu\u2019ils pourront conserver tout au long de leur vie. D&rsquo;ailleurs, les \u00e9l\u00e8ves ont aussi exp\u00e9riment\u00e9 des alternatives z\u00e9ro d\u00e9chet comme les <strong>BeeWrap<\/strong> et les <strong>Lamazuna<\/strong>. Ils ont appris \u00e0 r\u00e9aliser des emballages \u00e0 la cire d&rsquo;abeille et des produits d&rsquo;hygi\u00e8ne \u00e9cologiques.<\/p>\n\n<figure class=\"wp-block-table\"><table>\n<thead>\n<tr>\n<th>Actions \u00c9cologiques<\/th>\n<th>R\u00e9sultats Attendus<\/th>\n<\/tr>\n<\/thead>\n<tbody>\n<tr>\n<td>Tri des d\u00e9chets<\/td>\n<td>Accroissement du recyclage<\/td>\n<\/tr>\n<tr>\n<td>Compostage<\/td>\n<td>R\u00e9duction des d\u00e9chets organiques<\/td>\n<\/tr>\n<tr>\n<td>Fabrication de produits z\u00e9ro d\u00e9chet<\/td>\n<td>Prise de conscience et autonomie<\/td>\n<\/tr>\n<\/tbody>\n<\/table><\/figure>\n\n<h2 class=\"wp-block-heading\">Mobilisation communautaire pour un futur durable<\/h2>\n\n<p>La mobilisation au sein de l&rsquo;\u00e9cole ne s&rsquo;arr\u00eate pas aux initiatives en classe. L&rsquo;\u00e9tablissement encourage les familles \u00e0 s&rsquo;impliquer dans cette dynamique collective. Des ateliers de sensibilisation sont r\u00e9guli\u00e8rement mis en place, permettant aux parents de d\u00e9couvrir et d&rsquo;appliquer les pratiques \u00e9cologiques \u00e0 la maison.<\/p>\n\n<h3 class=\"wp-block-heading\">Un r\u00e9seau d&rsquo;alli\u00e9s pour l&rsquo;\u00e9ducation au d\u00e9veloppement durable<\/h3>\n\n<p>Pour renforcer cette approche, l&rsquo;\u00e9cole s&rsquo;est associ\u00e9e \u00e0 des organisations comme <strong>Zero Waste France<\/strong> et <strong>Les Mouettes Vertes<\/strong>. Ces partenariats \u00e9largissent l\u2019horizon \u00e9ducatif et offrent des ressources suppl\u00e9mentaires pour int\u00e9grer des activit\u00e9s pratiques au programme scolaire. Les \u00e9l\u00e8ves peuvent ainsi participer \u00e0 des projets collectifs dans la commune, allant des ramassages de d\u00e9chets dans les espaces publics aux ateliers de cr\u00e9ation de composteurs pour les jardins de l&rsquo;\u00e9cole.<\/p>\n\n<ul class=\"wp-block-list\"><li>Partenariats locaux : \ud83e\udd1d<\/li><li>Ateliers communautaires : \ud83c\udfe1<\/li><li>Actions de nettoyage : \ud83d\udc4c<\/li><li>\u00c9ducation familiale : \ud83c\udf93<\/li><\/ul>\n\n<p>Cette dimension communautaire permet de renforcer les comp\u00e9tences sociales des \u00e9l\u00e8ves, tout en cr\u00e9ant un sentiment d\u2019appartenance \u00e0 un projet collectif fort. Les parents sont ainsi invit\u00e9s \u00e0 ajouter leur touche personnelle en apportant des mat\u00e9riaux recyclables pour les ateliers cr\u00e9atifs, en fonction des initiatives mises en lumi\u00e8re par <strong>Lamazuna<\/strong> et <strong>Les Petits Bidons<\/strong>.<\/p>\n\n<figure class=\"wp-block-table\"><table>\n<thead>\n<tr>\n<th>Type d&rsquo;Atelier<\/th>\n<th>Objectif<\/th>\n<\/tr>\n<\/thead>\n<tbody>\n<tr>\n<td>Fabrication de produits d&rsquo;hygi\u00e8ne<\/td>\n<td>Apprendre \u00e0 r\u00e9duire les d\u00e9chets<\/td>\n<\/tr>\n<tr>\n<td>Jardinage et compostage<\/td>\n<td>Comprendre le cycle de la vie<\/td>\n<\/tr>\n<tr>\n<td>Cr\u00e9ation d&rsquo;objets recycl\u00e9s<\/td>\n<td>Stimuler la cr\u00e9ativit\u00e9<\/td>\n<\/tr>\n<\/tbody>\n<\/table><\/figure>\n\n<h2 class=\"wp-block-heading\">Les innovations p\u00e9dagogiques au service de l&rsquo;\u00e9ducation durable<\/h2>\n\n<p>Cap School Montessori ne cesse de se r\u00e9inventer pour r\u00e9pondre aux enjeux contemporains. Avec l&rsquo;ouverture d&rsquo;une nouvelle section lyc\u00e9e, toute l&rsquo;\u00e9quipe \u00e9ducative se mobilise pour int\u00e9grer les enjeux environnementaux au cursus scolaire. Des mati\u00e8res comme l&rsquo;\u00e9ducation civique et \u00e9cologique deviennent essentielles et sont transversales aux autres contenus.<\/p>\n\n<h3 class=\"wp-block-heading\">Une p\u00e9dagogie adapt\u00e9e aux d\u00e9fis de demain<\/h3>\n\n<p>Les enseignants mettent en place des projets pluridisciplinaires qui favorisent l\u2019apprentissage par comp\u00e9tences. Loin d&rsquo;une approche th\u00e9orique d\u00e9connect\u00e9e, chaque concept est ancr\u00e9 dans des projets r\u00e9els ayant un impact social ou environnemental. Par exemple, les \u00e9l\u00e8ves explorent le syst\u00e8me de consommation et ses cons\u00e9quences \u00e0 travers des \u00e9tudes de cas sur les d\u00e9chets plastiques, souvent encourag\u00e9s par des initiatives de soci\u00e9t\u00e9 comme celles port\u00e9es par <strong>Ecolopop<\/strong> ou <strong>Qwetch<\/strong>.<\/p>\n\n<ul class=\"wp-block-list\"><li>Projets interdisciplinaires : \ud83d\udcda<\/li><li>Th\u00e8mes environnementaux : \ud83c\udf0d<\/li><li>Activit\u00e9s pratiques : \ud83d\udee0\ufe0f<\/li><li>Engagement des \u00e9l\u00e8ves : \ud83d\ude80<\/li><\/ul>\n\n<p>La r\u00e9ussite de ce mod\u00e8le repose sur l&rsquo;enthousiasme des \u00e9l\u00e8ves et l\u2019investissement de l\u2019\u00e9quipe \u00e9ducative. Les retours d\u2019exp\u00e9rience montrent un fort int\u00e9r\u00eat des \u00e9l\u00e8ves pour les initiatives \u00e9coresponsables visibles dans leur vie quotidienne. Cette dynamique peut \u00e9galement inspirer d&rsquo;autres \u00e9tablissements, comme l&rsquo;\u00e9cole Saint-Exup\u00e9ry qui met l&rsquo;accent sur des valeurs similaires <a href=\"https:\/\/www.apres-lecole.fr\/Blog\/histoire-ecole-saint-exupery-2025\/\">lien ici<\/a>.<\/p>\n\n<h2 class=\"wp-block-heading\">Vers une culture de la r\u00e9duction des d\u00e9chets \u00e0 l&rsquo;\u00e9cole<\/h2>\n\n<p>La culture de la r\u00e9duction des d\u00e9chets s&rsquo;\u00e9panouit \u00e9galement gr\u00e2ce \u00e0 des r\u00e9flexions plus larges et \u00e0 l&rsquo;int\u00e9gration dans la culture scolaire. Chaque membre de l&rsquo;\u00e9tablissement, du personnel administratif aux \u00e9l\u00e8ves, est impliqu\u00e9 dans cette d\u00e9marche. La conception des cantines scolaires prend \u00e9galement en compte l&rsquo;impact environnemental des repas servis. En 2025, l&rsquo;\u00e9cole poursuit sa lutte contre le gaspillage et promeut des alternatives durables.<\/p>\n\n<h3 class=\"wp-block-heading\">Une r\u00e9flexion sur la consommation alimentaire<\/h3>\n\n<p>\u00c0 travers des choix r\u00e9fl\u00e9chis, les repas du midi visent \u00e0 utiliser des produits frais, locaux et de saison, minimisant ainsi l&#8217;emballage et la production de d\u00e9chets. En int\u00e9grant des entreprises locales telles que J&rsquo;aime mes dents et Mutum dans la cha\u00eene d&rsquo;approvisionnement, l&rsquo;\u00e9cole encourage des pratiques alimentaires durables et locales. Cette d\u00e9marche ouvre la voie \u00e0 une r\u00e9flexion collective sur l&rsquo;impact de notre alimentation sur l&rsquo;environnement.<\/p>\n\n<ul class=\"wp-block-list\"><li>Utilisation de produits locaux : \ud83e\udd55<\/li><li>R\u00e9duction des emballages : \ud83d\udce6<\/li><li>M\u00e9nage dans ses choix alimentaires : \ud83c\udf7d\ufe0f<\/li><li>Sensibilisation au gaspillage : \ud83e\udd61<\/li><\/ul>\n\n<p>Les initiatives de l&rsquo;\u00e9cole montrent comment l&rsquo;\u00e9ducation peut servir de catalyseur pour la transformation sociale, en int\u00e9grant une culture \u00e9coresponsable durable. La mobilisation de l&rsquo;ensemble de la communaut\u00e9 scolaire est un puissant levier pour changer les mentalit\u00e9s et adopter de nouveaux r\u00e9flexes. La synergie entre apprentissage th\u00e9orique et pratique s&rsquo;av\u00e8re \u00eatre une cl\u00e9 de succ\u00e8s qui pourrait inspirer d&rsquo;autres \u00e9tablissements. Jette un \u0153il aux projets d&rsquo;\u00e9coles innovants <a href=\"https:\/\/www.apres-lecole.fr\/Blog\/projets-ecoles-houppeville\/\">ici<\/a>.<\/p>\n\n<h3 class=\"wp-block-heading\">Questions fr\u00e9quentes<\/h3>\n\n<p><strong>Quel est l&rsquo;objectif principal de l&rsquo;\u00e9cole Cap School Montessori ?<\/strong><br> Son objectif est de sensibiliser les \u00e9l\u00e8ves aux enjeux environnementaux et de les pr\u00e9parer \u00e0 devenir des citoyens \u00e9clair\u00e9s.<\/p>\n\n<p><strong>Comment l&rsquo;\u00e9cole int\u00e8gre-t-elle les parents dans son projet \u00e9ducatif ?<\/strong><br> \u00c0 travers des ateliers et des \u00e9v\u00e9nements communautaires, les parents sont invit\u00e9s \u00e0 participer activement aux initiatives de r\u00e9duction des d\u00e9chets.<\/p>\n\n<p><strong>Quelles pratiques durables sont encourag\u00e9es \u00e0 l&rsquo;\u00e9cole ?<\/strong><br> L&rsquo;\u00e9cole enseigne des pratiques telles que le compostage, le tri des d\u00e9chets et l&rsquo;utilisation de produits z\u00e9ro d\u00e9chet.<\/p>\n\n<p><strong>Quelles sont les organisations partenaires de l&rsquo;\u00e9cole ?<\/strong><br> Parmi les partenaires, on trouve <strong>Zero Waste France<\/strong> et <strong>Les Mouettes Vertes<\/strong>, qui soutiennent les initiatives \u00e9cologiques de l&rsquo;\u00e9cole.<\/p>\n\n<p><strong>Quel type d&rsquo;ateliers sont propos\u00e9s aux \u00e9l\u00e8ves ?<\/strong><br> Les ateliers portent sur le jardinage, la fabrication de produits d&rsquo;hygi\u00e8ne \u00e9cologiques et d&rsquo;autres activit\u00e9s pratiques li\u00e9es \u00e0 la r\u00e9duction des d\u00e9chets.<\/p>\n\n","protected":false},"excerpt":{"rendered":"<p>\u00c0 Calvisson, l&rsquo;\u00e9cole Cap School Montessori se distingue par son engagement \u00e9coresponsable. Dans un contexte o\u00f9 la gestion des d\u00e9chets est devenue une priorit\u00e9 incontournable, l\u2019\u00e9tablissement s\u2019investit activement pour transmettre des valeurs de durabilit\u00e9 \u00e0 ses \u00e9l\u00e8ves. R\u00e9cemment, les enfants, encadr\u00e9s par leur directrice Morgane Salomone, ont particip\u00e9 \u00e0 une grande chasse aux d\u00e9chets le &#8230; <a title=\"L&rsquo;\u00e9cole Cap School Montessori se mobilise pour la r\u00e9duction des d\u00e9chets\" class=\"read-more\" href=\"https:\/\/www.apres-lecole.fr\/Blog\/cap-school-reduction-dechets\/\" aria-label=\"En savoir plus sur L&rsquo;\u00e9cole Cap School Montessori se mobilise pour la r\u00e9duction des d\u00e9chets\">Lire plus<\/a><\/p>\n","protected":false},"author":7,"featured_media":2351,"comment_status":"open","ping_status":"open","sticky":false,"template":"","format":"standard","meta":{"footnotes":""},"categories":[342],"tags":[1594,410,535,915,1595],"class_list":["post-2352","post","type-post","status-publish","format-standard","has-post-thumbnail","hentry","category-actualites","tag-cap-school-montessori","tag-ecole","tag-environnement","tag-montessori","tag-reduction-des-dechets"],"yoast_head":"<!-- This site is optimized with the Yoast SEO plugin v27.5 - https:\/\/yoast.com\/product\/yoast-seo-wordpress\/ -->\n<title>Cap School Montessori : Les Petits \u00c9cocitoyens Agissent contre les D\u00e9chets<\/title>\n<meta name=\"description\" content=\"Cap School Montessori s\u2019engage pour la plan\u00e8te : d\u00e9couvrez nos actions concr\u00e8tes pour r\u00e9duire les d\u00e9chets \u00e0 l\u2019\u00e9cole et sensibiliser les \u00e9l\u00e8ves.\" \/>\n<meta name=\"robots\" content=\"index, follow, max-snippet:-1, max-image-preview:large, max-video-preview:-1\" \/>\n<link rel=\"canonical\" href=\"https:\/\/www.apres-lecole.fr\/Blog\/cap-school-reduction-dechets\/\" \/>\n<meta property=\"og:locale\" content=\"fr_FR\" \/>\n<meta property=\"og:type\" content=\"article\" \/>\n<meta property=\"og:title\" content=\"Cap School Montessori : Les Petits \u00c9cocitoyens Agissent contre les D\u00e9chets\" \/>\n<meta property=\"og:description\" content=\"Cap School Montessori s\u2019engage pour la plan\u00e8te : d\u00e9couvrez nos actions concr\u00e8tes pour r\u00e9duire les d\u00e9chets \u00e0 l\u2019\u00e9cole et sensibiliser les \u00e9l\u00e8ves.\" \/>\n<meta property=\"og:url\" content=\"https:\/\/www.apres-lecole.fr\/Blog\/cap-school-reduction-dechets\/\" \/>\n<meta property=\"article:published_time\" content=\"2025-09-21T12:07:32+00:00\" \/>\n<meta property=\"og:image\" content=\"https:\/\/www.apres-lecole.fr\/Blog\/wp-content\/uploads\/2025\/09\/Lecole-Cap-School-Montessori-se-mobilise-pour-la-reduction-des-dechets.jpg\" \/>\n\t<meta property=\"og:image:width\" content=\"1344\" \/>\n\t<meta property=\"og:image:height\" content=\"768\" \/>\n\t<meta property=\"og:image:type\" content=\"image\/jpeg\" \/>\n<meta name=\"twitter:card\" content=\"summary_large_image\" \/>\n<meta name=\"twitter:label1\" content=\"\u00c9crit par\" \/>\n\t<meta name=\"twitter:data1\" content=\"\" \/>\n\t<meta name=\"twitter:label2\" content=\"Dur\u00e9e de lecture estim\u00e9e\" \/>\n\t<meta name=\"twitter:data2\" content=\"6 minutes\" \/>\n<script type=\"application\/ld+json\" class=\"yoast-schema-graph\">{\"@context\":\"https:\\\/\\\/schema.org\",\"@graph\":[{\"@type\":\"Article\",\"@id\":\"https:\\\/\\\/www.apres-lecole.fr\\\/Blog\\\/cap-school-reduction-dechets\\\/#article\",\"isPartOf\":{\"@id\":\"https:\\\/\\\/www.apres-lecole.fr\\\/Blog\\\/cap-school-reduction-dechets\\\/\"},\"author\":{\"name\":\"\",\"@id\":\"\"},\"headline\":\"L&rsquo;\u00e9cole Cap School Montessori se mobilise pour la r\u00e9duction des d\u00e9chets\",\"datePublished\":\"2025-09-21T12:07:32+00:00\",\"mainEntityOfPage\":{\"@id\":\"https:\\\/\\\/www.apres-lecole.fr\\\/Blog\\\/cap-school-reduction-dechets\\\/\"},\"wordCount\":1344,\"commentCount\":0,\"image\":{\"@id\":\"https:\\\/\\\/www.apres-lecole.fr\\\/Blog\\\/cap-school-reduction-dechets\\\/#primaryimage\"},\"thumbnailUrl\":\"https:\\\/\\\/www.apres-lecole.fr\\\/Blog\\\/wp-content\\\/uploads\\\/2025\\\/09\\\/Lecole-Cap-School-Montessori-se-mobilise-pour-la-reduction-des-dechets.jpg\",\"keywords\":[\"cap school montessori\",\"\u00e9cole\",\"environnement\",\"montessori\",\"r\u00e9duction des d\u00e9chets\"],\"articleSection\":[\"Actualit\u00e9s\"],\"inLanguage\":\"fr-FR\",\"potentialAction\":[{\"@type\":\"CommentAction\",\"name\":\"Comment\",\"target\":[\"https:\\\/\\\/www.apres-lecole.fr\\\/Blog\\\/cap-school-reduction-dechets\\\/#respond\"]}]},{\"@type\":\"WebPage\",\"@id\":\"https:\\\/\\\/www.apres-lecole.fr\\\/Blog\\\/cap-school-reduction-dechets\\\/\",\"url\":\"https:\\\/\\\/www.apres-lecole.fr\\\/Blog\\\/cap-school-reduction-dechets\\\/\",\"name\":\"Cap School Montessori : Les Petits \u00c9cocitoyens Agissent contre les D\u00e9chets\",\"isPartOf\":{\"@id\":\"https:\\\/\\\/www.apres-lecole.fr\\\/Blog\\\/#website\"},\"primaryImageOfPage\":{\"@id\":\"https:\\\/\\\/www.apres-lecole.fr\\\/Blog\\\/cap-school-reduction-dechets\\\/#primaryimage\"},\"image\":{\"@id\":\"https:\\\/\\\/www.apres-lecole.fr\\\/Blog\\\/cap-school-reduction-dechets\\\/#primaryimage\"},\"thumbnailUrl\":\"https:\\\/\\\/www.apres-lecole.fr\\\/Blog\\\/wp-content\\\/uploads\\\/2025\\\/09\\\/Lecole-Cap-School-Montessori-se-mobilise-pour-la-reduction-des-dechets.jpg\",\"datePublished\":\"2025-09-21T12:07:32+00:00\",\"author\":{\"@id\":\"\"},\"description\":\"Cap School Montessori s\u2019engage pour la plan\u00e8te : d\u00e9couvrez nos actions concr\u00e8tes pour r\u00e9duire les d\u00e9chets \u00e0 l\u2019\u00e9cole et sensibiliser les \u00e9l\u00e8ves.\",\"breadcrumb\":{\"@id\":\"https:\\\/\\\/www.apres-lecole.fr\\\/Blog\\\/cap-school-reduction-dechets\\\/#breadcrumb\"},\"inLanguage\":\"fr-FR\",\"potentialAction\":[{\"@type\":\"ReadAction\",\"target\":[\"https:\\\/\\\/www.apres-lecole.fr\\\/Blog\\\/cap-school-reduction-dechets\\\/\"]}]},{\"@type\":\"ImageObject\",\"inLanguage\":\"fr-FR\",\"@id\":\"https:\\\/\\\/www.apres-lecole.fr\\\/Blog\\\/cap-school-reduction-dechets\\\/#primaryimage\",\"url\":\"https:\\\/\\\/www.apres-lecole.fr\\\/Blog\\\/wp-content\\\/uploads\\\/2025\\\/09\\\/Lecole-Cap-School-Montessori-se-mobilise-pour-la-reduction-des-dechets.jpg\",\"contentUrl\":\"https:\\\/\\\/www.apres-lecole.fr\\\/Blog\\\/wp-content\\\/uploads\\\/2025\\\/09\\\/Lecole-Cap-School-Montessori-se-mobilise-pour-la-reduction-des-dechets.jpg\",\"width\":1344,\"height\":768,\"caption\":\"d\u00e9couvrez comment l'\u00e9cole cap school montessori s'engage activement dans la r\u00e9duction des d\u00e9chets \u00e0 travers des actions concr\u00e8tes, sensibilisant ainsi \u00e9l\u00e8ves et communaut\u00e9 \u00e0 l'\u00e9co-responsabilit\u00e9.\"},{\"@type\":\"BreadcrumbList\",\"@id\":\"https:\\\/\\\/www.apres-lecole.fr\\\/Blog\\\/cap-school-reduction-dechets\\\/#breadcrumb\",\"itemListElement\":[{\"@type\":\"ListItem\",\"position\":1,\"name\":\"Home\",\"item\":\"https:\\\/\\\/www.apres-lecole.fr\\\/Blog\\\/\"},{\"@type\":\"ListItem\",\"position\":2,\"name\":\"L&rsquo;\u00e9cole Cap School Montessori se mobilise pour la r\u00e9duction des d\u00e9chets\"}]},{\"@type\":\"WebSite\",\"@id\":\"https:\\\/\\\/www.apres-lecole.fr\\\/Blog\\\/#website\",\"url\":\"https:\\\/\\\/www.apres-lecole.fr\\\/Blog\\\/\",\"name\":\"\",\"description\":\"M\u00e9dia g\u00e9n\u00e9raliste\",\"potentialAction\":[{\"@type\":\"SearchAction\",\"target\":{\"@type\":\"EntryPoint\",\"urlTemplate\":\"https:\\\/\\\/www.apres-lecole.fr\\\/Blog\\\/?s={search_term_string}\"},\"query-input\":{\"@type\":\"PropertyValueSpecification\",\"valueRequired\":true,\"valueName\":\"search_term_string\"}}],\"inLanguage\":\"fr-FR\"},{\"@type\":\"Person\",\"@id\":\"\",\"url\":\"https:\\\/\\\/www.apres-lecole.fr\\\/Blog\\\/author\\\/\"}]}<\/script>\n<!-- \/ Yoast SEO plugin. -->","yoast_head_json":{"title":"Cap School Montessori : Les Petits \u00c9cocitoyens Agissent contre les D\u00e9chets","description":"Cap School Montessori s\u2019engage pour la plan\u00e8te : d\u00e9couvrez nos actions concr\u00e8tes pour r\u00e9duire les d\u00e9chets \u00e0 l\u2019\u00e9cole et sensibiliser les \u00e9l\u00e8ves.","robots":{"index":"index","follow":"follow","max-snippet":"max-snippet:-1","max-image-preview":"max-image-preview:large","max-video-preview":"max-video-preview:-1"},"canonical":"https:\/\/www.apres-lecole.fr\/Blog\/cap-school-reduction-dechets\/","og_locale":"fr_FR","og_type":"article","og_title":"Cap School Montessori : Les Petits \u00c9cocitoyens Agissent contre les D\u00e9chets","og_description":"Cap School Montessori s\u2019engage pour la plan\u00e8te : d\u00e9couvrez nos actions concr\u00e8tes pour r\u00e9duire les d\u00e9chets \u00e0 l\u2019\u00e9cole et sensibiliser les \u00e9l\u00e8ves.","og_url":"https:\/\/www.apres-lecole.fr\/Blog\/cap-school-reduction-dechets\/","article_published_time":"2025-09-21T12:07:32+00:00","og_image":[{"width":1344,"height":768,"url":"https:\/\/www.apres-lecole.fr\/Blog\/wp-content\/uploads\/2025\/09\/Lecole-Cap-School-Montessori-se-mobilise-pour-la-reduction-des-dechets.jpg","type":"image\/jpeg"}],"twitter_card":"summary_large_image","twitter_misc":{"\u00c9crit par":"","Dur\u00e9e de lecture estim\u00e9e":"6 minutes"},"schema":{"@context":"https:\/\/schema.org","@graph":[{"@type":"Article","@id":"https:\/\/www.apres-lecole.fr\/Blog\/cap-school-reduction-dechets\/#article","isPartOf":{"@id":"https:\/\/www.apres-lecole.fr\/Blog\/cap-school-reduction-dechets\/"},"author":{"name":"","@id":""},"headline":"L&rsquo;\u00e9cole Cap School Montessori se mobilise pour la r\u00e9duction des d\u00e9chets","datePublished":"2025-09-21T12:07:32+00:00","mainEntityOfPage":{"@id":"https:\/\/www.apres-lecole.fr\/Blog\/cap-school-reduction-dechets\/"},"wordCount":1344,"commentCount":0,"image":{"@id":"https:\/\/www.apres-lecole.fr\/Blog\/cap-school-reduction-dechets\/#primaryimage"},"thumbnailUrl":"https:\/\/www.apres-lecole.fr\/Blog\/wp-content\/uploads\/2025\/09\/Lecole-Cap-School-Montessori-se-mobilise-pour-la-reduction-des-dechets.jpg","keywords":["cap school montessori","\u00e9cole","environnement","montessori","r\u00e9duction des d\u00e9chets"],"articleSection":["Actualit\u00e9s"],"inLanguage":"fr-FR","potentialAction":[{"@type":"CommentAction","name":"Comment","target":["https:\/\/www.apres-lecole.fr\/Blog\/cap-school-reduction-dechets\/#respond"]}]},{"@type":"WebPage","@id":"https:\/\/www.apres-lecole.fr\/Blog\/cap-school-reduction-dechets\/","url":"https:\/\/www.apres-lecole.fr\/Blog\/cap-school-reduction-dechets\/","name":"Cap School Montessori : Les Petits \u00c9cocitoyens Agissent contre les D\u00e9chets","isPartOf":{"@id":"https:\/\/www.apres-lecole.fr\/Blog\/#website"},"primaryImageOfPage":{"@id":"https:\/\/www.apres-lecole.fr\/Blog\/cap-school-reduction-dechets\/#primaryimage"},"image":{"@id":"https:\/\/www.apres-lecole.fr\/Blog\/cap-school-reduction-dechets\/#primaryimage"},"thumbnailUrl":"https:\/\/www.apres-lecole.fr\/Blog\/wp-content\/uploads\/2025\/09\/Lecole-Cap-School-Montessori-se-mobilise-pour-la-reduction-des-dechets.jpg","datePublished":"2025-09-21T12:07:32+00:00","author":{"@id":""},"description":"Cap School Montessori s\u2019engage pour la plan\u00e8te : d\u00e9couvrez nos actions concr\u00e8tes pour r\u00e9duire les d\u00e9chets \u00e0 l\u2019\u00e9cole et sensibiliser les \u00e9l\u00e8ves.","breadcrumb":{"@id":"https:\/\/www.apres-lecole.fr\/Blog\/cap-school-reduction-dechets\/#breadcrumb"},"inLanguage":"fr-FR","potentialAction":[{"@type":"ReadAction","target":["https:\/\/www.apres-lecole.fr\/Blog\/cap-school-reduction-dechets\/"]}]},{"@type":"ImageObject","inLanguage":"fr-FR","@id":"https:\/\/www.apres-lecole.fr\/Blog\/cap-school-reduction-dechets\/#primaryimage","url":"https:\/\/www.apres-lecole.fr\/Blog\/wp-content\/uploads\/2025\/09\/Lecole-Cap-School-Montessori-se-mobilise-pour-la-reduction-des-dechets.jpg","contentUrl":"https:\/\/www.apres-lecole.fr\/Blog\/wp-content\/uploads\/2025\/09\/Lecole-Cap-School-Montessori-se-mobilise-pour-la-reduction-des-dechets.jpg","width":1344,"height":768,"caption":"d\u00e9couvrez comment l'\u00e9cole cap school montessori s'engage activement dans la r\u00e9duction des d\u00e9chets \u00e0 travers des actions concr\u00e8tes, sensibilisant ainsi \u00e9l\u00e8ves et communaut\u00e9 \u00e0 l'\u00e9co-responsabilit\u00e9."},{"@type":"BreadcrumbList","@id":"https:\/\/www.apres-lecole.fr\/Blog\/cap-school-reduction-dechets\/#breadcrumb","itemListElement":[{"@type":"ListItem","position":1,"name":"Home","item":"https:\/\/www.apres-lecole.fr\/Blog\/"},{"@type":"ListItem","position":2,"name":"L&rsquo;\u00e9cole Cap School Montessori se mobilise pour la r\u00e9duction des d\u00e9chets"}]},{"@type":"WebSite","@id":"https:\/\/www.apres-lecole.fr\/Blog\/#website","url":"https:\/\/www.apres-lecole.fr\/Blog\/","name":"","description":"M\u00e9dia g\u00e9n\u00e9raliste","potentialAction":[{"@type":"SearchAction","target":{"@type":"EntryPoint","urlTemplate":"https:\/\/www.apres-lecole.fr\/Blog\/?s={search_term_string}"},"query-input":{"@type":"PropertyValueSpecification","valueRequired":true,"valueName":"search_term_string"}}],"inLanguage":"fr-FR"},{"@type":"Person","@id":"","url":"https:\/\/www.apres-lecole.fr\/Blog\/author\/"}]}},"views":1,"_links":{"self":[{"href":"https:\/\/www.apres-lecole.fr\/Blog\/wp-json\/wp\/v2\/posts\/2352","targetHints":{"allow":["GET"]}}],"collection":[{"href":"https:\/\/www.apres-lecole.fr\/Blog\/wp-json\/wp\/v2\/posts"}],"about":[{"href":"https:\/\/www.apres-lecole.fr\/Blog\/wp-json\/wp\/v2\/types\/post"}],"author":[{"embeddable":true,"href":"https:\/\/www.apres-lecole.fr\/Blog\/wp-json\/wp\/v2\/users\/7"}],"replies":[{"embeddable":true,"href":"https:\/\/www.apres-lecole.fr\/Blog\/wp-json\/wp\/v2\/comments?post=2352"}],"version-history":[{"count":0,"href":"https:\/\/www.apres-lecole.fr\/Blog\/wp-json\/wp\/v2\/posts\/2352\/revisions"}],"wp:featuredmedia":[{"embeddable":true,"href":"https:\/\/www.apres-lecole.fr\/Blog\/wp-json\/wp\/v2\/media\/2351"}],"wp:attachment":[{"href":"https:\/\/www.apres-lecole.fr\/Blog\/wp-json\/wp\/v2\/media?parent=2352"}],"wp:term":[{"taxonomy":"category","embeddable":true,"href":"https:\/\/www.apres-lecole.fr\/Blog\/wp-json\/wp\/v2\/categories?post=2352"},{"taxonomy":"post_tag","embeddable":true,"href":"https:\/\/www.apres-lecole.fr\/Blog\/wp-json\/wp\/v2\/tags?post=2352"}],"curies":[{"name":"wp","href":"https:\/\/api.w.org\/{rel}","templated":true}]}}