{"id":2350,"date":"2025-09-21T06:36:46","date_gmt":"2025-09-21T06:36:46","guid":{"rendered":"https:\/\/www.apres-lecole.fr\/Blog\/ecole-la-providence-education-innovante\/"},"modified":"2025-09-21T06:36:46","modified_gmt":"2025-09-21T06:36:46","slug":"ecole-la-providence-education-innovante","status":"publish","type":"post","link":"https:\/\/www.apres-lecole.fr\/Blog\/ecole-la-providence-education-innovante\/","title":{"rendered":"L&rsquo;\u00e9cole La Providence : un mod\u00e8le d&rsquo;\u00e9ducation innovant en 2025"},"content":{"rendered":"\n\n<div class=\"kk-star-ratings kksr-auto kksr-align-left kksr-valign-top\"\n    data-payload='{&quot;align&quot;:&quot;left&quot;,&quot;id&quot;:&quot;2350&quot;,&quot;slug&quot;:&quot;default&quot;,&quot;valign&quot;:&quot;top&quot;,&quot;ignore&quot;:&quot;&quot;,&quot;reference&quot;:&quot;auto&quot;,&quot;class&quot;:&quot;&quot;,&quot;count&quot;:&quot;0&quot;,&quot;legendonly&quot;:&quot;&quot;,&quot;readonly&quot;:&quot;&quot;,&quot;score&quot;:&quot;0&quot;,&quot;starsonly&quot;:&quot;&quot;,&quot;best&quot;:&quot;5&quot;,&quot;gap&quot;:&quot;5&quot;,&quot;greet&quot;:&quot;Rate this post&quot;,&quot;legend&quot;:&quot;0\\\/5 - (0 vote)&quot;,&quot;size&quot;:&quot;24&quot;,&quot;title&quot;:&quot;L\\u0026#039;\u00e9cole La Providence : un mod\u00e8le d\\u0026#039;\u00e9ducation innovant en 2025&quot;,&quot;width&quot;:&quot;0&quot;,&quot;_legend&quot;:&quot;{score}\\\/{best} - ({count} {votes})&quot;,&quot;font_factor&quot;:&quot;1.25&quot;}'>\n            \n<div class=\"kksr-stars\">\n    \n<div class=\"kksr-stars-inactive\">\n            <div class=\"kksr-star\" data-star=\"1\" style=\"padding-right: 5px\">\n            \n\n<div class=\"kksr-icon\" style=\"width: 24px; height: 24px;\"><\/div>\n        <\/div>\n            <div class=\"kksr-star\" data-star=\"2\" style=\"padding-right: 5px\">\n            \n\n<div class=\"kksr-icon\" style=\"width: 24px; height: 24px;\"><\/div>\n        <\/div>\n            <div class=\"kksr-star\" data-star=\"3\" style=\"padding-right: 5px\">\n            \n\n<div class=\"kksr-icon\" style=\"width: 24px; height: 24px;\"><\/div>\n        <\/div>\n            <div class=\"kksr-star\" data-star=\"4\" style=\"padding-right: 5px\">\n            \n\n<div class=\"kksr-icon\" style=\"width: 24px; height: 24px;\"><\/div>\n        <\/div>\n            <div class=\"kksr-star\" data-star=\"5\" style=\"padding-right: 5px\">\n            \n\n<div class=\"kksr-icon\" style=\"width: 24px; height: 24px;\"><\/div>\n        <\/div>\n    <\/div>\n    \n<div class=\"kksr-stars-active\" style=\"width: 0px;\">\n            <div class=\"kksr-star\" style=\"padding-right: 5px\">\n            \n\n<div class=\"kksr-icon\" style=\"width: 24px; height: 24px;\"><\/div>\n        <\/div>\n            <div class=\"kksr-star\" style=\"padding-right: 5px\">\n            \n\n<div class=\"kksr-icon\" style=\"width: 24px; height: 24px;\"><\/div>\n        <\/div>\n            <div class=\"kksr-star\" style=\"padding-right: 5px\">\n            \n\n<div class=\"kksr-icon\" style=\"width: 24px; height: 24px;\"><\/div>\n        <\/div>\n            <div class=\"kksr-star\" style=\"padding-right: 5px\">\n            \n\n<div class=\"kksr-icon\" style=\"width: 24px; height: 24px;\"><\/div>\n        <\/div>\n            <div class=\"kksr-star\" style=\"padding-right: 5px\">\n            \n\n<div class=\"kksr-icon\" style=\"width: 24px; height: 24px;\"><\/div>\n        <\/div>\n    <\/div>\n<\/div>\n                \n\n<div class=\"kksr-legend\" style=\"font-size: 19.2px;\">\n            <span class=\"kksr-muted\">Rate this post<\/span>\n    <\/div>\n    <\/div>\n<p>Au c\u0153ur des d\u00e9fis contemporains, l&rsquo;\u00e9cole La Providence se positionne comme un v\u00e9ritable pilier \u00e9ducatif en 2025. Cette institution fait bien plus qu&rsquo;enseigner; elle red\u00e9finit l&rsquo;apprentissage \u00e0 travers des m\u00e9thodes novatrices ancr\u00e9es dans la tradition tout en int\u00e9grant les aspirations des familles. En s&rsquo;appuyant sur des valeurs fortes telles que la confiance et l&rsquo;exigence, La Providence offre un cadre propice \u00e0 l&rsquo;\u00e9panouissement de la <strong>G\u00e9n\u00e9ration Proactive<\/strong>. Les \u00e9l\u00e8ves, soutenus par une \u00e9quipe \u00e9ducative dynamique, \u00e9voluent au sein d&rsquo;un <strong>Campus Cr\u00e9atif<\/strong> o\u00f9 chaque initiative est con\u00e7ue pour pr\u00e9parer les jeunes esprits aux d\u00e9fis de demain. Au fil de cet article, il sera question des particularit\u00e9s qui font de La Providence un exemple embl\u00e9matique de l&rsquo;innovation \u00e9ducative en 2025.<\/p>\n\n<h2 class=\"wp-block-heading\">Une approche p\u00e9dagogique novatrice \u00e0 La Providence<\/h2>\n\n<p>L&rsquo;\u00e9cole La Providence s&rsquo;inscrit dans une dynamique d&rsquo;innovation gr\u00e2ce \u00e0 une approche p\u00e9dagogique qui d\u00e9passe le cadre traditionnel. La m\u00e9thode qui y est mise en \u0153uvre se d\u00e9cline en diff\u00e9rentes facettes, visant \u00e0 int\u00e9grer profond\u00e9ment les valeurs d&rsquo;\u00e9galit\u00e9 et d&rsquo;inclusion. Ainsi, cette \u00e9cole se d\u00e9marque en adoptant le mod\u00e8le <strong>\u00c9ducaFutur<\/strong>, qui consiste \u00e0 offrir un enseignement diff\u00e9renci\u00e9 et adapt\u00e9 \u00e0 chaque \u00e9l\u00e8ve.<\/p>\n\n<p>Tout commence par la personnalisation des parcours \u00e9ducatifs. Les enseignants \u00e9valuent r\u00e9guli\u00e8rement les progr\u00e8s acad\u00e9miques de chaque \u00e9l\u00e8ve, leur permettant ainsi d\u2019obtenir un suivi individualis\u00e9 et r\u00e9actif. Cette attention particuli\u00e8re se traduit par la mise en place de <strong>Classes Connect\u00e9es La Providence<\/strong>, o\u00f9 la technologie joue un r\u00f4le central. Les outils num\u00e9riques sont int\u00e9gr\u00e9s non pas seulement pour r\u00e9aliser des cours en ligne, mais pour favoriser des interactions enrichissantes entre \u00e9l\u00e8ves et professeurs.<\/p>\n\n<h3 class=\"wp-block-heading\">Techniques d&rsquo;apprentissage vari\u00e9es<\/h3>\n\n<p>Diverses techniques d&rsquo;apprentissage sont appliqu\u00e9es, permettant \u00e0 chaque \u00e9tudiant de trouver son propre rythme. Parmi les m\u00e9thodes employ\u00e9es, l&rsquo;apprentissage par projets prend une place pr\u00e9pond\u00e9rante :<\/p>\n\n<ul class=\"wp-block-list\"><li>\ud83d\udd0d <strong>Projets collaboratifs<\/strong> : Les \u00e9l\u00e8ves travaillent ensemble sur des th\u00e9matiques pertinentes de leur \u00e9poque.<\/li><li>\ud83d\udcda <strong>Ateliers pratiques<\/strong> : D\u00e9mystifier les mati\u00e8res \u00e0 travers des approches en lien avec la r\u00e9alit\u00e9 quotidienne.<\/li><li>\ud83c\udfa8 <strong>Cours artistiques<\/strong> : Stimuler la cr\u00e9ativit\u00e9 et la pens\u00e9e critique par des activit\u00e9s artistiques.<\/li><\/ul>\n\n<p>Un des exemples marquants est le projet Eco-Scolaire, o\u00f9 les \u00e9l\u00e8ves \u00e9tudient les enjeux environnementaux tout en \u00e9laborant des solutions concr\u00e8tes pour am\u00e9liorer la durabilit\u00e9 de leur \u00e9cole. Cette initiative favorise une approche proactive face aux probl\u00e9matiques mondiales, encourageant ainsi la r\u00e9flexion critique.<\/p>\n\n<h3 class=\"wp-block-heading\">Implication des parents<\/h3>\n\n<p>Le r\u00f4le des parents est essentiel dans ce type de p\u00e9dagogie. \u00c0 la Providence, les familles sont invit\u00e9es \u00e0 participer activement \u00e0 la vie scolaire \u00e0 travers des journ\u00e9es portes ouvertes et des \u00e9changes r\u00e9guliers. Elles deviennent ainsi co-architectes du parcours \u00e9ducatif de leurs enfants. Ce partenariat non seulement renforce le lien entre le foyer et l&rsquo;\u00e9cole, mais nourrit \u00e9galement une culture d&rsquo;\u00e9change o\u00f9 les retours sont pris en compte.<\/p>\n\n<figure class=\"wp-block-table\"><table>\n<thead>\n<tr>\n<th>\u00c9l\u00e9ment<\/th>\n<th>Impact<\/th>\n<\/tr>\n<\/thead>\n<tbody>\n<tr>\n<td>Suivi individuel<\/td>\n<td>\ud83d\udcc8 Am\u00e9lioration des r\u00e9sultats scolaires<\/td>\n<\/tr>\n<tr>\n<td>Projets collaboratifs<\/td>\n<td>\ud83c\udf1f D\u00e9veloppement de l\u2019autonomie et de l\u2019esprit d\u2019\u00e9quipe<\/td>\n<\/tr>\n<tr>\n<td>Ateliers pratiques<\/td>\n<td>\ud83d\udca1 Concr\u00e9tisation des savoirs th\u00e9oriques<\/td>\n<\/tr>\n<\/tbody>\n<\/table><\/figure>\n\n<p>En offrant ainsi une \u00e9ducation qui transcende les simples pr\u00e9ceptes acad\u00e9miques, La Providence revendique fi\u00e8rement son identit\u00e9 d&rsquo;<strong>\u00c9cole Nouvelle G\u00e9n\u00e9ration<\/strong>, l\u00e0 o\u00f9 chaque \u00e9l\u00e8ve, soutenu par une communaut\u00e9 bienveillante, s&rsquo;\u00e9panouit dans la confiance et l&rsquo;exigence.<\/p>\n\n<h2 class=\"wp-block-heading\">La technologie au service de l&rsquo;\u00e9ducation<\/h2>\n\n<p>En 2025, l&rsquo;usage des technologies num\u00e9riques dans l&rsquo;\u00e9ducation a atteint un niveau sans pr\u00e9c\u00e9dent, et l&rsquo;\u00e9cole La Providence a d\u00e9cid\u00e9 de s\u2019y plonger t\u00eate la premi\u00e8re. Plut\u00f4t que de voir la technologie comme un simple outil d&rsquo;enseignement, elle est v\u00e9cue ici comme un levier pour inventer des m\u00e9thodes p\u00e9dagogiques innovantes. L&rsquo;int\u00e9gration de la <strong>SmartClasse<\/strong> a \u00e9t\u00e9 un tournant majeur dans cette r\u00e9volution \u00e9ducative.<\/p>\n\n<p>La <strong>SmartClasse<\/strong> permet des enseignements plus interactifs et immersifs. Gr\u00e2ce \u00e0 des outils comme les tableaux interactifs et les applications \u00e9ducatives, les \u00e9l\u00e8ves peuvent explorer, d\u00e9couvrir et s&rsquo;engager dans leur propre apprentissage de mani\u00e8re ludique. Ces environnements d&rsquo;apprentissage favorisent \u00e9galement le travail \u00e0 distance, une n\u00e9cessit\u00e9 devenue cruciale apr\u00e8s la pand\u00e9mie.<\/p>\n\n<h3 class=\"wp-block-heading\">Apprentissage hybride<\/h3>\n\n<p>Le concept d&rsquo;<strong>Apprentissage Hybride<\/strong>, alliant pr\u00e9sentiel et distanciel, est d\u00e9sormais adopt\u00e9, offrant ainsi une flexibilit\u00e9 \u00e0 toutes les parties prenantes de l&rsquo;\u00e9ducation. Certaines mati\u00e8res sont enseign\u00e9es en salle de classe, tandis que d&rsquo;autres sont disponibles sous forme de cours en ligne. Cette d\u00e9marche a ainsi permis de pallier certaines in\u00e9galit\u00e9s d&rsquo;acc\u00e8s \u00e0 l&rsquo;\u00e9ducation et a encourag\u00e9 une autonomie in\u00e9dite chez les \u00e9l\u00e8ves.<\/p>\n\n<ul class=\"wp-block-list\"><li>\ud83d\udcbb <strong>Acc\u00e8s illimit\u00e9 aux ressources num\u00e9riques<\/strong> : Les \u00e9l\u00e8ves disposent d&rsquo;une biblioth\u00e8que virtuelle accessible \u00e0 tout moment.<\/li><li>\ud83c\udfa5 <strong>Vid\u00e9o-conf\u00e9rences<\/strong> : S\u00e9ances hebdomadaires avec des experts dans divers domaines pour enrichir le savoir.<\/li><li>\ud83d\udcca <strong>Donn\u00e9es en temps r\u00e9el<\/strong> : Les performances des \u00e9l\u00e8ves sont analys\u00e9es en continu, permettant une r\u00e9activit\u00e9 p\u00e9dagogique.<\/li><\/ul>\n\n<p>Ce syst\u00e8me engageant contribue \u00e0 pr\u00e9parer les \u00e9l\u00e8ves pour un monde professionnel de plus en plus digitalis\u00e9, leur offrant une exp\u00e9rience d&rsquo;apprentissage align\u00e9e avec les r\u00e9alit\u00e9s du XXIe si\u00e8cle. En int\u00e9grant ces technologies, La Providence cr\u00e9e un espace o\u00f9 le savoir se construit ensemble, consolidant l&rsquo;id\u00e9e de <strong>SavoirEnsemble<\/strong>.<\/p>\n\n<figure class=\"wp-block-table\"><table>\n<thead>\n<tr>\n<th>Outil Technologique<\/th>\n<th>Avantages<\/th>\n<\/tr>\n<\/thead>\n<tbody>\n<tr>\n<td>Tableaux interactifs<\/td>\n<td>\ud83c\udf89 Interactions dynamiques et captivantes<\/td>\n<\/tr>\n<tr>\n<td>Biblioth\u00e8que num\u00e9rique<\/td>\n<td>\ud83c\udf0d Acc\u00e8s universel et constant<\/td>\n<\/tr>\n<tr>\n<td>Applis \u00e9ducatives<\/td>\n<td>\ud83d\udcaa Autonomie d&rsquo;apprentissage<\/td>\n<\/tr>\n<\/tbody>\n<\/table><\/figure>\n\n<p>Dans ce contexte, l&rsquo;\u00e9cole La Providence se positionne comme un mod\u00e8le, non seulement par sa p\u00e9dagogie, mais par sa volont\u00e9 d&rsquo;\u00e9voluer et de s&rsquo;adapter aux attentes de la soci\u00e9t\u00e9. Le succ\u00e8s rencontr\u00e9 par cette approche innovante ouvre une nouvelle voie \u00e9ducative inspirante pour d\u2019autres \u00e9tablissements.<\/p>\n\n<h2 class=\"wp-block-heading\">Pr\u00e9paration \u00e0 l&rsquo;avenir avec une \u00e9ducation holistique<\/h2>\n\n<p>La Providence hisse haut sa volont\u00e9 de former des individus complets, pensants et engag\u00e9s. Cette id\u00e9e de d\u00e9velopper un enseignement holistique se traduit par des initiatives qui englobent non seulement l&rsquo;acquisition de savoirs acad\u00e9miques, mais aussi l&rsquo;\u00e9ducation \u00e9motionnelle et sociale.<\/p>\n\n<p>Les valeurs de respect, d&#8217;empathie et de coop\u00e9ration occupent une place pr\u00e9pond\u00e9rante dans le cursus. Par le biais d&rsquo;ateliers et d&rsquo;activit\u00e9s sportives, les \u00e9l\u00e8ves apprennent \u00e0 se conna\u00eetre eux-m\u00eames et \u00e0 comprendre le monde qui les entoure. La mise en \u0153uvre des principes de l\u2019h\u00e9bertisme, qui combine \u00e9ducation physique et \u00e9ducation morale, est particuli\u00e8rement marquante ici.<\/p>\n\n<h3 class=\"wp-block-heading\">Le r\u00f4le des activit\u00e9s extra-scolaires<\/h3>\n\n<p>Participer \u00e0 la vie scolaire va au-del\u00e0 des cours classiques. Les activit\u00e9s extra-scolaires jouent un r\u00f4le crucial dans la formation d\u2019un individu \u00e9quilibr\u00e9 :<\/p>\n\n<ul class=\"wp-block-list\"><li>\ud83c\udfad <strong>Com\u00e9die Musicale<\/strong> : Une occasion pour les \u00e9l\u00e8ves de s&rsquo;exprimer artistiquement.<\/li><li>\ud83c\udf31 <strong>Jardinage<\/strong> : Comprendre l&rsquo;importance de l&rsquo;environnement et de l&rsquo;\u00e9cologie.<\/li><li>\u26bd <strong>Sport collectif<\/strong> : La pratique du sport enseigne la solidarit\u00e9 et l\u2019esprit d\u2019\u00e9quipe.<\/li><\/ul>\n\n<p>Ces initiatives permettent non seulement d\u2019apprendre des comp\u00e9tences compl\u00e9mentaires, mais aussi de tisser des relations solides entre les \u00e9l\u00e8ves. En cultivant ainsi des environnements favorables, l&rsquo;\u00e9cole La Providence s&rsquo;impose comme un phare dans le paysage \u00e9ducatif, pr\u00eate \u00e0 lancer les futurs citoyens dans la grande danse de la vie.<\/p>\n\n<figure class=\"wp-block-table\"><table>\n<thead>\n<tr>\n<th>Activit\u00e9<\/th>\n<th>B\u00e9n\u00e9fice Principal<\/th>\n<\/tr>\n<\/thead>\n<tbody>\n<tr>\n<td>Com\u00e9die Musicale<\/td>\n<td>\ud83c\udfa4 Confiance en soi et expression<\/td>\n<\/tr>\n<tr>\n<td>Jardinage<\/td>\n<td>\ud83c\udf0d Sensibilisation \u00e0 l&rsquo;\u00e9cologie<\/td>\n<\/tr>\n<tr>\n<td>Sport collectif<\/td>\n<td>\ud83e\udd1d Collaboration et travail d&rsquo;\u00e9quipe<\/td>\n<\/tr>\n<\/tbody>\n<\/table><\/figure>\n\n<p>En favorisant cette approche globale, La Providence se positionne clairement comme un acteur cl\u00e9 de la <strong>pr\u00e9paration \u00e0 l&rsquo;Avenir P\u00e9dagogique<\/strong>. Les \u00e9l\u00e8ves y gagnent non seulement en connaissances mais \u00e9galement en comp\u00e9tences interpersonnelles pr\u00e9cieuses, indispensables dans la soci\u00e9t\u00e9 actuelle.<\/p>\n\n<h2 class=\"wp-block-heading\">Impacts sur la communaut\u00e9 et le r\u00f4le de l&rsquo;\u00e9cole dans la soci\u00e9t\u00e9<\/h2>\n\n<p>La Providence ne se limite pas uniquement \u00e0 prendre soin de ses \u00e9l\u00e8ves. Elle a aussi un impact mesurable sur sa communaut\u00e9 et agit en tant que moteur de changement. La relation entre l&rsquo;\u00e9cole et le territoire alentour est facilit\u00e9e par des initiatives cr\u00e9atrices de lien social.<\/p>\n\n<p>En collaborant avec diff\u00e9rentes institutions et associations locales, l&rsquo;\u00e9cole contribue \u00e0 l&rsquo;essor de son environnement. Des partenariats sont \u00e9tablis avec des <strong>entreprises du secteur \u00e9ducatif<\/strong> afin de co-organiser des \u00e9v\u00e9nements adapt\u00e9s aux r\u00e9alit\u00e9s locales. Par exemple, l&rsquo;initiative \u00ab\u00a0Journ\u00e9es des M\u00e9tiers\u00a0\u00bb permet aux \u00e9l\u00e8ves de d\u00e9couvrir divers m\u00e9tiers gr\u00e2ce \u00e0 des t\u00e9moignages de professionnels.<\/p>\n\n<h3 class=\"wp-block-heading\">Les projets d&rsquo;engagement communautaire<\/h3>\n\n<p>La Providence se d\u00e9die \u00e0 des projets d&rsquo;engagement communautaire qui vont au-del\u00e0 des murs de l&rsquo;\u00e9cole :<\/p>\n\n<ul class=\"wp-block-list\"><li>\ud83c\udfd8\ufe0f <strong>Cours d&rsquo;informatique pour les seniors<\/strong> : Apporter des comp\u00e9tences num\u00e9riques aux g\u00e9n\u00e9rations plus \u00e2g\u00e9es.<\/li><li>\ud83c\udf71 <strong>Dons alimentaires<\/strong> : Sensibiliser les \u00e9l\u00e8ves aux enjeux de la pr\u00e9carit\u00e9.<\/li><li>\ud83c\udf0d <strong>Nettoyages de quartiers<\/strong> : Favoriser le respect de l&rsquo;environnement et l&rsquo;engagement citoyen.<\/li><\/ul>\n\n<p>Ces initiatives illustrent comment l&rsquo;\u00e9cole La Providence incarne une vision o\u00f9 \u00e9ducation, responsabilit\u00e9 sociale et engagement communautaire se mettent au service d&rsquo;un id\u00e9al collectif. En faisant ainsi r\u00e9sonner ses valeurs au-del\u00e0 des portes de l&rsquo;\u00e9cole, La Providence se positionne comme un phare \u00e9ducatif et social du XXIe si\u00e8cle.<\/p>\n\n<figure class=\"wp-block-table\"><table>\n<thead>\n<tr>\n<th>Initiative<\/th>\n<th>Impact sur la communaut\u00e9<\/th>\n<\/tr>\n<\/thead>\n<tbody>\n<tr>\n<td>Cours d&rsquo;informatique pour les seniors<\/td>\n<td>\ud83d\udcbb Inclusion num\u00e9rique des g\u00e9n\u00e9rations plus \u00e2g\u00e9es<\/td>\n<\/tr>\n<tr>\n<td>Dons alimentaires<\/td>\n<td>\ud83c\udf7d\ufe0f Sensibilisation \u00e0 la solidarit\u00e9<\/td>\n<\/tr>\n<tr>\n<td>Nettoyages de quartiers<\/td>\n<td>\ud83c\udf31 Engagement citoyen<\/td>\n<\/tr>\n<\/tbody>\n<\/table><\/figure>\n\n<p>Avec cette approche innovante \u00e0 La Providence, l&rsquo;\u00e9cole ne se contente pas d&rsquo;\u00e9duquer; elle pr\u00e9pare une <strong>G\u00e9n\u00e9ration Proactive<\/strong> capable de s&rsquo;enracinement dans son territoire, promouvant ainsi un avenir lumineux et collectif.<\/p>\n\n<p><strong>FAQ<\/strong><\/p>\n\n<p><strong>Quelles sont les valeurs p\u00e9dagogiques de l&rsquo;\u00e9cole La Providence ?<\/strong><br>Elle repose sur la confiance mutuelle, l&rsquo;exigence et une approche p\u00e9dagogique classique alli\u00e9e \u00e0 des m\u00e9thodes innovantes.<\/p>\n\n<p><strong>Comment La Providence soutient-elle les parents dans l&rsquo;\u00e9ducation de leurs enfants ?<\/strong><br>Elle organise des journ\u00e9es portes ouvertes et favorise les \u00e9changes r\u00e9guliers avec les familles pour co-construire l&rsquo;\u00e9ducation des \u00e9l\u00e8ves.<\/p>\n\n<p><strong>Quels outils technologiques sont utilis\u00e9s \u00e0 La Providence ?<\/strong><br>Des tableaux interactifs, des biblioth\u00e8ques num\u00e9riques et des applications \u00e9ducatives font partie de l&rsquo;environnement d&rsquo;apprentissage.<\/p>\n\n<p><strong>Comment l&rsquo;\u00e9cole s&rsquo;engage-t-elle dans sa communaut\u00e9 ?<\/strong><br>Elle collabore avec des entreprises et associations locales pour \u00e9tablir des projets d&rsquo;engagement communautaire et sensibiliser les \u00e9l\u00e8ves.<\/p>\n\n<p><strong>Quels types d&rsquo;activit\u00e9s extra-scolaires sont propos\u00e9s ?<\/strong><br>Des ateliers artistiques, sportifs et des projets environnementaux, favorisant la cr\u00e9ativit\u00e9 et l&rsquo;engagement social.<\/p>\n\n","protected":false},"excerpt":{"rendered":"<p>Au c\u0153ur des d\u00e9fis contemporains, l&rsquo;\u00e9cole La Providence se positionne comme un v\u00e9ritable pilier \u00e9ducatif en 2025. Cette institution fait bien plus qu&rsquo;enseigner; elle red\u00e9finit l&rsquo;apprentissage \u00e0 travers des m\u00e9thodes novatrices ancr\u00e9es dans la tradition tout en int\u00e9grant les aspirations des familles. En s&rsquo;appuyant sur des valeurs fortes telles que la confiance et l&rsquo;exigence, La &#8230; <a title=\"L&rsquo;\u00e9cole La Providence : un mod\u00e8le d&rsquo;\u00e9ducation innovant en 2025\" class=\"read-more\" href=\"https:\/\/www.apres-lecole.fr\/Blog\/ecole-la-providence-education-innovante\/\" aria-label=\"En savoir plus sur L&rsquo;\u00e9cole La Providence : un mod\u00e8le d&rsquo;\u00e9ducation innovant en 2025\">Lire plus<\/a><\/p>\n","protected":false},"author":7,"featured_media":2349,"comment_status":"open","ping_status":"open","sticky":false,"template":"","format":"standard","meta":{"footnotes":""},"categories":[342],"tags":[1593,412,873,1415],"class_list":["post-2350","post","type-post","status-publish","format-standard","has-post-thumbnail","hentry","category-actualites","tag-ecole-la-providence","tag-education","tag-innovation","tag-modele-educatif"],"yoast_head":"<!-- This site is optimized with the Yoast SEO plugin v27.5 - https:\/\/yoast.com\/product\/yoast-seo-wordpress\/ -->\n<title>La Providence 2025 : l\u2019\u00e9cole qui r\u00e9invente l\u2019\u00e9ducation<\/title>\n<meta name=\"description\" content=\"D\u00e9couvrez l&#039;\u00e9cole La Providence, un mod\u00e8le d&#039;\u00e9ducation innovant en 2025, alliant excellence acad\u00e9mique et p\u00e9dagogies modernes.\" \/>\n<meta name=\"robots\" content=\"index, follow, max-snippet:-1, max-image-preview:large, max-video-preview:-1\" \/>\n<link rel=\"canonical\" href=\"https:\/\/www.apres-lecole.fr\/Blog\/ecole-la-providence-education-innovante\/\" \/>\n<meta property=\"og:locale\" content=\"fr_FR\" \/>\n<meta property=\"og:type\" content=\"article\" \/>\n<meta property=\"og:title\" content=\"La Providence 2025 : l\u2019\u00e9cole qui r\u00e9invente l\u2019\u00e9ducation\" \/>\n<meta property=\"og:description\" content=\"D\u00e9couvrez l&#039;\u00e9cole La Providence, un mod\u00e8le d&#039;\u00e9ducation innovant en 2025, alliant excellence acad\u00e9mique et p\u00e9dagogies modernes.\" \/>\n<meta property=\"og:url\" content=\"https:\/\/www.apres-lecole.fr\/Blog\/ecole-la-providence-education-innovante\/\" \/>\n<meta property=\"article:published_time\" content=\"2025-09-21T06:36:46+00:00\" \/>\n<meta property=\"og:image\" content=\"https:\/\/www.apres-lecole.fr\/Blog\/wp-content\/uploads\/2025\/09\/Lecole-La-Providence-un-modele-deducation-innovant-en-2025.jpg\" \/>\n\t<meta property=\"og:image:width\" content=\"1344\" \/>\n\t<meta property=\"og:image:height\" content=\"768\" \/>\n\t<meta property=\"og:image:type\" content=\"image\/jpeg\" \/>\n<meta name=\"twitter:card\" content=\"summary_large_image\" \/>\n<meta name=\"twitter:label1\" content=\"\u00c9crit par\" \/>\n\t<meta name=\"twitter:data1\" content=\"\" \/>\n\t<meta name=\"twitter:label2\" content=\"Dur\u00e9e de lecture estim\u00e9e\" \/>\n\t<meta name=\"twitter:data2\" content=\"9 minutes\" \/>\n<script type=\"application\/ld+json\" class=\"yoast-schema-graph\">{\"@context\":\"https:\\\/\\\/schema.org\",\"@graph\":[{\"@type\":\"Article\",\"@id\":\"https:\\\/\\\/www.apres-lecole.fr\\\/Blog\\\/ecole-la-providence-education-innovante\\\/#article\",\"isPartOf\":{\"@id\":\"https:\\\/\\\/www.apres-lecole.fr\\\/Blog\\\/ecole-la-providence-education-innovante\\\/\"},\"author\":{\"name\":\"\",\"@id\":\"\"},\"headline\":\"L&rsquo;\u00e9cole La Providence : un mod\u00e8le d&rsquo;\u00e9ducation innovant en 2025\",\"datePublished\":\"2025-09-21T06:36:46+00:00\",\"mainEntityOfPage\":{\"@id\":\"https:\\\/\\\/www.apres-lecole.fr\\\/Blog\\\/ecole-la-providence-education-innovante\\\/\"},\"wordCount\":1798,\"commentCount\":0,\"image\":{\"@id\":\"https:\\\/\\\/www.apres-lecole.fr\\\/Blog\\\/ecole-la-providence-education-innovante\\\/#primaryimage\"},\"thumbnailUrl\":\"https:\\\/\\\/www.apres-lecole.fr\\\/Blog\\\/wp-content\\\/uploads\\\/2025\\\/09\\\/Lecole-La-Providence-un-modele-deducation-innovant-en-2025.jpg\",\"keywords\":[\"\u00e9cole la providence\",\"\u00e9ducation\",\"innovation\",\"mod\u00e8le \u00e9ducatif\"],\"articleSection\":[\"Actualit\u00e9s\"],\"inLanguage\":\"fr-FR\",\"potentialAction\":[{\"@type\":\"CommentAction\",\"name\":\"Comment\",\"target\":[\"https:\\\/\\\/www.apres-lecole.fr\\\/Blog\\\/ecole-la-providence-education-innovante\\\/#respond\"]}]},{\"@type\":\"WebPage\",\"@id\":\"https:\\\/\\\/www.apres-lecole.fr\\\/Blog\\\/ecole-la-providence-education-innovante\\\/\",\"url\":\"https:\\\/\\\/www.apres-lecole.fr\\\/Blog\\\/ecole-la-providence-education-innovante\\\/\",\"name\":\"La Providence 2025 : l\u2019\u00e9cole qui r\u00e9invente l\u2019\u00e9ducation\",\"isPartOf\":{\"@id\":\"https:\\\/\\\/www.apres-lecole.fr\\\/Blog\\\/#website\"},\"primaryImageOfPage\":{\"@id\":\"https:\\\/\\\/www.apres-lecole.fr\\\/Blog\\\/ecole-la-providence-education-innovante\\\/#primaryimage\"},\"image\":{\"@id\":\"https:\\\/\\\/www.apres-lecole.fr\\\/Blog\\\/ecole-la-providence-education-innovante\\\/#primaryimage\"},\"thumbnailUrl\":\"https:\\\/\\\/www.apres-lecole.fr\\\/Blog\\\/wp-content\\\/uploads\\\/2025\\\/09\\\/Lecole-La-Providence-un-modele-deducation-innovant-en-2025.jpg\",\"datePublished\":\"2025-09-21T06:36:46+00:00\",\"author\":{\"@id\":\"\"},\"description\":\"D\u00e9couvrez l'\u00e9cole La Providence, un mod\u00e8le d'\u00e9ducation innovant en 2025, alliant excellence acad\u00e9mique et p\u00e9dagogies modernes.\",\"breadcrumb\":{\"@id\":\"https:\\\/\\\/www.apres-lecole.fr\\\/Blog\\\/ecole-la-providence-education-innovante\\\/#breadcrumb\"},\"inLanguage\":\"fr-FR\",\"potentialAction\":[{\"@type\":\"ReadAction\",\"target\":[\"https:\\\/\\\/www.apres-lecole.fr\\\/Blog\\\/ecole-la-providence-education-innovante\\\/\"]}]},{\"@type\":\"ImageObject\",\"inLanguage\":\"fr-FR\",\"@id\":\"https:\\\/\\\/www.apres-lecole.fr\\\/Blog\\\/ecole-la-providence-education-innovante\\\/#primaryimage\",\"url\":\"https:\\\/\\\/www.apres-lecole.fr\\\/Blog\\\/wp-content\\\/uploads\\\/2025\\\/09\\\/Lecole-La-Providence-un-modele-deducation-innovant-en-2025.jpg\",\"contentUrl\":\"https:\\\/\\\/www.apres-lecole.fr\\\/Blog\\\/wp-content\\\/uploads\\\/2025\\\/09\\\/Lecole-La-Providence-un-modele-deducation-innovant-en-2025.jpg\",\"width\":1344,\"height\":768,\"caption\":\"d\u00e9couvrez comment l'\u00e9cole la providence r\u00e9volutionne l'\u00e9ducation en 2025 gr\u00e2ce \u00e0 des m\u00e9thodes innovantes, un accompagnement personnalis\u00e9 des \u00e9l\u00e8ves et un environnement stimulant favorisant la r\u00e9ussite de chacun.\"},{\"@type\":\"BreadcrumbList\",\"@id\":\"https:\\\/\\\/www.apres-lecole.fr\\\/Blog\\\/ecole-la-providence-education-innovante\\\/#breadcrumb\",\"itemListElement\":[{\"@type\":\"ListItem\",\"position\":1,\"name\":\"Home\",\"item\":\"https:\\\/\\\/www.apres-lecole.fr\\\/Blog\\\/\"},{\"@type\":\"ListItem\",\"position\":2,\"name\":\"L&rsquo;\u00e9cole La Providence : un mod\u00e8le d&rsquo;\u00e9ducation innovant en 2025\"}]},{\"@type\":\"WebSite\",\"@id\":\"https:\\\/\\\/www.apres-lecole.fr\\\/Blog\\\/#website\",\"url\":\"https:\\\/\\\/www.apres-lecole.fr\\\/Blog\\\/\",\"name\":\"\",\"description\":\"M\u00e9dia g\u00e9n\u00e9raliste\",\"potentialAction\":[{\"@type\":\"SearchAction\",\"target\":{\"@type\":\"EntryPoint\",\"urlTemplate\":\"https:\\\/\\\/www.apres-lecole.fr\\\/Blog\\\/?s={search_term_string}\"},\"query-input\":{\"@type\":\"PropertyValueSpecification\",\"valueRequired\":true,\"valueName\":\"search_term_string\"}}],\"inLanguage\":\"fr-FR\"},{\"@type\":\"Person\",\"@id\":\"\",\"url\":\"https:\\\/\\\/www.apres-lecole.fr\\\/Blog\\\/author\\\/\"}]}<\/script>\n<!-- \/ Yoast SEO plugin. -->","yoast_head_json":{"title":"La Providence 2025 : l\u2019\u00e9cole qui r\u00e9invente l\u2019\u00e9ducation","description":"D\u00e9couvrez l'\u00e9cole La Providence, un mod\u00e8le d'\u00e9ducation innovant en 2025, alliant excellence acad\u00e9mique et p\u00e9dagogies modernes.","robots":{"index":"index","follow":"follow","max-snippet":"max-snippet:-1","max-image-preview":"max-image-preview:large","max-video-preview":"max-video-preview:-1"},"canonical":"https:\/\/www.apres-lecole.fr\/Blog\/ecole-la-providence-education-innovante\/","og_locale":"fr_FR","og_type":"article","og_title":"La Providence 2025 : l\u2019\u00e9cole qui r\u00e9invente l\u2019\u00e9ducation","og_description":"D\u00e9couvrez l'\u00e9cole La Providence, un mod\u00e8le d'\u00e9ducation innovant en 2025, alliant excellence acad\u00e9mique et p\u00e9dagogies modernes.","og_url":"https:\/\/www.apres-lecole.fr\/Blog\/ecole-la-providence-education-innovante\/","article_published_time":"2025-09-21T06:36:46+00:00","og_image":[{"width":1344,"height":768,"url":"https:\/\/www.apres-lecole.fr\/Blog\/wp-content\/uploads\/2025\/09\/Lecole-La-Providence-un-modele-deducation-innovant-en-2025.jpg","type":"image\/jpeg"}],"twitter_card":"summary_large_image","twitter_misc":{"\u00c9crit par":"","Dur\u00e9e de lecture estim\u00e9e":"9 minutes"},"schema":{"@context":"https:\/\/schema.org","@graph":[{"@type":"Article","@id":"https:\/\/www.apres-lecole.fr\/Blog\/ecole-la-providence-education-innovante\/#article","isPartOf":{"@id":"https:\/\/www.apres-lecole.fr\/Blog\/ecole-la-providence-education-innovante\/"},"author":{"name":"","@id":""},"headline":"L&rsquo;\u00e9cole La Providence : un mod\u00e8le d&rsquo;\u00e9ducation innovant en 2025","datePublished":"2025-09-21T06:36:46+00:00","mainEntityOfPage":{"@id":"https:\/\/www.apres-lecole.fr\/Blog\/ecole-la-providence-education-innovante\/"},"wordCount":1798,"commentCount":0,"image":{"@id":"https:\/\/www.apres-lecole.fr\/Blog\/ecole-la-providence-education-innovante\/#primaryimage"},"thumbnailUrl":"https:\/\/www.apres-lecole.fr\/Blog\/wp-content\/uploads\/2025\/09\/Lecole-La-Providence-un-modele-deducation-innovant-en-2025.jpg","keywords":["\u00e9cole la providence","\u00e9ducation","innovation","mod\u00e8le \u00e9ducatif"],"articleSection":["Actualit\u00e9s"],"inLanguage":"fr-FR","potentialAction":[{"@type":"CommentAction","name":"Comment","target":["https:\/\/www.apres-lecole.fr\/Blog\/ecole-la-providence-education-innovante\/#respond"]}]},{"@type":"WebPage","@id":"https:\/\/www.apres-lecole.fr\/Blog\/ecole-la-providence-education-innovante\/","url":"https:\/\/www.apres-lecole.fr\/Blog\/ecole-la-providence-education-innovante\/","name":"La Providence 2025 : l\u2019\u00e9cole qui r\u00e9invente l\u2019\u00e9ducation","isPartOf":{"@id":"https:\/\/www.apres-lecole.fr\/Blog\/#website"},"primaryImageOfPage":{"@id":"https:\/\/www.apres-lecole.fr\/Blog\/ecole-la-providence-education-innovante\/#primaryimage"},"image":{"@id":"https:\/\/www.apres-lecole.fr\/Blog\/ecole-la-providence-education-innovante\/#primaryimage"},"thumbnailUrl":"https:\/\/www.apres-lecole.fr\/Blog\/wp-content\/uploads\/2025\/09\/Lecole-La-Providence-un-modele-deducation-innovant-en-2025.jpg","datePublished":"2025-09-21T06:36:46+00:00","author":{"@id":""},"description":"D\u00e9couvrez l'\u00e9cole La Providence, un mod\u00e8le d'\u00e9ducation innovant en 2025, alliant excellence acad\u00e9mique et p\u00e9dagogies modernes.","breadcrumb":{"@id":"https:\/\/www.apres-lecole.fr\/Blog\/ecole-la-providence-education-innovante\/#breadcrumb"},"inLanguage":"fr-FR","potentialAction":[{"@type":"ReadAction","target":["https:\/\/www.apres-lecole.fr\/Blog\/ecole-la-providence-education-innovante\/"]}]},{"@type":"ImageObject","inLanguage":"fr-FR","@id":"https:\/\/www.apres-lecole.fr\/Blog\/ecole-la-providence-education-innovante\/#primaryimage","url":"https:\/\/www.apres-lecole.fr\/Blog\/wp-content\/uploads\/2025\/09\/Lecole-La-Providence-un-modele-deducation-innovant-en-2025.jpg","contentUrl":"https:\/\/www.apres-lecole.fr\/Blog\/wp-content\/uploads\/2025\/09\/Lecole-La-Providence-un-modele-deducation-innovant-en-2025.jpg","width":1344,"height":768,"caption":"d\u00e9couvrez comment l'\u00e9cole la providence r\u00e9volutionne l'\u00e9ducation en 2025 gr\u00e2ce \u00e0 des m\u00e9thodes innovantes, un accompagnement personnalis\u00e9 des \u00e9l\u00e8ves et un environnement stimulant favorisant la r\u00e9ussite de chacun."},{"@type":"BreadcrumbList","@id":"https:\/\/www.apres-lecole.fr\/Blog\/ecole-la-providence-education-innovante\/#breadcrumb","itemListElement":[{"@type":"ListItem","position":1,"name":"Home","item":"https:\/\/www.apres-lecole.fr\/Blog\/"},{"@type":"ListItem","position":2,"name":"L&rsquo;\u00e9cole La Providence : un mod\u00e8le d&rsquo;\u00e9ducation innovant en 2025"}]},{"@type":"WebSite","@id":"https:\/\/www.apres-lecole.fr\/Blog\/#website","url":"https:\/\/www.apres-lecole.fr\/Blog\/","name":"","description":"M\u00e9dia g\u00e9n\u00e9raliste","potentialAction":[{"@type":"SearchAction","target":{"@type":"EntryPoint","urlTemplate":"https:\/\/www.apres-lecole.fr\/Blog\/?s={search_term_string}"},"query-input":{"@type":"PropertyValueSpecification","valueRequired":true,"valueName":"search_term_string"}}],"inLanguage":"fr-FR"},{"@type":"Person","@id":"","url":"https:\/\/www.apres-lecole.fr\/Blog\/author\/"}]}},"views":12,"_links":{"self":[{"href":"https:\/\/www.apres-lecole.fr\/Blog\/wp-json\/wp\/v2\/posts\/2350","targetHints":{"allow":["GET"]}}],"collection":[{"href":"https:\/\/www.apres-lecole.fr\/Blog\/wp-json\/wp\/v2\/posts"}],"about":[{"href":"https:\/\/www.apres-lecole.fr\/Blog\/wp-json\/wp\/v2\/types\/post"}],"author":[{"embeddable":true,"href":"https:\/\/www.apres-lecole.fr\/Blog\/wp-json\/wp\/v2\/users\/7"}],"replies":[{"embeddable":true,"href":"https:\/\/www.apres-lecole.fr\/Blog\/wp-json\/wp\/v2\/comments?post=2350"}],"version-history":[{"count":0,"href":"https:\/\/www.apres-lecole.fr\/Blog\/wp-json\/wp\/v2\/posts\/2350\/revisions"}],"wp:featuredmedia":[{"embeddable":true,"href":"https:\/\/www.apres-lecole.fr\/Blog\/wp-json\/wp\/v2\/media\/2349"}],"wp:attachment":[{"href":"https:\/\/www.apres-lecole.fr\/Blog\/wp-json\/wp\/v2\/media?parent=2350"}],"wp:term":[{"taxonomy":"category","embeddable":true,"href":"https:\/\/www.apres-lecole.fr\/Blog\/wp-json\/wp\/v2\/categories?post=2350"},{"taxonomy":"post_tag","embeddable":true,"href":"https:\/\/www.apres-lecole.fr\/Blog\/wp-json\/wp\/v2\/tags?post=2350"}],"curies":[{"name":"wp","href":"https:\/\/api.w.org\/{rel}","templated":true}]}}