{"id":2342,"date":"2025-09-19T06:34:53","date_gmt":"2025-09-19T06:34:53","guid":{"rendered":"https:\/\/www.apres-lecole.fr\/Blog\/histoire-ecole-rene-cassin\/"},"modified":"2025-09-19T06:34:53","modified_gmt":"2025-09-19T06:34:53","slug":"histoire-ecole-rene-cassin","status":"publish","type":"post","link":"https:\/\/www.apres-lecole.fr\/Blog\/histoire-ecole-rene-cassin\/","title":{"rendered":"D\u00e9couvrez l&rsquo;histoire de l&rsquo;\u00e9cole Ren\u00e9 Cassin : un lieu d&rsquo;apprentissage engag\u00e9 en 2025."},"content":{"rendered":"\n\n<div class=\"kk-star-ratings kksr-auto kksr-align-left kksr-valign-top\"\n    data-payload='{&quot;align&quot;:&quot;left&quot;,&quot;id&quot;:&quot;2342&quot;,&quot;slug&quot;:&quot;default&quot;,&quot;valign&quot;:&quot;top&quot;,&quot;ignore&quot;:&quot;&quot;,&quot;reference&quot;:&quot;auto&quot;,&quot;class&quot;:&quot;&quot;,&quot;count&quot;:&quot;0&quot;,&quot;legendonly&quot;:&quot;&quot;,&quot;readonly&quot;:&quot;&quot;,&quot;score&quot;:&quot;0&quot;,&quot;starsonly&quot;:&quot;&quot;,&quot;best&quot;:&quot;5&quot;,&quot;gap&quot;:&quot;5&quot;,&quot;greet&quot;:&quot;Rate this post&quot;,&quot;legend&quot;:&quot;0\\\/5 - (0 vote)&quot;,&quot;size&quot;:&quot;24&quot;,&quot;title&quot;:&quot;D\u00e9couvrez l\\u0026#039;histoire de l\\u0026#039;\u00e9cole Ren\u00e9 Cassin : un lieu d\\u0026#039;apprentissage engag\u00e9 en 2025.&quot;,&quot;width&quot;:&quot;0&quot;,&quot;_legend&quot;:&quot;{score}\\\/{best} - ({count} {votes})&quot;,&quot;font_factor&quot;:&quot;1.25&quot;}'>\n            \n<div class=\"kksr-stars\">\n    \n<div class=\"kksr-stars-inactive\">\n            <div class=\"kksr-star\" data-star=\"1\" style=\"padding-right: 5px\">\n            \n\n<div class=\"kksr-icon\" style=\"width: 24px; height: 24px;\"><\/div>\n        <\/div>\n            <div class=\"kksr-star\" data-star=\"2\" style=\"padding-right: 5px\">\n            \n\n<div class=\"kksr-icon\" style=\"width: 24px; height: 24px;\"><\/div>\n        <\/div>\n            <div class=\"kksr-star\" data-star=\"3\" style=\"padding-right: 5px\">\n            \n\n<div class=\"kksr-icon\" style=\"width: 24px; height: 24px;\"><\/div>\n        <\/div>\n            <div class=\"kksr-star\" data-star=\"4\" style=\"padding-right: 5px\">\n            \n\n<div class=\"kksr-icon\" style=\"width: 24px; height: 24px;\"><\/div>\n        <\/div>\n            <div class=\"kksr-star\" data-star=\"5\" style=\"padding-right: 5px\">\n            \n\n<div class=\"kksr-icon\" style=\"width: 24px; height: 24px;\"><\/div>\n        <\/div>\n    <\/div>\n    \n<div class=\"kksr-stars-active\" style=\"width: 0px;\">\n            <div class=\"kksr-star\" style=\"padding-right: 5px\">\n            \n\n<div class=\"kksr-icon\" style=\"width: 24px; height: 24px;\"><\/div>\n        <\/div>\n            <div class=\"kksr-star\" style=\"padding-right: 5px\">\n            \n\n<div class=\"kksr-icon\" style=\"width: 24px; height: 24px;\"><\/div>\n        <\/div>\n            <div class=\"kksr-star\" style=\"padding-right: 5px\">\n            \n\n<div class=\"kksr-icon\" style=\"width: 24px; height: 24px;\"><\/div>\n        <\/div>\n            <div class=\"kksr-star\" style=\"padding-right: 5px\">\n            \n\n<div class=\"kksr-icon\" style=\"width: 24px; height: 24px;\"><\/div>\n        <\/div>\n            <div class=\"kksr-star\" style=\"padding-right: 5px\">\n            \n\n<div class=\"kksr-icon\" style=\"width: 24px; height: 24px;\"><\/div>\n        <\/div>\n    <\/div>\n<\/div>\n                \n\n<div class=\"kksr-legend\" style=\"font-size: 19.2px;\">\n            <span class=\"kksr-muted\">Rate this post<\/span>\n    <\/div>\n    <\/div>\n<p>Sur les rivages embl\u00e9matiques de Nice, l&rsquo;\u00e9cole Ren\u00e9 Cassin se r\u00e9v\u00e8le comme un espace o\u00f9 l&rsquo;<strong>engagement<\/strong>, l&rsquo;<strong>innovation<\/strong> et l&rsquo;<strong>\u00e9ducation<\/strong> se croisent dans une danse harmonieuse. En cette ann\u00e9e 2025, l&rsquo;\u00e9tablissement fait partie int\u00e9grante de la communaut\u00e9 \u00e9ducative, avec l&rsquo;objectif de transmettre les valeurs citoyennes et d&rsquo;ancrer les jeunes dans une dynamique inclusive et ouverte sur le monde. Les d\u00e9l\u00e9gu\u00e9s des classes de CM2 s&rsquo;y sont r\u00e9cemment rendus pour honorer la m\u00e9moire du juriste et diplomate Ren\u00e9 Cassin, en explorant les lieux qui ont marqu\u00e9 son parcours, notamment le Panth\u00e9on o\u00f9 reposent ses restes. Mais que se cache-t-il derri\u00e8re cette \u00e9cole embl\u00e9matique\u00a0? Quelles sont ses particularit\u00e9s, son histoire, ses valeurs et son avenir ? C&rsquo;est ce que cet article se propose d&rsquo;explorer en profondeur, m\u00ealant anecdotes et analyses. Au programme\u00a0: un voyage \u00e0 travers le temps, la p\u00e9dagogie moderne, et le lien ind\u00e9fectible avec le Droit.<\/p>\n\n<h2 class=\"wp-block-heading\">Le parcours historique de l&rsquo;\u00e9cole Ren\u00e9 Cassin<\/h2>\n\n<p>Enrichie de plus d&rsquo;un si\u00e8cle d&rsquo;histoire, l&rsquo;\u00e9cole Ren\u00e9 Cassin poss\u00e8de un patrimoine qui m\u00e9rite d&rsquo;\u00eatre racont\u00e9. Connue pour son b\u00e2timent historique construit en 1896, l&rsquo;\u00e9cole a d&rsquo;abord \u00e9t\u00e9 une \u00e9cole technique sup\u00e9rieure dont la mission \u00e9tait de former des architectes et de futurs ing\u00e9nieurs. La pr\u00e9lude d&rsquo;un long voyage qui, jusqu&rsquo;\u00e0 aujourd&rsquo;hui, reste ancr\u00e9 dans le c\u0153ur de la ville ainsi que dans celui de ses \u00e9l\u00e8ves. Mais pourquoi ce lieu est-il devenu un symbole d&rsquo;enseignement innovant\u00a0?<\/p>\n\n<p>Apr\u00e8s 1960, le d\u00e9m\u00e9nagement de cette \u00e9cole technique \u00e0 un autre emplacement marqua un tournant d\u00e9cisif. Les murs, qui ont vu passer tant de g\u00e9n\u00e9rations, ont \u00e9t\u00e9 repens\u00e9s pour accueillir un Lyc\u00e9e Technique Commercial. Ainsi, au fil du temps, l&rsquo;\u00e9tablissement s&rsquo;est transform\u00e9, grandissant et s&rsquo;adaptant aux besoins d&rsquo;une population estudiantine toujours croissante. En 2010, le lyc\u00e9e professionnel et le Lyc\u00e9e Ren\u00e9 Cassin ont fusionn\u00e9, marquant ainsi un nouvel \u00e9lan pour l&rsquo;apprentissage, renfor\u00e7ant l&rsquo;id\u00e9e d&rsquo;innovation dans un cadre traditionnel.<\/p>\n\n<h3 class=\"wp-block-heading\">Un cadre \u00e9ducatif enrichissant et diversifi\u00e9<\/h3>\n\n<p>La structure actuelle de l&rsquo;\u00e9cole se compose de plusieurs b\u00e2timents, chacun portant le poids de l&rsquo;histoire et de la tradition. Avec des installations mises \u00e0 jour, l&rsquo;\u00e9cole est d\u00e9di\u00e9e \u00e0 une <strong>p\u00e9dagogie<\/strong> orient\u00e9e vers le futur. Parmi les atouts de l&rsquo;\u00e9cole, on trouve la fusion de l&rsquo;ancien et du moderne, offrant aux \u00e9l\u00e8ves une atmosph\u00e8re propice \u00e0 leur \u00e9panouissement. La diversit\u00e9 des formations propos\u00e9es attire un large \u00e9ventail de jeunes issus de divers horizons souhaitant acqu\u00e9rir des comp\u00e9tences pr\u00e9cieuses sur le march\u00e9 du travail.<\/p>\n\n<ul class=\"wp-block-list\"><li>\ud83d\udcda Formations techniques : Pr\u00e9parant les \u00e9tudiants \u00e0 des m\u00e9tiers d&rsquo;avenir.<\/li><li>\u2699\ufe0f Ateliers pratiques : Favorisant l&rsquo;apprentissage par l&rsquo;exp\u00e9rience.<\/li><li>\ud83e\udd1d Projets collaboratifs : Encouragement \u00e0 la solidarit\u00e9 et \u00e0 l&rsquo;engagement communautaire.<\/li><\/ul>\n\n<h3 class=\"wp-block-heading\">Un engagement envers les valeurs humaines<\/h3>\n\n<p>\u00c0 l&rsquo;\u00e9cole Ren\u00e9 Cassin, l&rsquo;esprit d&rsquo;<strong>engagement<\/strong> et d&rsquo;\u00e9galit\u00e9 est omnipr\u00e9sent. C&rsquo;est un lieu o\u00f9 les <strong>valeurs citoyennes<\/strong> sont au c\u0153ur des enseignements. En novembre 2024, lors de la c\u00e9l\u00e9bration du 80\u00e8me anniversaire de la D\u00e9claration universelle des Droits de l&rsquo;Homme, les \u00e9l\u00e8ves ont \u00e9t\u00e9 invit\u00e9s \u00e0 r\u00e9fl\u00e9chir et \u00e0 d\u00e9battre sur des sujets o\u00f9 l&rsquo;\u00e9thique et la morale prennent une place pr\u00e9pond\u00e9rante. Cette initiative d\u00e9montre comment l&rsquo;\u00e9tablissement met en avant l&rsquo;importance d&rsquo;une formation qui va bien au-del\u00e0 des simples concepts acad\u00e9miques pour contradictoirement s&rsquo;ancrer dans la r\u00e9alit\u00e9. D&rsquo;ailleurs, de nombreux projets de b\u00e9n\u00e9volat et d&rsquo;entraide sont r\u00e9guli\u00e8rement organis\u00e9s pour sensibiliser les jeunes \u00e0 ces enjeux.<\/p>\n\n<p>Un tableau r\u00e9capitulatif des activit\u00e9s pass\u00e9es permet de mieux se rendre compte de l&rsquo;engagement de l&rsquo;\u00e9cole :<\/p>\n\n<figure class=\"wp-block-table\"><table>\n<thead>\n<tr>\n<th>Activit\u00e9s<\/th>\n<th>Date<\/th>\n<th>Objectif<\/th>\n<\/tr>\n<\/thead>\n<tbody>\n<tr>\n<td>Visite au Panth\u00e9on<\/td>\n<td>10 D\u00e9cembre 2024<\/td>\n<td>Hommage \u00e0 Ren\u00e9 Cassin<\/td>\n<\/tr>\n<tr>\n<td>D\u00e9bat sur les droits de l&rsquo;homme<\/td>\n<td>Novembre 2024<\/td>\n<td>R\u00e9flexion \u00e9thique<\/td>\n<\/tr>\n<tr>\n<td>Ateliers de sensibilisation<\/td>\n<td>Tous les Semestres<\/td>\n<td>Engagement citoyen<\/td>\n<\/tr>\n<\/tbody>\n<\/table><\/figure>\n\n<h2 class=\"wp-block-heading\">Les innovations p\u00e9dagogiques \u00e0 l&rsquo;\u00e9cole Ren\u00e9 Cassin<\/h2>\n\n<p>Dans l&rsquo;environnement \u00e9ducatif en constante \u00e9volution d&rsquo;aujourd&rsquo;hui, l&rsquo;\u00e9cole Ren\u00e9 Cassin fait figure de pionni\u00e8re gr\u00e2ce \u00e0 ses <strong>innovations p\u00e9dagogiques<\/strong>. L&rsquo;\u00e9tablissement est d\u00e9termin\u00e9 non seulement \u00e0 fournir une \u00e9ducation classique mais \u00e9galement \u00e0 int\u00e9grer des m\u00e9thodes modernes d&rsquo;apprentissage qui cultivent la curiosit\u00e9 et encouragent l&rsquo;esprit critique. Que ce soit \u00e0 travers l&rsquo;utilisation des technologies num\u00e9riques ou des approches bas\u00e9es sur la collaboration, les innovations sont omnipr\u00e9sentes.<\/p>\n\n<p>Un des aspects cl\u00e9s de l&rsquo;\u00e9cole est l&rsquo;utilisation accrue des outils num\u00e9riques. Par exemple, l&rsquo;\u00e9cole a mis en place des sessions de programmation o\u00f9 les \u00e9l\u00e8ves sont encourag\u00e9s \u00e0 d\u00e9velopper des comp\u00e9tences informatiques d\u00e8s leur plus jeune \u00e2ge. Ces ateliers permettent aux \u00e9l\u00e8ves de travailler sur des projets interactifs qui favorisent l&rsquo;<strong>apprentissage<\/strong> par le jeu.<\/p>\n\n<h3 class=\"wp-block-heading\">M\u00e9thodes d&rsquo;enseignement immersives<\/h3>\n\n<p>Afin de stimuler l&rsquo;int\u00e9r\u00eat des \u00e9l\u00e8ves, l&rsquo;\u00e9cole propose \u00e9galement des m\u00e9thodes d\u2019enseignement immersives. Cela implique non seulement des cours en classe, mais aussi des sorties sur le terrain o\u00f9 les \u00e9tudiants appliquent leurs connaissances dans un cadre r\u00e9el. En 2025, cela signifie de nombreuses visites d&rsquo;entreprises locales ou d&rsquo;institutions, qui renforcent la connexion entre th\u00e9orie et pratique, et pr\u00e9parent les \u00e9l\u00e8ves \u00e0 devenir des acteurs engag\u00e9s.<\/p>\n\n<ul class=\"wp-block-list\"><li>\ud83d\udd0d Ateliers de d\u00e9couverte : Sensibiliser sur le monde professionnel.<\/li><li>\ud83c\udfae Sessions de jeux s\u00e9rieux : Rendre l&rsquo;apprentissage ludique et motivant.<\/li><li>\ud83d\udcbb Projets collaboratifs : D\u00e9velopper des comp\u00e9tences de travail en \u00e9quipe.<\/li><\/ul>\n\n<h3 class=\"wp-block-heading\">Technologie et enseignement<\/h3>\n\n<p>Pour appr\u00e9hender des notions complexes, l&rsquo;\u00e9cole a \u00e9galement investi dans des outils digitaux. Compte tenu de l&rsquo;avanc\u00e9e fulgurante des technologies, l&rsquo;\u00e9tablissement se doit de pr\u00e9parer les \u00e9tudiants aux m\u00e9tiers de demain. C&rsquo;est pourquoi, chaque \u00e9l\u00e8ve a acc\u00e8s \u00e0 un ordinateur portable, et les cours en ligne sont int\u00e9gr\u00e9s au cursus. Ces innovations t\u00e9moignent du dynamisme de l&rsquo;\u00e9cole dans son approche de l&rsquo;\u00e9ducation.<\/p>\n\n<figure class=\"wp-block-table\"><table>\n<thead>\n<tr>\n<th>Technologies Utilis\u00e9es<\/th>\n<th>Objectifs<\/th>\n<th>B\u00e9n\u00e9fices<\/th>\n<\/tr>\n<\/thead>\n<tbody>\n<tr>\n<td>Tableaux interactifs<\/td>\n<td>Faciliter la participation<\/td>\n<td>Engagement accru des \u00e9l\u00e8ves<\/td>\n<\/tr>\n<tr>\n<td>Applications \u00e9ducatives<\/td>\n<td>Apprentissage autonome<\/td>\n<td>Autonomie des \u00e9tudiants<\/td>\n<\/tr>\n<tr>\n<td>Projets num\u00e9riques<\/td>\n<td>Cr\u00e9ativit\u00e9 et innovation<\/td>\n<td>Pr\u00e9paration aux d\u00e9fis futuristes<\/td>\n<\/tr>\n<\/tbody>\n<\/table><\/figure>\n\n<h2 class=\"wp-block-heading\">La communaut\u00e9 \u00e9ducative de l&rsquo;\u00e9cole Ren\u00e9 Cassin<\/h2>\n\n<p>La force de l&rsquo;\u00e9cole Ren\u00e9 Cassin r\u00e9side \u00e9galement dans sa <strong>communaut\u00e9 \u00e9ducative<\/strong>, qui regroupe parents, enseignants et \u00e9l\u00e8ves autour d&rsquo;un objectif commun\u00a0: le succ\u00e8s et l&rsquo;\u00e9panouissement de chaque enfant. Pour y parvenir, l&rsquo;\u00e9cole encourage la participation active des familles, facilitateurs essentiels de l&rsquo;<strong>engagement<\/strong> \u00e9ducatif.<\/p>\n\n<p>Chaque ann\u00e9e, l&rsquo;\u00e9tablissement organise des \u00e9v\u00e9nements pour renforcer les liens entre les diff\u00e9rentes parties. Des rencontres parents-professeurs aux journ\u00e9es portes ouvertes, ces moments de partage sont l&rsquo;occasion de cr\u00e9er une synergie positive, propice \u00e0 l&rsquo;\u00e9panouissement des \u00e9l\u00e8ves. La direction veille \u00e9galement \u00e0 mettre en place des espaces d&rsquo;\u00e9coute afin que tous les membres de la communaut\u00e9 puissent s&rsquo;exprimer et partager leur vision de l&rsquo;\u00e9ducation.<\/p>\n\n<h3 class=\"wp-block-heading\">Initiatives parents-enseignants pour une \u00e9ducation r\u00e9ussie<\/h3>\n\n<p>Voici quelques initiatives notables\u00a0:<\/p>\n\n<ul class=\"wp-block-list\"><li>\ud83c\udfeb R\u00e9unions semestrielles : Collaboration entre parents et enseignants.<\/li><li>\ud83c\udf89 Journ\u00e9es d&rsquo;int\u00e9gration : Cr\u00e9ation d\u2019une ambiance conviviale pour les nouveaux venus.<\/li><li>\ud83d\udccb Ateliers de formation pour les parents : Impliquer les familles dans l&rsquo;\u00e9ducation.<\/li><\/ul>\n\n<h3 class=\"wp-block-heading\">Ressources et soutien \u00e0 l&rsquo;\u00e9ducation<\/h3>\n\n<p>Afin d&rsquo;assister chaque \u00e9l\u00e8ve dans leur parcours \u00e9ducatif, l&rsquo;\u00e9cole a constitu\u00e9 une plateforme de ressources qui comprend des tutorats, des aides aux devoirs et des activit\u00e9s extrascolaires. Cela permet de garantir que personne ne se sente abandonn\u00e9 et que chaque enfant puisse atteindre ses objectifs \u00e9ducatifs.<\/p>\n\n<p>De plus, des collaborations ext\u00e9rieures avec des associations locales renforcent l&rsquo;engagement social des \u00e9l\u00e8ves. Ces initiatives apportent une dimension suppl\u00e9mentaire \u00e0 leur \u00e9ducation, les sensibilisant aux enjeux de la soci\u00e9t\u00e9.<\/p>\n\n<h2 class=\"wp-block-heading\">Les perspectives d&rsquo;avenir de l&rsquo;\u00e9cole Ren\u00e9 Cassin<\/h2>\n\n<p>En scrutant l&rsquo;horizon, l&rsquo;\u00e9cole Ren\u00e9 Cassin se pr\u00e9pare \u00e0 continuer son \u00e9volution. Globalement, l&rsquo;\u00e9tablissement vise \u00e0 consolider son r\u00f4le de moteur d&rsquo;innovation et d&rsquo;apprentissage tout en restant fid\u00e8le aux <strong>valeurs citoyennes<\/strong>. Conscient des d\u00e9fis que repr\u00e9sente l&rsquo;\u00e9ducation moderne, le corps \u00e9ducatif s&rsquo;engage \u00e0 r\u00e9pondre aux nouvelles attentes des \u00e9l\u00e8ves et des familles.<\/p>\n\n<p>Les orientations futures incluent l&rsquo;int\u00e9gration encore plus marqu\u00e9e des technologies digitales dans les m\u00e9thodes d&rsquo;apprentissage, mais aussi l&rsquo;\u00e9largissement des programmes en lien avec le d\u00e9veloppement durable et la citoyennet\u00e9 active. L&rsquo;\u00e9cole envisage \u00e9galement de renforcer ses partenariats avec des entreprises et des institutions, afin de permettre aux \u00e9l\u00e8ves d&rsquo;avoir acc\u00e8s \u00e0 des stages et des conf\u00e9rences de professionnels du secteur. Voil\u00e0 le type d\u2019innovation dont chaque \u00e9cole a besoin\u00a0!<\/p>\n\n<h3 class=\"wp-block-heading\">Un engagement constant pour les droits humains<\/h3>\n\n<p>En s&rsquo;inspirant de l&rsquo;h\u00e9ritage de Ren\u00e9 Cassin, l&rsquo;\u00e9cole se veut un espace o\u00f9 le respect des droits humains est fondamental. Cela se traduit par des projets d&rsquo;\u00e9ducation aux droits de l&rsquo;homme, con\u00e7us pour sensibiliser les \u00e9l\u00e8ves aux r\u00e9alit\u00e9s sociales et leur donner les cl\u00e9s pour devenir des citoyens responsables. Comme vu lors de la visite au Panth\u00e9on, cet apprentissage est valoris\u00e9 et encourag\u00e9 \u00e0 travers les activit\u00e9s. Qui sait, peut-\u00eatre que le futur Nobel de la paix de demain se cache dans les couloirs de cette \u00e9cole\u00a0?<\/p>\n\n<ul class=\"wp-block-list\"><li>\ud83c\udf31 Projets touristiques : Sensibilisation \u00e0 l\u2019histoire locale.<\/li><li>\ud83e\udd1d Initiatives de solidarit\u00e9 : Engager les \u00e9l\u00e8ves sur des enjeux sociaux.<\/li><li>\ud83c\udf93 Formations sur les droits humains : \u00c9veiller les consciences.<\/li><\/ul>\n\n<figure class=\"wp-block-table\"><table>\n<thead>\n<tr>\n<th>Objectifs futurs<\/th>\n<th>Actions pr\u00e9vues<\/th>\n<th>Impact attendu<\/th>\n<\/tr>\n<\/thead>\n<tbody>\n<tr>\n<td>Renforcer la p\u00e9dagogie num\u00e9rique<\/td>\n<td>Int\u00e9gration de nouveaux outils digitaux<\/td>\n<td>\u00c9l\u00e8ves mieux form\u00e9s aux technologies<\/td>\n<\/tr>\n<tr>\n<td>Promouvoir la durabilit\u00e9<\/td>\n<td>Ateliers sur le d\u00e9veloppement durable<\/td>\n<td>\u00c9veil \u00e0 l\u2019environnement<\/td>\n<\/tr>\n<tr>\n<td>Accentuer les partenariats<\/td>\n<td>Collaborations avec le monde professionnel<\/td>\n<td>Opportunit\u00e9s de stage et d\u2019insertion<\/td>\n<\/tr>\n<\/tbody>\n<\/table><\/figure>\n\n<p>Dans un monde o\u00f9 l&rsquo;\u00e9ducation \u00e9volue sans cesse, l&rsquo;\u00e9cole Ren\u00e9 Cassin se d\u00e9marque en pr\u00f4nant l&rsquo;importance des valeurs et de l&rsquo;apprentissage engag\u00e9. La combinaison d&rsquo;une riche histoire, d&rsquo;une p\u00e9dagogie innovante et d&rsquo;une communaut\u00e9 forte pr\u00e9pare les \u00e9l\u00e8ves \u00e0 relever les d\u00e9fis de demain, tout en restant connect\u00e9s \u00e0 leur h\u00e9ritage. Une \u00e9cole comme celle-ci ne peut que donner envie, et t\u00e9moigne d&rsquo;une \u00e9ducation de qualit\u00e9.<\/p>\n\n<ul class=\"wp-block-list\"><li>\ud83d\udd17 Pour plus d&rsquo;informations sur les m\u00e9tiers \u00e0 l&rsquo;\u00e9cole : <a href=\"https:\/\/www.apres-lecole.fr\/Blog\/ecole-42-nice-enseignement-numerique\/\">Visite ici<\/a><\/li><li>\ud83d\udd17 D\u00e9couvre l&rsquo;impact d&rsquo;autres \u00e9coles : <a href=\"https:\/\/www.apres-lecole.fr\/Blog\/impact-ecole-xavier-niel-2025\/\">Regarde cela<\/a><\/li><li>\ud83d\udd17 Explore d&rsquo;autres innovations p\u00e9dagogiques : <a href=\"https:\/\/www.apres-lecole.fr\/Blog\/ecole-42-perpignan-innovation\/\">D\u00e9couvre plus<\/a><\/li><\/ul>\n\n<p>Pour terminer, voici quelques questions fr\u00e9quentes sur l&rsquo;\u00e9cole Ren\u00e9 Cassin :<\/p>\n\n<ul class=\"wp-block-list\"><li>\ud83c\udf1f Quelle est la particularit\u00e9 du syst\u00e8me \u00e9ducatif de l&rsquo;\u00e9cole ? L&rsquo;\u00e9cole privil\u00e9gie des m\u00e9thodes d&rsquo;apprentissage innovantes et pratiques.<\/li><li>\ud83e\udd14 Comment les parents peuvent-ils s&rsquo;impliquer dans l&rsquo;\u00e9cole ? De nombreuses initiatives parentales sont organis\u00e9es pour renforcer le lien entre les familles et le corps \u00e9ducatif.<\/li><li>\ud83d\udcc5 Quelle est l&rsquo;approche de l&rsquo;\u00e9cole vis-\u00e0-vis des droits de l&rsquo;homme ? L&rsquo;\u00e9cole met l&rsquo;accent sur la sensibilisation et l&rsquo;\u00e9ducation aux droits humains \u00e0 travers diff\u00e9rents projets.<\/li><li>\ud83e\uddd1\u200d\ud83c\udf93 Quelles sont les formations propos\u00e9es ? Les \u00e9l\u00e8ves disposent d&rsquo;un large \u00e9ventail de formations, allant du technique au professionnel.<\/li><li>\ud83c\udf89 Comment est l\u2019ambiance \u00e0 l&rsquo;\u00e9cole ? La communaut\u00e9 \u00e9ducative se caract\u00e9rise par un climat chaleureux et accueillant, propice \u00e0 l&rsquo;\u00e9panouissement des \u00e9l\u00e8ves.<\/li><\/ul>\n\n","protected":false},"excerpt":{"rendered":"<p>Sur les rivages embl\u00e9matiques de Nice, l&rsquo;\u00e9cole Ren\u00e9 Cassin se r\u00e9v\u00e8le comme un espace o\u00f9 l&rsquo;engagement, l&rsquo;innovation et l&rsquo;\u00e9ducation se croisent dans une danse harmonieuse. En cette ann\u00e9e 2025, l&rsquo;\u00e9tablissement fait partie int\u00e9grante de la communaut\u00e9 \u00e9ducative, avec l&rsquo;objectif de transmettre les valeurs citoyennes et d&rsquo;ancrer les jeunes dans une dynamique inclusive et ouverte sur &#8230; <a title=\"D\u00e9couvrez l&rsquo;histoire de l&rsquo;\u00e9cole Ren\u00e9 Cassin : un lieu d&rsquo;apprentissage engag\u00e9 en 2025.\" class=\"read-more\" href=\"https:\/\/www.apres-lecole.fr\/Blog\/histoire-ecole-rene-cassin\/\" aria-label=\"En savoir plus sur D\u00e9couvrez l&rsquo;histoire de l&rsquo;\u00e9cole Ren\u00e9 Cassin : un lieu d&rsquo;apprentissage engag\u00e9 en 2025.\">Lire plus<\/a><\/p>\n","protected":false},"author":7,"featured_media":2341,"comment_status":"open","ping_status":"open","sticky":false,"template":"","format":"standard","meta":{"footnotes":""},"categories":[342],"tags":[1582,1579,1581,1578,1580],"class_list":["post-2342","post","type-post","status-publish","format-standard","has-post-thumbnail","hentry","category-actualites","tag-ecole-de-demain","tag-education-en-2025","tag-engagement-educatif","tag-histoire-de-lecole-rene-cassin","tag-lieu-dapprentissage"],"yoast_head":"<!-- This site is optimized with the Yoast SEO plugin v27.5 - https:\/\/yoast.com\/product\/yoast-seo-wordpress\/ -->\n<title>\u00c9cole Ren\u00e9 Cassin\u00a0: chroniques d\u2019un engagement \u00e9ducatif en 2025<\/title>\n<meta name=\"description\" content=\"Plongez dans l&#039;histoire 2025 de l&#039;\u00e9cole Ren\u00e9 Cassin : un \u00e9tablissement engag\u00e9 pour un apprentissage innovant et inclusif.\" \/>\n<meta name=\"robots\" content=\"index, follow, max-snippet:-1, max-image-preview:large, max-video-preview:-1\" \/>\n<link rel=\"canonical\" href=\"https:\/\/www.apres-lecole.fr\/Blog\/histoire-ecole-rene-cassin\/\" \/>\n<meta property=\"og:locale\" content=\"fr_FR\" \/>\n<meta property=\"og:type\" content=\"article\" \/>\n<meta property=\"og:title\" content=\"\u00c9cole Ren\u00e9 Cassin\u00a0: chroniques d\u2019un engagement \u00e9ducatif en 2025\" \/>\n<meta property=\"og:description\" content=\"Plongez dans l&#039;histoire 2025 de l&#039;\u00e9cole Ren\u00e9 Cassin : un \u00e9tablissement engag\u00e9 pour un apprentissage innovant et inclusif.\" \/>\n<meta property=\"og:url\" content=\"https:\/\/www.apres-lecole.fr\/Blog\/histoire-ecole-rene-cassin\/\" \/>\n<meta property=\"article:published_time\" content=\"2025-09-19T06:34:53+00:00\" \/>\n<meta property=\"og:image\" content=\"https:\/\/www.apres-lecole.fr\/Blog\/wp-content\/uploads\/2025\/09\/Decouvrez-lhistoire-de-lecole-Rene-Cassin-un-lieu-dapprentissage-engage-en-2025.jpg\" \/>\n\t<meta property=\"og:image:width\" content=\"1344\" \/>\n\t<meta property=\"og:image:height\" content=\"768\" \/>\n\t<meta property=\"og:image:type\" content=\"image\/jpeg\" \/>\n<meta name=\"twitter:card\" content=\"summary_large_image\" \/>\n<meta name=\"twitter:label1\" content=\"\u00c9crit par\" \/>\n\t<meta name=\"twitter:data1\" content=\"\" \/>\n\t<meta name=\"twitter:label2\" content=\"Dur\u00e9e de lecture estim\u00e9e\" \/>\n\t<meta name=\"twitter:data2\" content=\"9 minutes\" \/>\n<script type=\"application\/ld+json\" class=\"yoast-schema-graph\">{\"@context\":\"https:\\\/\\\/schema.org\",\"@graph\":[{\"@type\":\"Article\",\"@id\":\"https:\\\/\\\/www.apres-lecole.fr\\\/Blog\\\/histoire-ecole-rene-cassin\\\/#article\",\"isPartOf\":{\"@id\":\"https:\\\/\\\/www.apres-lecole.fr\\\/Blog\\\/histoire-ecole-rene-cassin\\\/\"},\"author\":{\"name\":\"\",\"@id\":\"\"},\"headline\":\"D\u00e9couvrez l&rsquo;histoire de l&rsquo;\u00e9cole Ren\u00e9 Cassin : un lieu d&rsquo;apprentissage engag\u00e9 en 2025.\",\"datePublished\":\"2025-09-19T06:34:53+00:00\",\"mainEntityOfPage\":{\"@id\":\"https:\\\/\\\/www.apres-lecole.fr\\\/Blog\\\/histoire-ecole-rene-cassin\\\/\"},\"wordCount\":1943,\"commentCount\":0,\"image\":{\"@id\":\"https:\\\/\\\/www.apres-lecole.fr\\\/Blog\\\/histoire-ecole-rene-cassin\\\/#primaryimage\"},\"thumbnailUrl\":\"https:\\\/\\\/www.apres-lecole.fr\\\/Blog\\\/wp-content\\\/uploads\\\/2025\\\/09\\\/Decouvrez-lhistoire-de-lecole-Rene-Cassin-un-lieu-dapprentissage-engage-en-2025.jpg\",\"keywords\":[\"\u00e9cole de demain\",\"\u00e9ducation en 2025\",\"engagement \u00e9ducatif\",\"histoire de l'\u00e9cole ren\u00e9 cassin\",\"lieu d'apprentissage\"],\"articleSection\":[\"Actualit\u00e9s\"],\"inLanguage\":\"fr-FR\",\"potentialAction\":[{\"@type\":\"CommentAction\",\"name\":\"Comment\",\"target\":[\"https:\\\/\\\/www.apres-lecole.fr\\\/Blog\\\/histoire-ecole-rene-cassin\\\/#respond\"]}]},{\"@type\":\"WebPage\",\"@id\":\"https:\\\/\\\/www.apres-lecole.fr\\\/Blog\\\/histoire-ecole-rene-cassin\\\/\",\"url\":\"https:\\\/\\\/www.apres-lecole.fr\\\/Blog\\\/histoire-ecole-rene-cassin\\\/\",\"name\":\"\u00c9cole Ren\u00e9 Cassin\u00a0: chroniques d\u2019un engagement \u00e9ducatif en 2025\",\"isPartOf\":{\"@id\":\"https:\\\/\\\/www.apres-lecole.fr\\\/Blog\\\/#website\"},\"primaryImageOfPage\":{\"@id\":\"https:\\\/\\\/www.apres-lecole.fr\\\/Blog\\\/histoire-ecole-rene-cassin\\\/#primaryimage\"},\"image\":{\"@id\":\"https:\\\/\\\/www.apres-lecole.fr\\\/Blog\\\/histoire-ecole-rene-cassin\\\/#primaryimage\"},\"thumbnailUrl\":\"https:\\\/\\\/www.apres-lecole.fr\\\/Blog\\\/wp-content\\\/uploads\\\/2025\\\/09\\\/Decouvrez-lhistoire-de-lecole-Rene-Cassin-un-lieu-dapprentissage-engage-en-2025.jpg\",\"datePublished\":\"2025-09-19T06:34:53+00:00\",\"author\":{\"@id\":\"\"},\"description\":\"Plongez dans l'histoire 2025 de l'\u00e9cole Ren\u00e9 Cassin : un \u00e9tablissement engag\u00e9 pour un apprentissage innovant et inclusif.\",\"breadcrumb\":{\"@id\":\"https:\\\/\\\/www.apres-lecole.fr\\\/Blog\\\/histoire-ecole-rene-cassin\\\/#breadcrumb\"},\"inLanguage\":\"fr-FR\",\"potentialAction\":[{\"@type\":\"ReadAction\",\"target\":[\"https:\\\/\\\/www.apres-lecole.fr\\\/Blog\\\/histoire-ecole-rene-cassin\\\/\"]}]},{\"@type\":\"ImageObject\",\"inLanguage\":\"fr-FR\",\"@id\":\"https:\\\/\\\/www.apres-lecole.fr\\\/Blog\\\/histoire-ecole-rene-cassin\\\/#primaryimage\",\"url\":\"https:\\\/\\\/www.apres-lecole.fr\\\/Blog\\\/wp-content\\\/uploads\\\/2025\\\/09\\\/Decouvrez-lhistoire-de-lecole-Rene-Cassin-un-lieu-dapprentissage-engage-en-2025.jpg\",\"contentUrl\":\"https:\\\/\\\/www.apres-lecole.fr\\\/Blog\\\/wp-content\\\/uploads\\\/2025\\\/09\\\/Decouvrez-lhistoire-de-lecole-Rene-Cassin-un-lieu-dapprentissage-engage-en-2025.jpg\",\"width\":1344,\"height\":768,\"caption\":\"plongez dans l\u2019histoire de l\u2019\u00e9cole ren\u00e9 cassin, un \u00e9tablissement engag\u00e9 qui fa\u00e7onne l\u2019\u00e9ducation de demain en 2025. d\u00e9couvrez ses valeurs, ses d\u00e9fis et son impact sur la communaut\u00e9 \u00e9ducative.\"},{\"@type\":\"BreadcrumbList\",\"@id\":\"https:\\\/\\\/www.apres-lecole.fr\\\/Blog\\\/histoire-ecole-rene-cassin\\\/#breadcrumb\",\"itemListElement\":[{\"@type\":\"ListItem\",\"position\":1,\"name\":\"Home\",\"item\":\"https:\\\/\\\/www.apres-lecole.fr\\\/Blog\\\/\"},{\"@type\":\"ListItem\",\"position\":2,\"name\":\"D\u00e9couvrez l&rsquo;histoire de l&rsquo;\u00e9cole Ren\u00e9 Cassin : un lieu d&rsquo;apprentissage engag\u00e9 en 2025.\"}]},{\"@type\":\"WebSite\",\"@id\":\"https:\\\/\\\/www.apres-lecole.fr\\\/Blog\\\/#website\",\"url\":\"https:\\\/\\\/www.apres-lecole.fr\\\/Blog\\\/\",\"name\":\"\",\"description\":\"M\u00e9dia g\u00e9n\u00e9raliste\",\"potentialAction\":[{\"@type\":\"SearchAction\",\"target\":{\"@type\":\"EntryPoint\",\"urlTemplate\":\"https:\\\/\\\/www.apres-lecole.fr\\\/Blog\\\/?s={search_term_string}\"},\"query-input\":{\"@type\":\"PropertyValueSpecification\",\"valueRequired\":true,\"valueName\":\"search_term_string\"}}],\"inLanguage\":\"fr-FR\"},{\"@type\":\"Person\",\"@id\":\"\",\"url\":\"https:\\\/\\\/www.apres-lecole.fr\\\/Blog\\\/author\\\/\"}]}<\/script>\n<!-- \/ Yoast SEO plugin. -->","yoast_head_json":{"title":"\u00c9cole Ren\u00e9 Cassin\u00a0: chroniques d\u2019un engagement \u00e9ducatif en 2025","description":"Plongez dans l'histoire 2025 de l'\u00e9cole Ren\u00e9 Cassin : un \u00e9tablissement engag\u00e9 pour un apprentissage innovant et inclusif.","robots":{"index":"index","follow":"follow","max-snippet":"max-snippet:-1","max-image-preview":"max-image-preview:large","max-video-preview":"max-video-preview:-1"},"canonical":"https:\/\/www.apres-lecole.fr\/Blog\/histoire-ecole-rene-cassin\/","og_locale":"fr_FR","og_type":"article","og_title":"\u00c9cole Ren\u00e9 Cassin\u00a0: chroniques d\u2019un engagement \u00e9ducatif en 2025","og_description":"Plongez dans l'histoire 2025 de l'\u00e9cole Ren\u00e9 Cassin : un \u00e9tablissement engag\u00e9 pour un apprentissage innovant et inclusif.","og_url":"https:\/\/www.apres-lecole.fr\/Blog\/histoire-ecole-rene-cassin\/","article_published_time":"2025-09-19T06:34:53+00:00","og_image":[{"width":1344,"height":768,"url":"https:\/\/www.apres-lecole.fr\/Blog\/wp-content\/uploads\/2025\/09\/Decouvrez-lhistoire-de-lecole-Rene-Cassin-un-lieu-dapprentissage-engage-en-2025.jpg","type":"image\/jpeg"}],"twitter_card":"summary_large_image","twitter_misc":{"\u00c9crit par":"","Dur\u00e9e de lecture estim\u00e9e":"9 minutes"},"schema":{"@context":"https:\/\/schema.org","@graph":[{"@type":"Article","@id":"https:\/\/www.apres-lecole.fr\/Blog\/histoire-ecole-rene-cassin\/#article","isPartOf":{"@id":"https:\/\/www.apres-lecole.fr\/Blog\/histoire-ecole-rene-cassin\/"},"author":{"name":"","@id":""},"headline":"D\u00e9couvrez l&rsquo;histoire de l&rsquo;\u00e9cole Ren\u00e9 Cassin : un lieu d&rsquo;apprentissage engag\u00e9 en 2025.","datePublished":"2025-09-19T06:34:53+00:00","mainEntityOfPage":{"@id":"https:\/\/www.apres-lecole.fr\/Blog\/histoire-ecole-rene-cassin\/"},"wordCount":1943,"commentCount":0,"image":{"@id":"https:\/\/www.apres-lecole.fr\/Blog\/histoire-ecole-rene-cassin\/#primaryimage"},"thumbnailUrl":"https:\/\/www.apres-lecole.fr\/Blog\/wp-content\/uploads\/2025\/09\/Decouvrez-lhistoire-de-lecole-Rene-Cassin-un-lieu-dapprentissage-engage-en-2025.jpg","keywords":["\u00e9cole de demain","\u00e9ducation en 2025","engagement \u00e9ducatif","histoire de l'\u00e9cole ren\u00e9 cassin","lieu d'apprentissage"],"articleSection":["Actualit\u00e9s"],"inLanguage":"fr-FR","potentialAction":[{"@type":"CommentAction","name":"Comment","target":["https:\/\/www.apres-lecole.fr\/Blog\/histoire-ecole-rene-cassin\/#respond"]}]},{"@type":"WebPage","@id":"https:\/\/www.apres-lecole.fr\/Blog\/histoire-ecole-rene-cassin\/","url":"https:\/\/www.apres-lecole.fr\/Blog\/histoire-ecole-rene-cassin\/","name":"\u00c9cole Ren\u00e9 Cassin\u00a0: chroniques d\u2019un engagement \u00e9ducatif en 2025","isPartOf":{"@id":"https:\/\/www.apres-lecole.fr\/Blog\/#website"},"primaryImageOfPage":{"@id":"https:\/\/www.apres-lecole.fr\/Blog\/histoire-ecole-rene-cassin\/#primaryimage"},"image":{"@id":"https:\/\/www.apres-lecole.fr\/Blog\/histoire-ecole-rene-cassin\/#primaryimage"},"thumbnailUrl":"https:\/\/www.apres-lecole.fr\/Blog\/wp-content\/uploads\/2025\/09\/Decouvrez-lhistoire-de-lecole-Rene-Cassin-un-lieu-dapprentissage-engage-en-2025.jpg","datePublished":"2025-09-19T06:34:53+00:00","author":{"@id":""},"description":"Plongez dans l'histoire 2025 de l'\u00e9cole Ren\u00e9 Cassin : un \u00e9tablissement engag\u00e9 pour un apprentissage innovant et inclusif.","breadcrumb":{"@id":"https:\/\/www.apres-lecole.fr\/Blog\/histoire-ecole-rene-cassin\/#breadcrumb"},"inLanguage":"fr-FR","potentialAction":[{"@type":"ReadAction","target":["https:\/\/www.apres-lecole.fr\/Blog\/histoire-ecole-rene-cassin\/"]}]},{"@type":"ImageObject","inLanguage":"fr-FR","@id":"https:\/\/www.apres-lecole.fr\/Blog\/histoire-ecole-rene-cassin\/#primaryimage","url":"https:\/\/www.apres-lecole.fr\/Blog\/wp-content\/uploads\/2025\/09\/Decouvrez-lhistoire-de-lecole-Rene-Cassin-un-lieu-dapprentissage-engage-en-2025.jpg","contentUrl":"https:\/\/www.apres-lecole.fr\/Blog\/wp-content\/uploads\/2025\/09\/Decouvrez-lhistoire-de-lecole-Rene-Cassin-un-lieu-dapprentissage-engage-en-2025.jpg","width":1344,"height":768,"caption":"plongez dans l\u2019histoire de l\u2019\u00e9cole ren\u00e9 cassin, un \u00e9tablissement engag\u00e9 qui fa\u00e7onne l\u2019\u00e9ducation de demain en 2025. d\u00e9couvrez ses valeurs, ses d\u00e9fis et son impact sur la communaut\u00e9 \u00e9ducative."},{"@type":"BreadcrumbList","@id":"https:\/\/www.apres-lecole.fr\/Blog\/histoire-ecole-rene-cassin\/#breadcrumb","itemListElement":[{"@type":"ListItem","position":1,"name":"Home","item":"https:\/\/www.apres-lecole.fr\/Blog\/"},{"@type":"ListItem","position":2,"name":"D\u00e9couvrez l&rsquo;histoire de l&rsquo;\u00e9cole Ren\u00e9 Cassin : un lieu d&rsquo;apprentissage engag\u00e9 en 2025."}]},{"@type":"WebSite","@id":"https:\/\/www.apres-lecole.fr\/Blog\/#website","url":"https:\/\/www.apres-lecole.fr\/Blog\/","name":"","description":"M\u00e9dia g\u00e9n\u00e9raliste","potentialAction":[{"@type":"SearchAction","target":{"@type":"EntryPoint","urlTemplate":"https:\/\/www.apres-lecole.fr\/Blog\/?s={search_term_string}"},"query-input":{"@type":"PropertyValueSpecification","valueRequired":true,"valueName":"search_term_string"}}],"inLanguage":"fr-FR"},{"@type":"Person","@id":"","url":"https:\/\/www.apres-lecole.fr\/Blog\/author\/"}]}},"views":6,"_links":{"self":[{"href":"https:\/\/www.apres-lecole.fr\/Blog\/wp-json\/wp\/v2\/posts\/2342","targetHints":{"allow":["GET"]}}],"collection":[{"href":"https:\/\/www.apres-lecole.fr\/Blog\/wp-json\/wp\/v2\/posts"}],"about":[{"href":"https:\/\/www.apres-lecole.fr\/Blog\/wp-json\/wp\/v2\/types\/post"}],"author":[{"embeddable":true,"href":"https:\/\/www.apres-lecole.fr\/Blog\/wp-json\/wp\/v2\/users\/7"}],"replies":[{"embeddable":true,"href":"https:\/\/www.apres-lecole.fr\/Blog\/wp-json\/wp\/v2\/comments?post=2342"}],"version-history":[{"count":0,"href":"https:\/\/www.apres-lecole.fr\/Blog\/wp-json\/wp\/v2\/posts\/2342\/revisions"}],"wp:featuredmedia":[{"embeddable":true,"href":"https:\/\/www.apres-lecole.fr\/Blog\/wp-json\/wp\/v2\/media\/2341"}],"wp:attachment":[{"href":"https:\/\/www.apres-lecole.fr\/Blog\/wp-json\/wp\/v2\/media?parent=2342"}],"wp:term":[{"taxonomy":"category","embeddable":true,"href":"https:\/\/www.apres-lecole.fr\/Blog\/wp-json\/wp\/v2\/categories?post=2342"},{"taxonomy":"post_tag","embeddable":true,"href":"https:\/\/www.apres-lecole.fr\/Blog\/wp-json\/wp\/v2\/tags?post=2342"}],"curies":[{"name":"wp","href":"https:\/\/api.w.org\/{rel}","templated":true}]}}