{"id":2338,"date":"2025-09-18T06:37:17","date_gmt":"2025-09-18T06:37:17","guid":{"rendered":"https:\/\/www.apres-lecole.fr\/Blog\/impact-ecole-xavier-niel-2025\/"},"modified":"2025-09-18T06:37:17","modified_gmt":"2025-09-18T06:37:17","slug":"impact-ecole-xavier-niel-2025","status":"publish","type":"post","link":"https:\/\/www.apres-lecole.fr\/Blog\/impact-ecole-xavier-niel-2025\/","title":{"rendered":"D\u00e9couvrez l&rsquo;impact de l&rsquo;\u00e9cole Xavier Niel sur l&rsquo;\u00e9ducation moderne en 2025"},"content":{"rendered":"\n\n<div class=\"kk-star-ratings kksr-auto kksr-align-left kksr-valign-top\"\n    data-payload='{&quot;align&quot;:&quot;left&quot;,&quot;id&quot;:&quot;2338&quot;,&quot;slug&quot;:&quot;default&quot;,&quot;valign&quot;:&quot;top&quot;,&quot;ignore&quot;:&quot;&quot;,&quot;reference&quot;:&quot;auto&quot;,&quot;class&quot;:&quot;&quot;,&quot;count&quot;:&quot;0&quot;,&quot;legendonly&quot;:&quot;&quot;,&quot;readonly&quot;:&quot;&quot;,&quot;score&quot;:&quot;0&quot;,&quot;starsonly&quot;:&quot;&quot;,&quot;best&quot;:&quot;5&quot;,&quot;gap&quot;:&quot;5&quot;,&quot;greet&quot;:&quot;Rate this post&quot;,&quot;legend&quot;:&quot;0\\\/5 - (0 vote)&quot;,&quot;size&quot;:&quot;24&quot;,&quot;title&quot;:&quot;D\u00e9couvrez l\\u0026#039;impact de l\\u0026#039;\u00e9cole Xavier Niel sur l\\u0026#039;\u00e9ducation moderne en 2025&quot;,&quot;width&quot;:&quot;0&quot;,&quot;_legend&quot;:&quot;{score}\\\/{best} - ({count} {votes})&quot;,&quot;font_factor&quot;:&quot;1.25&quot;}'>\n            \n<div class=\"kksr-stars\">\n    \n<div class=\"kksr-stars-inactive\">\n            <div class=\"kksr-star\" data-star=\"1\" style=\"padding-right: 5px\">\n            \n\n<div class=\"kksr-icon\" style=\"width: 24px; height: 24px;\"><\/div>\n        <\/div>\n            <div class=\"kksr-star\" data-star=\"2\" style=\"padding-right: 5px\">\n            \n\n<div class=\"kksr-icon\" style=\"width: 24px; height: 24px;\"><\/div>\n        <\/div>\n            <div class=\"kksr-star\" data-star=\"3\" style=\"padding-right: 5px\">\n            \n\n<div class=\"kksr-icon\" style=\"width: 24px; height: 24px;\"><\/div>\n        <\/div>\n            <div class=\"kksr-star\" data-star=\"4\" style=\"padding-right: 5px\">\n            \n\n<div class=\"kksr-icon\" style=\"width: 24px; height: 24px;\"><\/div>\n        <\/div>\n            <div class=\"kksr-star\" data-star=\"5\" style=\"padding-right: 5px\">\n            \n\n<div class=\"kksr-icon\" style=\"width: 24px; height: 24px;\"><\/div>\n        <\/div>\n    <\/div>\n    \n<div class=\"kksr-stars-active\" style=\"width: 0px;\">\n            <div class=\"kksr-star\" style=\"padding-right: 5px\">\n            \n\n<div class=\"kksr-icon\" style=\"width: 24px; height: 24px;\"><\/div>\n        <\/div>\n            <div class=\"kksr-star\" style=\"padding-right: 5px\">\n            \n\n<div class=\"kksr-icon\" style=\"width: 24px; height: 24px;\"><\/div>\n        <\/div>\n            <div class=\"kksr-star\" style=\"padding-right: 5px\">\n            \n\n<div class=\"kksr-icon\" style=\"width: 24px; height: 24px;\"><\/div>\n        <\/div>\n            <div class=\"kksr-star\" style=\"padding-right: 5px\">\n            \n\n<div class=\"kksr-icon\" style=\"width: 24px; height: 24px;\"><\/div>\n        <\/div>\n            <div class=\"kksr-star\" style=\"padding-right: 5px\">\n            \n\n<div class=\"kksr-icon\" style=\"width: 24px; height: 24px;\"><\/div>\n        <\/div>\n    <\/div>\n<\/div>\n                \n\n<div class=\"kksr-legend\" style=\"font-size: 19.2px;\">\n            <span class=\"kksr-muted\">Rate this post<\/span>\n    <\/div>\n    <\/div>\n<p>L\u2019\u00e9cole 42, fond\u00e9e par le g\u00e9ant des t\u00e9l\u00e9coms Xavier Niel, a radicalement transform\u00e9 le paysage \u00e9ducatif en France et au-del\u00e0. En d\u00e9ployant un mod\u00e8le d\u2019apprentissage innovant, elle s\u2019est impos\u00e9e comme un acteur incontournable de la formation aux nouvelles technologies. La port\u00e9e de cette r\u00e9volution scolaire atteint d\u00e9j\u00e0 le monde entier, bousculant les pratiques traditionnelles et fa\u00e7onnant les professionnels du num\u00e9rique de demain. \u00c0 l&rsquo;aube de 2025, l&rsquo;\u00e9valuation de son impact se d\u00e9roule dans un contexte o\u00f9 le besoin de formation agile et adapt\u00e9e aux nouveaux d\u00e9fis technologiques est plus que jamais pressant. Non seulement l\u2019\u00e9cole s\u2019est \u00e9largie \u00e0 de nombreux pays, mais elle attire aussi des milliers d&rsquo;\u00e9tudiants gr\u00e2ce \u00e0 son approche unique et sans frais. Au c\u0153ur de ce syst\u00e8me, les valeurs d\u2019autonomie, d\u2019entraide et de collaboration se r\u00e9v\u00e8lent \u00eatre des leviers fondamentaux pour un enseignement pertinent et efficace.<\/p>\n\n<h2 class=\"wp-block-heading\">Pourquoi l&rsquo;\u00e9cole 42 rompt avec les m\u00e9thodes d&rsquo;enseignement traditionnelles<\/h2>\n\n<p>Depuis son ouverture en 2013, l\u2019\u00e9cole 42 s\u2019est d\u00e9marqu\u00e9e par un mod\u00e8le p\u00e9dagogique sans enseignant et sans cours traditionnels. Les \u00e9tudiants apprennent \u00e0 leur rythme par le biais de projets collaboratifs, favorisant un syst\u00e8me d\u2019autoapprentissage o\u00f9 <strong>l&rsquo;entraide<\/strong> et le travail d\u2019\u00e9quipe sont essentiels. Ce cadre \u00e9ducatif disruptif attire non seulement les jeunes dipl\u00f4m\u00e9s, mais aussi des individus sans formation pr\u00e9alable en informatique, prouvant que la motivation et la capacit\u00e9 d\u2019adaptation peuvent l&#8217;emporter sur les pr\u00e9requis acad\u00e9miques classiques.<\/p>\n\n<p>Au sein de cette approche r\u00e9volutionnaire, la s\u00e9lection des candidats se fait via un processus pertinent : la \u00ab piscine \u00bb. Cette immersion intensive d\u2019un mois teste les capacit\u00e9s d\u2019apprentissage et d\u2019adaptation des postulants tout en les confrontant \u00e0 des d\u00e9fis concrets. Ainsi, ceux qui r\u00e9ussissent \u00e0 traverser cette \u00e9preuve intense \u2013 un objectif de non-noyade sur le plan acad\u00e9mique ! \u2013 trouvent leur place dans un cursus qui favorise l\u2019improvisation et la cr\u00e9ativit\u00e9.<\/p>\n\n<p>Une liste d&rsquo;\u00e9l\u00e9ments cl\u00e9s structure cette exp\u00e9rience unique :<\/p>\n\n<ul class=\"wp-block-list\"><li>\ud83d\udeaa <strong>Accessibilit\u00e9<\/strong> : Pas de pr\u00e9requis acad\u00e9miques exig\u00e9s.<\/li><li>\ud83c\udf0d <strong>Ouverture largement internationale<\/strong> : Pr\u00e9sente dans plus de 30 pays.<\/li><li>\ud83e\udd1d <strong>M\u00e9thode d\u2019apprentissage par les pairs<\/strong> : Danses collaboratives plut\u00f4t que comp\u00e9titives.<\/li><li>\ud83d\udcc8 <strong>Projets pratiques<\/strong> : Une immersion totale dans le monde r\u00e9el du num\u00e9rique.<\/li><\/ul>\n\n<p>En se concentrant sur la r\u00e9solution de probl\u00e8mes r\u00e9els, les \u00e9tudiants acqui\u00e8rent des comp\u00e9tences pratiques qui r\u00e9pondent directement aux attentes du march\u00e9 du travail. Ce mod\u00e8le fait de l\u2019\u00e9cole 42 un pr\u00e9tendant s\u00e9rieux \u00e0 la r\u00e9volution de l\u2019enseignement traditionnel en France.<\/p>\n\n<h2 class=\"wp-block-heading\">Les r\u00e9sultats concrets de l&rsquo;\u00e9cole 42 en termes d&#8217;employabilit\u00e9<\/h2>\n\n<p>Les r\u00e9sultats obtenus par l&rsquo;\u00e9cole 42 parlent d&rsquo;eux-m\u00eames. Un chiffre optimiste circulant dans les couloirs de l&rsquo;\u00e9tablissement \u00e9voque qu\u2019environ <strong>100% des dipl\u00f4m\u00e9s trouvent un emploi<\/strong>. Les anciennes et anciens \u00e9l\u00e8ves de cette \u00e9cole sont de plus en plus visibles sur le march\u00e9 du travail, en particulier dans des postes li\u00e9s \u00e0 la tech o\u00f9 la demande est en pleine expansion. En 2025, plusieurs aspects montrent la force de cette dynamique :<\/p>\n\n<figure class=\"wp-block-table\"><table>\n<thead>\n<tr>\n<th>Crit\u00e8re<\/th>\n<th>Pourcentage<\/th>\n<\/tr>\n<\/thead>\n<tbody>\n<tr>\n<td>Dipl\u00f4m\u00e9s en emploi dans les 6 mois suivant l&rsquo;obtention<\/td>\n<td>95%<\/td>\n<\/tr>\n<tr>\n<td>Dipl\u00f4m\u00e9s en CDI<\/td>\n<td>94%<\/td>\n<\/tr>\n<tr>\n<td>Cr\u00e9ation d&rsquo;entreprises par les dipl\u00f4m\u00e9s<\/td>\n<td>12%<\/td>\n<\/tr>\n<tr>\n<td>Salaire moyen brut \u00e0 l&#8217;embauche<\/td>\n<td>47 000 \u20ac<\/td>\n<\/tr>\n<\/tbody>\n<\/table><\/figure>\n\n<p>Cette statistiques impressionnante atteste de la capacit\u00e9 de l\u2019\u00e9cole 42 \u00e0 former non seulement des d\u00e9veloppeurs comp\u00e9tents mais \u00e9galement des cr\u00e9ateurs d\u2019entreprises. Les \u00e9tudiants qui sortent de cette p\u00e9pini\u00e8re de talents sont pr\u00eats \u00e0 rejoindre des startups dynamiques ou de grands groupes, tout en redonnant un coup de fouet \u00e0 l&rsquo;entrepreneuriat technologique en France.<\/p>\n\n<p>Avec un tel mod\u00e8le, l&rsquo;\u00e9cole 42 devient un incontournable pour les jeunes qui souhaitent plonger dans le monde du num\u00e9rique. Pour beaucoup, c&rsquo;est un tremplin vers des carri\u00e8res \u00e9panouissantes qui sortent des sentiers battus.<\/p>\n\n<h2 class=\"wp-block-heading\">Le mod\u00e8le \u00e9conomique de l\u2019\u00e9cole 42 : gratuit\u00e9 et financement<\/h2>\n\n<p>Un des points forts de l&rsquo;\u00e9cole 42, c\u2019est sa <strong>gratuit\u00e9<\/strong>. Contrairement \u00e0 de nombreuses institutions priv\u00e9es qui pratiquent des tarifs exorbitants pour des formations souvent inaccessibles \u00e0 un public moins favoris\u00e9, l&rsquo;\u00e9cole 42 repose sur un m\u00e9canisme unique de financement. La vision philanthropique de Xavier Niel joue ici un r\u00f4le crucial, car l&rsquo;\u00e9cole est majoritairement financ\u00e9e par ses propres sources de revenus et des donations. La question qui se pose alors est la suivante : comment un mod\u00e8le qui n&rsquo;impose pas de frais de scolarit\u00e9 peut-il fonctionner durablement ?<\/p>\n\n<p>Voici quelques \u00e9l\u00e9ments cl\u00e9s du mod\u00e8le \u00e9conomique de l\u2019\u00e9cole 42 :<\/p>\n\n<ul class=\"wp-block-list\"><li>\ud83d\udcb8 <strong>Financement par des m\u00e9c\u00e8nes<\/strong> : Des philanthropes et entreprises investissent dans le mod\u00e8le.<\/li><li>\ud83d\udcca <strong>Partenariats strat\u00e9giques<\/strong> : Collaboration avec des entreprises de technologie pour monter des programmes adapt\u00e9s.<\/li><li>\ud83d\udc69\u200d\ud83c\udf93 <strong>Implication des anciens \u00e9l\u00e8ves<\/strong> : Les dipl\u00f4m\u00e9s qui r\u00e9ussissent contribuent au d\u00e9veloppement de l&rsquo;\u00e9cole.<\/li><\/ul>\n\n<p>Cette strat\u00e9gie a, par ailleurs, comme impact d&rsquo;attirer une population vari\u00e9e et talentueuse au sein de l&rsquo;\u00e9cole, promise \u00e0 un avenir radieux dans un secteur en vitesse de croisi\u00e8re. L\u2019inclusivit\u00e9 est ainsi scrupuleusement respect\u00e9e et mise en avant.<\/p>\n\n<h2 class=\"wp-block-heading\">L&rsquo;impact de l&rsquo;\u00e9cole 42 sur d&rsquo;autres mod\u00e8les \u00e9ducatifs : un changement de paradigme<\/h2>\n\n<p>En se positionnant comme un disruptif \u00e9ducatif, l&rsquo;\u00e9cole 42 ouvre la voie \u00e0 d&rsquo;autres institutions qui font \u00e9cho \u00e0 sa m\u00e9thode. Des acteurs de la <strong>EdTech<\/strong> comme le <strong>Wagon<\/strong>, <strong>Holberton School<\/strong>, et <strong>Simplon.co<\/strong> s&rsquo;inspirent de ses pratiques. En observant cette \u00e9volution, il devient clair que l&rsquo;\u00e9ducation moderne ne se limite plus strictement aux programmes acad\u00e9miques traditionnels, mais privil\u00e9gie des formations agiles adapt\u00e9es aux besoins du march\u00e9.<\/p>\n\n<p>Non seulement l&rsquo;\u00e9cole 42 influence directement des formations proches, mais elle a aussi commenc\u00e9 \u00e0 *transformer* d&rsquo;autres secteurs \u00e9ducatifs. Son approche centr\u00e9e sur l\u2019<strong>autoformation<\/strong> et l\u2019<strong>apprentissage par les pairs<\/strong> fait \u00e9cho dans des salles de classe du monde entier :<\/p>\n\n<ul class=\"wp-block-list\"><li>\ud83c\udfeb <strong>Formation continue<\/strong> : Des programmes visant adultes en reconversion ou am\u00e9lioration de qualifications.<\/li><li>\ud83c\udf0d <strong>Dipl\u00f4mation mondiale<\/strong> : Reconnaissance grandissante de dipl\u00f4mes non conventionnels.<\/li><li>\ud83d\udca1 <strong>Collaboration internationale<\/strong> : \u00c9changes et partenariats entre \u00e9coles similaires \u00e0 travers le monde.<\/li><\/ul>\n\n<p>Il est donc clair que l\u2019impact de l&rsquo;\u00e9cole 42 se ressent bien au-del\u00e0 de ses propres portes, entra\u00eenant un bouleversement des paradigmes \u00e9ducatifs contemporains.<\/p>\n\n<h2 class=\"wp-block-heading\">Les d\u00e9fis et enjeux \u00e0 relever pour l&rsquo;avenir de l&rsquo;\u00e9cole 42<\/h2>\n\n<p>Bien que l&rsquo;\u00e9cole 42 soit ind\u00e9niablement un mod\u00e8le performant, elle doit toutefois faire face \u00e0 des d\u00e9fis consid\u00e9rables. Avec une croissance rapide, les questions autour de la <strong>qualit\u00e9 de l&rsquo;enseignement<\/strong> et de la <strong>diversit\u00e9<\/strong> se posent avec acuit\u00e9. La n\u00e9cessit\u00e9 d\u2019attirer une repr\u00e9sentation plus large, en particulier en termes de <strong>genre<\/strong> et d\u2019origine socio-\u00e9conomique, est dans l&rsquo;air du temps. Les efforts r\u00e9cents pour am\u00e9liorer la mixit\u00e9 de l&rsquo;\u00e9cole, avec un objectif d&rsquo;atteindre 30 % de femmes \u00e0 l&rsquo;horizon 2025, sont \u00e0 saluer.<\/p>\n\n<p>Voici quelques d\u00e9fis majeurs \u00e0 surmonter :<\/p>\n\n<ul class=\"wp-block-list\"><li>\ud83e\uddd1\u200d\ud83e\udd1d\u200d\ud83e\uddd1 <strong>Diversit\u00e9<\/strong> : Accro\u00eetre la pr\u00e9sence de diff\u00e9rentes cultures et genres parmi les \u00e9tudiants.<\/li><li>\ud83d\udc69\u200d\ud83c\udfeb <strong>Qualit\u00e9 de l\u2019enseignement<\/strong> : Poursuivre l&rsquo;am\u00e9lioration continue du curriculum.<\/li><li>\ud83c\udfd7\ufe0f <strong>Infrastructures adapt\u00e9es<\/strong> : Garantir que l&rsquo;expansion ne nuise pas \u00e0 l&rsquo;exp\u00e9rience d&rsquo;apprentissage.<\/li><\/ul>\n\n<p>La route vers l\u2019excellence est encore en chantier. En continuant \u00e0 engager toutes les parties prenantes, l&rsquo;\u00e9cole 42 peut poursuivre son r\u00f4le pr\u00e9pond\u00e9rant dans la transformation de la formation technologique.<\/p>\n\n<p>Questions fr\u00e9quentes et r\u00e9ponses<\/p>\n\n<p>Comment l&rsquo;\u00e9cole 42 maintient-elle la qualit\u00e9 de son programme sans enseignants ?<\/p>\n\n<p>La qualit\u00e9 est assur\u00e9e par l&rsquo;\u00e9valuation collaborative entre pairs, o\u00f9 les \u00e9tudiants sont r\u00e9guli\u00e8rement confront\u00e9s \u00e0 des d\u00e9fis qui les poussent \u00e0 d\u00e9velopper leurs comp\u00e9tences techniques.<\/p>\n\n<p>Quelle est la reconnaissance des m\u00e9tiers des dipl\u00f4m\u00e9s sans dipl\u00f4me traditionnel ?<\/p>\n\n<p>Les entreprises reconnaissent souvent les comp\u00e9tences des dipl\u00f4m\u00e9s comme un signe de polyvalence et d&rsquo;adaptabilit\u00e9, ce qui est hautement valoris\u00e9 dans le secteur dynamique des technologies.<\/p>\n\n<p>Quels sont les frais cach\u00e9s de l&rsquo;\u00e9cole 42 ?<\/p>\n\n<p>L&rsquo;\u00e9cole 42 ne facture pas de frais de scolarit\u00e9, mais les \u00e9tudiants doivent n\u00e9anmoins prendre en compte des frais de subsistance durant leur formation, comme le logement et la nourriture.<\/p>\n\n","protected":false},"excerpt":{"rendered":"<p>L\u2019\u00e9cole 42, fond\u00e9e par le g\u00e9ant des t\u00e9l\u00e9coms Xavier Niel, a radicalement transform\u00e9 le paysage \u00e9ducatif en France et au-del\u00e0. En d\u00e9ployant un mod\u00e8le d\u2019apprentissage innovant, elle s\u2019est impos\u00e9e comme un acteur incontournable de la formation aux nouvelles technologies. La port\u00e9e de cette r\u00e9volution scolaire atteint d\u00e9j\u00e0 le monde entier, bousculant les pratiques traditionnelles et &#8230; <a title=\"D\u00e9couvrez l&rsquo;impact de l&rsquo;\u00e9cole Xavier Niel sur l&rsquo;\u00e9ducation moderne en 2025\" class=\"read-more\" href=\"https:\/\/www.apres-lecole.fr\/Blog\/impact-ecole-xavier-niel-2025\/\" aria-label=\"En savoir plus sur D\u00e9couvrez l&rsquo;impact de l&rsquo;\u00e9cole Xavier Niel sur l&rsquo;\u00e9ducation moderne en 2025\">Lire plus<\/a><\/p>\n","protected":false},"author":7,"featured_media":2337,"comment_status":"open","ping_status":"open","sticky":false,"template":"","format":"standard","meta":{"footnotes":""},"categories":[342],"tags":[1575,412,1576,1161],"class_list":["post-2338","post","type-post","status-publish","format-standard","has-post-thumbnail","hentry","category-actualites","tag-ecole-xavier-niel","tag-education","tag-education-moderne","tag-impact"],"yoast_head":"<!-- This site is optimized with the Yoast SEO plugin v27.5 - https:\/\/yoast.com\/product\/yoast-seo-wordpress\/ -->\n<title>\u00c9cole Xavier Niel : R\u00e9volutionner l\u2019\u00e9ducation moderne en 2025<\/title>\n<meta name=\"description\" content=\"Explorez l&#039;influence r\u00e9volutionnaire de l&#039;\u00e9cole Xavier Niel sur l&#039;\u00e9ducation moderne en 2025 et son impact sur l&#039;apprentissage.\" \/>\n<meta name=\"robots\" content=\"index, follow, max-snippet:-1, max-image-preview:large, max-video-preview:-1\" \/>\n<link rel=\"canonical\" href=\"https:\/\/www.apres-lecole.fr\/Blog\/impact-ecole-xavier-niel-2025\/\" \/>\n<meta property=\"og:locale\" content=\"fr_FR\" \/>\n<meta property=\"og:type\" content=\"article\" \/>\n<meta property=\"og:title\" content=\"\u00c9cole Xavier Niel : R\u00e9volutionner l\u2019\u00e9ducation moderne en 2025\" \/>\n<meta property=\"og:description\" content=\"Explorez l&#039;influence r\u00e9volutionnaire de l&#039;\u00e9cole Xavier Niel sur l&#039;\u00e9ducation moderne en 2025 et son impact sur l&#039;apprentissage.\" \/>\n<meta property=\"og:url\" content=\"https:\/\/www.apres-lecole.fr\/Blog\/impact-ecole-xavier-niel-2025\/\" \/>\n<meta property=\"article:published_time\" content=\"2025-09-18T06:37:17+00:00\" \/>\n<meta property=\"og:image\" content=\"https:\/\/www.apres-lecole.fr\/Blog\/wp-content\/uploads\/2025\/09\/Decouvrez-limpact-de-lecole-Xavier-Niel-sur-leducation-moderne-en-2025.jpg\" \/>\n\t<meta property=\"og:image:width\" content=\"1344\" \/>\n\t<meta property=\"og:image:height\" content=\"768\" \/>\n\t<meta property=\"og:image:type\" content=\"image\/jpeg\" \/>\n<meta name=\"twitter:card\" content=\"summary_large_image\" \/>\n<meta name=\"twitter:label1\" content=\"\u00c9crit par\" \/>\n\t<meta name=\"twitter:data1\" content=\"\" \/>\n\t<meta name=\"twitter:label2\" content=\"Dur\u00e9e de lecture estim\u00e9e\" \/>\n\t<meta name=\"twitter:data2\" content=\"7 minutes\" \/>\n<script type=\"application\/ld+json\" class=\"yoast-schema-graph\">{\"@context\":\"https:\\\/\\\/schema.org\",\"@graph\":[{\"@type\":\"Article\",\"@id\":\"https:\\\/\\\/www.apres-lecole.fr\\\/Blog\\\/impact-ecole-xavier-niel-2025\\\/#article\",\"isPartOf\":{\"@id\":\"https:\\\/\\\/www.apres-lecole.fr\\\/Blog\\\/impact-ecole-xavier-niel-2025\\\/\"},\"author\":{\"name\":\"\",\"@id\":\"\"},\"headline\":\"D\u00e9couvrez l&rsquo;impact de l&rsquo;\u00e9cole Xavier Niel sur l&rsquo;\u00e9ducation moderne en 2025\",\"datePublished\":\"2025-09-18T06:37:17+00:00\",\"mainEntityOfPage\":{\"@id\":\"https:\\\/\\\/www.apres-lecole.fr\\\/Blog\\\/impact-ecole-xavier-niel-2025\\\/\"},\"wordCount\":1399,\"commentCount\":0,\"image\":{\"@id\":\"https:\\\/\\\/www.apres-lecole.fr\\\/Blog\\\/impact-ecole-xavier-niel-2025\\\/#primaryimage\"},\"thumbnailUrl\":\"https:\\\/\\\/www.apres-lecole.fr\\\/Blog\\\/wp-content\\\/uploads\\\/2025\\\/09\\\/Decouvrez-limpact-de-lecole-Xavier-Niel-sur-leducation-moderne-en-2025.jpg\",\"keywords\":[\"\u00e9cole xavier niel\",\"\u00e9ducation\",\"\u00e9ducation moderne\",\"impact\"],\"articleSection\":[\"Actualit\u00e9s\"],\"inLanguage\":\"fr-FR\",\"potentialAction\":[{\"@type\":\"CommentAction\",\"name\":\"Comment\",\"target\":[\"https:\\\/\\\/www.apres-lecole.fr\\\/Blog\\\/impact-ecole-xavier-niel-2025\\\/#respond\"]}]},{\"@type\":\"WebPage\",\"@id\":\"https:\\\/\\\/www.apres-lecole.fr\\\/Blog\\\/impact-ecole-xavier-niel-2025\\\/\",\"url\":\"https:\\\/\\\/www.apres-lecole.fr\\\/Blog\\\/impact-ecole-xavier-niel-2025\\\/\",\"name\":\"\u00c9cole Xavier Niel : R\u00e9volutionner l\u2019\u00e9ducation moderne en 2025\",\"isPartOf\":{\"@id\":\"https:\\\/\\\/www.apres-lecole.fr\\\/Blog\\\/#website\"},\"primaryImageOfPage\":{\"@id\":\"https:\\\/\\\/www.apres-lecole.fr\\\/Blog\\\/impact-ecole-xavier-niel-2025\\\/#primaryimage\"},\"image\":{\"@id\":\"https:\\\/\\\/www.apres-lecole.fr\\\/Blog\\\/impact-ecole-xavier-niel-2025\\\/#primaryimage\"},\"thumbnailUrl\":\"https:\\\/\\\/www.apres-lecole.fr\\\/Blog\\\/wp-content\\\/uploads\\\/2025\\\/09\\\/Decouvrez-limpact-de-lecole-Xavier-Niel-sur-leducation-moderne-en-2025.jpg\",\"datePublished\":\"2025-09-18T06:37:17+00:00\",\"author\":{\"@id\":\"\"},\"description\":\"Explorez l'influence r\u00e9volutionnaire de l'\u00e9cole Xavier Niel sur l'\u00e9ducation moderne en 2025 et son impact sur l'apprentissage.\",\"breadcrumb\":{\"@id\":\"https:\\\/\\\/www.apres-lecole.fr\\\/Blog\\\/impact-ecole-xavier-niel-2025\\\/#breadcrumb\"},\"inLanguage\":\"fr-FR\",\"potentialAction\":[{\"@type\":\"ReadAction\",\"target\":[\"https:\\\/\\\/www.apres-lecole.fr\\\/Blog\\\/impact-ecole-xavier-niel-2025\\\/\"]}]},{\"@type\":\"ImageObject\",\"inLanguage\":\"fr-FR\",\"@id\":\"https:\\\/\\\/www.apres-lecole.fr\\\/Blog\\\/impact-ecole-xavier-niel-2025\\\/#primaryimage\",\"url\":\"https:\\\/\\\/www.apres-lecole.fr\\\/Blog\\\/wp-content\\\/uploads\\\/2025\\\/09\\\/Decouvrez-limpact-de-lecole-Xavier-Niel-sur-leducation-moderne-en-2025.jpg\",\"contentUrl\":\"https:\\\/\\\/www.apres-lecole.fr\\\/Blog\\\/wp-content\\\/uploads\\\/2025\\\/09\\\/Decouvrez-limpact-de-lecole-Xavier-Niel-sur-leducation-moderne-en-2025.jpg\",\"width\":1344,\"height\":768,\"caption\":\"explorez comment l'\u00e9cole xavier niel r\u00e9volutionne l'\u00e9ducation moderne en 2025 \u00e0 travers ses m\u00e9thodes innovantes et son approche unique de l'apprentissage.\"},{\"@type\":\"BreadcrumbList\",\"@id\":\"https:\\\/\\\/www.apres-lecole.fr\\\/Blog\\\/impact-ecole-xavier-niel-2025\\\/#breadcrumb\",\"itemListElement\":[{\"@type\":\"ListItem\",\"position\":1,\"name\":\"Home\",\"item\":\"https:\\\/\\\/www.apres-lecole.fr\\\/Blog\\\/\"},{\"@type\":\"ListItem\",\"position\":2,\"name\":\"D\u00e9couvrez l&rsquo;impact de l&rsquo;\u00e9cole Xavier Niel sur l&rsquo;\u00e9ducation moderne en 2025\"}]},{\"@type\":\"WebSite\",\"@id\":\"https:\\\/\\\/www.apres-lecole.fr\\\/Blog\\\/#website\",\"url\":\"https:\\\/\\\/www.apres-lecole.fr\\\/Blog\\\/\",\"name\":\"\",\"description\":\"M\u00e9dia g\u00e9n\u00e9raliste\",\"potentialAction\":[{\"@type\":\"SearchAction\",\"target\":{\"@type\":\"EntryPoint\",\"urlTemplate\":\"https:\\\/\\\/www.apres-lecole.fr\\\/Blog\\\/?s={search_term_string}\"},\"query-input\":{\"@type\":\"PropertyValueSpecification\",\"valueRequired\":true,\"valueName\":\"search_term_string\"}}],\"inLanguage\":\"fr-FR\"},{\"@type\":\"Person\",\"@id\":\"\",\"url\":\"https:\\\/\\\/www.apres-lecole.fr\\\/Blog\\\/author\\\/\"}]}<\/script>\n<!-- \/ Yoast SEO plugin. -->","yoast_head_json":{"title":"\u00c9cole Xavier Niel : R\u00e9volutionner l\u2019\u00e9ducation moderne en 2025","description":"Explorez l'influence r\u00e9volutionnaire de l'\u00e9cole Xavier Niel sur l'\u00e9ducation moderne en 2025 et son impact sur l'apprentissage.","robots":{"index":"index","follow":"follow","max-snippet":"max-snippet:-1","max-image-preview":"max-image-preview:large","max-video-preview":"max-video-preview:-1"},"canonical":"https:\/\/www.apres-lecole.fr\/Blog\/impact-ecole-xavier-niel-2025\/","og_locale":"fr_FR","og_type":"article","og_title":"\u00c9cole Xavier Niel : R\u00e9volutionner l\u2019\u00e9ducation moderne en 2025","og_description":"Explorez l'influence r\u00e9volutionnaire de l'\u00e9cole Xavier Niel sur l'\u00e9ducation moderne en 2025 et son impact sur l'apprentissage.","og_url":"https:\/\/www.apres-lecole.fr\/Blog\/impact-ecole-xavier-niel-2025\/","article_published_time":"2025-09-18T06:37:17+00:00","og_image":[{"width":1344,"height":768,"url":"https:\/\/www.apres-lecole.fr\/Blog\/wp-content\/uploads\/2025\/09\/Decouvrez-limpact-de-lecole-Xavier-Niel-sur-leducation-moderne-en-2025.jpg","type":"image\/jpeg"}],"twitter_card":"summary_large_image","twitter_misc":{"\u00c9crit par":"","Dur\u00e9e de lecture estim\u00e9e":"7 minutes"},"schema":{"@context":"https:\/\/schema.org","@graph":[{"@type":"Article","@id":"https:\/\/www.apres-lecole.fr\/Blog\/impact-ecole-xavier-niel-2025\/#article","isPartOf":{"@id":"https:\/\/www.apres-lecole.fr\/Blog\/impact-ecole-xavier-niel-2025\/"},"author":{"name":"","@id":""},"headline":"D\u00e9couvrez l&rsquo;impact de l&rsquo;\u00e9cole Xavier Niel sur l&rsquo;\u00e9ducation moderne en 2025","datePublished":"2025-09-18T06:37:17+00:00","mainEntityOfPage":{"@id":"https:\/\/www.apres-lecole.fr\/Blog\/impact-ecole-xavier-niel-2025\/"},"wordCount":1399,"commentCount":0,"image":{"@id":"https:\/\/www.apres-lecole.fr\/Blog\/impact-ecole-xavier-niel-2025\/#primaryimage"},"thumbnailUrl":"https:\/\/www.apres-lecole.fr\/Blog\/wp-content\/uploads\/2025\/09\/Decouvrez-limpact-de-lecole-Xavier-Niel-sur-leducation-moderne-en-2025.jpg","keywords":["\u00e9cole xavier niel","\u00e9ducation","\u00e9ducation moderne","impact"],"articleSection":["Actualit\u00e9s"],"inLanguage":"fr-FR","potentialAction":[{"@type":"CommentAction","name":"Comment","target":["https:\/\/www.apres-lecole.fr\/Blog\/impact-ecole-xavier-niel-2025\/#respond"]}]},{"@type":"WebPage","@id":"https:\/\/www.apres-lecole.fr\/Blog\/impact-ecole-xavier-niel-2025\/","url":"https:\/\/www.apres-lecole.fr\/Blog\/impact-ecole-xavier-niel-2025\/","name":"\u00c9cole Xavier Niel : R\u00e9volutionner l\u2019\u00e9ducation moderne en 2025","isPartOf":{"@id":"https:\/\/www.apres-lecole.fr\/Blog\/#website"},"primaryImageOfPage":{"@id":"https:\/\/www.apres-lecole.fr\/Blog\/impact-ecole-xavier-niel-2025\/#primaryimage"},"image":{"@id":"https:\/\/www.apres-lecole.fr\/Blog\/impact-ecole-xavier-niel-2025\/#primaryimage"},"thumbnailUrl":"https:\/\/www.apres-lecole.fr\/Blog\/wp-content\/uploads\/2025\/09\/Decouvrez-limpact-de-lecole-Xavier-Niel-sur-leducation-moderne-en-2025.jpg","datePublished":"2025-09-18T06:37:17+00:00","author":{"@id":""},"description":"Explorez l'influence r\u00e9volutionnaire de l'\u00e9cole Xavier Niel sur l'\u00e9ducation moderne en 2025 et son impact sur l'apprentissage.","breadcrumb":{"@id":"https:\/\/www.apres-lecole.fr\/Blog\/impact-ecole-xavier-niel-2025\/#breadcrumb"},"inLanguage":"fr-FR","potentialAction":[{"@type":"ReadAction","target":["https:\/\/www.apres-lecole.fr\/Blog\/impact-ecole-xavier-niel-2025\/"]}]},{"@type":"ImageObject","inLanguage":"fr-FR","@id":"https:\/\/www.apres-lecole.fr\/Blog\/impact-ecole-xavier-niel-2025\/#primaryimage","url":"https:\/\/www.apres-lecole.fr\/Blog\/wp-content\/uploads\/2025\/09\/Decouvrez-limpact-de-lecole-Xavier-Niel-sur-leducation-moderne-en-2025.jpg","contentUrl":"https:\/\/www.apres-lecole.fr\/Blog\/wp-content\/uploads\/2025\/09\/Decouvrez-limpact-de-lecole-Xavier-Niel-sur-leducation-moderne-en-2025.jpg","width":1344,"height":768,"caption":"explorez comment l'\u00e9cole xavier niel r\u00e9volutionne l'\u00e9ducation moderne en 2025 \u00e0 travers ses m\u00e9thodes innovantes et son approche unique de l'apprentissage."},{"@type":"BreadcrumbList","@id":"https:\/\/www.apres-lecole.fr\/Blog\/impact-ecole-xavier-niel-2025\/#breadcrumb","itemListElement":[{"@type":"ListItem","position":1,"name":"Home","item":"https:\/\/www.apres-lecole.fr\/Blog\/"},{"@type":"ListItem","position":2,"name":"D\u00e9couvrez l&rsquo;impact de l&rsquo;\u00e9cole Xavier Niel sur l&rsquo;\u00e9ducation moderne en 2025"}]},{"@type":"WebSite","@id":"https:\/\/www.apres-lecole.fr\/Blog\/#website","url":"https:\/\/www.apres-lecole.fr\/Blog\/","name":"","description":"M\u00e9dia g\u00e9n\u00e9raliste","potentialAction":[{"@type":"SearchAction","target":{"@type":"EntryPoint","urlTemplate":"https:\/\/www.apres-lecole.fr\/Blog\/?s={search_term_string}"},"query-input":{"@type":"PropertyValueSpecification","valueRequired":true,"valueName":"search_term_string"}}],"inLanguage":"fr-FR"},{"@type":"Person","@id":"","url":"https:\/\/www.apres-lecole.fr\/Blog\/author\/"}]}},"views":11,"_links":{"self":[{"href":"https:\/\/www.apres-lecole.fr\/Blog\/wp-json\/wp\/v2\/posts\/2338","targetHints":{"allow":["GET"]}}],"collection":[{"href":"https:\/\/www.apres-lecole.fr\/Blog\/wp-json\/wp\/v2\/posts"}],"about":[{"href":"https:\/\/www.apres-lecole.fr\/Blog\/wp-json\/wp\/v2\/types\/post"}],"author":[{"embeddable":true,"href":"https:\/\/www.apres-lecole.fr\/Blog\/wp-json\/wp\/v2\/users\/7"}],"replies":[{"embeddable":true,"href":"https:\/\/www.apres-lecole.fr\/Blog\/wp-json\/wp\/v2\/comments?post=2338"}],"version-history":[{"count":0,"href":"https:\/\/www.apres-lecole.fr\/Blog\/wp-json\/wp\/v2\/posts\/2338\/revisions"}],"wp:featuredmedia":[{"embeddable":true,"href":"https:\/\/www.apres-lecole.fr\/Blog\/wp-json\/wp\/v2\/media\/2337"}],"wp:attachment":[{"href":"https:\/\/www.apres-lecole.fr\/Blog\/wp-json\/wp\/v2\/media?parent=2338"}],"wp:term":[{"taxonomy":"category","embeddable":true,"href":"https:\/\/www.apres-lecole.fr\/Blog\/wp-json\/wp\/v2\/categories?post=2338"},{"taxonomy":"post_tag","embeddable":true,"href":"https:\/\/www.apres-lecole.fr\/Blog\/wp-json\/wp\/v2\/tags?post=2338"}],"curies":[{"name":"wp","href":"https:\/\/api.w.org\/{rel}","templated":true}]}}