{"id":2336,"date":"2025-09-17T07:04:37","date_gmt":"2025-09-17T07:04:37","guid":{"rendered":"https:\/\/www.apres-lecole.fr\/Blog\/him-business-excellence-internationale\/"},"modified":"2025-09-17T07:04:37","modified_gmt":"2025-09-17T07:04:37","slug":"him-business-excellence-internationale","status":"publish","type":"post","link":"https:\/\/www.apres-lecole.fr\/Blog\/him-business-excellence-internationale\/","title":{"rendered":"HIM Business School : Fusion de l&rsquo;Excellence Suisse et d&rsquo;une Perspective Internationale"},"content":{"rendered":"\n\n<div class=\"kk-star-ratings kksr-auto kksr-align-left kksr-valign-top\"\n    data-payload='{&quot;align&quot;:&quot;left&quot;,&quot;id&quot;:&quot;2336&quot;,&quot;slug&quot;:&quot;default&quot;,&quot;valign&quot;:&quot;top&quot;,&quot;ignore&quot;:&quot;&quot;,&quot;reference&quot;:&quot;auto&quot;,&quot;class&quot;:&quot;&quot;,&quot;count&quot;:&quot;0&quot;,&quot;legendonly&quot;:&quot;&quot;,&quot;readonly&quot;:&quot;&quot;,&quot;score&quot;:&quot;0&quot;,&quot;starsonly&quot;:&quot;&quot;,&quot;best&quot;:&quot;5&quot;,&quot;gap&quot;:&quot;5&quot;,&quot;greet&quot;:&quot;Rate this post&quot;,&quot;legend&quot;:&quot;0\\\/5 - (0 vote)&quot;,&quot;size&quot;:&quot;24&quot;,&quot;title&quot;:&quot;HIM Business School : Fusion de l\\u0026#039;Excellence Suisse et d\\u0026#039;une Perspective Internationale&quot;,&quot;width&quot;:&quot;0&quot;,&quot;_legend&quot;:&quot;{score}\\\/{best} - ({count} {votes})&quot;,&quot;font_factor&quot;:&quot;1.25&quot;}'>\n            \n<div class=\"kksr-stars\">\n    \n<div class=\"kksr-stars-inactive\">\n            <div class=\"kksr-star\" data-star=\"1\" style=\"padding-right: 5px\">\n            \n\n<div class=\"kksr-icon\" style=\"width: 24px; height: 24px;\"><\/div>\n        <\/div>\n            <div class=\"kksr-star\" data-star=\"2\" style=\"padding-right: 5px\">\n            \n\n<div class=\"kksr-icon\" style=\"width: 24px; height: 24px;\"><\/div>\n        <\/div>\n            <div class=\"kksr-star\" data-star=\"3\" style=\"padding-right: 5px\">\n            \n\n<div class=\"kksr-icon\" style=\"width: 24px; height: 24px;\"><\/div>\n        <\/div>\n            <div class=\"kksr-star\" data-star=\"4\" style=\"padding-right: 5px\">\n            \n\n<div class=\"kksr-icon\" style=\"width: 24px; height: 24px;\"><\/div>\n        <\/div>\n            <div class=\"kksr-star\" data-star=\"5\" style=\"padding-right: 5px\">\n            \n\n<div class=\"kksr-icon\" style=\"width: 24px; height: 24px;\"><\/div>\n        <\/div>\n    <\/div>\n    \n<div class=\"kksr-stars-active\" style=\"width: 0px;\">\n            <div class=\"kksr-star\" style=\"padding-right: 5px\">\n            \n\n<div class=\"kksr-icon\" style=\"width: 24px; height: 24px;\"><\/div>\n        <\/div>\n            <div class=\"kksr-star\" style=\"padding-right: 5px\">\n            \n\n<div class=\"kksr-icon\" style=\"width: 24px; height: 24px;\"><\/div>\n        <\/div>\n            <div class=\"kksr-star\" style=\"padding-right: 5px\">\n            \n\n<div class=\"kksr-icon\" style=\"width: 24px; height: 24px;\"><\/div>\n        <\/div>\n            <div class=\"kksr-star\" style=\"padding-right: 5px\">\n            \n\n<div class=\"kksr-icon\" style=\"width: 24px; height: 24px;\"><\/div>\n        <\/div>\n            <div class=\"kksr-star\" style=\"padding-right: 5px\">\n            \n\n<div class=\"kksr-icon\" style=\"width: 24px; height: 24px;\"><\/div>\n        <\/div>\n    <\/div>\n<\/div>\n                \n\n<div class=\"kksr-legend\" style=\"font-size: 19.2px;\">\n            <span class=\"kksr-muted\">Rate this post<\/span>\n    <\/div>\n    <\/div>\n<p>HIM Business School, une institution renomm\u00e9e, incarne l&rsquo;alliance parfaite entre l&rsquo;<strong>excellence suisse<\/strong> et une <strong>\u00e9ducation internationale<\/strong>. Situ\u00e9e dans la magnifique ville de Montreux, cette \u00e9cole de commerce s&rsquo;est forg\u00e9e une r\u00e9putation solide gr\u00e2ce \u00e0 son approche innovante qui allie tradition et modernit\u00e9. L&rsquo;ann\u00e9e 2025 marque une \u00e9tape cl\u00e9 pour cette \u00e9cole, qui se distingue par des programmes dynamiques et adapt\u00e9s aux exigences du march\u00e9 global. Les \u00e9tudiants issus de pr\u00e8s de 55 nationalit\u00e9s diff\u00e9rentes trouvent ici non seulement une formation de qualit\u00e9, mais aussi un environnement multiculturel propice \u00e0 leur \u00e9panouissement personnel et professionnel. D\u00e9couvrons ensemble les particularit\u00e9s qui font de la HIM Business School un r\u00eave pour les aspirants leaders du monde des affaires.<\/p>\n\n<h2 class=\"wp-block-heading\">Une \u00c9ducation de Qualit\u00e9 au Coeur des Alpes Suisses<\/h2>\n\n<p>La HIM Business School est bien plus qu&rsquo;une simple \u00e9cole de commerce. L&rsquo;\u00e9tablissement b\u00e9n\u00e9ficie d&rsquo;un h\u00e9ritage en <strong>gestion h\u00f4teli\u00e8re<\/strong>, combinant les comp\u00e9tences uniques de la Suisse avec les tendances modernes de l&rsquo;<strong>\u00e9ducation internationale<\/strong>. L&rsquo;histoire de l&rsquo;\u00e9cole remonte \u00e0 plusieurs d\u00e9cennies, quand elle a \u00e9t\u00e9 fond\u00e9e pour offrir une formation de pointe en h\u00f4tellerie. Aujourd&rsquo;hui, elle a \u00e9volu\u00e9 pour inclure un large \u00e9ventail de sp\u00e9cialisations, notamment le management, le marketing, la finance et bien s\u00fbr, l&rsquo;h\u00f4tellerie.<\/p>\n\n<p>En int\u00e9grant des m\u00e9thodes d&rsquo;enseignement novatrices, la HIM Business School a su attirer chaque ann\u00e9e environ 400 \u00e9tudiants passionn\u00e9s, provenant de divers horizons. La diversit\u00e9 enrichit l&rsquo;apprentissage, chaque \u00e9tudiant apportant ses propres perspectives culturelles. Cela contribue non seulement \u00e0 une atmosph\u00e8re d&rsquo;apprentissage dynamique, mais \u00e9galement \u00e0 une exp\u00e9rience qui pr\u00e9pare les \u00e9tudiants \u00e0 une <strong>carri\u00e8re internationale<\/strong>.<\/p>\n\n<p>Pour donner un aper\u00e7u des diff\u00e9rentes voies offertes par l&rsquo;\u00e9cole, voici une liste des sp\u00e9cialit\u00e9s disponibles :<\/p>\n\n<ul class=\"wp-block-list\"><li>Management \ud83d\udcca<\/li><li>Marketing \ud83c\udfaf<\/li><li>Finance \ud83d\udcb0<\/li><li>H\u00f4tellerie \ud83c\udfe8<\/li><\/ul>\n\n<p>Les programmes vont au-del\u00e0 des salles de classe. L&rsquo;\u00e9cole favorise des stages int\u00e9gr\u00e9s, dont pr\u00e8s de 50 % se d\u00e9roulent \u00e0 l&rsquo;international, permettant ainsi aux \u00e9tudiants d&rsquo;acqu\u00e9rir une exp\u00e9rience de la vie professionnelle \u00e0 travers le monde. En effet, le taux d&#8217;employabilit\u00e9 est impressionnant, atteignant 95 % un mois apr\u00e8s l&rsquo;obtention du dipl\u00f4me.<\/p>\n\n<figure class=\"wp-block-table\"><table>\n<thead>\n<tr>\n<th>Sp\u00e9cialisation<\/th>\n<th>Taux de placement (%)<\/th>\n<th>Dur\u00e9e des stages<\/th>\n<\/tr>\n<\/thead>\n<tbody>\n<tr>\n<td>Management<\/td>\n<td>95<\/td>\n<td>6 mois<\/td>\n<\/tr>\n<tr>\n<td>Marketing<\/td>\n<td>92<\/td>\n<td>6 mois<\/td>\n<\/tr>\n<tr>\n<td>Finance<\/td>\n<td>94<\/td>\n<td>6 mois<\/td>\n<\/tr>\n<tr>\n<td>H\u00f4tellerie<\/td>\n<td>96<\/td>\n<td>6 mois<\/td>\n<\/tr>\n<\/tbody>\n<\/table><\/figure>\n\n<p>En somme, la HIM Business School ne forme pas seulement des \u00e9tudiants, mais cr\u00e9e de v\u00e9ritables leaders de demain, pr\u00eats \u00e0 relever les d\u00e9fis d\u2019un march\u00e9 mondial en constante \u00e9volution.<\/p>\n\n<h2 class=\"wp-block-heading\">Un Programme Bilingue pour un Monde Globalis\u00e9<\/h2>\n\n<p>Un des grands atouts de la HIM Business School est son engagement envers l&rsquo;apprentissage de l&rsquo;anglais, langue incontournable du monde des affaires. L&rsquo;\u00e9cole propose un parcours bilingue, permettant aux \u00e9tudiants d\u2019am\u00e9liorer leurs comp\u00e9tences linguistiques tout en poursuivant leur <strong>formation en management<\/strong> et autres disciplines. \u00c0 partir d&rsquo;un niveau B1 en anglais, les \u00e9tudiants peuvent progresser \u00e0 leur rythme, en s&rsquo;appuyant sur des outils p\u00e9dagogiques adapt\u00e9s et modernes.<\/p>\n\n<p>Une telle approche formatrice assure que chacun est pr\u00e9par\u00e9 pour une <strong>carri\u00e8re internationale<\/strong>. Les enseignants de renomm\u00e9e mondiale apportent non seulement leurs expertises acad\u00e9miques, mais aussi une connaissance approfondie des exigences sp\u00e9cifiques du march\u00e9 du travail. Ils utilisent des outils technologiques avanc\u00e9s, conform\u00e9ment aux nouvelles attentes du march\u00e9.<\/p>\n\n<p>Parmi les services offerts pour assurer une immersion totale en anglais, on retrouve :<\/p>\n\n<ul class=\"wp-block-list\"><li>Cours d\u00e9di\u00e9s \u00e0 la pratique de l&rsquo;anglais \ud83d\udcda<\/li><li>Sessions de formation interculturelles \ud83c\udf0d<\/li><li>Acc\u00e8s \u00e0 de nombreux ressources num\u00e9riques \ud83d\udcbb<\/li><\/ul>\n\n<p>Les professeurs, tels que Claire Jollain, la directrice acad\u00e9mique, expliquent que l&rsquo;\u00e9cole a int\u00e9gr\u00e9 des dispositifs de suivi des comp\u00e9tences demand\u00e9es sur le march\u00e9 du travail. Cela permet de s&rsquo;assurer que les cours restent pertinents et align\u00e9s avec les exigences actuelles. Cette strat\u00e9gie d&rsquo;<strong>innovation acad\u00e9mique<\/strong> a su d\u00e9montrer son efficacit\u00e9 dans la pr\u00e9paration des \u00e9tudiants aux r\u00e9alit\u00e9s du subtil monde des affaires.<\/p>\n\n<figure class=\"wp-block-table\"><table>\n<thead>\n<tr>\n<th>Caract\u00e9ristique<\/th>\n<th>Avantages pour les \u00c9tudiants<\/th>\n<th>Impact Sur la Carri\u00e8re<\/th>\n<\/tr>\n<\/thead>\n<tbody>\n<tr>\n<td>Apprentissage Bilingue<\/td>\n<td>Renforce les comp\u00e9tences linguistiques<\/td>\n<td>Facilite l\u2019acc\u00e8s \u00e0 des postes internationaux<\/td>\n<\/tr>\n<tr>\n<td>Formation Interculturelle<\/td>\n<td>Pr\u00e9pare \u00e0 la diversit\u00e9 professionnelle<\/td>\n<td>Valorise l&rsquo;adaptabilit\u00e9 en entreprise<\/td>\n<\/tr>\n<tr>\n<td>Outils Technologiques Avanc\u00e9s<\/td>\n<td>Suit l&rsquo;\u00e9volution du march\u00e9<\/td>\n<td>Rend les comp\u00e9tences toujours pertinentes<\/td>\n<\/tr>\n<\/tbody>\n<\/table><\/figure>\n\n<p>En proposant un enseignement adapt\u00e9 aux besoins d&rsquo;un monde de plus en plus interconnect\u00e9, la HIM Business School s&rsquo;assure que ses \u00e9tudiants soient des atouts pr\u00e9cieux pour n&rsquo;importe quelle entreprise.<\/p>\n\n<h2 class=\"wp-block-heading\">Un R\u00e9seau Global pour Booster les Opportunit\u00e9s de Carri\u00e8re<\/h2>\n\n<p>\u00c0 la HIM Business School, le r\u00e9seautage est \u00e0 la fois une comp\u00e9tence enseign\u00e9e et un atout capital pour le succ\u00e8s professionnel. L&rsquo;\u00e9cole b\u00e9n\u00e9ficie de partenariats avec des entreprises de renom dans le monde entier, offrant ainsi \u00e0 ses \u00e9tudiants des opportunit\u00e9s uniques. Ces collaborations permettent des \u00e9changes d&rsquo;id\u00e9es et, souvent, des offres d&#8217;emploi directement issues de ces entreprises.<\/p>\n\n<p>En int\u00e9grant un r\u00e9seau mondial, les \u00e9tudiants peuvent \u00e9largir leurs horizons avec des insights pr\u00e9cieux provenant des leaders du secteur. Ces relations peuvent facilement se transformer en mentorat ou m\u00eame en stages professionnels. Voici quelques exemples d&rsquo;entreprises partenaires :<\/p>\n\n<ul class=\"wp-block-list\"><li>Hilton Hotels \ud83c\udf1f<\/li><li>Marriott International \u2708\ufe0f<\/li><li>Accor Group \ud83c\udfe8<\/li><li>Google \ud83c\udf10<\/li><\/ul>\n\n<p>Ce r\u00e9seau ne se limite pas seulement \u00e0 l\u2019aspect professionnel, mais permet aussi de cr\u00e9er des liens d\u2019amiti\u00e9 durables. En rencontrant des \u00e9tudiants de divers pays, une dimension humaine s\u2019ajoute \u00e0 l\u2019exp\u00e9rience acad\u00e9mique. Par ailleurs, la HIM Business School participe r\u00e9guli\u00e8rement \u00e0 des \u00e9v\u00e9nements internationaux et des conf\u00e9rences dans le secteur, ce qui renforce encore plus l&rsquo;int\u00e9gration de son r\u00e9seau.<\/p>\n\n<figure class=\"wp-block-table\"><table>\n<thead>\n<tr>\n<th>Type d&rsquo;\u00c9v\u00e9nement<\/th>\n<th>Date<\/th>\n<th>Lieu<\/th>\n<\/tr>\n<\/thead>\n<tbody>\n<tr>\n<td>Forum International de l&rsquo;H\u00f4tellerie<\/td>\n<td>Mai 2025<\/td>\n<td>Paris, France<\/td>\n<\/tr>\n<tr>\n<td>S\u00e9minaire sur les Nouvelles Technologies<\/td>\n<td>Septembre 2025<\/td>\n<td>New York, USA<\/td>\n<\/tr>\n<tr>\n<td>Happy Networking Day<\/td>\n<td>D\u00e9cembre 2025<\/td>\n<td>Montreux, Suisse<\/td>\n<\/tr>\n<\/tbody>\n<\/table><\/figure>\n\n<p>Ces \u00e9v\u00e9nements et collaborations assurent que les \u00e9tudiants de la HIM Business School ne sont pas seulement form\u00e9s dans des domaines acad\u00e9miques, mais qu&rsquo;ils poss\u00e8dent \u00e9galement un <strong>r\u00e9seau global<\/strong> solide pour les aider \u00e0 naviguer dans le monde complexe et comp\u00e9titif d&rsquo;aujourd&rsquo;hui.<\/p>\n\n<h2 class=\"wp-block-heading\">Innovation Acad\u00e9mique pour des Formations R\u00e9pondant aux Besoins du March\u00e9<\/h2>\n\n<p>L\u2019un des piliers fondamentaux de la HIM Business School est son approche centr\u00e9e sur l&rsquo;<strong>innovation acad\u00e9mique<\/strong>. L&rsquo;\u00e9cole a mis en place des outils technologiques permettant de cibler pr\u00e9cis\u00e9ment les comp\u00e9tences demand\u00e9es par les employeurs. Cette volont\u00e9 de rester \u00e0 la pointe des tendances p\u00e9dagogiques garantit une qualit\u00e9 de formation optimale, et ce, en continu.<\/p>\n\n<p>Les programmes sont r\u00e9guli\u00e8rement mis \u00e0 jour pour s\u2019adapter aux nouvelles r\u00e9alit\u00e9s du march\u00e9. Les cours sont con\u00e7us non seulement pour transmettre des connaissances th\u00e9oriques, mais aussi pour encourager une pens\u00e9e critique et des applications pratiques au sein des entreprises. Par ailleurs, les \u00e9tudiants ont acc\u00e8s \u00e0 des plateformes de simulation et \u00e0 des cas pratiques, leur permettant d&rsquo;appliquer leurs comp\u00e9tences dans un environnement s\u00fbr.<\/p>\n\n<p>Voici quelques caract\u00e9ristiques cl\u00e9s de cette philosophie d&rsquo;innovation :<\/p>\n\n<ul class=\"wp-block-list\"><li>Analyse de march\u00e9 continue \ud83d\udcc8<\/li><li>Formation pratique via des \u00e9tudes de cas \ud83d\udcca<\/li><li>Technologies d&rsquo;enseignement innovantes \u2601\ufe0f<\/li><\/ul>\n\n<p>Les r\u00e9sultats parlent d\u2019eux-m\u00eames, avec une satisfaction \u00e9tudiante et un taux d\u2019ach\u00e8vement des programmes qui d\u00e9passe la moyenne dans d&rsquo;autres institutions similaires. Gr\u00e2ce \u00e0 cette d\u00e9marche proactive, les \u00e9tudiants de la HIM Business School sont pr\u00e9par\u00e9s pour un avenir professionnel prometteur.<\/p>\n\n<figure class=\"wp-block-table\"><table>\n<thead>\n<tr>\n<th>Innovation<\/th>\n<th>Impact sur l&rsquo;\u00c9tudiant<\/th>\n<th>Comp\u00e9tence D\u00e9velopp\u00e9e<\/th>\n<\/tr>\n<\/thead>\n<tbody>\n<tr>\n<td>Simulations d&rsquo;entreprise<\/td>\n<td>Compr\u00e9hension pratique du business<\/td>\n<td>Placement strat\u00e9gique<\/td>\n<\/tr>\n<tr>\n<td>Analyse de march\u00e9<\/td>\n<td>Capacit\u00e9 d&rsquo;adaptation rapide<\/td>\n<td>Prise de d\u00e9cision inform\u00e9e<\/td>\n<\/tr>\n<tr>\n<td>Technologies avanc\u00e9es<\/td>\n<td>Meilleure employabilit\u00e9<\/td>\n<td>Comp\u00e9tences techniques<\/td>\n<\/tr>\n<\/tbody>\n<\/table><\/figure>\n\n<p>Avec une telle approche, la HIM Business School reste un pilier incontournable du paysage \u00e9ducatif mondial, offrant une <strong>formation management<\/strong> sur mesure et adapt\u00e9e aux exigences d\u2019un monde en perp\u00e9tuelle \u00e9volution.<\/p>\n\n<h2 class=\"wp-block-heading\">Questions Fr\u00e9quemment Pos\u00e9es<\/h2>\n\n<p>Pour mieux comprendre ce que la HIM Business School a \u00e0 offrir, voici quelques questions courantes que se posent souvent les futurs \u00e9tudiants :<\/p>\n\n<ul class=\"wp-block-list\"><li><strong>Quel est le processus d&rsquo;admission \u00e0 la HIM Business School ?<\/strong><br>Les candidats doivent soumettre un dossier comprenant des relev\u00e9s de notes, un CV et une lettre de motivation. Des entretiens peuvent \u00e9galement \u00eatre requis.<\/li><li><strong>Quelles sont les langues d&rsquo;enseignement ?<\/strong><br>Les cours sont disponibles en fran\u00e7ais et en anglais, favorisant ainsi un parcours bilingue pour tous les \u00e9tudiants.<\/li><li><strong>Quelle est la dur\u00e9e des stages propos\u00e9s ?<\/strong><br>Les \u00e9tudiants effectuent des stages d\u2019une dur\u00e9e totale allant jusqu&rsquo;\u00e0 50% de leur temps de formation, souvent r\u00e9partis sur plusieurs continents.<\/li><li><strong>Comment puis-je b\u00e9n\u00e9ficier du r\u00e9seau global de l&rsquo;\u00e9cole ?<\/strong><br>Les \u00e9tudiants auront acc\u00e8s \u00e0 des \u00e9v\u00e9nements de r\u00e9seautage, des forums et des s\u00e9minaires avec des entreprises partenaires, facilitant ainsi le d\u00e9veloppement de connections professionnelles.<\/li><li><strong>Y a-t-il des opportunit\u00e9s d&rsquo;\u00e9changes internationaux ?<\/strong><br>Oui, des \u00e9changes acad\u00e9miques sont propos\u00e9s avec certaines universit\u00e9s partenaires \u00e0 travers le monde.<\/li><\/ul>\n\n","protected":false},"excerpt":{"rendered":"<p>HIM Business School, une institution renomm\u00e9e, incarne l&rsquo;alliance parfaite entre l&rsquo;excellence suisse et une \u00e9ducation internationale. Situ\u00e9e dans la magnifique ville de Montreux, cette \u00e9cole de commerce s&rsquo;est forg\u00e9e une r\u00e9putation solide gr\u00e2ce \u00e0 son approche innovante qui allie tradition et modernit\u00e9. L&rsquo;ann\u00e9e 2025 marque une \u00e9tape cl\u00e9 pour cette \u00e9cole, qui se distingue par &#8230; <a title=\"HIM Business School : Fusion de l&rsquo;Excellence Suisse et d&rsquo;une Perspective Internationale\" class=\"read-more\" href=\"https:\/\/www.apres-lecole.fr\/Blog\/him-business-excellence-internationale\/\" aria-label=\"En savoir plus sur HIM Business School : Fusion de l&rsquo;Excellence Suisse et d&rsquo;une Perspective Internationale\">Lire plus<\/a><\/p>\n","protected":false},"author":7,"featured_media":2335,"comment_status":"open","ping_status":"open","sticky":false,"template":"","format":"standard","meta":{"footnotes":""},"categories":[342],"tags":[412,1573,804,1572,1574],"class_list":["post-2336","post","type-post","status-publish","format-standard","has-post-thumbnail","hentry","category-actualites","tag-education","tag-excellence-suisse","tag-formation","tag-him-business-school","tag-perspective-internationale"],"yoast_head":"<!-- This site is optimized with the Yoast SEO plugin v27.5 - https:\/\/yoast.com\/product\/yoast-seo-wordpress\/ -->\n<title>HIM Business School : L\u2019Alliance Suisse pour une Vision Internationale<\/title>\n<meta name=\"description\" content=\"HIM Business School : alliez l\u2019excellence suisse \u00e0 une vision internationale pour booster votre carri\u00e8re dans un environnement multiculturel.\" \/>\n<meta name=\"robots\" content=\"index, follow, max-snippet:-1, max-image-preview:large, max-video-preview:-1\" \/>\n<link rel=\"canonical\" href=\"https:\/\/www.apres-lecole.fr\/Blog\/him-business-excellence-internationale\/\" \/>\n<meta property=\"og:locale\" content=\"fr_FR\" \/>\n<meta property=\"og:type\" content=\"article\" \/>\n<meta property=\"og:title\" content=\"HIM Business School : L\u2019Alliance Suisse pour une Vision Internationale\" \/>\n<meta property=\"og:description\" content=\"HIM Business School : alliez l\u2019excellence suisse \u00e0 une vision internationale pour booster votre carri\u00e8re dans un environnement multiculturel.\" \/>\n<meta property=\"og:url\" content=\"https:\/\/www.apres-lecole.fr\/Blog\/him-business-excellence-internationale\/\" \/>\n<meta property=\"article:published_time\" content=\"2025-09-17T07:04:37+00:00\" \/>\n<meta property=\"og:image\" content=\"https:\/\/www.apres-lecole.fr\/Blog\/wp-content\/uploads\/2025\/09\/HIM-Business-School-Fusion-de-lExcellence-Suisse-et-dune-Perspective-Internationale.jpg\" \/>\n\t<meta property=\"og:image:width\" content=\"1344\" \/>\n\t<meta property=\"og:image:height\" content=\"768\" \/>\n\t<meta property=\"og:image:type\" content=\"image\/jpeg\" \/>\n<meta name=\"twitter:card\" content=\"summary_large_image\" \/>\n<meta name=\"twitter:label1\" content=\"\u00c9crit par\" \/>\n\t<meta name=\"twitter:data1\" content=\"\" \/>\n\t<meta name=\"twitter:label2\" content=\"Dur\u00e9e de lecture estim\u00e9e\" \/>\n\t<meta name=\"twitter:data2\" content=\"7 minutes\" \/>\n<script type=\"application\/ld+json\" class=\"yoast-schema-graph\">{\"@context\":\"https:\\\/\\\/schema.org\",\"@graph\":[{\"@type\":\"Article\",\"@id\":\"https:\\\/\\\/www.apres-lecole.fr\\\/Blog\\\/him-business-excellence-internationale\\\/#article\",\"isPartOf\":{\"@id\":\"https:\\\/\\\/www.apres-lecole.fr\\\/Blog\\\/him-business-excellence-internationale\\\/\"},\"author\":{\"name\":\"\",\"@id\":\"\"},\"headline\":\"HIM Business School : Fusion de l&rsquo;Excellence Suisse et d&rsquo;une Perspective Internationale\",\"datePublished\":\"2025-09-17T07:04:37+00:00\",\"mainEntityOfPage\":{\"@id\":\"https:\\\/\\\/www.apres-lecole.fr\\\/Blog\\\/him-business-excellence-internationale\\\/\"},\"wordCount\":1546,\"commentCount\":0,\"image\":{\"@id\":\"https:\\\/\\\/www.apres-lecole.fr\\\/Blog\\\/him-business-excellence-internationale\\\/#primaryimage\"},\"thumbnailUrl\":\"https:\\\/\\\/www.apres-lecole.fr\\\/Blog\\\/wp-content\\\/uploads\\\/2025\\\/09\\\/HIM-Business-School-Fusion-de-lExcellence-Suisse-et-dune-Perspective-Internationale.jpg\",\"keywords\":[\"\u00e9ducation\",\"excellence suisse\",\"formation\",\"him business school\",\"perspective internationale\"],\"articleSection\":[\"Actualit\u00e9s\"],\"inLanguage\":\"fr-FR\",\"potentialAction\":[{\"@type\":\"CommentAction\",\"name\":\"Comment\",\"target\":[\"https:\\\/\\\/www.apres-lecole.fr\\\/Blog\\\/him-business-excellence-internationale\\\/#respond\"]}]},{\"@type\":\"WebPage\",\"@id\":\"https:\\\/\\\/www.apres-lecole.fr\\\/Blog\\\/him-business-excellence-internationale\\\/\",\"url\":\"https:\\\/\\\/www.apres-lecole.fr\\\/Blog\\\/him-business-excellence-internationale\\\/\",\"name\":\"HIM Business School : L\u2019Alliance Suisse pour une Vision Internationale\",\"isPartOf\":{\"@id\":\"https:\\\/\\\/www.apres-lecole.fr\\\/Blog\\\/#website\"},\"primaryImageOfPage\":{\"@id\":\"https:\\\/\\\/www.apres-lecole.fr\\\/Blog\\\/him-business-excellence-internationale\\\/#primaryimage\"},\"image\":{\"@id\":\"https:\\\/\\\/www.apres-lecole.fr\\\/Blog\\\/him-business-excellence-internationale\\\/#primaryimage\"},\"thumbnailUrl\":\"https:\\\/\\\/www.apres-lecole.fr\\\/Blog\\\/wp-content\\\/uploads\\\/2025\\\/09\\\/HIM-Business-School-Fusion-de-lExcellence-Suisse-et-dune-Perspective-Internationale.jpg\",\"datePublished\":\"2025-09-17T07:04:37+00:00\",\"author\":{\"@id\":\"\"},\"description\":\"HIM Business School : alliez l\u2019excellence suisse \u00e0 une vision internationale pour booster votre carri\u00e8re dans un environnement multiculturel.\",\"breadcrumb\":{\"@id\":\"https:\\\/\\\/www.apres-lecole.fr\\\/Blog\\\/him-business-excellence-internationale\\\/#breadcrumb\"},\"inLanguage\":\"fr-FR\",\"potentialAction\":[{\"@type\":\"ReadAction\",\"target\":[\"https:\\\/\\\/www.apres-lecole.fr\\\/Blog\\\/him-business-excellence-internationale\\\/\"]}]},{\"@type\":\"ImageObject\",\"inLanguage\":\"fr-FR\",\"@id\":\"https:\\\/\\\/www.apres-lecole.fr\\\/Blog\\\/him-business-excellence-internationale\\\/#primaryimage\",\"url\":\"https:\\\/\\\/www.apres-lecole.fr\\\/Blog\\\/wp-content\\\/uploads\\\/2025\\\/09\\\/HIM-Business-School-Fusion-de-lExcellence-Suisse-et-dune-Perspective-Internationale.jpg\",\"contentUrl\":\"https:\\\/\\\/www.apres-lecole.fr\\\/Blog\\\/wp-content\\\/uploads\\\/2025\\\/09\\\/HIM-Business-School-Fusion-de-lExcellence-Suisse-et-dune-Perspective-Internationale.jpg\",\"width\":1344,\"height\":768,\"caption\":\"d\u00e9couvrez him business school, o\u00f9 l\u2019excellence de l\u2019enseignement suisse se combine \u00e0 une perspective internationale pour former les leaders de demain dans le monde du business et de l\u2019h\u00f4tellerie.\"},{\"@type\":\"BreadcrumbList\",\"@id\":\"https:\\\/\\\/www.apres-lecole.fr\\\/Blog\\\/him-business-excellence-internationale\\\/#breadcrumb\",\"itemListElement\":[{\"@type\":\"ListItem\",\"position\":1,\"name\":\"Home\",\"item\":\"https:\\\/\\\/www.apres-lecole.fr\\\/Blog\\\/\"},{\"@type\":\"ListItem\",\"position\":2,\"name\":\"HIM Business School : Fusion de l&rsquo;Excellence Suisse et d&rsquo;une Perspective Internationale\"}]},{\"@type\":\"WebSite\",\"@id\":\"https:\\\/\\\/www.apres-lecole.fr\\\/Blog\\\/#website\",\"url\":\"https:\\\/\\\/www.apres-lecole.fr\\\/Blog\\\/\",\"name\":\"\",\"description\":\"M\u00e9dia g\u00e9n\u00e9raliste\",\"potentialAction\":[{\"@type\":\"SearchAction\",\"target\":{\"@type\":\"EntryPoint\",\"urlTemplate\":\"https:\\\/\\\/www.apres-lecole.fr\\\/Blog\\\/?s={search_term_string}\"},\"query-input\":{\"@type\":\"PropertyValueSpecification\",\"valueRequired\":true,\"valueName\":\"search_term_string\"}}],\"inLanguage\":\"fr-FR\"},{\"@type\":\"Person\",\"@id\":\"\",\"url\":\"https:\\\/\\\/www.apres-lecole.fr\\\/Blog\\\/author\\\/\"}]}<\/script>\n<!-- \/ Yoast SEO plugin. -->","yoast_head_json":{"title":"HIM Business School : L\u2019Alliance Suisse pour une Vision Internationale","description":"HIM Business School : alliez l\u2019excellence suisse \u00e0 une vision internationale pour booster votre carri\u00e8re dans un environnement multiculturel.","robots":{"index":"index","follow":"follow","max-snippet":"max-snippet:-1","max-image-preview":"max-image-preview:large","max-video-preview":"max-video-preview:-1"},"canonical":"https:\/\/www.apres-lecole.fr\/Blog\/him-business-excellence-internationale\/","og_locale":"fr_FR","og_type":"article","og_title":"HIM Business School : L\u2019Alliance Suisse pour une Vision Internationale","og_description":"HIM Business School : alliez l\u2019excellence suisse \u00e0 une vision internationale pour booster votre carri\u00e8re dans un environnement multiculturel.","og_url":"https:\/\/www.apres-lecole.fr\/Blog\/him-business-excellence-internationale\/","article_published_time":"2025-09-17T07:04:37+00:00","og_image":[{"width":1344,"height":768,"url":"https:\/\/www.apres-lecole.fr\/Blog\/wp-content\/uploads\/2025\/09\/HIM-Business-School-Fusion-de-lExcellence-Suisse-et-dune-Perspective-Internationale.jpg","type":"image\/jpeg"}],"twitter_card":"summary_large_image","twitter_misc":{"\u00c9crit par":"","Dur\u00e9e de lecture estim\u00e9e":"7 minutes"},"schema":{"@context":"https:\/\/schema.org","@graph":[{"@type":"Article","@id":"https:\/\/www.apres-lecole.fr\/Blog\/him-business-excellence-internationale\/#article","isPartOf":{"@id":"https:\/\/www.apres-lecole.fr\/Blog\/him-business-excellence-internationale\/"},"author":{"name":"","@id":""},"headline":"HIM Business School : Fusion de l&rsquo;Excellence Suisse et d&rsquo;une Perspective Internationale","datePublished":"2025-09-17T07:04:37+00:00","mainEntityOfPage":{"@id":"https:\/\/www.apres-lecole.fr\/Blog\/him-business-excellence-internationale\/"},"wordCount":1546,"commentCount":0,"image":{"@id":"https:\/\/www.apres-lecole.fr\/Blog\/him-business-excellence-internationale\/#primaryimage"},"thumbnailUrl":"https:\/\/www.apres-lecole.fr\/Blog\/wp-content\/uploads\/2025\/09\/HIM-Business-School-Fusion-de-lExcellence-Suisse-et-dune-Perspective-Internationale.jpg","keywords":["\u00e9ducation","excellence suisse","formation","him business school","perspective internationale"],"articleSection":["Actualit\u00e9s"],"inLanguage":"fr-FR","potentialAction":[{"@type":"CommentAction","name":"Comment","target":["https:\/\/www.apres-lecole.fr\/Blog\/him-business-excellence-internationale\/#respond"]}]},{"@type":"WebPage","@id":"https:\/\/www.apres-lecole.fr\/Blog\/him-business-excellence-internationale\/","url":"https:\/\/www.apres-lecole.fr\/Blog\/him-business-excellence-internationale\/","name":"HIM Business School : L\u2019Alliance Suisse pour une Vision Internationale","isPartOf":{"@id":"https:\/\/www.apres-lecole.fr\/Blog\/#website"},"primaryImageOfPage":{"@id":"https:\/\/www.apres-lecole.fr\/Blog\/him-business-excellence-internationale\/#primaryimage"},"image":{"@id":"https:\/\/www.apres-lecole.fr\/Blog\/him-business-excellence-internationale\/#primaryimage"},"thumbnailUrl":"https:\/\/www.apres-lecole.fr\/Blog\/wp-content\/uploads\/2025\/09\/HIM-Business-School-Fusion-de-lExcellence-Suisse-et-dune-Perspective-Internationale.jpg","datePublished":"2025-09-17T07:04:37+00:00","author":{"@id":""},"description":"HIM Business School : alliez l\u2019excellence suisse \u00e0 une vision internationale pour booster votre carri\u00e8re dans un environnement multiculturel.","breadcrumb":{"@id":"https:\/\/www.apres-lecole.fr\/Blog\/him-business-excellence-internationale\/#breadcrumb"},"inLanguage":"fr-FR","potentialAction":[{"@type":"ReadAction","target":["https:\/\/www.apres-lecole.fr\/Blog\/him-business-excellence-internationale\/"]}]},{"@type":"ImageObject","inLanguage":"fr-FR","@id":"https:\/\/www.apres-lecole.fr\/Blog\/him-business-excellence-internationale\/#primaryimage","url":"https:\/\/www.apres-lecole.fr\/Blog\/wp-content\/uploads\/2025\/09\/HIM-Business-School-Fusion-de-lExcellence-Suisse-et-dune-Perspective-Internationale.jpg","contentUrl":"https:\/\/www.apres-lecole.fr\/Blog\/wp-content\/uploads\/2025\/09\/HIM-Business-School-Fusion-de-lExcellence-Suisse-et-dune-Perspective-Internationale.jpg","width":1344,"height":768,"caption":"d\u00e9couvrez him business school, o\u00f9 l\u2019excellence de l\u2019enseignement suisse se combine \u00e0 une perspective internationale pour former les leaders de demain dans le monde du business et de l\u2019h\u00f4tellerie."},{"@type":"BreadcrumbList","@id":"https:\/\/www.apres-lecole.fr\/Blog\/him-business-excellence-internationale\/#breadcrumb","itemListElement":[{"@type":"ListItem","position":1,"name":"Home","item":"https:\/\/www.apres-lecole.fr\/Blog\/"},{"@type":"ListItem","position":2,"name":"HIM Business School : Fusion de l&rsquo;Excellence Suisse et d&rsquo;une Perspective Internationale"}]},{"@type":"WebSite","@id":"https:\/\/www.apres-lecole.fr\/Blog\/#website","url":"https:\/\/www.apres-lecole.fr\/Blog\/","name":"","description":"M\u00e9dia g\u00e9n\u00e9raliste","potentialAction":[{"@type":"SearchAction","target":{"@type":"EntryPoint","urlTemplate":"https:\/\/www.apres-lecole.fr\/Blog\/?s={search_term_string}"},"query-input":{"@type":"PropertyValueSpecification","valueRequired":true,"valueName":"search_term_string"}}],"inLanguage":"fr-FR"},{"@type":"Person","@id":"","url":"https:\/\/www.apres-lecole.fr\/Blog\/author\/"}]}},"views":8,"_links":{"self":[{"href":"https:\/\/www.apres-lecole.fr\/Blog\/wp-json\/wp\/v2\/posts\/2336","targetHints":{"allow":["GET"]}}],"collection":[{"href":"https:\/\/www.apres-lecole.fr\/Blog\/wp-json\/wp\/v2\/posts"}],"about":[{"href":"https:\/\/www.apres-lecole.fr\/Blog\/wp-json\/wp\/v2\/types\/post"}],"author":[{"embeddable":true,"href":"https:\/\/www.apres-lecole.fr\/Blog\/wp-json\/wp\/v2\/users\/7"}],"replies":[{"embeddable":true,"href":"https:\/\/www.apres-lecole.fr\/Blog\/wp-json\/wp\/v2\/comments?post=2336"}],"version-history":[{"count":0,"href":"https:\/\/www.apres-lecole.fr\/Blog\/wp-json\/wp\/v2\/posts\/2336\/revisions"}],"wp:featuredmedia":[{"embeddable":true,"href":"https:\/\/www.apres-lecole.fr\/Blog\/wp-json\/wp\/v2\/media\/2335"}],"wp:attachment":[{"href":"https:\/\/www.apres-lecole.fr\/Blog\/wp-json\/wp\/v2\/media?parent=2336"}],"wp:term":[{"taxonomy":"category","embeddable":true,"href":"https:\/\/www.apres-lecole.fr\/Blog\/wp-json\/wp\/v2\/categories?post=2336"},{"taxonomy":"post_tag","embeddable":true,"href":"https:\/\/www.apres-lecole.fr\/Blog\/wp-json\/wp\/v2\/tags?post=2336"}],"curies":[{"name":"wp","href":"https:\/\/api.w.org\/{rel}","templated":true}]}}