{"id":2315,"date":"2025-09-12T06:35:32","date_gmt":"2025-09-12T06:35:32","guid":{"rendered":"https:\/\/www.apres-lecole.fr\/Blog\/ecole-89-innovation-pedagogique\/"},"modified":"2025-09-12T06:35:32","modified_gmt":"2025-09-12T06:35:32","slug":"ecole-89-innovation-pedagogique","status":"publish","type":"post","link":"https:\/\/www.apres-lecole.fr\/Blog\/ecole-89-innovation-pedagogique\/","title":{"rendered":"\u00c9cole 89 : un mod\u00e8le d&rsquo;innovation p\u00e9dagogique en 2025"},"content":{"rendered":"\n\n<div class=\"kk-star-ratings kksr-auto kksr-align-left kksr-valign-top\"\n    data-payload='{&quot;align&quot;:&quot;left&quot;,&quot;id&quot;:&quot;2315&quot;,&quot;slug&quot;:&quot;default&quot;,&quot;valign&quot;:&quot;top&quot;,&quot;ignore&quot;:&quot;&quot;,&quot;reference&quot;:&quot;auto&quot;,&quot;class&quot;:&quot;&quot;,&quot;count&quot;:&quot;0&quot;,&quot;legendonly&quot;:&quot;&quot;,&quot;readonly&quot;:&quot;&quot;,&quot;score&quot;:&quot;0&quot;,&quot;starsonly&quot;:&quot;&quot;,&quot;best&quot;:&quot;5&quot;,&quot;gap&quot;:&quot;5&quot;,&quot;greet&quot;:&quot;Rate this post&quot;,&quot;legend&quot;:&quot;0\\\/5 - (0 vote)&quot;,&quot;size&quot;:&quot;24&quot;,&quot;title&quot;:&quot;\u00c9cole 89 : un mod\u00e8le d\\u0026#039;innovation p\u00e9dagogique en 2025&quot;,&quot;width&quot;:&quot;0&quot;,&quot;_legend&quot;:&quot;{score}\\\/{best} - ({count} {votes})&quot;,&quot;font_factor&quot;:&quot;1.25&quot;}'>\n            \n<div class=\"kksr-stars\">\n    \n<div class=\"kksr-stars-inactive\">\n            <div class=\"kksr-star\" data-star=\"1\" style=\"padding-right: 5px\">\n            \n\n<div class=\"kksr-icon\" style=\"width: 24px; height: 24px;\"><\/div>\n        <\/div>\n            <div class=\"kksr-star\" data-star=\"2\" style=\"padding-right: 5px\">\n            \n\n<div class=\"kksr-icon\" style=\"width: 24px; height: 24px;\"><\/div>\n        <\/div>\n            <div class=\"kksr-star\" data-star=\"3\" style=\"padding-right: 5px\">\n            \n\n<div class=\"kksr-icon\" style=\"width: 24px; height: 24px;\"><\/div>\n        <\/div>\n            <div class=\"kksr-star\" data-star=\"4\" style=\"padding-right: 5px\">\n            \n\n<div class=\"kksr-icon\" style=\"width: 24px; height: 24px;\"><\/div>\n        <\/div>\n            <div class=\"kksr-star\" data-star=\"5\" style=\"padding-right: 5px\">\n            \n\n<div class=\"kksr-icon\" style=\"width: 24px; height: 24px;\"><\/div>\n        <\/div>\n    <\/div>\n    \n<div class=\"kksr-stars-active\" style=\"width: 0px;\">\n            <div class=\"kksr-star\" style=\"padding-right: 5px\">\n            \n\n<div class=\"kksr-icon\" style=\"width: 24px; height: 24px;\"><\/div>\n        <\/div>\n            <div class=\"kksr-star\" style=\"padding-right: 5px\">\n            \n\n<div class=\"kksr-icon\" style=\"width: 24px; height: 24px;\"><\/div>\n        <\/div>\n            <div class=\"kksr-star\" style=\"padding-right: 5px\">\n            \n\n<div class=\"kksr-icon\" style=\"width: 24px; height: 24px;\"><\/div>\n        <\/div>\n            <div class=\"kksr-star\" style=\"padding-right: 5px\">\n            \n\n<div class=\"kksr-icon\" style=\"width: 24px; height: 24px;\"><\/div>\n        <\/div>\n            <div class=\"kksr-star\" style=\"padding-right: 5px\">\n            \n\n<div class=\"kksr-icon\" style=\"width: 24px; height: 24px;\"><\/div>\n        <\/div>\n    <\/div>\n<\/div>\n                \n\n<div class=\"kksr-legend\" style=\"font-size: 19.2px;\">\n            <span class=\"kksr-muted\">Rate this post<\/span>\n    <\/div>\n    <\/div>\n<p>Dans un monde en constante \u00e9volution o\u00f9 les m\u00e9thodes p\u00e9dagogiques doivent s&rsquo;adapter aux besoins des \u00e9l\u00e8ves du 21e si\u00e8cle, <strong>l&rsquo;\u00c9cole 89<\/strong> se positionne comme un v\u00e9ritable pionnier de l&rsquo;innovation \u00e9ducative en 2025. Ce mod\u00e8le unique se distingue par son approche centr\u00e9e sur l&rsquo;\u00e9l\u00e8ve, o\u00f9 l&rsquo;enseignement traditionnel fait place \u00e0 des pratiques modernes et interactives. En int\u00e9grant les technologies d&rsquo;aujourd&rsquo;hui et de demain, cette \u00e9cole transforme l&rsquo;apprentissage en une aventure passionnante. Explorons ensemble les fondements de ce syst\u00e8me \u00e9ducatif r\u00e9volutionnaire qui pourrait bien red\u00e9finir le paysage scolaire tel que nous le connaissons.<\/p>\n\n<h2 class=\"wp-block-heading\">L\u2019\u00c9ducation Repens\u00e9e : Vers des M\u00e9thodes Actives et Participatives<\/h2>\n\n<p>\u00c0 l&rsquo;\u00c9cole 89, l&rsquo;enseignement ne se limite plus \u00e0 la simple transmission de savoirs. Les enseignants jouent d\u00e9sormais le r\u00f4le de v\u00e9ritables facilitateurs, guidant les \u00e9l\u00e8ves dans leur qu\u00eate de connaissances. En 2025, la p\u00e9dagogie active est la norme, encourageant les \u00e9l\u00e8ves \u00e0 interagir avec le contenu et \u00e0 r\u00e9fl\u00e9chir par eux-m\u00eames. Cette approche active et participative permet aux \u00e9l\u00e8ves de s&rsquo;approprier leurs apprentissages et de d\u00e9velopper des comp\u00e9tences essentielles pour le futur.<\/p>\n\n<ul class=\"wp-block-list\"><li>\ud83d\udca1 <strong>Apprentissage par projets :<\/strong> Les \u00e9l\u00e8ves travaillent sur des projets concrets, int\u00e9grant des mati\u00e8res vari\u00e9es, ce qui favorise une meilleure compr\u00e9hension.<\/li><li>\ud83e\udd1d <strong>Collaboration :<\/strong> Ils sont encourag\u00e9s \u00e0 travailler ensemble, d\u00e9veloppant ainsi des comp\u00e9tences sociales et de communication.<\/li><li>\ud83d\udda5\ufe0f <strong>Utilisation des technologies :<\/strong> Les outils num\u00e9riques, tels que les plates-formes d&rsquo;apprentissage interactives, enrichissent les le\u00e7ons et rendent l&rsquo;apprentissage plus ludique.<\/li><\/ul>\n\n<p>De nombreuses \u00e9coles, comme l&rsquo;<a href=\"https:\/\/www.apres-lecole.fr\/Blog\/ecole-42-innover-enseignement\/\">\u00c9cole 42<\/a> et l&rsquo;<a href=\"https:\/\/www.apres-lecole.fr\/Blog\/innovation-ecole-rouen\/\">\u00c9cole de Rouen<\/a>, adoptent \u00e9galement cette m\u00e9thode active qui transforme la salle de classe en un v\u00e9ritable espace d&rsquo;exp\u00e9rimentation. En rendant les \u00e9l\u00e8ves acteurs de leur apprentissage, l&rsquo;\u00c9cole 89 s&rsquo;inscrit dans une tendance moderne qui favorise l&rsquo;engagement et la motivation.<\/p>\n\n<figure class=\"wp-block-table\"><table>\n<thead>\n<tr>\n<th>M\u00e9thodes P\u00e9dagogiques<\/th>\n<th>Avantages<\/th>\n<th>Exemples d&rsquo;Application<\/th>\n<\/tr>\n<\/thead>\n<tbody>\n<tr>\n<td>Apprentissage par projets<\/td>\n<td>Favorise la cr\u00e9ativit\u00e9 et l&rsquo;autonomie<\/td>\n<td>Projet de sciences environnementales int\u00e9grant biologie, g\u00e9ographie et arts<\/td>\n<\/tr>\n<tr>\n<td>Coop\u00e9ration<\/td>\n<td>Renforce les comp\u00e9tences sociales<\/td>\n<td>Travail en groupes sur des expos\u00e9s<\/td>\n<\/tr>\n<tr>\n<td>Technologies \u00e9ducatives<\/td>\n<td>Rend l&rsquo;apprentissage engageant<\/td>\n<td>Utilisation de tableaux interactifs et d&rsquo;applications<\/td>\n<\/tr>\n<\/tbody>\n<\/table><\/figure>\n\n<h2 class=\"wp-block-heading\">Personnalisation des Apprentissages : Une R\u00e9ponse aux Besoins Individuels<\/h2>\n\n<p>La personnalisation de l&rsquo;apprentissage est une grande tendance en 2025. \u00c0 l&rsquo;\u00c9cole 89, chaque \u00e9l\u00e8ve est unique et m\u00e9rite une approche sur mesure. Gr\u00e2ce aux outils num\u00e9riques, les enseignants peuvent suivre les progr\u00e8s de chaque \u00e9l\u00e8ve en temps r\u00e9el et adapter les m\u00e9thodes en cons\u00e9quence. Cette capacit\u00e9 \u00e0 personnaliser l&rsquo;apprentissage garantit que chaque \u00e9l\u00e8ve, qu&rsquo;il ait besoin d&rsquo;un soutien suppl\u00e9mentaire ou d&rsquo;un challenge, trouve son rythme.<\/p>\n\n<ul class=\"wp-block-list\"><li>\ud83d\udcca <strong>Plans de travail individualis\u00e9s :<\/strong> Chaque \u00e9l\u00e8ve dispose d&rsquo;un programme adapt\u00e9 \u00e0 ses comp\u00e9tences.<\/li><li>\ud83d\ude4b\u200d\u2642\ufe0f <strong>Suivi r\u00e9gulier :<\/strong> Des bilans sont r\u00e9alis\u00e9s r\u00e9guli\u00e8rement pour ajuster les contenus.<\/li><li>\ud83d\udcda <strong>Ressources d&rsquo;apprentissage vari\u00e9es :<\/strong> Acc\u00e8s \u00e0 une multitude de supports : vid\u00e9os, jeux \u00e9ducatifs, livres num\u00e9riques.<\/li><\/ul>\n\n<p>Des initiatives comme <a href=\"https:\/\/www.apres-lecole.fr\/Blog\/ecole-kergomard-enseignement-2025\/\">l&rsquo;\u00c9cole Kergomard<\/a> et <a href=\"https:\/\/www.apres-lecole.fr\/Blog\/green-school-bali-echo-logis\/\">la Green School \u00e0 Bali<\/a> illustrent parfaitement cette volont\u00e9 d&rsquo;adapter les m\u00e9thodes p\u00e9dagogiques aux besoins individuels des \u00e9l\u00e8ves. Ce changement de paradigme permet \u00e0 chaque enfant de progresser \u00e0 son rythme, favorisant ainsi leur \u00e9panouissement personnel.<\/p>\n\n<figure class=\"wp-block-table\"><table>\n<thead>\n<tr>\n<th>Strat\u00e9gies de Personnalisation<\/th>\n<th>Impact sur les \u00c9l\u00e8ves<\/th>\n<th>Exemples Concrets<\/th>\n<\/tr>\n<\/thead>\n<tbody>\n<tr>\n<td>\u00c9valuations continues<\/td>\n<td>Favorise la croissance individuelle<\/td>\n<td>Feedback r\u00e9gulier sur les progr\u00e8s en math\u00e9matiques<\/td>\n<\/tr>\n<tr>\n<td>Biblioth\u00e8que num\u00e9rique adapt\u00e9e<\/td>\n<td>Accro\u00eet l&rsquo;engagement<\/td>\n<td>Cours en ligne diff\u00e9renci\u00e9s via <a href=\"https:\/\/www.apres-lecole.fr\/Blog\/innovation-ecole-modulaire-tours\/\">OpenClassrooms<\/a><\/td>\n<\/tr>\n<tr>\n<td>Groupes de niveaux<\/td>\n<td>Permet un apprentissage plus cibl\u00e9<\/td>\n<td>Ateliers de lecture par niveaux<\/td>\n<\/tr>\n<\/tbody>\n<\/table><\/figure>\n\n<h2 class=\"wp-block-heading\">L\u2019Int\u00e9gration des Technologies : L&rsquo;Art de Connecter l&rsquo;\u00c9l\u00e8ve au Monde<\/h2>\n\n<p>Dans le contexte actuel, l&rsquo;int\u00e9gration des technologies est incontournable. \u00c0 l&rsquo;\u00c9cole 89, les \u00e9l\u00e8ves utilisent une multitude d&rsquo;outils num\u00e9riques qui rendent l&rsquo;apprentissage plus dynamique et interactif. Gr\u00e2ce \u00e0 des plateformes comme <strong>France Universit\u00e9 Num\u00e9rique<\/strong> et <strong>My Mooc<\/strong>, une abondance de ressources est \u00e0 leur disposition. Parall\u00e8lement, des technologies immersives telles que la r\u00e9alit\u00e9 augment\u00e9e et la r\u00e9alit\u00e9 virtuelle plongent les \u00e9l\u00e8ves dans des exp\u00e9riences d\u2019apprentissage inoubliables.<\/p>\n\n<ul class=\"wp-block-list\"><li>\ud83d\udda5\ufe0f <strong>Acc\u00e8s aux plateformes d&rsquo;apprentissage :<\/strong> Facilite l&rsquo;apprentissage autonome.<\/li><li>\ud83c\udfae <strong>Jeux \u00e9ducatifs :<\/strong> Rendent l&rsquo;apprentissage ludique et motivant.<\/li><li>\ud83d\udc68\u200d\ud83d\udcbb <strong>Collaborations internationales :<\/strong> Possibilit\u00e9 d&rsquo;\u00e9changes virtuels avec des \u00e9coles \u00e0 l&rsquo;\u00e9tranger.<\/li><\/ul>\n\n<p>Les initiatives prises par d&rsquo;autres \u00e9coles, comme <a href=\"https:\/\/www.apres-lecole.fr\/Blog\/cote-international-aubonne\/\">L&rsquo;\u00c9cole d&rsquo;Aubonne<\/a> ou <a href=\"https:\/\/www.apres-lecole.fr\/Blog\/innovation-ecole-horizon-strasbourg-2025\/\">l&rsquo;\u00c9cole Horizon \u00e0 Strasbourg<\/a>, montrent \u00e9galement que l&rsquo;int\u00e9gration technologique est non seulement une tendance, mais une n\u00e9cessit\u00e9 pour pr\u00e9parer les \u00e9l\u00e8ves au monde futur.<\/p>\n\n<figure class=\"wp-block-table\"><table>\n<thead>\n<tr>\n<th>Technologies Utilis\u00e9es<\/th>\n<th>Avantages P\u00e9dagogiques<\/th>\n<th>Exemples d&rsquo;Utilisation<\/th>\n<\/tr>\n<\/thead>\n<tbody>\n<tr>\n<td>Tableaux interactifs<\/td>\n<td>Encouragent la participation active<\/td>\n<td>Le\u00e7ons de science avec simulations<\/td>\n<\/tr>\n<tr>\n<td>R\u00e9alit\u00e9 augment\u00e9e<\/td>\n<td>Cr\u00e9er des exp\u00e9riences immersives<\/td>\n<td>Visites virtuelles de mus\u00e9es lors de cours d\u2019histoire<\/td>\n<\/tr>\n<tr>\n<td>Applications \u00e9ducatives<\/td>\n<td>Rendent l&rsquo;apprentissage accessible<\/td>\n<td>Utilisation de <strong>Codingame<\/strong> pour apprendre le code<\/td>\n<\/tr>\n<\/tbody>\n<\/table><\/figure>\n\n<h2 class=\"wp-block-heading\">Une \u00c9ducation Inclusive et \u00c9quilibr\u00e9e pour Tous<\/h2>\n\n<p>En 2025, l&rsquo;inclusion est au c\u0153ur des pr\u00e9occupations \u00e9ducatives \u00e0 l&rsquo;\u00c9cole 89. Chaque \u00e9l\u00e8ve, quel que soit son niveau ou ses besoins sp\u00e9cifiques, trouve sa place. L&rsquo;\u00e9cole met en \u0153uvre des dispositifs adapt\u00e9s pour les \u00e9l\u00e8ves en situation de handicap, et l\u2019approche p\u00e9dagogique est pens\u00e9e pour \u00eatre accessible \u00e0 tous. Les enseignants sont form\u00e9s pour r\u00e9pondre aux divers d\u00e9fis et sont soutenus par des outils technologiques qui facilitent l&rsquo;acc\u00e8s au savoir.<\/p>\n\n<ul class=\"wp-block-list\"><li>\ud83d\udc69\u200d\ud83c\udfeb <strong>Formations pour enseignants :<\/strong> Sensibilisation sur les m\u00e9thodes inclusives.<\/li><li>\ud83d\udee0\ufe0f <strong>Supports adapt\u00e9s :<\/strong> Utilisation de logiciels de reconnaissance vocale et autres technologies d&rsquo;assistance.<\/li><li>\ud83c\udf0d <strong>Environnement bienveillant :<\/strong> Cr\u00e9ation d&rsquo;une atmosph\u00e8re propice \u00e0 l&rsquo;apprentissage pour tous.<\/li><\/ul>\n\n<p>De nombreuses \u00e9coles, comme l&rsquo;<a href=\"https:\/\/www.apres-lecole.fr\/Blog\/ecole-ort-strasbourg-apprentissage\/\">\u00c9cole ORT \u00e0 Strasbourg<\/a>, adoptent aussi cette d\u00e9marche inclusive. En int\u00e9grant tous les \u00e9l\u00e8ves dans le m\u00eame parcours scolaire, l&rsquo;\u00c9cole 89 cr\u00e9e une dynamique de solidarit\u00e9 et d\u2019entraide, essentielle dans la soci\u00e9t\u00e9 moderne.<\/p>\n\n<figure class=\"wp-block-table\"><table>\n<thead>\n<tr>\n<th>Dispositifs Inclusifs<\/th>\n<th>Impact sur les \u00c9l\u00e8ves<\/th>\n<th>Exemples Concrets<\/th>\n<\/tr>\n<\/thead>\n<tbody>\n<tr>\n<td>Aides sp\u00e9cialis\u00e9es<\/td>\n<td>Am\u00e9lioration des performances scolaires<\/td>\n<td>Tutorat personnalis\u00e9 pour les \u00e9l\u00e8ves en difficult\u00e9<\/td>\n<\/tr>\n<tr>\n<td>Technologies d&rsquo;assistance<\/td>\n<td>Facilite l&rsquo;acc\u00e8s aux apprentissages<\/td>\n<td>Utilisation de tablettes adapt\u00e9es avec supports \u00e9ducatifs<\/td>\n<\/tr>\n<tr>\n<td>Activit\u00e9s de sensibilisation<\/td>\n<td>Renforce la coh\u00e9sion sociale<\/td>\n<td>Projets communs entre \u00e9l\u00e8ves ayant des besoins diff\u00e9rents<\/td>\n<\/tr>\n<\/tbody>\n<\/table><\/figure>\n\n<h2 class=\"wp-block-heading\">D\u00e9velopper l&rsquo;Esprit Critique et la Cr\u00e9ativit\u00e9 des \u00c9l\u00e8ves<\/h2>\n\n<p>Pour pr\u00e9parer les \u00e9l\u00e8ves \u00e0 un avenir incertain, l&rsquo;\u00c9cole 89 s&rsquo;engage \u00e0 d\u00e9velopper leur <strong>pens\u00e9e critique<\/strong> et leur <strong>cr\u00e9ativit\u00e9<\/strong>. Des cours interactifs incitent les \u00e9l\u00e8ves \u00e0 poser des questions, \u00e0 d\u00e9battre et \u00e0 trouver des solutions innovantes. Ces comp\u00e9tences sont essentielles pour naviguer dans un monde du travail en constante \u00e9volution.<\/p>\n\n<ul class=\"wp-block-list\"><li>\ud83e\udd14 <strong>Sessions de d\u00e9bat :<\/strong> Encouragent les \u00e9l\u00e8ves \u00e0 arguer leurs points de vue.<\/li><li>\ud83c\udfa8 <strong>Ateliers cr\u00e9atifs :<\/strong> Offrent une plateforme pour l&rsquo;expression artistique et l&rsquo;exp\u00e9rimentation.<\/li><li>\ud83d\udcc8 <strong>Probl\u00e8mes du monde r\u00e9el :<\/strong> Les \u00e9l\u00e8ves travaillent sur des projets li\u00e9s \u00e0 des enjeux sociaux.<\/li><\/ul>\n\n<p>Ainsi, l&rsquo;\u00e9cole valorise des initiatives comme celles de <strong>Simplon.co<\/strong> et d&rsquo;<strong>EdTech France<\/strong> qui visent \u00e0 armer les jeunes d&rsquo;une pens\u00e9e innovante, pr\u00eate \u00e0 r\u00e9pondre aux d\u00e9fis de demain. Avec une approche ax\u00e9e sur la collaboration et l&rsquo;\u00e9change d&rsquo;id\u00e9es, les \u00e9l\u00e8ves de l&rsquo;\u00c9cole 89 apprennent \u00e0 travailler ensemble pour cr\u00e9er des solutions concr\u00e8tes.<\/p>\n\n<figure class=\"wp-block-table\"><table>\n<thead>\n<tr>\n<th>Activit\u00e9s de D\u00e9veloppement<\/th>\n<th>Comp\u00e9tences Acquises<\/th>\n<th>Exemples<\/th>\n<\/tr>\n<\/thead>\n<tbody>\n<tr>\n<td>Debats en classe<\/td>\n<td>Esprit critique<\/td>\n<td>Discussions sur des th\u00e8mes d&rsquo;actualit\u00e9<\/td>\n<\/tr>\n<tr>\n<td>Projets collaboratifs<\/td>\n<td>Cr\u00e9ativit\u00e9<\/td>\n<td>Cr\u00e9ation d&rsquo;une affiche pour une campagne de sensibilisation<\/td>\n<\/tr>\n<tr>\n<td>Recherche de solutions<\/td>\n<td>R\u00e9solution de probl\u00e8mes<\/td>\n<td>Projets environnementaux sur le recyclage<\/td>\n<\/tr>\n<\/tbody>\n<\/table><\/figure>\n\n<h2 class=\"wp-block-heading\">Questions Fr\u00e9quemment Pos\u00e9es<\/h2>\n\n<p><strong>Pourquoi l&rsquo;\u00c9cole 89 est-elle consid\u00e9r\u00e9e comme un mod\u00e8le d&rsquo;innovation p\u00e9dagogique ?<\/strong><br>Parce qu&rsquo;elle met en \u0153uvre des m\u00e9thodes d&rsquo;enseignement modernes et qui s&rsquo;adaptent aux besoins des \u00e9l\u00e8ves, incluant l&rsquo;int\u00e9gration de la technologie et une approche personnalis\u00e9e.<\/p>\n\n<p><strong>Quels outils num\u00e9riques sont utilis\u00e9s \u00e0 l&rsquo;\u00c9cole 89 ?<\/strong><br>Des plateformes comme <strong>OpenDigitalEducation<\/strong>, des applications \u00e9ducatives et des outils immersifs comme la r\u00e9alit\u00e9 virtuelle.<\/p>\n\n<p><strong>Comment l&rsquo;inclusion est-elle prise en compte \u00e0 l&rsquo;\u00c9cole 89 ?<\/strong><br>Des dispositifs adapt\u00e9s sont mis en place pour accueillir tous les \u00e9l\u00e8ves, quelle que soit leur situation.<\/p>\n\n<p><strong>L&rsquo;\u00c9cole 89 propose-t-elle des partenariats avec d&rsquo;autres institutions ?<\/strong><br>Oui, elle collabore avec des entreprises, des associations locales et d&rsquo;autres \u00e9tablissements pour enrichir l&rsquo;exp\u00e9rience \u00e9ducative.<\/p>\n\n<p><strong>Quels b\u00e9n\u00e9fices les \u00e9l\u00e8ves tirent-ils de cette nouvelle approche p\u00e9dagogique ?<\/strong><br>Ils s&rsquo;\u00e9panouissent davantage, d\u00e9veloppent des comp\u00e9tences sociales et un esprit critique, tout en \u00e9tant mieux pr\u00e9par\u00e9s pour l&rsquo;avenir.<\/p>\n\n","protected":false},"excerpt":{"rendered":"<p>Dans un monde en constante \u00e9volution o\u00f9 les m\u00e9thodes p\u00e9dagogiques doivent s&rsquo;adapter aux besoins des \u00e9l\u00e8ves du 21e si\u00e8cle, l&rsquo;\u00c9cole 89 se positionne comme un v\u00e9ritable pionnier de l&rsquo;innovation \u00e9ducative en 2025. Ce mod\u00e8le unique se distingue par son approche centr\u00e9e sur l&rsquo;\u00e9l\u00e8ve, o\u00f9 l&rsquo;enseignement traditionnel fait place \u00e0 des pratiques modernes et interactives. En &#8230; <a title=\"\u00c9cole 89 : un mod\u00e8le d&rsquo;innovation p\u00e9dagogique en 2025\" class=\"read-more\" href=\"https:\/\/www.apres-lecole.fr\/Blog\/ecole-89-innovation-pedagogique\/\" aria-label=\"En savoir plus sur \u00c9cole 89 : un mod\u00e8le d&rsquo;innovation p\u00e9dagogique en 2025\">Lire plus<\/a><\/p>\n","protected":false},"author":7,"featured_media":2314,"comment_status":"open","ping_status":"open","sticky":false,"template":"","format":"standard","meta":{"footnotes":""},"categories":[342],"tags":[1545,1502,1415,778],"class_list":["post-2315","post","type-post","status-publish","format-standard","has-post-thumbnail","hentry","category-actualites","tag-ecole-89","tag-innovation-pedagogique","tag-modele-educatif","tag-reforme-scolaire"],"yoast_head":"<!-- This site is optimized with the Yoast SEO plugin v27.5 - https:\/\/yoast.com\/product\/yoast-seo-wordpress\/ -->\n<title>\u00c9cole 89 : L\u2019avant-garde p\u00e9dagogique de 2025<\/title>\n<meta name=\"description\" content=\"D\u00e9couvrez comment \u00c9cole 89 r\u00e9volutionne l&#039;apprentissage en 2025 avec des m\u00e9thodes innovantes et une p\u00e9dagogie centr\u00e9e sur l&#039;\u00e9l\u00e8ve.\" \/>\n<meta name=\"robots\" content=\"index, follow, max-snippet:-1, max-image-preview:large, max-video-preview:-1\" \/>\n<link rel=\"canonical\" href=\"https:\/\/www.apres-lecole.fr\/Blog\/ecole-89-innovation-pedagogique\/\" \/>\n<meta property=\"og:locale\" content=\"fr_FR\" \/>\n<meta property=\"og:type\" content=\"article\" \/>\n<meta property=\"og:title\" content=\"\u00c9cole 89 : L\u2019avant-garde p\u00e9dagogique de 2025\" \/>\n<meta property=\"og:description\" content=\"D\u00e9couvrez comment \u00c9cole 89 r\u00e9volutionne l&#039;apprentissage en 2025 avec des m\u00e9thodes innovantes et une p\u00e9dagogie centr\u00e9e sur l&#039;\u00e9l\u00e8ve.\" \/>\n<meta property=\"og:url\" content=\"https:\/\/www.apres-lecole.fr\/Blog\/ecole-89-innovation-pedagogique\/\" \/>\n<meta property=\"article:published_time\" content=\"2025-09-12T06:35:32+00:00\" \/>\n<meta property=\"og:image\" content=\"https:\/\/www.apres-lecole.fr\/Blog\/wp-content\/uploads\/2025\/09\/Ecole-89-un-modele-dinnovation-pedagogique-en-2025.jpg\" \/>\n\t<meta property=\"og:image:width\" content=\"1344\" \/>\n\t<meta property=\"og:image:height\" content=\"768\" \/>\n\t<meta property=\"og:image:type\" content=\"image\/jpeg\" \/>\n<meta name=\"twitter:card\" content=\"summary_large_image\" \/>\n<meta name=\"twitter:label1\" content=\"\u00c9crit par\" \/>\n\t<meta name=\"twitter:data1\" content=\"\" \/>\n\t<meta name=\"twitter:label2\" content=\"Dur\u00e9e de lecture estim\u00e9e\" \/>\n\t<meta name=\"twitter:data2\" content=\"7 minutes\" \/>\n<script type=\"application\/ld+json\" class=\"yoast-schema-graph\">{\"@context\":\"https:\\\/\\\/schema.org\",\"@graph\":[{\"@type\":\"Article\",\"@id\":\"https:\\\/\\\/www.apres-lecole.fr\\\/Blog\\\/ecole-89-innovation-pedagogique\\\/#article\",\"isPartOf\":{\"@id\":\"https:\\\/\\\/www.apres-lecole.fr\\\/Blog\\\/ecole-89-innovation-pedagogique\\\/\"},\"author\":{\"name\":\"\",\"@id\":\"\"},\"headline\":\"\u00c9cole 89 : un mod\u00e8le d&rsquo;innovation p\u00e9dagogique en 2025\",\"datePublished\":\"2025-09-12T06:35:32+00:00\",\"mainEntityOfPage\":{\"@id\":\"https:\\\/\\\/www.apres-lecole.fr\\\/Blog\\\/ecole-89-innovation-pedagogique\\\/\"},\"wordCount\":1475,\"commentCount\":0,\"image\":{\"@id\":\"https:\\\/\\\/www.apres-lecole.fr\\\/Blog\\\/ecole-89-innovation-pedagogique\\\/#primaryimage\"},\"thumbnailUrl\":\"https:\\\/\\\/www.apres-lecole.fr\\\/Blog\\\/wp-content\\\/uploads\\\/2025\\\/09\\\/Ecole-89-un-modele-dinnovation-pedagogique-en-2025.jpg\",\"keywords\":[\"\u00e9cole 89\",\"innovation p\u00e9dagogique\",\"mod\u00e8le \u00e9ducatif\",\"r\u00e9forme scolaire\"],\"articleSection\":[\"Actualit\u00e9s\"],\"inLanguage\":\"fr-FR\",\"potentialAction\":[{\"@type\":\"CommentAction\",\"name\":\"Comment\",\"target\":[\"https:\\\/\\\/www.apres-lecole.fr\\\/Blog\\\/ecole-89-innovation-pedagogique\\\/#respond\"]}]},{\"@type\":\"WebPage\",\"@id\":\"https:\\\/\\\/www.apres-lecole.fr\\\/Blog\\\/ecole-89-innovation-pedagogique\\\/\",\"url\":\"https:\\\/\\\/www.apres-lecole.fr\\\/Blog\\\/ecole-89-innovation-pedagogique\\\/\",\"name\":\"\u00c9cole 89 : L\u2019avant-garde p\u00e9dagogique de 2025\",\"isPartOf\":{\"@id\":\"https:\\\/\\\/www.apres-lecole.fr\\\/Blog\\\/#website\"},\"primaryImageOfPage\":{\"@id\":\"https:\\\/\\\/www.apres-lecole.fr\\\/Blog\\\/ecole-89-innovation-pedagogique\\\/#primaryimage\"},\"image\":{\"@id\":\"https:\\\/\\\/www.apres-lecole.fr\\\/Blog\\\/ecole-89-innovation-pedagogique\\\/#primaryimage\"},\"thumbnailUrl\":\"https:\\\/\\\/www.apres-lecole.fr\\\/Blog\\\/wp-content\\\/uploads\\\/2025\\\/09\\\/Ecole-89-un-modele-dinnovation-pedagogique-en-2025.jpg\",\"datePublished\":\"2025-09-12T06:35:32+00:00\",\"author\":{\"@id\":\"\"},\"description\":\"D\u00e9couvrez comment \u00c9cole 89 r\u00e9volutionne l'apprentissage en 2025 avec des m\u00e9thodes innovantes et une p\u00e9dagogie centr\u00e9e sur l'\u00e9l\u00e8ve.\",\"breadcrumb\":{\"@id\":\"https:\\\/\\\/www.apres-lecole.fr\\\/Blog\\\/ecole-89-innovation-pedagogique\\\/#breadcrumb\"},\"inLanguage\":\"fr-FR\",\"potentialAction\":[{\"@type\":\"ReadAction\",\"target\":[\"https:\\\/\\\/www.apres-lecole.fr\\\/Blog\\\/ecole-89-innovation-pedagogique\\\/\"]}]},{\"@type\":\"ImageObject\",\"inLanguage\":\"fr-FR\",\"@id\":\"https:\\\/\\\/www.apres-lecole.fr\\\/Blog\\\/ecole-89-innovation-pedagogique\\\/#primaryimage\",\"url\":\"https:\\\/\\\/www.apres-lecole.fr\\\/Blog\\\/wp-content\\\/uploads\\\/2025\\\/09\\\/Ecole-89-un-modele-dinnovation-pedagogique-en-2025.jpg\",\"contentUrl\":\"https:\\\/\\\/www.apres-lecole.fr\\\/Blog\\\/wp-content\\\/uploads\\\/2025\\\/09\\\/Ecole-89-un-modele-dinnovation-pedagogique-en-2025.jpg\",\"width\":1344,\"height\":768,\"caption\":\"d\u00e9couvrez comment l'\u00e9cole 89 se distingue en 2025 avec son approche innovante de l'enseignement, m\u00ealant technologies de pointe, projets concrets et p\u00e9dagogie active pour former les talents de demain.\"},{\"@type\":\"BreadcrumbList\",\"@id\":\"https:\\\/\\\/www.apres-lecole.fr\\\/Blog\\\/ecole-89-innovation-pedagogique\\\/#breadcrumb\",\"itemListElement\":[{\"@type\":\"ListItem\",\"position\":1,\"name\":\"Home\",\"item\":\"https:\\\/\\\/www.apres-lecole.fr\\\/Blog\\\/\"},{\"@type\":\"ListItem\",\"position\":2,\"name\":\"\u00c9cole 89 : un mod\u00e8le d&rsquo;innovation p\u00e9dagogique en 2025\"}]},{\"@type\":\"WebSite\",\"@id\":\"https:\\\/\\\/www.apres-lecole.fr\\\/Blog\\\/#website\",\"url\":\"https:\\\/\\\/www.apres-lecole.fr\\\/Blog\\\/\",\"name\":\"\",\"description\":\"M\u00e9dia g\u00e9n\u00e9raliste\",\"potentialAction\":[{\"@type\":\"SearchAction\",\"target\":{\"@type\":\"EntryPoint\",\"urlTemplate\":\"https:\\\/\\\/www.apres-lecole.fr\\\/Blog\\\/?s={search_term_string}\"},\"query-input\":{\"@type\":\"PropertyValueSpecification\",\"valueRequired\":true,\"valueName\":\"search_term_string\"}}],\"inLanguage\":\"fr-FR\"},{\"@type\":\"Person\",\"@id\":\"\",\"url\":\"https:\\\/\\\/www.apres-lecole.fr\\\/Blog\\\/author\\\/\"}]}<\/script>\n<!-- \/ Yoast SEO plugin. -->","yoast_head_json":{"title":"\u00c9cole 89 : L\u2019avant-garde p\u00e9dagogique de 2025","description":"D\u00e9couvrez comment \u00c9cole 89 r\u00e9volutionne l'apprentissage en 2025 avec des m\u00e9thodes innovantes et une p\u00e9dagogie centr\u00e9e sur l'\u00e9l\u00e8ve.","robots":{"index":"index","follow":"follow","max-snippet":"max-snippet:-1","max-image-preview":"max-image-preview:large","max-video-preview":"max-video-preview:-1"},"canonical":"https:\/\/www.apres-lecole.fr\/Blog\/ecole-89-innovation-pedagogique\/","og_locale":"fr_FR","og_type":"article","og_title":"\u00c9cole 89 : L\u2019avant-garde p\u00e9dagogique de 2025","og_description":"D\u00e9couvrez comment \u00c9cole 89 r\u00e9volutionne l'apprentissage en 2025 avec des m\u00e9thodes innovantes et une p\u00e9dagogie centr\u00e9e sur l'\u00e9l\u00e8ve.","og_url":"https:\/\/www.apres-lecole.fr\/Blog\/ecole-89-innovation-pedagogique\/","article_published_time":"2025-09-12T06:35:32+00:00","og_image":[{"width":1344,"height":768,"url":"https:\/\/www.apres-lecole.fr\/Blog\/wp-content\/uploads\/2025\/09\/Ecole-89-un-modele-dinnovation-pedagogique-en-2025.jpg","type":"image\/jpeg"}],"twitter_card":"summary_large_image","twitter_misc":{"\u00c9crit par":"","Dur\u00e9e de lecture estim\u00e9e":"7 minutes"},"schema":{"@context":"https:\/\/schema.org","@graph":[{"@type":"Article","@id":"https:\/\/www.apres-lecole.fr\/Blog\/ecole-89-innovation-pedagogique\/#article","isPartOf":{"@id":"https:\/\/www.apres-lecole.fr\/Blog\/ecole-89-innovation-pedagogique\/"},"author":{"name":"","@id":""},"headline":"\u00c9cole 89 : un mod\u00e8le d&rsquo;innovation p\u00e9dagogique en 2025","datePublished":"2025-09-12T06:35:32+00:00","mainEntityOfPage":{"@id":"https:\/\/www.apres-lecole.fr\/Blog\/ecole-89-innovation-pedagogique\/"},"wordCount":1475,"commentCount":0,"image":{"@id":"https:\/\/www.apres-lecole.fr\/Blog\/ecole-89-innovation-pedagogique\/#primaryimage"},"thumbnailUrl":"https:\/\/www.apres-lecole.fr\/Blog\/wp-content\/uploads\/2025\/09\/Ecole-89-un-modele-dinnovation-pedagogique-en-2025.jpg","keywords":["\u00e9cole 89","innovation p\u00e9dagogique","mod\u00e8le \u00e9ducatif","r\u00e9forme scolaire"],"articleSection":["Actualit\u00e9s"],"inLanguage":"fr-FR","potentialAction":[{"@type":"CommentAction","name":"Comment","target":["https:\/\/www.apres-lecole.fr\/Blog\/ecole-89-innovation-pedagogique\/#respond"]}]},{"@type":"WebPage","@id":"https:\/\/www.apres-lecole.fr\/Blog\/ecole-89-innovation-pedagogique\/","url":"https:\/\/www.apres-lecole.fr\/Blog\/ecole-89-innovation-pedagogique\/","name":"\u00c9cole 89 : L\u2019avant-garde p\u00e9dagogique de 2025","isPartOf":{"@id":"https:\/\/www.apres-lecole.fr\/Blog\/#website"},"primaryImageOfPage":{"@id":"https:\/\/www.apres-lecole.fr\/Blog\/ecole-89-innovation-pedagogique\/#primaryimage"},"image":{"@id":"https:\/\/www.apres-lecole.fr\/Blog\/ecole-89-innovation-pedagogique\/#primaryimage"},"thumbnailUrl":"https:\/\/www.apres-lecole.fr\/Blog\/wp-content\/uploads\/2025\/09\/Ecole-89-un-modele-dinnovation-pedagogique-en-2025.jpg","datePublished":"2025-09-12T06:35:32+00:00","author":{"@id":""},"description":"D\u00e9couvrez comment \u00c9cole 89 r\u00e9volutionne l'apprentissage en 2025 avec des m\u00e9thodes innovantes et une p\u00e9dagogie centr\u00e9e sur l'\u00e9l\u00e8ve.","breadcrumb":{"@id":"https:\/\/www.apres-lecole.fr\/Blog\/ecole-89-innovation-pedagogique\/#breadcrumb"},"inLanguage":"fr-FR","potentialAction":[{"@type":"ReadAction","target":["https:\/\/www.apres-lecole.fr\/Blog\/ecole-89-innovation-pedagogique\/"]}]},{"@type":"ImageObject","inLanguage":"fr-FR","@id":"https:\/\/www.apres-lecole.fr\/Blog\/ecole-89-innovation-pedagogique\/#primaryimage","url":"https:\/\/www.apres-lecole.fr\/Blog\/wp-content\/uploads\/2025\/09\/Ecole-89-un-modele-dinnovation-pedagogique-en-2025.jpg","contentUrl":"https:\/\/www.apres-lecole.fr\/Blog\/wp-content\/uploads\/2025\/09\/Ecole-89-un-modele-dinnovation-pedagogique-en-2025.jpg","width":1344,"height":768,"caption":"d\u00e9couvrez comment l'\u00e9cole 89 se distingue en 2025 avec son approche innovante de l'enseignement, m\u00ealant technologies de pointe, projets concrets et p\u00e9dagogie active pour former les talents de demain."},{"@type":"BreadcrumbList","@id":"https:\/\/www.apres-lecole.fr\/Blog\/ecole-89-innovation-pedagogique\/#breadcrumb","itemListElement":[{"@type":"ListItem","position":1,"name":"Home","item":"https:\/\/www.apres-lecole.fr\/Blog\/"},{"@type":"ListItem","position":2,"name":"\u00c9cole 89 : un mod\u00e8le d&rsquo;innovation p\u00e9dagogique en 2025"}]},{"@type":"WebSite","@id":"https:\/\/www.apres-lecole.fr\/Blog\/#website","url":"https:\/\/www.apres-lecole.fr\/Blog\/","name":"","description":"M\u00e9dia g\u00e9n\u00e9raliste","potentialAction":[{"@type":"SearchAction","target":{"@type":"EntryPoint","urlTemplate":"https:\/\/www.apres-lecole.fr\/Blog\/?s={search_term_string}"},"query-input":{"@type":"PropertyValueSpecification","valueRequired":true,"valueName":"search_term_string"}}],"inLanguage":"fr-FR"},{"@type":"Person","@id":"","url":"https:\/\/www.apres-lecole.fr\/Blog\/author\/"}]}},"views":12,"_links":{"self":[{"href":"https:\/\/www.apres-lecole.fr\/Blog\/wp-json\/wp\/v2\/posts\/2315","targetHints":{"allow":["GET"]}}],"collection":[{"href":"https:\/\/www.apres-lecole.fr\/Blog\/wp-json\/wp\/v2\/posts"}],"about":[{"href":"https:\/\/www.apres-lecole.fr\/Blog\/wp-json\/wp\/v2\/types\/post"}],"author":[{"embeddable":true,"href":"https:\/\/www.apres-lecole.fr\/Blog\/wp-json\/wp\/v2\/users\/7"}],"replies":[{"embeddable":true,"href":"https:\/\/www.apres-lecole.fr\/Blog\/wp-json\/wp\/v2\/comments?post=2315"}],"version-history":[{"count":0,"href":"https:\/\/www.apres-lecole.fr\/Blog\/wp-json\/wp\/v2\/posts\/2315\/revisions"}],"wp:featuredmedia":[{"embeddable":true,"href":"https:\/\/www.apres-lecole.fr\/Blog\/wp-json\/wp\/v2\/media\/2314"}],"wp:attachment":[{"href":"https:\/\/www.apres-lecole.fr\/Blog\/wp-json\/wp\/v2\/media?parent=2315"}],"wp:term":[{"taxonomy":"category","embeddable":true,"href":"https:\/\/www.apres-lecole.fr\/Blog\/wp-json\/wp\/v2\/categories?post=2315"},{"taxonomy":"post_tag","embeddable":true,"href":"https:\/\/www.apres-lecole.fr\/Blog\/wp-json\/wp\/v2\/tags?post=2315"}],"curies":[{"name":"wp","href":"https:\/\/api.w.org\/{rel}","templated":true}]}}